{"id":860,"date":"2012-06-12T12:15:08","date_gmt":"2012-06-12T10:15:08","guid":{"rendered":"http:\/\/alqueriaamarillanaranja.wordpress.com\/?p=860"},"modified":"2014-02-24T12:38:54","modified_gmt":"2014-02-24T12:38:54","slug":"un-fantasma-con-asma","status":"publish","type":"post","link":"https:\/\/www.alqueria.es\/blogs\/alqueriaamarillanaranja\/2012\/06\/12\/un-fantasma-con-asma\/","title":{"rendered":"\u00abUN FANTASMA CON ASMA\u00bb"},"content":{"rendered":"<p>Estos son los temas que tratamos hoy en nuestra asamblea inicial:<\/p>\n<p>&#8211; Comprobamos en nuestro cartel que hoy es martes, y cantamos la canci\u00f3n de \u00ablos d\u00edas de la semana\u00bb.<\/p>\n<p>&#8211; Nombramos a nuestra \u00absuper-ayudante\u00bb de hoy y le colocamos su pa\u00f1uelo naranja que la identifica (ha sido el turno de Irene).<\/p>\n<p>&#8211; Cantamos la canci\u00f3n de \u00abLa primavera\u00bb y buscamos cosas relacionadas con esta estaci\u00f3n y canciones que conozcamos sobre ellas (cantamos \u00abC\u00f3mo planta usted las flores\u00bb y \u00abLas hormigas van de paseo\u00bb.<\/p>\n<p>&#8211; Repasamos la organizaci\u00f3n de actividades que tenemos programadas para el d\u00eda de hoy: vamos a jugar (coches, beb\u00e9s y animales) y mientras tanto iremos llamando a algunos ni\u00f1os\/as para realizar el taller de pintura que comenzamos ayer.<\/p>\n<p><a href=\"http:\/\/alqueriaamarillanaranja.files.wordpress.com\/2012\/06\/dibujos-de-fantasmas-para-colorear1.jpg\"><img decoding=\"async\" data-attachment-id=\"861\" data-permalink=\"https:\/\/www.alqueria.es\/blogs\/alqueriaamarillanaranja\/dibujos-de-fantasmas-para-colorear1\/\" data-orig-file=\"https:\/\/www.alqueria.es\/blogs\/alqueriaamarillanaranja\/wp-content\/uploads\/sites\/9\/2012\/06\/dibujos-de-fantasmas-para-colorear1.jpg\" data-orig-size=\"450,269\" data-comments-opened=\"1\" data-image-meta=\"{&quot;aperture&quot;:&quot;0&quot;,&quot;credit&quot;:&quot;&quot;,&quot;camera&quot;:&quot;&quot;,&quot;caption&quot;:&quot;&quot;,&quot;created_timestamp&quot;:&quot;0&quot;,&quot;copyright&quot;:&quot;&quot;,&quot;focal_length&quot;:&quot;0&quot;,&quot;iso&quot;:&quot;0&quot;,&quot;shutter_speed&quot;:&quot;0&quot;,&quot;title&quot;:&quot;&quot;}\" data-image-title=\"dibujos-de-fantasmas-para-colorear[1]\" data-image-description=\"\" data-image-caption=\"\" data-large-file=\"https:\/\/www.alqueria.es\/blogs\/alqueriaamarillanaranja\/wp-content\/uploads\/sites\/9\/2012\/06\/dibujos-de-fantasmas-para-colorear1.jpg\" class=\"alignleft size-medium wp-image-861\" title=\"dibujos-de-fantasmas-para-colorear[1]\" src=\"https:\/\/cloud.alqueria.es\/wp-content\/uploads\/sites\/9\/2012\/06\/dibujos-de-fantasmas-para-colorear11.jpg\" alt=\"\" width=\"300\" height=\"179\" \/><\/a>Durante la asamblea de\u00a0comunicaci\u00f3n hablamos de c\u00f3mo ha ido el juego de la ma\u00f1ana, comemos una sand\u00eda riqu\u00edsima y aprovechamos este momento de relax para leer el cuento \u00abUn fantasma con asma\u00bb (que compramos con motivo del d\u00eda del libro). Es la historia de un fantasma que cree estar resfriado y que el m\u00e9dico descubre que lo que sufre es de soledad as\u00ed que le receta viajar a un castillo\u00a0lleno de fantasmas que le dan el cari\u00f1o que \u00e9l necesita para ponerse bueno. Es una historia muy graciosa que les ha gustado mucho.<\/p>\n<p>En la clase de ingl\u00e9s el grupo\u00a0se divide en dos, un grupo visita el aula de ingl\u00e9s para ver un v\u00eddeo mientras el otro permanece en\u00a0nuestra clase realizando un taller con pintura de\u00a0dedos (ma\u00f1ana se invertir\u00e1n los grupos). Lo pasan genial.<\/p>\n<p>Despu\u00e9s salimos un ratito al patio y disfrutamos de los juegos al aire libre antes de la comida.<\/p>\n<p>\u00a1Hasta ma\u00f1ana!<\/p>\n<p style=\"text-align:right\">Loli G\u00e1lvez<\/p>\n","protected":false},"excerpt":{"rendered":"<p>Estos son los temas que tratamos hoy en nuestra asamblea inicial: &#8211; Comprobamos en nuestro cartel que hoy es martes, y cantamos la canci\u00f3n de \u00ablos d\u00edas de la semana\u00bb. &#8211; Nombramos a nuestra \u00absuper-ayudante\u00bb de hoy y le colocamos su pa\u00f1uelo naranja que la identifica (ha sido el turno de Irene). &#8211; Cantamos la &hellip; <a href=\"https:\/\/www.alqueria.es\/blogs\/alqueriaamarillanaranja\/2012\/06\/12\/un-fantasma-con-asma\/\" class=\"more-link\">Seguir leyendo <span class=\"screen-reader-text\">\u00abUN FANTASMA CON ASMA\u00bb<\/span> <span class=\"meta-nav\">&rarr;<\/span><\/a><\/p>\n","protected":false},"author":20,"featured_media":0,"comment_status":"open","ping_status":"open","sticky":false,"template":"","format":"standard","meta":{"jetpack_post_was_ever_published":false,"_jetpack_newsletter_access":"","_jetpack_dont_email_post_to_subs":false,"_jetpack_newsletter_tier_id":0,"_jetpack_memberships_contains_paywalled_content":false,"_jetpack_memberships_contains_paid_content":false,"footnotes":"","jetpack_publicize_message":"","jetpack_publicize_feature_enabled":true,"jetpack_social_post_already_shared":true,"jetpack_social_options":{"image_generator_settings":{"template":"highway","default_image_id":0,"font":"","enabled":false},"version":2}},"categories":[7,8],"tags":[],"class_list":["post-860","post","type-post","status-publish","format-standard","hentry","category-clase-naranja","category-diario"],"jetpack_publicize_connections":[],"jetpack_featured_media_url":"","jetpack_sharing_enabled":true,"jetpack_shortlink":"https:\/\/wp.me\/p4lG08-dS","jetpack-related-posts":[],"_links":{"self":[{"href":"https:\/\/www.alqueria.es\/blogs\/alqueriaamarillanaranja\/wp-json\/wp\/v2\/posts\/860","targetHints":{"allow":["GET"]}}],"collection":[{"href":"https:\/\/www.alqueria.es\/blogs\/alqueriaamarillanaranja\/wp-json\/wp\/v2\/posts"}],"about":[{"href":"https:\/\/www.alqueria.es\/blogs\/alqueriaamarillanaranja\/wp-json\/wp\/v2\/types\/post"}],"author":[{"embeddable":true,"href":"https:\/\/www.alqueria.es\/blogs\/alqueriaamarillanaranja\/wp-json\/wp\/v2\/users\/20"}],"replies":[{"embeddable":true,"href":"https:\/\/www.alqueria.es\/blogs\/alqueriaamarillanaranja\/wp-json\/wp\/v2\/comments?post=860"}],"version-history":[{"count":0,"href":"https:\/\/www.alqueria.es\/blogs\/alqueriaamarillanaranja\/wp-json\/wp\/v2\/posts\/860\/revisions"}],"wp:attachment":[{"href":"https:\/\/www.alqueria.es\/blogs\/alqueriaamarillanaranja\/wp-json\/wp\/v2\/media?parent=860"}],"wp:term":[{"taxonomy":"category","embeddable":true,"href":"https:\/\/www.alqueria.es\/blogs\/alqueriaamarillanaranja\/wp-json\/wp\/v2\/categories?post=860"},{"taxonomy":"post_tag","embeddable":true,"href":"https:\/\/www.alqueria.es\/blogs\/alqueriaamarillanaranja\/wp-json\/wp\/v2\/tags?post=860"}],"curies":[{"name":"wp","href":"https:\/\/api.w.org\/{rel}","templated":true}]}}