{"id":922,"date":"2012-06-22T08:00:56","date_gmt":"2012-06-22T06:00:56","guid":{"rendered":"http:\/\/alqueriaamarillanaranja.wordpress.com\/?p=922"},"modified":"2014-02-24T12:39:15","modified_gmt":"2014-02-24T12:39:15","slug":"fin-de-curso-para-el-grupo-naranja","status":"publish","type":"post","link":"https:\/\/www.alqueria.es\/blogs\/alqueriaamarillanaranja\/2012\/06\/22\/fin-de-curso-para-el-grupo-naranja\/","title":{"rendered":"FIN DE CURSO PARA EL GRUPO NARANJA"},"content":{"rendered":"<p><a href=\"http:\/\/alqueriaamarillanaranja.files.wordpress.com\/2012\/06\/la-foto-7027971.jpg\"><img decoding=\"async\" data-attachment-id=\"927\" data-permalink=\"https:\/\/www.alqueria.es\/blogs\/alqueriaamarillanaranja\/la-foto-7027971\/\" data-orig-file=\"https:\/\/www.alqueria.es\/blogs\/alqueriaamarillanaranja\/wp-content\/uploads\/sites\/9\/2012\/06\/la-foto-7027971.jpg\" data-orig-size=\"1024,764\" data-comments-opened=\"1\" data-image-meta=\"{&quot;aperture&quot;:&quot;0&quot;,&quot;credit&quot;:&quot;&quot;,&quot;camera&quot;:&quot;&quot;,&quot;caption&quot;:&quot;&quot;,&quot;created_timestamp&quot;:&quot;0&quot;,&quot;copyright&quot;:&quot;&quot;,&quot;focal_length&quot;:&quot;0&quot;,&quot;iso&quot;:&quot;0&quot;,&quot;shutter_speed&quot;:&quot;0&quot;,&quot;title&quot;:&quot;&quot;}\" data-image-title=\"la foto-702797[1]\" data-image-description=\"\" data-image-caption=\"\" data-large-file=\"https:\/\/www.alqueria.es\/blogs\/alqueriaamarillanaranja\/wp-content\/uploads\/sites\/9\/2012\/06\/la-foto-7027971-1024x764.jpg\" class=\"alignleft size-medium wp-image-927\" title=\"la foto-702797[1]\" src=\"https:\/\/cloud.alqueria.es\/wp-content\/uploads\/sites\/9\/2012\/06\/la-foto-70279711.jpg\" alt=\"\" width=\"300\" height=\"224\" \/><\/a>Como habreis comprobado esta semana ha sido muy tranquila, como ya os anunci\u00e9 el viernes, hemos dedicado estos d\u00edas a la recogida del aula. Las propuestas de juego han sido poco variadas, b\u00e1sicamente han jugado a beb\u00e9s, coches (todos los chicos est\u00e1n encantados&#8230;), dinosaurios y construcciones. Los m\u00e1s \u00abapa\u00f1aillos\u00bb me han ayudado a transportar juguetes hasta la habitaci\u00f3n del lavavajillas para lavarlos.<\/p>\n<p>El martes celebramos el cumplea\u00f1os de Ana (en realidad ser\u00e1 este verano, pero ha querido celebrarlo con nosotros). Trajo un bizcocho delicioso, globos y hasta pegatinas para repartir&#8230;.\u00a1qu\u00e9 bien!, les han encantado.<\/p>\n<p>Y yo&#8230;. toda la semana entre el lavavajillas, las carpetas, el power point, los documentos de aula&#8230;..\u00a1uf, y el calor!, vaya semanita.<\/p>\n<p>El jueves entrega de carpetas y \u00abnotas\u00bb, todos se van a casa tan contentos con sus trabajos, les hace mucha ilusi\u00f3n. Es muy importante que compartais este momento con vuestros hijos con tranquilidad, dejad que sean ellos los que se expresen, los que cuenten todo lo que han hecho en clase (cada trabajo tiene su historia). Debeis valorar la importancia que tiene para ellos.<\/p>\n<p>Tambi\u00e9n llevais un disco con una presentaci\u00f3n de fotograf\u00edas con la que he intentado hacer un recorrido por todo el curso; espero que con estas im\u00e1genes podais haceros una idea de c\u00f3mo ha sido el trabajo en nuestra aula, la implicaci\u00f3n de los ni\u00f1os y la ilusi\u00f3n con la que viven todas las actividades en las que participan.<\/p>\n<p>Y hoy viernes, nos despedimos&#8230;.. S\u00e9 que os da mucha pena dejar de verme a diario, del madrugar, del \u00abni\u00f1o desayuna r\u00e1pido que llegamos tarde a la asamblea\u00bb, de que se duerma tu hijo en el coche a las cinco y media&#8230;&#8230;., a m\u00ed tambi\u00e9n me da mucha pereza que lleguen las vacaciones, pero qu\u00e9 vamos a hacer, tendremos que irnos a la playa&#8230;&#8230;..<\/p>\n<p>Ahora en serio, tengo que deciros que este a\u00f1o he disfrutado much\u00edsimo trabajando con vuestros hijos e hijas; hemos tenido momentos divertidos, momentos de lloros, de consuelo, de \u00abrega\u00f1o\u00bb, un poco de todo. Ha sido un curso lleno de\u00a0actividades muy diversas\u00a0y creo que todos hemos aprendido, grandes y peque\u00f1os, en nuestro d\u00eda a d\u00eda. Tambi\u00e9n la relaci\u00f3n con las familias para m\u00ed ha sido muy positiva, creo que formais un gran grupo.<\/p>\n<p>El curso que viene nuestros ni\u00f1os y ni\u00f1as se habr\u00e1n convertido en \u00abrojitos\u00bb y tendr\u00e1n por delante muchos otros retos por superar, seguro que los afrontar\u00e1n con el mismo entusiasmo que lo han hecho este a\u00f1o. \u00a1Qu\u00e9 ilusi\u00f3n verlos crecer!<\/p>\n<p>Os deseo a todos un verano fant\u00e1stico, pasadlo muy bien, en septiembre os esperamos a todos en nuestro \u00abcole\u00bb con todo preparado para vivir nuevas aventuras.<\/p>\n<p><a href=\"http:\/\/alqueriaamarillanaranja.files.wordpress.com\/2012\/06\/feliz_verano1.jpg\"><img decoding=\"async\" data-attachment-id=\"928\" data-permalink=\"https:\/\/www.alqueria.es\/blogs\/alqueriaamarillanaranja\/2024\/06\/03\/campus-de-verano-ciclo-0-3-anos\/feliz_verano1\/\" data-orig-file=\"https:\/\/www.alqueria.es\/blogs\/alqueriaamarillanaranja\/wp-content\/uploads\/sites\/9\/2012\/06\/feliz_verano1.jpg\" data-orig-size=\"400,274\" data-comments-opened=\"1\" data-image-meta=\"{&quot;aperture&quot;:&quot;0&quot;,&quot;credit&quot;:&quot;&quot;,&quot;camera&quot;:&quot;&quot;,&quot;caption&quot;:&quot;&quot;,&quot;created_timestamp&quot;:&quot;0&quot;,&quot;copyright&quot;:&quot;&quot;,&quot;focal_length&quot;:&quot;0&quot;,&quot;iso&quot;:&quot;0&quot;,&quot;shutter_speed&quot;:&quot;0&quot;,&quot;title&quot;:&quot;&quot;}\" data-image-title=\"feliz_verano[1]\" data-image-description=\"\" data-image-caption=\"\" data-large-file=\"https:\/\/www.alqueria.es\/blogs\/alqueriaamarillanaranja\/wp-content\/uploads\/sites\/9\/2012\/06\/feliz_verano1.jpg\" class=\"aligncenter size-medium wp-image-928\" title=\"feliz_verano[1]\" src=\"https:\/\/cloud.alqueria.es\/wp-content\/uploads\/sites\/9\/2012\/06\/feliz_verano11.jpg\" alt=\"\" width=\"300\" height=\"205\" \/><\/a><\/p>\n<p style=\"text-align:right\">Loli G\u00e1lvez<\/p>\n","protected":false},"excerpt":{"rendered":"<p>Como habreis comprobado esta semana ha sido muy tranquila, como ya os anunci\u00e9 el viernes, hemos dedicado estos d\u00edas a la recogida del aula. Las propuestas de juego han sido poco variadas, b\u00e1sicamente han jugado a beb\u00e9s, coches (todos los chicos est\u00e1n encantados&#8230;), dinosaurios y construcciones. Los m\u00e1s \u00abapa\u00f1aillos\u00bb me han ayudado a transportar juguetes &hellip; <a href=\"https:\/\/www.alqueria.es\/blogs\/alqueriaamarillanaranja\/2012\/06\/22\/fin-de-curso-para-el-grupo-naranja\/\" class=\"more-link\">Seguir leyendo <span class=\"screen-reader-text\">FIN DE CURSO PARA EL GRUPO NARANJA<\/span> <span class=\"meta-nav\">&rarr;<\/span><\/a><\/p>\n","protected":false},"author":20,"featured_media":0,"comment_status":"open","ping_status":"open","sticky":false,"template":"","format":"standard","meta":{"jetpack_post_was_ever_published":false,"_jetpack_newsletter_access":"","_jetpack_dont_email_post_to_subs":false,"_jetpack_newsletter_tier_id":0,"_jetpack_memberships_contains_paywalled_content":false,"_jetpack_memberships_contains_paid_content":false,"footnotes":"","jetpack_publicize_message":"","jetpack_publicize_feature_enabled":true,"jetpack_social_post_already_shared":true,"jetpack_social_options":{"image_generator_settings":{"template":"highway","default_image_id":0,"font":"","enabled":false},"version":2}},"categories":[7,8],"tags":[],"class_list":["post-922","post","type-post","status-publish","format-standard","hentry","category-clase-naranja","category-diario"],"jetpack_publicize_connections":[],"jetpack_featured_media_url":"","jetpack_sharing_enabled":true,"jetpack_shortlink":"https:\/\/wp.me\/p4lG08-eS","jetpack-related-posts":[],"_links":{"self":[{"href":"https:\/\/www.alqueria.es\/blogs\/alqueriaamarillanaranja\/wp-json\/wp\/v2\/posts\/922","targetHints":{"allow":["GET"]}}],"collection":[{"href":"https:\/\/www.alqueria.es\/blogs\/alqueriaamarillanaranja\/wp-json\/wp\/v2\/posts"}],"about":[{"href":"https:\/\/www.alqueria.es\/blogs\/alqueriaamarillanaranja\/wp-json\/wp\/v2\/types\/post"}],"author":[{"embeddable":true,"href":"https:\/\/www.alqueria.es\/blogs\/alqueriaamarillanaranja\/wp-json\/wp\/v2\/users\/20"}],"replies":[{"embeddable":true,"href":"https:\/\/www.alqueria.es\/blogs\/alqueriaamarillanaranja\/wp-json\/wp\/v2\/comments?post=922"}],"version-history":[{"count":0,"href":"https:\/\/www.alqueria.es\/blogs\/alqueriaamarillanaranja\/wp-json\/wp\/v2\/posts\/922\/revisions"}],"wp:attachment":[{"href":"https:\/\/www.alqueria.es\/blogs\/alqueriaamarillanaranja\/wp-json\/wp\/v2\/media?parent=922"}],"wp:term":[{"taxonomy":"category","embeddable":true,"href":"https:\/\/www.alqueria.es\/blogs\/alqueriaamarillanaranja\/wp-json\/wp\/v2\/categories?post=922"},{"taxonomy":"post_tag","embeddable":true,"href":"https:\/\/www.alqueria.es\/blogs\/alqueriaamarillanaranja\/wp-json\/wp\/v2\/tags?post=922"}],"curies":[{"name":"wp","href":"https:\/\/api.w.org\/{rel}","templated":true}]}}