{"id":9753,"date":"2014-03-04T14:44:21","date_gmt":"2014-03-04T14:44:21","guid":{"rendered":"https:\/\/www.alqueria.es\/blogs\/alqueriaamarillanaranja\/?p=9753"},"modified":"2014-03-04T15:44:42","modified_gmt":"2014-03-04T15:44:42","slug":"comenzamos-la-propuesta-de-la-granja","status":"publish","type":"post","link":"https:\/\/www.alqueria.es\/blogs\/alqueriaamarillanaranja\/2014\/03\/04\/comenzamos-la-propuesta-de-la-granja\/","title":{"rendered":"Comenzamos la propuesta de \u00abLa granja\u00bb"},"content":{"rendered":"<p><a href=\"https:\/\/cloud.alqueria.es\/wp-content\/uploads\/sites\/9\/2014\/03\/descarga-8.jpg\"><img decoding=\"async\" data-attachment-id=\"9765\" data-permalink=\"https:\/\/www.alqueria.es\/blogs\/alqueriaamarillanaranja\/2014\/03\/04\/comenzamos-la-propuesta-de-la-granja\/descarga-8-2\/\" data-orig-file=\"https:\/\/www.alqueria.es\/blogs\/alqueriaamarillanaranja\/wp-content\/uploads\/sites\/9\/2014\/03\/descarga-8.jpg\" data-orig-size=\"235,214\" data-comments-opened=\"1\" data-image-meta=\"{&quot;aperture&quot;:&quot;0&quot;,&quot;credit&quot;:&quot;&quot;,&quot;camera&quot;:&quot;&quot;,&quot;caption&quot;:&quot;&quot;,&quot;created_timestamp&quot;:&quot;0&quot;,&quot;copyright&quot;:&quot;&quot;,&quot;focal_length&quot;:&quot;0&quot;,&quot;iso&quot;:&quot;0&quot;,&quot;shutter_speed&quot;:&quot;0&quot;,&quot;title&quot;:&quot;&quot;}\" data-image-title=\"descarga (8)\" data-image-description=\"\" data-image-caption=\"\" data-large-file=\"https:\/\/www.alqueria.es\/blogs\/alqueriaamarillanaranja\/wp-content\/uploads\/sites\/9\/2014\/03\/descarga-8.jpg\" class=\"alignleft  wp-image-9765\" alt=\"descarga (8)\" src=\"https:\/\/cloud.alqueria.es\/wp-content\/uploads\/sites\/9\/2014\/03\/descarga-8.jpg\" width=\"212\" height=\"193\" \/><\/a>Hoy nos tomamos la ma\u00f1ana con tranquilidad&#8230;&#8230;.necesitamos casi, casi una adaptaci\u00f3n despu\u00e9s de tantos d\u00edas sin cole.<\/p>\n<p>En la asamblea hemos le\u00eddo el cuento \u00abLa granja al dedillo\u00bb que nos ha prestado nuestro amigo Oliver. El tema de los animales de la granja les apasiona, as\u00ed que hemos estado hablando de la peque\u00f1a granja que tenemos en el cole:<a href=\"https:\/\/cloud.alqueria.es\/wp-content\/uploads\/sites\/9\/2014\/03\/images-12.jpg\"><img decoding=\"async\" data-attachment-id=\"9766\" data-permalink=\"https:\/\/www.alqueria.es\/blogs\/alqueriaamarillanaranja\/2014\/03\/04\/comenzamos-la-propuesta-de-la-granja\/images-12-4\/\" data-orig-file=\"https:\/\/www.alqueria.es\/blogs\/alqueriaamarillanaranja\/wp-content\/uploads\/sites\/9\/2014\/03\/images-12.jpg\" data-orig-size=\"134,126\" data-comments-opened=\"1\" data-image-meta=\"{&quot;aperture&quot;:&quot;0&quot;,&quot;credit&quot;:&quot;&quot;,&quot;camera&quot;:&quot;&quot;,&quot;caption&quot;:&quot;&quot;,&quot;created_timestamp&quot;:&quot;0&quot;,&quot;copyright&quot;:&quot;&quot;,&quot;focal_length&quot;:&quot;0&quot;,&quot;iso&quot;:&quot;0&quot;,&quot;shutter_speed&quot;:&quot;0&quot;,&quot;title&quot;:&quot;&quot;}\" data-image-title=\"images (12)\" data-image-description=\"\" data-image-caption=\"\" data-large-file=\"https:\/\/www.alqueria.es\/blogs\/alqueriaamarillanaranja\/wp-content\/uploads\/sites\/9\/2014\/03\/images-12.jpg\" class=\"alignright size-full wp-image-9766\" alt=\"images (12)\" src=\"https:\/\/cloud.alqueria.es\/wp-content\/uploads\/sites\/9\/2014\/03\/images-12.jpg\" width=\"134\" height=\"126\" \/><\/a><\/p>\n<p>&#8211; \u00bfqu\u00e9 animales tenemos?<\/p>\n<p>&#8211; \u00bfcu\u00e1les son sus partes del cuerpo?<\/p>\n<p>&#8211; \u00bfqu\u00e9 sonidos producen?&#8230;&#8230;.lo hemos pasado muy bien imit\u00e1ndolos.<\/p>\n<p><a href=\"https:\/\/cloud.alqueria.es\/wp-content\/uploads\/sites\/9\/2014\/03\/images-14.jpg\"><img decoding=\"async\" data-attachment-id=\"9767\" data-permalink=\"https:\/\/www.alqueria.es\/blogs\/alqueriaamarillanaranja\/2014\/03\/04\/comenzamos-la-propuesta-de-la-granja\/images-14-3\/\" data-orig-file=\"https:\/\/www.alqueria.es\/blogs\/alqueriaamarillanaranja\/wp-content\/uploads\/sites\/9\/2014\/03\/images-14.jpg\" data-orig-size=\"225,224\" data-comments-opened=\"1\" data-image-meta=\"{&quot;aperture&quot;:&quot;0&quot;,&quot;credit&quot;:&quot;&quot;,&quot;camera&quot;:&quot;&quot;,&quot;caption&quot;:&quot;&quot;,&quot;created_timestamp&quot;:&quot;0&quot;,&quot;copyright&quot;:&quot;&quot;,&quot;focal_length&quot;:&quot;0&quot;,&quot;iso&quot;:&quot;0&quot;,&quot;shutter_speed&quot;:&quot;0&quot;,&quot;title&quot;:&quot;&quot;}\" data-image-title=\"images (14)\" data-image-description=\"\" data-image-caption=\"\" data-large-file=\"https:\/\/www.alqueria.es\/blogs\/alqueriaamarillanaranja\/wp-content\/uploads\/sites\/9\/2014\/03\/images-14.jpg\" class=\"alignleft  wp-image-9767\" alt=\"images (14)\" src=\"https:\/\/cloud.alqueria.es\/wp-content\/uploads\/sites\/9\/2014\/03\/images-14.jpg\" width=\"135\" height=\"134\" srcset=\"https:\/\/www.alqueria.es\/blogs\/alqueriaamarillanaranja\/wp-content\/uploads\/sites\/9\/2014\/03\/images-14.jpg 225w, https:\/\/www.alqueria.es\/blogs\/alqueriaamarillanaranja\/wp-content\/uploads\/sites\/9\/2014\/03\/images-14-150x150.jpg 150w\" sizes=\"(max-width: 135px) 100vw, 135px\" \/><\/a>Despu\u00e9s, cuando bajamos al patio, visitamos nuestro gallinero y observamos de cerca la morfolog\u00eda de las gallinas y de los conejos. \u00a1Les encantan!<\/p>\n<p>Adem\u00e1s, durante la comida, hemos estado escuchando la canci\u00f3n de \u00abLa gallina Turuleca\u00bb que es gracios\u00edsima y les ha gustado mucho, no pod\u00edan evitar seguir el ritmo con las manos y con la cabeza. Algunos ya la conoc\u00edan, pero para otros era totalmente nueva. Aqu\u00ed os la pongo para que pod\u00e1is disfrutarla en casa.<\/p>\n<p><span class=\"embed-youtube\" style=\"text-align:center; display: block;\"><div class=\"a25-CTUOC-hidding-box\" data-original-content=\"&lt;iframe loading=&quot;lazy&quot; class=&quot;youtube-player&quot; width=&quot;474&quot; height=&quot;267&quot; src=&quot;https:\/\/www.youtube.com\/embed\/HnhKQPy6HF0?version=3&amp;#038;rel=1&amp;#038;showsearch=0&amp;#038;showinfo=1&amp;#038;iv_load_policy=1&amp;#038;fs=1&amp;#038;hl=es-ES&amp;#038;autohide=2&amp;#038;wmode=transparent&quot; allowfullscreen=&quot;true&quot; style=&quot;border:0;&quot; sandbox=&quot;allow-scripts allow-same-origin allow-popups allow-presentation allow-popups-to-escape-sandbox&quot;&gt;&lt;\/iframe&gt;\">Esta p\u00e1gina incluye contenido multimedia que requiere aceptar todas las cookies. Pulse aqu\u00ed para abrir la configuraci\u00f3n de cookies.<\/div><\/span><\/p>\n<p>Creo que este va a ser un tema que \u00abnos va a dar bastante juego\u00bb. Durante la pr\u00f3xima semana dedicaremos nuestras sesiones de juego a esta propuesta, y en las asambleas iremos investigando para conocer m\u00e1s cosas de los animales de la granja. Como siempre, pod\u00e9is aportar todo aquello que cre\u00e1is que puede ser interesante: fotograf\u00edas, v\u00eddeos, revistas, cuentos, mu\u00f1ecos&#8230;&#8230;..<\/p>\n<p><a href=\"https:\/\/cloud.alqueria.es\/wp-content\/uploads\/sites\/9\/2014\/03\/imagesCADV2FPM.jpg\"><img decoding=\"async\" data-attachment-id=\"9768\" data-permalink=\"https:\/\/www.alqueria.es\/blogs\/alqueriaamarillanaranja\/2014\/03\/04\/comenzamos-la-propuesta-de-la-granja\/imagescadv2fpm-3\/\" data-orig-file=\"https:\/\/www.alqueria.es\/blogs\/alqueriaamarillanaranja\/wp-content\/uploads\/sites\/9\/2014\/03\/imagesCADV2FPM.jpg\" data-orig-size=\"259,194\" data-comments-opened=\"1\" data-image-meta=\"{&quot;aperture&quot;:&quot;0&quot;,&quot;credit&quot;:&quot;&quot;,&quot;camera&quot;:&quot;&quot;,&quot;caption&quot;:&quot;&quot;,&quot;created_timestamp&quot;:&quot;0&quot;,&quot;copyright&quot;:&quot;&quot;,&quot;focal_length&quot;:&quot;0&quot;,&quot;iso&quot;:&quot;0&quot;,&quot;shutter_speed&quot;:&quot;0&quot;,&quot;title&quot;:&quot;&quot;}\" data-image-title=\"imagesCADV2FPM\" data-image-description=\"\" data-image-caption=\"\" data-large-file=\"https:\/\/www.alqueria.es\/blogs\/alqueriaamarillanaranja\/wp-content\/uploads\/sites\/9\/2014\/03\/imagesCADV2FPM.jpg\" class=\"aligncenter size-full wp-image-9768\" alt=\"imagesCADV2FPM\" src=\"https:\/\/cloud.alqueria.es\/wp-content\/uploads\/sites\/9\/2014\/03\/imagesCADV2FPM.jpg\" width=\"259\" height=\"194\" \/><\/a><\/p>\n<p>Y por supuesto, sigo esperando alg\u00fan comentario por vuestra parte, a veces me da la sensaci\u00f3n de que \u00abhablo sola\u00bb, jajaja, es broma pero s\u00ed es cierto que me gustar\u00eda saber lo que opin\u00e1is del transcurso del curso.<\/p>\n<p>Un saludo, Loli G\u00e1lvez.<\/p>\n<p><a href=\"http:\/\/youtu.be\/HnhKQPy6HF0\">\u00a0<\/a><\/p>\n","protected":false},"excerpt":{"rendered":"<p>Hoy nos tomamos la ma\u00f1ana con tranquilidad&#8230;&#8230;.necesitamos casi, casi una adaptaci\u00f3n despu\u00e9s de tantos d\u00edas sin cole. En la asamblea hemos le\u00eddo el cuento \u00abLa granja al dedillo\u00bb que nos ha prestado nuestro amigo Oliver. El tema de los animales de la granja les apasiona, as\u00ed que hemos estado hablando de la peque\u00f1a granja que &hellip; <a href=\"https:\/\/www.alqueria.es\/blogs\/alqueriaamarillanaranja\/2014\/03\/04\/comenzamos-la-propuesta-de-la-granja\/\" class=\"more-link\">Seguir leyendo <span class=\"screen-reader-text\">Comenzamos la propuesta de \u00abLa granja\u00bb<\/span> <span class=\"meta-nav\">&rarr;<\/span><\/a><\/p>\n","protected":false},"author":23,"featured_media":0,"comment_status":"open","ping_status":"open","sticky":false,"template":"","format":"standard","meta":{"jetpack_post_was_ever_published":false,"_jetpack_newsletter_access":"","_jetpack_dont_email_post_to_subs":false,"_jetpack_newsletter_tier_id":0,"_jetpack_memberships_contains_paywalled_content":false,"_jetpack_memberships_contains_paid_content":false,"footnotes":"","jetpack_publicize_message":"","jetpack_publicize_feature_enabled":true,"jetpack_social_post_already_shared":true,"jetpack_social_options":{"image_generator_settings":{"template":"highway","default_image_id":0,"font":"","enabled":false},"version":2}},"categories":[22,6,8],"tags":[285,291,136,89],"class_list":["post-9753","post","type-post","status-publish","format-standard","hentry","category-cancionero","category-clase-amarilla","category-diario","tag-alfabetizacion","tag-cancionero","tag-la-granja","tag-metodo-de-propuestas"],"jetpack_publicize_connections":[],"jetpack_featured_media_url":"","jetpack_sharing_enabled":true,"jetpack_shortlink":"https:\/\/wp.me\/p4lG08-2xj","jetpack-related-posts":[],"_links":{"self":[{"href":"https:\/\/www.alqueria.es\/blogs\/alqueriaamarillanaranja\/wp-json\/wp\/v2\/posts\/9753","targetHints":{"allow":["GET"]}}],"collection":[{"href":"https:\/\/www.alqueria.es\/blogs\/alqueriaamarillanaranja\/wp-json\/wp\/v2\/posts"}],"about":[{"href":"https:\/\/www.alqueria.es\/blogs\/alqueriaamarillanaranja\/wp-json\/wp\/v2\/types\/post"}],"author":[{"embeddable":true,"href":"https:\/\/www.alqueria.es\/blogs\/alqueriaamarillanaranja\/wp-json\/wp\/v2\/users\/23"}],"replies":[{"embeddable":true,"href":"https:\/\/www.alqueria.es\/blogs\/alqueriaamarillanaranja\/wp-json\/wp\/v2\/comments?post=9753"}],"version-history":[{"count":0,"href":"https:\/\/www.alqueria.es\/blogs\/alqueriaamarillanaranja\/wp-json\/wp\/v2\/posts\/9753\/revisions"}],"wp:attachment":[{"href":"https:\/\/www.alqueria.es\/blogs\/alqueriaamarillanaranja\/wp-json\/wp\/v2\/media?parent=9753"}],"wp:term":[{"taxonomy":"category","embeddable":true,"href":"https:\/\/www.alqueria.es\/blogs\/alqueriaamarillanaranja\/wp-json\/wp\/v2\/categories?post=9753"},{"taxonomy":"post_tag","embeddable":true,"href":"https:\/\/www.alqueria.es\/blogs\/alqueriaamarillanaranja\/wp-json\/wp\/v2\/tags?post=9753"}],"curies":[{"name":"wp","href":"https:\/\/api.w.org\/{rel}","templated":true}]}}