{"id":9757,"date":"2014-03-04T16:00:20","date_gmt":"2014-03-04T16:00:20","guid":{"rendered":"https:\/\/www.alqueria.es\/blogs\/alqueriaamarillanaranja\/?p=9757"},"modified":"2014-03-04T10:47:28","modified_gmt":"2014-03-04T10:47:28","slug":"proyecto-de-lectura-11","status":"publish","type":"post","link":"https:\/\/www.alqueria.es\/blogs\/alqueriaamarillanaranja\/2014\/03\/04\/proyecto-de-lectura-11\/","title":{"rendered":"PROYECTO DE LECTURA"},"content":{"rendered":"<p style=\"text-align: justify\">Hola a todos\/as despu\u00e9s de este puente tan lluvioso.<\/p>\n<p style=\"text-align: justify\"><a href=\"https:\/\/cloud.alqueria.es\/wp-content\/uploads\/sites\/9\/2014\/03\/images1-2.jpg\"><img decoding=\"async\" data-attachment-id=\"9758\" data-permalink=\"https:\/\/www.alqueria.es\/blogs\/alqueriaamarillanaranja\/2014\/03\/04\/proyecto-de-lectura-11\/images1-2-2\/\" data-orig-file=\"https:\/\/www.alqueria.es\/blogs\/alqueriaamarillanaranja\/wp-content\/uploads\/sites\/9\/2014\/03\/images1-2.jpg\" data-orig-size=\"259,194\" data-comments-opened=\"1\" data-image-meta=\"{&quot;aperture&quot;:&quot;0&quot;,&quot;credit&quot;:&quot;&quot;,&quot;camera&quot;:&quot;&quot;,&quot;caption&quot;:&quot;&quot;,&quot;created_timestamp&quot;:&quot;0&quot;,&quot;copyright&quot;:&quot;&quot;,&quot;focal_length&quot;:&quot;0&quot;,&quot;iso&quot;:&quot;0&quot;,&quot;shutter_speed&quot;:&quot;0&quot;,&quot;title&quot;:&quot;&quot;}\" data-image-title=\"images[1] (2)\" data-image-description=\"\" data-image-caption=\"\" data-large-file=\"https:\/\/www.alqueria.es\/blogs\/alqueriaamarillanaranja\/wp-content\/uploads\/sites\/9\/2014\/03\/images1-2.jpg\" class=\"aligncenter size-thumbnail wp-image-9758\" alt=\"images[1] (2)\" src=\"https:\/\/cloud.alqueria.es\/wp-content\/uploads\/sites\/9\/2014\/03\/images1-2-150x150.jpg\" width=\"150\" height=\"150\" \/><\/a><\/p>\n<p style=\"text-align: justify\">Comenzamos la ma\u00f1ana, con saludos y muestras de cari\u00f1o entre todos\u00a0pues llevamos muchos d\u00edas sin vernos. En la Asamblea hablamos de las cosas que hemos hecho en estos cuatro d\u00edas. Empezamos un nuevo mes en el que vamos a dar paso a la <span style=\"color: #ff6600\">Primavera.<\/span><\/p>\n<p style=\"text-align: justify\">En este mes vamos a tener\u00a0<span style=\"color: #003300\">el vivero del segundo ciclo de Infantil<\/span>, por un d\u00eda nos convertiremos en \u00abvendedores\u00bb y vosotros\u00a0ser\u00e9is los clientes. Lo iremos trabajando en estas semanas para que todo salga muy bien.<\/p>\n<p style=\"text-align: justify\">Tambi\u00e9n tendremos nuestra <span style=\"color: #ff0000\">salida al teatro<\/span> de este segundo trimestre. Tenemos mucho que trabajar y aprender en estas semanas.<\/p>\n<p style=\"text-align: justify\">Como cada martes tenemos nuestro intercambio de libros, los dibujos son muy bonitos y se nota el trabajo realizado con ellos\/as en casa.<\/p>\n<p style=\"text-align: justify\"><a href=\"https:\/\/cloud.alqueria.es\/wp-content\/uploads\/sites\/9\/2014\/03\/images73HED1PT.jpg\"><img decoding=\"async\" data-attachment-id=\"9759\" data-permalink=\"https:\/\/www.alqueria.es\/blogs\/alqueriaamarillanaranja\/2014\/03\/04\/proyecto-de-lectura-11\/images73hed1pt\/\" data-orig-file=\"https:\/\/www.alqueria.es\/blogs\/alqueriaamarillanaranja\/wp-content\/uploads\/sites\/9\/2014\/03\/images73HED1PT.jpg\" data-orig-size=\"183,275\" data-comments-opened=\"1\" data-image-meta=\"{&quot;aperture&quot;:&quot;0&quot;,&quot;credit&quot;:&quot;&quot;,&quot;camera&quot;:&quot;&quot;,&quot;caption&quot;:&quot;&quot;,&quot;created_timestamp&quot;:&quot;0&quot;,&quot;copyright&quot;:&quot;&quot;,&quot;focal_length&quot;:&quot;0&quot;,&quot;iso&quot;:&quot;0&quot;,&quot;shutter_speed&quot;:&quot;0&quot;,&quot;title&quot;:&quot;&quot;}\" data-image-title=\"images73HED1PT\" data-image-description=\"\" data-image-caption=\"\" data-large-file=\"https:\/\/www.alqueria.es\/blogs\/alqueriaamarillanaranja\/wp-content\/uploads\/sites\/9\/2014\/03\/images73HED1PT.jpg\" class=\"alignleft size-thumbnail wp-image-9759\" alt=\"images73HED1PT\" src=\"https:\/\/cloud.alqueria.es\/wp-content\/uploads\/sites\/9\/2014\/03\/images73HED1PT-150x150.jpg\" width=\"150\" height=\"150\" \/><\/a>En Ingl\u00e9s\u00a0 comienzan un nuevo proyecto de trabajo, \u00abThe birds\u00bb, los p\u00e1jaros est\u00e1n presentes en nuestro entorno diario y desde nuestra ventana podemos ver como hacen sus nidos en el tejado.<\/p>\n<p style=\"text-align: justify\">Por la tarde jugamos con los puzles, domino y cartas de memory.<\/p>\n<p style=\"text-align: justify\">CARMEN JIM\u00c9NEZ<\/p>\n","protected":false},"excerpt":{"rendered":"<p>Hola a todos\/as despu\u00e9s de este puente tan lluvioso. Comenzamos la ma\u00f1ana, con saludos y muestras de cari\u00f1o entre todos\u00a0pues llevamos muchos d\u00edas sin vernos. En la Asamblea hablamos de las cosas que hemos hecho en estos cuatro d\u00edas. Empezamos un nuevo mes en el que vamos a dar paso a la Primavera. En este &hellip; <a href=\"https:\/\/www.alqueria.es\/blogs\/alqueriaamarillanaranja\/2014\/03\/04\/proyecto-de-lectura-11\/\" class=\"more-link\">Seguir leyendo <span class=\"screen-reader-text\">PROYECTO DE LECTURA<\/span> <span class=\"meta-nav\">&rarr;<\/span><\/a><\/p>\n","protected":false},"author":23,"featured_media":0,"comment_status":"open","ping_status":"open","sticky":false,"template":"","format":"standard","meta":{"jetpack_post_was_ever_published":false,"_jetpack_newsletter_access":"","_jetpack_dont_email_post_to_subs":false,"_jetpack_newsletter_tier_id":0,"_jetpack_memberships_contains_paywalled_content":false,"_jetpack_memberships_contains_paid_content":false,"footnotes":"","jetpack_publicize_message":"","jetpack_publicize_feature_enabled":true,"jetpack_social_post_already_shared":true,"jetpack_social_options":{"image_generator_settings":{"template":"highway","default_image_id":0,"font":"","enabled":false},"version":2}},"categories":[7,8],"tags":[103],"class_list":["post-9757","post","type-post","status-publish","format-standard","hentry","category-clase-naranja","category-diario","tag-proyecto-de-lectura"],"jetpack_publicize_connections":[],"jetpack_featured_media_url":"","jetpack_sharing_enabled":true,"jetpack_shortlink":"https:\/\/wp.me\/p4lG08-2xn","jetpack-related-posts":[],"_links":{"self":[{"href":"https:\/\/www.alqueria.es\/blogs\/alqueriaamarillanaranja\/wp-json\/wp\/v2\/posts\/9757","targetHints":{"allow":["GET"]}}],"collection":[{"href":"https:\/\/www.alqueria.es\/blogs\/alqueriaamarillanaranja\/wp-json\/wp\/v2\/posts"}],"about":[{"href":"https:\/\/www.alqueria.es\/blogs\/alqueriaamarillanaranja\/wp-json\/wp\/v2\/types\/post"}],"author":[{"embeddable":true,"href":"https:\/\/www.alqueria.es\/blogs\/alqueriaamarillanaranja\/wp-json\/wp\/v2\/users\/23"}],"replies":[{"embeddable":true,"href":"https:\/\/www.alqueria.es\/blogs\/alqueriaamarillanaranja\/wp-json\/wp\/v2\/comments?post=9757"}],"version-history":[{"count":0,"href":"https:\/\/www.alqueria.es\/blogs\/alqueriaamarillanaranja\/wp-json\/wp\/v2\/posts\/9757\/revisions"}],"wp:attachment":[{"href":"https:\/\/www.alqueria.es\/blogs\/alqueriaamarillanaranja\/wp-json\/wp\/v2\/media?parent=9757"}],"wp:term":[{"taxonomy":"category","embeddable":true,"href":"https:\/\/www.alqueria.es\/blogs\/alqueriaamarillanaranja\/wp-json\/wp\/v2\/categories?post=9757"},{"taxonomy":"post_tag","embeddable":true,"href":"https:\/\/www.alqueria.es\/blogs\/alqueriaamarillanaranja\/wp-json\/wp\/v2\/tags?post=9757"}],"curies":[{"name":"wp","href":"https:\/\/api.w.org\/{rel}","templated":true}]}}