{"id":19434,"date":"2017-09-22T22:40:08","date_gmt":"2017-09-22T20:40:08","guid":{"rendered":"https:\/\/www.alqueria.es\/blogs\/alqueriaartistica\/?p=19434"},"modified":"2017-09-22T22:44:14","modified_gmt":"2017-09-22T20:44:14","slug":"autorretrato-11","status":"publish","type":"post","link":"https:\/\/www.alqueria.es\/blogs\/alqueriaartistica\/2017\/09\/22\/autorretrato-11\/","title":{"rendered":"AUTORRETRATO"},"content":{"rendered":"<p>\u00abHas de poner los ojos en quien eres, procurando conocerte a ti mismo, que es el m\u00e1s dif\u00edcil conocimiento que puede imaginarse.\u00bb Le dec\u00eda Don Quijote a Sancho antes de ir a gobernar la \u00ednsula Barataria \u00a0Cervantes, M. <em>Don Quijote de la Mancha.<\/em><\/p>\n<div data-carousel-extra='{&quot;blog_id&quot;:12,&quot;permalink&quot;:&quot;https:\/\/www.alqueria.es\/blogs\/alqueriaartistica\/2017\/09\/22\/autorretrato-11\/&quot;}' id='gallery-1' class='gallery galleryid-19434 gallery-columns-1 gallery-size-large'><figure class='gallery-item'>\n\t\t\t<div class='gallery-icon portrait'>\n\t\t\t\t<a href='https:\/\/www.alqueria.es\/blogs\/alqueriaartistica\/2017\/09\/22\/autorretrato-11\/img_9725-2\/'><img decoding=\"async\" width=\"474\" height=\"632\" src=\"https:\/\/cloud.alqueria.es\/wp-content\/uploads\/sites\/12\/2017\/09\/IMG_9725.jpg\" class=\"attachment-large size-large\" alt=\"\" srcset=\"https:\/\/cloud.alqueria.es\/wp-content\/uploads\/sites\/12\/2017\/09\/IMG_9725.jpg 768w, https:\/\/cloud.alqueria.es\/wp-content\/uploads\/sites\/12\/2017\/09\/IMG_9725.jpg 225w, https:\/\/cloud.alqueria.es\/wp-content\/uploads\/sites\/12\/2017\/09\/IMG_9725.jpg 1200w\" sizes=\"(max-width: 474px) 100vw, 474px\" data-attachment-id=\"19441\" data-permalink=\"https:\/\/www.alqueria.es\/blogs\/alqueriaartistica\/2017\/09\/22\/autorretrato-11\/img_9725-2\/\" data-orig-file=\"https:\/\/cloud.alqueria.es\/wp-content\/uploads\/sites\/12\/2017\/09\/IMG_9725.jpg\" data-orig-size=\"1200,1600\" data-comments-opened=\"1\" data-image-meta=\"{&quot;aperture&quot;:&quot;0&quot;,&quot;credit&quot;:&quot;&quot;,&quot;camera&quot;:&quot;&quot;,&quot;caption&quot;:&quot;&quot;,&quot;created_timestamp&quot;:&quot;0&quot;,&quot;copyright&quot;:&quot;&quot;,&quot;focal_length&quot;:&quot;0&quot;,&quot;iso&quot;:&quot;0&quot;,&quot;shutter_speed&quot;:&quot;0&quot;,&quot;title&quot;:&quot;&quot;,&quot;orientation&quot;:&quot;0&quot;}\" data-image-title=\"IMG_9725\" data-image-description=\"\" data-image-caption=\"\" data-large-file=\"https:\/\/cloud.alqueria.es\/wp-content\/uploads\/sites\/12\/2017\/09\/IMG_9725-768x1024.jpg\" \/><\/a>\n\t\t\t<\/div><\/figure>\n\t\t<\/div>\n\n<div data-carousel-extra='{&quot;blog_id&quot;:12,&quot;permalink&quot;:&quot;https:\/\/www.alqueria.es\/blogs\/alqueriaartistica\/2017\/09\/22\/autorretrato-11\/&quot;}' id='gallery-2' class='gallery galleryid-19434 gallery-columns-2 gallery-size-large'><figure class='gallery-item'>\n\t\t\t<div class='gallery-icon portrait'>\n\t\t\t\t<a href='https:\/\/www.alqueria.es\/blogs\/alqueriaartistica\/2017\/09\/22\/autorretrato-11\/img_9723-2\/'><img decoding=\"async\" width=\"474\" height=\"632\" src=\"https:\/\/cloud.alqueria.es\/wp-content\/uploads\/sites\/12\/2017\/09\/IMG_9723.jpg\" class=\"attachment-large size-large\" alt=\"\" srcset=\"https:\/\/cloud.alqueria.es\/wp-content\/uploads\/sites\/12\/2017\/09\/IMG_9723.jpg 768w, https:\/\/cloud.alqueria.es\/wp-content\/uploads\/sites\/12\/2017\/09\/IMG_9723.jpg 225w, https:\/\/cloud.alqueria.es\/wp-content\/uploads\/sites\/12\/2017\/09\/IMG_9723.jpg 1200w\" sizes=\"(max-width: 474px) 100vw, 474px\" data-attachment-id=\"19440\" data-permalink=\"https:\/\/www.alqueria.es\/blogs\/alqueriaartistica\/2017\/09\/22\/autorretrato-11\/img_9723-2\/\" data-orig-file=\"https:\/\/cloud.alqueria.es\/wp-content\/uploads\/sites\/12\/2017\/09\/IMG_9723.jpg\" data-orig-size=\"1200,1600\" data-comments-opened=\"1\" data-image-meta=\"{&quot;aperture&quot;:&quot;0&quot;,&quot;credit&quot;:&quot;&quot;,&quot;camera&quot;:&quot;&quot;,&quot;caption&quot;:&quot;&quot;,&quot;created_timestamp&quot;:&quot;0&quot;,&quot;copyright&quot;:&quot;&quot;,&quot;focal_length&quot;:&quot;0&quot;,&quot;iso&quot;:&quot;0&quot;,&quot;shutter_speed&quot;:&quot;0&quot;,&quot;title&quot;:&quot;&quot;,&quot;orientation&quot;:&quot;0&quot;}\" data-image-title=\"IMG_9723\" data-image-description=\"\" data-image-caption=\"\" data-large-file=\"https:\/\/cloud.alqueria.es\/wp-content\/uploads\/sites\/12\/2017\/09\/IMG_9723-768x1024.jpg\" \/><\/a>\n\t\t\t<\/div><\/figure><figure class='gallery-item'>\n\t\t\t<div class='gallery-icon portrait'>\n\t\t\t\t<a href='https:\/\/www.alqueria.es\/blogs\/alqueriaartistica\/2017\/09\/22\/autorretrato-11\/img_9719-4\/'><img decoding=\"async\" width=\"474\" height=\"632\" src=\"https:\/\/cloud.alqueria.es\/wp-content\/uploads\/sites\/12\/2017\/09\/IMG_9719.jpg\" class=\"attachment-large size-large\" alt=\"\" srcset=\"https:\/\/cloud.alqueria.es\/wp-content\/uploads\/sites\/12\/2017\/09\/IMG_9719.jpg 768w, https:\/\/cloud.alqueria.es\/wp-content\/uploads\/sites\/12\/2017\/09\/IMG_9719.jpg 225w, https:\/\/cloud.alqueria.es\/wp-content\/uploads\/sites\/12\/2017\/09\/IMG_9719.jpg 1200w\" sizes=\"(max-width: 474px) 100vw, 474px\" data-attachment-id=\"19439\" data-permalink=\"https:\/\/www.alqueria.es\/blogs\/alqueriaartistica\/2017\/09\/22\/autorretrato-11\/img_9719-4\/\" data-orig-file=\"https:\/\/cloud.alqueria.es\/wp-content\/uploads\/sites\/12\/2017\/09\/IMG_9719.jpg\" data-orig-size=\"1200,1600\" data-comments-opened=\"1\" data-image-meta=\"{&quot;aperture&quot;:&quot;0&quot;,&quot;credit&quot;:&quot;&quot;,&quot;camera&quot;:&quot;&quot;,&quot;caption&quot;:&quot;&quot;,&quot;created_timestamp&quot;:&quot;0&quot;,&quot;copyright&quot;:&quot;&quot;,&quot;focal_length&quot;:&quot;0&quot;,&quot;iso&quot;:&quot;0&quot;,&quot;shutter_speed&quot;:&quot;0&quot;,&quot;title&quot;:&quot;&quot;,&quot;orientation&quot;:&quot;0&quot;}\" data-image-title=\"IMG_9719\" data-image-description=\"\" data-image-caption=\"\" data-large-file=\"https:\/\/cloud.alqueria.es\/wp-content\/uploads\/sites\/12\/2017\/09\/IMG_9719-768x1024.jpg\" \/><\/a>\n\t\t\t<\/div><\/figure>\n\t\t<\/div>\n\n<div data-carousel-extra='{&quot;blog_id&quot;:12,&quot;permalink&quot;:&quot;https:\/\/www.alqueria.es\/blogs\/alqueriaartistica\/2017\/09\/22\/autorretrato-11\/&quot;}' id='gallery-3' class='gallery galleryid-19434 gallery-columns-2 gallery-size-large'><figure class='gallery-item'>\n\t\t\t<div class='gallery-icon portrait'>\n\t\t\t\t<a href='https:\/\/www.alqueria.es\/blogs\/alqueriaartistica\/2017\/09\/22\/autorretrato-11\/img_9706-2\/'><img decoding=\"async\" width=\"474\" height=\"632\" src=\"https:\/\/cloud.alqueria.es\/wp-content\/uploads\/sites\/12\/2017\/09\/IMG_9706.jpg\" class=\"attachment-large size-large\" alt=\"\" srcset=\"https:\/\/cloud.alqueria.es\/wp-content\/uploads\/sites\/12\/2017\/09\/IMG_9706.jpg 768w, https:\/\/cloud.alqueria.es\/wp-content\/uploads\/sites\/12\/2017\/09\/IMG_9706.jpg 225w, https:\/\/cloud.alqueria.es\/wp-content\/uploads\/sites\/12\/2017\/09\/IMG_9706.jpg 1200w\" sizes=\"(max-width: 474px) 100vw, 474px\" data-attachment-id=\"19437\" data-permalink=\"https:\/\/www.alqueria.es\/blogs\/alqueriaartistica\/2017\/09\/22\/autorretrato-11\/img_9706-2\/\" data-orig-file=\"https:\/\/cloud.alqueria.es\/wp-content\/uploads\/sites\/12\/2017\/09\/IMG_9706.jpg\" data-orig-size=\"1200,1600\" data-comments-opened=\"1\" data-image-meta=\"{&quot;aperture&quot;:&quot;0&quot;,&quot;credit&quot;:&quot;&quot;,&quot;camera&quot;:&quot;&quot;,&quot;caption&quot;:&quot;&quot;,&quot;created_timestamp&quot;:&quot;0&quot;,&quot;copyright&quot;:&quot;&quot;,&quot;focal_length&quot;:&quot;0&quot;,&quot;iso&quot;:&quot;0&quot;,&quot;shutter_speed&quot;:&quot;0&quot;,&quot;title&quot;:&quot;&quot;,&quot;orientation&quot;:&quot;0&quot;}\" data-image-title=\"IMG_9706\" data-image-description=\"\" data-image-caption=\"\" data-large-file=\"https:\/\/cloud.alqueria.es\/wp-content\/uploads\/sites\/12\/2017\/09\/IMG_9706-768x1024.jpg\" \/><\/a>\n\t\t\t<\/div><\/figure><figure class='gallery-item'>\n\t\t\t<div class='gallery-icon portrait'>\n\t\t\t\t<a href='https:\/\/www.alqueria.es\/blogs\/alqueriaartistica\/2017\/09\/22\/autorretrato-11\/img_9702-4\/'><img decoding=\"async\" width=\"474\" height=\"632\" src=\"https:\/\/cloud.alqueria.es\/wp-content\/uploads\/sites\/12\/2017\/09\/IMG_9702.jpg\" class=\"attachment-large size-large\" alt=\"\" srcset=\"https:\/\/cloud.alqueria.es\/wp-content\/uploads\/sites\/12\/2017\/09\/IMG_9702.jpg 768w, https:\/\/cloud.alqueria.es\/wp-content\/uploads\/sites\/12\/2017\/09\/IMG_9702.jpg 225w, https:\/\/cloud.alqueria.es\/wp-content\/uploads\/sites\/12\/2017\/09\/IMG_9702.jpg 1200w\" sizes=\"(max-width: 474px) 100vw, 474px\" data-attachment-id=\"19436\" data-permalink=\"https:\/\/www.alqueria.es\/blogs\/alqueriaartistica\/2017\/09\/22\/autorretrato-11\/img_9702-4\/\" data-orig-file=\"https:\/\/cloud.alqueria.es\/wp-content\/uploads\/sites\/12\/2017\/09\/IMG_9702.jpg\" data-orig-size=\"1200,1600\" data-comments-opened=\"1\" data-image-meta=\"{&quot;aperture&quot;:&quot;0&quot;,&quot;credit&quot;:&quot;&quot;,&quot;camera&quot;:&quot;&quot;,&quot;caption&quot;:&quot;&quot;,&quot;created_timestamp&quot;:&quot;0&quot;,&quot;copyright&quot;:&quot;&quot;,&quot;focal_length&quot;:&quot;0&quot;,&quot;iso&quot;:&quot;0&quot;,&quot;shutter_speed&quot;:&quot;0&quot;,&quot;title&quot;:&quot;&quot;,&quot;orientation&quot;:&quot;0&quot;}\" data-image-title=\"IMG_9702\" data-image-description=\"\" data-image-caption=\"\" data-large-file=\"https:\/\/cloud.alqueria.es\/wp-content\/uploads\/sites\/12\/2017\/09\/IMG_9702-768x1024.jpg\" \/><\/a>\n\t\t\t<\/div><\/figure>\n\t\t<\/div>\n\n<div data-carousel-extra='{&quot;blog_id&quot;:12,&quot;permalink&quot;:&quot;https:\/\/www.alqueria.es\/blogs\/alqueriaartistica\/2017\/09\/22\/autorretrato-11\/&quot;}' id='gallery-4' class='gallery galleryid-19434 gallery-columns-1 gallery-size-large'><figure class='gallery-item'>\n\t\t\t<div class='gallery-icon portrait'>\n\t\t\t\t<a href='https:\/\/www.alqueria.es\/blogs\/alqueriaartistica\/2017\/09\/22\/autorretrato-11\/img-i\/'><img decoding=\"async\" width=\"474\" height=\"812\" src=\"https:\/\/cloud.alqueria.es\/wp-content\/uploads\/sites\/12\/2017\/09\/IMG-I.jpg\" class=\"attachment-large size-large\" alt=\"\" srcset=\"https:\/\/cloud.alqueria.es\/wp-content\/uploads\/sites\/12\/2017\/09\/IMG-I.jpg 598w, https:\/\/cloud.alqueria.es\/wp-content\/uploads\/sites\/12\/2017\/09\/IMG-I.jpg 175w, https:\/\/cloud.alqueria.es\/wp-content\/uploads\/sites\/12\/2017\/09\/IMG-I.jpg 636w\" sizes=\"(max-width: 474px) 100vw, 474px\" data-attachment-id=\"19435\" data-permalink=\"https:\/\/www.alqueria.es\/blogs\/alqueriaartistica\/2017\/09\/22\/autorretrato-11\/img-i\/\" data-orig-file=\"https:\/\/cloud.alqueria.es\/wp-content\/uploads\/sites\/12\/2017\/09\/IMG-I.jpg\" data-orig-size=\"636,1089\" data-comments-opened=\"1\" data-image-meta=\"{&quot;aperture&quot;:&quot;0&quot;,&quot;credit&quot;:&quot;&quot;,&quot;camera&quot;:&quot;&quot;,&quot;caption&quot;:&quot;&quot;,&quot;created_timestamp&quot;:&quot;0&quot;,&quot;copyright&quot;:&quot;&quot;,&quot;focal_length&quot;:&quot;0&quot;,&quot;iso&quot;:&quot;0&quot;,&quot;shutter_speed&quot;:&quot;0&quot;,&quot;title&quot;:&quot;&quot;,&quot;orientation&quot;:&quot;0&quot;}\" data-image-title=\"IMG-I\" data-image-description=\"\" data-image-caption=\"\" data-large-file=\"https:\/\/cloud.alqueria.es\/wp-content\/uploads\/sites\/12\/2017\/09\/IMG-I-598x1024.jpg\" \/><\/a>\n\t\t\t<\/div><\/figure>\n\t\t<\/div>\n\n<div data-carousel-extra='{&quot;blog_id&quot;:12,&quot;permalink&quot;:&quot;https:\/\/www.alqueria.es\/blogs\/alqueriaartistica\/2017\/09\/22\/autorretrato-11\/&quot;}' id='gallery-5' class='gallery galleryid-19434 gallery-columns-1 gallery-size-large'><figure class='gallery-item'>\n\t\t\t<div class='gallery-icon landscape'>\n\t\t\t\t<a href='https:\/\/www.alqueria.es\/blogs\/alqueriaartistica\/2017\/09\/22\/autorretrato-11\/img_9708-2\/'><img decoding=\"async\" width=\"474\" height=\"356\" src=\"https:\/\/cloud.alqueria.es\/wp-content\/uploads\/sites\/12\/2017\/09\/IMG_9708.jpg\" class=\"attachment-large size-large\" alt=\"\" srcset=\"https:\/\/cloud.alqueria.es\/wp-content\/uploads\/sites\/12\/2017\/09\/IMG_9708.jpg 1024w, https:\/\/cloud.alqueria.es\/wp-content\/uploads\/sites\/12\/2017\/09\/IMG_9708.jpg 300w, https:\/\/cloud.alqueria.es\/wp-content\/uploads\/sites\/12\/2017\/09\/IMG_9708.jpg 768w, https:\/\/cloud.alqueria.es\/wp-content\/uploads\/sites\/12\/2017\/09\/IMG_9708.jpg 1600w\" sizes=\"(max-width: 474px) 100vw, 474px\" data-attachment-id=\"19438\" data-permalink=\"https:\/\/www.alqueria.es\/blogs\/alqueriaartistica\/2017\/09\/22\/autorretrato-11\/img_9708-2\/\" data-orig-file=\"https:\/\/cloud.alqueria.es\/wp-content\/uploads\/sites\/12\/2017\/09\/IMG_9708.jpg\" data-orig-size=\"1600,1200\" data-comments-opened=\"1\" data-image-meta=\"{&quot;aperture&quot;:&quot;0&quot;,&quot;credit&quot;:&quot;&quot;,&quot;camera&quot;:&quot;&quot;,&quot;caption&quot;:&quot;&quot;,&quot;created_timestamp&quot;:&quot;0&quot;,&quot;copyright&quot;:&quot;&quot;,&quot;focal_length&quot;:&quot;0&quot;,&quot;iso&quot;:&quot;0&quot;,&quot;shutter_speed&quot;:&quot;0&quot;,&quot;title&quot;:&quot;&quot;,&quot;orientation&quot;:&quot;0&quot;}\" data-image-title=\"IMG_9708\" data-image-description=\"\" data-image-caption=\"\" data-large-file=\"https:\/\/cloud.alqueria.es\/wp-content\/uploads\/sites\/12\/2017\/09\/IMG_9708-1024x768.jpg\" \/><\/a>\n\t\t\t<\/div><\/figure>\n\t\t<\/div>\n\n<p>Uno de los trabajos \u00a0que abordamos durante el mes de septiembre es la realizaci\u00f3n del autorretrato. Las im\u00e1genes que os muestro, corresponden a los bocetos que hicieron algunos alumnos de quinto en la sesi\u00f3n del lunes. Cada nuevo curso, como una forma de presentarnos al resto de la comunidad educativa, dibujamos \u00a0nuestro rostro.<\/p>\n<p>Con esta tarea abordamos varios objetivos:<\/p>\n<ul>\n<li>El dibujo del rostro humano. El nivel madurativo de los alumnos, incorpora, cada a\u00f1o, \u00a0nuevas destrezas a la hora de dibujar las diferentes partes del rostro.<\/li>\n<li>El conocimiento de nuestras caracter\u00edsticas f\u00edsicas, \u00a0nos ayuda en la tarea \u00a0de saber c\u00f3mo somos.<\/li>\n<li>Enfrentarse a las inseguridades y al propio juicio sobre nuestra imagen, posibilita paulatinamente la aceptaci\u00f3n de s\u00ed mismo.<\/li>\n<\/ul>\n<p>Don Quijote aclara que \u00e9ste, el autoconocimiento, es el m\u00e1s dif\u00edcil conocimiento que podamos imaginarnos.<\/p>\n<p>El mundo de la Cultura Visual genera im\u00e1genes \u00a0globalizadas. Una hiperrrealidad apabullante, potenciada por los avances tecnol\u00f3gicos, nos inunda, e incide en nuestros pensamientos. Con la digitalizaci\u00f3n de la fotograf\u00eda, la posibilidad de modificar im\u00e1genes est\u00e1 al alcance de todos. Nuestra capacidad de aceptaci\u00f3n de lo real est\u00e1 siendo minada; las m\u00faltiples metamorfosis que producimos mediante el retoque fotogr\u00e1fico, nos hacen dudar entre lo real y lo manipulado-imaginado.<\/p>\n<p>Otras tareas nos ayudar\u00e1n a mirar nuestro interior, pero no hay que subestimar la aceptaci\u00f3n de lo f\u00edsico. Vivimos en una sociedad que nos induce, en la mayor\u00eda de sus producciones visuales, a tapar lo \u00abfeo\u00bb, a minimizar las imperfecciones, a transformar la realidad. Nosotros con esta tarea tratamos de reproducirla y aceptarla.<\/p>\n<p>En pr\u00f3ximas entradas os mostrar\u00e9 el trabajo de los alumnos de primaria.<\/p>\n<p>Ana Mart\u00edn<\/p>\n","protected":false},"excerpt":{"rendered":"<p>\u00abHas de poner los ojos en quien eres, procurando conocerte a ti mismo, que es el m\u00e1s dif\u00edcil conocimiento que puede imaginarse.\u00bb Le dec\u00eda Don Quijote a Sancho antes de ir a gobernar la \u00ednsula Barataria \u00a0Cervantes, M. Don Quijote de la Mancha. Uno de los trabajos \u00a0que abordamos durante el mes de septiembre es &hellip; <a href=\"https:\/\/www.alqueria.es\/blogs\/alqueriaartistica\/2017\/09\/22\/autorretrato-11\/\" class=\"more-link\">Seguir leyendo <span class=\"screen-reader-text\">AUTORRETRATO<\/span> <span class=\"meta-nav\">&rarr;<\/span><\/a><\/p>\n","protected":false},"author":34,"featured_media":0,"comment_status":"open","ping_status":"open","sticky":false,"template":"","format":"standard","meta":{"jetpack_post_was_ever_published":false,"_jetpack_newsletter_access":"","_jetpack_dont_email_post_to_subs":false,"_jetpack_newsletter_tier_id":0,"_jetpack_memberships_contains_paywalled_content":false,"_jetpack_memberships_contains_paid_content":false,"footnotes":"","jetpack_publicize_message":"","jetpack_publicize_feature_enabled":true,"jetpack_social_post_already_shared":true,"jetpack_social_options":{"image_generator_settings":{"template":"highway","default_image_id":0,"font":"","enabled":false},"version":2}},"categories":[9,10,11,12,13,14,15],"tags":[20,31,91],"class_list":["post-19434","post","type-post","status-publish","format-standard","hentry","category-1o-epo","category-2o-epo","category-3o-epo","category-4o-epo","category-5o-epo","category-6o-epo","category-comunicaciones","tag-autorretrato","tag-dibujo","tag-educacion-artistica-y-visual"],"jetpack_publicize_connections":[],"jetpack_featured_media_url":"","jetpack_sharing_enabled":true,"jetpack_shortlink":"https:\/\/wp.me\/p4mcJu-53s","_links":{"self":[{"href":"https:\/\/www.alqueria.es\/blogs\/alqueriaartistica\/wp-json\/wp\/v2\/posts\/19434","targetHints":{"allow":["GET"]}}],"collection":[{"href":"https:\/\/www.alqueria.es\/blogs\/alqueriaartistica\/wp-json\/wp\/v2\/posts"}],"about":[{"href":"https:\/\/www.alqueria.es\/blogs\/alqueriaartistica\/wp-json\/wp\/v2\/types\/post"}],"author":[{"embeddable":true,"href":"https:\/\/www.alqueria.es\/blogs\/alqueriaartistica\/wp-json\/wp\/v2\/users\/34"}],"replies":[{"embeddable":true,"href":"https:\/\/www.alqueria.es\/blogs\/alqueriaartistica\/wp-json\/wp\/v2\/comments?post=19434"}],"version-history":[{"count":0,"href":"https:\/\/www.alqueria.es\/blogs\/alqueriaartistica\/wp-json\/wp\/v2\/posts\/19434\/revisions"}],"wp:attachment":[{"href":"https:\/\/www.alqueria.es\/blogs\/alqueriaartistica\/wp-json\/wp\/v2\/media?parent=19434"}],"wp:term":[{"taxonomy":"category","embeddable":true,"href":"https:\/\/www.alqueria.es\/blogs\/alqueriaartistica\/wp-json\/wp\/v2\/categories?post=19434"},{"taxonomy":"post_tag","embeddable":true,"href":"https:\/\/www.alqueria.es\/blogs\/alqueriaartistica\/wp-json\/wp\/v2\/tags?post=19434"}],"curies":[{"name":"wp","href":"https:\/\/api.w.org\/{rel}","templated":true}]}}