{"id":26048,"date":"2019-01-17T10:20:30","date_gmt":"2019-01-17T09:20:30","guid":{"rendered":"https:\/\/www.alqueria.es\/blogs\/alqueriaartistica\/?p=26048"},"modified":"2019-01-17T10:23:34","modified_gmt":"2019-01-17T09:23:34","slug":"personajes-3","status":"publish","type":"post","link":"https:\/\/www.alqueria.es\/blogs\/alqueriaartistica\/2019\/01\/17\/personajes-3\/","title":{"rendered":"PERSONAJES"},"content":{"rendered":"<div data-carousel-extra='{&quot;blog_id&quot;:12,&quot;permalink&quot;:&quot;https:\/\/www.alqueria.es\/blogs\/alqueriaartistica\/2019\/01\/17\/personajes-3\/&quot;}' id='gallery-1' class='gallery galleryid-26048 gallery-columns-3 gallery-size-large'><figure class='gallery-item'>\n\t\t\t<div class='gallery-icon portrait'>\n\t\t\t\t<a href='https:\/\/www.alqueria.es\/blogs\/alqueriaartistica\/2019\/01\/17\/personajes-3\/img_8808\/'><img decoding=\"async\" width=\"474\" height=\"680\" src=\"https:\/\/cloud.alqueria.es\/wp-content\/uploads\/sites\/12\/2019\/01\/IMG_8808.jpg\" class=\"attachment-large size-large\" alt=\"\" srcset=\"https:\/\/cloud.alqueria.es\/wp-content\/uploads\/sites\/12\/2019\/01\/IMG_8808.jpg 714w, https:\/\/cloud.alqueria.es\/wp-content\/uploads\/sites\/12\/2019\/01\/IMG_8808.jpg 209w\" sizes=\"(max-width: 474px) 100vw, 474px\" data-attachment-id=\"26049\" data-permalink=\"https:\/\/www.alqueria.es\/blogs\/alqueriaartistica\/2019\/01\/17\/personajes-3\/img_8808\/\" data-orig-file=\"https:\/\/cloud.alqueria.es\/wp-content\/uploads\/sites\/12\/2019\/01\/IMG_8808.jpg\" data-orig-size=\"714,1024\" data-comments-opened=\"1\" data-image-meta=\"{&quot;aperture&quot;:&quot;0&quot;,&quot;credit&quot;:&quot;&quot;,&quot;camera&quot;:&quot;&quot;,&quot;caption&quot;:&quot;&quot;,&quot;created_timestamp&quot;:&quot;0&quot;,&quot;copyright&quot;:&quot;&quot;,&quot;focal_length&quot;:&quot;0&quot;,&quot;iso&quot;:&quot;0&quot;,&quot;shutter_speed&quot;:&quot;0&quot;,&quot;title&quot;:&quot;&quot;,&quot;orientation&quot;:&quot;0&quot;}\" data-image-title=\"IMG_8808\" data-image-description=\"\" data-image-caption=\"\" data-large-file=\"https:\/\/cloud.alqueria.es\/wp-content\/uploads\/sites\/12\/2019\/01\/IMG_8808.jpg\" \/><\/a>\n\t\t\t<\/div><\/figure><figure class='gallery-item'>\n\t\t\t<div class='gallery-icon portrait'>\n\t\t\t\t<a href='https:\/\/www.alqueria.es\/blogs\/alqueriaartistica\/2019\/01\/17\/personajes-3\/img_8809\/'><img decoding=\"async\" width=\"474\" height=\"654\" src=\"https:\/\/cloud.alqueria.es\/wp-content\/uploads\/sites\/12\/2019\/01\/IMG_8809.jpg\" class=\"attachment-large size-large\" alt=\"\" srcset=\"https:\/\/cloud.alqueria.es\/wp-content\/uploads\/sites\/12\/2019\/01\/IMG_8809.jpg 742w, https:\/\/cloud.alqueria.es\/wp-content\/uploads\/sites\/12\/2019\/01\/IMG_8809.jpg 217w\" sizes=\"(max-width: 474px) 100vw, 474px\" data-attachment-id=\"26050\" data-permalink=\"https:\/\/www.alqueria.es\/blogs\/alqueriaartistica\/2019\/01\/17\/personajes-3\/img_8809\/\" data-orig-file=\"https:\/\/cloud.alqueria.es\/wp-content\/uploads\/sites\/12\/2019\/01\/IMG_8809.jpg\" data-orig-size=\"742,1024\" data-comments-opened=\"1\" data-image-meta=\"{&quot;aperture&quot;:&quot;0&quot;,&quot;credit&quot;:&quot;&quot;,&quot;camera&quot;:&quot;&quot;,&quot;caption&quot;:&quot;&quot;,&quot;created_timestamp&quot;:&quot;0&quot;,&quot;copyright&quot;:&quot;&quot;,&quot;focal_length&quot;:&quot;0&quot;,&quot;iso&quot;:&quot;0&quot;,&quot;shutter_speed&quot;:&quot;0&quot;,&quot;title&quot;:&quot;&quot;,&quot;orientation&quot;:&quot;0&quot;}\" data-image-title=\"IMG_8809\" data-image-description=\"\" data-image-caption=\"\" data-large-file=\"https:\/\/cloud.alqueria.es\/wp-content\/uploads\/sites\/12\/2019\/01\/IMG_8809.jpg\" \/><\/a>\n\t\t\t<\/div><\/figure><figure class='gallery-item'>\n\t\t\t<div class='gallery-icon portrait'>\n\t\t\t\t<a href='https:\/\/www.alqueria.es\/blogs\/alqueriaartistica\/2019\/01\/17\/personajes-3\/img_8812-2\/'><img decoding=\"async\" width=\"474\" height=\"652\" src=\"https:\/\/cloud.alqueria.es\/wp-content\/uploads\/sites\/12\/2019\/01\/IMG_8812.jpg\" class=\"attachment-large size-large\" alt=\"\" srcset=\"https:\/\/cloud.alqueria.es\/wp-content\/uploads\/sites\/12\/2019\/01\/IMG_8812.jpg 744w, https:\/\/cloud.alqueria.es\/wp-content\/uploads\/sites\/12\/2019\/01\/IMG_8812.jpg 218w\" sizes=\"(max-width: 474px) 100vw, 474px\" data-attachment-id=\"26053\" data-permalink=\"https:\/\/www.alqueria.es\/blogs\/alqueriaartistica\/2019\/01\/17\/personajes-3\/img_8812-2\/\" data-orig-file=\"https:\/\/cloud.alqueria.es\/wp-content\/uploads\/sites\/12\/2019\/01\/IMG_8812.jpg\" data-orig-size=\"744,1024\" data-comments-opened=\"1\" data-image-meta=\"{&quot;aperture&quot;:&quot;0&quot;,&quot;credit&quot;:&quot;&quot;,&quot;camera&quot;:&quot;&quot;,&quot;caption&quot;:&quot;&quot;,&quot;created_timestamp&quot;:&quot;0&quot;,&quot;copyright&quot;:&quot;&quot;,&quot;focal_length&quot;:&quot;0&quot;,&quot;iso&quot;:&quot;0&quot;,&quot;shutter_speed&quot;:&quot;0&quot;,&quot;title&quot;:&quot;&quot;,&quot;orientation&quot;:&quot;0&quot;}\" data-image-title=\"IMG_8812\" data-image-description=\"\" data-image-caption=\"\" data-large-file=\"https:\/\/cloud.alqueria.es\/wp-content\/uploads\/sites\/12\/2019\/01\/IMG_8812.jpg\" \/><\/a>\n\t\t\t<\/div><\/figure><figure class='gallery-item'>\n\t\t\t<div class='gallery-icon portrait'>\n\t\t\t\t<a href='https:\/\/www.alqueria.es\/blogs\/alqueriaartistica\/2019\/01\/17\/personajes-3\/img_8814-2\/'><img decoding=\"async\" width=\"474\" height=\"657\" src=\"https:\/\/cloud.alqueria.es\/wp-content\/uploads\/sites\/12\/2019\/01\/IMG_8814.jpg\" class=\"attachment-large size-large\" alt=\"\" srcset=\"https:\/\/cloud.alqueria.es\/wp-content\/uploads\/sites\/12\/2019\/01\/IMG_8814.jpg 739w, https:\/\/cloud.alqueria.es\/wp-content\/uploads\/sites\/12\/2019\/01\/IMG_8814.jpg 217w\" sizes=\"(max-width: 474px) 100vw, 474px\" data-attachment-id=\"26055\" data-permalink=\"https:\/\/www.alqueria.es\/blogs\/alqueriaartistica\/2019\/01\/17\/personajes-3\/img_8814-2\/\" data-orig-file=\"https:\/\/cloud.alqueria.es\/wp-content\/uploads\/sites\/12\/2019\/01\/IMG_8814.jpg\" data-orig-size=\"739,1024\" data-comments-opened=\"1\" data-image-meta=\"{&quot;aperture&quot;:&quot;0&quot;,&quot;credit&quot;:&quot;&quot;,&quot;camera&quot;:&quot;&quot;,&quot;caption&quot;:&quot;&quot;,&quot;created_timestamp&quot;:&quot;0&quot;,&quot;copyright&quot;:&quot;&quot;,&quot;focal_length&quot;:&quot;0&quot;,&quot;iso&quot;:&quot;0&quot;,&quot;shutter_speed&quot;:&quot;0&quot;,&quot;title&quot;:&quot;&quot;,&quot;orientation&quot;:&quot;0&quot;}\" data-image-title=\"IMG_8814\" data-image-description=\"\" data-image-caption=\"\" data-large-file=\"https:\/\/cloud.alqueria.es\/wp-content\/uploads\/sites\/12\/2019\/01\/IMG_8814.jpg\" \/><\/a>\n\t\t\t<\/div><\/figure><figure class='gallery-item'>\n\t\t\t<div class='gallery-icon portrait'>\n\t\t\t\t<a href='https:\/\/www.alqueria.es\/blogs\/alqueriaartistica\/2019\/01\/17\/personajes-3\/img_8818-2\/'><img decoding=\"async\" width=\"474\" height=\"649\" src=\"https:\/\/cloud.alqueria.es\/wp-content\/uploads\/sites\/12\/2019\/01\/IMG_8818.jpg\" class=\"attachment-large size-large\" alt=\"\" srcset=\"https:\/\/cloud.alqueria.es\/wp-content\/uploads\/sites\/12\/2019\/01\/IMG_8818.jpg 748w, https:\/\/cloud.alqueria.es\/wp-content\/uploads\/sites\/12\/2019\/01\/IMG_8818.jpg 219w\" sizes=\"(max-width: 474px) 100vw, 474px\" data-attachment-id=\"26059\" data-permalink=\"https:\/\/www.alqueria.es\/blogs\/alqueriaartistica\/2019\/01\/17\/personajes-3\/img_8818-2\/\" data-orig-file=\"https:\/\/cloud.alqueria.es\/wp-content\/uploads\/sites\/12\/2019\/01\/IMG_8818.jpg\" data-orig-size=\"748,1024\" data-comments-opened=\"1\" data-image-meta=\"{&quot;aperture&quot;:&quot;0&quot;,&quot;credit&quot;:&quot;&quot;,&quot;camera&quot;:&quot;&quot;,&quot;caption&quot;:&quot;&quot;,&quot;created_timestamp&quot;:&quot;0&quot;,&quot;copyright&quot;:&quot;&quot;,&quot;focal_length&quot;:&quot;0&quot;,&quot;iso&quot;:&quot;0&quot;,&quot;shutter_speed&quot;:&quot;0&quot;,&quot;title&quot;:&quot;&quot;,&quot;orientation&quot;:&quot;0&quot;}\" data-image-title=\"IMG_8818\" data-image-description=\"\" data-image-caption=\"\" data-large-file=\"https:\/\/cloud.alqueria.es\/wp-content\/uploads\/sites\/12\/2019\/01\/IMG_8818.jpg\" \/><\/a>\n\t\t\t<\/div><\/figure><figure class='gallery-item'>\n\t\t\t<div class='gallery-icon portrait'>\n\t\t\t\t<a href='https:\/\/www.alqueria.es\/blogs\/alqueriaartistica\/2019\/01\/17\/personajes-3\/img_8821-2\/'><img decoding=\"async\" width=\"474\" height=\"670\" src=\"https:\/\/cloud.alqueria.es\/wp-content\/uploads\/sites\/12\/2019\/01\/IMG_8821.jpg\" class=\"attachment-large size-large\" alt=\"\" srcset=\"https:\/\/cloud.alqueria.es\/wp-content\/uploads\/sites\/12\/2019\/01\/IMG_8821.jpg 724w, https:\/\/cloud.alqueria.es\/wp-content\/uploads\/sites\/12\/2019\/01\/IMG_8821.jpg 212w\" sizes=\"(max-width: 474px) 100vw, 474px\" data-attachment-id=\"26062\" data-permalink=\"https:\/\/www.alqueria.es\/blogs\/alqueriaartistica\/2019\/01\/17\/personajes-3\/img_8821-2\/\" data-orig-file=\"https:\/\/cloud.alqueria.es\/wp-content\/uploads\/sites\/12\/2019\/01\/IMG_8821.jpg\" data-orig-size=\"724,1024\" data-comments-opened=\"1\" data-image-meta=\"{&quot;aperture&quot;:&quot;0&quot;,&quot;credit&quot;:&quot;&quot;,&quot;camera&quot;:&quot;&quot;,&quot;caption&quot;:&quot;&quot;,&quot;created_timestamp&quot;:&quot;0&quot;,&quot;copyright&quot;:&quot;&quot;,&quot;focal_length&quot;:&quot;0&quot;,&quot;iso&quot;:&quot;0&quot;,&quot;shutter_speed&quot;:&quot;0&quot;,&quot;title&quot;:&quot;&quot;,&quot;orientation&quot;:&quot;0&quot;}\" data-image-title=\"IMG_8821\" data-image-description=\"\" data-image-caption=\"\" data-large-file=\"https:\/\/cloud.alqueria.es\/wp-content\/uploads\/sites\/12\/2019\/01\/IMG_8821.jpg\" \/><\/a>\n\t\t\t<\/div><\/figure><figure class='gallery-item'>\n\t\t\t<div class='gallery-icon portrait'>\n\t\t\t\t<a href='https:\/\/www.alqueria.es\/blogs\/alqueriaartistica\/2019\/01\/17\/personajes-3\/img_8810-2\/'><img decoding=\"async\" width=\"474\" height=\"632\" src=\"https:\/\/cloud.alqueria.es\/wp-content\/uploads\/sites\/12\/2019\/01\/IMG_8810.jpg\" class=\"attachment-large size-large\" alt=\"\" srcset=\"https:\/\/cloud.alqueria.es\/wp-content\/uploads\/sites\/12\/2019\/01\/IMG_8810.jpg 768w, https:\/\/cloud.alqueria.es\/wp-content\/uploads\/sites\/12\/2019\/01\/IMG_8810.jpg 225w\" sizes=\"(max-width: 474px) 100vw, 474px\" data-attachment-id=\"26051\" data-permalink=\"https:\/\/www.alqueria.es\/blogs\/alqueriaartistica\/2019\/01\/17\/personajes-3\/img_8810-2\/\" data-orig-file=\"https:\/\/cloud.alqueria.es\/wp-content\/uploads\/sites\/12\/2019\/01\/IMG_8810.jpg\" data-orig-size=\"768,1024\" data-comments-opened=\"1\" data-image-meta=\"{&quot;aperture&quot;:&quot;0&quot;,&quot;credit&quot;:&quot;&quot;,&quot;camera&quot;:&quot;&quot;,&quot;caption&quot;:&quot;&quot;,&quot;created_timestamp&quot;:&quot;0&quot;,&quot;copyright&quot;:&quot;&quot;,&quot;focal_length&quot;:&quot;0&quot;,&quot;iso&quot;:&quot;0&quot;,&quot;shutter_speed&quot;:&quot;0&quot;,&quot;title&quot;:&quot;&quot;,&quot;orientation&quot;:&quot;0&quot;}\" data-image-title=\"IMG_8810\" data-image-description=\"\" data-image-caption=\"\" data-large-file=\"https:\/\/cloud.alqueria.es\/wp-content\/uploads\/sites\/12\/2019\/01\/IMG_8810.jpg\" \/><\/a>\n\t\t\t<\/div><\/figure><figure class='gallery-item'>\n\t\t\t<div class='gallery-icon portrait'>\n\t\t\t\t<a href='https:\/\/www.alqueria.es\/blogs\/alqueriaartistica\/2019\/01\/17\/personajes-3\/img_8811-2\/'><img decoding=\"async\" width=\"474\" height=\"632\" src=\"https:\/\/cloud.alqueria.es\/wp-content\/uploads\/sites\/12\/2019\/01\/IMG_8811.jpg\" class=\"attachment-large size-large\" alt=\"\" srcset=\"https:\/\/cloud.alqueria.es\/wp-content\/uploads\/sites\/12\/2019\/01\/IMG_8811.jpg 768w, https:\/\/cloud.alqueria.es\/wp-content\/uploads\/sites\/12\/2019\/01\/IMG_8811.jpg 225w\" sizes=\"(max-width: 474px) 100vw, 474px\" data-attachment-id=\"26052\" data-permalink=\"https:\/\/www.alqueria.es\/blogs\/alqueriaartistica\/2019\/01\/17\/personajes-3\/img_8811-2\/\" data-orig-file=\"https:\/\/cloud.alqueria.es\/wp-content\/uploads\/sites\/12\/2019\/01\/IMG_8811.jpg\" data-orig-size=\"768,1024\" data-comments-opened=\"1\" data-image-meta=\"{&quot;aperture&quot;:&quot;0&quot;,&quot;credit&quot;:&quot;&quot;,&quot;camera&quot;:&quot;&quot;,&quot;caption&quot;:&quot;&quot;,&quot;created_timestamp&quot;:&quot;0&quot;,&quot;copyright&quot;:&quot;&quot;,&quot;focal_length&quot;:&quot;0&quot;,&quot;iso&quot;:&quot;0&quot;,&quot;shutter_speed&quot;:&quot;0&quot;,&quot;title&quot;:&quot;&quot;,&quot;orientation&quot;:&quot;0&quot;}\" data-image-title=\"IMG_8811\" data-image-description=\"\" data-image-caption=\"\" data-large-file=\"https:\/\/cloud.alqueria.es\/wp-content\/uploads\/sites\/12\/2019\/01\/IMG_8811.jpg\" \/><\/a>\n\t\t\t<\/div><\/figure><figure class='gallery-item'>\n\t\t\t<div class='gallery-icon portrait'>\n\t\t\t\t<a href='https:\/\/www.alqueria.es\/blogs\/alqueriaartistica\/2019\/01\/17\/personajes-3\/img_8813-2\/'><img decoding=\"async\" width=\"474\" height=\"632\" src=\"https:\/\/cloud.alqueria.es\/wp-content\/uploads\/sites\/12\/2019\/01\/IMG_8813.jpg\" class=\"attachment-large size-large\" alt=\"\" srcset=\"https:\/\/cloud.alqueria.es\/wp-content\/uploads\/sites\/12\/2019\/01\/IMG_8813.jpg 768w, https:\/\/cloud.alqueria.es\/wp-content\/uploads\/sites\/12\/2019\/01\/IMG_8813.jpg 225w\" sizes=\"(max-width: 474px) 100vw, 474px\" data-attachment-id=\"26054\" data-permalink=\"https:\/\/www.alqueria.es\/blogs\/alqueriaartistica\/2019\/01\/17\/personajes-3\/img_8813-2\/\" data-orig-file=\"https:\/\/cloud.alqueria.es\/wp-content\/uploads\/sites\/12\/2019\/01\/IMG_8813.jpg\" data-orig-size=\"768,1024\" data-comments-opened=\"1\" data-image-meta=\"{&quot;aperture&quot;:&quot;0&quot;,&quot;credit&quot;:&quot;&quot;,&quot;camera&quot;:&quot;&quot;,&quot;caption&quot;:&quot;&quot;,&quot;created_timestamp&quot;:&quot;0&quot;,&quot;copyright&quot;:&quot;&quot;,&quot;focal_length&quot;:&quot;0&quot;,&quot;iso&quot;:&quot;0&quot;,&quot;shutter_speed&quot;:&quot;0&quot;,&quot;title&quot;:&quot;&quot;,&quot;orientation&quot;:&quot;0&quot;}\" data-image-title=\"IMG_8813\" data-image-description=\"\" data-image-caption=\"\" data-large-file=\"https:\/\/cloud.alqueria.es\/wp-content\/uploads\/sites\/12\/2019\/01\/IMG_8813.jpg\" \/><\/a>\n\t\t\t<\/div><\/figure><figure class='gallery-item'>\n\t\t\t<div class='gallery-icon portrait'>\n\t\t\t\t<a href='https:\/\/www.alqueria.es\/blogs\/alqueriaartistica\/2019\/01\/17\/personajes-3\/img_8815-2\/'><img decoding=\"async\" width=\"474\" height=\"690\" src=\"https:\/\/cloud.alqueria.es\/wp-content\/uploads\/sites\/12\/2019\/01\/IMG_8815.jpg\" class=\"attachment-large size-large\" alt=\"\" srcset=\"https:\/\/cloud.alqueria.es\/wp-content\/uploads\/sites\/12\/2019\/01\/IMG_8815.jpg 703w, https:\/\/cloud.alqueria.es\/wp-content\/uploads\/sites\/12\/2019\/01\/IMG_8815.jpg 206w\" sizes=\"(max-width: 474px) 100vw, 474px\" data-attachment-id=\"26056\" data-permalink=\"https:\/\/www.alqueria.es\/blogs\/alqueriaartistica\/2019\/01\/17\/personajes-3\/img_8815-2\/\" data-orig-file=\"https:\/\/cloud.alqueria.es\/wp-content\/uploads\/sites\/12\/2019\/01\/IMG_8815.jpg\" data-orig-size=\"703,1024\" data-comments-opened=\"1\" data-image-meta=\"{&quot;aperture&quot;:&quot;0&quot;,&quot;credit&quot;:&quot;&quot;,&quot;camera&quot;:&quot;&quot;,&quot;caption&quot;:&quot;&quot;,&quot;created_timestamp&quot;:&quot;0&quot;,&quot;copyright&quot;:&quot;&quot;,&quot;focal_length&quot;:&quot;0&quot;,&quot;iso&quot;:&quot;0&quot;,&quot;shutter_speed&quot;:&quot;0&quot;,&quot;title&quot;:&quot;&quot;,&quot;orientation&quot;:&quot;0&quot;}\" data-image-title=\"IMG_8815\" data-image-description=\"\" data-image-caption=\"\" data-large-file=\"https:\/\/cloud.alqueria.es\/wp-content\/uploads\/sites\/12\/2019\/01\/IMG_8815.jpg\" \/><\/a>\n\t\t\t<\/div><\/figure><figure class='gallery-item'>\n\t\t\t<div class='gallery-icon portrait'>\n\t\t\t\t<a href='https:\/\/www.alqueria.es\/blogs\/alqueriaartistica\/2019\/01\/17\/personajes-3\/img_8816-3\/'><img decoding=\"async\" width=\"474\" height=\"632\" src=\"https:\/\/cloud.alqueria.es\/wp-content\/uploads\/sites\/12\/2019\/01\/IMG_8816.jpg\" class=\"attachment-large size-large\" alt=\"\" srcset=\"https:\/\/cloud.alqueria.es\/wp-content\/uploads\/sites\/12\/2019\/01\/IMG_8816.jpg 768w, https:\/\/cloud.alqueria.es\/wp-content\/uploads\/sites\/12\/2019\/01\/IMG_8816.jpg 225w\" sizes=\"(max-width: 474px) 100vw, 474px\" data-attachment-id=\"26057\" data-permalink=\"https:\/\/www.alqueria.es\/blogs\/alqueriaartistica\/2019\/01\/17\/personajes-3\/img_8816-3\/\" data-orig-file=\"https:\/\/cloud.alqueria.es\/wp-content\/uploads\/sites\/12\/2019\/01\/IMG_8816.jpg\" data-orig-size=\"768,1024\" data-comments-opened=\"1\" data-image-meta=\"{&quot;aperture&quot;:&quot;0&quot;,&quot;credit&quot;:&quot;&quot;,&quot;camera&quot;:&quot;&quot;,&quot;caption&quot;:&quot;&quot;,&quot;created_timestamp&quot;:&quot;0&quot;,&quot;copyright&quot;:&quot;&quot;,&quot;focal_length&quot;:&quot;0&quot;,&quot;iso&quot;:&quot;0&quot;,&quot;shutter_speed&quot;:&quot;0&quot;,&quot;title&quot;:&quot;&quot;,&quot;orientation&quot;:&quot;0&quot;}\" data-image-title=\"IMG_8816\" data-image-description=\"\" data-image-caption=\"\" data-large-file=\"https:\/\/cloud.alqueria.es\/wp-content\/uploads\/sites\/12\/2019\/01\/IMG_8816.jpg\" \/><\/a>\n\t\t\t<\/div><\/figure><figure class='gallery-item'>\n\t\t\t<div class='gallery-icon portrait'>\n\t\t\t\t<a href='https:\/\/www.alqueria.es\/blogs\/alqueriaartistica\/2019\/01\/17\/personajes-3\/img_8817-3\/'><img decoding=\"async\" width=\"474\" height=\"632\" src=\"https:\/\/cloud.alqueria.es\/wp-content\/uploads\/sites\/12\/2019\/01\/IMG_8817.jpg\" class=\"attachment-large size-large\" alt=\"\" srcset=\"https:\/\/cloud.alqueria.es\/wp-content\/uploads\/sites\/12\/2019\/01\/IMG_8817.jpg 768w, https:\/\/cloud.alqueria.es\/wp-content\/uploads\/sites\/12\/2019\/01\/IMG_8817.jpg 225w\" sizes=\"(max-width: 474px) 100vw, 474px\" data-attachment-id=\"26058\" data-permalink=\"https:\/\/www.alqueria.es\/blogs\/alqueriaartistica\/2019\/01\/17\/personajes-3\/img_8817-3\/\" data-orig-file=\"https:\/\/cloud.alqueria.es\/wp-content\/uploads\/sites\/12\/2019\/01\/IMG_8817.jpg\" data-orig-size=\"768,1024\" data-comments-opened=\"1\" data-image-meta=\"{&quot;aperture&quot;:&quot;0&quot;,&quot;credit&quot;:&quot;&quot;,&quot;camera&quot;:&quot;&quot;,&quot;caption&quot;:&quot;&quot;,&quot;created_timestamp&quot;:&quot;0&quot;,&quot;copyright&quot;:&quot;&quot;,&quot;focal_length&quot;:&quot;0&quot;,&quot;iso&quot;:&quot;0&quot;,&quot;shutter_speed&quot;:&quot;0&quot;,&quot;title&quot;:&quot;&quot;,&quot;orientation&quot;:&quot;0&quot;}\" data-image-title=\"IMG_8817\" data-image-description=\"\" data-image-caption=\"\" data-large-file=\"https:\/\/cloud.alqueria.es\/wp-content\/uploads\/sites\/12\/2019\/01\/IMG_8817.jpg\" \/><\/a>\n\t\t\t<\/div><\/figure><figure class='gallery-item'>\n\t\t\t<div class='gallery-icon portrait'>\n\t\t\t\t<a href='https:\/\/www.alqueria.es\/blogs\/alqueriaartistica\/2019\/01\/17\/personajes-3\/img_8832-2\/'><img decoding=\"async\" width=\"474\" height=\"690\" src=\"https:\/\/cloud.alqueria.es\/wp-content\/uploads\/sites\/12\/2019\/01\/IMG_8832.jpg\" class=\"attachment-large size-large\" alt=\"\" srcset=\"https:\/\/cloud.alqueria.es\/wp-content\/uploads\/sites\/12\/2019\/01\/IMG_8832.jpg 703w, https:\/\/cloud.alqueria.es\/wp-content\/uploads\/sites\/12\/2019\/01\/IMG_8832.jpg 206w\" sizes=\"(max-width: 474px) 100vw, 474px\" data-attachment-id=\"26072\" data-permalink=\"https:\/\/www.alqueria.es\/blogs\/alqueriaartistica\/2019\/01\/17\/personajes-3\/img_8832-2\/\" data-orig-file=\"https:\/\/cloud.alqueria.es\/wp-content\/uploads\/sites\/12\/2019\/01\/IMG_8832.jpg\" data-orig-size=\"703,1024\" data-comments-opened=\"1\" data-image-meta=\"{&quot;aperture&quot;:&quot;0&quot;,&quot;credit&quot;:&quot;&quot;,&quot;camera&quot;:&quot;&quot;,&quot;caption&quot;:&quot;&quot;,&quot;created_timestamp&quot;:&quot;0&quot;,&quot;copyright&quot;:&quot;&quot;,&quot;focal_length&quot;:&quot;0&quot;,&quot;iso&quot;:&quot;0&quot;,&quot;shutter_speed&quot;:&quot;0&quot;,&quot;title&quot;:&quot;&quot;,&quot;orientation&quot;:&quot;0&quot;}\" data-image-title=\"IMG_8832\" data-image-description=\"\" data-image-caption=\"\" data-large-file=\"https:\/\/cloud.alqueria.es\/wp-content\/uploads\/sites\/12\/2019\/01\/IMG_8832.jpg\" \/><\/a>\n\t\t\t<\/div><\/figure><figure class='gallery-item'>\n\t\t\t<div class='gallery-icon portrait'>\n\t\t\t\t<a href='https:\/\/www.alqueria.es\/blogs\/alqueriaartistica\/2019\/01\/17\/personajes-3\/img_8831-3\/'><img decoding=\"async\" width=\"474\" height=\"677\" src=\"https:\/\/cloud.alqueria.es\/wp-content\/uploads\/sites\/12\/2019\/01\/IMG_8831.jpg\" class=\"attachment-large size-large\" alt=\"\" srcset=\"https:\/\/cloud.alqueria.es\/wp-content\/uploads\/sites\/12\/2019\/01\/IMG_8831.jpg 717w, https:\/\/cloud.alqueria.es\/wp-content\/uploads\/sites\/12\/2019\/01\/IMG_8831.jpg 210w\" sizes=\"(max-width: 474px) 100vw, 474px\" data-attachment-id=\"26071\" data-permalink=\"https:\/\/www.alqueria.es\/blogs\/alqueriaartistica\/2019\/01\/17\/personajes-3\/img_8831-3\/\" data-orig-file=\"https:\/\/cloud.alqueria.es\/wp-content\/uploads\/sites\/12\/2019\/01\/IMG_8831.jpg\" data-orig-size=\"717,1024\" data-comments-opened=\"1\" data-image-meta=\"{&quot;aperture&quot;:&quot;0&quot;,&quot;credit&quot;:&quot;&quot;,&quot;camera&quot;:&quot;&quot;,&quot;caption&quot;:&quot;&quot;,&quot;created_timestamp&quot;:&quot;0&quot;,&quot;copyright&quot;:&quot;&quot;,&quot;focal_length&quot;:&quot;0&quot;,&quot;iso&quot;:&quot;0&quot;,&quot;shutter_speed&quot;:&quot;0&quot;,&quot;title&quot;:&quot;&quot;,&quot;orientation&quot;:&quot;0&quot;}\" data-image-title=\"IMG_8831\" data-image-description=\"\" data-image-caption=\"\" data-large-file=\"https:\/\/cloud.alqueria.es\/wp-content\/uploads\/sites\/12\/2019\/01\/IMG_8831.jpg\" \/><\/a>\n\t\t\t<\/div><\/figure><figure class='gallery-item'>\n\t\t\t<div class='gallery-icon portrait'>\n\t\t\t\t<a href='https:\/\/www.alqueria.es\/blogs\/alqueriaartistica\/2019\/01\/17\/personajes-3\/img_8830\/'><img decoding=\"async\" width=\"474\" height=\"656\" src=\"https:\/\/cloud.alqueria.es\/wp-content\/uploads\/sites\/12\/2019\/01\/IMG_8830.jpg\" class=\"attachment-large size-large\" alt=\"\" srcset=\"https:\/\/cloud.alqueria.es\/wp-content\/uploads\/sites\/12\/2019\/01\/IMG_8830.jpg 740w, https:\/\/cloud.alqueria.es\/wp-content\/uploads\/sites\/12\/2019\/01\/IMG_8830.jpg 217w\" sizes=\"(max-width: 474px) 100vw, 474px\" data-attachment-id=\"26070\" data-permalink=\"https:\/\/www.alqueria.es\/blogs\/alqueriaartistica\/2019\/01\/17\/personajes-3\/img_8830\/\" data-orig-file=\"https:\/\/cloud.alqueria.es\/wp-content\/uploads\/sites\/12\/2019\/01\/IMG_8830.jpg\" data-orig-size=\"740,1024\" data-comments-opened=\"1\" data-image-meta=\"{&quot;aperture&quot;:&quot;0&quot;,&quot;credit&quot;:&quot;&quot;,&quot;camera&quot;:&quot;&quot;,&quot;caption&quot;:&quot;&quot;,&quot;created_timestamp&quot;:&quot;0&quot;,&quot;copyright&quot;:&quot;&quot;,&quot;focal_length&quot;:&quot;0&quot;,&quot;iso&quot;:&quot;0&quot;,&quot;shutter_speed&quot;:&quot;0&quot;,&quot;title&quot;:&quot;&quot;,&quot;orientation&quot;:&quot;0&quot;}\" data-image-title=\"IMG_8830\" data-image-description=\"\" data-image-caption=\"\" data-large-file=\"https:\/\/cloud.alqueria.es\/wp-content\/uploads\/sites\/12\/2019\/01\/IMG_8830.jpg\" \/><\/a>\n\t\t\t<\/div><\/figure><figure class='gallery-item'>\n\t\t\t<div class='gallery-icon portrait'>\n\t\t\t\t<a href='https:\/\/www.alqueria.es\/blogs\/alqueriaartistica\/2019\/01\/17\/personajes-3\/img_8825-2\/'><img decoding=\"async\" width=\"474\" height=\"693\" src=\"https:\/\/cloud.alqueria.es\/wp-content\/uploads\/sites\/12\/2019\/01\/IMG_8825.jpg\" class=\"attachment-large size-large\" alt=\"\" srcset=\"https:\/\/cloud.alqueria.es\/wp-content\/uploads\/sites\/12\/2019\/01\/IMG_8825.jpg 700w, https:\/\/cloud.alqueria.es\/wp-content\/uploads\/sites\/12\/2019\/01\/IMG_8825.jpg 205w\" sizes=\"(max-width: 474px) 100vw, 474px\" data-attachment-id=\"26066\" data-permalink=\"https:\/\/www.alqueria.es\/blogs\/alqueriaartistica\/2019\/01\/17\/personajes-3\/img_8825-2\/\" data-orig-file=\"https:\/\/cloud.alqueria.es\/wp-content\/uploads\/sites\/12\/2019\/01\/IMG_8825.jpg\" data-orig-size=\"700,1024\" data-comments-opened=\"1\" data-image-meta=\"{&quot;aperture&quot;:&quot;0&quot;,&quot;credit&quot;:&quot;&quot;,&quot;camera&quot;:&quot;&quot;,&quot;caption&quot;:&quot;&quot;,&quot;created_timestamp&quot;:&quot;0&quot;,&quot;copyright&quot;:&quot;&quot;,&quot;focal_length&quot;:&quot;0&quot;,&quot;iso&quot;:&quot;0&quot;,&quot;shutter_speed&quot;:&quot;0&quot;,&quot;title&quot;:&quot;&quot;,&quot;orientation&quot;:&quot;0&quot;}\" data-image-title=\"IMG_8825\" data-image-description=\"\" data-image-caption=\"\" data-large-file=\"https:\/\/cloud.alqueria.es\/wp-content\/uploads\/sites\/12\/2019\/01\/IMG_8825.jpg\" \/><\/a>\n\t\t\t<\/div><\/figure><figure class='gallery-item'>\n\t\t\t<div class='gallery-icon portrait'>\n\t\t\t\t<a href='https:\/\/www.alqueria.es\/blogs\/alqueriaartistica\/2019\/01\/17\/personajes-3\/img_8827-2\/'><img decoding=\"async\" width=\"474\" height=\"632\" src=\"https:\/\/cloud.alqueria.es\/wp-content\/uploads\/sites\/12\/2019\/01\/IMG_8827.jpg\" class=\"attachment-large size-large\" alt=\"\" srcset=\"https:\/\/cloud.alqueria.es\/wp-content\/uploads\/sites\/12\/2019\/01\/IMG_8827.jpg 768w, https:\/\/cloud.alqueria.es\/wp-content\/uploads\/sites\/12\/2019\/01\/IMG_8827.jpg 225w\" sizes=\"(max-width: 474px) 100vw, 474px\" data-attachment-id=\"26068\" data-permalink=\"https:\/\/www.alqueria.es\/blogs\/alqueriaartistica\/2019\/01\/17\/personajes-3\/img_8827-2\/\" data-orig-file=\"https:\/\/cloud.alqueria.es\/wp-content\/uploads\/sites\/12\/2019\/01\/IMG_8827.jpg\" data-orig-size=\"768,1024\" data-comments-opened=\"1\" data-image-meta=\"{&quot;aperture&quot;:&quot;0&quot;,&quot;credit&quot;:&quot;&quot;,&quot;camera&quot;:&quot;&quot;,&quot;caption&quot;:&quot;&quot;,&quot;created_timestamp&quot;:&quot;0&quot;,&quot;copyright&quot;:&quot;&quot;,&quot;focal_length&quot;:&quot;0&quot;,&quot;iso&quot;:&quot;0&quot;,&quot;shutter_speed&quot;:&quot;0&quot;,&quot;title&quot;:&quot;&quot;,&quot;orientation&quot;:&quot;0&quot;}\" data-image-title=\"IMG_8827\" data-image-description=\"\" data-image-caption=\"\" data-large-file=\"https:\/\/cloud.alqueria.es\/wp-content\/uploads\/sites\/12\/2019\/01\/IMG_8827.jpg\" \/><\/a>\n\t\t\t<\/div><\/figure><figure class='gallery-item'>\n\t\t\t<div class='gallery-icon portrait'>\n\t\t\t\t<a href='https:\/\/www.alqueria.es\/blogs\/alqueriaartistica\/2019\/01\/17\/personajes-3\/img_8823-2\/'><img decoding=\"async\" width=\"474\" height=\"632\" src=\"https:\/\/cloud.alqueria.es\/wp-content\/uploads\/sites\/12\/2019\/01\/IMG_8823.jpg\" class=\"attachment-large size-large\" alt=\"\" srcset=\"https:\/\/cloud.alqueria.es\/wp-content\/uploads\/sites\/12\/2019\/01\/IMG_8823.jpg 768w, https:\/\/cloud.alqueria.es\/wp-content\/uploads\/sites\/12\/2019\/01\/IMG_8823.jpg 225w\" sizes=\"(max-width: 474px) 100vw, 474px\" data-attachment-id=\"26064\" data-permalink=\"https:\/\/www.alqueria.es\/blogs\/alqueriaartistica\/2019\/01\/17\/personajes-3\/img_8823-2\/\" data-orig-file=\"https:\/\/cloud.alqueria.es\/wp-content\/uploads\/sites\/12\/2019\/01\/IMG_8823.jpg\" data-orig-size=\"768,1024\" data-comments-opened=\"1\" data-image-meta=\"{&quot;aperture&quot;:&quot;0&quot;,&quot;credit&quot;:&quot;&quot;,&quot;camera&quot;:&quot;&quot;,&quot;caption&quot;:&quot;&quot;,&quot;created_timestamp&quot;:&quot;0&quot;,&quot;copyright&quot;:&quot;&quot;,&quot;focal_length&quot;:&quot;0&quot;,&quot;iso&quot;:&quot;0&quot;,&quot;shutter_speed&quot;:&quot;0&quot;,&quot;title&quot;:&quot;&quot;,&quot;orientation&quot;:&quot;0&quot;}\" data-image-title=\"IMG_8823\" data-image-description=\"\" data-image-caption=\"\" data-large-file=\"https:\/\/cloud.alqueria.es\/wp-content\/uploads\/sites\/12\/2019\/01\/IMG_8823.jpg\" \/><\/a>\n\t\t\t<\/div><\/figure><figure class='gallery-item'>\n\t\t\t<div class='gallery-icon portrait'>\n\t\t\t\t<a href='https:\/\/www.alqueria.es\/blogs\/alqueriaartistica\/2019\/01\/17\/personajes-3\/img_8824-3\/'><img decoding=\"async\" width=\"474\" height=\"665\" src=\"https:\/\/cloud.alqueria.es\/wp-content\/uploads\/sites\/12\/2019\/01\/IMG_8824.jpg\" class=\"attachment-large size-large\" alt=\"\" srcset=\"https:\/\/cloud.alqueria.es\/wp-content\/uploads\/sites\/12\/2019\/01\/IMG_8824.jpg 730w, https:\/\/cloud.alqueria.es\/wp-content\/uploads\/sites\/12\/2019\/01\/IMG_8824.jpg 214w\" sizes=\"(max-width: 474px) 100vw, 474px\" data-attachment-id=\"26065\" data-permalink=\"https:\/\/www.alqueria.es\/blogs\/alqueriaartistica\/2019\/01\/17\/personajes-3\/img_8824-3\/\" data-orig-file=\"https:\/\/cloud.alqueria.es\/wp-content\/uploads\/sites\/12\/2019\/01\/IMG_8824.jpg\" data-orig-size=\"730,1024\" data-comments-opened=\"1\" data-image-meta=\"{&quot;aperture&quot;:&quot;0&quot;,&quot;credit&quot;:&quot;&quot;,&quot;camera&quot;:&quot;&quot;,&quot;caption&quot;:&quot;&quot;,&quot;created_timestamp&quot;:&quot;0&quot;,&quot;copyright&quot;:&quot;&quot;,&quot;focal_length&quot;:&quot;0&quot;,&quot;iso&quot;:&quot;0&quot;,&quot;shutter_speed&quot;:&quot;0&quot;,&quot;title&quot;:&quot;&quot;,&quot;orientation&quot;:&quot;0&quot;}\" data-image-title=\"IMG_8824\" data-image-description=\"\" data-image-caption=\"\" data-large-file=\"https:\/\/cloud.alqueria.es\/wp-content\/uploads\/sites\/12\/2019\/01\/IMG_8824.jpg\" \/><\/a>\n\t\t\t<\/div><\/figure><figure class='gallery-item'>\n\t\t\t<div class='gallery-icon portrait'>\n\t\t\t\t<a href='https:\/\/www.alqueria.es\/blogs\/alqueriaartistica\/2019\/01\/17\/personajes-3\/img_8822-2\/'><img decoding=\"async\" width=\"474\" height=\"693\" src=\"https:\/\/cloud.alqueria.es\/wp-content\/uploads\/sites\/12\/2019\/01\/IMG_8822.jpg\" class=\"attachment-large size-large\" alt=\"\" srcset=\"https:\/\/cloud.alqueria.es\/wp-content\/uploads\/sites\/12\/2019\/01\/IMG_8822.jpg 700w, https:\/\/cloud.alqueria.es\/wp-content\/uploads\/sites\/12\/2019\/01\/IMG_8822.jpg 205w\" sizes=\"(max-width: 474px) 100vw, 474px\" data-attachment-id=\"26063\" data-permalink=\"https:\/\/www.alqueria.es\/blogs\/alqueriaartistica\/2019\/01\/17\/personajes-3\/img_8822-2\/\" data-orig-file=\"https:\/\/cloud.alqueria.es\/wp-content\/uploads\/sites\/12\/2019\/01\/IMG_8822.jpg\" data-orig-size=\"700,1024\" data-comments-opened=\"1\" data-image-meta=\"{&quot;aperture&quot;:&quot;0&quot;,&quot;credit&quot;:&quot;&quot;,&quot;camera&quot;:&quot;&quot;,&quot;caption&quot;:&quot;&quot;,&quot;created_timestamp&quot;:&quot;0&quot;,&quot;copyright&quot;:&quot;&quot;,&quot;focal_length&quot;:&quot;0&quot;,&quot;iso&quot;:&quot;0&quot;,&quot;shutter_speed&quot;:&quot;0&quot;,&quot;title&quot;:&quot;&quot;,&quot;orientation&quot;:&quot;0&quot;}\" data-image-title=\"IMG_8822\" data-image-description=\"\" data-image-caption=\"\" data-large-file=\"https:\/\/cloud.alqueria.es\/wp-content\/uploads\/sites\/12\/2019\/01\/IMG_8822.jpg\" \/><\/a>\n\t\t\t<\/div><\/figure><figure class='gallery-item'>\n\t\t\t<div class='gallery-icon portrait'>\n\t\t\t\t<a href='https:\/\/www.alqueria.es\/blogs\/alqueriaartistica\/2019\/01\/17\/personajes-3\/img_8826-2\/'><img decoding=\"async\" width=\"474\" height=\"686\" src=\"https:\/\/cloud.alqueria.es\/wp-content\/uploads\/sites\/12\/2019\/01\/IMG_8826.jpg\" class=\"attachment-large size-large\" alt=\"\" srcset=\"https:\/\/cloud.alqueria.es\/wp-content\/uploads\/sites\/12\/2019\/01\/IMG_8826.jpg 708w, https:\/\/cloud.alqueria.es\/wp-content\/uploads\/sites\/12\/2019\/01\/IMG_8826.jpg 207w\" sizes=\"(max-width: 474px) 100vw, 474px\" data-attachment-id=\"26067\" data-permalink=\"https:\/\/www.alqueria.es\/blogs\/alqueriaartistica\/2019\/01\/17\/personajes-3\/img_8826-2\/\" data-orig-file=\"https:\/\/cloud.alqueria.es\/wp-content\/uploads\/sites\/12\/2019\/01\/IMG_8826.jpg\" data-orig-size=\"708,1024\" data-comments-opened=\"1\" data-image-meta=\"{&quot;aperture&quot;:&quot;0&quot;,&quot;credit&quot;:&quot;&quot;,&quot;camera&quot;:&quot;&quot;,&quot;caption&quot;:&quot;&quot;,&quot;created_timestamp&quot;:&quot;0&quot;,&quot;copyright&quot;:&quot;&quot;,&quot;focal_length&quot;:&quot;0&quot;,&quot;iso&quot;:&quot;0&quot;,&quot;shutter_speed&quot;:&quot;0&quot;,&quot;title&quot;:&quot;&quot;,&quot;orientation&quot;:&quot;0&quot;}\" data-image-title=\"IMG_8826\" data-image-description=\"\" data-image-caption=\"\" data-large-file=\"https:\/\/cloud.alqueria.es\/wp-content\/uploads\/sites\/12\/2019\/01\/IMG_8826.jpg\" \/><\/a>\n\t\t\t<\/div><\/figure><figure class='gallery-item'>\n\t\t\t<div class='gallery-icon portrait'>\n\t\t\t\t<a href='https:\/\/www.alqueria.es\/blogs\/alqueriaartistica\/2019\/01\/17\/personajes-3\/img_8828-3\/'><img decoding=\"async\" width=\"474\" height=\"632\" src=\"https:\/\/cloud.alqueria.es\/wp-content\/uploads\/sites\/12\/2019\/01\/IMG_8828.jpg\" class=\"attachment-large size-large\" alt=\"\" srcset=\"https:\/\/cloud.alqueria.es\/wp-content\/uploads\/sites\/12\/2019\/01\/IMG_8828.jpg 768w, https:\/\/cloud.alqueria.es\/wp-content\/uploads\/sites\/12\/2019\/01\/IMG_8828.jpg 225w\" sizes=\"(max-width: 474px) 100vw, 474px\" data-attachment-id=\"26069\" data-permalink=\"https:\/\/www.alqueria.es\/blogs\/alqueriaartistica\/2019\/01\/17\/personajes-3\/img_8828-3\/\" data-orig-file=\"https:\/\/cloud.alqueria.es\/wp-content\/uploads\/sites\/12\/2019\/01\/IMG_8828.jpg\" data-orig-size=\"768,1024\" data-comments-opened=\"1\" data-image-meta=\"{&quot;aperture&quot;:&quot;0&quot;,&quot;credit&quot;:&quot;&quot;,&quot;camera&quot;:&quot;&quot;,&quot;caption&quot;:&quot;&quot;,&quot;created_timestamp&quot;:&quot;0&quot;,&quot;copyright&quot;:&quot;&quot;,&quot;focal_length&quot;:&quot;0&quot;,&quot;iso&quot;:&quot;0&quot;,&quot;shutter_speed&quot;:&quot;0&quot;,&quot;title&quot;:&quot;&quot;,&quot;orientation&quot;:&quot;0&quot;}\" data-image-title=\"IMG_8828\" data-image-description=\"\" data-image-caption=\"\" data-large-file=\"https:\/\/cloud.alqueria.es\/wp-content\/uploads\/sites\/12\/2019\/01\/IMG_8828.jpg\" \/><\/a>\n\t\t\t<\/div><\/figure><figure class='gallery-item'>\n\t\t\t<div class='gallery-icon portrait'>\n\t\t\t\t<a href='https:\/\/www.alqueria.es\/blogs\/alqueriaartistica\/2019\/01\/17\/personajes-3\/img_8820-3\/'><img decoding=\"async\" width=\"474\" height=\"669\" src=\"https:\/\/cloud.alqueria.es\/wp-content\/uploads\/sites\/12\/2019\/01\/IMG_8820.jpg\" class=\"attachment-large size-large\" alt=\"\" srcset=\"https:\/\/cloud.alqueria.es\/wp-content\/uploads\/sites\/12\/2019\/01\/IMG_8820.jpg 726w, https:\/\/cloud.alqueria.es\/wp-content\/uploads\/sites\/12\/2019\/01\/IMG_8820.jpg 213w\" sizes=\"(max-width: 474px) 100vw, 474px\" data-attachment-id=\"26061\" data-permalink=\"https:\/\/www.alqueria.es\/blogs\/alqueriaartistica\/2019\/01\/17\/personajes-3\/img_8820-3\/\" data-orig-file=\"https:\/\/cloud.alqueria.es\/wp-content\/uploads\/sites\/12\/2019\/01\/IMG_8820.jpg\" data-orig-size=\"726,1024\" data-comments-opened=\"1\" data-image-meta=\"{&quot;aperture&quot;:&quot;0&quot;,&quot;credit&quot;:&quot;&quot;,&quot;camera&quot;:&quot;&quot;,&quot;caption&quot;:&quot;&quot;,&quot;created_timestamp&quot;:&quot;0&quot;,&quot;copyright&quot;:&quot;&quot;,&quot;focal_length&quot;:&quot;0&quot;,&quot;iso&quot;:&quot;0&quot;,&quot;shutter_speed&quot;:&quot;0&quot;,&quot;title&quot;:&quot;&quot;,&quot;orientation&quot;:&quot;0&quot;}\" data-image-title=\"IMG_8820\" data-image-description=\"\" data-image-caption=\"\" data-large-file=\"https:\/\/cloud.alqueria.es\/wp-content\/uploads\/sites\/12\/2019\/01\/IMG_8820.jpg\" \/><\/a>\n\t\t\t<\/div><\/figure><figure class='gallery-item'>\n\t\t\t<div class='gallery-icon portrait'>\n\t\t\t\t<a href='https:\/\/www.alqueria.es\/blogs\/alqueriaartistica\/2019\/01\/17\/personajes-3\/img_8819-2\/'><img decoding=\"async\" width=\"474\" height=\"710\" src=\"https:\/\/cloud.alqueria.es\/wp-content\/uploads\/sites\/12\/2019\/01\/IMG_8819.jpg\" class=\"attachment-large size-large\" alt=\"\" srcset=\"https:\/\/cloud.alqueria.es\/wp-content\/uploads\/sites\/12\/2019\/01\/IMG_8819.jpg 684w, https:\/\/cloud.alqueria.es\/wp-content\/uploads\/sites\/12\/2019\/01\/IMG_8819.jpg 200w\" sizes=\"(max-width: 474px) 100vw, 474px\" data-attachment-id=\"26060\" data-permalink=\"https:\/\/www.alqueria.es\/blogs\/alqueriaartistica\/2019\/01\/17\/personajes-3\/img_8819-2\/\" data-orig-file=\"https:\/\/cloud.alqueria.es\/wp-content\/uploads\/sites\/12\/2019\/01\/IMG_8819.jpg\" data-orig-size=\"684,1024\" data-comments-opened=\"1\" data-image-meta=\"{&quot;aperture&quot;:&quot;0&quot;,&quot;credit&quot;:&quot;&quot;,&quot;camera&quot;:&quot;&quot;,&quot;caption&quot;:&quot;&quot;,&quot;created_timestamp&quot;:&quot;0&quot;,&quot;copyright&quot;:&quot;&quot;,&quot;focal_length&quot;:&quot;0&quot;,&quot;iso&quot;:&quot;0&quot;,&quot;shutter_speed&quot;:&quot;0&quot;,&quot;title&quot;:&quot;&quot;,&quot;orientation&quot;:&quot;0&quot;}\" data-image-title=\"IMG_8819\" data-image-description=\"\" data-image-caption=\"\" data-large-file=\"https:\/\/cloud.alqueria.es\/wp-content\/uploads\/sites\/12\/2019\/01\/IMG_8819.jpg\" \/><\/a>\n\t\t\t<\/div><\/figure>\n\t\t<\/div>\n\n<p>Queremos crear un personaje. Para empezar reparto tres papeles por alumno, en cada uno hay representado unos ojos, una nariz y una boca, (los modelos est\u00e1n inspirados en personajes del c\u00f3mic). A partir de ah\u00ed deben imaginar un personaje. La primera reacci\u00f3n cre\u00f3 una inesperada exaltaci\u00f3n colectiva en toda la clase.<\/p>\n<div data-carousel-extra='{&quot;blog_id&quot;:12,&quot;permalink&quot;:&quot;https:\/\/www.alqueria.es\/blogs\/alqueriaartistica\/2019\/01\/17\/personajes-3\/&quot;}' id='gallery-2' class='gallery galleryid-26048 gallery-columns-1 gallery-size-large'><figure class='gallery-item'>\n\t\t\t<div class='gallery-icon landscape'>\n\t\t\t\t<a href='https:\/\/www.alqueria.es\/blogs\/alqueriaartistica\/2019\/01\/17\/personajes-3\/img_8736\/'><img decoding=\"async\" width=\"474\" height=\"356\" src=\"https:\/\/cloud.alqueria.es\/wp-content\/uploads\/sites\/12\/2019\/01\/IMG_8736.jpg\" class=\"attachment-large size-large\" alt=\"\" srcset=\"https:\/\/cloud.alqueria.es\/wp-content\/uploads\/sites\/12\/2019\/01\/IMG_8736.jpg 1024w, https:\/\/cloud.alqueria.es\/wp-content\/uploads\/sites\/12\/2019\/01\/IMG_8736.jpg 300w, https:\/\/cloud.alqueria.es\/wp-content\/uploads\/sites\/12\/2019\/01\/IMG_8736.jpg 768w\" sizes=\"(max-width: 474px) 100vw, 474px\" data-attachment-id=\"26076\" data-permalink=\"https:\/\/www.alqueria.es\/blogs\/alqueriaartistica\/2019\/01\/17\/personajes-3\/img_8736\/\" data-orig-file=\"https:\/\/cloud.alqueria.es\/wp-content\/uploads\/sites\/12\/2019\/01\/IMG_8736.jpg\" data-orig-size=\"1024,768\" data-comments-opened=\"1\" data-image-meta=\"{&quot;aperture&quot;:&quot;0&quot;,&quot;credit&quot;:&quot;&quot;,&quot;camera&quot;:&quot;&quot;,&quot;caption&quot;:&quot;&quot;,&quot;created_timestamp&quot;:&quot;0&quot;,&quot;copyright&quot;:&quot;&quot;,&quot;focal_length&quot;:&quot;0&quot;,&quot;iso&quot;:&quot;0&quot;,&quot;shutter_speed&quot;:&quot;0&quot;,&quot;title&quot;:&quot;&quot;,&quot;orientation&quot;:&quot;0&quot;}\" data-image-title=\"IMG_8736\" data-image-description=\"\" data-image-caption=\"\" data-large-file=\"https:\/\/cloud.alqueria.es\/wp-content\/uploads\/sites\/12\/2019\/01\/IMG_8736.jpg\" \/><\/a>\n\t\t\t<\/div><\/figure>\n\t\t<\/div>\n\n<p>Comparaban lo que cada uno ten\u00eda con lo de sus compa\u00f1eros y estuvieron barajando diversas posibilidades e intercambiando sus papeles.<\/p>\n<div data-carousel-extra='{&quot;blog_id&quot;:12,&quot;permalink&quot;:&quot;https:\/\/www.alqueria.es\/blogs\/alqueriaartistica\/2019\/01\/17\/personajes-3\/&quot;}' id='gallery-3' class='gallery galleryid-26048 gallery-columns-3 gallery-size-large'><figure class='gallery-item'>\n\t\t\t<div class='gallery-icon portrait'>\n\t\t\t\t<a href='https:\/\/www.alqueria.es\/blogs\/alqueriaartistica\/2019\/01\/17\/personajes-3\/img_8742\/'><img decoding=\"async\" width=\"474\" height=\"632\" src=\"https:\/\/cloud.alqueria.es\/wp-content\/uploads\/sites\/12\/2019\/01\/IMG_8742.jpg\" class=\"attachment-large size-large\" alt=\"\" srcset=\"https:\/\/cloud.alqueria.es\/wp-content\/uploads\/sites\/12\/2019\/01\/IMG_8742.jpg 768w, https:\/\/cloud.alqueria.es\/wp-content\/uploads\/sites\/12\/2019\/01\/IMG_8742.jpg 225w\" sizes=\"(max-width: 474px) 100vw, 474px\" data-attachment-id=\"26078\" data-permalink=\"https:\/\/www.alqueria.es\/blogs\/alqueriaartistica\/2019\/01\/17\/personajes-3\/img_8742\/\" data-orig-file=\"https:\/\/cloud.alqueria.es\/wp-content\/uploads\/sites\/12\/2019\/01\/IMG_8742.jpg\" data-orig-size=\"768,1024\" data-comments-opened=\"1\" data-image-meta=\"{&quot;aperture&quot;:&quot;0&quot;,&quot;credit&quot;:&quot;&quot;,&quot;camera&quot;:&quot;&quot;,&quot;caption&quot;:&quot;&quot;,&quot;created_timestamp&quot;:&quot;0&quot;,&quot;copyright&quot;:&quot;&quot;,&quot;focal_length&quot;:&quot;0&quot;,&quot;iso&quot;:&quot;0&quot;,&quot;shutter_speed&quot;:&quot;0&quot;,&quot;title&quot;:&quot;&quot;,&quot;orientation&quot;:&quot;0&quot;}\" data-image-title=\"IMG_8742\" data-image-description=\"\" data-image-caption=\"\" data-large-file=\"https:\/\/cloud.alqueria.es\/wp-content\/uploads\/sites\/12\/2019\/01\/IMG_8742.jpg\" \/><\/a>\n\t\t\t<\/div><\/figure><figure class='gallery-item'>\n\t\t\t<div class='gallery-icon portrait'>\n\t\t\t\t<a href='https:\/\/www.alqueria.es\/blogs\/alqueriaartistica\/2019\/01\/17\/personajes-3\/img_8744-2\/'><img decoding=\"async\" width=\"474\" height=\"632\" src=\"https:\/\/cloud.alqueria.es\/wp-content\/uploads\/sites\/12\/2019\/01\/IMG_8744.jpg\" class=\"attachment-large size-large\" alt=\"\" srcset=\"https:\/\/cloud.alqueria.es\/wp-content\/uploads\/sites\/12\/2019\/01\/IMG_8744.jpg 768w, https:\/\/cloud.alqueria.es\/wp-content\/uploads\/sites\/12\/2019\/01\/IMG_8744.jpg 225w\" sizes=\"(max-width: 474px) 100vw, 474px\" data-attachment-id=\"26079\" data-permalink=\"https:\/\/www.alqueria.es\/blogs\/alqueriaartistica\/2019\/01\/17\/personajes-3\/img_8744-2\/\" data-orig-file=\"https:\/\/cloud.alqueria.es\/wp-content\/uploads\/sites\/12\/2019\/01\/IMG_8744.jpg\" data-orig-size=\"768,1024\" data-comments-opened=\"1\" data-image-meta=\"{&quot;aperture&quot;:&quot;0&quot;,&quot;credit&quot;:&quot;&quot;,&quot;camera&quot;:&quot;&quot;,&quot;caption&quot;:&quot;&quot;,&quot;created_timestamp&quot;:&quot;0&quot;,&quot;copyright&quot;:&quot;&quot;,&quot;focal_length&quot;:&quot;0&quot;,&quot;iso&quot;:&quot;0&quot;,&quot;shutter_speed&quot;:&quot;0&quot;,&quot;title&quot;:&quot;&quot;,&quot;orientation&quot;:&quot;0&quot;}\" data-image-title=\"IMG_8744\" data-image-description=\"\" data-image-caption=\"\" data-large-file=\"https:\/\/cloud.alqueria.es\/wp-content\/uploads\/sites\/12\/2019\/01\/IMG_8744.jpg\" \/><\/a>\n\t\t\t<\/div><\/figure><figure class='gallery-item'>\n\t\t\t<div class='gallery-icon portrait'>\n\t\t\t\t<a href='https:\/\/www.alqueria.es\/blogs\/alqueriaartistica\/2019\/01\/17\/personajes-3\/img_8749-2\/'><img decoding=\"async\" width=\"474\" height=\"632\" src=\"https:\/\/cloud.alqueria.es\/wp-content\/uploads\/sites\/12\/2019\/01\/IMG_8749.jpg\" class=\"attachment-large size-large\" alt=\"\" srcset=\"https:\/\/cloud.alqueria.es\/wp-content\/uploads\/sites\/12\/2019\/01\/IMG_8749.jpg 768w, https:\/\/cloud.alqueria.es\/wp-content\/uploads\/sites\/12\/2019\/01\/IMG_8749.jpg 225w\" sizes=\"(max-width: 474px) 100vw, 474px\" data-attachment-id=\"26080\" data-permalink=\"https:\/\/www.alqueria.es\/blogs\/alqueriaartistica\/2019\/01\/17\/personajes-3\/img_8749-2\/\" data-orig-file=\"https:\/\/cloud.alqueria.es\/wp-content\/uploads\/sites\/12\/2019\/01\/IMG_8749.jpg\" data-orig-size=\"768,1024\" data-comments-opened=\"1\" data-image-meta=\"{&quot;aperture&quot;:&quot;0&quot;,&quot;credit&quot;:&quot;&quot;,&quot;camera&quot;:&quot;&quot;,&quot;caption&quot;:&quot;&quot;,&quot;created_timestamp&quot;:&quot;0&quot;,&quot;copyright&quot;:&quot;&quot;,&quot;focal_length&quot;:&quot;0&quot;,&quot;iso&quot;:&quot;0&quot;,&quot;shutter_speed&quot;:&quot;0&quot;,&quot;title&quot;:&quot;&quot;,&quot;orientation&quot;:&quot;0&quot;}\" data-image-title=\"IMG_8749\" data-image-description=\"\" data-image-caption=\"\" data-large-file=\"https:\/\/cloud.alqueria.es\/wp-content\/uploads\/sites\/12\/2019\/01\/IMG_8749.jpg\" \/><\/a>\n\t\t\t<\/div><\/figure>\n\t\t<\/div>\n\n<p>Incluso bromean personalizando con su rostro otras alternativas.<\/p>\n<div data-carousel-extra='{&quot;blog_id&quot;:12,&quot;permalink&quot;:&quot;https:\/\/www.alqueria.es\/blogs\/alqueriaartistica\/2019\/01\/17\/personajes-3\/&quot;}' id='gallery-4' class='gallery galleryid-26048 gallery-columns-2 gallery-size-large'><figure class='gallery-item'>\n\t\t\t<div class='gallery-icon portrait'>\n\t\t\t\t<a href='https:\/\/www.alqueria.es\/blogs\/alqueriaartistica\/2019\/01\/17\/personajes-3\/img_8752-2\/'><img decoding=\"async\" width=\"474\" height=\"632\" src=\"https:\/\/cloud.alqueria.es\/wp-content\/uploads\/sites\/12\/2019\/01\/IMG_8752.jpg\" class=\"attachment-large size-large\" alt=\"\" srcset=\"https:\/\/cloud.alqueria.es\/wp-content\/uploads\/sites\/12\/2019\/01\/IMG_8752.jpg 768w, https:\/\/cloud.alqueria.es\/wp-content\/uploads\/sites\/12\/2019\/01\/IMG_8752.jpg 225w\" sizes=\"(max-width: 474px) 100vw, 474px\" data-attachment-id=\"26082\" data-permalink=\"https:\/\/www.alqueria.es\/blogs\/alqueriaartistica\/2019\/01\/17\/personajes-3\/img_8752-2\/\" data-orig-file=\"https:\/\/cloud.alqueria.es\/wp-content\/uploads\/sites\/12\/2019\/01\/IMG_8752.jpg\" data-orig-size=\"768,1024\" data-comments-opened=\"1\" data-image-meta=\"{&quot;aperture&quot;:&quot;0&quot;,&quot;credit&quot;:&quot;&quot;,&quot;camera&quot;:&quot;&quot;,&quot;caption&quot;:&quot;&quot;,&quot;created_timestamp&quot;:&quot;0&quot;,&quot;copyright&quot;:&quot;&quot;,&quot;focal_length&quot;:&quot;0&quot;,&quot;iso&quot;:&quot;0&quot;,&quot;shutter_speed&quot;:&quot;0&quot;,&quot;title&quot;:&quot;&quot;,&quot;orientation&quot;:&quot;0&quot;}\" data-image-title=\"IMG_8752\" data-image-description=\"\" data-image-caption=\"\" data-large-file=\"https:\/\/cloud.alqueria.es\/wp-content\/uploads\/sites\/12\/2019\/01\/IMG_8752.jpg\" \/><\/a>\n\t\t\t<\/div><\/figure><figure class='gallery-item'>\n\t\t\t<div class='gallery-icon portrait'>\n\t\t\t\t<a href='https:\/\/www.alqueria.es\/blogs\/alqueriaartistica\/2019\/01\/17\/personajes-3\/img_8751-2\/'><img decoding=\"async\" width=\"474\" height=\"632\" src=\"https:\/\/cloud.alqueria.es\/wp-content\/uploads\/sites\/12\/2019\/01\/IMG_8751.jpg\" class=\"attachment-large size-large\" alt=\"\" srcset=\"https:\/\/cloud.alqueria.es\/wp-content\/uploads\/sites\/12\/2019\/01\/IMG_8751.jpg 768w, https:\/\/cloud.alqueria.es\/wp-content\/uploads\/sites\/12\/2019\/01\/IMG_8751.jpg 225w\" sizes=\"(max-width: 474px) 100vw, 474px\" data-attachment-id=\"26081\" data-permalink=\"https:\/\/www.alqueria.es\/blogs\/alqueriaartistica\/2019\/01\/17\/personajes-3\/img_8751-2\/\" data-orig-file=\"https:\/\/cloud.alqueria.es\/wp-content\/uploads\/sites\/12\/2019\/01\/IMG_8751.jpg\" data-orig-size=\"768,1024\" data-comments-opened=\"1\" data-image-meta=\"{&quot;aperture&quot;:&quot;0&quot;,&quot;credit&quot;:&quot;&quot;,&quot;camera&quot;:&quot;&quot;,&quot;caption&quot;:&quot;&quot;,&quot;created_timestamp&quot;:&quot;0&quot;,&quot;copyright&quot;:&quot;&quot;,&quot;focal_length&quot;:&quot;0&quot;,&quot;iso&quot;:&quot;0&quot;,&quot;shutter_speed&quot;:&quot;0&quot;,&quot;title&quot;:&quot;&quot;,&quot;orientation&quot;:&quot;0&quot;}\" data-image-title=\"IMG_8751\" data-image-description=\"\" data-image-caption=\"\" data-large-file=\"https:\/\/cloud.alqueria.es\/wp-content\/uploads\/sites\/12\/2019\/01\/IMG_8751.jpg\" \/><\/a>\n\t\t\t<\/div><\/figure>\n\t\t<\/div>\n\n<div data-carousel-extra='{&quot;blog_id&quot;:12,&quot;permalink&quot;:&quot;https:\/\/www.alqueria.es\/blogs\/alqueriaartistica\/2019\/01\/17\/personajes-3\/&quot;}' id='gallery-5' class='gallery galleryid-26048 gallery-columns-2 gallery-size-large'><figure class='gallery-item'>\n\t\t\t<div class='gallery-icon portrait'>\n\t\t\t\t<a href='https:\/\/www.alqueria.es\/blogs\/alqueriaartistica\/2019\/01\/17\/personajes-3\/img_8754-3\/'><img decoding=\"async\" width=\"474\" height=\"632\" src=\"https:\/\/cloud.alqueria.es\/wp-content\/uploads\/sites\/12\/2019\/01\/IMG_8754.jpg\" class=\"attachment-large size-large\" alt=\"\" srcset=\"https:\/\/cloud.alqueria.es\/wp-content\/uploads\/sites\/12\/2019\/01\/IMG_8754.jpg 768w, https:\/\/cloud.alqueria.es\/wp-content\/uploads\/sites\/12\/2019\/01\/IMG_8754.jpg 225w\" sizes=\"(max-width: 474px) 100vw, 474px\" data-attachment-id=\"26084\" data-permalink=\"https:\/\/www.alqueria.es\/blogs\/alqueriaartistica\/2019\/01\/17\/personajes-3\/img_8754-3\/\" data-orig-file=\"https:\/\/cloud.alqueria.es\/wp-content\/uploads\/sites\/12\/2019\/01\/IMG_8754.jpg\" data-orig-size=\"768,1024\" data-comments-opened=\"1\" data-image-meta=\"{&quot;aperture&quot;:&quot;0&quot;,&quot;credit&quot;:&quot;&quot;,&quot;camera&quot;:&quot;&quot;,&quot;caption&quot;:&quot;&quot;,&quot;created_timestamp&quot;:&quot;0&quot;,&quot;copyright&quot;:&quot;&quot;,&quot;focal_length&quot;:&quot;0&quot;,&quot;iso&quot;:&quot;0&quot;,&quot;shutter_speed&quot;:&quot;0&quot;,&quot;title&quot;:&quot;&quot;,&quot;orientation&quot;:&quot;0&quot;}\" data-image-title=\"IMG_8754\" data-image-description=\"\" data-image-caption=\"\" data-large-file=\"https:\/\/cloud.alqueria.es\/wp-content\/uploads\/sites\/12\/2019\/01\/IMG_8754.jpg\" \/><\/a>\n\t\t\t<\/div><\/figure><figure class='gallery-item'>\n\t\t\t<div class='gallery-icon portrait'>\n\t\t\t\t<a href='https:\/\/www.alqueria.es\/blogs\/alqueriaartistica\/2019\/01\/17\/personajes-3\/img_8753-2\/'><img decoding=\"async\" width=\"474\" height=\"632\" src=\"https:\/\/cloud.alqueria.es\/wp-content\/uploads\/sites\/12\/2019\/01\/IMG_8753.jpg\" class=\"attachment-large size-large\" alt=\"\" srcset=\"https:\/\/cloud.alqueria.es\/wp-content\/uploads\/sites\/12\/2019\/01\/IMG_8753.jpg 768w, https:\/\/cloud.alqueria.es\/wp-content\/uploads\/sites\/12\/2019\/01\/IMG_8753.jpg 225w\" sizes=\"(max-width: 474px) 100vw, 474px\" data-attachment-id=\"26083\" data-permalink=\"https:\/\/www.alqueria.es\/blogs\/alqueriaartistica\/2019\/01\/17\/personajes-3\/img_8753-2\/\" data-orig-file=\"https:\/\/cloud.alqueria.es\/wp-content\/uploads\/sites\/12\/2019\/01\/IMG_8753.jpg\" data-orig-size=\"768,1024\" data-comments-opened=\"1\" data-image-meta=\"{&quot;aperture&quot;:&quot;0&quot;,&quot;credit&quot;:&quot;&quot;,&quot;camera&quot;:&quot;&quot;,&quot;caption&quot;:&quot;&quot;,&quot;created_timestamp&quot;:&quot;0&quot;,&quot;copyright&quot;:&quot;&quot;,&quot;focal_length&quot;:&quot;0&quot;,&quot;iso&quot;:&quot;0&quot;,&quot;shutter_speed&quot;:&quot;0&quot;,&quot;title&quot;:&quot;&quot;,&quot;orientation&quot;:&quot;0&quot;}\" data-image-title=\"IMG_8753\" data-image-description=\"\" data-image-caption=\"\" data-large-file=\"https:\/\/cloud.alqueria.es\/wp-content\/uploads\/sites\/12\/2019\/01\/IMG_8753.jpg\" \/><\/a>\n\t\t\t<\/div><\/figure>\n\t\t<\/div>\n\n<p>Comienzan a surgir los personajes.<\/p>\n<div data-carousel-extra='{&quot;blog_id&quot;:12,&quot;permalink&quot;:&quot;https:\/\/www.alqueria.es\/blogs\/alqueriaartistica\/2019\/01\/17\/personajes-3\/&quot;}' id='gallery-6' class='gallery galleryid-26048 gallery-columns-3 gallery-size-large'><figure class='gallery-item'>\n\t\t\t<div class='gallery-icon portrait'>\n\t\t\t\t<a href='https:\/\/www.alqueria.es\/blogs\/alqueriaartistica\/2019\/01\/17\/personajes-3\/img_8764\/'><img decoding=\"async\" width=\"474\" height=\"632\" src=\"https:\/\/cloud.alqueria.es\/wp-content\/uploads\/sites\/12\/2019\/01\/IMG_8764.jpg\" class=\"attachment-large size-large\" alt=\"\" srcset=\"https:\/\/cloud.alqueria.es\/wp-content\/uploads\/sites\/12\/2019\/01\/IMG_8764.jpg 768w, https:\/\/cloud.alqueria.es\/wp-content\/uploads\/sites\/12\/2019\/01\/IMG_8764.jpg 225w\" sizes=\"(max-width: 474px) 100vw, 474px\" data-attachment-id=\"26087\" data-permalink=\"https:\/\/www.alqueria.es\/blogs\/alqueriaartistica\/2019\/01\/17\/personajes-3\/img_8764\/\" data-orig-file=\"https:\/\/cloud.alqueria.es\/wp-content\/uploads\/sites\/12\/2019\/01\/IMG_8764.jpg\" data-orig-size=\"768,1024\" data-comments-opened=\"1\" data-image-meta=\"{&quot;aperture&quot;:&quot;0&quot;,&quot;credit&quot;:&quot;&quot;,&quot;camera&quot;:&quot;&quot;,&quot;caption&quot;:&quot;&quot;,&quot;created_timestamp&quot;:&quot;0&quot;,&quot;copyright&quot;:&quot;&quot;,&quot;focal_length&quot;:&quot;0&quot;,&quot;iso&quot;:&quot;0&quot;,&quot;shutter_speed&quot;:&quot;0&quot;,&quot;title&quot;:&quot;&quot;,&quot;orientation&quot;:&quot;0&quot;}\" data-image-title=\"IMG_8764\" data-image-description=\"\" data-image-caption=\"\" data-large-file=\"https:\/\/cloud.alqueria.es\/wp-content\/uploads\/sites\/12\/2019\/01\/IMG_8764.jpg\" \/><\/a>\n\t\t\t<\/div><\/figure><figure class='gallery-item'>\n\t\t\t<div class='gallery-icon landscape'>\n\t\t\t\t<a href='https:\/\/www.alqueria.es\/blogs\/alqueriaartistica\/2019\/01\/17\/personajes-3\/img_8756-2\/'><img decoding=\"async\" width=\"474\" height=\"356\" src=\"https:\/\/cloud.alqueria.es\/wp-content\/uploads\/sites\/12\/2019\/01\/IMG_8756.jpg\" class=\"attachment-large size-large\" alt=\"\" srcset=\"https:\/\/cloud.alqueria.es\/wp-content\/uploads\/sites\/12\/2019\/01\/IMG_8756.jpg 1024w, https:\/\/cloud.alqueria.es\/wp-content\/uploads\/sites\/12\/2019\/01\/IMG_8756.jpg 300w, https:\/\/cloud.alqueria.es\/wp-content\/uploads\/sites\/12\/2019\/01\/IMG_8756.jpg 768w\" sizes=\"(max-width: 474px) 100vw, 474px\" data-attachment-id=\"26085\" data-permalink=\"https:\/\/www.alqueria.es\/blogs\/alqueriaartistica\/2019\/01\/17\/personajes-3\/img_8756-2\/\" data-orig-file=\"https:\/\/cloud.alqueria.es\/wp-content\/uploads\/sites\/12\/2019\/01\/IMG_8756.jpg\" data-orig-size=\"1024,768\" data-comments-opened=\"1\" data-image-meta=\"{&quot;aperture&quot;:&quot;0&quot;,&quot;credit&quot;:&quot;&quot;,&quot;camera&quot;:&quot;&quot;,&quot;caption&quot;:&quot;&quot;,&quot;created_timestamp&quot;:&quot;0&quot;,&quot;copyright&quot;:&quot;&quot;,&quot;focal_length&quot;:&quot;0&quot;,&quot;iso&quot;:&quot;0&quot;,&quot;shutter_speed&quot;:&quot;0&quot;,&quot;title&quot;:&quot;&quot;,&quot;orientation&quot;:&quot;0&quot;}\" data-image-title=\"IMG_8756\" data-image-description=\"\" data-image-caption=\"\" data-large-file=\"https:\/\/cloud.alqueria.es\/wp-content\/uploads\/sites\/12\/2019\/01\/IMG_8756.jpg\" \/><\/a>\n\t\t\t<\/div><\/figure><figure class='gallery-item'>\n\t\t\t<div class='gallery-icon portrait'>\n\t\t\t\t<a href='https:\/\/www.alqueria.es\/blogs\/alqueriaartistica\/2019\/01\/17\/personajes-3\/img_8760-2\/'><img decoding=\"async\" width=\"474\" height=\"632\" src=\"https:\/\/cloud.alqueria.es\/wp-content\/uploads\/sites\/12\/2019\/01\/IMG_8760.jpg\" class=\"attachment-large size-large\" alt=\"\" srcset=\"https:\/\/cloud.alqueria.es\/wp-content\/uploads\/sites\/12\/2019\/01\/IMG_8760.jpg 768w, https:\/\/cloud.alqueria.es\/wp-content\/uploads\/sites\/12\/2019\/01\/IMG_8760.jpg 225w\" sizes=\"(max-width: 474px) 100vw, 474px\" data-attachment-id=\"26086\" data-permalink=\"https:\/\/www.alqueria.es\/blogs\/alqueriaartistica\/2019\/01\/17\/personajes-3\/img_8760-2\/\" data-orig-file=\"https:\/\/cloud.alqueria.es\/wp-content\/uploads\/sites\/12\/2019\/01\/IMG_8760.jpg\" data-orig-size=\"768,1024\" data-comments-opened=\"1\" data-image-meta=\"{&quot;aperture&quot;:&quot;0&quot;,&quot;credit&quot;:&quot;&quot;,&quot;camera&quot;:&quot;&quot;,&quot;caption&quot;:&quot;&quot;,&quot;created_timestamp&quot;:&quot;0&quot;,&quot;copyright&quot;:&quot;&quot;,&quot;focal_length&quot;:&quot;0&quot;,&quot;iso&quot;:&quot;0&quot;,&quot;shutter_speed&quot;:&quot;0&quot;,&quot;title&quot;:&quot;&quot;,&quot;orientation&quot;:&quot;0&quot;}\" data-image-title=\"IMG_8760\" data-image-description=\"\" data-image-caption=\"\" data-large-file=\"https:\/\/cloud.alqueria.es\/wp-content\/uploads\/sites\/12\/2019\/01\/IMG_8760.jpg\" \/><\/a>\n\t\t\t<\/div><\/figure><figure class='gallery-item'>\n\t\t\t<div class='gallery-icon portrait'>\n\t\t\t\t<a href='https:\/\/www.alqueria.es\/blogs\/alqueriaartistica\/2019\/01\/17\/personajes-3\/img_8766-2\/'><img decoding=\"async\" width=\"474\" height=\"632\" src=\"https:\/\/cloud.alqueria.es\/wp-content\/uploads\/sites\/12\/2019\/01\/IMG_8766.jpg\" class=\"attachment-large size-large\" alt=\"\" srcset=\"https:\/\/cloud.alqueria.es\/wp-content\/uploads\/sites\/12\/2019\/01\/IMG_8766.jpg 768w, https:\/\/cloud.alqueria.es\/wp-content\/uploads\/sites\/12\/2019\/01\/IMG_8766.jpg 225w\" sizes=\"(max-width: 474px) 100vw, 474px\" data-attachment-id=\"26088\" data-permalink=\"https:\/\/www.alqueria.es\/blogs\/alqueriaartistica\/2019\/01\/17\/personajes-3\/img_8766-2\/\" data-orig-file=\"https:\/\/cloud.alqueria.es\/wp-content\/uploads\/sites\/12\/2019\/01\/IMG_8766.jpg\" data-orig-size=\"768,1024\" data-comments-opened=\"1\" data-image-meta=\"{&quot;aperture&quot;:&quot;0&quot;,&quot;credit&quot;:&quot;&quot;,&quot;camera&quot;:&quot;&quot;,&quot;caption&quot;:&quot;&quot;,&quot;created_timestamp&quot;:&quot;0&quot;,&quot;copyright&quot;:&quot;&quot;,&quot;focal_length&quot;:&quot;0&quot;,&quot;iso&quot;:&quot;0&quot;,&quot;shutter_speed&quot;:&quot;0&quot;,&quot;title&quot;:&quot;&quot;,&quot;orientation&quot;:&quot;0&quot;}\" data-image-title=\"IMG_8766\" data-image-description=\"\" data-image-caption=\"\" data-large-file=\"https:\/\/cloud.alqueria.es\/wp-content\/uploads\/sites\/12\/2019\/01\/IMG_8766.jpg\" \/><\/a>\n\t\t\t<\/div><\/figure><figure class='gallery-item'>\n\t\t\t<div class='gallery-icon landscape'>\n\t\t\t\t<a href='https:\/\/www.alqueria.es\/blogs\/alqueriaartistica\/2019\/01\/17\/personajes-3\/img_8769-3\/'><img decoding=\"async\" width=\"474\" height=\"356\" src=\"https:\/\/cloud.alqueria.es\/wp-content\/uploads\/sites\/12\/2019\/01\/IMG_8769.jpg\" class=\"attachment-large size-large\" alt=\"\" srcset=\"https:\/\/cloud.alqueria.es\/wp-content\/uploads\/sites\/12\/2019\/01\/IMG_8769.jpg 1024w, https:\/\/cloud.alqueria.es\/wp-content\/uploads\/sites\/12\/2019\/01\/IMG_8769.jpg 300w, https:\/\/cloud.alqueria.es\/wp-content\/uploads\/sites\/12\/2019\/01\/IMG_8769.jpg 768w\" sizes=\"(max-width: 474px) 100vw, 474px\" data-attachment-id=\"26089\" data-permalink=\"https:\/\/www.alqueria.es\/blogs\/alqueriaartistica\/2019\/01\/17\/personajes-3\/img_8769-3\/\" data-orig-file=\"https:\/\/cloud.alqueria.es\/wp-content\/uploads\/sites\/12\/2019\/01\/IMG_8769.jpg\" data-orig-size=\"1024,768\" data-comments-opened=\"1\" data-image-meta=\"{&quot;aperture&quot;:&quot;0&quot;,&quot;credit&quot;:&quot;&quot;,&quot;camera&quot;:&quot;&quot;,&quot;caption&quot;:&quot;&quot;,&quot;created_timestamp&quot;:&quot;0&quot;,&quot;copyright&quot;:&quot;&quot;,&quot;focal_length&quot;:&quot;0&quot;,&quot;iso&quot;:&quot;0&quot;,&quot;shutter_speed&quot;:&quot;0&quot;,&quot;title&quot;:&quot;&quot;,&quot;orientation&quot;:&quot;0&quot;}\" data-image-title=\"IMG_8769\" data-image-description=\"\" data-image-caption=\"\" data-large-file=\"https:\/\/cloud.alqueria.es\/wp-content\/uploads\/sites\/12\/2019\/01\/IMG_8769.jpg\" \/><\/a>\n\t\t\t<\/div><\/figure><figure class='gallery-item'>\n\t\t\t<div class='gallery-icon landscape'>\n\t\t\t\t<a href='https:\/\/www.alqueria.es\/blogs\/alqueriaartistica\/2019\/01\/17\/personajes-3\/img_8771-3\/'><img decoding=\"async\" width=\"474\" height=\"356\" src=\"https:\/\/cloud.alqueria.es\/wp-content\/uploads\/sites\/12\/2019\/01\/IMG_8771.jpg\" class=\"attachment-large size-large\" alt=\"\" srcset=\"https:\/\/cloud.alqueria.es\/wp-content\/uploads\/sites\/12\/2019\/01\/IMG_8771.jpg 1024w, https:\/\/cloud.alqueria.es\/wp-content\/uploads\/sites\/12\/2019\/01\/IMG_8771.jpg 300w, https:\/\/cloud.alqueria.es\/wp-content\/uploads\/sites\/12\/2019\/01\/IMG_8771.jpg 768w\" sizes=\"(max-width: 474px) 100vw, 474px\" data-attachment-id=\"26090\" data-permalink=\"https:\/\/www.alqueria.es\/blogs\/alqueriaartistica\/2019\/01\/17\/personajes-3\/img_8771-3\/\" data-orig-file=\"https:\/\/cloud.alqueria.es\/wp-content\/uploads\/sites\/12\/2019\/01\/IMG_8771.jpg\" data-orig-size=\"1024,768\" data-comments-opened=\"1\" data-image-meta=\"{&quot;aperture&quot;:&quot;0&quot;,&quot;credit&quot;:&quot;&quot;,&quot;camera&quot;:&quot;&quot;,&quot;caption&quot;:&quot;&quot;,&quot;created_timestamp&quot;:&quot;0&quot;,&quot;copyright&quot;:&quot;&quot;,&quot;focal_length&quot;:&quot;0&quot;,&quot;iso&quot;:&quot;0&quot;,&quot;shutter_speed&quot;:&quot;0&quot;,&quot;title&quot;:&quot;&quot;,&quot;orientation&quot;:&quot;0&quot;}\" data-image-title=\"IMG_8771\" data-image-description=\"\" data-image-caption=\"\" data-large-file=\"https:\/\/cloud.alqueria.es\/wp-content\/uploads\/sites\/12\/2019\/01\/IMG_8771.jpg\" \/><\/a>\n\t\t\t<\/div><\/figure>\n\t\t<\/div>\n\n<p>La exaltaci\u00f3n inicial origin\u00f3 sentimientos y expectativas variadas. Hubo reacciones de entusiasmo, de dudas y de turbaci\u00f3n. En esta ocasi\u00f3n lo que se les ped\u00eda era que dejasen su \u00a0mente en blanco, que no eligieran el personaje que siempre suelen dibujar. El personaje deb\u00eda de surgir a partir de los tres elementos que ellos hab\u00edan combinado.<\/p>\n<p>Romper las estructuras mentales y tratar de encontrar nuevos caminos les pone en situaci\u00f3n de conflicto, pues deben dejar sus f\u00f3rmulas ya establecidas ( estereotipos sobre la figura humana) \u00a0y decidir nuevas posibilidades. Les relaj\u00f3 cuando les dije que pod\u00eda ser un personaje irreal, sacado de su fantas\u00eda. Llegados a este punto la situaci\u00f3n fluy\u00f3 de forma m\u00e1s relajada y divertida.<\/p>\n<p>Ana Mart\u00edn<\/p>\n","protected":false},"excerpt":{"rendered":"<p>Queremos crear un personaje. Para empezar reparto tres papeles por alumno, en cada uno hay representado unos ojos, una nariz y una boca, (los modelos est\u00e1n inspirados en personajes del c\u00f3mic). A partir de ah\u00ed deben imaginar un personaje. La primera reacci\u00f3n cre\u00f3 una inesperada exaltaci\u00f3n colectiva en toda la clase. Comparaban lo que cada &hellip; <a href=\"https:\/\/www.alqueria.es\/blogs\/alqueriaartistica\/2019\/01\/17\/personajes-3\/\" class=\"more-link\">Seguir leyendo <span class=\"screen-reader-text\">PERSONAJES<\/span> <span class=\"meta-nav\">&rarr;<\/span><\/a><\/p>\n","protected":false},"author":34,"featured_media":0,"comment_status":"open","ping_status":"open","sticky":false,"template":"","format":"standard","meta":{"jetpack_post_was_ever_published":false,"_jetpack_newsletter_access":"","_jetpack_dont_email_post_to_subs":false,"_jetpack_newsletter_tier_id":0,"_jetpack_memberships_contains_paywalled_content":false,"_jetpack_memberships_contains_paid_content":false,"footnotes":"","jetpack_publicize_message":"","jetpack_publicize_feature_enabled":true,"jetpack_social_post_already_shared":true,"jetpack_social_options":{"image_generator_settings":{"template":"highway","default_image_id":0,"font":"","enabled":false},"version":2}},"categories":[11],"tags":[339,91,220,340],"class_list":["post-26048","post","type-post","status-publish","format-standard","hentry","category-3o-epo","tag-dibujo-de-personajes","tag-educacion-artistica-y-visual","tag-elementos-del-rostro","tag-personajes-inventados"],"jetpack_publicize_connections":[],"jetpack_featured_media_url":"","jetpack_sharing_enabled":true,"jetpack_shortlink":"https:\/\/wp.me\/p4mcJu-6M8","_links":{"self":[{"href":"https:\/\/www.alqueria.es\/blogs\/alqueriaartistica\/wp-json\/wp\/v2\/posts\/26048","targetHints":{"allow":["GET"]}}],"collection":[{"href":"https:\/\/www.alqueria.es\/blogs\/alqueriaartistica\/wp-json\/wp\/v2\/posts"}],"about":[{"href":"https:\/\/www.alqueria.es\/blogs\/alqueriaartistica\/wp-json\/wp\/v2\/types\/post"}],"author":[{"embeddable":true,"href":"https:\/\/www.alqueria.es\/blogs\/alqueriaartistica\/wp-json\/wp\/v2\/users\/34"}],"replies":[{"embeddable":true,"href":"https:\/\/www.alqueria.es\/blogs\/alqueriaartistica\/wp-json\/wp\/v2\/comments?post=26048"}],"version-history":[{"count":0,"href":"https:\/\/www.alqueria.es\/blogs\/alqueriaartistica\/wp-json\/wp\/v2\/posts\/26048\/revisions"}],"wp:attachment":[{"href":"https:\/\/www.alqueria.es\/blogs\/alqueriaartistica\/wp-json\/wp\/v2\/media?parent=26048"}],"wp:term":[{"taxonomy":"category","embeddable":true,"href":"https:\/\/www.alqueria.es\/blogs\/alqueriaartistica\/wp-json\/wp\/v2\/categories?post=26048"},{"taxonomy":"post_tag","embeddable":true,"href":"https:\/\/www.alqueria.es\/blogs\/alqueriaartistica\/wp-json\/wp\/v2\/tags?post=26048"}],"curies":[{"name":"wp","href":"https:\/\/api.w.org\/{rel}","templated":true}]}}