{"id":27052,"date":"2019-03-22T00:04:51","date_gmt":"2019-03-21T23:04:51","guid":{"rendered":"https:\/\/www.alqueria.es\/blogs\/alqueriaartistica\/?p=27052"},"modified":"2019-03-22T00:04:51","modified_gmt":"2019-03-21T23:04:51","slug":"dia-mundial-del-agua","status":"publish","type":"post","link":"https:\/\/www.alqueria.es\/blogs\/alqueriaartistica\/2019\/03\/22\/dia-mundial-del-agua\/","title":{"rendered":"D\u00cdA MUNDIAL DEL AGUA"},"content":{"rendered":"<div data-carousel-extra='{&quot;blog_id&quot;:12,&quot;permalink&quot;:&quot;https:\/\/www.alqueria.es\/blogs\/alqueriaartistica\/2019\/03\/22\/dia-mundial-del-agua\/&quot;}' id='gallery-1' class='gallery galleryid-27052 gallery-columns-2 gallery-size-large'><figure class='gallery-item'>\n\t\t\t<div class='gallery-icon landscape'>\n\t\t\t\t<a href='https:\/\/www.alqueria.es\/blogs\/alqueriaartistica\/2019\/03\/22\/dia-mundial-del-agua\/img_9920-2\/'><img decoding=\"async\" width=\"474\" height=\"356\" src=\"https:\/\/cloud.alqueria.es\/wp-content\/uploads\/sites\/12\/2019\/03\/IMG_9920.jpg\" class=\"attachment-large size-large\" alt=\"\" srcset=\"https:\/\/cloud.alqueria.es\/wp-content\/uploads\/sites\/12\/2019\/03\/IMG_9920.jpg 1024w, https:\/\/cloud.alqueria.es\/wp-content\/uploads\/sites\/12\/2019\/03\/IMG_9920.jpg 300w, https:\/\/cloud.alqueria.es\/wp-content\/uploads\/sites\/12\/2019\/03\/IMG_9920.jpg 768w\" sizes=\"(max-width: 474px) 100vw, 474px\" data-attachment-id=\"27196\" data-permalink=\"https:\/\/www.alqueria.es\/blogs\/alqueriaartistica\/2019\/03\/22\/dia-mundial-del-agua\/img_9920-2\/\" data-orig-file=\"https:\/\/cloud.alqueria.es\/wp-content\/uploads\/sites\/12\/2019\/03\/IMG_9920.jpg\" data-orig-size=\"1024,768\" data-comments-opened=\"1\" data-image-meta=\"{&quot;aperture&quot;:&quot;0&quot;,&quot;credit&quot;:&quot;&quot;,&quot;camera&quot;:&quot;&quot;,&quot;caption&quot;:&quot;&quot;,&quot;created_timestamp&quot;:&quot;0&quot;,&quot;copyright&quot;:&quot;&quot;,&quot;focal_length&quot;:&quot;0&quot;,&quot;iso&quot;:&quot;0&quot;,&quot;shutter_speed&quot;:&quot;0&quot;,&quot;title&quot;:&quot;&quot;,&quot;orientation&quot;:&quot;0&quot;}\" data-image-title=\"IMG_9920\" data-image-description=\"\" data-image-caption=\"\" data-large-file=\"https:\/\/cloud.alqueria.es\/wp-content\/uploads\/sites\/12\/2019\/03\/IMG_9920.jpg\" \/><\/a>\n\t\t\t<\/div><\/figure><figure class='gallery-item'>\n\t\t\t<div class='gallery-icon landscape'>\n\t\t\t\t<a href='https:\/\/www.alqueria.es\/blogs\/alqueriaartistica\/2019\/03\/22\/dia-mundial-del-agua\/img_9929-4\/'><img decoding=\"async\" width=\"474\" height=\"301\" src=\"https:\/\/cloud.alqueria.es\/wp-content\/uploads\/sites\/12\/2019\/03\/IMG_9929.jpg\" class=\"attachment-large size-large\" alt=\"\" srcset=\"https:\/\/cloud.alqueria.es\/wp-content\/uploads\/sites\/12\/2019\/03\/IMG_9929.jpg 1024w, https:\/\/cloud.alqueria.es\/wp-content\/uploads\/sites\/12\/2019\/03\/IMG_9929.jpg 300w, https:\/\/cloud.alqueria.es\/wp-content\/uploads\/sites\/12\/2019\/03\/IMG_9929.jpg 768w\" sizes=\"(max-width: 474px) 100vw, 474px\" data-attachment-id=\"27205\" data-permalink=\"https:\/\/www.alqueria.es\/blogs\/alqueriaartistica\/2019\/03\/22\/dia-mundial-del-agua\/img_9929-4\/\" data-orig-file=\"https:\/\/cloud.alqueria.es\/wp-content\/uploads\/sites\/12\/2019\/03\/IMG_9929.jpg\" data-orig-size=\"1024,650\" data-comments-opened=\"1\" data-image-meta=\"{&quot;aperture&quot;:&quot;0&quot;,&quot;credit&quot;:&quot;&quot;,&quot;camera&quot;:&quot;&quot;,&quot;caption&quot;:&quot;&quot;,&quot;created_timestamp&quot;:&quot;0&quot;,&quot;copyright&quot;:&quot;&quot;,&quot;focal_length&quot;:&quot;0&quot;,&quot;iso&quot;:&quot;0&quot;,&quot;shutter_speed&quot;:&quot;0&quot;,&quot;title&quot;:&quot;&quot;,&quot;orientation&quot;:&quot;0&quot;}\" data-image-title=\"IMG_9929\" data-image-description=\"\" data-image-caption=\"\" data-large-file=\"https:\/\/cloud.alqueria.es\/wp-content\/uploads\/sites\/12\/2019\/03\/IMG_9929.jpg\" \/><\/a>\n\t\t\t<\/div><\/figure>\n\t\t<\/div>\n\n<div data-carousel-extra='{&quot;blog_id&quot;:12,&quot;permalink&quot;:&quot;https:\/\/www.alqueria.es\/blogs\/alqueriaartistica\/2019\/03\/22\/dia-mundial-del-agua\/&quot;}' id='gallery-2' class='gallery galleryid-27052 gallery-columns-3 gallery-size-large'><figure class='gallery-item'>\n\t\t\t<div class='gallery-icon landscape'>\n\t\t\t\t<a href='https:\/\/www.alqueria.es\/blogs\/alqueriaartistica\/2019\/03\/22\/dia-mundial-del-agua\/img_9934-2\/'><img decoding=\"async\" width=\"474\" height=\"333\" src=\"https:\/\/cloud.alqueria.es\/wp-content\/uploads\/sites\/12\/2019\/03\/IMG_9934.jpg\" class=\"attachment-large size-large\" alt=\"\" srcset=\"https:\/\/cloud.alqueria.es\/wp-content\/uploads\/sites\/12\/2019\/03\/IMG_9934.jpg 1024w, https:\/\/cloud.alqueria.es\/wp-content\/uploads\/sites\/12\/2019\/03\/IMG_9934.jpg 300w, https:\/\/cloud.alqueria.es\/wp-content\/uploads\/sites\/12\/2019\/03\/IMG_9934.jpg 768w\" sizes=\"(max-width: 474px) 100vw, 474px\" data-attachment-id=\"27210\" data-permalink=\"https:\/\/www.alqueria.es\/blogs\/alqueriaartistica\/2019\/03\/22\/dia-mundial-del-agua\/img_9934-2\/\" data-orig-file=\"https:\/\/cloud.alqueria.es\/wp-content\/uploads\/sites\/12\/2019\/03\/IMG_9934.jpg\" data-orig-size=\"1024,719\" data-comments-opened=\"1\" data-image-meta=\"{&quot;aperture&quot;:&quot;0&quot;,&quot;credit&quot;:&quot;&quot;,&quot;camera&quot;:&quot;&quot;,&quot;caption&quot;:&quot;&quot;,&quot;created_timestamp&quot;:&quot;0&quot;,&quot;copyright&quot;:&quot;&quot;,&quot;focal_length&quot;:&quot;0&quot;,&quot;iso&quot;:&quot;0&quot;,&quot;shutter_speed&quot;:&quot;0&quot;,&quot;title&quot;:&quot;&quot;,&quot;orientation&quot;:&quot;0&quot;}\" data-image-title=\"IMG_9934\" data-image-description=\"\" data-image-caption=\"\" data-large-file=\"https:\/\/cloud.alqueria.es\/wp-content\/uploads\/sites\/12\/2019\/03\/IMG_9934.jpg\" \/><\/a>\n\t\t\t<\/div><\/figure><figure class='gallery-item'>\n\t\t\t<div class='gallery-icon landscape'>\n\t\t\t\t<a href='https:\/\/www.alqueria.es\/blogs\/alqueriaartistica\/2019\/03\/22\/dia-mundial-del-agua\/img_9930-2\/'><img decoding=\"async\" width=\"474\" height=\"362\" src=\"https:\/\/cloud.alqueria.es\/wp-content\/uploads\/sites\/12\/2019\/03\/IMG_9930.jpg\" class=\"attachment-large size-large\" alt=\"\" srcset=\"https:\/\/cloud.alqueria.es\/wp-content\/uploads\/sites\/12\/2019\/03\/IMG_9930.jpg 1024w, https:\/\/cloud.alqueria.es\/wp-content\/uploads\/sites\/12\/2019\/03\/IMG_9930.jpg 300w, https:\/\/cloud.alqueria.es\/wp-content\/uploads\/sites\/12\/2019\/03\/IMG_9930.jpg 768w\" sizes=\"(max-width: 474px) 100vw, 474px\" data-attachment-id=\"27206\" data-permalink=\"https:\/\/www.alqueria.es\/blogs\/alqueriaartistica\/2019\/03\/22\/dia-mundial-del-agua\/img_9930-2\/\" data-orig-file=\"https:\/\/cloud.alqueria.es\/wp-content\/uploads\/sites\/12\/2019\/03\/IMG_9930.jpg\" data-orig-size=\"1024,781\" data-comments-opened=\"1\" data-image-meta=\"{&quot;aperture&quot;:&quot;0&quot;,&quot;credit&quot;:&quot;&quot;,&quot;camera&quot;:&quot;&quot;,&quot;caption&quot;:&quot;&quot;,&quot;created_timestamp&quot;:&quot;0&quot;,&quot;copyright&quot;:&quot;&quot;,&quot;focal_length&quot;:&quot;0&quot;,&quot;iso&quot;:&quot;0&quot;,&quot;shutter_speed&quot;:&quot;0&quot;,&quot;title&quot;:&quot;&quot;,&quot;orientation&quot;:&quot;0&quot;}\" data-image-title=\"IMG_9930\" data-image-description=\"\" data-image-caption=\"\" data-large-file=\"https:\/\/cloud.alqueria.es\/wp-content\/uploads\/sites\/12\/2019\/03\/IMG_9930.jpg\" \/><\/a>\n\t\t\t<\/div><\/figure><figure class='gallery-item'>\n\t\t\t<div class='gallery-icon landscape'>\n\t\t\t\t<a href='https:\/\/www.alqueria.es\/blogs\/alqueriaartistica\/2019\/03\/22\/dia-mundial-del-agua\/img_9932-2\/'><img decoding=\"async\" width=\"474\" height=\"337\" src=\"https:\/\/cloud.alqueria.es\/wp-content\/uploads\/sites\/12\/2019\/03\/IMG_9932.jpg\" class=\"attachment-large size-large\" alt=\"\" srcset=\"https:\/\/cloud.alqueria.es\/wp-content\/uploads\/sites\/12\/2019\/03\/IMG_9932.jpg 1024w, https:\/\/cloud.alqueria.es\/wp-content\/uploads\/sites\/12\/2019\/03\/IMG_9932.jpg 300w, https:\/\/cloud.alqueria.es\/wp-content\/uploads\/sites\/12\/2019\/03\/IMG_9932.jpg 768w\" sizes=\"(max-width: 474px) 100vw, 474px\" data-attachment-id=\"27208\" data-permalink=\"https:\/\/www.alqueria.es\/blogs\/alqueriaartistica\/2019\/03\/22\/dia-mundial-del-agua\/img_9932-2\/\" data-orig-file=\"https:\/\/cloud.alqueria.es\/wp-content\/uploads\/sites\/12\/2019\/03\/IMG_9932.jpg\" data-orig-size=\"1024,728\" data-comments-opened=\"1\" data-image-meta=\"{&quot;aperture&quot;:&quot;0&quot;,&quot;credit&quot;:&quot;&quot;,&quot;camera&quot;:&quot;&quot;,&quot;caption&quot;:&quot;&quot;,&quot;created_timestamp&quot;:&quot;0&quot;,&quot;copyright&quot;:&quot;&quot;,&quot;focal_length&quot;:&quot;0&quot;,&quot;iso&quot;:&quot;0&quot;,&quot;shutter_speed&quot;:&quot;0&quot;,&quot;title&quot;:&quot;&quot;,&quot;orientation&quot;:&quot;0&quot;}\" data-image-title=\"IMG_9932\" data-image-description=\"\" data-image-caption=\"\" data-large-file=\"https:\/\/cloud.alqueria.es\/wp-content\/uploads\/sites\/12\/2019\/03\/IMG_9932.jpg\" \/><\/a>\n\t\t\t<\/div><\/figure>\n\t\t<\/div>\n\n<div data-carousel-extra='{&quot;blog_id&quot;:12,&quot;permalink&quot;:&quot;https:\/\/www.alqueria.es\/blogs\/alqueriaartistica\/2019\/03\/22\/dia-mundial-del-agua\/&quot;}' id='gallery-3' class='gallery galleryid-27052 gallery-columns-3 gallery-size-large'><figure class='gallery-item'>\n\t\t\t<div class='gallery-icon landscape'>\n\t\t\t\t<a href='https:\/\/www.alqueria.es\/blogs\/alqueriaartistica\/2019\/03\/22\/dia-mundial-del-agua\/img_9936-2\/'><img decoding=\"async\" width=\"474\" height=\"316\" src=\"https:\/\/cloud.alqueria.es\/wp-content\/uploads\/sites\/12\/2019\/03\/IMG_9936.jpg\" class=\"attachment-large size-large\" alt=\"\" srcset=\"https:\/\/cloud.alqueria.es\/wp-content\/uploads\/sites\/12\/2019\/03\/IMG_9936.jpg 1024w, https:\/\/cloud.alqueria.es\/wp-content\/uploads\/sites\/12\/2019\/03\/IMG_9936.jpg 300w, https:\/\/cloud.alqueria.es\/wp-content\/uploads\/sites\/12\/2019\/03\/IMG_9936.jpg 768w\" sizes=\"(max-width: 474px) 100vw, 474px\" data-attachment-id=\"27212\" data-permalink=\"https:\/\/www.alqueria.es\/blogs\/alqueriaartistica\/2019\/03\/22\/dia-mundial-del-agua\/img_9936-2\/\" data-orig-file=\"https:\/\/cloud.alqueria.es\/wp-content\/uploads\/sites\/12\/2019\/03\/IMG_9936.jpg\" data-orig-size=\"1024,683\" data-comments-opened=\"1\" data-image-meta=\"{&quot;aperture&quot;:&quot;0&quot;,&quot;credit&quot;:&quot;&quot;,&quot;camera&quot;:&quot;&quot;,&quot;caption&quot;:&quot;&quot;,&quot;created_timestamp&quot;:&quot;0&quot;,&quot;copyright&quot;:&quot;&quot;,&quot;focal_length&quot;:&quot;0&quot;,&quot;iso&quot;:&quot;0&quot;,&quot;shutter_speed&quot;:&quot;0&quot;,&quot;title&quot;:&quot;&quot;,&quot;orientation&quot;:&quot;0&quot;}\" data-image-title=\"IMG_9936\" data-image-description=\"\" data-image-caption=\"\" data-large-file=\"https:\/\/cloud.alqueria.es\/wp-content\/uploads\/sites\/12\/2019\/03\/IMG_9936.jpg\" \/><\/a>\n\t\t\t<\/div><\/figure><figure class='gallery-item'>\n\t\t\t<div class='gallery-icon landscape'>\n\t\t\t\t<a href='https:\/\/www.alqueria.es\/blogs\/alqueriaartistica\/2019\/03\/22\/dia-mundial-del-agua\/img_9935-2\/'><img decoding=\"async\" width=\"474\" height=\"356\" src=\"https:\/\/cloud.alqueria.es\/wp-content\/uploads\/sites\/12\/2019\/03\/IMG_9935.jpg\" class=\"attachment-large size-large\" alt=\"\" srcset=\"https:\/\/cloud.alqueria.es\/wp-content\/uploads\/sites\/12\/2019\/03\/IMG_9935.jpg 1024w, https:\/\/cloud.alqueria.es\/wp-content\/uploads\/sites\/12\/2019\/03\/IMG_9935.jpg 300w, https:\/\/cloud.alqueria.es\/wp-content\/uploads\/sites\/12\/2019\/03\/IMG_9935.jpg 768w\" sizes=\"(max-width: 474px) 100vw, 474px\" data-attachment-id=\"27211\" data-permalink=\"https:\/\/www.alqueria.es\/blogs\/alqueriaartistica\/2019\/03\/22\/dia-mundial-del-agua\/img_9935-2\/\" data-orig-file=\"https:\/\/cloud.alqueria.es\/wp-content\/uploads\/sites\/12\/2019\/03\/IMG_9935.jpg\" data-orig-size=\"1024,768\" data-comments-opened=\"1\" data-image-meta=\"{&quot;aperture&quot;:&quot;0&quot;,&quot;credit&quot;:&quot;&quot;,&quot;camera&quot;:&quot;&quot;,&quot;caption&quot;:&quot;&quot;,&quot;created_timestamp&quot;:&quot;0&quot;,&quot;copyright&quot;:&quot;&quot;,&quot;focal_length&quot;:&quot;0&quot;,&quot;iso&quot;:&quot;0&quot;,&quot;shutter_speed&quot;:&quot;0&quot;,&quot;title&quot;:&quot;&quot;,&quot;orientation&quot;:&quot;0&quot;}\" data-image-title=\"IMG_9935\" data-image-description=\"\" data-image-caption=\"\" data-large-file=\"https:\/\/cloud.alqueria.es\/wp-content\/uploads\/sites\/12\/2019\/03\/IMG_9935.jpg\" \/><\/a>\n\t\t\t<\/div><\/figure><figure class='gallery-item'>\n\t\t\t<div class='gallery-icon landscape'>\n\t\t\t\t<a href='https:\/\/www.alqueria.es\/blogs\/alqueriaartistica\/2019\/03\/22\/dia-mundial-del-agua\/img_9922-3\/'><img decoding=\"async\" width=\"474\" height=\"337\" src=\"https:\/\/cloud.alqueria.es\/wp-content\/uploads\/sites\/12\/2019\/03\/IMG_9922.jpg\" class=\"attachment-large size-large\" alt=\"\" srcset=\"https:\/\/cloud.alqueria.es\/wp-content\/uploads\/sites\/12\/2019\/03\/IMG_9922.jpg 1024w, https:\/\/cloud.alqueria.es\/wp-content\/uploads\/sites\/12\/2019\/03\/IMG_9922.jpg 300w, https:\/\/cloud.alqueria.es\/wp-content\/uploads\/sites\/12\/2019\/03\/IMG_9922.jpg 768w\" sizes=\"(max-width: 474px) 100vw, 474px\" data-attachment-id=\"27198\" data-permalink=\"https:\/\/www.alqueria.es\/blogs\/alqueriaartistica\/2019\/03\/22\/dia-mundial-del-agua\/img_9922-3\/\" data-orig-file=\"https:\/\/cloud.alqueria.es\/wp-content\/uploads\/sites\/12\/2019\/03\/IMG_9922.jpg\" data-orig-size=\"1024,729\" data-comments-opened=\"1\" data-image-meta=\"{&quot;aperture&quot;:&quot;0&quot;,&quot;credit&quot;:&quot;&quot;,&quot;camera&quot;:&quot;&quot;,&quot;caption&quot;:&quot;&quot;,&quot;created_timestamp&quot;:&quot;0&quot;,&quot;copyright&quot;:&quot;&quot;,&quot;focal_length&quot;:&quot;0&quot;,&quot;iso&quot;:&quot;0&quot;,&quot;shutter_speed&quot;:&quot;0&quot;,&quot;title&quot;:&quot;&quot;,&quot;orientation&quot;:&quot;0&quot;}\" data-image-title=\"IMG_9922\" data-image-description=\"\" data-image-caption=\"\" data-large-file=\"https:\/\/cloud.alqueria.es\/wp-content\/uploads\/sites\/12\/2019\/03\/IMG_9922.jpg\" \/><\/a>\n\t\t\t<\/div><\/figure>\n\t\t<\/div>\n\n<div data-carousel-extra='{&quot;blog_id&quot;:12,&quot;permalink&quot;:&quot;https:\/\/www.alqueria.es\/blogs\/alqueriaartistica\/2019\/03\/22\/dia-mundial-del-agua\/&quot;}' id='gallery-4' class='gallery galleryid-27052 gallery-columns-3 gallery-size-large'><figure class='gallery-item'>\n\t\t\t<div class='gallery-icon landscape'>\n\t\t\t\t<a href='https:\/\/www.alqueria.es\/blogs\/alqueriaartistica\/2019\/03\/22\/dia-mundial-del-agua\/img_9921-3\/'><img decoding=\"async\" width=\"474\" height=\"356\" src=\"https:\/\/cloud.alqueria.es\/wp-content\/uploads\/sites\/12\/2019\/03\/IMG_9921.jpg\" class=\"attachment-large size-large\" alt=\"\" srcset=\"https:\/\/cloud.alqueria.es\/wp-content\/uploads\/sites\/12\/2019\/03\/IMG_9921.jpg 1024w, https:\/\/cloud.alqueria.es\/wp-content\/uploads\/sites\/12\/2019\/03\/IMG_9921.jpg 300w, https:\/\/cloud.alqueria.es\/wp-content\/uploads\/sites\/12\/2019\/03\/IMG_9921.jpg 768w\" sizes=\"(max-width: 474px) 100vw, 474px\" data-attachment-id=\"27197\" data-permalink=\"https:\/\/www.alqueria.es\/blogs\/alqueriaartistica\/2019\/03\/22\/dia-mundial-del-agua\/img_9921-3\/\" data-orig-file=\"https:\/\/cloud.alqueria.es\/wp-content\/uploads\/sites\/12\/2019\/03\/IMG_9921.jpg\" data-orig-size=\"1024,768\" data-comments-opened=\"1\" data-image-meta=\"{&quot;aperture&quot;:&quot;0&quot;,&quot;credit&quot;:&quot;&quot;,&quot;camera&quot;:&quot;&quot;,&quot;caption&quot;:&quot;&quot;,&quot;created_timestamp&quot;:&quot;0&quot;,&quot;copyright&quot;:&quot;&quot;,&quot;focal_length&quot;:&quot;0&quot;,&quot;iso&quot;:&quot;0&quot;,&quot;shutter_speed&quot;:&quot;0&quot;,&quot;title&quot;:&quot;&quot;,&quot;orientation&quot;:&quot;0&quot;}\" data-image-title=\"IMG_9921\" data-image-description=\"\" data-image-caption=\"\" data-large-file=\"https:\/\/cloud.alqueria.es\/wp-content\/uploads\/sites\/12\/2019\/03\/IMG_9921.jpg\" \/><\/a>\n\t\t\t<\/div><\/figure><figure class='gallery-item'>\n\t\t\t<div class='gallery-icon landscape'>\n\t\t\t\t<a href='https:\/\/www.alqueria.es\/blogs\/alqueriaartistica\/2019\/03\/22\/dia-mundial-del-agua\/img_9931-3\/'><img decoding=\"async\" width=\"474\" height=\"331\" src=\"https:\/\/cloud.alqueria.es\/wp-content\/uploads\/sites\/12\/2019\/03\/IMG_9931.jpg\" class=\"attachment-large size-large\" alt=\"\" srcset=\"https:\/\/cloud.alqueria.es\/wp-content\/uploads\/sites\/12\/2019\/03\/IMG_9931.jpg 1024w, https:\/\/cloud.alqueria.es\/wp-content\/uploads\/sites\/12\/2019\/03\/IMG_9931.jpg 300w, https:\/\/cloud.alqueria.es\/wp-content\/uploads\/sites\/12\/2019\/03\/IMG_9931.jpg 768w\" sizes=\"(max-width: 474px) 100vw, 474px\" data-attachment-id=\"27207\" data-permalink=\"https:\/\/www.alqueria.es\/blogs\/alqueriaartistica\/2019\/03\/22\/dia-mundial-del-agua\/img_9931-3\/\" data-orig-file=\"https:\/\/cloud.alqueria.es\/wp-content\/uploads\/sites\/12\/2019\/03\/IMG_9931.jpg\" data-orig-size=\"1024,715\" data-comments-opened=\"1\" data-image-meta=\"{&quot;aperture&quot;:&quot;0&quot;,&quot;credit&quot;:&quot;&quot;,&quot;camera&quot;:&quot;&quot;,&quot;caption&quot;:&quot;&quot;,&quot;created_timestamp&quot;:&quot;0&quot;,&quot;copyright&quot;:&quot;&quot;,&quot;focal_length&quot;:&quot;0&quot;,&quot;iso&quot;:&quot;0&quot;,&quot;shutter_speed&quot;:&quot;0&quot;,&quot;title&quot;:&quot;&quot;,&quot;orientation&quot;:&quot;0&quot;}\" data-image-title=\"IMG_9931\" data-image-description=\"\" data-image-caption=\"\" data-large-file=\"https:\/\/cloud.alqueria.es\/wp-content\/uploads\/sites\/12\/2019\/03\/IMG_9931.jpg\" \/><\/a>\n\t\t\t<\/div><\/figure><figure class='gallery-item'>\n\t\t\t<div class='gallery-icon landscape'>\n\t\t\t\t<a href='https:\/\/www.alqueria.es\/blogs\/alqueriaartistica\/2019\/03\/22\/dia-mundial-del-agua\/img_9928-3\/'><img decoding=\"async\" width=\"474\" height=\"305\" src=\"https:\/\/cloud.alqueria.es\/wp-content\/uploads\/sites\/12\/2019\/03\/IMG_9928.jpg\" class=\"attachment-large size-large\" alt=\"\" srcset=\"https:\/\/cloud.alqueria.es\/wp-content\/uploads\/sites\/12\/2019\/03\/IMG_9928.jpg 1024w, https:\/\/cloud.alqueria.es\/wp-content\/uploads\/sites\/12\/2019\/03\/IMG_9928.jpg 300w, https:\/\/cloud.alqueria.es\/wp-content\/uploads\/sites\/12\/2019\/03\/IMG_9928.jpg 768w\" sizes=\"(max-width: 474px) 100vw, 474px\" data-attachment-id=\"27204\" data-permalink=\"https:\/\/www.alqueria.es\/blogs\/alqueriaartistica\/2019\/03\/22\/dia-mundial-del-agua\/img_9928-3\/\" data-orig-file=\"https:\/\/cloud.alqueria.es\/wp-content\/uploads\/sites\/12\/2019\/03\/IMG_9928.jpg\" data-orig-size=\"1024,659\" data-comments-opened=\"1\" data-image-meta=\"{&quot;aperture&quot;:&quot;0&quot;,&quot;credit&quot;:&quot;&quot;,&quot;camera&quot;:&quot;&quot;,&quot;caption&quot;:&quot;&quot;,&quot;created_timestamp&quot;:&quot;0&quot;,&quot;copyright&quot;:&quot;&quot;,&quot;focal_length&quot;:&quot;0&quot;,&quot;iso&quot;:&quot;0&quot;,&quot;shutter_speed&quot;:&quot;0&quot;,&quot;title&quot;:&quot;&quot;,&quot;orientation&quot;:&quot;0&quot;}\" data-image-title=\"IMG_9928\" data-image-description=\"\" data-image-caption=\"\" data-large-file=\"https:\/\/cloud.alqueria.es\/wp-content\/uploads\/sites\/12\/2019\/03\/IMG_9928.jpg\" \/><\/a>\n\t\t\t<\/div><\/figure>\n\t\t<\/div>\n\n<div data-carousel-extra='{&quot;blog_id&quot;:12,&quot;permalink&quot;:&quot;https:\/\/www.alqueria.es\/blogs\/alqueriaartistica\/2019\/03\/22\/dia-mundial-del-agua\/&quot;}' id='gallery-5' class='gallery galleryid-27052 gallery-columns-3 gallery-size-large'><figure class='gallery-item'>\n\t\t\t<div class='gallery-icon landscape'>\n\t\t\t\t<a href='https:\/\/www.alqueria.es\/blogs\/alqueriaartistica\/2019\/03\/22\/dia-mundial-del-agua\/img_9924-2\/'><img decoding=\"async\" width=\"474\" height=\"333\" src=\"https:\/\/cloud.alqueria.es\/wp-content\/uploads\/sites\/12\/2019\/03\/IMG_9924.jpg\" class=\"attachment-large size-large\" alt=\"\" srcset=\"https:\/\/cloud.alqueria.es\/wp-content\/uploads\/sites\/12\/2019\/03\/IMG_9924.jpg 1024w, https:\/\/cloud.alqueria.es\/wp-content\/uploads\/sites\/12\/2019\/03\/IMG_9924.jpg 300w, https:\/\/cloud.alqueria.es\/wp-content\/uploads\/sites\/12\/2019\/03\/IMG_9924.jpg 768w\" sizes=\"(max-width: 474px) 100vw, 474px\" data-attachment-id=\"27200\" data-permalink=\"https:\/\/www.alqueria.es\/blogs\/alqueriaartistica\/2019\/03\/22\/dia-mundial-del-agua\/img_9924-2\/\" data-orig-file=\"https:\/\/cloud.alqueria.es\/wp-content\/uploads\/sites\/12\/2019\/03\/IMG_9924.jpg\" data-orig-size=\"1024,719\" data-comments-opened=\"1\" data-image-meta=\"{&quot;aperture&quot;:&quot;0&quot;,&quot;credit&quot;:&quot;&quot;,&quot;camera&quot;:&quot;&quot;,&quot;caption&quot;:&quot;&quot;,&quot;created_timestamp&quot;:&quot;0&quot;,&quot;copyright&quot;:&quot;&quot;,&quot;focal_length&quot;:&quot;0&quot;,&quot;iso&quot;:&quot;0&quot;,&quot;shutter_speed&quot;:&quot;0&quot;,&quot;title&quot;:&quot;&quot;,&quot;orientation&quot;:&quot;0&quot;}\" data-image-title=\"IMG_9924\" data-image-description=\"\" data-image-caption=\"\" data-large-file=\"https:\/\/cloud.alqueria.es\/wp-content\/uploads\/sites\/12\/2019\/03\/IMG_9924.jpg\" \/><\/a>\n\t\t\t<\/div><\/figure><figure class='gallery-item'>\n\t\t\t<div class='gallery-icon landscape'>\n\t\t\t\t<a href='https:\/\/www.alqueria.es\/blogs\/alqueriaartistica\/2019\/03\/22\/dia-mundial-del-agua\/img_9933-2\/'><img decoding=\"async\" width=\"474\" height=\"331\" src=\"https:\/\/cloud.alqueria.es\/wp-content\/uploads\/sites\/12\/2019\/03\/IMG_9933.jpg\" class=\"attachment-large size-large\" alt=\"\" srcset=\"https:\/\/cloud.alqueria.es\/wp-content\/uploads\/sites\/12\/2019\/03\/IMG_9933.jpg 1024w, https:\/\/cloud.alqueria.es\/wp-content\/uploads\/sites\/12\/2019\/03\/IMG_9933.jpg 300w, https:\/\/cloud.alqueria.es\/wp-content\/uploads\/sites\/12\/2019\/03\/IMG_9933.jpg 768w\" sizes=\"(max-width: 474px) 100vw, 474px\" data-attachment-id=\"27209\" data-permalink=\"https:\/\/www.alqueria.es\/blogs\/alqueriaartistica\/2019\/03\/22\/dia-mundial-del-agua\/img_9933-2\/\" data-orig-file=\"https:\/\/cloud.alqueria.es\/wp-content\/uploads\/sites\/12\/2019\/03\/IMG_9933.jpg\" data-orig-size=\"1024,716\" data-comments-opened=\"1\" data-image-meta=\"{&quot;aperture&quot;:&quot;0&quot;,&quot;credit&quot;:&quot;&quot;,&quot;camera&quot;:&quot;&quot;,&quot;caption&quot;:&quot;&quot;,&quot;created_timestamp&quot;:&quot;0&quot;,&quot;copyright&quot;:&quot;&quot;,&quot;focal_length&quot;:&quot;0&quot;,&quot;iso&quot;:&quot;0&quot;,&quot;shutter_speed&quot;:&quot;0&quot;,&quot;title&quot;:&quot;&quot;,&quot;orientation&quot;:&quot;0&quot;}\" data-image-title=\"IMG_9933\" data-image-description=\"\" data-image-caption=\"\" data-large-file=\"https:\/\/cloud.alqueria.es\/wp-content\/uploads\/sites\/12\/2019\/03\/IMG_9933.jpg\" \/><\/a>\n\t\t\t<\/div><\/figure><figure class='gallery-item'>\n\t\t\t<div class='gallery-icon landscape'>\n\t\t\t\t<a href='https:\/\/www.alqueria.es\/blogs\/alqueriaartistica\/2019\/03\/22\/dia-mundial-del-agua\/img_9923-2\/'><img decoding=\"async\" width=\"474\" height=\"322\" src=\"https:\/\/cloud.alqueria.es\/wp-content\/uploads\/sites\/12\/2019\/03\/IMG_9923.jpg\" class=\"attachment-large size-large\" alt=\"\" srcset=\"https:\/\/cloud.alqueria.es\/wp-content\/uploads\/sites\/12\/2019\/03\/IMG_9923.jpg 1024w, https:\/\/cloud.alqueria.es\/wp-content\/uploads\/sites\/12\/2019\/03\/IMG_9923.jpg 300w, https:\/\/cloud.alqueria.es\/wp-content\/uploads\/sites\/12\/2019\/03\/IMG_9923.jpg 768w\" sizes=\"(max-width: 474px) 100vw, 474px\" data-attachment-id=\"27199\" data-permalink=\"https:\/\/www.alqueria.es\/blogs\/alqueriaartistica\/2019\/03\/22\/dia-mundial-del-agua\/img_9923-2\/\" data-orig-file=\"https:\/\/cloud.alqueria.es\/wp-content\/uploads\/sites\/12\/2019\/03\/IMG_9923.jpg\" data-orig-size=\"1024,695\" data-comments-opened=\"1\" data-image-meta=\"{&quot;aperture&quot;:&quot;0&quot;,&quot;credit&quot;:&quot;&quot;,&quot;camera&quot;:&quot;&quot;,&quot;caption&quot;:&quot;&quot;,&quot;created_timestamp&quot;:&quot;0&quot;,&quot;copyright&quot;:&quot;&quot;,&quot;focal_length&quot;:&quot;0&quot;,&quot;iso&quot;:&quot;0&quot;,&quot;shutter_speed&quot;:&quot;0&quot;,&quot;title&quot;:&quot;&quot;,&quot;orientation&quot;:&quot;0&quot;}\" data-image-title=\"IMG_9923\" data-image-description=\"\" data-image-caption=\"\" data-large-file=\"https:\/\/cloud.alqueria.es\/wp-content\/uploads\/sites\/12\/2019\/03\/IMG_9923.jpg\" \/><\/a>\n\t\t\t<\/div><\/figure>\n\t\t<\/div>\n\n<div data-carousel-extra='{&quot;blog_id&quot;:12,&quot;permalink&quot;:&quot;https:\/\/www.alqueria.es\/blogs\/alqueriaartistica\/2019\/03\/22\/dia-mundial-del-agua\/&quot;}' id='gallery-6' class='gallery galleryid-27052 gallery-columns-2 gallery-size-large'><figure class='gallery-item'>\n\t\t\t<div class='gallery-icon landscape'>\n\t\t\t\t<a href='https:\/\/www.alqueria.es\/blogs\/alqueriaartistica\/2019\/03\/22\/dia-mundial-del-agua\/img_9919-3\/'><img decoding=\"async\" width=\"474\" height=\"306\" src=\"https:\/\/cloud.alqueria.es\/wp-content\/uploads\/sites\/12\/2019\/03\/IMG_9919.jpg\" class=\"attachment-large size-large\" alt=\"\" srcset=\"https:\/\/cloud.alqueria.es\/wp-content\/uploads\/sites\/12\/2019\/03\/IMG_9919.jpg 1024w, https:\/\/cloud.alqueria.es\/wp-content\/uploads\/sites\/12\/2019\/03\/IMG_9919.jpg 300w, https:\/\/cloud.alqueria.es\/wp-content\/uploads\/sites\/12\/2019\/03\/IMG_9919.jpg 768w\" sizes=\"(max-width: 474px) 100vw, 474px\" data-attachment-id=\"27195\" data-permalink=\"https:\/\/www.alqueria.es\/blogs\/alqueriaartistica\/2019\/03\/22\/dia-mundial-del-agua\/img_9919-3\/\" data-orig-file=\"https:\/\/cloud.alqueria.es\/wp-content\/uploads\/sites\/12\/2019\/03\/IMG_9919.jpg\" data-orig-size=\"1024,661\" data-comments-opened=\"1\" data-image-meta=\"{&quot;aperture&quot;:&quot;0&quot;,&quot;credit&quot;:&quot;&quot;,&quot;camera&quot;:&quot;&quot;,&quot;caption&quot;:&quot;&quot;,&quot;created_timestamp&quot;:&quot;0&quot;,&quot;copyright&quot;:&quot;&quot;,&quot;focal_length&quot;:&quot;0&quot;,&quot;iso&quot;:&quot;0&quot;,&quot;shutter_speed&quot;:&quot;0&quot;,&quot;title&quot;:&quot;&quot;,&quot;orientation&quot;:&quot;0&quot;}\" data-image-title=\"IMG_9919\" data-image-description=\"\" data-image-caption=\"\" data-large-file=\"https:\/\/cloud.alqueria.es\/wp-content\/uploads\/sites\/12\/2019\/03\/IMG_9919.jpg\" \/><\/a>\n\t\t\t<\/div><\/figure><figure class='gallery-item'>\n\t\t\t<div class='gallery-icon landscape'>\n\t\t\t\t<a href='https:\/\/www.alqueria.es\/blogs\/alqueriaartistica\/2019\/03\/22\/dia-mundial-del-agua\/img_9917-3\/'><img decoding=\"async\" width=\"474\" height=\"304\" src=\"https:\/\/cloud.alqueria.es\/wp-content\/uploads\/sites\/12\/2019\/03\/IMG_9917.jpg\" class=\"attachment-large size-large\" alt=\"\" srcset=\"https:\/\/cloud.alqueria.es\/wp-content\/uploads\/sites\/12\/2019\/03\/IMG_9917.jpg 1024w, https:\/\/cloud.alqueria.es\/wp-content\/uploads\/sites\/12\/2019\/03\/IMG_9917.jpg 300w, https:\/\/cloud.alqueria.es\/wp-content\/uploads\/sites\/12\/2019\/03\/IMG_9917.jpg 768w\" sizes=\"(max-width: 474px) 100vw, 474px\" data-attachment-id=\"27193\" data-permalink=\"https:\/\/www.alqueria.es\/blogs\/alqueriaartistica\/2019\/03\/22\/dia-mundial-del-agua\/img_9917-3\/\" data-orig-file=\"https:\/\/cloud.alqueria.es\/wp-content\/uploads\/sites\/12\/2019\/03\/IMG_9917.jpg\" data-orig-size=\"1024,656\" data-comments-opened=\"1\" data-image-meta=\"{&quot;aperture&quot;:&quot;0&quot;,&quot;credit&quot;:&quot;&quot;,&quot;camera&quot;:&quot;&quot;,&quot;caption&quot;:&quot;&quot;,&quot;created_timestamp&quot;:&quot;0&quot;,&quot;copyright&quot;:&quot;&quot;,&quot;focal_length&quot;:&quot;0&quot;,&quot;iso&quot;:&quot;0&quot;,&quot;shutter_speed&quot;:&quot;0&quot;,&quot;title&quot;:&quot;&quot;,&quot;orientation&quot;:&quot;0&quot;}\" data-image-title=\"IMG_9917\" data-image-description=\"\" data-image-caption=\"\" data-large-file=\"https:\/\/cloud.alqueria.es\/wp-content\/uploads\/sites\/12\/2019\/03\/IMG_9917.jpg\" \/><\/a>\n\t\t\t<\/div><\/figure>\n\t\t<\/div>\n\n<div data-carousel-extra='{&quot;blog_id&quot;:12,&quot;permalink&quot;:&quot;https:\/\/www.alqueria.es\/blogs\/alqueriaartistica\/2019\/03\/22\/dia-mundial-del-agua\/&quot;}' id='gallery-7' class='gallery galleryid-27052 gallery-columns-3 gallery-size-large'><figure class='gallery-item'>\n\t\t\t<div class='gallery-icon portrait'>\n\t\t\t\t<a href='https:\/\/www.alqueria.es\/blogs\/alqueriaartistica\/2019\/03\/22\/dia-mundial-del-agua\/img_9996\/'><img decoding=\"async\" width=\"474\" height=\"682\" src=\"https:\/\/cloud.alqueria.es\/wp-content\/uploads\/sites\/12\/2019\/03\/IMG_9996.jpg\" class=\"attachment-large size-large\" alt=\"\" srcset=\"https:\/\/cloud.alqueria.es\/wp-content\/uploads\/sites\/12\/2019\/03\/IMG_9996.jpg 712w, https:\/\/cloud.alqueria.es\/wp-content\/uploads\/sites\/12\/2019\/03\/IMG_9996.jpg 209w\" sizes=\"(max-width: 474px) 100vw, 474px\" data-attachment-id=\"27192\" data-permalink=\"https:\/\/www.alqueria.es\/blogs\/alqueriaartistica\/2019\/03\/22\/dia-mundial-del-agua\/img_9996\/\" data-orig-file=\"https:\/\/cloud.alqueria.es\/wp-content\/uploads\/sites\/12\/2019\/03\/IMG_9996.jpg\" data-orig-size=\"712,1024\" data-comments-opened=\"1\" data-image-meta=\"{&quot;aperture&quot;:&quot;0&quot;,&quot;credit&quot;:&quot;&quot;,&quot;camera&quot;:&quot;&quot;,&quot;caption&quot;:&quot;&quot;,&quot;created_timestamp&quot;:&quot;0&quot;,&quot;copyright&quot;:&quot;&quot;,&quot;focal_length&quot;:&quot;0&quot;,&quot;iso&quot;:&quot;0&quot;,&quot;shutter_speed&quot;:&quot;0&quot;,&quot;title&quot;:&quot;&quot;,&quot;orientation&quot;:&quot;0&quot;}\" data-image-title=\"IMG_9996\" data-image-description=\"\" data-image-caption=\"\" data-large-file=\"https:\/\/cloud.alqueria.es\/wp-content\/uploads\/sites\/12\/2019\/03\/IMG_9996.jpg\" \/><\/a>\n\t\t\t<\/div><\/figure><figure class='gallery-item'>\n\t\t\t<div class='gallery-icon portrait'>\n\t\t\t\t<a href='https:\/\/www.alqueria.es\/blogs\/alqueriaartistica\/2019\/03\/22\/dia-mundial-del-agua\/img_9995-2\/'><img decoding=\"async\" width=\"474\" height=\"729\" src=\"https:\/\/cloud.alqueria.es\/wp-content\/uploads\/sites\/12\/2019\/03\/IMG_9995.jpg\" class=\"attachment-large size-large\" alt=\"\" srcset=\"https:\/\/cloud.alqueria.es\/wp-content\/uploads\/sites\/12\/2019\/03\/IMG_9995.jpg 666w, https:\/\/cloud.alqueria.es\/wp-content\/uploads\/sites\/12\/2019\/03\/IMG_9995.jpg 195w\" sizes=\"(max-width: 474px) 100vw, 474px\" data-attachment-id=\"27191\" data-permalink=\"https:\/\/www.alqueria.es\/blogs\/alqueriaartistica\/2019\/03\/22\/dia-mundial-del-agua\/img_9995-2\/\" data-orig-file=\"https:\/\/cloud.alqueria.es\/wp-content\/uploads\/sites\/12\/2019\/03\/IMG_9995.jpg\" data-orig-size=\"666,1024\" data-comments-opened=\"1\" data-image-meta=\"{&quot;aperture&quot;:&quot;0&quot;,&quot;credit&quot;:&quot;&quot;,&quot;camera&quot;:&quot;&quot;,&quot;caption&quot;:&quot;&quot;,&quot;created_timestamp&quot;:&quot;0&quot;,&quot;copyright&quot;:&quot;&quot;,&quot;focal_length&quot;:&quot;0&quot;,&quot;iso&quot;:&quot;0&quot;,&quot;shutter_speed&quot;:&quot;0&quot;,&quot;title&quot;:&quot;&quot;,&quot;orientation&quot;:&quot;0&quot;}\" data-image-title=\"IMG_9995\" data-image-description=\"\" data-image-caption=\"\" data-large-file=\"https:\/\/cloud.alqueria.es\/wp-content\/uploads\/sites\/12\/2019\/03\/IMG_9995.jpg\" \/><\/a>\n\t\t\t<\/div><\/figure><figure class='gallery-item'>\n\t\t\t<div class='gallery-icon portrait'>\n\t\t\t\t<a href='https:\/\/www.alqueria.es\/blogs\/alqueriaartistica\/2019\/03\/22\/dia-mundial-del-agua\/img_9994-2\/'><img decoding=\"async\" width=\"474\" height=\"711\" src=\"https:\/\/cloud.alqueria.es\/wp-content\/uploads\/sites\/12\/2019\/03\/IMG_9994.jpg\" class=\"attachment-large size-large\" alt=\"\" srcset=\"https:\/\/cloud.alqueria.es\/wp-content\/uploads\/sites\/12\/2019\/03\/IMG_9994.jpg 683w, https:\/\/cloud.alqueria.es\/wp-content\/uploads\/sites\/12\/2019\/03\/IMG_9994.jpg 200w\" sizes=\"(max-width: 474px) 100vw, 474px\" data-attachment-id=\"27190\" data-permalink=\"https:\/\/www.alqueria.es\/blogs\/alqueriaartistica\/2019\/03\/22\/dia-mundial-del-agua\/img_9994-2\/\" data-orig-file=\"https:\/\/cloud.alqueria.es\/wp-content\/uploads\/sites\/12\/2019\/03\/IMG_9994.jpg\" data-orig-size=\"683,1024\" data-comments-opened=\"1\" data-image-meta=\"{&quot;aperture&quot;:&quot;0&quot;,&quot;credit&quot;:&quot;&quot;,&quot;camera&quot;:&quot;&quot;,&quot;caption&quot;:&quot;&quot;,&quot;created_timestamp&quot;:&quot;0&quot;,&quot;copyright&quot;:&quot;&quot;,&quot;focal_length&quot;:&quot;0&quot;,&quot;iso&quot;:&quot;0&quot;,&quot;shutter_speed&quot;:&quot;0&quot;,&quot;title&quot;:&quot;&quot;,&quot;orientation&quot;:&quot;0&quot;}\" data-image-title=\"IMG_9994\" data-image-description=\"\" data-image-caption=\"\" data-large-file=\"https:\/\/cloud.alqueria.es\/wp-content\/uploads\/sites\/12\/2019\/03\/IMG_9994.jpg\" \/><\/a>\n\t\t\t<\/div><\/figure>\n\t\t<\/div>\n\n<div data-carousel-extra='{&quot;blog_id&quot;:12,&quot;permalink&quot;:&quot;https:\/\/www.alqueria.es\/blogs\/alqueriaartistica\/2019\/03\/22\/dia-mundial-del-agua\/&quot;}' id='gallery-8' class='gallery galleryid-27052 gallery-columns-3 gallery-size-large'><figure class='gallery-item'>\n\t\t\t<div class='gallery-icon portrait'>\n\t\t\t\t<a href='https:\/\/www.alqueria.es\/blogs\/alqueriaartistica\/2019\/03\/22\/dia-mundial-del-agua\/img_9993-2\/'><img decoding=\"async\" width=\"474\" height=\"692\" src=\"https:\/\/cloud.alqueria.es\/wp-content\/uploads\/sites\/12\/2019\/03\/IMG_9993.jpg\" class=\"attachment-large size-large\" alt=\"\" srcset=\"https:\/\/cloud.alqueria.es\/wp-content\/uploads\/sites\/12\/2019\/03\/IMG_9993.jpg 701w, https:\/\/cloud.alqueria.es\/wp-content\/uploads\/sites\/12\/2019\/03\/IMG_9993.jpg 205w\" sizes=\"(max-width: 474px) 100vw, 474px\" data-attachment-id=\"27189\" data-permalink=\"https:\/\/www.alqueria.es\/blogs\/alqueriaartistica\/2019\/03\/22\/dia-mundial-del-agua\/img_9993-2\/\" data-orig-file=\"https:\/\/cloud.alqueria.es\/wp-content\/uploads\/sites\/12\/2019\/03\/IMG_9993.jpg\" data-orig-size=\"701,1024\" data-comments-opened=\"1\" data-image-meta=\"{&quot;aperture&quot;:&quot;0&quot;,&quot;credit&quot;:&quot;&quot;,&quot;camera&quot;:&quot;&quot;,&quot;caption&quot;:&quot;&quot;,&quot;created_timestamp&quot;:&quot;0&quot;,&quot;copyright&quot;:&quot;&quot;,&quot;focal_length&quot;:&quot;0&quot;,&quot;iso&quot;:&quot;0&quot;,&quot;shutter_speed&quot;:&quot;0&quot;,&quot;title&quot;:&quot;&quot;,&quot;orientation&quot;:&quot;0&quot;}\" data-image-title=\"IMG_9993\" data-image-description=\"\" data-image-caption=\"\" data-large-file=\"https:\/\/cloud.alqueria.es\/wp-content\/uploads\/sites\/12\/2019\/03\/IMG_9993.jpg\" \/><\/a>\n\t\t\t<\/div><\/figure><figure class='gallery-item'>\n\t\t\t<div class='gallery-icon portrait'>\n\t\t\t\t<a href='https:\/\/www.alqueria.es\/blogs\/alqueriaartistica\/2019\/03\/22\/dia-mundial-del-agua\/img_9992-2\/'><img decoding=\"async\" width=\"474\" height=\"675\" src=\"https:\/\/cloud.alqueria.es\/wp-content\/uploads\/sites\/12\/2019\/03\/IMG_9992.jpg\" class=\"attachment-large size-large\" alt=\"\" srcset=\"https:\/\/cloud.alqueria.es\/wp-content\/uploads\/sites\/12\/2019\/03\/IMG_9992.jpg 719w, https:\/\/cloud.alqueria.es\/wp-content\/uploads\/sites\/12\/2019\/03\/IMG_9992.jpg 211w\" sizes=\"(max-width: 474px) 100vw, 474px\" data-attachment-id=\"27188\" data-permalink=\"https:\/\/www.alqueria.es\/blogs\/alqueriaartistica\/2019\/03\/22\/dia-mundial-del-agua\/img_9992-2\/\" data-orig-file=\"https:\/\/cloud.alqueria.es\/wp-content\/uploads\/sites\/12\/2019\/03\/IMG_9992.jpg\" data-orig-size=\"719,1024\" data-comments-opened=\"1\" data-image-meta=\"{&quot;aperture&quot;:&quot;0&quot;,&quot;credit&quot;:&quot;&quot;,&quot;camera&quot;:&quot;&quot;,&quot;caption&quot;:&quot;&quot;,&quot;created_timestamp&quot;:&quot;0&quot;,&quot;copyright&quot;:&quot;&quot;,&quot;focal_length&quot;:&quot;0&quot;,&quot;iso&quot;:&quot;0&quot;,&quot;shutter_speed&quot;:&quot;0&quot;,&quot;title&quot;:&quot;&quot;,&quot;orientation&quot;:&quot;0&quot;}\" data-image-title=\"IMG_9992\" data-image-description=\"\" data-image-caption=\"\" data-large-file=\"https:\/\/cloud.alqueria.es\/wp-content\/uploads\/sites\/12\/2019\/03\/IMG_9992.jpg\" \/><\/a>\n\t\t\t<\/div><\/figure><figure class='gallery-item'>\n\t\t\t<div class='gallery-icon portrait'>\n\t\t\t\t<a href='https:\/\/www.alqueria.es\/blogs\/alqueriaartistica\/2019\/03\/22\/dia-mundial-del-agua\/img_9990-2\/'><img decoding=\"async\" width=\"474\" height=\"662\" src=\"https:\/\/cloud.alqueria.es\/wp-content\/uploads\/sites\/12\/2019\/03\/IMG_9990.jpg\" class=\"attachment-large size-large\" alt=\"\" srcset=\"https:\/\/cloud.alqueria.es\/wp-content\/uploads\/sites\/12\/2019\/03\/IMG_9990.jpg 733w, https:\/\/cloud.alqueria.es\/wp-content\/uploads\/sites\/12\/2019\/03\/IMG_9990.jpg 215w\" sizes=\"(max-width: 474px) 100vw, 474px\" data-attachment-id=\"27186\" data-permalink=\"https:\/\/www.alqueria.es\/blogs\/alqueriaartistica\/2019\/03\/22\/dia-mundial-del-agua\/img_9990-2\/\" data-orig-file=\"https:\/\/cloud.alqueria.es\/wp-content\/uploads\/sites\/12\/2019\/03\/IMG_9990.jpg\" data-orig-size=\"733,1024\" data-comments-opened=\"1\" data-image-meta=\"{&quot;aperture&quot;:&quot;0&quot;,&quot;credit&quot;:&quot;&quot;,&quot;camera&quot;:&quot;&quot;,&quot;caption&quot;:&quot;&quot;,&quot;created_timestamp&quot;:&quot;0&quot;,&quot;copyright&quot;:&quot;&quot;,&quot;focal_length&quot;:&quot;0&quot;,&quot;iso&quot;:&quot;0&quot;,&quot;shutter_speed&quot;:&quot;0&quot;,&quot;title&quot;:&quot;&quot;,&quot;orientation&quot;:&quot;0&quot;}\" data-image-title=\"IMG_9990\" data-image-description=\"\" data-image-caption=\"\" data-large-file=\"https:\/\/cloud.alqueria.es\/wp-content\/uploads\/sites\/12\/2019\/03\/IMG_9990.jpg\" \/><\/a>\n\t\t\t<\/div><\/figure>\n\t\t<\/div>\n\n<div data-carousel-extra='{&quot;blog_id&quot;:12,&quot;permalink&quot;:&quot;https:\/\/www.alqueria.es\/blogs\/alqueriaartistica\/2019\/03\/22\/dia-mundial-del-agua\/&quot;}' id='gallery-9' class='gallery galleryid-27052 gallery-columns-3 gallery-size-large'><figure class='gallery-item'>\n\t\t\t<div class='gallery-icon portrait'>\n\t\t\t\t<a href='https:\/\/www.alqueria.es\/blogs\/alqueriaartistica\/2019\/03\/22\/dia-mundial-del-agua\/img_9989-3\/'><img decoding=\"async\" width=\"474\" height=\"714\" src=\"https:\/\/cloud.alqueria.es\/wp-content\/uploads\/sites\/12\/2019\/03\/IMG_9989.jpg\" class=\"attachment-large size-large\" alt=\"\" srcset=\"https:\/\/cloud.alqueria.es\/wp-content\/uploads\/sites\/12\/2019\/03\/IMG_9989.jpg 680w, https:\/\/cloud.alqueria.es\/wp-content\/uploads\/sites\/12\/2019\/03\/IMG_9989.jpg 199w\" sizes=\"(max-width: 474px) 100vw, 474px\" data-attachment-id=\"27185\" data-permalink=\"https:\/\/www.alqueria.es\/blogs\/alqueriaartistica\/2019\/03\/22\/dia-mundial-del-agua\/img_9989-3\/\" data-orig-file=\"https:\/\/cloud.alqueria.es\/wp-content\/uploads\/sites\/12\/2019\/03\/IMG_9989.jpg\" data-orig-size=\"680,1024\" data-comments-opened=\"1\" data-image-meta=\"{&quot;aperture&quot;:&quot;0&quot;,&quot;credit&quot;:&quot;&quot;,&quot;camera&quot;:&quot;&quot;,&quot;caption&quot;:&quot;&quot;,&quot;created_timestamp&quot;:&quot;0&quot;,&quot;copyright&quot;:&quot;&quot;,&quot;focal_length&quot;:&quot;0&quot;,&quot;iso&quot;:&quot;0&quot;,&quot;shutter_speed&quot;:&quot;0&quot;,&quot;title&quot;:&quot;&quot;,&quot;orientation&quot;:&quot;0&quot;}\" data-image-title=\"IMG_9989\" data-image-description=\"\" data-image-caption=\"\" data-large-file=\"https:\/\/cloud.alqueria.es\/wp-content\/uploads\/sites\/12\/2019\/03\/IMG_9989.jpg\" \/><\/a>\n\t\t\t<\/div><\/figure><figure class='gallery-item'>\n\t\t\t<div class='gallery-icon portrait'>\n\t\t\t\t<a href='https:\/\/www.alqueria.es\/blogs\/alqueriaartistica\/2019\/03\/22\/dia-mundial-del-agua\/img_9988-3\/'><img decoding=\"async\" width=\"474\" height=\"705\" src=\"https:\/\/cloud.alqueria.es\/wp-content\/uploads\/sites\/12\/2019\/03\/IMG_9988.jpg\" class=\"attachment-large size-large\" alt=\"\" srcset=\"https:\/\/cloud.alqueria.es\/wp-content\/uploads\/sites\/12\/2019\/03\/IMG_9988.jpg 688w, https:\/\/cloud.alqueria.es\/wp-content\/uploads\/sites\/12\/2019\/03\/IMG_9988.jpg 202w\" sizes=\"(max-width: 474px) 100vw, 474px\" data-attachment-id=\"27184\" data-permalink=\"https:\/\/www.alqueria.es\/blogs\/alqueriaartistica\/2019\/03\/22\/dia-mundial-del-agua\/img_9988-3\/\" data-orig-file=\"https:\/\/cloud.alqueria.es\/wp-content\/uploads\/sites\/12\/2019\/03\/IMG_9988.jpg\" data-orig-size=\"688,1024\" data-comments-opened=\"1\" data-image-meta=\"{&quot;aperture&quot;:&quot;0&quot;,&quot;credit&quot;:&quot;&quot;,&quot;camera&quot;:&quot;&quot;,&quot;caption&quot;:&quot;&quot;,&quot;created_timestamp&quot;:&quot;0&quot;,&quot;copyright&quot;:&quot;&quot;,&quot;focal_length&quot;:&quot;0&quot;,&quot;iso&quot;:&quot;0&quot;,&quot;shutter_speed&quot;:&quot;0&quot;,&quot;title&quot;:&quot;&quot;,&quot;orientation&quot;:&quot;0&quot;}\" data-image-title=\"IMG_9988\" data-image-description=\"\" data-image-caption=\"\" data-large-file=\"https:\/\/cloud.alqueria.es\/wp-content\/uploads\/sites\/12\/2019\/03\/IMG_9988.jpg\" \/><\/a>\n\t\t\t<\/div><\/figure><figure class='gallery-item'>\n\t\t\t<div class='gallery-icon portrait'>\n\t\t\t\t<a href='https:\/\/www.alqueria.es\/blogs\/alqueriaartistica\/2019\/03\/22\/dia-mundial-del-agua\/img_9987\/'><img decoding=\"async\" width=\"474\" height=\"704\" src=\"https:\/\/cloud.alqueria.es\/wp-content\/uploads\/sites\/12\/2019\/03\/IMG_9987.jpg\" class=\"attachment-large size-large\" alt=\"\" srcset=\"https:\/\/cloud.alqueria.es\/wp-content\/uploads\/sites\/12\/2019\/03\/IMG_9987.jpg 689w, https:\/\/cloud.alqueria.es\/wp-content\/uploads\/sites\/12\/2019\/03\/IMG_9987.jpg 202w\" sizes=\"(max-width: 474px) 100vw, 474px\" data-attachment-id=\"27183\" data-permalink=\"https:\/\/www.alqueria.es\/blogs\/alqueriaartistica\/2019\/03\/22\/dia-mundial-del-agua\/img_9987\/\" data-orig-file=\"https:\/\/cloud.alqueria.es\/wp-content\/uploads\/sites\/12\/2019\/03\/IMG_9987.jpg\" data-orig-size=\"689,1024\" data-comments-opened=\"1\" data-image-meta=\"{&quot;aperture&quot;:&quot;0&quot;,&quot;credit&quot;:&quot;&quot;,&quot;camera&quot;:&quot;&quot;,&quot;caption&quot;:&quot;&quot;,&quot;created_timestamp&quot;:&quot;0&quot;,&quot;copyright&quot;:&quot;&quot;,&quot;focal_length&quot;:&quot;0&quot;,&quot;iso&quot;:&quot;0&quot;,&quot;shutter_speed&quot;:&quot;0&quot;,&quot;title&quot;:&quot;&quot;,&quot;orientation&quot;:&quot;0&quot;}\" data-image-title=\"IMG_9987\" data-image-description=\"\" data-image-caption=\"\" data-large-file=\"https:\/\/cloud.alqueria.es\/wp-content\/uploads\/sites\/12\/2019\/03\/IMG_9987.jpg\" \/><\/a>\n\t\t\t<\/div><\/figure>\n\t\t<\/div>\n\n<div data-carousel-extra='{&quot;blog_id&quot;:12,&quot;permalink&quot;:&quot;https:\/\/www.alqueria.es\/blogs\/alqueriaartistica\/2019\/03\/22\/dia-mundial-del-agua\/&quot;}' id='gallery-10' class='gallery galleryid-27052 gallery-columns-3 gallery-size-large'><figure class='gallery-item'>\n\t\t\t<div class='gallery-icon portrait'>\n\t\t\t\t<a href='https:\/\/www.alqueria.es\/blogs\/alqueriaartistica\/2019\/03\/22\/dia-mundial-del-agua\/img_9986\/'><img decoding=\"async\" width=\"474\" height=\"692\" src=\"https:\/\/cloud.alqueria.es\/wp-content\/uploads\/sites\/12\/2019\/03\/IMG_9986.jpg\" class=\"attachment-large size-large\" alt=\"\" srcset=\"https:\/\/cloud.alqueria.es\/wp-content\/uploads\/sites\/12\/2019\/03\/IMG_9986.jpg 701w, https:\/\/cloud.alqueria.es\/wp-content\/uploads\/sites\/12\/2019\/03\/IMG_9986.jpg 205w\" sizes=\"(max-width: 474px) 100vw, 474px\" data-attachment-id=\"27182\" data-permalink=\"https:\/\/www.alqueria.es\/blogs\/alqueriaartistica\/2019\/03\/22\/dia-mundial-del-agua\/img_9986\/\" data-orig-file=\"https:\/\/cloud.alqueria.es\/wp-content\/uploads\/sites\/12\/2019\/03\/IMG_9986.jpg\" data-orig-size=\"701,1024\" data-comments-opened=\"1\" data-image-meta=\"{&quot;aperture&quot;:&quot;0&quot;,&quot;credit&quot;:&quot;&quot;,&quot;camera&quot;:&quot;&quot;,&quot;caption&quot;:&quot;&quot;,&quot;created_timestamp&quot;:&quot;0&quot;,&quot;copyright&quot;:&quot;&quot;,&quot;focal_length&quot;:&quot;0&quot;,&quot;iso&quot;:&quot;0&quot;,&quot;shutter_speed&quot;:&quot;0&quot;,&quot;title&quot;:&quot;&quot;,&quot;orientation&quot;:&quot;0&quot;}\" data-image-title=\"IMG_9986\" data-image-description=\"\" data-image-caption=\"\" data-large-file=\"https:\/\/cloud.alqueria.es\/wp-content\/uploads\/sites\/12\/2019\/03\/IMG_9986.jpg\" \/><\/a>\n\t\t\t<\/div><\/figure><figure class='gallery-item'>\n\t\t\t<div class='gallery-icon portrait'>\n\t\t\t\t<a href='https:\/\/www.alqueria.es\/blogs\/alqueriaartistica\/2019\/03\/22\/dia-mundial-del-agua\/img_9984-2\/'><img decoding=\"async\" width=\"474\" height=\"767\" src=\"https:\/\/cloud.alqueria.es\/wp-content\/uploads\/sites\/12\/2019\/03\/IMG_9984.jpg\" class=\"attachment-large size-large\" alt=\"\" srcset=\"https:\/\/cloud.alqueria.es\/wp-content\/uploads\/sites\/12\/2019\/03\/IMG_9984.jpg 633w, https:\/\/cloud.alqueria.es\/wp-content\/uploads\/sites\/12\/2019\/03\/IMG_9984.jpg 185w\" sizes=\"(max-width: 474px) 100vw, 474px\" data-attachment-id=\"27180\" data-permalink=\"https:\/\/www.alqueria.es\/blogs\/alqueriaartistica\/2019\/03\/22\/dia-mundial-del-agua\/img_9984-2\/\" data-orig-file=\"https:\/\/cloud.alqueria.es\/wp-content\/uploads\/sites\/12\/2019\/03\/IMG_9984.jpg\" data-orig-size=\"633,1024\" data-comments-opened=\"1\" data-image-meta=\"{&quot;aperture&quot;:&quot;0&quot;,&quot;credit&quot;:&quot;&quot;,&quot;camera&quot;:&quot;&quot;,&quot;caption&quot;:&quot;&quot;,&quot;created_timestamp&quot;:&quot;0&quot;,&quot;copyright&quot;:&quot;&quot;,&quot;focal_length&quot;:&quot;0&quot;,&quot;iso&quot;:&quot;0&quot;,&quot;shutter_speed&quot;:&quot;0&quot;,&quot;title&quot;:&quot;&quot;,&quot;orientation&quot;:&quot;0&quot;}\" data-image-title=\"IMG_9984\" data-image-description=\"\" data-image-caption=\"\" data-large-file=\"https:\/\/cloud.alqueria.es\/wp-content\/uploads\/sites\/12\/2019\/03\/IMG_9984.jpg\" \/><\/a>\n\t\t\t<\/div><\/figure><figure class='gallery-item'>\n\t\t\t<div class='gallery-icon portrait'>\n\t\t\t\t<a href='https:\/\/www.alqueria.es\/blogs\/alqueriaartistica\/2019\/03\/22\/dia-mundial-del-agua\/img_9985-3\/'><img decoding=\"async\" width=\"474\" height=\"738\" src=\"https:\/\/cloud.alqueria.es\/wp-content\/uploads\/sites\/12\/2019\/03\/IMG_9985.jpg\" class=\"attachment-large size-large\" alt=\"\" srcset=\"https:\/\/cloud.alqueria.es\/wp-content\/uploads\/sites\/12\/2019\/03\/IMG_9985.jpg 658w, https:\/\/cloud.alqueria.es\/wp-content\/uploads\/sites\/12\/2019\/03\/IMG_9985.jpg 193w\" sizes=\"(max-width: 474px) 100vw, 474px\" data-attachment-id=\"27181\" data-permalink=\"https:\/\/www.alqueria.es\/blogs\/alqueriaartistica\/2019\/03\/22\/dia-mundial-del-agua\/img_9985-3\/\" data-orig-file=\"https:\/\/cloud.alqueria.es\/wp-content\/uploads\/sites\/12\/2019\/03\/IMG_9985.jpg\" data-orig-size=\"658,1024\" data-comments-opened=\"1\" data-image-meta=\"{&quot;aperture&quot;:&quot;0&quot;,&quot;credit&quot;:&quot;&quot;,&quot;camera&quot;:&quot;&quot;,&quot;caption&quot;:&quot;&quot;,&quot;created_timestamp&quot;:&quot;0&quot;,&quot;copyright&quot;:&quot;&quot;,&quot;focal_length&quot;:&quot;0&quot;,&quot;iso&quot;:&quot;0&quot;,&quot;shutter_speed&quot;:&quot;0&quot;,&quot;title&quot;:&quot;&quot;,&quot;orientation&quot;:&quot;0&quot;}\" data-image-title=\"IMG_9985\" data-image-description=\"\" data-image-caption=\"\" data-large-file=\"https:\/\/cloud.alqueria.es\/wp-content\/uploads\/sites\/12\/2019\/03\/IMG_9985.jpg\" \/><\/a>\n\t\t\t<\/div><\/figure>\n\t\t<\/div>\n\n<div data-carousel-extra='{&quot;blog_id&quot;:12,&quot;permalink&quot;:&quot;https:\/\/www.alqueria.es\/blogs\/alqueriaartistica\/2019\/03\/22\/dia-mundial-del-agua\/&quot;}' id='gallery-11' class='gallery galleryid-27052 gallery-columns-3 gallery-size-large'><figure class='gallery-item'>\n\t\t\t<div class='gallery-icon portrait'>\n\t\t\t\t<a href='https:\/\/www.alqueria.es\/blogs\/alqueriaartistica\/2019\/03\/22\/dia-mundial-del-agua\/img_9982-3\/'><img decoding=\"async\" width=\"474\" height=\"709\" src=\"https:\/\/cloud.alqueria.es\/wp-content\/uploads\/sites\/12\/2019\/03\/IMG_9982.jpg\" class=\"attachment-large size-large\" alt=\"\" srcset=\"https:\/\/cloud.alqueria.es\/wp-content\/uploads\/sites\/12\/2019\/03\/IMG_9982.jpg 685w, https:\/\/cloud.alqueria.es\/wp-content\/uploads\/sites\/12\/2019\/03\/IMG_9982.jpg 201w\" sizes=\"(max-width: 474px) 100vw, 474px\" data-attachment-id=\"27178\" data-permalink=\"https:\/\/www.alqueria.es\/blogs\/alqueriaartistica\/2019\/03\/22\/dia-mundial-del-agua\/img_9982-3\/\" data-orig-file=\"https:\/\/cloud.alqueria.es\/wp-content\/uploads\/sites\/12\/2019\/03\/IMG_9982.jpg\" data-orig-size=\"685,1024\" data-comments-opened=\"1\" data-image-meta=\"{&quot;aperture&quot;:&quot;0&quot;,&quot;credit&quot;:&quot;&quot;,&quot;camera&quot;:&quot;&quot;,&quot;caption&quot;:&quot;&quot;,&quot;created_timestamp&quot;:&quot;0&quot;,&quot;copyright&quot;:&quot;&quot;,&quot;focal_length&quot;:&quot;0&quot;,&quot;iso&quot;:&quot;0&quot;,&quot;shutter_speed&quot;:&quot;0&quot;,&quot;title&quot;:&quot;&quot;,&quot;orientation&quot;:&quot;0&quot;}\" data-image-title=\"IMG_9982\" data-image-description=\"\" data-image-caption=\"\" data-large-file=\"https:\/\/cloud.alqueria.es\/wp-content\/uploads\/sites\/12\/2019\/03\/IMG_9982.jpg\" \/><\/a>\n\t\t\t<\/div><\/figure><figure class='gallery-item'>\n\t\t\t<div class='gallery-icon portrait'>\n\t\t\t\t<a href='https:\/\/www.alqueria.es\/blogs\/alqueriaartistica\/2019\/03\/22\/dia-mundial-del-agua\/img_9983-2\/'><img decoding=\"async\" width=\"474\" height=\"697\" src=\"https:\/\/cloud.alqueria.es\/wp-content\/uploads\/sites\/12\/2019\/03\/IMG_9983.jpg\" class=\"attachment-large size-large\" alt=\"\" srcset=\"https:\/\/cloud.alqueria.es\/wp-content\/uploads\/sites\/12\/2019\/03\/IMG_9983.jpg 696w, https:\/\/cloud.alqueria.es\/wp-content\/uploads\/sites\/12\/2019\/03\/IMG_9983.jpg 204w\" sizes=\"(max-width: 474px) 100vw, 474px\" data-attachment-id=\"27179\" data-permalink=\"https:\/\/www.alqueria.es\/blogs\/alqueriaartistica\/2019\/03\/22\/dia-mundial-del-agua\/img_9983-2\/\" data-orig-file=\"https:\/\/cloud.alqueria.es\/wp-content\/uploads\/sites\/12\/2019\/03\/IMG_9983.jpg\" data-orig-size=\"696,1024\" data-comments-opened=\"1\" data-image-meta=\"{&quot;aperture&quot;:&quot;0&quot;,&quot;credit&quot;:&quot;&quot;,&quot;camera&quot;:&quot;&quot;,&quot;caption&quot;:&quot;&quot;,&quot;created_timestamp&quot;:&quot;0&quot;,&quot;copyright&quot;:&quot;&quot;,&quot;focal_length&quot;:&quot;0&quot;,&quot;iso&quot;:&quot;0&quot;,&quot;shutter_speed&quot;:&quot;0&quot;,&quot;title&quot;:&quot;&quot;,&quot;orientation&quot;:&quot;0&quot;}\" data-image-title=\"IMG_9983\" data-image-description=\"\" data-image-caption=\"\" data-large-file=\"https:\/\/cloud.alqueria.es\/wp-content\/uploads\/sites\/12\/2019\/03\/IMG_9983.jpg\" \/><\/a>\n\t\t\t<\/div><\/figure><figure class='gallery-item'>\n\t\t\t<div class='gallery-icon portrait'>\n\t\t\t\t<a href='https:\/\/www.alqueria.es\/blogs\/alqueriaartistica\/2019\/03\/22\/dia-mundial-del-agua\/img_9981-2\/'><img decoding=\"async\" width=\"474\" height=\"732\" src=\"https:\/\/cloud.alqueria.es\/wp-content\/uploads\/sites\/12\/2019\/03\/IMG_9981.jpg\" class=\"attachment-large size-large\" alt=\"\" srcset=\"https:\/\/cloud.alqueria.es\/wp-content\/uploads\/sites\/12\/2019\/03\/IMG_9981.jpg 663w, https:\/\/cloud.alqueria.es\/wp-content\/uploads\/sites\/12\/2019\/03\/IMG_9981.jpg 194w\" sizes=\"(max-width: 474px) 100vw, 474px\" data-attachment-id=\"27177\" data-permalink=\"https:\/\/www.alqueria.es\/blogs\/alqueriaartistica\/2019\/03\/22\/dia-mundial-del-agua\/img_9981-2\/\" data-orig-file=\"https:\/\/cloud.alqueria.es\/wp-content\/uploads\/sites\/12\/2019\/03\/IMG_9981.jpg\" data-orig-size=\"663,1024\" data-comments-opened=\"1\" data-image-meta=\"{&quot;aperture&quot;:&quot;0&quot;,&quot;credit&quot;:&quot;&quot;,&quot;camera&quot;:&quot;&quot;,&quot;caption&quot;:&quot;&quot;,&quot;created_timestamp&quot;:&quot;0&quot;,&quot;copyright&quot;:&quot;&quot;,&quot;focal_length&quot;:&quot;0&quot;,&quot;iso&quot;:&quot;0&quot;,&quot;shutter_speed&quot;:&quot;0&quot;,&quot;title&quot;:&quot;&quot;,&quot;orientation&quot;:&quot;0&quot;}\" data-image-title=\"IMG_9981\" data-image-description=\"\" data-image-caption=\"\" data-large-file=\"https:\/\/cloud.alqueria.es\/wp-content\/uploads\/sites\/12\/2019\/03\/IMG_9981.jpg\" \/><\/a>\n\t\t\t<\/div><\/figure>\n\t\t<\/div>\n\n<div data-carousel-extra='{&quot;blog_id&quot;:12,&quot;permalink&quot;:&quot;https:\/\/www.alqueria.es\/blogs\/alqueriaartistica\/2019\/03\/22\/dia-mundial-del-agua\/&quot;}' id='gallery-12' class='gallery galleryid-27052 gallery-columns-3 gallery-size-large'><figure class='gallery-item'>\n\t\t\t<div class='gallery-icon portrait'>\n\t\t\t\t<a href='https:\/\/www.alqueria.es\/blogs\/alqueriaartistica\/2019\/03\/22\/dia-mundial-del-agua\/img_9978-3\/'><img decoding=\"async\" width=\"474\" height=\"739\" src=\"https:\/\/cloud.alqueria.es\/wp-content\/uploads\/sites\/12\/2019\/03\/IMG_9978.jpg\" class=\"attachment-large size-large\" alt=\"\" srcset=\"https:\/\/cloud.alqueria.es\/wp-content\/uploads\/sites\/12\/2019\/03\/IMG_9978.jpg 657w, https:\/\/cloud.alqueria.es\/wp-content\/uploads\/sites\/12\/2019\/03\/IMG_9978.jpg 192w\" sizes=\"(max-width: 474px) 100vw, 474px\" data-attachment-id=\"27174\" data-permalink=\"https:\/\/www.alqueria.es\/blogs\/alqueriaartistica\/2019\/03\/22\/dia-mundial-del-agua\/img_9978-3\/\" data-orig-file=\"https:\/\/cloud.alqueria.es\/wp-content\/uploads\/sites\/12\/2019\/03\/IMG_9978.jpg\" data-orig-size=\"657,1024\" data-comments-opened=\"1\" data-image-meta=\"{&quot;aperture&quot;:&quot;0&quot;,&quot;credit&quot;:&quot;&quot;,&quot;camera&quot;:&quot;&quot;,&quot;caption&quot;:&quot;&quot;,&quot;created_timestamp&quot;:&quot;0&quot;,&quot;copyright&quot;:&quot;&quot;,&quot;focal_length&quot;:&quot;0&quot;,&quot;iso&quot;:&quot;0&quot;,&quot;shutter_speed&quot;:&quot;0&quot;,&quot;title&quot;:&quot;&quot;,&quot;orientation&quot;:&quot;0&quot;}\" data-image-title=\"IMG_9978\" data-image-description=\"\" data-image-caption=\"\" data-large-file=\"https:\/\/cloud.alqueria.es\/wp-content\/uploads\/sites\/12\/2019\/03\/IMG_9978.jpg\" \/><\/a>\n\t\t\t<\/div><\/figure><figure class='gallery-item'>\n\t\t\t<div class='gallery-icon portrait'>\n\t\t\t\t<a href='https:\/\/www.alqueria.es\/blogs\/alqueriaartistica\/2019\/03\/22\/dia-mundial-del-agua\/img_9979-3\/'><img decoding=\"async\" width=\"474\" height=\"660\" src=\"https:\/\/cloud.alqueria.es\/wp-content\/uploads\/sites\/12\/2019\/03\/IMG_9979.jpg\" class=\"attachment-large size-large\" alt=\"\" srcset=\"https:\/\/cloud.alqueria.es\/wp-content\/uploads\/sites\/12\/2019\/03\/IMG_9979.jpg 735w, https:\/\/cloud.alqueria.es\/wp-content\/uploads\/sites\/12\/2019\/03\/IMG_9979.jpg 215w\" sizes=\"(max-width: 474px) 100vw, 474px\" data-attachment-id=\"27175\" data-permalink=\"https:\/\/www.alqueria.es\/blogs\/alqueriaartistica\/2019\/03\/22\/dia-mundial-del-agua\/img_9979-3\/\" data-orig-file=\"https:\/\/cloud.alqueria.es\/wp-content\/uploads\/sites\/12\/2019\/03\/IMG_9979.jpg\" data-orig-size=\"735,1024\" data-comments-opened=\"1\" data-image-meta=\"{&quot;aperture&quot;:&quot;0&quot;,&quot;credit&quot;:&quot;&quot;,&quot;camera&quot;:&quot;&quot;,&quot;caption&quot;:&quot;&quot;,&quot;created_timestamp&quot;:&quot;0&quot;,&quot;copyright&quot;:&quot;&quot;,&quot;focal_length&quot;:&quot;0&quot;,&quot;iso&quot;:&quot;0&quot;,&quot;shutter_speed&quot;:&quot;0&quot;,&quot;title&quot;:&quot;&quot;,&quot;orientation&quot;:&quot;0&quot;}\" data-image-title=\"IMG_9979\" data-image-description=\"\" data-image-caption=\"\" data-large-file=\"https:\/\/cloud.alqueria.es\/wp-content\/uploads\/sites\/12\/2019\/03\/IMG_9979.jpg\" \/><\/a>\n\t\t\t<\/div><\/figure><figure class='gallery-item'>\n\t\t\t<div class='gallery-icon portrait'>\n\t\t\t\t<a href='https:\/\/www.alqueria.es\/blogs\/alqueriaartistica\/2019\/03\/22\/dia-mundial-del-agua\/img_9980-3\/'><img decoding=\"async\" width=\"474\" height=\"718\" src=\"https:\/\/cloud.alqueria.es\/wp-content\/uploads\/sites\/12\/2019\/03\/IMG_9980.jpg\" class=\"attachment-large size-large\" alt=\"\" srcset=\"https:\/\/cloud.alqueria.es\/wp-content\/uploads\/sites\/12\/2019\/03\/IMG_9980.jpg 676w, https:\/\/cloud.alqueria.es\/wp-content\/uploads\/sites\/12\/2019\/03\/IMG_9980.jpg 198w\" sizes=\"(max-width: 474px) 100vw, 474px\" data-attachment-id=\"27176\" data-permalink=\"https:\/\/www.alqueria.es\/blogs\/alqueriaartistica\/2019\/03\/22\/dia-mundial-del-agua\/img_9980-3\/\" data-orig-file=\"https:\/\/cloud.alqueria.es\/wp-content\/uploads\/sites\/12\/2019\/03\/IMG_9980.jpg\" data-orig-size=\"676,1024\" data-comments-opened=\"1\" data-image-meta=\"{&quot;aperture&quot;:&quot;0&quot;,&quot;credit&quot;:&quot;&quot;,&quot;camera&quot;:&quot;&quot;,&quot;caption&quot;:&quot;&quot;,&quot;created_timestamp&quot;:&quot;0&quot;,&quot;copyright&quot;:&quot;&quot;,&quot;focal_length&quot;:&quot;0&quot;,&quot;iso&quot;:&quot;0&quot;,&quot;shutter_speed&quot;:&quot;0&quot;,&quot;title&quot;:&quot;&quot;,&quot;orientation&quot;:&quot;0&quot;}\" data-image-title=\"IMG_9980\" data-image-description=\"\" data-image-caption=\"\" data-large-file=\"https:\/\/cloud.alqueria.es\/wp-content\/uploads\/sites\/12\/2019\/03\/IMG_9980.jpg\" \/><\/a>\n\t\t\t<\/div><\/figure>\n\t\t<\/div>\n\n<div data-carousel-extra='{&quot;blog_id&quot;:12,&quot;permalink&quot;:&quot;https:\/\/www.alqueria.es\/blogs\/alqueriaartistica\/2019\/03\/22\/dia-mundial-del-agua\/&quot;}' id='gallery-13' class='gallery galleryid-27052 gallery-columns-3 gallery-size-large'><figure class='gallery-item'>\n\t\t\t<div class='gallery-icon portrait'>\n\t\t\t\t<a href='https:\/\/www.alqueria.es\/blogs\/alqueriaartistica\/2019\/03\/22\/dia-mundial-del-agua\/img_9977-4\/'><img decoding=\"async\" width=\"474\" height=\"692\" src=\"https:\/\/cloud.alqueria.es\/wp-content\/uploads\/sites\/12\/2019\/03\/IMG_9977.jpg\" class=\"attachment-large size-large\" alt=\"\" srcset=\"https:\/\/cloud.alqueria.es\/wp-content\/uploads\/sites\/12\/2019\/03\/IMG_9977.jpg 701w, https:\/\/cloud.alqueria.es\/wp-content\/uploads\/sites\/12\/2019\/03\/IMG_9977.jpg 205w\" sizes=\"(max-width: 474px) 100vw, 474px\" data-attachment-id=\"27173\" data-permalink=\"https:\/\/www.alqueria.es\/blogs\/alqueriaartistica\/2019\/03\/22\/dia-mundial-del-agua\/img_9977-4\/\" data-orig-file=\"https:\/\/cloud.alqueria.es\/wp-content\/uploads\/sites\/12\/2019\/03\/IMG_9977.jpg\" data-orig-size=\"701,1024\" data-comments-opened=\"1\" data-image-meta=\"{&quot;aperture&quot;:&quot;0&quot;,&quot;credit&quot;:&quot;&quot;,&quot;camera&quot;:&quot;&quot;,&quot;caption&quot;:&quot;&quot;,&quot;created_timestamp&quot;:&quot;0&quot;,&quot;copyright&quot;:&quot;&quot;,&quot;focal_length&quot;:&quot;0&quot;,&quot;iso&quot;:&quot;0&quot;,&quot;shutter_speed&quot;:&quot;0&quot;,&quot;title&quot;:&quot;&quot;,&quot;orientation&quot;:&quot;0&quot;}\" data-image-title=\"IMG_9977\" data-image-description=\"\" data-image-caption=\"\" data-large-file=\"https:\/\/cloud.alqueria.es\/wp-content\/uploads\/sites\/12\/2019\/03\/IMG_9977.jpg\" \/><\/a>\n\t\t\t<\/div><\/figure><figure class='gallery-item'>\n\t\t\t<div class='gallery-icon portrait'>\n\t\t\t\t<a href='https:\/\/www.alqueria.es\/blogs\/alqueriaartistica\/2019\/03\/22\/dia-mundial-del-agua\/img_9976-3\/'><img decoding=\"async\" width=\"474\" height=\"755\" src=\"https:\/\/cloud.alqueria.es\/wp-content\/uploads\/sites\/12\/2019\/03\/IMG_9976.jpg\" class=\"attachment-large size-large\" alt=\"\" srcset=\"https:\/\/cloud.alqueria.es\/wp-content\/uploads\/sites\/12\/2019\/03\/IMG_9976.jpg 643w, https:\/\/cloud.alqueria.es\/wp-content\/uploads\/sites\/12\/2019\/03\/IMG_9976.jpg 188w\" sizes=\"(max-width: 474px) 100vw, 474px\" data-attachment-id=\"27172\" data-permalink=\"https:\/\/www.alqueria.es\/blogs\/alqueriaartistica\/2019\/03\/22\/dia-mundial-del-agua\/img_9976-3\/\" data-orig-file=\"https:\/\/cloud.alqueria.es\/wp-content\/uploads\/sites\/12\/2019\/03\/IMG_9976.jpg\" data-orig-size=\"643,1024\" data-comments-opened=\"1\" data-image-meta=\"{&quot;aperture&quot;:&quot;0&quot;,&quot;credit&quot;:&quot;&quot;,&quot;camera&quot;:&quot;&quot;,&quot;caption&quot;:&quot;&quot;,&quot;created_timestamp&quot;:&quot;0&quot;,&quot;copyright&quot;:&quot;&quot;,&quot;focal_length&quot;:&quot;0&quot;,&quot;iso&quot;:&quot;0&quot;,&quot;shutter_speed&quot;:&quot;0&quot;,&quot;title&quot;:&quot;&quot;,&quot;orientation&quot;:&quot;0&quot;}\" data-image-title=\"IMG_9976\" data-image-description=\"\" data-image-caption=\"\" data-large-file=\"https:\/\/cloud.alqueria.es\/wp-content\/uploads\/sites\/12\/2019\/03\/IMG_9976.jpg\" \/><\/a>\n\t\t\t<\/div><\/figure><figure class='gallery-item'>\n\t\t\t<div class='gallery-icon portrait'>\n\t\t\t\t<a href='https:\/\/www.alqueria.es\/blogs\/alqueriaartistica\/2019\/03\/22\/dia-mundial-del-agua\/img_9975-4\/'><img decoding=\"async\" width=\"474\" height=\"713\" src=\"https:\/\/cloud.alqueria.es\/wp-content\/uploads\/sites\/12\/2019\/03\/IMG_9975.jpg\" class=\"attachment-large size-large\" alt=\"\" srcset=\"https:\/\/cloud.alqueria.es\/wp-content\/uploads\/sites\/12\/2019\/03\/IMG_9975.jpg 681w, https:\/\/cloud.alqueria.es\/wp-content\/uploads\/sites\/12\/2019\/03\/IMG_9975.jpg 200w\" sizes=\"(max-width: 474px) 100vw, 474px\" data-attachment-id=\"27171\" data-permalink=\"https:\/\/www.alqueria.es\/blogs\/alqueriaartistica\/2019\/03\/22\/dia-mundial-del-agua\/img_9975-4\/\" data-orig-file=\"https:\/\/cloud.alqueria.es\/wp-content\/uploads\/sites\/12\/2019\/03\/IMG_9975.jpg\" data-orig-size=\"681,1024\" data-comments-opened=\"1\" data-image-meta=\"{&quot;aperture&quot;:&quot;0&quot;,&quot;credit&quot;:&quot;&quot;,&quot;camera&quot;:&quot;&quot;,&quot;caption&quot;:&quot;&quot;,&quot;created_timestamp&quot;:&quot;0&quot;,&quot;copyright&quot;:&quot;&quot;,&quot;focal_length&quot;:&quot;0&quot;,&quot;iso&quot;:&quot;0&quot;,&quot;shutter_speed&quot;:&quot;0&quot;,&quot;title&quot;:&quot;&quot;,&quot;orientation&quot;:&quot;0&quot;}\" data-image-title=\"IMG_9975\" data-image-description=\"\" data-image-caption=\"\" data-large-file=\"https:\/\/cloud.alqueria.es\/wp-content\/uploads\/sites\/12\/2019\/03\/IMG_9975.jpg\" \/><\/a>\n\t\t\t<\/div><\/figure>\n\t\t<\/div>\n\n<div data-carousel-extra='{&quot;blog_id&quot;:12,&quot;permalink&quot;:&quot;https:\/\/www.alqueria.es\/blogs\/alqueriaartistica\/2019\/03\/22\/dia-mundial-del-agua\/&quot;}' id='gallery-14' class='gallery galleryid-27052 gallery-columns-3 gallery-size-large'><figure class='gallery-item'>\n\t\t\t<div class='gallery-icon portrait'>\n\t\t\t\t<a href='https:\/\/www.alqueria.es\/blogs\/alqueriaartistica\/2019\/03\/22\/dia-mundial-del-agua\/img_9972-2\/'><img decoding=\"async\" width=\"474\" height=\"681\" src=\"https:\/\/cloud.alqueria.es\/wp-content\/uploads\/sites\/12\/2019\/03\/IMG_9972.jpg\" class=\"attachment-large size-large\" alt=\"\" srcset=\"https:\/\/cloud.alqueria.es\/wp-content\/uploads\/sites\/12\/2019\/03\/IMG_9972.jpg 713w, https:\/\/cloud.alqueria.es\/wp-content\/uploads\/sites\/12\/2019\/03\/IMG_9972.jpg 209w\" sizes=\"(max-width: 474px) 100vw, 474px\" data-attachment-id=\"27168\" data-permalink=\"https:\/\/www.alqueria.es\/blogs\/alqueriaartistica\/2019\/03\/22\/dia-mundial-del-agua\/img_9972-2\/\" data-orig-file=\"https:\/\/cloud.alqueria.es\/wp-content\/uploads\/sites\/12\/2019\/03\/IMG_9972.jpg\" data-orig-size=\"713,1024\" data-comments-opened=\"1\" data-image-meta=\"{&quot;aperture&quot;:&quot;0&quot;,&quot;credit&quot;:&quot;&quot;,&quot;camera&quot;:&quot;&quot;,&quot;caption&quot;:&quot;&quot;,&quot;created_timestamp&quot;:&quot;0&quot;,&quot;copyright&quot;:&quot;&quot;,&quot;focal_length&quot;:&quot;0&quot;,&quot;iso&quot;:&quot;0&quot;,&quot;shutter_speed&quot;:&quot;0&quot;,&quot;title&quot;:&quot;&quot;,&quot;orientation&quot;:&quot;0&quot;}\" data-image-title=\"IMG_9972\" data-image-description=\"\" data-image-caption=\"\" data-large-file=\"https:\/\/cloud.alqueria.es\/wp-content\/uploads\/sites\/12\/2019\/03\/IMG_9972.jpg\" \/><\/a>\n\t\t\t<\/div><\/figure><figure class='gallery-item'>\n\t\t\t<div class='gallery-icon portrait'>\n\t\t\t\t<a href='https:\/\/www.alqueria.es\/blogs\/alqueriaartistica\/2019\/03\/22\/dia-mundial-del-agua\/img_9974-4\/'><img decoding=\"async\" width=\"474\" height=\"728\" src=\"https:\/\/cloud.alqueria.es\/wp-content\/uploads\/sites\/12\/2019\/03\/IMG_9974.jpg\" class=\"attachment-large size-large\" alt=\"\" srcset=\"https:\/\/cloud.alqueria.es\/wp-content\/uploads\/sites\/12\/2019\/03\/IMG_9974.jpg 667w, https:\/\/cloud.alqueria.es\/wp-content\/uploads\/sites\/12\/2019\/03\/IMG_9974.jpg 195w\" sizes=\"(max-width: 474px) 100vw, 474px\" data-attachment-id=\"27170\" data-permalink=\"https:\/\/www.alqueria.es\/blogs\/alqueriaartistica\/2019\/03\/22\/dia-mundial-del-agua\/img_9974-4\/\" data-orig-file=\"https:\/\/cloud.alqueria.es\/wp-content\/uploads\/sites\/12\/2019\/03\/IMG_9974.jpg\" data-orig-size=\"667,1024\" data-comments-opened=\"1\" data-image-meta=\"{&quot;aperture&quot;:&quot;0&quot;,&quot;credit&quot;:&quot;&quot;,&quot;camera&quot;:&quot;&quot;,&quot;caption&quot;:&quot;&quot;,&quot;created_timestamp&quot;:&quot;0&quot;,&quot;copyright&quot;:&quot;&quot;,&quot;focal_length&quot;:&quot;0&quot;,&quot;iso&quot;:&quot;0&quot;,&quot;shutter_speed&quot;:&quot;0&quot;,&quot;title&quot;:&quot;&quot;,&quot;orientation&quot;:&quot;0&quot;}\" data-image-title=\"IMG_9974\" data-image-description=\"\" data-image-caption=\"\" data-large-file=\"https:\/\/cloud.alqueria.es\/wp-content\/uploads\/sites\/12\/2019\/03\/IMG_9974.jpg\" \/><\/a>\n\t\t\t<\/div><\/figure><figure class='gallery-item'>\n\t\t\t<div class='gallery-icon portrait'>\n\t\t\t\t<a href='https:\/\/www.alqueria.es\/blogs\/alqueriaartistica\/2019\/03\/22\/dia-mundial-del-agua\/img_9973-3\/'><img decoding=\"async\" width=\"474\" height=\"702\" src=\"https:\/\/cloud.alqueria.es\/wp-content\/uploads\/sites\/12\/2019\/03\/IMG_9973.jpg\" class=\"attachment-large size-large\" alt=\"\" srcset=\"https:\/\/cloud.alqueria.es\/wp-content\/uploads\/sites\/12\/2019\/03\/IMG_9973.jpg 691w, https:\/\/cloud.alqueria.es\/wp-content\/uploads\/sites\/12\/2019\/03\/IMG_9973.jpg 202w\" sizes=\"(max-width: 474px) 100vw, 474px\" data-attachment-id=\"27169\" data-permalink=\"https:\/\/www.alqueria.es\/blogs\/alqueriaartistica\/2019\/03\/22\/dia-mundial-del-agua\/img_9973-3\/\" data-orig-file=\"https:\/\/cloud.alqueria.es\/wp-content\/uploads\/sites\/12\/2019\/03\/IMG_9973.jpg\" data-orig-size=\"691,1024\" data-comments-opened=\"1\" data-image-meta=\"{&quot;aperture&quot;:&quot;0&quot;,&quot;credit&quot;:&quot;&quot;,&quot;camera&quot;:&quot;&quot;,&quot;caption&quot;:&quot;&quot;,&quot;created_timestamp&quot;:&quot;0&quot;,&quot;copyright&quot;:&quot;&quot;,&quot;focal_length&quot;:&quot;0&quot;,&quot;iso&quot;:&quot;0&quot;,&quot;shutter_speed&quot;:&quot;0&quot;,&quot;title&quot;:&quot;&quot;,&quot;orientation&quot;:&quot;0&quot;}\" data-image-title=\"IMG_9973\" data-image-description=\"\" data-image-caption=\"\" data-large-file=\"https:\/\/cloud.alqueria.es\/wp-content\/uploads\/sites\/12\/2019\/03\/IMG_9973.jpg\" \/><\/a>\n\t\t\t<\/div><\/figure>\n\t\t<\/div>\n\n<div data-carousel-extra='{&quot;blog_id&quot;:12,&quot;permalink&quot;:&quot;https:\/\/www.alqueria.es\/blogs\/alqueriaartistica\/2019\/03\/22\/dia-mundial-del-agua\/&quot;}' id='gallery-15' class='gallery galleryid-27052 gallery-columns-3 gallery-size-large'><figure class='gallery-item'>\n\t\t\t<div class='gallery-icon portrait'>\n\t\t\t\t<a href='https:\/\/www.alqueria.es\/blogs\/alqueriaartistica\/2019\/03\/22\/dia-mundial-del-agua\/img_9969-3\/'><img decoding=\"async\" width=\"474\" height=\"779\" src=\"https:\/\/cloud.alqueria.es\/wp-content\/uploads\/sites\/12\/2019\/03\/IMG_9969.jpg\" class=\"attachment-large size-large\" alt=\"\" srcset=\"https:\/\/cloud.alqueria.es\/wp-content\/uploads\/sites\/12\/2019\/03\/IMG_9969.jpg 623w, https:\/\/cloud.alqueria.es\/wp-content\/uploads\/sites\/12\/2019\/03\/IMG_9969.jpg 183w\" sizes=\"(max-width: 474px) 100vw, 474px\" data-attachment-id=\"27165\" data-permalink=\"https:\/\/www.alqueria.es\/blogs\/alqueriaartistica\/2019\/03\/22\/dia-mundial-del-agua\/img_9969-3\/\" data-orig-file=\"https:\/\/cloud.alqueria.es\/wp-content\/uploads\/sites\/12\/2019\/03\/IMG_9969.jpg\" data-orig-size=\"623,1024\" data-comments-opened=\"1\" data-image-meta=\"{&quot;aperture&quot;:&quot;0&quot;,&quot;credit&quot;:&quot;&quot;,&quot;camera&quot;:&quot;&quot;,&quot;caption&quot;:&quot;&quot;,&quot;created_timestamp&quot;:&quot;0&quot;,&quot;copyright&quot;:&quot;&quot;,&quot;focal_length&quot;:&quot;0&quot;,&quot;iso&quot;:&quot;0&quot;,&quot;shutter_speed&quot;:&quot;0&quot;,&quot;title&quot;:&quot;&quot;,&quot;orientation&quot;:&quot;0&quot;}\" data-image-title=\"IMG_9969\" data-image-description=\"\" data-image-caption=\"\" data-large-file=\"https:\/\/cloud.alqueria.es\/wp-content\/uploads\/sites\/12\/2019\/03\/IMG_9969.jpg\" \/><\/a>\n\t\t\t<\/div><\/figure><figure class='gallery-item'>\n\t\t\t<div class='gallery-icon portrait'>\n\t\t\t\t<a href='https:\/\/www.alqueria.es\/blogs\/alqueriaartistica\/2019\/03\/22\/dia-mundial-del-agua\/img_9971-2\/'><img decoding=\"async\" width=\"474\" height=\"604\" src=\"https:\/\/cloud.alqueria.es\/wp-content\/uploads\/sites\/12\/2019\/03\/IMG_9971.jpg\" class=\"attachment-large size-large\" alt=\"\" srcset=\"https:\/\/cloud.alqueria.es\/wp-content\/uploads\/sites\/12\/2019\/03\/IMG_9971.jpg 804w, https:\/\/cloud.alqueria.es\/wp-content\/uploads\/sites\/12\/2019\/03\/IMG_9971.jpg 236w, https:\/\/cloud.alqueria.es\/wp-content\/uploads\/sites\/12\/2019\/03\/IMG_9971.jpg 768w\" sizes=\"(max-width: 474px) 100vw, 474px\" data-attachment-id=\"27167\" data-permalink=\"https:\/\/www.alqueria.es\/blogs\/alqueriaartistica\/2019\/03\/22\/dia-mundial-del-agua\/img_9971-2\/\" data-orig-file=\"https:\/\/cloud.alqueria.es\/wp-content\/uploads\/sites\/12\/2019\/03\/IMG_9971.jpg\" data-orig-size=\"804,1024\" data-comments-opened=\"1\" data-image-meta=\"{&quot;aperture&quot;:&quot;0&quot;,&quot;credit&quot;:&quot;&quot;,&quot;camera&quot;:&quot;&quot;,&quot;caption&quot;:&quot;&quot;,&quot;created_timestamp&quot;:&quot;0&quot;,&quot;copyright&quot;:&quot;&quot;,&quot;focal_length&quot;:&quot;0&quot;,&quot;iso&quot;:&quot;0&quot;,&quot;shutter_speed&quot;:&quot;0&quot;,&quot;title&quot;:&quot;&quot;,&quot;orientation&quot;:&quot;0&quot;}\" data-image-title=\"IMG_9971\" data-image-description=\"\" data-image-caption=\"\" data-large-file=\"https:\/\/cloud.alqueria.es\/wp-content\/uploads\/sites\/12\/2019\/03\/IMG_9971.jpg\" \/><\/a>\n\t\t\t<\/div><\/figure><figure class='gallery-item'>\n\t\t\t<div class='gallery-icon portrait'>\n\t\t\t\t<a href='https:\/\/www.alqueria.es\/blogs\/alqueriaartistica\/2019\/03\/22\/dia-mundial-del-agua\/img_9970-3\/'><img decoding=\"async\" width=\"474\" height=\"717\" src=\"https:\/\/cloud.alqueria.es\/wp-content\/uploads\/sites\/12\/2019\/03\/IMG_9970.jpg\" class=\"attachment-large size-large\" alt=\"\" srcset=\"https:\/\/cloud.alqueria.es\/wp-content\/uploads\/sites\/12\/2019\/03\/IMG_9970.jpg 677w, https:\/\/cloud.alqueria.es\/wp-content\/uploads\/sites\/12\/2019\/03\/IMG_9970.jpg 198w\" sizes=\"(max-width: 474px) 100vw, 474px\" data-attachment-id=\"27166\" data-permalink=\"https:\/\/www.alqueria.es\/blogs\/alqueriaartistica\/2019\/03\/22\/dia-mundial-del-agua\/img_9970-3\/\" data-orig-file=\"https:\/\/cloud.alqueria.es\/wp-content\/uploads\/sites\/12\/2019\/03\/IMG_9970.jpg\" data-orig-size=\"677,1024\" data-comments-opened=\"1\" data-image-meta=\"{&quot;aperture&quot;:&quot;0&quot;,&quot;credit&quot;:&quot;&quot;,&quot;camera&quot;:&quot;&quot;,&quot;caption&quot;:&quot;&quot;,&quot;created_timestamp&quot;:&quot;0&quot;,&quot;copyright&quot;:&quot;&quot;,&quot;focal_length&quot;:&quot;0&quot;,&quot;iso&quot;:&quot;0&quot;,&quot;shutter_speed&quot;:&quot;0&quot;,&quot;title&quot;:&quot;&quot;,&quot;orientation&quot;:&quot;0&quot;}\" data-image-title=\"IMG_9970\" data-image-description=\"\" data-image-caption=\"\" data-large-file=\"https:\/\/cloud.alqueria.es\/wp-content\/uploads\/sites\/12\/2019\/03\/IMG_9970.jpg\" \/><\/a>\n\t\t\t<\/div><\/figure>\n\t\t<\/div>\n\n<div data-carousel-extra='{&quot;blog_id&quot;:12,&quot;permalink&quot;:&quot;https:\/\/www.alqueria.es\/blogs\/alqueriaartistica\/2019\/03\/22\/dia-mundial-del-agua\/&quot;}' id='gallery-16' class='gallery galleryid-27052 gallery-columns-3 gallery-size-large'><figure class='gallery-item'>\n\t\t\t<div class='gallery-icon portrait'>\n\t\t\t\t<a href='https:\/\/www.alqueria.es\/blogs\/alqueriaartistica\/2019\/03\/22\/dia-mundial-del-agua\/img_9968-4\/'><img decoding=\"async\" width=\"474\" height=\"675\" src=\"https:\/\/cloud.alqueria.es\/wp-content\/uploads\/sites\/12\/2019\/03\/IMG_9968.jpg\" class=\"attachment-large size-large\" alt=\"\" srcset=\"https:\/\/cloud.alqueria.es\/wp-content\/uploads\/sites\/12\/2019\/03\/IMG_9968.jpg 719w, https:\/\/cloud.alqueria.es\/wp-content\/uploads\/sites\/12\/2019\/03\/IMG_9968.jpg 211w\" sizes=\"(max-width: 474px) 100vw, 474px\" data-attachment-id=\"27164\" data-permalink=\"https:\/\/www.alqueria.es\/blogs\/alqueriaartistica\/2019\/03\/22\/dia-mundial-del-agua\/img_9968-4\/\" data-orig-file=\"https:\/\/cloud.alqueria.es\/wp-content\/uploads\/sites\/12\/2019\/03\/IMG_9968.jpg\" data-orig-size=\"719,1024\" data-comments-opened=\"1\" data-image-meta=\"{&quot;aperture&quot;:&quot;0&quot;,&quot;credit&quot;:&quot;&quot;,&quot;camera&quot;:&quot;&quot;,&quot;caption&quot;:&quot;&quot;,&quot;created_timestamp&quot;:&quot;0&quot;,&quot;copyright&quot;:&quot;&quot;,&quot;focal_length&quot;:&quot;0&quot;,&quot;iso&quot;:&quot;0&quot;,&quot;shutter_speed&quot;:&quot;0&quot;,&quot;title&quot;:&quot;&quot;,&quot;orientation&quot;:&quot;0&quot;}\" data-image-title=\"IMG_9968\" data-image-description=\"\" data-image-caption=\"\" data-large-file=\"https:\/\/cloud.alqueria.es\/wp-content\/uploads\/sites\/12\/2019\/03\/IMG_9968.jpg\" \/><\/a>\n\t\t\t<\/div><\/figure><figure class='gallery-item'>\n\t\t\t<div class='gallery-icon portrait'>\n\t\t\t\t<a href='https:\/\/www.alqueria.es\/blogs\/alqueriaartistica\/2019\/03\/22\/dia-mundial-del-agua\/img_9965-2\/'><img decoding=\"async\" width=\"474\" height=\"740\" src=\"https:\/\/cloud.alqueria.es\/wp-content\/uploads\/sites\/12\/2019\/03\/IMG_9965.jpg\" class=\"attachment-large size-large\" alt=\"\" srcset=\"https:\/\/cloud.alqueria.es\/wp-content\/uploads\/sites\/12\/2019\/03\/IMG_9965.jpg 656w, https:\/\/cloud.alqueria.es\/wp-content\/uploads\/sites\/12\/2019\/03\/IMG_9965.jpg 192w\" sizes=\"(max-width: 474px) 100vw, 474px\" data-attachment-id=\"27162\" data-permalink=\"https:\/\/www.alqueria.es\/blogs\/alqueriaartistica\/2019\/03\/22\/dia-mundial-del-agua\/img_9965-2\/\" data-orig-file=\"https:\/\/cloud.alqueria.es\/wp-content\/uploads\/sites\/12\/2019\/03\/IMG_9965.jpg\" data-orig-size=\"656,1024\" data-comments-opened=\"1\" data-image-meta=\"{&quot;aperture&quot;:&quot;0&quot;,&quot;credit&quot;:&quot;&quot;,&quot;camera&quot;:&quot;&quot;,&quot;caption&quot;:&quot;&quot;,&quot;created_timestamp&quot;:&quot;0&quot;,&quot;copyright&quot;:&quot;&quot;,&quot;focal_length&quot;:&quot;0&quot;,&quot;iso&quot;:&quot;0&quot;,&quot;shutter_speed&quot;:&quot;0&quot;,&quot;title&quot;:&quot;&quot;,&quot;orientation&quot;:&quot;0&quot;}\" data-image-title=\"IMG_9965\" data-image-description=\"\" data-image-caption=\"\" data-large-file=\"https:\/\/cloud.alqueria.es\/wp-content\/uploads\/sites\/12\/2019\/03\/IMG_9965.jpg\" \/><\/a>\n\t\t\t<\/div><\/figure><figure class='gallery-item'>\n\t\t\t<div class='gallery-icon portrait'>\n\t\t\t\t<a href='https:\/\/www.alqueria.es\/blogs\/alqueriaartistica\/2019\/03\/22\/dia-mundial-del-agua\/img_9967-3\/'><img decoding=\"async\" width=\"474\" height=\"681\" src=\"https:\/\/cloud.alqueria.es\/wp-content\/uploads\/sites\/12\/2019\/03\/IMG_9967.jpg\" class=\"attachment-large size-large\" alt=\"\" srcset=\"https:\/\/cloud.alqueria.es\/wp-content\/uploads\/sites\/12\/2019\/03\/IMG_9967.jpg 713w, https:\/\/cloud.alqueria.es\/wp-content\/uploads\/sites\/12\/2019\/03\/IMG_9967.jpg 209w\" sizes=\"(max-width: 474px) 100vw, 474px\" data-attachment-id=\"27163\" data-permalink=\"https:\/\/www.alqueria.es\/blogs\/alqueriaartistica\/2019\/03\/22\/dia-mundial-del-agua\/img_9967-3\/\" data-orig-file=\"https:\/\/cloud.alqueria.es\/wp-content\/uploads\/sites\/12\/2019\/03\/IMG_9967.jpg\" data-orig-size=\"713,1024\" data-comments-opened=\"1\" data-image-meta=\"{&quot;aperture&quot;:&quot;0&quot;,&quot;credit&quot;:&quot;&quot;,&quot;camera&quot;:&quot;&quot;,&quot;caption&quot;:&quot;&quot;,&quot;created_timestamp&quot;:&quot;0&quot;,&quot;copyright&quot;:&quot;&quot;,&quot;focal_length&quot;:&quot;0&quot;,&quot;iso&quot;:&quot;0&quot;,&quot;shutter_speed&quot;:&quot;0&quot;,&quot;title&quot;:&quot;&quot;,&quot;orientation&quot;:&quot;0&quot;}\" data-image-title=\"IMG_9967\" data-image-description=\"\" data-image-caption=\"\" data-large-file=\"https:\/\/cloud.alqueria.es\/wp-content\/uploads\/sites\/12\/2019\/03\/IMG_9967.jpg\" \/><\/a>\n\t\t\t<\/div><\/figure>\n\t\t<\/div>\n\n<div data-carousel-extra='{&quot;blog_id&quot;:12,&quot;permalink&quot;:&quot;https:\/\/www.alqueria.es\/blogs\/alqueriaartistica\/2019\/03\/22\/dia-mundial-del-agua\/&quot;}' id='gallery-17' class='gallery galleryid-27052 gallery-columns-3 gallery-size-large'><figure class='gallery-item'>\n\t\t\t<div class='gallery-icon portrait'>\n\t\t\t\t<a href='https:\/\/www.alqueria.es\/blogs\/alqueriaartistica\/2019\/03\/22\/dia-mundial-del-agua\/img_9963-4\/'><img decoding=\"async\" width=\"474\" height=\"639\" src=\"https:\/\/cloud.alqueria.es\/wp-content\/uploads\/sites\/12\/2019\/03\/IMG_9963.jpg\" class=\"attachment-large size-large\" alt=\"\" srcset=\"https:\/\/cloud.alqueria.es\/wp-content\/uploads\/sites\/12\/2019\/03\/IMG_9963.jpg 759w, https:\/\/cloud.alqueria.es\/wp-content\/uploads\/sites\/12\/2019\/03\/IMG_9963.jpg 222w\" sizes=\"(max-width: 474px) 100vw, 474px\" data-attachment-id=\"27160\" data-permalink=\"https:\/\/www.alqueria.es\/blogs\/alqueriaartistica\/2019\/03\/22\/dia-mundial-del-agua\/img_9963-4\/\" data-orig-file=\"https:\/\/cloud.alqueria.es\/wp-content\/uploads\/sites\/12\/2019\/03\/IMG_9963.jpg\" data-orig-size=\"759,1024\" data-comments-opened=\"1\" data-image-meta=\"{&quot;aperture&quot;:&quot;0&quot;,&quot;credit&quot;:&quot;&quot;,&quot;camera&quot;:&quot;&quot;,&quot;caption&quot;:&quot;&quot;,&quot;created_timestamp&quot;:&quot;0&quot;,&quot;copyright&quot;:&quot;&quot;,&quot;focal_length&quot;:&quot;0&quot;,&quot;iso&quot;:&quot;0&quot;,&quot;shutter_speed&quot;:&quot;0&quot;,&quot;title&quot;:&quot;&quot;,&quot;orientation&quot;:&quot;0&quot;}\" data-image-title=\"IMG_9963\" data-image-description=\"\" data-image-caption=\"\" data-large-file=\"https:\/\/cloud.alqueria.es\/wp-content\/uploads\/sites\/12\/2019\/03\/IMG_9963.jpg\" \/><\/a>\n\t\t\t<\/div><\/figure><figure class='gallery-item'>\n\t\t\t<div class='gallery-icon portrait'>\n\t\t\t\t<a href='https:\/\/www.alqueria.es\/blogs\/alqueriaartistica\/2019\/03\/22\/dia-mundial-del-agua\/img_9964-4\/'><img decoding=\"async\" width=\"474\" height=\"711\" src=\"https:\/\/cloud.alqueria.es\/wp-content\/uploads\/sites\/12\/2019\/03\/IMG_9964.jpg\" class=\"attachment-large size-large\" alt=\"\" srcset=\"https:\/\/cloud.alqueria.es\/wp-content\/uploads\/sites\/12\/2019\/03\/IMG_9964.jpg 683w, https:\/\/cloud.alqueria.es\/wp-content\/uploads\/sites\/12\/2019\/03\/IMG_9964.jpg 200w\" sizes=\"(max-width: 474px) 100vw, 474px\" data-attachment-id=\"27161\" data-permalink=\"https:\/\/www.alqueria.es\/blogs\/alqueriaartistica\/2019\/03\/22\/dia-mundial-del-agua\/img_9964-4\/\" data-orig-file=\"https:\/\/cloud.alqueria.es\/wp-content\/uploads\/sites\/12\/2019\/03\/IMG_9964.jpg\" data-orig-size=\"683,1024\" data-comments-opened=\"1\" data-image-meta=\"{&quot;aperture&quot;:&quot;0&quot;,&quot;credit&quot;:&quot;&quot;,&quot;camera&quot;:&quot;&quot;,&quot;caption&quot;:&quot;&quot;,&quot;created_timestamp&quot;:&quot;0&quot;,&quot;copyright&quot;:&quot;&quot;,&quot;focal_length&quot;:&quot;0&quot;,&quot;iso&quot;:&quot;0&quot;,&quot;shutter_speed&quot;:&quot;0&quot;,&quot;title&quot;:&quot;&quot;,&quot;orientation&quot;:&quot;0&quot;}\" data-image-title=\"IMG_9964\" data-image-description=\"\" data-image-caption=\"\" data-large-file=\"https:\/\/cloud.alqueria.es\/wp-content\/uploads\/sites\/12\/2019\/03\/IMG_9964.jpg\" \/><\/a>\n\t\t\t<\/div><\/figure><figure class='gallery-item'>\n\t\t\t<div class='gallery-icon portrait'>\n\t\t\t\t<a href='https:\/\/www.alqueria.es\/blogs\/alqueriaartistica\/2019\/03\/22\/dia-mundial-del-agua\/img_9962-4\/'><img decoding=\"async\" width=\"474\" height=\"692\" src=\"https:\/\/cloud.alqueria.es\/wp-content\/uploads\/sites\/12\/2019\/03\/IMG_9962.jpg\" class=\"attachment-large size-large\" alt=\"\" srcset=\"https:\/\/cloud.alqueria.es\/wp-content\/uploads\/sites\/12\/2019\/03\/IMG_9962.jpg 701w, https:\/\/cloud.alqueria.es\/wp-content\/uploads\/sites\/12\/2019\/03\/IMG_9962.jpg 205w\" sizes=\"(max-width: 474px) 100vw, 474px\" data-attachment-id=\"27159\" data-permalink=\"https:\/\/www.alqueria.es\/blogs\/alqueriaartistica\/2019\/03\/22\/dia-mundial-del-agua\/img_9962-4\/\" data-orig-file=\"https:\/\/cloud.alqueria.es\/wp-content\/uploads\/sites\/12\/2019\/03\/IMG_9962.jpg\" data-orig-size=\"701,1024\" data-comments-opened=\"1\" data-image-meta=\"{&quot;aperture&quot;:&quot;0&quot;,&quot;credit&quot;:&quot;&quot;,&quot;camera&quot;:&quot;&quot;,&quot;caption&quot;:&quot;&quot;,&quot;created_timestamp&quot;:&quot;0&quot;,&quot;copyright&quot;:&quot;&quot;,&quot;focal_length&quot;:&quot;0&quot;,&quot;iso&quot;:&quot;0&quot;,&quot;shutter_speed&quot;:&quot;0&quot;,&quot;title&quot;:&quot;&quot;,&quot;orientation&quot;:&quot;0&quot;}\" data-image-title=\"IMG_9962\" data-image-description=\"\" data-image-caption=\"\" data-large-file=\"https:\/\/cloud.alqueria.es\/wp-content\/uploads\/sites\/12\/2019\/03\/IMG_9962.jpg\" \/><\/a>\n\t\t\t<\/div><\/figure>\n\t\t<\/div>\n\n<div data-carousel-extra='{&quot;blog_id&quot;:12,&quot;permalink&quot;:&quot;https:\/\/www.alqueria.es\/blogs\/alqueriaartistica\/2019\/03\/22\/dia-mundial-del-agua\/&quot;}' id='gallery-18' class='gallery galleryid-27052 gallery-columns-3 gallery-size-large'><figure class='gallery-item'>\n\t\t\t<div class='gallery-icon portrait'>\n\t\t\t\t<a href='https:\/\/www.alqueria.es\/blogs\/alqueriaartistica\/2019\/03\/22\/dia-mundial-del-agua\/img_9961-2\/'><img decoding=\"async\" width=\"474\" height=\"662\" src=\"https:\/\/cloud.alqueria.es\/wp-content\/uploads\/sites\/12\/2019\/03\/IMG_9961.jpg\" class=\"attachment-large size-large\" alt=\"\" srcset=\"https:\/\/cloud.alqueria.es\/wp-content\/uploads\/sites\/12\/2019\/03\/IMG_9961.jpg 733w, https:\/\/cloud.alqueria.es\/wp-content\/uploads\/sites\/12\/2019\/03\/IMG_9961.jpg 215w\" sizes=\"(max-width: 474px) 100vw, 474px\" data-attachment-id=\"27158\" data-permalink=\"https:\/\/www.alqueria.es\/blogs\/alqueriaartistica\/2019\/03\/22\/dia-mundial-del-agua\/img_9961-2\/\" data-orig-file=\"https:\/\/cloud.alqueria.es\/wp-content\/uploads\/sites\/12\/2019\/03\/IMG_9961.jpg\" data-orig-size=\"733,1024\" data-comments-opened=\"1\" data-image-meta=\"{&quot;aperture&quot;:&quot;0&quot;,&quot;credit&quot;:&quot;&quot;,&quot;camera&quot;:&quot;&quot;,&quot;caption&quot;:&quot;&quot;,&quot;created_timestamp&quot;:&quot;0&quot;,&quot;copyright&quot;:&quot;&quot;,&quot;focal_length&quot;:&quot;0&quot;,&quot;iso&quot;:&quot;0&quot;,&quot;shutter_speed&quot;:&quot;0&quot;,&quot;title&quot;:&quot;&quot;,&quot;orientation&quot;:&quot;0&quot;}\" data-image-title=\"IMG_9961\" data-image-description=\"\" data-image-caption=\"\" data-large-file=\"https:\/\/cloud.alqueria.es\/wp-content\/uploads\/sites\/12\/2019\/03\/IMG_9961.jpg\" \/><\/a>\n\t\t\t<\/div><\/figure><figure class='gallery-item'>\n\t\t\t<div class='gallery-icon portrait'>\n\t\t\t\t<a href='https:\/\/www.alqueria.es\/blogs\/alqueriaartistica\/2019\/03\/22\/dia-mundial-del-agua\/img_9959-2\/'><img decoding=\"async\" width=\"474\" height=\"688\" src=\"https:\/\/cloud.alqueria.es\/wp-content\/uploads\/sites\/12\/2019\/03\/IMG_9959.jpg\" class=\"attachment-large size-large\" alt=\"\" srcset=\"https:\/\/cloud.alqueria.es\/wp-content\/uploads\/sites\/12\/2019\/03\/IMG_9959.jpg 705w, https:\/\/cloud.alqueria.es\/wp-content\/uploads\/sites\/12\/2019\/03\/IMG_9959.jpg 207w\" sizes=\"(max-width: 474px) 100vw, 474px\" data-attachment-id=\"27156\" data-permalink=\"https:\/\/www.alqueria.es\/blogs\/alqueriaartistica\/2019\/03\/22\/dia-mundial-del-agua\/img_9959-2\/\" data-orig-file=\"https:\/\/cloud.alqueria.es\/wp-content\/uploads\/sites\/12\/2019\/03\/IMG_9959.jpg\" data-orig-size=\"705,1024\" data-comments-opened=\"1\" data-image-meta=\"{&quot;aperture&quot;:&quot;0&quot;,&quot;credit&quot;:&quot;&quot;,&quot;camera&quot;:&quot;&quot;,&quot;caption&quot;:&quot;&quot;,&quot;created_timestamp&quot;:&quot;0&quot;,&quot;copyright&quot;:&quot;&quot;,&quot;focal_length&quot;:&quot;0&quot;,&quot;iso&quot;:&quot;0&quot;,&quot;shutter_speed&quot;:&quot;0&quot;,&quot;title&quot;:&quot;&quot;,&quot;orientation&quot;:&quot;0&quot;}\" data-image-title=\"IMG_9959\" data-image-description=\"\" data-image-caption=\"\" data-large-file=\"https:\/\/cloud.alqueria.es\/wp-content\/uploads\/sites\/12\/2019\/03\/IMG_9959.jpg\" \/><\/a>\n\t\t\t<\/div><\/figure><figure class='gallery-item'>\n\t\t\t<div class='gallery-icon portrait'>\n\t\t\t\t<a href='https:\/\/www.alqueria.es\/blogs\/alqueriaartistica\/2019\/03\/22\/dia-mundial-del-agua\/img_9960-3\/'><img decoding=\"async\" width=\"474\" height=\"632\" src=\"https:\/\/cloud.alqueria.es\/wp-content\/uploads\/sites\/12\/2019\/03\/IMG_9960.jpg\" class=\"attachment-large size-large\" alt=\"\" srcset=\"https:\/\/cloud.alqueria.es\/wp-content\/uploads\/sites\/12\/2019\/03\/IMG_9960.jpg 768w, https:\/\/cloud.alqueria.es\/wp-content\/uploads\/sites\/12\/2019\/03\/IMG_9960.jpg 225w\" sizes=\"(max-width: 474px) 100vw, 474px\" data-attachment-id=\"27157\" data-permalink=\"https:\/\/www.alqueria.es\/blogs\/alqueriaartistica\/2019\/03\/22\/dia-mundial-del-agua\/img_9960-3\/\" data-orig-file=\"https:\/\/cloud.alqueria.es\/wp-content\/uploads\/sites\/12\/2019\/03\/IMG_9960.jpg\" data-orig-size=\"768,1024\" data-comments-opened=\"1\" data-image-meta=\"{&quot;aperture&quot;:&quot;0&quot;,&quot;credit&quot;:&quot;&quot;,&quot;camera&quot;:&quot;&quot;,&quot;caption&quot;:&quot;&quot;,&quot;created_timestamp&quot;:&quot;0&quot;,&quot;copyright&quot;:&quot;&quot;,&quot;focal_length&quot;:&quot;0&quot;,&quot;iso&quot;:&quot;0&quot;,&quot;shutter_speed&quot;:&quot;0&quot;,&quot;title&quot;:&quot;&quot;,&quot;orientation&quot;:&quot;0&quot;}\" data-image-title=\"IMG_9960\" data-image-description=\"\" data-image-caption=\"\" data-large-file=\"https:\/\/cloud.alqueria.es\/wp-content\/uploads\/sites\/12\/2019\/03\/IMG_9960.jpg\" \/><\/a>\n\t\t\t<\/div><\/figure>\n\t\t<\/div>\n\n<div data-carousel-extra='{&quot;blog_id&quot;:12,&quot;permalink&quot;:&quot;https:\/\/www.alqueria.es\/blogs\/alqueriaartistica\/2019\/03\/22\/dia-mundial-del-agua\/&quot;}' id='gallery-19' class='gallery galleryid-27052 gallery-columns-3 gallery-size-large'><figure class='gallery-item'>\n\t\t\t<div class='gallery-icon portrait'>\n\t\t\t\t<a href='https:\/\/www.alqueria.es\/blogs\/alqueriaartistica\/2019\/03\/22\/dia-mundial-del-agua\/img_9956-3\/'><img decoding=\"async\" width=\"474\" height=\"714\" src=\"https:\/\/cloud.alqueria.es\/wp-content\/uploads\/sites\/12\/2019\/03\/IMG_9956.jpg\" class=\"attachment-large size-large\" alt=\"\" srcset=\"https:\/\/cloud.alqueria.es\/wp-content\/uploads\/sites\/12\/2019\/03\/IMG_9956.jpg 680w, https:\/\/cloud.alqueria.es\/wp-content\/uploads\/sites\/12\/2019\/03\/IMG_9956.jpg 199w\" sizes=\"(max-width: 474px) 100vw, 474px\" data-attachment-id=\"27153\" data-permalink=\"https:\/\/www.alqueria.es\/blogs\/alqueriaartistica\/2019\/03\/22\/dia-mundial-del-agua\/img_9956-3\/\" data-orig-file=\"https:\/\/cloud.alqueria.es\/wp-content\/uploads\/sites\/12\/2019\/03\/IMG_9956.jpg\" data-orig-size=\"680,1024\" data-comments-opened=\"1\" data-image-meta=\"{&quot;aperture&quot;:&quot;0&quot;,&quot;credit&quot;:&quot;&quot;,&quot;camera&quot;:&quot;&quot;,&quot;caption&quot;:&quot;&quot;,&quot;created_timestamp&quot;:&quot;0&quot;,&quot;copyright&quot;:&quot;&quot;,&quot;focal_length&quot;:&quot;0&quot;,&quot;iso&quot;:&quot;0&quot;,&quot;shutter_speed&quot;:&quot;0&quot;,&quot;title&quot;:&quot;&quot;,&quot;orientation&quot;:&quot;0&quot;}\" data-image-title=\"IMG_9956\" data-image-description=\"\" data-image-caption=\"\" data-large-file=\"https:\/\/cloud.alqueria.es\/wp-content\/uploads\/sites\/12\/2019\/03\/IMG_9956.jpg\" \/><\/a>\n\t\t\t<\/div><\/figure><figure class='gallery-item'>\n\t\t\t<div class='gallery-icon portrait'>\n\t\t\t\t<a href='https:\/\/www.alqueria.es\/blogs\/alqueriaartistica\/2019\/03\/22\/dia-mundial-del-agua\/img_9957-4\/'><img decoding=\"async\" width=\"474\" height=\"704\" src=\"https:\/\/cloud.alqueria.es\/wp-content\/uploads\/sites\/12\/2019\/03\/IMG_9957.jpg\" class=\"attachment-large size-large\" alt=\"\" srcset=\"https:\/\/cloud.alqueria.es\/wp-content\/uploads\/sites\/12\/2019\/03\/IMG_9957.jpg 689w, https:\/\/cloud.alqueria.es\/wp-content\/uploads\/sites\/12\/2019\/03\/IMG_9957.jpg 202w\" sizes=\"(max-width: 474px) 100vw, 474px\" data-attachment-id=\"27154\" data-permalink=\"https:\/\/www.alqueria.es\/blogs\/alqueriaartistica\/2019\/03\/22\/dia-mundial-del-agua\/img_9957-4\/\" data-orig-file=\"https:\/\/cloud.alqueria.es\/wp-content\/uploads\/sites\/12\/2019\/03\/IMG_9957.jpg\" data-orig-size=\"689,1024\" data-comments-opened=\"1\" data-image-meta=\"{&quot;aperture&quot;:&quot;0&quot;,&quot;credit&quot;:&quot;&quot;,&quot;camera&quot;:&quot;&quot;,&quot;caption&quot;:&quot;&quot;,&quot;created_timestamp&quot;:&quot;0&quot;,&quot;copyright&quot;:&quot;&quot;,&quot;focal_length&quot;:&quot;0&quot;,&quot;iso&quot;:&quot;0&quot;,&quot;shutter_speed&quot;:&quot;0&quot;,&quot;title&quot;:&quot;&quot;,&quot;orientation&quot;:&quot;0&quot;}\" data-image-title=\"IMG_9957\" data-image-description=\"\" data-image-caption=\"\" data-large-file=\"https:\/\/cloud.alqueria.es\/wp-content\/uploads\/sites\/12\/2019\/03\/IMG_9957.jpg\" \/><\/a>\n\t\t\t<\/div><\/figure><figure class='gallery-item'>\n\t\t\t<div class='gallery-icon portrait'>\n\t\t\t\t<a href='https:\/\/www.alqueria.es\/blogs\/alqueriaartistica\/2019\/03\/22\/dia-mundial-del-agua\/img_9958-4\/'><img decoding=\"async\" width=\"474\" height=\"652\" src=\"https:\/\/cloud.alqueria.es\/wp-content\/uploads\/sites\/12\/2019\/03\/IMG_9958.jpg\" class=\"attachment-large size-large\" alt=\"\" srcset=\"https:\/\/cloud.alqueria.es\/wp-content\/uploads\/sites\/12\/2019\/03\/IMG_9958.jpg 744w, https:\/\/cloud.alqueria.es\/wp-content\/uploads\/sites\/12\/2019\/03\/IMG_9958.jpg 218w\" sizes=\"(max-width: 474px) 100vw, 474px\" data-attachment-id=\"27155\" data-permalink=\"https:\/\/www.alqueria.es\/blogs\/alqueriaartistica\/2019\/03\/22\/dia-mundial-del-agua\/img_9958-4\/\" data-orig-file=\"https:\/\/cloud.alqueria.es\/wp-content\/uploads\/sites\/12\/2019\/03\/IMG_9958.jpg\" data-orig-size=\"744,1024\" data-comments-opened=\"1\" data-image-meta=\"{&quot;aperture&quot;:&quot;0&quot;,&quot;credit&quot;:&quot;&quot;,&quot;camera&quot;:&quot;&quot;,&quot;caption&quot;:&quot;&quot;,&quot;created_timestamp&quot;:&quot;0&quot;,&quot;copyright&quot;:&quot;&quot;,&quot;focal_length&quot;:&quot;0&quot;,&quot;iso&quot;:&quot;0&quot;,&quot;shutter_speed&quot;:&quot;0&quot;,&quot;title&quot;:&quot;&quot;,&quot;orientation&quot;:&quot;0&quot;}\" data-image-title=\"IMG_9958\" data-image-description=\"\" data-image-caption=\"\" data-large-file=\"https:\/\/cloud.alqueria.es\/wp-content\/uploads\/sites\/12\/2019\/03\/IMG_9958.jpg\" \/><\/a>\n\t\t\t<\/div><\/figure>\n\t\t<\/div>\n\n<div data-carousel-extra='{&quot;blog_id&quot;:12,&quot;permalink&quot;:&quot;https:\/\/www.alqueria.es\/blogs\/alqueriaartistica\/2019\/03\/22\/dia-mundial-del-agua\/&quot;}' id='gallery-20' class='gallery galleryid-27052 gallery-columns-3 gallery-size-large'><figure class='gallery-item'>\n\t\t\t<div class='gallery-icon portrait'>\n\t\t\t\t<a href='https:\/\/www.alqueria.es\/blogs\/alqueriaartistica\/2019\/03\/22\/dia-mundial-del-agua\/img_9955-4\/'><img decoding=\"async\" width=\"474\" height=\"716\" src=\"https:\/\/cloud.alqueria.es\/wp-content\/uploads\/sites\/12\/2019\/03\/IMG_9955.jpg\" class=\"attachment-large size-large\" alt=\"\" srcset=\"https:\/\/cloud.alqueria.es\/wp-content\/uploads\/sites\/12\/2019\/03\/IMG_9955.jpg 678w, https:\/\/cloud.alqueria.es\/wp-content\/uploads\/sites\/12\/2019\/03\/IMG_9955.jpg 199w\" sizes=\"(max-width: 474px) 100vw, 474px\" data-attachment-id=\"27152\" data-permalink=\"https:\/\/www.alqueria.es\/blogs\/alqueriaartistica\/2019\/03\/22\/dia-mundial-del-agua\/img_9955-4\/\" data-orig-file=\"https:\/\/cloud.alqueria.es\/wp-content\/uploads\/sites\/12\/2019\/03\/IMG_9955.jpg\" data-orig-size=\"678,1024\" data-comments-opened=\"1\" data-image-meta=\"{&quot;aperture&quot;:&quot;0&quot;,&quot;credit&quot;:&quot;&quot;,&quot;camera&quot;:&quot;&quot;,&quot;caption&quot;:&quot;&quot;,&quot;created_timestamp&quot;:&quot;0&quot;,&quot;copyright&quot;:&quot;&quot;,&quot;focal_length&quot;:&quot;0&quot;,&quot;iso&quot;:&quot;0&quot;,&quot;shutter_speed&quot;:&quot;0&quot;,&quot;title&quot;:&quot;&quot;,&quot;orientation&quot;:&quot;0&quot;}\" data-image-title=\"IMG_9955\" data-image-description=\"\" data-image-caption=\"\" data-large-file=\"https:\/\/cloud.alqueria.es\/wp-content\/uploads\/sites\/12\/2019\/03\/IMG_9955.jpg\" \/><\/a>\n\t\t\t<\/div><\/figure><figure class='gallery-item'>\n\t\t\t<div class='gallery-icon portrait'>\n\t\t\t\t<a href='https:\/\/www.alqueria.es\/blogs\/alqueriaartistica\/2019\/03\/22\/dia-mundial-del-agua\/img_9954-4\/'><img decoding=\"async\" width=\"474\" height=\"632\" src=\"https:\/\/cloud.alqueria.es\/wp-content\/uploads\/sites\/12\/2019\/03\/IMG_9954.jpg\" class=\"attachment-large size-large\" alt=\"\" data-attachment-id=\"27151\" data-permalink=\"https:\/\/www.alqueria.es\/blogs\/alqueriaartistica\/2019\/03\/22\/dia-mundial-del-agua\/img_9954-4\/\" data-orig-file=\"https:\/\/cloud.alqueria.es\/wp-content\/uploads\/sites\/12\/2019\/03\/IMG_9954.jpg\" data-orig-size=\"768,1024\" data-comments-opened=\"1\" data-image-meta=\"{&quot;aperture&quot;:&quot;0&quot;,&quot;credit&quot;:&quot;&quot;,&quot;camera&quot;:&quot;&quot;,&quot;caption&quot;:&quot;&quot;,&quot;created_timestamp&quot;:&quot;0&quot;,&quot;copyright&quot;:&quot;&quot;,&quot;focal_length&quot;:&quot;0&quot;,&quot;iso&quot;:&quot;0&quot;,&quot;shutter_speed&quot;:&quot;0&quot;,&quot;title&quot;:&quot;&quot;,&quot;orientation&quot;:&quot;0&quot;}\" data-image-title=\"IMG_9954\" data-image-description=\"\" data-image-caption=\"\" data-large-file=\"https:\/\/cloud.alqueria.es\/wp-content\/uploads\/sites\/12\/2019\/03\/IMG_9954.jpg\" \/><\/a>\n\t\t\t<\/div><\/figure><figure class='gallery-item'>\n\t\t\t<div class='gallery-icon portrait'>\n\t\t\t\t<a href='https:\/\/www.alqueria.es\/blogs\/alqueriaartistica\/2019\/03\/22\/dia-mundial-del-agua\/img_9953-3\/'><img decoding=\"async\" width=\"474\" height=\"632\" src=\"https:\/\/cloud.alqueria.es\/wp-content\/uploads\/sites\/12\/2019\/03\/IMG_9953.jpg\" class=\"attachment-large size-large\" alt=\"\" srcset=\"https:\/\/cloud.alqueria.es\/wp-content\/uploads\/sites\/12\/2019\/03\/IMG_9953.jpg 768w, https:\/\/cloud.alqueria.es\/wp-content\/uploads\/sites\/12\/2019\/03\/IMG_9953.jpg 225w\" sizes=\"(max-width: 474px) 100vw, 474px\" data-attachment-id=\"27150\" data-permalink=\"https:\/\/www.alqueria.es\/blogs\/alqueriaartistica\/2019\/03\/22\/dia-mundial-del-agua\/img_9953-3\/\" data-orig-file=\"https:\/\/cloud.alqueria.es\/wp-content\/uploads\/sites\/12\/2019\/03\/IMG_9953.jpg\" data-orig-size=\"768,1024\" data-comments-opened=\"1\" data-image-meta=\"{&quot;aperture&quot;:&quot;0&quot;,&quot;credit&quot;:&quot;&quot;,&quot;camera&quot;:&quot;&quot;,&quot;caption&quot;:&quot;&quot;,&quot;created_timestamp&quot;:&quot;0&quot;,&quot;copyright&quot;:&quot;&quot;,&quot;focal_length&quot;:&quot;0&quot;,&quot;iso&quot;:&quot;0&quot;,&quot;shutter_speed&quot;:&quot;0&quot;,&quot;title&quot;:&quot;&quot;,&quot;orientation&quot;:&quot;0&quot;}\" data-image-title=\"IMG_9953\" data-image-description=\"\" data-image-caption=\"\" data-large-file=\"https:\/\/cloud.alqueria.es\/wp-content\/uploads\/sites\/12\/2019\/03\/IMG_9953.jpg\" \/><\/a>\n\t\t\t<\/div><\/figure>\n\t\t<\/div>\n\n<div data-carousel-extra='{&quot;blog_id&quot;:12,&quot;permalink&quot;:&quot;https:\/\/www.alqueria.es\/blogs\/alqueriaartistica\/2019\/03\/22\/dia-mundial-del-agua\/&quot;}' id='gallery-21' class='gallery galleryid-27052 gallery-columns-3 gallery-size-large'><figure class='gallery-item'>\n\t\t\t<div class='gallery-icon portrait'>\n\t\t\t\t<a href='https:\/\/www.alqueria.es\/blogs\/alqueriaartistica\/2019\/03\/22\/dia-mundial-del-agua\/img_9952-3\/'><img decoding=\"async\" width=\"474\" height=\"632\" src=\"https:\/\/cloud.alqueria.es\/wp-content\/uploads\/sites\/12\/2019\/03\/IMG_9952.jpg\" class=\"attachment-large size-large\" alt=\"\" srcset=\"https:\/\/cloud.alqueria.es\/wp-content\/uploads\/sites\/12\/2019\/03\/IMG_9952.jpg 768w, https:\/\/cloud.alqueria.es\/wp-content\/uploads\/sites\/12\/2019\/03\/IMG_9952.jpg 225w\" sizes=\"(max-width: 474px) 100vw, 474px\" data-attachment-id=\"27149\" data-permalink=\"https:\/\/www.alqueria.es\/blogs\/alqueriaartistica\/2019\/03\/22\/dia-mundial-del-agua\/img_9952-3\/\" data-orig-file=\"https:\/\/cloud.alqueria.es\/wp-content\/uploads\/sites\/12\/2019\/03\/IMG_9952.jpg\" data-orig-size=\"768,1024\" data-comments-opened=\"1\" data-image-meta=\"{&quot;aperture&quot;:&quot;0&quot;,&quot;credit&quot;:&quot;&quot;,&quot;camera&quot;:&quot;&quot;,&quot;caption&quot;:&quot;&quot;,&quot;created_timestamp&quot;:&quot;0&quot;,&quot;copyright&quot;:&quot;&quot;,&quot;focal_length&quot;:&quot;0&quot;,&quot;iso&quot;:&quot;0&quot;,&quot;shutter_speed&quot;:&quot;0&quot;,&quot;title&quot;:&quot;&quot;,&quot;orientation&quot;:&quot;0&quot;}\" data-image-title=\"IMG_9952\" data-image-description=\"\" data-image-caption=\"\" data-large-file=\"https:\/\/cloud.alqueria.es\/wp-content\/uploads\/sites\/12\/2019\/03\/IMG_9952.jpg\" \/><\/a>\n\t\t\t<\/div><\/figure><figure class='gallery-item'>\n\t\t\t<div class='gallery-icon portrait'>\n\t\t\t\t<a href='https:\/\/www.alqueria.es\/blogs\/alqueriaartistica\/2019\/03\/22\/dia-mundial-del-agua\/img_9950-3\/'><img decoding=\"async\" width=\"474\" height=\"657\" src=\"https:\/\/cloud.alqueria.es\/wp-content\/uploads\/sites\/12\/2019\/03\/IMG_9950.jpg\" class=\"attachment-large size-large\" alt=\"\" srcset=\"https:\/\/cloud.alqueria.es\/wp-content\/uploads\/sites\/12\/2019\/03\/IMG_9950.jpg 739w, https:\/\/cloud.alqueria.es\/wp-content\/uploads\/sites\/12\/2019\/03\/IMG_9950.jpg 217w\" sizes=\"(max-width: 474px) 100vw, 474px\" data-attachment-id=\"27147\" data-permalink=\"https:\/\/www.alqueria.es\/blogs\/alqueriaartistica\/2019\/03\/22\/dia-mundial-del-agua\/img_9950-3\/\" data-orig-file=\"https:\/\/cloud.alqueria.es\/wp-content\/uploads\/sites\/12\/2019\/03\/IMG_9950.jpg\" data-orig-size=\"739,1024\" data-comments-opened=\"1\" data-image-meta=\"{&quot;aperture&quot;:&quot;0&quot;,&quot;credit&quot;:&quot;&quot;,&quot;camera&quot;:&quot;&quot;,&quot;caption&quot;:&quot;&quot;,&quot;created_timestamp&quot;:&quot;0&quot;,&quot;copyright&quot;:&quot;&quot;,&quot;focal_length&quot;:&quot;0&quot;,&quot;iso&quot;:&quot;0&quot;,&quot;shutter_speed&quot;:&quot;0&quot;,&quot;title&quot;:&quot;&quot;,&quot;orientation&quot;:&quot;0&quot;}\" data-image-title=\"IMG_9950\" data-image-description=\"\" data-image-caption=\"\" data-large-file=\"https:\/\/cloud.alqueria.es\/wp-content\/uploads\/sites\/12\/2019\/03\/IMG_9950.jpg\" \/><\/a>\n\t\t\t<\/div><\/figure><figure class='gallery-item'>\n\t\t\t<div class='gallery-icon portrait'>\n\t\t\t\t<a href='https:\/\/www.alqueria.es\/blogs\/alqueriaartistica\/2019\/03\/22\/dia-mundial-del-agua\/img_9951-3\/'><img decoding=\"async\" width=\"474\" height=\"669\" src=\"https:\/\/cloud.alqueria.es\/wp-content\/uploads\/sites\/12\/2019\/03\/IMG_9951.jpg\" class=\"attachment-large size-large\" alt=\"\" srcset=\"https:\/\/cloud.alqueria.es\/wp-content\/uploads\/sites\/12\/2019\/03\/IMG_9951.jpg 725w, https:\/\/cloud.alqueria.es\/wp-content\/uploads\/sites\/12\/2019\/03\/IMG_9951.jpg 212w\" sizes=\"(max-width: 474px) 100vw, 474px\" data-attachment-id=\"27148\" data-permalink=\"https:\/\/www.alqueria.es\/blogs\/alqueriaartistica\/2019\/03\/22\/dia-mundial-del-agua\/img_9951-3\/\" data-orig-file=\"https:\/\/cloud.alqueria.es\/wp-content\/uploads\/sites\/12\/2019\/03\/IMG_9951.jpg\" data-orig-size=\"725,1024\" data-comments-opened=\"1\" data-image-meta=\"{&quot;aperture&quot;:&quot;0&quot;,&quot;credit&quot;:&quot;&quot;,&quot;camera&quot;:&quot;&quot;,&quot;caption&quot;:&quot;&quot;,&quot;created_timestamp&quot;:&quot;0&quot;,&quot;copyright&quot;:&quot;&quot;,&quot;focal_length&quot;:&quot;0&quot;,&quot;iso&quot;:&quot;0&quot;,&quot;shutter_speed&quot;:&quot;0&quot;,&quot;title&quot;:&quot;&quot;,&quot;orientation&quot;:&quot;0&quot;}\" data-image-title=\"IMG_9951\" data-image-description=\"\" data-image-caption=\"\" data-large-file=\"https:\/\/cloud.alqueria.es\/wp-content\/uploads\/sites\/12\/2019\/03\/IMG_9951.jpg\" \/><\/a>\n\t\t\t<\/div><\/figure>\n\t\t<\/div>\n\n<div data-carousel-extra='{&quot;blog_id&quot;:12,&quot;permalink&quot;:&quot;https:\/\/www.alqueria.es\/blogs\/alqueriaartistica\/2019\/03\/22\/dia-mundial-del-agua\/&quot;}' id='gallery-22' class='gallery galleryid-27052 gallery-columns-3 gallery-size-large'><figure class='gallery-item'>\n\t\t\t<div class='gallery-icon portrait'>\n\t\t\t\t<a href='https:\/\/www.alqueria.es\/blogs\/alqueriaartistica\/2019\/03\/22\/dia-mundial-del-agua\/img_9949-3\/'><img decoding=\"async\" width=\"474\" height=\"719\" src=\"https:\/\/cloud.alqueria.es\/wp-content\/uploads\/sites\/12\/2019\/03\/IMG_9949.jpg\" class=\"attachment-large size-large\" alt=\"\" srcset=\"https:\/\/cloud.alqueria.es\/wp-content\/uploads\/sites\/12\/2019\/03\/IMG_9949.jpg 675w, https:\/\/cloud.alqueria.es\/wp-content\/uploads\/sites\/12\/2019\/03\/IMG_9949.jpg 198w\" sizes=\"(max-width: 474px) 100vw, 474px\" data-attachment-id=\"27146\" data-permalink=\"https:\/\/www.alqueria.es\/blogs\/alqueriaartistica\/2019\/03\/22\/dia-mundial-del-agua\/img_9949-3\/\" data-orig-file=\"https:\/\/cloud.alqueria.es\/wp-content\/uploads\/sites\/12\/2019\/03\/IMG_9949.jpg\" data-orig-size=\"675,1024\" data-comments-opened=\"1\" data-image-meta=\"{&quot;aperture&quot;:&quot;0&quot;,&quot;credit&quot;:&quot;&quot;,&quot;camera&quot;:&quot;&quot;,&quot;caption&quot;:&quot;&quot;,&quot;created_timestamp&quot;:&quot;0&quot;,&quot;copyright&quot;:&quot;&quot;,&quot;focal_length&quot;:&quot;0&quot;,&quot;iso&quot;:&quot;0&quot;,&quot;shutter_speed&quot;:&quot;0&quot;,&quot;title&quot;:&quot;&quot;,&quot;orientation&quot;:&quot;0&quot;}\" data-image-title=\"IMG_9949\" data-image-description=\"\" data-image-caption=\"\" data-large-file=\"https:\/\/cloud.alqueria.es\/wp-content\/uploads\/sites\/12\/2019\/03\/IMG_9949.jpg\" \/><\/a>\n\t\t\t<\/div><\/figure><figure class='gallery-item'>\n\t\t\t<div class='gallery-icon portrait'>\n\t\t\t\t<a href='https:\/\/www.alqueria.es\/blogs\/alqueriaartistica\/2019\/03\/22\/dia-mundial-del-agua\/img_9947-3\/'><img decoding=\"async\" width=\"474\" height=\"663\" src=\"https:\/\/cloud.alqueria.es\/wp-content\/uploads\/sites\/12\/2019\/03\/IMG_9947.jpg\" class=\"attachment-large size-large\" alt=\"\" srcset=\"https:\/\/cloud.alqueria.es\/wp-content\/uploads\/sites\/12\/2019\/03\/IMG_9947.jpg 732w, https:\/\/cloud.alqueria.es\/wp-content\/uploads\/sites\/12\/2019\/03\/IMG_9947.jpg 214w\" sizes=\"(max-width: 474px) 100vw, 474px\" data-attachment-id=\"27144\" data-permalink=\"https:\/\/www.alqueria.es\/blogs\/alqueriaartistica\/2019\/03\/22\/dia-mundial-del-agua\/img_9947-3\/\" data-orig-file=\"https:\/\/cloud.alqueria.es\/wp-content\/uploads\/sites\/12\/2019\/03\/IMG_9947.jpg\" data-orig-size=\"732,1024\" data-comments-opened=\"1\" data-image-meta=\"{&quot;aperture&quot;:&quot;0&quot;,&quot;credit&quot;:&quot;&quot;,&quot;camera&quot;:&quot;&quot;,&quot;caption&quot;:&quot;&quot;,&quot;created_timestamp&quot;:&quot;0&quot;,&quot;copyright&quot;:&quot;&quot;,&quot;focal_length&quot;:&quot;0&quot;,&quot;iso&quot;:&quot;0&quot;,&quot;shutter_speed&quot;:&quot;0&quot;,&quot;title&quot;:&quot;&quot;,&quot;orientation&quot;:&quot;0&quot;}\" data-image-title=\"IMG_9947\" data-image-description=\"\" data-image-caption=\"\" data-large-file=\"https:\/\/cloud.alqueria.es\/wp-content\/uploads\/sites\/12\/2019\/03\/IMG_9947.jpg\" \/><\/a>\n\t\t\t<\/div><\/figure><figure class='gallery-item'>\n\t\t\t<div class='gallery-icon portrait'>\n\t\t\t\t<a href='https:\/\/www.alqueria.es\/blogs\/alqueriaartistica\/2019\/03\/22\/dia-mundial-del-agua\/img_9948-3\/'><img decoding=\"async\" width=\"474\" height=\"682\" src=\"https:\/\/cloud.alqueria.es\/wp-content\/uploads\/sites\/12\/2019\/03\/IMG_9948.jpg\" class=\"attachment-large size-large\" alt=\"\" srcset=\"https:\/\/cloud.alqueria.es\/wp-content\/uploads\/sites\/12\/2019\/03\/IMG_9948.jpg 712w, https:\/\/cloud.alqueria.es\/wp-content\/uploads\/sites\/12\/2019\/03\/IMG_9948.jpg 209w\" sizes=\"(max-width: 474px) 100vw, 474px\" data-attachment-id=\"27145\" data-permalink=\"https:\/\/www.alqueria.es\/blogs\/alqueriaartistica\/2019\/03\/22\/dia-mundial-del-agua\/img_9948-3\/\" data-orig-file=\"https:\/\/cloud.alqueria.es\/wp-content\/uploads\/sites\/12\/2019\/03\/IMG_9948.jpg\" data-orig-size=\"712,1024\" data-comments-opened=\"1\" data-image-meta=\"{&quot;aperture&quot;:&quot;0&quot;,&quot;credit&quot;:&quot;&quot;,&quot;camera&quot;:&quot;&quot;,&quot;caption&quot;:&quot;&quot;,&quot;created_timestamp&quot;:&quot;0&quot;,&quot;copyright&quot;:&quot;&quot;,&quot;focal_length&quot;:&quot;0&quot;,&quot;iso&quot;:&quot;0&quot;,&quot;shutter_speed&quot;:&quot;0&quot;,&quot;title&quot;:&quot;&quot;,&quot;orientation&quot;:&quot;0&quot;}\" data-image-title=\"IMG_9948\" data-image-description=\"\" data-image-caption=\"\" data-large-file=\"https:\/\/cloud.alqueria.es\/wp-content\/uploads\/sites\/12\/2019\/03\/IMG_9948.jpg\" \/><\/a>\n\t\t\t<\/div><\/figure>\n\t\t<\/div>\n\n<div data-carousel-extra='{&quot;blog_id&quot;:12,&quot;permalink&quot;:&quot;https:\/\/www.alqueria.es\/blogs\/alqueriaartistica\/2019\/03\/22\/dia-mundial-del-agua\/&quot;}' id='gallery-23' class='gallery galleryid-27052 gallery-columns-3 gallery-size-large'><figure class='gallery-item'>\n\t\t\t<div class='gallery-icon portrait'>\n\t\t\t\t<a href='https:\/\/www.alqueria.es\/blogs\/alqueriaartistica\/2019\/03\/22\/dia-mundial-del-agua\/img_9946-2\/'><img decoding=\"async\" width=\"474\" height=\"633\" src=\"https:\/\/cloud.alqueria.es\/wp-content\/uploads\/sites\/12\/2019\/03\/IMG_9946.jpg\" class=\"attachment-large size-large\" alt=\"\" srcset=\"https:\/\/cloud.alqueria.es\/wp-content\/uploads\/sites\/12\/2019\/03\/IMG_9946.jpg 767w, https:\/\/cloud.alqueria.es\/wp-content\/uploads\/sites\/12\/2019\/03\/IMG_9946.jpg 225w\" sizes=\"(max-width: 474px) 100vw, 474px\" data-attachment-id=\"27143\" data-permalink=\"https:\/\/www.alqueria.es\/blogs\/alqueriaartistica\/2019\/03\/22\/dia-mundial-del-agua\/img_9946-2\/\" data-orig-file=\"https:\/\/cloud.alqueria.es\/wp-content\/uploads\/sites\/12\/2019\/03\/IMG_9946.jpg\" data-orig-size=\"767,1024\" data-comments-opened=\"1\" data-image-meta=\"{&quot;aperture&quot;:&quot;0&quot;,&quot;credit&quot;:&quot;&quot;,&quot;camera&quot;:&quot;&quot;,&quot;caption&quot;:&quot;&quot;,&quot;created_timestamp&quot;:&quot;0&quot;,&quot;copyright&quot;:&quot;&quot;,&quot;focal_length&quot;:&quot;0&quot;,&quot;iso&quot;:&quot;0&quot;,&quot;shutter_speed&quot;:&quot;0&quot;,&quot;title&quot;:&quot;&quot;,&quot;orientation&quot;:&quot;0&quot;}\" data-image-title=\"IMG_9946\" data-image-description=\"\" data-image-caption=\"\" data-large-file=\"https:\/\/cloud.alqueria.es\/wp-content\/uploads\/sites\/12\/2019\/03\/IMG_9946.jpg\" \/><\/a>\n\t\t\t<\/div><\/figure><figure class='gallery-item'>\n\t\t\t<div class='gallery-icon portrait'>\n\t\t\t\t<a href='https:\/\/www.alqueria.es\/blogs\/alqueriaartistica\/2019\/03\/22\/dia-mundial-del-agua\/img_9944-2\/'><img decoding=\"async\" width=\"474\" height=\"727\" src=\"https:\/\/cloud.alqueria.es\/wp-content\/uploads\/sites\/12\/2019\/03\/IMG_9944.jpg\" class=\"attachment-large size-large\" alt=\"\" srcset=\"https:\/\/cloud.alqueria.es\/wp-content\/uploads\/sites\/12\/2019\/03\/IMG_9944.jpg 668w, https:\/\/cloud.alqueria.es\/wp-content\/uploads\/sites\/12\/2019\/03\/IMG_9944.jpg 196w\" sizes=\"(max-width: 474px) 100vw, 474px\" data-attachment-id=\"27141\" data-permalink=\"https:\/\/www.alqueria.es\/blogs\/alqueriaartistica\/2019\/03\/22\/dia-mundial-del-agua\/img_9944-2\/\" data-orig-file=\"https:\/\/cloud.alqueria.es\/wp-content\/uploads\/sites\/12\/2019\/03\/IMG_9944.jpg\" data-orig-size=\"668,1024\" data-comments-opened=\"1\" data-image-meta=\"{&quot;aperture&quot;:&quot;0&quot;,&quot;credit&quot;:&quot;&quot;,&quot;camera&quot;:&quot;&quot;,&quot;caption&quot;:&quot;&quot;,&quot;created_timestamp&quot;:&quot;0&quot;,&quot;copyright&quot;:&quot;&quot;,&quot;focal_length&quot;:&quot;0&quot;,&quot;iso&quot;:&quot;0&quot;,&quot;shutter_speed&quot;:&quot;0&quot;,&quot;title&quot;:&quot;&quot;,&quot;orientation&quot;:&quot;0&quot;}\" data-image-title=\"IMG_9944\" data-image-description=\"\" data-image-caption=\"\" data-large-file=\"https:\/\/cloud.alqueria.es\/wp-content\/uploads\/sites\/12\/2019\/03\/IMG_9944.jpg\" \/><\/a>\n\t\t\t<\/div><\/figure><figure class='gallery-item'>\n\t\t\t<div class='gallery-icon portrait'>\n\t\t\t\t<a href='https:\/\/www.alqueria.es\/blogs\/alqueriaartistica\/2019\/03\/22\/dia-mundial-del-agua\/img_9945-2\/'><img decoding=\"async\" width=\"474\" height=\"729\" src=\"https:\/\/cloud.alqueria.es\/wp-content\/uploads\/sites\/12\/2019\/03\/IMG_9945.jpg\" class=\"attachment-large size-large\" alt=\"\" srcset=\"https:\/\/cloud.alqueria.es\/wp-content\/uploads\/sites\/12\/2019\/03\/IMG_9945.jpg 666w, https:\/\/cloud.alqueria.es\/wp-content\/uploads\/sites\/12\/2019\/03\/IMG_9945.jpg 195w\" sizes=\"(max-width: 474px) 100vw, 474px\" data-attachment-id=\"27142\" data-permalink=\"https:\/\/www.alqueria.es\/blogs\/alqueriaartistica\/2019\/03\/22\/dia-mundial-del-agua\/img_9945-2\/\" data-orig-file=\"https:\/\/cloud.alqueria.es\/wp-content\/uploads\/sites\/12\/2019\/03\/IMG_9945.jpg\" data-orig-size=\"666,1024\" data-comments-opened=\"1\" data-image-meta=\"{&quot;aperture&quot;:&quot;0&quot;,&quot;credit&quot;:&quot;&quot;,&quot;camera&quot;:&quot;&quot;,&quot;caption&quot;:&quot;&quot;,&quot;created_timestamp&quot;:&quot;0&quot;,&quot;copyright&quot;:&quot;&quot;,&quot;focal_length&quot;:&quot;0&quot;,&quot;iso&quot;:&quot;0&quot;,&quot;shutter_speed&quot;:&quot;0&quot;,&quot;title&quot;:&quot;&quot;,&quot;orientation&quot;:&quot;0&quot;}\" data-image-title=\"IMG_9945\" data-image-description=\"\" data-image-caption=\"\" data-large-file=\"https:\/\/cloud.alqueria.es\/wp-content\/uploads\/sites\/12\/2019\/03\/IMG_9945.jpg\" \/><\/a>\n\t\t\t<\/div><\/figure>\n\t\t<\/div>\n\n<div data-carousel-extra='{&quot;blog_id&quot;:12,&quot;permalink&quot;:&quot;https:\/\/www.alqueria.es\/blogs\/alqueriaartistica\/2019\/03\/22\/dia-mundial-del-agua\/&quot;}' id='gallery-24' class='gallery galleryid-27052 gallery-columns-3 gallery-size-large'><figure class='gallery-item'>\n\t\t\t<div class='gallery-icon portrait'>\n\t\t\t\t<a href='https:\/\/www.alqueria.es\/blogs\/alqueriaartistica\/2019\/03\/22\/dia-mundial-del-agua\/img_9943-2\/'><img decoding=\"async\" width=\"474\" height=\"757\" src=\"https:\/\/cloud.alqueria.es\/wp-content\/uploads\/sites\/12\/2019\/03\/IMG_9943.jpg\" class=\"attachment-large size-large\" alt=\"\" srcset=\"https:\/\/cloud.alqueria.es\/wp-content\/uploads\/sites\/12\/2019\/03\/IMG_9943.jpg 641w, https:\/\/cloud.alqueria.es\/wp-content\/uploads\/sites\/12\/2019\/03\/IMG_9943.jpg 188w\" sizes=\"(max-width: 474px) 100vw, 474px\" data-attachment-id=\"27140\" data-permalink=\"https:\/\/www.alqueria.es\/blogs\/alqueriaartistica\/2019\/03\/22\/dia-mundial-del-agua\/img_9943-2\/\" data-orig-file=\"https:\/\/cloud.alqueria.es\/wp-content\/uploads\/sites\/12\/2019\/03\/IMG_9943.jpg\" data-orig-size=\"641,1024\" data-comments-opened=\"1\" data-image-meta=\"{&quot;aperture&quot;:&quot;0&quot;,&quot;credit&quot;:&quot;&quot;,&quot;camera&quot;:&quot;&quot;,&quot;caption&quot;:&quot;&quot;,&quot;created_timestamp&quot;:&quot;0&quot;,&quot;copyright&quot;:&quot;&quot;,&quot;focal_length&quot;:&quot;0&quot;,&quot;iso&quot;:&quot;0&quot;,&quot;shutter_speed&quot;:&quot;0&quot;,&quot;title&quot;:&quot;&quot;,&quot;orientation&quot;:&quot;0&quot;}\" data-image-title=\"IMG_9943\" data-image-description=\"\" data-image-caption=\"\" data-large-file=\"https:\/\/cloud.alqueria.es\/wp-content\/uploads\/sites\/12\/2019\/03\/IMG_9943.jpg\" \/><\/a>\n\t\t\t<\/div><\/figure><figure class='gallery-item'>\n\t\t\t<div class='gallery-icon portrait'>\n\t\t\t\t<a href='https:\/\/www.alqueria.es\/blogs\/alqueriaartistica\/2019\/03\/22\/dia-mundial-del-agua\/img_9942-3\/'><img decoding=\"async\" width=\"474\" height=\"632\" src=\"https:\/\/cloud.alqueria.es\/wp-content\/uploads\/sites\/12\/2019\/03\/IMG_9942.jpg\" class=\"attachment-large size-large\" alt=\"\" data-attachment-id=\"27139\" data-permalink=\"https:\/\/www.alqueria.es\/blogs\/alqueriaartistica\/2019\/03\/22\/dia-mundial-del-agua\/img_9942-3\/\" data-orig-file=\"https:\/\/cloud.alqueria.es\/wp-content\/uploads\/sites\/12\/2019\/03\/IMG_9942.jpg\" data-orig-size=\"768,1024\" data-comments-opened=\"1\" data-image-meta=\"{&quot;aperture&quot;:&quot;0&quot;,&quot;credit&quot;:&quot;&quot;,&quot;camera&quot;:&quot;&quot;,&quot;caption&quot;:&quot;&quot;,&quot;created_timestamp&quot;:&quot;0&quot;,&quot;copyright&quot;:&quot;&quot;,&quot;focal_length&quot;:&quot;0&quot;,&quot;iso&quot;:&quot;0&quot;,&quot;shutter_speed&quot;:&quot;0&quot;,&quot;title&quot;:&quot;&quot;,&quot;orientation&quot;:&quot;0&quot;}\" data-image-title=\"IMG_9942\" data-image-description=\"\" data-image-caption=\"\" data-large-file=\"https:\/\/cloud.alqueria.es\/wp-content\/uploads\/sites\/12\/2019\/03\/IMG_9942.jpg\" \/><\/a>\n\t\t\t<\/div><\/figure><figure class='gallery-item'>\n\t\t\t<div class='gallery-icon portrait'>\n\t\t\t\t<a href='https:\/\/www.alqueria.es\/blogs\/alqueriaartistica\/2019\/03\/22\/dia-mundial-del-agua\/img_9941-3\/'><img decoding=\"async\" width=\"474\" height=\"704\" src=\"https:\/\/cloud.alqueria.es\/wp-content\/uploads\/sites\/12\/2019\/03\/IMG_9941.jpg\" class=\"attachment-large size-large\" alt=\"\" srcset=\"https:\/\/cloud.alqueria.es\/wp-content\/uploads\/sites\/12\/2019\/03\/IMG_9941.jpg 689w, https:\/\/cloud.alqueria.es\/wp-content\/uploads\/sites\/12\/2019\/03\/IMG_9941.jpg 202w\" sizes=\"(max-width: 474px) 100vw, 474px\" data-attachment-id=\"27138\" data-permalink=\"https:\/\/www.alqueria.es\/blogs\/alqueriaartistica\/2019\/03\/22\/dia-mundial-del-agua\/img_9941-3\/\" data-orig-file=\"https:\/\/cloud.alqueria.es\/wp-content\/uploads\/sites\/12\/2019\/03\/IMG_9941.jpg\" data-orig-size=\"689,1024\" data-comments-opened=\"1\" data-image-meta=\"{&quot;aperture&quot;:&quot;0&quot;,&quot;credit&quot;:&quot;&quot;,&quot;camera&quot;:&quot;&quot;,&quot;caption&quot;:&quot;&quot;,&quot;created_timestamp&quot;:&quot;0&quot;,&quot;copyright&quot;:&quot;&quot;,&quot;focal_length&quot;:&quot;0&quot;,&quot;iso&quot;:&quot;0&quot;,&quot;shutter_speed&quot;:&quot;0&quot;,&quot;title&quot;:&quot;&quot;,&quot;orientation&quot;:&quot;0&quot;}\" data-image-title=\"IMG_9941\" data-image-description=\"\" data-image-caption=\"\" data-large-file=\"https:\/\/cloud.alqueria.es\/wp-content\/uploads\/sites\/12\/2019\/03\/IMG_9941.jpg\" \/><\/a>\n\t\t\t<\/div><\/figure>\n\t\t<\/div>\n\n<div data-carousel-extra='{&quot;blog_id&quot;:12,&quot;permalink&quot;:&quot;https:\/\/www.alqueria.es\/blogs\/alqueriaartistica\/2019\/03\/22\/dia-mundial-del-agua\/&quot;}' id='gallery-25' class='gallery galleryid-27052 gallery-columns-3 gallery-size-large'><figure class='gallery-item'>\n\t\t\t<div class='gallery-icon portrait'>\n\t\t\t\t<a href='https:\/\/www.alqueria.es\/blogs\/alqueriaartistica\/2019\/03\/22\/dia-mundial-del-agua\/img_9940-3\/'><img decoding=\"async\" width=\"474\" height=\"699\" src=\"https:\/\/cloud.alqueria.es\/wp-content\/uploads\/sites\/12\/2019\/03\/IMG_9940.jpg\" class=\"attachment-large size-large\" alt=\"\" srcset=\"https:\/\/cloud.alqueria.es\/wp-content\/uploads\/sites\/12\/2019\/03\/IMG_9940.jpg 694w, https:\/\/cloud.alqueria.es\/wp-content\/uploads\/sites\/12\/2019\/03\/IMG_9940.jpg 203w\" sizes=\"(max-width: 474px) 100vw, 474px\" data-attachment-id=\"27137\" data-permalink=\"https:\/\/www.alqueria.es\/blogs\/alqueriaartistica\/2019\/03\/22\/dia-mundial-del-agua\/img_9940-3\/\" data-orig-file=\"https:\/\/cloud.alqueria.es\/wp-content\/uploads\/sites\/12\/2019\/03\/IMG_9940.jpg\" data-orig-size=\"694,1024\" data-comments-opened=\"1\" data-image-meta=\"{&quot;aperture&quot;:&quot;0&quot;,&quot;credit&quot;:&quot;&quot;,&quot;camera&quot;:&quot;&quot;,&quot;caption&quot;:&quot;&quot;,&quot;created_timestamp&quot;:&quot;0&quot;,&quot;copyright&quot;:&quot;&quot;,&quot;focal_length&quot;:&quot;0&quot;,&quot;iso&quot;:&quot;0&quot;,&quot;shutter_speed&quot;:&quot;0&quot;,&quot;title&quot;:&quot;&quot;,&quot;orientation&quot;:&quot;0&quot;}\" data-image-title=\"IMG_9940\" data-image-description=\"\" data-image-caption=\"\" data-large-file=\"https:\/\/cloud.alqueria.es\/wp-content\/uploads\/sites\/12\/2019\/03\/IMG_9940.jpg\" \/><\/a>\n\t\t\t<\/div><\/figure><figure class='gallery-item'>\n\t\t\t<div class='gallery-icon portrait'>\n\t\t\t\t<a href='https:\/\/www.alqueria.es\/blogs\/alqueriaartistica\/2019\/03\/22\/dia-mundial-del-agua\/img_9939-2\/'><img decoding=\"async\" width=\"474\" height=\"720\" src=\"https:\/\/cloud.alqueria.es\/wp-content\/uploads\/sites\/12\/2019\/03\/IMG_9939.jpg\" class=\"attachment-large size-large\" alt=\"\" srcset=\"https:\/\/cloud.alqueria.es\/wp-content\/uploads\/sites\/12\/2019\/03\/IMG_9939.jpg 674w, https:\/\/cloud.alqueria.es\/wp-content\/uploads\/sites\/12\/2019\/03\/IMG_9939.jpg 197w\" sizes=\"(max-width: 474px) 100vw, 474px\" data-attachment-id=\"27136\" data-permalink=\"https:\/\/www.alqueria.es\/blogs\/alqueriaartistica\/2019\/03\/22\/dia-mundial-del-agua\/img_9939-2\/\" data-orig-file=\"https:\/\/cloud.alqueria.es\/wp-content\/uploads\/sites\/12\/2019\/03\/IMG_9939.jpg\" data-orig-size=\"674,1024\" data-comments-opened=\"1\" data-image-meta=\"{&quot;aperture&quot;:&quot;0&quot;,&quot;credit&quot;:&quot;&quot;,&quot;camera&quot;:&quot;&quot;,&quot;caption&quot;:&quot;&quot;,&quot;created_timestamp&quot;:&quot;0&quot;,&quot;copyright&quot;:&quot;&quot;,&quot;focal_length&quot;:&quot;0&quot;,&quot;iso&quot;:&quot;0&quot;,&quot;shutter_speed&quot;:&quot;0&quot;,&quot;title&quot;:&quot;&quot;,&quot;orientation&quot;:&quot;0&quot;}\" data-image-title=\"IMG_9939\" data-image-description=\"\" data-image-caption=\"\" data-large-file=\"https:\/\/cloud.alqueria.es\/wp-content\/uploads\/sites\/12\/2019\/03\/IMG_9939.jpg\" \/><\/a>\n\t\t\t<\/div><\/figure><figure class='gallery-item'>\n\t\t\t<div class='gallery-icon portrait'>\n\t\t\t\t<a href='https:\/\/www.alqueria.es\/blogs\/alqueriaartistica\/2019\/03\/22\/dia-mundial-del-agua\/img_9938-2\/'><img decoding=\"async\" width=\"474\" height=\"632\" src=\"https:\/\/cloud.alqueria.es\/wp-content\/uploads\/sites\/12\/2019\/03\/IMG_9938.jpg\" class=\"attachment-large size-large\" alt=\"\" srcset=\"https:\/\/cloud.alqueria.es\/wp-content\/uploads\/sites\/12\/2019\/03\/IMG_9938.jpg 768w, https:\/\/cloud.alqueria.es\/wp-content\/uploads\/sites\/12\/2019\/03\/IMG_9938.jpg 225w\" sizes=\"(max-width: 474px) 100vw, 474px\" data-attachment-id=\"27135\" data-permalink=\"https:\/\/www.alqueria.es\/blogs\/alqueriaartistica\/2019\/03\/22\/dia-mundial-del-agua\/img_9938-2\/\" data-orig-file=\"https:\/\/cloud.alqueria.es\/wp-content\/uploads\/sites\/12\/2019\/03\/IMG_9938.jpg\" data-orig-size=\"768,1024\" data-comments-opened=\"1\" data-image-meta=\"{&quot;aperture&quot;:&quot;0&quot;,&quot;credit&quot;:&quot;&quot;,&quot;camera&quot;:&quot;&quot;,&quot;caption&quot;:&quot;&quot;,&quot;created_timestamp&quot;:&quot;0&quot;,&quot;copyright&quot;:&quot;&quot;,&quot;focal_length&quot;:&quot;0&quot;,&quot;iso&quot;:&quot;0&quot;,&quot;shutter_speed&quot;:&quot;0&quot;,&quot;title&quot;:&quot;&quot;,&quot;orientation&quot;:&quot;0&quot;}\" data-image-title=\"IMG_9938\" data-image-description=\"\" data-image-caption=\"\" data-large-file=\"https:\/\/cloud.alqueria.es\/wp-content\/uploads\/sites\/12\/2019\/03\/IMG_9938.jpg\" \/><\/a>\n\t\t\t<\/div><\/figure>\n\t\t<\/div>\n\n<div data-carousel-extra='{&quot;blog_id&quot;:12,&quot;permalink&quot;:&quot;https:\/\/www.alqueria.es\/blogs\/alqueriaartistica\/2019\/03\/22\/dia-mundial-del-agua\/&quot;}' id='gallery-26' class='gallery galleryid-27052 gallery-columns-1 gallery-size-large'><figure class='gallery-item'>\n\t\t\t<div class='gallery-icon portrait'>\n\t\t\t\t<a href='https:\/\/www.alqueria.es\/blogs\/alqueriaartistica\/2019\/03\/22\/dia-mundial-del-agua\/img_9937-2\/'><img decoding=\"async\" width=\"474\" height=\"632\" src=\"https:\/\/cloud.alqueria.es\/wp-content\/uploads\/sites\/12\/2019\/03\/IMG_9937.jpg\" class=\"attachment-large size-large\" alt=\"\" srcset=\"https:\/\/cloud.alqueria.es\/wp-content\/uploads\/sites\/12\/2019\/03\/IMG_9937.jpg 768w, https:\/\/cloud.alqueria.es\/wp-content\/uploads\/sites\/12\/2019\/03\/IMG_9937.jpg 225w\" sizes=\"(max-width: 474px) 100vw, 474px\" data-attachment-id=\"27134\" data-permalink=\"https:\/\/www.alqueria.es\/blogs\/alqueriaartistica\/2019\/03\/22\/dia-mundial-del-agua\/img_9937-2\/\" data-orig-file=\"https:\/\/cloud.alqueria.es\/wp-content\/uploads\/sites\/12\/2019\/03\/IMG_9937.jpg\" data-orig-size=\"768,1024\" data-comments-opened=\"1\" data-image-meta=\"{&quot;aperture&quot;:&quot;0&quot;,&quot;credit&quot;:&quot;&quot;,&quot;camera&quot;:&quot;&quot;,&quot;caption&quot;:&quot;&quot;,&quot;created_timestamp&quot;:&quot;0&quot;,&quot;copyright&quot;:&quot;&quot;,&quot;focal_length&quot;:&quot;0&quot;,&quot;iso&quot;:&quot;0&quot;,&quot;shutter_speed&quot;:&quot;0&quot;,&quot;title&quot;:&quot;&quot;,&quot;orientation&quot;:&quot;0&quot;}\" data-image-title=\"IMG_9937\" data-image-description=\"\" data-image-caption=\"\" data-large-file=\"https:\/\/cloud.alqueria.es\/wp-content\/uploads\/sites\/12\/2019\/03\/IMG_9937.jpg\" \/><\/a>\n\t\t\t<\/div><\/figure>\n\t\t<\/div>\n\n<p>EL AGUA ES FUENTE DE VIDA<\/p>\n<p>El d\u00eda mundial del agua se celebra anualmente cada 22 de marzo como un\u00a0medio de llamar la atenci\u00f3n sobre la importancia del agua \u00a0y la\u00a0defensa de una gesti\u00f3n sostenible.<\/p>\n<p>Los esfuerzos relacionados con el agua en el futuro se centrar\u00e1n principalmente en el\u00a0saneamiento, el\u00a0acceso, la\u00a0salud\u00a0y el\u00a0medio ambiente.<\/p>\n<p>Desde el \u00e1rea de Educaci\u00f3n Art\u00edstica nos unimos al trabajo de concienciaci\u00f3n sobre este tema. Durante la Semana Cultural que celebramos en el mes de febrero, ha sido el agua el centro de todas las actividades. Os muestro con detalle las gotas de agua que dise\u00f1aron nuestros alumnos, os recomiendo que os fij\u00e9is en los mensajes que trasmiten.<\/p>\n<p>El problema del agua no lo podemos entender como un factor aislado de otros temas medioambientales. Nuestra perspectiva debe ir cambiando y m\u00e1s all\u00e1 de las cifras oficiales, hay acciones personales que podemos ir adoptando y que pueden ser imitadas por los que nos rodean.<\/p>\n<p>Ana Mart\u00edn<\/p>\n","protected":false},"excerpt":{"rendered":"<p>EL AGUA ES FUENTE DE VIDA El d\u00eda mundial del agua se celebra anualmente cada 22 de marzo como un\u00a0medio de llamar la atenci\u00f3n sobre la importancia del agua \u00a0y la\u00a0defensa de una gesti\u00f3n sostenible. Los esfuerzos relacionados con el agua en el futuro se centrar\u00e1n principalmente en el\u00a0saneamiento, el\u00a0acceso, la\u00a0salud\u00a0y el\u00a0medio ambiente. Desde el &hellip; <a href=\"https:\/\/www.alqueria.es\/blogs\/alqueriaartistica\/2019\/03\/22\/dia-mundial-del-agua\/\" class=\"more-link\">Seguir leyendo <span class=\"screen-reader-text\">D\u00cdA MUNDIAL DEL AGUA<\/span> <span class=\"meta-nav\">&rarr;<\/span><\/a><\/p>\n","protected":false},"author":34,"featured_media":0,"comment_status":"open","ping_status":"open","sticky":false,"template":"","format":"standard","meta":{"jetpack_post_was_ever_published":false,"_jetpack_newsletter_access":"","_jetpack_dont_email_post_to_subs":false,"_jetpack_newsletter_tier_id":0,"_jetpack_memberships_contains_paywalled_content":false,"_jetpack_memberships_contains_paid_content":false,"footnotes":"","jetpack_publicize_message":"","jetpack_publicize_feature_enabled":true,"jetpack_social_post_already_shared":true,"jetpack_social_options":{"image_generator_settings":{"template":"highway","default_image_id":0,"font":"","enabled":false},"version":2}},"categories":[9,10,11,12,13,14],"tags":[17,345,31,341],"class_list":["post-27052","post","type-post","status-publish","format-standard","hentry","category-1o-epo","category-2o-epo","category-3o-epo","category-4o-epo","category-5o-epo","category-6o-epo","tag-acuarela","tag-dia-mundial-del-agua","tag-dibujo","tag-el-agua"],"jetpack_publicize_connections":[],"jetpack_featured_media_url":"","jetpack_sharing_enabled":true,"jetpack_shortlink":"https:\/\/wp.me\/p4mcJu-72k","_links":{"self":[{"href":"https:\/\/www.alqueria.es\/blogs\/alqueriaartistica\/wp-json\/wp\/v2\/posts\/27052","targetHints":{"allow":["GET"]}}],"collection":[{"href":"https:\/\/www.alqueria.es\/blogs\/alqueriaartistica\/wp-json\/wp\/v2\/posts"}],"about":[{"href":"https:\/\/www.alqueria.es\/blogs\/alqueriaartistica\/wp-json\/wp\/v2\/types\/post"}],"author":[{"embeddable":true,"href":"https:\/\/www.alqueria.es\/blogs\/alqueriaartistica\/wp-json\/wp\/v2\/users\/34"}],"replies":[{"embeddable":true,"href":"https:\/\/www.alqueria.es\/blogs\/alqueriaartistica\/wp-json\/wp\/v2\/comments?post=27052"}],"version-history":[{"count":0,"href":"https:\/\/www.alqueria.es\/blogs\/alqueriaartistica\/wp-json\/wp\/v2\/posts\/27052\/revisions"}],"wp:attachment":[{"href":"https:\/\/www.alqueria.es\/blogs\/alqueriaartistica\/wp-json\/wp\/v2\/media?parent=27052"}],"wp:term":[{"taxonomy":"category","embeddable":true,"href":"https:\/\/www.alqueria.es\/blogs\/alqueriaartistica\/wp-json\/wp\/v2\/categories?post=27052"},{"taxonomy":"post_tag","embeddable":true,"href":"https:\/\/www.alqueria.es\/blogs\/alqueriaartistica\/wp-json\/wp\/v2\/tags?post=27052"}],"curies":[{"name":"wp","href":"https:\/\/api.w.org\/{rel}","templated":true}]}}