{"id":29767,"date":"2020-02-24T23:42:42","date_gmt":"2020-02-24T22:42:42","guid":{"rendered":"http:\/\/www.alqueria.es\/blogs\/alqueriaartistica\/?p=29767"},"modified":"2020-02-24T23:42:42","modified_gmt":"2020-02-24T22:42:42","slug":"semana-cultural-la-tierra-2","status":"publish","type":"post","link":"https:\/\/www.alqueria.es\/blogs\/alqueriaartistica\/2020\/02\/24\/semana-cultural-la-tierra-2\/","title":{"rendered":"SEMANA CULTURAL- LA TIERRA"},"content":{"rendered":"<div data-carousel-extra='{&quot;blog_id&quot;:12,&quot;permalink&quot;:&quot;https:\/\/www.alqueria.es\/blogs\/alqueriaartistica\/2020\/02\/24\/semana-cultural-la-tierra-2\/&quot;}' id='gallery-1' class='gallery galleryid-29767 gallery-columns-1 gallery-size-large'><figure class='gallery-item'>\n\t\t\t<div class='gallery-icon landscape'>\n\t\t\t\t<a href='https:\/\/www.alqueria.es\/blogs\/alqueriaartistica\/2020\/02\/24\/semana-cultural-la-tierra-2\/img_20200220_151441\/'><img decoding=\"async\" width=\"474\" height=\"356\" src=\"https:\/\/cloud.alqueria.es\/wp-content\/uploads\/sites\/12\/2020\/02\/IMG_20200220_151441.jpg\" class=\"attachment-large size-large\" alt=\"\" srcset=\"https:\/\/cloud.alqueria.es\/wp-content\/uploads\/sites\/12\/2020\/02\/IMG_20200220_151441.jpg 1024w, https:\/\/cloud.alqueria.es\/wp-content\/uploads\/sites\/12\/2020\/02\/IMG_20200220_151441.jpg 300w, https:\/\/cloud.alqueria.es\/wp-content\/uploads\/sites\/12\/2020\/02\/IMG_20200220_151441.jpg 768w\" sizes=\"(max-width: 474px) 100vw, 474px\" data-attachment-id=\"29787\" data-permalink=\"https:\/\/www.alqueria.es\/blogs\/alqueriaartistica\/2020\/02\/24\/semana-cultural-la-tierra-2\/img_20200220_151441\/\" data-orig-file=\"https:\/\/cloud.alqueria.es\/wp-content\/uploads\/sites\/12\/2020\/02\/IMG_20200220_151441.jpg\" data-orig-size=\"1024,768\" data-comments-opened=\"1\" data-image-meta=\"{&quot;aperture&quot;:&quot;0&quot;,&quot;credit&quot;:&quot;&quot;,&quot;camera&quot;:&quot;Aquaris E5&quot;,&quot;caption&quot;:&quot;&quot;,&quot;created_timestamp&quot;:&quot;1582211684&quot;,&quot;copyright&quot;:&quot;&quot;,&quot;focal_length&quot;:&quot;4.6&quot;,&quot;iso&quot;:&quot;136&quot;,&quot;shutter_speed&quot;:&quot;0.0083333333333333&quot;,&quot;title&quot;:&quot;&quot;,&quot;orientation&quot;:&quot;1&quot;}\" data-image-title=\"IMG_20200220_151441\" data-image-description=\"\" data-image-caption=\"\" data-large-file=\"https:\/\/cloud.alqueria.es\/wp-content\/uploads\/sites\/12\/2020\/02\/IMG_20200220_151441-1024x768.jpg\" \/><\/a>\n\t\t\t<\/div><\/figure>\n\t\t<\/div>\n\n<p>En el grupo de tercero hemos trabajado los camuflajes en la naturaleza. Partimos de una foto en color del rostro de cada alumno. El trabajo consist\u00eda en camuflarse en alg\u00fan lugar natural.<\/p>\n<div data-carousel-extra='{&quot;blog_id&quot;:12,&quot;permalink&quot;:&quot;https:\/\/www.alqueria.es\/blogs\/alqueriaartistica\/2020\/02\/24\/semana-cultural-la-tierra-2\/&quot;}' id='gallery-2' class='gallery galleryid-29767 gallery-columns-3 gallery-size-large'><figure class='gallery-item'>\n\t\t\t<div class='gallery-icon landscape'>\n\t\t\t\t<a href='https:\/\/www.alqueria.es\/blogs\/alqueriaartistica\/2020\/02\/24\/semana-cultural-la-tierra-2\/img_5295-4\/'><img decoding=\"async\" width=\"474\" height=\"356\" src=\"https:\/\/cloud.alqueria.es\/wp-content\/uploads\/sites\/12\/2020\/02\/IMG_5295.jpg\" class=\"attachment-large size-large\" alt=\"\" srcset=\"https:\/\/cloud.alqueria.es\/wp-content\/uploads\/sites\/12\/2020\/02\/IMG_5295.jpg 1024w, https:\/\/cloud.alqueria.es\/wp-content\/uploads\/sites\/12\/2020\/02\/IMG_5295.jpg 300w, https:\/\/cloud.alqueria.es\/wp-content\/uploads\/sites\/12\/2020\/02\/IMG_5295.jpg 768w\" sizes=\"(max-width: 474px) 100vw, 474px\" data-attachment-id=\"29774\" data-permalink=\"https:\/\/www.alqueria.es\/blogs\/alqueriaartistica\/2020\/02\/24\/semana-cultural-la-tierra-2\/img_5295-4\/\" data-orig-file=\"https:\/\/cloud.alqueria.es\/wp-content\/uploads\/sites\/12\/2020\/02\/IMG_5295.jpg\" data-orig-size=\"1024,768\" data-comments-opened=\"1\" data-image-meta=\"{&quot;aperture&quot;:&quot;2.7&quot;,&quot;credit&quot;:&quot;&quot;,&quot;camera&quot;:&quot;Canon IXUS 125 HS&quot;,&quot;caption&quot;:&quot;&quot;,&quot;created_timestamp&quot;:&quot;1582191390&quot;,&quot;copyright&quot;:&quot;&quot;,&quot;focal_length&quot;:&quot;4.3&quot;,&quot;iso&quot;:&quot;200&quot;,&quot;shutter_speed&quot;:&quot;0.0015625&quot;,&quot;title&quot;:&quot;&quot;,&quot;orientation&quot;:&quot;0&quot;}\" data-image-title=\"IMG_5295\" data-image-description=\"\" data-image-caption=\"\" data-large-file=\"https:\/\/cloud.alqueria.es\/wp-content\/uploads\/sites\/12\/2020\/02\/IMG_5295-1024x768.jpg\" \/><\/a>\n\t\t\t<\/div><\/figure><figure class='gallery-item'>\n\t\t\t<div class='gallery-icon landscape'>\n\t\t\t\t<a href='https:\/\/www.alqueria.es\/blogs\/alqueriaartistica\/2020\/02\/24\/semana-cultural-la-tierra-2\/img_5294-5\/'><img decoding=\"async\" width=\"474\" height=\"356\" src=\"https:\/\/cloud.alqueria.es\/wp-content\/uploads\/sites\/12\/2020\/02\/IMG_5294.jpg\" class=\"attachment-large size-large\" alt=\"\" srcset=\"https:\/\/cloud.alqueria.es\/wp-content\/uploads\/sites\/12\/2020\/02\/IMG_5294.jpg 1024w, https:\/\/cloud.alqueria.es\/wp-content\/uploads\/sites\/12\/2020\/02\/IMG_5294.jpg 300w, https:\/\/cloud.alqueria.es\/wp-content\/uploads\/sites\/12\/2020\/02\/IMG_5294.jpg 768w\" sizes=\"(max-width: 474px) 100vw, 474px\" data-attachment-id=\"29775\" data-permalink=\"https:\/\/www.alqueria.es\/blogs\/alqueriaartistica\/2020\/02\/24\/semana-cultural-la-tierra-2\/img_5294-5\/\" data-orig-file=\"https:\/\/cloud.alqueria.es\/wp-content\/uploads\/sites\/12\/2020\/02\/IMG_5294.jpg\" data-orig-size=\"1024,768\" data-comments-opened=\"1\" data-image-meta=\"{&quot;aperture&quot;:&quot;2.7&quot;,&quot;credit&quot;:&quot;&quot;,&quot;camera&quot;:&quot;Canon IXUS 125 HS&quot;,&quot;caption&quot;:&quot;&quot;,&quot;created_timestamp&quot;:&quot;1582191387&quot;,&quot;copyright&quot;:&quot;&quot;,&quot;focal_length&quot;:&quot;4.3&quot;,&quot;iso&quot;:&quot;100&quot;,&quot;shutter_speed&quot;:&quot;0.003125&quot;,&quot;title&quot;:&quot;&quot;,&quot;orientation&quot;:&quot;0&quot;}\" data-image-title=\"IMG_5294\" data-image-description=\"\" data-image-caption=\"\" data-large-file=\"https:\/\/cloud.alqueria.es\/wp-content\/uploads\/sites\/12\/2020\/02\/IMG_5294-1024x768.jpg\" \/><\/a>\n\t\t\t<\/div><\/figure><figure class='gallery-item'>\n\t\t\t<div class='gallery-icon landscape'>\n\t\t\t\t<a href='https:\/\/www.alqueria.es\/blogs\/alqueriaartistica\/2020\/02\/24\/semana-cultural-la-tierra-2\/img_5296-2\/'><img decoding=\"async\" width=\"474\" height=\"356\" src=\"https:\/\/cloud.alqueria.es\/wp-content\/uploads\/sites\/12\/2020\/02\/IMG_5296.jpg\" class=\"attachment-large size-large\" alt=\"\" srcset=\"https:\/\/cloud.alqueria.es\/wp-content\/uploads\/sites\/12\/2020\/02\/IMG_5296.jpg 1024w, https:\/\/cloud.alqueria.es\/wp-content\/uploads\/sites\/12\/2020\/02\/IMG_5296.jpg 300w, https:\/\/cloud.alqueria.es\/wp-content\/uploads\/sites\/12\/2020\/02\/IMG_5296.jpg 768w\" sizes=\"(max-width: 474px) 100vw, 474px\" data-attachment-id=\"29773\" data-permalink=\"https:\/\/www.alqueria.es\/blogs\/alqueriaartistica\/2020\/02\/24\/semana-cultural-la-tierra-2\/img_5296-2\/\" data-orig-file=\"https:\/\/cloud.alqueria.es\/wp-content\/uploads\/sites\/12\/2020\/02\/IMG_5296.jpg\" data-orig-size=\"1024,768\" data-comments-opened=\"1\" data-image-meta=\"{&quot;aperture&quot;:&quot;2.7&quot;,&quot;credit&quot;:&quot;&quot;,&quot;camera&quot;:&quot;Canon IXUS 125 HS&quot;,&quot;caption&quot;:&quot;&quot;,&quot;created_timestamp&quot;:&quot;1582191395&quot;,&quot;copyright&quot;:&quot;&quot;,&quot;focal_length&quot;:&quot;4.3&quot;,&quot;iso&quot;:&quot;100&quot;,&quot;shutter_speed&quot;:&quot;0.003125&quot;,&quot;title&quot;:&quot;&quot;,&quot;orientation&quot;:&quot;0&quot;}\" data-image-title=\"IMG_5296\" data-image-description=\"\" data-image-caption=\"\" data-large-file=\"https:\/\/cloud.alqueria.es\/wp-content\/uploads\/sites\/12\/2020\/02\/IMG_5296-1024x768.jpg\" \/><\/a>\n\t\t\t<\/div><\/figure><figure class='gallery-item'>\n\t\t\t<div class='gallery-icon landscape'>\n\t\t\t\t<a href='https:\/\/www.alqueria.es\/blogs\/alqueriaartistica\/2020\/02\/24\/semana-cultural-la-tierra-2\/img_5297-2\/'><img decoding=\"async\" width=\"474\" height=\"356\" src=\"https:\/\/cloud.alqueria.es\/wp-content\/uploads\/sites\/12\/2020\/02\/IMG_5297.jpg\" class=\"attachment-large size-large\" alt=\"\" srcset=\"https:\/\/cloud.alqueria.es\/wp-content\/uploads\/sites\/12\/2020\/02\/IMG_5297.jpg 1024w, https:\/\/cloud.alqueria.es\/wp-content\/uploads\/sites\/12\/2020\/02\/IMG_5297.jpg 300w, https:\/\/cloud.alqueria.es\/wp-content\/uploads\/sites\/12\/2020\/02\/IMG_5297.jpg 768w\" sizes=\"(max-width: 474px) 100vw, 474px\" data-attachment-id=\"29772\" data-permalink=\"https:\/\/www.alqueria.es\/blogs\/alqueriaartistica\/2020\/02\/24\/semana-cultural-la-tierra-2\/img_5297-2\/\" data-orig-file=\"https:\/\/cloud.alqueria.es\/wp-content\/uploads\/sites\/12\/2020\/02\/IMG_5297.jpg\" data-orig-size=\"1024,768\" data-comments-opened=\"1\" data-image-meta=\"{&quot;aperture&quot;:&quot;2.7&quot;,&quot;credit&quot;:&quot;&quot;,&quot;camera&quot;:&quot;Canon IXUS 125 HS&quot;,&quot;caption&quot;:&quot;&quot;,&quot;created_timestamp&quot;:&quot;1582191398&quot;,&quot;copyright&quot;:&quot;&quot;,&quot;focal_length&quot;:&quot;4.3&quot;,&quot;iso&quot;:&quot;100&quot;,&quot;shutter_speed&quot;:&quot;0.0025&quot;,&quot;title&quot;:&quot;&quot;,&quot;orientation&quot;:&quot;0&quot;}\" data-image-title=\"IMG_5297\" data-image-description=\"\" data-image-caption=\"\" data-large-file=\"https:\/\/cloud.alqueria.es\/wp-content\/uploads\/sites\/12\/2020\/02\/IMG_5297-1024x768.jpg\" \/><\/a>\n\t\t\t<\/div><\/figure><figure class='gallery-item'>\n\t\t\t<div class='gallery-icon landscape'>\n\t\t\t\t<a href='https:\/\/www.alqueria.es\/blogs\/alqueriaartistica\/2020\/02\/24\/semana-cultural-la-tierra-2\/img_5298-2\/'><img decoding=\"async\" width=\"474\" height=\"356\" src=\"https:\/\/cloud.alqueria.es\/wp-content\/uploads\/sites\/12\/2020\/02\/IMG_5298.jpg\" class=\"attachment-large size-large\" alt=\"\" srcset=\"https:\/\/cloud.alqueria.es\/wp-content\/uploads\/sites\/12\/2020\/02\/IMG_5298.jpg 1024w, https:\/\/cloud.alqueria.es\/wp-content\/uploads\/sites\/12\/2020\/02\/IMG_5298.jpg 300w, https:\/\/cloud.alqueria.es\/wp-content\/uploads\/sites\/12\/2020\/02\/IMG_5298.jpg 768w\" sizes=\"(max-width: 474px) 100vw, 474px\" data-attachment-id=\"29771\" data-permalink=\"https:\/\/www.alqueria.es\/blogs\/alqueriaartistica\/2020\/02\/24\/semana-cultural-la-tierra-2\/img_5298-2\/\" data-orig-file=\"https:\/\/cloud.alqueria.es\/wp-content\/uploads\/sites\/12\/2020\/02\/IMG_5298.jpg\" data-orig-size=\"1024,768\" data-comments-opened=\"1\" data-image-meta=\"{&quot;aperture&quot;:&quot;2.7&quot;,&quot;credit&quot;:&quot;&quot;,&quot;camera&quot;:&quot;Canon IXUS 125 HS&quot;,&quot;caption&quot;:&quot;&quot;,&quot;created_timestamp&quot;:&quot;1582191402&quot;,&quot;copyright&quot;:&quot;&quot;,&quot;focal_length&quot;:&quot;4.3&quot;,&quot;iso&quot;:&quot;100&quot;,&quot;shutter_speed&quot;:&quot;0.005&quot;,&quot;title&quot;:&quot;&quot;,&quot;orientation&quot;:&quot;0&quot;}\" data-image-title=\"IMG_5298\" data-image-description=\"\" data-image-caption=\"\" data-large-file=\"https:\/\/cloud.alqueria.es\/wp-content\/uploads\/sites\/12\/2020\/02\/IMG_5298-1024x768.jpg\" \/><\/a>\n\t\t\t<\/div><\/figure><figure class='gallery-item'>\n\t\t\t<div class='gallery-icon landscape'>\n\t\t\t\t<a href='https:\/\/www.alqueria.es\/blogs\/alqueriaartistica\/2020\/02\/24\/semana-cultural-la-tierra-2\/img_5292-3\/'><img decoding=\"async\" width=\"474\" height=\"356\" src=\"https:\/\/cloud.alqueria.es\/wp-content\/uploads\/sites\/12\/2020\/02\/IMG_5292.jpg\" class=\"attachment-large size-large\" alt=\"\" srcset=\"https:\/\/cloud.alqueria.es\/wp-content\/uploads\/sites\/12\/2020\/02\/IMG_5292.jpg 1024w, https:\/\/cloud.alqueria.es\/wp-content\/uploads\/sites\/12\/2020\/02\/IMG_5292.jpg 300w, https:\/\/cloud.alqueria.es\/wp-content\/uploads\/sites\/12\/2020\/02\/IMG_5292.jpg 768w\" sizes=\"(max-width: 474px) 100vw, 474px\" data-attachment-id=\"29777\" data-permalink=\"https:\/\/www.alqueria.es\/blogs\/alqueriaartistica\/2020\/02\/24\/semana-cultural-la-tierra-2\/img_5292-3\/\" data-orig-file=\"https:\/\/cloud.alqueria.es\/wp-content\/uploads\/sites\/12\/2020\/02\/IMG_5292.jpg\" data-orig-size=\"1024,768\" data-comments-opened=\"1\" data-image-meta=\"{&quot;aperture&quot;:&quot;2.7&quot;,&quot;credit&quot;:&quot;&quot;,&quot;camera&quot;:&quot;Canon IXUS 125 HS&quot;,&quot;caption&quot;:&quot;&quot;,&quot;created_timestamp&quot;:&quot;1582191381&quot;,&quot;copyright&quot;:&quot;&quot;,&quot;focal_length&quot;:&quot;4.3&quot;,&quot;iso&quot;:&quot;100&quot;,&quot;shutter_speed&quot;:&quot;0.005&quot;,&quot;title&quot;:&quot;&quot;,&quot;orientation&quot;:&quot;0&quot;}\" data-image-title=\"IMG_5292\" data-image-description=\"\" data-image-caption=\"\" data-large-file=\"https:\/\/cloud.alqueria.es\/wp-content\/uploads\/sites\/12\/2020\/02\/IMG_5292-1024x768.jpg\" \/><\/a>\n\t\t\t<\/div><\/figure><figure class='gallery-item'>\n\t\t\t<div class='gallery-icon landscape'>\n\t\t\t\t<a href='https:\/\/www.alqueria.es\/blogs\/alqueriaartistica\/2020\/02\/24\/semana-cultural-la-tierra-2\/img_5291-3\/'><img decoding=\"async\" width=\"474\" height=\"356\" src=\"https:\/\/cloud.alqueria.es\/wp-content\/uploads\/sites\/12\/2020\/02\/IMG_5291.jpg\" class=\"attachment-large size-large\" alt=\"\" srcset=\"https:\/\/cloud.alqueria.es\/wp-content\/uploads\/sites\/12\/2020\/02\/IMG_5291.jpg 1024w, https:\/\/cloud.alqueria.es\/wp-content\/uploads\/sites\/12\/2020\/02\/IMG_5291.jpg 300w, https:\/\/cloud.alqueria.es\/wp-content\/uploads\/sites\/12\/2020\/02\/IMG_5291.jpg 768w\" sizes=\"(max-width: 474px) 100vw, 474px\" data-attachment-id=\"29778\" data-permalink=\"https:\/\/www.alqueria.es\/blogs\/alqueriaartistica\/2020\/02\/24\/semana-cultural-la-tierra-2\/img_5291-3\/\" data-orig-file=\"https:\/\/cloud.alqueria.es\/wp-content\/uploads\/sites\/12\/2020\/02\/IMG_5291.jpg\" data-orig-size=\"1024,768\" data-comments-opened=\"1\" data-image-meta=\"{&quot;aperture&quot;:&quot;2.7&quot;,&quot;credit&quot;:&quot;&quot;,&quot;camera&quot;:&quot;Canon IXUS 125 HS&quot;,&quot;caption&quot;:&quot;&quot;,&quot;created_timestamp&quot;:&quot;1582191379&quot;,&quot;copyright&quot;:&quot;&quot;,&quot;focal_length&quot;:&quot;4.3&quot;,&quot;iso&quot;:&quot;100&quot;,&quot;shutter_speed&quot;:&quot;0.00625&quot;,&quot;title&quot;:&quot;&quot;,&quot;orientation&quot;:&quot;0&quot;}\" data-image-title=\"IMG_5291\" data-image-description=\"\" data-image-caption=\"\" data-large-file=\"https:\/\/cloud.alqueria.es\/wp-content\/uploads\/sites\/12\/2020\/02\/IMG_5291-1024x768.jpg\" \/><\/a>\n\t\t\t<\/div><\/figure><figure class='gallery-item'>\n\t\t\t<div class='gallery-icon landscape'>\n\t\t\t\t<a href='https:\/\/www.alqueria.es\/blogs\/alqueriaartistica\/2020\/02\/24\/semana-cultural-la-tierra-2\/img_5299-2\/'><img decoding=\"async\" width=\"474\" height=\"356\" src=\"https:\/\/cloud.alqueria.es\/wp-content\/uploads\/sites\/12\/2020\/02\/IMG_5299.jpg\" class=\"attachment-large size-large\" alt=\"\" srcset=\"https:\/\/cloud.alqueria.es\/wp-content\/uploads\/sites\/12\/2020\/02\/IMG_5299.jpg 1024w, https:\/\/cloud.alqueria.es\/wp-content\/uploads\/sites\/12\/2020\/02\/IMG_5299.jpg 300w, https:\/\/cloud.alqueria.es\/wp-content\/uploads\/sites\/12\/2020\/02\/IMG_5299.jpg 768w\" sizes=\"(max-width: 474px) 100vw, 474px\" data-attachment-id=\"29770\" data-permalink=\"https:\/\/www.alqueria.es\/blogs\/alqueriaartistica\/2020\/02\/24\/semana-cultural-la-tierra-2\/img_5299-2\/\" data-orig-file=\"https:\/\/cloud.alqueria.es\/wp-content\/uploads\/sites\/12\/2020\/02\/IMG_5299.jpg\" data-orig-size=\"1024,768\" data-comments-opened=\"1\" data-image-meta=\"{&quot;aperture&quot;:&quot;2.7&quot;,&quot;credit&quot;:&quot;&quot;,&quot;camera&quot;:&quot;Canon IXUS 125 HS&quot;,&quot;caption&quot;:&quot;&quot;,&quot;created_timestamp&quot;:&quot;1582191407&quot;,&quot;copyright&quot;:&quot;&quot;,&quot;focal_length&quot;:&quot;4.3&quot;,&quot;iso&quot;:&quot;100&quot;,&quot;shutter_speed&quot;:&quot;0.0025&quot;,&quot;title&quot;:&quot;&quot;,&quot;orientation&quot;:&quot;0&quot;}\" data-image-title=\"IMG_5299\" data-image-description=\"\" data-image-caption=\"\" data-large-file=\"https:\/\/cloud.alqueria.es\/wp-content\/uploads\/sites\/12\/2020\/02\/IMG_5299-1024x768.jpg\" \/><\/a>\n\t\t\t<\/div><\/figure><figure class='gallery-item'>\n\t\t\t<div class='gallery-icon landscape'>\n\t\t\t\t<a href='https:\/\/www.alqueria.es\/blogs\/alqueriaartistica\/2020\/02\/24\/semana-cultural-la-tierra-2\/img_5300-2\/'><img decoding=\"async\" width=\"474\" height=\"356\" src=\"https:\/\/cloud.alqueria.es\/wp-content\/uploads\/sites\/12\/2020\/02\/IMG_5300.jpg\" class=\"attachment-large size-large\" alt=\"\" srcset=\"https:\/\/cloud.alqueria.es\/wp-content\/uploads\/sites\/12\/2020\/02\/IMG_5300.jpg 1024w, https:\/\/cloud.alqueria.es\/wp-content\/uploads\/sites\/12\/2020\/02\/IMG_5300.jpg 300w, https:\/\/cloud.alqueria.es\/wp-content\/uploads\/sites\/12\/2020\/02\/IMG_5300.jpg 768w\" sizes=\"(max-width: 474px) 100vw, 474px\" data-attachment-id=\"29769\" data-permalink=\"https:\/\/www.alqueria.es\/blogs\/alqueriaartistica\/2020\/02\/24\/semana-cultural-la-tierra-2\/img_5300-2\/\" data-orig-file=\"https:\/\/cloud.alqueria.es\/wp-content\/uploads\/sites\/12\/2020\/02\/IMG_5300.jpg\" data-orig-size=\"1024,768\" data-comments-opened=\"1\" data-image-meta=\"{&quot;aperture&quot;:&quot;2.7&quot;,&quot;credit&quot;:&quot;&quot;,&quot;camera&quot;:&quot;Canon IXUS 125 HS&quot;,&quot;caption&quot;:&quot;&quot;,&quot;created_timestamp&quot;:&quot;1582191411&quot;,&quot;copyright&quot;:&quot;&quot;,&quot;focal_length&quot;:&quot;4.3&quot;,&quot;iso&quot;:&quot;125&quot;,&quot;shutter_speed&quot;:&quot;0.008&quot;,&quot;title&quot;:&quot;&quot;,&quot;orientation&quot;:&quot;0&quot;}\" data-image-title=\"IMG_5300\" data-image-description=\"\" data-image-caption=\"\" data-large-file=\"https:\/\/cloud.alqueria.es\/wp-content\/uploads\/sites\/12\/2020\/02\/IMG_5300-1024x768.jpg\" \/><\/a>\n\t\t\t<\/div><\/figure><figure class='gallery-item'>\n\t\t\t<div class='gallery-icon landscape'>\n\t\t\t\t<a href='https:\/\/www.alqueria.es\/blogs\/alqueriaartistica\/2020\/02\/24\/semana-cultural-la-tierra-2\/img_5396-2\/'><img decoding=\"async\" width=\"474\" height=\"371\" src=\"https:\/\/cloud.alqueria.es\/wp-content\/uploads\/sites\/12\/2020\/02\/IMG_5396.jpg\" class=\"attachment-large size-large\" alt=\"\" srcset=\"https:\/\/cloud.alqueria.es\/wp-content\/uploads\/sites\/12\/2020\/02\/IMG_5396.jpg 1024w, https:\/\/cloud.alqueria.es\/wp-content\/uploads\/sites\/12\/2020\/02\/IMG_5396.jpg 300w, https:\/\/cloud.alqueria.es\/wp-content\/uploads\/sites\/12\/2020\/02\/IMG_5396.jpg 768w\" sizes=\"(max-width: 474px) 100vw, 474px\" data-attachment-id=\"29958\" data-permalink=\"https:\/\/www.alqueria.es\/blogs\/alqueriaartistica\/2020\/02\/24\/semana-cultural-la-tierra-2\/img_5396-2\/\" data-orig-file=\"https:\/\/cloud.alqueria.es\/wp-content\/uploads\/sites\/12\/2020\/02\/IMG_5396.jpg\" data-orig-size=\"1024,802\" data-comments-opened=\"1\" data-image-meta=\"{&quot;aperture&quot;:&quot;2.7&quot;,&quot;credit&quot;:&quot;&quot;,&quot;camera&quot;:&quot;Canon IXUS 125 HS&quot;,&quot;caption&quot;:&quot;&quot;,&quot;created_timestamp&quot;:&quot;1582562431&quot;,&quot;copyright&quot;:&quot;&quot;,&quot;focal_length&quot;:&quot;4.3&quot;,&quot;iso&quot;:&quot;100&quot;,&quot;shutter_speed&quot;:&quot;0.02&quot;,&quot;title&quot;:&quot;&quot;,&quot;orientation&quot;:&quot;0&quot;}\" data-image-title=\"IMG_5396\" data-image-description=\"\" data-image-caption=\"\" data-large-file=\"https:\/\/cloud.alqueria.es\/wp-content\/uploads\/sites\/12\/2020\/02\/IMG_5396-1024x802.jpg\" \/><\/a>\n\t\t\t<\/div><\/figure><figure class='gallery-item'>\n\t\t\t<div class='gallery-icon landscape'>\n\t\t\t\t<a href='https:\/\/www.alqueria.es\/blogs\/alqueriaartistica\/2020\/02\/24\/semana-cultural-la-tierra-2\/img_5397-3\/'><img decoding=\"async\" width=\"474\" height=\"367\" src=\"https:\/\/cloud.alqueria.es\/wp-content\/uploads\/sites\/12\/2020\/02\/IMG_5397.jpg\" class=\"attachment-large size-large\" alt=\"\" srcset=\"https:\/\/cloud.alqueria.es\/wp-content\/uploads\/sites\/12\/2020\/02\/IMG_5397.jpg 1024w, https:\/\/cloud.alqueria.es\/wp-content\/uploads\/sites\/12\/2020\/02\/IMG_5397.jpg 300w, https:\/\/cloud.alqueria.es\/wp-content\/uploads\/sites\/12\/2020\/02\/IMG_5397.jpg 768w\" sizes=\"(max-width: 474px) 100vw, 474px\" data-attachment-id=\"29957\" data-permalink=\"https:\/\/www.alqueria.es\/blogs\/alqueriaartistica\/2020\/02\/24\/semana-cultural-la-tierra-2\/img_5397-3\/\" data-orig-file=\"https:\/\/cloud.alqueria.es\/wp-content\/uploads\/sites\/12\/2020\/02\/IMG_5397.jpg\" data-orig-size=\"1024,792\" data-comments-opened=\"1\" data-image-meta=\"{&quot;aperture&quot;:&quot;2.7&quot;,&quot;credit&quot;:&quot;&quot;,&quot;camera&quot;:&quot;Canon IXUS 125 HS&quot;,&quot;caption&quot;:&quot;&quot;,&quot;created_timestamp&quot;:&quot;1582562434&quot;,&quot;copyright&quot;:&quot;&quot;,&quot;focal_length&quot;:&quot;4.3&quot;,&quot;iso&quot;:&quot;100&quot;,&quot;shutter_speed&quot;:&quot;0.02&quot;,&quot;title&quot;:&quot;&quot;,&quot;orientation&quot;:&quot;0&quot;}\" data-image-title=\"IMG_5397\" data-image-description=\"\" data-image-caption=\"\" data-large-file=\"https:\/\/cloud.alqueria.es\/wp-content\/uploads\/sites\/12\/2020\/02\/IMG_5397-1024x792.jpg\" \/><\/a>\n\t\t\t<\/div><\/figure><figure class='gallery-item'>\n\t\t\t<div class='gallery-icon portrait'>\n\t\t\t\t<a href='https:\/\/www.alqueria.es\/blogs\/alqueriaartistica\/2020\/02\/24\/semana-cultural-la-tierra-2\/img_5398\/'><img decoding=\"async\" width=\"474\" height=\"632\" src=\"https:\/\/cloud.alqueria.es\/wp-content\/uploads\/sites\/12\/2020\/02\/IMG_5398.jpg\" class=\"attachment-large size-large\" alt=\"\" srcset=\"https:\/\/cloud.alqueria.es\/wp-content\/uploads\/sites\/12\/2020\/02\/IMG_5398.jpg 768w, https:\/\/cloud.alqueria.es\/wp-content\/uploads\/sites\/12\/2020\/02\/IMG_5398.jpg 225w\" sizes=\"(max-width: 474px) 100vw, 474px\" data-attachment-id=\"29956\" data-permalink=\"https:\/\/www.alqueria.es\/blogs\/alqueriaartistica\/2020\/02\/24\/semana-cultural-la-tierra-2\/img_5398\/\" data-orig-file=\"https:\/\/cloud.alqueria.es\/wp-content\/uploads\/sites\/12\/2020\/02\/IMG_5398.jpg\" data-orig-size=\"768,1024\" data-comments-opened=\"1\" data-image-meta=\"{&quot;aperture&quot;:&quot;2.7&quot;,&quot;credit&quot;:&quot;&quot;,&quot;camera&quot;:&quot;Canon IXUS 125 HS&quot;,&quot;caption&quot;:&quot;&quot;,&quot;created_timestamp&quot;:&quot;1582562438&quot;,&quot;copyright&quot;:&quot;&quot;,&quot;focal_length&quot;:&quot;4.3&quot;,&quot;iso&quot;:&quot;100&quot;,&quot;shutter_speed&quot;:&quot;0.025&quot;,&quot;title&quot;:&quot;&quot;,&quot;orientation&quot;:&quot;1&quot;}\" data-image-title=\"IMG_5398\" data-image-description=\"\" data-image-caption=\"\" data-large-file=\"https:\/\/cloud.alqueria.es\/wp-content\/uploads\/sites\/12\/2020\/02\/IMG_5398-768x1024.jpg\" \/><\/a>\n\t\t\t<\/div><\/figure><figure class='gallery-item'>\n\t\t\t<div class='gallery-icon portrait'>\n\t\t\t\t<a href='https:\/\/www.alqueria.es\/blogs\/alqueriaartistica\/2020\/02\/24\/semana-cultural-la-tierra-2\/img_5399\/'><img decoding=\"async\" width=\"474\" height=\"607\" src=\"https:\/\/cloud.alqueria.es\/wp-content\/uploads\/sites\/12\/2020\/02\/IMG_5399.jpg\" class=\"attachment-large size-large\" alt=\"\" srcset=\"https:\/\/cloud.alqueria.es\/wp-content\/uploads\/sites\/12\/2020\/02\/IMG_5399.jpg 800w, https:\/\/cloud.alqueria.es\/wp-content\/uploads\/sites\/12\/2020\/02\/IMG_5399.jpg 234w, https:\/\/cloud.alqueria.es\/wp-content\/uploads\/sites\/12\/2020\/02\/IMG_5399.jpg 768w\" sizes=\"(max-width: 474px) 100vw, 474px\" data-attachment-id=\"29955\" data-permalink=\"https:\/\/www.alqueria.es\/blogs\/alqueriaartistica\/2020\/02\/24\/semana-cultural-la-tierra-2\/img_5399\/\" data-orig-file=\"https:\/\/cloud.alqueria.es\/wp-content\/uploads\/sites\/12\/2020\/02\/IMG_5399.jpg\" data-orig-size=\"800,1024\" data-comments-opened=\"1\" data-image-meta=\"{&quot;aperture&quot;:&quot;2.7&quot;,&quot;credit&quot;:&quot;&quot;,&quot;camera&quot;:&quot;Canon IXUS 125 HS&quot;,&quot;caption&quot;:&quot;&quot;,&quot;created_timestamp&quot;:&quot;1582562441&quot;,&quot;copyright&quot;:&quot;&quot;,&quot;focal_length&quot;:&quot;4.3&quot;,&quot;iso&quot;:&quot;100&quot;,&quot;shutter_speed&quot;:&quot;0.033333333333333&quot;,&quot;title&quot;:&quot;&quot;,&quot;orientation&quot;:&quot;0&quot;}\" data-image-title=\"IMG_5399\" data-image-description=\"\" data-image-caption=\"\" data-large-file=\"https:\/\/cloud.alqueria.es\/wp-content\/uploads\/sites\/12\/2020\/02\/IMG_5399-800x1024.jpg\" \/><\/a>\n\t\t\t<\/div><\/figure><figure class='gallery-item'>\n\t\t\t<div class='gallery-icon portrait'>\n\t\t\t\t<a href='https:\/\/www.alqueria.es\/blogs\/alqueriaartistica\/2020\/02\/24\/semana-cultural-la-tierra-2\/img_5290-5\/'><img decoding=\"async\" width=\"474\" height=\"632\" src=\"https:\/\/cloud.alqueria.es\/wp-content\/uploads\/sites\/12\/2020\/02\/IMG_5290.jpg\" class=\"attachment-large size-large\" alt=\"\" srcset=\"https:\/\/cloud.alqueria.es\/wp-content\/uploads\/sites\/12\/2020\/02\/IMG_5290.jpg 768w, https:\/\/cloud.alqueria.es\/wp-content\/uploads\/sites\/12\/2020\/02\/IMG_5290.jpg 225w\" sizes=\"(max-width: 474px) 100vw, 474px\" data-attachment-id=\"29779\" data-permalink=\"https:\/\/www.alqueria.es\/blogs\/alqueriaartistica\/2020\/02\/24\/semana-cultural-la-tierra-2\/img_5290-5\/\" data-orig-file=\"https:\/\/cloud.alqueria.es\/wp-content\/uploads\/sites\/12\/2020\/02\/IMG_5290.jpg\" data-orig-size=\"768,1024\" data-comments-opened=\"1\" data-image-meta=\"{&quot;aperture&quot;:&quot;2.7&quot;,&quot;credit&quot;:&quot;&quot;,&quot;camera&quot;:&quot;Canon IXUS 125 HS&quot;,&quot;caption&quot;:&quot;&quot;,&quot;created_timestamp&quot;:&quot;1582191375&quot;,&quot;copyright&quot;:&quot;&quot;,&quot;focal_length&quot;:&quot;4.3&quot;,&quot;iso&quot;:&quot;100&quot;,&quot;shutter_speed&quot;:&quot;0.003125&quot;,&quot;title&quot;:&quot;&quot;,&quot;orientation&quot;:&quot;0&quot;}\" data-image-title=\"IMG_5290\" data-image-description=\"\" data-image-caption=\"\" data-large-file=\"https:\/\/cloud.alqueria.es\/wp-content\/uploads\/sites\/12\/2020\/02\/IMG_5290-768x1024.jpg\" \/><\/a>\n\t\t\t<\/div><\/figure><figure class='gallery-item'>\n\t\t\t<div class='gallery-icon portrait'>\n\t\t\t\t<a href='https:\/\/www.alqueria.es\/blogs\/alqueriaartistica\/2020\/02\/24\/semana-cultural-la-tierra-2\/img_5289-3\/'><img decoding=\"async\" width=\"474\" height=\"632\" src=\"https:\/\/cloud.alqueria.es\/wp-content\/uploads\/sites\/12\/2020\/02\/IMG_5289.jpg\" class=\"attachment-large size-large\" alt=\"\" srcset=\"https:\/\/cloud.alqueria.es\/wp-content\/uploads\/sites\/12\/2020\/02\/IMG_5289.jpg 768w, https:\/\/cloud.alqueria.es\/wp-content\/uploads\/sites\/12\/2020\/02\/IMG_5289.jpg 225w\" sizes=\"(max-width: 474px) 100vw, 474px\" data-attachment-id=\"29780\" data-permalink=\"https:\/\/www.alqueria.es\/blogs\/alqueriaartistica\/2020\/02\/24\/semana-cultural-la-tierra-2\/img_5289-3\/\" data-orig-file=\"https:\/\/cloud.alqueria.es\/wp-content\/uploads\/sites\/12\/2020\/02\/IMG_5289.jpg\" data-orig-size=\"768,1024\" data-comments-opened=\"1\" data-image-meta=\"{&quot;aperture&quot;:&quot;2.7&quot;,&quot;credit&quot;:&quot;&quot;,&quot;camera&quot;:&quot;Canon IXUS 125 HS&quot;,&quot;caption&quot;:&quot;&quot;,&quot;created_timestamp&quot;:&quot;1582191371&quot;,&quot;copyright&quot;:&quot;&quot;,&quot;focal_length&quot;:&quot;4.3&quot;,&quot;iso&quot;:&quot;100&quot;,&quot;shutter_speed&quot;:&quot;0.005&quot;,&quot;title&quot;:&quot;&quot;,&quot;orientation&quot;:&quot;0&quot;}\" data-image-title=\"IMG_5289\" data-image-description=\"\" data-image-caption=\"\" data-large-file=\"https:\/\/cloud.alqueria.es\/wp-content\/uploads\/sites\/12\/2020\/02\/IMG_5289-768x1024.jpg\" \/><\/a>\n\t\t\t<\/div><\/figure><figure class='gallery-item'>\n\t\t\t<div class='gallery-icon portrait'>\n\t\t\t\t<a href='https:\/\/www.alqueria.es\/blogs\/alqueriaartistica\/2020\/02\/24\/semana-cultural-la-tierra-2\/img_5400\/'><img decoding=\"async\" width=\"474\" height=\"632\" src=\"https:\/\/cloud.alqueria.es\/wp-content\/uploads\/sites\/12\/2020\/02\/IMG_5400.jpg\" class=\"attachment-large size-large\" alt=\"\" srcset=\"https:\/\/cloud.alqueria.es\/wp-content\/uploads\/sites\/12\/2020\/02\/IMG_5400.jpg 768w, https:\/\/cloud.alqueria.es\/wp-content\/uploads\/sites\/12\/2020\/02\/IMG_5400.jpg 225w\" sizes=\"(max-width: 474px) 100vw, 474px\" data-attachment-id=\"29954\" data-permalink=\"https:\/\/www.alqueria.es\/blogs\/alqueriaartistica\/2020\/02\/24\/semana-cultural-la-tierra-2\/img_5400\/\" data-orig-file=\"https:\/\/cloud.alqueria.es\/wp-content\/uploads\/sites\/12\/2020\/02\/IMG_5400.jpg\" data-orig-size=\"768,1024\" data-comments-opened=\"1\" data-image-meta=\"{&quot;aperture&quot;:&quot;2.7&quot;,&quot;credit&quot;:&quot;&quot;,&quot;camera&quot;:&quot;Canon IXUS 125 HS&quot;,&quot;caption&quot;:&quot;&quot;,&quot;created_timestamp&quot;:&quot;1582562444&quot;,&quot;copyright&quot;:&quot;&quot;,&quot;focal_length&quot;:&quot;4.3&quot;,&quot;iso&quot;:&quot;125&quot;,&quot;shutter_speed&quot;:&quot;0.033333333333333&quot;,&quot;title&quot;:&quot;&quot;,&quot;orientation&quot;:&quot;1&quot;}\" data-image-title=\"IMG_5400\" data-image-description=\"\" data-image-caption=\"\" data-large-file=\"https:\/\/cloud.alqueria.es\/wp-content\/uploads\/sites\/12\/2020\/02\/IMG_5400-768x1024.jpg\" \/><\/a>\n\t\t\t<\/div><\/figure><figure class='gallery-item'>\n\t\t\t<div class='gallery-icon portrait'>\n\t\t\t\t<a href='https:\/\/www.alqueria.es\/blogs\/alqueriaartistica\/2020\/02\/24\/semana-cultural-la-tierra-2\/img_5210-5\/'><img decoding=\"async\" width=\"474\" height=\"678\" src=\"https:\/\/cloud.alqueria.es\/wp-content\/uploads\/sites\/12\/2020\/02\/IMG_5210.jpg\" class=\"attachment-large size-large\" alt=\"\" srcset=\"https:\/\/cloud.alqueria.es\/wp-content\/uploads\/sites\/12\/2020\/02\/IMG_5210.jpg 716w, https:\/\/cloud.alqueria.es\/wp-content\/uploads\/sites\/12\/2020\/02\/IMG_5210.jpg 210w\" sizes=\"(max-width: 474px) 100vw, 474px\" data-attachment-id=\"29952\" data-permalink=\"https:\/\/www.alqueria.es\/blogs\/alqueriaartistica\/2020\/02\/24\/semana-cultural-la-tierra-2\/img_5210-5\/\" data-orig-file=\"https:\/\/cloud.alqueria.es\/wp-content\/uploads\/sites\/12\/2020\/02\/IMG_5210.jpg\" data-orig-size=\"716,1024\" data-comments-opened=\"1\" data-image-meta=\"{&quot;aperture&quot;:&quot;2.7&quot;,&quot;credit&quot;:&quot;&quot;,&quot;camera&quot;:&quot;Canon IXUS 125 HS&quot;,&quot;caption&quot;:&quot;&quot;,&quot;created_timestamp&quot;:&quot;1581007430&quot;,&quot;copyright&quot;:&quot;&quot;,&quot;focal_length&quot;:&quot;4.3&quot;,&quot;iso&quot;:&quot;125&quot;,&quot;shutter_speed&quot;:&quot;0.033333333333333&quot;,&quot;title&quot;:&quot;&quot;,&quot;orientation&quot;:&quot;1&quot;}\" data-image-title=\"IMG_5210\" data-image-description=\"\" data-image-caption=\"\" data-large-file=\"https:\/\/cloud.alqueria.es\/wp-content\/uploads\/sites\/12\/2020\/02\/IMG_5210-716x1024.jpg\" \/><\/a>\n\t\t\t<\/div><\/figure><figure class='gallery-item'>\n\t\t\t<div class='gallery-icon portrait'>\n\t\t\t\t<a href='https:\/\/www.alqueria.es\/blogs\/alqueriaartistica\/2020\/02\/24\/semana-cultural-la-tierra-2\/img_5293-2\/'><img decoding=\"async\" width=\"474\" height=\"632\" src=\"https:\/\/cloud.alqueria.es\/wp-content\/uploads\/sites\/12\/2020\/02\/IMG_5293.jpg\" class=\"attachment-large size-large\" alt=\"\" srcset=\"https:\/\/cloud.alqueria.es\/wp-content\/uploads\/sites\/12\/2020\/02\/IMG_5293.jpg 768w, https:\/\/cloud.alqueria.es\/wp-content\/uploads\/sites\/12\/2020\/02\/IMG_5293.jpg 225w\" sizes=\"(max-width: 474px) 100vw, 474px\" data-attachment-id=\"29776\" data-permalink=\"https:\/\/www.alqueria.es\/blogs\/alqueriaartistica\/2020\/02\/24\/semana-cultural-la-tierra-2\/img_5293-2\/\" data-orig-file=\"https:\/\/cloud.alqueria.es\/wp-content\/uploads\/sites\/12\/2020\/02\/IMG_5293.jpg\" data-orig-size=\"768,1024\" data-comments-opened=\"1\" data-image-meta=\"{&quot;aperture&quot;:&quot;2.7&quot;,&quot;credit&quot;:&quot;&quot;,&quot;camera&quot;:&quot;Canon IXUS 125 HS&quot;,&quot;caption&quot;:&quot;&quot;,&quot;created_timestamp&quot;:&quot;1582191384&quot;,&quot;copyright&quot;:&quot;&quot;,&quot;focal_length&quot;:&quot;4.3&quot;,&quot;iso&quot;:&quot;100&quot;,&quot;shutter_speed&quot;:&quot;0.005&quot;,&quot;title&quot;:&quot;&quot;,&quot;orientation&quot;:&quot;0&quot;}\" data-image-title=\"IMG_5293\" data-image-description=\"\" data-image-caption=\"\" data-large-file=\"https:\/\/cloud.alqueria.es\/wp-content\/uploads\/sites\/12\/2020\/02\/IMG_5293-768x1024.jpg\" \/><\/a>\n\t\t\t<\/div><\/figure><figure class='gallery-item'>\n\t\t\t<div class='gallery-icon portrait'>\n\t\t\t\t<a href='https:\/\/www.alqueria.es\/blogs\/alqueriaartistica\/2020\/02\/24\/semana-cultural-la-tierra-2\/img_5215-4\/'><img decoding=\"async\" width=\"474\" height=\"632\" src=\"https:\/\/cloud.alqueria.es\/wp-content\/uploads\/sites\/12\/2020\/02\/IMG_5215.jpg\" class=\"attachment-large size-large\" alt=\"\" srcset=\"https:\/\/cloud.alqueria.es\/wp-content\/uploads\/sites\/12\/2020\/02\/IMG_5215.jpg 768w, https:\/\/cloud.alqueria.es\/wp-content\/uploads\/sites\/12\/2020\/02\/IMG_5215.jpg 225w\" sizes=\"(max-width: 474px) 100vw, 474px\" data-attachment-id=\"29783\" data-permalink=\"https:\/\/www.alqueria.es\/blogs\/alqueriaartistica\/2020\/02\/24\/semana-cultural-la-tierra-2\/img_5215-4\/\" data-orig-file=\"https:\/\/cloud.alqueria.es\/wp-content\/uploads\/sites\/12\/2020\/02\/IMG_5215.jpg\" data-orig-size=\"768,1024\" data-comments-opened=\"1\" data-image-meta=\"{&quot;aperture&quot;:&quot;2.7&quot;,&quot;credit&quot;:&quot;&quot;,&quot;camera&quot;:&quot;Canon IXUS 125 HS&quot;,&quot;caption&quot;:&quot;&quot;,&quot;created_timestamp&quot;:&quot;1581009486&quot;,&quot;copyright&quot;:&quot;&quot;,&quot;focal_length&quot;:&quot;4.3&quot;,&quot;iso&quot;:&quot;250&quot;,&quot;shutter_speed&quot;:&quot;0.033333333333333&quot;,&quot;title&quot;:&quot;&quot;,&quot;orientation&quot;:&quot;0&quot;}\" data-image-title=\"IMG_5215\" data-image-description=\"\" data-image-caption=\"\" data-large-file=\"https:\/\/cloud.alqueria.es\/wp-content\/uploads\/sites\/12\/2020\/02\/IMG_5215-768x1024.jpg\" \/><\/a>\n\t\t\t<\/div><\/figure>\n\t\t<\/div>\n\n<p>Agua, roca, hielo, estrellas, flores, \u00e1rbol, monta\u00f1a, hurac\u00e1n, mariposas, fondo marino&#8230; Ha sido un trabajo que ha puesto a prueba la paciencia de cada uno, puesto que deb\u00edan extender la misma textura por toda la superficie del papel. Surgieron paisajes variados en textura y colores, se tomaron con empe\u00f1o la tarea de camuflar su cuerpo.<\/p>\n<div data-carousel-extra='{&quot;blog_id&quot;:12,&quot;permalink&quot;:&quot;https:\/\/www.alqueria.es\/blogs\/alqueriaartistica\/2020\/02\/24\/semana-cultural-la-tierra-2\/&quot;}' id='gallery-3' class='gallery galleryid-29767 gallery-columns-2 gallery-size-large'><figure class='gallery-item'>\n\t\t\t<div class='gallery-icon landscape'>\n\t\t\t\t<a href='https:\/\/www.alqueria.es\/blogs\/alqueriaartistica\/2020\/02\/24\/semana-cultural-la-tierra-2\/img_5207-4\/'><img decoding=\"async\" width=\"474\" height=\"413\" src=\"https:\/\/cloud.alqueria.es\/wp-content\/uploads\/sites\/12\/2020\/02\/IMG_5207.jpg\" class=\"attachment-large size-large\" alt=\"\" srcset=\"https:\/\/cloud.alqueria.es\/wp-content\/uploads\/sites\/12\/2020\/02\/IMG_5207.jpg 1024w, https:\/\/cloud.alqueria.es\/wp-content\/uploads\/sites\/12\/2020\/02\/IMG_5207.jpg 300w, https:\/\/cloud.alqueria.es\/wp-content\/uploads\/sites\/12\/2020\/02\/IMG_5207.jpg 768w\" sizes=\"(max-width: 474px) 100vw, 474px\" data-attachment-id=\"29786\" data-permalink=\"https:\/\/www.alqueria.es\/blogs\/alqueriaartistica\/2020\/02\/24\/semana-cultural-la-tierra-2\/img_5207-4\/\" data-orig-file=\"https:\/\/cloud.alqueria.es\/wp-content\/uploads\/sites\/12\/2020\/02\/IMG_5207.jpg\" data-orig-size=\"1024,892\" data-comments-opened=\"1\" data-image-meta=\"{&quot;aperture&quot;:&quot;2.7&quot;,&quot;credit&quot;:&quot;&quot;,&quot;camera&quot;:&quot;Canon IXUS 125 HS&quot;,&quot;caption&quot;:&quot;&quot;,&quot;created_timestamp&quot;:&quot;1581005799&quot;,&quot;copyright&quot;:&quot;&quot;,&quot;focal_length&quot;:&quot;4.3&quot;,&quot;iso&quot;:&quot;400&quot;,&quot;shutter_speed&quot;:&quot;0.008&quot;,&quot;title&quot;:&quot;&quot;,&quot;orientation&quot;:&quot;1&quot;}\" data-image-title=\"IMG_5207\" data-image-description=\"\" data-image-caption=\"\" data-large-file=\"https:\/\/cloud.alqueria.es\/wp-content\/uploads\/sites\/12\/2020\/02\/IMG_5207-1024x892.jpg\" \/><\/a>\n\t\t\t<\/div><\/figure><figure class='gallery-item'>\n\t\t\t<div class='gallery-icon landscape'>\n\t\t\t\t<a href='https:\/\/www.alqueria.es\/blogs\/alqueriaartistica\/2020\/02\/24\/semana-cultural-la-tierra-2\/img_5208-4\/'><img decoding=\"async\" width=\"474\" height=\"356\" src=\"https:\/\/cloud.alqueria.es\/wp-content\/uploads\/sites\/12\/2020\/02\/IMG_5208.jpg\" class=\"attachment-large size-large\" alt=\"\" srcset=\"https:\/\/cloud.alqueria.es\/wp-content\/uploads\/sites\/12\/2020\/02\/IMG_5208.jpg 1024w, https:\/\/cloud.alqueria.es\/wp-content\/uploads\/sites\/12\/2020\/02\/IMG_5208.jpg 300w, https:\/\/cloud.alqueria.es\/wp-content\/uploads\/sites\/12\/2020\/02\/IMG_5208.jpg 768w\" sizes=\"(max-width: 474px) 100vw, 474px\" data-attachment-id=\"29785\" data-permalink=\"https:\/\/www.alqueria.es\/blogs\/alqueriaartistica\/2020\/02\/24\/semana-cultural-la-tierra-2\/img_5208-4\/\" data-orig-file=\"https:\/\/cloud.alqueria.es\/wp-content\/uploads\/sites\/12\/2020\/02\/IMG_5208.jpg\" data-orig-size=\"1024,768\" data-comments-opened=\"1\" data-image-meta=\"{&quot;aperture&quot;:&quot;2.7&quot;,&quot;credit&quot;:&quot;&quot;,&quot;camera&quot;:&quot;Canon IXUS 125 HS&quot;,&quot;caption&quot;:&quot;&quot;,&quot;created_timestamp&quot;:&quot;1581006344&quot;,&quot;copyright&quot;:&quot;&quot;,&quot;focal_length&quot;:&quot;4.3&quot;,&quot;iso&quot;:&quot;100&quot;,&quot;shutter_speed&quot;:&quot;0.033333333333333&quot;,&quot;title&quot;:&quot;&quot;,&quot;orientation&quot;:&quot;0&quot;}\" data-image-title=\"IMG_5208\" data-image-description=\"\" data-image-caption=\"\" data-large-file=\"https:\/\/cloud.alqueria.es\/wp-content\/uploads\/sites\/12\/2020\/02\/IMG_5208-1024x768.jpg\" \/><\/a>\n\t\t\t<\/div><\/figure><figure class='gallery-item'>\n\t\t\t<div class='gallery-icon landscape'>\n\t\t\t\t<a href='https:\/\/www.alqueria.es\/blogs\/alqueriaartistica\/2020\/02\/24\/semana-cultural-la-tierra-2\/img_5244-2-2\/'><img decoding=\"async\" width=\"474\" height=\"356\" src=\"https:\/\/cloud.alqueria.es\/wp-content\/uploads\/sites\/12\/2020\/02\/IMG_5244-2.jpg\" class=\"attachment-large size-large\" alt=\"\" srcset=\"https:\/\/cloud.alqueria.es\/wp-content\/uploads\/sites\/12\/2020\/02\/IMG_5244-2.jpg 1024w, https:\/\/cloud.alqueria.es\/wp-content\/uploads\/sites\/12\/2020\/02\/IMG_5244-2.jpg 300w, https:\/\/cloud.alqueria.es\/wp-content\/uploads\/sites\/12\/2020\/02\/IMG_5244-2.jpg 768w\" sizes=\"(max-width: 474px) 100vw, 474px\" data-attachment-id=\"29782\" data-permalink=\"https:\/\/www.alqueria.es\/blogs\/alqueriaartistica\/2020\/02\/24\/semana-cultural-la-tierra-2\/img_5244-2-2\/\" data-orig-file=\"https:\/\/cloud.alqueria.es\/wp-content\/uploads\/sites\/12\/2020\/02\/IMG_5244-2.jpg\" data-orig-size=\"1024,768\" data-comments-opened=\"1\" data-image-meta=\"{&quot;aperture&quot;:&quot;2.7&quot;,&quot;credit&quot;:&quot;&quot;,&quot;camera&quot;:&quot;Canon IXUS 125 HS&quot;,&quot;caption&quot;:&quot;&quot;,&quot;created_timestamp&quot;:&quot;1581610489&quot;,&quot;copyright&quot;:&quot;&quot;,&quot;focal_length&quot;:&quot;4.3&quot;,&quot;iso&quot;:&quot;200&quot;,&quot;shutter_speed&quot;:&quot;0.033333333333333&quot;,&quot;title&quot;:&quot;&quot;,&quot;orientation&quot;:&quot;0&quot;}\" data-image-title=\"IMG_5244 2\" data-image-description=\"\" data-image-caption=\"\" data-large-file=\"https:\/\/cloud.alqueria.es\/wp-content\/uploads\/sites\/12\/2020\/02\/IMG_5244-2-1024x768.jpg\" \/><\/a>\n\t\t\t<\/div><\/figure><figure class='gallery-item'>\n\t\t\t<div class='gallery-icon landscape'>\n\t\t\t\t<a href='https:\/\/www.alqueria.es\/blogs\/alqueriaartistica\/2020\/02\/24\/semana-cultural-la-tierra-2\/img_5245-2-2\/'><img decoding=\"async\" width=\"474\" height=\"356\" src=\"https:\/\/cloud.alqueria.es\/wp-content\/uploads\/sites\/12\/2020\/02\/IMG_5245-2.jpg\" class=\"attachment-large size-large\" alt=\"\" srcset=\"https:\/\/cloud.alqueria.es\/wp-content\/uploads\/sites\/12\/2020\/02\/IMG_5245-2.jpg 1024w, https:\/\/cloud.alqueria.es\/wp-content\/uploads\/sites\/12\/2020\/02\/IMG_5245-2.jpg 300w, https:\/\/cloud.alqueria.es\/wp-content\/uploads\/sites\/12\/2020\/02\/IMG_5245-2.jpg 768w\" sizes=\"(max-width: 474px) 100vw, 474px\" data-attachment-id=\"29781\" data-permalink=\"https:\/\/www.alqueria.es\/blogs\/alqueriaartistica\/2020\/02\/24\/semana-cultural-la-tierra-2\/img_5245-2-2\/\" data-orig-file=\"https:\/\/cloud.alqueria.es\/wp-content\/uploads\/sites\/12\/2020\/02\/IMG_5245-2.jpg\" data-orig-size=\"1024,768\" data-comments-opened=\"1\" data-image-meta=\"{&quot;aperture&quot;:&quot;2.7&quot;,&quot;credit&quot;:&quot;&quot;,&quot;camera&quot;:&quot;Canon IXUS 125 HS&quot;,&quot;caption&quot;:&quot;&quot;,&quot;created_timestamp&quot;:&quot;1581610496&quot;,&quot;copyright&quot;:&quot;&quot;,&quot;focal_length&quot;:&quot;4.3&quot;,&quot;iso&quot;:&quot;400&quot;,&quot;shutter_speed&quot;:&quot;0.005&quot;,&quot;title&quot;:&quot;&quot;,&quot;orientation&quot;:&quot;0&quot;}\" data-image-title=\"IMG_5245 2\" data-image-description=\"\" data-image-caption=\"\" data-large-file=\"https:\/\/cloud.alqueria.es\/wp-content\/uploads\/sites\/12\/2020\/02\/IMG_5245-2-1024x768.jpg\" \/><\/a>\n\t\t\t<\/div><\/figure>\n\t\t<\/div>\n\n<p>GRUPO DE CUARTO- PAISAJES<\/p>\n<div data-carousel-extra='{&quot;blog_id&quot;:12,&quot;permalink&quot;:&quot;https:\/\/www.alqueria.es\/blogs\/alqueriaartistica\/2020\/02\/24\/semana-cultural-la-tierra-2\/&quot;}' id='gallery-4' class='gallery galleryid-29767 gallery-columns-1 gallery-size-large'><figure class='gallery-item'>\n\t\t\t<div class='gallery-icon landscape'>\n\t\t\t\t<a href='https:\/\/www.alqueria.es\/blogs\/alqueriaartistica\/2020\/02\/24\/semana-cultural-la-tierra-2\/img_5336-copia\/'><img decoding=\"async\" width=\"474\" height=\"443\" src=\"https:\/\/cloud.alqueria.es\/wp-content\/uploads\/sites\/12\/2020\/02\/IMG_5336-copia.jpg\" class=\"attachment-large size-large\" alt=\"\" srcset=\"https:\/\/cloud.alqueria.es\/wp-content\/uploads\/sites\/12\/2020\/02\/IMG_5336-copia.jpg 1024w, https:\/\/cloud.alqueria.es\/wp-content\/uploads\/sites\/12\/2020\/02\/IMG_5336-copia.jpg 300w, https:\/\/cloud.alqueria.es\/wp-content\/uploads\/sites\/12\/2020\/02\/IMG_5336-copia.jpg 768w\" sizes=\"(max-width: 474px) 100vw, 474px\" data-attachment-id=\"29805\" data-permalink=\"https:\/\/www.alqueria.es\/blogs\/alqueriaartistica\/2020\/02\/24\/semana-cultural-la-tierra-2\/img_5336-copia\/\" data-orig-file=\"https:\/\/cloud.alqueria.es\/wp-content\/uploads\/sites\/12\/2020\/02\/IMG_5336-copia.jpg\" data-orig-size=\"1024,957\" data-comments-opened=\"1\" data-image-meta=\"{&quot;aperture&quot;:&quot;2.7&quot;,&quot;credit&quot;:&quot;&quot;,&quot;camera&quot;:&quot;Canon IXUS 125 HS&quot;,&quot;caption&quot;:&quot;&quot;,&quot;created_timestamp&quot;:&quot;1582212647&quot;,&quot;copyright&quot;:&quot;&quot;,&quot;focal_length&quot;:&quot;4.3&quot;,&quot;iso&quot;:&quot;100&quot;,&quot;shutter_speed&quot;:&quot;0.016666666666667&quot;,&quot;title&quot;:&quot;&quot;,&quot;orientation&quot;:&quot;1&quot;}\" data-image-title=\"IMG_5336 copia\" data-image-description=\"\" data-image-caption=\"\" data-large-file=\"https:\/\/cloud.alqueria.es\/wp-content\/uploads\/sites\/12\/2020\/02\/IMG_5336-copia-1024x957.jpg\" \/><\/a>\n\t\t\t<\/div><\/figure>\n\t\t<\/div>\n\n<p>En el grupo de cuarto, la propuesta fue realizar un paisaje. Pod\u00edan elegir qu\u00e9 tipo de paisaje, rural, urbano, presente o \u00a0futuro, con elementos positivos o negativos.<\/p>\n<div data-carousel-extra='{&quot;blog_id&quot;:12,&quot;permalink&quot;:&quot;https:\/\/www.alqueria.es\/blogs\/alqueriaartistica\/2020\/02\/24\/semana-cultural-la-tierra-2\/&quot;}' id='gallery-5' class='gallery galleryid-29767 gallery-columns-3 gallery-size-large'><figure class='gallery-item'>\n\t\t\t<div class='gallery-icon landscape'>\n\t\t\t\t<a href='https:\/\/www.alqueria.es\/blogs\/alqueriaartistica\/2020\/02\/24\/semana-cultural-la-tierra-2\/img_5364-2\/'><img decoding=\"async\" width=\"474\" height=\"356\" src=\"https:\/\/cloud.alqueria.es\/wp-content\/uploads\/sites\/12\/2020\/02\/IMG_5364.jpg\" class=\"attachment-large size-large\" alt=\"\" srcset=\"https:\/\/cloud.alqueria.es\/wp-content\/uploads\/sites\/12\/2020\/02\/IMG_5364.jpg 1024w, https:\/\/cloud.alqueria.es\/wp-content\/uploads\/sites\/12\/2020\/02\/IMG_5364.jpg 300w, https:\/\/cloud.alqueria.es\/wp-content\/uploads\/sites\/12\/2020\/02\/IMG_5364.jpg 768w\" sizes=\"(max-width: 474px) 100vw, 474px\" data-attachment-id=\"29966\" data-permalink=\"https:\/\/www.alqueria.es\/blogs\/alqueriaartistica\/2020\/02\/24\/semana-cultural-la-tierra-2\/img_5364-2\/\" data-orig-file=\"https:\/\/cloud.alqueria.es\/wp-content\/uploads\/sites\/12\/2020\/02\/IMG_5364.jpg\" data-orig-size=\"1024,768\" data-comments-opened=\"1\" data-image-meta=\"{&quot;aperture&quot;:&quot;2.7&quot;,&quot;credit&quot;:&quot;&quot;,&quot;camera&quot;:&quot;Canon IXUS 125 HS&quot;,&quot;caption&quot;:&quot;&quot;,&quot;created_timestamp&quot;:&quot;1582557603&quot;,&quot;copyright&quot;:&quot;&quot;,&quot;focal_length&quot;:&quot;4.3&quot;,&quot;iso&quot;:&quot;100&quot;,&quot;shutter_speed&quot;:&quot;0.033333333333333&quot;,&quot;title&quot;:&quot;&quot;,&quot;orientation&quot;:&quot;1&quot;}\" data-image-title=\"IMG_5364\" data-image-description=\"\" data-image-caption=\"\" data-large-file=\"https:\/\/cloud.alqueria.es\/wp-content\/uploads\/sites\/12\/2020\/02\/IMG_5364-1024x768.jpg\" \/><\/a>\n\t\t\t<\/div><\/figure><figure class='gallery-item'>\n\t\t\t<div class='gallery-icon landscape'>\n\t\t\t\t<a href='https:\/\/www.alqueria.es\/blogs\/alqueriaartistica\/2020\/02\/24\/semana-cultural-la-tierra-2\/img_5363-2\/'><img decoding=\"async\" width=\"474\" height=\"339\" src=\"https:\/\/cloud.alqueria.es\/wp-content\/uploads\/sites\/12\/2020\/02\/IMG_5363.jpg\" class=\"attachment-large size-large\" alt=\"\" srcset=\"https:\/\/cloud.alqueria.es\/wp-content\/uploads\/sites\/12\/2020\/02\/IMG_5363.jpg 1024w, https:\/\/cloud.alqueria.es\/wp-content\/uploads\/sites\/12\/2020\/02\/IMG_5363.jpg 300w, https:\/\/cloud.alqueria.es\/wp-content\/uploads\/sites\/12\/2020\/02\/IMG_5363.jpg 768w\" sizes=\"(max-width: 474px) 100vw, 474px\" data-attachment-id=\"29967\" data-permalink=\"https:\/\/www.alqueria.es\/blogs\/alqueriaartistica\/2020\/02\/24\/semana-cultural-la-tierra-2\/img_5363-2\/\" data-orig-file=\"https:\/\/cloud.alqueria.es\/wp-content\/uploads\/sites\/12\/2020\/02\/IMG_5363.jpg\" data-orig-size=\"1024,732\" data-comments-opened=\"1\" data-image-meta=\"{&quot;aperture&quot;:&quot;2.7&quot;,&quot;credit&quot;:&quot;&quot;,&quot;camera&quot;:&quot;Canon IXUS 125 HS&quot;,&quot;caption&quot;:&quot;&quot;,&quot;created_timestamp&quot;:&quot;1582557599&quot;,&quot;copyright&quot;:&quot;&quot;,&quot;focal_length&quot;:&quot;4.3&quot;,&quot;iso&quot;:&quot;100&quot;,&quot;shutter_speed&quot;:&quot;0.025&quot;,&quot;title&quot;:&quot;&quot;,&quot;orientation&quot;:&quot;1&quot;}\" data-image-title=\"IMG_5363\" data-image-description=\"\" data-image-caption=\"\" data-large-file=\"https:\/\/cloud.alqueria.es\/wp-content\/uploads\/sites\/12\/2020\/02\/IMG_5363-1024x732.jpg\" \/><\/a>\n\t\t\t<\/div><\/figure><figure class='gallery-item'>\n\t\t\t<div class='gallery-icon landscape'>\n\t\t\t\t<a href='https:\/\/www.alqueria.es\/blogs\/alqueriaartistica\/2020\/02\/24\/semana-cultural-la-tierra-2\/img_5362-3\/'><img decoding=\"async\" width=\"474\" height=\"356\" src=\"https:\/\/cloud.alqueria.es\/wp-content\/uploads\/sites\/12\/2020\/02\/IMG_5362.jpg\" class=\"attachment-large size-large\" alt=\"\" srcset=\"https:\/\/cloud.alqueria.es\/wp-content\/uploads\/sites\/12\/2020\/02\/IMG_5362.jpg 1024w, https:\/\/cloud.alqueria.es\/wp-content\/uploads\/sites\/12\/2020\/02\/IMG_5362.jpg 300w, https:\/\/cloud.alqueria.es\/wp-content\/uploads\/sites\/12\/2020\/02\/IMG_5362.jpg 768w\" sizes=\"(max-width: 474px) 100vw, 474px\" data-attachment-id=\"29968\" data-permalink=\"https:\/\/www.alqueria.es\/blogs\/alqueriaartistica\/2020\/02\/24\/semana-cultural-la-tierra-2\/img_5362-3\/\" data-orig-file=\"https:\/\/cloud.alqueria.es\/wp-content\/uploads\/sites\/12\/2020\/02\/IMG_5362.jpg\" data-orig-size=\"1024,768\" data-comments-opened=\"1\" data-image-meta=\"{&quot;aperture&quot;:&quot;2.7&quot;,&quot;credit&quot;:&quot;&quot;,&quot;camera&quot;:&quot;Canon IXUS 125 HS&quot;,&quot;caption&quot;:&quot;&quot;,&quot;created_timestamp&quot;:&quot;1582557596&quot;,&quot;copyright&quot;:&quot;&quot;,&quot;focal_length&quot;:&quot;4.3&quot;,&quot;iso&quot;:&quot;100&quot;,&quot;shutter_speed&quot;:&quot;0.025&quot;,&quot;title&quot;:&quot;&quot;,&quot;orientation&quot;:&quot;1&quot;}\" data-image-title=\"IMG_5362\" data-image-description=\"\" data-image-caption=\"\" data-large-file=\"https:\/\/cloud.alqueria.es\/wp-content\/uploads\/sites\/12\/2020\/02\/IMG_5362-1024x768.jpg\" \/><\/a>\n\t\t\t<\/div><\/figure><figure class='gallery-item'>\n\t\t\t<div class='gallery-icon landscape'>\n\t\t\t\t<a href='https:\/\/www.alqueria.es\/blogs\/alqueriaartistica\/2020\/02\/24\/semana-cultural-la-tierra-2\/img_5361-2\/'><img decoding=\"async\" width=\"474\" height=\"356\" src=\"https:\/\/cloud.alqueria.es\/wp-content\/uploads\/sites\/12\/2020\/02\/IMG_5361.jpg\" class=\"attachment-large size-large\" alt=\"\" srcset=\"https:\/\/cloud.alqueria.es\/wp-content\/uploads\/sites\/12\/2020\/02\/IMG_5361.jpg 1024w, https:\/\/cloud.alqueria.es\/wp-content\/uploads\/sites\/12\/2020\/02\/IMG_5361.jpg 300w, https:\/\/cloud.alqueria.es\/wp-content\/uploads\/sites\/12\/2020\/02\/IMG_5361.jpg 768w\" sizes=\"(max-width: 474px) 100vw, 474px\" data-attachment-id=\"29969\" data-permalink=\"https:\/\/www.alqueria.es\/blogs\/alqueriaartistica\/2020\/02\/24\/semana-cultural-la-tierra-2\/img_5361-2\/\" data-orig-file=\"https:\/\/cloud.alqueria.es\/wp-content\/uploads\/sites\/12\/2020\/02\/IMG_5361.jpg\" data-orig-size=\"1024,768\" data-comments-opened=\"1\" data-image-meta=\"{&quot;aperture&quot;:&quot;2.7&quot;,&quot;credit&quot;:&quot;&quot;,&quot;camera&quot;:&quot;Canon IXUS 125 HS&quot;,&quot;caption&quot;:&quot;&quot;,&quot;created_timestamp&quot;:&quot;1582557592&quot;,&quot;copyright&quot;:&quot;&quot;,&quot;focal_length&quot;:&quot;4.3&quot;,&quot;iso&quot;:&quot;100&quot;,&quot;shutter_speed&quot;:&quot;0.025&quot;,&quot;title&quot;:&quot;&quot;,&quot;orientation&quot;:&quot;1&quot;}\" data-image-title=\"IMG_5361\" data-image-description=\"\" data-image-caption=\"\" data-large-file=\"https:\/\/cloud.alqueria.es\/wp-content\/uploads\/sites\/12\/2020\/02\/IMG_5361-1024x768.jpg\" \/><\/a>\n\t\t\t<\/div><\/figure><figure class='gallery-item'>\n\t\t\t<div class='gallery-icon landscape'>\n\t\t\t\t<a href='https:\/\/www.alqueria.es\/blogs\/alqueriaartistica\/2020\/02\/24\/semana-cultural-la-tierra-2\/img_5360-3\/'><img decoding=\"async\" width=\"474\" height=\"356\" src=\"https:\/\/cloud.alqueria.es\/wp-content\/uploads\/sites\/12\/2020\/02\/IMG_5360.jpg\" class=\"attachment-large size-large\" alt=\"\" srcset=\"https:\/\/cloud.alqueria.es\/wp-content\/uploads\/sites\/12\/2020\/02\/IMG_5360.jpg 1024w, https:\/\/cloud.alqueria.es\/wp-content\/uploads\/sites\/12\/2020\/02\/IMG_5360.jpg 300w, https:\/\/cloud.alqueria.es\/wp-content\/uploads\/sites\/12\/2020\/02\/IMG_5360.jpg 768w\" sizes=\"(max-width: 474px) 100vw, 474px\" data-attachment-id=\"29970\" data-permalink=\"https:\/\/www.alqueria.es\/blogs\/alqueriaartistica\/2020\/02\/24\/semana-cultural-la-tierra-2\/img_5360-3\/\" data-orig-file=\"https:\/\/cloud.alqueria.es\/wp-content\/uploads\/sites\/12\/2020\/02\/IMG_5360.jpg\" data-orig-size=\"1024,768\" data-comments-opened=\"1\" data-image-meta=\"{&quot;aperture&quot;:&quot;2.7&quot;,&quot;credit&quot;:&quot;&quot;,&quot;camera&quot;:&quot;Canon IXUS 125 HS&quot;,&quot;caption&quot;:&quot;&quot;,&quot;created_timestamp&quot;:&quot;1582557588&quot;,&quot;copyright&quot;:&quot;&quot;,&quot;focal_length&quot;:&quot;4.3&quot;,&quot;iso&quot;:&quot;100&quot;,&quot;shutter_speed&quot;:&quot;0.025&quot;,&quot;title&quot;:&quot;&quot;,&quot;orientation&quot;:&quot;1&quot;}\" data-image-title=\"IMG_5360\" data-image-description=\"\" data-image-caption=\"\" data-large-file=\"https:\/\/cloud.alqueria.es\/wp-content\/uploads\/sites\/12\/2020\/02\/IMG_5360-1024x768.jpg\" \/><\/a>\n\t\t\t<\/div><\/figure><figure class='gallery-item'>\n\t\t\t<div class='gallery-icon landscape'>\n\t\t\t\t<a href='https:\/\/www.alqueria.es\/blogs\/alqueriaartistica\/2020\/02\/24\/semana-cultural-la-tierra-2\/img_5359-2\/'><img decoding=\"async\" width=\"474\" height=\"356\" src=\"https:\/\/cloud.alqueria.es\/wp-content\/uploads\/sites\/12\/2020\/02\/IMG_5359.jpg\" class=\"attachment-large size-large\" alt=\"\" srcset=\"https:\/\/cloud.alqueria.es\/wp-content\/uploads\/sites\/12\/2020\/02\/IMG_5359.jpg 1024w, https:\/\/cloud.alqueria.es\/wp-content\/uploads\/sites\/12\/2020\/02\/IMG_5359.jpg 300w, https:\/\/cloud.alqueria.es\/wp-content\/uploads\/sites\/12\/2020\/02\/IMG_5359.jpg 768w\" sizes=\"(max-width: 474px) 100vw, 474px\" data-attachment-id=\"29971\" data-permalink=\"https:\/\/www.alqueria.es\/blogs\/alqueriaartistica\/2020\/02\/24\/semana-cultural-la-tierra-2\/img_5359-2\/\" data-orig-file=\"https:\/\/cloud.alqueria.es\/wp-content\/uploads\/sites\/12\/2020\/02\/IMG_5359.jpg\" data-orig-size=\"1024,768\" data-comments-opened=\"1\" data-image-meta=\"{&quot;aperture&quot;:&quot;2.7&quot;,&quot;credit&quot;:&quot;&quot;,&quot;camera&quot;:&quot;Canon IXUS 125 HS&quot;,&quot;caption&quot;:&quot;&quot;,&quot;created_timestamp&quot;:&quot;1582557567&quot;,&quot;copyright&quot;:&quot;&quot;,&quot;focal_length&quot;:&quot;4.3&quot;,&quot;iso&quot;:&quot;400&quot;,&quot;shutter_speed&quot;:&quot;0.00625&quot;,&quot;title&quot;:&quot;&quot;,&quot;orientation&quot;:&quot;1&quot;}\" data-image-title=\"IMG_5359\" data-image-description=\"\" data-image-caption=\"\" data-large-file=\"https:\/\/cloud.alqueria.es\/wp-content\/uploads\/sites\/12\/2020\/02\/IMG_5359-1024x768.jpg\" \/><\/a>\n\t\t\t<\/div><\/figure><figure class='gallery-item'>\n\t\t\t<div class='gallery-icon landscape'>\n\t\t\t\t<a href='https:\/\/www.alqueria.es\/blogs\/alqueriaartistica\/2020\/02\/24\/semana-cultural-la-tierra-2\/img_5358-2\/'><img decoding=\"async\" width=\"474\" height=\"356\" src=\"https:\/\/cloud.alqueria.es\/wp-content\/uploads\/sites\/12\/2020\/02\/IMG_5358.jpg\" class=\"attachment-large size-large\" alt=\"\" srcset=\"https:\/\/cloud.alqueria.es\/wp-content\/uploads\/sites\/12\/2020\/02\/IMG_5358.jpg 1024w, https:\/\/cloud.alqueria.es\/wp-content\/uploads\/sites\/12\/2020\/02\/IMG_5358.jpg 300w, https:\/\/cloud.alqueria.es\/wp-content\/uploads\/sites\/12\/2020\/02\/IMG_5358.jpg 768w\" sizes=\"(max-width: 474px) 100vw, 474px\" data-attachment-id=\"29972\" data-permalink=\"https:\/\/www.alqueria.es\/blogs\/alqueriaartistica\/2020\/02\/24\/semana-cultural-la-tierra-2\/img_5358-2\/\" data-orig-file=\"https:\/\/cloud.alqueria.es\/wp-content\/uploads\/sites\/12\/2020\/02\/IMG_5358.jpg\" data-orig-size=\"1024,768\" data-comments-opened=\"1\" data-image-meta=\"{&quot;aperture&quot;:&quot;2.7&quot;,&quot;credit&quot;:&quot;&quot;,&quot;camera&quot;:&quot;Canon IXUS 125 HS&quot;,&quot;caption&quot;:&quot;&quot;,&quot;created_timestamp&quot;:&quot;1582557562&quot;,&quot;copyright&quot;:&quot;&quot;,&quot;focal_length&quot;:&quot;4.3&quot;,&quot;iso&quot;:&quot;400&quot;,&quot;shutter_speed&quot;:&quot;0.005&quot;,&quot;title&quot;:&quot;&quot;,&quot;orientation&quot;:&quot;1&quot;}\" data-image-title=\"IMG_5358\" data-image-description=\"\" data-image-caption=\"\" data-large-file=\"https:\/\/cloud.alqueria.es\/wp-content\/uploads\/sites\/12\/2020\/02\/IMG_5358-1024x768.jpg\" \/><\/a>\n\t\t\t<\/div><\/figure><figure class='gallery-item'>\n\t\t\t<div class='gallery-icon landscape'>\n\t\t\t\t<a href='https:\/\/www.alqueria.es\/blogs\/alqueriaartistica\/2020\/02\/24\/semana-cultural-la-tierra-2\/img_5357-2\/'><img decoding=\"async\" width=\"474\" height=\"356\" src=\"https:\/\/cloud.alqueria.es\/wp-content\/uploads\/sites\/12\/2020\/02\/IMG_5357.jpg\" class=\"attachment-large size-large\" alt=\"\" srcset=\"https:\/\/cloud.alqueria.es\/wp-content\/uploads\/sites\/12\/2020\/02\/IMG_5357.jpg 1024w, https:\/\/cloud.alqueria.es\/wp-content\/uploads\/sites\/12\/2020\/02\/IMG_5357.jpg 300w, https:\/\/cloud.alqueria.es\/wp-content\/uploads\/sites\/12\/2020\/02\/IMG_5357.jpg 768w\" sizes=\"(max-width: 474px) 100vw, 474px\" data-attachment-id=\"29973\" data-permalink=\"https:\/\/www.alqueria.es\/blogs\/alqueriaartistica\/2020\/02\/24\/semana-cultural-la-tierra-2\/img_5357-2\/\" data-orig-file=\"https:\/\/cloud.alqueria.es\/wp-content\/uploads\/sites\/12\/2020\/02\/IMG_5357.jpg\" data-orig-size=\"1024,768\" data-comments-opened=\"1\" data-image-meta=\"{&quot;aperture&quot;:&quot;2.7&quot;,&quot;credit&quot;:&quot;&quot;,&quot;camera&quot;:&quot;Canon IXUS 125 HS&quot;,&quot;caption&quot;:&quot;&quot;,&quot;created_timestamp&quot;:&quot;1582557557&quot;,&quot;copyright&quot;:&quot;&quot;,&quot;focal_length&quot;:&quot;4.3&quot;,&quot;iso&quot;:&quot;400&quot;,&quot;shutter_speed&quot;:&quot;0.005&quot;,&quot;title&quot;:&quot;&quot;,&quot;orientation&quot;:&quot;1&quot;}\" data-image-title=\"IMG_5357\" data-image-description=\"\" data-image-caption=\"\" data-large-file=\"https:\/\/cloud.alqueria.es\/wp-content\/uploads\/sites\/12\/2020\/02\/IMG_5357-1024x768.jpg\" \/><\/a>\n\t\t\t<\/div><\/figure><figure class='gallery-item'>\n\t\t\t<div class='gallery-icon landscape'>\n\t\t\t\t<a href='https:\/\/www.alqueria.es\/blogs\/alqueriaartistica\/2020\/02\/24\/semana-cultural-la-tierra-2\/img_5356\/'><img decoding=\"async\" width=\"474\" height=\"356\" src=\"https:\/\/cloud.alqueria.es\/wp-content\/uploads\/sites\/12\/2020\/02\/IMG_5356.jpg\" class=\"attachment-large size-large\" alt=\"\" srcset=\"https:\/\/cloud.alqueria.es\/wp-content\/uploads\/sites\/12\/2020\/02\/IMG_5356.jpg 1024w, https:\/\/cloud.alqueria.es\/wp-content\/uploads\/sites\/12\/2020\/02\/IMG_5356.jpg 300w, https:\/\/cloud.alqueria.es\/wp-content\/uploads\/sites\/12\/2020\/02\/IMG_5356.jpg 768w\" sizes=\"(max-width: 474px) 100vw, 474px\" data-attachment-id=\"29974\" data-permalink=\"https:\/\/www.alqueria.es\/blogs\/alqueriaartistica\/2020\/02\/24\/semana-cultural-la-tierra-2\/img_5356\/\" data-orig-file=\"https:\/\/cloud.alqueria.es\/wp-content\/uploads\/sites\/12\/2020\/02\/IMG_5356.jpg\" data-orig-size=\"1024,768\" data-comments-opened=\"1\" data-image-meta=\"{&quot;aperture&quot;:&quot;2.7&quot;,&quot;credit&quot;:&quot;&quot;,&quot;camera&quot;:&quot;Canon IXUS 125 HS&quot;,&quot;caption&quot;:&quot;&quot;,&quot;created_timestamp&quot;:&quot;1582557553&quot;,&quot;copyright&quot;:&quot;&quot;,&quot;focal_length&quot;:&quot;4.3&quot;,&quot;iso&quot;:&quot;400&quot;,&quot;shutter_speed&quot;:&quot;0.00625&quot;,&quot;title&quot;:&quot;&quot;,&quot;orientation&quot;:&quot;1&quot;}\" data-image-title=\"IMG_5356\" data-image-description=\"\" data-image-caption=\"\" data-large-file=\"https:\/\/cloud.alqueria.es\/wp-content\/uploads\/sites\/12\/2020\/02\/IMG_5356-1024x768.jpg\" \/><\/a>\n\t\t\t<\/div><\/figure><figure class='gallery-item'>\n\t\t\t<div class='gallery-icon landscape'>\n\t\t\t\t<a href='https:\/\/www.alqueria.es\/blogs\/alqueriaartistica\/2020\/02\/24\/semana-cultural-la-tierra-2\/img_5355-2\/'><img decoding=\"async\" width=\"474\" height=\"356\" src=\"https:\/\/cloud.alqueria.es\/wp-content\/uploads\/sites\/12\/2020\/02\/IMG_5355.jpg\" class=\"attachment-large size-large\" alt=\"\" srcset=\"https:\/\/cloud.alqueria.es\/wp-content\/uploads\/sites\/12\/2020\/02\/IMG_5355.jpg 1024w, https:\/\/cloud.alqueria.es\/wp-content\/uploads\/sites\/12\/2020\/02\/IMG_5355.jpg 300w, https:\/\/cloud.alqueria.es\/wp-content\/uploads\/sites\/12\/2020\/02\/IMG_5355.jpg 768w\" sizes=\"(max-width: 474px) 100vw, 474px\" data-attachment-id=\"29975\" data-permalink=\"https:\/\/www.alqueria.es\/blogs\/alqueriaartistica\/2020\/02\/24\/semana-cultural-la-tierra-2\/img_5355-2\/\" data-orig-file=\"https:\/\/cloud.alqueria.es\/wp-content\/uploads\/sites\/12\/2020\/02\/IMG_5355.jpg\" data-orig-size=\"1024,768\" data-comments-opened=\"1\" data-image-meta=\"{&quot;aperture&quot;:&quot;2.7&quot;,&quot;credit&quot;:&quot;&quot;,&quot;camera&quot;:&quot;Canon IXUS 125 HS&quot;,&quot;caption&quot;:&quot;&quot;,&quot;created_timestamp&quot;:&quot;1582557550&quot;,&quot;copyright&quot;:&quot;&quot;,&quot;focal_length&quot;:&quot;4.3&quot;,&quot;iso&quot;:&quot;400&quot;,&quot;shutter_speed&quot;:&quot;0.00625&quot;,&quot;title&quot;:&quot;&quot;,&quot;orientation&quot;:&quot;1&quot;}\" data-image-title=\"IMG_5355\" data-image-description=\"\" data-image-caption=\"\" data-large-file=\"https:\/\/cloud.alqueria.es\/wp-content\/uploads\/sites\/12\/2020\/02\/IMG_5355-1024x768.jpg\" \/><\/a>\n\t\t\t<\/div><\/figure><figure class='gallery-item'>\n\t\t\t<div class='gallery-icon landscape'>\n\t\t\t\t<a href='https:\/\/www.alqueria.es\/blogs\/alqueriaartistica\/2020\/02\/24\/semana-cultural-la-tierra-2\/img_5354-2\/'><img decoding=\"async\" width=\"474\" height=\"356\" src=\"https:\/\/cloud.alqueria.es\/wp-content\/uploads\/sites\/12\/2020\/02\/IMG_5354.jpg\" class=\"attachment-large size-large\" alt=\"\" srcset=\"https:\/\/cloud.alqueria.es\/wp-content\/uploads\/sites\/12\/2020\/02\/IMG_5354.jpg 1024w, https:\/\/cloud.alqueria.es\/wp-content\/uploads\/sites\/12\/2020\/02\/IMG_5354.jpg 300w, https:\/\/cloud.alqueria.es\/wp-content\/uploads\/sites\/12\/2020\/02\/IMG_5354.jpg 768w\" sizes=\"(max-width: 474px) 100vw, 474px\" data-attachment-id=\"29976\" data-permalink=\"https:\/\/www.alqueria.es\/blogs\/alqueriaartistica\/2020\/02\/24\/semana-cultural-la-tierra-2\/img_5354-2\/\" data-orig-file=\"https:\/\/cloud.alqueria.es\/wp-content\/uploads\/sites\/12\/2020\/02\/IMG_5354.jpg\" data-orig-size=\"1024,768\" data-comments-opened=\"1\" data-image-meta=\"{&quot;aperture&quot;:&quot;2.7&quot;,&quot;credit&quot;:&quot;&quot;,&quot;camera&quot;:&quot;Canon IXUS 125 HS&quot;,&quot;caption&quot;:&quot;&quot;,&quot;created_timestamp&quot;:&quot;1582557546&quot;,&quot;copyright&quot;:&quot;&quot;,&quot;focal_length&quot;:&quot;4.3&quot;,&quot;iso&quot;:&quot;400&quot;,&quot;shutter_speed&quot;:&quot;0.00625&quot;,&quot;title&quot;:&quot;&quot;,&quot;orientation&quot;:&quot;1&quot;}\" data-image-title=\"IMG_5354\" data-image-description=\"\" data-image-caption=\"\" data-large-file=\"https:\/\/cloud.alqueria.es\/wp-content\/uploads\/sites\/12\/2020\/02\/IMG_5354-1024x768.jpg\" \/><\/a>\n\t\t\t<\/div><\/figure><figure class='gallery-item'>\n\t\t\t<div class='gallery-icon landscape'>\n\t\t\t\t<a href='https:\/\/www.alqueria.es\/blogs\/alqueriaartistica\/2020\/02\/24\/semana-cultural-la-tierra-2\/img_5353-3\/'><img decoding=\"async\" width=\"474\" height=\"356\" src=\"https:\/\/cloud.alqueria.es\/wp-content\/uploads\/sites\/12\/2020\/02\/IMG_5353.jpg\" class=\"attachment-large size-large\" alt=\"\" srcset=\"https:\/\/cloud.alqueria.es\/wp-content\/uploads\/sites\/12\/2020\/02\/IMG_5353.jpg 1024w, https:\/\/cloud.alqueria.es\/wp-content\/uploads\/sites\/12\/2020\/02\/IMG_5353.jpg 300w, https:\/\/cloud.alqueria.es\/wp-content\/uploads\/sites\/12\/2020\/02\/IMG_5353.jpg 768w\" sizes=\"(max-width: 474px) 100vw, 474px\" data-attachment-id=\"29977\" data-permalink=\"https:\/\/www.alqueria.es\/blogs\/alqueriaartistica\/2020\/02\/24\/semana-cultural-la-tierra-2\/img_5353-3\/\" data-orig-file=\"https:\/\/cloud.alqueria.es\/wp-content\/uploads\/sites\/12\/2020\/02\/IMG_5353.jpg\" data-orig-size=\"1024,768\" data-comments-opened=\"1\" data-image-meta=\"{&quot;aperture&quot;:&quot;2.7&quot;,&quot;credit&quot;:&quot;&quot;,&quot;camera&quot;:&quot;Canon IXUS 125 HS&quot;,&quot;caption&quot;:&quot;&quot;,&quot;created_timestamp&quot;:&quot;1582557540&quot;,&quot;copyright&quot;:&quot;&quot;,&quot;focal_length&quot;:&quot;4.3&quot;,&quot;iso&quot;:&quot;400&quot;,&quot;shutter_speed&quot;:&quot;0.008&quot;,&quot;title&quot;:&quot;&quot;,&quot;orientation&quot;:&quot;1&quot;}\" data-image-title=\"IMG_5353\" data-image-description=\"\" data-image-caption=\"\" data-large-file=\"https:\/\/cloud.alqueria.es\/wp-content\/uploads\/sites\/12\/2020\/02\/IMG_5353-1024x768.jpg\" \/><\/a>\n\t\t\t<\/div><\/figure><figure class='gallery-item'>\n\t\t\t<div class='gallery-icon landscape'>\n\t\t\t\t<a href='https:\/\/www.alqueria.es\/blogs\/alqueriaartistica\/2020\/02\/24\/semana-cultural-la-tierra-2\/img_5351-2\/'><img decoding=\"async\" width=\"474\" height=\"356\" src=\"https:\/\/cloud.alqueria.es\/wp-content\/uploads\/sites\/12\/2020\/02\/IMG_5351.jpg\" class=\"attachment-large size-large\" alt=\"\" srcset=\"https:\/\/cloud.alqueria.es\/wp-content\/uploads\/sites\/12\/2020\/02\/IMG_5351.jpg 1024w, https:\/\/cloud.alqueria.es\/wp-content\/uploads\/sites\/12\/2020\/02\/IMG_5351.jpg 300w, https:\/\/cloud.alqueria.es\/wp-content\/uploads\/sites\/12\/2020\/02\/IMG_5351.jpg 768w\" sizes=\"(max-width: 474px) 100vw, 474px\" data-attachment-id=\"29979\" data-permalink=\"https:\/\/www.alqueria.es\/blogs\/alqueriaartistica\/2020\/02\/24\/semana-cultural-la-tierra-2\/img_5351-2\/\" data-orig-file=\"https:\/\/cloud.alqueria.es\/wp-content\/uploads\/sites\/12\/2020\/02\/IMG_5351.jpg\" data-orig-size=\"1024,768\" data-comments-opened=\"1\" data-image-meta=\"{&quot;aperture&quot;:&quot;2.7&quot;,&quot;credit&quot;:&quot;&quot;,&quot;camera&quot;:&quot;Canon IXUS 125 HS&quot;,&quot;caption&quot;:&quot;&quot;,&quot;created_timestamp&quot;:&quot;1582557533&quot;,&quot;copyright&quot;:&quot;&quot;,&quot;focal_length&quot;:&quot;4.3&quot;,&quot;iso&quot;:&quot;400&quot;,&quot;shutter_speed&quot;:&quot;0.00625&quot;,&quot;title&quot;:&quot;&quot;,&quot;orientation&quot;:&quot;1&quot;}\" data-image-title=\"IMG_5351\" data-image-description=\"\" data-image-caption=\"\" data-large-file=\"https:\/\/cloud.alqueria.es\/wp-content\/uploads\/sites\/12\/2020\/02\/IMG_5351-1024x768.jpg\" \/><\/a>\n\t\t\t<\/div><\/figure><figure class='gallery-item'>\n\t\t\t<div class='gallery-icon landscape'>\n\t\t\t\t<a href='https:\/\/www.alqueria.es\/blogs\/alqueriaartistica\/2020\/02\/24\/semana-cultural-la-tierra-2\/img_5350-4\/'><img decoding=\"async\" width=\"474\" height=\"356\" src=\"https:\/\/cloud.alqueria.es\/wp-content\/uploads\/sites\/12\/2020\/02\/IMG_5350.jpg\" class=\"attachment-large size-large\" alt=\"\" srcset=\"https:\/\/cloud.alqueria.es\/wp-content\/uploads\/sites\/12\/2020\/02\/IMG_5350.jpg 1024w, https:\/\/cloud.alqueria.es\/wp-content\/uploads\/sites\/12\/2020\/02\/IMG_5350.jpg 300w, https:\/\/cloud.alqueria.es\/wp-content\/uploads\/sites\/12\/2020\/02\/IMG_5350.jpg 768w\" sizes=\"(max-width: 474px) 100vw, 474px\" data-attachment-id=\"29980\" data-permalink=\"https:\/\/www.alqueria.es\/blogs\/alqueriaartistica\/2020\/02\/24\/semana-cultural-la-tierra-2\/img_5350-4\/\" data-orig-file=\"https:\/\/cloud.alqueria.es\/wp-content\/uploads\/sites\/12\/2020\/02\/IMG_5350.jpg\" data-orig-size=\"1024,768\" data-comments-opened=\"1\" data-image-meta=\"{&quot;aperture&quot;:&quot;2.7&quot;,&quot;credit&quot;:&quot;&quot;,&quot;camera&quot;:&quot;Canon IXUS 125 HS&quot;,&quot;caption&quot;:&quot;&quot;,&quot;created_timestamp&quot;:&quot;1582557530&quot;,&quot;copyright&quot;:&quot;&quot;,&quot;focal_length&quot;:&quot;4.3&quot;,&quot;iso&quot;:&quot;400&quot;,&quot;shutter_speed&quot;:&quot;0.005&quot;,&quot;title&quot;:&quot;&quot;,&quot;orientation&quot;:&quot;1&quot;}\" data-image-title=\"IMG_5350\" data-image-description=\"\" data-image-caption=\"\" data-large-file=\"https:\/\/cloud.alqueria.es\/wp-content\/uploads\/sites\/12\/2020\/02\/IMG_5350-1024x768.jpg\" \/><\/a>\n\t\t\t<\/div><\/figure><figure class='gallery-item'>\n\t\t\t<div class='gallery-icon landscape'>\n\t\t\t\t<a href='https:\/\/www.alqueria.es\/blogs\/alqueriaartistica\/2020\/02\/24\/semana-cultural-la-tierra-2\/img_5349\/'><img decoding=\"async\" width=\"474\" height=\"356\" src=\"https:\/\/cloud.alqueria.es\/wp-content\/uploads\/sites\/12\/2020\/02\/IMG_5349.jpg\" class=\"attachment-large size-large\" alt=\"\" srcset=\"https:\/\/cloud.alqueria.es\/wp-content\/uploads\/sites\/12\/2020\/02\/IMG_5349.jpg 1024w, https:\/\/cloud.alqueria.es\/wp-content\/uploads\/sites\/12\/2020\/02\/IMG_5349.jpg 300w, https:\/\/cloud.alqueria.es\/wp-content\/uploads\/sites\/12\/2020\/02\/IMG_5349.jpg 768w\" sizes=\"(max-width: 474px) 100vw, 474px\" data-attachment-id=\"29981\" data-permalink=\"https:\/\/www.alqueria.es\/blogs\/alqueriaartistica\/2020\/02\/24\/semana-cultural-la-tierra-2\/img_5349\/\" data-orig-file=\"https:\/\/cloud.alqueria.es\/wp-content\/uploads\/sites\/12\/2020\/02\/IMG_5349.jpg\" data-orig-size=\"1024,768\" data-comments-opened=\"1\" data-image-meta=\"{&quot;aperture&quot;:&quot;2.7&quot;,&quot;credit&quot;:&quot;&quot;,&quot;camera&quot;:&quot;Canon IXUS 125 HS&quot;,&quot;caption&quot;:&quot;&quot;,&quot;created_timestamp&quot;:&quot;1582557526&quot;,&quot;copyright&quot;:&quot;&quot;,&quot;focal_length&quot;:&quot;4.3&quot;,&quot;iso&quot;:&quot;400&quot;,&quot;shutter_speed&quot;:&quot;0.004&quot;,&quot;title&quot;:&quot;&quot;,&quot;orientation&quot;:&quot;1&quot;}\" data-image-title=\"IMG_5349\" data-image-description=\"\" data-image-caption=\"\" data-large-file=\"https:\/\/cloud.alqueria.es\/wp-content\/uploads\/sites\/12\/2020\/02\/IMG_5349-1024x768.jpg\" \/><\/a>\n\t\t\t<\/div><\/figure><figure class='gallery-item'>\n\t\t\t<div class='gallery-icon landscape'>\n\t\t\t\t<a href='https:\/\/www.alqueria.es\/blogs\/alqueriaartistica\/2020\/02\/24\/semana-cultural-la-tierra-2\/img_5348-2\/'><img decoding=\"async\" width=\"474\" height=\"356\" src=\"https:\/\/cloud.alqueria.es\/wp-content\/uploads\/sites\/12\/2020\/02\/IMG_5348.jpg\" class=\"attachment-large size-large\" alt=\"\" srcset=\"https:\/\/cloud.alqueria.es\/wp-content\/uploads\/sites\/12\/2020\/02\/IMG_5348.jpg 1024w, https:\/\/cloud.alqueria.es\/wp-content\/uploads\/sites\/12\/2020\/02\/IMG_5348.jpg 300w, https:\/\/cloud.alqueria.es\/wp-content\/uploads\/sites\/12\/2020\/02\/IMG_5348.jpg 768w\" sizes=\"(max-width: 474px) 100vw, 474px\" data-attachment-id=\"29982\" data-permalink=\"https:\/\/www.alqueria.es\/blogs\/alqueriaartistica\/2020\/02\/24\/semana-cultural-la-tierra-2\/img_5348-2\/\" data-orig-file=\"https:\/\/cloud.alqueria.es\/wp-content\/uploads\/sites\/12\/2020\/02\/IMG_5348.jpg\" data-orig-size=\"1024,768\" data-comments-opened=\"1\" data-image-meta=\"{&quot;aperture&quot;:&quot;2.7&quot;,&quot;credit&quot;:&quot;&quot;,&quot;camera&quot;:&quot;Canon IXUS 125 HS&quot;,&quot;caption&quot;:&quot;&quot;,&quot;created_timestamp&quot;:&quot;1582557523&quot;,&quot;copyright&quot;:&quot;&quot;,&quot;focal_length&quot;:&quot;4.3&quot;,&quot;iso&quot;:&quot;400&quot;,&quot;shutter_speed&quot;:&quot;0.005&quot;,&quot;title&quot;:&quot;&quot;,&quot;orientation&quot;:&quot;1&quot;}\" data-image-title=\"IMG_5348\" data-image-description=\"\" data-image-caption=\"\" data-large-file=\"https:\/\/cloud.alqueria.es\/wp-content\/uploads\/sites\/12\/2020\/02\/IMG_5348-1024x768.jpg\" \/><\/a>\n\t\t\t<\/div><\/figure><figure class='gallery-item'>\n\t\t\t<div class='gallery-icon landscape'>\n\t\t\t\t<a href='https:\/\/www.alqueria.es\/blogs\/alqueriaartistica\/2020\/02\/24\/semana-cultural-la-tierra-2\/img_5347\/'><img decoding=\"async\" width=\"474\" height=\"356\" src=\"https:\/\/cloud.alqueria.es\/wp-content\/uploads\/sites\/12\/2020\/02\/IMG_5347.jpg\" class=\"attachment-large size-large\" alt=\"\" srcset=\"https:\/\/cloud.alqueria.es\/wp-content\/uploads\/sites\/12\/2020\/02\/IMG_5347.jpg 1024w, https:\/\/cloud.alqueria.es\/wp-content\/uploads\/sites\/12\/2020\/02\/IMG_5347.jpg 300w, https:\/\/cloud.alqueria.es\/wp-content\/uploads\/sites\/12\/2020\/02\/IMG_5347.jpg 768w\" sizes=\"(max-width: 474px) 100vw, 474px\" data-attachment-id=\"29983\" data-permalink=\"https:\/\/www.alqueria.es\/blogs\/alqueriaartistica\/2020\/02\/24\/semana-cultural-la-tierra-2\/img_5347\/\" data-orig-file=\"https:\/\/cloud.alqueria.es\/wp-content\/uploads\/sites\/12\/2020\/02\/IMG_5347.jpg\" data-orig-size=\"1024,768\" data-comments-opened=\"1\" data-image-meta=\"{&quot;aperture&quot;:&quot;2.7&quot;,&quot;credit&quot;:&quot;&quot;,&quot;camera&quot;:&quot;Canon IXUS 125 HS&quot;,&quot;caption&quot;:&quot;&quot;,&quot;created_timestamp&quot;:&quot;1582557519&quot;,&quot;copyright&quot;:&quot;&quot;,&quot;focal_length&quot;:&quot;4.3&quot;,&quot;iso&quot;:&quot;400&quot;,&quot;shutter_speed&quot;:&quot;0.005&quot;,&quot;title&quot;:&quot;&quot;,&quot;orientation&quot;:&quot;1&quot;}\" data-image-title=\"IMG_5347\" data-image-description=\"\" data-image-caption=\"\" data-large-file=\"https:\/\/cloud.alqueria.es\/wp-content\/uploads\/sites\/12\/2020\/02\/IMG_5347-1024x768.jpg\" \/><\/a>\n\t\t\t<\/div><\/figure><figure class='gallery-item'>\n\t\t\t<div class='gallery-icon landscape'>\n\t\t\t\t<a href='https:\/\/www.alqueria.es\/blogs\/alqueriaartistica\/2020\/02\/24\/semana-cultural-la-tierra-2\/img_5346-2\/'><img decoding=\"async\" width=\"474\" height=\"356\" src=\"https:\/\/cloud.alqueria.es\/wp-content\/uploads\/sites\/12\/2020\/02\/IMG_5346.jpg\" class=\"attachment-large size-large\" alt=\"\" srcset=\"https:\/\/cloud.alqueria.es\/wp-content\/uploads\/sites\/12\/2020\/02\/IMG_5346.jpg 1024w, https:\/\/cloud.alqueria.es\/wp-content\/uploads\/sites\/12\/2020\/02\/IMG_5346.jpg 300w, https:\/\/cloud.alqueria.es\/wp-content\/uploads\/sites\/12\/2020\/02\/IMG_5346.jpg 768w\" sizes=\"(max-width: 474px) 100vw, 474px\" data-attachment-id=\"29984\" data-permalink=\"https:\/\/www.alqueria.es\/blogs\/alqueriaartistica\/2020\/02\/24\/semana-cultural-la-tierra-2\/img_5346-2\/\" data-orig-file=\"https:\/\/cloud.alqueria.es\/wp-content\/uploads\/sites\/12\/2020\/02\/IMG_5346.jpg\" data-orig-size=\"1024,768\" data-comments-opened=\"1\" data-image-meta=\"{&quot;aperture&quot;:&quot;2.7&quot;,&quot;credit&quot;:&quot;&quot;,&quot;camera&quot;:&quot;Canon IXUS 125 HS&quot;,&quot;caption&quot;:&quot;&quot;,&quot;created_timestamp&quot;:&quot;1582557516&quot;,&quot;copyright&quot;:&quot;&quot;,&quot;focal_length&quot;:&quot;4.3&quot;,&quot;iso&quot;:&quot;400&quot;,&quot;shutter_speed&quot;:&quot;0.005&quot;,&quot;title&quot;:&quot;&quot;,&quot;orientation&quot;:&quot;1&quot;}\" data-image-title=\"IMG_5346\" data-image-description=\"\" data-image-caption=\"\" data-large-file=\"https:\/\/cloud.alqueria.es\/wp-content\/uploads\/sites\/12\/2020\/02\/IMG_5346-1024x768.jpg\" \/><\/a>\n\t\t\t<\/div><\/figure><figure class='gallery-item'>\n\t\t\t<div class='gallery-icon landscape'>\n\t\t\t\t<a href='https:\/\/www.alqueria.es\/blogs\/alqueriaartistica\/2020\/02\/24\/semana-cultural-la-tierra-2\/img_5345-2\/'><img decoding=\"async\" width=\"474\" height=\"356\" src=\"https:\/\/cloud.alqueria.es\/wp-content\/uploads\/sites\/12\/2020\/02\/IMG_5345.jpg\" class=\"attachment-large size-large\" alt=\"\" srcset=\"https:\/\/cloud.alqueria.es\/wp-content\/uploads\/sites\/12\/2020\/02\/IMG_5345.jpg 1024w, https:\/\/cloud.alqueria.es\/wp-content\/uploads\/sites\/12\/2020\/02\/IMG_5345.jpg 300w, https:\/\/cloud.alqueria.es\/wp-content\/uploads\/sites\/12\/2020\/02\/IMG_5345.jpg 768w\" sizes=\"(max-width: 474px) 100vw, 474px\" data-attachment-id=\"29985\" data-permalink=\"https:\/\/www.alqueria.es\/blogs\/alqueriaartistica\/2020\/02\/24\/semana-cultural-la-tierra-2\/img_5345-2\/\" data-orig-file=\"https:\/\/cloud.alqueria.es\/wp-content\/uploads\/sites\/12\/2020\/02\/IMG_5345.jpg\" data-orig-size=\"1024,768\" data-comments-opened=\"1\" data-image-meta=\"{&quot;aperture&quot;:&quot;2.7&quot;,&quot;credit&quot;:&quot;&quot;,&quot;camera&quot;:&quot;Canon IXUS 125 HS&quot;,&quot;caption&quot;:&quot;&quot;,&quot;created_timestamp&quot;:&quot;1582557511&quot;,&quot;copyright&quot;:&quot;&quot;,&quot;focal_length&quot;:&quot;4.3&quot;,&quot;iso&quot;:&quot;400&quot;,&quot;shutter_speed&quot;:&quot;0.00625&quot;,&quot;title&quot;:&quot;&quot;,&quot;orientation&quot;:&quot;1&quot;}\" data-image-title=\"IMG_5345\" data-image-description=\"\" data-image-caption=\"\" data-large-file=\"https:\/\/cloud.alqueria.es\/wp-content\/uploads\/sites\/12\/2020\/02\/IMG_5345-1024x768.jpg\" \/><\/a>\n\t\t\t<\/div><\/figure><figure class='gallery-item'>\n\t\t\t<div class='gallery-icon landscape'>\n\t\t\t\t<a href='https:\/\/www.alqueria.es\/blogs\/alqueriaartistica\/2020\/02\/24\/semana-cultural-la-tierra-2\/img_5352-3\/'><img decoding=\"async\" width=\"474\" height=\"356\" src=\"https:\/\/cloud.alqueria.es\/wp-content\/uploads\/sites\/12\/2020\/02\/IMG_5352.jpg\" class=\"attachment-large size-large\" alt=\"\" srcset=\"https:\/\/cloud.alqueria.es\/wp-content\/uploads\/sites\/12\/2020\/02\/IMG_5352.jpg 1024w, https:\/\/cloud.alqueria.es\/wp-content\/uploads\/sites\/12\/2020\/02\/IMG_5352.jpg 300w, https:\/\/cloud.alqueria.es\/wp-content\/uploads\/sites\/12\/2020\/02\/IMG_5352.jpg 768w\" sizes=\"(max-width: 474px) 100vw, 474px\" data-attachment-id=\"29978\" data-permalink=\"https:\/\/www.alqueria.es\/blogs\/alqueriaartistica\/2020\/02\/24\/semana-cultural-la-tierra-2\/img_5352-3\/\" data-orig-file=\"https:\/\/cloud.alqueria.es\/wp-content\/uploads\/sites\/12\/2020\/02\/IMG_5352.jpg\" data-orig-size=\"1024,768\" data-comments-opened=\"1\" data-image-meta=\"{&quot;aperture&quot;:&quot;2.7&quot;,&quot;credit&quot;:&quot;&quot;,&quot;camera&quot;:&quot;Canon IXUS 125 HS&quot;,&quot;caption&quot;:&quot;&quot;,&quot;created_timestamp&quot;:&quot;1582557536&quot;,&quot;copyright&quot;:&quot;&quot;,&quot;focal_length&quot;:&quot;4.3&quot;,&quot;iso&quot;:&quot;400&quot;,&quot;shutter_speed&quot;:&quot;0.008&quot;,&quot;title&quot;:&quot;&quot;,&quot;orientation&quot;:&quot;1&quot;}\" data-image-title=\"IMG_5352\" data-image-description=\"\" data-image-caption=\"\" data-large-file=\"https:\/\/cloud.alqueria.es\/wp-content\/uploads\/sites\/12\/2020\/02\/IMG_5352-1024x768.jpg\" \/><\/a>\n\t\t\t<\/div><\/figure><figure class='gallery-item'>\n\t\t\t<div class='gallery-icon portrait'>\n\t\t\t\t<a href='https:\/\/www.alqueria.es\/blogs\/alqueriaartistica\/2020\/02\/24\/semana-cultural-la-tierra-2\/img_5365-3\/'><img decoding=\"async\" width=\"474\" height=\"642\" src=\"https:\/\/cloud.alqueria.es\/wp-content\/uploads\/sites\/12\/2020\/02\/IMG_5365.jpg\" class=\"attachment-large size-large\" alt=\"\" srcset=\"https:\/\/cloud.alqueria.es\/wp-content\/uploads\/sites\/12\/2020\/02\/IMG_5365.jpg 756w, https:\/\/cloud.alqueria.es\/wp-content\/uploads\/sites\/12\/2020\/02\/IMG_5365.jpg 221w\" sizes=\"(max-width: 474px) 100vw, 474px\" data-attachment-id=\"29965\" data-permalink=\"https:\/\/www.alqueria.es\/blogs\/alqueriaartistica\/2020\/02\/24\/semana-cultural-la-tierra-2\/img_5365-3\/\" data-orig-file=\"https:\/\/cloud.alqueria.es\/wp-content\/uploads\/sites\/12\/2020\/02\/IMG_5365.jpg\" data-orig-size=\"756,1024\" data-comments-opened=\"1\" data-image-meta=\"{&quot;aperture&quot;:&quot;2.7&quot;,&quot;credit&quot;:&quot;&quot;,&quot;camera&quot;:&quot;Canon IXUS 125 HS&quot;,&quot;caption&quot;:&quot;&quot;,&quot;created_timestamp&quot;:&quot;1582557608&quot;,&quot;copyright&quot;:&quot;&quot;,&quot;focal_length&quot;:&quot;4.3&quot;,&quot;iso&quot;:&quot;100&quot;,&quot;shutter_speed&quot;:&quot;0.033333333333333&quot;,&quot;title&quot;:&quot;&quot;,&quot;orientation&quot;:&quot;1&quot;}\" data-image-title=\"IMG_5365\" data-image-description=\"\" data-image-caption=\"\" data-large-file=\"https:\/\/cloud.alqueria.es\/wp-content\/uploads\/sites\/12\/2020\/02\/IMG_5365-756x1024.jpg\" \/><\/a>\n\t\t\t<\/div><\/figure><figure class='gallery-item'>\n\t\t\t<div class='gallery-icon portrait'>\n\t\t\t\t<a href='https:\/\/www.alqueria.es\/blogs\/alqueriaartistica\/2020\/02\/24\/semana-cultural-la-tierra-2\/img_5366\/'><img decoding=\"async\" width=\"474\" height=\"722\" src=\"https:\/\/cloud.alqueria.es\/wp-content\/uploads\/sites\/12\/2020\/02\/IMG_5366.jpg\" class=\"attachment-large size-large\" alt=\"\" srcset=\"https:\/\/cloud.alqueria.es\/wp-content\/uploads\/sites\/12\/2020\/02\/IMG_5366.jpg 672w, https:\/\/cloud.alqueria.es\/wp-content\/uploads\/sites\/12\/2020\/02\/IMG_5366.jpg 197w\" sizes=\"(max-width: 474px) 100vw, 474px\" data-attachment-id=\"29964\" data-permalink=\"https:\/\/www.alqueria.es\/blogs\/alqueriaartistica\/2020\/02\/24\/semana-cultural-la-tierra-2\/img_5366\/\" data-orig-file=\"https:\/\/cloud.alqueria.es\/wp-content\/uploads\/sites\/12\/2020\/02\/IMG_5366.jpg\" data-orig-size=\"672,1024\" data-comments-opened=\"1\" data-image-meta=\"{&quot;aperture&quot;:&quot;2.7&quot;,&quot;credit&quot;:&quot;&quot;,&quot;camera&quot;:&quot;Canon IXUS 125 HS&quot;,&quot;caption&quot;:&quot;&quot;,&quot;created_timestamp&quot;:&quot;1582557611&quot;,&quot;copyright&quot;:&quot;&quot;,&quot;focal_length&quot;:&quot;4.3&quot;,&quot;iso&quot;:&quot;100&quot;,&quot;shutter_speed&quot;:&quot;0.033333333333333&quot;,&quot;title&quot;:&quot;&quot;,&quot;orientation&quot;:&quot;1&quot;}\" data-image-title=\"IMG_5366\" data-image-description=\"\" data-image-caption=\"\" data-large-file=\"https:\/\/cloud.alqueria.es\/wp-content\/uploads\/sites\/12\/2020\/02\/IMG_5366-672x1024.jpg\" \/><\/a>\n\t\t\t<\/div><\/figure><figure class='gallery-item'>\n\t\t\t<div class='gallery-icon portrait'>\n\t\t\t\t<a href='https:\/\/www.alqueria.es\/blogs\/alqueriaartistica\/2020\/02\/24\/semana-cultural-la-tierra-2\/img_5367-2\/'><img decoding=\"async\" width=\"474\" height=\"625\" src=\"https:\/\/cloud.alqueria.es\/wp-content\/uploads\/sites\/12\/2020\/02\/IMG_5367.jpg\" class=\"attachment-large size-large\" alt=\"\" srcset=\"https:\/\/cloud.alqueria.es\/wp-content\/uploads\/sites\/12\/2020\/02\/IMG_5367.jpg 777w, https:\/\/cloud.alqueria.es\/wp-content\/uploads\/sites\/12\/2020\/02\/IMG_5367.jpg 228w, https:\/\/cloud.alqueria.es\/wp-content\/uploads\/sites\/12\/2020\/02\/IMG_5367.jpg 768w\" sizes=\"(max-width: 474px) 100vw, 474px\" data-attachment-id=\"29963\" data-permalink=\"https:\/\/www.alqueria.es\/blogs\/alqueriaartistica\/2020\/02\/24\/semana-cultural-la-tierra-2\/img_5367-2\/\" data-orig-file=\"https:\/\/cloud.alqueria.es\/wp-content\/uploads\/sites\/12\/2020\/02\/IMG_5367.jpg\" data-orig-size=\"777,1024\" data-comments-opened=\"1\" data-image-meta=\"{&quot;aperture&quot;:&quot;2.7&quot;,&quot;credit&quot;:&quot;&quot;,&quot;camera&quot;:&quot;Canon IXUS 125 HS&quot;,&quot;caption&quot;:&quot;&quot;,&quot;created_timestamp&quot;:&quot;1582557615&quot;,&quot;copyright&quot;:&quot;&quot;,&quot;focal_length&quot;:&quot;4.3&quot;,&quot;iso&quot;:&quot;100&quot;,&quot;shutter_speed&quot;:&quot;0.02&quot;,&quot;title&quot;:&quot;&quot;,&quot;orientation&quot;:&quot;1&quot;}\" data-image-title=\"IMG_5367\" data-image-description=\"\" data-image-caption=\"\" data-large-file=\"https:\/\/cloud.alqueria.es\/wp-content\/uploads\/sites\/12\/2020\/02\/IMG_5367-777x1024.jpg\" \/><\/a>\n\t\t\t<\/div><\/figure><figure class='gallery-item'>\n\t\t\t<div class='gallery-icon portrait'>\n\t\t\t\t<a href='https:\/\/www.alqueria.es\/blogs\/alqueriaartistica\/2020\/02\/24\/semana-cultural-la-tierra-2\/img_5368-2\/'><img decoding=\"async\" width=\"474\" height=\"637\" src=\"https:\/\/cloud.alqueria.es\/wp-content\/uploads\/sites\/12\/2020\/02\/IMG_5368.jpg\" class=\"attachment-large size-large\" alt=\"\" srcset=\"https:\/\/cloud.alqueria.es\/wp-content\/uploads\/sites\/12\/2020\/02\/IMG_5368.jpg 762w, https:\/\/cloud.alqueria.es\/wp-content\/uploads\/sites\/12\/2020\/02\/IMG_5368.jpg 223w\" sizes=\"(max-width: 474px) 100vw, 474px\" data-attachment-id=\"29962\" data-permalink=\"https:\/\/www.alqueria.es\/blogs\/alqueriaartistica\/2020\/02\/24\/semana-cultural-la-tierra-2\/img_5368-2\/\" data-orig-file=\"https:\/\/cloud.alqueria.es\/wp-content\/uploads\/sites\/12\/2020\/02\/IMG_5368.jpg\" data-orig-size=\"762,1024\" data-comments-opened=\"1\" data-image-meta=\"{&quot;aperture&quot;:&quot;2.7&quot;,&quot;credit&quot;:&quot;&quot;,&quot;camera&quot;:&quot;Canon IXUS 125 HS&quot;,&quot;caption&quot;:&quot;&quot;,&quot;created_timestamp&quot;:&quot;1582557618&quot;,&quot;copyright&quot;:&quot;&quot;,&quot;focal_length&quot;:&quot;4.3&quot;,&quot;iso&quot;:&quot;100&quot;,&quot;shutter_speed&quot;:&quot;0.02&quot;,&quot;title&quot;:&quot;&quot;,&quot;orientation&quot;:&quot;1&quot;}\" data-image-title=\"IMG_5368\" data-image-description=\"\" data-image-caption=\"\" data-large-file=\"https:\/\/cloud.alqueria.es\/wp-content\/uploads\/sites\/12\/2020\/02\/IMG_5368-762x1024.jpg\" \/><\/a>\n\t\t\t<\/div><\/figure><figure class='gallery-item'>\n\t\t\t<div class='gallery-icon portrait'>\n\t\t\t\t<a href='https:\/\/www.alqueria.es\/blogs\/alqueriaartistica\/2020\/02\/24\/semana-cultural-la-tierra-2\/img_5369-2\/'><img decoding=\"async\" width=\"474\" height=\"632\" src=\"https:\/\/cloud.alqueria.es\/wp-content\/uploads\/sites\/12\/2020\/02\/IMG_5369.jpg\" class=\"attachment-large size-large\" alt=\"\" srcset=\"https:\/\/cloud.alqueria.es\/wp-content\/uploads\/sites\/12\/2020\/02\/IMG_5369.jpg 768w, https:\/\/cloud.alqueria.es\/wp-content\/uploads\/sites\/12\/2020\/02\/IMG_5369.jpg 225w\" sizes=\"(max-width: 474px) 100vw, 474px\" data-attachment-id=\"29961\" data-permalink=\"https:\/\/www.alqueria.es\/blogs\/alqueriaartistica\/2020\/02\/24\/semana-cultural-la-tierra-2\/img_5369-2\/\" data-orig-file=\"https:\/\/cloud.alqueria.es\/wp-content\/uploads\/sites\/12\/2020\/02\/IMG_5369.jpg\" data-orig-size=\"768,1024\" data-comments-opened=\"1\" data-image-meta=\"{&quot;aperture&quot;:&quot;2.7&quot;,&quot;credit&quot;:&quot;&quot;,&quot;camera&quot;:&quot;Canon IXUS 125 HS&quot;,&quot;caption&quot;:&quot;&quot;,&quot;created_timestamp&quot;:&quot;1582557622&quot;,&quot;copyright&quot;:&quot;&quot;,&quot;focal_length&quot;:&quot;4.3&quot;,&quot;iso&quot;:&quot;160&quot;,&quot;shutter_speed&quot;:&quot;0.033333333333333&quot;,&quot;title&quot;:&quot;&quot;,&quot;orientation&quot;:&quot;1&quot;}\" data-image-title=\"IMG_5369\" data-image-description=\"\" data-image-caption=\"\" data-large-file=\"https:\/\/cloud.alqueria.es\/wp-content\/uploads\/sites\/12\/2020\/02\/IMG_5369-768x1024.jpg\" \/><\/a>\n\t\t\t<\/div><\/figure>\n\t\t<\/div>\n\n<p>Para el coloreado, sugerimos poner en pr\u00e1ctica lo que hab\u00edamos aprendido en la sesi\u00f3n anterior con el carboncillo y la escala de grises. A\u00f1adimos otros tonos de colores para completar las escenas.<\/p>\n<div data-carousel-extra='{&quot;blog_id&quot;:12,&quot;permalink&quot;:&quot;https:\/\/www.alqueria.es\/blogs\/alqueriaartistica\/2020\/02\/24\/semana-cultural-la-tierra-2\/&quot;}' id='gallery-6' class='gallery galleryid-29767 gallery-columns-3 gallery-size-large'><figure class='gallery-item'>\n\t\t\t<div class='gallery-icon landscape'>\n\t\t\t\t<a href='https:\/\/www.alqueria.es\/blogs\/alqueriaartistica\/2020\/02\/24\/semana-cultural-la-tierra-2\/img_5130-5\/'><img decoding=\"async\" width=\"474\" height=\"356\" src=\"https:\/\/cloud.alqueria.es\/wp-content\/uploads\/sites\/12\/2020\/02\/IMG_5130.jpg\" class=\"attachment-large size-large\" alt=\"\" srcset=\"https:\/\/cloud.alqueria.es\/wp-content\/uploads\/sites\/12\/2020\/02\/IMG_5130.jpg 1024w, https:\/\/cloud.alqueria.es\/wp-content\/uploads\/sites\/12\/2020\/02\/IMG_5130.jpg 300w, https:\/\/cloud.alqueria.es\/wp-content\/uploads\/sites\/12\/2020\/02\/IMG_5130.jpg 768w\" sizes=\"(max-width: 474px) 100vw, 474px\" data-attachment-id=\"29803\" data-permalink=\"https:\/\/www.alqueria.es\/blogs\/alqueriaartistica\/2020\/02\/24\/semana-cultural-la-tierra-2\/img_5130-5\/\" data-orig-file=\"https:\/\/cloud.alqueria.es\/wp-content\/uploads\/sites\/12\/2020\/02\/IMG_5130.jpg\" data-orig-size=\"1024,768\" data-comments-opened=\"1\" data-image-meta=\"{&quot;aperture&quot;:&quot;2.7&quot;,&quot;credit&quot;:&quot;&quot;,&quot;camera&quot;:&quot;Canon IXUS 125 HS&quot;,&quot;caption&quot;:&quot;&quot;,&quot;created_timestamp&quot;:&quot;1580490638&quot;,&quot;copyright&quot;:&quot;&quot;,&quot;focal_length&quot;:&quot;4.3&quot;,&quot;iso&quot;:&quot;125&quot;,&quot;shutter_speed&quot;:&quot;0.033333333333333&quot;,&quot;title&quot;:&quot;&quot;,&quot;orientation&quot;:&quot;1&quot;}\" data-image-title=\"IMG_5130\" data-image-description=\"\" data-image-caption=\"\" data-large-file=\"https:\/\/cloud.alqueria.es\/wp-content\/uploads\/sites\/12\/2020\/02\/IMG_5130-1024x768.jpg\" \/><\/a>\n\t\t\t<\/div><\/figure><figure class='gallery-item'>\n\t\t\t<div class='gallery-icon portrait'>\n\t\t\t\t<a href='https:\/\/www.alqueria.es\/blogs\/alqueriaartistica\/2020\/02\/24\/semana-cultural-la-tierra-2\/img_5137-3\/'><img decoding=\"async\" width=\"474\" height=\"632\" src=\"https:\/\/cloud.alqueria.es\/wp-content\/uploads\/sites\/12\/2020\/02\/IMG_5137.jpg\" class=\"attachment-large size-large\" alt=\"\" srcset=\"https:\/\/cloud.alqueria.es\/wp-content\/uploads\/sites\/12\/2020\/02\/IMG_5137.jpg 768w, https:\/\/cloud.alqueria.es\/wp-content\/uploads\/sites\/12\/2020\/02\/IMG_5137.jpg 225w\" sizes=\"(max-width: 474px) 100vw, 474px\" data-attachment-id=\"29801\" data-permalink=\"https:\/\/www.alqueria.es\/blogs\/alqueriaartistica\/2020\/02\/24\/semana-cultural-la-tierra-2\/img_5137-3\/\" data-orig-file=\"https:\/\/cloud.alqueria.es\/wp-content\/uploads\/sites\/12\/2020\/02\/IMG_5137.jpg\" data-orig-size=\"768,1024\" data-comments-opened=\"1\" data-image-meta=\"{&quot;aperture&quot;:&quot;2.7&quot;,&quot;credit&quot;:&quot;&quot;,&quot;camera&quot;:&quot;Canon IXUS 125 HS&quot;,&quot;caption&quot;:&quot;&quot;,&quot;created_timestamp&quot;:&quot;1580490673&quot;,&quot;copyright&quot;:&quot;&quot;,&quot;focal_length&quot;:&quot;4.3&quot;,&quot;iso&quot;:&quot;400&quot;,&quot;shutter_speed&quot;:&quot;0.01&quot;,&quot;title&quot;:&quot;&quot;,&quot;orientation&quot;:&quot;1&quot;}\" data-image-title=\"IMG_5137\" data-image-description=\"\" data-image-caption=\"\" data-large-file=\"https:\/\/cloud.alqueria.es\/wp-content\/uploads\/sites\/12\/2020\/02\/IMG_5137-768x1024.jpg\" \/><\/a>\n\t\t\t<\/div><\/figure><figure class='gallery-item'>\n\t\t\t<div class='gallery-icon landscape'>\n\t\t\t\t<a href='https:\/\/www.alqueria.es\/blogs\/alqueriaartistica\/2020\/02\/24\/semana-cultural-la-tierra-2\/img_5131-6\/'><img decoding=\"async\" width=\"474\" height=\"356\" src=\"https:\/\/cloud.alqueria.es\/wp-content\/uploads\/sites\/12\/2020\/02\/IMG_5131.jpg\" class=\"attachment-large size-large\" alt=\"\" srcset=\"https:\/\/cloud.alqueria.es\/wp-content\/uploads\/sites\/12\/2020\/02\/IMG_5131.jpg 1024w, https:\/\/cloud.alqueria.es\/wp-content\/uploads\/sites\/12\/2020\/02\/IMG_5131.jpg 300w, https:\/\/cloud.alqueria.es\/wp-content\/uploads\/sites\/12\/2020\/02\/IMG_5131.jpg 768w\" sizes=\"(max-width: 474px) 100vw, 474px\" data-attachment-id=\"29802\" data-permalink=\"https:\/\/www.alqueria.es\/blogs\/alqueriaartistica\/2020\/02\/24\/semana-cultural-la-tierra-2\/img_5131-6\/\" data-orig-file=\"https:\/\/cloud.alqueria.es\/wp-content\/uploads\/sites\/12\/2020\/02\/IMG_5131.jpg\" data-orig-size=\"1024,768\" data-comments-opened=\"1\" data-image-meta=\"{&quot;aperture&quot;:&quot;2.7&quot;,&quot;credit&quot;:&quot;&quot;,&quot;camera&quot;:&quot;Canon IXUS 125 HS&quot;,&quot;caption&quot;:&quot;&quot;,&quot;created_timestamp&quot;:&quot;1580490646&quot;,&quot;copyright&quot;:&quot;&quot;,&quot;focal_length&quot;:&quot;4.3&quot;,&quot;iso&quot;:&quot;100&quot;,&quot;shutter_speed&quot;:&quot;0.033333333333333&quot;,&quot;title&quot;:&quot;&quot;,&quot;orientation&quot;:&quot;1&quot;}\" data-image-title=\"IMG_5131\" data-image-description=\"\" data-image-caption=\"\" data-large-file=\"https:\/\/cloud.alqueria.es\/wp-content\/uploads\/sites\/12\/2020\/02\/IMG_5131-1024x768.jpg\" \/><\/a>\n\t\t\t<\/div><\/figure>\n\t\t<\/div>\n\n<p>Los alumnos eligieron libremente la tem\u00e1tica. Muchos de ellos escogieron el tema de denuncia \u00a0medioambiental plasmando en sus dibujos la contaminaci\u00f3n y la destrucci\u00f3n de la naturaleza. Tambi\u00e9n dibujaron mundos fant\u00e1sticos.<\/p>\n<div data-carousel-extra='{&quot;blog_id&quot;:12,&quot;permalink&quot;:&quot;https:\/\/www.alqueria.es\/blogs\/alqueriaartistica\/2020\/02\/24\/semana-cultural-la-tierra-2\/&quot;}' id='gallery-7' class='gallery galleryid-29767 gallery-columns-2 gallery-size-large'><figure class='gallery-item'>\n\t\t\t<div class='gallery-icon landscape'>\n\t\t\t\t<a href='https:\/\/www.alqueria.es\/blogs\/alqueriaartistica\/2020\/02\/24\/semana-cultural-la-tierra-2\/img_20200220_151441\/'><img decoding=\"async\" width=\"474\" height=\"356\" src=\"https:\/\/cloud.alqueria.es\/wp-content\/uploads\/sites\/12\/2020\/02\/IMG_20200220_151441.jpg\" class=\"attachment-large size-large\" alt=\"\" srcset=\"https:\/\/cloud.alqueria.es\/wp-content\/uploads\/sites\/12\/2020\/02\/IMG_20200220_151441.jpg 1024w, https:\/\/cloud.alqueria.es\/wp-content\/uploads\/sites\/12\/2020\/02\/IMG_20200220_151441.jpg 300w, https:\/\/cloud.alqueria.es\/wp-content\/uploads\/sites\/12\/2020\/02\/IMG_20200220_151441.jpg 768w\" sizes=\"(max-width: 474px) 100vw, 474px\" data-attachment-id=\"29787\" data-permalink=\"https:\/\/www.alqueria.es\/blogs\/alqueriaartistica\/2020\/02\/24\/semana-cultural-la-tierra-2\/img_20200220_151441\/\" data-orig-file=\"https:\/\/cloud.alqueria.es\/wp-content\/uploads\/sites\/12\/2020\/02\/IMG_20200220_151441.jpg\" data-orig-size=\"1024,768\" data-comments-opened=\"1\" data-image-meta=\"{&quot;aperture&quot;:&quot;0&quot;,&quot;credit&quot;:&quot;&quot;,&quot;camera&quot;:&quot;Aquaris E5&quot;,&quot;caption&quot;:&quot;&quot;,&quot;created_timestamp&quot;:&quot;1582211684&quot;,&quot;copyright&quot;:&quot;&quot;,&quot;focal_length&quot;:&quot;4.6&quot;,&quot;iso&quot;:&quot;136&quot;,&quot;shutter_speed&quot;:&quot;0.0083333333333333&quot;,&quot;title&quot;:&quot;&quot;,&quot;orientation&quot;:&quot;1&quot;}\" data-image-title=\"IMG_20200220_151441\" data-image-description=\"\" data-image-caption=\"\" data-large-file=\"https:\/\/cloud.alqueria.es\/wp-content\/uploads\/sites\/12\/2020\/02\/IMG_20200220_151441-1024x768.jpg\" \/><\/a>\n\t\t\t<\/div><\/figure><figure class='gallery-item'>\n\t\t\t<div class='gallery-icon landscape'>\n\t\t\t\t<a href='https:\/\/www.alqueria.es\/blogs\/alqueriaartistica\/2020\/02\/24\/semana-cultural-la-tierra-2\/img_5336-copia-2\/'><img decoding=\"async\" width=\"474\" height=\"374\" src=\"https:\/\/cloud.alqueria.es\/wp-content\/uploads\/sites\/12\/2020\/02\/IMG_5336-copia-2.jpg\" class=\"attachment-large size-large\" alt=\"\" srcset=\"https:\/\/cloud.alqueria.es\/wp-content\/uploads\/sites\/12\/2020\/02\/IMG_5336-copia-2.jpg 1024w, https:\/\/cloud.alqueria.es\/wp-content\/uploads\/sites\/12\/2020\/02\/IMG_5336-copia-2.jpg 300w, https:\/\/cloud.alqueria.es\/wp-content\/uploads\/sites\/12\/2020\/02\/IMG_5336-copia-2.jpg 768w\" sizes=\"(max-width: 474px) 100vw, 474px\" data-attachment-id=\"29808\" data-permalink=\"https:\/\/www.alqueria.es\/blogs\/alqueriaartistica\/2020\/02\/24\/semana-cultural-la-tierra-2\/img_5336-copia-2\/\" data-orig-file=\"https:\/\/cloud.alqueria.es\/wp-content\/uploads\/sites\/12\/2020\/02\/IMG_5336-copia-2.jpg\" data-orig-size=\"1024,809\" data-comments-opened=\"1\" data-image-meta=\"{&quot;aperture&quot;:&quot;2.7&quot;,&quot;credit&quot;:&quot;&quot;,&quot;camera&quot;:&quot;Canon IXUS 125 HS&quot;,&quot;caption&quot;:&quot;&quot;,&quot;created_timestamp&quot;:&quot;1582212647&quot;,&quot;copyright&quot;:&quot;&quot;,&quot;focal_length&quot;:&quot;4.3&quot;,&quot;iso&quot;:&quot;100&quot;,&quot;shutter_speed&quot;:&quot;0.016666666666667&quot;,&quot;title&quot;:&quot;&quot;,&quot;orientation&quot;:&quot;1&quot;}\" data-image-title=\"IMG_5336 copia 2\" data-image-description=\"\" data-image-caption=\"\" data-large-file=\"https:\/\/cloud.alqueria.es\/wp-content\/uploads\/sites\/12\/2020\/02\/IMG_5336-copia-2-1024x809.jpg\" \/><\/a>\n\t\t\t<\/div><\/figure>\n\t\t<\/div>\n\n<p>La comparativa de ambos paisajes, los de tercero y cuarto, nos da un contraste de color y de oscuridad respectivamente.<\/p>\n<p>Pensando por el futuro de la Tierra.<\/p>\n<p>\u00bfPOR QU\u00c9 TIPO DE PAISAJE APOSTAMOS?<\/p>\n<p>Ana Mart\u00edn<\/p>\n","protected":false},"excerpt":{"rendered":"<p>En el grupo de tercero hemos trabajado los camuflajes en la naturaleza. Partimos de una foto en color del rostro de cada alumno. El trabajo consist\u00eda en camuflarse en alg\u00fan lugar natural. Agua, roca, hielo, estrellas, flores, \u00e1rbol, monta\u00f1a, hurac\u00e1n, mariposas, fondo marino&#8230; Ha sido un trabajo que ha puesto a prueba la paciencia de &hellip; <a href=\"https:\/\/www.alqueria.es\/blogs\/alqueriaartistica\/2020\/02\/24\/semana-cultural-la-tierra-2\/\" class=\"more-link\">Seguir leyendo <span class=\"screen-reader-text\">SEMANA CULTURAL- LA TIERRA<\/span> <span class=\"meta-nav\">&rarr;<\/span><\/a><\/p>\n","protected":false},"author":34,"featured_media":0,"comment_status":"open","ping_status":"open","sticky":false,"template":"","format":"standard","meta":{"jetpack_post_was_ever_published":false,"_jetpack_newsletter_access":"","_jetpack_dont_email_post_to_subs":false,"_jetpack_newsletter_tier_id":0,"_jetpack_memberships_contains_paywalled_content":false,"_jetpack_memberships_contains_paid_content":false,"footnotes":"","jetpack_publicize_message":"","jetpack_publicize_feature_enabled":true,"jetpack_social_post_already_shared":true,"jetpack_social_options":{"image_generator_settings":{"template":"highway","default_image_id":0,"font":"","enabled":false},"version":2}},"categories":[11,12],"tags":[355,31,91,139,127],"class_list":["post-29767","post","type-post","status-publish","format-standard","hentry","category-3o-epo","category-4o-epo","tag-camuflajes-en-la-naturaleza","tag-dibujo","tag-educacion-artistica-y-visual","tag-paisajes","tag-semana-cultural"],"jetpack_publicize_connections":[],"jetpack_featured_media_url":"","jetpack_sharing_enabled":true,"jetpack_shortlink":"https:\/\/wp.me\/p4mcJu-7K7","_links":{"self":[{"href":"https:\/\/www.alqueria.es\/blogs\/alqueriaartistica\/wp-json\/wp\/v2\/posts\/29767","targetHints":{"allow":["GET"]}}],"collection":[{"href":"https:\/\/www.alqueria.es\/blogs\/alqueriaartistica\/wp-json\/wp\/v2\/posts"}],"about":[{"href":"https:\/\/www.alqueria.es\/blogs\/alqueriaartistica\/wp-json\/wp\/v2\/types\/post"}],"author":[{"embeddable":true,"href":"https:\/\/www.alqueria.es\/blogs\/alqueriaartistica\/wp-json\/wp\/v2\/users\/34"}],"replies":[{"embeddable":true,"href":"https:\/\/www.alqueria.es\/blogs\/alqueriaartistica\/wp-json\/wp\/v2\/comments?post=29767"}],"version-history":[{"count":9,"href":"https:\/\/www.alqueria.es\/blogs\/alqueriaartistica\/wp-json\/wp\/v2\/posts\/29767\/revisions"}],"predecessor-version":[{"id":29987,"href":"https:\/\/www.alqueria.es\/blogs\/alqueriaartistica\/wp-json\/wp\/v2\/posts\/29767\/revisions\/29987"}],"wp:attachment":[{"href":"https:\/\/www.alqueria.es\/blogs\/alqueriaartistica\/wp-json\/wp\/v2\/media?parent=29767"}],"wp:term":[{"taxonomy":"category","embeddable":true,"href":"https:\/\/www.alqueria.es\/blogs\/alqueriaartistica\/wp-json\/wp\/v2\/categories?post=29767"},{"taxonomy":"post_tag","embeddable":true,"href":"https:\/\/www.alqueria.es\/blogs\/alqueriaartistica\/wp-json\/wp\/v2\/tags?post=29767"}],"curies":[{"name":"wp","href":"https:\/\/api.w.org\/{rel}","templated":true}]}}