{"id":32373,"date":"2021-02-11T23:40:53","date_gmt":"2021-02-11T22:40:53","guid":{"rendered":"http:\/\/www.alqueria.es\/blogs\/alqueriaartistica\/?p=32373"},"modified":"2021-02-11T23:42:51","modified_gmt":"2021-02-11T22:42:51","slug":"el-clan-que-me-habita","status":"publish","type":"post","link":"https:\/\/www.alqueria.es\/blogs\/alqueriaartistica\/2021\/02\/11\/el-clan-que-me-habita\/","title":{"rendered":"EL CLAN QUE ME HABITA"},"content":{"rendered":"<p>&nbsp;<\/p>\n<div data-carousel-extra='{&quot;blog_id&quot;:12,&quot;permalink&quot;:&quot;https:\/\/www.alqueria.es\/blogs\/alqueriaartistica\/2021\/02\/11\/el-clan-que-me-habita\/&quot;}' id='gallery-1' class='gallery galleryid-32373 gallery-columns-1 gallery-size-large'><figure class='gallery-item'>\n\t\t\t<div class='gallery-icon landscape'>\n\t\t\t\t<a href='https:\/\/www.alqueria.es\/blogs\/alqueriaartistica\/2021\/02\/11\/el-clan-que-me-habita\/img_8880-3\/'><img decoding=\"async\" width=\"474\" height=\"296\" src=\"https:\/\/cloud.alqueria.es\/wp-content\/uploads\/sites\/12\/2021\/02\/IMG_8880.jpg\" class=\"attachment-large size-large\" alt=\"\" srcset=\"https:\/\/cloud.alqueria.es\/wp-content\/uploads\/sites\/12\/2021\/02\/IMG_8880.jpg 1024w, https:\/\/cloud.alqueria.es\/wp-content\/uploads\/sites\/12\/2021\/02\/IMG_8880-300x188.jpg 300w, https:\/\/cloud.alqueria.es\/wp-content\/uploads\/sites\/12\/2021\/02\/IMG_8880-768x480.jpg 768w\" sizes=\"(max-width: 474px) 100vw, 474px\" data-attachment-id=\"32374\" data-permalink=\"https:\/\/www.alqueria.es\/blogs\/alqueriaartistica\/2021\/02\/11\/el-clan-que-me-habita\/img_8880-3\/\" data-orig-file=\"https:\/\/cloud.alqueria.es\/wp-content\/uploads\/sites\/12\/2021\/02\/IMG_8880.jpg\" data-orig-size=\"1024,640\" data-comments-opened=\"1\" data-image-meta=\"{&quot;aperture&quot;:&quot;2.7&quot;,&quot;credit&quot;:&quot;&quot;,&quot;camera&quot;:&quot;Canon IXUS 125 HS&quot;,&quot;caption&quot;:&quot;&quot;,&quot;created_timestamp&quot;:&quot;1612888814&quot;,&quot;copyright&quot;:&quot;&quot;,&quot;focal_length&quot;:&quot;4.3&quot;,&quot;iso&quot;:&quot;160&quot;,&quot;shutter_speed&quot;:&quot;0.033333333333333&quot;,&quot;title&quot;:&quot;&quot;,&quot;orientation&quot;:&quot;1&quot;}\" data-image-title=\"IMG_8880\" data-image-description=\"\" data-image-caption=\"\" data-large-file=\"https:\/\/cloud.alqueria.es\/wp-content\/uploads\/sites\/12\/2021\/02\/IMG_8880.jpg\" \/><\/a>\n\t\t\t<\/div><\/figure>\n\t\t<\/div>\n\n<div data-carousel-extra='{&quot;blog_id&quot;:12,&quot;permalink&quot;:&quot;https:\/\/www.alqueria.es\/blogs\/alqueriaartistica\/2021\/02\/11\/el-clan-que-me-habita\/&quot;}' id='gallery-2' class='gallery galleryid-32373 gallery-columns-1 gallery-size-large'><figure class='gallery-item'>\n\t\t\t<div class='gallery-icon landscape'>\n\t\t\t\t<a href='https:\/\/www.alqueria.es\/blogs\/alqueriaartistica\/2021\/02\/11\/el-clan-que-me-habita\/img_8888-3\/'><img decoding=\"async\" width=\"474\" height=\"266\" src=\"https:\/\/cloud.alqueria.es\/wp-content\/uploads\/sites\/12\/2021\/02\/IMG_8888.jpg\" class=\"attachment-large size-large\" alt=\"\" srcset=\"https:\/\/cloud.alqueria.es\/wp-content\/uploads\/sites\/12\/2021\/02\/IMG_8888.jpg 1024w, https:\/\/cloud.alqueria.es\/wp-content\/uploads\/sites\/12\/2021\/02\/IMG_8888-300x168.jpg 300w, https:\/\/cloud.alqueria.es\/wp-content\/uploads\/sites\/12\/2021\/02\/IMG_8888-768x431.jpg 768w\" sizes=\"(max-width: 474px) 100vw, 474px\" data-attachment-id=\"32375\" data-permalink=\"https:\/\/www.alqueria.es\/blogs\/alqueriaartistica\/2021\/02\/11\/el-clan-que-me-habita\/img_8888-3\/\" data-orig-file=\"https:\/\/cloud.alqueria.es\/wp-content\/uploads\/sites\/12\/2021\/02\/IMG_8888.jpg\" data-orig-size=\"1024,574\" data-comments-opened=\"1\" data-image-meta=\"{&quot;aperture&quot;:&quot;2.7&quot;,&quot;credit&quot;:&quot;&quot;,&quot;camera&quot;:&quot;Canon IXUS 125 HS&quot;,&quot;caption&quot;:&quot;&quot;,&quot;created_timestamp&quot;:&quot;1612889512&quot;,&quot;copyright&quot;:&quot;&quot;,&quot;focal_length&quot;:&quot;4.3&quot;,&quot;iso&quot;:&quot;400&quot;,&quot;shutter_speed&quot;:&quot;0.033333333333333&quot;,&quot;title&quot;:&quot;&quot;,&quot;orientation&quot;:&quot;1&quot;}\" data-image-title=\"IMG_8888\" data-image-description=\"\" data-image-caption=\"\" data-large-file=\"https:\/\/cloud.alqueria.es\/wp-content\/uploads\/sites\/12\/2021\/02\/IMG_8888.jpg\" \/><\/a>\n\t\t\t<\/div><\/figure>\n\t\t<\/div>\n\n<p>En el grupo de sexto planteamos una mirada hacia nuestro interior. Estamos viviendo una \u00e9poca en la que los acontecimientos e incluso nuestras actividades diarias suceden con gran celeridad, nos encontramos \u00a0inmersos en una vor\u00e1gine social y tecnol\u00f3gica que atrapa nuestra atenci\u00f3n constantemente.<\/p>\n<p>En esta ocasi\u00f3n buscamos en cada uno de nosotros aquellas cosas singulares que poseemos y que reconocemos que hemos recibido de nuestros familiares. Hay caracter\u00edsticas en nosotros, a veces en nuestro car\u00e1cter, en las que reconocemos a otras personas de nuestro clan familiar.<\/p>\n<p>Les propongo hacer una composici\u00f3n en la que dibujen las diferentes personas que hayan elegido y una peque\u00f1a cartela en la que escriban aquello que creen haber heredado.<\/p>\n<div data-carousel-extra='{&quot;blog_id&quot;:12,&quot;permalink&quot;:&quot;https:\/\/www.alqueria.es\/blogs\/alqueriaartistica\/2021\/02\/11\/el-clan-que-me-habita\/&quot;}' id='gallery-3' class='gallery galleryid-32373 gallery-columns-3 gallery-size-large'><figure class='gallery-item'>\n\t\t\t<div class='gallery-icon landscape'>\n\t\t\t\t<a href='https:\/\/www.alqueria.es\/blogs\/alqueriaartistica\/2021\/02\/11\/el-clan-que-me-habita\/img_8849-2\/'><img decoding=\"async\" width=\"474\" height=\"356\" src=\"https:\/\/cloud.alqueria.es\/wp-content\/uploads\/sites\/12\/2021\/02\/IMG_8849.jpg\" class=\"attachment-large size-large\" alt=\"\" srcset=\"https:\/\/cloud.alqueria.es\/wp-content\/uploads\/sites\/12\/2021\/02\/IMG_8849.jpg 1024w, https:\/\/cloud.alqueria.es\/wp-content\/uploads\/sites\/12\/2021\/02\/IMG_8849-300x225.jpg 300w, https:\/\/cloud.alqueria.es\/wp-content\/uploads\/sites\/12\/2021\/02\/IMG_8849-768x576.jpg 768w\" sizes=\"(max-width: 474px) 100vw, 474px\" data-attachment-id=\"32380\" data-permalink=\"https:\/\/www.alqueria.es\/blogs\/alqueriaartistica\/2021\/02\/11\/el-clan-que-me-habita\/img_8849-2\/\" data-orig-file=\"https:\/\/cloud.alqueria.es\/wp-content\/uploads\/sites\/12\/2021\/02\/IMG_8849.jpg\" data-orig-size=\"1024,768\" data-comments-opened=\"1\" data-image-meta=\"{&quot;aperture&quot;:&quot;2.7&quot;,&quot;credit&quot;:&quot;&quot;,&quot;camera&quot;:&quot;Canon IXUS 125 HS&quot;,&quot;caption&quot;:&quot;&quot;,&quot;created_timestamp&quot;:&quot;1612888559&quot;,&quot;copyright&quot;:&quot;&quot;,&quot;focal_length&quot;:&quot;4.3&quot;,&quot;iso&quot;:&quot;100&quot;,&quot;shutter_speed&quot;:&quot;0.016666666666667&quot;,&quot;title&quot;:&quot;&quot;,&quot;orientation&quot;:&quot;1&quot;}\" data-image-title=\"IMG_8849\" data-image-description=\"\" data-image-caption=\"\" data-large-file=\"https:\/\/cloud.alqueria.es\/wp-content\/uploads\/sites\/12\/2021\/02\/IMG_8849.jpg\" \/><\/a>\n\t\t\t<\/div><\/figure><figure class='gallery-item'>\n\t\t\t<div class='gallery-icon landscape'>\n\t\t\t\t<a href='https:\/\/www.alqueria.es\/blogs\/alqueriaartistica\/2021\/02\/11\/el-clan-que-me-habita\/img_8912-3\/'><img decoding=\"async\" width=\"474\" height=\"251\" src=\"https:\/\/cloud.alqueria.es\/wp-content\/uploads\/sites\/12\/2021\/02\/IMG_8912.jpg\" class=\"attachment-large size-large\" alt=\"\" srcset=\"https:\/\/cloud.alqueria.es\/wp-content\/uploads\/sites\/12\/2021\/02\/IMG_8912.jpg 1024w, https:\/\/cloud.alqueria.es\/wp-content\/uploads\/sites\/12\/2021\/02\/IMG_8912-300x159.jpg 300w, https:\/\/cloud.alqueria.es\/wp-content\/uploads\/sites\/12\/2021\/02\/IMG_8912-768x407.jpg 768w\" sizes=\"(max-width: 474px) 100vw, 474px\" data-attachment-id=\"32378\" data-permalink=\"https:\/\/www.alqueria.es\/blogs\/alqueriaartistica\/2021\/02\/11\/el-clan-que-me-habita\/img_8912-3\/\" data-orig-file=\"https:\/\/cloud.alqueria.es\/wp-content\/uploads\/sites\/12\/2021\/02\/IMG_8912.jpg\" data-orig-size=\"1024,542\" data-comments-opened=\"1\" data-image-meta=\"{&quot;aperture&quot;:&quot;2.7&quot;,&quot;credit&quot;:&quot;&quot;,&quot;camera&quot;:&quot;Canon IXUS 125 HS&quot;,&quot;caption&quot;:&quot;&quot;,&quot;created_timestamp&quot;:&quot;1612960575&quot;,&quot;copyright&quot;:&quot;&quot;,&quot;focal_length&quot;:&quot;4.3&quot;,&quot;iso&quot;:&quot;500&quot;,&quot;shutter_speed&quot;:&quot;0.033333333333333&quot;,&quot;title&quot;:&quot;&quot;,&quot;orientation&quot;:&quot;1&quot;}\" data-image-title=\"IMG_8912\" data-image-description=\"\" data-image-caption=\"\" data-large-file=\"https:\/\/cloud.alqueria.es\/wp-content\/uploads\/sites\/12\/2021\/02\/IMG_8912.jpg\" \/><\/a>\n\t\t\t<\/div><\/figure><figure class='gallery-item'>\n\t\t\t<div class='gallery-icon landscape'>\n\t\t\t\t<a href='https:\/\/www.alqueria.es\/blogs\/alqueriaartistica\/2021\/02\/11\/el-clan-que-me-habita\/img_8876-2\/'><img decoding=\"async\" width=\"474\" height=\"356\" src=\"https:\/\/cloud.alqueria.es\/wp-content\/uploads\/sites\/12\/2021\/02\/IMG_8876.jpg\" class=\"attachment-large size-large\" alt=\"\" srcset=\"https:\/\/cloud.alqueria.es\/wp-content\/uploads\/sites\/12\/2021\/02\/IMG_8876.jpg 1024w, https:\/\/cloud.alqueria.es\/wp-content\/uploads\/sites\/12\/2021\/02\/IMG_8876-300x225.jpg 300w, https:\/\/cloud.alqueria.es\/wp-content\/uploads\/sites\/12\/2021\/02\/IMG_8876-768x576.jpg 768w\" sizes=\"(max-width: 474px) 100vw, 474px\" data-attachment-id=\"32379\" data-permalink=\"https:\/\/www.alqueria.es\/blogs\/alqueriaartistica\/2021\/02\/11\/el-clan-que-me-habita\/img_8876-2\/\" data-orig-file=\"https:\/\/cloud.alqueria.es\/wp-content\/uploads\/sites\/12\/2021\/02\/IMG_8876.jpg\" data-orig-size=\"1024,768\" data-comments-opened=\"1\" data-image-meta=\"{&quot;aperture&quot;:&quot;2.7&quot;,&quot;credit&quot;:&quot;&quot;,&quot;camera&quot;:&quot;Canon IXUS 125 HS&quot;,&quot;caption&quot;:&quot;&quot;,&quot;created_timestamp&quot;:&quot;1612888791&quot;,&quot;copyright&quot;:&quot;&quot;,&quot;focal_length&quot;:&quot;4.3&quot;,&quot;iso&quot;:&quot;100&quot;,&quot;shutter_speed&quot;:&quot;0.025&quot;,&quot;title&quot;:&quot;&quot;,&quot;orientation&quot;:&quot;1&quot;}\" data-image-title=\"IMG_8876\" data-image-description=\"\" data-image-caption=\"\" data-large-file=\"https:\/\/cloud.alqueria.es\/wp-content\/uploads\/sites\/12\/2021\/02\/IMG_8876.jpg\" \/><\/a>\n\t\t\t<\/div><\/figure><figure class='gallery-item'>\n\t\t\t<div class='gallery-icon landscape'>\n\t\t\t\t<a href='https:\/\/www.alqueria.es\/blogs\/alqueriaartistica\/2021\/02\/11\/el-clan-que-me-habita\/img_8842-3\/'><img decoding=\"async\" width=\"474\" height=\"299\" src=\"https:\/\/cloud.alqueria.es\/wp-content\/uploads\/sites\/12\/2021\/02\/IMG_8842.jpg\" class=\"attachment-large size-large\" alt=\"\" srcset=\"https:\/\/cloud.alqueria.es\/wp-content\/uploads\/sites\/12\/2021\/02\/IMG_8842.jpg 1024w, https:\/\/cloud.alqueria.es\/wp-content\/uploads\/sites\/12\/2021\/02\/IMG_8842-300x189.jpg 300w, https:\/\/cloud.alqueria.es\/wp-content\/uploads\/sites\/12\/2021\/02\/IMG_8842-768x485.jpg 768w\" sizes=\"(max-width: 474px) 100vw, 474px\" data-attachment-id=\"32385\" data-permalink=\"https:\/\/www.alqueria.es\/blogs\/alqueriaartistica\/2021\/02\/11\/el-clan-que-me-habita\/img_8842-3\/\" data-orig-file=\"https:\/\/cloud.alqueria.es\/wp-content\/uploads\/sites\/12\/2021\/02\/IMG_8842.jpg\" data-orig-size=\"1024,646\" data-comments-opened=\"1\" data-image-meta=\"{&quot;aperture&quot;:&quot;2.7&quot;,&quot;credit&quot;:&quot;&quot;,&quot;camera&quot;:&quot;Canon IXUS 125 HS&quot;,&quot;caption&quot;:&quot;&quot;,&quot;created_timestamp&quot;:&quot;1612888513&quot;,&quot;copyright&quot;:&quot;&quot;,&quot;focal_length&quot;:&quot;4.3&quot;,&quot;iso&quot;:&quot;100&quot;,&quot;shutter_speed&quot;:&quot;0.016666666666667&quot;,&quot;title&quot;:&quot;&quot;,&quot;orientation&quot;:&quot;1&quot;}\" data-image-title=\"IMG_8842\" data-image-description=\"\" data-image-caption=\"\" data-large-file=\"https:\/\/cloud.alqueria.es\/wp-content\/uploads\/sites\/12\/2021\/02\/IMG_8842.jpg\" \/><\/a>\n\t\t\t<\/div><\/figure><figure class='gallery-item'>\n\t\t\t<div class='gallery-icon landscape'>\n\t\t\t\t<a href='https:\/\/www.alqueria.es\/blogs\/alqueriaartistica\/2021\/02\/11\/el-clan-que-me-habita\/img_8812-3\/'><img decoding=\"async\" width=\"474\" height=\"292\" src=\"https:\/\/cloud.alqueria.es\/wp-content\/uploads\/sites\/12\/2021\/02\/IMG_8812.jpg\" class=\"attachment-large size-large\" alt=\"\" srcset=\"https:\/\/cloud.alqueria.es\/wp-content\/uploads\/sites\/12\/2021\/02\/IMG_8812.jpg 1024w, https:\/\/cloud.alqueria.es\/wp-content\/uploads\/sites\/12\/2021\/02\/IMG_8812-300x185.jpg 300w, https:\/\/cloud.alqueria.es\/wp-content\/uploads\/sites\/12\/2021\/02\/IMG_8812-768x473.jpg 768w\" sizes=\"(max-width: 474px) 100vw, 474px\" data-attachment-id=\"32390\" data-permalink=\"https:\/\/www.alqueria.es\/blogs\/alqueriaartistica\/2021\/02\/11\/el-clan-que-me-habita\/img_8812-3\/\" data-orig-file=\"https:\/\/cloud.alqueria.es\/wp-content\/uploads\/sites\/12\/2021\/02\/IMG_8812.jpg\" data-orig-size=\"1024,631\" data-comments-opened=\"1\" data-image-meta=\"{&quot;aperture&quot;:&quot;2.7&quot;,&quot;credit&quot;:&quot;&quot;,&quot;camera&quot;:&quot;Canon IXUS 125 HS&quot;,&quot;caption&quot;:&quot;&quot;,&quot;created_timestamp&quot;:&quot;1612888143&quot;,&quot;copyright&quot;:&quot;&quot;,&quot;focal_length&quot;:&quot;4.3&quot;,&quot;iso&quot;:&quot;100&quot;,&quot;shutter_speed&quot;:&quot;0.02&quot;,&quot;title&quot;:&quot;&quot;,&quot;orientation&quot;:&quot;1&quot;}\" data-image-title=\"IMG_8812\" data-image-description=\"\" data-image-caption=\"\" data-large-file=\"https:\/\/cloud.alqueria.es\/wp-content\/uploads\/sites\/12\/2021\/02\/IMG_8812.jpg\" \/><\/a>\n\t\t\t<\/div><\/figure><figure class='gallery-item'>\n\t\t\t<div class='gallery-icon landscape'>\n\t\t\t\t<a href='https:\/\/www.alqueria.es\/blogs\/alqueriaartistica\/2021\/02\/11\/el-clan-que-me-habita\/img_8802-2\/'><img decoding=\"async\" width=\"474\" height=\"360\" src=\"https:\/\/cloud.alqueria.es\/wp-content\/uploads\/sites\/12\/2021\/02\/IMG_8802.jpg\" class=\"attachment-large size-large\" alt=\"\" srcset=\"https:\/\/cloud.alqueria.es\/wp-content\/uploads\/sites\/12\/2021\/02\/IMG_8802.jpg 1024w, https:\/\/cloud.alqueria.es\/wp-content\/uploads\/sites\/12\/2021\/02\/IMG_8802-300x228.jpg 300w, https:\/\/cloud.alqueria.es\/wp-content\/uploads\/sites\/12\/2021\/02\/IMG_8802-768x584.jpg 768w\" sizes=\"(max-width: 474px) 100vw, 474px\" data-attachment-id=\"32388\" data-permalink=\"https:\/\/www.alqueria.es\/blogs\/alqueriaartistica\/2021\/02\/11\/el-clan-que-me-habita\/img_8802-2\/\" data-orig-file=\"https:\/\/cloud.alqueria.es\/wp-content\/uploads\/sites\/12\/2021\/02\/IMG_8802.jpg\" data-orig-size=\"1024,778\" data-comments-opened=\"1\" data-image-meta=\"{&quot;aperture&quot;:&quot;2.7&quot;,&quot;credit&quot;:&quot;&quot;,&quot;camera&quot;:&quot;Canon IXUS 125 HS&quot;,&quot;caption&quot;:&quot;&quot;,&quot;created_timestamp&quot;:&quot;1612888081&quot;,&quot;copyright&quot;:&quot;&quot;,&quot;focal_length&quot;:&quot;4.3&quot;,&quot;iso&quot;:&quot;100&quot;,&quot;shutter_speed&quot;:&quot;0.02&quot;,&quot;title&quot;:&quot;&quot;,&quot;orientation&quot;:&quot;1&quot;}\" data-image-title=\"IMG_8802\" data-image-description=\"\" data-image-caption=\"\" data-large-file=\"https:\/\/cloud.alqueria.es\/wp-content\/uploads\/sites\/12\/2021\/02\/IMG_8802.jpg\" \/><\/a>\n\t\t\t<\/div><\/figure><figure class='gallery-item'>\n\t\t\t<div class='gallery-icon landscape'>\n\t\t\t\t<a href='https:\/\/www.alqueria.es\/blogs\/alqueriaartistica\/2021\/02\/11\/el-clan-que-me-habita\/img_8813-3\/'><img decoding=\"async\" width=\"474\" height=\"261\" src=\"https:\/\/cloud.alqueria.es\/wp-content\/uploads\/sites\/12\/2021\/02\/IMG_8813.jpg\" class=\"attachment-large size-large\" alt=\"\" srcset=\"https:\/\/cloud.alqueria.es\/wp-content\/uploads\/sites\/12\/2021\/02\/IMG_8813.jpg 1024w, https:\/\/cloud.alqueria.es\/wp-content\/uploads\/sites\/12\/2021\/02\/IMG_8813-300x165.jpg 300w, https:\/\/cloud.alqueria.es\/wp-content\/uploads\/sites\/12\/2021\/02\/IMG_8813-768x422.jpg 768w, https:\/\/cloud.alqueria.es\/wp-content\/uploads\/sites\/12\/2021\/02\/IMG_8813-672x372.jpg 672w\" sizes=\"(max-width: 474px) 100vw, 474px\" data-attachment-id=\"32391\" data-permalink=\"https:\/\/www.alqueria.es\/blogs\/alqueriaartistica\/2021\/02\/11\/el-clan-que-me-habita\/img_8813-3\/\" data-orig-file=\"https:\/\/cloud.alqueria.es\/wp-content\/uploads\/sites\/12\/2021\/02\/IMG_8813.jpg\" data-orig-size=\"1024,563\" data-comments-opened=\"1\" data-image-meta=\"{&quot;aperture&quot;:&quot;2.7&quot;,&quot;credit&quot;:&quot;&quot;,&quot;camera&quot;:&quot;Canon IXUS 125 HS&quot;,&quot;caption&quot;:&quot;&quot;,&quot;created_timestamp&quot;:&quot;1612888147&quot;,&quot;copyright&quot;:&quot;&quot;,&quot;focal_length&quot;:&quot;4.3&quot;,&quot;iso&quot;:&quot;100&quot;,&quot;shutter_speed&quot;:&quot;0.025&quot;,&quot;title&quot;:&quot;&quot;,&quot;orientation&quot;:&quot;1&quot;}\" data-image-title=\"IMG_8813\" data-image-description=\"\" data-image-caption=\"\" data-large-file=\"https:\/\/cloud.alqueria.es\/wp-content\/uploads\/sites\/12\/2021\/02\/IMG_8813.jpg\" \/><\/a>\n\t\t\t<\/div><\/figure><figure class='gallery-item'>\n\t\t\t<div class='gallery-icon portrait'>\n\t\t\t\t<a href='https:\/\/www.alqueria.es\/blogs\/alqueriaartistica\/2021\/02\/11\/el-clan-que-me-habita\/img_8803-2\/'><img decoding=\"async\" width=\"474\" height=\"632\" src=\"https:\/\/cloud.alqueria.es\/wp-content\/uploads\/sites\/12\/2021\/02\/IMG_8803.jpg\" class=\"attachment-large size-large\" alt=\"\" srcset=\"https:\/\/cloud.alqueria.es\/wp-content\/uploads\/sites\/12\/2021\/02\/IMG_8803.jpg 768w, https:\/\/cloud.alqueria.es\/wp-content\/uploads\/sites\/12\/2021\/02\/IMG_8803-225x300.jpg 225w\" sizes=\"(max-width: 474px) 100vw, 474px\" data-attachment-id=\"32441\" data-permalink=\"https:\/\/www.alqueria.es\/blogs\/alqueriaartistica\/2021\/02\/11\/el-clan-que-me-habita\/img_8803-2\/\" data-orig-file=\"https:\/\/cloud.alqueria.es\/wp-content\/uploads\/sites\/12\/2021\/02\/IMG_8803.jpg\" data-orig-size=\"768,1024\" data-comments-opened=\"1\" data-image-meta=\"{&quot;aperture&quot;:&quot;2.7&quot;,&quot;credit&quot;:&quot;&quot;,&quot;camera&quot;:&quot;Canon IXUS 125 HS&quot;,&quot;caption&quot;:&quot;&quot;,&quot;created_timestamp&quot;:&quot;1612888086&quot;,&quot;copyright&quot;:&quot;&quot;,&quot;focal_length&quot;:&quot;4.3&quot;,&quot;iso&quot;:&quot;100&quot;,&quot;shutter_speed&quot;:&quot;0.02&quot;,&quot;title&quot;:&quot;&quot;,&quot;orientation&quot;:&quot;1&quot;}\" data-image-title=\"IMG_8803\" data-image-description=\"\" data-image-caption=\"\" data-large-file=\"https:\/\/cloud.alqueria.es\/wp-content\/uploads\/sites\/12\/2021\/02\/IMG_8803.jpg\" \/><\/a>\n\t\t\t<\/div><\/figure><figure class='gallery-item'>\n\t\t\t<div class='gallery-icon portrait'>\n\t\t\t\t<a href='https:\/\/www.alqueria.es\/blogs\/alqueriaartistica\/2021\/02\/11\/el-clan-que-me-habita\/img_8828-4\/'><img decoding=\"async\" width=\"474\" height=\"632\" src=\"https:\/\/cloud.alqueria.es\/wp-content\/uploads\/sites\/12\/2021\/02\/IMG_8828.jpg\" class=\"attachment-large size-large\" alt=\"\" srcset=\"https:\/\/cloud.alqueria.es\/wp-content\/uploads\/sites\/12\/2021\/02\/IMG_8828.jpg 768w, https:\/\/cloud.alqueria.es\/wp-content\/uploads\/sites\/12\/2021\/02\/IMG_8828-225x300.jpg 225w\" sizes=\"(max-width: 474px) 100vw, 474px\" data-attachment-id=\"32435\" data-permalink=\"https:\/\/www.alqueria.es\/blogs\/alqueriaartistica\/2021\/02\/11\/el-clan-que-me-habita\/img_8828-4\/\" data-orig-file=\"https:\/\/cloud.alqueria.es\/wp-content\/uploads\/sites\/12\/2021\/02\/IMG_8828.jpg\" data-orig-size=\"768,1024\" data-comments-opened=\"1\" data-image-meta=\"{&quot;aperture&quot;:&quot;2.7&quot;,&quot;credit&quot;:&quot;&quot;,&quot;camera&quot;:&quot;Canon IXUS 125 HS&quot;,&quot;caption&quot;:&quot;&quot;,&quot;created_timestamp&quot;:&quot;1612888308&quot;,&quot;copyright&quot;:&quot;&quot;,&quot;focal_length&quot;:&quot;4.3&quot;,&quot;iso&quot;:&quot;400&quot;,&quot;shutter_speed&quot;:&quot;0.00625&quot;,&quot;title&quot;:&quot;&quot;,&quot;orientation&quot;:&quot;1&quot;}\" data-image-title=\"IMG_8828\" data-image-description=\"\" data-image-caption=\"\" data-large-file=\"https:\/\/cloud.alqueria.es\/wp-content\/uploads\/sites\/12\/2021\/02\/IMG_8828.jpg\" \/><\/a>\n\t\t\t<\/div><\/figure><figure class='gallery-item'>\n\t\t\t<div class='gallery-icon portrait'>\n\t\t\t\t<a href='https:\/\/www.alqueria.es\/blogs\/alqueriaartistica\/2021\/02\/11\/el-clan-que-me-habita\/img_8823-3\/'><img decoding=\"async\" width=\"474\" height=\"632\" src=\"https:\/\/cloud.alqueria.es\/wp-content\/uploads\/sites\/12\/2021\/02\/IMG_8823.jpg\" class=\"attachment-large size-large\" alt=\"\" srcset=\"https:\/\/cloud.alqueria.es\/wp-content\/uploads\/sites\/12\/2021\/02\/IMG_8823.jpg 768w, https:\/\/cloud.alqueria.es\/wp-content\/uploads\/sites\/12\/2021\/02\/IMG_8823-225x300.jpg 225w\" sizes=\"(max-width: 474px) 100vw, 474px\" data-attachment-id=\"32437\" data-permalink=\"https:\/\/www.alqueria.es\/blogs\/alqueriaartistica\/2021\/02\/11\/el-clan-que-me-habita\/img_8823-3\/\" data-orig-file=\"https:\/\/cloud.alqueria.es\/wp-content\/uploads\/sites\/12\/2021\/02\/IMG_8823.jpg\" data-orig-size=\"768,1024\" data-comments-opened=\"1\" data-image-meta=\"{&quot;aperture&quot;:&quot;2.7&quot;,&quot;credit&quot;:&quot;&quot;,&quot;camera&quot;:&quot;Canon IXUS 125 HS&quot;,&quot;caption&quot;:&quot;&quot;,&quot;created_timestamp&quot;:&quot;1612888282&quot;,&quot;copyright&quot;:&quot;&quot;,&quot;focal_length&quot;:&quot;4.3&quot;,&quot;iso&quot;:&quot;100&quot;,&quot;shutter_speed&quot;:&quot;0.033333333333333&quot;,&quot;title&quot;:&quot;&quot;,&quot;orientation&quot;:&quot;1&quot;}\" data-image-title=\"IMG_8823\" data-image-description=\"\" data-image-caption=\"\" data-large-file=\"https:\/\/cloud.alqueria.es\/wp-content\/uploads\/sites\/12\/2021\/02\/IMG_8823.jpg\" \/><\/a>\n\t\t\t<\/div><\/figure><figure class='gallery-item'>\n\t\t\t<div class='gallery-icon portrait'>\n\t\t\t\t<a href='https:\/\/www.alqueria.es\/blogs\/alqueriaartistica\/2021\/02\/11\/el-clan-que-me-habita\/img_8804-2\/'><img decoding=\"async\" width=\"474\" height=\"632\" src=\"https:\/\/cloud.alqueria.es\/wp-content\/uploads\/sites\/12\/2021\/02\/IMG_8804.jpg\" class=\"attachment-large size-large\" alt=\"\" srcset=\"https:\/\/cloud.alqueria.es\/wp-content\/uploads\/sites\/12\/2021\/02\/IMG_8804.jpg 768w, https:\/\/cloud.alqueria.es\/wp-content\/uploads\/sites\/12\/2021\/02\/IMG_8804-225x300.jpg 225w\" sizes=\"(max-width: 474px) 100vw, 474px\" data-attachment-id=\"32440\" data-permalink=\"https:\/\/www.alqueria.es\/blogs\/alqueriaartistica\/2021\/02\/11\/el-clan-que-me-habita\/img_8804-2\/\" data-orig-file=\"https:\/\/cloud.alqueria.es\/wp-content\/uploads\/sites\/12\/2021\/02\/IMG_8804.jpg\" data-orig-size=\"768,1024\" data-comments-opened=\"1\" data-image-meta=\"{&quot;aperture&quot;:&quot;2.7&quot;,&quot;credit&quot;:&quot;&quot;,&quot;camera&quot;:&quot;Canon IXUS 125 HS&quot;,&quot;caption&quot;:&quot;&quot;,&quot;created_timestamp&quot;:&quot;1612888090&quot;,&quot;copyright&quot;:&quot;&quot;,&quot;focal_length&quot;:&quot;4.3&quot;,&quot;iso&quot;:&quot;100&quot;,&quot;shutter_speed&quot;:&quot;0.02&quot;,&quot;title&quot;:&quot;&quot;,&quot;orientation&quot;:&quot;1&quot;}\" data-image-title=\"IMG_8804\" data-image-description=\"\" data-image-caption=\"\" data-large-file=\"https:\/\/cloud.alqueria.es\/wp-content\/uploads\/sites\/12\/2021\/02\/IMG_8804.jpg\" \/><\/a>\n\t\t\t<\/div><\/figure><figure class='gallery-item'>\n\t\t\t<div class='gallery-icon portrait'>\n\t\t\t\t<a href='https:\/\/www.alqueria.es\/blogs\/alqueriaartistica\/2021\/02\/11\/el-clan-que-me-habita\/img_8805-2\/'><img decoding=\"async\" width=\"474\" height=\"632\" src=\"https:\/\/cloud.alqueria.es\/wp-content\/uploads\/sites\/12\/2021\/02\/IMG_8805.jpg\" class=\"attachment-large size-large\" alt=\"\" srcset=\"https:\/\/cloud.alqueria.es\/wp-content\/uploads\/sites\/12\/2021\/02\/IMG_8805.jpg 768w, https:\/\/cloud.alqueria.es\/wp-content\/uploads\/sites\/12\/2021\/02\/IMG_8805-225x300.jpg 225w\" sizes=\"(max-width: 474px) 100vw, 474px\" data-attachment-id=\"32439\" data-permalink=\"https:\/\/www.alqueria.es\/blogs\/alqueriaartistica\/2021\/02\/11\/el-clan-que-me-habita\/img_8805-2\/\" data-orig-file=\"https:\/\/cloud.alqueria.es\/wp-content\/uploads\/sites\/12\/2021\/02\/IMG_8805.jpg\" data-orig-size=\"768,1024\" data-comments-opened=\"1\" data-image-meta=\"{&quot;aperture&quot;:&quot;2.7&quot;,&quot;credit&quot;:&quot;&quot;,&quot;camera&quot;:&quot;Canon IXUS 125 HS&quot;,&quot;caption&quot;:&quot;&quot;,&quot;created_timestamp&quot;:&quot;1612888093&quot;,&quot;copyright&quot;:&quot;&quot;,&quot;focal_length&quot;:&quot;4.3&quot;,&quot;iso&quot;:&quot;100&quot;,&quot;shutter_speed&quot;:&quot;0.02&quot;,&quot;title&quot;:&quot;&quot;,&quot;orientation&quot;:&quot;1&quot;}\" data-image-title=\"IMG_8805\" data-image-description=\"\" data-image-caption=\"\" data-large-file=\"https:\/\/cloud.alqueria.es\/wp-content\/uploads\/sites\/12\/2021\/02\/IMG_8805.jpg\" \/><\/a>\n\t\t\t<\/div><\/figure><figure class='gallery-item'>\n\t\t\t<div class='gallery-icon portrait'>\n\t\t\t\t<a href='https:\/\/www.alqueria.es\/blogs\/alqueriaartistica\/2021\/02\/11\/el-clan-que-me-habita\/img_8827-3\/'><img decoding=\"async\" width=\"474\" height=\"632\" src=\"https:\/\/cloud.alqueria.es\/wp-content\/uploads\/sites\/12\/2021\/02\/IMG_8827.jpg\" class=\"attachment-large size-large\" alt=\"\" srcset=\"https:\/\/cloud.alqueria.es\/wp-content\/uploads\/sites\/12\/2021\/02\/IMG_8827.jpg 768w, https:\/\/cloud.alqueria.es\/wp-content\/uploads\/sites\/12\/2021\/02\/IMG_8827-225x300.jpg 225w\" sizes=\"(max-width: 474px) 100vw, 474px\" data-attachment-id=\"32436\" data-permalink=\"https:\/\/www.alqueria.es\/blogs\/alqueriaartistica\/2021\/02\/11\/el-clan-que-me-habita\/img_8827-3\/\" data-orig-file=\"https:\/\/cloud.alqueria.es\/wp-content\/uploads\/sites\/12\/2021\/02\/IMG_8827.jpg\" data-orig-size=\"768,1024\" data-comments-opened=\"1\" data-image-meta=\"{&quot;aperture&quot;:&quot;2.7&quot;,&quot;credit&quot;:&quot;&quot;,&quot;camera&quot;:&quot;Canon IXUS 125 HS&quot;,&quot;caption&quot;:&quot;&quot;,&quot;created_timestamp&quot;:&quot;1612888304&quot;,&quot;copyright&quot;:&quot;&quot;,&quot;focal_length&quot;:&quot;4.3&quot;,&quot;iso&quot;:&quot;400&quot;,&quot;shutter_speed&quot;:&quot;0.00625&quot;,&quot;title&quot;:&quot;&quot;,&quot;orientation&quot;:&quot;1&quot;}\" data-image-title=\"IMG_8827\" data-image-description=\"\" data-image-caption=\"\" data-large-file=\"https:\/\/cloud.alqueria.es\/wp-content\/uploads\/sites\/12\/2021\/02\/IMG_8827.jpg\" \/><\/a>\n\t\t\t<\/div><\/figure><figure class='gallery-item'>\n\t\t\t<div class='gallery-icon portrait'>\n\t\t\t\t<a href='https:\/\/www.alqueria.es\/blogs\/alqueriaartistica\/2021\/02\/11\/el-clan-que-me-habita\/img_8830-2\/'><img decoding=\"async\" width=\"474\" height=\"632\" src=\"https:\/\/cloud.alqueria.es\/wp-content\/uploads\/sites\/12\/2021\/02\/IMG_8830.jpg\" class=\"attachment-large size-large\" alt=\"\" srcset=\"https:\/\/cloud.alqueria.es\/wp-content\/uploads\/sites\/12\/2021\/02\/IMG_8830.jpg 768w, https:\/\/cloud.alqueria.es\/wp-content\/uploads\/sites\/12\/2021\/02\/IMG_8830-225x300.jpg 225w\" sizes=\"(max-width: 474px) 100vw, 474px\" data-attachment-id=\"32433\" data-permalink=\"https:\/\/www.alqueria.es\/blogs\/alqueriaartistica\/2021\/02\/11\/el-clan-que-me-habita\/img_8830-2\/\" data-orig-file=\"https:\/\/cloud.alqueria.es\/wp-content\/uploads\/sites\/12\/2021\/02\/IMG_8830.jpg\" data-orig-size=\"768,1024\" data-comments-opened=\"1\" data-image-meta=\"{&quot;aperture&quot;:&quot;2.7&quot;,&quot;credit&quot;:&quot;&quot;,&quot;camera&quot;:&quot;Canon IXUS 125 HS&quot;,&quot;caption&quot;:&quot;&quot;,&quot;created_timestamp&quot;:&quot;1612888314&quot;,&quot;copyright&quot;:&quot;&quot;,&quot;focal_length&quot;:&quot;4.3&quot;,&quot;iso&quot;:&quot;400&quot;,&quot;shutter_speed&quot;:&quot;0.008&quot;,&quot;title&quot;:&quot;&quot;,&quot;orientation&quot;:&quot;1&quot;}\" data-image-title=\"IMG_8830\" data-image-description=\"\" data-image-caption=\"\" data-large-file=\"https:\/\/cloud.alqueria.es\/wp-content\/uploads\/sites\/12\/2021\/02\/IMG_8830.jpg\" \/><\/a>\n\t\t\t<\/div><\/figure><figure class='gallery-item'>\n\t\t\t<div class='gallery-icon portrait'>\n\t\t\t\t<a href='https:\/\/www.alqueria.es\/blogs\/alqueriaartistica\/2021\/02\/11\/el-clan-que-me-habita\/img_8837-3\/'><img decoding=\"async\" width=\"474\" height=\"632\" src=\"https:\/\/cloud.alqueria.es\/wp-content\/uploads\/sites\/12\/2021\/02\/IMG_8837.jpg\" class=\"attachment-large size-large\" alt=\"\" srcset=\"https:\/\/cloud.alqueria.es\/wp-content\/uploads\/sites\/12\/2021\/02\/IMG_8837.jpg 768w, https:\/\/cloud.alqueria.es\/wp-content\/uploads\/sites\/12\/2021\/02\/IMG_8837-225x300.jpg 225w\" sizes=\"(max-width: 474px) 100vw, 474px\" data-attachment-id=\"32431\" data-permalink=\"https:\/\/www.alqueria.es\/blogs\/alqueriaartistica\/2021\/02\/11\/el-clan-que-me-habita\/img_8837-3\/\" data-orig-file=\"https:\/\/cloud.alqueria.es\/wp-content\/uploads\/sites\/12\/2021\/02\/IMG_8837.jpg\" data-orig-size=\"768,1024\" data-comments-opened=\"1\" data-image-meta=\"{&quot;aperture&quot;:&quot;2.7&quot;,&quot;credit&quot;:&quot;&quot;,&quot;camera&quot;:&quot;Canon IXUS 125 HS&quot;,&quot;caption&quot;:&quot;&quot;,&quot;created_timestamp&quot;:&quot;1612888470&quot;,&quot;copyright&quot;:&quot;&quot;,&quot;focal_length&quot;:&quot;4.3&quot;,&quot;iso&quot;:&quot;100&quot;,&quot;shutter_speed&quot;:&quot;0.033333333333333&quot;,&quot;title&quot;:&quot;&quot;,&quot;orientation&quot;:&quot;1&quot;}\" data-image-title=\"IMG_8837\" data-image-description=\"\" data-image-caption=\"\" data-large-file=\"https:\/\/cloud.alqueria.es\/wp-content\/uploads\/sites\/12\/2021\/02\/IMG_8837.jpg\" \/><\/a>\n\t\t\t<\/div><\/figure><figure class='gallery-item'>\n\t\t\t<div class='gallery-icon portrait'>\n\t\t\t\t<a href='https:\/\/www.alqueria.es\/blogs\/alqueriaartistica\/2021\/02\/11\/el-clan-que-me-habita\/img_8829-2\/'><img decoding=\"async\" width=\"474\" height=\"632\" src=\"https:\/\/cloud.alqueria.es\/wp-content\/uploads\/sites\/12\/2021\/02\/IMG_8829.jpg\" class=\"attachment-large size-large\" alt=\"\" srcset=\"https:\/\/cloud.alqueria.es\/wp-content\/uploads\/sites\/12\/2021\/02\/IMG_8829.jpg 768w, https:\/\/cloud.alqueria.es\/wp-content\/uploads\/sites\/12\/2021\/02\/IMG_8829-225x300.jpg 225w\" sizes=\"(max-width: 474px) 100vw, 474px\" data-attachment-id=\"32434\" data-permalink=\"https:\/\/www.alqueria.es\/blogs\/alqueriaartistica\/2021\/02\/11\/el-clan-que-me-habita\/img_8829-2\/\" data-orig-file=\"https:\/\/cloud.alqueria.es\/wp-content\/uploads\/sites\/12\/2021\/02\/IMG_8829.jpg\" data-orig-size=\"768,1024\" data-comments-opened=\"1\" data-image-meta=\"{&quot;aperture&quot;:&quot;2.7&quot;,&quot;credit&quot;:&quot;&quot;,&quot;camera&quot;:&quot;Canon IXUS 125 HS&quot;,&quot;caption&quot;:&quot;&quot;,&quot;created_timestamp&quot;:&quot;1612888311&quot;,&quot;copyright&quot;:&quot;&quot;,&quot;focal_length&quot;:&quot;4.3&quot;,&quot;iso&quot;:&quot;400&quot;,&quot;shutter_speed&quot;:&quot;0.008&quot;,&quot;title&quot;:&quot;&quot;,&quot;orientation&quot;:&quot;1&quot;}\" data-image-title=\"IMG_8829\" data-image-description=\"\" data-image-caption=\"\" data-large-file=\"https:\/\/cloud.alqueria.es\/wp-content\/uploads\/sites\/12\/2021\/02\/IMG_8829.jpg\" \/><\/a>\n\t\t\t<\/div><\/figure><figure class='gallery-item'>\n\t\t\t<div class='gallery-icon portrait'>\n\t\t\t\t<a href='https:\/\/www.alqueria.es\/blogs\/alqueriaartistica\/2021\/02\/11\/el-clan-que-me-habita\/img_8838-3\/'><img decoding=\"async\" width=\"474\" height=\"632\" src=\"https:\/\/cloud.alqueria.es\/wp-content\/uploads\/sites\/12\/2021\/02\/IMG_8838.jpg\" class=\"attachment-large size-large\" alt=\"\" srcset=\"https:\/\/cloud.alqueria.es\/wp-content\/uploads\/sites\/12\/2021\/02\/IMG_8838.jpg 768w, https:\/\/cloud.alqueria.es\/wp-content\/uploads\/sites\/12\/2021\/02\/IMG_8838-225x300.jpg 225w\" sizes=\"(max-width: 474px) 100vw, 474px\" data-attachment-id=\"32430\" data-permalink=\"https:\/\/www.alqueria.es\/blogs\/alqueriaartistica\/2021\/02\/11\/el-clan-que-me-habita\/img_8838-3\/\" data-orig-file=\"https:\/\/cloud.alqueria.es\/wp-content\/uploads\/sites\/12\/2021\/02\/IMG_8838.jpg\" data-orig-size=\"768,1024\" data-comments-opened=\"1\" data-image-meta=\"{&quot;aperture&quot;:&quot;2.7&quot;,&quot;credit&quot;:&quot;&quot;,&quot;camera&quot;:&quot;Canon IXUS 125 HS&quot;,&quot;caption&quot;:&quot;&quot;,&quot;created_timestamp&quot;:&quot;1612888475&quot;,&quot;copyright&quot;:&quot;&quot;,&quot;focal_length&quot;:&quot;4.3&quot;,&quot;iso&quot;:&quot;100&quot;,&quot;shutter_speed&quot;:&quot;0.025&quot;,&quot;title&quot;:&quot;&quot;,&quot;orientation&quot;:&quot;1&quot;}\" data-image-title=\"IMG_8838\" data-image-description=\"\" data-image-caption=\"\" data-large-file=\"https:\/\/cloud.alqueria.es\/wp-content\/uploads\/sites\/12\/2021\/02\/IMG_8838.jpg\" \/><\/a>\n\t\t\t<\/div><\/figure><figure class='gallery-item'>\n\t\t\t<div class='gallery-icon portrait'>\n\t\t\t\t<a href='https:\/\/www.alqueria.es\/blogs\/alqueriaartistica\/2021\/02\/11\/el-clan-que-me-habita\/img_8840-3\/'><img decoding=\"async\" width=\"474\" height=\"670\" src=\"https:\/\/cloud.alqueria.es\/wp-content\/uploads\/sites\/12\/2021\/02\/IMG_8840.jpg\" class=\"attachment-large size-large\" alt=\"\" srcset=\"https:\/\/cloud.alqueria.es\/wp-content\/uploads\/sites\/12\/2021\/02\/IMG_8840.jpg 724w, https:\/\/cloud.alqueria.es\/wp-content\/uploads\/sites\/12\/2021\/02\/IMG_8840-212x300.jpg 212w\" sizes=\"(max-width: 474px) 100vw, 474px\" data-attachment-id=\"32423\" data-permalink=\"https:\/\/www.alqueria.es\/blogs\/alqueriaartistica\/2021\/02\/11\/el-clan-que-me-habita\/img_8840-3\/\" data-orig-file=\"https:\/\/cloud.alqueria.es\/wp-content\/uploads\/sites\/12\/2021\/02\/IMG_8840.jpg\" data-orig-size=\"724,1024\" data-comments-opened=\"1\" data-image-meta=\"{&quot;aperture&quot;:&quot;2.7&quot;,&quot;credit&quot;:&quot;&quot;,&quot;camera&quot;:&quot;Canon IXUS 125 HS&quot;,&quot;caption&quot;:&quot;&quot;,&quot;created_timestamp&quot;:&quot;1612888483&quot;,&quot;copyright&quot;:&quot;&quot;,&quot;focal_length&quot;:&quot;4.3&quot;,&quot;iso&quot;:&quot;100&quot;,&quot;shutter_speed&quot;:&quot;0.033333333333333&quot;,&quot;title&quot;:&quot;&quot;,&quot;orientation&quot;:&quot;0&quot;}\" data-image-title=\"IMG_8840\" data-image-description=\"\" data-image-caption=\"\" data-large-file=\"https:\/\/cloud.alqueria.es\/wp-content\/uploads\/sites\/12\/2021\/02\/IMG_8840.jpg\" \/><\/a>\n\t\t\t<\/div><\/figure><figure class='gallery-item'>\n\t\t\t<div class='gallery-icon portrait'>\n\t\t\t\t<a href='https:\/\/www.alqueria.es\/blogs\/alqueriaartistica\/2021\/02\/11\/el-clan-que-me-habita\/img_8861-3\/'><img decoding=\"async\" width=\"474\" height=\"632\" src=\"https:\/\/cloud.alqueria.es\/wp-content\/uploads\/sites\/12\/2021\/02\/IMG_8861.jpg\" class=\"attachment-large size-large\" alt=\"\" srcset=\"https:\/\/cloud.alqueria.es\/wp-content\/uploads\/sites\/12\/2021\/02\/IMG_8861.jpg 768w, https:\/\/cloud.alqueria.es\/wp-content\/uploads\/sites\/12\/2021\/02\/IMG_8861-225x300.jpg 225w\" sizes=\"(max-width: 474px) 100vw, 474px\" data-attachment-id=\"32428\" data-permalink=\"https:\/\/www.alqueria.es\/blogs\/alqueriaartistica\/2021\/02\/11\/el-clan-que-me-habita\/img_8861-3\/\" data-orig-file=\"https:\/\/cloud.alqueria.es\/wp-content\/uploads\/sites\/12\/2021\/02\/IMG_8861.jpg\" data-orig-size=\"768,1024\" data-comments-opened=\"1\" data-image-meta=\"{&quot;aperture&quot;:&quot;2.7&quot;,&quot;credit&quot;:&quot;&quot;,&quot;camera&quot;:&quot;Canon IXUS 125 HS&quot;,&quot;caption&quot;:&quot;&quot;,&quot;created_timestamp&quot;:&quot;1612888606&quot;,&quot;copyright&quot;:&quot;&quot;,&quot;focal_length&quot;:&quot;4.3&quot;,&quot;iso&quot;:&quot;400&quot;,&quot;shutter_speed&quot;:&quot;0.004&quot;,&quot;title&quot;:&quot;&quot;,&quot;orientation&quot;:&quot;1&quot;}\" data-image-title=\"IMG_8861\" data-image-description=\"\" data-image-caption=\"\" data-large-file=\"https:\/\/cloud.alqueria.es\/wp-content\/uploads\/sites\/12\/2021\/02\/IMG_8861.jpg\" \/><\/a>\n\t\t\t<\/div><\/figure><figure class='gallery-item'>\n\t\t\t<div class='gallery-icon portrait'>\n\t\t\t\t<a href='https:\/\/www.alqueria.es\/blogs\/alqueriaartistica\/2021\/02\/11\/el-clan-que-me-habita\/img_8807\/'><img decoding=\"async\" width=\"474\" height=\"588\" src=\"https:\/\/cloud.alqueria.es\/wp-content\/uploads\/sites\/12\/2021\/02\/IMG_8807.jpg\" class=\"attachment-large size-large\" alt=\"\" srcset=\"https:\/\/cloud.alqueria.es\/wp-content\/uploads\/sites\/12\/2021\/02\/IMG_8807.jpg 826w, https:\/\/cloud.alqueria.es\/wp-content\/uploads\/sites\/12\/2021\/02\/IMG_8807-242x300.jpg 242w, https:\/\/cloud.alqueria.es\/wp-content\/uploads\/sites\/12\/2021\/02\/IMG_8807-768x952.jpg 768w\" sizes=\"(max-width: 474px) 100vw, 474px\" data-attachment-id=\"32424\" data-permalink=\"https:\/\/www.alqueria.es\/blogs\/alqueriaartistica\/2021\/02\/11\/el-clan-que-me-habita\/img_8807\/\" data-orig-file=\"https:\/\/cloud.alqueria.es\/wp-content\/uploads\/sites\/12\/2021\/02\/IMG_8807.jpg\" data-orig-size=\"826,1024\" data-comments-opened=\"1\" data-image-meta=\"{&quot;aperture&quot;:&quot;2.7&quot;,&quot;credit&quot;:&quot;&quot;,&quot;camera&quot;:&quot;Canon IXUS 125 HS&quot;,&quot;caption&quot;:&quot;&quot;,&quot;created_timestamp&quot;:&quot;1612888100&quot;,&quot;copyright&quot;:&quot;&quot;,&quot;focal_length&quot;:&quot;4.3&quot;,&quot;iso&quot;:&quot;100&quot;,&quot;shutter_speed&quot;:&quot;0.02&quot;,&quot;title&quot;:&quot;&quot;,&quot;orientation&quot;:&quot;0&quot;}\" data-image-title=\"IMG_8807\" data-image-description=\"\" data-image-caption=\"\" data-large-file=\"https:\/\/cloud.alqueria.es\/wp-content\/uploads\/sites\/12\/2021\/02\/IMG_8807.jpg\" \/><\/a>\n\t\t\t<\/div><\/figure><figure class='gallery-item'>\n\t\t\t<div class='gallery-icon portrait'>\n\t\t\t\t<a href='https:\/\/www.alqueria.es\/blogs\/alqueriaartistica\/2021\/02\/11\/el-clan-que-me-habita\/img_8836-2\/'><img decoding=\"async\" width=\"474\" height=\"632\" src=\"https:\/\/cloud.alqueria.es\/wp-content\/uploads\/sites\/12\/2021\/02\/IMG_8836.jpg\" class=\"attachment-large size-large\" alt=\"\" srcset=\"https:\/\/cloud.alqueria.es\/wp-content\/uploads\/sites\/12\/2021\/02\/IMG_8836.jpg 768w, https:\/\/cloud.alqueria.es\/wp-content\/uploads\/sites\/12\/2021\/02\/IMG_8836-225x300.jpg 225w\" sizes=\"(max-width: 474px) 100vw, 474px\" data-attachment-id=\"32432\" data-permalink=\"https:\/\/www.alqueria.es\/blogs\/alqueriaartistica\/2021\/02\/11\/el-clan-que-me-habita\/img_8836-2\/\" data-orig-file=\"https:\/\/cloud.alqueria.es\/wp-content\/uploads\/sites\/12\/2021\/02\/IMG_8836.jpg\" data-orig-size=\"768,1024\" data-comments-opened=\"1\" data-image-meta=\"{&quot;aperture&quot;:&quot;2.7&quot;,&quot;credit&quot;:&quot;&quot;,&quot;camera&quot;:&quot;Canon IXUS 125 HS&quot;,&quot;caption&quot;:&quot;&quot;,&quot;created_timestamp&quot;:&quot;1612888468&quot;,&quot;copyright&quot;:&quot;&quot;,&quot;focal_length&quot;:&quot;4.3&quot;,&quot;iso&quot;:&quot;100&quot;,&quot;shutter_speed&quot;:&quot;0.025&quot;,&quot;title&quot;:&quot;&quot;,&quot;orientation&quot;:&quot;1&quot;}\" data-image-title=\"IMG_8836\" data-image-description=\"\" data-image-caption=\"\" data-large-file=\"https:\/\/cloud.alqueria.es\/wp-content\/uploads\/sites\/12\/2021\/02\/IMG_8836.jpg\" \/><\/a>\n\t\t\t<\/div><\/figure><figure class='gallery-item'>\n\t\t\t<div class='gallery-icon portrait'>\n\t\t\t\t<a href='https:\/\/www.alqueria.es\/blogs\/alqueriaartistica\/2021\/02\/11\/el-clan-que-me-habita\/img_8806-2\/'><img decoding=\"async\" width=\"474\" height=\"632\" src=\"https:\/\/cloud.alqueria.es\/wp-content\/uploads\/sites\/12\/2021\/02\/IMG_8806.jpg\" class=\"attachment-large size-large\" alt=\"\" srcset=\"https:\/\/cloud.alqueria.es\/wp-content\/uploads\/sites\/12\/2021\/02\/IMG_8806.jpg 768w, https:\/\/cloud.alqueria.es\/wp-content\/uploads\/sites\/12\/2021\/02\/IMG_8806-225x300.jpg 225w\" sizes=\"(max-width: 474px) 100vw, 474px\" data-attachment-id=\"32438\" data-permalink=\"https:\/\/www.alqueria.es\/blogs\/alqueriaartistica\/2021\/02\/11\/el-clan-que-me-habita\/img_8806-2\/\" data-orig-file=\"https:\/\/cloud.alqueria.es\/wp-content\/uploads\/sites\/12\/2021\/02\/IMG_8806.jpg\" data-orig-size=\"768,1024\" data-comments-opened=\"1\" data-image-meta=\"{&quot;aperture&quot;:&quot;2.7&quot;,&quot;credit&quot;:&quot;&quot;,&quot;camera&quot;:&quot;Canon IXUS 125 HS&quot;,&quot;caption&quot;:&quot;&quot;,&quot;created_timestamp&quot;:&quot;1612888097&quot;,&quot;copyright&quot;:&quot;&quot;,&quot;focal_length&quot;:&quot;4.3&quot;,&quot;iso&quot;:&quot;100&quot;,&quot;shutter_speed&quot;:&quot;0.02&quot;,&quot;title&quot;:&quot;&quot;,&quot;orientation&quot;:&quot;1&quot;}\" data-image-title=\"IMG_8806\" data-image-description=\"\" data-image-caption=\"\" data-large-file=\"https:\/\/cloud.alqueria.es\/wp-content\/uploads\/sites\/12\/2021\/02\/IMG_8806.jpg\" \/><\/a>\n\t\t\t<\/div><\/figure><figure class='gallery-item'>\n\t\t\t<div class='gallery-icon portrait'>\n\t\t\t\t<a href='https:\/\/www.alqueria.es\/blogs\/alqueriaartistica\/2021\/02\/11\/el-clan-que-me-habita\/img_8833-3\/'><img decoding=\"async\" width=\"474\" height=\"632\" src=\"https:\/\/cloud.alqueria.es\/wp-content\/uploads\/sites\/12\/2021\/02\/IMG_8833.jpg\" class=\"attachment-large size-large\" alt=\"\" srcset=\"https:\/\/cloud.alqueria.es\/wp-content\/uploads\/sites\/12\/2021\/02\/IMG_8833.jpg 768w, https:\/\/cloud.alqueria.es\/wp-content\/uploads\/sites\/12\/2021\/02\/IMG_8833-225x300.jpg 225w\" sizes=\"(max-width: 474px) 100vw, 474px\" data-attachment-id=\"32422\" data-permalink=\"https:\/\/www.alqueria.es\/blogs\/alqueriaartistica\/2021\/02\/11\/el-clan-que-me-habita\/img_8833-3\/\" data-orig-file=\"https:\/\/cloud.alqueria.es\/wp-content\/uploads\/sites\/12\/2021\/02\/IMG_8833.jpg\" data-orig-size=\"768,1024\" data-comments-opened=\"1\" data-image-meta=\"{&quot;aperture&quot;:&quot;2.7&quot;,&quot;credit&quot;:&quot;&quot;,&quot;camera&quot;:&quot;Canon IXUS 125 HS&quot;,&quot;caption&quot;:&quot;&quot;,&quot;created_timestamp&quot;:&quot;1612888450&quot;,&quot;copyright&quot;:&quot;&quot;,&quot;focal_length&quot;:&quot;4.3&quot;,&quot;iso&quot;:&quot;400&quot;,&quot;shutter_speed&quot;:&quot;0.00625&quot;,&quot;title&quot;:&quot;&quot;,&quot;orientation&quot;:&quot;0&quot;}\" data-image-title=\"IMG_8833\" data-image-description=\"\" data-image-caption=\"\" data-large-file=\"https:\/\/cloud.alqueria.es\/wp-content\/uploads\/sites\/12\/2021\/02\/IMG_8833.jpg\" \/><\/a>\n\t\t\t<\/div><\/figure><figure class='gallery-item'>\n\t\t\t<div class='gallery-icon portrait'>\n\t\t\t\t<a href='https:\/\/www.alqueria.es\/blogs\/alqueriaartistica\/2021\/02\/11\/el-clan-que-me-habita\/img_8862-3\/'><img decoding=\"async\" width=\"474\" height=\"632\" src=\"https:\/\/cloud.alqueria.es\/wp-content\/uploads\/sites\/12\/2021\/02\/IMG_8862.jpg\" class=\"attachment-large size-large\" alt=\"\" srcset=\"https:\/\/cloud.alqueria.es\/wp-content\/uploads\/sites\/12\/2021\/02\/IMG_8862.jpg 768w, https:\/\/cloud.alqueria.es\/wp-content\/uploads\/sites\/12\/2021\/02\/IMG_8862-225x300.jpg 225w\" sizes=\"(max-width: 474px) 100vw, 474px\" data-attachment-id=\"32417\" data-permalink=\"https:\/\/www.alqueria.es\/blogs\/alqueriaartistica\/2021\/02\/11\/el-clan-que-me-habita\/img_8862-3\/\" data-orig-file=\"https:\/\/cloud.alqueria.es\/wp-content\/uploads\/sites\/12\/2021\/02\/IMG_8862.jpg\" data-orig-size=\"768,1024\" data-comments-opened=\"1\" data-image-meta=\"{&quot;aperture&quot;:&quot;2.7&quot;,&quot;credit&quot;:&quot;&quot;,&quot;camera&quot;:&quot;Canon IXUS 125 HS&quot;,&quot;caption&quot;:&quot;&quot;,&quot;created_timestamp&quot;:&quot;1612888627&quot;,&quot;copyright&quot;:&quot;&quot;,&quot;focal_length&quot;:&quot;4.3&quot;,&quot;iso&quot;:&quot;400&quot;,&quot;shutter_speed&quot;:&quot;0.004&quot;,&quot;title&quot;:&quot;&quot;,&quot;orientation&quot;:&quot;0&quot;}\" data-image-title=\"IMG_8862\" data-image-description=\"\" data-image-caption=\"\" data-large-file=\"https:\/\/cloud.alqueria.es\/wp-content\/uploads\/sites\/12\/2021\/02\/IMG_8862.jpg\" \/><\/a>\n\t\t\t<\/div><\/figure><figure class='gallery-item'>\n\t\t\t<div class='gallery-icon portrait'>\n\t\t\t\t<a href='https:\/\/www.alqueria.es\/blogs\/alqueriaartistica\/2021\/02\/11\/el-clan-que-me-habita\/img_8832-3\/'><img decoding=\"async\" width=\"474\" height=\"632\" src=\"https:\/\/cloud.alqueria.es\/wp-content\/uploads\/sites\/12\/2021\/02\/IMG_8832.jpg\" class=\"attachment-large size-large\" alt=\"\" srcset=\"https:\/\/cloud.alqueria.es\/wp-content\/uploads\/sites\/12\/2021\/02\/IMG_8832.jpg 768w, https:\/\/cloud.alqueria.es\/wp-content\/uploads\/sites\/12\/2021\/02\/IMG_8832-225x300.jpg 225w\" sizes=\"(max-width: 474px) 100vw, 474px\" data-attachment-id=\"32421\" data-permalink=\"https:\/\/www.alqueria.es\/blogs\/alqueriaartistica\/2021\/02\/11\/el-clan-que-me-habita\/img_8832-3\/\" data-orig-file=\"https:\/\/cloud.alqueria.es\/wp-content\/uploads\/sites\/12\/2021\/02\/IMG_8832.jpg\" data-orig-size=\"768,1024\" data-comments-opened=\"1\" data-image-meta=\"{&quot;aperture&quot;:&quot;2.7&quot;,&quot;credit&quot;:&quot;&quot;,&quot;camera&quot;:&quot;Canon IXUS 125 HS&quot;,&quot;caption&quot;:&quot;&quot;,&quot;created_timestamp&quot;:&quot;1612888447&quot;,&quot;copyright&quot;:&quot;&quot;,&quot;focal_length&quot;:&quot;4.3&quot;,&quot;iso&quot;:&quot;400&quot;,&quot;shutter_speed&quot;:&quot;0.00625&quot;,&quot;title&quot;:&quot;&quot;,&quot;orientation&quot;:&quot;0&quot;}\" data-image-title=\"IMG_8832\" data-image-description=\"\" data-image-caption=\"\" data-large-file=\"https:\/\/cloud.alqueria.es\/wp-content\/uploads\/sites\/12\/2021\/02\/IMG_8832.jpg\" \/><\/a>\n\t\t\t<\/div><\/figure><figure class='gallery-item'>\n\t\t\t<div class='gallery-icon portrait'>\n\t\t\t\t<a href='https:\/\/www.alqueria.es\/blogs\/alqueriaartistica\/2021\/02\/11\/el-clan-que-me-habita\/img_8865-4\/'><img decoding=\"async\" width=\"474\" height=\"632\" src=\"https:\/\/cloud.alqueria.es\/wp-content\/uploads\/sites\/12\/2021\/02\/IMG_8865.jpg\" class=\"attachment-large size-large\" alt=\"\" srcset=\"https:\/\/cloud.alqueria.es\/wp-content\/uploads\/sites\/12\/2021\/02\/IMG_8865.jpg 768w, https:\/\/cloud.alqueria.es\/wp-content\/uploads\/sites\/12\/2021\/02\/IMG_8865-225x300.jpg 225w\" sizes=\"(max-width: 474px) 100vw, 474px\" data-attachment-id=\"32419\" data-permalink=\"https:\/\/www.alqueria.es\/blogs\/alqueriaartistica\/2021\/02\/11\/el-clan-que-me-habita\/img_8865-4\/\" data-orig-file=\"https:\/\/cloud.alqueria.es\/wp-content\/uploads\/sites\/12\/2021\/02\/IMG_8865.jpg\" data-orig-size=\"768,1024\" data-comments-opened=\"1\" data-image-meta=\"{&quot;aperture&quot;:&quot;2.7&quot;,&quot;credit&quot;:&quot;&quot;,&quot;camera&quot;:&quot;Canon IXUS 125 HS&quot;,&quot;caption&quot;:&quot;&quot;,&quot;created_timestamp&quot;:&quot;1612888637&quot;,&quot;copyright&quot;:&quot;&quot;,&quot;focal_length&quot;:&quot;4.3&quot;,&quot;iso&quot;:&quot;400&quot;,&quot;shutter_speed&quot;:&quot;0.008&quot;,&quot;title&quot;:&quot;&quot;,&quot;orientation&quot;:&quot;0&quot;}\" data-image-title=\"IMG_8865\" data-image-description=\"\" data-image-caption=\"\" data-large-file=\"https:\/\/cloud.alqueria.es\/wp-content\/uploads\/sites\/12\/2021\/02\/IMG_8865.jpg\" \/><\/a>\n\t\t\t<\/div><\/figure><figure class='gallery-item'>\n\t\t\t<div class='gallery-icon portrait'>\n\t\t\t\t<a href='https:\/\/www.alqueria.es\/blogs\/alqueriaartistica\/2021\/02\/11\/el-clan-que-me-habita\/img_8885-4\/'><img decoding=\"async\" width=\"474\" height=\"632\" src=\"https:\/\/cloud.alqueria.es\/wp-content\/uploads\/sites\/12\/2021\/02\/IMG_8885.jpg\" class=\"attachment-large size-large\" alt=\"\" srcset=\"https:\/\/cloud.alqueria.es\/wp-content\/uploads\/sites\/12\/2021\/02\/IMG_8885.jpg 768w, https:\/\/cloud.alqueria.es\/wp-content\/uploads\/sites\/12\/2021\/02\/IMG_8885-225x300.jpg 225w\" sizes=\"(max-width: 474px) 100vw, 474px\" data-attachment-id=\"32413\" data-permalink=\"https:\/\/www.alqueria.es\/blogs\/alqueriaartistica\/2021\/02\/11\/el-clan-que-me-habita\/img_8885-4\/\" data-orig-file=\"https:\/\/cloud.alqueria.es\/wp-content\/uploads\/sites\/12\/2021\/02\/IMG_8885.jpg\" data-orig-size=\"768,1024\" data-comments-opened=\"1\" data-image-meta=\"{&quot;aperture&quot;:&quot;2.7&quot;,&quot;credit&quot;:&quot;&quot;,&quot;camera&quot;:&quot;Canon IXUS 125 HS&quot;,&quot;caption&quot;:&quot;&quot;,&quot;created_timestamp&quot;:&quot;1612888832&quot;,&quot;copyright&quot;:&quot;&quot;,&quot;focal_length&quot;:&quot;4.3&quot;,&quot;iso&quot;:&quot;125&quot;,&quot;shutter_speed&quot;:&quot;0.033333333333333&quot;,&quot;title&quot;:&quot;&quot;,&quot;orientation&quot;:&quot;1&quot;}\" data-image-title=\"IMG_8885\" data-image-description=\"\" data-image-caption=\"\" data-large-file=\"https:\/\/cloud.alqueria.es\/wp-content\/uploads\/sites\/12\/2021\/02\/IMG_8885.jpg\" \/><\/a>\n\t\t\t<\/div><\/figure><figure class='gallery-item'>\n\t\t\t<div class='gallery-icon portrait'>\n\t\t\t\t<a href='https:\/\/www.alqueria.es\/blogs\/alqueriaartistica\/2021\/02\/11\/el-clan-que-me-habita\/img_8864-4\/'><img decoding=\"async\" width=\"474\" height=\"632\" src=\"https:\/\/cloud.alqueria.es\/wp-content\/uploads\/sites\/12\/2021\/02\/IMG_8864.jpg\" class=\"attachment-large size-large\" alt=\"\" srcset=\"https:\/\/cloud.alqueria.es\/wp-content\/uploads\/sites\/12\/2021\/02\/IMG_8864.jpg 768w, https:\/\/cloud.alqueria.es\/wp-content\/uploads\/sites\/12\/2021\/02\/IMG_8864-225x300.jpg 225w\" sizes=\"(max-width: 474px) 100vw, 474px\" data-attachment-id=\"32418\" data-permalink=\"https:\/\/www.alqueria.es\/blogs\/alqueriaartistica\/2021\/02\/11\/el-clan-que-me-habita\/img_8864-4\/\" data-orig-file=\"https:\/\/cloud.alqueria.es\/wp-content\/uploads\/sites\/12\/2021\/02\/IMG_8864.jpg\" data-orig-size=\"768,1024\" data-comments-opened=\"1\" data-image-meta=\"{&quot;aperture&quot;:&quot;2.7&quot;,&quot;credit&quot;:&quot;&quot;,&quot;camera&quot;:&quot;Canon IXUS 125 HS&quot;,&quot;caption&quot;:&quot;&quot;,&quot;created_timestamp&quot;:&quot;1612888634&quot;,&quot;copyright&quot;:&quot;&quot;,&quot;focal_length&quot;:&quot;4.3&quot;,&quot;iso&quot;:&quot;400&quot;,&quot;shutter_speed&quot;:&quot;0.008&quot;,&quot;title&quot;:&quot;&quot;,&quot;orientation&quot;:&quot;0&quot;}\" data-image-title=\"IMG_8864\" data-image-description=\"\" data-image-caption=\"\" data-large-file=\"https:\/\/cloud.alqueria.es\/wp-content\/uploads\/sites\/12\/2021\/02\/IMG_8864.jpg\" \/><\/a>\n\t\t\t<\/div><\/figure><figure class='gallery-item'>\n\t\t\t<div class='gallery-icon portrait'>\n\t\t\t\t<a href='https:\/\/www.alqueria.es\/blogs\/alqueriaartistica\/2021\/02\/11\/el-clan-que-me-habita\/img_8822-3\/'><img decoding=\"async\" width=\"474\" height=\"632\" src=\"https:\/\/cloud.alqueria.es\/wp-content\/uploads\/sites\/12\/2021\/02\/IMG_8822.jpg\" class=\"attachment-large size-large\" alt=\"\" srcset=\"https:\/\/cloud.alqueria.es\/wp-content\/uploads\/sites\/12\/2021\/02\/IMG_8822.jpg 768w, https:\/\/cloud.alqueria.es\/wp-content\/uploads\/sites\/12\/2021\/02\/IMG_8822-225x300.jpg 225w\" sizes=\"(max-width: 474px) 100vw, 474px\" data-attachment-id=\"32414\" data-permalink=\"https:\/\/www.alqueria.es\/blogs\/alqueriaartistica\/2021\/02\/11\/el-clan-que-me-habita\/img_8822-3\/\" data-orig-file=\"https:\/\/cloud.alqueria.es\/wp-content\/uploads\/sites\/12\/2021\/02\/IMG_8822.jpg\" data-orig-size=\"768,1024\" data-comments-opened=\"1\" data-image-meta=\"{&quot;aperture&quot;:&quot;2.7&quot;,&quot;credit&quot;:&quot;&quot;,&quot;camera&quot;:&quot;Canon IXUS 125 HS&quot;,&quot;caption&quot;:&quot;&quot;,&quot;created_timestamp&quot;:&quot;1612888279&quot;,&quot;copyright&quot;:&quot;&quot;,&quot;focal_length&quot;:&quot;4.3&quot;,&quot;iso&quot;:&quot;100&quot;,&quot;shutter_speed&quot;:&quot;0.02&quot;,&quot;title&quot;:&quot;&quot;,&quot;orientation&quot;:&quot;1&quot;}\" data-image-title=\"IMG_8822\" data-image-description=\"\" data-image-caption=\"\" data-large-file=\"https:\/\/cloud.alqueria.es\/wp-content\/uploads\/sites\/12\/2021\/02\/IMG_8822.jpg\" \/><\/a>\n\t\t\t<\/div><\/figure><figure class='gallery-item'>\n\t\t\t<div class='gallery-icon portrait'>\n\t\t\t\t<a href='https:\/\/www.alqueria.es\/blogs\/alqueriaartistica\/2021\/02\/11\/el-clan-que-me-habita\/img_8878-3\/'><img decoding=\"async\" width=\"474\" height=\"660\" src=\"https:\/\/cloud.alqueria.es\/wp-content\/uploads\/sites\/12\/2021\/02\/IMG_8878.jpg\" class=\"attachment-large size-large\" alt=\"\" srcset=\"https:\/\/cloud.alqueria.es\/wp-content\/uploads\/sites\/12\/2021\/02\/IMG_8878.jpg 735w, https:\/\/cloud.alqueria.es\/wp-content\/uploads\/sites\/12\/2021\/02\/IMG_8878-215x300.jpg 215w\" sizes=\"(max-width: 474px) 100vw, 474px\" data-attachment-id=\"32416\" data-permalink=\"https:\/\/www.alqueria.es\/blogs\/alqueriaartistica\/2021\/02\/11\/el-clan-que-me-habita\/img_8878-3\/\" data-orig-file=\"https:\/\/cloud.alqueria.es\/wp-content\/uploads\/sites\/12\/2021\/02\/IMG_8878.jpg\" data-orig-size=\"735,1024\" data-comments-opened=\"1\" data-image-meta=\"{&quot;aperture&quot;:&quot;2.7&quot;,&quot;credit&quot;:&quot;&quot;,&quot;camera&quot;:&quot;Canon IXUS 125 HS&quot;,&quot;caption&quot;:&quot;&quot;,&quot;created_timestamp&quot;:&quot;1612888797&quot;,&quot;copyright&quot;:&quot;&quot;,&quot;focal_length&quot;:&quot;4.3&quot;,&quot;iso&quot;:&quot;125&quot;,&quot;shutter_speed&quot;:&quot;0.033333333333333&quot;,&quot;title&quot;:&quot;&quot;,&quot;orientation&quot;:&quot;0&quot;}\" data-image-title=\"IMG_8878\" data-image-description=\"\" data-image-caption=\"\" data-large-file=\"https:\/\/cloud.alqueria.es\/wp-content\/uploads\/sites\/12\/2021\/02\/IMG_8878.jpg\" \/><\/a>\n\t\t\t<\/div><\/figure><figure class='gallery-item'>\n\t\t\t<div class='gallery-icon landscape'>\n\t\t\t\t<a href='https:\/\/www.alqueria.es\/blogs\/alqueriaartistica\/2021\/02\/11\/el-clan-que-me-habita\/img_8813-4\/'><img decoding=\"async\" width=\"474\" height=\"261\" src=\"https:\/\/cloud.alqueria.es\/wp-content\/uploads\/sites\/12\/2021\/02\/IMG_8813-1.jpg\" class=\"attachment-large size-large\" alt=\"\" srcset=\"https:\/\/cloud.alqueria.es\/wp-content\/uploads\/sites\/12\/2021\/02\/IMG_8813-1.jpg 1024w, https:\/\/cloud.alqueria.es\/wp-content\/uploads\/sites\/12\/2021\/02\/IMG_8813-1-300x165.jpg 300w, https:\/\/cloud.alqueria.es\/wp-content\/uploads\/sites\/12\/2021\/02\/IMG_8813-1-768x422.jpg 768w, https:\/\/cloud.alqueria.es\/wp-content\/uploads\/sites\/12\/2021\/02\/IMG_8813-1-672x372.jpg 672w\" sizes=\"(max-width: 474px) 100vw, 474px\" data-attachment-id=\"32415\" data-permalink=\"https:\/\/www.alqueria.es\/blogs\/alqueriaartistica\/2021\/02\/11\/el-clan-que-me-habita\/img_8813-4\/\" data-orig-file=\"https:\/\/cloud.alqueria.es\/wp-content\/uploads\/sites\/12\/2021\/02\/IMG_8813-1.jpg\" data-orig-size=\"1024,563\" data-comments-opened=\"1\" data-image-meta=\"{&quot;aperture&quot;:&quot;2.7&quot;,&quot;credit&quot;:&quot;&quot;,&quot;camera&quot;:&quot;Canon IXUS 125 HS&quot;,&quot;caption&quot;:&quot;&quot;,&quot;created_timestamp&quot;:&quot;1612888147&quot;,&quot;copyright&quot;:&quot;&quot;,&quot;focal_length&quot;:&quot;4.3&quot;,&quot;iso&quot;:&quot;100&quot;,&quot;shutter_speed&quot;:&quot;0.025&quot;,&quot;title&quot;:&quot;&quot;,&quot;orientation&quot;:&quot;1&quot;}\" data-image-title=\"IMG_8813\" data-image-description=\"\" data-image-caption=\"\" data-large-file=\"https:\/\/cloud.alqueria.es\/wp-content\/uploads\/sites\/12\/2021\/02\/IMG_8813-1.jpg\" \/><\/a>\n\t\t\t<\/div><\/figure><figure class='gallery-item'>\n\t\t\t<div class='gallery-icon portrait'>\n\t\t\t\t<a href='https:\/\/www.alqueria.es\/blogs\/alqueriaartistica\/2021\/02\/11\/el-clan-que-me-habita\/img_8884-3\/'><img decoding=\"async\" width=\"474\" height=\"632\" src=\"https:\/\/cloud.alqueria.es\/wp-content\/uploads\/sites\/12\/2021\/02\/IMG_8884.jpg\" class=\"attachment-large size-large\" alt=\"\" srcset=\"https:\/\/cloud.alqueria.es\/wp-content\/uploads\/sites\/12\/2021\/02\/IMG_8884.jpg 768w, https:\/\/cloud.alqueria.es\/wp-content\/uploads\/sites\/12\/2021\/02\/IMG_8884-225x300.jpg 225w\" sizes=\"(max-width: 474px) 100vw, 474px\" data-attachment-id=\"32412\" data-permalink=\"https:\/\/www.alqueria.es\/blogs\/alqueriaartistica\/2021\/02\/11\/el-clan-que-me-habita\/img_8884-3\/\" data-orig-file=\"https:\/\/cloud.alqueria.es\/wp-content\/uploads\/sites\/12\/2021\/02\/IMG_8884.jpg\" data-orig-size=\"768,1024\" data-comments-opened=\"1\" data-image-meta=\"{&quot;aperture&quot;:&quot;2.7&quot;,&quot;credit&quot;:&quot;&quot;,&quot;camera&quot;:&quot;Canon IXUS 125 HS&quot;,&quot;caption&quot;:&quot;&quot;,&quot;created_timestamp&quot;:&quot;1612888828&quot;,&quot;copyright&quot;:&quot;&quot;,&quot;focal_length&quot;:&quot;4.3&quot;,&quot;iso&quot;:&quot;100&quot;,&quot;shutter_speed&quot;:&quot;0.033333333333333&quot;,&quot;title&quot;:&quot;&quot;,&quot;orientation&quot;:&quot;1&quot;}\" data-image-title=\"IMG_8884\" data-image-description=\"\" data-image-caption=\"\" data-large-file=\"https:\/\/cloud.alqueria.es\/wp-content\/uploads\/sites\/12\/2021\/02\/IMG_8884.jpg\" \/><\/a>\n\t\t\t<\/div><\/figure><figure class='gallery-item'>\n\t\t\t<div class='gallery-icon landscape'>\n\t\t\t\t<a href='https:\/\/www.alqueria.es\/blogs\/alqueriaartistica\/2021\/02\/11\/el-clan-que-me-habita\/img_8853-4\/'><img decoding=\"async\" width=\"474\" height=\"356\" src=\"https:\/\/cloud.alqueria.es\/wp-content\/uploads\/sites\/12\/2021\/02\/IMG_8853.jpg\" class=\"attachment-large size-large\" alt=\"\" srcset=\"https:\/\/cloud.alqueria.es\/wp-content\/uploads\/sites\/12\/2021\/02\/IMG_8853.jpg 1024w, https:\/\/cloud.alqueria.es\/wp-content\/uploads\/sites\/12\/2021\/02\/IMG_8853-300x225.jpg 300w, https:\/\/cloud.alqueria.es\/wp-content\/uploads\/sites\/12\/2021\/02\/IMG_8853-768x576.jpg 768w\" sizes=\"(max-width: 474px) 100vw, 474px\" data-attachment-id=\"32407\" data-permalink=\"https:\/\/www.alqueria.es\/blogs\/alqueriaartistica\/2021\/02\/11\/el-clan-que-me-habita\/img_8853-4\/\" data-orig-file=\"https:\/\/cloud.alqueria.es\/wp-content\/uploads\/sites\/12\/2021\/02\/IMG_8853.jpg\" data-orig-size=\"1024,768\" data-comments-opened=\"1\" data-image-meta=\"{&quot;aperture&quot;:&quot;2.7&quot;,&quot;credit&quot;:&quot;&quot;,&quot;camera&quot;:&quot;Canon IXUS 125 HS&quot;,&quot;caption&quot;:&quot;&quot;,&quot;created_timestamp&quot;:&quot;1612888572&quot;,&quot;copyright&quot;:&quot;&quot;,&quot;focal_length&quot;:&quot;4.3&quot;,&quot;iso&quot;:&quot;100&quot;,&quot;shutter_speed&quot;:&quot;0.02&quot;,&quot;title&quot;:&quot;&quot;,&quot;orientation&quot;:&quot;1&quot;}\" data-image-title=\"IMG_8853\" data-image-description=\"\" data-image-caption=\"\" data-large-file=\"https:\/\/cloud.alqueria.es\/wp-content\/uploads\/sites\/12\/2021\/02\/IMG_8853.jpg\" \/><\/a>\n\t\t\t<\/div><\/figure><figure class='gallery-item'>\n\t\t\t<div class='gallery-icon portrait'>\n\t\t\t\t<a href='https:\/\/www.alqueria.es\/blogs\/alqueriaartistica\/2021\/02\/11\/el-clan-que-me-habita\/img_8860-3\/'><img decoding=\"async\" width=\"474\" height=\"632\" src=\"https:\/\/cloud.alqueria.es\/wp-content\/uploads\/sites\/12\/2021\/02\/IMG_8860.jpg\" class=\"attachment-large size-large\" alt=\"\" srcset=\"https:\/\/cloud.alqueria.es\/wp-content\/uploads\/sites\/12\/2021\/02\/IMG_8860.jpg 768w, https:\/\/cloud.alqueria.es\/wp-content\/uploads\/sites\/12\/2021\/02\/IMG_8860-225x300.jpg 225w\" sizes=\"(max-width: 474px) 100vw, 474px\" data-attachment-id=\"32409\" data-permalink=\"https:\/\/www.alqueria.es\/blogs\/alqueriaartistica\/2021\/02\/11\/el-clan-que-me-habita\/img_8860-3\/\" data-orig-file=\"https:\/\/cloud.alqueria.es\/wp-content\/uploads\/sites\/12\/2021\/02\/IMG_8860.jpg\" data-orig-size=\"768,1024\" data-comments-opened=\"1\" data-image-meta=\"{&quot;aperture&quot;:&quot;2.7&quot;,&quot;credit&quot;:&quot;&quot;,&quot;camera&quot;:&quot;Canon IXUS 125 HS&quot;,&quot;caption&quot;:&quot;&quot;,&quot;created_timestamp&quot;:&quot;1612888602&quot;,&quot;copyright&quot;:&quot;&quot;,&quot;focal_length&quot;:&quot;4.3&quot;,&quot;iso&quot;:&quot;400&quot;,&quot;shutter_speed&quot;:&quot;0.00625&quot;,&quot;title&quot;:&quot;&quot;,&quot;orientation&quot;:&quot;1&quot;}\" data-image-title=\"IMG_8860\" data-image-description=\"\" data-image-caption=\"\" data-large-file=\"https:\/\/cloud.alqueria.es\/wp-content\/uploads\/sites\/12\/2021\/02\/IMG_8860.jpg\" \/><\/a>\n\t\t\t<\/div><\/figure><figure class='gallery-item'>\n\t\t\t<div class='gallery-icon landscape'>\n\t\t\t\t<a href='https:\/\/www.alqueria.es\/blogs\/alqueriaartistica\/2021\/02\/11\/el-clan-que-me-habita\/img_8873-3\/'><img decoding=\"async\" width=\"474\" height=\"356\" src=\"https:\/\/cloud.alqueria.es\/wp-content\/uploads\/sites\/12\/2021\/02\/IMG_8873.jpg\" class=\"attachment-large size-large\" alt=\"\" srcset=\"https:\/\/cloud.alqueria.es\/wp-content\/uploads\/sites\/12\/2021\/02\/IMG_8873.jpg 1024w, https:\/\/cloud.alqueria.es\/wp-content\/uploads\/sites\/12\/2021\/02\/IMG_8873-300x225.jpg 300w, https:\/\/cloud.alqueria.es\/wp-content\/uploads\/sites\/12\/2021\/02\/IMG_8873-768x576.jpg 768w\" sizes=\"(max-width: 474px) 100vw, 474px\" data-attachment-id=\"32406\" data-permalink=\"https:\/\/www.alqueria.es\/blogs\/alqueriaartistica\/2021\/02\/11\/el-clan-que-me-habita\/img_8873-3\/\" data-orig-file=\"https:\/\/cloud.alqueria.es\/wp-content\/uploads\/sites\/12\/2021\/02\/IMG_8873.jpg\" data-orig-size=\"1024,768\" data-comments-opened=\"1\" data-image-meta=\"{&quot;aperture&quot;:&quot;2.7&quot;,&quot;credit&quot;:&quot;&quot;,&quot;camera&quot;:&quot;Canon IXUS 125 HS&quot;,&quot;caption&quot;:&quot;&quot;,&quot;created_timestamp&quot;:&quot;1612888689&quot;,&quot;copyright&quot;:&quot;&quot;,&quot;focal_length&quot;:&quot;4.3&quot;,&quot;iso&quot;:&quot;100&quot;,&quot;shutter_speed&quot;:&quot;0.02&quot;,&quot;title&quot;:&quot;&quot;,&quot;orientation&quot;:&quot;1&quot;}\" data-image-title=\"IMG_8873\" data-image-description=\"\" data-image-caption=\"\" data-large-file=\"https:\/\/cloud.alqueria.es\/wp-content\/uploads\/sites\/12\/2021\/02\/IMG_8873.jpg\" \/><\/a>\n\t\t\t<\/div><\/figure><figure class='gallery-item'>\n\t\t\t<div class='gallery-icon portrait'>\n\t\t\t\t<a href='https:\/\/www.alqueria.es\/blogs\/alqueriaartistica\/2021\/02\/11\/el-clan-que-me-habita\/img_8883-4\/'><img decoding=\"async\" width=\"474\" height=\"632\" src=\"https:\/\/cloud.alqueria.es\/wp-content\/uploads\/sites\/12\/2021\/02\/IMG_8883.jpg\" class=\"attachment-large size-large\" alt=\"\" srcset=\"https:\/\/cloud.alqueria.es\/wp-content\/uploads\/sites\/12\/2021\/02\/IMG_8883.jpg 768w, https:\/\/cloud.alqueria.es\/wp-content\/uploads\/sites\/12\/2021\/02\/IMG_8883-225x300.jpg 225w\" sizes=\"(max-width: 474px) 100vw, 474px\" data-attachment-id=\"32411\" data-permalink=\"https:\/\/www.alqueria.es\/blogs\/alqueriaartistica\/2021\/02\/11\/el-clan-que-me-habita\/img_8883-4\/\" data-orig-file=\"https:\/\/cloud.alqueria.es\/wp-content\/uploads\/sites\/12\/2021\/02\/IMG_8883.jpg\" data-orig-size=\"768,1024\" data-comments-opened=\"1\" data-image-meta=\"{&quot;aperture&quot;:&quot;2.7&quot;,&quot;credit&quot;:&quot;&quot;,&quot;camera&quot;:&quot;Canon IXUS 125 HS&quot;,&quot;caption&quot;:&quot;&quot;,&quot;created_timestamp&quot;:&quot;1612888825&quot;,&quot;copyright&quot;:&quot;&quot;,&quot;focal_length&quot;:&quot;4.3&quot;,&quot;iso&quot;:&quot;100&quot;,&quot;shutter_speed&quot;:&quot;0.025&quot;,&quot;title&quot;:&quot;&quot;,&quot;orientation&quot;:&quot;1&quot;}\" data-image-title=\"IMG_8883\" data-image-description=\"\" data-image-caption=\"\" data-large-file=\"https:\/\/cloud.alqueria.es\/wp-content\/uploads\/sites\/12\/2021\/02\/IMG_8883.jpg\" \/><\/a>\n\t\t\t<\/div><\/figure><figure class='gallery-item'>\n\t\t\t<div class='gallery-icon landscape'>\n\t\t\t\t<a href='https:\/\/www.alqueria.es\/blogs\/alqueriaartistica\/2021\/02\/11\/el-clan-que-me-habita\/img_8874-3\/'><img decoding=\"async\" width=\"474\" height=\"356\" src=\"https:\/\/cloud.alqueria.es\/wp-content\/uploads\/sites\/12\/2021\/02\/IMG_8874.jpg\" class=\"attachment-large size-large\" alt=\"\" srcset=\"https:\/\/cloud.alqueria.es\/wp-content\/uploads\/sites\/12\/2021\/02\/IMG_8874.jpg 1024w, https:\/\/cloud.alqueria.es\/wp-content\/uploads\/sites\/12\/2021\/02\/IMG_8874-300x225.jpg 300w, https:\/\/cloud.alqueria.es\/wp-content\/uploads\/sites\/12\/2021\/02\/IMG_8874-768x576.jpg 768w\" sizes=\"(max-width: 474px) 100vw, 474px\" data-attachment-id=\"32405\" data-permalink=\"https:\/\/www.alqueria.es\/blogs\/alqueriaartistica\/2021\/02\/11\/el-clan-que-me-habita\/img_8874-3\/\" data-orig-file=\"https:\/\/cloud.alqueria.es\/wp-content\/uploads\/sites\/12\/2021\/02\/IMG_8874.jpg\" data-orig-size=\"1024,768\" data-comments-opened=\"1\" data-image-meta=\"{&quot;aperture&quot;:&quot;2.7&quot;,&quot;credit&quot;:&quot;&quot;,&quot;camera&quot;:&quot;Canon IXUS 125 HS&quot;,&quot;caption&quot;:&quot;&quot;,&quot;created_timestamp&quot;:&quot;1612888692&quot;,&quot;copyright&quot;:&quot;&quot;,&quot;focal_length&quot;:&quot;4.3&quot;,&quot;iso&quot;:&quot;100&quot;,&quot;shutter_speed&quot;:&quot;0.02&quot;,&quot;title&quot;:&quot;&quot;,&quot;orientation&quot;:&quot;1&quot;}\" data-image-title=\"IMG_8874\" data-image-description=\"\" data-image-caption=\"\" data-large-file=\"https:\/\/cloud.alqueria.es\/wp-content\/uploads\/sites\/12\/2021\/02\/IMG_8874.jpg\" \/><\/a>\n\t\t\t<\/div><\/figure><figure class='gallery-item'>\n\t\t\t<div class='gallery-icon portrait'>\n\t\t\t\t<a href='https:\/\/www.alqueria.es\/blogs\/alqueriaartistica\/2021\/02\/11\/el-clan-que-me-habita\/img_8882-3\/'><img decoding=\"async\" width=\"474\" height=\"632\" src=\"https:\/\/cloud.alqueria.es\/wp-content\/uploads\/sites\/12\/2021\/02\/IMG_8882.jpg\" class=\"attachment-large size-large\" alt=\"\" srcset=\"https:\/\/cloud.alqueria.es\/wp-content\/uploads\/sites\/12\/2021\/02\/IMG_8882.jpg 768w, https:\/\/cloud.alqueria.es\/wp-content\/uploads\/sites\/12\/2021\/02\/IMG_8882-225x300.jpg 225w\" sizes=\"(max-width: 474px) 100vw, 474px\" data-attachment-id=\"32410\" data-permalink=\"https:\/\/www.alqueria.es\/blogs\/alqueriaartistica\/2021\/02\/11\/el-clan-que-me-habita\/img_8882-3\/\" data-orig-file=\"https:\/\/cloud.alqueria.es\/wp-content\/uploads\/sites\/12\/2021\/02\/IMG_8882.jpg\" data-orig-size=\"768,1024\" data-comments-opened=\"1\" data-image-meta=\"{&quot;aperture&quot;:&quot;2.7&quot;,&quot;credit&quot;:&quot;&quot;,&quot;camera&quot;:&quot;Canon IXUS 125 HS&quot;,&quot;caption&quot;:&quot;&quot;,&quot;created_timestamp&quot;:&quot;1612888821&quot;,&quot;copyright&quot;:&quot;&quot;,&quot;focal_length&quot;:&quot;4.3&quot;,&quot;iso&quot;:&quot;100&quot;,&quot;shutter_speed&quot;:&quot;0.025&quot;,&quot;title&quot;:&quot;&quot;,&quot;orientation&quot;:&quot;1&quot;}\" data-image-title=\"IMG_8882\" data-image-description=\"\" data-image-caption=\"\" data-large-file=\"https:\/\/cloud.alqueria.es\/wp-content\/uploads\/sites\/12\/2021\/02\/IMG_8882.jpg\" \/><\/a>\n\t\t\t<\/div><\/figure><figure class='gallery-item'>\n\t\t\t<div class='gallery-icon landscape'>\n\t\t\t\t<a href='https:\/\/www.alqueria.es\/blogs\/alqueriaartistica\/2021\/02\/11\/el-clan-que-me-habita\/img_8877-2\/'><img decoding=\"async\" width=\"474\" height=\"356\" src=\"https:\/\/cloud.alqueria.es\/wp-content\/uploads\/sites\/12\/2021\/02\/IMG_8877.jpg\" class=\"attachment-large size-large\" alt=\"\" srcset=\"https:\/\/cloud.alqueria.es\/wp-content\/uploads\/sites\/12\/2021\/02\/IMG_8877.jpg 1024w, https:\/\/cloud.alqueria.es\/wp-content\/uploads\/sites\/12\/2021\/02\/IMG_8877-300x225.jpg 300w, https:\/\/cloud.alqueria.es\/wp-content\/uploads\/sites\/12\/2021\/02\/IMG_8877-768x576.jpg 768w\" sizes=\"(max-width: 474px) 100vw, 474px\" data-attachment-id=\"32404\" data-permalink=\"https:\/\/www.alqueria.es\/blogs\/alqueriaartistica\/2021\/02\/11\/el-clan-que-me-habita\/img_8877-2\/\" data-orig-file=\"https:\/\/cloud.alqueria.es\/wp-content\/uploads\/sites\/12\/2021\/02\/IMG_8877.jpg\" data-orig-size=\"1024,768\" data-comments-opened=\"1\" data-image-meta=\"{&quot;aperture&quot;:&quot;2.7&quot;,&quot;credit&quot;:&quot;&quot;,&quot;camera&quot;:&quot;Canon IXUS 125 HS&quot;,&quot;caption&quot;:&quot;&quot;,&quot;created_timestamp&quot;:&quot;1612888794&quot;,&quot;copyright&quot;:&quot;&quot;,&quot;focal_length&quot;:&quot;4.3&quot;,&quot;iso&quot;:&quot;100&quot;,&quot;shutter_speed&quot;:&quot;0.025&quot;,&quot;title&quot;:&quot;&quot;,&quot;orientation&quot;:&quot;1&quot;}\" data-image-title=\"IMG_8877\" data-image-description=\"\" data-image-caption=\"\" data-large-file=\"https:\/\/cloud.alqueria.es\/wp-content\/uploads\/sites\/12\/2021\/02\/IMG_8877.jpg\" \/><\/a>\n\t\t\t<\/div><\/figure><figure class='gallery-item'>\n\t\t\t<div class='gallery-icon landscape'>\n\t\t\t\t<a href='https:\/\/www.alqueria.es\/blogs\/alqueriaartistica\/2021\/02\/11\/el-clan-que-me-habita\/img_8858-3\/'><img decoding=\"async\" width=\"474\" height=\"356\" src=\"https:\/\/cloud.alqueria.es\/wp-content\/uploads\/sites\/12\/2021\/02\/IMG_8858.jpg\" class=\"attachment-large size-large\" alt=\"\" srcset=\"https:\/\/cloud.alqueria.es\/wp-content\/uploads\/sites\/12\/2021\/02\/IMG_8858.jpg 1024w, https:\/\/cloud.alqueria.es\/wp-content\/uploads\/sites\/12\/2021\/02\/IMG_8858-300x225.jpg 300w, https:\/\/cloud.alqueria.es\/wp-content\/uploads\/sites\/12\/2021\/02\/IMG_8858-768x576.jpg 768w\" sizes=\"(max-width: 474px) 100vw, 474px\" data-attachment-id=\"32398\" data-permalink=\"https:\/\/www.alqueria.es\/blogs\/alqueriaartistica\/2021\/02\/11\/el-clan-que-me-habita\/img_8858-3\/\" data-orig-file=\"https:\/\/cloud.alqueria.es\/wp-content\/uploads\/sites\/12\/2021\/02\/IMG_8858.jpg\" data-orig-size=\"1024,768\" data-comments-opened=\"1\" data-image-meta=\"{&quot;aperture&quot;:&quot;2.7&quot;,&quot;credit&quot;:&quot;&quot;,&quot;camera&quot;:&quot;Canon IXUS 125 HS&quot;,&quot;caption&quot;:&quot;&quot;,&quot;created_timestamp&quot;:&quot;1612888591&quot;,&quot;copyright&quot;:&quot;&quot;,&quot;focal_length&quot;:&quot;4.3&quot;,&quot;iso&quot;:&quot;400&quot;,&quot;shutter_speed&quot;:&quot;0.005&quot;,&quot;title&quot;:&quot;&quot;,&quot;orientation&quot;:&quot;0&quot;}\" data-image-title=\"IMG_8858\" data-image-description=\"\" data-image-caption=\"\" data-large-file=\"https:\/\/cloud.alqueria.es\/wp-content\/uploads\/sites\/12\/2021\/02\/IMG_8858.jpg\" \/><\/a>\n\t\t\t<\/div><\/figure><figure class='gallery-item'>\n\t\t\t<div class='gallery-icon landscape'>\n\t\t\t\t<a href='https:\/\/www.alqueria.es\/blogs\/alqueriaartistica\/2021\/02\/11\/el-clan-que-me-habita\/img_8839-3\/'><img decoding=\"async\" width=\"474\" height=\"365\" src=\"https:\/\/cloud.alqueria.es\/wp-content\/uploads\/sites\/12\/2021\/02\/IMG_8839.jpg\" class=\"attachment-large size-large\" alt=\"\" srcset=\"https:\/\/cloud.alqueria.es\/wp-content\/uploads\/sites\/12\/2021\/02\/IMG_8839.jpg 1024w, https:\/\/cloud.alqueria.es\/wp-content\/uploads\/sites\/12\/2021\/02\/IMG_8839-300x231.jpg 300w, https:\/\/cloud.alqueria.es\/wp-content\/uploads\/sites\/12\/2021\/02\/IMG_8839-768x592.jpg 768w\" sizes=\"(max-width: 474px) 100vw, 474px\" data-attachment-id=\"32400\" data-permalink=\"https:\/\/www.alqueria.es\/blogs\/alqueriaartistica\/2021\/02\/11\/el-clan-que-me-habita\/img_8839-3\/\" data-orig-file=\"https:\/\/cloud.alqueria.es\/wp-content\/uploads\/sites\/12\/2021\/02\/IMG_8839.jpg\" data-orig-size=\"1024,789\" data-comments-opened=\"1\" data-image-meta=\"{&quot;aperture&quot;:&quot;2.7&quot;,&quot;credit&quot;:&quot;&quot;,&quot;camera&quot;:&quot;Canon IXUS 125 HS&quot;,&quot;caption&quot;:&quot;&quot;,&quot;created_timestamp&quot;:&quot;1612888480&quot;,&quot;copyright&quot;:&quot;&quot;,&quot;focal_length&quot;:&quot;4.3&quot;,&quot;iso&quot;:&quot;100&quot;,&quot;shutter_speed&quot;:&quot;0.025&quot;,&quot;title&quot;:&quot;&quot;,&quot;orientation&quot;:&quot;0&quot;}\" data-image-title=\"IMG_8839\" data-image-description=\"\" data-image-caption=\"\" data-large-file=\"https:\/\/cloud.alqueria.es\/wp-content\/uploads\/sites\/12\/2021\/02\/IMG_8839.jpg\" \/><\/a>\n\t\t\t<\/div><\/figure><figure class='gallery-item'>\n\t\t\t<div class='gallery-icon landscape'>\n\t\t\t\t<a href='https:\/\/www.alqueria.es\/blogs\/alqueriaartistica\/2021\/02\/11\/el-clan-que-me-habita\/img_8824-4\/'><img decoding=\"async\" width=\"474\" height=\"356\" src=\"https:\/\/cloud.alqueria.es\/wp-content\/uploads\/sites\/12\/2021\/02\/IMG_8824.jpg\" class=\"attachment-large size-large\" alt=\"\" srcset=\"https:\/\/cloud.alqueria.es\/wp-content\/uploads\/sites\/12\/2021\/02\/IMG_8824.jpg 1024w, https:\/\/cloud.alqueria.es\/wp-content\/uploads\/sites\/12\/2021\/02\/IMG_8824-300x225.jpg 300w, https:\/\/cloud.alqueria.es\/wp-content\/uploads\/sites\/12\/2021\/02\/IMG_8824-768x576.jpg 768w\" sizes=\"(max-width: 474px) 100vw, 474px\" data-attachment-id=\"32401\" data-permalink=\"https:\/\/www.alqueria.es\/blogs\/alqueriaartistica\/2021\/02\/11\/el-clan-que-me-habita\/img_8824-4\/\" data-orig-file=\"https:\/\/cloud.alqueria.es\/wp-content\/uploads\/sites\/12\/2021\/02\/IMG_8824.jpg\" data-orig-size=\"1024,768\" data-comments-opened=\"1\" data-image-meta=\"{&quot;aperture&quot;:&quot;2.7&quot;,&quot;credit&quot;:&quot;&quot;,&quot;camera&quot;:&quot;Canon IXUS 125 HS&quot;,&quot;caption&quot;:&quot;&quot;,&quot;created_timestamp&quot;:&quot;1612888286&quot;,&quot;copyright&quot;:&quot;&quot;,&quot;focal_length&quot;:&quot;4.3&quot;,&quot;iso&quot;:&quot;100&quot;,&quot;shutter_speed&quot;:&quot;0.033333333333333&quot;,&quot;title&quot;:&quot;&quot;,&quot;orientation&quot;:&quot;0&quot;}\" data-image-title=\"IMG_8824\" data-image-description=\"\" data-image-caption=\"\" data-large-file=\"https:\/\/cloud.alqueria.es\/wp-content\/uploads\/sites\/12\/2021\/02\/IMG_8824.jpg\" \/><\/a>\n\t\t\t<\/div><\/figure><figure class='gallery-item'>\n\t\t\t<div class='gallery-icon landscape'>\n\t\t\t\t<a href='https:\/\/www.alqueria.es\/blogs\/alqueriaartistica\/2021\/02\/11\/el-clan-que-me-habita\/img_8879-4\/'><img decoding=\"async\" width=\"474\" height=\"356\" src=\"https:\/\/cloud.alqueria.es\/wp-content\/uploads\/sites\/12\/2021\/02\/IMG_8879.jpg\" class=\"attachment-large size-large\" alt=\"\" srcset=\"https:\/\/cloud.alqueria.es\/wp-content\/uploads\/sites\/12\/2021\/02\/IMG_8879.jpg 1024w, https:\/\/cloud.alqueria.es\/wp-content\/uploads\/sites\/12\/2021\/02\/IMG_8879-300x225.jpg 300w, https:\/\/cloud.alqueria.es\/wp-content\/uploads\/sites\/12\/2021\/02\/IMG_8879-768x576.jpg 768w\" sizes=\"(max-width: 474px) 100vw, 474px\" data-attachment-id=\"32403\" data-permalink=\"https:\/\/www.alqueria.es\/blogs\/alqueriaartistica\/2021\/02\/11\/el-clan-que-me-habita\/img_8879-4\/\" data-orig-file=\"https:\/\/cloud.alqueria.es\/wp-content\/uploads\/sites\/12\/2021\/02\/IMG_8879.jpg\" data-orig-size=\"1024,768\" data-comments-opened=\"1\" data-image-meta=\"{&quot;aperture&quot;:&quot;2.7&quot;,&quot;credit&quot;:&quot;&quot;,&quot;camera&quot;:&quot;Canon IXUS 125 HS&quot;,&quot;caption&quot;:&quot;&quot;,&quot;created_timestamp&quot;:&quot;1612888805&quot;,&quot;copyright&quot;:&quot;&quot;,&quot;focal_length&quot;:&quot;4.3&quot;,&quot;iso&quot;:&quot;125&quot;,&quot;shutter_speed&quot;:&quot;0.033333333333333&quot;,&quot;title&quot;:&quot;&quot;,&quot;orientation&quot;:&quot;1&quot;}\" data-image-title=\"IMG_8879\" data-image-description=\"\" data-image-caption=\"\" data-large-file=\"https:\/\/cloud.alqueria.es\/wp-content\/uploads\/sites\/12\/2021\/02\/IMG_8879.jpg\" \/><\/a>\n\t\t\t<\/div><\/figure><figure class='gallery-item'>\n\t\t\t<div class='gallery-icon landscape'>\n\t\t\t\t<a href='https:\/\/www.alqueria.es\/blogs\/alqueriaartistica\/2021\/02\/11\/el-clan-que-me-habita\/img_8816-4\/'><img decoding=\"async\" width=\"474\" height=\"356\" src=\"https:\/\/cloud.alqueria.es\/wp-content\/uploads\/sites\/12\/2021\/02\/IMG_8816.jpg\" class=\"attachment-large size-large\" alt=\"\" srcset=\"https:\/\/cloud.alqueria.es\/wp-content\/uploads\/sites\/12\/2021\/02\/IMG_8816.jpg 1024w, https:\/\/cloud.alqueria.es\/wp-content\/uploads\/sites\/12\/2021\/02\/IMG_8816-300x225.jpg 300w, https:\/\/cloud.alqueria.es\/wp-content\/uploads\/sites\/12\/2021\/02\/IMG_8816-768x576.jpg 768w\" sizes=\"(max-width: 474px) 100vw, 474px\" data-attachment-id=\"32402\" data-permalink=\"https:\/\/www.alqueria.es\/blogs\/alqueriaartistica\/2021\/02\/11\/el-clan-que-me-habita\/img_8816-4\/\" data-orig-file=\"https:\/\/cloud.alqueria.es\/wp-content\/uploads\/sites\/12\/2021\/02\/IMG_8816.jpg\" data-orig-size=\"1024,768\" data-comments-opened=\"1\" data-image-meta=\"{&quot;aperture&quot;:&quot;2.7&quot;,&quot;credit&quot;:&quot;&quot;,&quot;camera&quot;:&quot;Canon IXUS 125 HS&quot;,&quot;caption&quot;:&quot;&quot;,&quot;created_timestamp&quot;:&quot;1612888163&quot;,&quot;copyright&quot;:&quot;&quot;,&quot;focal_length&quot;:&quot;4.3&quot;,&quot;iso&quot;:&quot;100&quot;,&quot;shutter_speed&quot;:&quot;0.02&quot;,&quot;title&quot;:&quot;&quot;,&quot;orientation&quot;:&quot;0&quot;}\" data-image-title=\"IMG_8816\" data-image-description=\"\" data-image-caption=\"\" data-large-file=\"https:\/\/cloud.alqueria.es\/wp-content\/uploads\/sites\/12\/2021\/02\/IMG_8816.jpg\" \/><\/a>\n\t\t\t<\/div><\/figure><figure class='gallery-item'>\n\t\t\t<div class='gallery-icon landscape'>\n\t\t\t\t<a href='https:\/\/www.alqueria.es\/blogs\/alqueriaartistica\/2021\/02\/11\/el-clan-que-me-habita\/img_8825-3\/'><img decoding=\"async\" width=\"474\" height=\"356\" src=\"https:\/\/cloud.alqueria.es\/wp-content\/uploads\/sites\/12\/2021\/02\/IMG_8825.jpg\" class=\"attachment-large size-large\" alt=\"\" srcset=\"https:\/\/cloud.alqueria.es\/wp-content\/uploads\/sites\/12\/2021\/02\/IMG_8825.jpg 1024w, https:\/\/cloud.alqueria.es\/wp-content\/uploads\/sites\/12\/2021\/02\/IMG_8825-300x225.jpg 300w, https:\/\/cloud.alqueria.es\/wp-content\/uploads\/sites\/12\/2021\/02\/IMG_8825-768x576.jpg 768w\" sizes=\"(max-width: 474px) 100vw, 474px\" data-attachment-id=\"32399\" data-permalink=\"https:\/\/www.alqueria.es\/blogs\/alqueriaartistica\/2021\/02\/11\/el-clan-que-me-habita\/img_8825-3\/\" data-orig-file=\"https:\/\/cloud.alqueria.es\/wp-content\/uploads\/sites\/12\/2021\/02\/IMG_8825.jpg\" data-orig-size=\"1024,768\" data-comments-opened=\"1\" data-image-meta=\"{&quot;aperture&quot;:&quot;2.7&quot;,&quot;credit&quot;:&quot;&quot;,&quot;camera&quot;:&quot;Canon IXUS 125 HS&quot;,&quot;caption&quot;:&quot;&quot;,&quot;created_timestamp&quot;:&quot;1612888289&quot;,&quot;copyright&quot;:&quot;&quot;,&quot;focal_length&quot;:&quot;4.3&quot;,&quot;iso&quot;:&quot;100&quot;,&quot;shutter_speed&quot;:&quot;0.025&quot;,&quot;title&quot;:&quot;&quot;,&quot;orientation&quot;:&quot;0&quot;}\" data-image-title=\"IMG_8825\" data-image-description=\"\" data-image-caption=\"\" data-large-file=\"https:\/\/cloud.alqueria.es\/wp-content\/uploads\/sites\/12\/2021\/02\/IMG_8825.jpg\" \/><\/a>\n\t\t\t<\/div><\/figure><figure class='gallery-item'>\n\t\t\t<div class='gallery-icon landscape'>\n\t\t\t\t<a href='https:\/\/www.alqueria.es\/blogs\/alqueriaartistica\/2021\/02\/11\/el-clan-que-me-habita\/img_8814-3\/'><img decoding=\"async\" width=\"474\" height=\"270\" src=\"https:\/\/cloud.alqueria.es\/wp-content\/uploads\/sites\/12\/2021\/02\/IMG_8814.jpg\" class=\"attachment-large size-large\" alt=\"\" srcset=\"https:\/\/cloud.alqueria.es\/wp-content\/uploads\/sites\/12\/2021\/02\/IMG_8814.jpg 1024w, https:\/\/cloud.alqueria.es\/wp-content\/uploads\/sites\/12\/2021\/02\/IMG_8814-300x171.jpg 300w, https:\/\/cloud.alqueria.es\/wp-content\/uploads\/sites\/12\/2021\/02\/IMG_8814-768x437.jpg 768w\" sizes=\"(max-width: 474px) 100vw, 474px\" data-attachment-id=\"32392\" data-permalink=\"https:\/\/www.alqueria.es\/blogs\/alqueriaartistica\/2021\/02\/11\/el-clan-que-me-habita\/img_8814-3\/\" data-orig-file=\"https:\/\/cloud.alqueria.es\/wp-content\/uploads\/sites\/12\/2021\/02\/IMG_8814.jpg\" data-orig-size=\"1024,583\" data-comments-opened=\"1\" data-image-meta=\"{&quot;aperture&quot;:&quot;2.7&quot;,&quot;credit&quot;:&quot;&quot;,&quot;camera&quot;:&quot;Canon IXUS 125 HS&quot;,&quot;caption&quot;:&quot;&quot;,&quot;created_timestamp&quot;:&quot;1612888151&quot;,&quot;copyright&quot;:&quot;&quot;,&quot;focal_length&quot;:&quot;4.3&quot;,&quot;iso&quot;:&quot;100&quot;,&quot;shutter_speed&quot;:&quot;0.025&quot;,&quot;title&quot;:&quot;&quot;,&quot;orientation&quot;:&quot;1&quot;}\" data-image-title=\"IMG_8814\" data-image-description=\"\" data-image-caption=\"\" data-large-file=\"https:\/\/cloud.alqueria.es\/wp-content\/uploads\/sites\/12\/2021\/02\/IMG_8814.jpg\" \/><\/a>\n\t\t\t<\/div><\/figure><figure class='gallery-item'>\n\t\t\t<div class='gallery-icon landscape'>\n\t\t\t\t<a href='https:\/\/www.alqueria.es\/blogs\/alqueriaartistica\/2021\/02\/11\/el-clan-que-me-habita\/img_8857-3\/'><img decoding=\"async\" width=\"474\" height=\"356\" src=\"https:\/\/cloud.alqueria.es\/wp-content\/uploads\/sites\/12\/2021\/02\/IMG_8857.jpg\" class=\"attachment-large size-large\" alt=\"\" srcset=\"https:\/\/cloud.alqueria.es\/wp-content\/uploads\/sites\/12\/2021\/02\/IMG_8857.jpg 1024w, https:\/\/cloud.alqueria.es\/wp-content\/uploads\/sites\/12\/2021\/02\/IMG_8857-300x225.jpg 300w, https:\/\/cloud.alqueria.es\/wp-content\/uploads\/sites\/12\/2021\/02\/IMG_8857-768x576.jpg 768w\" sizes=\"(max-width: 474px) 100vw, 474px\" data-attachment-id=\"32397\" data-permalink=\"https:\/\/www.alqueria.es\/blogs\/alqueriaartistica\/2021\/02\/11\/el-clan-que-me-habita\/img_8857-3\/\" data-orig-file=\"https:\/\/cloud.alqueria.es\/wp-content\/uploads\/sites\/12\/2021\/02\/IMG_8857.jpg\" data-orig-size=\"1024,768\" data-comments-opened=\"1\" data-image-meta=\"{&quot;aperture&quot;:&quot;2.7&quot;,&quot;credit&quot;:&quot;&quot;,&quot;camera&quot;:&quot;Canon IXUS 125 HS&quot;,&quot;caption&quot;:&quot;&quot;,&quot;created_timestamp&quot;:&quot;1612888588&quot;,&quot;copyright&quot;:&quot;&quot;,&quot;focal_length&quot;:&quot;4.3&quot;,&quot;iso&quot;:&quot;400&quot;,&quot;shutter_speed&quot;:&quot;0.005&quot;,&quot;title&quot;:&quot;&quot;,&quot;orientation&quot;:&quot;0&quot;}\" data-image-title=\"IMG_8857\" data-image-description=\"\" data-image-caption=\"\" data-large-file=\"https:\/\/cloud.alqueria.es\/wp-content\/uploads\/sites\/12\/2021\/02\/IMG_8857.jpg\" \/><\/a>\n\t\t\t<\/div><\/figure><figure class='gallery-item'>\n\t\t\t<div class='gallery-icon landscape'>\n\t\t\t\t<a href='https:\/\/www.alqueria.es\/blogs\/alqueriaartistica\/2021\/02\/11\/el-clan-que-me-habita\/img_8811-3\/'><img decoding=\"async\" width=\"474\" height=\"356\" src=\"https:\/\/cloud.alqueria.es\/wp-content\/uploads\/sites\/12\/2021\/02\/IMG_8811.jpg\" class=\"attachment-large size-large\" alt=\"\" srcset=\"https:\/\/cloud.alqueria.es\/wp-content\/uploads\/sites\/12\/2021\/02\/IMG_8811.jpg 1024w, https:\/\/cloud.alqueria.es\/wp-content\/uploads\/sites\/12\/2021\/02\/IMG_8811-300x225.jpg 300w, https:\/\/cloud.alqueria.es\/wp-content\/uploads\/sites\/12\/2021\/02\/IMG_8811-768x576.jpg 768w\" sizes=\"(max-width: 474px) 100vw, 474px\" data-attachment-id=\"32389\" data-permalink=\"https:\/\/www.alqueria.es\/blogs\/alqueriaartistica\/2021\/02\/11\/el-clan-que-me-habita\/img_8811-3\/\" data-orig-file=\"https:\/\/cloud.alqueria.es\/wp-content\/uploads\/sites\/12\/2021\/02\/IMG_8811.jpg\" data-orig-size=\"1024,768\" data-comments-opened=\"1\" data-image-meta=\"{&quot;aperture&quot;:&quot;2.7&quot;,&quot;credit&quot;:&quot;&quot;,&quot;camera&quot;:&quot;Canon IXUS 125 HS&quot;,&quot;caption&quot;:&quot;&quot;,&quot;created_timestamp&quot;:&quot;1612888134&quot;,&quot;copyright&quot;:&quot;&quot;,&quot;focal_length&quot;:&quot;4.3&quot;,&quot;iso&quot;:&quot;100&quot;,&quot;shutter_speed&quot;:&quot;0.025&quot;,&quot;title&quot;:&quot;&quot;,&quot;orientation&quot;:&quot;1&quot;}\" data-image-title=\"IMG_8811\" data-image-description=\"\" data-image-caption=\"\" data-large-file=\"https:\/\/cloud.alqueria.es\/wp-content\/uploads\/sites\/12\/2021\/02\/IMG_8811.jpg\" \/><\/a>\n\t\t\t<\/div><\/figure><figure class='gallery-item'>\n\t\t\t<div class='gallery-icon landscape'>\n\t\t\t\t<a href='https:\/\/www.alqueria.es\/blogs\/alqueriaartistica\/2021\/02\/11\/el-clan-que-me-habita\/img_8866-3\/'><img decoding=\"async\" width=\"474\" height=\"364\" src=\"https:\/\/cloud.alqueria.es\/wp-content\/uploads\/sites\/12\/2021\/02\/IMG_8866.jpg\" class=\"attachment-large size-large\" alt=\"\" srcset=\"https:\/\/cloud.alqueria.es\/wp-content\/uploads\/sites\/12\/2021\/02\/IMG_8866.jpg 1024w, https:\/\/cloud.alqueria.es\/wp-content\/uploads\/sites\/12\/2021\/02\/IMG_8866-300x230.jpg 300w, https:\/\/cloud.alqueria.es\/wp-content\/uploads\/sites\/12\/2021\/02\/IMG_8866-768x590.jpg 768w\" sizes=\"(max-width: 474px) 100vw, 474px\" data-attachment-id=\"32393\" data-permalink=\"https:\/\/www.alqueria.es\/blogs\/alqueriaartistica\/2021\/02\/11\/el-clan-que-me-habita\/img_8866-3\/\" data-orig-file=\"https:\/\/cloud.alqueria.es\/wp-content\/uploads\/sites\/12\/2021\/02\/IMG_8866.jpg\" data-orig-size=\"1024,786\" data-comments-opened=\"1\" data-image-meta=\"{&quot;aperture&quot;:&quot;2.7&quot;,&quot;credit&quot;:&quot;&quot;,&quot;camera&quot;:&quot;Canon IXUS 125 HS&quot;,&quot;caption&quot;:&quot;&quot;,&quot;created_timestamp&quot;:&quot;1612888656&quot;,&quot;copyright&quot;:&quot;&quot;,&quot;focal_length&quot;:&quot;4.3&quot;,&quot;iso&quot;:&quot;100&quot;,&quot;shutter_speed&quot;:&quot;0.025&quot;,&quot;title&quot;:&quot;&quot;,&quot;orientation&quot;:&quot;0&quot;}\" data-image-title=\"IMG_8866\" data-image-description=\"\" data-image-caption=\"\" data-large-file=\"https:\/\/cloud.alqueria.es\/wp-content\/uploads\/sites\/12\/2021\/02\/IMG_8866.jpg\" \/><\/a>\n\t\t\t<\/div><\/figure><figure class='gallery-item'>\n\t\t\t<div class='gallery-icon landscape'>\n\t\t\t\t<a href='https:\/\/www.alqueria.es\/blogs\/alqueriaartistica\/2021\/02\/11\/el-clan-que-me-habita\/img_8845-3\/'><img decoding=\"async\" width=\"474\" height=\"367\" src=\"https:\/\/cloud.alqueria.es\/wp-content\/uploads\/sites\/12\/2021\/02\/IMG_8845.jpg\" class=\"attachment-large size-large\" alt=\"\" srcset=\"https:\/\/cloud.alqueria.es\/wp-content\/uploads\/sites\/12\/2021\/02\/IMG_8845.jpg 1024w, https:\/\/cloud.alqueria.es\/wp-content\/uploads\/sites\/12\/2021\/02\/IMG_8845-300x232.jpg 300w, https:\/\/cloud.alqueria.es\/wp-content\/uploads\/sites\/12\/2021\/02\/IMG_8845-768x595.jpg 768w\" sizes=\"(max-width: 474px) 100vw, 474px\" data-attachment-id=\"32395\" data-permalink=\"https:\/\/www.alqueria.es\/blogs\/alqueriaartistica\/2021\/02\/11\/el-clan-que-me-habita\/img_8845-3\/\" data-orig-file=\"https:\/\/cloud.alqueria.es\/wp-content\/uploads\/sites\/12\/2021\/02\/IMG_8845.jpg\" data-orig-size=\"1024,793\" data-comments-opened=\"1\" data-image-meta=\"{&quot;aperture&quot;:&quot;2.7&quot;,&quot;credit&quot;:&quot;&quot;,&quot;camera&quot;:&quot;Canon IXUS 125 HS&quot;,&quot;caption&quot;:&quot;&quot;,&quot;created_timestamp&quot;:&quot;1612888528&quot;,&quot;copyright&quot;:&quot;&quot;,&quot;focal_length&quot;:&quot;4.3&quot;,&quot;iso&quot;:&quot;100&quot;,&quot;shutter_speed&quot;:&quot;0.02&quot;,&quot;title&quot;:&quot;&quot;,&quot;orientation&quot;:&quot;0&quot;}\" data-image-title=\"IMG_8845\" data-image-description=\"\" data-image-caption=\"\" data-large-file=\"https:\/\/cloud.alqueria.es\/wp-content\/uploads\/sites\/12\/2021\/02\/IMG_8845.jpg\" \/><\/a>\n\t\t\t<\/div><\/figure><figure class='gallery-item'>\n\t\t\t<div class='gallery-icon landscape'>\n\t\t\t\t<a href='https:\/\/www.alqueria.es\/blogs\/alqueriaartistica\/2021\/02\/11\/el-clan-que-me-habita\/img_8870-3\/'><img decoding=\"async\" width=\"474\" height=\"372\" src=\"https:\/\/cloud.alqueria.es\/wp-content\/uploads\/sites\/12\/2021\/02\/IMG_8870.jpg\" class=\"attachment-large size-large\" alt=\"\" srcset=\"https:\/\/cloud.alqueria.es\/wp-content\/uploads\/sites\/12\/2021\/02\/IMG_8870.jpg 1024w, https:\/\/cloud.alqueria.es\/wp-content\/uploads\/sites\/12\/2021\/02\/IMG_8870-300x235.jpg 300w, https:\/\/cloud.alqueria.es\/wp-content\/uploads\/sites\/12\/2021\/02\/IMG_8870-768x602.jpg 768w\" sizes=\"(max-width: 474px) 100vw, 474px\" data-attachment-id=\"32394\" data-permalink=\"https:\/\/www.alqueria.es\/blogs\/alqueriaartistica\/2021\/02\/11\/el-clan-que-me-habita\/img_8870-3\/\" data-orig-file=\"https:\/\/cloud.alqueria.es\/wp-content\/uploads\/sites\/12\/2021\/02\/IMG_8870.jpg\" data-orig-size=\"1024,803\" data-comments-opened=\"1\" data-image-meta=\"{&quot;aperture&quot;:&quot;2.7&quot;,&quot;credit&quot;:&quot;&quot;,&quot;camera&quot;:&quot;Canon IXUS 125 HS&quot;,&quot;caption&quot;:&quot;&quot;,&quot;created_timestamp&quot;:&quot;1612888678&quot;,&quot;copyright&quot;:&quot;&quot;,&quot;focal_length&quot;:&quot;4.3&quot;,&quot;iso&quot;:&quot;100&quot;,&quot;shutter_speed&quot;:&quot;0.02&quot;,&quot;title&quot;:&quot;&quot;,&quot;orientation&quot;:&quot;0&quot;}\" data-image-title=\"IMG_8870\" data-image-description=\"\" data-image-caption=\"\" data-large-file=\"https:\/\/cloud.alqueria.es\/wp-content\/uploads\/sites\/12\/2021\/02\/IMG_8870.jpg\" \/><\/a>\n\t\t\t<\/div><\/figure><figure class='gallery-item'>\n\t\t\t<div class='gallery-icon landscape'>\n\t\t\t\t<a href='https:\/\/www.alqueria.es\/blogs\/alqueriaartistica\/2021\/02\/11\/el-clan-que-me-habita\/img_8854-3\/'><img decoding=\"async\" width=\"474\" height=\"362\" src=\"https:\/\/cloud.alqueria.es\/wp-content\/uploads\/sites\/12\/2021\/02\/IMG_8854.jpg\" class=\"attachment-large size-large\" alt=\"\" srcset=\"https:\/\/cloud.alqueria.es\/wp-content\/uploads\/sites\/12\/2021\/02\/IMG_8854.jpg 1024w, https:\/\/cloud.alqueria.es\/wp-content\/uploads\/sites\/12\/2021\/02\/IMG_8854-300x229.jpg 300w, https:\/\/cloud.alqueria.es\/wp-content\/uploads\/sites\/12\/2021\/02\/IMG_8854-768x587.jpg 768w\" sizes=\"(max-width: 474px) 100vw, 474px\" data-attachment-id=\"32396\" data-permalink=\"https:\/\/www.alqueria.es\/blogs\/alqueriaartistica\/2021\/02\/11\/el-clan-que-me-habita\/img_8854-3\/\" data-orig-file=\"https:\/\/cloud.alqueria.es\/wp-content\/uploads\/sites\/12\/2021\/02\/IMG_8854.jpg\" data-orig-size=\"1024,782\" data-comments-opened=\"1\" data-image-meta=\"{&quot;aperture&quot;:&quot;2.7&quot;,&quot;credit&quot;:&quot;&quot;,&quot;camera&quot;:&quot;Canon IXUS 125 HS&quot;,&quot;caption&quot;:&quot;&quot;,&quot;created_timestamp&quot;:&quot;1612888578&quot;,&quot;copyright&quot;:&quot;&quot;,&quot;focal_length&quot;:&quot;4.3&quot;,&quot;iso&quot;:&quot;400&quot;,&quot;shutter_speed&quot;:&quot;0.005&quot;,&quot;title&quot;:&quot;&quot;,&quot;orientation&quot;:&quot;0&quot;}\" data-image-title=\"IMG_8854\" data-image-description=\"\" data-image-caption=\"\" data-large-file=\"https:\/\/cloud.alqueria.es\/wp-content\/uploads\/sites\/12\/2021\/02\/IMG_8854.jpg\" \/><\/a>\n\t\t\t<\/div><\/figure><figure class='gallery-item'>\n\t\t\t<div class='gallery-icon landscape'>\n\t\t\t\t<a href='https:\/\/www.alqueria.es\/blogs\/alqueriaartistica\/2021\/02\/11\/el-clan-que-me-habita\/img_8819-3\/'><img decoding=\"async\" width=\"474\" height=\"261\" src=\"https:\/\/cloud.alqueria.es\/wp-content\/uploads\/sites\/12\/2021\/02\/IMG_8819.jpg\" class=\"attachment-large size-large\" alt=\"\" srcset=\"https:\/\/cloud.alqueria.es\/wp-content\/uploads\/sites\/12\/2021\/02\/IMG_8819.jpg 1024w, https:\/\/cloud.alqueria.es\/wp-content\/uploads\/sites\/12\/2021\/02\/IMG_8819-300x165.jpg 300w, https:\/\/cloud.alqueria.es\/wp-content\/uploads\/sites\/12\/2021\/02\/IMG_8819-768x422.jpg 768w, https:\/\/cloud.alqueria.es\/wp-content\/uploads\/sites\/12\/2021\/02\/IMG_8819-672x372.jpg 672w\" sizes=\"(max-width: 474px) 100vw, 474px\" data-attachment-id=\"32387\" data-permalink=\"https:\/\/www.alqueria.es\/blogs\/alqueriaartistica\/2021\/02\/11\/el-clan-que-me-habita\/img_8819-3\/\" data-orig-file=\"https:\/\/cloud.alqueria.es\/wp-content\/uploads\/sites\/12\/2021\/02\/IMG_8819.jpg\" data-orig-size=\"1024,563\" data-comments-opened=\"1\" data-image-meta=\"{&quot;aperture&quot;:&quot;2.7&quot;,&quot;credit&quot;:&quot;&quot;,&quot;camera&quot;:&quot;Canon IXUS 125 HS&quot;,&quot;caption&quot;:&quot;&quot;,&quot;created_timestamp&quot;:&quot;1612888176&quot;,&quot;copyright&quot;:&quot;&quot;,&quot;focal_length&quot;:&quot;4.3&quot;,&quot;iso&quot;:&quot;100&quot;,&quot;shutter_speed&quot;:&quot;0.02&quot;,&quot;title&quot;:&quot;&quot;,&quot;orientation&quot;:&quot;1&quot;}\" data-image-title=\"IMG_8819\" data-image-description=\"\" data-image-caption=\"\" data-large-file=\"https:\/\/cloud.alqueria.es\/wp-content\/uploads\/sites\/12\/2021\/02\/IMG_8819.jpg\" \/><\/a>\n\t\t\t<\/div><\/figure><figure class='gallery-item'>\n\t\t\t<div class='gallery-icon landscape'>\n\t\t\t\t<a href='https:\/\/www.alqueria.es\/blogs\/alqueriaartistica\/2021\/02\/11\/el-clan-que-me-habita\/img_8844-3\/'><img decoding=\"async\" width=\"474\" height=\"353\" src=\"https:\/\/cloud.alqueria.es\/wp-content\/uploads\/sites\/12\/2021\/02\/IMG_8844.jpg\" class=\"attachment-large size-large\" alt=\"\" srcset=\"https:\/\/cloud.alqueria.es\/wp-content\/uploads\/sites\/12\/2021\/02\/IMG_8844.jpg 1024w, https:\/\/cloud.alqueria.es\/wp-content\/uploads\/sites\/12\/2021\/02\/IMG_8844-300x223.jpg 300w, https:\/\/cloud.alqueria.es\/wp-content\/uploads\/sites\/12\/2021\/02\/IMG_8844-768x572.jpg 768w\" sizes=\"(max-width: 474px) 100vw, 474px\" data-attachment-id=\"32383\" data-permalink=\"https:\/\/www.alqueria.es\/blogs\/alqueriaartistica\/2021\/02\/11\/el-clan-que-me-habita\/img_8844-3\/\" data-orig-file=\"https:\/\/cloud.alqueria.es\/wp-content\/uploads\/sites\/12\/2021\/02\/IMG_8844.jpg\" data-orig-size=\"1024,762\" data-comments-opened=\"1\" data-image-meta=\"{&quot;aperture&quot;:&quot;2.7&quot;,&quot;credit&quot;:&quot;&quot;,&quot;camera&quot;:&quot;Canon IXUS 125 HS&quot;,&quot;caption&quot;:&quot;&quot;,&quot;created_timestamp&quot;:&quot;1612888523&quot;,&quot;copyright&quot;:&quot;&quot;,&quot;focal_length&quot;:&quot;4.3&quot;,&quot;iso&quot;:&quot;100&quot;,&quot;shutter_speed&quot;:&quot;0.025&quot;,&quot;title&quot;:&quot;&quot;,&quot;orientation&quot;:&quot;1&quot;}\" data-image-title=\"IMG_8844\" data-image-description=\"\" data-image-caption=\"\" data-large-file=\"https:\/\/cloud.alqueria.es\/wp-content\/uploads\/sites\/12\/2021\/02\/IMG_8844.jpg\" \/><\/a>\n\t\t\t<\/div><\/figure><figure class='gallery-item'>\n\t\t\t<div class='gallery-icon landscape'>\n\t\t\t\t<a href='https:\/\/www.alqueria.es\/blogs\/alqueriaartistica\/2021\/02\/11\/el-clan-que-me-habita\/img_8851-3\/'><img decoding=\"async\" width=\"474\" height=\"356\" src=\"https:\/\/cloud.alqueria.es\/wp-content\/uploads\/sites\/12\/2021\/02\/IMG_8851.jpg\" class=\"attachment-large size-large\" alt=\"\" srcset=\"https:\/\/cloud.alqueria.es\/wp-content\/uploads\/sites\/12\/2021\/02\/IMG_8851.jpg 1024w, https:\/\/cloud.alqueria.es\/wp-content\/uploads\/sites\/12\/2021\/02\/IMG_8851-300x225.jpg 300w, https:\/\/cloud.alqueria.es\/wp-content\/uploads\/sites\/12\/2021\/02\/IMG_8851-768x576.jpg 768w\" sizes=\"(max-width: 474px) 100vw, 474px\" data-attachment-id=\"32381\" data-permalink=\"https:\/\/www.alqueria.es\/blogs\/alqueriaartistica\/2021\/02\/11\/el-clan-que-me-habita\/img_8851-3\/\" data-orig-file=\"https:\/\/cloud.alqueria.es\/wp-content\/uploads\/sites\/12\/2021\/02\/IMG_8851.jpg\" data-orig-size=\"1024,768\" data-comments-opened=\"1\" data-image-meta=\"{&quot;aperture&quot;:&quot;2.7&quot;,&quot;credit&quot;:&quot;&quot;,&quot;camera&quot;:&quot;Canon IXUS 125 HS&quot;,&quot;caption&quot;:&quot;&quot;,&quot;created_timestamp&quot;:&quot;1612888566&quot;,&quot;copyright&quot;:&quot;&quot;,&quot;focal_length&quot;:&quot;4.3&quot;,&quot;iso&quot;:&quot;100&quot;,&quot;shutter_speed&quot;:&quot;0.02&quot;,&quot;title&quot;:&quot;&quot;,&quot;orientation&quot;:&quot;1&quot;}\" data-image-title=\"IMG_8851\" data-image-description=\"\" data-image-caption=\"\" data-large-file=\"https:\/\/cloud.alqueria.es\/wp-content\/uploads\/sites\/12\/2021\/02\/IMG_8851.jpg\" \/><\/a>\n\t\t\t<\/div><\/figure><figure class='gallery-item'>\n\t\t\t<div class='gallery-icon landscape'>\n\t\t\t\t<a href='https:\/\/www.alqueria.es\/blogs\/alqueriaartistica\/2021\/02\/11\/el-clan-que-me-habita\/img_8852-3\/'><img decoding=\"async\" width=\"474\" height=\"407\" src=\"https:\/\/cloud.alqueria.es\/wp-content\/uploads\/sites\/12\/2021\/02\/IMG_8852.jpg\" class=\"attachment-large size-large\" alt=\"\" srcset=\"https:\/\/cloud.alqueria.es\/wp-content\/uploads\/sites\/12\/2021\/02\/IMG_8852.jpg 1024w, https:\/\/cloud.alqueria.es\/wp-content\/uploads\/sites\/12\/2021\/02\/IMG_8852-300x258.jpg 300w, https:\/\/cloud.alqueria.es\/wp-content\/uploads\/sites\/12\/2021\/02\/IMG_8852-768x659.jpg 768w\" sizes=\"(max-width: 474px) 100vw, 474px\" data-attachment-id=\"32382\" data-permalink=\"https:\/\/www.alqueria.es\/blogs\/alqueriaartistica\/2021\/02\/11\/el-clan-que-me-habita\/img_8852-3\/\" data-orig-file=\"https:\/\/cloud.alqueria.es\/wp-content\/uploads\/sites\/12\/2021\/02\/IMG_8852.jpg\" data-orig-size=\"1024,879\" data-comments-opened=\"1\" data-image-meta=\"{&quot;aperture&quot;:&quot;2.7&quot;,&quot;credit&quot;:&quot;&quot;,&quot;camera&quot;:&quot;Canon IXUS 125 HS&quot;,&quot;caption&quot;:&quot;&quot;,&quot;created_timestamp&quot;:&quot;1612888569&quot;,&quot;copyright&quot;:&quot;&quot;,&quot;focal_length&quot;:&quot;4.3&quot;,&quot;iso&quot;:&quot;100&quot;,&quot;shutter_speed&quot;:&quot;0.02&quot;,&quot;title&quot;:&quot;&quot;,&quot;orientation&quot;:&quot;1&quot;}\" data-image-title=\"IMG_8852\" data-image-description=\"\" data-image-caption=\"\" data-large-file=\"https:\/\/cloud.alqueria.es\/wp-content\/uploads\/sites\/12\/2021\/02\/IMG_8852.jpg\" \/><\/a>\n\t\t\t<\/div><\/figure><figure class='gallery-item'>\n\t\t\t<div class='gallery-icon landscape'>\n\t\t\t\t<a href='https:\/\/www.alqueria.es\/blogs\/alqueriaartistica\/2021\/02\/11\/el-clan-que-me-habita\/img_8817-4\/'><img decoding=\"async\" width=\"474\" height=\"273\" src=\"https:\/\/cloud.alqueria.es\/wp-content\/uploads\/sites\/12\/2021\/02\/IMG_8817.jpg\" class=\"attachment-large size-large\" alt=\"\" srcset=\"https:\/\/cloud.alqueria.es\/wp-content\/uploads\/sites\/12\/2021\/02\/IMG_8817.jpg 1024w, https:\/\/cloud.alqueria.es\/wp-content\/uploads\/sites\/12\/2021\/02\/IMG_8817-300x173.jpg 300w, https:\/\/cloud.alqueria.es\/wp-content\/uploads\/sites\/12\/2021\/02\/IMG_8817-768x443.jpg 768w\" sizes=\"(max-width: 474px) 100vw, 474px\" data-attachment-id=\"32386\" data-permalink=\"https:\/\/www.alqueria.es\/blogs\/alqueriaartistica\/2021\/02\/11\/el-clan-que-me-habita\/img_8817-4\/\" data-orig-file=\"https:\/\/cloud.alqueria.es\/wp-content\/uploads\/sites\/12\/2021\/02\/IMG_8817.jpg\" data-orig-size=\"1024,590\" data-comments-opened=\"1\" data-image-meta=\"{&quot;aperture&quot;:&quot;2.7&quot;,&quot;credit&quot;:&quot;&quot;,&quot;camera&quot;:&quot;Canon IXUS 125 HS&quot;,&quot;caption&quot;:&quot;&quot;,&quot;created_timestamp&quot;:&quot;1612888167&quot;,&quot;copyright&quot;:&quot;&quot;,&quot;focal_length&quot;:&quot;4.3&quot;,&quot;iso&quot;:&quot;100&quot;,&quot;shutter_speed&quot;:&quot;0.033333333333333&quot;,&quot;title&quot;:&quot;&quot;,&quot;orientation&quot;:&quot;1&quot;}\" data-image-title=\"IMG_8817\" data-image-description=\"\" data-image-caption=\"\" data-large-file=\"https:\/\/cloud.alqueria.es\/wp-content\/uploads\/sites\/12\/2021\/02\/IMG_8817.jpg\" \/><\/a>\n\t\t\t<\/div><\/figure>\n\t\t<\/div>\n\n<p>En este ejercicio de retrospecci\u00f3n \u00a0incluyen a los abuelos y bisabuelos.<\/p>\n<div data-carousel-extra='{&quot;blog_id&quot;:12,&quot;permalink&quot;:&quot;https:\/\/www.alqueria.es\/blogs\/alqueriaartistica\/2021\/02\/11\/el-clan-que-me-habita\/&quot;}' id='gallery-4' class='gallery galleryid-32373 gallery-columns-2 gallery-size-large'><figure class='gallery-item'>\n\t\t\t<div class='gallery-icon portrait'>\n\t\t\t\t<a href='https:\/\/www.alqueria.es\/blogs\/alqueriaartistica\/2021\/02\/11\/el-clan-que-me-habita\/img_8856-3\/'><img decoding=\"async\" width=\"474\" height=\"632\" src=\"https:\/\/cloud.alqueria.es\/wp-content\/uploads\/sites\/12\/2021\/02\/IMG_8856.jpg\" class=\"attachment-large size-large\" alt=\"\" srcset=\"https:\/\/cloud.alqueria.es\/wp-content\/uploads\/sites\/12\/2021\/02\/IMG_8856.jpg 768w, https:\/\/cloud.alqueria.es\/wp-content\/uploads\/sites\/12\/2021\/02\/IMG_8856-225x300.jpg 225w\" sizes=\"(max-width: 474px) 100vw, 474px\" data-attachment-id=\"32429\" data-permalink=\"https:\/\/www.alqueria.es\/blogs\/alqueriaartistica\/2021\/02\/11\/el-clan-que-me-habita\/img_8856-3\/\" data-orig-file=\"https:\/\/cloud.alqueria.es\/wp-content\/uploads\/sites\/12\/2021\/02\/IMG_8856.jpg\" data-orig-size=\"768,1024\" data-comments-opened=\"1\" data-image-meta=\"{&quot;aperture&quot;:&quot;2.7&quot;,&quot;credit&quot;:&quot;&quot;,&quot;camera&quot;:&quot;Canon IXUS 125 HS&quot;,&quot;caption&quot;:&quot;&quot;,&quot;created_timestamp&quot;:&quot;1612888585&quot;,&quot;copyright&quot;:&quot;&quot;,&quot;focal_length&quot;:&quot;4.3&quot;,&quot;iso&quot;:&quot;400&quot;,&quot;shutter_speed&quot;:&quot;0.008&quot;,&quot;title&quot;:&quot;&quot;,&quot;orientation&quot;:&quot;1&quot;}\" data-image-title=\"IMG_8856\" data-image-description=\"\" data-image-caption=\"\" data-large-file=\"https:\/\/cloud.alqueria.es\/wp-content\/uploads\/sites\/12\/2021\/02\/IMG_8856.jpg\" \/><\/a>\n\t\t\t<\/div><\/figure><figure class='gallery-item'>\n\t\t\t<div class='gallery-icon landscape'>\n\t\t\t\t<a href='https:\/\/www.alqueria.es\/blogs\/alqueriaartistica\/2021\/02\/11\/el-clan-que-me-habita\/img_8850-3\/'><img decoding=\"async\" width=\"474\" height=\"356\" src=\"https:\/\/cloud.alqueria.es\/wp-content\/uploads\/sites\/12\/2021\/02\/IMG_8850.jpg\" class=\"attachment-large size-large\" alt=\"\" srcset=\"https:\/\/cloud.alqueria.es\/wp-content\/uploads\/sites\/12\/2021\/02\/IMG_8850.jpg 1024w, https:\/\/cloud.alqueria.es\/wp-content\/uploads\/sites\/12\/2021\/02\/IMG_8850-300x225.jpg 300w, https:\/\/cloud.alqueria.es\/wp-content\/uploads\/sites\/12\/2021\/02\/IMG_8850-768x576.jpg 768w\" sizes=\"(max-width: 474px) 100vw, 474px\" data-attachment-id=\"32408\" data-permalink=\"https:\/\/www.alqueria.es\/blogs\/alqueriaartistica\/2021\/02\/11\/el-clan-que-me-habita\/img_8850-3\/\" data-orig-file=\"https:\/\/cloud.alqueria.es\/wp-content\/uploads\/sites\/12\/2021\/02\/IMG_8850.jpg\" data-orig-size=\"1024,768\" data-comments-opened=\"1\" data-image-meta=\"{&quot;aperture&quot;:&quot;2.7&quot;,&quot;credit&quot;:&quot;&quot;,&quot;camera&quot;:&quot;Canon IXUS 125 HS&quot;,&quot;caption&quot;:&quot;&quot;,&quot;created_timestamp&quot;:&quot;1612888562&quot;,&quot;copyright&quot;:&quot;&quot;,&quot;focal_length&quot;:&quot;4.3&quot;,&quot;iso&quot;:&quot;100&quot;,&quot;shutter_speed&quot;:&quot;0.016666666666667&quot;,&quot;title&quot;:&quot;&quot;,&quot;orientation&quot;:&quot;1&quot;}\" data-image-title=\"IMG_8850\" data-image-description=\"\" data-image-caption=\"\" data-large-file=\"https:\/\/cloud.alqueria.es\/wp-content\/uploads\/sites\/12\/2021\/02\/IMG_8850.jpg\" \/><\/a>\n\t\t\t<\/div><\/figure>\n\t\t<\/div>\n\n<p>Esta pr\u00e1ctica de autoconocimiento suscita cierta inquietud en algunos alumnos. Unos lo tienen claro, son muy conscientes de lo que quieren expresar, a otros les resulta dif\u00edcil hacer una reflexi\u00f3n sobre s\u00ed mismos.<\/p>\n<div data-carousel-extra='{&quot;blog_id&quot;:12,&quot;permalink&quot;:&quot;https:\/\/www.alqueria.es\/blogs\/alqueriaartistica\/2021\/02\/11\/el-clan-que-me-habita\/&quot;}' id='gallery-5' class='gallery galleryid-32373 gallery-columns-3 gallery-size-large'><figure class='gallery-item'>\n\t\t\t<div class='gallery-icon landscape'>\n\t\t\t\t<a href='https:\/\/www.alqueria.es\/blogs\/alqueriaartistica\/2021\/02\/11\/el-clan-que-me-habita\/img_8572\/'><img decoding=\"async\" width=\"474\" height=\"356\" src=\"https:\/\/cloud.alqueria.es\/wp-content\/uploads\/sites\/12\/2021\/02\/IMG_8572.jpg\" class=\"attachment-large size-large\" alt=\"\" srcset=\"https:\/\/cloud.alqueria.es\/wp-content\/uploads\/sites\/12\/2021\/02\/IMG_8572.jpg 1024w, https:\/\/cloud.alqueria.es\/wp-content\/uploads\/sites\/12\/2021\/02\/IMG_8572-300x225.jpg 300w, https:\/\/cloud.alqueria.es\/wp-content\/uploads\/sites\/12\/2021\/02\/IMG_8572-768x576.jpg 768w\" sizes=\"(max-width: 474px) 100vw, 474px\" data-attachment-id=\"32442\" data-permalink=\"https:\/\/www.alqueria.es\/blogs\/alqueriaartistica\/2021\/02\/11\/el-clan-que-me-habita\/img_8572\/\" data-orig-file=\"https:\/\/cloud.alqueria.es\/wp-content\/uploads\/sites\/12\/2021\/02\/IMG_8572.jpg\" data-orig-size=\"1024,768\" data-comments-opened=\"1\" data-image-meta=\"{&quot;aperture&quot;:&quot;2.7&quot;,&quot;credit&quot;:&quot;&quot;,&quot;camera&quot;:&quot;Canon IXUS 125 HS&quot;,&quot;caption&quot;:&quot;&quot;,&quot;created_timestamp&quot;:&quot;1610469675&quot;,&quot;copyright&quot;:&quot;&quot;,&quot;focal_length&quot;:&quot;4.3&quot;,&quot;iso&quot;:&quot;400&quot;,&quot;shutter_speed&quot;:&quot;0.033333333333333&quot;,&quot;title&quot;:&quot;&quot;,&quot;orientation&quot;:&quot;1&quot;}\" data-image-title=\"IMG_8572\" data-image-description=\"\" data-image-caption=\"\" data-large-file=\"https:\/\/cloud.alqueria.es\/wp-content\/uploads\/sites\/12\/2021\/02\/IMG_8572.jpg\" \/><\/a>\n\t\t\t<\/div><\/figure><figure class='gallery-item'>\n\t\t\t<div class='gallery-icon landscape'>\n\t\t\t\t<a href='https:\/\/www.alqueria.es\/blogs\/alqueriaartistica\/2021\/02\/11\/el-clan-que-me-habita\/img_8574\/'><img decoding=\"async\" width=\"474\" height=\"356\" src=\"https:\/\/cloud.alqueria.es\/wp-content\/uploads\/sites\/12\/2021\/02\/IMG_8574.jpg\" class=\"attachment-large size-large\" alt=\"\" srcset=\"https:\/\/cloud.alqueria.es\/wp-content\/uploads\/sites\/12\/2021\/02\/IMG_8574.jpg 1024w, https:\/\/cloud.alqueria.es\/wp-content\/uploads\/sites\/12\/2021\/02\/IMG_8574-300x225.jpg 300w, https:\/\/cloud.alqueria.es\/wp-content\/uploads\/sites\/12\/2021\/02\/IMG_8574-768x576.jpg 768w\" sizes=\"(max-width: 474px) 100vw, 474px\" data-attachment-id=\"32443\" data-permalink=\"https:\/\/www.alqueria.es\/blogs\/alqueriaartistica\/2021\/02\/11\/el-clan-que-me-habita\/img_8574\/\" data-orig-file=\"https:\/\/cloud.alqueria.es\/wp-content\/uploads\/sites\/12\/2021\/02\/IMG_8574.jpg\" data-orig-size=\"1024,768\" data-comments-opened=\"1\" data-image-meta=\"{&quot;aperture&quot;:&quot;2.7&quot;,&quot;credit&quot;:&quot;&quot;,&quot;camera&quot;:&quot;Canon IXUS 125 HS&quot;,&quot;caption&quot;:&quot;&quot;,&quot;created_timestamp&quot;:&quot;1610469686&quot;,&quot;copyright&quot;:&quot;&quot;,&quot;focal_length&quot;:&quot;4.3&quot;,&quot;iso&quot;:&quot;500&quot;,&quot;shutter_speed&quot;:&quot;0.016666666666667&quot;,&quot;title&quot;:&quot;&quot;,&quot;orientation&quot;:&quot;1&quot;}\" data-image-title=\"IMG_8574\" data-image-description=\"\" data-image-caption=\"\" data-large-file=\"https:\/\/cloud.alqueria.es\/wp-content\/uploads\/sites\/12\/2021\/02\/IMG_8574.jpg\" \/><\/a>\n\t\t\t<\/div><\/figure><figure class='gallery-item'>\n\t\t\t<div class='gallery-icon landscape'>\n\t\t\t\t<a href='https:\/\/www.alqueria.es\/blogs\/alqueriaartistica\/2021\/02\/11\/el-clan-que-me-habita\/img_8576\/'><img decoding=\"async\" width=\"474\" height=\"356\" src=\"https:\/\/cloud.alqueria.es\/wp-content\/uploads\/sites\/12\/2021\/02\/IMG_8576.jpg\" class=\"attachment-large size-large\" alt=\"\" srcset=\"https:\/\/cloud.alqueria.es\/wp-content\/uploads\/sites\/12\/2021\/02\/IMG_8576.jpg 1024w, https:\/\/cloud.alqueria.es\/wp-content\/uploads\/sites\/12\/2021\/02\/IMG_8576-300x225.jpg 300w, https:\/\/cloud.alqueria.es\/wp-content\/uploads\/sites\/12\/2021\/02\/IMG_8576-768x576.jpg 768w\" sizes=\"(max-width: 474px) 100vw, 474px\" data-attachment-id=\"32445\" data-permalink=\"https:\/\/www.alqueria.es\/blogs\/alqueriaartistica\/2021\/02\/11\/el-clan-que-me-habita\/img_8576\/\" data-orig-file=\"https:\/\/cloud.alqueria.es\/wp-content\/uploads\/sites\/12\/2021\/02\/IMG_8576.jpg\" data-orig-size=\"1024,768\" data-comments-opened=\"1\" data-image-meta=\"{&quot;aperture&quot;:&quot;2.7&quot;,&quot;credit&quot;:&quot;&quot;,&quot;camera&quot;:&quot;Canon IXUS 125 HS&quot;,&quot;caption&quot;:&quot;&quot;,&quot;created_timestamp&quot;:&quot;1610470205&quot;,&quot;copyright&quot;:&quot;&quot;,&quot;focal_length&quot;:&quot;4.3&quot;,&quot;iso&quot;:&quot;400&quot;,&quot;shutter_speed&quot;:&quot;0.016666666666667&quot;,&quot;title&quot;:&quot;&quot;,&quot;orientation&quot;:&quot;1&quot;}\" data-image-title=\"IMG_8576\" data-image-description=\"\" data-image-caption=\"\" data-large-file=\"https:\/\/cloud.alqueria.es\/wp-content\/uploads\/sites\/12\/2021\/02\/IMG_8576.jpg\" \/><\/a>\n\t\t\t<\/div><\/figure><figure class='gallery-item'>\n\t\t\t<div class='gallery-icon landscape'>\n\t\t\t\t<a href='https:\/\/www.alqueria.es\/blogs\/alqueriaartistica\/2021\/02\/11\/el-clan-que-me-habita\/img_8575\/'><img decoding=\"async\" width=\"474\" height=\"356\" src=\"https:\/\/cloud.alqueria.es\/wp-content\/uploads\/sites\/12\/2021\/02\/IMG_8575.jpg\" class=\"attachment-large size-large\" alt=\"\" srcset=\"https:\/\/cloud.alqueria.es\/wp-content\/uploads\/sites\/12\/2021\/02\/IMG_8575.jpg 1024w, https:\/\/cloud.alqueria.es\/wp-content\/uploads\/sites\/12\/2021\/02\/IMG_8575-300x225.jpg 300w, https:\/\/cloud.alqueria.es\/wp-content\/uploads\/sites\/12\/2021\/02\/IMG_8575-768x576.jpg 768w\" sizes=\"(max-width: 474px) 100vw, 474px\" data-attachment-id=\"32444\" data-permalink=\"https:\/\/www.alqueria.es\/blogs\/alqueriaartistica\/2021\/02\/11\/el-clan-que-me-habita\/img_8575\/\" data-orig-file=\"https:\/\/cloud.alqueria.es\/wp-content\/uploads\/sites\/12\/2021\/02\/IMG_8575.jpg\" data-orig-size=\"1024,768\" data-comments-opened=\"1\" data-image-meta=\"{&quot;aperture&quot;:&quot;2.7&quot;,&quot;credit&quot;:&quot;&quot;,&quot;camera&quot;:&quot;Canon IXUS 125 HS&quot;,&quot;caption&quot;:&quot;&quot;,&quot;created_timestamp&quot;:&quot;1610469702&quot;,&quot;copyright&quot;:&quot;&quot;,&quot;focal_length&quot;:&quot;4.3&quot;,&quot;iso&quot;:&quot;400&quot;,&quot;shutter_speed&quot;:&quot;0.0125&quot;,&quot;title&quot;:&quot;&quot;,&quot;orientation&quot;:&quot;1&quot;}\" data-image-title=\"IMG_8575\" data-image-description=\"\" data-image-caption=\"\" data-large-file=\"https:\/\/cloud.alqueria.es\/wp-content\/uploads\/sites\/12\/2021\/02\/IMG_8575.jpg\" \/><\/a>\n\t\t\t<\/div><\/figure><figure class='gallery-item'>\n\t\t\t<div class='gallery-icon landscape'>\n\t\t\t\t<a href='https:\/\/www.alqueria.es\/blogs\/alqueriaartistica\/2021\/02\/11\/el-clan-que-me-habita\/img_8569-2\/'><img decoding=\"async\" width=\"474\" height=\"356\" src=\"https:\/\/cloud.alqueria.es\/wp-content\/uploads\/sites\/12\/2021\/02\/IMG_8569.jpg\" class=\"attachment-large size-large\" alt=\"\" srcset=\"https:\/\/cloud.alqueria.es\/wp-content\/uploads\/sites\/12\/2021\/02\/IMG_8569.jpg 1024w, https:\/\/cloud.alqueria.es\/wp-content\/uploads\/sites\/12\/2021\/02\/IMG_8569-300x225.jpg 300w, https:\/\/cloud.alqueria.es\/wp-content\/uploads\/sites\/12\/2021\/02\/IMG_8569-768x576.jpg 768w\" sizes=\"(max-width: 474px) 100vw, 474px\" data-attachment-id=\"32447\" data-permalink=\"https:\/\/www.alqueria.es\/blogs\/alqueriaartistica\/2021\/02\/11\/el-clan-que-me-habita\/img_8569-2\/\" data-orig-file=\"https:\/\/cloud.alqueria.es\/wp-content\/uploads\/sites\/12\/2021\/02\/IMG_8569.jpg\" data-orig-size=\"1024,768\" data-comments-opened=\"1\" data-image-meta=\"{&quot;aperture&quot;:&quot;2.7&quot;,&quot;credit&quot;:&quot;&quot;,&quot;camera&quot;:&quot;Canon IXUS 125 HS&quot;,&quot;caption&quot;:&quot;&quot;,&quot;created_timestamp&quot;:&quot;1610469327&quot;,&quot;copyright&quot;:&quot;&quot;,&quot;focal_length&quot;:&quot;4.3&quot;,&quot;iso&quot;:&quot;400&quot;,&quot;shutter_speed&quot;:&quot;0.00625&quot;,&quot;title&quot;:&quot;&quot;,&quot;orientation&quot;:&quot;1&quot;}\" data-image-title=\"IMG_8569\" data-image-description=\"\" data-image-caption=\"\" data-large-file=\"https:\/\/cloud.alqueria.es\/wp-content\/uploads\/sites\/12\/2021\/02\/IMG_8569.jpg\" \/><\/a>\n\t\t\t<\/div><\/figure><figure class='gallery-item'>\n\t\t\t<div class='gallery-icon landscape'>\n\t\t\t\t<a href='https:\/\/www.alqueria.es\/blogs\/alqueriaartistica\/2021\/02\/11\/el-clan-que-me-habita\/img_8571\/'><img decoding=\"async\" width=\"474\" height=\"356\" src=\"https:\/\/cloud.alqueria.es\/wp-content\/uploads\/sites\/12\/2021\/02\/IMG_8571.jpg\" class=\"attachment-large size-large\" alt=\"\" srcset=\"https:\/\/cloud.alqueria.es\/wp-content\/uploads\/sites\/12\/2021\/02\/IMG_8571.jpg 1024w, https:\/\/cloud.alqueria.es\/wp-content\/uploads\/sites\/12\/2021\/02\/IMG_8571-300x225.jpg 300w, https:\/\/cloud.alqueria.es\/wp-content\/uploads\/sites\/12\/2021\/02\/IMG_8571-768x576.jpg 768w\" sizes=\"(max-width: 474px) 100vw, 474px\" data-attachment-id=\"32446\" data-permalink=\"https:\/\/www.alqueria.es\/blogs\/alqueriaartistica\/2021\/02\/11\/el-clan-que-me-habita\/img_8571\/\" data-orig-file=\"https:\/\/cloud.alqueria.es\/wp-content\/uploads\/sites\/12\/2021\/02\/IMG_8571.jpg\" data-orig-size=\"1024,768\" data-comments-opened=\"1\" data-image-meta=\"{&quot;aperture&quot;:&quot;2.7&quot;,&quot;credit&quot;:&quot;&quot;,&quot;camera&quot;:&quot;Canon IXUS 125 HS&quot;,&quot;caption&quot;:&quot;&quot;,&quot;created_timestamp&quot;:&quot;1610469672&quot;,&quot;copyright&quot;:&quot;&quot;,&quot;focal_length&quot;:&quot;4.3&quot;,&quot;iso&quot;:&quot;400&quot;,&quot;shutter_speed&quot;:&quot;0.033333333333333&quot;,&quot;title&quot;:&quot;&quot;,&quot;orientation&quot;:&quot;1&quot;}\" data-image-title=\"IMG_8571\" data-image-description=\"\" data-image-caption=\"\" data-large-file=\"https:\/\/cloud.alqueria.es\/wp-content\/uploads\/sites\/12\/2021\/02\/IMG_8571.jpg\" \/><\/a>\n\t\t\t<\/div><\/figure>\n\t\t<\/div>\n\n<p>Somos seres viviendo en sociedad, a su vez, cada uno de nosotros somos seres individuales. Si como seres individuales desarrollamos la consciencia de nuestro propio ser, cuidamos de cada una de nuestras peculiaridades y nos valoramos; nuestro ser consciente \u00abpodr\u00e1 estar en forma\u00bb y mostrar\u00e1 su mejor versi\u00f3n para s\u00ed , como ser individual y a nivel social como ser colectivo.<\/p>\n<div data-carousel-extra='{&quot;blog_id&quot;:12,&quot;permalink&quot;:&quot;https:\/\/www.alqueria.es\/blogs\/alqueriaartistica\/2021\/02\/11\/el-clan-que-me-habita\/&quot;}' id='gallery-6' class='gallery galleryid-32373 gallery-columns-2 gallery-size-large'><figure class='gallery-item'>\n\t\t\t<div class='gallery-icon portrait'>\n\t\t\t\t<a href='https:\/\/www.alqueria.es\/blogs\/alqueriaartistica\/2021\/02\/11\/el-clan-que-me-habita\/img_8809-2\/'><img decoding=\"async\" width=\"474\" height=\"632\" src=\"https:\/\/cloud.alqueria.es\/wp-content\/uploads\/sites\/12\/2021\/02\/IMG_8809.jpg\" class=\"attachment-large size-large\" alt=\"\" srcset=\"https:\/\/cloud.alqueria.es\/wp-content\/uploads\/sites\/12\/2021\/02\/IMG_8809.jpg 768w, https:\/\/cloud.alqueria.es\/wp-content\/uploads\/sites\/12\/2021\/02\/IMG_8809-225x300.jpg 225w\" sizes=\"(max-width: 474px) 100vw, 474px\" data-attachment-id=\"32452\" data-permalink=\"https:\/\/www.alqueria.es\/blogs\/alqueriaartistica\/2021\/02\/11\/el-clan-que-me-habita\/img_8809-2\/\" data-orig-file=\"https:\/\/cloud.alqueria.es\/wp-content\/uploads\/sites\/12\/2021\/02\/IMG_8809.jpg\" data-orig-size=\"768,1024\" data-comments-opened=\"1\" data-image-meta=\"{&quot;aperture&quot;:&quot;2.7&quot;,&quot;credit&quot;:&quot;&quot;,&quot;camera&quot;:&quot;Canon IXUS 125 HS&quot;,&quot;caption&quot;:&quot;&quot;,&quot;created_timestamp&quot;:&quot;1612888127&quot;,&quot;copyright&quot;:&quot;&quot;,&quot;focal_length&quot;:&quot;4.3&quot;,&quot;iso&quot;:&quot;100&quot;,&quot;shutter_speed&quot;:&quot;0.033333333333333&quot;,&quot;title&quot;:&quot;&quot;,&quot;orientation&quot;:&quot;1&quot;}\" data-image-title=\"IMG_8809\" data-image-description=\"\" data-image-caption=\"\" data-large-file=\"https:\/\/cloud.alqueria.es\/wp-content\/uploads\/sites\/12\/2021\/02\/IMG_8809.jpg\" \/><\/a>\n\t\t\t<\/div><\/figure><figure class='gallery-item'>\n\t\t\t<div class='gallery-icon landscape'>\n\t\t\t\t<a href='https:\/\/www.alqueria.es\/blogs\/alqueriaartistica\/2021\/02\/11\/el-clan-que-me-habita\/img_8810-3\/'><img decoding=\"async\" width=\"474\" height=\"356\" src=\"https:\/\/cloud.alqueria.es\/wp-content\/uploads\/sites\/12\/2021\/02\/IMG_8810.jpg\" class=\"attachment-large size-large\" alt=\"\" srcset=\"https:\/\/cloud.alqueria.es\/wp-content\/uploads\/sites\/12\/2021\/02\/IMG_8810.jpg 1024w, https:\/\/cloud.alqueria.es\/wp-content\/uploads\/sites\/12\/2021\/02\/IMG_8810-300x225.jpg 300w, https:\/\/cloud.alqueria.es\/wp-content\/uploads\/sites\/12\/2021\/02\/IMG_8810-768x576.jpg 768w\" sizes=\"(max-width: 474px) 100vw, 474px\" data-attachment-id=\"32451\" data-permalink=\"https:\/\/www.alqueria.es\/blogs\/alqueriaartistica\/2021\/02\/11\/el-clan-que-me-habita\/img_8810-3\/\" data-orig-file=\"https:\/\/cloud.alqueria.es\/wp-content\/uploads\/sites\/12\/2021\/02\/IMG_8810.jpg\" data-orig-size=\"1024,768\" data-comments-opened=\"1\" data-image-meta=\"{&quot;aperture&quot;:&quot;2.7&quot;,&quot;credit&quot;:&quot;&quot;,&quot;camera&quot;:&quot;Canon IXUS 125 HS&quot;,&quot;caption&quot;:&quot;&quot;,&quot;created_timestamp&quot;:&quot;1612888130&quot;,&quot;copyright&quot;:&quot;&quot;,&quot;focal_length&quot;:&quot;4.3&quot;,&quot;iso&quot;:&quot;125&quot;,&quot;shutter_speed&quot;:&quot;0.033333333333333&quot;,&quot;title&quot;:&quot;&quot;,&quot;orientation&quot;:&quot;0&quot;}\" data-image-title=\"IMG_8810\" data-image-description=\"\" data-image-caption=\"\" data-large-file=\"https:\/\/cloud.alqueria.es\/wp-content\/uploads\/sites\/12\/2021\/02\/IMG_8810.jpg\" \/><\/a>\n\t\t\t<\/div><\/figure>\n\t\t<\/div>\n\n<p>Ana Mart\u00edn<\/p>\n","protected":false},"excerpt":{"rendered":"<p>&nbsp; En el grupo de sexto planteamos una mirada hacia nuestro interior. Estamos viviendo una \u00e9poca en la que los acontecimientos e incluso nuestras actividades diarias suceden con gran celeridad, nos encontramos \u00a0inmersos en una vor\u00e1gine social y tecnol\u00f3gica que atrapa nuestra atenci\u00f3n constantemente. En esta ocasi\u00f3n buscamos en cada uno de nosotros aquellas cosas &hellip; <a href=\"https:\/\/www.alqueria.es\/blogs\/alqueriaartistica\/2021\/02\/11\/el-clan-que-me-habita\/\" class=\"more-link\">Seguir leyendo <span class=\"screen-reader-text\">EL CLAN QUE ME HABITA<\/span> <span class=\"meta-nav\">&rarr;<\/span><\/a><\/p>\n","protected":false},"author":34,"featured_media":0,"comment_status":"open","ping_status":"open","sticky":false,"template":"","format":"standard","meta":{"jetpack_post_was_ever_published":false,"_jetpack_newsletter_access":"","_jetpack_dont_email_post_to_subs":false,"_jetpack_newsletter_tier_id":0,"_jetpack_memberships_contains_paywalled_content":false,"_jetpack_memberships_contains_paid_content":false,"footnotes":"","jetpack_publicize_message":"","jetpack_publicize_feature_enabled":true,"jetpack_social_post_already_shared":true,"jetpack_social_options":{"image_generator_settings":{"template":"highway","default_image_id":0,"font":"","enabled":false},"version":2}},"categories":[14],"tags":[377,29,31,91,378,175],"class_list":["post-32373","post","type-post","status-publish","format-standard","hentry","category-6o-epo","tag-autoconocimiento","tag-composicion","tag-dibujo","tag-educacion-artistica-y-visual","tag-el-clan-que-me-habita","tag-rotulacion"],"jetpack_publicize_connections":[],"jetpack_featured_media_url":"","jetpack_sharing_enabled":true,"jetpack_shortlink":"https:\/\/wp.me\/p4mcJu-8q9","_links":{"self":[{"href":"https:\/\/www.alqueria.es\/blogs\/alqueriaartistica\/wp-json\/wp\/v2\/posts\/32373","targetHints":{"allow":["GET"]}}],"collection":[{"href":"https:\/\/www.alqueria.es\/blogs\/alqueriaartistica\/wp-json\/wp\/v2\/posts"}],"about":[{"href":"https:\/\/www.alqueria.es\/blogs\/alqueriaartistica\/wp-json\/wp\/v2\/types\/post"}],"author":[{"embeddable":true,"href":"https:\/\/www.alqueria.es\/blogs\/alqueriaartistica\/wp-json\/wp\/v2\/users\/34"}],"replies":[{"embeddable":true,"href":"https:\/\/www.alqueria.es\/blogs\/alqueriaartistica\/wp-json\/wp\/v2\/comments?post=32373"}],"version-history":[{"count":7,"href":"https:\/\/www.alqueria.es\/blogs\/alqueriaartistica\/wp-json\/wp\/v2\/posts\/32373\/revisions"}],"predecessor-version":[{"id":32457,"href":"https:\/\/www.alqueria.es\/blogs\/alqueriaartistica\/wp-json\/wp\/v2\/posts\/32373\/revisions\/32457"}],"wp:attachment":[{"href":"https:\/\/www.alqueria.es\/blogs\/alqueriaartistica\/wp-json\/wp\/v2\/media?parent=32373"}],"wp:term":[{"taxonomy":"category","embeddable":true,"href":"https:\/\/www.alqueria.es\/blogs\/alqueriaartistica\/wp-json\/wp\/v2\/categories?post=32373"},{"taxonomy":"post_tag","embeddable":true,"href":"https:\/\/www.alqueria.es\/blogs\/alqueriaartistica\/wp-json\/wp\/v2\/tags?post=32373"}],"curies":[{"name":"wp","href":"https:\/\/api.w.org\/{rel}","templated":true}]}}