{"id":38479,"date":"2023-02-14T17:51:23","date_gmt":"2023-02-14T16:51:23","guid":{"rendered":"https:\/\/www.alqueria.es\/blogs\/alqueriaartistica\/?p=38479"},"modified":"2023-02-14T17:51:23","modified_gmt":"2023-02-14T16:51:23","slug":"semana-cultural-pablo-picasso","status":"publish","type":"post","link":"https:\/\/www.alqueria.es\/blogs\/alqueriaartistica\/2023\/02\/14\/semana-cultural-pablo-picasso\/","title":{"rendered":"SEMANA CULTURAL: PABLO PICASSO"},"content":{"rendered":"<div data-carousel-extra='{&quot;blog_id&quot;:12,&quot;permalink&quot;:&quot;https:\/\/www.alqueria.es\/blogs\/alqueriaartistica\/2023\/02\/14\/semana-cultural-pablo-picasso\/&quot;}' id='gallery-1' class='gallery galleryid-38479 gallery-columns-1 gallery-size-full'><figure class='gallery-item'>\n\t\t\t<div class='gallery-icon portrait'>\n\t\t\t\t<a href='https:\/\/www.alqueria.es\/blogs\/alqueriaartistica\/2023\/02\/14\/semana-cultural-pablo-picasso\/img_0515-5\/'><img decoding=\"async\" width=\"480\" height=\"640\" src=\"https:\/\/cloud.alqueria.es\/wp-content\/uploads\/sites\/12\/2023\/02\/IMG_0515.jpg\" class=\"attachment-full size-full\" alt=\"\" srcset=\"https:\/\/cloud.alqueria.es\/wp-content\/uploads\/sites\/12\/2023\/02\/IMG_0515.jpg 480w, https:\/\/cloud.alqueria.es\/wp-content\/uploads\/sites\/12\/2023\/02\/IMG_0515-225x300.jpg 225w\" sizes=\"(max-width: 480px) 100vw, 480px\" data-attachment-id=\"38480\" data-permalink=\"https:\/\/www.alqueria.es\/blogs\/alqueriaartistica\/2023\/02\/14\/semana-cultural-pablo-picasso\/img_0515-5\/\" data-orig-file=\"https:\/\/cloud.alqueria.es\/wp-content\/uploads\/sites\/12\/2023\/02\/IMG_0515.jpg\" data-orig-size=\"480,640\" data-comments-opened=\"1\" data-image-meta=\"{&quot;aperture&quot;:&quot;2.7&quot;,&quot;credit&quot;:&quot;&quot;,&quot;camera&quot;:&quot;Canon IXUS 125 HS&quot;,&quot;caption&quot;:&quot;&quot;,&quot;created_timestamp&quot;:&quot;1675874259&quot;,&quot;copyright&quot;:&quot;&quot;,&quot;focal_length&quot;:&quot;4.3&quot;,&quot;iso&quot;:&quot;800&quot;,&quot;shutter_speed&quot;:&quot;0.04&quot;,&quot;title&quot;:&quot;&quot;,&quot;orientation&quot;:&quot;1&quot;}\" data-image-title=\"IMG_0515\" data-image-description=\"\" data-image-caption=\"\" data-large-file=\"https:\/\/cloud.alqueria.es\/wp-content\/uploads\/sites\/12\/2023\/02\/IMG_0515.jpg\" \/><\/a>\n\t\t\t<\/div><\/figure>\n\t\t<\/div>\n\n<div data-carousel-extra='{&quot;blog_id&quot;:12,&quot;permalink&quot;:&quot;https:\/\/www.alqueria.es\/blogs\/alqueriaartistica\/2023\/02\/14\/semana-cultural-pablo-picasso\/&quot;}' id='gallery-2' class='gallery galleryid-38479 gallery-columns-1 gallery-size-full'><figure class='gallery-item'>\n\t\t\t<div class='gallery-icon landscape'>\n\t\t\t\t<a href='https:\/\/www.alqueria.es\/blogs\/alqueriaartistica\/2023\/02\/14\/semana-cultural-pablo-picasso\/img_0514-4\/'><img decoding=\"async\" width=\"627\" height=\"459\" src=\"https:\/\/cloud.alqueria.es\/wp-content\/uploads\/sites\/12\/2023\/02\/IMG_0514.jpg\" class=\"attachment-full size-full\" alt=\"\" srcset=\"https:\/\/cloud.alqueria.es\/wp-content\/uploads\/sites\/12\/2023\/02\/IMG_0514.jpg 627w, https:\/\/cloud.alqueria.es\/wp-content\/uploads\/sites\/12\/2023\/02\/IMG_0514-300x220.jpg 300w\" sizes=\"(max-width: 627px) 100vw, 627px\" data-attachment-id=\"38483\" data-permalink=\"https:\/\/www.alqueria.es\/blogs\/alqueriaartistica\/2023\/02\/14\/semana-cultural-pablo-picasso\/img_0514-4\/\" data-orig-file=\"https:\/\/cloud.alqueria.es\/wp-content\/uploads\/sites\/12\/2023\/02\/IMG_0514.jpg\" data-orig-size=\"627,459\" data-comments-opened=\"1\" data-image-meta=\"{&quot;aperture&quot;:&quot;2.7&quot;,&quot;credit&quot;:&quot;&quot;,&quot;camera&quot;:&quot;Canon IXUS 125 HS&quot;,&quot;caption&quot;:&quot;&quot;,&quot;created_timestamp&quot;:&quot;1675874250&quot;,&quot;copyright&quot;:&quot;&quot;,&quot;focal_length&quot;:&quot;4.3&quot;,&quot;iso&quot;:&quot;320&quot;,&quot;shutter_speed&quot;:&quot;0.033333333333333&quot;,&quot;title&quot;:&quot;&quot;,&quot;orientation&quot;:&quot;0&quot;}\" data-image-title=\"IMG_0514\" data-image-description=\"\" data-image-caption=\"\" data-large-file=\"https:\/\/cloud.alqueria.es\/wp-content\/uploads\/sites\/12\/2023\/02\/IMG_0514.jpg\" \/><\/a>\n\t\t\t<\/div><\/figure>\n\t\t<\/div>\n\n<p>Esta semana estamos celebrando la Semana Cultural de Alquer\u00eda. El tema de este a\u00f1o versa sobre la figura de Pablo Picasso. En el \u00e1rea de art\u00edstica hemos \u00a0estado trabajando en diversas actividades que van a servir de base a los talleres art\u00edsticos que se est\u00e1n \u00a0desarrollando a lo largo de estos d\u00edas.<\/p>\n<p>En primero y segundo hemos trabajado las formas geom\u00e9tricas y el color. Piezas que una vez recortadas han servido para crear diversas composiciones en relieve y volumen.<\/p>\n<div data-carousel-extra='{&quot;blog_id&quot;:12,&quot;permalink&quot;:&quot;https:\/\/www.alqueria.es\/blogs\/alqueriaartistica\/2023\/02\/14\/semana-cultural-pablo-picasso\/&quot;}' id='gallery-3' class='gallery galleryid-38479 gallery-columns-3 gallery-size-large'><figure class='gallery-item'>\n\t\t\t<div class='gallery-icon landscape'>\n\t\t\t\t<a href='https:\/\/www.alqueria.es\/blogs\/alqueriaartistica\/2023\/02\/14\/semana-cultural-pablo-picasso\/attachment\/1675626967545\/'><img decoding=\"async\" width=\"474\" height=\"474\" src=\"https:\/\/cloud.alqueria.es\/wp-content\/uploads\/sites\/12\/2023\/02\/1675626967545-1024x1024.jpg\" class=\"attachment-large size-large\" alt=\"\" srcset=\"https:\/\/cloud.alqueria.es\/wp-content\/uploads\/sites\/12\/2023\/02\/1675626967545-1024x1024.jpg 1024w, https:\/\/cloud.alqueria.es\/wp-content\/uploads\/sites\/12\/2023\/02\/1675626967545-300x300.jpg 300w, https:\/\/cloud.alqueria.es\/wp-content\/uploads\/sites\/12\/2023\/02\/1675626967545-150x150.jpg 150w, https:\/\/cloud.alqueria.es\/wp-content\/uploads\/sites\/12\/2023\/02\/1675626967545-768x768.jpg 768w, https:\/\/cloud.alqueria.es\/wp-content\/uploads\/sites\/12\/2023\/02\/1675626967545-1536x1536.jpg 1536w, https:\/\/cloud.alqueria.es\/wp-content\/uploads\/sites\/12\/2023\/02\/1675626967545-2048x2048.jpg 2048w\" sizes=\"(max-width: 474px) 100vw, 474px\" data-attachment-id=\"38488\" data-permalink=\"https:\/\/www.alqueria.es\/blogs\/alqueriaartistica\/2023\/02\/14\/semana-cultural-pablo-picasso\/attachment\/1675626967545\/\" data-orig-file=\"https:\/\/cloud.alqueria.es\/wp-content\/uploads\/sites\/12\/2023\/02\/1675626967545.jpg\" data-orig-size=\"2292,2292\" data-comments-opened=\"1\" data-image-meta=\"{&quot;aperture&quot;:&quot;0&quot;,&quot;credit&quot;:&quot;&quot;,&quot;camera&quot;:&quot;--&quot;,&quot;caption&quot;:&quot;&quot;,&quot;created_timestamp&quot;:&quot;1674815209&quot;,&quot;copyright&quot;:&quot;&quot;,&quot;focal_length&quot;:&quot;0&quot;,&quot;iso&quot;:&quot;0&quot;,&quot;shutter_speed&quot;:&quot;1&quot;,&quot;title&quot;:&quot;&quot;,&quot;orientation&quot;:&quot;1&quot;}\" data-image-title=\"1675626967545\" data-image-description=\"\" data-image-caption=\"\" data-large-file=\"https:\/\/cloud.alqueria.es\/wp-content\/uploads\/sites\/12\/2023\/02\/1675626967545-1024x1024.jpg\" \/><\/a>\n\t\t\t<\/div><\/figure><figure class='gallery-item'>\n\t\t\t<div class='gallery-icon landscape'>\n\t\t\t\t<a href='https:\/\/www.alqueria.es\/blogs\/alqueriaartistica\/2023\/02\/14\/semana-cultural-pablo-picasso\/1675626967496-2\/'><img decoding=\"async\" width=\"474\" height=\"474\" src=\"https:\/\/cloud.alqueria.es\/wp-content\/uploads\/sites\/12\/2023\/02\/1675626967496-1-1024x1024.jpg\" class=\"attachment-large size-large\" alt=\"\" srcset=\"https:\/\/cloud.alqueria.es\/wp-content\/uploads\/sites\/12\/2023\/02\/1675626967496-1-1024x1024.jpg 1024w, https:\/\/cloud.alqueria.es\/wp-content\/uploads\/sites\/12\/2023\/02\/1675626967496-1-300x300.jpg 300w, https:\/\/cloud.alqueria.es\/wp-content\/uploads\/sites\/12\/2023\/02\/1675626967496-1-150x150.jpg 150w, https:\/\/cloud.alqueria.es\/wp-content\/uploads\/sites\/12\/2023\/02\/1675626967496-1-768x768.jpg 768w, https:\/\/cloud.alqueria.es\/wp-content\/uploads\/sites\/12\/2023\/02\/1675626967496-1-1536x1536.jpg 1536w, https:\/\/cloud.alqueria.es\/wp-content\/uploads\/sites\/12\/2023\/02\/1675626967496-1-2048x2048.jpg 2048w\" sizes=\"(max-width: 474px) 100vw, 474px\" data-attachment-id=\"38490\" data-permalink=\"https:\/\/www.alqueria.es\/blogs\/alqueriaartistica\/2023\/02\/14\/semana-cultural-pablo-picasso\/1675626967496-2\/\" data-orig-file=\"https:\/\/cloud.alqueria.es\/wp-content\/uploads\/sites\/12\/2023\/02\/1675626967496-1.jpg\" data-orig-size=\"2500,2500\" data-comments-opened=\"1\" data-image-meta=\"{&quot;aperture&quot;:&quot;0&quot;,&quot;credit&quot;:&quot;&quot;,&quot;camera&quot;:&quot;--&quot;,&quot;caption&quot;:&quot;&quot;,&quot;created_timestamp&quot;:&quot;1674815464&quot;,&quot;copyright&quot;:&quot;&quot;,&quot;focal_length&quot;:&quot;0&quot;,&quot;iso&quot;:&quot;0&quot;,&quot;shutter_speed&quot;:&quot;1&quot;,&quot;title&quot;:&quot;&quot;,&quot;orientation&quot;:&quot;1&quot;}\" data-image-title=\"1675626967496\" data-image-description=\"\" data-image-caption=\"\" data-large-file=\"https:\/\/cloud.alqueria.es\/wp-content\/uploads\/sites\/12\/2023\/02\/1675626967496-1-1024x1024.jpg\" \/><\/a>\n\t\t\t<\/div><\/figure><figure class='gallery-item'>\n\t\t\t<div class='gallery-icon landscape'>\n\t\t\t\t<a href='https:\/\/www.alqueria.es\/blogs\/alqueriaartistica\/2023\/02\/14\/semana-cultural-pablo-picasso\/img_0543-4\/'><img decoding=\"async\" width=\"474\" height=\"356\" src=\"https:\/\/cloud.alqueria.es\/wp-content\/uploads\/sites\/12\/2023\/02\/IMG_0543.jpg\" class=\"attachment-large size-large\" alt=\"\" srcset=\"https:\/\/cloud.alqueria.es\/wp-content\/uploads\/sites\/12\/2023\/02\/IMG_0543.jpg 640w, https:\/\/cloud.alqueria.es\/wp-content\/uploads\/sites\/12\/2023\/02\/IMG_0543-300x225.jpg 300w\" sizes=\"(max-width: 474px) 100vw, 474px\" data-attachment-id=\"38491\" data-permalink=\"https:\/\/www.alqueria.es\/blogs\/alqueriaartistica\/2023\/02\/14\/semana-cultural-pablo-picasso\/img_0543-4\/\" data-orig-file=\"https:\/\/cloud.alqueria.es\/wp-content\/uploads\/sites\/12\/2023\/02\/IMG_0543.jpg\" data-orig-size=\"640,480\" data-comments-opened=\"1\" data-image-meta=\"{&quot;aperture&quot;:&quot;2.7&quot;,&quot;credit&quot;:&quot;&quot;,&quot;camera&quot;:&quot;Canon IXUS 125 HS&quot;,&quot;caption&quot;:&quot;&quot;,&quot;created_timestamp&quot;:&quot;1676024088&quot;,&quot;copyright&quot;:&quot;&quot;,&quot;focal_length&quot;:&quot;4.3&quot;,&quot;iso&quot;:&quot;400&quot;,&quot;shutter_speed&quot;:&quot;0.016666666666667&quot;,&quot;title&quot;:&quot;&quot;,&quot;orientation&quot;:&quot;1&quot;}\" data-image-title=\"IMG_0543\" data-image-description=\"\" data-image-caption=\"\" data-large-file=\"https:\/\/cloud.alqueria.es\/wp-content\/uploads\/sites\/12\/2023\/02\/IMG_0543.jpg\" \/><\/a>\n\t\t\t<\/div><\/figure><figure class='gallery-item'>\n\t\t\t<div class='gallery-icon landscape'>\n\t\t\t\t<a href='https:\/\/www.alqueria.es\/blogs\/alqueriaartistica\/2023\/02\/14\/semana-cultural-pablo-picasso\/img_0538-4\/'><img decoding=\"async\" width=\"474\" height=\"356\" src=\"https:\/\/cloud.alqueria.es\/wp-content\/uploads\/sites\/12\/2023\/02\/IMG_0538.jpg\" class=\"attachment-large size-large\" alt=\"\" srcset=\"https:\/\/cloud.alqueria.es\/wp-content\/uploads\/sites\/12\/2023\/02\/IMG_0538.jpg 640w, https:\/\/cloud.alqueria.es\/wp-content\/uploads\/sites\/12\/2023\/02\/IMG_0538-300x225.jpg 300w\" sizes=\"(max-width: 474px) 100vw, 474px\" data-attachment-id=\"38492\" data-permalink=\"https:\/\/www.alqueria.es\/blogs\/alqueriaartistica\/2023\/02\/14\/semana-cultural-pablo-picasso\/img_0538-4\/\" data-orig-file=\"https:\/\/cloud.alqueria.es\/wp-content\/uploads\/sites\/12\/2023\/02\/IMG_0538.jpg\" data-orig-size=\"640,480\" data-comments-opened=\"1\" data-image-meta=\"{&quot;aperture&quot;:&quot;2.7&quot;,&quot;credit&quot;:&quot;&quot;,&quot;camera&quot;:&quot;Canon IXUS 125 HS&quot;,&quot;caption&quot;:&quot;&quot;,&quot;created_timestamp&quot;:&quot;1676024026&quot;,&quot;copyright&quot;:&quot;&quot;,&quot;focal_length&quot;:&quot;4.3&quot;,&quot;iso&quot;:&quot;250&quot;,&quot;shutter_speed&quot;:&quot;0.033333333333333&quot;,&quot;title&quot;:&quot;&quot;,&quot;orientation&quot;:&quot;1&quot;}\" data-image-title=\"IMG_0538\" data-image-description=\"\" data-image-caption=\"\" data-large-file=\"https:\/\/cloud.alqueria.es\/wp-content\/uploads\/sites\/12\/2023\/02\/IMG_0538.jpg\" \/><\/a>\n\t\t\t<\/div><\/figure><figure class='gallery-item'>\n\t\t\t<div class='gallery-icon landscape'>\n\t\t\t\t<a href='https:\/\/www.alqueria.es\/blogs\/alqueriaartistica\/2023\/02\/14\/semana-cultural-pablo-picasso\/img_0552-2\/'><img decoding=\"async\" width=\"474\" height=\"356\" src=\"https:\/\/cloud.alqueria.es\/wp-content\/uploads\/sites\/12\/2023\/02\/IMG_0552.jpg\" class=\"attachment-large size-large\" alt=\"\" srcset=\"https:\/\/cloud.alqueria.es\/wp-content\/uploads\/sites\/12\/2023\/02\/IMG_0552.jpg 640w, https:\/\/cloud.alqueria.es\/wp-content\/uploads\/sites\/12\/2023\/02\/IMG_0552-300x225.jpg 300w\" sizes=\"(max-width: 474px) 100vw, 474px\" data-attachment-id=\"38485\" data-permalink=\"https:\/\/www.alqueria.es\/blogs\/alqueriaartistica\/2023\/02\/14\/semana-cultural-pablo-picasso\/img_0552-2\/\" data-orig-file=\"https:\/\/cloud.alqueria.es\/wp-content\/uploads\/sites\/12\/2023\/02\/IMG_0552.jpg\" data-orig-size=\"640,480\" data-comments-opened=\"1\" data-image-meta=\"{&quot;aperture&quot;:&quot;2.7&quot;,&quot;credit&quot;:&quot;&quot;,&quot;camera&quot;:&quot;Canon IXUS 125 HS&quot;,&quot;caption&quot;:&quot;&quot;,&quot;created_timestamp&quot;:&quot;1676045209&quot;,&quot;copyright&quot;:&quot;&quot;,&quot;focal_length&quot;:&quot;4.3&quot;,&quot;iso&quot;:&quot;250&quot;,&quot;shutter_speed&quot;:&quot;0.033333333333333&quot;,&quot;title&quot;:&quot;&quot;,&quot;orientation&quot;:&quot;1&quot;}\" data-image-title=\"IMG_0552\" data-image-description=\"\" data-image-caption=\"\" data-large-file=\"https:\/\/cloud.alqueria.es\/wp-content\/uploads\/sites\/12\/2023\/02\/IMG_0552.jpg\" \/><\/a>\n\t\t\t<\/div><\/figure><figure class='gallery-item'>\n\t\t\t<div class='gallery-icon landscape'>\n\t\t\t\t<a href='https:\/\/www.alqueria.es\/blogs\/alqueriaartistica\/2023\/02\/14\/semana-cultural-pablo-picasso\/img_0551-2\/'><img decoding=\"async\" width=\"474\" height=\"356\" src=\"https:\/\/cloud.alqueria.es\/wp-content\/uploads\/sites\/12\/2023\/02\/IMG_0551.jpg\" class=\"attachment-large size-large\" alt=\"\" srcset=\"https:\/\/cloud.alqueria.es\/wp-content\/uploads\/sites\/12\/2023\/02\/IMG_0551.jpg 640w, https:\/\/cloud.alqueria.es\/wp-content\/uploads\/sites\/12\/2023\/02\/IMG_0551-300x225.jpg 300w\" sizes=\"(max-width: 474px) 100vw, 474px\" data-attachment-id=\"38486\" data-permalink=\"https:\/\/www.alqueria.es\/blogs\/alqueriaartistica\/2023\/02\/14\/semana-cultural-pablo-picasso\/img_0551-2\/\" data-orig-file=\"https:\/\/cloud.alqueria.es\/wp-content\/uploads\/sites\/12\/2023\/02\/IMG_0551.jpg\" data-orig-size=\"640,480\" data-comments-opened=\"1\" data-image-meta=\"{&quot;aperture&quot;:&quot;2.7&quot;,&quot;credit&quot;:&quot;&quot;,&quot;camera&quot;:&quot;Canon IXUS 125 HS&quot;,&quot;caption&quot;:&quot;&quot;,&quot;created_timestamp&quot;:&quot;1676045204&quot;,&quot;copyright&quot;:&quot;&quot;,&quot;focal_length&quot;:&quot;4.3&quot;,&quot;iso&quot;:&quot;250&quot;,&quot;shutter_speed&quot;:&quot;0.033333333333333&quot;,&quot;title&quot;:&quot;&quot;,&quot;orientation&quot;:&quot;1&quot;}\" data-image-title=\"IMG_0551\" data-image-description=\"\" data-image-caption=\"\" data-large-file=\"https:\/\/cloud.alqueria.es\/wp-content\/uploads\/sites\/12\/2023\/02\/IMG_0551.jpg\" \/><\/a>\n\t\t\t<\/div><\/figure>\n\t\t<\/div>\n\n<div data-carousel-extra='{&quot;blog_id&quot;:12,&quot;permalink&quot;:&quot;https:\/\/www.alqueria.es\/blogs\/alqueriaartistica\/2023\/02\/14\/semana-cultural-pablo-picasso\/&quot;}' id='gallery-4' class='gallery galleryid-38479 gallery-columns-3 gallery-size-large'><figure class='gallery-item'>\n\t\t\t<div class='gallery-icon portrait'>\n\t\t\t\t<a href='https:\/\/www.alqueria.es\/blogs\/alqueriaartistica\/2023\/02\/14\/semana-cultural-pablo-picasso\/img_0581-6\/'><img decoding=\"async\" width=\"474\" height=\"632\" src=\"https:\/\/cloud.alqueria.es\/wp-content\/uploads\/sites\/12\/2023\/02\/IMG_0581.jpg\" class=\"attachment-large size-large\" alt=\"\" srcset=\"https:\/\/cloud.alqueria.es\/wp-content\/uploads\/sites\/12\/2023\/02\/IMG_0581.jpg 480w, https:\/\/cloud.alqueria.es\/wp-content\/uploads\/sites\/12\/2023\/02\/IMG_0581-225x300.jpg 225w\" sizes=\"(max-width: 474px) 100vw, 474px\" data-attachment-id=\"38540\" data-permalink=\"https:\/\/www.alqueria.es\/blogs\/alqueriaartistica\/2023\/02\/14\/semana-cultural-pablo-picasso\/img_0581-6\/\" data-orig-file=\"https:\/\/cloud.alqueria.es\/wp-content\/uploads\/sites\/12\/2023\/02\/IMG_0581.jpg\" data-orig-size=\"480,640\" data-comments-opened=\"1\" data-image-meta=\"{&quot;aperture&quot;:&quot;2.7&quot;,&quot;credit&quot;:&quot;&quot;,&quot;camera&quot;:&quot;Canon IXUS 125 HS&quot;,&quot;caption&quot;:&quot;&quot;,&quot;created_timestamp&quot;:&quot;1676290509&quot;,&quot;copyright&quot;:&quot;&quot;,&quot;focal_length&quot;:&quot;4.3&quot;,&quot;iso&quot;:&quot;320&quot;,&quot;shutter_speed&quot;:&quot;0.033333333333333&quot;,&quot;title&quot;:&quot;&quot;,&quot;orientation&quot;:&quot;1&quot;}\" data-image-title=\"IMG_0581\" data-image-description=\"\" data-image-caption=\"\" data-large-file=\"https:\/\/cloud.alqueria.es\/wp-content\/uploads\/sites\/12\/2023\/02\/IMG_0581.jpg\" \/><\/a>\n\t\t\t<\/div><\/figure><figure class='gallery-item'>\n\t\t\t<div class='gallery-icon landscape'>\n\t\t\t\t<a href='https:\/\/www.alqueria.es\/blogs\/alqueriaartistica\/2023\/02\/14\/semana-cultural-pablo-picasso\/img_0579-4\/'><img decoding=\"async\" width=\"474\" height=\"356\" src=\"https:\/\/cloud.alqueria.es\/wp-content\/uploads\/sites\/12\/2023\/02\/IMG_0579.jpg\" class=\"attachment-large size-large\" alt=\"\" srcset=\"https:\/\/cloud.alqueria.es\/wp-content\/uploads\/sites\/12\/2023\/02\/IMG_0579.jpg 640w, https:\/\/cloud.alqueria.es\/wp-content\/uploads\/sites\/12\/2023\/02\/IMG_0579-300x225.jpg 300w\" sizes=\"(max-width: 474px) 100vw, 474px\" data-attachment-id=\"38541\" data-permalink=\"https:\/\/www.alqueria.es\/blogs\/alqueriaartistica\/2023\/02\/14\/semana-cultural-pablo-picasso\/img_0579-4\/\" data-orig-file=\"https:\/\/cloud.alqueria.es\/wp-content\/uploads\/sites\/12\/2023\/02\/IMG_0579.jpg\" data-orig-size=\"640,480\" data-comments-opened=\"1\" data-image-meta=\"{&quot;aperture&quot;:&quot;2.7&quot;,&quot;credit&quot;:&quot;&quot;,&quot;camera&quot;:&quot;Canon IXUS 125 HS&quot;,&quot;caption&quot;:&quot;&quot;,&quot;created_timestamp&quot;:&quot;1676290494&quot;,&quot;copyright&quot;:&quot;&quot;,&quot;focal_length&quot;:&quot;4.3&quot;,&quot;iso&quot;:&quot;200&quot;,&quot;shutter_speed&quot;:&quot;0.033333333333333&quot;,&quot;title&quot;:&quot;&quot;,&quot;orientation&quot;:&quot;1&quot;}\" data-image-title=\"IMG_0579\" data-image-description=\"\" data-image-caption=\"\" data-large-file=\"https:\/\/cloud.alqueria.es\/wp-content\/uploads\/sites\/12\/2023\/02\/IMG_0579.jpg\" \/><\/a>\n\t\t\t<\/div><\/figure><figure class='gallery-item'>\n\t\t\t<div class='gallery-icon landscape'>\n\t\t\t\t<a href='https:\/\/www.alqueria.es\/blogs\/alqueriaartistica\/2023\/02\/14\/semana-cultural-pablo-picasso\/img_0576-2\/'><img decoding=\"async\" width=\"474\" height=\"356\" src=\"https:\/\/cloud.alqueria.es\/wp-content\/uploads\/sites\/12\/2023\/02\/IMG_0576.jpg\" class=\"attachment-large size-large\" alt=\"\" srcset=\"https:\/\/cloud.alqueria.es\/wp-content\/uploads\/sites\/12\/2023\/02\/IMG_0576.jpg 640w, https:\/\/cloud.alqueria.es\/wp-content\/uploads\/sites\/12\/2023\/02\/IMG_0576-300x225.jpg 300w\" sizes=\"(max-width: 474px) 100vw, 474px\" data-attachment-id=\"38542\" data-permalink=\"https:\/\/www.alqueria.es\/blogs\/alqueriaartistica\/2023\/02\/14\/semana-cultural-pablo-picasso\/img_0576-2\/\" data-orig-file=\"https:\/\/cloud.alqueria.es\/wp-content\/uploads\/sites\/12\/2023\/02\/IMG_0576.jpg\" data-orig-size=\"640,480\" data-comments-opened=\"1\" data-image-meta=\"{&quot;aperture&quot;:&quot;2.7&quot;,&quot;credit&quot;:&quot;&quot;,&quot;camera&quot;:&quot;Canon IXUS 125 HS&quot;,&quot;caption&quot;:&quot;&quot;,&quot;created_timestamp&quot;:&quot;1676290466&quot;,&quot;copyright&quot;:&quot;&quot;,&quot;focal_length&quot;:&quot;4.3&quot;,&quot;iso&quot;:&quot;400&quot;,&quot;shutter_speed&quot;:&quot;0.016666666666667&quot;,&quot;title&quot;:&quot;&quot;,&quot;orientation&quot;:&quot;1&quot;}\" data-image-title=\"IMG_0576\" data-image-description=\"\" data-image-caption=\"\" data-large-file=\"https:\/\/cloud.alqueria.es\/wp-content\/uploads\/sites\/12\/2023\/02\/IMG_0576.jpg\" \/><\/a>\n\t\t\t<\/div><\/figure><figure class='gallery-item'>\n\t\t\t<div class='gallery-icon portrait'>\n\t\t\t\t<a href='https:\/\/www.alqueria.es\/blogs\/alqueriaartistica\/2023\/02\/14\/semana-cultural-pablo-picasso\/img_0584-3\/'><img decoding=\"async\" width=\"474\" height=\"632\" src=\"https:\/\/cloud.alqueria.es\/wp-content\/uploads\/sites\/12\/2023\/02\/IMG_0584.jpg\" class=\"attachment-large size-large\" alt=\"\" srcset=\"https:\/\/cloud.alqueria.es\/wp-content\/uploads\/sites\/12\/2023\/02\/IMG_0584.jpg 480w, https:\/\/cloud.alqueria.es\/wp-content\/uploads\/sites\/12\/2023\/02\/IMG_0584-225x300.jpg 225w\" sizes=\"(max-width: 474px) 100vw, 474px\" data-attachment-id=\"38539\" data-permalink=\"https:\/\/www.alqueria.es\/blogs\/alqueriaartistica\/2023\/02\/14\/semana-cultural-pablo-picasso\/img_0584-3\/\" data-orig-file=\"https:\/\/cloud.alqueria.es\/wp-content\/uploads\/sites\/12\/2023\/02\/IMG_0584.jpg\" data-orig-size=\"480,640\" data-comments-opened=\"1\" data-image-meta=\"{&quot;aperture&quot;:&quot;2.7&quot;,&quot;credit&quot;:&quot;&quot;,&quot;camera&quot;:&quot;Canon IXUS 125 HS&quot;,&quot;caption&quot;:&quot;&quot;,&quot;created_timestamp&quot;:&quot;1676290561&quot;,&quot;copyright&quot;:&quot;&quot;,&quot;focal_length&quot;:&quot;4.3&quot;,&quot;iso&quot;:&quot;200&quot;,&quot;shutter_speed&quot;:&quot;0.033333333333333&quot;,&quot;title&quot;:&quot;&quot;,&quot;orientation&quot;:&quot;1&quot;}\" data-image-title=\"IMG_0584\" data-image-description=\"\" data-image-caption=\"\" data-large-file=\"https:\/\/cloud.alqueria.es\/wp-content\/uploads\/sites\/12\/2023\/02\/IMG_0584.jpg\" \/><\/a>\n\t\t\t<\/div><\/figure><figure class='gallery-item'>\n\t\t\t<div class='gallery-icon landscape'>\n\t\t\t\t<a href='https:\/\/www.alqueria.es\/blogs\/alqueriaartistica\/2023\/02\/14\/semana-cultural-pablo-picasso\/img_0585-4\/'><img decoding=\"async\" width=\"474\" height=\"356\" src=\"https:\/\/cloud.alqueria.es\/wp-content\/uploads\/sites\/12\/2023\/02\/IMG_0585.jpg\" class=\"attachment-large size-large\" alt=\"\" srcset=\"https:\/\/cloud.alqueria.es\/wp-content\/uploads\/sites\/12\/2023\/02\/IMG_0585.jpg 640w, https:\/\/cloud.alqueria.es\/wp-content\/uploads\/sites\/12\/2023\/02\/IMG_0585-300x225.jpg 300w\" sizes=\"(max-width: 474px) 100vw, 474px\" data-attachment-id=\"38538\" data-permalink=\"https:\/\/www.alqueria.es\/blogs\/alqueriaartistica\/2023\/02\/14\/semana-cultural-pablo-picasso\/img_0585-4\/\" data-orig-file=\"https:\/\/cloud.alqueria.es\/wp-content\/uploads\/sites\/12\/2023\/02\/IMG_0585.jpg\" data-orig-size=\"640,480\" data-comments-opened=\"1\" data-image-meta=\"{&quot;aperture&quot;:&quot;2.7&quot;,&quot;credit&quot;:&quot;&quot;,&quot;camera&quot;:&quot;Canon IXUS 125 HS&quot;,&quot;caption&quot;:&quot;&quot;,&quot;created_timestamp&quot;:&quot;1676290566&quot;,&quot;copyright&quot;:&quot;&quot;,&quot;focal_length&quot;:&quot;4.3&quot;,&quot;iso&quot;:&quot;200&quot;,&quot;shutter_speed&quot;:&quot;0.033333333333333&quot;,&quot;title&quot;:&quot;&quot;,&quot;orientation&quot;:&quot;1&quot;}\" data-image-title=\"IMG_0585\" data-image-description=\"\" data-image-caption=\"\" data-large-file=\"https:\/\/cloud.alqueria.es\/wp-content\/uploads\/sites\/12\/2023\/02\/IMG_0585.jpg\" \/><\/a>\n\t\t\t<\/div><\/figure><figure class='gallery-item'>\n\t\t\t<div class='gallery-icon portrait'>\n\t\t\t\t<a href='https:\/\/www.alqueria.es\/blogs\/alqueriaartistica\/2023\/02\/14\/semana-cultural-pablo-picasso\/img_0606-4\/'><img decoding=\"async\" width=\"474\" height=\"632\" src=\"https:\/\/cloud.alqueria.es\/wp-content\/uploads\/sites\/12\/2023\/02\/IMG_0606.jpg\" class=\"attachment-large size-large\" alt=\"\" srcset=\"https:\/\/cloud.alqueria.es\/wp-content\/uploads\/sites\/12\/2023\/02\/IMG_0606.jpg 480w, https:\/\/cloud.alqueria.es\/wp-content\/uploads\/sites\/12\/2023\/02\/IMG_0606-225x300.jpg 225w\" sizes=\"(max-width: 474px) 100vw, 474px\" data-attachment-id=\"38536\" data-permalink=\"https:\/\/www.alqueria.es\/blogs\/alqueriaartistica\/2023\/02\/14\/semana-cultural-pablo-picasso\/img_0606-4\/\" data-orig-file=\"https:\/\/cloud.alqueria.es\/wp-content\/uploads\/sites\/12\/2023\/02\/IMG_0606.jpg\" data-orig-size=\"480,640\" data-comments-opened=\"1\" data-image-meta=\"{&quot;aperture&quot;:&quot;2.7&quot;,&quot;credit&quot;:&quot;&quot;,&quot;camera&quot;:&quot;Canon IXUS 125 HS&quot;,&quot;caption&quot;:&quot;&quot;,&quot;created_timestamp&quot;:&quot;1676291980&quot;,&quot;copyright&quot;:&quot;&quot;,&quot;focal_length&quot;:&quot;4.3&quot;,&quot;iso&quot;:&quot;200&quot;,&quot;shutter_speed&quot;:&quot;0.033333333333333&quot;,&quot;title&quot;:&quot;&quot;,&quot;orientation&quot;:&quot;1&quot;}\" data-image-title=\"IMG_0606\" data-image-description=\"\" data-image-caption=\"\" data-large-file=\"https:\/\/cloud.alqueria.es\/wp-content\/uploads\/sites\/12\/2023\/02\/IMG_0606.jpg\" \/><\/a>\n\t\t\t<\/div><\/figure><figure class='gallery-item'>\n\t\t\t<div class='gallery-icon landscape'>\n\t\t\t\t<a href='https:\/\/www.alqueria.es\/blogs\/alqueriaartistica\/2023\/02\/14\/semana-cultural-pablo-picasso\/img_0587-5\/'><img decoding=\"async\" width=\"474\" height=\"356\" src=\"https:\/\/cloud.alqueria.es\/wp-content\/uploads\/sites\/12\/2023\/02\/IMG_0587.jpg\" class=\"attachment-large size-large\" alt=\"\" srcset=\"https:\/\/cloud.alqueria.es\/wp-content\/uploads\/sites\/12\/2023\/02\/IMG_0587.jpg 640w, https:\/\/cloud.alqueria.es\/wp-content\/uploads\/sites\/12\/2023\/02\/IMG_0587-300x225.jpg 300w\" sizes=\"(max-width: 474px) 100vw, 474px\" data-attachment-id=\"38535\" data-permalink=\"https:\/\/www.alqueria.es\/blogs\/alqueriaartistica\/2023\/02\/14\/semana-cultural-pablo-picasso\/img_0587-5\/\" data-orig-file=\"https:\/\/cloud.alqueria.es\/wp-content\/uploads\/sites\/12\/2023\/02\/IMG_0587.jpg\" data-orig-size=\"640,480\" data-comments-opened=\"1\" data-image-meta=\"{&quot;aperture&quot;:&quot;2.7&quot;,&quot;credit&quot;:&quot;&quot;,&quot;camera&quot;:&quot;Canon IXUS 125 HS&quot;,&quot;caption&quot;:&quot;&quot;,&quot;created_timestamp&quot;:&quot;1676290727&quot;,&quot;copyright&quot;:&quot;&quot;,&quot;focal_length&quot;:&quot;4.3&quot;,&quot;iso&quot;:&quot;800&quot;,&quot;shutter_speed&quot;:&quot;0.04&quot;,&quot;title&quot;:&quot;&quot;,&quot;orientation&quot;:&quot;1&quot;}\" data-image-title=\"IMG_0587\" data-image-description=\"\" data-image-caption=\"\" data-large-file=\"https:\/\/cloud.alqueria.es\/wp-content\/uploads\/sites\/12\/2023\/02\/IMG_0587.jpg\" \/><\/a>\n\t\t\t<\/div><\/figure><figure class='gallery-item'>\n\t\t\t<div class='gallery-icon landscape'>\n\t\t\t\t<a href='https:\/\/www.alqueria.es\/blogs\/alqueriaartistica\/2023\/02\/14\/semana-cultural-pablo-picasso\/img_0599-5\/'><img decoding=\"async\" width=\"474\" height=\"356\" src=\"https:\/\/cloud.alqueria.es\/wp-content\/uploads\/sites\/12\/2023\/02\/IMG_0599.jpg\" class=\"attachment-large size-large\" alt=\"\" srcset=\"https:\/\/cloud.alqueria.es\/wp-content\/uploads\/sites\/12\/2023\/02\/IMG_0599.jpg 640w, https:\/\/cloud.alqueria.es\/wp-content\/uploads\/sites\/12\/2023\/02\/IMG_0599-300x225.jpg 300w\" sizes=\"(max-width: 474px) 100vw, 474px\" data-attachment-id=\"38534\" data-permalink=\"https:\/\/www.alqueria.es\/blogs\/alqueriaartistica\/2023\/02\/14\/semana-cultural-pablo-picasso\/img_0599-5\/\" data-orig-file=\"https:\/\/cloud.alqueria.es\/wp-content\/uploads\/sites\/12\/2023\/02\/IMG_0599.jpg\" data-orig-size=\"640,480\" data-comments-opened=\"1\" data-image-meta=\"{&quot;aperture&quot;:&quot;2.7&quot;,&quot;credit&quot;:&quot;&quot;,&quot;camera&quot;:&quot;Canon IXUS 125 HS&quot;,&quot;caption&quot;:&quot;&quot;,&quot;created_timestamp&quot;:&quot;1676291352&quot;,&quot;copyright&quot;:&quot;&quot;,&quot;focal_length&quot;:&quot;4.3&quot;,&quot;iso&quot;:&quot;800&quot;,&quot;shutter_speed&quot;:&quot;0.05&quot;,&quot;title&quot;:&quot;&quot;,&quot;orientation&quot;:&quot;1&quot;}\" data-image-title=\"IMG_0599\" data-image-description=\"\" data-image-caption=\"\" data-large-file=\"https:\/\/cloud.alqueria.es\/wp-content\/uploads\/sites\/12\/2023\/02\/IMG_0599.jpg\" \/><\/a>\n\t\t\t<\/div><\/figure><figure class='gallery-item'>\n\t\t\t<div class='gallery-icon portrait'>\n\t\t\t\t<a href='https:\/\/www.alqueria.es\/blogs\/alqueriaartistica\/2023\/02\/14\/semana-cultural-pablo-picasso\/img_0602-5\/'><img decoding=\"async\" width=\"474\" height=\"632\" src=\"https:\/\/cloud.alqueria.es\/wp-content\/uploads\/sites\/12\/2023\/02\/IMG_0602.jpg\" class=\"attachment-large size-large\" alt=\"\" srcset=\"https:\/\/cloud.alqueria.es\/wp-content\/uploads\/sites\/12\/2023\/02\/IMG_0602.jpg 480w, https:\/\/cloud.alqueria.es\/wp-content\/uploads\/sites\/12\/2023\/02\/IMG_0602-225x300.jpg 225w\" sizes=\"(max-width: 474px) 100vw, 474px\" data-attachment-id=\"38537\" data-permalink=\"https:\/\/www.alqueria.es\/blogs\/alqueriaartistica\/2023\/02\/14\/semana-cultural-pablo-picasso\/img_0602-5\/\" data-orig-file=\"https:\/\/cloud.alqueria.es\/wp-content\/uploads\/sites\/12\/2023\/02\/IMG_0602.jpg\" data-orig-size=\"480,640\" data-comments-opened=\"1\" data-image-meta=\"{&quot;aperture&quot;:&quot;2.7&quot;,&quot;credit&quot;:&quot;&quot;,&quot;camera&quot;:&quot;Canon IXUS 125 HS&quot;,&quot;caption&quot;:&quot;&quot;,&quot;created_timestamp&quot;:&quot;1676291641&quot;,&quot;copyright&quot;:&quot;&quot;,&quot;focal_length&quot;:&quot;4.3&quot;,&quot;iso&quot;:&quot;800&quot;,&quot;shutter_speed&quot;:&quot;0.033333333333333&quot;,&quot;title&quot;:&quot;&quot;,&quot;orientation&quot;:&quot;1&quot;}\" data-image-title=\"IMG_0602\" data-image-description=\"\" data-image-caption=\"\" data-large-file=\"https:\/\/cloud.alqueria.es\/wp-content\/uploads\/sites\/12\/2023\/02\/IMG_0602.jpg\" \/><\/a>\n\t\t\t<\/div><\/figure>\n\t\t<\/div>\n\n<div data-carousel-extra='{&quot;blog_id&quot;:12,&quot;permalink&quot;:&quot;https:\/\/www.alqueria.es\/blogs\/alqueriaartistica\/2023\/02\/14\/semana-cultural-pablo-picasso\/&quot;}' id='gallery-5' class='gallery galleryid-38479 gallery-columns-3 gallery-size-large'><figure class='gallery-item'>\n\t\t\t<div class='gallery-icon landscape'>\n\t\t\t\t<a href='https:\/\/www.alqueria.es\/blogs\/alqueriaartistica\/2023\/02\/14\/semana-cultural-pablo-picasso\/img_0588-3\/'><img decoding=\"async\" width=\"474\" height=\"356\" src=\"https:\/\/cloud.alqueria.es\/wp-content\/uploads\/sites\/12\/2023\/02\/IMG_0588.jpg\" class=\"attachment-large size-large\" alt=\"\" srcset=\"https:\/\/cloud.alqueria.es\/wp-content\/uploads\/sites\/12\/2023\/02\/IMG_0588.jpg 640w, https:\/\/cloud.alqueria.es\/wp-content\/uploads\/sites\/12\/2023\/02\/IMG_0588-300x225.jpg 300w\" sizes=\"(max-width: 474px) 100vw, 474px\" data-attachment-id=\"38547\" data-permalink=\"https:\/\/www.alqueria.es\/blogs\/alqueriaartistica\/2023\/02\/14\/semana-cultural-pablo-picasso\/img_0588-3\/\" data-orig-file=\"https:\/\/cloud.alqueria.es\/wp-content\/uploads\/sites\/12\/2023\/02\/IMG_0588.jpg\" data-orig-size=\"640,480\" data-comments-opened=\"1\" data-image-meta=\"{&quot;aperture&quot;:&quot;2.7&quot;,&quot;credit&quot;:&quot;&quot;,&quot;camera&quot;:&quot;Canon IXUS 125 HS&quot;,&quot;caption&quot;:&quot;&quot;,&quot;created_timestamp&quot;:&quot;1676290859&quot;,&quot;copyright&quot;:&quot;&quot;,&quot;focal_length&quot;:&quot;4.3&quot;,&quot;iso&quot;:&quot;500&quot;,&quot;shutter_speed&quot;:&quot;0.016666666666667&quot;,&quot;title&quot;:&quot;&quot;,&quot;orientation&quot;:&quot;1&quot;}\" data-image-title=\"IMG_0588\" data-image-description=\"\" data-image-caption=\"\" data-large-file=\"https:\/\/cloud.alqueria.es\/wp-content\/uploads\/sites\/12\/2023\/02\/IMG_0588.jpg\" \/><\/a>\n\t\t\t<\/div><\/figure><figure class='gallery-item'>\n\t\t\t<div class='gallery-icon landscape'>\n\t\t\t\t<a href='https:\/\/www.alqueria.es\/blogs\/alqueriaartistica\/2023\/02\/14\/semana-cultural-pablo-picasso\/img_0594-5\/'><img decoding=\"async\" width=\"474\" height=\"356\" src=\"https:\/\/cloud.alqueria.es\/wp-content\/uploads\/sites\/12\/2023\/02\/IMG_0594.jpg\" class=\"attachment-large size-large\" alt=\"\" srcset=\"https:\/\/cloud.alqueria.es\/wp-content\/uploads\/sites\/12\/2023\/02\/IMG_0594.jpg 640w, https:\/\/cloud.alqueria.es\/wp-content\/uploads\/sites\/12\/2023\/02\/IMG_0594-300x225.jpg 300w\" sizes=\"(max-width: 474px) 100vw, 474px\" data-attachment-id=\"38545\" data-permalink=\"https:\/\/www.alqueria.es\/blogs\/alqueriaartistica\/2023\/02\/14\/semana-cultural-pablo-picasso\/img_0594-5\/\" data-orig-file=\"https:\/\/cloud.alqueria.es\/wp-content\/uploads\/sites\/12\/2023\/02\/IMG_0594.jpg\" data-orig-size=\"640,480\" data-comments-opened=\"1\" data-image-meta=\"{&quot;aperture&quot;:&quot;2.7&quot;,&quot;credit&quot;:&quot;&quot;,&quot;camera&quot;:&quot;Canon IXUS 125 HS&quot;,&quot;caption&quot;:&quot;&quot;,&quot;created_timestamp&quot;:&quot;1676290902&quot;,&quot;copyright&quot;:&quot;&quot;,&quot;focal_length&quot;:&quot;4.3&quot;,&quot;iso&quot;:&quot;500&quot;,&quot;shutter_speed&quot;:&quot;0.033333333333333&quot;,&quot;title&quot;:&quot;&quot;,&quot;orientation&quot;:&quot;0&quot;}\" data-image-title=\"IMG_0594\" data-image-description=\"\" data-image-caption=\"\" data-large-file=\"https:\/\/cloud.alqueria.es\/wp-content\/uploads\/sites\/12\/2023\/02\/IMG_0594.jpg\" \/><\/a>\n\t\t\t<\/div><\/figure><figure class='gallery-item'>\n\t\t\t<div class='gallery-icon landscape'>\n\t\t\t\t<a href='https:\/\/www.alqueria.es\/blogs\/alqueriaartistica\/2023\/02\/14\/semana-cultural-pablo-picasso\/img_0591-3\/'><img decoding=\"async\" width=\"474\" height=\"356\" src=\"https:\/\/cloud.alqueria.es\/wp-content\/uploads\/sites\/12\/2023\/02\/IMG_0591.jpg\" class=\"attachment-large size-large\" alt=\"\" srcset=\"https:\/\/cloud.alqueria.es\/wp-content\/uploads\/sites\/12\/2023\/02\/IMG_0591.jpg 640w, https:\/\/cloud.alqueria.es\/wp-content\/uploads\/sites\/12\/2023\/02\/IMG_0591-300x225.jpg 300w\" sizes=\"(max-width: 474px) 100vw, 474px\" data-attachment-id=\"38544\" data-permalink=\"https:\/\/www.alqueria.es\/blogs\/alqueriaartistica\/2023\/02\/14\/semana-cultural-pablo-picasso\/img_0591-3\/\" data-orig-file=\"https:\/\/cloud.alqueria.es\/wp-content\/uploads\/sites\/12\/2023\/02\/IMG_0591.jpg\" data-orig-size=\"640,480\" data-comments-opened=\"1\" data-image-meta=\"{&quot;aperture&quot;:&quot;2.7&quot;,&quot;credit&quot;:&quot;&quot;,&quot;camera&quot;:&quot;Canon IXUS 125 HS&quot;,&quot;caption&quot;:&quot;&quot;,&quot;created_timestamp&quot;:&quot;1676290875&quot;,&quot;copyright&quot;:&quot;&quot;,&quot;focal_length&quot;:&quot;4.3&quot;,&quot;iso&quot;:&quot;800&quot;,&quot;shutter_speed&quot;:&quot;0.016666666666667&quot;,&quot;title&quot;:&quot;&quot;,&quot;orientation&quot;:&quot;0&quot;}\" data-image-title=\"IMG_0591\" data-image-description=\"\" data-image-caption=\"\" data-large-file=\"https:\/\/cloud.alqueria.es\/wp-content\/uploads\/sites\/12\/2023\/02\/IMG_0591.jpg\" \/><\/a>\n\t\t\t<\/div><\/figure><figure class='gallery-item'>\n\t\t\t<div class='gallery-icon landscape'>\n\t\t\t\t<a href='https:\/\/www.alqueria.es\/blogs\/alqueriaartistica\/2023\/02\/14\/semana-cultural-pablo-picasso\/img_0592-5\/'><img decoding=\"async\" width=\"474\" height=\"356\" src=\"https:\/\/cloud.alqueria.es\/wp-content\/uploads\/sites\/12\/2023\/02\/IMG_0592.jpg\" class=\"attachment-large size-large\" alt=\"\" srcset=\"https:\/\/cloud.alqueria.es\/wp-content\/uploads\/sites\/12\/2023\/02\/IMG_0592.jpg 640w, https:\/\/cloud.alqueria.es\/wp-content\/uploads\/sites\/12\/2023\/02\/IMG_0592-300x225.jpg 300w\" sizes=\"(max-width: 474px) 100vw, 474px\" data-attachment-id=\"38546\" data-permalink=\"https:\/\/www.alqueria.es\/blogs\/alqueriaartistica\/2023\/02\/14\/semana-cultural-pablo-picasso\/img_0592-5\/\" data-orig-file=\"https:\/\/cloud.alqueria.es\/wp-content\/uploads\/sites\/12\/2023\/02\/IMG_0592.jpg\" data-orig-size=\"640,480\" data-comments-opened=\"1\" data-image-meta=\"{&quot;aperture&quot;:&quot;2.7&quot;,&quot;credit&quot;:&quot;&quot;,&quot;camera&quot;:&quot;Canon IXUS 125 HS&quot;,&quot;caption&quot;:&quot;&quot;,&quot;created_timestamp&quot;:&quot;1676290889&quot;,&quot;copyright&quot;:&quot;&quot;,&quot;focal_length&quot;:&quot;4.3&quot;,&quot;iso&quot;:&quot;250&quot;,&quot;shutter_speed&quot;:&quot;0.033333333333333&quot;,&quot;title&quot;:&quot;&quot;,&quot;orientation&quot;:&quot;1&quot;}\" data-image-title=\"IMG_0592\" data-image-description=\"\" data-image-caption=\"\" data-large-file=\"https:\/\/cloud.alqueria.es\/wp-content\/uploads\/sites\/12\/2023\/02\/IMG_0592.jpg\" \/><\/a>\n\t\t\t<\/div><\/figure><figure class='gallery-item'>\n\t\t\t<div class='gallery-icon landscape'>\n\t\t\t\t<a href='https:\/\/www.alqueria.es\/blogs\/alqueriaartistica\/2023\/02\/14\/semana-cultural-pablo-picasso\/img_0589-5\/'><img decoding=\"async\" width=\"474\" height=\"356\" src=\"https:\/\/cloud.alqueria.es\/wp-content\/uploads\/sites\/12\/2023\/02\/IMG_0589.jpg\" class=\"attachment-large size-large\" alt=\"\" srcset=\"https:\/\/cloud.alqueria.es\/wp-content\/uploads\/sites\/12\/2023\/02\/IMG_0589.jpg 640w, https:\/\/cloud.alqueria.es\/wp-content\/uploads\/sites\/12\/2023\/02\/IMG_0589-300x225.jpg 300w\" sizes=\"(max-width: 474px) 100vw, 474px\" data-attachment-id=\"38548\" data-permalink=\"https:\/\/www.alqueria.es\/blogs\/alqueriaartistica\/2023\/02\/14\/semana-cultural-pablo-picasso\/img_0589-5\/\" data-orig-file=\"https:\/\/cloud.alqueria.es\/wp-content\/uploads\/sites\/12\/2023\/02\/IMG_0589.jpg\" data-orig-size=\"640,480\" data-comments-opened=\"1\" data-image-meta=\"{&quot;aperture&quot;:&quot;2.7&quot;,&quot;credit&quot;:&quot;&quot;,&quot;camera&quot;:&quot;Canon IXUS 125 HS&quot;,&quot;caption&quot;:&quot;&quot;,&quot;created_timestamp&quot;:&quot;1676290864&quot;,&quot;copyright&quot;:&quot;&quot;,&quot;focal_length&quot;:&quot;4.3&quot;,&quot;iso&quot;:&quot;800&quot;,&quot;shutter_speed&quot;:&quot;0.02&quot;,&quot;title&quot;:&quot;&quot;,&quot;orientation&quot;:&quot;1&quot;}\" data-image-title=\"IMG_0589\" data-image-description=\"\" data-image-caption=\"\" data-large-file=\"https:\/\/cloud.alqueria.es\/wp-content\/uploads\/sites\/12\/2023\/02\/IMG_0589.jpg\" \/><\/a>\n\t\t\t<\/div><\/figure><figure class='gallery-item'>\n\t\t\t<div class='gallery-icon landscape'>\n\t\t\t\t<a href='https:\/\/www.alqueria.es\/blogs\/alqueriaartistica\/2023\/02\/14\/semana-cultural-pablo-picasso\/img_0590-4\/'><img decoding=\"async\" width=\"474\" height=\"356\" src=\"https:\/\/cloud.alqueria.es\/wp-content\/uploads\/sites\/12\/2023\/02\/IMG_0590.jpg\" class=\"attachment-large size-large\" alt=\"\" srcset=\"https:\/\/cloud.alqueria.es\/wp-content\/uploads\/sites\/12\/2023\/02\/IMG_0590.jpg 640w, https:\/\/cloud.alqueria.es\/wp-content\/uploads\/sites\/12\/2023\/02\/IMG_0590-300x225.jpg 300w\" sizes=\"(max-width: 474px) 100vw, 474px\" data-attachment-id=\"38543\" data-permalink=\"https:\/\/www.alqueria.es\/blogs\/alqueriaartistica\/2023\/02\/14\/semana-cultural-pablo-picasso\/img_0590-4\/\" data-orig-file=\"https:\/\/cloud.alqueria.es\/wp-content\/uploads\/sites\/12\/2023\/02\/IMG_0590.jpg\" data-orig-size=\"640,480\" data-comments-opened=\"1\" data-image-meta=\"{&quot;aperture&quot;:&quot;2.7&quot;,&quot;credit&quot;:&quot;&quot;,&quot;camera&quot;:&quot;Canon IXUS 125 HS&quot;,&quot;caption&quot;:&quot;&quot;,&quot;created_timestamp&quot;:&quot;1676290871&quot;,&quot;copyright&quot;:&quot;&quot;,&quot;focal_length&quot;:&quot;4.3&quot;,&quot;iso&quot;:&quot;800&quot;,&quot;shutter_speed&quot;:&quot;0.02&quot;,&quot;title&quot;:&quot;&quot;,&quot;orientation&quot;:&quot;0&quot;}\" data-image-title=\"IMG_0590\" data-image-description=\"\" data-image-caption=\"\" data-large-file=\"https:\/\/cloud.alqueria.es\/wp-content\/uploads\/sites\/12\/2023\/02\/IMG_0590.jpg\" \/><\/a>\n\t\t\t<\/div><\/figure>\n\t\t<\/div>\n\n<div data-carousel-extra='{&quot;blog_id&quot;:12,&quot;permalink&quot;:&quot;https:\/\/www.alqueria.es\/blogs\/alqueriaartistica\/2023\/02\/14\/semana-cultural-pablo-picasso\/&quot;}' id='gallery-6' class='gallery galleryid-38479 gallery-columns-5 gallery-size-large'><figure class='gallery-item'>\n\t\t\t<div class='gallery-icon portrait'>\n\t\t\t\t<a href='https:\/\/www.alqueria.es\/blogs\/alqueriaartistica\/2023\/02\/14\/semana-cultural-pablo-picasso\/img_0642-2\/'><img decoding=\"async\" width=\"474\" height=\"632\" src=\"https:\/\/cloud.alqueria.es\/wp-content\/uploads\/sites\/12\/2023\/02\/IMG_0642.jpg\" class=\"attachment-large size-large\" alt=\"\" srcset=\"https:\/\/cloud.alqueria.es\/wp-content\/uploads\/sites\/12\/2023\/02\/IMG_0642.jpg 480w, https:\/\/cloud.alqueria.es\/wp-content\/uploads\/sites\/12\/2023\/02\/IMG_0642-225x300.jpg 225w\" sizes=\"(max-width: 474px) 100vw, 474px\" data-attachment-id=\"38550\" data-permalink=\"https:\/\/www.alqueria.es\/blogs\/alqueriaartistica\/2023\/02\/14\/semana-cultural-pablo-picasso\/img_0642-2\/\" data-orig-file=\"https:\/\/cloud.alqueria.es\/wp-content\/uploads\/sites\/12\/2023\/02\/IMG_0642.jpg\" data-orig-size=\"480,640\" data-comments-opened=\"1\" data-image-meta=\"{&quot;aperture&quot;:&quot;2.7&quot;,&quot;credit&quot;:&quot;&quot;,&quot;camera&quot;:&quot;Canon IXUS 125 HS&quot;,&quot;caption&quot;:&quot;&quot;,&quot;created_timestamp&quot;:&quot;1676293238&quot;,&quot;copyright&quot;:&quot;&quot;,&quot;focal_length&quot;:&quot;4.3&quot;,&quot;iso&quot;:&quot;320&quot;,&quot;shutter_speed&quot;:&quot;0.033333333333333&quot;,&quot;title&quot;:&quot;&quot;,&quot;orientation&quot;:&quot;0&quot;}\" data-image-title=\"IMG_0642\" data-image-description=\"\" data-image-caption=\"\" data-large-file=\"https:\/\/cloud.alqueria.es\/wp-content\/uploads\/sites\/12\/2023\/02\/IMG_0642.jpg\" \/><\/a>\n\t\t\t<\/div><\/figure><figure class='gallery-item'>\n\t\t\t<div class='gallery-icon landscape'>\n\t\t\t\t<a href='https:\/\/www.alqueria.es\/blogs\/alqueriaartistica\/2023\/02\/14\/semana-cultural-pablo-picasso\/img_0596-5\/'><img decoding=\"async\" width=\"474\" height=\"356\" src=\"https:\/\/cloud.alqueria.es\/wp-content\/uploads\/sites\/12\/2023\/02\/IMG_0596.jpg\" class=\"attachment-large size-large\" alt=\"\" srcset=\"https:\/\/cloud.alqueria.es\/wp-content\/uploads\/sites\/12\/2023\/02\/IMG_0596.jpg 640w, https:\/\/cloud.alqueria.es\/wp-content\/uploads\/sites\/12\/2023\/02\/IMG_0596-300x225.jpg 300w\" sizes=\"(max-width: 474px) 100vw, 474px\" data-attachment-id=\"38551\" data-permalink=\"https:\/\/www.alqueria.es\/blogs\/alqueriaartistica\/2023\/02\/14\/semana-cultural-pablo-picasso\/img_0596-5\/\" data-orig-file=\"https:\/\/cloud.alqueria.es\/wp-content\/uploads\/sites\/12\/2023\/02\/IMG_0596.jpg\" data-orig-size=\"640,480\" data-comments-opened=\"1\" data-image-meta=\"{&quot;aperture&quot;:&quot;2.7&quot;,&quot;credit&quot;:&quot;&quot;,&quot;camera&quot;:&quot;Canon IXUS 125 HS&quot;,&quot;caption&quot;:&quot;&quot;,&quot;created_timestamp&quot;:&quot;1676290917&quot;,&quot;copyright&quot;:&quot;&quot;,&quot;focal_length&quot;:&quot;4.3&quot;,&quot;iso&quot;:&quot;500&quot;,&quot;shutter_speed&quot;:&quot;0.033333333333333&quot;,&quot;title&quot;:&quot;&quot;,&quot;orientation&quot;:&quot;0&quot;}\" data-image-title=\"IMG_0596\" data-image-description=\"\" data-image-caption=\"\" data-large-file=\"https:\/\/cloud.alqueria.es\/wp-content\/uploads\/sites\/12\/2023\/02\/IMG_0596.jpg\" \/><\/a>\n\t\t\t<\/div><\/figure><figure class='gallery-item'>\n\t\t\t<div class='gallery-icon portrait'>\n\t\t\t\t<a href='https:\/\/www.alqueria.es\/blogs\/alqueriaartistica\/2023\/02\/14\/semana-cultural-pablo-picasso\/img_0605-4\/'><img decoding=\"async\" width=\"474\" height=\"632\" src=\"https:\/\/cloud.alqueria.es\/wp-content\/uploads\/sites\/12\/2023\/02\/IMG_0605.jpg\" class=\"attachment-large size-large\" alt=\"\" srcset=\"https:\/\/cloud.alqueria.es\/wp-content\/uploads\/sites\/12\/2023\/02\/IMG_0605.jpg 480w, https:\/\/cloud.alqueria.es\/wp-content\/uploads\/sites\/12\/2023\/02\/IMG_0605-225x300.jpg 225w\" sizes=\"(max-width: 474px) 100vw, 474px\" data-attachment-id=\"38561\" data-permalink=\"https:\/\/www.alqueria.es\/blogs\/alqueriaartistica\/2023\/02\/14\/semana-cultural-pablo-picasso\/img_0605-4\/\" data-orig-file=\"https:\/\/cloud.alqueria.es\/wp-content\/uploads\/sites\/12\/2023\/02\/IMG_0605.jpg\" data-orig-size=\"480,640\" data-comments-opened=\"1\" data-image-meta=\"{&quot;aperture&quot;:&quot;2.7&quot;,&quot;credit&quot;:&quot;&quot;,&quot;camera&quot;:&quot;Canon IXUS 125 HS&quot;,&quot;caption&quot;:&quot;&quot;,&quot;created_timestamp&quot;:&quot;1676291970&quot;,&quot;copyright&quot;:&quot;&quot;,&quot;focal_length&quot;:&quot;4.3&quot;,&quot;iso&quot;:&quot;250&quot;,&quot;shutter_speed&quot;:&quot;0.033333333333333&quot;,&quot;title&quot;:&quot;&quot;,&quot;orientation&quot;:&quot;1&quot;}\" data-image-title=\"IMG_0605\" data-image-description=\"\" data-image-caption=\"\" data-large-file=\"https:\/\/cloud.alqueria.es\/wp-content\/uploads\/sites\/12\/2023\/02\/IMG_0605.jpg\" \/><\/a>\n\t\t\t<\/div><\/figure><figure class='gallery-item'>\n\t\t\t<div class='gallery-icon portrait'>\n\t\t\t\t<a href='https:\/\/www.alqueria.es\/blogs\/alqueriaartistica\/2023\/02\/14\/semana-cultural-pablo-picasso\/img_0604-3\/'><img decoding=\"async\" width=\"474\" height=\"632\" src=\"https:\/\/cloud.alqueria.es\/wp-content\/uploads\/sites\/12\/2023\/02\/IMG_0604.jpg\" class=\"attachment-large size-large\" alt=\"\" srcset=\"https:\/\/cloud.alqueria.es\/wp-content\/uploads\/sites\/12\/2023\/02\/IMG_0604.jpg 480w, https:\/\/cloud.alqueria.es\/wp-content\/uploads\/sites\/12\/2023\/02\/IMG_0604-225x300.jpg 225w\" sizes=\"(max-width: 474px) 100vw, 474px\" data-attachment-id=\"38562\" data-permalink=\"https:\/\/www.alqueria.es\/blogs\/alqueriaartistica\/2023\/02\/14\/semana-cultural-pablo-picasso\/img_0604-3\/\" data-orig-file=\"https:\/\/cloud.alqueria.es\/wp-content\/uploads\/sites\/12\/2023\/02\/IMG_0604.jpg\" data-orig-size=\"480,640\" data-comments-opened=\"1\" data-image-meta=\"{&quot;aperture&quot;:&quot;2.7&quot;,&quot;credit&quot;:&quot;&quot;,&quot;camera&quot;:&quot;Canon IXUS 125 HS&quot;,&quot;caption&quot;:&quot;&quot;,&quot;created_timestamp&quot;:&quot;1676291962&quot;,&quot;copyright&quot;:&quot;&quot;,&quot;focal_length&quot;:&quot;4.3&quot;,&quot;iso&quot;:&quot;800&quot;,&quot;shutter_speed&quot;:&quot;0.016666666666667&quot;,&quot;title&quot;:&quot;&quot;,&quot;orientation&quot;:&quot;1&quot;}\" data-image-title=\"IMG_0604\" data-image-description=\"\" data-image-caption=\"\" data-large-file=\"https:\/\/cloud.alqueria.es\/wp-content\/uploads\/sites\/12\/2023\/02\/IMG_0604.jpg\" \/><\/a>\n\t\t\t<\/div><\/figure><figure class='gallery-item'>\n\t\t\t<div class='gallery-icon landscape'>\n\t\t\t\t<a href='https:\/\/www.alqueria.es\/blogs\/alqueriaartistica\/2023\/02\/14\/semana-cultural-pablo-picasso\/img_0597-2\/'><img decoding=\"async\" width=\"474\" height=\"356\" src=\"https:\/\/cloud.alqueria.es\/wp-content\/uploads\/sites\/12\/2023\/02\/IMG_0597.jpg\" class=\"attachment-large size-large\" alt=\"\" srcset=\"https:\/\/cloud.alqueria.es\/wp-content\/uploads\/sites\/12\/2023\/02\/IMG_0597.jpg 640w, https:\/\/cloud.alqueria.es\/wp-content\/uploads\/sites\/12\/2023\/02\/IMG_0597-300x225.jpg 300w\" sizes=\"(max-width: 474px) 100vw, 474px\" data-attachment-id=\"38563\" data-permalink=\"https:\/\/www.alqueria.es\/blogs\/alqueriaartistica\/2023\/02\/14\/semana-cultural-pablo-picasso\/img_0597-2\/\" data-orig-file=\"https:\/\/cloud.alqueria.es\/wp-content\/uploads\/sites\/12\/2023\/02\/IMG_0597.jpg\" data-orig-size=\"640,480\" data-comments-opened=\"1\" data-image-meta=\"{&quot;aperture&quot;:&quot;2.7&quot;,&quot;credit&quot;:&quot;&quot;,&quot;camera&quot;:&quot;Canon IXUS 125 HS&quot;,&quot;caption&quot;:&quot;&quot;,&quot;created_timestamp&quot;:&quot;1676290935&quot;,&quot;copyright&quot;:&quot;&quot;,&quot;focal_length&quot;:&quot;4.3&quot;,&quot;iso&quot;:&quot;500&quot;,&quot;shutter_speed&quot;:&quot;0.033333333333333&quot;,&quot;title&quot;:&quot;&quot;,&quot;orientation&quot;:&quot;1&quot;}\" data-image-title=\"IMG_0597\" data-image-description=\"\" data-image-caption=\"\" data-large-file=\"https:\/\/cloud.alqueria.es\/wp-content\/uploads\/sites\/12\/2023\/02\/IMG_0597.jpg\" \/><\/a>\n\t\t\t<\/div><\/figure><figure class='gallery-item'>\n\t\t\t<div class='gallery-icon portrait'>\n\t\t\t\t<a href='https:\/\/www.alqueria.es\/blogs\/alqueriaartistica\/2023\/02\/14\/semana-cultural-pablo-picasso\/img_0631-4\/'><img decoding=\"async\" width=\"474\" height=\"632\" src=\"https:\/\/cloud.alqueria.es\/wp-content\/uploads\/sites\/12\/2023\/02\/IMG_0631.jpg\" class=\"attachment-large size-large\" alt=\"\" srcset=\"https:\/\/cloud.alqueria.es\/wp-content\/uploads\/sites\/12\/2023\/02\/IMG_0631.jpg 480w, https:\/\/cloud.alqueria.es\/wp-content\/uploads\/sites\/12\/2023\/02\/IMG_0631-225x300.jpg 225w\" sizes=\"(max-width: 474px) 100vw, 474px\" data-attachment-id=\"38559\" data-permalink=\"https:\/\/www.alqueria.es\/blogs\/alqueriaartistica\/2023\/02\/14\/semana-cultural-pablo-picasso\/img_0631-4\/\" data-orig-file=\"https:\/\/cloud.alqueria.es\/wp-content\/uploads\/sites\/12\/2023\/02\/IMG_0631.jpg\" data-orig-size=\"480,640\" data-comments-opened=\"1\" data-image-meta=\"{&quot;aperture&quot;:&quot;2.7&quot;,&quot;credit&quot;:&quot;&quot;,&quot;camera&quot;:&quot;Canon IXUS 125 HS&quot;,&quot;caption&quot;:&quot;&quot;,&quot;created_timestamp&quot;:&quot;1676292967&quot;,&quot;copyright&quot;:&quot;&quot;,&quot;focal_length&quot;:&quot;4.3&quot;,&quot;iso&quot;:&quot;640&quot;,&quot;shutter_speed&quot;:&quot;0.016666666666667&quot;,&quot;title&quot;:&quot;&quot;,&quot;orientation&quot;:&quot;1&quot;}\" data-image-title=\"IMG_0631\" data-image-description=\"\" data-image-caption=\"\" data-large-file=\"https:\/\/cloud.alqueria.es\/wp-content\/uploads\/sites\/12\/2023\/02\/IMG_0631.jpg\" \/><\/a>\n\t\t\t<\/div><\/figure><figure class='gallery-item'>\n\t\t\t<div class='gallery-icon portrait'>\n\t\t\t\t<a href='https:\/\/www.alqueria.es\/blogs\/alqueriaartistica\/2023\/02\/14\/semana-cultural-pablo-picasso\/img_0632-4\/'><img decoding=\"async\" width=\"474\" height=\"632\" src=\"https:\/\/cloud.alqueria.es\/wp-content\/uploads\/sites\/12\/2023\/02\/IMG_0632.jpg\" class=\"attachment-large size-large\" alt=\"\" srcset=\"https:\/\/cloud.alqueria.es\/wp-content\/uploads\/sites\/12\/2023\/02\/IMG_0632.jpg 480w, https:\/\/cloud.alqueria.es\/wp-content\/uploads\/sites\/12\/2023\/02\/IMG_0632-225x300.jpg 225w\" sizes=\"(max-width: 474px) 100vw, 474px\" data-attachment-id=\"38558\" data-permalink=\"https:\/\/www.alqueria.es\/blogs\/alqueriaartistica\/2023\/02\/14\/semana-cultural-pablo-picasso\/img_0632-4\/\" data-orig-file=\"https:\/\/cloud.alqueria.es\/wp-content\/uploads\/sites\/12\/2023\/02\/IMG_0632.jpg\" data-orig-size=\"480,640\" data-comments-opened=\"1\" data-image-meta=\"{&quot;aperture&quot;:&quot;2.7&quot;,&quot;credit&quot;:&quot;&quot;,&quot;camera&quot;:&quot;Canon IXUS 125 HS&quot;,&quot;caption&quot;:&quot;&quot;,&quot;created_timestamp&quot;:&quot;1676292976&quot;,&quot;copyright&quot;:&quot;&quot;,&quot;focal_length&quot;:&quot;4.3&quot;,&quot;iso&quot;:&quot;400&quot;,&quot;shutter_speed&quot;:&quot;0.033333333333333&quot;,&quot;title&quot;:&quot;&quot;,&quot;orientation&quot;:&quot;1&quot;}\" data-image-title=\"IMG_0632\" data-image-description=\"\" data-image-caption=\"\" data-large-file=\"https:\/\/cloud.alqueria.es\/wp-content\/uploads\/sites\/12\/2023\/02\/IMG_0632.jpg\" \/><\/a>\n\t\t\t<\/div><\/figure><figure class='gallery-item'>\n\t\t\t<div class='gallery-icon landscape'>\n\t\t\t\t<a href='https:\/\/www.alqueria.es\/blogs\/alqueriaartistica\/2023\/02\/14\/semana-cultural-pablo-picasso\/img_0607-5\/'><img decoding=\"async\" width=\"474\" height=\"356\" src=\"https:\/\/cloud.alqueria.es\/wp-content\/uploads\/sites\/12\/2023\/02\/IMG_0607.jpg\" class=\"attachment-large size-large\" alt=\"\" srcset=\"https:\/\/cloud.alqueria.es\/wp-content\/uploads\/sites\/12\/2023\/02\/IMG_0607.jpg 640w, https:\/\/cloud.alqueria.es\/wp-content\/uploads\/sites\/12\/2023\/02\/IMG_0607-300x225.jpg 300w\" sizes=\"(max-width: 474px) 100vw, 474px\" data-attachment-id=\"38560\" data-permalink=\"https:\/\/www.alqueria.es\/blogs\/alqueriaartistica\/2023\/02\/14\/semana-cultural-pablo-picasso\/img_0607-5\/\" data-orig-file=\"https:\/\/cloud.alqueria.es\/wp-content\/uploads\/sites\/12\/2023\/02\/IMG_0607.jpg\" data-orig-size=\"640,480\" data-comments-opened=\"1\" data-image-meta=\"{&quot;aperture&quot;:&quot;2.7&quot;,&quot;credit&quot;:&quot;&quot;,&quot;camera&quot;:&quot;Canon IXUS 125 HS&quot;,&quot;caption&quot;:&quot;&quot;,&quot;created_timestamp&quot;:&quot;1676292012&quot;,&quot;copyright&quot;:&quot;&quot;,&quot;focal_length&quot;:&quot;4.3&quot;,&quot;iso&quot;:&quot;400&quot;,&quot;shutter_speed&quot;:&quot;0.033333333333333&quot;,&quot;title&quot;:&quot;&quot;,&quot;orientation&quot;:&quot;1&quot;}\" data-image-title=\"IMG_0607\" data-image-description=\"\" data-image-caption=\"\" data-large-file=\"https:\/\/cloud.alqueria.es\/wp-content\/uploads\/sites\/12\/2023\/02\/IMG_0607.jpg\" \/><\/a>\n\t\t\t<\/div><\/figure><figure class='gallery-item'>\n\t\t\t<div class='gallery-icon portrait'>\n\t\t\t\t<a href='https:\/\/www.alqueria.es\/blogs\/alqueriaartistica\/2023\/02\/14\/semana-cultural-pablo-picasso\/img_0600-7\/'><img decoding=\"async\" width=\"474\" height=\"632\" src=\"https:\/\/cloud.alqueria.es\/wp-content\/uploads\/sites\/12\/2023\/02\/IMG_0600.jpg\" class=\"attachment-large size-large\" alt=\"\" srcset=\"https:\/\/cloud.alqueria.es\/wp-content\/uploads\/sites\/12\/2023\/02\/IMG_0600.jpg 480w, https:\/\/cloud.alqueria.es\/wp-content\/uploads\/sites\/12\/2023\/02\/IMG_0600-225x300.jpg 225w\" sizes=\"(max-width: 474px) 100vw, 474px\" data-attachment-id=\"38552\" data-permalink=\"https:\/\/www.alqueria.es\/blogs\/alqueriaartistica\/2023\/02\/14\/semana-cultural-pablo-picasso\/img_0600-7\/\" data-orig-file=\"https:\/\/cloud.alqueria.es\/wp-content\/uploads\/sites\/12\/2023\/02\/IMG_0600.jpg\" data-orig-size=\"480,640\" data-comments-opened=\"1\" data-image-meta=\"{&quot;aperture&quot;:&quot;2.7&quot;,&quot;credit&quot;:&quot;&quot;,&quot;camera&quot;:&quot;Canon IXUS 125 HS&quot;,&quot;caption&quot;:&quot;&quot;,&quot;created_timestamp&quot;:&quot;1676291609&quot;,&quot;copyright&quot;:&quot;&quot;,&quot;focal_length&quot;:&quot;4.3&quot;,&quot;iso&quot;:&quot;800&quot;,&quot;shutter_speed&quot;:&quot;0.05&quot;,&quot;title&quot;:&quot;&quot;,&quot;orientation&quot;:&quot;0&quot;}\" data-image-title=\"IMG_0600\" data-image-description=\"\" data-image-caption=\"\" data-large-file=\"https:\/\/cloud.alqueria.es\/wp-content\/uploads\/sites\/12\/2023\/02\/IMG_0600.jpg\" \/><\/a>\n\t\t\t<\/div><\/figure><figure class='gallery-item'>\n\t\t\t<div class='gallery-icon portrait'>\n\t\t\t\t<a href='https:\/\/www.alqueria.es\/blogs\/alqueriaartistica\/2023\/02\/14\/semana-cultural-pablo-picasso\/img_0601-6\/'><img decoding=\"async\" width=\"474\" height=\"632\" src=\"https:\/\/cloud.alqueria.es\/wp-content\/uploads\/sites\/12\/2023\/02\/IMG_0601.jpg\" class=\"attachment-large size-large\" alt=\"\" srcset=\"https:\/\/cloud.alqueria.es\/wp-content\/uploads\/sites\/12\/2023\/02\/IMG_0601.jpg 480w, https:\/\/cloud.alqueria.es\/wp-content\/uploads\/sites\/12\/2023\/02\/IMG_0601-225x300.jpg 225w\" sizes=\"(max-width: 474px) 100vw, 474px\" data-attachment-id=\"38553\" data-permalink=\"https:\/\/www.alqueria.es\/blogs\/alqueriaartistica\/2023\/02\/14\/semana-cultural-pablo-picasso\/img_0601-6\/\" data-orig-file=\"https:\/\/cloud.alqueria.es\/wp-content\/uploads\/sites\/12\/2023\/02\/IMG_0601.jpg\" data-orig-size=\"480,640\" data-comments-opened=\"1\" data-image-meta=\"{&quot;aperture&quot;:&quot;2.7&quot;,&quot;credit&quot;:&quot;&quot;,&quot;camera&quot;:&quot;Canon IXUS 125 HS&quot;,&quot;caption&quot;:&quot;&quot;,&quot;created_timestamp&quot;:&quot;1676291617&quot;,&quot;copyright&quot;:&quot;&quot;,&quot;focal_length&quot;:&quot;4.3&quot;,&quot;iso&quot;:&quot;800&quot;,&quot;shutter_speed&quot;:&quot;0.04&quot;,&quot;title&quot;:&quot;&quot;,&quot;orientation&quot;:&quot;0&quot;}\" data-image-title=\"IMG_0601\" data-image-description=\"\" data-image-caption=\"\" data-large-file=\"https:\/\/cloud.alqueria.es\/wp-content\/uploads\/sites\/12\/2023\/02\/IMG_0601.jpg\" \/><\/a>\n\t\t\t<\/div><\/figure><figure class='gallery-item'>\n\t\t\t<div class='gallery-icon landscape'>\n\t\t\t\t<a href='https:\/\/www.alqueria.es\/blogs\/alqueriaartistica\/2023\/02\/14\/semana-cultural-pablo-picasso\/img_0659-4\/'><img decoding=\"async\" width=\"474\" height=\"356\" src=\"https:\/\/cloud.alqueria.es\/wp-content\/uploads\/sites\/12\/2023\/02\/IMG_0659.jpg\" class=\"attachment-large size-large\" alt=\"\" srcset=\"https:\/\/cloud.alqueria.es\/wp-content\/uploads\/sites\/12\/2023\/02\/IMG_0659.jpg 640w, https:\/\/cloud.alqueria.es\/wp-content\/uploads\/sites\/12\/2023\/02\/IMG_0659-300x225.jpg 300w\" sizes=\"(max-width: 474px) 100vw, 474px\" data-attachment-id=\"38554\" data-permalink=\"https:\/\/www.alqueria.es\/blogs\/alqueriaartistica\/2023\/02\/14\/semana-cultural-pablo-picasso\/img_0659-4\/\" data-orig-file=\"https:\/\/cloud.alqueria.es\/wp-content\/uploads\/sites\/12\/2023\/02\/IMG_0659.jpg\" data-orig-size=\"640,480\" data-comments-opened=\"1\" data-image-meta=\"{&quot;aperture&quot;:&quot;2.7&quot;,&quot;credit&quot;:&quot;&quot;,&quot;camera&quot;:&quot;Canon IXUS 125 HS&quot;,&quot;caption&quot;:&quot;&quot;,&quot;created_timestamp&quot;:&quot;1676389547&quot;,&quot;copyright&quot;:&quot;&quot;,&quot;focal_length&quot;:&quot;4.3&quot;,&quot;iso&quot;:&quot;400&quot;,&quot;shutter_speed&quot;:&quot;0.008&quot;,&quot;title&quot;:&quot;&quot;,&quot;orientation&quot;:&quot;1&quot;}\" data-image-title=\"IMG_0659\" data-image-description=\"\" data-image-caption=\"\" data-large-file=\"https:\/\/cloud.alqueria.es\/wp-content\/uploads\/sites\/12\/2023\/02\/IMG_0659.jpg\" \/><\/a>\n\t\t\t<\/div><\/figure><figure class='gallery-item'>\n\t\t\t<div class='gallery-icon landscape'>\n\t\t\t\t<a href='https:\/\/www.alqueria.es\/blogs\/alqueriaartistica\/2023\/02\/14\/semana-cultural-pablo-picasso\/img_0657-6\/'><img decoding=\"async\" width=\"474\" height=\"356\" src=\"https:\/\/cloud.alqueria.es\/wp-content\/uploads\/sites\/12\/2023\/02\/IMG_0657.jpg\" class=\"attachment-large size-large\" alt=\"\" srcset=\"https:\/\/cloud.alqueria.es\/wp-content\/uploads\/sites\/12\/2023\/02\/IMG_0657.jpg 640w, https:\/\/cloud.alqueria.es\/wp-content\/uploads\/sites\/12\/2023\/02\/IMG_0657-300x225.jpg 300w\" sizes=\"(max-width: 474px) 100vw, 474px\" data-attachment-id=\"38549\" data-permalink=\"https:\/\/www.alqueria.es\/blogs\/alqueriaartistica\/2023\/02\/14\/semana-cultural-pablo-picasso\/img_0657-6\/\" data-orig-file=\"https:\/\/cloud.alqueria.es\/wp-content\/uploads\/sites\/12\/2023\/02\/IMG_0657.jpg\" data-orig-size=\"640,480\" data-comments-opened=\"1\" data-image-meta=\"{&quot;aperture&quot;:&quot;2.7&quot;,&quot;credit&quot;:&quot;&quot;,&quot;camera&quot;:&quot;Canon IXUS 125 HS&quot;,&quot;caption&quot;:&quot;&quot;,&quot;created_timestamp&quot;:&quot;1676389521&quot;,&quot;copyright&quot;:&quot;&quot;,&quot;focal_length&quot;:&quot;4.3&quot;,&quot;iso&quot;:&quot;100&quot;,&quot;shutter_speed&quot;:&quot;0.025&quot;,&quot;title&quot;:&quot;&quot;,&quot;orientation&quot;:&quot;1&quot;}\" data-image-title=\"IMG_0657\" data-image-description=\"\" data-image-caption=\"\" data-large-file=\"https:\/\/cloud.alqueria.es\/wp-content\/uploads\/sites\/12\/2023\/02\/IMG_0657.jpg\" \/><\/a>\n\t\t\t<\/div><\/figure><figure class='gallery-item'>\n\t\t\t<div class='gallery-icon portrait'>\n\t\t\t\t<a href='https:\/\/www.alqueria.es\/blogs\/alqueriaartistica\/2023\/02\/14\/semana-cultural-pablo-picasso\/img_0654-4\/'><img decoding=\"async\" width=\"474\" height=\"632\" src=\"https:\/\/cloud.alqueria.es\/wp-content\/uploads\/sites\/12\/2023\/02\/IMG_0654.jpg\" class=\"attachment-large size-large\" alt=\"\" srcset=\"https:\/\/cloud.alqueria.es\/wp-content\/uploads\/sites\/12\/2023\/02\/IMG_0654.jpg 480w, https:\/\/cloud.alqueria.es\/wp-content\/uploads\/sites\/12\/2023\/02\/IMG_0654-225x300.jpg 225w\" sizes=\"(max-width: 474px) 100vw, 474px\" data-attachment-id=\"38557\" data-permalink=\"https:\/\/www.alqueria.es\/blogs\/alqueriaartistica\/2023\/02\/14\/semana-cultural-pablo-picasso\/img_0654-4\/\" data-orig-file=\"https:\/\/cloud.alqueria.es\/wp-content\/uploads\/sites\/12\/2023\/02\/IMG_0654.jpg\" data-orig-size=\"480,640\" data-comments-opened=\"1\" data-image-meta=\"{&quot;aperture&quot;:&quot;2.7&quot;,&quot;credit&quot;:&quot;&quot;,&quot;camera&quot;:&quot;Canon IXUS 125 HS&quot;,&quot;caption&quot;:&quot;&quot;,&quot;created_timestamp&quot;:&quot;1676389501&quot;,&quot;copyright&quot;:&quot;&quot;,&quot;focal_length&quot;:&quot;4.3&quot;,&quot;iso&quot;:&quot;125&quot;,&quot;shutter_speed&quot;:&quot;0.02&quot;,&quot;title&quot;:&quot;&quot;,&quot;orientation&quot;:&quot;1&quot;}\" data-image-title=\"IMG_0654\" data-image-description=\"\" data-image-caption=\"\" data-large-file=\"https:\/\/cloud.alqueria.es\/wp-content\/uploads\/sites\/12\/2023\/02\/IMG_0654.jpg\" \/><\/a>\n\t\t\t<\/div><\/figure><figure class='gallery-item'>\n\t\t\t<div class='gallery-icon portrait'>\n\t\t\t\t<a href='https:\/\/www.alqueria.es\/blogs\/alqueriaartistica\/2023\/02\/14\/semana-cultural-pablo-picasso\/img_0655-3\/'><img decoding=\"async\" width=\"474\" height=\"632\" src=\"https:\/\/cloud.alqueria.es\/wp-content\/uploads\/sites\/12\/2023\/02\/IMG_0655.jpg\" class=\"attachment-large size-large\" alt=\"\" srcset=\"https:\/\/cloud.alqueria.es\/wp-content\/uploads\/sites\/12\/2023\/02\/IMG_0655.jpg 480w, https:\/\/cloud.alqueria.es\/wp-content\/uploads\/sites\/12\/2023\/02\/IMG_0655-225x300.jpg 225w\" sizes=\"(max-width: 474px) 100vw, 474px\" data-attachment-id=\"38556\" data-permalink=\"https:\/\/www.alqueria.es\/blogs\/alqueriaartistica\/2023\/02\/14\/semana-cultural-pablo-picasso\/img_0655-3\/\" data-orig-file=\"https:\/\/cloud.alqueria.es\/wp-content\/uploads\/sites\/12\/2023\/02\/IMG_0655.jpg\" data-orig-size=\"480,640\" data-comments-opened=\"1\" data-image-meta=\"{&quot;aperture&quot;:&quot;2.7&quot;,&quot;credit&quot;:&quot;&quot;,&quot;camera&quot;:&quot;Canon IXUS 125 HS&quot;,&quot;caption&quot;:&quot;&quot;,&quot;created_timestamp&quot;:&quot;1676389505&quot;,&quot;copyright&quot;:&quot;&quot;,&quot;focal_length&quot;:&quot;4.3&quot;,&quot;iso&quot;:&quot;100&quot;,&quot;shutter_speed&quot;:&quot;0.033333333333333&quot;,&quot;title&quot;:&quot;&quot;,&quot;orientation&quot;:&quot;1&quot;}\" data-image-title=\"IMG_0655\" data-image-description=\"\" data-image-caption=\"\" data-large-file=\"https:\/\/cloud.alqueria.es\/wp-content\/uploads\/sites\/12\/2023\/02\/IMG_0655.jpg\" \/><\/a>\n\t\t\t<\/div><\/figure><figure class='gallery-item'>\n\t\t\t<div class='gallery-icon landscape'>\n\t\t\t\t<a href='https:\/\/www.alqueria.es\/blogs\/alqueriaartistica\/2023\/02\/14\/semana-cultural-pablo-picasso\/img_0658-4\/'><img decoding=\"async\" width=\"474\" height=\"356\" src=\"https:\/\/cloud.alqueria.es\/wp-content\/uploads\/sites\/12\/2023\/02\/IMG_0658.jpg\" class=\"attachment-large size-large\" alt=\"\" srcset=\"https:\/\/cloud.alqueria.es\/wp-content\/uploads\/sites\/12\/2023\/02\/IMG_0658.jpg 640w, https:\/\/cloud.alqueria.es\/wp-content\/uploads\/sites\/12\/2023\/02\/IMG_0658-300x225.jpg 300w\" sizes=\"(max-width: 474px) 100vw, 474px\" data-attachment-id=\"38555\" data-permalink=\"https:\/\/www.alqueria.es\/blogs\/alqueriaartistica\/2023\/02\/14\/semana-cultural-pablo-picasso\/img_0658-4\/\" data-orig-file=\"https:\/\/cloud.alqueria.es\/wp-content\/uploads\/sites\/12\/2023\/02\/IMG_0658.jpg\" data-orig-size=\"640,480\" data-comments-opened=\"1\" data-image-meta=\"{&quot;aperture&quot;:&quot;2.7&quot;,&quot;credit&quot;:&quot;&quot;,&quot;camera&quot;:&quot;Canon IXUS 125 HS&quot;,&quot;caption&quot;:&quot;&quot;,&quot;created_timestamp&quot;:&quot;1676389539&quot;,&quot;copyright&quot;:&quot;&quot;,&quot;focal_length&quot;:&quot;4.3&quot;,&quot;iso&quot;:&quot;160&quot;,&quot;shutter_speed&quot;:&quot;0.033333333333333&quot;,&quot;title&quot;:&quot;&quot;,&quot;orientation&quot;:&quot;1&quot;}\" data-image-title=\"IMG_0658\" data-image-description=\"\" data-image-caption=\"\" data-large-file=\"https:\/\/cloud.alqueria.es\/wp-content\/uploads\/sites\/12\/2023\/02\/IMG_0658.jpg\" \/><\/a>\n\t\t\t<\/div><\/figure>\n\t\t<\/div>\n\n<p>En el segundo ciclo hemos trabajado el volumen. Creamos diversas esculturas partiendo de tiras de cartulina recortadas y realizamos el plano de un cubo, construy\u00e9ndolo con cartulina. Partiendo de un cuadrado y haciendo diferente dobleces aprenden a construir un prisma triangular.<\/p>\n<div data-carousel-extra='{&quot;blog_id&quot;:12,&quot;permalink&quot;:&quot;https:\/\/www.alqueria.es\/blogs\/alqueriaartistica\/2023\/02\/14\/semana-cultural-pablo-picasso\/&quot;}' id='gallery-7' class='gallery galleryid-38479 gallery-columns-2 gallery-size-large'><figure class='gallery-item'>\n\t\t\t<div class='gallery-icon landscape'>\n\t\t\t\t<a href='https:\/\/www.alqueria.es\/blogs\/alqueriaartistica\/2023\/02\/14\/semana-cultural-pablo-picasso\/img_0324-4\/'><img decoding=\"async\" width=\"474\" height=\"356\" src=\"https:\/\/cloud.alqueria.es\/wp-content\/uploads\/sites\/12\/2023\/02\/IMG_0324.jpg\" class=\"attachment-large size-large\" alt=\"\" srcset=\"https:\/\/cloud.alqueria.es\/wp-content\/uploads\/sites\/12\/2023\/02\/IMG_0324.jpg 640w, https:\/\/cloud.alqueria.es\/wp-content\/uploads\/sites\/12\/2023\/02\/IMG_0324-300x225.jpg 300w\" sizes=\"(max-width: 474px) 100vw, 474px\" data-attachment-id=\"38582\" data-permalink=\"https:\/\/www.alqueria.es\/blogs\/alqueriaartistica\/2023\/02\/14\/semana-cultural-pablo-picasso\/img_0324-4\/\" data-orig-file=\"https:\/\/cloud.alqueria.es\/wp-content\/uploads\/sites\/12\/2023\/02\/IMG_0324.jpg\" data-orig-size=\"640,480\" data-comments-opened=\"1\" data-image-meta=\"{&quot;aperture&quot;:&quot;2.7&quot;,&quot;credit&quot;:&quot;&quot;,&quot;camera&quot;:&quot;Canon IXUS 125 HS&quot;,&quot;caption&quot;:&quot;&quot;,&quot;created_timestamp&quot;:&quot;1675698190&quot;,&quot;copyright&quot;:&quot;&quot;,&quot;focal_length&quot;:&quot;4.3&quot;,&quot;iso&quot;:&quot;500&quot;,&quot;shutter_speed&quot;:&quot;0.033333333333333&quot;,&quot;title&quot;:&quot;&quot;,&quot;orientation&quot;:&quot;1&quot;}\" data-image-title=\"IMG_0324\" data-image-description=\"\" data-image-caption=\"\" data-large-file=\"https:\/\/cloud.alqueria.es\/wp-content\/uploads\/sites\/12\/2023\/02\/IMG_0324.jpg\" \/><\/a>\n\t\t\t<\/div><\/figure><figure class='gallery-item'>\n\t\t\t<div class='gallery-icon landscape'>\n\t\t\t\t<a href='https:\/\/www.alqueria.es\/blogs\/alqueriaartistica\/2023\/02\/14\/semana-cultural-pablo-picasso\/img_0323-3\/'><img decoding=\"async\" width=\"474\" height=\"356\" src=\"https:\/\/cloud.alqueria.es\/wp-content\/uploads\/sites\/12\/2023\/02\/IMG_0323.jpg\" class=\"attachment-large size-large\" alt=\"\" srcset=\"https:\/\/cloud.alqueria.es\/wp-content\/uploads\/sites\/12\/2023\/02\/IMG_0323.jpg 640w, https:\/\/cloud.alqueria.es\/wp-content\/uploads\/sites\/12\/2023\/02\/IMG_0323-300x225.jpg 300w\" sizes=\"(max-width: 474px) 100vw, 474px\" data-attachment-id=\"38583\" data-permalink=\"https:\/\/www.alqueria.es\/blogs\/alqueriaartistica\/2023\/02\/14\/semana-cultural-pablo-picasso\/img_0323-3\/\" data-orig-file=\"https:\/\/cloud.alqueria.es\/wp-content\/uploads\/sites\/12\/2023\/02\/IMG_0323.jpg\" data-orig-size=\"640,480\" data-comments-opened=\"1\" data-image-meta=\"{&quot;aperture&quot;:&quot;2.7&quot;,&quot;credit&quot;:&quot;&quot;,&quot;camera&quot;:&quot;Canon IXUS 125 HS&quot;,&quot;caption&quot;:&quot;&quot;,&quot;created_timestamp&quot;:&quot;1675698186&quot;,&quot;copyright&quot;:&quot;&quot;,&quot;focal_length&quot;:&quot;4.3&quot;,&quot;iso&quot;:&quot;640&quot;,&quot;shutter_speed&quot;:&quot;0.033333333333333&quot;,&quot;title&quot;:&quot;&quot;,&quot;orientation&quot;:&quot;1&quot;}\" data-image-title=\"IMG_0323\" data-image-description=\"\" data-image-caption=\"\" data-large-file=\"https:\/\/cloud.alqueria.es\/wp-content\/uploads\/sites\/12\/2023\/02\/IMG_0323.jpg\" \/><\/a>\n\t\t\t<\/div><\/figure>\n\t\t<\/div>\n\n<div data-carousel-extra='{&quot;blog_id&quot;:12,&quot;permalink&quot;:&quot;https:\/\/www.alqueria.es\/blogs\/alqueriaartistica\/2023\/02\/14\/semana-cultural-pablo-picasso\/&quot;}' id='gallery-8' class='gallery galleryid-38479 gallery-columns-3 gallery-size-large'><figure class='gallery-item'>\n\t\t\t<div class='gallery-icon landscape'>\n\t\t\t\t<a href='https:\/\/www.alqueria.es\/blogs\/alqueriaartistica\/2023\/02\/14\/semana-cultural-pablo-picasso\/attachment\/1675626735961\/'><img decoding=\"async\" width=\"474\" height=\"474\" src=\"https:\/\/cloud.alqueria.es\/wp-content\/uploads\/sites\/12\/2023\/02\/1675626735961-1024x1024.jpg\" class=\"attachment-large size-large\" alt=\"\" srcset=\"https:\/\/cloud.alqueria.es\/wp-content\/uploads\/sites\/12\/2023\/02\/1675626735961-1024x1024.jpg 1024w, https:\/\/cloud.alqueria.es\/wp-content\/uploads\/sites\/12\/2023\/02\/1675626735961-300x300.jpg 300w, https:\/\/cloud.alqueria.es\/wp-content\/uploads\/sites\/12\/2023\/02\/1675626735961-150x150.jpg 150w, https:\/\/cloud.alqueria.es\/wp-content\/uploads\/sites\/12\/2023\/02\/1675626735961-768x768.jpg 768w, https:\/\/cloud.alqueria.es\/wp-content\/uploads\/sites\/12\/2023\/02\/1675626735961-1536x1536.jpg 1536w, https:\/\/cloud.alqueria.es\/wp-content\/uploads\/sites\/12\/2023\/02\/1675626735961-2048x2048.jpg 2048w\" sizes=\"(max-width: 474px) 100vw, 474px\" data-attachment-id=\"38509\" data-permalink=\"https:\/\/www.alqueria.es\/blogs\/alqueriaartistica\/2023\/02\/14\/semana-cultural-pablo-picasso\/attachment\/1675626735961\/\" data-orig-file=\"https:\/\/cloud.alqueria.es\/wp-content\/uploads\/sites\/12\/2023\/02\/1675626735961.jpg\" data-orig-size=\"2292,2292\" data-comments-opened=\"1\" data-image-meta=\"{&quot;aperture&quot;:&quot;0&quot;,&quot;credit&quot;:&quot;&quot;,&quot;camera&quot;:&quot;--&quot;,&quot;caption&quot;:&quot;&quot;,&quot;created_timestamp&quot;:&quot;1674144605&quot;,&quot;copyright&quot;:&quot;&quot;,&quot;focal_length&quot;:&quot;0&quot;,&quot;iso&quot;:&quot;0&quot;,&quot;shutter_speed&quot;:&quot;1&quot;,&quot;title&quot;:&quot;&quot;,&quot;orientation&quot;:&quot;1&quot;}\" data-image-title=\"1675626735961\" data-image-description=\"\" data-image-caption=\"\" data-large-file=\"https:\/\/cloud.alqueria.es\/wp-content\/uploads\/sites\/12\/2023\/02\/1675626735961-1024x1024.jpg\" \/><\/a>\n\t\t\t<\/div><\/figure><figure class='gallery-item'>\n\t\t\t<div class='gallery-icon landscape'>\n\t\t\t\t<a href='https:\/\/www.alqueria.es\/blogs\/alqueriaartistica\/2023\/02\/14\/semana-cultural-pablo-picasso\/attachment\/1675626735940\/'><img decoding=\"async\" width=\"474\" height=\"474\" src=\"https:\/\/cloud.alqueria.es\/wp-content\/uploads\/sites\/12\/2023\/02\/1675626735940-1024x1024.jpg\" class=\"attachment-large size-large\" alt=\"\" srcset=\"https:\/\/cloud.alqueria.es\/wp-content\/uploads\/sites\/12\/2023\/02\/1675626735940-1024x1024.jpg 1024w, https:\/\/cloud.alqueria.es\/wp-content\/uploads\/sites\/12\/2023\/02\/1675626735940-300x300.jpg 300w, https:\/\/cloud.alqueria.es\/wp-content\/uploads\/sites\/12\/2023\/02\/1675626735940-150x150.jpg 150w, https:\/\/cloud.alqueria.es\/wp-content\/uploads\/sites\/12\/2023\/02\/1675626735940-768x768.jpg 768w, https:\/\/cloud.alqueria.es\/wp-content\/uploads\/sites\/12\/2023\/02\/1675626735940-1536x1536.jpg 1536w, https:\/\/cloud.alqueria.es\/wp-content\/uploads\/sites\/12\/2023\/02\/1675626735940-2048x2048.jpg 2048w\" sizes=\"(max-width: 474px) 100vw, 474px\" data-attachment-id=\"38510\" data-permalink=\"https:\/\/www.alqueria.es\/blogs\/alqueriaartistica\/2023\/02\/14\/semana-cultural-pablo-picasso\/attachment\/1675626735940\/\" data-orig-file=\"https:\/\/cloud.alqueria.es\/wp-content\/uploads\/sites\/12\/2023\/02\/1675626735940.jpg\" data-orig-size=\"2292,2292\" data-comments-opened=\"1\" data-image-meta=\"{&quot;aperture&quot;:&quot;0&quot;,&quot;credit&quot;:&quot;&quot;,&quot;camera&quot;:&quot;--&quot;,&quot;caption&quot;:&quot;&quot;,&quot;created_timestamp&quot;:&quot;1674144610&quot;,&quot;copyright&quot;:&quot;&quot;,&quot;focal_length&quot;:&quot;0&quot;,&quot;iso&quot;:&quot;0&quot;,&quot;shutter_speed&quot;:&quot;1&quot;,&quot;title&quot;:&quot;&quot;,&quot;orientation&quot;:&quot;1&quot;}\" data-image-title=\"1675626735940\" data-image-description=\"\" data-image-caption=\"\" data-large-file=\"https:\/\/cloud.alqueria.es\/wp-content\/uploads\/sites\/12\/2023\/02\/1675626735940-1024x1024.jpg\" \/><\/a>\n\t\t\t<\/div><\/figure><figure class='gallery-item'>\n\t\t\t<div class='gallery-icon landscape'>\n\t\t\t\t<a href='https:\/\/www.alqueria.es\/blogs\/alqueriaartistica\/2023\/02\/14\/semana-cultural-pablo-picasso\/attachment\/1675626567600\/'><img decoding=\"async\" width=\"474\" height=\"474\" src=\"https:\/\/cloud.alqueria.es\/wp-content\/uploads\/sites\/12\/2023\/02\/1675626567600.jpg\" class=\"attachment-large size-large\" alt=\"\" srcset=\"https:\/\/cloud.alqueria.es\/wp-content\/uploads\/sites\/12\/2023\/02\/1675626567600.jpg 720w, https:\/\/cloud.alqueria.es\/wp-content\/uploads\/sites\/12\/2023\/02\/1675626567600-300x300.jpg 300w, https:\/\/cloud.alqueria.es\/wp-content\/uploads\/sites\/12\/2023\/02\/1675626567600-150x150.jpg 150w\" sizes=\"(max-width: 474px) 100vw, 474px\" data-attachment-id=\"38511\" data-permalink=\"https:\/\/www.alqueria.es\/blogs\/alqueriaartistica\/2023\/02\/14\/semana-cultural-pablo-picasso\/attachment\/1675626567600\/\" data-orig-file=\"https:\/\/cloud.alqueria.es\/wp-content\/uploads\/sites\/12\/2023\/02\/1675626567600.jpg\" data-orig-size=\"720,720\" data-comments-opened=\"1\" data-image-meta=\"{&quot;aperture&quot;:&quot;0&quot;,&quot;credit&quot;:&quot;&quot;,&quot;camera&quot;:&quot;&quot;,&quot;caption&quot;:&quot;&quot;,&quot;created_timestamp&quot;:&quot;0&quot;,&quot;copyright&quot;:&quot;&quot;,&quot;focal_length&quot;:&quot;0&quot;,&quot;iso&quot;:&quot;0&quot;,&quot;shutter_speed&quot;:&quot;0&quot;,&quot;title&quot;:&quot;&quot;,&quot;orientation&quot;:&quot;1&quot;}\" data-image-title=\"1675626567600\" data-image-description=\"\" data-image-caption=\"\" data-large-file=\"https:\/\/cloud.alqueria.es\/wp-content\/uploads\/sites\/12\/2023\/02\/1675626567600.jpg\" \/><\/a>\n\t\t\t<\/div><\/figure><figure class='gallery-item'>\n\t\t\t<div class='gallery-icon landscape'>\n\t\t\t\t<a href='https:\/\/www.alqueria.es\/blogs\/alqueriaartistica\/2023\/02\/14\/semana-cultural-pablo-picasso\/attachment\/1675626680511\/'><img decoding=\"async\" width=\"474\" height=\"474\" src=\"https:\/\/cloud.alqueria.es\/wp-content\/uploads\/sites\/12\/2023\/02\/1675626680511-1024x1024.jpg\" class=\"attachment-large size-large\" alt=\"\" srcset=\"https:\/\/cloud.alqueria.es\/wp-content\/uploads\/sites\/12\/2023\/02\/1675626680511-1024x1024.jpg 1024w, https:\/\/cloud.alqueria.es\/wp-content\/uploads\/sites\/12\/2023\/02\/1675626680511-300x300.jpg 300w, https:\/\/cloud.alqueria.es\/wp-content\/uploads\/sites\/12\/2023\/02\/1675626680511-150x150.jpg 150w, https:\/\/cloud.alqueria.es\/wp-content\/uploads\/sites\/12\/2023\/02\/1675626680511-768x768.jpg 768w, https:\/\/cloud.alqueria.es\/wp-content\/uploads\/sites\/12\/2023\/02\/1675626680511-1536x1536.jpg 1536w, https:\/\/cloud.alqueria.es\/wp-content\/uploads\/sites\/12\/2023\/02\/1675626680511-2048x2048.jpg 2048w\" sizes=\"(max-width: 474px) 100vw, 474px\" data-attachment-id=\"38512\" data-permalink=\"https:\/\/www.alqueria.es\/blogs\/alqueriaartistica\/2023\/02\/14\/semana-cultural-pablo-picasso\/attachment\/1675626680511\/\" data-orig-file=\"https:\/\/cloud.alqueria.es\/wp-content\/uploads\/sites\/12\/2023\/02\/1675626680511.jpg\" data-orig-size=\"2500,2500\" data-comments-opened=\"1\" data-image-meta=\"{&quot;aperture&quot;:&quot;0&quot;,&quot;credit&quot;:&quot;&quot;,&quot;camera&quot;:&quot;--&quot;,&quot;caption&quot;:&quot;&quot;,&quot;created_timestamp&quot;:&quot;1673885998&quot;,&quot;copyright&quot;:&quot;&quot;,&quot;focal_length&quot;:&quot;0&quot;,&quot;iso&quot;:&quot;0&quot;,&quot;shutter_speed&quot;:&quot;1&quot;,&quot;title&quot;:&quot;&quot;,&quot;orientation&quot;:&quot;1&quot;}\" data-image-title=\"1675626680511\" data-image-description=\"\" data-image-caption=\"\" data-large-file=\"https:\/\/cloud.alqueria.es\/wp-content\/uploads\/sites\/12\/2023\/02\/1675626680511-1024x1024.jpg\" \/><\/a>\n\t\t\t<\/div><\/figure><figure class='gallery-item'>\n\t\t\t<div class='gallery-icon landscape'>\n\t\t\t\t<a href='https:\/\/www.alqueria.es\/blogs\/alqueriaartistica\/2023\/02\/14\/semana-cultural-pablo-picasso\/attachment\/1675626680496\/'><img decoding=\"async\" width=\"474\" height=\"474\" src=\"https:\/\/cloud.alqueria.es\/wp-content\/uploads\/sites\/12\/2023\/02\/1675626680496-1024x1024.jpg\" class=\"attachment-large size-large\" alt=\"\" srcset=\"https:\/\/cloud.alqueria.es\/wp-content\/uploads\/sites\/12\/2023\/02\/1675626680496-1024x1024.jpg 1024w, https:\/\/cloud.alqueria.es\/wp-content\/uploads\/sites\/12\/2023\/02\/1675626680496-300x300.jpg 300w, https:\/\/cloud.alqueria.es\/wp-content\/uploads\/sites\/12\/2023\/02\/1675626680496-150x150.jpg 150w, https:\/\/cloud.alqueria.es\/wp-content\/uploads\/sites\/12\/2023\/02\/1675626680496-768x768.jpg 768w, https:\/\/cloud.alqueria.es\/wp-content\/uploads\/sites\/12\/2023\/02\/1675626680496-1536x1536.jpg 1536w, https:\/\/cloud.alqueria.es\/wp-content\/uploads\/sites\/12\/2023\/02\/1675626680496-2048x2048.jpg 2048w\" sizes=\"(max-width: 474px) 100vw, 474px\" data-attachment-id=\"38513\" data-permalink=\"https:\/\/www.alqueria.es\/blogs\/alqueriaartistica\/2023\/02\/14\/semana-cultural-pablo-picasso\/attachment\/1675626680496\/\" data-orig-file=\"https:\/\/cloud.alqueria.es\/wp-content\/uploads\/sites\/12\/2023\/02\/1675626680496.jpg\" data-orig-size=\"2500,2500\" data-comments-opened=\"1\" data-image-meta=\"{&quot;aperture&quot;:&quot;0&quot;,&quot;credit&quot;:&quot;&quot;,&quot;camera&quot;:&quot;--&quot;,&quot;caption&quot;:&quot;&quot;,&quot;created_timestamp&quot;:&quot;1673888037&quot;,&quot;copyright&quot;:&quot;&quot;,&quot;focal_length&quot;:&quot;0&quot;,&quot;iso&quot;:&quot;0&quot;,&quot;shutter_speed&quot;:&quot;1&quot;,&quot;title&quot;:&quot;&quot;,&quot;orientation&quot;:&quot;1&quot;}\" data-image-title=\"1675626680496\" data-image-description=\"\" data-image-caption=\"\" data-large-file=\"https:\/\/cloud.alqueria.es\/wp-content\/uploads\/sites\/12\/2023\/02\/1675626680496-1024x1024.jpg\" \/><\/a>\n\t\t\t<\/div><\/figure><figure class='gallery-item'>\n\t\t\t<div class='gallery-icon landscape'>\n\t\t\t\t<a href='https:\/\/www.alqueria.es\/blogs\/alqueriaartistica\/2023\/02\/14\/semana-cultural-pablo-picasso\/attachment\/1675626567664\/'><img decoding=\"async\" width=\"474\" height=\"474\" src=\"https:\/\/cloud.alqueria.es\/wp-content\/uploads\/sites\/12\/2023\/02\/1675626567664-1024x1024.jpg\" class=\"attachment-large size-large\" alt=\"\" srcset=\"https:\/\/cloud.alqueria.es\/wp-content\/uploads\/sites\/12\/2023\/02\/1675626567664-1024x1024.jpg 1024w, https:\/\/cloud.alqueria.es\/wp-content\/uploads\/sites\/12\/2023\/02\/1675626567664-300x300.jpg 300w, https:\/\/cloud.alqueria.es\/wp-content\/uploads\/sites\/12\/2023\/02\/1675626567664-150x150.jpg 150w, https:\/\/cloud.alqueria.es\/wp-content\/uploads\/sites\/12\/2023\/02\/1675626567664-768x768.jpg 768w, https:\/\/cloud.alqueria.es\/wp-content\/uploads\/sites\/12\/2023\/02\/1675626567664-1536x1536.jpg 1536w, https:\/\/cloud.alqueria.es\/wp-content\/uploads\/sites\/12\/2023\/02\/1675626567664-2048x2048.jpg 2048w\" sizes=\"(max-width: 474px) 100vw, 474px\" data-attachment-id=\"38514\" data-permalink=\"https:\/\/www.alqueria.es\/blogs\/alqueriaartistica\/2023\/02\/14\/semana-cultural-pablo-picasso\/attachment\/1675626567664\/\" data-orig-file=\"https:\/\/cloud.alqueria.es\/wp-content\/uploads\/sites\/12\/2023\/02\/1675626567664.jpg\" data-orig-size=\"2500,2500\" data-comments-opened=\"1\" data-image-meta=\"{&quot;aperture&quot;:&quot;0&quot;,&quot;credit&quot;:&quot;&quot;,&quot;camera&quot;:&quot;--&quot;,&quot;caption&quot;:&quot;&quot;,&quot;created_timestamp&quot;:&quot;1673885950&quot;,&quot;copyright&quot;:&quot;&quot;,&quot;focal_length&quot;:&quot;0&quot;,&quot;iso&quot;:&quot;0&quot;,&quot;shutter_speed&quot;:&quot;1&quot;,&quot;title&quot;:&quot;&quot;,&quot;orientation&quot;:&quot;1&quot;}\" data-image-title=\"1675626567664\" data-image-description=\"\" data-image-caption=\"\" data-large-file=\"https:\/\/cloud.alqueria.es\/wp-content\/uploads\/sites\/12\/2023\/02\/1675626567664-1024x1024.jpg\" \/><\/a>\n\t\t\t<\/div><\/figure><figure class='gallery-item'>\n\t\t\t<div class='gallery-icon landscape'>\n\t\t\t\t<a href='https:\/\/www.alqueria.es\/blogs\/alqueriaartistica\/2023\/02\/14\/semana-cultural-pablo-picasso\/attachment\/1675626567646\/'><img decoding=\"async\" width=\"474\" height=\"474\" src=\"https:\/\/cloud.alqueria.es\/wp-content\/uploads\/sites\/12\/2023\/02\/1675626567646-1024x1024.jpg\" class=\"attachment-large size-large\" alt=\"\" srcset=\"https:\/\/cloud.alqueria.es\/wp-content\/uploads\/sites\/12\/2023\/02\/1675626567646-1024x1024.jpg 1024w, https:\/\/cloud.alqueria.es\/wp-content\/uploads\/sites\/12\/2023\/02\/1675626567646-300x300.jpg 300w, https:\/\/cloud.alqueria.es\/wp-content\/uploads\/sites\/12\/2023\/02\/1675626567646-150x150.jpg 150w, https:\/\/cloud.alqueria.es\/wp-content\/uploads\/sites\/12\/2023\/02\/1675626567646-768x768.jpg 768w, https:\/\/cloud.alqueria.es\/wp-content\/uploads\/sites\/12\/2023\/02\/1675626567646-1536x1536.jpg 1536w, https:\/\/cloud.alqueria.es\/wp-content\/uploads\/sites\/12\/2023\/02\/1675626567646-2048x2048.jpg 2048w\" sizes=\"(max-width: 474px) 100vw, 474px\" data-attachment-id=\"38515\" data-permalink=\"https:\/\/www.alqueria.es\/blogs\/alqueriaartistica\/2023\/02\/14\/semana-cultural-pablo-picasso\/attachment\/1675626567646\/\" data-orig-file=\"https:\/\/cloud.alqueria.es\/wp-content\/uploads\/sites\/12\/2023\/02\/1675626567646.jpg\" data-orig-size=\"2500,2500\" data-comments-opened=\"1\" data-image-meta=\"{&quot;aperture&quot;:&quot;0&quot;,&quot;credit&quot;:&quot;&quot;,&quot;camera&quot;:&quot;--&quot;,&quot;caption&quot;:&quot;&quot;,&quot;created_timestamp&quot;:&quot;1673885957&quot;,&quot;copyright&quot;:&quot;&quot;,&quot;focal_length&quot;:&quot;0&quot;,&quot;iso&quot;:&quot;0&quot;,&quot;shutter_speed&quot;:&quot;1&quot;,&quot;title&quot;:&quot;&quot;,&quot;orientation&quot;:&quot;1&quot;}\" data-image-title=\"1675626567646\" data-image-description=\"\" data-image-caption=\"\" data-large-file=\"https:\/\/cloud.alqueria.es\/wp-content\/uploads\/sites\/12\/2023\/02\/1675626567646-1024x1024.jpg\" \/><\/a>\n\t\t\t<\/div><\/figure><figure class='gallery-item'>\n\t\t\t<div class='gallery-icon landscape'>\n\t\t\t\t<a href='https:\/\/www.alqueria.es\/blogs\/alqueriaartistica\/2023\/02\/14\/semana-cultural-pablo-picasso\/attachment\/1675626567631\/'><img decoding=\"async\" width=\"474\" height=\"474\" src=\"https:\/\/cloud.alqueria.es\/wp-content\/uploads\/sites\/12\/2023\/02\/1675626567631-1024x1024.jpg\" class=\"attachment-large size-large\" alt=\"\" srcset=\"https:\/\/cloud.alqueria.es\/wp-content\/uploads\/sites\/12\/2023\/02\/1675626567631-1024x1024.jpg 1024w, https:\/\/cloud.alqueria.es\/wp-content\/uploads\/sites\/12\/2023\/02\/1675626567631-300x300.jpg 300w, https:\/\/cloud.alqueria.es\/wp-content\/uploads\/sites\/12\/2023\/02\/1675626567631-150x150.jpg 150w, https:\/\/cloud.alqueria.es\/wp-content\/uploads\/sites\/12\/2023\/02\/1675626567631-768x768.jpg 768w, https:\/\/cloud.alqueria.es\/wp-content\/uploads\/sites\/12\/2023\/02\/1675626567631-1536x1536.jpg 1536w, https:\/\/cloud.alqueria.es\/wp-content\/uploads\/sites\/12\/2023\/02\/1675626567631-2048x2048.jpg 2048w\" sizes=\"(max-width: 474px) 100vw, 474px\" data-attachment-id=\"38516\" data-permalink=\"https:\/\/www.alqueria.es\/blogs\/alqueriaartistica\/2023\/02\/14\/semana-cultural-pablo-picasso\/attachment\/1675626567631\/\" data-orig-file=\"https:\/\/cloud.alqueria.es\/wp-content\/uploads\/sites\/12\/2023\/02\/1675626567631.jpg\" data-orig-size=\"2500,2500\" data-comments-opened=\"1\" data-image-meta=\"{&quot;aperture&quot;:&quot;0&quot;,&quot;credit&quot;:&quot;&quot;,&quot;camera&quot;:&quot;--&quot;,&quot;caption&quot;:&quot;&quot;,&quot;created_timestamp&quot;:&quot;1673885969&quot;,&quot;copyright&quot;:&quot;&quot;,&quot;focal_length&quot;:&quot;0&quot;,&quot;iso&quot;:&quot;0&quot;,&quot;shutter_speed&quot;:&quot;1&quot;,&quot;title&quot;:&quot;&quot;,&quot;orientation&quot;:&quot;1&quot;}\" data-image-title=\"1675626567631\" data-image-description=\"\" data-image-caption=\"\" data-large-file=\"https:\/\/cloud.alqueria.es\/wp-content\/uploads\/sites\/12\/2023\/02\/1675626567631-1024x1024.jpg\" \/><\/a>\n\t\t\t<\/div><\/figure><figure class='gallery-item'>\n\t\t\t<div class='gallery-icon portrait'>\n\t\t\t\t<a href='https:\/\/www.alqueria.es\/blogs\/alqueriaartistica\/2023\/02\/14\/semana-cultural-pablo-picasso\/img_0325-4\/'><img decoding=\"async\" width=\"474\" height=\"632\" src=\"https:\/\/cloud.alqueria.es\/wp-content\/uploads\/sites\/12\/2023\/02\/IMG_0325.jpg\" class=\"attachment-large size-large\" alt=\"\" srcset=\"https:\/\/cloud.alqueria.es\/wp-content\/uploads\/sites\/12\/2023\/02\/IMG_0325.jpg 480w, https:\/\/cloud.alqueria.es\/wp-content\/uploads\/sites\/12\/2023\/02\/IMG_0325-225x300.jpg 225w\" sizes=\"(max-width: 474px) 100vw, 474px\" data-attachment-id=\"38517\" data-permalink=\"https:\/\/www.alqueria.es\/blogs\/alqueriaartistica\/2023\/02\/14\/semana-cultural-pablo-picasso\/img_0325-4\/\" data-orig-file=\"https:\/\/cloud.alqueria.es\/wp-content\/uploads\/sites\/12\/2023\/02\/IMG_0325.jpg\" data-orig-size=\"480,640\" data-comments-opened=\"1\" data-image-meta=\"{&quot;aperture&quot;:&quot;2.7&quot;,&quot;credit&quot;:&quot;&quot;,&quot;camera&quot;:&quot;Canon IXUS 125 HS&quot;,&quot;caption&quot;:&quot;&quot;,&quot;created_timestamp&quot;:&quot;1675701115&quot;,&quot;copyright&quot;:&quot;&quot;,&quot;focal_length&quot;:&quot;4.3&quot;,&quot;iso&quot;:&quot;500&quot;,&quot;shutter_speed&quot;:&quot;0.016666666666667&quot;,&quot;title&quot;:&quot;&quot;,&quot;orientation&quot;:&quot;0&quot;}\" data-image-title=\"IMG_0325\" data-image-description=\"\" data-image-caption=\"\" data-large-file=\"https:\/\/cloud.alqueria.es\/wp-content\/uploads\/sites\/12\/2023\/02\/IMG_0325.jpg\" \/><\/a>\n\t\t\t<\/div><\/figure><figure class='gallery-item'>\n\t\t\t<div class='gallery-icon portrait'>\n\t\t\t\t<a href='https:\/\/www.alqueria.es\/blogs\/alqueriaartistica\/2023\/02\/14\/semana-cultural-pablo-picasso\/img_0328-3\/'><img decoding=\"async\" width=\"474\" height=\"632\" src=\"https:\/\/cloud.alqueria.es\/wp-content\/uploads\/sites\/12\/2023\/02\/IMG_0328.jpg\" class=\"attachment-large size-large\" alt=\"\" srcset=\"https:\/\/cloud.alqueria.es\/wp-content\/uploads\/sites\/12\/2023\/02\/IMG_0328.jpg 480w, https:\/\/cloud.alqueria.es\/wp-content\/uploads\/sites\/12\/2023\/02\/IMG_0328-225x300.jpg 225w\" sizes=\"(max-width: 474px) 100vw, 474px\" data-attachment-id=\"38518\" data-permalink=\"https:\/\/www.alqueria.es\/blogs\/alqueriaartistica\/2023\/02\/14\/semana-cultural-pablo-picasso\/img_0328-3\/\" data-orig-file=\"https:\/\/cloud.alqueria.es\/wp-content\/uploads\/sites\/12\/2023\/02\/IMG_0328.jpg\" data-orig-size=\"480,640\" data-comments-opened=\"1\" data-image-meta=\"{&quot;aperture&quot;:&quot;2.7&quot;,&quot;credit&quot;:&quot;&quot;,&quot;camera&quot;:&quot;Canon IXUS 125 HS&quot;,&quot;caption&quot;:&quot;&quot;,&quot;created_timestamp&quot;:&quot;1675701174&quot;,&quot;copyright&quot;:&quot;&quot;,&quot;focal_length&quot;:&quot;4.3&quot;,&quot;iso&quot;:&quot;160&quot;,&quot;shutter_speed&quot;:&quot;0.033333333333333&quot;,&quot;title&quot;:&quot;&quot;,&quot;orientation&quot;:&quot;0&quot;}\" data-image-title=\"IMG_0328\" data-image-description=\"\" data-image-caption=\"\" data-large-file=\"https:\/\/cloud.alqueria.es\/wp-content\/uploads\/sites\/12\/2023\/02\/IMG_0328.jpg\" \/><\/a>\n\t\t\t<\/div><\/figure><figure class='gallery-item'>\n\t\t\t<div class='gallery-icon landscape'>\n\t\t\t\t<a href='https:\/\/www.alqueria.es\/blogs\/alqueriaartistica\/2023\/02\/14\/semana-cultural-pablo-picasso\/img_0332-3\/'><img decoding=\"async\" width=\"474\" height=\"356\" src=\"https:\/\/cloud.alqueria.es\/wp-content\/uploads\/sites\/12\/2023\/02\/IMG_0332.jpg\" class=\"attachment-large size-large\" alt=\"\" srcset=\"https:\/\/cloud.alqueria.es\/wp-content\/uploads\/sites\/12\/2023\/02\/IMG_0332.jpg 640w, https:\/\/cloud.alqueria.es\/wp-content\/uploads\/sites\/12\/2023\/02\/IMG_0332-300x225.jpg 300w\" sizes=\"(max-width: 474px) 100vw, 474px\" data-attachment-id=\"38519\" data-permalink=\"https:\/\/www.alqueria.es\/blogs\/alqueriaartistica\/2023\/02\/14\/semana-cultural-pablo-picasso\/img_0332-3\/\" data-orig-file=\"https:\/\/cloud.alqueria.es\/wp-content\/uploads\/sites\/12\/2023\/02\/IMG_0332.jpg\" data-orig-size=\"640,480\" data-comments-opened=\"1\" data-image-meta=\"{&quot;aperture&quot;:&quot;2.7&quot;,&quot;credit&quot;:&quot;&quot;,&quot;camera&quot;:&quot;Canon IXUS 125 HS&quot;,&quot;caption&quot;:&quot;&quot;,&quot;created_timestamp&quot;:&quot;1675702923&quot;,&quot;copyright&quot;:&quot;&quot;,&quot;focal_length&quot;:&quot;4.3&quot;,&quot;iso&quot;:&quot;800&quot;,&quot;shutter_speed&quot;:&quot;0.025&quot;,&quot;title&quot;:&quot;&quot;,&quot;orientation&quot;:&quot;1&quot;}\" data-image-title=\"IMG_0332\" data-image-description=\"\" data-image-caption=\"\" data-large-file=\"https:\/\/cloud.alqueria.es\/wp-content\/uploads\/sites\/12\/2023\/02\/IMG_0332.jpg\" \/><\/a>\n\t\t\t<\/div><\/figure><figure class='gallery-item'>\n\t\t\t<div class='gallery-icon landscape'>\n\t\t\t\t<a href='https:\/\/www.alqueria.es\/blogs\/alqueriaartistica\/2023\/02\/14\/semana-cultural-pablo-picasso\/img_0329-2\/'><img decoding=\"async\" width=\"474\" height=\"356\" src=\"https:\/\/cloud.alqueria.es\/wp-content\/uploads\/sites\/12\/2023\/02\/IMG_0329.jpg\" class=\"attachment-large size-large\" alt=\"\" srcset=\"https:\/\/cloud.alqueria.es\/wp-content\/uploads\/sites\/12\/2023\/02\/IMG_0329.jpg 640w, https:\/\/cloud.alqueria.es\/wp-content\/uploads\/sites\/12\/2023\/02\/IMG_0329-300x225.jpg 300w\" sizes=\"(max-width: 474px) 100vw, 474px\" data-attachment-id=\"38522\" data-permalink=\"https:\/\/www.alqueria.es\/blogs\/alqueriaartistica\/2023\/02\/14\/semana-cultural-pablo-picasso\/img_0329-2\/\" data-orig-file=\"https:\/\/cloud.alqueria.es\/wp-content\/uploads\/sites\/12\/2023\/02\/IMG_0329.jpg\" data-orig-size=\"640,480\" data-comments-opened=\"1\" data-image-meta=\"{&quot;aperture&quot;:&quot;2.7&quot;,&quot;credit&quot;:&quot;&quot;,&quot;camera&quot;:&quot;Canon IXUS 125 HS&quot;,&quot;caption&quot;:&quot;&quot;,&quot;created_timestamp&quot;:&quot;1675702770&quot;,&quot;copyright&quot;:&quot;&quot;,&quot;focal_length&quot;:&quot;4.3&quot;,&quot;iso&quot;:&quot;640&quot;,&quot;shutter_speed&quot;:&quot;0.016666666666667&quot;,&quot;title&quot;:&quot;&quot;,&quot;orientation&quot;:&quot;1&quot;}\" data-image-title=\"IMG_0329\" data-image-description=\"\" data-image-caption=\"\" data-large-file=\"https:\/\/cloud.alqueria.es\/wp-content\/uploads\/sites\/12\/2023\/02\/IMG_0329.jpg\" \/><\/a>\n\t\t\t<\/div><\/figure><figure class='gallery-item'>\n\t\t\t<div class='gallery-icon landscape'>\n\t\t\t\t<a href='https:\/\/www.alqueria.es\/blogs\/alqueriaartistica\/2023\/02\/14\/semana-cultural-pablo-picasso\/img_0327-4\/'><img decoding=\"async\" width=\"474\" height=\"356\" src=\"https:\/\/cloud.alqueria.es\/wp-content\/uploads\/sites\/12\/2023\/02\/IMG_0327.jpg\" class=\"attachment-large size-large\" alt=\"\" srcset=\"https:\/\/cloud.alqueria.es\/wp-content\/uploads\/sites\/12\/2023\/02\/IMG_0327.jpg 640w, https:\/\/cloud.alqueria.es\/wp-content\/uploads\/sites\/12\/2023\/02\/IMG_0327-300x225.jpg 300w\" sizes=\"(max-width: 474px) 100vw, 474px\" data-attachment-id=\"38523\" data-permalink=\"https:\/\/www.alqueria.es\/blogs\/alqueriaartistica\/2023\/02\/14\/semana-cultural-pablo-picasso\/img_0327-4\/\" data-orig-file=\"https:\/\/cloud.alqueria.es\/wp-content\/uploads\/sites\/12\/2023\/02\/IMG_0327.jpg\" data-orig-size=\"640,480\" data-comments-opened=\"1\" data-image-meta=\"{&quot;aperture&quot;:&quot;2.7&quot;,&quot;credit&quot;:&quot;&quot;,&quot;camera&quot;:&quot;Canon IXUS 125 HS&quot;,&quot;caption&quot;:&quot;&quot;,&quot;created_timestamp&quot;:&quot;1675701171&quot;,&quot;copyright&quot;:&quot;&quot;,&quot;focal_length&quot;:&quot;4.3&quot;,&quot;iso&quot;:&quot;200&quot;,&quot;shutter_speed&quot;:&quot;0.033333333333333&quot;,&quot;title&quot;:&quot;&quot;,&quot;orientation&quot;:&quot;1&quot;}\" data-image-title=\"IMG_0327\" data-image-description=\"\" data-image-caption=\"\" data-large-file=\"https:\/\/cloud.alqueria.es\/wp-content\/uploads\/sites\/12\/2023\/02\/IMG_0327.jpg\" \/><\/a>\n\t\t\t<\/div><\/figure><figure class='gallery-item'>\n\t\t\t<div class='gallery-icon landscape'>\n\t\t\t\t<a href='https:\/\/www.alqueria.es\/blogs\/alqueriaartistica\/2023\/02\/14\/semana-cultural-pablo-picasso\/img_0326-3\/'><img decoding=\"async\" width=\"474\" height=\"356\" src=\"https:\/\/cloud.alqueria.es\/wp-content\/uploads\/sites\/12\/2023\/02\/IMG_0326.jpg\" class=\"attachment-large size-large\" alt=\"\" srcset=\"https:\/\/cloud.alqueria.es\/wp-content\/uploads\/sites\/12\/2023\/02\/IMG_0326.jpg 640w, https:\/\/cloud.alqueria.es\/wp-content\/uploads\/sites\/12\/2023\/02\/IMG_0326-300x225.jpg 300w\" sizes=\"(max-width: 474px) 100vw, 474px\" data-attachment-id=\"38524\" data-permalink=\"https:\/\/www.alqueria.es\/blogs\/alqueriaartistica\/2023\/02\/14\/semana-cultural-pablo-picasso\/img_0326-3\/\" data-orig-file=\"https:\/\/cloud.alqueria.es\/wp-content\/uploads\/sites\/12\/2023\/02\/IMG_0326.jpg\" data-orig-size=\"640,480\" data-comments-opened=\"1\" data-image-meta=\"{&quot;aperture&quot;:&quot;2.7&quot;,&quot;credit&quot;:&quot;&quot;,&quot;camera&quot;:&quot;Canon IXUS 125 HS&quot;,&quot;caption&quot;:&quot;&quot;,&quot;created_timestamp&quot;:&quot;1675701130&quot;,&quot;copyright&quot;:&quot;&quot;,&quot;focal_length&quot;:&quot;4.3&quot;,&quot;iso&quot;:&quot;640&quot;,&quot;shutter_speed&quot;:&quot;0.016666666666667&quot;,&quot;title&quot;:&quot;&quot;,&quot;orientation&quot;:&quot;1&quot;}\" data-image-title=\"IMG_0326\" data-image-description=\"\" data-image-caption=\"\" data-large-file=\"https:\/\/cloud.alqueria.es\/wp-content\/uploads\/sites\/12\/2023\/02\/IMG_0326.jpg\" \/><\/a>\n\t\t\t<\/div><\/figure><figure class='gallery-item'>\n\t\t\t<div class='gallery-icon landscape'>\n\t\t\t\t<a href='https:\/\/www.alqueria.es\/blogs\/alqueriaartistica\/2023\/02\/14\/semana-cultural-pablo-picasso\/img_0645-5\/'><img decoding=\"async\" width=\"474\" height=\"356\" src=\"https:\/\/cloud.alqueria.es\/wp-content\/uploads\/sites\/12\/2023\/02\/IMG_0645.jpg\" class=\"attachment-large size-large\" alt=\"\" srcset=\"https:\/\/cloud.alqueria.es\/wp-content\/uploads\/sites\/12\/2023\/02\/IMG_0645.jpg 640w, https:\/\/cloud.alqueria.es\/wp-content\/uploads\/sites\/12\/2023\/02\/IMG_0645-300x225.jpg 300w\" sizes=\"(max-width: 474px) 100vw, 474px\" data-attachment-id=\"38567\" data-permalink=\"https:\/\/www.alqueria.es\/blogs\/alqueriaartistica\/2023\/02\/14\/semana-cultural-pablo-picasso\/img_0645-5\/\" data-orig-file=\"https:\/\/cloud.alqueria.es\/wp-content\/uploads\/sites\/12\/2023\/02\/IMG_0645.jpg\" data-orig-size=\"640,480\" data-comments-opened=\"1\" data-image-meta=\"{&quot;aperture&quot;:&quot;2.7&quot;,&quot;credit&quot;:&quot;&quot;,&quot;camera&quot;:&quot;Canon IXUS 125 HS&quot;,&quot;caption&quot;:&quot;&quot;,&quot;created_timestamp&quot;:&quot;1676293666&quot;,&quot;copyright&quot;:&quot;&quot;,&quot;focal_length&quot;:&quot;4.3&quot;,&quot;iso&quot;:&quot;800&quot;,&quot;shutter_speed&quot;:&quot;0.05&quot;,&quot;title&quot;:&quot;&quot;,&quot;orientation&quot;:&quot;1&quot;}\" data-image-title=\"IMG_0645\" data-image-description=\"\" data-image-caption=\"\" data-large-file=\"https:\/\/cloud.alqueria.es\/wp-content\/uploads\/sites\/12\/2023\/02\/IMG_0645.jpg\" \/><\/a>\n\t\t\t<\/div><\/figure><figure class='gallery-item'>\n\t\t\t<div class='gallery-icon landscape'>\n\t\t\t\t<a href='https:\/\/www.alqueria.es\/blogs\/alqueriaartistica\/2023\/02\/14\/semana-cultural-pablo-picasso\/img_0644-4\/'><img decoding=\"async\" width=\"474\" height=\"356\" src=\"https:\/\/cloud.alqueria.es\/wp-content\/uploads\/sites\/12\/2023\/02\/IMG_0644.jpg\" class=\"attachment-large size-large\" alt=\"\" srcset=\"https:\/\/cloud.alqueria.es\/wp-content\/uploads\/sites\/12\/2023\/02\/IMG_0644.jpg 640w, https:\/\/cloud.alqueria.es\/wp-content\/uploads\/sites\/12\/2023\/02\/IMG_0644-300x225.jpg 300w\" sizes=\"(max-width: 474px) 100vw, 474px\" data-attachment-id=\"38568\" data-permalink=\"https:\/\/www.alqueria.es\/blogs\/alqueriaartistica\/2023\/02\/14\/semana-cultural-pablo-picasso\/img_0644-4\/\" data-orig-file=\"https:\/\/cloud.alqueria.es\/wp-content\/uploads\/sites\/12\/2023\/02\/IMG_0644.jpg\" data-orig-size=\"640,480\" data-comments-opened=\"1\" data-image-meta=\"{&quot;aperture&quot;:&quot;2.7&quot;,&quot;credit&quot;:&quot;&quot;,&quot;camera&quot;:&quot;Canon IXUS 125 HS&quot;,&quot;caption&quot;:&quot;&quot;,&quot;created_timestamp&quot;:&quot;1676293662&quot;,&quot;copyright&quot;:&quot;&quot;,&quot;focal_length&quot;:&quot;4.3&quot;,&quot;iso&quot;:&quot;800&quot;,&quot;shutter_speed&quot;:&quot;0.033333333333333&quot;,&quot;title&quot;:&quot;&quot;,&quot;orientation&quot;:&quot;1&quot;}\" data-image-title=\"IMG_0644\" data-image-description=\"\" data-image-caption=\"\" data-large-file=\"https:\/\/cloud.alqueria.es\/wp-content\/uploads\/sites\/12\/2023\/02\/IMG_0644.jpg\" \/><\/a>\n\t\t\t<\/div><\/figure><figure class='gallery-item'>\n\t\t\t<div class='gallery-icon portrait'>\n\t\t\t\t<a href='https:\/\/www.alqueria.es\/blogs\/alqueriaartistica\/2023\/02\/14\/semana-cultural-pablo-picasso\/img_0536-3\/'><img decoding=\"async\" width=\"474\" height=\"632\" src=\"https:\/\/cloud.alqueria.es\/wp-content\/uploads\/sites\/12\/2023\/02\/IMG_0536.jpg\" class=\"attachment-large size-large\" alt=\"\" srcset=\"https:\/\/cloud.alqueria.es\/wp-content\/uploads\/sites\/12\/2023\/02\/IMG_0536.jpg 480w, https:\/\/cloud.alqueria.es\/wp-content\/uploads\/sites\/12\/2023\/02\/IMG_0536-225x300.jpg 225w\" sizes=\"(max-width: 474px) 100vw, 474px\" data-attachment-id=\"38527\" data-permalink=\"https:\/\/www.alqueria.es\/blogs\/alqueriaartistica\/2023\/02\/14\/semana-cultural-pablo-picasso\/img_0536-3\/\" data-orig-file=\"https:\/\/cloud.alqueria.es\/wp-content\/uploads\/sites\/12\/2023\/02\/IMG_0536.jpg\" data-orig-size=\"480,640\" data-comments-opened=\"1\" data-image-meta=\"{&quot;aperture&quot;:&quot;2.7&quot;,&quot;credit&quot;:&quot;&quot;,&quot;camera&quot;:&quot;Canon IXUS 125 HS&quot;,&quot;caption&quot;:&quot;&quot;,&quot;created_timestamp&quot;:&quot;1675962530&quot;,&quot;copyright&quot;:&quot;&quot;,&quot;focal_length&quot;:&quot;4.3&quot;,&quot;iso&quot;:&quot;800&quot;,&quot;shutter_speed&quot;:&quot;0.04&quot;,&quot;title&quot;:&quot;&quot;,&quot;orientation&quot;:&quot;1&quot;}\" data-image-title=\"IMG_0536\" data-image-description=\"\" data-image-caption=\"\" data-large-file=\"https:\/\/cloud.alqueria.es\/wp-content\/uploads\/sites\/12\/2023\/02\/IMG_0536.jpg\" \/><\/a>\n\t\t\t<\/div><\/figure><figure class='gallery-item'>\n\t\t\t<div class='gallery-icon portrait'>\n\t\t\t\t<a href='https:\/\/www.alqueria.es\/blogs\/alqueriaartistica\/2023\/02\/14\/semana-cultural-pablo-picasso\/img_0523-6\/'><img decoding=\"async\" width=\"474\" height=\"632\" src=\"https:\/\/cloud.alqueria.es\/wp-content\/uploads\/sites\/12\/2023\/02\/IMG_0523.jpg\" class=\"attachment-large size-large\" alt=\"\" srcset=\"https:\/\/cloud.alqueria.es\/wp-content\/uploads\/sites\/12\/2023\/02\/IMG_0523.jpg 480w, https:\/\/cloud.alqueria.es\/wp-content\/uploads\/sites\/12\/2023\/02\/IMG_0523-225x300.jpg 225w\" sizes=\"(max-width: 474px) 100vw, 474px\" data-attachment-id=\"38528\" data-permalink=\"https:\/\/www.alqueria.es\/blogs\/alqueriaartistica\/2023\/02\/14\/semana-cultural-pablo-picasso\/img_0523-6\/\" data-orig-file=\"https:\/\/cloud.alqueria.es\/wp-content\/uploads\/sites\/12\/2023\/02\/IMG_0523.jpg\" data-orig-size=\"480,640\" data-comments-opened=\"1\" data-image-meta=\"{&quot;aperture&quot;:&quot;2.7&quot;,&quot;credit&quot;:&quot;&quot;,&quot;camera&quot;:&quot;Canon IXUS 125 HS&quot;,&quot;caption&quot;:&quot;&quot;,&quot;created_timestamp&quot;:&quot;1675958866&quot;,&quot;copyright&quot;:&quot;&quot;,&quot;focal_length&quot;:&quot;4.3&quot;,&quot;iso&quot;:&quot;640&quot;,&quot;shutter_speed&quot;:&quot;0.033333333333333&quot;,&quot;title&quot;:&quot;&quot;,&quot;orientation&quot;:&quot;0&quot;}\" data-image-title=\"IMG_0523\" data-image-description=\"\" data-image-caption=\"\" data-large-file=\"https:\/\/cloud.alqueria.es\/wp-content\/uploads\/sites\/12\/2023\/02\/IMG_0523.jpg\" \/><\/a>\n\t\t\t<\/div><\/figure><figure class='gallery-item'>\n\t\t\t<div class='gallery-icon portrait'>\n\t\t\t\t<a href='https:\/\/www.alqueria.es\/blogs\/alqueriaartistica\/2023\/02\/14\/semana-cultural-pablo-picasso\/img_0533-3\/'><img decoding=\"async\" width=\"474\" height=\"632\" src=\"https:\/\/cloud.alqueria.es\/wp-content\/uploads\/sites\/12\/2023\/02\/IMG_0533.jpg\" class=\"attachment-large size-large\" alt=\"\" srcset=\"https:\/\/cloud.alqueria.es\/wp-content\/uploads\/sites\/12\/2023\/02\/IMG_0533.jpg 480w, https:\/\/cloud.alqueria.es\/wp-content\/uploads\/sites\/12\/2023\/02\/IMG_0533-225x300.jpg 225w\" sizes=\"(max-width: 474px) 100vw, 474px\" data-attachment-id=\"38529\" data-permalink=\"https:\/\/www.alqueria.es\/blogs\/alqueriaartistica\/2023\/02\/14\/semana-cultural-pablo-picasso\/img_0533-3\/\" data-orig-file=\"https:\/\/cloud.alqueria.es\/wp-content\/uploads\/sites\/12\/2023\/02\/IMG_0533.jpg\" data-orig-size=\"480,640\" data-comments-opened=\"1\" data-image-meta=\"{&quot;aperture&quot;:&quot;2.7&quot;,&quot;credit&quot;:&quot;&quot;,&quot;camera&quot;:&quot;Canon IXUS 125 HS&quot;,&quot;caption&quot;:&quot;&quot;,&quot;created_timestamp&quot;:&quot;1675962164&quot;,&quot;copyright&quot;:&quot;&quot;,&quot;focal_length&quot;:&quot;4.3&quot;,&quot;iso&quot;:&quot;1000&quot;,&quot;shutter_speed&quot;:&quot;0.05&quot;,&quot;title&quot;:&quot;&quot;,&quot;orientation&quot;:&quot;0&quot;}\" data-image-title=\"IMG_0533\" data-image-description=\"\" data-image-caption=\"\" data-large-file=\"https:\/\/cloud.alqueria.es\/wp-content\/uploads\/sites\/12\/2023\/02\/IMG_0533.jpg\" \/><\/a>\n\t\t\t<\/div><\/figure><figure class='gallery-item'>\n\t\t\t<div class='gallery-icon portrait'>\n\t\t\t\t<a href='https:\/\/www.alqueria.es\/blogs\/alqueriaartistica\/2023\/02\/14\/semana-cultural-pablo-picasso\/img_0532-4\/'><img decoding=\"async\" width=\"474\" height=\"632\" src=\"https:\/\/cloud.alqueria.es\/wp-content\/uploads\/sites\/12\/2023\/02\/IMG_0532.jpg\" class=\"attachment-large size-large\" alt=\"\" srcset=\"https:\/\/cloud.alqueria.es\/wp-content\/uploads\/sites\/12\/2023\/02\/IMG_0532.jpg 480w, https:\/\/cloud.alqueria.es\/wp-content\/uploads\/sites\/12\/2023\/02\/IMG_0532-225x300.jpg 225w\" sizes=\"(max-width: 474px) 100vw, 474px\" data-attachment-id=\"38530\" data-permalink=\"https:\/\/www.alqueria.es\/blogs\/alqueriaartistica\/2023\/02\/14\/semana-cultural-pablo-picasso\/img_0532-4\/\" data-orig-file=\"https:\/\/cloud.alqueria.es\/wp-content\/uploads\/sites\/12\/2023\/02\/IMG_0532.jpg\" data-orig-size=\"480,640\" data-comments-opened=\"1\" data-image-meta=\"{&quot;aperture&quot;:&quot;2.7&quot;,&quot;credit&quot;:&quot;&quot;,&quot;camera&quot;:&quot;Canon IXUS 125 HS&quot;,&quot;caption&quot;:&quot;&quot;,&quot;created_timestamp&quot;:&quot;1675961371&quot;,&quot;copyright&quot;:&quot;&quot;,&quot;focal_length&quot;:&quot;4.3&quot;,&quot;iso&quot;:&quot;800&quot;,&quot;shutter_speed&quot;:&quot;0.05&quot;,&quot;title&quot;:&quot;&quot;,&quot;orientation&quot;:&quot;1&quot;}\" data-image-title=\"IMG_0532\" data-image-description=\"\" data-image-caption=\"\" data-large-file=\"https:\/\/cloud.alqueria.es\/wp-content\/uploads\/sites\/12\/2023\/02\/IMG_0532.jpg\" \/><\/a>\n\t\t\t<\/div><\/figure><figure class='gallery-item'>\n\t\t\t<div class='gallery-icon portrait'>\n\t\t\t\t<a href='https:\/\/www.alqueria.es\/blogs\/alqueriaartistica\/2023\/02\/14\/semana-cultural-pablo-picasso\/img_0531-6\/'><img decoding=\"async\" width=\"474\" height=\"632\" src=\"https:\/\/cloud.alqueria.es\/wp-content\/uploads\/sites\/12\/2023\/02\/IMG_0531.jpg\" class=\"attachment-large size-large\" alt=\"\" srcset=\"https:\/\/cloud.alqueria.es\/wp-content\/uploads\/sites\/12\/2023\/02\/IMG_0531.jpg 480w, https:\/\/cloud.alqueria.es\/wp-content\/uploads\/sites\/12\/2023\/02\/IMG_0531-225x300.jpg 225w\" sizes=\"(max-width: 474px) 100vw, 474px\" data-attachment-id=\"38531\" data-permalink=\"https:\/\/www.alqueria.es\/blogs\/alqueriaartistica\/2023\/02\/14\/semana-cultural-pablo-picasso\/img_0531-6\/\" data-orig-file=\"https:\/\/cloud.alqueria.es\/wp-content\/uploads\/sites\/12\/2023\/02\/IMG_0531.jpg\" data-orig-size=\"480,640\" data-comments-opened=\"1\" data-image-meta=\"{&quot;aperture&quot;:&quot;2.7&quot;,&quot;credit&quot;:&quot;&quot;,&quot;camera&quot;:&quot;Canon IXUS 125 HS&quot;,&quot;caption&quot;:&quot;&quot;,&quot;created_timestamp&quot;:&quot;1675961364&quot;,&quot;copyright&quot;:&quot;&quot;,&quot;focal_length&quot;:&quot;4.3&quot;,&quot;iso&quot;:&quot;1000&quot;,&quot;shutter_speed&quot;:&quot;0.05&quot;,&quot;title&quot;:&quot;&quot;,&quot;orientation&quot;:&quot;1&quot;}\" data-image-title=\"IMG_0531\" data-image-description=\"\" data-image-caption=\"\" data-large-file=\"https:\/\/cloud.alqueria.es\/wp-content\/uploads\/sites\/12\/2023\/02\/IMG_0531.jpg\" \/><\/a>\n\t\t\t<\/div><\/figure>\n\t\t<\/div>\n\n<p>Introducidos en el volumen, iniciamos la construcci\u00f3n de diversas esculturas partiendo de material reciclado.<\/p>\n<div data-carousel-extra='{&quot;blog_id&quot;:12,&quot;permalink&quot;:&quot;https:\/\/www.alqueria.es\/blogs\/alqueriaartistica\/2023\/02\/14\/semana-cultural-pablo-picasso\/&quot;}' id='gallery-9' class='gallery galleryid-38479 gallery-columns-3 gallery-size-large'><figure class='gallery-item'>\n\t\t\t<div class='gallery-icon landscape'>\n\t\t\t\t<a href='https:\/\/www.alqueria.es\/blogs\/alqueriaartistica\/2023\/02\/14\/semana-cultural-pablo-picasso\/img_0646-4\/'><img decoding=\"async\" width=\"474\" height=\"356\" src=\"https:\/\/cloud.alqueria.es\/wp-content\/uploads\/sites\/12\/2023\/02\/IMG_0646.jpg\" class=\"attachment-large size-large\" alt=\"\" srcset=\"https:\/\/cloud.alqueria.es\/wp-content\/uploads\/sites\/12\/2023\/02\/IMG_0646.jpg 640w, https:\/\/cloud.alqueria.es\/wp-content\/uploads\/sites\/12\/2023\/02\/IMG_0646-300x225.jpg 300w\" sizes=\"(max-width: 474px) 100vw, 474px\" data-attachment-id=\"38566\" data-permalink=\"https:\/\/www.alqueria.es\/blogs\/alqueriaartistica\/2023\/02\/14\/semana-cultural-pablo-picasso\/img_0646-4\/\" data-orig-file=\"https:\/\/cloud.alqueria.es\/wp-content\/uploads\/sites\/12\/2023\/02\/IMG_0646.jpg\" data-orig-size=\"640,480\" data-comments-opened=\"1\" data-image-meta=\"{&quot;aperture&quot;:&quot;2.7&quot;,&quot;credit&quot;:&quot;&quot;,&quot;camera&quot;:&quot;Canon IXUS 125 HS&quot;,&quot;caption&quot;:&quot;&quot;,&quot;created_timestamp&quot;:&quot;1676293709&quot;,&quot;copyright&quot;:&quot;&quot;,&quot;focal_length&quot;:&quot;4.3&quot;,&quot;iso&quot;:&quot;100&quot;,&quot;shutter_speed&quot;:&quot;0.003125&quot;,&quot;title&quot;:&quot;&quot;,&quot;orientation&quot;:&quot;1&quot;}\" data-image-title=\"IMG_0646\" data-image-description=\"\" data-image-caption=\"\" data-large-file=\"https:\/\/cloud.alqueria.es\/wp-content\/uploads\/sites\/12\/2023\/02\/IMG_0646.jpg\" \/><\/a>\n\t\t\t<\/div><\/figure><figure class='gallery-item'>\n\t\t\t<div class='gallery-icon landscape'>\n\t\t\t\t<a href='https:\/\/www.alqueria.es\/blogs\/alqueriaartistica\/2023\/02\/14\/semana-cultural-pablo-picasso\/img_0648-2\/'><img decoding=\"async\" width=\"474\" height=\"356\" src=\"https:\/\/cloud.alqueria.es\/wp-content\/uploads\/sites\/12\/2023\/02\/IMG_0648.jpg\" class=\"attachment-large size-large\" alt=\"\" srcset=\"https:\/\/cloud.alqueria.es\/wp-content\/uploads\/sites\/12\/2023\/02\/IMG_0648.jpg 640w, https:\/\/cloud.alqueria.es\/wp-content\/uploads\/sites\/12\/2023\/02\/IMG_0648-300x225.jpg 300w\" sizes=\"(max-width: 474px) 100vw, 474px\" data-attachment-id=\"38564\" data-permalink=\"https:\/\/www.alqueria.es\/blogs\/alqueriaartistica\/2023\/02\/14\/semana-cultural-pablo-picasso\/img_0648-2\/\" data-orig-file=\"https:\/\/cloud.alqueria.es\/wp-content\/uploads\/sites\/12\/2023\/02\/IMG_0648.jpg\" data-orig-size=\"640,480\" data-comments-opened=\"1\" data-image-meta=\"{&quot;aperture&quot;:&quot;2.7&quot;,&quot;credit&quot;:&quot;&quot;,&quot;camera&quot;:&quot;Canon IXUS 125 HS&quot;,&quot;caption&quot;:&quot;&quot;,&quot;created_timestamp&quot;:&quot;1676306760&quot;,&quot;copyright&quot;:&quot;&quot;,&quot;focal_length&quot;:&quot;4.3&quot;,&quot;iso&quot;:&quot;100&quot;,&quot;shutter_speed&quot;:&quot;0.004&quot;,&quot;title&quot;:&quot;&quot;,&quot;orientation&quot;:&quot;1&quot;}\" data-image-title=\"IMG_0648\" data-image-description=\"\" data-image-caption=\"\" data-large-file=\"https:\/\/cloud.alqueria.es\/wp-content\/uploads\/sites\/12\/2023\/02\/IMG_0648.jpg\" \/><\/a>\n\t\t\t<\/div><\/figure><figure class='gallery-item'>\n\t\t\t<div class='gallery-icon landscape'>\n\t\t\t\t<a href='https:\/\/www.alqueria.es\/blogs\/alqueriaartistica\/2023\/02\/14\/semana-cultural-pablo-picasso\/img_0647-2\/'><img decoding=\"async\" width=\"474\" height=\"356\" src=\"https:\/\/cloud.alqueria.es\/wp-content\/uploads\/sites\/12\/2023\/02\/IMG_0647.jpg\" class=\"attachment-large size-large\" alt=\"\" srcset=\"https:\/\/cloud.alqueria.es\/wp-content\/uploads\/sites\/12\/2023\/02\/IMG_0647.jpg 640w, https:\/\/cloud.alqueria.es\/wp-content\/uploads\/sites\/12\/2023\/02\/IMG_0647-300x225.jpg 300w\" sizes=\"(max-width: 474px) 100vw, 474px\" data-attachment-id=\"38565\" data-permalink=\"https:\/\/www.alqueria.es\/blogs\/alqueriaartistica\/2023\/02\/14\/semana-cultural-pablo-picasso\/img_0647-2\/\" data-orig-file=\"https:\/\/cloud.alqueria.es\/wp-content\/uploads\/sites\/12\/2023\/02\/IMG_0647.jpg\" data-orig-size=\"640,480\" data-comments-opened=\"1\" data-image-meta=\"{&quot;aperture&quot;:&quot;2.7&quot;,&quot;credit&quot;:&quot;&quot;,&quot;camera&quot;:&quot;Canon IXUS 125 HS&quot;,&quot;caption&quot;:&quot;&quot;,&quot;created_timestamp&quot;:&quot;1676306755&quot;,&quot;copyright&quot;:&quot;&quot;,&quot;focal_length&quot;:&quot;4.3&quot;,&quot;iso&quot;:&quot;100&quot;,&quot;shutter_speed&quot;:&quot;0.003125&quot;,&quot;title&quot;:&quot;&quot;,&quot;orientation&quot;:&quot;1&quot;}\" data-image-title=\"IMG_0647\" data-image-description=\"\" data-image-caption=\"\" data-large-file=\"https:\/\/cloud.alqueria.es\/wp-content\/uploads\/sites\/12\/2023\/02\/IMG_0647.jpg\" \/><\/a>\n\t\t\t<\/div><\/figure>\n\t\t<\/div>\n\n<p>Concluidos los trabajos, han montado en la subida de las escaleras al aulario de infantil, una bonita exposici\u00f3n.<\/p>\n<p>En el tercer ciclo se han centrado dos actividades para la exposici\u00f3n previa. El cartel anunciador de la semana realizado por quinto y diversas pinturas relacionadas con la etapa azul y rosa del pintor y que hemos situado en la entrada del aulario.<\/p>\n<div data-carousel-extra='{&quot;blog_id&quot;:12,&quot;permalink&quot;:&quot;https:\/\/www.alqueria.es\/blogs\/alqueriaartistica\/2023\/02\/14\/semana-cultural-pablo-picasso\/&quot;}' id='gallery-10' class='gallery galleryid-38479 gallery-columns-3 gallery-size-large'><figure class='gallery-item'>\n\t\t\t<div class='gallery-icon landscape'>\n\t\t\t\t<a href='https:\/\/www.alqueria.es\/blogs\/alqueriaartistica\/2023\/02\/14\/semana-cultural-pablo-picasso\/img_0516-4\/'><img decoding=\"async\" width=\"474\" height=\"346\" src=\"https:\/\/cloud.alqueria.es\/wp-content\/uploads\/sites\/12\/2023\/02\/IMG_0516.jpg\" class=\"attachment-large size-large\" alt=\"\" srcset=\"https:\/\/cloud.alqueria.es\/wp-content\/uploads\/sites\/12\/2023\/02\/IMG_0516.jpg 627w, https:\/\/cloud.alqueria.es\/wp-content\/uploads\/sites\/12\/2023\/02\/IMG_0516-300x219.jpg 300w\" sizes=\"(max-width: 474px) 100vw, 474px\" data-attachment-id=\"38484\" data-permalink=\"https:\/\/www.alqueria.es\/blogs\/alqueriaartistica\/2023\/02\/14\/semana-cultural-pablo-picasso\/img_0516-4\/\" data-orig-file=\"https:\/\/cloud.alqueria.es\/wp-content\/uploads\/sites\/12\/2023\/02\/IMG_0516.jpg\" data-orig-size=\"627,458\" data-comments-opened=\"1\" data-image-meta=\"{&quot;aperture&quot;:&quot;2.7&quot;,&quot;credit&quot;:&quot;&quot;,&quot;camera&quot;:&quot;Canon IXUS 125 HS&quot;,&quot;caption&quot;:&quot;&quot;,&quot;created_timestamp&quot;:&quot;1675874267&quot;,&quot;copyright&quot;:&quot;&quot;,&quot;focal_length&quot;:&quot;4.3&quot;,&quot;iso&quot;:&quot;800&quot;,&quot;shutter_speed&quot;:&quot;0.04&quot;,&quot;title&quot;:&quot;&quot;,&quot;orientation&quot;:&quot;0&quot;}\" data-image-title=\"IMG_0516\" data-image-description=\"\" data-image-caption=\"\" data-large-file=\"https:\/\/cloud.alqueria.es\/wp-content\/uploads\/sites\/12\/2023\/02\/IMG_0516.jpg\" \/><\/a>\n\t\t\t<\/div><\/figure><figure class='gallery-item'>\n\t\t\t<div class='gallery-icon portrait'>\n\t\t\t\t<a href='https:\/\/www.alqueria.es\/blogs\/alqueriaartistica\/2023\/02\/14\/semana-cultural-pablo-picasso\/img_0512-3\/'><img decoding=\"async\" width=\"436\" height=\"640\" src=\"https:\/\/cloud.alqueria.es\/wp-content\/uploads\/sites\/12\/2023\/02\/IMG_0512.jpg\" class=\"attachment-large size-large\" alt=\"\" srcset=\"https:\/\/cloud.alqueria.es\/wp-content\/uploads\/sites\/12\/2023\/02\/IMG_0512.jpg 436w, https:\/\/cloud.alqueria.es\/wp-content\/uploads\/sites\/12\/2023\/02\/IMG_0512-204x300.jpg 204w\" sizes=\"(max-width: 436px) 100vw, 436px\" data-attachment-id=\"38481\" data-permalink=\"https:\/\/www.alqueria.es\/blogs\/alqueriaartistica\/2023\/02\/14\/semana-cultural-pablo-picasso\/img_0512-3\/\" data-orig-file=\"https:\/\/cloud.alqueria.es\/wp-content\/uploads\/sites\/12\/2023\/02\/IMG_0512.jpg\" data-orig-size=\"436,640\" data-comments-opened=\"1\" data-image-meta=\"{&quot;aperture&quot;:&quot;2.7&quot;,&quot;credit&quot;:&quot;&quot;,&quot;camera&quot;:&quot;Canon IXUS 125 HS&quot;,&quot;caption&quot;:&quot;&quot;,&quot;created_timestamp&quot;:&quot;1675874238&quot;,&quot;copyright&quot;:&quot;&quot;,&quot;focal_length&quot;:&quot;4.3&quot;,&quot;iso&quot;:&quot;400&quot;,&quot;shutter_speed&quot;:&quot;0.033333333333333&quot;,&quot;title&quot;:&quot;&quot;,&quot;orientation&quot;:&quot;0&quot;}\" data-image-title=\"IMG_0512\" data-image-description=\"\" data-image-caption=\"\" data-large-file=\"https:\/\/cloud.alqueria.es\/wp-content\/uploads\/sites\/12\/2023\/02\/IMG_0512.jpg\" \/><\/a>\n\t\t\t<\/div><\/figure><figure class='gallery-item'>\n\t\t\t<div class='gallery-icon landscape'>\n\t\t\t\t<a href='https:\/\/www.alqueria.es\/blogs\/alqueriaartistica\/2023\/02\/14\/semana-cultural-pablo-picasso\/img_0513-2\/'><img decoding=\"async\" width=\"474\" height=\"356\" src=\"https:\/\/cloud.alqueria.es\/wp-content\/uploads\/sites\/12\/2023\/02\/IMG_0513.jpg\" class=\"attachment-large size-large\" alt=\"\" srcset=\"https:\/\/cloud.alqueria.es\/wp-content\/uploads\/sites\/12\/2023\/02\/IMG_0513.jpg 640w, https:\/\/cloud.alqueria.es\/wp-content\/uploads\/sites\/12\/2023\/02\/IMG_0513-300x225.jpg 300w\" sizes=\"(max-width: 474px) 100vw, 474px\" data-attachment-id=\"38482\" data-permalink=\"https:\/\/www.alqueria.es\/blogs\/alqueriaartistica\/2023\/02\/14\/semana-cultural-pablo-picasso\/img_0513-2\/\" data-orig-file=\"https:\/\/cloud.alqueria.es\/wp-content\/uploads\/sites\/12\/2023\/02\/IMG_0513.jpg\" data-orig-size=\"640,480\" data-comments-opened=\"1\" data-image-meta=\"{&quot;aperture&quot;:&quot;2.7&quot;,&quot;credit&quot;:&quot;&quot;,&quot;camera&quot;:&quot;Canon IXUS 125 HS&quot;,&quot;caption&quot;:&quot;&quot;,&quot;created_timestamp&quot;:&quot;1675874244&quot;,&quot;copyright&quot;:&quot;&quot;,&quot;focal_length&quot;:&quot;4.3&quot;,&quot;iso&quot;:&quot;400&quot;,&quot;shutter_speed&quot;:&quot;0.033333333333333&quot;,&quot;title&quot;:&quot;&quot;,&quot;orientation&quot;:&quot;0&quot;}\" data-image-title=\"IMG_0513\" data-image-description=\"\" data-image-caption=\"\" data-large-file=\"https:\/\/cloud.alqueria.es\/wp-content\/uploads\/sites\/12\/2023\/02\/IMG_0513.jpg\" \/><\/a>\n\t\t\t<\/div><\/figure>\n\t\t<\/div>\n\n<div data-carousel-extra='{&quot;blog_id&quot;:12,&quot;permalink&quot;:&quot;https:\/\/www.alqueria.es\/blogs\/alqueriaartistica\/2023\/02\/14\/semana-cultural-pablo-picasso\/&quot;}' id='gallery-11' class='gallery galleryid-38479 gallery-columns-3 gallery-size-large'><figure class='gallery-item'>\n\t\t\t<div class='gallery-icon landscape'>\n\t\t\t\t<a href='https:\/\/www.alqueria.es\/blogs\/alqueriaartistica\/2023\/02\/14\/semana-cultural-pablo-picasso\/attachment\/1675626864727\/'><img decoding=\"async\" width=\"474\" height=\"474\" src=\"https:\/\/cloud.alqueria.es\/wp-content\/uploads\/sites\/12\/2023\/02\/1675626864727.jpg\" class=\"attachment-large size-large\" alt=\"\" srcset=\"https:\/\/cloud.alqueria.es\/wp-content\/uploads\/sites\/12\/2023\/02\/1675626864727.jpg 720w, https:\/\/cloud.alqueria.es\/wp-content\/uploads\/sites\/12\/2023\/02\/1675626864727-300x300.jpg 300w, https:\/\/cloud.alqueria.es\/wp-content\/uploads\/sites\/12\/2023\/02\/1675626864727-150x150.jpg 150w\" sizes=\"(max-width: 474px) 100vw, 474px\" data-attachment-id=\"38569\" data-permalink=\"https:\/\/www.alqueria.es\/blogs\/alqueriaartistica\/2023\/02\/14\/semana-cultural-pablo-picasso\/attachment\/1675626864727\/\" data-orig-file=\"https:\/\/cloud.alqueria.es\/wp-content\/uploads\/sites\/12\/2023\/02\/1675626864727.jpg\" data-orig-size=\"720,720\" data-comments-opened=\"1\" data-image-meta=\"{&quot;aperture&quot;:&quot;0&quot;,&quot;credit&quot;:&quot;&quot;,&quot;camera&quot;:&quot;&quot;,&quot;caption&quot;:&quot;&quot;,&quot;created_timestamp&quot;:&quot;0&quot;,&quot;copyright&quot;:&quot;&quot;,&quot;focal_length&quot;:&quot;0&quot;,&quot;iso&quot;:&quot;0&quot;,&quot;shutter_speed&quot;:&quot;0&quot;,&quot;title&quot;:&quot;&quot;,&quot;orientation&quot;:&quot;1&quot;}\" data-image-title=\"1675626864727\" data-image-description=\"\" data-image-caption=\"\" data-large-file=\"https:\/\/cloud.alqueria.es\/wp-content\/uploads\/sites\/12\/2023\/02\/1675626864727.jpg\" \/><\/a>\n\t\t\t<\/div><\/figure><figure class='gallery-item'>\n\t\t\t<div class='gallery-icon landscape'>\n\t\t\t\t<a href='https:\/\/www.alqueria.es\/blogs\/alqueriaartistica\/2023\/02\/14\/semana-cultural-pablo-picasso\/img_0292-4\/'><img decoding=\"async\" width=\"474\" height=\"356\" src=\"https:\/\/cloud.alqueria.es\/wp-content\/uploads\/sites\/12\/2023\/02\/IMG_0292.jpg\" class=\"attachment-large size-large\" alt=\"\" srcset=\"https:\/\/cloud.alqueria.es\/wp-content\/uploads\/sites\/12\/2023\/02\/IMG_0292.jpg 640w, https:\/\/cloud.alqueria.es\/wp-content\/uploads\/sites\/12\/2023\/02\/IMG_0292-300x225.jpg 300w\" sizes=\"(max-width: 474px) 100vw, 474px\" data-attachment-id=\"38570\" data-permalink=\"https:\/\/www.alqueria.es\/blogs\/alqueriaartistica\/2023\/02\/14\/semana-cultural-pablo-picasso\/img_0292-4\/\" data-orig-file=\"https:\/\/cloud.alqueria.es\/wp-content\/uploads\/sites\/12\/2023\/02\/IMG_0292.jpg\" data-orig-size=\"640,480\" data-comments-opened=\"1\" data-image-meta=\"{&quot;aperture&quot;:&quot;2.7&quot;,&quot;credit&quot;:&quot;&quot;,&quot;camera&quot;:&quot;Canon IXUS 125 HS&quot;,&quot;caption&quot;:&quot;&quot;,&quot;created_timestamp&quot;:&quot;1675269875&quot;,&quot;copyright&quot;:&quot;&quot;,&quot;focal_length&quot;:&quot;4.3&quot;,&quot;iso&quot;:&quot;125&quot;,&quot;shutter_speed&quot;:&quot;0.025&quot;,&quot;title&quot;:&quot;&quot;,&quot;orientation&quot;:&quot;1&quot;}\" data-image-title=\"IMG_0292\" data-image-description=\"\" data-image-caption=\"\" data-large-file=\"https:\/\/cloud.alqueria.es\/wp-content\/uploads\/sites\/12\/2023\/02\/IMG_0292.jpg\" \/><\/a>\n\t\t\t<\/div><\/figure><figure class='gallery-item'>\n\t\t\t<div class='gallery-icon landscape'>\n\t\t\t\t<a href='https:\/\/www.alqueria.es\/blogs\/alqueriaartistica\/2023\/02\/14\/semana-cultural-pablo-picasso\/attachment\/1675626864712\/'><img decoding=\"async\" width=\"474\" height=\"474\" src=\"https:\/\/cloud.alqueria.es\/wp-content\/uploads\/sites\/12\/2023\/02\/1675626864712-1024x1024.jpg\" class=\"attachment-large size-large\" alt=\"\" srcset=\"https:\/\/cloud.alqueria.es\/wp-content\/uploads\/sites\/12\/2023\/02\/1675626864712-1024x1024.jpg 1024w, https:\/\/cloud.alqueria.es\/wp-content\/uploads\/sites\/12\/2023\/02\/1675626864712-300x300.jpg 300w, https:\/\/cloud.alqueria.es\/wp-content\/uploads\/sites\/12\/2023\/02\/1675626864712-150x150.jpg 150w, https:\/\/cloud.alqueria.es\/wp-content\/uploads\/sites\/12\/2023\/02\/1675626864712-768x768.jpg 768w, https:\/\/cloud.alqueria.es\/wp-content\/uploads\/sites\/12\/2023\/02\/1675626864712-1536x1536.jpg 1536w, https:\/\/cloud.alqueria.es\/wp-content\/uploads\/sites\/12\/2023\/02\/1675626864712-2048x2048.jpg 2048w\" sizes=\"(max-width: 474px) 100vw, 474px\" data-attachment-id=\"38571\" data-permalink=\"https:\/\/www.alqueria.es\/blogs\/alqueriaartistica\/2023\/02\/14\/semana-cultural-pablo-picasso\/attachment\/1675626864712\/\" data-orig-file=\"https:\/\/cloud.alqueria.es\/wp-content\/uploads\/sites\/12\/2023\/02\/1675626864712.jpg\" data-orig-size=\"2292,2292\" data-comments-opened=\"1\" data-image-meta=\"{&quot;aperture&quot;:&quot;0&quot;,&quot;credit&quot;:&quot;&quot;,&quot;camera&quot;:&quot;--&quot;,&quot;caption&quot;:&quot;&quot;,&quot;created_timestamp&quot;:&quot;1674663457&quot;,&quot;copyright&quot;:&quot;&quot;,&quot;focal_length&quot;:&quot;0&quot;,&quot;iso&quot;:&quot;0&quot;,&quot;shutter_speed&quot;:&quot;1&quot;,&quot;title&quot;:&quot;&quot;,&quot;orientation&quot;:&quot;1&quot;}\" data-image-title=\"1675626864712\" data-image-description=\"\" data-image-caption=\"\" data-large-file=\"https:\/\/cloud.alqueria.es\/wp-content\/uploads\/sites\/12\/2023\/02\/1675626864712-1024x1024.jpg\" \/><\/a>\n\t\t\t<\/div><\/figure>\n\t\t<\/div>\n\n<p>Hemos dado color a unos cilindros que servir\u00e1n de base para unas esculturas.<\/p>\n<div data-carousel-extra='{&quot;blog_id&quot;:12,&quot;permalink&quot;:&quot;https:\/\/www.alqueria.es\/blogs\/alqueriaartistica\/2023\/02\/14\/semana-cultural-pablo-picasso\/&quot;}' id='gallery-12' class='gallery galleryid-38479 gallery-columns-3 gallery-size-large'><figure class='gallery-item'>\n\t\t\t<div class='gallery-icon landscape'>\n\t\t\t\t<a href='https:\/\/www.alqueria.es\/blogs\/alqueriaartistica\/2023\/02\/14\/semana-cultural-pablo-picasso\/img_0283-3\/'><img decoding=\"async\" width=\"474\" height=\"356\" src=\"https:\/\/cloud.alqueria.es\/wp-content\/uploads\/sites\/12\/2023\/02\/IMG_0283.jpg\" class=\"attachment-large size-large\" alt=\"\" srcset=\"https:\/\/cloud.alqueria.es\/wp-content\/uploads\/sites\/12\/2023\/02\/IMG_0283.jpg 640w, https:\/\/cloud.alqueria.es\/wp-content\/uploads\/sites\/12\/2023\/02\/IMG_0283-300x225.jpg 300w\" sizes=\"(max-width: 474px) 100vw, 474px\" data-attachment-id=\"38572\" data-permalink=\"https:\/\/www.alqueria.es\/blogs\/alqueriaartistica\/2023\/02\/14\/semana-cultural-pablo-picasso\/img_0283-3\/\" data-orig-file=\"https:\/\/cloud.alqueria.es\/wp-content\/uploads\/sites\/12\/2023\/02\/IMG_0283.jpg\" data-orig-size=\"640,480\" data-comments-opened=\"1\" data-image-meta=\"{&quot;aperture&quot;:&quot;2.7&quot;,&quot;credit&quot;:&quot;&quot;,&quot;camera&quot;:&quot;Canon IXUS 125 HS&quot;,&quot;caption&quot;:&quot;&quot;,&quot;created_timestamp&quot;:&quot;1675181403&quot;,&quot;copyright&quot;:&quot;&quot;,&quot;focal_length&quot;:&quot;4.3&quot;,&quot;iso&quot;:&quot;200&quot;,&quot;shutter_speed&quot;:&quot;0.033333333333333&quot;,&quot;title&quot;:&quot;&quot;,&quot;orientation&quot;:&quot;1&quot;}\" data-image-title=\"IMG_0283\" data-image-description=\"\" data-image-caption=\"\" data-large-file=\"https:\/\/cloud.alqueria.es\/wp-content\/uploads\/sites\/12\/2023\/02\/IMG_0283.jpg\" \/><\/a>\n\t\t\t<\/div><\/figure><figure class='gallery-item'>\n\t\t\t<div class='gallery-icon landscape'>\n\t\t\t\t<a href='https:\/\/www.alqueria.es\/blogs\/alqueriaartistica\/2023\/02\/14\/semana-cultural-pablo-picasso\/img_0509-4\/'><img decoding=\"async\" width=\"474\" height=\"356\" src=\"https:\/\/cloud.alqueria.es\/wp-content\/uploads\/sites\/12\/2023\/02\/IMG_0509.jpg\" class=\"attachment-large size-large\" alt=\"\" srcset=\"https:\/\/cloud.alqueria.es\/wp-content\/uploads\/sites\/12\/2023\/02\/IMG_0509.jpg 640w, https:\/\/cloud.alqueria.es\/wp-content\/uploads\/sites\/12\/2023\/02\/IMG_0509-300x225.jpg 300w\" sizes=\"(max-width: 474px) 100vw, 474px\" data-attachment-id=\"38573\" data-permalink=\"https:\/\/www.alqueria.es\/blogs\/alqueriaartistica\/2023\/02\/14\/semana-cultural-pablo-picasso\/img_0509-4\/\" data-orig-file=\"https:\/\/cloud.alqueria.es\/wp-content\/uploads\/sites\/12\/2023\/02\/IMG_0509.jpg\" data-orig-size=\"640,480\" data-comments-opened=\"1\" data-image-meta=\"{&quot;aperture&quot;:&quot;2.7&quot;,&quot;credit&quot;:&quot;&quot;,&quot;camera&quot;:&quot;Canon IXUS 125 HS&quot;,&quot;caption&quot;:&quot;&quot;,&quot;created_timestamp&quot;:&quot;1675789738&quot;,&quot;copyright&quot;:&quot;&quot;,&quot;focal_length&quot;:&quot;4.3&quot;,&quot;iso&quot;:&quot;800&quot;,&quot;shutter_speed&quot;:&quot;0.02&quot;,&quot;title&quot;:&quot;&quot;,&quot;orientation&quot;:&quot;1&quot;}\" data-image-title=\"IMG_0509\" data-image-description=\"\" data-image-caption=\"\" data-large-file=\"https:\/\/cloud.alqueria.es\/wp-content\/uploads\/sites\/12\/2023\/02\/IMG_0509.jpg\" \/><\/a>\n\t\t\t<\/div><\/figure><figure class='gallery-item'>\n\t\t\t<div class='gallery-icon portrait'>\n\t\t\t\t<a href='https:\/\/www.alqueria.es\/blogs\/alqueriaartistica\/2023\/02\/14\/semana-cultural-pablo-picasso\/img_0507-5\/'><img decoding=\"async\" width=\"474\" height=\"632\" src=\"https:\/\/cloud.alqueria.es\/wp-content\/uploads\/sites\/12\/2023\/02\/IMG_0507.jpg\" class=\"attachment-large size-large\" alt=\"\" srcset=\"https:\/\/cloud.alqueria.es\/wp-content\/uploads\/sites\/12\/2023\/02\/IMG_0507.jpg 480w, https:\/\/cloud.alqueria.es\/wp-content\/uploads\/sites\/12\/2023\/02\/IMG_0507-225x300.jpg 225w\" sizes=\"(max-width: 474px) 100vw, 474px\" data-attachment-id=\"38574\" data-permalink=\"https:\/\/www.alqueria.es\/blogs\/alqueriaartistica\/2023\/02\/14\/semana-cultural-pablo-picasso\/img_0507-5\/\" data-orig-file=\"https:\/\/cloud.alqueria.es\/wp-content\/uploads\/sites\/12\/2023\/02\/IMG_0507.jpg\" data-orig-size=\"480,640\" data-comments-opened=\"1\" data-image-meta=\"{&quot;aperture&quot;:&quot;2.7&quot;,&quot;credit&quot;:&quot;&quot;,&quot;camera&quot;:&quot;Canon IXUS 125 HS&quot;,&quot;caption&quot;:&quot;&quot;,&quot;created_timestamp&quot;:&quot;1675789193&quot;,&quot;copyright&quot;:&quot;&quot;,&quot;focal_length&quot;:&quot;4.3&quot;,&quot;iso&quot;:&quot;400&quot;,&quot;shutter_speed&quot;:&quot;0.033333333333333&quot;,&quot;title&quot;:&quot;&quot;,&quot;orientation&quot;:&quot;1&quot;}\" data-image-title=\"IMG_0507\" data-image-description=\"\" data-image-caption=\"\" data-large-file=\"https:\/\/cloud.alqueria.es\/wp-content\/uploads\/sites\/12\/2023\/02\/IMG_0507.jpg\" \/><\/a>\n\t\t\t<\/div><\/figure><figure class='gallery-item'>\n\t\t\t<div class='gallery-icon landscape'>\n\t\t\t\t<a href='https:\/\/www.alqueria.es\/blogs\/alqueriaartistica\/2023\/02\/14\/semana-cultural-pablo-picasso\/img_0504-3\/'><img decoding=\"async\" width=\"474\" height=\"356\" src=\"https:\/\/cloud.alqueria.es\/wp-content\/uploads\/sites\/12\/2023\/02\/IMG_0504.jpg\" class=\"attachment-large size-large\" alt=\"\" srcset=\"https:\/\/cloud.alqueria.es\/wp-content\/uploads\/sites\/12\/2023\/02\/IMG_0504.jpg 640w, https:\/\/cloud.alqueria.es\/wp-content\/uploads\/sites\/12\/2023\/02\/IMG_0504-300x225.jpg 300w\" sizes=\"(max-width: 474px) 100vw, 474px\" data-attachment-id=\"38575\" data-permalink=\"https:\/\/www.alqueria.es\/blogs\/alqueriaartistica\/2023\/02\/14\/semana-cultural-pablo-picasso\/img_0504-3\/\" data-orig-file=\"https:\/\/cloud.alqueria.es\/wp-content\/uploads\/sites\/12\/2023\/02\/IMG_0504.jpg\" data-orig-size=\"640,480\" data-comments-opened=\"1\" data-image-meta=\"{&quot;aperture&quot;:&quot;2.7&quot;,&quot;credit&quot;:&quot;&quot;,&quot;camera&quot;:&quot;Canon IXUS 125 HS&quot;,&quot;caption&quot;:&quot;&quot;,&quot;created_timestamp&quot;:&quot;1675786970&quot;,&quot;copyright&quot;:&quot;&quot;,&quot;focal_length&quot;:&quot;4.3&quot;,&quot;iso&quot;:&quot;640&quot;,&quot;shutter_speed&quot;:&quot;0.016666666666667&quot;,&quot;title&quot;:&quot;&quot;,&quot;orientation&quot;:&quot;1&quot;}\" data-image-title=\"IMG_0504\" data-image-description=\"\" data-image-caption=\"\" data-large-file=\"https:\/\/cloud.alqueria.es\/wp-content\/uploads\/sites\/12\/2023\/02\/IMG_0504.jpg\" \/><\/a>\n\t\t\t<\/div><\/figure><figure class='gallery-item'>\n\t\t\t<div class='gallery-icon landscape'>\n\t\t\t\t<a href='https:\/\/www.alqueria.es\/blogs\/alqueriaartistica\/2023\/02\/14\/semana-cultural-pablo-picasso\/img_0502\/'><img decoding=\"async\" width=\"474\" height=\"356\" src=\"https:\/\/cloud.alqueria.es\/wp-content\/uploads\/sites\/12\/2023\/02\/IMG_0502.jpg\" class=\"attachment-large size-large\" alt=\"\" srcset=\"https:\/\/cloud.alqueria.es\/wp-content\/uploads\/sites\/12\/2023\/02\/IMG_0502.jpg 640w, https:\/\/cloud.alqueria.es\/wp-content\/uploads\/sites\/12\/2023\/02\/IMG_0502-300x225.jpg 300w\" sizes=\"(max-width: 474px) 100vw, 474px\" data-attachment-id=\"38576\" data-permalink=\"https:\/\/www.alqueria.es\/blogs\/alqueriaartistica\/2023\/02\/14\/semana-cultural-pablo-picasso\/img_0502\/\" data-orig-file=\"https:\/\/cloud.alqueria.es\/wp-content\/uploads\/sites\/12\/2023\/02\/IMG_0502.jpg\" data-orig-size=\"640,480\" data-comments-opened=\"1\" data-image-meta=\"{&quot;aperture&quot;:&quot;2.7&quot;,&quot;credit&quot;:&quot;&quot;,&quot;camera&quot;:&quot;Canon IXUS 125 HS&quot;,&quot;caption&quot;:&quot;&quot;,&quot;created_timestamp&quot;:&quot;1675785689&quot;,&quot;copyright&quot;:&quot;&quot;,&quot;focal_length&quot;:&quot;4.3&quot;,&quot;iso&quot;:&quot;800&quot;,&quot;shutter_speed&quot;:&quot;0.016666666666667&quot;,&quot;title&quot;:&quot;&quot;,&quot;orientation&quot;:&quot;1&quot;}\" data-image-title=\"IMG_0502\" data-image-description=\"\" data-image-caption=\"\" data-large-file=\"https:\/\/cloud.alqueria.es\/wp-content\/uploads\/sites\/12\/2023\/02\/IMG_0502.jpg\" \/><\/a>\n\t\t\t<\/div><\/figure><figure class='gallery-item'>\n\t\t\t<div class='gallery-icon portrait'>\n\t\t\t\t<a href='https:\/\/www.alqueria.es\/blogs\/alqueriaartistica\/2023\/02\/14\/semana-cultural-pablo-picasso\/img_0519-3\/'><img decoding=\"async\" width=\"474\" height=\"632\" src=\"https:\/\/cloud.alqueria.es\/wp-content\/uploads\/sites\/12\/2023\/02\/IMG_0519.jpg\" class=\"attachment-large size-large\" alt=\"\" srcset=\"https:\/\/cloud.alqueria.es\/wp-content\/uploads\/sites\/12\/2023\/02\/IMG_0519.jpg 480w, https:\/\/cloud.alqueria.es\/wp-content\/uploads\/sites\/12\/2023\/02\/IMG_0519-225x300.jpg 225w\" sizes=\"(max-width: 474px) 100vw, 474px\" data-attachment-id=\"38577\" data-permalink=\"https:\/\/www.alqueria.es\/blogs\/alqueriaartistica\/2023\/02\/14\/semana-cultural-pablo-picasso\/img_0519-3\/\" data-orig-file=\"https:\/\/cloud.alqueria.es\/wp-content\/uploads\/sites\/12\/2023\/02\/IMG_0519.jpg\" data-orig-size=\"480,640\" data-comments-opened=\"1\" data-image-meta=\"{&quot;aperture&quot;:&quot;2.7&quot;,&quot;credit&quot;:&quot;&quot;,&quot;camera&quot;:&quot;Canon IXUS 125 HS&quot;,&quot;caption&quot;:&quot;&quot;,&quot;created_timestamp&quot;:&quot;1675874311&quot;,&quot;copyright&quot;:&quot;&quot;,&quot;focal_length&quot;:&quot;4.3&quot;,&quot;iso&quot;:&quot;250&quot;,&quot;shutter_speed&quot;:&quot;0.033333333333333&quot;,&quot;title&quot;:&quot;&quot;,&quot;orientation&quot;:&quot;1&quot;}\" data-image-title=\"IMG_0519\" data-image-description=\"\" data-image-caption=\"\" data-large-file=\"https:\/\/cloud.alqueria.es\/wp-content\/uploads\/sites\/12\/2023\/02\/IMG_0519.jpg\" \/><\/a>\n\t\t\t<\/div><\/figure><figure class='gallery-item'>\n\t\t\t<div class='gallery-icon landscape'>\n\t\t\t\t<a href='https:\/\/www.alqueria.es\/blogs\/alqueriaartistica\/2023\/02\/14\/semana-cultural-pablo-picasso\/img_0518-3\/'><img decoding=\"async\" width=\"474\" height=\"356\" src=\"https:\/\/cloud.alqueria.es\/wp-content\/uploads\/sites\/12\/2023\/02\/IMG_0518.jpg\" class=\"attachment-large size-large\" alt=\"\" srcset=\"https:\/\/cloud.alqueria.es\/wp-content\/uploads\/sites\/12\/2023\/02\/IMG_0518.jpg 640w, https:\/\/cloud.alqueria.es\/wp-content\/uploads\/sites\/12\/2023\/02\/IMG_0518-300x225.jpg 300w\" sizes=\"(max-width: 474px) 100vw, 474px\" data-attachment-id=\"38578\" data-permalink=\"https:\/\/www.alqueria.es\/blogs\/alqueriaartistica\/2023\/02\/14\/semana-cultural-pablo-picasso\/img_0518-3\/\" data-orig-file=\"https:\/\/cloud.alqueria.es\/wp-content\/uploads\/sites\/12\/2023\/02\/IMG_0518.jpg\" data-orig-size=\"640,480\" data-comments-opened=\"1\" data-image-meta=\"{&quot;aperture&quot;:&quot;2.7&quot;,&quot;credit&quot;:&quot;&quot;,&quot;camera&quot;:&quot;Canon IXUS 125 HS&quot;,&quot;caption&quot;:&quot;&quot;,&quot;created_timestamp&quot;:&quot;1675874297&quot;,&quot;copyright&quot;:&quot;&quot;,&quot;focal_length&quot;:&quot;4.3&quot;,&quot;iso&quot;:&quot;250&quot;,&quot;shutter_speed&quot;:&quot;0.033333333333333&quot;,&quot;title&quot;:&quot;&quot;,&quot;orientation&quot;:&quot;1&quot;}\" data-image-title=\"IMG_0518\" data-image-description=\"\" data-image-caption=\"\" data-large-file=\"https:\/\/cloud.alqueria.es\/wp-content\/uploads\/sites\/12\/2023\/02\/IMG_0518.jpg\" \/><\/a>\n\t\t\t<\/div><\/figure><figure class='gallery-item'>\n\t\t\t<div class='gallery-icon landscape'>\n\t\t\t\t<a href='https:\/\/www.alqueria.es\/blogs\/alqueriaartistica\/2023\/02\/14\/semana-cultural-pablo-picasso\/img_0517-2\/'><img decoding=\"async\" width=\"474\" height=\"356\" src=\"https:\/\/cloud.alqueria.es\/wp-content\/uploads\/sites\/12\/2023\/02\/IMG_0517.jpg\" class=\"attachment-large size-large\" alt=\"\" srcset=\"https:\/\/cloud.alqueria.es\/wp-content\/uploads\/sites\/12\/2023\/02\/IMG_0517.jpg 640w, https:\/\/cloud.alqueria.es\/wp-content\/uploads\/sites\/12\/2023\/02\/IMG_0517-300x225.jpg 300w\" sizes=\"(max-width: 474px) 100vw, 474px\" data-attachment-id=\"38579\" data-permalink=\"https:\/\/www.alqueria.es\/blogs\/alqueriaartistica\/2023\/02\/14\/semana-cultural-pablo-picasso\/img_0517-2\/\" data-orig-file=\"https:\/\/cloud.alqueria.es\/wp-content\/uploads\/sites\/12\/2023\/02\/IMG_0517.jpg\" data-orig-size=\"640,480\" data-comments-opened=\"1\" data-image-meta=\"{&quot;aperture&quot;:&quot;2.7&quot;,&quot;credit&quot;:&quot;&quot;,&quot;camera&quot;:&quot;Canon IXUS 125 HS&quot;,&quot;caption&quot;:&quot;&quot;,&quot;created_timestamp&quot;:&quot;1675874282&quot;,&quot;copyright&quot;:&quot;&quot;,&quot;focal_length&quot;:&quot;4.3&quot;,&quot;iso&quot;:&quot;500&quot;,&quot;shutter_speed&quot;:&quot;0.016666666666667&quot;,&quot;title&quot;:&quot;&quot;,&quot;orientation&quot;:&quot;1&quot;}\" data-image-title=\"IMG_0517\" data-image-description=\"\" data-image-caption=\"\" data-large-file=\"https:\/\/cloud.alqueria.es\/wp-content\/uploads\/sites\/12\/2023\/02\/IMG_0517.jpg\" \/><\/a>\n\t\t\t<\/div><\/figure><figure class='gallery-item'>\n\t\t\t<div class='gallery-icon portrait'>\n\t\t\t\t<a href='https:\/\/www.alqueria.es\/blogs\/alqueriaartistica\/2023\/02\/14\/semana-cultural-pablo-picasso\/img_0503-3\/'><img decoding=\"async\" width=\"474\" height=\"632\" src=\"https:\/\/cloud.alqueria.es\/wp-content\/uploads\/sites\/12\/2023\/02\/IMG_0503.jpg\" class=\"attachment-large size-large\" alt=\"\" srcset=\"https:\/\/cloud.alqueria.es\/wp-content\/uploads\/sites\/12\/2023\/02\/IMG_0503.jpg 480w, https:\/\/cloud.alqueria.es\/wp-content\/uploads\/sites\/12\/2023\/02\/IMG_0503-225x300.jpg 225w\" sizes=\"(max-width: 474px) 100vw, 474px\" data-attachment-id=\"38580\" data-permalink=\"https:\/\/www.alqueria.es\/blogs\/alqueriaartistica\/2023\/02\/14\/semana-cultural-pablo-picasso\/img_0503-3\/\" data-orig-file=\"https:\/\/cloud.alqueria.es\/wp-content\/uploads\/sites\/12\/2023\/02\/IMG_0503.jpg\" data-orig-size=\"480,640\" data-comments-opened=\"1\" data-image-meta=\"{&quot;aperture&quot;:&quot;2.7&quot;,&quot;credit&quot;:&quot;&quot;,&quot;camera&quot;:&quot;Canon IXUS 125 HS&quot;,&quot;caption&quot;:&quot;&quot;,&quot;created_timestamp&quot;:&quot;1675786965&quot;,&quot;copyright&quot;:&quot;&quot;,&quot;focal_length&quot;:&quot;4.3&quot;,&quot;iso&quot;:&quot;500&quot;,&quot;shutter_speed&quot;:&quot;0.016666666666667&quot;,&quot;title&quot;:&quot;&quot;,&quot;orientation&quot;:&quot;1&quot;}\" data-image-title=\"IMG_0503\" data-image-description=\"\" data-image-caption=\"\" data-large-file=\"https:\/\/cloud.alqueria.es\/wp-content\/uploads\/sites\/12\/2023\/02\/IMG_0503.jpg\" \/><\/a>\n\t\t\t<\/div><\/figure>\n\t\t<\/div>\n\n<p>Por otra parte toda la etapa ha realizado una reproducci\u00f3n en formato peque\u00f1o de diversas obras del autor.<\/p>\n<p>En otra entrada os mostrar\u00e9 los trabajos.<\/p>\n<p>En los blogs de ciclo ten\u00e9is informaci\u00f3n \u00a0ampliada de las actividades que est\u00e1n realizando esta semana.<\/p>\n<p>Ana Mart\u00edn<\/p>\n","protected":false},"excerpt":{"rendered":"<p>Esta semana estamos celebrando la Semana Cultural de Alquer\u00eda. El tema de este a\u00f1o versa sobre la figura de Pablo Picasso. En el \u00e1rea de art\u00edstica hemos \u00a0estado trabajando en diversas actividades que van a servir de base a los talleres art\u00edsticos que se est\u00e1n \u00a0desarrollando a lo largo de estos d\u00edas. En primero y &hellip; <a href=\"https:\/\/www.alqueria.es\/blogs\/alqueriaartistica\/2023\/02\/14\/semana-cultural-pablo-picasso\/\" class=\"more-link\">Seguir leyendo <span class=\"screen-reader-text\">SEMANA CULTURAL: PABLO PICASSO<\/span> <span class=\"meta-nav\">&rarr;<\/span><\/a><\/p>\n","protected":false},"author":34,"featured_media":0,"comment_status":"open","ping_status":"open","sticky":false,"template":"","format":"standard","meta":{"jetpack_post_was_ever_published":false,"_jetpack_newsletter_access":"","_jetpack_dont_email_post_to_subs":false,"_jetpack_newsletter_tier_id":0,"_jetpack_memberships_contains_paywalled_content":false,"_jetpack_memberships_contains_paid_content":false,"footnotes":"","jetpack_publicize_message":"","jetpack_publicize_feature_enabled":true,"jetpack_social_post_already_shared":true,"jetpack_social_options":{"image_generator_settings":{"template":"highway","default_image_id":0,"font":"","enabled":false},"version":2}},"categories":[9,10,11,12,13,14],"tags":[31,40,278,432],"class_list":["post-38479","post","type-post","status-publish","format-standard","hentry","category-1o-epo","category-2o-epo","category-3o-epo","category-4o-epo","category-5o-epo","category-6o-epo","tag-dibujo","tag-pintura","tag-rotulacion-de-carteles","tag-semana-cultural-pablo-picasso"],"jetpack_publicize_connections":[],"jetpack_featured_media_url":"","jetpack_sharing_enabled":true,"jetpack_shortlink":"https:\/\/wp.me\/p4mcJu-a0D","_links":{"self":[{"href":"https:\/\/www.alqueria.es\/blogs\/alqueriaartistica\/wp-json\/wp\/v2\/posts\/38479","targetHints":{"allow":["GET"]}}],"collection":[{"href":"https:\/\/www.alqueria.es\/blogs\/alqueriaartistica\/wp-json\/wp\/v2\/posts"}],"about":[{"href":"https:\/\/www.alqueria.es\/blogs\/alqueriaartistica\/wp-json\/wp\/v2\/types\/post"}],"author":[{"embeddable":true,"href":"https:\/\/www.alqueria.es\/blogs\/alqueriaartistica\/wp-json\/wp\/v2\/users\/34"}],"replies":[{"embeddable":true,"href":"https:\/\/www.alqueria.es\/blogs\/alqueriaartistica\/wp-json\/wp\/v2\/comments?post=38479"}],"version-history":[{"count":3,"href":"https:\/\/www.alqueria.es\/blogs\/alqueriaartistica\/wp-json\/wp\/v2\/posts\/38479\/revisions"}],"predecessor-version":[{"id":38584,"href":"https:\/\/www.alqueria.es\/blogs\/alqueriaartistica\/wp-json\/wp\/v2\/posts\/38479\/revisions\/38584"}],"wp:attachment":[{"href":"https:\/\/www.alqueria.es\/blogs\/alqueriaartistica\/wp-json\/wp\/v2\/media?parent=38479"}],"wp:term":[{"taxonomy":"category","embeddable":true,"href":"https:\/\/www.alqueria.es\/blogs\/alqueriaartistica\/wp-json\/wp\/v2\/categories?post=38479"},{"taxonomy":"post_tag","embeddable":true,"href":"https:\/\/www.alqueria.es\/blogs\/alqueriaartistica\/wp-json\/wp\/v2\/tags?post=38479"}],"curies":[{"name":"wp","href":"https:\/\/api.w.org\/{rel}","templated":true}]}}