{"id":38846,"date":"2023-03-22T12:05:13","date_gmt":"2023-03-22T11:05:13","guid":{"rendered":"https:\/\/www.alqueria.es\/blogs\/alqueriaartistica\/?p=38846"},"modified":"2023-03-22T12:08:17","modified_gmt":"2023-03-22T11:08:17","slug":"la-estetica-de-las-palabras-4","status":"publish","type":"post","link":"https:\/\/www.alqueria.es\/blogs\/alqueriaartistica\/2023\/03\/22\/la-estetica-de-las-palabras-4\/","title":{"rendered":"LA EST\u00c9TICA DE LAS PALABRAS"},"content":{"rendered":"<div data-carousel-extra='{&quot;blog_id&quot;:12,&quot;permalink&quot;:&quot;https:\/\/www.alqueria.es\/blogs\/alqueriaartistica\/2023\/03\/22\/la-estetica-de-las-palabras-4\/&quot;}' id='gallery-1' class='gallery galleryid-38846 gallery-columns-3 gallery-size-large'><figure class='gallery-item'>\n\t\t\t<div class='gallery-icon landscape'>\n\t\t\t\t<a href='https:\/\/www.alqueria.es\/blogs\/alqueriaartistica\/2023\/03\/22\/la-estetica-de-las-palabras-4\/img_1111-4\/'><img decoding=\"async\" width=\"474\" height=\"356\" src=\"https:\/\/cloud.alqueria.es\/wp-content\/uploads\/sites\/12\/2023\/03\/IMG_1111.jpg\" class=\"attachment-large size-large\" alt=\"\" srcset=\"https:\/\/cloud.alqueria.es\/wp-content\/uploads\/sites\/12\/2023\/03\/IMG_1111.jpg 640w, https:\/\/cloud.alqueria.es\/wp-content\/uploads\/sites\/12\/2023\/03\/IMG_1111-300x225.jpg 300w\" sizes=\"(max-width: 474px) 100vw, 474px\" data-attachment-id=\"38847\" data-permalink=\"https:\/\/www.alqueria.es\/blogs\/alqueriaartistica\/2023\/03\/22\/la-estetica-de-las-palabras-4\/img_1111-4\/\" data-orig-file=\"https:\/\/cloud.alqueria.es\/wp-content\/uploads\/sites\/12\/2023\/03\/IMG_1111.jpg\" data-orig-size=\"640,480\" data-comments-opened=\"1\" data-image-meta=\"{&quot;aperture&quot;:&quot;2.7&quot;,&quot;credit&quot;:&quot;&quot;,&quot;camera&quot;:&quot;Canon IXUS 125 HS&quot;,&quot;caption&quot;:&quot;&quot;,&quot;created_timestamp&quot;:&quot;1678472514&quot;,&quot;copyright&quot;:&quot;&quot;,&quot;focal_length&quot;:&quot;4.3&quot;,&quot;iso&quot;:&quot;250&quot;,&quot;shutter_speed&quot;:&quot;0.002&quot;,&quot;title&quot;:&quot;&quot;,&quot;orientation&quot;:&quot;1&quot;}\" data-image-title=\"IMG_1111\" data-image-description=\"\" data-image-caption=\"\" data-large-file=\"https:\/\/cloud.alqueria.es\/wp-content\/uploads\/sites\/12\/2023\/03\/IMG_1111.jpg\" \/><\/a>\n\t\t\t<\/div><\/figure><figure class='gallery-item'>\n\t\t\t<div class='gallery-icon landscape'>\n\t\t\t\t<a href='https:\/\/www.alqueria.es\/blogs\/alqueriaartistica\/2023\/03\/22\/la-estetica-de-las-palabras-4\/img_1103-3\/'><img decoding=\"async\" width=\"474\" height=\"356\" src=\"https:\/\/cloud.alqueria.es\/wp-content\/uploads\/sites\/12\/2023\/03\/IMG_1103.jpg\" class=\"attachment-large size-large\" alt=\"\" srcset=\"https:\/\/cloud.alqueria.es\/wp-content\/uploads\/sites\/12\/2023\/03\/IMG_1103.jpg 640w, https:\/\/cloud.alqueria.es\/wp-content\/uploads\/sites\/12\/2023\/03\/IMG_1103-300x225.jpg 300w\" sizes=\"(max-width: 474px) 100vw, 474px\" data-attachment-id=\"38848\" data-permalink=\"https:\/\/www.alqueria.es\/blogs\/alqueriaartistica\/2023\/03\/22\/la-estetica-de-las-palabras-4\/img_1103-3\/\" data-orig-file=\"https:\/\/cloud.alqueria.es\/wp-content\/uploads\/sites\/12\/2023\/03\/IMG_1103.jpg\" data-orig-size=\"640,480\" data-comments-opened=\"1\" data-image-meta=\"{&quot;aperture&quot;:&quot;2.7&quot;,&quot;credit&quot;:&quot;&quot;,&quot;camera&quot;:&quot;Canon IXUS 125 HS&quot;,&quot;caption&quot;:&quot;&quot;,&quot;created_timestamp&quot;:&quot;1678472428&quot;,&quot;copyright&quot;:&quot;&quot;,&quot;focal_length&quot;:&quot;4.3&quot;,&quot;iso&quot;:&quot;100&quot;,&quot;shutter_speed&quot;:&quot;0.005&quot;,&quot;title&quot;:&quot;&quot;,&quot;orientation&quot;:&quot;0&quot;}\" data-image-title=\"IMG_1103\" data-image-description=\"\" data-image-caption=\"\" data-large-file=\"https:\/\/cloud.alqueria.es\/wp-content\/uploads\/sites\/12\/2023\/03\/IMG_1103.jpg\" \/><\/a>\n\t\t\t<\/div><\/figure><figure class='gallery-item'>\n\t\t\t<div class='gallery-icon landscape'>\n\t\t\t\t<a href='https:\/\/www.alqueria.es\/blogs\/alqueriaartistica\/2023\/03\/22\/la-estetica-de-las-palabras-4\/img_1104-3\/'><img decoding=\"async\" width=\"474\" height=\"356\" src=\"https:\/\/cloud.alqueria.es\/wp-content\/uploads\/sites\/12\/2023\/03\/IMG_1104.jpg\" class=\"attachment-large size-large\" alt=\"\" srcset=\"https:\/\/cloud.alqueria.es\/wp-content\/uploads\/sites\/12\/2023\/03\/IMG_1104.jpg 640w, https:\/\/cloud.alqueria.es\/wp-content\/uploads\/sites\/12\/2023\/03\/IMG_1104-300x225.jpg 300w\" sizes=\"(max-width: 474px) 100vw, 474px\" data-attachment-id=\"38849\" data-permalink=\"https:\/\/www.alqueria.es\/blogs\/alqueriaartistica\/2023\/03\/22\/la-estetica-de-las-palabras-4\/img_1104-3\/\" data-orig-file=\"https:\/\/cloud.alqueria.es\/wp-content\/uploads\/sites\/12\/2023\/03\/IMG_1104.jpg\" data-orig-size=\"640,480\" data-comments-opened=\"1\" data-image-meta=\"{&quot;aperture&quot;:&quot;2.7&quot;,&quot;credit&quot;:&quot;&quot;,&quot;camera&quot;:&quot;Canon IXUS 125 HS&quot;,&quot;caption&quot;:&quot;&quot;,&quot;created_timestamp&quot;:&quot;1678472437&quot;,&quot;copyright&quot;:&quot;&quot;,&quot;focal_length&quot;:&quot;4.3&quot;,&quot;iso&quot;:&quot;100&quot;,&quot;shutter_speed&quot;:&quot;0.005&quot;,&quot;title&quot;:&quot;&quot;,&quot;orientation&quot;:&quot;0&quot;}\" data-image-title=\"IMG_1104\" data-image-description=\"\" data-image-caption=\"\" data-large-file=\"https:\/\/cloud.alqueria.es\/wp-content\/uploads\/sites\/12\/2023\/03\/IMG_1104.jpg\" \/><\/a>\n\t\t\t<\/div><\/figure><figure class='gallery-item'>\n\t\t\t<div class='gallery-icon landscape'>\n\t\t\t\t<a href='https:\/\/www.alqueria.es\/blogs\/alqueriaartistica\/2023\/03\/22\/la-estetica-de-las-palabras-4\/img_1106-4\/'><img decoding=\"async\" width=\"474\" height=\"356\" src=\"https:\/\/cloud.alqueria.es\/wp-content\/uploads\/sites\/12\/2023\/03\/IMG_1106.jpg\" class=\"attachment-large size-large\" alt=\"\" srcset=\"https:\/\/cloud.alqueria.es\/wp-content\/uploads\/sites\/12\/2023\/03\/IMG_1106.jpg 640w, https:\/\/cloud.alqueria.es\/wp-content\/uploads\/sites\/12\/2023\/03\/IMG_1106-300x225.jpg 300w\" sizes=\"(max-width: 474px) 100vw, 474px\" data-attachment-id=\"38850\" data-permalink=\"https:\/\/www.alqueria.es\/blogs\/alqueriaartistica\/2023\/03\/22\/la-estetica-de-las-palabras-4\/img_1106-4\/\" data-orig-file=\"https:\/\/cloud.alqueria.es\/wp-content\/uploads\/sites\/12\/2023\/03\/IMG_1106.jpg\" data-orig-size=\"640,480\" data-comments-opened=\"1\" data-image-meta=\"{&quot;aperture&quot;:&quot;2.7&quot;,&quot;credit&quot;:&quot;&quot;,&quot;camera&quot;:&quot;Canon IXUS 125 HS&quot;,&quot;caption&quot;:&quot;&quot;,&quot;created_timestamp&quot;:&quot;1678472479&quot;,&quot;copyright&quot;:&quot;&quot;,&quot;focal_length&quot;:&quot;4.3&quot;,&quot;iso&quot;:&quot;100&quot;,&quot;shutter_speed&quot;:&quot;0.005&quot;,&quot;title&quot;:&quot;&quot;,&quot;orientation&quot;:&quot;0&quot;}\" data-image-title=\"IMG_1106\" data-image-description=\"\" data-image-caption=\"\" data-large-file=\"https:\/\/cloud.alqueria.es\/wp-content\/uploads\/sites\/12\/2023\/03\/IMG_1106.jpg\" \/><\/a>\n\t\t\t<\/div><\/figure><figure class='gallery-item'>\n\t\t\t<div class='gallery-icon landscape'>\n\t\t\t\t<a href='https:\/\/www.alqueria.es\/blogs\/alqueriaartistica\/2023\/03\/22\/la-estetica-de-las-palabras-4\/img_1107-2\/'><img decoding=\"async\" width=\"474\" height=\"356\" src=\"https:\/\/cloud.alqueria.es\/wp-content\/uploads\/sites\/12\/2023\/03\/IMG_1107.jpg\" class=\"attachment-large size-large\" alt=\"\" srcset=\"https:\/\/cloud.alqueria.es\/wp-content\/uploads\/sites\/12\/2023\/03\/IMG_1107.jpg 640w, https:\/\/cloud.alqueria.es\/wp-content\/uploads\/sites\/12\/2023\/03\/IMG_1107-300x225.jpg 300w\" sizes=\"(max-width: 474px) 100vw, 474px\" data-attachment-id=\"38851\" data-permalink=\"https:\/\/www.alqueria.es\/blogs\/alqueriaartistica\/2023\/03\/22\/la-estetica-de-las-palabras-4\/img_1107-2\/\" data-orig-file=\"https:\/\/cloud.alqueria.es\/wp-content\/uploads\/sites\/12\/2023\/03\/IMG_1107.jpg\" data-orig-size=\"640,480\" data-comments-opened=\"1\" data-image-meta=\"{&quot;aperture&quot;:&quot;2.7&quot;,&quot;credit&quot;:&quot;&quot;,&quot;camera&quot;:&quot;Canon IXUS 125 HS&quot;,&quot;caption&quot;:&quot;&quot;,&quot;created_timestamp&quot;:&quot;1678472486&quot;,&quot;copyright&quot;:&quot;&quot;,&quot;focal_length&quot;:&quot;4.3&quot;,&quot;iso&quot;:&quot;100&quot;,&quot;shutter_speed&quot;:&quot;0.005&quot;,&quot;title&quot;:&quot;&quot;,&quot;orientation&quot;:&quot;0&quot;}\" data-image-title=\"IMG_1107\" data-image-description=\"\" data-image-caption=\"\" data-large-file=\"https:\/\/cloud.alqueria.es\/wp-content\/uploads\/sites\/12\/2023\/03\/IMG_1107.jpg\" \/><\/a>\n\t\t\t<\/div><\/figure><figure class='gallery-item'>\n\t\t\t<div class='gallery-icon landscape'>\n\t\t\t\t<a href='https:\/\/www.alqueria.es\/blogs\/alqueriaartistica\/2023\/03\/22\/la-estetica-de-las-palabras-4\/img_1108-3\/'><img decoding=\"async\" width=\"474\" height=\"356\" src=\"https:\/\/cloud.alqueria.es\/wp-content\/uploads\/sites\/12\/2023\/03\/IMG_1108.jpg\" class=\"attachment-large size-large\" alt=\"\" srcset=\"https:\/\/cloud.alqueria.es\/wp-content\/uploads\/sites\/12\/2023\/03\/IMG_1108.jpg 640w, https:\/\/cloud.alqueria.es\/wp-content\/uploads\/sites\/12\/2023\/03\/IMG_1108-300x225.jpg 300w\" sizes=\"(max-width: 474px) 100vw, 474px\" data-attachment-id=\"38852\" data-permalink=\"https:\/\/www.alqueria.es\/blogs\/alqueriaartistica\/2023\/03\/22\/la-estetica-de-las-palabras-4\/img_1108-3\/\" data-orig-file=\"https:\/\/cloud.alqueria.es\/wp-content\/uploads\/sites\/12\/2023\/03\/IMG_1108.jpg\" data-orig-size=\"640,480\" data-comments-opened=\"1\" data-image-meta=\"{&quot;aperture&quot;:&quot;2.7&quot;,&quot;credit&quot;:&quot;&quot;,&quot;camera&quot;:&quot;Canon IXUS 125 HS&quot;,&quot;caption&quot;:&quot;&quot;,&quot;created_timestamp&quot;:&quot;1678472494&quot;,&quot;copyright&quot;:&quot;&quot;,&quot;focal_length&quot;:&quot;4.3&quot;,&quot;iso&quot;:&quot;100&quot;,&quot;shutter_speed&quot;:&quot;0.005&quot;,&quot;title&quot;:&quot;&quot;,&quot;orientation&quot;:&quot;0&quot;}\" data-image-title=\"IMG_1108\" data-image-description=\"\" data-image-caption=\"\" data-large-file=\"https:\/\/cloud.alqueria.es\/wp-content\/uploads\/sites\/12\/2023\/03\/IMG_1108.jpg\" \/><\/a>\n\t\t\t<\/div><\/figure><figure class='gallery-item'>\n\t\t\t<div class='gallery-icon landscape'>\n\t\t\t\t<a href='https:\/\/www.alqueria.es\/blogs\/alqueriaartistica\/2023\/03\/22\/la-estetica-de-las-palabras-4\/img_1109-4\/'><img decoding=\"async\" width=\"474\" height=\"356\" src=\"https:\/\/cloud.alqueria.es\/wp-content\/uploads\/sites\/12\/2023\/03\/IMG_1109.jpg\" class=\"attachment-large size-large\" alt=\"\" srcset=\"https:\/\/cloud.alqueria.es\/wp-content\/uploads\/sites\/12\/2023\/03\/IMG_1109.jpg 640w, https:\/\/cloud.alqueria.es\/wp-content\/uploads\/sites\/12\/2023\/03\/IMG_1109-300x225.jpg 300w\" sizes=\"(max-width: 474px) 100vw, 474px\" data-attachment-id=\"38853\" data-permalink=\"https:\/\/www.alqueria.es\/blogs\/alqueriaartistica\/2023\/03\/22\/la-estetica-de-las-palabras-4\/img_1109-4\/\" data-orig-file=\"https:\/\/cloud.alqueria.es\/wp-content\/uploads\/sites\/12\/2023\/03\/IMG_1109.jpg\" data-orig-size=\"640,480\" data-comments-opened=\"1\" data-image-meta=\"{&quot;aperture&quot;:&quot;2.7&quot;,&quot;credit&quot;:&quot;&quot;,&quot;camera&quot;:&quot;Canon IXUS 125 HS&quot;,&quot;caption&quot;:&quot;&quot;,&quot;created_timestamp&quot;:&quot;1678472500&quot;,&quot;copyright&quot;:&quot;&quot;,&quot;focal_length&quot;:&quot;4.3&quot;,&quot;iso&quot;:&quot;100&quot;,&quot;shutter_speed&quot;:&quot;0.005&quot;,&quot;title&quot;:&quot;&quot;,&quot;orientation&quot;:&quot;0&quot;}\" data-image-title=\"IMG_1109\" data-image-description=\"\" data-image-caption=\"\" data-large-file=\"https:\/\/cloud.alqueria.es\/wp-content\/uploads\/sites\/12\/2023\/03\/IMG_1109.jpg\" \/><\/a>\n\t\t\t<\/div><\/figure><figure class='gallery-item'>\n\t\t\t<div class='gallery-icon landscape'>\n\t\t\t\t<a href='https:\/\/www.alqueria.es\/blogs\/alqueriaartistica\/2023\/03\/22\/la-estetica-de-las-palabras-4\/img_1110-3\/'><img decoding=\"async\" width=\"474\" height=\"356\" src=\"https:\/\/cloud.alqueria.es\/wp-content\/uploads\/sites\/12\/2023\/03\/IMG_1110.jpg\" class=\"attachment-large size-large\" alt=\"\" srcset=\"https:\/\/cloud.alqueria.es\/wp-content\/uploads\/sites\/12\/2023\/03\/IMG_1110.jpg 640w, https:\/\/cloud.alqueria.es\/wp-content\/uploads\/sites\/12\/2023\/03\/IMG_1110-300x225.jpg 300w\" sizes=\"(max-width: 474px) 100vw, 474px\" data-attachment-id=\"38854\" data-permalink=\"https:\/\/www.alqueria.es\/blogs\/alqueriaartistica\/2023\/03\/22\/la-estetica-de-las-palabras-4\/img_1110-3\/\" data-orig-file=\"https:\/\/cloud.alqueria.es\/wp-content\/uploads\/sites\/12\/2023\/03\/IMG_1110.jpg\" data-orig-size=\"640,480\" data-comments-opened=\"1\" data-image-meta=\"{&quot;aperture&quot;:&quot;2.7&quot;,&quot;credit&quot;:&quot;&quot;,&quot;camera&quot;:&quot;Canon IXUS 125 HS&quot;,&quot;caption&quot;:&quot;&quot;,&quot;created_timestamp&quot;:&quot;1678472507&quot;,&quot;copyright&quot;:&quot;&quot;,&quot;focal_length&quot;:&quot;4.3&quot;,&quot;iso&quot;:&quot;100&quot;,&quot;shutter_speed&quot;:&quot;0.005&quot;,&quot;title&quot;:&quot;&quot;,&quot;orientation&quot;:&quot;0&quot;}\" data-image-title=\"IMG_1110\" data-image-description=\"\" data-image-caption=\"\" data-large-file=\"https:\/\/cloud.alqueria.es\/wp-content\/uploads\/sites\/12\/2023\/03\/IMG_1110.jpg\" \/><\/a>\n\t\t\t<\/div><\/figure><figure class='gallery-item'>\n\t\t\t<div class='gallery-icon landscape'>\n\t\t\t\t<a href='https:\/\/www.alqueria.es\/blogs\/alqueriaartistica\/2023\/03\/22\/la-estetica-de-las-palabras-4\/img_1112-6\/'><img decoding=\"async\" width=\"474\" height=\"356\" src=\"https:\/\/cloud.alqueria.es\/wp-content\/uploads\/sites\/12\/2023\/03\/IMG_1112.jpg\" class=\"attachment-large size-large\" alt=\"\" srcset=\"https:\/\/cloud.alqueria.es\/wp-content\/uploads\/sites\/12\/2023\/03\/IMG_1112.jpg 640w, https:\/\/cloud.alqueria.es\/wp-content\/uploads\/sites\/12\/2023\/03\/IMG_1112-300x225.jpg 300w\" sizes=\"(max-width: 474px) 100vw, 474px\" data-attachment-id=\"38855\" data-permalink=\"https:\/\/www.alqueria.es\/blogs\/alqueriaartistica\/2023\/03\/22\/la-estetica-de-las-palabras-4\/img_1112-6\/\" data-orig-file=\"https:\/\/cloud.alqueria.es\/wp-content\/uploads\/sites\/12\/2023\/03\/IMG_1112.jpg\" data-orig-size=\"640,480\" data-comments-opened=\"1\" data-image-meta=\"{&quot;aperture&quot;:&quot;2.7&quot;,&quot;credit&quot;:&quot;&quot;,&quot;camera&quot;:&quot;Canon IXUS 125 HS&quot;,&quot;caption&quot;:&quot;&quot;,&quot;created_timestamp&quot;:&quot;1678472522&quot;,&quot;copyright&quot;:&quot;&quot;,&quot;focal_length&quot;:&quot;4.3&quot;,&quot;iso&quot;:&quot;100&quot;,&quot;shutter_speed&quot;:&quot;0.005&quot;,&quot;title&quot;:&quot;&quot;,&quot;orientation&quot;:&quot;0&quot;}\" data-image-title=\"IMG_1112\" data-image-description=\"\" data-image-caption=\"\" data-large-file=\"https:\/\/cloud.alqueria.es\/wp-content\/uploads\/sites\/12\/2023\/03\/IMG_1112.jpg\" \/><\/a>\n\t\t\t<\/div><\/figure><figure class='gallery-item'>\n\t\t\t<div class='gallery-icon landscape'>\n\t\t\t\t<a href='https:\/\/www.alqueria.es\/blogs\/alqueriaartistica\/2023\/03\/22\/la-estetica-de-las-palabras-4\/img_1113-4\/'><img decoding=\"async\" width=\"474\" height=\"356\" src=\"https:\/\/cloud.alqueria.es\/wp-content\/uploads\/sites\/12\/2023\/03\/IMG_1113.jpg\" class=\"attachment-large size-large\" alt=\"\" srcset=\"https:\/\/cloud.alqueria.es\/wp-content\/uploads\/sites\/12\/2023\/03\/IMG_1113.jpg 640w, https:\/\/cloud.alqueria.es\/wp-content\/uploads\/sites\/12\/2023\/03\/IMG_1113-300x225.jpg 300w\" sizes=\"(max-width: 474px) 100vw, 474px\" data-attachment-id=\"38856\" data-permalink=\"https:\/\/www.alqueria.es\/blogs\/alqueriaartistica\/2023\/03\/22\/la-estetica-de-las-palabras-4\/img_1113-4\/\" data-orig-file=\"https:\/\/cloud.alqueria.es\/wp-content\/uploads\/sites\/12\/2023\/03\/IMG_1113.jpg\" data-orig-size=\"640,480\" data-comments-opened=\"1\" data-image-meta=\"{&quot;aperture&quot;:&quot;2.7&quot;,&quot;credit&quot;:&quot;&quot;,&quot;camera&quot;:&quot;Canon IXUS 125 HS&quot;,&quot;caption&quot;:&quot;&quot;,&quot;created_timestamp&quot;:&quot;1678472527&quot;,&quot;copyright&quot;:&quot;&quot;,&quot;focal_length&quot;:&quot;4.3&quot;,&quot;iso&quot;:&quot;100&quot;,&quot;shutter_speed&quot;:&quot;0.005&quot;,&quot;title&quot;:&quot;&quot;,&quot;orientation&quot;:&quot;0&quot;}\" data-image-title=\"IMG_1113\" data-image-description=\"\" data-image-caption=\"\" data-large-file=\"https:\/\/cloud.alqueria.es\/wp-content\/uploads\/sites\/12\/2023\/03\/IMG_1113.jpg\" \/><\/a>\n\t\t\t<\/div><\/figure><figure class='gallery-item'>\n\t\t\t<div class='gallery-icon landscape'>\n\t\t\t\t<a href='https:\/\/www.alqueria.es\/blogs\/alqueriaartistica\/2023\/03\/22\/la-estetica-de-las-palabras-4\/img_1115-6\/'><img decoding=\"async\" width=\"474\" height=\"356\" src=\"https:\/\/cloud.alqueria.es\/wp-content\/uploads\/sites\/12\/2023\/03\/IMG_1115.jpg\" class=\"attachment-large size-large\" alt=\"\" srcset=\"https:\/\/cloud.alqueria.es\/wp-content\/uploads\/sites\/12\/2023\/03\/IMG_1115.jpg 640w, https:\/\/cloud.alqueria.es\/wp-content\/uploads\/sites\/12\/2023\/03\/IMG_1115-300x225.jpg 300w\" sizes=\"(max-width: 474px) 100vw, 474px\" data-attachment-id=\"38857\" data-permalink=\"https:\/\/www.alqueria.es\/blogs\/alqueriaartistica\/2023\/03\/22\/la-estetica-de-las-palabras-4\/img_1115-6\/\" data-orig-file=\"https:\/\/cloud.alqueria.es\/wp-content\/uploads\/sites\/12\/2023\/03\/IMG_1115.jpg\" data-orig-size=\"640,480\" data-comments-opened=\"1\" data-image-meta=\"{&quot;aperture&quot;:&quot;2.7&quot;,&quot;credit&quot;:&quot;&quot;,&quot;camera&quot;:&quot;Canon IXUS 125 HS&quot;,&quot;caption&quot;:&quot;&quot;,&quot;created_timestamp&quot;:&quot;1678472565&quot;,&quot;copyright&quot;:&quot;&quot;,&quot;focal_length&quot;:&quot;4.3&quot;,&quot;iso&quot;:&quot;100&quot;,&quot;shutter_speed&quot;:&quot;0.005&quot;,&quot;title&quot;:&quot;&quot;,&quot;orientation&quot;:&quot;0&quot;}\" data-image-title=\"IMG_1115\" data-image-description=\"\" data-image-caption=\"\" data-large-file=\"https:\/\/cloud.alqueria.es\/wp-content\/uploads\/sites\/12\/2023\/03\/IMG_1115.jpg\" \/><\/a>\n\t\t\t<\/div><\/figure><figure class='gallery-item'>\n\t\t\t<div class='gallery-icon landscape'>\n\t\t\t\t<a href='https:\/\/www.alqueria.es\/blogs\/alqueriaartistica\/2023\/03\/22\/la-estetica-de-las-palabras-4\/img_1116-4\/'><img decoding=\"async\" width=\"474\" height=\"356\" src=\"https:\/\/cloud.alqueria.es\/wp-content\/uploads\/sites\/12\/2023\/03\/IMG_1116.jpg\" class=\"attachment-large size-large\" alt=\"\" srcset=\"https:\/\/cloud.alqueria.es\/wp-content\/uploads\/sites\/12\/2023\/03\/IMG_1116.jpg 640w, https:\/\/cloud.alqueria.es\/wp-content\/uploads\/sites\/12\/2023\/03\/IMG_1116-300x225.jpg 300w\" sizes=\"(max-width: 474px) 100vw, 474px\" data-attachment-id=\"38858\" data-permalink=\"https:\/\/www.alqueria.es\/blogs\/alqueriaartistica\/2023\/03\/22\/la-estetica-de-las-palabras-4\/img_1116-4\/\" data-orig-file=\"https:\/\/cloud.alqueria.es\/wp-content\/uploads\/sites\/12\/2023\/03\/IMG_1116.jpg\" data-orig-size=\"640,480\" data-comments-opened=\"1\" data-image-meta=\"{&quot;aperture&quot;:&quot;2.7&quot;,&quot;credit&quot;:&quot;&quot;,&quot;camera&quot;:&quot;Canon IXUS 125 HS&quot;,&quot;caption&quot;:&quot;&quot;,&quot;created_timestamp&quot;:&quot;1678472571&quot;,&quot;copyright&quot;:&quot;&quot;,&quot;focal_length&quot;:&quot;4.3&quot;,&quot;iso&quot;:&quot;100&quot;,&quot;shutter_speed&quot;:&quot;0.005&quot;,&quot;title&quot;:&quot;&quot;,&quot;orientation&quot;:&quot;0&quot;}\" data-image-title=\"IMG_1116\" data-image-description=\"\" data-image-caption=\"\" data-large-file=\"https:\/\/cloud.alqueria.es\/wp-content\/uploads\/sites\/12\/2023\/03\/IMG_1116.jpg\" \/><\/a>\n\t\t\t<\/div><\/figure><figure class='gallery-item'>\n\t\t\t<div class='gallery-icon landscape'>\n\t\t\t\t<a href='https:\/\/www.alqueria.es\/blogs\/alqueriaartistica\/2023\/03\/22\/la-estetica-de-las-palabras-4\/img_1117-4\/'><img decoding=\"async\" width=\"474\" height=\"356\" src=\"https:\/\/cloud.alqueria.es\/wp-content\/uploads\/sites\/12\/2023\/03\/IMG_1117.jpg\" class=\"attachment-large size-large\" alt=\"\" srcset=\"https:\/\/cloud.alqueria.es\/wp-content\/uploads\/sites\/12\/2023\/03\/IMG_1117.jpg 640w, https:\/\/cloud.alqueria.es\/wp-content\/uploads\/sites\/12\/2023\/03\/IMG_1117-300x225.jpg 300w\" sizes=\"(max-width: 474px) 100vw, 474px\" data-attachment-id=\"38859\" data-permalink=\"https:\/\/www.alqueria.es\/blogs\/alqueriaartistica\/2023\/03\/22\/la-estetica-de-las-palabras-4\/img_1117-4\/\" data-orig-file=\"https:\/\/cloud.alqueria.es\/wp-content\/uploads\/sites\/12\/2023\/03\/IMG_1117.jpg\" data-orig-size=\"640,480\" data-comments-opened=\"1\" data-image-meta=\"{&quot;aperture&quot;:&quot;2.7&quot;,&quot;credit&quot;:&quot;&quot;,&quot;camera&quot;:&quot;Canon IXUS 125 HS&quot;,&quot;caption&quot;:&quot;&quot;,&quot;created_timestamp&quot;:&quot;1678472577&quot;,&quot;copyright&quot;:&quot;&quot;,&quot;focal_length&quot;:&quot;4.3&quot;,&quot;iso&quot;:&quot;100&quot;,&quot;shutter_speed&quot;:&quot;0.005&quot;,&quot;title&quot;:&quot;&quot;,&quot;orientation&quot;:&quot;0&quot;}\" data-image-title=\"IMG_1117\" data-image-description=\"\" data-image-caption=\"\" data-large-file=\"https:\/\/cloud.alqueria.es\/wp-content\/uploads\/sites\/12\/2023\/03\/IMG_1117.jpg\" \/><\/a>\n\t\t\t<\/div><\/figure><figure class='gallery-item'>\n\t\t\t<div class='gallery-icon landscape'>\n\t\t\t\t<a href='https:\/\/www.alqueria.es\/blogs\/alqueriaartistica\/2023\/03\/22\/la-estetica-de-las-palabras-4\/img_1118-5\/'><img decoding=\"async\" width=\"474\" height=\"356\" src=\"https:\/\/cloud.alqueria.es\/wp-content\/uploads\/sites\/12\/2023\/03\/IMG_1118.jpg\" class=\"attachment-large size-large\" alt=\"\" srcset=\"https:\/\/cloud.alqueria.es\/wp-content\/uploads\/sites\/12\/2023\/03\/IMG_1118.jpg 640w, https:\/\/cloud.alqueria.es\/wp-content\/uploads\/sites\/12\/2023\/03\/IMG_1118-300x225.jpg 300w\" sizes=\"(max-width: 474px) 100vw, 474px\" data-attachment-id=\"38860\" data-permalink=\"https:\/\/www.alqueria.es\/blogs\/alqueriaartistica\/2023\/03\/22\/la-estetica-de-las-palabras-4\/img_1118-5\/\" data-orig-file=\"https:\/\/cloud.alqueria.es\/wp-content\/uploads\/sites\/12\/2023\/03\/IMG_1118.jpg\" data-orig-size=\"640,480\" data-comments-opened=\"1\" data-image-meta=\"{&quot;aperture&quot;:&quot;2.7&quot;,&quot;credit&quot;:&quot;&quot;,&quot;camera&quot;:&quot;Canon IXUS 125 HS&quot;,&quot;caption&quot;:&quot;&quot;,&quot;created_timestamp&quot;:&quot;1678472583&quot;,&quot;copyright&quot;:&quot;&quot;,&quot;focal_length&quot;:&quot;4.3&quot;,&quot;iso&quot;:&quot;100&quot;,&quot;shutter_speed&quot;:&quot;0.005&quot;,&quot;title&quot;:&quot;&quot;,&quot;orientation&quot;:&quot;0&quot;}\" data-image-title=\"IMG_1118\" data-image-description=\"\" data-image-caption=\"\" data-large-file=\"https:\/\/cloud.alqueria.es\/wp-content\/uploads\/sites\/12\/2023\/03\/IMG_1118.jpg\" \/><\/a>\n\t\t\t<\/div><\/figure><figure class='gallery-item'>\n\t\t\t<div class='gallery-icon landscape'>\n\t\t\t\t<a href='https:\/\/www.alqueria.es\/blogs\/alqueriaartistica\/2023\/03\/22\/la-estetica-de-las-palabras-4\/img_1119-4\/'><img decoding=\"async\" width=\"474\" height=\"356\" src=\"https:\/\/cloud.alqueria.es\/wp-content\/uploads\/sites\/12\/2023\/03\/IMG_1119.jpg\" class=\"attachment-large size-large\" alt=\"\" srcset=\"https:\/\/cloud.alqueria.es\/wp-content\/uploads\/sites\/12\/2023\/03\/IMG_1119.jpg 640w, https:\/\/cloud.alqueria.es\/wp-content\/uploads\/sites\/12\/2023\/03\/IMG_1119-300x225.jpg 300w\" sizes=\"(max-width: 474px) 100vw, 474px\" data-attachment-id=\"38861\" data-permalink=\"https:\/\/www.alqueria.es\/blogs\/alqueriaartistica\/2023\/03\/22\/la-estetica-de-las-palabras-4\/img_1119-4\/\" data-orig-file=\"https:\/\/cloud.alqueria.es\/wp-content\/uploads\/sites\/12\/2023\/03\/IMG_1119.jpg\" data-orig-size=\"640,480\" data-comments-opened=\"1\" data-image-meta=\"{&quot;aperture&quot;:&quot;2.7&quot;,&quot;credit&quot;:&quot;&quot;,&quot;camera&quot;:&quot;Canon IXUS 125 HS&quot;,&quot;caption&quot;:&quot;&quot;,&quot;created_timestamp&quot;:&quot;1678472590&quot;,&quot;copyright&quot;:&quot;&quot;,&quot;focal_length&quot;:&quot;4.3&quot;,&quot;iso&quot;:&quot;100&quot;,&quot;shutter_speed&quot;:&quot;0.005&quot;,&quot;title&quot;:&quot;&quot;,&quot;orientation&quot;:&quot;0&quot;}\" data-image-title=\"IMG_1119\" data-image-description=\"\" data-image-caption=\"\" data-large-file=\"https:\/\/cloud.alqueria.es\/wp-content\/uploads\/sites\/12\/2023\/03\/IMG_1119.jpg\" \/><\/a>\n\t\t\t<\/div><\/figure><figure class='gallery-item'>\n\t\t\t<div class='gallery-icon landscape'>\n\t\t\t\t<a href='https:\/\/www.alqueria.es\/blogs\/alqueriaartistica\/2023\/03\/22\/la-estetica-de-las-palabras-4\/img_1120-6\/'><img decoding=\"async\" width=\"474\" height=\"356\" src=\"https:\/\/cloud.alqueria.es\/wp-content\/uploads\/sites\/12\/2023\/03\/IMG_1120.jpg\" class=\"attachment-large size-large\" alt=\"\" srcset=\"https:\/\/cloud.alqueria.es\/wp-content\/uploads\/sites\/12\/2023\/03\/IMG_1120.jpg 640w, https:\/\/cloud.alqueria.es\/wp-content\/uploads\/sites\/12\/2023\/03\/IMG_1120-300x225.jpg 300w\" sizes=\"(max-width: 474px) 100vw, 474px\" data-attachment-id=\"38862\" data-permalink=\"https:\/\/www.alqueria.es\/blogs\/alqueriaartistica\/2023\/03\/22\/la-estetica-de-las-palabras-4\/img_1120-6\/\" data-orig-file=\"https:\/\/cloud.alqueria.es\/wp-content\/uploads\/sites\/12\/2023\/03\/IMG_1120.jpg\" data-orig-size=\"640,480\" data-comments-opened=\"1\" data-image-meta=\"{&quot;aperture&quot;:&quot;2.7&quot;,&quot;credit&quot;:&quot;&quot;,&quot;camera&quot;:&quot;Canon IXUS 125 HS&quot;,&quot;caption&quot;:&quot;&quot;,&quot;created_timestamp&quot;:&quot;1678472596&quot;,&quot;copyright&quot;:&quot;&quot;,&quot;focal_length&quot;:&quot;4.3&quot;,&quot;iso&quot;:&quot;100&quot;,&quot;shutter_speed&quot;:&quot;0.005&quot;,&quot;title&quot;:&quot;&quot;,&quot;orientation&quot;:&quot;0&quot;}\" data-image-title=\"IMG_1120\" data-image-description=\"\" data-image-caption=\"\" data-large-file=\"https:\/\/cloud.alqueria.es\/wp-content\/uploads\/sites\/12\/2023\/03\/IMG_1120.jpg\" \/><\/a>\n\t\t\t<\/div><\/figure><figure class='gallery-item'>\n\t\t\t<div class='gallery-icon landscape'>\n\t\t\t\t<a href='https:\/\/www.alqueria.es\/blogs\/alqueriaartistica\/2023\/03\/22\/la-estetica-de-las-palabras-4\/img_1114-4\/'><img decoding=\"async\" width=\"474\" height=\"356\" src=\"https:\/\/cloud.alqueria.es\/wp-content\/uploads\/sites\/12\/2023\/03\/IMG_1114.jpg\" class=\"attachment-large size-large\" alt=\"\" srcset=\"https:\/\/cloud.alqueria.es\/wp-content\/uploads\/sites\/12\/2023\/03\/IMG_1114.jpg 640w, https:\/\/cloud.alqueria.es\/wp-content\/uploads\/sites\/12\/2023\/03\/IMG_1114-300x225.jpg 300w\" sizes=\"(max-width: 474px) 100vw, 474px\" data-attachment-id=\"38864\" data-permalink=\"https:\/\/www.alqueria.es\/blogs\/alqueriaartistica\/2023\/03\/22\/la-estetica-de-las-palabras-4\/img_1114-4\/\" data-orig-file=\"https:\/\/cloud.alqueria.es\/wp-content\/uploads\/sites\/12\/2023\/03\/IMG_1114.jpg\" data-orig-size=\"640,480\" data-comments-opened=\"1\" data-image-meta=\"{&quot;aperture&quot;:&quot;2.7&quot;,&quot;credit&quot;:&quot;&quot;,&quot;camera&quot;:&quot;Canon IXUS 125 HS&quot;,&quot;caption&quot;:&quot;&quot;,&quot;created_timestamp&quot;:&quot;1678472559&quot;,&quot;copyright&quot;:&quot;&quot;,&quot;focal_length&quot;:&quot;4.3&quot;,&quot;iso&quot;:&quot;100&quot;,&quot;shutter_speed&quot;:&quot;0.005&quot;,&quot;title&quot;:&quot;&quot;,&quot;orientation&quot;:&quot;1&quot;}\" data-image-title=\"IMG_1114\" data-image-description=\"\" data-image-caption=\"\" data-large-file=\"https:\/\/cloud.alqueria.es\/wp-content\/uploads\/sites\/12\/2023\/03\/IMG_1114.jpg\" \/><\/a>\n\t\t\t<\/div><\/figure><figure class='gallery-item'>\n\t\t\t<div class='gallery-icon landscape'>\n\t\t\t\t<a href='https:\/\/www.alqueria.es\/blogs\/alqueriaartistica\/2023\/03\/22\/la-estetica-de-las-palabras-4\/img_1105-3\/'><img decoding=\"async\" width=\"474\" height=\"356\" src=\"https:\/\/cloud.alqueria.es\/wp-content\/uploads\/sites\/12\/2023\/03\/IMG_1105.jpg\" class=\"attachment-large size-large\" alt=\"\" srcset=\"https:\/\/cloud.alqueria.es\/wp-content\/uploads\/sites\/12\/2023\/03\/IMG_1105.jpg 640w, https:\/\/cloud.alqueria.es\/wp-content\/uploads\/sites\/12\/2023\/03\/IMG_1105-300x225.jpg 300w\" sizes=\"(max-width: 474px) 100vw, 474px\" data-attachment-id=\"38865\" data-permalink=\"https:\/\/www.alqueria.es\/blogs\/alqueriaartistica\/2023\/03\/22\/la-estetica-de-las-palabras-4\/img_1105-3\/\" data-orig-file=\"https:\/\/cloud.alqueria.es\/wp-content\/uploads\/sites\/12\/2023\/03\/IMG_1105.jpg\" data-orig-size=\"640,480\" data-comments-opened=\"1\" data-image-meta=\"{&quot;aperture&quot;:&quot;2.7&quot;,&quot;credit&quot;:&quot;&quot;,&quot;camera&quot;:&quot;Canon IXUS 125 HS&quot;,&quot;caption&quot;:&quot;&quot;,&quot;created_timestamp&quot;:&quot;1678472466&quot;,&quot;copyright&quot;:&quot;&quot;,&quot;focal_length&quot;:&quot;4.3&quot;,&quot;iso&quot;:&quot;250&quot;,&quot;shutter_speed&quot;:&quot;0.002&quot;,&quot;title&quot;:&quot;&quot;,&quot;orientation&quot;:&quot;1&quot;}\" data-image-title=\"IMG_1105\" data-image-description=\"\" data-image-caption=\"\" data-large-file=\"https:\/\/cloud.alqueria.es\/wp-content\/uploads\/sites\/12\/2023\/03\/IMG_1105.jpg\" \/><\/a>\n\t\t\t<\/div><\/figure>\n\t\t<\/div>\n\n<p>Los alumnos de primero han trabajado en esta actividad de composici\u00f3n art\u00edstica que se ha desarrollado en distintas fases.<\/p>\n<p>Lo primero que hicimos fue el dise\u00f1o de letras y palabras.<\/p>\n<div data-carousel-extra='{&quot;blog_id&quot;:12,&quot;permalink&quot;:&quot;https:\/\/www.alqueria.es\/blogs\/alqueriaartistica\/2023\/03\/22\/la-estetica-de-las-palabras-4\/&quot;}' id='gallery-2' class='gallery galleryid-38846 gallery-columns-2 gallery-size-large'><figure class='gallery-item'>\n\t\t\t<div class='gallery-icon landscape'>\n\t\t\t\t<a href='https:\/\/www.alqueria.es\/blogs\/alqueriaartistica\/2023\/03\/22\/la-estetica-de-las-palabras-4\/img_0756-5\/'><img decoding=\"async\" width=\"474\" height=\"356\" src=\"https:\/\/cloud.alqueria.es\/wp-content\/uploads\/sites\/12\/2023\/03\/IMG_0756.jpg\" class=\"attachment-large size-large\" alt=\"\" srcset=\"https:\/\/cloud.alqueria.es\/wp-content\/uploads\/sites\/12\/2023\/03\/IMG_0756.jpg 640w, https:\/\/cloud.alqueria.es\/wp-content\/uploads\/sites\/12\/2023\/03\/IMG_0756-300x225.jpg 300w\" sizes=\"(max-width: 474px) 100vw, 474px\" data-attachment-id=\"38866\" data-permalink=\"https:\/\/www.alqueria.es\/blogs\/alqueriaartistica\/2023\/03\/22\/la-estetica-de-las-palabras-4\/img_0756-5\/\" data-orig-file=\"https:\/\/cloud.alqueria.es\/wp-content\/uploads\/sites\/12\/2023\/03\/IMG_0756.jpg\" data-orig-size=\"640,480\" data-comments-opened=\"1\" data-image-meta=\"{&quot;aperture&quot;:&quot;2.7&quot;,&quot;credit&quot;:&quot;&quot;,&quot;camera&quot;:&quot;Canon IXUS 125 HS&quot;,&quot;caption&quot;:&quot;&quot;,&quot;created_timestamp&quot;:&quot;1677257756&quot;,&quot;copyright&quot;:&quot;&quot;,&quot;focal_length&quot;:&quot;4.3&quot;,&quot;iso&quot;:&quot;500&quot;,&quot;shutter_speed&quot;:&quot;0.016666666666667&quot;,&quot;title&quot;:&quot;&quot;,&quot;orientation&quot;:&quot;1&quot;}\" data-image-title=\"IMG_0756\" data-image-description=\"\" data-image-caption=\"\" data-large-file=\"https:\/\/cloud.alqueria.es\/wp-content\/uploads\/sites\/12\/2023\/03\/IMG_0756.jpg\" \/><\/a>\n\t\t\t<\/div><\/figure><figure class='gallery-item'>\n\t\t\t<div class='gallery-icon landscape'>\n\t\t\t\t<a href='https:\/\/www.alqueria.es\/blogs\/alqueriaartistica\/2023\/03\/22\/la-estetica-de-las-palabras-4\/img_0750-5\/'><img decoding=\"async\" width=\"474\" height=\"356\" src=\"https:\/\/cloud.alqueria.es\/wp-content\/uploads\/sites\/12\/2023\/03\/IMG_0750.jpg\" class=\"attachment-large size-large\" alt=\"\" srcset=\"https:\/\/cloud.alqueria.es\/wp-content\/uploads\/sites\/12\/2023\/03\/IMG_0750.jpg 640w, https:\/\/cloud.alqueria.es\/wp-content\/uploads\/sites\/12\/2023\/03\/IMG_0750-300x225.jpg 300w\" sizes=\"(max-width: 474px) 100vw, 474px\" data-attachment-id=\"38869\" data-permalink=\"https:\/\/www.alqueria.es\/blogs\/alqueriaartistica\/2023\/03\/22\/la-estetica-de-las-palabras-4\/img_0750-5\/\" data-orig-file=\"https:\/\/cloud.alqueria.es\/wp-content\/uploads\/sites\/12\/2023\/03\/IMG_0750.jpg\" data-orig-size=\"640,480\" data-comments-opened=\"1\" data-image-meta=\"{&quot;aperture&quot;:&quot;2.7&quot;,&quot;credit&quot;:&quot;&quot;,&quot;camera&quot;:&quot;Canon IXUS 125 HS&quot;,&quot;caption&quot;:&quot;&quot;,&quot;created_timestamp&quot;:&quot;1677255506&quot;,&quot;copyright&quot;:&quot;&quot;,&quot;focal_length&quot;:&quot;4.3&quot;,&quot;iso&quot;:&quot;250&quot;,&quot;shutter_speed&quot;:&quot;0.033333333333333&quot;,&quot;title&quot;:&quot;&quot;,&quot;orientation&quot;:&quot;1&quot;}\" data-image-title=\"IMG_0750\" data-image-description=\"\" data-image-caption=\"\" data-large-file=\"https:\/\/cloud.alqueria.es\/wp-content\/uploads\/sites\/12\/2023\/03\/IMG_0750.jpg\" \/><\/a>\n\t\t\t<\/div><\/figure><figure class='gallery-item'>\n\t\t\t<div class='gallery-icon landscape'>\n\t\t\t\t<a href='https:\/\/www.alqueria.es\/blogs\/alqueriaartistica\/2023\/03\/22\/la-estetica-de-las-palabras-4\/img_0752-4\/'><img decoding=\"async\" width=\"474\" height=\"356\" src=\"https:\/\/cloud.alqueria.es\/wp-content\/uploads\/sites\/12\/2023\/03\/IMG_0752.jpg\" class=\"attachment-large size-large\" alt=\"\" srcset=\"https:\/\/cloud.alqueria.es\/wp-content\/uploads\/sites\/12\/2023\/03\/IMG_0752.jpg 640w, https:\/\/cloud.alqueria.es\/wp-content\/uploads\/sites\/12\/2023\/03\/IMG_0752-300x225.jpg 300w\" sizes=\"(max-width: 474px) 100vw, 474px\" data-attachment-id=\"38868\" data-permalink=\"https:\/\/www.alqueria.es\/blogs\/alqueriaartistica\/2023\/03\/22\/la-estetica-de-las-palabras-4\/img_0752-4\/\" data-orig-file=\"https:\/\/cloud.alqueria.es\/wp-content\/uploads\/sites\/12\/2023\/03\/IMG_0752.jpg\" data-orig-size=\"640,480\" data-comments-opened=\"1\" data-image-meta=\"{&quot;aperture&quot;:&quot;2.7&quot;,&quot;credit&quot;:&quot;&quot;,&quot;camera&quot;:&quot;Canon IXUS 125 HS&quot;,&quot;caption&quot;:&quot;&quot;,&quot;created_timestamp&quot;:&quot;1677257534&quot;,&quot;copyright&quot;:&quot;&quot;,&quot;focal_length&quot;:&quot;4.3&quot;,&quot;iso&quot;:&quot;400&quot;,&quot;shutter_speed&quot;:&quot;0.0125&quot;,&quot;title&quot;:&quot;&quot;,&quot;orientation&quot;:&quot;1&quot;}\" data-image-title=\"IMG_0752\" data-image-description=\"\" data-image-caption=\"\" data-large-file=\"https:\/\/cloud.alqueria.es\/wp-content\/uploads\/sites\/12\/2023\/03\/IMG_0752.jpg\" \/><\/a>\n\t\t\t<\/div><\/figure><figure class='gallery-item'>\n\t\t\t<div class='gallery-icon landscape'>\n\t\t\t\t<a href='https:\/\/www.alqueria.es\/blogs\/alqueriaartistica\/2023\/03\/22\/la-estetica-de-las-palabras-4\/img_0755-5\/'><img decoding=\"async\" width=\"474\" height=\"356\" src=\"https:\/\/cloud.alqueria.es\/wp-content\/uploads\/sites\/12\/2023\/03\/IMG_0755.jpg\" class=\"attachment-large size-large\" alt=\"\" srcset=\"https:\/\/cloud.alqueria.es\/wp-content\/uploads\/sites\/12\/2023\/03\/IMG_0755.jpg 640w, https:\/\/cloud.alqueria.es\/wp-content\/uploads\/sites\/12\/2023\/03\/IMG_0755-300x225.jpg 300w\" sizes=\"(max-width: 474px) 100vw, 474px\" data-attachment-id=\"38867\" data-permalink=\"https:\/\/www.alqueria.es\/blogs\/alqueriaartistica\/2023\/03\/22\/la-estetica-de-las-palabras-4\/img_0755-5\/\" data-orig-file=\"https:\/\/cloud.alqueria.es\/wp-content\/uploads\/sites\/12\/2023\/03\/IMG_0755.jpg\" data-orig-size=\"640,480\" data-comments-opened=\"1\" data-image-meta=\"{&quot;aperture&quot;:&quot;2.7&quot;,&quot;credit&quot;:&quot;&quot;,&quot;camera&quot;:&quot;Canon IXUS 125 HS&quot;,&quot;caption&quot;:&quot;&quot;,&quot;created_timestamp&quot;:&quot;1677257567&quot;,&quot;copyright&quot;:&quot;&quot;,&quot;focal_length&quot;:&quot;4.3&quot;,&quot;iso&quot;:&quot;250&quot;,&quot;shutter_speed&quot;:&quot;0.033333333333333&quot;,&quot;title&quot;:&quot;&quot;,&quot;orientation&quot;:&quot;1&quot;}\" data-image-title=\"IMG_0755\" data-image-description=\"\" data-image-caption=\"\" data-large-file=\"https:\/\/cloud.alqueria.es\/wp-content\/uploads\/sites\/12\/2023\/03\/IMG_0755.jpg\" \/><\/a>\n\t\t\t<\/div><\/figure>\n\t\t<\/div>\n\n<p>Les hablamos de la importancia de las palabras. Con las palabras creamos nuestra propia realidad, expresamos pensamientos que pueden influir en uno mismo y en los dem\u00e1s.<\/p>\n<p>Les muestro mis \u00abcajas de palabras favoritas\u00bb. En una de ellas tengo guardadas las palabras \u00a0que me hacen sentir bien: \u00a0amor, cari\u00f1o, amistad, naturaleza, \u00a0arte, empat\u00eda, \u00a0 &#8230; En otra tengo palabras que me dan paz: silencio,\u00a0melod\u00eda, armon\u00eda, equilibrio&#8230; En otra tengo aquellas que me fastidian: tristeza, miedo, injusticia, hambruna, enfermedad&#8230; casi siempre la tengo cerrada, aunque no me gusten hay que reconocer que existen y a veces es bueno hablar de ellas.<\/p>\n<p>Les invito a que cada uno pueda tener sus cajas de palabras. Pueden ser de distintos tipos: palabras que suenen bien, palabras tristes, palabras coloridas, palabras geniales, palabras m\u00e1gicas&#8230;.. Puede ser un juego muy divertido y un aliciente ahora que est\u00e1n aprendiendo a escribir.<\/p>\n<p>Las palabras sobre todo sirven para comunicar, exteriorizar, dar cuerpo a nuestros pensamientos y comunicarnos con los dem\u00e1s; es lo que queremos con esta actividad. Varias palabras juntas construyen frases y a trav\u00e9s de ellas comunicamos un pensamiento, un deseo, \u00a0una inquietud, un gusto o una situaci\u00f3n personal concreta. Animamos a los alumnos a construir diferentes frases partiendo de las letras rotuladas.<\/p>\n<div data-carousel-extra='{&quot;blog_id&quot;:12,&quot;permalink&quot;:&quot;https:\/\/www.alqueria.es\/blogs\/alqueriaartistica\/2023\/03\/22\/la-estetica-de-las-palabras-4\/&quot;}' id='gallery-3' class='gallery galleryid-38846 gallery-columns-2 gallery-size-large'><figure class='gallery-item'>\n\t\t\t<div class='gallery-icon landscape'>\n\t\t\t\t<a href='https:\/\/www.alqueria.es\/blogs\/alqueriaartistica\/2023\/03\/22\/la-estetica-de-las-palabras-4\/img_0906-5\/'><img decoding=\"async\" width=\"474\" height=\"356\" src=\"https:\/\/cloud.alqueria.es\/wp-content\/uploads\/sites\/12\/2023\/03\/IMG_0906.jpg\" class=\"attachment-large size-large\" alt=\"\" srcset=\"https:\/\/cloud.alqueria.es\/wp-content\/uploads\/sites\/12\/2023\/03\/IMG_0906.jpg 640w, https:\/\/cloud.alqueria.es\/wp-content\/uploads\/sites\/12\/2023\/03\/IMG_0906-300x225.jpg 300w\" sizes=\"(max-width: 474px) 100vw, 474px\" data-attachment-id=\"38871\" data-permalink=\"https:\/\/www.alqueria.es\/blogs\/alqueriaartistica\/2023\/03\/22\/la-estetica-de-las-palabras-4\/img_0906-5\/\" data-orig-file=\"https:\/\/cloud.alqueria.es\/wp-content\/uploads\/sites\/12\/2023\/03\/IMG_0906.jpg\" data-orig-size=\"640,480\" data-comments-opened=\"1\" data-image-meta=\"{&quot;aperture&quot;:&quot;2.7&quot;,&quot;credit&quot;:&quot;&quot;,&quot;camera&quot;:&quot;Canon IXUS 125 HS&quot;,&quot;caption&quot;:&quot;&quot;,&quot;created_timestamp&quot;:&quot;1677862819&quot;,&quot;copyright&quot;:&quot;&quot;,&quot;focal_length&quot;:&quot;4.3&quot;,&quot;iso&quot;:&quot;200&quot;,&quot;shutter_speed&quot;:&quot;0.033333333333333&quot;,&quot;title&quot;:&quot;&quot;,&quot;orientation&quot;:&quot;1&quot;}\" data-image-title=\"IMG_0906\" data-image-description=\"\" data-image-caption=\"\" data-large-file=\"https:\/\/cloud.alqueria.es\/wp-content\/uploads\/sites\/12\/2023\/03\/IMG_0906.jpg\" \/><\/a>\n\t\t\t<\/div><\/figure><figure class='gallery-item'>\n\t\t\t<div class='gallery-icon landscape'>\n\t\t\t\t<a href='https:\/\/www.alqueria.es\/blogs\/alqueriaartistica\/2023\/03\/22\/la-estetica-de-las-palabras-4\/img_0914-5\/'><img decoding=\"async\" width=\"474\" height=\"356\" src=\"https:\/\/cloud.alqueria.es\/wp-content\/uploads\/sites\/12\/2023\/03\/IMG_0914.jpg\" class=\"attachment-large size-large\" alt=\"\" srcset=\"https:\/\/cloud.alqueria.es\/wp-content\/uploads\/sites\/12\/2023\/03\/IMG_0914.jpg 640w, https:\/\/cloud.alqueria.es\/wp-content\/uploads\/sites\/12\/2023\/03\/IMG_0914-300x225.jpg 300w\" sizes=\"(max-width: 474px) 100vw, 474px\" data-attachment-id=\"38870\" data-permalink=\"https:\/\/www.alqueria.es\/blogs\/alqueriaartistica\/2023\/03\/22\/la-estetica-de-las-palabras-4\/img_0914-5\/\" data-orig-file=\"https:\/\/cloud.alqueria.es\/wp-content\/uploads\/sites\/12\/2023\/03\/IMG_0914.jpg\" data-orig-size=\"640,480\" data-comments-opened=\"1\" data-image-meta=\"{&quot;aperture&quot;:&quot;2.7&quot;,&quot;credit&quot;:&quot;&quot;,&quot;camera&quot;:&quot;Canon IXUS 125 HS&quot;,&quot;caption&quot;:&quot;&quot;,&quot;created_timestamp&quot;:&quot;1677863125&quot;,&quot;copyright&quot;:&quot;&quot;,&quot;focal_length&quot;:&quot;4.3&quot;,&quot;iso&quot;:&quot;250&quot;,&quot;shutter_speed&quot;:&quot;0.033333333333333&quot;,&quot;title&quot;:&quot;&quot;,&quot;orientation&quot;:&quot;1&quot;}\" data-image-title=\"IMG_0914\" data-image-description=\"\" data-image-caption=\"\" data-large-file=\"https:\/\/cloud.alqueria.es\/wp-content\/uploads\/sites\/12\/2023\/03\/IMG_0914.jpg\" \/><\/a>\n\t\t\t<\/div><\/figure>\n\t\t<\/div>\n\n<p>Completamos este trabajo con una nota de color. En unos trocitos de papel de acuarela, hemos pintado una peque\u00f1a obra abstracta. En estas edades cuando pintan o dibujan tienden a lo figurativo. En esta ocasi\u00f3n queremos darle relevancia al mensaje escrito con las diferentes tipograf\u00edas ( hemos a\u00f1adido letras recortadas de revistas, peri\u00f3dicos y elaboradas en cartulinas de colores). La obra abstracta a\u00f1adir\u00e1 un toque de color y se integrar\u00e1 en la composici\u00f3n.<\/p>\n<div data-carousel-extra='{&quot;blog_id&quot;:12,&quot;permalink&quot;:&quot;https:\/\/www.alqueria.es\/blogs\/alqueriaartistica\/2023\/03\/22\/la-estetica-de-las-palabras-4\/&quot;}' id='gallery-4' class='gallery galleryid-38846 gallery-columns-3 gallery-size-large'><figure class='gallery-item'>\n\t\t\t<div class='gallery-icon landscape'>\n\t\t\t\t<a href='https:\/\/www.alqueria.es\/blogs\/alqueriaartistica\/2023\/03\/22\/la-estetica-de-las-palabras-4\/img_0907-2\/'><img decoding=\"async\" width=\"474\" height=\"356\" src=\"https:\/\/cloud.alqueria.es\/wp-content\/uploads\/sites\/12\/2023\/03\/IMG_0907.jpg\" class=\"attachment-large size-large\" alt=\"\" srcset=\"https:\/\/cloud.alqueria.es\/wp-content\/uploads\/sites\/12\/2023\/03\/IMG_0907.jpg 640w, https:\/\/cloud.alqueria.es\/wp-content\/uploads\/sites\/12\/2023\/03\/IMG_0907-300x225.jpg 300w\" sizes=\"(max-width: 474px) 100vw, 474px\" data-attachment-id=\"38874\" data-permalink=\"https:\/\/www.alqueria.es\/blogs\/alqueriaartistica\/2023\/03\/22\/la-estetica-de-las-palabras-4\/img_0907-2\/\" data-orig-file=\"https:\/\/cloud.alqueria.es\/wp-content\/uploads\/sites\/12\/2023\/03\/IMG_0907.jpg\" data-orig-size=\"640,480\" data-comments-opened=\"1\" data-image-meta=\"{&quot;aperture&quot;:&quot;2.7&quot;,&quot;credit&quot;:&quot;&quot;,&quot;camera&quot;:&quot;Canon IXUS 125 HS&quot;,&quot;caption&quot;:&quot;&quot;,&quot;created_timestamp&quot;:&quot;1677862907&quot;,&quot;copyright&quot;:&quot;&quot;,&quot;focal_length&quot;:&quot;4.3&quot;,&quot;iso&quot;:&quot;320&quot;,&quot;shutter_speed&quot;:&quot;0.033333333333333&quot;,&quot;title&quot;:&quot;&quot;,&quot;orientation&quot;:&quot;1&quot;}\" data-image-title=\"IMG_0907\" data-image-description=\"\" data-image-caption=\"\" data-large-file=\"https:\/\/cloud.alqueria.es\/wp-content\/uploads\/sites\/12\/2023\/03\/IMG_0907.jpg\" \/><\/a>\n\t\t\t<\/div><\/figure><figure class='gallery-item'>\n\t\t\t<div class='gallery-icon landscape'>\n\t\t\t\t<a href='https:\/\/www.alqueria.es\/blogs\/alqueriaartistica\/2023\/03\/22\/la-estetica-de-las-palabras-4\/img_0911-3\/'><img decoding=\"async\" width=\"474\" height=\"356\" src=\"https:\/\/cloud.alqueria.es\/wp-content\/uploads\/sites\/12\/2023\/03\/IMG_0911.jpg\" class=\"attachment-large size-large\" alt=\"\" srcset=\"https:\/\/cloud.alqueria.es\/wp-content\/uploads\/sites\/12\/2023\/03\/IMG_0911.jpg 640w, https:\/\/cloud.alqueria.es\/wp-content\/uploads\/sites\/12\/2023\/03\/IMG_0911-300x225.jpg 300w\" sizes=\"(max-width: 474px) 100vw, 474px\" data-attachment-id=\"38873\" data-permalink=\"https:\/\/www.alqueria.es\/blogs\/alqueriaartistica\/2023\/03\/22\/la-estetica-de-las-palabras-4\/img_0911-3\/\" data-orig-file=\"https:\/\/cloud.alqueria.es\/wp-content\/uploads\/sites\/12\/2023\/03\/IMG_0911.jpg\" data-orig-size=\"640,480\" data-comments-opened=\"1\" data-image-meta=\"{&quot;aperture&quot;:&quot;2.7&quot;,&quot;credit&quot;:&quot;&quot;,&quot;camera&quot;:&quot;Canon IXUS 125 HS&quot;,&quot;caption&quot;:&quot;&quot;,&quot;created_timestamp&quot;:&quot;1677863052&quot;,&quot;copyright&quot;:&quot;&quot;,&quot;focal_length&quot;:&quot;4.3&quot;,&quot;iso&quot;:&quot;125&quot;,&quot;shutter_speed&quot;:&quot;0.033333333333333&quot;,&quot;title&quot;:&quot;&quot;,&quot;orientation&quot;:&quot;1&quot;}\" data-image-title=\"IMG_0911\" data-image-description=\"\" data-image-caption=\"\" data-large-file=\"https:\/\/cloud.alqueria.es\/wp-content\/uploads\/sites\/12\/2023\/03\/IMG_0911.jpg\" \/><\/a>\n\t\t\t<\/div><\/figure><figure class='gallery-item'>\n\t\t\t<div class='gallery-icon landscape'>\n\t\t\t\t<a href='https:\/\/www.alqueria.es\/blogs\/alqueriaartistica\/2023\/03\/22\/la-estetica-de-las-palabras-4\/img_0913-3\/'><img decoding=\"async\" width=\"474\" height=\"356\" src=\"https:\/\/cloud.alqueria.es\/wp-content\/uploads\/sites\/12\/2023\/03\/IMG_0913.jpg\" class=\"attachment-large size-large\" alt=\"\" srcset=\"https:\/\/cloud.alqueria.es\/wp-content\/uploads\/sites\/12\/2023\/03\/IMG_0913.jpg 640w, https:\/\/cloud.alqueria.es\/wp-content\/uploads\/sites\/12\/2023\/03\/IMG_0913-300x225.jpg 300w\" sizes=\"(max-width: 474px) 100vw, 474px\" data-attachment-id=\"38872\" data-permalink=\"https:\/\/www.alqueria.es\/blogs\/alqueriaartistica\/2023\/03\/22\/la-estetica-de-las-palabras-4\/img_0913-3\/\" data-orig-file=\"https:\/\/cloud.alqueria.es\/wp-content\/uploads\/sites\/12\/2023\/03\/IMG_0913.jpg\" data-orig-size=\"640,480\" data-comments-opened=\"1\" data-image-meta=\"{&quot;aperture&quot;:&quot;2.7&quot;,&quot;credit&quot;:&quot;&quot;,&quot;camera&quot;:&quot;Canon IXUS 125 HS&quot;,&quot;caption&quot;:&quot;&quot;,&quot;created_timestamp&quot;:&quot;1677863120&quot;,&quot;copyright&quot;:&quot;&quot;,&quot;focal_length&quot;:&quot;4.3&quot;,&quot;iso&quot;:&quot;250&quot;,&quot;shutter_speed&quot;:&quot;0.033333333333333&quot;,&quot;title&quot;:&quot;&quot;,&quot;orientation&quot;:&quot;1&quot;}\" data-image-title=\"IMG_0913\" data-image-description=\"\" data-image-caption=\"\" data-large-file=\"https:\/\/cloud.alqueria.es\/wp-content\/uploads\/sites\/12\/2023\/03\/IMG_0913.jpg\" \/><\/a>\n\t\t\t<\/div><\/figure>\n\t\t<\/div>\n\n<div data-carousel-extra='{&quot;blog_id&quot;:12,&quot;permalink&quot;:&quot;https:\/\/www.alqueria.es\/blogs\/alqueriaartistica\/2023\/03\/22\/la-estetica-de-las-palabras-4\/&quot;}' id='gallery-5' class='gallery galleryid-38846 gallery-columns-3 gallery-size-large'><figure class='gallery-item'>\n\t\t\t<div class='gallery-icon landscape'>\n\t\t\t\t<a href='https:\/\/www.alqueria.es\/blogs\/alqueriaartistica\/2023\/03\/22\/la-estetica-de-las-palabras-4\/img_0899-4\/'><img decoding=\"async\" width=\"474\" height=\"356\" src=\"https:\/\/cloud.alqueria.es\/wp-content\/uploads\/sites\/12\/2023\/03\/IMG_0899.jpg\" class=\"attachment-large size-large\" alt=\"\" srcset=\"https:\/\/cloud.alqueria.es\/wp-content\/uploads\/sites\/12\/2023\/03\/IMG_0899.jpg 640w, https:\/\/cloud.alqueria.es\/wp-content\/uploads\/sites\/12\/2023\/03\/IMG_0899-300x225.jpg 300w\" sizes=\"(max-width: 474px) 100vw, 474px\" data-attachment-id=\"38876\" data-permalink=\"https:\/\/www.alqueria.es\/blogs\/alqueriaartistica\/2023\/03\/22\/la-estetica-de-las-palabras-4\/img_0899-4\/\" data-orig-file=\"https:\/\/cloud.alqueria.es\/wp-content\/uploads\/sites\/12\/2023\/03\/IMG_0899.jpg\" data-orig-size=\"640,480\" data-comments-opened=\"1\" data-image-meta=\"{&quot;aperture&quot;:&quot;2.7&quot;,&quot;credit&quot;:&quot;&quot;,&quot;camera&quot;:&quot;Canon IXUS 125 HS&quot;,&quot;caption&quot;:&quot;&quot;,&quot;created_timestamp&quot;:&quot;1677859713&quot;,&quot;copyright&quot;:&quot;&quot;,&quot;focal_length&quot;:&quot;4.3&quot;,&quot;iso&quot;:&quot;400&quot;,&quot;shutter_speed&quot;:&quot;0.0125&quot;,&quot;title&quot;:&quot;&quot;,&quot;orientation&quot;:&quot;1&quot;}\" data-image-title=\"IMG_0899\" data-image-description=\"\" data-image-caption=\"\" data-large-file=\"https:\/\/cloud.alqueria.es\/wp-content\/uploads\/sites\/12\/2023\/03\/IMG_0899.jpg\" \/><\/a>\n\t\t\t<\/div><\/figure><figure class='gallery-item'>\n\t\t\t<div class='gallery-icon landscape'>\n\t\t\t\t<a href='https:\/\/www.alqueria.es\/blogs\/alqueriaartistica\/2023\/03\/22\/la-estetica-de-las-palabras-4\/img_0895-2\/'><img decoding=\"async\" width=\"474\" height=\"356\" src=\"https:\/\/cloud.alqueria.es\/wp-content\/uploads\/sites\/12\/2023\/03\/IMG_0895.jpg\" class=\"attachment-large size-large\" alt=\"\" srcset=\"https:\/\/cloud.alqueria.es\/wp-content\/uploads\/sites\/12\/2023\/03\/IMG_0895.jpg 640w, https:\/\/cloud.alqueria.es\/wp-content\/uploads\/sites\/12\/2023\/03\/IMG_0895-300x225.jpg 300w\" sizes=\"(max-width: 474px) 100vw, 474px\" data-attachment-id=\"38877\" data-permalink=\"https:\/\/www.alqueria.es\/blogs\/alqueriaartistica\/2023\/03\/22\/la-estetica-de-las-palabras-4\/img_0895-2\/\" data-orig-file=\"https:\/\/cloud.alqueria.es\/wp-content\/uploads\/sites\/12\/2023\/03\/IMG_0895.jpg\" data-orig-size=\"640,480\" data-comments-opened=\"1\" data-image-meta=\"{&quot;aperture&quot;:&quot;2.7&quot;,&quot;credit&quot;:&quot;&quot;,&quot;camera&quot;:&quot;Canon IXUS 125 HS&quot;,&quot;caption&quot;:&quot;&quot;,&quot;created_timestamp&quot;:&quot;1677859670&quot;,&quot;copyright&quot;:&quot;&quot;,&quot;focal_length&quot;:&quot;4.3&quot;,&quot;iso&quot;:&quot;500&quot;,&quot;shutter_speed&quot;:&quot;0.016666666666667&quot;,&quot;title&quot;:&quot;&quot;,&quot;orientation&quot;:&quot;1&quot;}\" data-image-title=\"IMG_0895\" data-image-description=\"\" data-image-caption=\"\" data-large-file=\"https:\/\/cloud.alqueria.es\/wp-content\/uploads\/sites\/12\/2023\/03\/IMG_0895.jpg\" \/><\/a>\n\t\t\t<\/div><\/figure><figure class='gallery-item'>\n\t\t\t<div class='gallery-icon landscape'>\n\t\t\t\t<a href='https:\/\/www.alqueria.es\/blogs\/alqueriaartistica\/2023\/03\/22\/la-estetica-de-las-palabras-4\/img_0893-3\/'><img decoding=\"async\" width=\"474\" height=\"356\" src=\"https:\/\/cloud.alqueria.es\/wp-content\/uploads\/sites\/12\/2023\/03\/IMG_0893.jpg\" class=\"attachment-large size-large\" alt=\"\" srcset=\"https:\/\/cloud.alqueria.es\/wp-content\/uploads\/sites\/12\/2023\/03\/IMG_0893.jpg 640w, https:\/\/cloud.alqueria.es\/wp-content\/uploads\/sites\/12\/2023\/03\/IMG_0893-300x225.jpg 300w\" sizes=\"(max-width: 474px) 100vw, 474px\" data-attachment-id=\"38878\" data-permalink=\"https:\/\/www.alqueria.es\/blogs\/alqueriaartistica\/2023\/03\/22\/la-estetica-de-las-palabras-4\/img_0893-3\/\" data-orig-file=\"https:\/\/cloud.alqueria.es\/wp-content\/uploads\/sites\/12\/2023\/03\/IMG_0893.jpg\" data-orig-size=\"640,480\" data-comments-opened=\"1\" data-image-meta=\"{&quot;aperture&quot;:&quot;2.7&quot;,&quot;credit&quot;:&quot;&quot;,&quot;camera&quot;:&quot;Canon IXUS 125 HS&quot;,&quot;caption&quot;:&quot;&quot;,&quot;created_timestamp&quot;:&quot;1677859578&quot;,&quot;copyright&quot;:&quot;&quot;,&quot;focal_length&quot;:&quot;4.3&quot;,&quot;iso&quot;:&quot;200&quot;,&quot;shutter_speed&quot;:&quot;0.033333333333333&quot;,&quot;title&quot;:&quot;&quot;,&quot;orientation&quot;:&quot;1&quot;}\" data-image-title=\"IMG_0893\" data-image-description=\"\" data-image-caption=\"\" data-large-file=\"https:\/\/cloud.alqueria.es\/wp-content\/uploads\/sites\/12\/2023\/03\/IMG_0893.jpg\" \/><\/a>\n\t\t\t<\/div><\/figure><figure class='gallery-item'>\n\t\t\t<div class='gallery-icon portrait'>\n\t\t\t\t<a href='https:\/\/www.alqueria.es\/blogs\/alqueriaartistica\/2023\/03\/22\/la-estetica-de-las-palabras-4\/img_0892-5\/'><img decoding=\"async\" width=\"474\" height=\"632\" src=\"https:\/\/cloud.alqueria.es\/wp-content\/uploads\/sites\/12\/2023\/03\/IMG_0892.jpg\" class=\"attachment-large size-large\" alt=\"\" srcset=\"https:\/\/cloud.alqueria.es\/wp-content\/uploads\/sites\/12\/2023\/03\/IMG_0892.jpg 480w, https:\/\/cloud.alqueria.es\/wp-content\/uploads\/sites\/12\/2023\/03\/IMG_0892-225x300.jpg 225w\" sizes=\"(max-width: 474px) 100vw, 474px\" data-attachment-id=\"38879\" data-permalink=\"https:\/\/www.alqueria.es\/blogs\/alqueriaartistica\/2023\/03\/22\/la-estetica-de-las-palabras-4\/img_0892-5\/\" data-orig-file=\"https:\/\/cloud.alqueria.es\/wp-content\/uploads\/sites\/12\/2023\/03\/IMG_0892.jpg\" data-orig-size=\"480,640\" data-comments-opened=\"1\" data-image-meta=\"{&quot;aperture&quot;:&quot;2.7&quot;,&quot;credit&quot;:&quot;&quot;,&quot;camera&quot;:&quot;Canon IXUS 125 HS&quot;,&quot;caption&quot;:&quot;&quot;,&quot;created_timestamp&quot;:&quot;1677859539&quot;,&quot;copyright&quot;:&quot;&quot;,&quot;focal_length&quot;:&quot;4.3&quot;,&quot;iso&quot;:&quot;500&quot;,&quot;shutter_speed&quot;:&quot;0.016666666666667&quot;,&quot;title&quot;:&quot;&quot;,&quot;orientation&quot;:&quot;1&quot;}\" data-image-title=\"IMG_0892\" data-image-description=\"\" data-image-caption=\"\" data-large-file=\"https:\/\/cloud.alqueria.es\/wp-content\/uploads\/sites\/12\/2023\/03\/IMG_0892.jpg\" \/><\/a>\n\t\t\t<\/div><\/figure><figure class='gallery-item'>\n\t\t\t<div class='gallery-icon landscape'>\n\t\t\t\t<a href='https:\/\/www.alqueria.es\/blogs\/alqueriaartistica\/2023\/03\/22\/la-estetica-de-las-palabras-4\/img_0891-3\/'><img decoding=\"async\" width=\"474\" height=\"356\" src=\"https:\/\/cloud.alqueria.es\/wp-content\/uploads\/sites\/12\/2023\/03\/IMG_0891.jpg\" class=\"attachment-large size-large\" alt=\"\" srcset=\"https:\/\/cloud.alqueria.es\/wp-content\/uploads\/sites\/12\/2023\/03\/IMG_0891.jpg 640w, https:\/\/cloud.alqueria.es\/wp-content\/uploads\/sites\/12\/2023\/03\/IMG_0891-300x225.jpg 300w\" sizes=\"(max-width: 474px) 100vw, 474px\" data-attachment-id=\"38880\" data-permalink=\"https:\/\/www.alqueria.es\/blogs\/alqueriaartistica\/2023\/03\/22\/la-estetica-de-las-palabras-4\/img_0891-3\/\" data-orig-file=\"https:\/\/cloud.alqueria.es\/wp-content\/uploads\/sites\/12\/2023\/03\/IMG_0891.jpg\" data-orig-size=\"640,480\" data-comments-opened=\"1\" data-image-meta=\"{&quot;aperture&quot;:&quot;2.7&quot;,&quot;credit&quot;:&quot;&quot;,&quot;camera&quot;:&quot;Canon IXUS 125 HS&quot;,&quot;caption&quot;:&quot;&quot;,&quot;created_timestamp&quot;:&quot;1677859536&quot;,&quot;copyright&quot;:&quot;&quot;,&quot;focal_length&quot;:&quot;4.3&quot;,&quot;iso&quot;:&quot;400&quot;,&quot;shutter_speed&quot;:&quot;0.0125&quot;,&quot;title&quot;:&quot;&quot;,&quot;orientation&quot;:&quot;1&quot;}\" data-image-title=\"IMG_0891\" data-image-description=\"\" data-image-caption=\"\" data-large-file=\"https:\/\/cloud.alqueria.es\/wp-content\/uploads\/sites\/12\/2023\/03\/IMG_0891.jpg\" \/><\/a>\n\t\t\t<\/div><\/figure><figure class='gallery-item'>\n\t\t\t<div class='gallery-icon landscape'>\n\t\t\t\t<a href='https:\/\/www.alqueria.es\/blogs\/alqueriaartistica\/2023\/03\/22\/la-estetica-de-las-palabras-4\/img_0886-3\/'><img decoding=\"async\" width=\"474\" height=\"356\" src=\"https:\/\/cloud.alqueria.es\/wp-content\/uploads\/sites\/12\/2023\/03\/IMG_0886.jpg\" class=\"attachment-large size-large\" alt=\"\" srcset=\"https:\/\/cloud.alqueria.es\/wp-content\/uploads\/sites\/12\/2023\/03\/IMG_0886.jpg 640w, https:\/\/cloud.alqueria.es\/wp-content\/uploads\/sites\/12\/2023\/03\/IMG_0886-300x225.jpg 300w\" sizes=\"(max-width: 474px) 100vw, 474px\" data-attachment-id=\"38881\" data-permalink=\"https:\/\/www.alqueria.es\/blogs\/alqueriaartistica\/2023\/03\/22\/la-estetica-de-las-palabras-4\/img_0886-3\/\" data-orig-file=\"https:\/\/cloud.alqueria.es\/wp-content\/uploads\/sites\/12\/2023\/03\/IMG_0886.jpg\" data-orig-size=\"640,480\" data-comments-opened=\"1\" data-image-meta=\"{&quot;aperture&quot;:&quot;2.7&quot;,&quot;credit&quot;:&quot;&quot;,&quot;camera&quot;:&quot;Canon IXUS 125 HS&quot;,&quot;caption&quot;:&quot;&quot;,&quot;created_timestamp&quot;:&quot;1677859516&quot;,&quot;copyright&quot;:&quot;&quot;,&quot;focal_length&quot;:&quot;4.3&quot;,&quot;iso&quot;:&quot;250&quot;,&quot;shutter_speed&quot;:&quot;0.033333333333333&quot;,&quot;title&quot;:&quot;&quot;,&quot;orientation&quot;:&quot;1&quot;}\" data-image-title=\"IMG_0886\" data-image-description=\"\" data-image-caption=\"\" data-large-file=\"https:\/\/cloud.alqueria.es\/wp-content\/uploads\/sites\/12\/2023\/03\/IMG_0886.jpg\" \/><\/a>\n\t\t\t<\/div><\/figure>\n\t\t<\/div>\n\n<div data-carousel-extra='{&quot;blog_id&quot;:12,&quot;permalink&quot;:&quot;https:\/\/www.alqueria.es\/blogs\/alqueriaartistica\/2023\/03\/22\/la-estetica-de-las-palabras-4\/&quot;}' id='gallery-6' class='gallery galleryid-38846 gallery-columns-3 gallery-size-large'><figure class='gallery-item'>\n\t\t\t<div class='gallery-icon landscape'>\n\t\t\t\t<a href='https:\/\/www.alqueria.es\/blogs\/alqueriaartistica\/2023\/03\/22\/la-estetica-de-las-palabras-4\/img_0889-5\/'><img decoding=\"async\" width=\"474\" height=\"369\" src=\"https:\/\/cloud.alqueria.es\/wp-content\/uploads\/sites\/12\/2023\/03\/IMG_0889.jpg\" class=\"attachment-large size-large\" alt=\"\" srcset=\"https:\/\/cloud.alqueria.es\/wp-content\/uploads\/sites\/12\/2023\/03\/IMG_0889.jpg 603w, https:\/\/cloud.alqueria.es\/wp-content\/uploads\/sites\/12\/2023\/03\/IMG_0889-300x233.jpg 300w\" sizes=\"(max-width: 474px) 100vw, 474px\" data-attachment-id=\"38882\" data-permalink=\"https:\/\/www.alqueria.es\/blogs\/alqueriaartistica\/2023\/03\/22\/la-estetica-de-las-palabras-4\/img_0889-5\/\" data-orig-file=\"https:\/\/cloud.alqueria.es\/wp-content\/uploads\/sites\/12\/2023\/03\/IMG_0889.jpg\" data-orig-size=\"603,469\" data-comments-opened=\"1\" data-image-meta=\"{&quot;aperture&quot;:&quot;2.7&quot;,&quot;credit&quot;:&quot;&quot;,&quot;camera&quot;:&quot;Canon IXUS 125 HS&quot;,&quot;caption&quot;:&quot;&quot;,&quot;created_timestamp&quot;:&quot;1677859526&quot;,&quot;copyright&quot;:&quot;&quot;,&quot;focal_length&quot;:&quot;4.3&quot;,&quot;iso&quot;:&quot;200&quot;,&quot;shutter_speed&quot;:&quot;0.033333333333333&quot;,&quot;title&quot;:&quot;&quot;,&quot;orientation&quot;:&quot;1&quot;}\" data-image-title=\"IMG_0889\" data-image-description=\"\" data-image-caption=\"\" data-large-file=\"https:\/\/cloud.alqueria.es\/wp-content\/uploads\/sites\/12\/2023\/03\/IMG_0889.jpg\" \/><\/a>\n\t\t\t<\/div><\/figure><figure class='gallery-item'>\n\t\t\t<div class='gallery-icon landscape'>\n\t\t\t\t<a href='https:\/\/www.alqueria.es\/blogs\/alqueriaartistica\/2023\/03\/22\/la-estetica-de-las-palabras-4\/img_0896-3\/'><img decoding=\"async\" width=\"474\" height=\"263\" src=\"https:\/\/cloud.alqueria.es\/wp-content\/uploads\/sites\/12\/2023\/03\/IMG_0896.jpg\" class=\"attachment-large size-large\" alt=\"\" srcset=\"https:\/\/cloud.alqueria.es\/wp-content\/uploads\/sites\/12\/2023\/03\/IMG_0896.jpg 637w, https:\/\/cloud.alqueria.es\/wp-content\/uploads\/sites\/12\/2023\/03\/IMG_0896-300x167.jpg 300w\" sizes=\"(max-width: 474px) 100vw, 474px\" data-attachment-id=\"38883\" data-permalink=\"https:\/\/www.alqueria.es\/blogs\/alqueriaartistica\/2023\/03\/22\/la-estetica-de-las-palabras-4\/img_0896-3\/\" data-orig-file=\"https:\/\/cloud.alqueria.es\/wp-content\/uploads\/sites\/12\/2023\/03\/IMG_0896.jpg\" data-orig-size=\"637,354\" data-comments-opened=\"1\" data-image-meta=\"{&quot;aperture&quot;:&quot;2.7&quot;,&quot;credit&quot;:&quot;&quot;,&quot;camera&quot;:&quot;Canon IXUS 125 HS&quot;,&quot;caption&quot;:&quot;&quot;,&quot;created_timestamp&quot;:&quot;1677859674&quot;,&quot;copyright&quot;:&quot;&quot;,&quot;focal_length&quot;:&quot;4.3&quot;,&quot;iso&quot;:&quot;500&quot;,&quot;shutter_speed&quot;:&quot;0.016666666666667&quot;,&quot;title&quot;:&quot;&quot;,&quot;orientation&quot;:&quot;1&quot;}\" data-image-title=\"IMG_0896\" data-image-description=\"\" data-image-caption=\"\" data-large-file=\"https:\/\/cloud.alqueria.es\/wp-content\/uploads\/sites\/12\/2023\/03\/IMG_0896.jpg\" \/><\/a>\n\t\t\t<\/div><\/figure><figure class='gallery-item'>\n\t\t\t<div class='gallery-icon landscape'>\n\t\t\t\t<a href='https:\/\/www.alqueria.es\/blogs\/alqueriaartistica\/2023\/03\/22\/la-estetica-de-las-palabras-4\/img_0901-4\/'><img decoding=\"async\" width=\"474\" height=\"283\" src=\"https:\/\/cloud.alqueria.es\/wp-content\/uploads\/sites\/12\/2023\/03\/IMG_0901.jpg\" class=\"attachment-large size-large\" alt=\"\" srcset=\"https:\/\/cloud.alqueria.es\/wp-content\/uploads\/sites\/12\/2023\/03\/IMG_0901.jpg 635w, https:\/\/cloud.alqueria.es\/wp-content\/uploads\/sites\/12\/2023\/03\/IMG_0901-300x179.jpg 300w\" sizes=\"(max-width: 474px) 100vw, 474px\" data-attachment-id=\"38884\" data-permalink=\"https:\/\/www.alqueria.es\/blogs\/alqueriaartistica\/2023\/03\/22\/la-estetica-de-las-palabras-4\/img_0901-4\/\" data-orig-file=\"https:\/\/cloud.alqueria.es\/wp-content\/uploads\/sites\/12\/2023\/03\/IMG_0901.jpg\" data-orig-size=\"635,379\" data-comments-opened=\"1\" data-image-meta=\"{&quot;aperture&quot;:&quot;2.7&quot;,&quot;credit&quot;:&quot;&quot;,&quot;camera&quot;:&quot;Canon IXUS 125 HS&quot;,&quot;caption&quot;:&quot;&quot;,&quot;created_timestamp&quot;:&quot;1677859795&quot;,&quot;copyright&quot;:&quot;&quot;,&quot;focal_length&quot;:&quot;4.3&quot;,&quot;iso&quot;:&quot;160&quot;,&quot;shutter_speed&quot;:&quot;0.033333333333333&quot;,&quot;title&quot;:&quot;&quot;,&quot;orientation&quot;:&quot;1&quot;}\" data-image-title=\"IMG_0901\" data-image-description=\"\" data-image-caption=\"\" data-large-file=\"https:\/\/cloud.alqueria.es\/wp-content\/uploads\/sites\/12\/2023\/03\/IMG_0901.jpg\" \/><\/a>\n\t\t\t<\/div><\/figure><figure class='gallery-item'>\n\t\t\t<div class='gallery-icon landscape'>\n\t\t\t\t<a href='https:\/\/www.alqueria.es\/blogs\/alqueriaartistica\/2023\/03\/22\/la-estetica-de-las-palabras-4\/img_0888-3\/'><img decoding=\"async\" width=\"474\" height=\"366\" src=\"https:\/\/cloud.alqueria.es\/wp-content\/uploads\/sites\/12\/2023\/03\/IMG_0888.jpg\" class=\"attachment-large size-large\" alt=\"\" srcset=\"https:\/\/cloud.alqueria.es\/wp-content\/uploads\/sites\/12\/2023\/03\/IMG_0888.jpg 561w, https:\/\/cloud.alqueria.es\/wp-content\/uploads\/sites\/12\/2023\/03\/IMG_0888-300x232.jpg 300w\" sizes=\"(max-width: 474px) 100vw, 474px\" data-attachment-id=\"38885\" data-permalink=\"https:\/\/www.alqueria.es\/blogs\/alqueriaartistica\/2023\/03\/22\/la-estetica-de-las-palabras-4\/img_0888-3\/\" data-orig-file=\"https:\/\/cloud.alqueria.es\/wp-content\/uploads\/sites\/12\/2023\/03\/IMG_0888.jpg\" data-orig-size=\"561,433\" data-comments-opened=\"1\" data-image-meta=\"{&quot;aperture&quot;:&quot;2.7&quot;,&quot;credit&quot;:&quot;&quot;,&quot;camera&quot;:&quot;Canon IXUS 125 HS&quot;,&quot;caption&quot;:&quot;&quot;,&quot;created_timestamp&quot;:&quot;1677859520&quot;,&quot;copyright&quot;:&quot;&quot;,&quot;focal_length&quot;:&quot;4.3&quot;,&quot;iso&quot;:&quot;250&quot;,&quot;shutter_speed&quot;:&quot;0.033333333333333&quot;,&quot;title&quot;:&quot;&quot;,&quot;orientation&quot;:&quot;1&quot;}\" data-image-title=\"IMG_0888\" data-image-description=\"\" data-image-caption=\"\" data-large-file=\"https:\/\/cloud.alqueria.es\/wp-content\/uploads\/sites\/12\/2023\/03\/IMG_0888.jpg\" \/><\/a>\n\t\t\t<\/div><\/figure><figure class='gallery-item'>\n\t\t\t<div class='gallery-icon landscape'>\n\t\t\t\t<a href='https:\/\/www.alqueria.es\/blogs\/alqueriaartistica\/2023\/03\/22\/la-estetica-de-las-palabras-4\/img_0903-3\/'><img decoding=\"async\" width=\"474\" height=\"356\" src=\"https:\/\/cloud.alqueria.es\/wp-content\/uploads\/sites\/12\/2023\/03\/IMG_0903.jpg\" class=\"attachment-large size-large\" alt=\"\" srcset=\"https:\/\/cloud.alqueria.es\/wp-content\/uploads\/sites\/12\/2023\/03\/IMG_0903.jpg 640w, https:\/\/cloud.alqueria.es\/wp-content\/uploads\/sites\/12\/2023\/03\/IMG_0903-300x225.jpg 300w\" sizes=\"(max-width: 474px) 100vw, 474px\" data-attachment-id=\"38886\" data-permalink=\"https:\/\/www.alqueria.es\/blogs\/alqueriaartistica\/2023\/03\/22\/la-estetica-de-las-palabras-4\/img_0903-3\/\" data-orig-file=\"https:\/\/cloud.alqueria.es\/wp-content\/uploads\/sites\/12\/2023\/03\/IMG_0903.jpg\" data-orig-size=\"640,480\" data-comments-opened=\"1\" data-image-meta=\"{&quot;aperture&quot;:&quot;2.7&quot;,&quot;credit&quot;:&quot;&quot;,&quot;camera&quot;:&quot;Canon IXUS 125 HS&quot;,&quot;caption&quot;:&quot;&quot;,&quot;created_timestamp&quot;:&quot;1677859811&quot;,&quot;copyright&quot;:&quot;&quot;,&quot;focal_length&quot;:&quot;4.3&quot;,&quot;iso&quot;:&quot;500&quot;,&quot;shutter_speed&quot;:&quot;0.016666666666667&quot;,&quot;title&quot;:&quot;&quot;,&quot;orientation&quot;:&quot;1&quot;}\" data-image-title=\"IMG_0903\" data-image-description=\"\" data-image-caption=\"\" data-large-file=\"https:\/\/cloud.alqueria.es\/wp-content\/uploads\/sites\/12\/2023\/03\/IMG_0903.jpg\" \/><\/a>\n\t\t\t<\/div><\/figure><figure class='gallery-item'>\n\t\t\t<div class='gallery-icon landscape'>\n\t\t\t\t<a href='https:\/\/www.alqueria.es\/blogs\/alqueriaartistica\/2023\/03\/22\/la-estetica-de-las-palabras-4\/img_0894-5\/'><img decoding=\"async\" width=\"474\" height=\"356\" src=\"https:\/\/cloud.alqueria.es\/wp-content\/uploads\/sites\/12\/2023\/03\/IMG_0894.jpg\" class=\"attachment-large size-large\" alt=\"\" srcset=\"https:\/\/cloud.alqueria.es\/wp-content\/uploads\/sites\/12\/2023\/03\/IMG_0894.jpg 640w, https:\/\/cloud.alqueria.es\/wp-content\/uploads\/sites\/12\/2023\/03\/IMG_0894-300x225.jpg 300w\" sizes=\"(max-width: 474px) 100vw, 474px\" data-attachment-id=\"38887\" data-permalink=\"https:\/\/www.alqueria.es\/blogs\/alqueriaartistica\/2023\/03\/22\/la-estetica-de-las-palabras-4\/img_0894-5\/\" data-orig-file=\"https:\/\/cloud.alqueria.es\/wp-content\/uploads\/sites\/12\/2023\/03\/IMG_0894.jpg\" data-orig-size=\"640,480\" data-comments-opened=\"1\" data-image-meta=\"{&quot;aperture&quot;:&quot;2.7&quot;,&quot;credit&quot;:&quot;&quot;,&quot;camera&quot;:&quot;Canon IXUS 125 HS&quot;,&quot;caption&quot;:&quot;&quot;,&quot;created_timestamp&quot;:&quot;1677859665&quot;,&quot;copyright&quot;:&quot;&quot;,&quot;focal_length&quot;:&quot;4.3&quot;,&quot;iso&quot;:&quot;400&quot;,&quot;shutter_speed&quot;:&quot;0.033333333333333&quot;,&quot;title&quot;:&quot;&quot;,&quot;orientation&quot;:&quot;1&quot;}\" data-image-title=\"IMG_0894\" data-image-description=\"\" data-image-caption=\"\" data-large-file=\"https:\/\/cloud.alqueria.es\/wp-content\/uploads\/sites\/12\/2023\/03\/IMG_0894.jpg\" \/><\/a>\n\t\t\t<\/div><\/figure>\n\t\t<\/div>\n\n<p>Al comienzo de este trabajo, cuando les dije que \u00edbamos a trabajar con letras me preguntaban que c\u00f3mo se hac\u00eda arte con las letras. Esta actividad ha supuesto tambi\u00e9n una oportunidad de entender que el dise\u00f1o de diferentes tipograf\u00edas, integrado en una composici\u00f3n, nos puede dar como resultado una obra art\u00edstica.<\/p>\n<p>Ana Mart\u00edn<\/p>\n","protected":false},"excerpt":{"rendered":"<p>Los alumnos de primero han trabajado en esta actividad de composici\u00f3n art\u00edstica que se ha desarrollado en distintas fases. Lo primero que hicimos fue el dise\u00f1o de letras y palabras. Les hablamos de la importancia de las palabras. Con las palabras creamos nuestra propia realidad, expresamos pensamientos que pueden influir en uno mismo y en &hellip; <a href=\"https:\/\/www.alqueria.es\/blogs\/alqueriaartistica\/2023\/03\/22\/la-estetica-de-las-palabras-4\/\" class=\"more-link\">Seguir leyendo <span class=\"screen-reader-text\">LA EST\u00c9TICA DE LAS PALABRAS<\/span> <span class=\"meta-nav\">&rarr;<\/span><\/a><\/p>\n","protected":false},"author":34,"featured_media":0,"comment_status":"open","ping_status":"open","sticky":false,"template":"","format":"standard","meta":{"jetpack_post_was_ever_published":false,"_jetpack_newsletter_access":"","_jetpack_dont_email_post_to_subs":false,"_jetpack_newsletter_tier_id":0,"_jetpack_memberships_contains_paywalled_content":false,"_jetpack_memberships_contains_paid_content":false,"footnotes":"","jetpack_publicize_message":"","jetpack_publicize_feature_enabled":true,"jetpack_social_post_already_shared":true,"jetpack_social_options":{"image_generator_settings":{"template":"highway","default_image_id":0,"font":"","enabled":false},"version":2}},"categories":[9],"tags":[112,412,434,91],"class_list":["post-38846","post","type-post","status-publish","format-standard","hentry","category-1o-epo","tag-arte-abstracto","tag-composicion-artistica","tag-diseno-de-letras","tag-educacion-artistica-y-visual"],"jetpack_publicize_connections":[],"jetpack_featured_media_url":"","jetpack_sharing_enabled":true,"jetpack_shortlink":"https:\/\/wp.me\/p4mcJu-a6y","_links":{"self":[{"href":"https:\/\/www.alqueria.es\/blogs\/alqueriaartistica\/wp-json\/wp\/v2\/posts\/38846","targetHints":{"allow":["GET"]}}],"collection":[{"href":"https:\/\/www.alqueria.es\/blogs\/alqueriaartistica\/wp-json\/wp\/v2\/posts"}],"about":[{"href":"https:\/\/www.alqueria.es\/blogs\/alqueriaartistica\/wp-json\/wp\/v2\/types\/post"}],"author":[{"embeddable":true,"href":"https:\/\/www.alqueria.es\/blogs\/alqueriaartistica\/wp-json\/wp\/v2\/users\/34"}],"replies":[{"embeddable":true,"href":"https:\/\/www.alqueria.es\/blogs\/alqueriaartistica\/wp-json\/wp\/v2\/comments?post=38846"}],"version-history":[{"count":2,"href":"https:\/\/www.alqueria.es\/blogs\/alqueriaartistica\/wp-json\/wp\/v2\/posts\/38846\/revisions"}],"predecessor-version":[{"id":38889,"href":"https:\/\/www.alqueria.es\/blogs\/alqueriaartistica\/wp-json\/wp\/v2\/posts\/38846\/revisions\/38889"}],"wp:attachment":[{"href":"https:\/\/www.alqueria.es\/blogs\/alqueriaartistica\/wp-json\/wp\/v2\/media?parent=38846"}],"wp:term":[{"taxonomy":"category","embeddable":true,"href":"https:\/\/www.alqueria.es\/blogs\/alqueriaartistica\/wp-json\/wp\/v2\/categories?post=38846"},{"taxonomy":"post_tag","embeddable":true,"href":"https:\/\/www.alqueria.es\/blogs\/alqueriaartistica\/wp-json\/wp\/v2\/tags?post=38846"}],"curies":[{"name":"wp","href":"https:\/\/api.w.org\/{rel}","templated":true}]}}