{"id":40031,"date":"2023-10-26T20:52:59","date_gmt":"2023-10-26T18:52:59","guid":{"rendered":"https:\/\/www.alqueria.es\/blogs\/alqueriaartistica\/?p=40031"},"modified":"2023-10-26T20:58:11","modified_gmt":"2023-10-26T18:58:11","slug":"plantas-del-jardin-y-del-huerto-de-alqueria","status":"publish","type":"post","link":"https:\/\/www.alqueria.es\/blogs\/alqueriaartistica\/2023\/10\/26\/plantas-del-jardin-y-del-huerto-de-alqueria\/","title":{"rendered":"PLANTAS DEL JARD\u00cdN Y DEL HUERTO DE ALQUERIA"},"content":{"rendered":"<div data-carousel-extra='{&quot;blog_id&quot;:12,&quot;permalink&quot;:&quot;https:\/\/www.alqueria.es\/blogs\/alqueriaartistica\/2023\/10\/26\/plantas-del-jardin-y-del-huerto-de-alqueria\/&quot;}' id='gallery-1' class='gallery galleryid-40031 gallery-columns-3 gallery-size-large'><figure class='gallery-item'>\n\t\t\t<div class='gallery-icon landscape'>\n\t\t\t\t<a href='https:\/\/www.alqueria.es\/blogs\/alqueriaartistica\/2023\/10\/26\/plantas-del-jardin-y-del-huerto-de-alqueria\/img_3006-3\/'><img decoding=\"async\" width=\"474\" height=\"356\" src=\"https:\/\/cloud.alqueria.es\/wp-content\/uploads\/sites\/12\/2023\/10\/IMG_3006.jpg\" class=\"attachment-large size-large\" alt=\"\" srcset=\"https:\/\/cloud.alqueria.es\/wp-content\/uploads\/sites\/12\/2023\/10\/IMG_3006.jpg 640w, https:\/\/cloud.alqueria.es\/wp-content\/uploads\/sites\/12\/2023\/10\/IMG_3006-300x225.jpg 300w\" sizes=\"(max-width: 474px) 100vw, 474px\" data-attachment-id=\"40032\" data-permalink=\"https:\/\/www.alqueria.es\/blogs\/alqueriaartistica\/2023\/10\/26\/plantas-del-jardin-y-del-huerto-de-alqueria\/img_3006-3\/\" data-orig-file=\"https:\/\/cloud.alqueria.es\/wp-content\/uploads\/sites\/12\/2023\/10\/IMG_3006.jpg\" data-orig-size=\"640,480\" data-comments-opened=\"1\" data-image-meta=\"{&quot;aperture&quot;:&quot;2.7&quot;,&quot;credit&quot;:&quot;&quot;,&quot;camera&quot;:&quot;Canon IXUS 125 HS&quot;,&quot;caption&quot;:&quot;&quot;,&quot;created_timestamp&quot;:&quot;1697473413&quot;,&quot;copyright&quot;:&quot;&quot;,&quot;focal_length&quot;:&quot;4.3&quot;,&quot;iso&quot;:&quot;100&quot;,&quot;shutter_speed&quot;:&quot;0.008&quot;,&quot;title&quot;:&quot;&quot;,&quot;orientation&quot;:&quot;1&quot;}\" data-image-title=\"IMG_3006\" data-image-description=\"\" data-image-caption=\"\" data-large-file=\"https:\/\/cloud.alqueria.es\/wp-content\/uploads\/sites\/12\/2023\/10\/IMG_3006.jpg\" \/><\/a>\n\t\t\t<\/div><\/figure><figure class='gallery-item'>\n\t\t\t<div class='gallery-icon portrait'>\n\t\t\t\t<a href='https:\/\/www.alqueria.es\/blogs\/alqueriaartistica\/2023\/10\/26\/plantas-del-jardin-y-del-huerto-de-alqueria\/img_3009-2\/'><img decoding=\"async\" width=\"474\" height=\"632\" src=\"https:\/\/cloud.alqueria.es\/wp-content\/uploads\/sites\/12\/2023\/10\/IMG_3009.jpg\" class=\"attachment-large size-large\" alt=\"\" srcset=\"https:\/\/cloud.alqueria.es\/wp-content\/uploads\/sites\/12\/2023\/10\/IMG_3009.jpg 480w, https:\/\/cloud.alqueria.es\/wp-content\/uploads\/sites\/12\/2023\/10\/IMG_3009-225x300.jpg 225w\" sizes=\"(max-width: 474px) 100vw, 474px\" data-attachment-id=\"40035\" data-permalink=\"https:\/\/www.alqueria.es\/blogs\/alqueriaartistica\/2023\/10\/26\/plantas-del-jardin-y-del-huerto-de-alqueria\/img_3009-2\/\" data-orig-file=\"https:\/\/cloud.alqueria.es\/wp-content\/uploads\/sites\/12\/2023\/10\/IMG_3009.jpg\" data-orig-size=\"480,640\" data-comments-opened=\"1\" data-image-meta=\"{&quot;aperture&quot;:&quot;2.7&quot;,&quot;credit&quot;:&quot;&quot;,&quot;camera&quot;:&quot;Canon IXUS 125 HS&quot;,&quot;caption&quot;:&quot;&quot;,&quot;created_timestamp&quot;:&quot;1697473438&quot;,&quot;copyright&quot;:&quot;&quot;,&quot;focal_length&quot;:&quot;4.3&quot;,&quot;iso&quot;:&quot;400&quot;,&quot;shutter_speed&quot;:&quot;0.002&quot;,&quot;title&quot;:&quot;&quot;,&quot;orientation&quot;:&quot;0&quot;}\" data-image-title=\"IMG_3009\" data-image-description=\"\" data-image-caption=\"\" data-large-file=\"https:\/\/cloud.alqueria.es\/wp-content\/uploads\/sites\/12\/2023\/10\/IMG_3009.jpg\" \/><\/a>\n\t\t\t<\/div><\/figure><figure class='gallery-item'>\n\t\t\t<div class='gallery-icon portrait'>\n\t\t\t\t<a href='https:\/\/www.alqueria.es\/blogs\/alqueriaartistica\/2023\/10\/26\/plantas-del-jardin-y-del-huerto-de-alqueria\/img_3011-2\/'><img decoding=\"async\" width=\"474\" height=\"632\" src=\"https:\/\/cloud.alqueria.es\/wp-content\/uploads\/sites\/12\/2023\/10\/IMG_3011.jpg\" class=\"attachment-large size-large\" alt=\"\" srcset=\"https:\/\/cloud.alqueria.es\/wp-content\/uploads\/sites\/12\/2023\/10\/IMG_3011.jpg 480w, https:\/\/cloud.alqueria.es\/wp-content\/uploads\/sites\/12\/2023\/10\/IMG_3011-225x300.jpg 225w\" sizes=\"(max-width: 474px) 100vw, 474px\" data-attachment-id=\"40036\" data-permalink=\"https:\/\/www.alqueria.es\/blogs\/alqueriaartistica\/2023\/10\/26\/plantas-del-jardin-y-del-huerto-de-alqueria\/img_3011-2\/\" data-orig-file=\"https:\/\/cloud.alqueria.es\/wp-content\/uploads\/sites\/12\/2023\/10\/IMG_3011.jpg\" data-orig-size=\"480,640\" data-comments-opened=\"1\" data-image-meta=\"{&quot;aperture&quot;:&quot;2.7&quot;,&quot;credit&quot;:&quot;&quot;,&quot;camera&quot;:&quot;Canon IXUS 125 HS&quot;,&quot;caption&quot;:&quot;&quot;,&quot;created_timestamp&quot;:&quot;1697473449&quot;,&quot;copyright&quot;:&quot;&quot;,&quot;focal_length&quot;:&quot;4.3&quot;,&quot;iso&quot;:&quot;100&quot;,&quot;shutter_speed&quot;:&quot;0.008&quot;,&quot;title&quot;:&quot;&quot;,&quot;orientation&quot;:&quot;1&quot;}\" data-image-title=\"IMG_3011\" data-image-description=\"\" data-image-caption=\"\" data-large-file=\"https:\/\/cloud.alqueria.es\/wp-content\/uploads\/sites\/12\/2023\/10\/IMG_3011.jpg\" \/><\/a>\n\t\t\t<\/div><\/figure><figure class='gallery-item'>\n\t\t\t<div class='gallery-icon portrait'>\n\t\t\t\t<a href='https:\/\/www.alqueria.es\/blogs\/alqueriaartistica\/2023\/10\/26\/plantas-del-jardin-y-del-huerto-de-alqueria\/img_3012-3\/'><img decoding=\"async\" width=\"474\" height=\"632\" src=\"https:\/\/cloud.alqueria.es\/wp-content\/uploads\/sites\/12\/2023\/10\/IMG_3012.jpg\" class=\"attachment-large size-large\" alt=\"\" srcset=\"https:\/\/cloud.alqueria.es\/wp-content\/uploads\/sites\/12\/2023\/10\/IMG_3012.jpg 480w, https:\/\/cloud.alqueria.es\/wp-content\/uploads\/sites\/12\/2023\/10\/IMG_3012-225x300.jpg 225w\" sizes=\"(max-width: 474px) 100vw, 474px\" data-attachment-id=\"40037\" data-permalink=\"https:\/\/www.alqueria.es\/blogs\/alqueriaartistica\/2023\/10\/26\/plantas-del-jardin-y-del-huerto-de-alqueria\/img_3012-3\/\" data-orig-file=\"https:\/\/cloud.alqueria.es\/wp-content\/uploads\/sites\/12\/2023\/10\/IMG_3012.jpg\" data-orig-size=\"480,640\" data-comments-opened=\"1\" data-image-meta=\"{&quot;aperture&quot;:&quot;2.7&quot;,&quot;credit&quot;:&quot;&quot;,&quot;camera&quot;:&quot;Canon IXUS 125 HS&quot;,&quot;caption&quot;:&quot;&quot;,&quot;created_timestamp&quot;:&quot;1697473455&quot;,&quot;copyright&quot;:&quot;&quot;,&quot;focal_length&quot;:&quot;4.3&quot;,&quot;iso&quot;:&quot;100&quot;,&quot;shutter_speed&quot;:&quot;0.0125&quot;,&quot;title&quot;:&quot;&quot;,&quot;orientation&quot;:&quot;1&quot;}\" data-image-title=\"IMG_3012\" data-image-description=\"\" data-image-caption=\"\" data-large-file=\"https:\/\/cloud.alqueria.es\/wp-content\/uploads\/sites\/12\/2023\/10\/IMG_3012.jpg\" \/><\/a>\n\t\t\t<\/div><\/figure><figure class='gallery-item'>\n\t\t\t<div class='gallery-icon portrait'>\n\t\t\t\t<a href='https:\/\/www.alqueria.es\/blogs\/alqueriaartistica\/2023\/10\/26\/plantas-del-jardin-y-del-huerto-de-alqueria\/img_3013-2\/'><img decoding=\"async\" width=\"474\" height=\"632\" src=\"https:\/\/cloud.alqueria.es\/wp-content\/uploads\/sites\/12\/2023\/10\/IMG_3013.jpg\" class=\"attachment-large size-large\" alt=\"\" srcset=\"https:\/\/cloud.alqueria.es\/wp-content\/uploads\/sites\/12\/2023\/10\/IMG_3013.jpg 480w, https:\/\/cloud.alqueria.es\/wp-content\/uploads\/sites\/12\/2023\/10\/IMG_3013-225x300.jpg 225w\" sizes=\"(max-width: 474px) 100vw, 474px\" data-attachment-id=\"40038\" data-permalink=\"https:\/\/www.alqueria.es\/blogs\/alqueriaartistica\/2023\/10\/26\/plantas-del-jardin-y-del-huerto-de-alqueria\/img_3013-2\/\" data-orig-file=\"https:\/\/cloud.alqueria.es\/wp-content\/uploads\/sites\/12\/2023\/10\/IMG_3013.jpg\" data-orig-size=\"480,640\" data-comments-opened=\"1\" data-image-meta=\"{&quot;aperture&quot;:&quot;2.7&quot;,&quot;credit&quot;:&quot;&quot;,&quot;camera&quot;:&quot;Canon IXUS 125 HS&quot;,&quot;caption&quot;:&quot;&quot;,&quot;created_timestamp&quot;:&quot;1697473461&quot;,&quot;copyright&quot;:&quot;&quot;,&quot;focal_length&quot;:&quot;4.3&quot;,&quot;iso&quot;:&quot;100&quot;,&quot;shutter_speed&quot;:&quot;0.008&quot;,&quot;title&quot;:&quot;&quot;,&quot;orientation&quot;:&quot;1&quot;}\" data-image-title=\"IMG_3013\" data-image-description=\"\" data-image-caption=\"\" data-large-file=\"https:\/\/cloud.alqueria.es\/wp-content\/uploads\/sites\/12\/2023\/10\/IMG_3013.jpg\" \/><\/a>\n\t\t\t<\/div><\/figure><figure class='gallery-item'>\n\t\t\t<div class='gallery-icon portrait'>\n\t\t\t\t<a href='https:\/\/www.alqueria.es\/blogs\/alqueriaartistica\/2023\/10\/26\/plantas-del-jardin-y-del-huerto-de-alqueria\/img_3014-2\/'><img decoding=\"async\" width=\"474\" height=\"632\" src=\"https:\/\/cloud.alqueria.es\/wp-content\/uploads\/sites\/12\/2023\/10\/IMG_3014.jpg\" class=\"attachment-large size-large\" alt=\"\" srcset=\"https:\/\/cloud.alqueria.es\/wp-content\/uploads\/sites\/12\/2023\/10\/IMG_3014.jpg 480w, https:\/\/cloud.alqueria.es\/wp-content\/uploads\/sites\/12\/2023\/10\/IMG_3014-225x300.jpg 225w\" sizes=\"(max-width: 474px) 100vw, 474px\" data-attachment-id=\"40039\" data-permalink=\"https:\/\/www.alqueria.es\/blogs\/alqueriaartistica\/2023\/10\/26\/plantas-del-jardin-y-del-huerto-de-alqueria\/img_3014-2\/\" data-orig-file=\"https:\/\/cloud.alqueria.es\/wp-content\/uploads\/sites\/12\/2023\/10\/IMG_3014.jpg\" data-orig-size=\"480,640\" data-comments-opened=\"1\" data-image-meta=\"{&quot;aperture&quot;:&quot;2.7&quot;,&quot;credit&quot;:&quot;&quot;,&quot;camera&quot;:&quot;Canon IXUS 125 HS&quot;,&quot;caption&quot;:&quot;&quot;,&quot;created_timestamp&quot;:&quot;1697473466&quot;,&quot;copyright&quot;:&quot;&quot;,&quot;focal_length&quot;:&quot;4.3&quot;,&quot;iso&quot;:&quot;100&quot;,&quot;shutter_speed&quot;:&quot;0.01&quot;,&quot;title&quot;:&quot;&quot;,&quot;orientation&quot;:&quot;1&quot;}\" data-image-title=\"IMG_3014\" data-image-description=\"\" data-image-caption=\"\" data-large-file=\"https:\/\/cloud.alqueria.es\/wp-content\/uploads\/sites\/12\/2023\/10\/IMG_3014.jpg\" \/><\/a>\n\t\t\t<\/div><\/figure><figure class='gallery-item'>\n\t\t\t<div class='gallery-icon portrait'>\n\t\t\t\t<a href='https:\/\/www.alqueria.es\/blogs\/alqueriaartistica\/2023\/10\/26\/plantas-del-jardin-y-del-huerto-de-alqueria\/img_3015-3\/'><img decoding=\"async\" width=\"474\" height=\"632\" src=\"https:\/\/cloud.alqueria.es\/wp-content\/uploads\/sites\/12\/2023\/10\/IMG_3015.jpg\" class=\"attachment-large size-large\" alt=\"\" srcset=\"https:\/\/cloud.alqueria.es\/wp-content\/uploads\/sites\/12\/2023\/10\/IMG_3015.jpg 480w, https:\/\/cloud.alqueria.es\/wp-content\/uploads\/sites\/12\/2023\/10\/IMG_3015-225x300.jpg 225w\" sizes=\"(max-width: 474px) 100vw, 474px\" data-attachment-id=\"40040\" data-permalink=\"https:\/\/www.alqueria.es\/blogs\/alqueriaartistica\/2023\/10\/26\/plantas-del-jardin-y-del-huerto-de-alqueria\/img_3015-3\/\" data-orig-file=\"https:\/\/cloud.alqueria.es\/wp-content\/uploads\/sites\/12\/2023\/10\/IMG_3015.jpg\" data-orig-size=\"480,640\" data-comments-opened=\"1\" data-image-meta=\"{&quot;aperture&quot;:&quot;2.7&quot;,&quot;credit&quot;:&quot;&quot;,&quot;camera&quot;:&quot;Canon IXUS 125 HS&quot;,&quot;caption&quot;:&quot;&quot;,&quot;created_timestamp&quot;:&quot;1697473473&quot;,&quot;copyright&quot;:&quot;&quot;,&quot;focal_length&quot;:&quot;4.3&quot;,&quot;iso&quot;:&quot;100&quot;,&quot;shutter_speed&quot;:&quot;0.01&quot;,&quot;title&quot;:&quot;&quot;,&quot;orientation&quot;:&quot;1&quot;}\" data-image-title=\"IMG_3015\" data-image-description=\"\" data-image-caption=\"\" data-large-file=\"https:\/\/cloud.alqueria.es\/wp-content\/uploads\/sites\/12\/2023\/10\/IMG_3015.jpg\" \/><\/a>\n\t\t\t<\/div><\/figure><figure class='gallery-item'>\n\t\t\t<div class='gallery-icon landscape'>\n\t\t\t\t<a href='https:\/\/www.alqueria.es\/blogs\/alqueriaartistica\/2023\/10\/26\/plantas-del-jardin-y-del-huerto-de-alqueria\/img_3016-2\/'><img decoding=\"async\" width=\"474\" height=\"356\" src=\"https:\/\/cloud.alqueria.es\/wp-content\/uploads\/sites\/12\/2023\/10\/IMG_3016.jpg\" class=\"attachment-large size-large\" alt=\"\" srcset=\"https:\/\/cloud.alqueria.es\/wp-content\/uploads\/sites\/12\/2023\/10\/IMG_3016.jpg 640w, https:\/\/cloud.alqueria.es\/wp-content\/uploads\/sites\/12\/2023\/10\/IMG_3016-300x225.jpg 300w\" sizes=\"(max-width: 474px) 100vw, 474px\" data-attachment-id=\"40041\" data-permalink=\"https:\/\/www.alqueria.es\/blogs\/alqueriaartistica\/2023\/10\/26\/plantas-del-jardin-y-del-huerto-de-alqueria\/img_3016-2\/\" data-orig-file=\"https:\/\/cloud.alqueria.es\/wp-content\/uploads\/sites\/12\/2023\/10\/IMG_3016.jpg\" data-orig-size=\"640,480\" data-comments-opened=\"1\" data-image-meta=\"{&quot;aperture&quot;:&quot;2.7&quot;,&quot;credit&quot;:&quot;&quot;,&quot;camera&quot;:&quot;Canon IXUS 125 HS&quot;,&quot;caption&quot;:&quot;&quot;,&quot;created_timestamp&quot;:&quot;1697473483&quot;,&quot;copyright&quot;:&quot;&quot;,&quot;focal_length&quot;:&quot;4.3&quot;,&quot;iso&quot;:&quot;100&quot;,&quot;shutter_speed&quot;:&quot;0.0125&quot;,&quot;title&quot;:&quot;&quot;,&quot;orientation&quot;:&quot;0&quot;}\" data-image-title=\"IMG_3016\" data-image-description=\"\" data-image-caption=\"\" data-large-file=\"https:\/\/cloud.alqueria.es\/wp-content\/uploads\/sites\/12\/2023\/10\/IMG_3016.jpg\" \/><\/a>\n\t\t\t<\/div><\/figure><figure class='gallery-item'>\n\t\t\t<div class='gallery-icon portrait'>\n\t\t\t\t<a href='https:\/\/www.alqueria.es\/blogs\/alqueriaartistica\/2023\/10\/26\/plantas-del-jardin-y-del-huerto-de-alqueria\/img_3017-4\/'><img decoding=\"async\" width=\"474\" height=\"632\" src=\"https:\/\/cloud.alqueria.es\/wp-content\/uploads\/sites\/12\/2023\/10\/IMG_3017.jpg\" class=\"attachment-large size-large\" alt=\"\" srcset=\"https:\/\/cloud.alqueria.es\/wp-content\/uploads\/sites\/12\/2023\/10\/IMG_3017.jpg 480w, https:\/\/cloud.alqueria.es\/wp-content\/uploads\/sites\/12\/2023\/10\/IMG_3017-225x300.jpg 225w\" sizes=\"(max-width: 474px) 100vw, 474px\" data-attachment-id=\"40042\" data-permalink=\"https:\/\/www.alqueria.es\/blogs\/alqueriaartistica\/2023\/10\/26\/plantas-del-jardin-y-del-huerto-de-alqueria\/img_3017-4\/\" data-orig-file=\"https:\/\/cloud.alqueria.es\/wp-content\/uploads\/sites\/12\/2023\/10\/IMG_3017.jpg\" data-orig-size=\"480,640\" data-comments-opened=\"1\" data-image-meta=\"{&quot;aperture&quot;:&quot;2.7&quot;,&quot;credit&quot;:&quot;&quot;,&quot;camera&quot;:&quot;Canon IXUS 125 HS&quot;,&quot;caption&quot;:&quot;&quot;,&quot;created_timestamp&quot;:&quot;1697474048&quot;,&quot;copyright&quot;:&quot;&quot;,&quot;focal_length&quot;:&quot;4.3&quot;,&quot;iso&quot;:&quot;100&quot;,&quot;shutter_speed&quot;:&quot;0.008&quot;,&quot;title&quot;:&quot;&quot;,&quot;orientation&quot;:&quot;0&quot;}\" data-image-title=\"IMG_3017\" data-image-description=\"\" data-image-caption=\"\" data-large-file=\"https:\/\/cloud.alqueria.es\/wp-content\/uploads\/sites\/12\/2023\/10\/IMG_3017.jpg\" \/><\/a>\n\t\t\t<\/div><\/figure><figure class='gallery-item'>\n\t\t\t<div class='gallery-icon portrait'>\n\t\t\t\t<a href='https:\/\/www.alqueria.es\/blogs\/alqueriaartistica\/2023\/10\/26\/plantas-del-jardin-y-del-huerto-de-alqueria\/img_3018-2\/'><img decoding=\"async\" width=\"474\" height=\"632\" src=\"https:\/\/cloud.alqueria.es\/wp-content\/uploads\/sites\/12\/2023\/10\/IMG_3018.jpg\" class=\"attachment-large size-large\" alt=\"\" srcset=\"https:\/\/cloud.alqueria.es\/wp-content\/uploads\/sites\/12\/2023\/10\/IMG_3018.jpg 480w, https:\/\/cloud.alqueria.es\/wp-content\/uploads\/sites\/12\/2023\/10\/IMG_3018-225x300.jpg 225w\" sizes=\"(max-width: 474px) 100vw, 474px\" data-attachment-id=\"40043\" data-permalink=\"https:\/\/www.alqueria.es\/blogs\/alqueriaartistica\/2023\/10\/26\/plantas-del-jardin-y-del-huerto-de-alqueria\/img_3018-2\/\" data-orig-file=\"https:\/\/cloud.alqueria.es\/wp-content\/uploads\/sites\/12\/2023\/10\/IMG_3018.jpg\" data-orig-size=\"480,640\" data-comments-opened=\"1\" data-image-meta=\"{&quot;aperture&quot;:&quot;2.7&quot;,&quot;credit&quot;:&quot;&quot;,&quot;camera&quot;:&quot;Canon IXUS 125 HS&quot;,&quot;caption&quot;:&quot;&quot;,&quot;created_timestamp&quot;:&quot;1697474052&quot;,&quot;copyright&quot;:&quot;&quot;,&quot;focal_length&quot;:&quot;4.3&quot;,&quot;iso&quot;:&quot;100&quot;,&quot;shutter_speed&quot;:&quot;0.01&quot;,&quot;title&quot;:&quot;&quot;,&quot;orientation&quot;:&quot;0&quot;}\" data-image-title=\"IMG_3018\" data-image-description=\"\" data-image-caption=\"\" data-large-file=\"https:\/\/cloud.alqueria.es\/wp-content\/uploads\/sites\/12\/2023\/10\/IMG_3018.jpg\" \/><\/a>\n\t\t\t<\/div><\/figure><figure class='gallery-item'>\n\t\t\t<div class='gallery-icon portrait'>\n\t\t\t\t<a href='https:\/\/www.alqueria.es\/blogs\/alqueriaartistica\/2023\/10\/26\/plantas-del-jardin-y-del-huerto-de-alqueria\/img_3019-2\/'><img decoding=\"async\" width=\"474\" height=\"632\" src=\"https:\/\/cloud.alqueria.es\/wp-content\/uploads\/sites\/12\/2023\/10\/IMG_3019.jpg\" class=\"attachment-large size-large\" alt=\"\" srcset=\"https:\/\/cloud.alqueria.es\/wp-content\/uploads\/sites\/12\/2023\/10\/IMG_3019.jpg 480w, https:\/\/cloud.alqueria.es\/wp-content\/uploads\/sites\/12\/2023\/10\/IMG_3019-225x300.jpg 225w\" sizes=\"(max-width: 474px) 100vw, 474px\" data-attachment-id=\"40044\" data-permalink=\"https:\/\/www.alqueria.es\/blogs\/alqueriaartistica\/2023\/10\/26\/plantas-del-jardin-y-del-huerto-de-alqueria\/img_3019-2\/\" data-orig-file=\"https:\/\/cloud.alqueria.es\/wp-content\/uploads\/sites\/12\/2023\/10\/IMG_3019.jpg\" data-orig-size=\"480,640\" data-comments-opened=\"1\" data-image-meta=\"{&quot;aperture&quot;:&quot;2.7&quot;,&quot;credit&quot;:&quot;&quot;,&quot;camera&quot;:&quot;Canon IXUS 125 HS&quot;,&quot;caption&quot;:&quot;&quot;,&quot;created_timestamp&quot;:&quot;1697474059&quot;,&quot;copyright&quot;:&quot;&quot;,&quot;focal_length&quot;:&quot;4.3&quot;,&quot;iso&quot;:&quot;100&quot;,&quot;shutter_speed&quot;:&quot;0.0125&quot;,&quot;title&quot;:&quot;&quot;,&quot;orientation&quot;:&quot;0&quot;}\" data-image-title=\"IMG_3019\" data-image-description=\"\" data-image-caption=\"\" data-large-file=\"https:\/\/cloud.alqueria.es\/wp-content\/uploads\/sites\/12\/2023\/10\/IMG_3019.jpg\" \/><\/a>\n\t\t\t<\/div><\/figure><figure class='gallery-item'>\n\t\t\t<div class='gallery-icon portrait'>\n\t\t\t\t<a href='https:\/\/www.alqueria.es\/blogs\/alqueriaartistica\/2023\/10\/26\/plantas-del-jardin-y-del-huerto-de-alqueria\/img_3020-2\/'><img decoding=\"async\" width=\"474\" height=\"632\" src=\"https:\/\/cloud.alqueria.es\/wp-content\/uploads\/sites\/12\/2023\/10\/IMG_3020.jpg\" class=\"attachment-large size-large\" alt=\"\" srcset=\"https:\/\/cloud.alqueria.es\/wp-content\/uploads\/sites\/12\/2023\/10\/IMG_3020.jpg 480w, https:\/\/cloud.alqueria.es\/wp-content\/uploads\/sites\/12\/2023\/10\/IMG_3020-225x300.jpg 225w\" sizes=\"(max-width: 474px) 100vw, 474px\" data-attachment-id=\"40045\" data-permalink=\"https:\/\/www.alqueria.es\/blogs\/alqueriaartistica\/2023\/10\/26\/plantas-del-jardin-y-del-huerto-de-alqueria\/img_3020-2\/\" data-orig-file=\"https:\/\/cloud.alqueria.es\/wp-content\/uploads\/sites\/12\/2023\/10\/IMG_3020.jpg\" data-orig-size=\"480,640\" data-comments-opened=\"1\" data-image-meta=\"{&quot;aperture&quot;:&quot;2.7&quot;,&quot;credit&quot;:&quot;&quot;,&quot;camera&quot;:&quot;Canon IXUS 125 HS&quot;,&quot;caption&quot;:&quot;&quot;,&quot;created_timestamp&quot;:&quot;1697474064&quot;,&quot;copyright&quot;:&quot;&quot;,&quot;focal_length&quot;:&quot;4.3&quot;,&quot;iso&quot;:&quot;100&quot;,&quot;shutter_speed&quot;:&quot;0.0125&quot;,&quot;title&quot;:&quot;&quot;,&quot;orientation&quot;:&quot;0&quot;}\" data-image-title=\"IMG_3020\" data-image-description=\"\" data-image-caption=\"\" data-large-file=\"https:\/\/cloud.alqueria.es\/wp-content\/uploads\/sites\/12\/2023\/10\/IMG_3020.jpg\" \/><\/a>\n\t\t\t<\/div><\/figure><figure class='gallery-item'>\n\t\t\t<div class='gallery-icon portrait'>\n\t\t\t\t<a href='https:\/\/www.alqueria.es\/blogs\/alqueriaartistica\/2023\/10\/26\/plantas-del-jardin-y-del-huerto-de-alqueria\/img_3021-2\/'><img decoding=\"async\" width=\"474\" height=\"632\" src=\"https:\/\/cloud.alqueria.es\/wp-content\/uploads\/sites\/12\/2023\/10\/IMG_3021.jpg\" class=\"attachment-large size-large\" alt=\"\" srcset=\"https:\/\/cloud.alqueria.es\/wp-content\/uploads\/sites\/12\/2023\/10\/IMG_3021.jpg 480w, https:\/\/cloud.alqueria.es\/wp-content\/uploads\/sites\/12\/2023\/10\/IMG_3021-225x300.jpg 225w\" sizes=\"(max-width: 474px) 100vw, 474px\" data-attachment-id=\"40046\" data-permalink=\"https:\/\/www.alqueria.es\/blogs\/alqueriaartistica\/2023\/10\/26\/plantas-del-jardin-y-del-huerto-de-alqueria\/img_3021-2\/\" data-orig-file=\"https:\/\/cloud.alqueria.es\/wp-content\/uploads\/sites\/12\/2023\/10\/IMG_3021.jpg\" data-orig-size=\"480,640\" data-comments-opened=\"1\" data-image-meta=\"{&quot;aperture&quot;:&quot;2.7&quot;,&quot;credit&quot;:&quot;&quot;,&quot;camera&quot;:&quot;Canon IXUS 125 HS&quot;,&quot;caption&quot;:&quot;&quot;,&quot;created_timestamp&quot;:&quot;1697474068&quot;,&quot;copyright&quot;:&quot;&quot;,&quot;focal_length&quot;:&quot;4.3&quot;,&quot;iso&quot;:&quot;100&quot;,&quot;shutter_speed&quot;:&quot;0.0125&quot;,&quot;title&quot;:&quot;&quot;,&quot;orientation&quot;:&quot;0&quot;}\" data-image-title=\"IMG_3021\" data-image-description=\"\" data-image-caption=\"\" data-large-file=\"https:\/\/cloud.alqueria.es\/wp-content\/uploads\/sites\/12\/2023\/10\/IMG_3021.jpg\" \/><\/a>\n\t\t\t<\/div><\/figure><figure class='gallery-item'>\n\t\t\t<div class='gallery-icon portrait'>\n\t\t\t\t<a href='https:\/\/www.alqueria.es\/blogs\/alqueriaartistica\/2023\/10\/26\/plantas-del-jardin-y-del-huerto-de-alqueria\/img_3022-3\/'><img decoding=\"async\" width=\"474\" height=\"632\" src=\"https:\/\/cloud.alqueria.es\/wp-content\/uploads\/sites\/12\/2023\/10\/IMG_3022.jpg\" class=\"attachment-large size-large\" alt=\"\" srcset=\"https:\/\/cloud.alqueria.es\/wp-content\/uploads\/sites\/12\/2023\/10\/IMG_3022.jpg 480w, https:\/\/cloud.alqueria.es\/wp-content\/uploads\/sites\/12\/2023\/10\/IMG_3022-225x300.jpg 225w\" sizes=\"(max-width: 474px) 100vw, 474px\" data-attachment-id=\"40047\" data-permalink=\"https:\/\/www.alqueria.es\/blogs\/alqueriaartistica\/2023\/10\/26\/plantas-del-jardin-y-del-huerto-de-alqueria\/img_3022-3\/\" data-orig-file=\"https:\/\/cloud.alqueria.es\/wp-content\/uploads\/sites\/12\/2023\/10\/IMG_3022.jpg\" data-orig-size=\"480,640\" data-comments-opened=\"1\" data-image-meta=\"{&quot;aperture&quot;:&quot;2.7&quot;,&quot;credit&quot;:&quot;&quot;,&quot;camera&quot;:&quot;Canon IXUS 125 HS&quot;,&quot;caption&quot;:&quot;&quot;,&quot;created_timestamp&quot;:&quot;1697474073&quot;,&quot;copyright&quot;:&quot;&quot;,&quot;focal_length&quot;:&quot;4.3&quot;,&quot;iso&quot;:&quot;100&quot;,&quot;shutter_speed&quot;:&quot;0.01&quot;,&quot;title&quot;:&quot;&quot;,&quot;orientation&quot;:&quot;1&quot;}\" data-image-title=\"IMG_3022\" data-image-description=\"\" data-image-caption=\"\" data-large-file=\"https:\/\/cloud.alqueria.es\/wp-content\/uploads\/sites\/12\/2023\/10\/IMG_3022.jpg\" \/><\/a>\n\t\t\t<\/div><\/figure><figure class='gallery-item'>\n\t\t\t<div class='gallery-icon portrait'>\n\t\t\t\t<a href='https:\/\/www.alqueria.es\/blogs\/alqueriaartistica\/2023\/10\/26\/plantas-del-jardin-y-del-huerto-de-alqueria\/img_3023-3\/'><img decoding=\"async\" width=\"474\" height=\"632\" src=\"https:\/\/cloud.alqueria.es\/wp-content\/uploads\/sites\/12\/2023\/10\/IMG_3023.jpg\" class=\"attachment-large size-large\" alt=\"\" srcset=\"https:\/\/cloud.alqueria.es\/wp-content\/uploads\/sites\/12\/2023\/10\/IMG_3023.jpg 480w, https:\/\/cloud.alqueria.es\/wp-content\/uploads\/sites\/12\/2023\/10\/IMG_3023-225x300.jpg 225w\" sizes=\"(max-width: 474px) 100vw, 474px\" data-attachment-id=\"40048\" data-permalink=\"https:\/\/www.alqueria.es\/blogs\/alqueriaartistica\/2023\/10\/26\/plantas-del-jardin-y-del-huerto-de-alqueria\/img_3023-3\/\" data-orig-file=\"https:\/\/cloud.alqueria.es\/wp-content\/uploads\/sites\/12\/2023\/10\/IMG_3023.jpg\" data-orig-size=\"480,640\" data-comments-opened=\"1\" data-image-meta=\"{&quot;aperture&quot;:&quot;2.7&quot;,&quot;credit&quot;:&quot;&quot;,&quot;camera&quot;:&quot;Canon IXUS 125 HS&quot;,&quot;caption&quot;:&quot;&quot;,&quot;created_timestamp&quot;:&quot;1697474078&quot;,&quot;copyright&quot;:&quot;&quot;,&quot;focal_length&quot;:&quot;4.3&quot;,&quot;iso&quot;:&quot;100&quot;,&quot;shutter_speed&quot;:&quot;0.01&quot;,&quot;title&quot;:&quot;&quot;,&quot;orientation&quot;:&quot;0&quot;}\" data-image-title=\"IMG_3023\" data-image-description=\"\" data-image-caption=\"\" data-large-file=\"https:\/\/cloud.alqueria.es\/wp-content\/uploads\/sites\/12\/2023\/10\/IMG_3023.jpg\" \/><\/a>\n\t\t\t<\/div><\/figure><figure class='gallery-item'>\n\t\t\t<div class='gallery-icon portrait'>\n\t\t\t\t<a href='https:\/\/www.alqueria.es\/blogs\/alqueriaartistica\/2023\/10\/26\/plantas-del-jardin-y-del-huerto-de-alqueria\/img_3024-3\/'><img decoding=\"async\" width=\"474\" height=\"632\" src=\"https:\/\/cloud.alqueria.es\/wp-content\/uploads\/sites\/12\/2023\/10\/IMG_3024.jpg\" class=\"attachment-large size-large\" alt=\"\" srcset=\"https:\/\/cloud.alqueria.es\/wp-content\/uploads\/sites\/12\/2023\/10\/IMG_3024.jpg 480w, https:\/\/cloud.alqueria.es\/wp-content\/uploads\/sites\/12\/2023\/10\/IMG_3024-225x300.jpg 225w\" sizes=\"(max-width: 474px) 100vw, 474px\" data-attachment-id=\"40049\" data-permalink=\"https:\/\/www.alqueria.es\/blogs\/alqueriaartistica\/2023\/10\/26\/plantas-del-jardin-y-del-huerto-de-alqueria\/img_3024-3\/\" data-orig-file=\"https:\/\/cloud.alqueria.es\/wp-content\/uploads\/sites\/12\/2023\/10\/IMG_3024.jpg\" data-orig-size=\"480,640\" data-comments-opened=\"1\" data-image-meta=\"{&quot;aperture&quot;:&quot;2.7&quot;,&quot;credit&quot;:&quot;&quot;,&quot;camera&quot;:&quot;Canon IXUS 125 HS&quot;,&quot;caption&quot;:&quot;&quot;,&quot;created_timestamp&quot;:&quot;1697474083&quot;,&quot;copyright&quot;:&quot;&quot;,&quot;focal_length&quot;:&quot;4.3&quot;,&quot;iso&quot;:&quot;100&quot;,&quot;shutter_speed&quot;:&quot;0.0125&quot;,&quot;title&quot;:&quot;&quot;,&quot;orientation&quot;:&quot;0&quot;}\" data-image-title=\"IMG_3024\" data-image-description=\"\" data-image-caption=\"\" data-large-file=\"https:\/\/cloud.alqueria.es\/wp-content\/uploads\/sites\/12\/2023\/10\/IMG_3024.jpg\" \/><\/a>\n\t\t\t<\/div><\/figure><figure class='gallery-item'>\n\t\t\t<div class='gallery-icon landscape'>\n\t\t\t\t<a href='https:\/\/www.alqueria.es\/blogs\/alqueriaartistica\/2023\/10\/26\/plantas-del-jardin-y-del-huerto-de-alqueria\/img_3008-3\/'><img decoding=\"async\" width=\"474\" height=\"356\" src=\"https:\/\/cloud.alqueria.es\/wp-content\/uploads\/sites\/12\/2023\/10\/IMG_3008.jpg\" class=\"attachment-large size-large\" alt=\"\" srcset=\"https:\/\/cloud.alqueria.es\/wp-content\/uploads\/sites\/12\/2023\/10\/IMG_3008.jpg 640w, https:\/\/cloud.alqueria.es\/wp-content\/uploads\/sites\/12\/2023\/10\/IMG_3008-300x225.jpg 300w\" sizes=\"(max-width: 474px) 100vw, 474px\" data-attachment-id=\"40034\" data-permalink=\"https:\/\/www.alqueria.es\/blogs\/alqueriaartistica\/2023\/10\/26\/plantas-del-jardin-y-del-huerto-de-alqueria\/img_3008-3\/\" data-orig-file=\"https:\/\/cloud.alqueria.es\/wp-content\/uploads\/sites\/12\/2023\/10\/IMG_3008.jpg\" data-orig-size=\"640,480\" data-comments-opened=\"1\" data-image-meta=\"{&quot;aperture&quot;:&quot;2.7&quot;,&quot;credit&quot;:&quot;&quot;,&quot;camera&quot;:&quot;Canon IXUS 125 HS&quot;,&quot;caption&quot;:&quot;&quot;,&quot;created_timestamp&quot;:&quot;1697473432&quot;,&quot;copyright&quot;:&quot;&quot;,&quot;focal_length&quot;:&quot;4.3&quot;,&quot;iso&quot;:&quot;100&quot;,&quot;shutter_speed&quot;:&quot;0.008&quot;,&quot;title&quot;:&quot;&quot;,&quot;orientation&quot;:&quot;0&quot;}\" data-image-title=\"IMG_3008\" data-image-description=\"\" data-image-caption=\"\" data-large-file=\"https:\/\/cloud.alqueria.es\/wp-content\/uploads\/sites\/12\/2023\/10\/IMG_3008.jpg\" \/><\/a>\n\t\t\t<\/div><\/figure><figure class='gallery-item'>\n\t\t\t<div class='gallery-icon landscape'>\n\t\t\t\t<a href='https:\/\/www.alqueria.es\/blogs\/alqueriaartistica\/2023\/10\/26\/plantas-del-jardin-y-del-huerto-de-alqueria\/img_3007-3\/'><img decoding=\"async\" width=\"474\" height=\"356\" src=\"https:\/\/cloud.alqueria.es\/wp-content\/uploads\/sites\/12\/2023\/10\/IMG_3007.jpg\" class=\"attachment-large size-large\" alt=\"\" srcset=\"https:\/\/cloud.alqueria.es\/wp-content\/uploads\/sites\/12\/2023\/10\/IMG_3007.jpg 640w, https:\/\/cloud.alqueria.es\/wp-content\/uploads\/sites\/12\/2023\/10\/IMG_3007-300x225.jpg 300w\" sizes=\"(max-width: 474px) 100vw, 474px\" data-attachment-id=\"40033\" data-permalink=\"https:\/\/www.alqueria.es\/blogs\/alqueriaartistica\/2023\/10\/26\/plantas-del-jardin-y-del-huerto-de-alqueria\/img_3007-3\/\" data-orig-file=\"https:\/\/cloud.alqueria.es\/wp-content\/uploads\/sites\/12\/2023\/10\/IMG_3007.jpg\" data-orig-size=\"640,480\" data-comments-opened=\"1\" data-image-meta=\"{&quot;aperture&quot;:&quot;2.7&quot;,&quot;credit&quot;:&quot;&quot;,&quot;camera&quot;:&quot;Canon IXUS 125 HS&quot;,&quot;caption&quot;:&quot;&quot;,&quot;created_timestamp&quot;:&quot;1697473422&quot;,&quot;copyright&quot;:&quot;&quot;,&quot;focal_length&quot;:&quot;4.3&quot;,&quot;iso&quot;:&quot;100&quot;,&quot;shutter_speed&quot;:&quot;0.008&quot;,&quot;title&quot;:&quot;&quot;,&quot;orientation&quot;:&quot;0&quot;}\" data-image-title=\"IMG_3007\" data-image-description=\"\" data-image-caption=\"\" data-large-file=\"https:\/\/cloud.alqueria.es\/wp-content\/uploads\/sites\/12\/2023\/10\/IMG_3007.jpg\" \/><\/a>\n\t\t\t<\/div><\/figure>\n\t\t<\/div>\n\n<p>El oto\u00f1o es una de las estaciones del a\u00f1o en la que sentimos que la naturaleza se acerca m\u00e1s a nosotros. Envuelve nuestro \u00e1nimo con las hojas ca\u00eddas, refresca nuestro rostro con las primeras lluvias, nos ofrece sus frutos que nos alimentar\u00e1n en el invierno, nos invita al recogimiento del hogar de la madre tierra, nos alienta a descansar y nos deleita la vista con los variados tonos oto\u00f1ales.<\/p>\n<p>Estamos en la vega, todo esto se percibe conforme nos acercamos al colegio. Y dentro de \u00e9l estamos rodeados de vegetaci\u00f3n. Disfrutamos de un bello jard\u00edn que nos ofrece gran cantidad de plantas y \u00e1rboles frutales: membrillo, nogal, almendro, higuera, caqui, moral, almez, peral, naranjo, parra, n\u00edspero&#8230;\u00a0 \u00a0Los alrededores del huerto y del jard\u00edn de infantil, en el patio, la pista, todos ellos completan la oferta para que nuestros alumnos pueden elegir qu\u00e9 planta quieren dibujar.<\/p>\n<div data-carousel-extra='{&quot;blog_id&quot;:12,&quot;permalink&quot;:&quot;https:\/\/www.alqueria.es\/blogs\/alqueriaartistica\/2023\/10\/26\/plantas-del-jardin-y-del-huerto-de-alqueria\/&quot;}' id='gallery-2' class='gallery galleryid-40031 gallery-columns-2 gallery-size-large'><figure class='gallery-item'>\n\t\t\t<div class='gallery-icon landscape'>\n\t\t\t\t<a href='https:\/\/www.alqueria.es\/blogs\/alqueriaartistica\/2023\/10\/26\/plantas-del-jardin-y-del-huerto-de-alqueria\/img_2862-5\/'><img decoding=\"async\" width=\"474\" height=\"356\" src=\"https:\/\/cloud.alqueria.es\/wp-content\/uploads\/sites\/12\/2023\/10\/IMG_2862.jpg\" class=\"attachment-large size-large\" alt=\"\" srcset=\"https:\/\/cloud.alqueria.es\/wp-content\/uploads\/sites\/12\/2023\/10\/IMG_2862.jpg 640w, https:\/\/cloud.alqueria.es\/wp-content\/uploads\/sites\/12\/2023\/10\/IMG_2862-300x225.jpg 300w\" sizes=\"(max-width: 474px) 100vw, 474px\" data-attachment-id=\"40053\" data-permalink=\"https:\/\/www.alqueria.es\/blogs\/alqueriaartistica\/2023\/10\/26\/plantas-del-jardin-y-del-huerto-de-alqueria\/img_2862-5\/\" data-orig-file=\"https:\/\/cloud.alqueria.es\/wp-content\/uploads\/sites\/12\/2023\/10\/IMG_2862.jpg\" data-orig-size=\"640,480\" data-comments-opened=\"1\" data-image-meta=\"{&quot;aperture&quot;:&quot;2.7&quot;,&quot;credit&quot;:&quot;&quot;,&quot;camera&quot;:&quot;Canon IXUS 125 HS&quot;,&quot;caption&quot;:&quot;&quot;,&quot;created_timestamp&quot;:&quot;1696864557&quot;,&quot;copyright&quot;:&quot;&quot;,&quot;focal_length&quot;:&quot;4.3&quot;,&quot;iso&quot;:&quot;200&quot;,&quot;shutter_speed&quot;:&quot;0.016666666666667&quot;,&quot;title&quot;:&quot;&quot;,&quot;orientation&quot;:&quot;1&quot;}\" data-image-title=\"IMG_2862\" data-image-description=\"\" data-image-caption=\"\" data-large-file=\"https:\/\/cloud.alqueria.es\/wp-content\/uploads\/sites\/12\/2023\/10\/IMG_2862.jpg\" \/><\/a>\n\t\t\t<\/div><\/figure><figure class='gallery-item'>\n\t\t\t<div class='gallery-icon landscape'>\n\t\t\t\t<a href='https:\/\/www.alqueria.es\/blogs\/alqueriaartistica\/2023\/10\/26\/plantas-del-jardin-y-del-huerto-de-alqueria\/img_2860-5\/'><img decoding=\"async\" width=\"474\" height=\"356\" src=\"https:\/\/cloud.alqueria.es\/wp-content\/uploads\/sites\/12\/2023\/10\/IMG_2860.jpg\" class=\"attachment-large size-large\" alt=\"\" srcset=\"https:\/\/cloud.alqueria.es\/wp-content\/uploads\/sites\/12\/2023\/10\/IMG_2860.jpg 640w, https:\/\/cloud.alqueria.es\/wp-content\/uploads\/sites\/12\/2023\/10\/IMG_2860-300x225.jpg 300w\" sizes=\"(max-width: 474px) 100vw, 474px\" data-attachment-id=\"40052\" data-permalink=\"https:\/\/www.alqueria.es\/blogs\/alqueriaartistica\/2023\/10\/26\/plantas-del-jardin-y-del-huerto-de-alqueria\/img_2860-5\/\" data-orig-file=\"https:\/\/cloud.alqueria.es\/wp-content\/uploads\/sites\/12\/2023\/10\/IMG_2860.jpg\" data-orig-size=\"640,480\" data-comments-opened=\"1\" data-image-meta=\"{&quot;aperture&quot;:&quot;2.7&quot;,&quot;credit&quot;:&quot;&quot;,&quot;camera&quot;:&quot;Canon IXUS 125 HS&quot;,&quot;caption&quot;:&quot;&quot;,&quot;created_timestamp&quot;:&quot;1696864338&quot;,&quot;copyright&quot;:&quot;&quot;,&quot;focal_length&quot;:&quot;4.3&quot;,&quot;iso&quot;:&quot;200&quot;,&quot;shutter_speed&quot;:&quot;0.008&quot;,&quot;title&quot;:&quot;&quot;,&quot;orientation&quot;:&quot;1&quot;}\" data-image-title=\"IMG_2860\" data-image-description=\"\" data-image-caption=\"\" data-large-file=\"https:\/\/cloud.alqueria.es\/wp-content\/uploads\/sites\/12\/2023\/10\/IMG_2860.jpg\" \/><\/a>\n\t\t\t<\/div><\/figure><figure class='gallery-item'>\n\t\t\t<div class='gallery-icon landscape'>\n\t\t\t\t<a href='https:\/\/www.alqueria.es\/blogs\/alqueriaartistica\/2023\/10\/26\/plantas-del-jardin-y-del-huerto-de-alqueria\/img_2859-5\/'><img decoding=\"async\" width=\"474\" height=\"356\" src=\"https:\/\/cloud.alqueria.es\/wp-content\/uploads\/sites\/12\/2023\/10\/IMG_2859.jpg\" class=\"attachment-large size-large\" alt=\"\" srcset=\"https:\/\/cloud.alqueria.es\/wp-content\/uploads\/sites\/12\/2023\/10\/IMG_2859.jpg 640w, https:\/\/cloud.alqueria.es\/wp-content\/uploads\/sites\/12\/2023\/10\/IMG_2859-300x225.jpg 300w\" sizes=\"(max-width: 474px) 100vw, 474px\" data-attachment-id=\"40051\" data-permalink=\"https:\/\/www.alqueria.es\/blogs\/alqueriaartistica\/2023\/10\/26\/plantas-del-jardin-y-del-huerto-de-alqueria\/img_2859-5\/\" data-orig-file=\"https:\/\/cloud.alqueria.es\/wp-content\/uploads\/sites\/12\/2023\/10\/IMG_2859.jpg\" data-orig-size=\"640,480\" data-comments-opened=\"1\" data-image-meta=\"{&quot;aperture&quot;:&quot;2.7&quot;,&quot;credit&quot;:&quot;&quot;,&quot;camera&quot;:&quot;Canon IXUS 125 HS&quot;,&quot;caption&quot;:&quot;&quot;,&quot;created_timestamp&quot;:&quot;1696864334&quot;,&quot;copyright&quot;:&quot;&quot;,&quot;focal_length&quot;:&quot;4.3&quot;,&quot;iso&quot;:&quot;200&quot;,&quot;shutter_speed&quot;:&quot;0.00625&quot;,&quot;title&quot;:&quot;&quot;,&quot;orientation&quot;:&quot;1&quot;}\" data-image-title=\"IMG_2859\" data-image-description=\"\" data-image-caption=\"\" data-large-file=\"https:\/\/cloud.alqueria.es\/wp-content\/uploads\/sites\/12\/2023\/10\/IMG_2859.jpg\" \/><\/a>\n\t\t\t<\/div><\/figure><figure class='gallery-item'>\n\t\t\t<div class='gallery-icon landscape'>\n\t\t\t\t<a href='https:\/\/www.alqueria.es\/blogs\/alqueriaartistica\/2023\/10\/26\/plantas-del-jardin-y-del-huerto-de-alqueria\/img_2857-2\/'><img decoding=\"async\" width=\"474\" height=\"356\" src=\"https:\/\/cloud.alqueria.es\/wp-content\/uploads\/sites\/12\/2023\/10\/IMG_2857.jpg\" class=\"attachment-large size-large\" alt=\"\" srcset=\"https:\/\/cloud.alqueria.es\/wp-content\/uploads\/sites\/12\/2023\/10\/IMG_2857.jpg 640w, https:\/\/cloud.alqueria.es\/wp-content\/uploads\/sites\/12\/2023\/10\/IMG_2857-300x225.jpg 300w\" sizes=\"(max-width: 474px) 100vw, 474px\" data-attachment-id=\"40050\" data-permalink=\"https:\/\/www.alqueria.es\/blogs\/alqueriaartistica\/2023\/10\/26\/plantas-del-jardin-y-del-huerto-de-alqueria\/img_2857-2\/\" data-orig-file=\"https:\/\/cloud.alqueria.es\/wp-content\/uploads\/sites\/12\/2023\/10\/IMG_2857.jpg\" data-orig-size=\"640,480\" data-comments-opened=\"1\" data-image-meta=\"{&quot;aperture&quot;:&quot;2.7&quot;,&quot;credit&quot;:&quot;&quot;,&quot;camera&quot;:&quot;Canon IXUS 125 HS&quot;,&quot;caption&quot;:&quot;&quot;,&quot;created_timestamp&quot;:&quot;1696864247&quot;,&quot;copyright&quot;:&quot;&quot;,&quot;focal_length&quot;:&quot;4.3&quot;,&quot;iso&quot;:&quot;160&quot;,&quot;shutter_speed&quot;:&quot;0.008&quot;,&quot;title&quot;:&quot;&quot;,&quot;orientation&quot;:&quot;1&quot;}\" data-image-title=\"IMG_2857\" data-image-description=\"\" data-image-caption=\"\" data-large-file=\"https:\/\/cloud.alqueria.es\/wp-content\/uploads\/sites\/12\/2023\/10\/IMG_2857.jpg\" \/><\/a>\n\t\t\t<\/div><\/figure>\n\t\t<\/div>\n\n<p>Tras la elecci\u00f3n, pasan un rato bocetando aquello que les interesa. Tambi\u00e9n recogemos\u00a0 hojas, ramas y algunos frutos para continuar\u00a0 la tarea en la clase.<\/p>\n<div data-carousel-extra='{&quot;blog_id&quot;:12,&quot;permalink&quot;:&quot;https:\/\/www.alqueria.es\/blogs\/alqueriaartistica\/2023\/10\/26\/plantas-del-jardin-y-del-huerto-de-alqueria\/&quot;}' id='gallery-3' class='gallery galleryid-40031 gallery-columns-2 gallery-size-large'><figure class='gallery-item'>\n\t\t\t<div class='gallery-icon landscape'>\n\t\t\t\t<a href='https:\/\/www.alqueria.es\/blogs\/alqueriaartistica\/2023\/10\/26\/plantas-del-jardin-y-del-huerto-de-alqueria\/img_2858-4\/'><img decoding=\"async\" width=\"474\" height=\"356\" src=\"https:\/\/cloud.alqueria.es\/wp-content\/uploads\/sites\/12\/2023\/10\/IMG_2858.jpg\" class=\"attachment-large size-large\" alt=\"\" srcset=\"https:\/\/cloud.alqueria.es\/wp-content\/uploads\/sites\/12\/2023\/10\/IMG_2858.jpg 640w, https:\/\/cloud.alqueria.es\/wp-content\/uploads\/sites\/12\/2023\/10\/IMG_2858-300x225.jpg 300w\" sizes=\"(max-width: 474px) 100vw, 474px\" data-attachment-id=\"40101\" data-permalink=\"https:\/\/www.alqueria.es\/blogs\/alqueriaartistica\/2023\/10\/26\/plantas-del-jardin-y-del-huerto-de-alqueria\/img_2858-4\/\" data-orig-file=\"https:\/\/cloud.alqueria.es\/wp-content\/uploads\/sites\/12\/2023\/10\/IMG_2858.jpg\" data-orig-size=\"640,480\" data-comments-opened=\"1\" data-image-meta=\"{&quot;aperture&quot;:&quot;2.7&quot;,&quot;credit&quot;:&quot;&quot;,&quot;camera&quot;:&quot;Canon IXUS 125 HS&quot;,&quot;caption&quot;:&quot;&quot;,&quot;created_timestamp&quot;:&quot;1696864267&quot;,&quot;copyright&quot;:&quot;&quot;,&quot;focal_length&quot;:&quot;4.3&quot;,&quot;iso&quot;:&quot;200&quot;,&quot;shutter_speed&quot;:&quot;0.00625&quot;,&quot;title&quot;:&quot;&quot;,&quot;orientation&quot;:&quot;1&quot;}\" data-image-title=\"IMG_2858\" data-image-description=\"\" data-image-caption=\"\" data-large-file=\"https:\/\/cloud.alqueria.es\/wp-content\/uploads\/sites\/12\/2023\/10\/IMG_2858.jpg\" \/><\/a>\n\t\t\t<\/div><\/figure><figure class='gallery-item'>\n\t\t\t<div class='gallery-icon landscape'>\n\t\t\t\t<a href='https:\/\/www.alqueria.es\/blogs\/alqueriaartistica\/2023\/10\/26\/plantas-del-jardin-y-del-huerto-de-alqueria\/img_2864-5\/'><img decoding=\"async\" width=\"474\" height=\"356\" src=\"https:\/\/cloud.alqueria.es\/wp-content\/uploads\/sites\/12\/2023\/10\/IMG_2864.jpg\" class=\"attachment-large size-large\" alt=\"\" srcset=\"https:\/\/cloud.alqueria.es\/wp-content\/uploads\/sites\/12\/2023\/10\/IMG_2864.jpg 640w, https:\/\/cloud.alqueria.es\/wp-content\/uploads\/sites\/12\/2023\/10\/IMG_2864-300x225.jpg 300w\" sizes=\"(max-width: 474px) 100vw, 474px\" data-attachment-id=\"40102\" data-permalink=\"https:\/\/www.alqueria.es\/blogs\/alqueriaartistica\/2023\/10\/26\/plantas-del-jardin-y-del-huerto-de-alqueria\/img_2864-5\/\" data-orig-file=\"https:\/\/cloud.alqueria.es\/wp-content\/uploads\/sites\/12\/2023\/10\/IMG_2864.jpg\" data-orig-size=\"640,480\" data-comments-opened=\"1\" data-image-meta=\"{&quot;aperture&quot;:&quot;2.7&quot;,&quot;credit&quot;:&quot;&quot;,&quot;camera&quot;:&quot;Canon IXUS 125 HS&quot;,&quot;caption&quot;:&quot;&quot;,&quot;created_timestamp&quot;:&quot;1696866147&quot;,&quot;copyright&quot;:&quot;&quot;,&quot;focal_length&quot;:&quot;4.3&quot;,&quot;iso&quot;:&quot;800&quot;,&quot;shutter_speed&quot;:&quot;0.033333333333333&quot;,&quot;title&quot;:&quot;&quot;,&quot;orientation&quot;:&quot;1&quot;}\" data-image-title=\"IMG_2864\" data-image-description=\"\" data-image-caption=\"\" data-large-file=\"https:\/\/cloud.alqueria.es\/wp-content\/uploads\/sites\/12\/2023\/10\/IMG_2864.jpg\" \/><\/a>\n\t\t\t<\/div><\/figure>\n\t\t<\/div>\n\n<div data-carousel-extra='{&quot;blog_id&quot;:12,&quot;permalink&quot;:&quot;https:\/\/www.alqueria.es\/blogs\/alqueriaartistica\/2023\/10\/26\/plantas-del-jardin-y-del-huerto-de-alqueria\/&quot;}' id='gallery-4' class='gallery galleryid-40031 gallery-columns-3 gallery-size-large'><figure class='gallery-item'>\n\t\t\t<div class='gallery-icon landscape'>\n\t\t\t\t<a href='https:\/\/www.alqueria.es\/blogs\/alqueriaartistica\/2023\/10\/26\/plantas-del-jardin-y-del-huerto-de-alqueria\/img_2863-4\/'><img decoding=\"async\" width=\"474\" height=\"356\" src=\"https:\/\/cloud.alqueria.es\/wp-content\/uploads\/sites\/12\/2023\/10\/IMG_2863.jpg\" class=\"attachment-large size-large\" alt=\"\" srcset=\"https:\/\/cloud.alqueria.es\/wp-content\/uploads\/sites\/12\/2023\/10\/IMG_2863.jpg 640w, https:\/\/cloud.alqueria.es\/wp-content\/uploads\/sites\/12\/2023\/10\/IMG_2863-300x225.jpg 300w\" sizes=\"(max-width: 474px) 100vw, 474px\" data-attachment-id=\"40054\" data-permalink=\"https:\/\/www.alqueria.es\/blogs\/alqueriaartistica\/2023\/10\/26\/plantas-del-jardin-y-del-huerto-de-alqueria\/img_2863-4\/\" data-orig-file=\"https:\/\/cloud.alqueria.es\/wp-content\/uploads\/sites\/12\/2023\/10\/IMG_2863.jpg\" data-orig-size=\"640,480\" data-comments-opened=\"1\" data-image-meta=\"{&quot;aperture&quot;:&quot;2.7&quot;,&quot;credit&quot;:&quot;&quot;,&quot;camera&quot;:&quot;Canon IXUS 125 HS&quot;,&quot;caption&quot;:&quot;&quot;,&quot;created_timestamp&quot;:&quot;1696866141&quot;,&quot;copyright&quot;:&quot;&quot;,&quot;focal_length&quot;:&quot;4.3&quot;,&quot;iso&quot;:&quot;320&quot;,&quot;shutter_speed&quot;:&quot;0.033333333333333&quot;,&quot;title&quot;:&quot;&quot;,&quot;orientation&quot;:&quot;1&quot;}\" data-image-title=\"IMG_2863\" data-image-description=\"\" data-image-caption=\"\" data-large-file=\"https:\/\/cloud.alqueria.es\/wp-content\/uploads\/sites\/12\/2023\/10\/IMG_2863.jpg\" \/><\/a>\n\t\t\t<\/div><\/figure><figure class='gallery-item'>\n\t\t\t<div class='gallery-icon landscape'>\n\t\t\t\t<a href='https:\/\/www.alqueria.es\/blogs\/alqueriaartistica\/2023\/10\/26\/plantas-del-jardin-y-del-huerto-de-alqueria\/img_3001-4\/'><img decoding=\"async\" width=\"474\" height=\"356\" src=\"https:\/\/cloud.alqueria.es\/wp-content\/uploads\/sites\/12\/2023\/10\/IMG_3001.jpg\" class=\"attachment-large size-large\" alt=\"\" srcset=\"https:\/\/cloud.alqueria.es\/wp-content\/uploads\/sites\/12\/2023\/10\/IMG_3001.jpg 640w, https:\/\/cloud.alqueria.es\/wp-content\/uploads\/sites\/12\/2023\/10\/IMG_3001-300x225.jpg 300w\" sizes=\"(max-width: 474px) 100vw, 474px\" data-attachment-id=\"40059\" data-permalink=\"https:\/\/www.alqueria.es\/blogs\/alqueriaartistica\/2023\/10\/26\/plantas-del-jardin-y-del-huerto-de-alqueria\/img_3001-4\/\" data-orig-file=\"https:\/\/cloud.alqueria.es\/wp-content\/uploads\/sites\/12\/2023\/10\/IMG_3001.jpg\" data-orig-size=\"640,480\" data-comments-opened=\"1\" data-image-meta=\"{&quot;aperture&quot;:&quot;2.7&quot;,&quot;credit&quot;:&quot;&quot;,&quot;camera&quot;:&quot;Canon IXUS 125 HS&quot;,&quot;caption&quot;:&quot;&quot;,&quot;created_timestamp&quot;:&quot;1697470259&quot;,&quot;copyright&quot;:&quot;&quot;,&quot;focal_length&quot;:&quot;4.3&quot;,&quot;iso&quot;:&quot;250&quot;,&quot;shutter_speed&quot;:&quot;0.033333333333333&quot;,&quot;title&quot;:&quot;&quot;,&quot;orientation&quot;:&quot;1&quot;}\" data-image-title=\"IMG_3001\" data-image-description=\"\" data-image-caption=\"\" data-large-file=\"https:\/\/cloud.alqueria.es\/wp-content\/uploads\/sites\/12\/2023\/10\/IMG_3001.jpg\" \/><\/a>\n\t\t\t<\/div><\/figure><figure class='gallery-item'>\n\t\t\t<div class='gallery-icon landscape'>\n\t\t\t\t<a href='https:\/\/www.alqueria.es\/blogs\/alqueriaartistica\/2023\/10\/26\/plantas-del-jardin-y-del-huerto-de-alqueria\/img_3000-4\/'><img decoding=\"async\" width=\"474\" height=\"356\" src=\"https:\/\/cloud.alqueria.es\/wp-content\/uploads\/sites\/12\/2023\/10\/IMG_3000.jpg\" class=\"attachment-large size-large\" alt=\"\" srcset=\"https:\/\/cloud.alqueria.es\/wp-content\/uploads\/sites\/12\/2023\/10\/IMG_3000.jpg 640w, https:\/\/cloud.alqueria.es\/wp-content\/uploads\/sites\/12\/2023\/10\/IMG_3000-300x225.jpg 300w\" sizes=\"(max-width: 474px) 100vw, 474px\" data-attachment-id=\"40058\" data-permalink=\"https:\/\/www.alqueria.es\/blogs\/alqueriaartistica\/2023\/10\/26\/plantas-del-jardin-y-del-huerto-de-alqueria\/img_3000-4\/\" data-orig-file=\"https:\/\/cloud.alqueria.es\/wp-content\/uploads\/sites\/12\/2023\/10\/IMG_3000.jpg\" data-orig-size=\"640,480\" data-comments-opened=\"1\" data-image-meta=\"{&quot;aperture&quot;:&quot;2.7&quot;,&quot;credit&quot;:&quot;&quot;,&quot;camera&quot;:&quot;Canon IXUS 125 HS&quot;,&quot;caption&quot;:&quot;&quot;,&quot;created_timestamp&quot;:&quot;1697470220&quot;,&quot;copyright&quot;:&quot;&quot;,&quot;focal_length&quot;:&quot;4.3&quot;,&quot;iso&quot;:&quot;200&quot;,&quot;shutter_speed&quot;:&quot;0.025&quot;,&quot;title&quot;:&quot;&quot;,&quot;orientation&quot;:&quot;1&quot;}\" data-image-title=\"IMG_3000\" data-image-description=\"\" data-image-caption=\"\" data-large-file=\"https:\/\/cloud.alqueria.es\/wp-content\/uploads\/sites\/12\/2023\/10\/IMG_3000.jpg\" \/><\/a>\n\t\t\t<\/div><\/figure>\n\t\t<\/div>\n\n<p>Les hizo ilusi\u00f3n colorear con acuarela. El dominio del color no es tarea f\u00e1cil y a\u00fan menos el dominio del pincel. Algunos alumnos apostaron por los l\u00e1pices de colores para terminar sus trabajos.<\/p>\n<div data-carousel-extra='{&quot;blog_id&quot;:12,&quot;permalink&quot;:&quot;https:\/\/www.alqueria.es\/blogs\/alqueriaartistica\/2023\/10\/26\/plantas-del-jardin-y-del-huerto-de-alqueria\/&quot;}' id='gallery-5' class='gallery galleryid-40031 gallery-columns-3 gallery-size-large'><figure class='gallery-item'>\n\t\t\t<div class='gallery-icon portrait'>\n\t\t\t\t<a href='https:\/\/www.alqueria.es\/blogs\/alqueriaartistica\/2023\/10\/26\/plantas-del-jardin-y-del-huerto-de-alqueria\/img_2866-4\/'><img decoding=\"async\" width=\"474\" height=\"632\" src=\"https:\/\/cloud.alqueria.es\/wp-content\/uploads\/sites\/12\/2023\/10\/IMG_2866.jpg\" class=\"attachment-large size-large\" alt=\"\" srcset=\"https:\/\/cloud.alqueria.es\/wp-content\/uploads\/sites\/12\/2023\/10\/IMG_2866.jpg 480w, https:\/\/cloud.alqueria.es\/wp-content\/uploads\/sites\/12\/2023\/10\/IMG_2866-225x300.jpg 225w\" sizes=\"(max-width: 474px) 100vw, 474px\" data-attachment-id=\"40055\" data-permalink=\"https:\/\/www.alqueria.es\/blogs\/alqueriaartistica\/2023\/10\/26\/plantas-del-jardin-y-del-huerto-de-alqueria\/img_2866-4\/\" data-orig-file=\"https:\/\/cloud.alqueria.es\/wp-content\/uploads\/sites\/12\/2023\/10\/IMG_2866.jpg\" data-orig-size=\"480,640\" data-comments-opened=\"1\" data-image-meta=\"{&quot;aperture&quot;:&quot;2.7&quot;,&quot;credit&quot;:&quot;&quot;,&quot;camera&quot;:&quot;Canon IXUS 125 HS&quot;,&quot;caption&quot;:&quot;&quot;,&quot;created_timestamp&quot;:&quot;1696866854&quot;,&quot;copyright&quot;:&quot;&quot;,&quot;focal_length&quot;:&quot;4.3&quot;,&quot;iso&quot;:&quot;320&quot;,&quot;shutter_speed&quot;:&quot;0.033333333333333&quot;,&quot;title&quot;:&quot;&quot;,&quot;orientation&quot;:&quot;1&quot;}\" data-image-title=\"IMG_2866\" data-image-description=\"\" data-image-caption=\"\" data-large-file=\"https:\/\/cloud.alqueria.es\/wp-content\/uploads\/sites\/12\/2023\/10\/IMG_2866.jpg\" \/><\/a>\n\t\t\t<\/div><\/figure><figure class='gallery-item'>\n\t\t\t<div class='gallery-icon landscape'>\n\t\t\t\t<a href='https:\/\/www.alqueria.es\/blogs\/alqueriaartistica\/2023\/10\/26\/plantas-del-jardin-y-del-huerto-de-alqueria\/img_2869-3\/'><img decoding=\"async\" width=\"474\" height=\"356\" src=\"https:\/\/cloud.alqueria.es\/wp-content\/uploads\/sites\/12\/2023\/10\/IMG_2869.jpg\" class=\"attachment-large size-large\" alt=\"\" srcset=\"https:\/\/cloud.alqueria.es\/wp-content\/uploads\/sites\/12\/2023\/10\/IMG_2869.jpg 640w, https:\/\/cloud.alqueria.es\/wp-content\/uploads\/sites\/12\/2023\/10\/IMG_2869-300x225.jpg 300w\" sizes=\"(max-width: 474px) 100vw, 474px\" data-attachment-id=\"40057\" data-permalink=\"https:\/\/www.alqueria.es\/blogs\/alqueriaartistica\/2023\/10\/26\/plantas-del-jardin-y-del-huerto-de-alqueria\/img_2869-3\/\" data-orig-file=\"https:\/\/cloud.alqueria.es\/wp-content\/uploads\/sites\/12\/2023\/10\/IMG_2869.jpg\" data-orig-size=\"640,480\" data-comments-opened=\"1\" data-image-meta=\"{&quot;aperture&quot;:&quot;2.7&quot;,&quot;credit&quot;:&quot;&quot;,&quot;camera&quot;:&quot;Canon IXUS 125 HS&quot;,&quot;caption&quot;:&quot;&quot;,&quot;created_timestamp&quot;:&quot;1696867756&quot;,&quot;copyright&quot;:&quot;&quot;,&quot;focal_length&quot;:&quot;4.3&quot;,&quot;iso&quot;:&quot;500&quot;,&quot;shutter_speed&quot;:&quot;0.016666666666667&quot;,&quot;title&quot;:&quot;&quot;,&quot;orientation&quot;:&quot;1&quot;}\" data-image-title=\"IMG_2869\" data-image-description=\"\" data-image-caption=\"\" data-large-file=\"https:\/\/cloud.alqueria.es\/wp-content\/uploads\/sites\/12\/2023\/10\/IMG_2869.jpg\" \/><\/a>\n\t\t\t<\/div><\/figure><figure class='gallery-item'>\n\t\t\t<div class='gallery-icon landscape'>\n\t\t\t\t<a href='https:\/\/www.alqueria.es\/blogs\/alqueriaartistica\/2023\/10\/26\/plantas-del-jardin-y-del-huerto-de-alqueria\/img_2868-5\/'><img decoding=\"async\" width=\"474\" height=\"356\" src=\"https:\/\/cloud.alqueria.es\/wp-content\/uploads\/sites\/12\/2023\/10\/IMG_2868.jpg\" class=\"attachment-large size-large\" alt=\"\" srcset=\"https:\/\/cloud.alqueria.es\/wp-content\/uploads\/sites\/12\/2023\/10\/IMG_2868.jpg 640w, https:\/\/cloud.alqueria.es\/wp-content\/uploads\/sites\/12\/2023\/10\/IMG_2868-300x225.jpg 300w\" sizes=\"(max-width: 474px) 100vw, 474px\" data-attachment-id=\"40056\" data-permalink=\"https:\/\/www.alqueria.es\/blogs\/alqueriaartistica\/2023\/10\/26\/plantas-del-jardin-y-del-huerto-de-alqueria\/img_2868-5\/\" data-orig-file=\"https:\/\/cloud.alqueria.es\/wp-content\/uploads\/sites\/12\/2023\/10\/IMG_2868.jpg\" data-orig-size=\"640,480\" data-comments-opened=\"1\" data-image-meta=\"{&quot;aperture&quot;:&quot;2.7&quot;,&quot;credit&quot;:&quot;&quot;,&quot;camera&quot;:&quot;Canon IXUS 125 HS&quot;,&quot;caption&quot;:&quot;&quot;,&quot;created_timestamp&quot;:&quot;1696867661&quot;,&quot;copyright&quot;:&quot;&quot;,&quot;focal_length&quot;:&quot;4.3&quot;,&quot;iso&quot;:&quot;400&quot;,&quot;shutter_speed&quot;:&quot;0.033333333333333&quot;,&quot;title&quot;:&quot;&quot;,&quot;orientation&quot;:&quot;1&quot;}\" data-image-title=\"IMG_2868\" data-image-description=\"\" data-image-caption=\"\" data-large-file=\"https:\/\/cloud.alqueria.es\/wp-content\/uploads\/sites\/12\/2023\/10\/IMG_2868.jpg\" \/><\/a>\n\t\t\t<\/div><\/figure>\n\t\t<\/div>\n\n<p>&nbsp;<\/p>\n<p>El coloreado a l\u00e1piz, de los frutos que hicieron en otra sesi\u00f3n qued\u00f3 muy vistoso.<\/p>\n<div data-carousel-extra='{&quot;blog_id&quot;:12,&quot;permalink&quot;:&quot;https:\/\/www.alqueria.es\/blogs\/alqueriaartistica\/2023\/10\/26\/plantas-del-jardin-y-del-huerto-de-alqueria\/&quot;}' id='gallery-6' class='gallery galleryid-40031 gallery-columns-3 gallery-size-large'><figure class='gallery-item'>\n\t\t\t<div class='gallery-icon landscape'>\n\t\t\t\t<a href='https:\/\/www.alqueria.es\/blogs\/alqueriaartistica\/2023\/10\/26\/plantas-del-jardin-y-del-huerto-de-alqueria\/img_3178\/'><img decoding=\"async\" width=\"474\" height=\"356\" src=\"https:\/\/cloud.alqueria.es\/wp-content\/uploads\/sites\/12\/2023\/10\/IMG_3178.jpg\" class=\"attachment-large size-large\" alt=\"\" srcset=\"https:\/\/cloud.alqueria.es\/wp-content\/uploads\/sites\/12\/2023\/10\/IMG_3178.jpg 640w, https:\/\/cloud.alqueria.es\/wp-content\/uploads\/sites\/12\/2023\/10\/IMG_3178-300x225.jpg 300w\" sizes=\"(max-width: 474px) 100vw, 474px\" data-attachment-id=\"40063\" data-permalink=\"https:\/\/www.alqueria.es\/blogs\/alqueriaartistica\/2023\/10\/26\/plantas-del-jardin-y-del-huerto-de-alqueria\/img_3178\/\" data-orig-file=\"https:\/\/cloud.alqueria.es\/wp-content\/uploads\/sites\/12\/2023\/10\/IMG_3178.jpg\" data-orig-size=\"640,480\" data-comments-opened=\"1\" data-image-meta=\"{&quot;aperture&quot;:&quot;2.7&quot;,&quot;credit&quot;:&quot;&quot;,&quot;camera&quot;:&quot;Canon IXUS 125 HS&quot;,&quot;caption&quot;:&quot;&quot;,&quot;created_timestamp&quot;:&quot;1698157540&quot;,&quot;copyright&quot;:&quot;&quot;,&quot;focal_length&quot;:&quot;4.3&quot;,&quot;iso&quot;:&quot;250&quot;,&quot;shutter_speed&quot;:&quot;0.033333333333333&quot;,&quot;title&quot;:&quot;&quot;,&quot;orientation&quot;:&quot;1&quot;}\" data-image-title=\"IMG_3178\" data-image-description=\"\" data-image-caption=\"\" data-large-file=\"https:\/\/cloud.alqueria.es\/wp-content\/uploads\/sites\/12\/2023\/10\/IMG_3178.jpg\" \/><\/a>\n\t\t\t<\/div><\/figure><figure class='gallery-item'>\n\t\t\t<div class='gallery-icon landscape'>\n\t\t\t\t<a href='https:\/\/www.alqueria.es\/blogs\/alqueriaartistica\/2023\/10\/26\/plantas-del-jardin-y-del-huerto-de-alqueria\/img_3180-3\/'><img decoding=\"async\" width=\"474\" height=\"420\" src=\"https:\/\/cloud.alqueria.es\/wp-content\/uploads\/sites\/12\/2023\/10\/IMG_3180.jpg\" class=\"attachment-large size-large\" alt=\"\" srcset=\"https:\/\/cloud.alqueria.es\/wp-content\/uploads\/sites\/12\/2023\/10\/IMG_3180.jpg 477w, https:\/\/cloud.alqueria.es\/wp-content\/uploads\/sites\/12\/2023\/10\/IMG_3180-300x266.jpg 300w\" sizes=\"(max-width: 474px) 100vw, 474px\" data-attachment-id=\"40065\" data-permalink=\"https:\/\/www.alqueria.es\/blogs\/alqueriaartistica\/2023\/10\/26\/plantas-del-jardin-y-del-huerto-de-alqueria\/img_3180-3\/\" data-orig-file=\"https:\/\/cloud.alqueria.es\/wp-content\/uploads\/sites\/12\/2023\/10\/IMG_3180.jpg\" data-orig-size=\"477,423\" data-comments-opened=\"1\" data-image-meta=\"{&quot;aperture&quot;:&quot;2.7&quot;,&quot;credit&quot;:&quot;&quot;,&quot;camera&quot;:&quot;Canon IXUS 125 HS&quot;,&quot;caption&quot;:&quot;&quot;,&quot;created_timestamp&quot;:&quot;1698157549&quot;,&quot;copyright&quot;:&quot;&quot;,&quot;focal_length&quot;:&quot;4.3&quot;,&quot;iso&quot;:&quot;400&quot;,&quot;shutter_speed&quot;:&quot;0.033333333333333&quot;,&quot;title&quot;:&quot;&quot;,&quot;orientation&quot;:&quot;1&quot;}\" data-image-title=\"IMG_3180\" data-image-description=\"\" data-image-caption=\"\" data-large-file=\"https:\/\/cloud.alqueria.es\/wp-content\/uploads\/sites\/12\/2023\/10\/IMG_3180.jpg\" \/><\/a>\n\t\t\t<\/div><\/figure><figure class='gallery-item'>\n\t\t\t<div class='gallery-icon landscape'>\n\t\t\t\t<a href='https:\/\/www.alqueria.es\/blogs\/alqueriaartistica\/2023\/10\/26\/plantas-del-jardin-y-del-huerto-de-alqueria\/img_3179-2\/'><img decoding=\"async\" width=\"474\" height=\"356\" src=\"https:\/\/cloud.alqueria.es\/wp-content\/uploads\/sites\/12\/2023\/10\/IMG_3179.jpg\" class=\"attachment-large size-large\" alt=\"\" srcset=\"https:\/\/cloud.alqueria.es\/wp-content\/uploads\/sites\/12\/2023\/10\/IMG_3179.jpg 640w, https:\/\/cloud.alqueria.es\/wp-content\/uploads\/sites\/12\/2023\/10\/IMG_3179-300x225.jpg 300w\" sizes=\"(max-width: 474px) 100vw, 474px\" data-attachment-id=\"40064\" data-permalink=\"https:\/\/www.alqueria.es\/blogs\/alqueriaartistica\/2023\/10\/26\/plantas-del-jardin-y-del-huerto-de-alqueria\/img_3179-2\/\" data-orig-file=\"https:\/\/cloud.alqueria.es\/wp-content\/uploads\/sites\/12\/2023\/10\/IMG_3179.jpg\" data-orig-size=\"640,480\" data-comments-opened=\"1\" data-image-meta=\"{&quot;aperture&quot;:&quot;2.7&quot;,&quot;credit&quot;:&quot;&quot;,&quot;camera&quot;:&quot;Canon IXUS 125 HS&quot;,&quot;caption&quot;:&quot;&quot;,&quot;created_timestamp&quot;:&quot;1698157545&quot;,&quot;copyright&quot;:&quot;&quot;,&quot;focal_length&quot;:&quot;4.3&quot;,&quot;iso&quot;:&quot;320&quot;,&quot;shutter_speed&quot;:&quot;0.033333333333333&quot;,&quot;title&quot;:&quot;&quot;,&quot;orientation&quot;:&quot;1&quot;}\" data-image-title=\"IMG_3179\" data-image-description=\"\" data-image-caption=\"\" data-large-file=\"https:\/\/cloud.alqueria.es\/wp-content\/uploads\/sites\/12\/2023\/10\/IMG_3179.jpg\" \/><\/a>\n\t\t\t<\/div><\/figure>\n\t\t<\/div>\n\n<p>&nbsp;<\/p>\n<p>Abordaremos el tema del color en otros trabajos y practicaremos m\u00e1s la t\u00e9cnica de la acuarela, que tanto les gusta.<\/p>\n<p>Ana Mart\u00edn<\/p>\n","protected":false},"excerpt":{"rendered":"<p>El oto\u00f1o es una de las estaciones del a\u00f1o en la que sentimos que la naturaleza se acerca m\u00e1s a nosotros. Envuelve nuestro \u00e1nimo con las hojas ca\u00eddas, refresca nuestro rostro con las primeras lluvias, nos ofrece sus frutos que nos alimentar\u00e1n en el invierno, nos invita al recogimiento del hogar de la madre tierra, &hellip; <a href=\"https:\/\/www.alqueria.es\/blogs\/alqueriaartistica\/2023\/10\/26\/plantas-del-jardin-y-del-huerto-de-alqueria\/\" class=\"more-link\">Seguir leyendo <span class=\"screen-reader-text\">PLANTAS DEL JARD\u00cdN Y DEL HUERTO DE ALQUERIA<\/span> <span class=\"meta-nav\">&rarr;<\/span><\/a><\/p>\n","protected":false},"author":34,"featured_media":0,"comment_status":"open","ping_status":"open","sticky":false,"template":"","format":"standard","meta":{"jetpack_post_was_ever_published":false,"_jetpack_newsletter_access":"","_jetpack_dont_email_post_to_subs":false,"_jetpack_newsletter_tier_id":0,"_jetpack_memberships_contains_paywalled_content":false,"_jetpack_memberships_contains_paid_content":false,"footnotes":"","jetpack_publicize_message":"","jetpack_publicize_feature_enabled":true,"jetpack_social_post_already_shared":true,"jetpack_social_options":{"image_generator_settings":{"template":"highway","default_image_id":0,"font":"","enabled":false},"version":2}},"categories":[12],"tags":[17,454,91,456],"class_list":["post-40031","post","type-post","status-publish","format-standard","hentry","category-4o-epo","tag-acuarela","tag-dibujo-de-plantas","tag-educacion-artistica-y-visual","tag-plantas-del-jardin-de-alqueria"],"jetpack_publicize_connections":[],"jetpack_featured_media_url":"","jetpack_sharing_enabled":true,"jetpack_shortlink":"https:\/\/wp.me\/p4mcJu-apF","_links":{"self":[{"href":"https:\/\/www.alqueria.es\/blogs\/alqueriaartistica\/wp-json\/wp\/v2\/posts\/40031","targetHints":{"allow":["GET"]}}],"collection":[{"href":"https:\/\/www.alqueria.es\/blogs\/alqueriaartistica\/wp-json\/wp\/v2\/posts"}],"about":[{"href":"https:\/\/www.alqueria.es\/blogs\/alqueriaartistica\/wp-json\/wp\/v2\/types\/post"}],"author":[{"embeddable":true,"href":"https:\/\/www.alqueria.es\/blogs\/alqueriaartistica\/wp-json\/wp\/v2\/users\/34"}],"replies":[{"embeddable":true,"href":"https:\/\/www.alqueria.es\/blogs\/alqueriaartistica\/wp-json\/wp\/v2\/comments?post=40031"}],"version-history":[{"count":5,"href":"https:\/\/www.alqueria.es\/blogs\/alqueriaartistica\/wp-json\/wp\/v2\/posts\/40031\/revisions"}],"predecessor-version":[{"id":40109,"href":"https:\/\/www.alqueria.es\/blogs\/alqueriaartistica\/wp-json\/wp\/v2\/posts\/40031\/revisions\/40109"}],"wp:attachment":[{"href":"https:\/\/www.alqueria.es\/blogs\/alqueriaartistica\/wp-json\/wp\/v2\/media?parent=40031"}],"wp:term":[{"taxonomy":"category","embeddable":true,"href":"https:\/\/www.alqueria.es\/blogs\/alqueriaartistica\/wp-json\/wp\/v2\/categories?post=40031"},{"taxonomy":"post_tag","embeddable":true,"href":"https:\/\/www.alqueria.es\/blogs\/alqueriaartistica\/wp-json\/wp\/v2\/tags?post=40031"}],"curies":[{"name":"wp","href":"https:\/\/api.w.org\/{rel}","templated":true}]}}