{"id":40464,"date":"2023-12-04T21:16:43","date_gmt":"2023-12-04T20:16:43","guid":{"rendered":"https:\/\/www.alqueria.es\/blogs\/alqueriaartistica\/?p=40464"},"modified":"2023-12-04T21:16:43","modified_gmt":"2023-12-04T20:16:43","slug":"el-color-9","status":"publish","type":"post","link":"https:\/\/www.alqueria.es\/blogs\/alqueriaartistica\/2023\/12\/04\/el-color-9\/","title":{"rendered":"EL COLOR"},"content":{"rendered":"<div data-carousel-extra='{&quot;blog_id&quot;:12,&quot;permalink&quot;:&quot;https:\/\/www.alqueria.es\/blogs\/alqueriaartistica\/2023\/12\/04\/el-color-9\/&quot;}' id='gallery-1' class='gallery galleryid-40464 gallery-columns-1 gallery-size-full'><figure class='gallery-item'>\n\t\t\t<div class='gallery-icon portrait'>\n\t\t\t\t<a href='https:\/\/www.alqueria.es\/blogs\/alqueriaartistica\/2023\/12\/04\/el-color-9\/img_3219-5\/'><img decoding=\"async\" width=\"424\" height=\"599\" src=\"https:\/\/cloud.alqueria.es\/wp-content\/uploads\/sites\/12\/2023\/12\/IMG_3219-1.jpg\" class=\"attachment-full size-full\" alt=\"\" srcset=\"https:\/\/cloud.alqueria.es\/wp-content\/uploads\/sites\/12\/2023\/12\/IMG_3219-1.jpg 424w, https:\/\/cloud.alqueria.es\/wp-content\/uploads\/sites\/12\/2023\/12\/IMG_3219-1-212x300.jpg 212w\" sizes=\"(max-width: 424px) 100vw, 424px\" data-attachment-id=\"40476\" data-permalink=\"https:\/\/www.alqueria.es\/blogs\/alqueriaartistica\/2023\/12\/04\/el-color-9\/img_3219-5\/\" data-orig-file=\"https:\/\/cloud.alqueria.es\/wp-content\/uploads\/sites\/12\/2023\/12\/IMG_3219-1.jpg\" data-orig-size=\"424,599\" data-comments-opened=\"1\" data-image-meta=\"{&quot;aperture&quot;:&quot;2.7&quot;,&quot;credit&quot;:&quot;&quot;,&quot;camera&quot;:&quot;Canon IXUS 125 HS&quot;,&quot;caption&quot;:&quot;&quot;,&quot;created_timestamp&quot;:&quot;1698249716&quot;,&quot;copyright&quot;:&quot;&quot;,&quot;focal_length&quot;:&quot;4.3&quot;,&quot;iso&quot;:&quot;100&quot;,&quot;shutter_speed&quot;:&quot;0.02&quot;,&quot;title&quot;:&quot;&quot;,&quot;orientation&quot;:&quot;1&quot;}\" data-image-title=\"IMG_3219\" data-image-description=\"\" data-image-caption=\"\" data-large-file=\"https:\/\/cloud.alqueria.es\/wp-content\/uploads\/sites\/12\/2023\/12\/IMG_3219-1.jpg\" \/><\/a>\n\t\t\t<\/div><\/figure>\n\t\t<\/div>\n\n<div data-carousel-extra='{&quot;blog_id&quot;:12,&quot;permalink&quot;:&quot;https:\/\/www.alqueria.es\/blogs\/alqueriaartistica\/2023\/12\/04\/el-color-9\/&quot;}' id='gallery-2' class='gallery galleryid-40464 gallery-columns-5 gallery-size-large'><figure class='gallery-item'>\n\t\t\t<div class='gallery-icon portrait'>\n\t\t\t\t<a href='https:\/\/www.alqueria.es\/blogs\/alqueriaartistica\/2023\/12\/04\/el-color-9\/img_3218-3\/'><img decoding=\"async\" width=\"474\" height=\"632\" src=\"https:\/\/cloud.alqueria.es\/wp-content\/uploads\/sites\/12\/2023\/12\/IMG_3218.jpg\" class=\"attachment-large size-large\" alt=\"\" srcset=\"https:\/\/cloud.alqueria.es\/wp-content\/uploads\/sites\/12\/2023\/12\/IMG_3218.jpg 480w, https:\/\/cloud.alqueria.es\/wp-content\/uploads\/sites\/12\/2023\/12\/IMG_3218-225x300.jpg 225w\" sizes=\"(max-width: 474px) 100vw, 474px\" data-attachment-id=\"40468\" data-permalink=\"https:\/\/www.alqueria.es\/blogs\/alqueriaartistica\/2023\/12\/04\/el-color-9\/img_3218-3\/\" data-orig-file=\"https:\/\/cloud.alqueria.es\/wp-content\/uploads\/sites\/12\/2023\/12\/IMG_3218.jpg\" data-orig-size=\"480,640\" data-comments-opened=\"1\" data-image-meta=\"{&quot;aperture&quot;:&quot;2.7&quot;,&quot;credit&quot;:&quot;&quot;,&quot;camera&quot;:&quot;Canon IXUS 125 HS&quot;,&quot;caption&quot;:&quot;&quot;,&quot;created_timestamp&quot;:&quot;1698249714&quot;,&quot;copyright&quot;:&quot;&quot;,&quot;focal_length&quot;:&quot;4.3&quot;,&quot;iso&quot;:&quot;100&quot;,&quot;shutter_speed&quot;:&quot;0.02&quot;,&quot;title&quot;:&quot;&quot;,&quot;orientation&quot;:&quot;1&quot;}\" data-image-title=\"IMG_3218\" data-image-description=\"\" data-image-caption=\"\" data-large-file=\"https:\/\/cloud.alqueria.es\/wp-content\/uploads\/sites\/12\/2023\/12\/IMG_3218.jpg\" \/><\/a>\n\t\t\t<\/div><\/figure><figure class='gallery-item'>\n\t\t\t<div class='gallery-icon portrait'>\n\t\t\t\t<a href='https:\/\/www.alqueria.es\/blogs\/alqueriaartistica\/2023\/12\/04\/el-color-9\/img_3222-3\/'><img decoding=\"async\" width=\"474\" height=\"632\" src=\"https:\/\/cloud.alqueria.es\/wp-content\/uploads\/sites\/12\/2023\/12\/IMG_3222.jpg\" class=\"attachment-large size-large\" alt=\"\" srcset=\"https:\/\/cloud.alqueria.es\/wp-content\/uploads\/sites\/12\/2023\/12\/IMG_3222.jpg 480w, https:\/\/cloud.alqueria.es\/wp-content\/uploads\/sites\/12\/2023\/12\/IMG_3222-225x300.jpg 225w\" sizes=\"(max-width: 474px) 100vw, 474px\" data-attachment-id=\"40472\" data-permalink=\"https:\/\/www.alqueria.es\/blogs\/alqueriaartistica\/2023\/12\/04\/el-color-9\/img_3222-3\/\" data-orig-file=\"https:\/\/cloud.alqueria.es\/wp-content\/uploads\/sites\/12\/2023\/12\/IMG_3222.jpg\" data-orig-size=\"480,640\" data-comments-opened=\"1\" data-image-meta=\"{&quot;aperture&quot;:&quot;2.7&quot;,&quot;credit&quot;:&quot;&quot;,&quot;camera&quot;:&quot;Canon IXUS 125 HS&quot;,&quot;caption&quot;:&quot;&quot;,&quot;created_timestamp&quot;:&quot;1698249724&quot;,&quot;copyright&quot;:&quot;&quot;,&quot;focal_length&quot;:&quot;4.3&quot;,&quot;iso&quot;:&quot;100&quot;,&quot;shutter_speed&quot;:&quot;0.0125&quot;,&quot;title&quot;:&quot;&quot;,&quot;orientation&quot;:&quot;1&quot;}\" data-image-title=\"IMG_3222\" data-image-description=\"\" data-image-caption=\"\" data-large-file=\"https:\/\/cloud.alqueria.es\/wp-content\/uploads\/sites\/12\/2023\/12\/IMG_3222.jpg\" \/><\/a>\n\t\t\t<\/div><\/figure><figure class='gallery-item'>\n\t\t\t<div class='gallery-icon portrait'>\n\t\t\t\t<a href='https:\/\/www.alqueria.es\/blogs\/alqueriaartistica\/2023\/12\/04\/el-color-9\/img_3215-4\/'><img decoding=\"async\" width=\"474\" height=\"632\" src=\"https:\/\/cloud.alqueria.es\/wp-content\/uploads\/sites\/12\/2023\/12\/IMG_3215.jpg\" class=\"attachment-large size-large\" alt=\"\" srcset=\"https:\/\/cloud.alqueria.es\/wp-content\/uploads\/sites\/12\/2023\/12\/IMG_3215.jpg 480w, https:\/\/cloud.alqueria.es\/wp-content\/uploads\/sites\/12\/2023\/12\/IMG_3215-225x300.jpg 225w\" sizes=\"(max-width: 474px) 100vw, 474px\" data-attachment-id=\"40465\" data-permalink=\"https:\/\/www.alqueria.es\/blogs\/alqueriaartistica\/2023\/12\/04\/el-color-9\/img_3215-4\/\" data-orig-file=\"https:\/\/cloud.alqueria.es\/wp-content\/uploads\/sites\/12\/2023\/12\/IMG_3215.jpg\" data-orig-size=\"480,640\" data-comments-opened=\"1\" data-image-meta=\"{&quot;aperture&quot;:&quot;2.7&quot;,&quot;credit&quot;:&quot;&quot;,&quot;camera&quot;:&quot;Canon IXUS 125 HS&quot;,&quot;caption&quot;:&quot;&quot;,&quot;created_timestamp&quot;:&quot;1698249706&quot;,&quot;copyright&quot;:&quot;&quot;,&quot;focal_length&quot;:&quot;4.3&quot;,&quot;iso&quot;:&quot;100&quot;,&quot;shutter_speed&quot;:&quot;0.0125&quot;,&quot;title&quot;:&quot;&quot;,&quot;orientation&quot;:&quot;1&quot;}\" data-image-title=\"IMG_3215\" data-image-description=\"\" data-image-caption=\"\" data-large-file=\"https:\/\/cloud.alqueria.es\/wp-content\/uploads\/sites\/12\/2023\/12\/IMG_3215.jpg\" \/><\/a>\n\t\t\t<\/div><\/figure><figure class='gallery-item'>\n\t\t\t<div class='gallery-icon portrait'>\n\t\t\t\t<a href='https:\/\/www.alqueria.es\/blogs\/alqueriaartistica\/2023\/12\/04\/el-color-9\/img_3216-5\/'><img decoding=\"async\" width=\"474\" height=\"632\" src=\"https:\/\/cloud.alqueria.es\/wp-content\/uploads\/sites\/12\/2023\/12\/IMG_3216.jpg\" class=\"attachment-large size-large\" alt=\"\" srcset=\"https:\/\/cloud.alqueria.es\/wp-content\/uploads\/sites\/12\/2023\/12\/IMG_3216.jpg 480w, https:\/\/cloud.alqueria.es\/wp-content\/uploads\/sites\/12\/2023\/12\/IMG_3216-225x300.jpg 225w\" sizes=\"(max-width: 474px) 100vw, 474px\" data-attachment-id=\"40466\" data-permalink=\"https:\/\/www.alqueria.es\/blogs\/alqueriaartistica\/2023\/12\/04\/el-color-9\/img_3216-5\/\" data-orig-file=\"https:\/\/cloud.alqueria.es\/wp-content\/uploads\/sites\/12\/2023\/12\/IMG_3216.jpg\" data-orig-size=\"480,640\" data-comments-opened=\"1\" data-image-meta=\"{&quot;aperture&quot;:&quot;2.7&quot;,&quot;credit&quot;:&quot;&quot;,&quot;camera&quot;:&quot;Canon IXUS 125 HS&quot;,&quot;caption&quot;:&quot;&quot;,&quot;created_timestamp&quot;:&quot;1698249709&quot;,&quot;copyright&quot;:&quot;&quot;,&quot;focal_length&quot;:&quot;4.3&quot;,&quot;iso&quot;:&quot;100&quot;,&quot;shutter_speed&quot;:&quot;0.02&quot;,&quot;title&quot;:&quot;&quot;,&quot;orientation&quot;:&quot;1&quot;}\" data-image-title=\"IMG_3216\" data-image-description=\"\" data-image-caption=\"\" data-large-file=\"https:\/\/cloud.alqueria.es\/wp-content\/uploads\/sites\/12\/2023\/12\/IMG_3216.jpg\" \/><\/a>\n\t\t\t<\/div><\/figure><figure class='gallery-item'>\n\t\t\t<div class='gallery-icon portrait'>\n\t\t\t\t<a href='https:\/\/www.alqueria.es\/blogs\/alqueriaartistica\/2023\/12\/04\/el-color-9\/img_3217-4\/'><img decoding=\"async\" width=\"474\" height=\"632\" src=\"https:\/\/cloud.alqueria.es\/wp-content\/uploads\/sites\/12\/2023\/12\/IMG_3217.jpg\" class=\"attachment-large size-large\" alt=\"\" srcset=\"https:\/\/cloud.alqueria.es\/wp-content\/uploads\/sites\/12\/2023\/12\/IMG_3217.jpg 480w, https:\/\/cloud.alqueria.es\/wp-content\/uploads\/sites\/12\/2023\/12\/IMG_3217-225x300.jpg 225w\" sizes=\"(max-width: 474px) 100vw, 474px\" data-attachment-id=\"40467\" data-permalink=\"https:\/\/www.alqueria.es\/blogs\/alqueriaartistica\/2023\/12\/04\/el-color-9\/img_3217-4\/\" data-orig-file=\"https:\/\/cloud.alqueria.es\/wp-content\/uploads\/sites\/12\/2023\/12\/IMG_3217.jpg\" data-orig-size=\"480,640\" data-comments-opened=\"1\" data-image-meta=\"{&quot;aperture&quot;:&quot;2.7&quot;,&quot;credit&quot;:&quot;&quot;,&quot;camera&quot;:&quot;Canon IXUS 125 HS&quot;,&quot;caption&quot;:&quot;&quot;,&quot;created_timestamp&quot;:&quot;1698249711&quot;,&quot;copyright&quot;:&quot;&quot;,&quot;focal_length&quot;:&quot;4.3&quot;,&quot;iso&quot;:&quot;100&quot;,&quot;shutter_speed&quot;:&quot;0.016666666666667&quot;,&quot;title&quot;:&quot;&quot;,&quot;orientation&quot;:&quot;1&quot;}\" data-image-title=\"IMG_3217\" data-image-description=\"\" data-image-caption=\"\" data-large-file=\"https:\/\/cloud.alqueria.es\/wp-content\/uploads\/sites\/12\/2023\/12\/IMG_3217.jpg\" \/><\/a>\n\t\t\t<\/div><\/figure><figure class='gallery-item'>\n\t\t\t<div class='gallery-icon portrait'>\n\t\t\t\t<a href='https:\/\/www.alqueria.es\/blogs\/alqueriaartistica\/2023\/12\/04\/el-color-9\/img_3220-4\/'><img decoding=\"async\" width=\"474\" height=\"632\" src=\"https:\/\/cloud.alqueria.es\/wp-content\/uploads\/sites\/12\/2023\/12\/IMG_3220.jpg\" class=\"attachment-large size-large\" alt=\"\" srcset=\"https:\/\/cloud.alqueria.es\/wp-content\/uploads\/sites\/12\/2023\/12\/IMG_3220.jpg 480w, https:\/\/cloud.alqueria.es\/wp-content\/uploads\/sites\/12\/2023\/12\/IMG_3220-225x300.jpg 225w\" sizes=\"(max-width: 474px) 100vw, 474px\" data-attachment-id=\"40470\" data-permalink=\"https:\/\/www.alqueria.es\/blogs\/alqueriaartistica\/2023\/12\/04\/el-color-9\/img_3220-4\/\" data-orig-file=\"https:\/\/cloud.alqueria.es\/wp-content\/uploads\/sites\/12\/2023\/12\/IMG_3220.jpg\" data-orig-size=\"480,640\" data-comments-opened=\"1\" data-image-meta=\"{&quot;aperture&quot;:&quot;2.7&quot;,&quot;credit&quot;:&quot;&quot;,&quot;camera&quot;:&quot;Canon IXUS 125 HS&quot;,&quot;caption&quot;:&quot;&quot;,&quot;created_timestamp&quot;:&quot;1698249718&quot;,&quot;copyright&quot;:&quot;&quot;,&quot;focal_length&quot;:&quot;4.3&quot;,&quot;iso&quot;:&quot;100&quot;,&quot;shutter_speed&quot;:&quot;0.025&quot;,&quot;title&quot;:&quot;&quot;,&quot;orientation&quot;:&quot;1&quot;}\" data-image-title=\"IMG_3220\" data-image-description=\"\" data-image-caption=\"\" data-large-file=\"https:\/\/cloud.alqueria.es\/wp-content\/uploads\/sites\/12\/2023\/12\/IMG_3220.jpg\" \/><\/a>\n\t\t\t<\/div><\/figure><figure class='gallery-item'>\n\t\t\t<div class='gallery-icon portrait'>\n\t\t\t\t<a href='https:\/\/www.alqueria.es\/blogs\/alqueriaartistica\/2023\/12\/04\/el-color-9\/img_3221-4\/'><img decoding=\"async\" width=\"474\" height=\"632\" src=\"https:\/\/cloud.alqueria.es\/wp-content\/uploads\/sites\/12\/2023\/12\/IMG_3221.jpg\" class=\"attachment-large size-large\" alt=\"\" srcset=\"https:\/\/cloud.alqueria.es\/wp-content\/uploads\/sites\/12\/2023\/12\/IMG_3221.jpg 480w, https:\/\/cloud.alqueria.es\/wp-content\/uploads\/sites\/12\/2023\/12\/IMG_3221-225x300.jpg 225w\" sizes=\"(max-width: 474px) 100vw, 474px\" data-attachment-id=\"40471\" data-permalink=\"https:\/\/www.alqueria.es\/blogs\/alqueriaartistica\/2023\/12\/04\/el-color-9\/img_3221-4\/\" data-orig-file=\"https:\/\/cloud.alqueria.es\/wp-content\/uploads\/sites\/12\/2023\/12\/IMG_3221.jpg\" data-orig-size=\"480,640\" data-comments-opened=\"1\" data-image-meta=\"{&quot;aperture&quot;:&quot;2.7&quot;,&quot;credit&quot;:&quot;&quot;,&quot;camera&quot;:&quot;Canon IXUS 125 HS&quot;,&quot;caption&quot;:&quot;&quot;,&quot;created_timestamp&quot;:&quot;1698249721&quot;,&quot;copyright&quot;:&quot;&quot;,&quot;focal_length&quot;:&quot;4.3&quot;,&quot;iso&quot;:&quot;100&quot;,&quot;shutter_speed&quot;:&quot;0.02&quot;,&quot;title&quot;:&quot;&quot;,&quot;orientation&quot;:&quot;1&quot;}\" data-image-title=\"IMG_3221\" data-image-description=\"\" data-image-caption=\"\" data-large-file=\"https:\/\/cloud.alqueria.es\/wp-content\/uploads\/sites\/12\/2023\/12\/IMG_3221.jpg\" \/><\/a>\n\t\t\t<\/div><\/figure><figure class='gallery-item'>\n\t\t\t<div class='gallery-icon portrait'>\n\t\t\t\t<a href='https:\/\/www.alqueria.es\/blogs\/alqueriaartistica\/2023\/12\/04\/el-color-9\/img_3223-4\/'><img decoding=\"async\" width=\"474\" height=\"632\" src=\"https:\/\/cloud.alqueria.es\/wp-content\/uploads\/sites\/12\/2023\/12\/IMG_3223.jpg\" class=\"attachment-large size-large\" alt=\"\" srcset=\"https:\/\/cloud.alqueria.es\/wp-content\/uploads\/sites\/12\/2023\/12\/IMG_3223.jpg 480w, https:\/\/cloud.alqueria.es\/wp-content\/uploads\/sites\/12\/2023\/12\/IMG_3223-225x300.jpg 225w\" sizes=\"(max-width: 474px) 100vw, 474px\" data-attachment-id=\"40473\" data-permalink=\"https:\/\/www.alqueria.es\/blogs\/alqueriaartistica\/2023\/12\/04\/el-color-9\/img_3223-4\/\" data-orig-file=\"https:\/\/cloud.alqueria.es\/wp-content\/uploads\/sites\/12\/2023\/12\/IMG_3223.jpg\" data-orig-size=\"480,640\" data-comments-opened=\"1\" data-image-meta=\"{&quot;aperture&quot;:&quot;2.7&quot;,&quot;credit&quot;:&quot;&quot;,&quot;camera&quot;:&quot;Canon IXUS 125 HS&quot;,&quot;caption&quot;:&quot;&quot;,&quot;created_timestamp&quot;:&quot;1698249728&quot;,&quot;copyright&quot;:&quot;&quot;,&quot;focal_length&quot;:&quot;4.3&quot;,&quot;iso&quot;:&quot;100&quot;,&quot;shutter_speed&quot;:&quot;0.016666666666667&quot;,&quot;title&quot;:&quot;&quot;,&quot;orientation&quot;:&quot;1&quot;}\" data-image-title=\"IMG_3223\" data-image-description=\"\" data-image-caption=\"\" data-large-file=\"https:\/\/cloud.alqueria.es\/wp-content\/uploads\/sites\/12\/2023\/12\/IMG_3223.jpg\" \/><\/a>\n\t\t\t<\/div><\/figure><figure class='gallery-item'>\n\t\t\t<div class='gallery-icon portrait'>\n\t\t\t\t<a href='https:\/\/www.alqueria.es\/blogs\/alqueriaartistica\/2023\/12\/04\/el-color-9\/img_3224-4\/'><img decoding=\"async\" width=\"474\" height=\"632\" src=\"https:\/\/cloud.alqueria.es\/wp-content\/uploads\/sites\/12\/2023\/12\/IMG_3224.jpg\" class=\"attachment-large size-large\" alt=\"\" srcset=\"https:\/\/cloud.alqueria.es\/wp-content\/uploads\/sites\/12\/2023\/12\/IMG_3224.jpg 480w, https:\/\/cloud.alqueria.es\/wp-content\/uploads\/sites\/12\/2023\/12\/IMG_3224-225x300.jpg 225w\" sizes=\"(max-width: 474px) 100vw, 474px\" data-attachment-id=\"40474\" data-permalink=\"https:\/\/www.alqueria.es\/blogs\/alqueriaartistica\/2023\/12\/04\/el-color-9\/img_3224-4\/\" data-orig-file=\"https:\/\/cloud.alqueria.es\/wp-content\/uploads\/sites\/12\/2023\/12\/IMG_3224.jpg\" data-orig-size=\"480,640\" data-comments-opened=\"1\" data-image-meta=\"{&quot;aperture&quot;:&quot;2.7&quot;,&quot;credit&quot;:&quot;&quot;,&quot;camera&quot;:&quot;Canon IXUS 125 HS&quot;,&quot;caption&quot;:&quot;&quot;,&quot;created_timestamp&quot;:&quot;1698249730&quot;,&quot;copyright&quot;:&quot;&quot;,&quot;focal_length&quot;:&quot;4.3&quot;,&quot;iso&quot;:&quot;100&quot;,&quot;shutter_speed&quot;:&quot;0.0125&quot;,&quot;title&quot;:&quot;&quot;,&quot;orientation&quot;:&quot;1&quot;}\" data-image-title=\"IMG_3224\" data-image-description=\"\" data-image-caption=\"\" data-large-file=\"https:\/\/cloud.alqueria.es\/wp-content\/uploads\/sites\/12\/2023\/12\/IMG_3224.jpg\" \/><\/a>\n\t\t\t<\/div><\/figure><figure class='gallery-item'>\n\t\t\t<div class='gallery-icon portrait'>\n\t\t\t\t<a href='https:\/\/www.alqueria.es\/blogs\/alqueriaartistica\/2023\/12\/04\/el-color-9\/img_3225-4\/'><img decoding=\"async\" width=\"474\" height=\"632\" src=\"https:\/\/cloud.alqueria.es\/wp-content\/uploads\/sites\/12\/2023\/12\/IMG_3225.jpg\" class=\"attachment-large size-large\" alt=\"\" srcset=\"https:\/\/cloud.alqueria.es\/wp-content\/uploads\/sites\/12\/2023\/12\/IMG_3225.jpg 480w, https:\/\/cloud.alqueria.es\/wp-content\/uploads\/sites\/12\/2023\/12\/IMG_3225-225x300.jpg 225w\" sizes=\"(max-width: 474px) 100vw, 474px\" data-attachment-id=\"40475\" data-permalink=\"https:\/\/www.alqueria.es\/blogs\/alqueriaartistica\/2023\/12\/04\/el-color-9\/img_3225-4\/\" data-orig-file=\"https:\/\/cloud.alqueria.es\/wp-content\/uploads\/sites\/12\/2023\/12\/IMG_3225.jpg\" data-orig-size=\"480,640\" data-comments-opened=\"1\" data-image-meta=\"{&quot;aperture&quot;:&quot;2.7&quot;,&quot;credit&quot;:&quot;&quot;,&quot;camera&quot;:&quot;Canon IXUS 125 HS&quot;,&quot;caption&quot;:&quot;&quot;,&quot;created_timestamp&quot;:&quot;1698249732&quot;,&quot;copyright&quot;:&quot;&quot;,&quot;focal_length&quot;:&quot;4.3&quot;,&quot;iso&quot;:&quot;100&quot;,&quot;shutter_speed&quot;:&quot;0.0125&quot;,&quot;title&quot;:&quot;&quot;,&quot;orientation&quot;:&quot;1&quot;}\" data-image-title=\"IMG_3225\" data-image-description=\"\" data-image-caption=\"\" data-large-file=\"https:\/\/cloud.alqueria.es\/wp-content\/uploads\/sites\/12\/2023\/12\/IMG_3225.jpg\" \/><\/a>\n\t\t\t<\/div><\/figure>\n\t\t<\/div>\n\n<div data-carousel-extra='{&quot;blog_id&quot;:12,&quot;permalink&quot;:&quot;https:\/\/www.alqueria.es\/blogs\/alqueriaartistica\/2023\/12\/04\/el-color-9\/&quot;}' id='gallery-3' class='gallery galleryid-40464 gallery-columns-3 gallery-size-large'><figure class='gallery-item'>\n\t\t\t<div class='gallery-icon landscape'>\n\t\t\t\t<a href='https:\/\/www.alqueria.es\/blogs\/alqueriaartistica\/2023\/12\/04\/el-color-9\/img_3184-4\/'><img decoding=\"async\" width=\"474\" height=\"356\" src=\"https:\/\/cloud.alqueria.es\/wp-content\/uploads\/sites\/12\/2023\/12\/IMG_3184.jpg\" class=\"attachment-large size-large\" alt=\"\" srcset=\"https:\/\/cloud.alqueria.es\/wp-content\/uploads\/sites\/12\/2023\/12\/IMG_3184.jpg 640w, https:\/\/cloud.alqueria.es\/wp-content\/uploads\/sites\/12\/2023\/12\/IMG_3184-300x225.jpg 300w\" sizes=\"(max-width: 474px) 100vw, 474px\" data-attachment-id=\"40477\" data-permalink=\"https:\/\/www.alqueria.es\/blogs\/alqueriaartistica\/2023\/12\/04\/el-color-9\/img_3184-4\/\" data-orig-file=\"https:\/\/cloud.alqueria.es\/wp-content\/uploads\/sites\/12\/2023\/12\/IMG_3184.jpg\" data-orig-size=\"640,480\" data-comments-opened=\"1\" data-image-meta=\"{&quot;aperture&quot;:&quot;2.7&quot;,&quot;credit&quot;:&quot;&quot;,&quot;camera&quot;:&quot;Canon IXUS 125 HS&quot;,&quot;caption&quot;:&quot;&quot;,&quot;created_timestamp&quot;:&quot;1698161225&quot;,&quot;copyright&quot;:&quot;&quot;,&quot;focal_length&quot;:&quot;4.3&quot;,&quot;iso&quot;:&quot;500&quot;,&quot;shutter_speed&quot;:&quot;0.033333333333333&quot;,&quot;title&quot;:&quot;&quot;,&quot;orientation&quot;:&quot;1&quot;}\" data-image-title=\"IMG_3184\" data-image-description=\"\" data-image-caption=\"\" data-large-file=\"https:\/\/cloud.alqueria.es\/wp-content\/uploads\/sites\/12\/2023\/12\/IMG_3184.jpg\" \/><\/a>\n\t\t\t<\/div><\/figure><figure class='gallery-item'>\n\t\t\t<div class='gallery-icon landscape'>\n\t\t\t\t<a href='https:\/\/www.alqueria.es\/blogs\/alqueriaartistica\/2023\/12\/04\/el-color-9\/img_3186-5\/'><img decoding=\"async\" width=\"474\" height=\"356\" src=\"https:\/\/cloud.alqueria.es\/wp-content\/uploads\/sites\/12\/2023\/12\/IMG_3186.jpg\" class=\"attachment-large size-large\" alt=\"\" srcset=\"https:\/\/cloud.alqueria.es\/wp-content\/uploads\/sites\/12\/2023\/12\/IMG_3186.jpg 640w, https:\/\/cloud.alqueria.es\/wp-content\/uploads\/sites\/12\/2023\/12\/IMG_3186-300x225.jpg 300w\" sizes=\"(max-width: 474px) 100vw, 474px\" data-attachment-id=\"40478\" data-permalink=\"https:\/\/www.alqueria.es\/blogs\/alqueriaartistica\/2023\/12\/04\/el-color-9\/img_3186-5\/\" data-orig-file=\"https:\/\/cloud.alqueria.es\/wp-content\/uploads\/sites\/12\/2023\/12\/IMG_3186.jpg\" data-orig-size=\"640,480\" data-comments-opened=\"1\" data-image-meta=\"{&quot;aperture&quot;:&quot;2.7&quot;,&quot;credit&quot;:&quot;&quot;,&quot;camera&quot;:&quot;Canon IXUS 125 HS&quot;,&quot;caption&quot;:&quot;&quot;,&quot;created_timestamp&quot;:&quot;1698161254&quot;,&quot;copyright&quot;:&quot;&quot;,&quot;focal_length&quot;:&quot;4.3&quot;,&quot;iso&quot;:&quot;500&quot;,&quot;shutter_speed&quot;:&quot;0.016666666666667&quot;,&quot;title&quot;:&quot;&quot;,&quot;orientation&quot;:&quot;1&quot;}\" data-image-title=\"IMG_3186\" data-image-description=\"\" data-image-caption=\"\" data-large-file=\"https:\/\/cloud.alqueria.es\/wp-content\/uploads\/sites\/12\/2023\/12\/IMG_3186.jpg\" \/><\/a>\n\t\t\t<\/div><\/figure><figure class='gallery-item'>\n\t\t\t<div class='gallery-icon landscape'>\n\t\t\t\t<a href='https:\/\/www.alqueria.es\/blogs\/alqueriaartistica\/2023\/12\/04\/el-color-9\/img_3189-4\/'><img decoding=\"async\" width=\"474\" height=\"356\" src=\"https:\/\/cloud.alqueria.es\/wp-content\/uploads\/sites\/12\/2023\/12\/IMG_3189.jpg\" class=\"attachment-large size-large\" alt=\"\" srcset=\"https:\/\/cloud.alqueria.es\/wp-content\/uploads\/sites\/12\/2023\/12\/IMG_3189.jpg 640w, https:\/\/cloud.alqueria.es\/wp-content\/uploads\/sites\/12\/2023\/12\/IMG_3189-300x225.jpg 300w\" sizes=\"(max-width: 474px) 100vw, 474px\" data-attachment-id=\"40479\" data-permalink=\"https:\/\/www.alqueria.es\/blogs\/alqueriaartistica\/2023\/12\/04\/el-color-9\/img_3189-4\/\" data-orig-file=\"https:\/\/cloud.alqueria.es\/wp-content\/uploads\/sites\/12\/2023\/12\/IMG_3189.jpg\" data-orig-size=\"640,480\" data-comments-opened=\"1\" data-image-meta=\"{&quot;aperture&quot;:&quot;2.7&quot;,&quot;credit&quot;:&quot;&quot;,&quot;camera&quot;:&quot;Canon IXUS 125 HS&quot;,&quot;caption&quot;:&quot;&quot;,&quot;created_timestamp&quot;:&quot;1698161715&quot;,&quot;copyright&quot;:&quot;&quot;,&quot;focal_length&quot;:&quot;4.3&quot;,&quot;iso&quot;:&quot;800&quot;,&quot;shutter_speed&quot;:&quot;0.016666666666667&quot;,&quot;title&quot;:&quot;&quot;,&quot;orientation&quot;:&quot;1&quot;}\" data-image-title=\"IMG_3189\" data-image-description=\"\" data-image-caption=\"\" data-large-file=\"https:\/\/cloud.alqueria.es\/wp-content\/uploads\/sites\/12\/2023\/12\/IMG_3189.jpg\" \/><\/a>\n\t\t\t<\/div><\/figure><figure class='gallery-item'>\n\t\t\t<div class='gallery-icon landscape'>\n\t\t\t\t<a href='https:\/\/www.alqueria.es\/blogs\/alqueriaartistica\/2023\/12\/04\/el-color-9\/img_3190-4\/'><img decoding=\"async\" width=\"474\" height=\"356\" src=\"https:\/\/cloud.alqueria.es\/wp-content\/uploads\/sites\/12\/2023\/12\/IMG_3190.jpg\" class=\"attachment-large size-large\" alt=\"\" srcset=\"https:\/\/cloud.alqueria.es\/wp-content\/uploads\/sites\/12\/2023\/12\/IMG_3190.jpg 640w, https:\/\/cloud.alqueria.es\/wp-content\/uploads\/sites\/12\/2023\/12\/IMG_3190-300x225.jpg 300w\" sizes=\"(max-width: 474px) 100vw, 474px\" data-attachment-id=\"40480\" data-permalink=\"https:\/\/www.alqueria.es\/blogs\/alqueriaartistica\/2023\/12\/04\/el-color-9\/img_3190-4\/\" data-orig-file=\"https:\/\/cloud.alqueria.es\/wp-content\/uploads\/sites\/12\/2023\/12\/IMG_3190.jpg\" data-orig-size=\"640,480\" data-comments-opened=\"1\" data-image-meta=\"{&quot;aperture&quot;:&quot;2.7&quot;,&quot;credit&quot;:&quot;&quot;,&quot;camera&quot;:&quot;Canon IXUS 125 HS&quot;,&quot;caption&quot;:&quot;&quot;,&quot;created_timestamp&quot;:&quot;1698161724&quot;,&quot;copyright&quot;:&quot;&quot;,&quot;focal_length&quot;:&quot;4.3&quot;,&quot;iso&quot;:&quot;500&quot;,&quot;shutter_speed&quot;:&quot;0.016666666666667&quot;,&quot;title&quot;:&quot;&quot;,&quot;orientation&quot;:&quot;1&quot;}\" data-image-title=\"IMG_3190\" data-image-description=\"\" data-image-caption=\"\" data-large-file=\"https:\/\/cloud.alqueria.es\/wp-content\/uploads\/sites\/12\/2023\/12\/IMG_3190.jpg\" \/><\/a>\n\t\t\t<\/div><\/figure><figure class='gallery-item'>\n\t\t\t<div class='gallery-icon landscape'>\n\t\t\t\t<a href='https:\/\/www.alqueria.es\/blogs\/alqueriaartistica\/2023\/12\/04\/el-color-9\/img_3191-4\/'><img decoding=\"async\" width=\"474\" height=\"356\" src=\"https:\/\/cloud.alqueria.es\/wp-content\/uploads\/sites\/12\/2023\/12\/IMG_3191.jpg\" class=\"attachment-large size-large\" alt=\"\" srcset=\"https:\/\/cloud.alqueria.es\/wp-content\/uploads\/sites\/12\/2023\/12\/IMG_3191.jpg 640w, https:\/\/cloud.alqueria.es\/wp-content\/uploads\/sites\/12\/2023\/12\/IMG_3191-300x225.jpg 300w\" sizes=\"(max-width: 474px) 100vw, 474px\" data-attachment-id=\"40481\" data-permalink=\"https:\/\/www.alqueria.es\/blogs\/alqueriaartistica\/2023\/12\/04\/el-color-9\/img_3191-4\/\" data-orig-file=\"https:\/\/cloud.alqueria.es\/wp-content\/uploads\/sites\/12\/2023\/12\/IMG_3191.jpg\" data-orig-size=\"640,480\" data-comments-opened=\"1\" data-image-meta=\"{&quot;aperture&quot;:&quot;2.7&quot;,&quot;credit&quot;:&quot;&quot;,&quot;camera&quot;:&quot;Canon IXUS 125 HS&quot;,&quot;caption&quot;:&quot;&quot;,&quot;created_timestamp&quot;:&quot;1698161730&quot;,&quot;copyright&quot;:&quot;&quot;,&quot;focal_length&quot;:&quot;4.3&quot;,&quot;iso&quot;:&quot;200&quot;,&quot;shutter_speed&quot;:&quot;0.033333333333333&quot;,&quot;title&quot;:&quot;&quot;,&quot;orientation&quot;:&quot;1&quot;}\" data-image-title=\"IMG_3191\" data-image-description=\"\" data-image-caption=\"\" data-large-file=\"https:\/\/cloud.alqueria.es\/wp-content\/uploads\/sites\/12\/2023\/12\/IMG_3191.jpg\" \/><\/a>\n\t\t\t<\/div><\/figure><figure class='gallery-item'>\n\t\t\t<div class='gallery-icon landscape'>\n\t\t\t\t<a href='https:\/\/www.alqueria.es\/blogs\/alqueriaartistica\/2023\/12\/04\/el-color-9\/img_3195-4\/'><img decoding=\"async\" width=\"474\" height=\"356\" src=\"https:\/\/cloud.alqueria.es\/wp-content\/uploads\/sites\/12\/2023\/12\/IMG_3195.jpg\" class=\"attachment-large size-large\" alt=\"\" srcset=\"https:\/\/cloud.alqueria.es\/wp-content\/uploads\/sites\/12\/2023\/12\/IMG_3195.jpg 640w, https:\/\/cloud.alqueria.es\/wp-content\/uploads\/sites\/12\/2023\/12\/IMG_3195-300x225.jpg 300w\" sizes=\"(max-width: 474px) 100vw, 474px\" data-attachment-id=\"40482\" data-permalink=\"https:\/\/www.alqueria.es\/blogs\/alqueriaartistica\/2023\/12\/04\/el-color-9\/img_3195-4\/\" data-orig-file=\"https:\/\/cloud.alqueria.es\/wp-content\/uploads\/sites\/12\/2023\/12\/IMG_3195.jpg\" data-orig-size=\"640,480\" data-comments-opened=\"1\" data-image-meta=\"{&quot;aperture&quot;:&quot;2.7&quot;,&quot;credit&quot;:&quot;&quot;,&quot;camera&quot;:&quot;Canon IXUS 125 HS&quot;,&quot;caption&quot;:&quot;&quot;,&quot;created_timestamp&quot;:&quot;1698161773&quot;,&quot;copyright&quot;:&quot;&quot;,&quot;focal_length&quot;:&quot;4.3&quot;,&quot;iso&quot;:&quot;320&quot;,&quot;shutter_speed&quot;:&quot;0.033333333333333&quot;,&quot;title&quot;:&quot;&quot;,&quot;orientation&quot;:&quot;1&quot;}\" data-image-title=\"IMG_3195\" data-image-description=\"\" data-image-caption=\"\" data-large-file=\"https:\/\/cloud.alqueria.es\/wp-content\/uploads\/sites\/12\/2023\/12\/IMG_3195.jpg\" \/><\/a>\n\t\t\t<\/div><\/figure><figure class='gallery-item'>\n\t\t\t<div class='gallery-icon landscape'>\n\t\t\t\t<a href='https:\/\/www.alqueria.es\/blogs\/alqueriaartistica\/2023\/12\/04\/el-color-9\/img_3200-2\/'><img decoding=\"async\" width=\"474\" height=\"356\" src=\"https:\/\/cloud.alqueria.es\/wp-content\/uploads\/sites\/12\/2023\/12\/IMG_3200.jpg\" class=\"attachment-large size-large\" alt=\"\" srcset=\"https:\/\/cloud.alqueria.es\/wp-content\/uploads\/sites\/12\/2023\/12\/IMG_3200.jpg 640w, https:\/\/cloud.alqueria.es\/wp-content\/uploads\/sites\/12\/2023\/12\/IMG_3200-300x225.jpg 300w\" sizes=\"(max-width: 474px) 100vw, 474px\" data-attachment-id=\"40484\" data-permalink=\"https:\/\/www.alqueria.es\/blogs\/alqueriaartistica\/2023\/12\/04\/el-color-9\/img_3200-2\/\" data-orig-file=\"https:\/\/cloud.alqueria.es\/wp-content\/uploads\/sites\/12\/2023\/12\/IMG_3200.jpg\" data-orig-size=\"640,480\" data-comments-opened=\"1\" data-image-meta=\"{&quot;aperture&quot;:&quot;2.7&quot;,&quot;credit&quot;:&quot;&quot;,&quot;camera&quot;:&quot;Canon IXUS 125 HS&quot;,&quot;caption&quot;:&quot;&quot;,&quot;created_timestamp&quot;:&quot;1698165389&quot;,&quot;copyright&quot;:&quot;&quot;,&quot;focal_length&quot;:&quot;4.3&quot;,&quot;iso&quot;:&quot;125&quot;,&quot;shutter_speed&quot;:&quot;0.033333333333333&quot;,&quot;title&quot;:&quot;&quot;,&quot;orientation&quot;:&quot;1&quot;}\" data-image-title=\"IMG_3200\" data-image-description=\"\" data-image-caption=\"\" data-large-file=\"https:\/\/cloud.alqueria.es\/wp-content\/uploads\/sites\/12\/2023\/12\/IMG_3200.jpg\" \/><\/a>\n\t\t\t<\/div><\/figure><figure class='gallery-item'>\n\t\t\t<div class='gallery-icon landscape'>\n\t\t\t\t<a href='https:\/\/www.alqueria.es\/blogs\/alqueriaartistica\/2023\/12\/04\/el-color-9\/img_3197-3\/'><img decoding=\"async\" width=\"474\" height=\"356\" src=\"https:\/\/cloud.alqueria.es\/wp-content\/uploads\/sites\/12\/2023\/12\/IMG_3197.jpg\" class=\"attachment-large size-large\" alt=\"\" srcset=\"https:\/\/cloud.alqueria.es\/wp-content\/uploads\/sites\/12\/2023\/12\/IMG_3197.jpg 640w, https:\/\/cloud.alqueria.es\/wp-content\/uploads\/sites\/12\/2023\/12\/IMG_3197-300x225.jpg 300w\" sizes=\"(max-width: 474px) 100vw, 474px\" data-attachment-id=\"40483\" data-permalink=\"https:\/\/www.alqueria.es\/blogs\/alqueriaartistica\/2023\/12\/04\/el-color-9\/img_3197-3\/\" data-orig-file=\"https:\/\/cloud.alqueria.es\/wp-content\/uploads\/sites\/12\/2023\/12\/IMG_3197.jpg\" data-orig-size=\"640,480\" data-comments-opened=\"1\" data-image-meta=\"{&quot;aperture&quot;:&quot;2.7&quot;,&quot;credit&quot;:&quot;&quot;,&quot;camera&quot;:&quot;Canon IXUS 125 HS&quot;,&quot;caption&quot;:&quot;&quot;,&quot;created_timestamp&quot;:&quot;1698162404&quot;,&quot;copyright&quot;:&quot;&quot;,&quot;focal_length&quot;:&quot;4.3&quot;,&quot;iso&quot;:&quot;400&quot;,&quot;shutter_speed&quot;:&quot;0.033333333333333&quot;,&quot;title&quot;:&quot;&quot;,&quot;orientation&quot;:&quot;1&quot;}\" data-image-title=\"IMG_3197\" data-image-description=\"\" data-image-caption=\"\" data-large-file=\"https:\/\/cloud.alqueria.es\/wp-content\/uploads\/sites\/12\/2023\/12\/IMG_3197.jpg\" \/><\/a>\n\t\t\t<\/div><\/figure><figure class='gallery-item'>\n\t\t\t<div class='gallery-icon landscape'>\n\t\t\t\t<a href='https:\/\/www.alqueria.es\/blogs\/alqueriaartistica\/2023\/12\/04\/el-color-9\/img_3201-3\/'><img decoding=\"async\" width=\"474\" height=\"356\" src=\"https:\/\/cloud.alqueria.es\/wp-content\/uploads\/sites\/12\/2023\/12\/IMG_3201.jpg\" class=\"attachment-large size-large\" alt=\"\" srcset=\"https:\/\/cloud.alqueria.es\/wp-content\/uploads\/sites\/12\/2023\/12\/IMG_3201.jpg 640w, https:\/\/cloud.alqueria.es\/wp-content\/uploads\/sites\/12\/2023\/12\/IMG_3201-300x225.jpg 300w\" sizes=\"(max-width: 474px) 100vw, 474px\" data-attachment-id=\"40485\" data-permalink=\"https:\/\/www.alqueria.es\/blogs\/alqueriaartistica\/2023\/12\/04\/el-color-9\/img_3201-3\/\" data-orig-file=\"https:\/\/cloud.alqueria.es\/wp-content\/uploads\/sites\/12\/2023\/12\/IMG_3201.jpg\" data-orig-size=\"640,480\" data-comments-opened=\"1\" data-image-meta=\"{&quot;aperture&quot;:&quot;2.7&quot;,&quot;credit&quot;:&quot;&quot;,&quot;camera&quot;:&quot;Canon IXUS 125 HS&quot;,&quot;caption&quot;:&quot;&quot;,&quot;created_timestamp&quot;:&quot;1698165395&quot;,&quot;copyright&quot;:&quot;&quot;,&quot;focal_length&quot;:&quot;4.3&quot;,&quot;iso&quot;:&quot;125&quot;,&quot;shutter_speed&quot;:&quot;0.033333333333333&quot;,&quot;title&quot;:&quot;&quot;,&quot;orientation&quot;:&quot;1&quot;}\" data-image-title=\"IMG_3201\" data-image-description=\"\" data-image-caption=\"\" data-large-file=\"https:\/\/cloud.alqueria.es\/wp-content\/uploads\/sites\/12\/2023\/12\/IMG_3201.jpg\" \/><\/a>\n\t\t\t<\/div><\/figure>\n\t\t<\/div>\n\n<p>El color ha permitido muchas formas de expresi\u00f3n de las artes visuales. El color es un tema que subyace o forma parte esencial en muchas de las experiencias art\u00edsticas que desarrollamos. Por su car\u00e1cter transversal nos va a acompa\u00f1ar a lo largo de toda la etapa de primaria.<\/p>\n<p>Acerca del color hay muchos temas para estudiar: armon\u00edas, crom\u00e1ticas, colores primarios, secundarios y terciarios; colores fr\u00edos y c\u00e1lidos; colores complementarios; monocrom\u00edas y policrom\u00edas; colores an\u00e1logos, contrastes del color.<\/p>\n<p>En el grupo de quinto,\u00a0 hemos recordado las tonalidades de los primarios y secundarios, los colores complementarios\u00a0 y la saturaci\u00f3n determinada por su pureza crom\u00e1tica.<\/p>\n<div data-carousel-extra='{&quot;blog_id&quot;:12,&quot;permalink&quot;:&quot;https:\/\/www.alqueria.es\/blogs\/alqueriaartistica\/2023\/12\/04\/el-color-9\/&quot;}' id='gallery-4' class='gallery galleryid-40464 gallery-columns-7 gallery-size-large'><figure class='gallery-item'>\n\t\t\t<div class='gallery-icon landscape'>\n\t\t\t\t<a href='https:\/\/www.alqueria.es\/blogs\/alqueriaartistica\/2023\/12\/04\/el-color-9\/img_3758-4\/'><img decoding=\"async\" width=\"474\" height=\"356\" src=\"https:\/\/cloud.alqueria.es\/wp-content\/uploads\/sites\/12\/2023\/12\/IMG_3758.jpg\" class=\"attachment-large size-large\" alt=\"\" srcset=\"https:\/\/cloud.alqueria.es\/wp-content\/uploads\/sites\/12\/2023\/12\/IMG_3758.jpg 640w, https:\/\/cloud.alqueria.es\/wp-content\/uploads\/sites\/12\/2023\/12\/IMG_3758-300x225.jpg 300w\" sizes=\"(max-width: 474px) 100vw, 474px\" data-attachment-id=\"40486\" data-permalink=\"https:\/\/www.alqueria.es\/blogs\/alqueriaartistica\/2023\/12\/04\/el-color-9\/img_3758-4\/\" data-orig-file=\"https:\/\/cloud.alqueria.es\/wp-content\/uploads\/sites\/12\/2023\/12\/IMG_3758.jpg\" data-orig-size=\"640,480\" data-comments-opened=\"1\" data-image-meta=\"{&quot;aperture&quot;:&quot;2.7&quot;,&quot;credit&quot;:&quot;&quot;,&quot;camera&quot;:&quot;Canon IXUS 125 HS&quot;,&quot;caption&quot;:&quot;&quot;,&quot;created_timestamp&quot;:&quot;1701359043&quot;,&quot;copyright&quot;:&quot;&quot;,&quot;focal_length&quot;:&quot;4.3&quot;,&quot;iso&quot;:&quot;125&quot;,&quot;shutter_speed&quot;:&quot;0.025&quot;,&quot;title&quot;:&quot;&quot;,&quot;orientation&quot;:&quot;1&quot;}\" data-image-title=\"IMG_3758\" data-image-description=\"\" data-image-caption=\"\" data-large-file=\"https:\/\/cloud.alqueria.es\/wp-content\/uploads\/sites\/12\/2023\/12\/IMG_3758.jpg\" \/><\/a>\n\t\t\t<\/div><\/figure><figure class='gallery-item'>\n\t\t\t<div class='gallery-icon landscape'>\n\t\t\t\t<a href='https:\/\/www.alqueria.es\/blogs\/alqueriaartistica\/2023\/12\/04\/el-color-9\/img_3760-2\/'><img decoding=\"async\" width=\"474\" height=\"356\" src=\"https:\/\/cloud.alqueria.es\/wp-content\/uploads\/sites\/12\/2023\/12\/IMG_3760.jpg\" class=\"attachment-large size-large\" alt=\"\" srcset=\"https:\/\/cloud.alqueria.es\/wp-content\/uploads\/sites\/12\/2023\/12\/IMG_3760.jpg 640w, https:\/\/cloud.alqueria.es\/wp-content\/uploads\/sites\/12\/2023\/12\/IMG_3760-300x225.jpg 300w\" sizes=\"(max-width: 474px) 100vw, 474px\" data-attachment-id=\"40488\" data-permalink=\"https:\/\/www.alqueria.es\/blogs\/alqueriaartistica\/2023\/12\/04\/el-color-9\/img_3760-2\/\" data-orig-file=\"https:\/\/cloud.alqueria.es\/wp-content\/uploads\/sites\/12\/2023\/12\/IMG_3760.jpg\" data-orig-size=\"640,480\" data-comments-opened=\"1\" data-image-meta=\"{&quot;aperture&quot;:&quot;2.7&quot;,&quot;credit&quot;:&quot;&quot;,&quot;camera&quot;:&quot;Canon IXUS 125 HS&quot;,&quot;caption&quot;:&quot;&quot;,&quot;created_timestamp&quot;:&quot;1701359052&quot;,&quot;copyright&quot;:&quot;&quot;,&quot;focal_length&quot;:&quot;4.3&quot;,&quot;iso&quot;:&quot;125&quot;,&quot;shutter_speed&quot;:&quot;0.025&quot;,&quot;title&quot;:&quot;&quot;,&quot;orientation&quot;:&quot;1&quot;}\" data-image-title=\"IMG_3760\" data-image-description=\"\" data-image-caption=\"\" data-large-file=\"https:\/\/cloud.alqueria.es\/wp-content\/uploads\/sites\/12\/2023\/12\/IMG_3760.jpg\" \/><\/a>\n\t\t\t<\/div><\/figure><figure class='gallery-item'>\n\t\t\t<div class='gallery-icon landscape'>\n\t\t\t\t<a href='https:\/\/www.alqueria.es\/blogs\/alqueriaartistica\/2023\/12\/04\/el-color-9\/img_3761-2\/'><img decoding=\"async\" width=\"474\" height=\"356\" src=\"https:\/\/cloud.alqueria.es\/wp-content\/uploads\/sites\/12\/2023\/12\/IMG_3761.jpg\" class=\"attachment-large size-large\" alt=\"\" srcset=\"https:\/\/cloud.alqueria.es\/wp-content\/uploads\/sites\/12\/2023\/12\/IMG_3761.jpg 640w, https:\/\/cloud.alqueria.es\/wp-content\/uploads\/sites\/12\/2023\/12\/IMG_3761-300x225.jpg 300w\" sizes=\"(max-width: 474px) 100vw, 474px\" data-attachment-id=\"40489\" data-permalink=\"https:\/\/www.alqueria.es\/blogs\/alqueriaartistica\/2023\/12\/04\/el-color-9\/img_3761-2\/\" data-orig-file=\"https:\/\/cloud.alqueria.es\/wp-content\/uploads\/sites\/12\/2023\/12\/IMG_3761.jpg\" data-orig-size=\"640,480\" data-comments-opened=\"1\" data-image-meta=\"{&quot;aperture&quot;:&quot;2.7&quot;,&quot;credit&quot;:&quot;&quot;,&quot;camera&quot;:&quot;Canon IXUS 125 HS&quot;,&quot;caption&quot;:&quot;&quot;,&quot;created_timestamp&quot;:&quot;1701359056&quot;,&quot;copyright&quot;:&quot;&quot;,&quot;focal_length&quot;:&quot;4.3&quot;,&quot;iso&quot;:&quot;125&quot;,&quot;shutter_speed&quot;:&quot;0.025&quot;,&quot;title&quot;:&quot;&quot;,&quot;orientation&quot;:&quot;1&quot;}\" data-image-title=\"IMG_3761\" data-image-description=\"\" data-image-caption=\"\" data-large-file=\"https:\/\/cloud.alqueria.es\/wp-content\/uploads\/sites\/12\/2023\/12\/IMG_3761.jpg\" \/><\/a>\n\t\t\t<\/div><\/figure><figure class='gallery-item'>\n\t\t\t<div class='gallery-icon landscape'>\n\t\t\t\t<a href='https:\/\/www.alqueria.es\/blogs\/alqueriaartistica\/2023\/12\/04\/el-color-9\/img_3763-2\/'><img decoding=\"async\" width=\"474\" height=\"356\" src=\"https:\/\/cloud.alqueria.es\/wp-content\/uploads\/sites\/12\/2023\/12\/IMG_3763.jpg\" class=\"attachment-large size-large\" alt=\"\" srcset=\"https:\/\/cloud.alqueria.es\/wp-content\/uploads\/sites\/12\/2023\/12\/IMG_3763.jpg 640w, https:\/\/cloud.alqueria.es\/wp-content\/uploads\/sites\/12\/2023\/12\/IMG_3763-300x225.jpg 300w\" sizes=\"(max-width: 474px) 100vw, 474px\" data-attachment-id=\"40491\" data-permalink=\"https:\/\/www.alqueria.es\/blogs\/alqueriaartistica\/2023\/12\/04\/el-color-9\/img_3763-2\/\" data-orig-file=\"https:\/\/cloud.alqueria.es\/wp-content\/uploads\/sites\/12\/2023\/12\/IMG_3763.jpg\" data-orig-size=\"640,480\" data-comments-opened=\"1\" data-image-meta=\"{&quot;aperture&quot;:&quot;2.7&quot;,&quot;credit&quot;:&quot;&quot;,&quot;camera&quot;:&quot;Canon IXUS 125 HS&quot;,&quot;caption&quot;:&quot;&quot;,&quot;created_timestamp&quot;:&quot;1701359063&quot;,&quot;copyright&quot;:&quot;&quot;,&quot;focal_length&quot;:&quot;4.3&quot;,&quot;iso&quot;:&quot;100&quot;,&quot;shutter_speed&quot;:&quot;0.033333333333333&quot;,&quot;title&quot;:&quot;&quot;,&quot;orientation&quot;:&quot;1&quot;}\" data-image-title=\"IMG_3763\" data-image-description=\"\" data-image-caption=\"\" data-large-file=\"https:\/\/cloud.alqueria.es\/wp-content\/uploads\/sites\/12\/2023\/12\/IMG_3763.jpg\" \/><\/a>\n\t\t\t<\/div><\/figure><figure class='gallery-item'>\n\t\t\t<div class='gallery-icon landscape'>\n\t\t\t\t<a href='https:\/\/www.alqueria.es\/blogs\/alqueriaartistica\/2023\/12\/04\/el-color-9\/img_3764-3\/'><img decoding=\"async\" width=\"474\" height=\"356\" src=\"https:\/\/cloud.alqueria.es\/wp-content\/uploads\/sites\/12\/2023\/12\/IMG_3764.jpg\" class=\"attachment-large size-large\" alt=\"\" srcset=\"https:\/\/cloud.alqueria.es\/wp-content\/uploads\/sites\/12\/2023\/12\/IMG_3764.jpg 640w, https:\/\/cloud.alqueria.es\/wp-content\/uploads\/sites\/12\/2023\/12\/IMG_3764-300x225.jpg 300w\" sizes=\"(max-width: 474px) 100vw, 474px\" data-attachment-id=\"40492\" data-permalink=\"https:\/\/www.alqueria.es\/blogs\/alqueriaartistica\/2023\/12\/04\/el-color-9\/img_3764-3\/\" data-orig-file=\"https:\/\/cloud.alqueria.es\/wp-content\/uploads\/sites\/12\/2023\/12\/IMG_3764.jpg\" data-orig-size=\"640,480\" data-comments-opened=\"1\" data-image-meta=\"{&quot;aperture&quot;:&quot;2.7&quot;,&quot;credit&quot;:&quot;&quot;,&quot;camera&quot;:&quot;Canon IXUS 125 HS&quot;,&quot;caption&quot;:&quot;&quot;,&quot;created_timestamp&quot;:&quot;1701359074&quot;,&quot;copyright&quot;:&quot;&quot;,&quot;focal_length&quot;:&quot;4.3&quot;,&quot;iso&quot;:&quot;100&quot;,&quot;shutter_speed&quot;:&quot;0.033333333333333&quot;,&quot;title&quot;:&quot;&quot;,&quot;orientation&quot;:&quot;1&quot;}\" data-image-title=\"IMG_3764\" data-image-description=\"\" data-image-caption=\"\" data-large-file=\"https:\/\/cloud.alqueria.es\/wp-content\/uploads\/sites\/12\/2023\/12\/IMG_3764.jpg\" \/><\/a>\n\t\t\t<\/div><\/figure><figure class='gallery-item'>\n\t\t\t<div class='gallery-icon landscape'>\n\t\t\t\t<a href='https:\/\/www.alqueria.es\/blogs\/alqueriaartistica\/2023\/12\/04\/el-color-9\/img_3765-2\/'><img decoding=\"async\" width=\"474\" height=\"356\" src=\"https:\/\/cloud.alqueria.es\/wp-content\/uploads\/sites\/12\/2023\/12\/IMG_3765.jpg\" class=\"attachment-large size-large\" alt=\"\" srcset=\"https:\/\/cloud.alqueria.es\/wp-content\/uploads\/sites\/12\/2023\/12\/IMG_3765.jpg 640w, https:\/\/cloud.alqueria.es\/wp-content\/uploads\/sites\/12\/2023\/12\/IMG_3765-300x225.jpg 300w\" sizes=\"(max-width: 474px) 100vw, 474px\" data-attachment-id=\"40493\" data-permalink=\"https:\/\/www.alqueria.es\/blogs\/alqueriaartistica\/2023\/12\/04\/el-color-9\/img_3765-2\/\" data-orig-file=\"https:\/\/cloud.alqueria.es\/wp-content\/uploads\/sites\/12\/2023\/12\/IMG_3765.jpg\" data-orig-size=\"640,480\" data-comments-opened=\"1\" data-image-meta=\"{&quot;aperture&quot;:&quot;2.7&quot;,&quot;credit&quot;:&quot;&quot;,&quot;camera&quot;:&quot;Canon IXUS 125 HS&quot;,&quot;caption&quot;:&quot;&quot;,&quot;created_timestamp&quot;:&quot;1701359079&quot;,&quot;copyright&quot;:&quot;&quot;,&quot;focal_length&quot;:&quot;4.3&quot;,&quot;iso&quot;:&quot;100&quot;,&quot;shutter_speed&quot;:&quot;0.033333333333333&quot;,&quot;title&quot;:&quot;&quot;,&quot;orientation&quot;:&quot;1&quot;}\" data-image-title=\"IMG_3765\" data-image-description=\"\" data-image-caption=\"\" data-large-file=\"https:\/\/cloud.alqueria.es\/wp-content\/uploads\/sites\/12\/2023\/12\/IMG_3765.jpg\" \/><\/a>\n\t\t\t<\/div><\/figure><figure class='gallery-item'>\n\t\t\t<div class='gallery-icon landscape'>\n\t\t\t\t<a href='https:\/\/www.alqueria.es\/blogs\/alqueriaartistica\/2023\/12\/04\/el-color-9\/img_3766-2\/'><img decoding=\"async\" width=\"474\" height=\"356\" src=\"https:\/\/cloud.alqueria.es\/wp-content\/uploads\/sites\/12\/2023\/12\/IMG_3766.jpg\" class=\"attachment-large size-large\" alt=\"\" srcset=\"https:\/\/cloud.alqueria.es\/wp-content\/uploads\/sites\/12\/2023\/12\/IMG_3766.jpg 640w, https:\/\/cloud.alqueria.es\/wp-content\/uploads\/sites\/12\/2023\/12\/IMG_3766-300x225.jpg 300w\" sizes=\"(max-width: 474px) 100vw, 474px\" data-attachment-id=\"40494\" data-permalink=\"https:\/\/www.alqueria.es\/blogs\/alqueriaartistica\/2023\/12\/04\/el-color-9\/img_3766-2\/\" data-orig-file=\"https:\/\/cloud.alqueria.es\/wp-content\/uploads\/sites\/12\/2023\/12\/IMG_3766.jpg\" data-orig-size=\"640,480\" data-comments-opened=\"1\" data-image-meta=\"{&quot;aperture&quot;:&quot;2.7&quot;,&quot;credit&quot;:&quot;&quot;,&quot;camera&quot;:&quot;Canon IXUS 125 HS&quot;,&quot;caption&quot;:&quot;&quot;,&quot;created_timestamp&quot;:&quot;1701359086&quot;,&quot;copyright&quot;:&quot;&quot;,&quot;focal_length&quot;:&quot;4.3&quot;,&quot;iso&quot;:&quot;100&quot;,&quot;shutter_speed&quot;:&quot;0.033333333333333&quot;,&quot;title&quot;:&quot;&quot;,&quot;orientation&quot;:&quot;1&quot;}\" data-image-title=\"IMG_3766\" data-image-description=\"\" data-image-caption=\"\" data-large-file=\"https:\/\/cloud.alqueria.es\/wp-content\/uploads\/sites\/12\/2023\/12\/IMG_3766.jpg\" \/><\/a>\n\t\t\t<\/div><\/figure><figure class='gallery-item'>\n\t\t\t<div class='gallery-icon landscape'>\n\t\t\t\t<a href='https:\/\/www.alqueria.es\/blogs\/alqueriaartistica\/2023\/12\/04\/el-color-9\/img_3768-4\/'><img decoding=\"async\" width=\"474\" height=\"356\" src=\"https:\/\/cloud.alqueria.es\/wp-content\/uploads\/sites\/12\/2023\/12\/IMG_3768.jpg\" class=\"attachment-large size-large\" alt=\"\" srcset=\"https:\/\/cloud.alqueria.es\/wp-content\/uploads\/sites\/12\/2023\/12\/IMG_3768.jpg 640w, https:\/\/cloud.alqueria.es\/wp-content\/uploads\/sites\/12\/2023\/12\/IMG_3768-300x225.jpg 300w\" sizes=\"(max-width: 474px) 100vw, 474px\" data-attachment-id=\"40496\" data-permalink=\"https:\/\/www.alqueria.es\/blogs\/alqueriaartistica\/2023\/12\/04\/el-color-9\/img_3768-4\/\" data-orig-file=\"https:\/\/cloud.alqueria.es\/wp-content\/uploads\/sites\/12\/2023\/12\/IMG_3768.jpg\" data-orig-size=\"640,480\" data-comments-opened=\"1\" data-image-meta=\"{&quot;aperture&quot;:&quot;2.7&quot;,&quot;credit&quot;:&quot;&quot;,&quot;camera&quot;:&quot;Canon IXUS 125 HS&quot;,&quot;caption&quot;:&quot;&quot;,&quot;created_timestamp&quot;:&quot;1701359099&quot;,&quot;copyright&quot;:&quot;&quot;,&quot;focal_length&quot;:&quot;4.3&quot;,&quot;iso&quot;:&quot;100&quot;,&quot;shutter_speed&quot;:&quot;0.033333333333333&quot;,&quot;title&quot;:&quot;&quot;,&quot;orientation&quot;:&quot;1&quot;}\" data-image-title=\"IMG_3768\" data-image-description=\"\" data-image-caption=\"\" data-large-file=\"https:\/\/cloud.alqueria.es\/wp-content\/uploads\/sites\/12\/2023\/12\/IMG_3768.jpg\" \/><\/a>\n\t\t\t<\/div><\/figure><figure class='gallery-item'>\n\t\t\t<div class='gallery-icon landscape'>\n\t\t\t\t<a href='https:\/\/www.alqueria.es\/blogs\/alqueriaartistica\/2023\/12\/04\/el-color-9\/img_3770-2\/'><img decoding=\"async\" width=\"474\" height=\"356\" src=\"https:\/\/cloud.alqueria.es\/wp-content\/uploads\/sites\/12\/2023\/12\/IMG_3770.jpg\" class=\"attachment-large size-large\" alt=\"\" srcset=\"https:\/\/cloud.alqueria.es\/wp-content\/uploads\/sites\/12\/2023\/12\/IMG_3770.jpg 640w, https:\/\/cloud.alqueria.es\/wp-content\/uploads\/sites\/12\/2023\/12\/IMG_3770-300x225.jpg 300w\" sizes=\"(max-width: 474px) 100vw, 474px\" data-attachment-id=\"40498\" data-permalink=\"https:\/\/www.alqueria.es\/blogs\/alqueriaartistica\/2023\/12\/04\/el-color-9\/img_3770-2\/\" data-orig-file=\"https:\/\/cloud.alqueria.es\/wp-content\/uploads\/sites\/12\/2023\/12\/IMG_3770.jpg\" data-orig-size=\"640,480\" data-comments-opened=\"1\" data-image-meta=\"{&quot;aperture&quot;:&quot;2.7&quot;,&quot;credit&quot;:&quot;&quot;,&quot;camera&quot;:&quot;Canon IXUS 125 HS&quot;,&quot;caption&quot;:&quot;&quot;,&quot;created_timestamp&quot;:&quot;1701359110&quot;,&quot;copyright&quot;:&quot;&quot;,&quot;focal_length&quot;:&quot;4.3&quot;,&quot;iso&quot;:&quot;100&quot;,&quot;shutter_speed&quot;:&quot;0.033333333333333&quot;,&quot;title&quot;:&quot;&quot;,&quot;orientation&quot;:&quot;1&quot;}\" data-image-title=\"IMG_3770\" data-image-description=\"\" data-image-caption=\"\" data-large-file=\"https:\/\/cloud.alqueria.es\/wp-content\/uploads\/sites\/12\/2023\/12\/IMG_3770.jpg\" \/><\/a>\n\t\t\t<\/div><\/figure><figure class='gallery-item'>\n\t\t\t<div class='gallery-icon landscape'>\n\t\t\t\t<a href='https:\/\/www.alqueria.es\/blogs\/alqueriaartistica\/2023\/12\/04\/el-color-9\/img_3771\/'><img decoding=\"async\" width=\"474\" height=\"356\" src=\"https:\/\/cloud.alqueria.es\/wp-content\/uploads\/sites\/12\/2023\/12\/IMG_3771.jpg\" class=\"attachment-large size-large\" alt=\"\" srcset=\"https:\/\/cloud.alqueria.es\/wp-content\/uploads\/sites\/12\/2023\/12\/IMG_3771.jpg 640w, https:\/\/cloud.alqueria.es\/wp-content\/uploads\/sites\/12\/2023\/12\/IMG_3771-300x225.jpg 300w\" sizes=\"(max-width: 474px) 100vw, 474px\" data-attachment-id=\"40499\" data-permalink=\"https:\/\/www.alqueria.es\/blogs\/alqueriaartistica\/2023\/12\/04\/el-color-9\/img_3771\/\" data-orig-file=\"https:\/\/cloud.alqueria.es\/wp-content\/uploads\/sites\/12\/2023\/12\/IMG_3771.jpg\" data-orig-size=\"640,480\" data-comments-opened=\"1\" data-image-meta=\"{&quot;aperture&quot;:&quot;2.7&quot;,&quot;credit&quot;:&quot;&quot;,&quot;camera&quot;:&quot;Canon IXUS 125 HS&quot;,&quot;caption&quot;:&quot;&quot;,&quot;created_timestamp&quot;:&quot;1701359117&quot;,&quot;copyright&quot;:&quot;&quot;,&quot;focal_length&quot;:&quot;4.3&quot;,&quot;iso&quot;:&quot;100&quot;,&quot;shutter_speed&quot;:&quot;0.033333333333333&quot;,&quot;title&quot;:&quot;&quot;,&quot;orientation&quot;:&quot;1&quot;}\" data-image-title=\"IMG_3771\" data-image-description=\"\" data-image-caption=\"\" data-large-file=\"https:\/\/cloud.alqueria.es\/wp-content\/uploads\/sites\/12\/2023\/12\/IMG_3771.jpg\" \/><\/a>\n\t\t\t<\/div><\/figure><figure class='gallery-item'>\n\t\t\t<div class='gallery-icon landscape'>\n\t\t\t\t<a href='https:\/\/www.alqueria.es\/blogs\/alqueriaartistica\/2023\/12\/04\/el-color-9\/img_3772\/'><img decoding=\"async\" width=\"474\" height=\"356\" src=\"https:\/\/cloud.alqueria.es\/wp-content\/uploads\/sites\/12\/2023\/12\/IMG_3772.jpg\" class=\"attachment-large size-large\" alt=\"\" srcset=\"https:\/\/cloud.alqueria.es\/wp-content\/uploads\/sites\/12\/2023\/12\/IMG_3772.jpg 640w, https:\/\/cloud.alqueria.es\/wp-content\/uploads\/sites\/12\/2023\/12\/IMG_3772-300x225.jpg 300w\" sizes=\"(max-width: 474px) 100vw, 474px\" data-attachment-id=\"40500\" data-permalink=\"https:\/\/www.alqueria.es\/blogs\/alqueriaartistica\/2023\/12\/04\/el-color-9\/img_3772\/\" data-orig-file=\"https:\/\/cloud.alqueria.es\/wp-content\/uploads\/sites\/12\/2023\/12\/IMG_3772.jpg\" data-orig-size=\"640,480\" data-comments-opened=\"1\" data-image-meta=\"{&quot;aperture&quot;:&quot;2.7&quot;,&quot;credit&quot;:&quot;&quot;,&quot;camera&quot;:&quot;Canon IXUS 125 HS&quot;,&quot;caption&quot;:&quot;&quot;,&quot;created_timestamp&quot;:&quot;1701359121&quot;,&quot;copyright&quot;:&quot;&quot;,&quot;focal_length&quot;:&quot;4.3&quot;,&quot;iso&quot;:&quot;100&quot;,&quot;shutter_speed&quot;:&quot;0.033333333333333&quot;,&quot;title&quot;:&quot;&quot;,&quot;orientation&quot;:&quot;1&quot;}\" data-image-title=\"IMG_3772\" data-image-description=\"\" data-image-caption=\"\" data-large-file=\"https:\/\/cloud.alqueria.es\/wp-content\/uploads\/sites\/12\/2023\/12\/IMG_3772.jpg\" \/><\/a>\n\t\t\t<\/div><\/figure><figure class='gallery-item'>\n\t\t\t<div class='gallery-icon landscape'>\n\t\t\t\t<a href='https:\/\/www.alqueria.es\/blogs\/alqueriaartistica\/2023\/12\/04\/el-color-9\/img_3773-2\/'><img decoding=\"async\" width=\"474\" height=\"356\" src=\"https:\/\/cloud.alqueria.es\/wp-content\/uploads\/sites\/12\/2023\/12\/IMG_3773.jpg\" class=\"attachment-large size-large\" alt=\"\" srcset=\"https:\/\/cloud.alqueria.es\/wp-content\/uploads\/sites\/12\/2023\/12\/IMG_3773.jpg 640w, https:\/\/cloud.alqueria.es\/wp-content\/uploads\/sites\/12\/2023\/12\/IMG_3773-300x225.jpg 300w\" sizes=\"(max-width: 474px) 100vw, 474px\" data-attachment-id=\"40501\" data-permalink=\"https:\/\/www.alqueria.es\/blogs\/alqueriaartistica\/2023\/12\/04\/el-color-9\/img_3773-2\/\" data-orig-file=\"https:\/\/cloud.alqueria.es\/wp-content\/uploads\/sites\/12\/2023\/12\/IMG_3773.jpg\" data-orig-size=\"640,480\" data-comments-opened=\"1\" data-image-meta=\"{&quot;aperture&quot;:&quot;2.7&quot;,&quot;credit&quot;:&quot;&quot;,&quot;camera&quot;:&quot;Canon IXUS 125 HS&quot;,&quot;caption&quot;:&quot;&quot;,&quot;created_timestamp&quot;:&quot;1701359127&quot;,&quot;copyright&quot;:&quot;&quot;,&quot;focal_length&quot;:&quot;4.3&quot;,&quot;iso&quot;:&quot;100&quot;,&quot;shutter_speed&quot;:&quot;0.033333333333333&quot;,&quot;title&quot;:&quot;&quot;,&quot;orientation&quot;:&quot;1&quot;}\" data-image-title=\"IMG_3773\" data-image-description=\"\" data-image-caption=\"\" data-large-file=\"https:\/\/cloud.alqueria.es\/wp-content\/uploads\/sites\/12\/2023\/12\/IMG_3773.jpg\" \/><\/a>\n\t\t\t<\/div><\/figure><figure class='gallery-item'>\n\t\t\t<div class='gallery-icon landscape'>\n\t\t\t\t<a href='https:\/\/www.alqueria.es\/blogs\/alqueriaartistica\/2023\/12\/04\/el-color-9\/img_3774\/'><img decoding=\"async\" width=\"474\" height=\"356\" src=\"https:\/\/cloud.alqueria.es\/wp-content\/uploads\/sites\/12\/2023\/12\/IMG_3774.jpg\" class=\"attachment-large size-large\" alt=\"\" srcset=\"https:\/\/cloud.alqueria.es\/wp-content\/uploads\/sites\/12\/2023\/12\/IMG_3774.jpg 640w, https:\/\/cloud.alqueria.es\/wp-content\/uploads\/sites\/12\/2023\/12\/IMG_3774-300x225.jpg 300w\" sizes=\"(max-width: 474px) 100vw, 474px\" data-attachment-id=\"40502\" data-permalink=\"https:\/\/www.alqueria.es\/blogs\/alqueriaartistica\/2023\/12\/04\/el-color-9\/img_3774\/\" data-orig-file=\"https:\/\/cloud.alqueria.es\/wp-content\/uploads\/sites\/12\/2023\/12\/IMG_3774.jpg\" data-orig-size=\"640,480\" data-comments-opened=\"1\" data-image-meta=\"{&quot;aperture&quot;:&quot;2.7&quot;,&quot;credit&quot;:&quot;&quot;,&quot;camera&quot;:&quot;Canon IXUS 125 HS&quot;,&quot;caption&quot;:&quot;&quot;,&quot;created_timestamp&quot;:&quot;1701359133&quot;,&quot;copyright&quot;:&quot;&quot;,&quot;focal_length&quot;:&quot;4.3&quot;,&quot;iso&quot;:&quot;100&quot;,&quot;shutter_speed&quot;:&quot;0.033333333333333&quot;,&quot;title&quot;:&quot;&quot;,&quot;orientation&quot;:&quot;1&quot;}\" data-image-title=\"IMG_3774\" data-image-description=\"\" data-image-caption=\"\" data-large-file=\"https:\/\/cloud.alqueria.es\/wp-content\/uploads\/sites\/12\/2023\/12\/IMG_3774.jpg\" \/><\/a>\n\t\t\t<\/div><\/figure><figure class='gallery-item'>\n\t\t\t<div class='gallery-icon landscape'>\n\t\t\t\t<a href='https:\/\/www.alqueria.es\/blogs\/alqueriaartistica\/2023\/12\/04\/el-color-9\/img_3759-2\/'><img decoding=\"async\" width=\"474\" height=\"356\" src=\"https:\/\/cloud.alqueria.es\/wp-content\/uploads\/sites\/12\/2023\/12\/IMG_3759.jpg\" class=\"attachment-large size-large\" alt=\"\" srcset=\"https:\/\/cloud.alqueria.es\/wp-content\/uploads\/sites\/12\/2023\/12\/IMG_3759.jpg 640w, https:\/\/cloud.alqueria.es\/wp-content\/uploads\/sites\/12\/2023\/12\/IMG_3759-300x225.jpg 300w\" sizes=\"(max-width: 474px) 100vw, 474px\" data-attachment-id=\"40487\" data-permalink=\"https:\/\/www.alqueria.es\/blogs\/alqueriaartistica\/2023\/12\/04\/el-color-9\/img_3759-2\/\" data-orig-file=\"https:\/\/cloud.alqueria.es\/wp-content\/uploads\/sites\/12\/2023\/12\/IMG_3759.jpg\" data-orig-size=\"640,480\" data-comments-opened=\"1\" data-image-meta=\"{&quot;aperture&quot;:&quot;2.7&quot;,&quot;credit&quot;:&quot;&quot;,&quot;camera&quot;:&quot;Canon IXUS 125 HS&quot;,&quot;caption&quot;:&quot;&quot;,&quot;created_timestamp&quot;:&quot;1701359048&quot;,&quot;copyright&quot;:&quot;&quot;,&quot;focal_length&quot;:&quot;4.3&quot;,&quot;iso&quot;:&quot;100&quot;,&quot;shutter_speed&quot;:&quot;0.033333333333333&quot;,&quot;title&quot;:&quot;&quot;,&quot;orientation&quot;:&quot;1&quot;}\" data-image-title=\"IMG_3759\" data-image-description=\"\" data-image-caption=\"\" data-large-file=\"https:\/\/cloud.alqueria.es\/wp-content\/uploads\/sites\/12\/2023\/12\/IMG_3759.jpg\" \/><\/a>\n\t\t\t<\/div><\/figure>\n\t\t<\/div>\n\n<p>En el grupo de cuarto hemos recordado los primarios, secundarios y algunas tonalidades. Cada alumno ha dise\u00f1ado la rueda crom\u00e1tica eligiendo el n\u00famero de espacios para a\u00f1adir las tonalidades.<\/p>\n<div data-carousel-extra='{&quot;blog_id&quot;:12,&quot;permalink&quot;:&quot;https:\/\/www.alqueria.es\/blogs\/alqueriaartistica\/2023\/12\/04\/el-color-9\/&quot;}' id='gallery-5' class='gallery galleryid-40464 gallery-columns-3 gallery-size-large'><figure class='gallery-item'>\n\t\t\t<div class='gallery-icon landscape'>\n\t\t\t\t<a href='https:\/\/www.alqueria.es\/blogs\/alqueriaartistica\/2023\/12\/04\/el-color-9\/img_3284-2\/'><img decoding=\"async\" width=\"474\" height=\"356\" src=\"https:\/\/cloud.alqueria.es\/wp-content\/uploads\/sites\/12\/2023\/12\/IMG_3284.jpg\" class=\"attachment-large size-large\" alt=\"\" srcset=\"https:\/\/cloud.alqueria.es\/wp-content\/uploads\/sites\/12\/2023\/12\/IMG_3284.jpg 640w, https:\/\/cloud.alqueria.es\/wp-content\/uploads\/sites\/12\/2023\/12\/IMG_3284-300x225.jpg 300w\" sizes=\"(max-width: 474px) 100vw, 474px\" data-attachment-id=\"40507\" data-permalink=\"https:\/\/www.alqueria.es\/blogs\/alqueriaartistica\/2023\/12\/04\/el-color-9\/img_3284-2\/\" data-orig-file=\"https:\/\/cloud.alqueria.es\/wp-content\/uploads\/sites\/12\/2023\/12\/IMG_3284.jpg\" data-orig-size=\"640,480\" data-comments-opened=\"1\" data-image-meta=\"{&quot;aperture&quot;:&quot;2.7&quot;,&quot;credit&quot;:&quot;&quot;,&quot;camera&quot;:&quot;Canon IXUS 125 HS&quot;,&quot;caption&quot;:&quot;&quot;,&quot;created_timestamp&quot;:&quot;1698686036&quot;,&quot;copyright&quot;:&quot;&quot;,&quot;focal_length&quot;:&quot;4.3&quot;,&quot;iso&quot;:&quot;800&quot;,&quot;shutter_speed&quot;:&quot;0.04&quot;,&quot;title&quot;:&quot;&quot;,&quot;orientation&quot;:&quot;1&quot;}\" data-image-title=\"IMG_3284\" data-image-description=\"\" data-image-caption=\"\" data-large-file=\"https:\/\/cloud.alqueria.es\/wp-content\/uploads\/sites\/12\/2023\/12\/IMG_3284.jpg\" \/><\/a>\n\t\t\t<\/div><\/figure><figure class='gallery-item'>\n\t\t\t<div class='gallery-icon landscape'>\n\t\t\t\t<a href='https:\/\/www.alqueria.es\/blogs\/alqueriaartistica\/2023\/12\/04\/el-color-9\/img_3283-3\/'><img decoding=\"async\" width=\"474\" height=\"356\" src=\"https:\/\/cloud.alqueria.es\/wp-content\/uploads\/sites\/12\/2023\/12\/IMG_3283.jpg\" class=\"attachment-large size-large\" alt=\"\" srcset=\"https:\/\/cloud.alqueria.es\/wp-content\/uploads\/sites\/12\/2023\/12\/IMG_3283.jpg 640w, https:\/\/cloud.alqueria.es\/wp-content\/uploads\/sites\/12\/2023\/12\/IMG_3283-300x225.jpg 300w\" sizes=\"(max-width: 474px) 100vw, 474px\" data-attachment-id=\"40506\" data-permalink=\"https:\/\/www.alqueria.es\/blogs\/alqueriaartistica\/2023\/12\/04\/el-color-9\/img_3283-3\/\" data-orig-file=\"https:\/\/cloud.alqueria.es\/wp-content\/uploads\/sites\/12\/2023\/12\/IMG_3283.jpg\" data-orig-size=\"640,480\" data-comments-opened=\"1\" data-image-meta=\"{&quot;aperture&quot;:&quot;2.7&quot;,&quot;credit&quot;:&quot;&quot;,&quot;camera&quot;:&quot;Canon IXUS 125 HS&quot;,&quot;caption&quot;:&quot;&quot;,&quot;created_timestamp&quot;:&quot;1698685296&quot;,&quot;copyright&quot;:&quot;&quot;,&quot;focal_length&quot;:&quot;4.3&quot;,&quot;iso&quot;:&quot;800&quot;,&quot;shutter_speed&quot;:&quot;0.04&quot;,&quot;title&quot;:&quot;&quot;,&quot;orientation&quot;:&quot;1&quot;}\" data-image-title=\"IMG_3283\" data-image-description=\"\" data-image-caption=\"\" data-large-file=\"https:\/\/cloud.alqueria.es\/wp-content\/uploads\/sites\/12\/2023\/12\/IMG_3283.jpg\" \/><\/a>\n\t\t\t<\/div><\/figure><figure class='gallery-item'>\n\t\t\t<div class='gallery-icon landscape'>\n\t\t\t\t<a href='https:\/\/www.alqueria.es\/blogs\/alqueriaartistica\/2023\/12\/04\/el-color-9\/img_3281-3\/'><img decoding=\"async\" width=\"474\" height=\"356\" src=\"https:\/\/cloud.alqueria.es\/wp-content\/uploads\/sites\/12\/2023\/12\/IMG_3281.jpg\" class=\"attachment-large size-large\" alt=\"\" srcset=\"https:\/\/cloud.alqueria.es\/wp-content\/uploads\/sites\/12\/2023\/12\/IMG_3281.jpg 640w, https:\/\/cloud.alqueria.es\/wp-content\/uploads\/sites\/12\/2023\/12\/IMG_3281-300x225.jpg 300w\" sizes=\"(max-width: 474px) 100vw, 474px\" data-attachment-id=\"40505\" data-permalink=\"https:\/\/www.alqueria.es\/blogs\/alqueriaartistica\/2023\/12\/04\/el-color-9\/img_3281-3\/\" data-orig-file=\"https:\/\/cloud.alqueria.es\/wp-content\/uploads\/sites\/12\/2023\/12\/IMG_3281.jpg\" data-orig-size=\"640,480\" data-comments-opened=\"1\" data-image-meta=\"{&quot;aperture&quot;:&quot;2.7&quot;,&quot;credit&quot;:&quot;&quot;,&quot;camera&quot;:&quot;Canon IXUS 125 HS&quot;,&quot;caption&quot;:&quot;&quot;,&quot;created_timestamp&quot;:&quot;1698684552&quot;,&quot;copyright&quot;:&quot;&quot;,&quot;focal_length&quot;:&quot;4.3&quot;,&quot;iso&quot;:&quot;400&quot;,&quot;shutter_speed&quot;:&quot;0.016666666666667&quot;,&quot;title&quot;:&quot;&quot;,&quot;orientation&quot;:&quot;1&quot;}\" data-image-title=\"IMG_3281\" data-image-description=\"\" data-image-caption=\"\" data-large-file=\"https:\/\/cloud.alqueria.es\/wp-content\/uploads\/sites\/12\/2023\/12\/IMG_3281.jpg\" \/><\/a>\n\t\t\t<\/div><\/figure>\n\t\t<\/div>\n\n<p>El lenguaje del color consiste en aprender a observar, aprender a experimentar con las mezclas para poder adquirir a trav\u00e9s de esa experiencia la sutileza de los cambios, de las tonalidades, de los contrastes\u2026<\/p>\n<p>En el arte del color se encuentran gradaciones precisas de tonos y tambie\u0301n tonos de transicio\u0301n, a menudo imperceptibles. Cuando los alumnos trabajan les animo a que\u00a0 sean cient\u00edficos del color. Solo a trav\u00e9s de la experiencia que desarrollan, haciendo\u00a0 diferentes ensayos, podr\u00e1n llegar paulatinamente\u00a0 a captar las cualidades crom\u00e1ticas y las posibilidades est\u00e9ticas que el empleo del color les ofrece.<\/p>\n<p>Ana Mart\u00edn<\/p>\n","protected":false},"excerpt":{"rendered":"<p>El color ha permitido muchas formas de expresi\u00f3n de las artes visuales. El color es un tema que subyace o forma parte esencial en muchas de las experiencias art\u00edsticas que desarrollamos. Por su car\u00e1cter transversal nos va a acompa\u00f1ar a lo largo de toda la etapa de primaria. Acerca del color hay muchos temas para &hellip; <a href=\"https:\/\/www.alqueria.es\/blogs\/alqueriaartistica\/2023\/12\/04\/el-color-9\/\" class=\"more-link\">Seguir leyendo <span class=\"screen-reader-text\">EL COLOR<\/span> <span class=\"meta-nav\">&rarr;<\/span><\/a><\/p>\n","protected":false},"author":34,"featured_media":0,"comment_status":"open","ping_status":"open","sticky":false,"template":"","format":"standard","meta":{"jetpack_post_was_ever_published":false,"_jetpack_newsletter_access":"","_jetpack_dont_email_post_to_subs":false,"_jetpack_newsletter_tier_id":0,"_jetpack_memberships_contains_paywalled_content":false,"_jetpack_memberships_contains_paid_content":false,"footnotes":"","jetpack_publicize_message":"","jetpack_publicize_feature_enabled":true,"jetpack_social_post_already_shared":true,"jetpack_social_options":{"image_generator_settings":{"template":"highway","default_image_id":0,"font":"","enabled":false},"version":2}},"categories":[12,13],"tags":[230,91,102,462,63],"class_list":["post-40464","post","type-post","status-publish","format-standard","hentry","category-4o-epo","category-5o-epo","tag-colores-primarios-y-secundarios","tag-educacion-artistica-y-visual","tag-el-color","tag-saturacion-del-color","tag-tonalidades-del-color"],"jetpack_publicize_connections":[],"jetpack_featured_media_url":"","jetpack_sharing_enabled":true,"jetpack_shortlink":"https:\/\/wp.me\/p4mcJu-awE","_links":{"self":[{"href":"https:\/\/www.alqueria.es\/blogs\/alqueriaartistica\/wp-json\/wp\/v2\/posts\/40464","targetHints":{"allow":["GET"]}}],"collection":[{"href":"https:\/\/www.alqueria.es\/blogs\/alqueriaartistica\/wp-json\/wp\/v2\/posts"}],"about":[{"href":"https:\/\/www.alqueria.es\/blogs\/alqueriaartistica\/wp-json\/wp\/v2\/types\/post"}],"author":[{"embeddable":true,"href":"https:\/\/www.alqueria.es\/blogs\/alqueriaartistica\/wp-json\/wp\/v2\/users\/34"}],"replies":[{"embeddable":true,"href":"https:\/\/www.alqueria.es\/blogs\/alqueriaartistica\/wp-json\/wp\/v2\/comments?post=40464"}],"version-history":[{"count":2,"href":"https:\/\/www.alqueria.es\/blogs\/alqueriaartistica\/wp-json\/wp\/v2\/posts\/40464\/revisions"}],"predecessor-version":[{"id":40509,"href":"https:\/\/www.alqueria.es\/blogs\/alqueriaartistica\/wp-json\/wp\/v2\/posts\/40464\/revisions\/40509"}],"wp:attachment":[{"href":"https:\/\/www.alqueria.es\/blogs\/alqueriaartistica\/wp-json\/wp\/v2\/media?parent=40464"}],"wp:term":[{"taxonomy":"category","embeddable":true,"href":"https:\/\/www.alqueria.es\/blogs\/alqueriaartistica\/wp-json\/wp\/v2\/categories?post=40464"},{"taxonomy":"post_tag","embeddable":true,"href":"https:\/\/www.alqueria.es\/blogs\/alqueriaartistica\/wp-json\/wp\/v2\/tags?post=40464"}],"curies":[{"name":"wp","href":"https:\/\/api.w.org\/{rel}","templated":true}]}}