{"id":41796,"date":"2024-06-20T13:08:37","date_gmt":"2024-06-20T11:08:37","guid":{"rendered":"https:\/\/www.alqueria.es\/blogs\/alqueriaartistica\/?p=41796"},"modified":"2024-06-20T13:08:37","modified_gmt":"2024-06-20T11:08:37","slug":"fiesta-fin-de-curso-la-prehistoria","status":"publish","type":"post","link":"https:\/\/www.alqueria.es\/blogs\/alqueriaartistica\/2024\/06\/20\/fiesta-fin-de-curso-la-prehistoria\/","title":{"rendered":"FIESTA FIN DE CURSO. LA PREHISTORIA"},"content":{"rendered":"<div data-carousel-extra='{&quot;blog_id&quot;:12,&quot;permalink&quot;:&quot;https:\/\/www.alqueria.es\/blogs\/alqueriaartistica\/2024\/06\/20\/fiesta-fin-de-curso-la-prehistoria\/&quot;}' id='gallery-1' class='gallery galleryid-41796 gallery-columns-2 gallery-size-full'><figure class='gallery-item'>\n\t\t\t<div class='gallery-icon landscape'>\n\t\t\t\t<a href='https:\/\/www.alqueria.es\/blogs\/alqueriaartistica\/2024\/06\/20\/fiesta-fin-de-curso-la-prehistoria\/dsc08281\/'><img decoding=\"async\" width=\"640\" height=\"480\" src=\"https:\/\/cloud.alqueria.es\/wp-content\/uploads\/sites\/12\/2024\/06\/DSC08281.jpg\" class=\"attachment-full size-full\" alt=\"\" srcset=\"https:\/\/cloud.alqueria.es\/wp-content\/uploads\/sites\/12\/2024\/06\/DSC08281.jpg 640w, https:\/\/cloud.alqueria.es\/wp-content\/uploads\/sites\/12\/2024\/06\/DSC08281-300x225.jpg 300w\" sizes=\"(max-width: 640px) 100vw, 640px\" data-attachment-id=\"41797\" data-permalink=\"https:\/\/www.alqueria.es\/blogs\/alqueriaartistica\/2024\/06\/20\/fiesta-fin-de-curso-la-prehistoria\/dsc08281\/\" data-orig-file=\"https:\/\/cloud.alqueria.es\/wp-content\/uploads\/sites\/12\/2024\/06\/DSC08281.jpg\" data-orig-size=\"640,480\" data-comments-opened=\"1\" data-image-meta=\"{&quot;aperture&quot;:&quot;2.8&quot;,&quot;credit&quot;:&quot;&quot;,&quot;camera&quot;:&quot;DSC-W510&quot;,&quot;caption&quot;:&quot;&quot;,&quot;created_timestamp&quot;:&quot;1717782495&quot;,&quot;copyright&quot;:&quot;Copyright 2009&quot;,&quot;focal_length&quot;:&quot;4.7&quot;,&quot;iso&quot;:&quot;200&quot;,&quot;shutter_speed&quot;:&quot;0.004&quot;,&quot;title&quot;:&quot;&quot;,&quot;orientation&quot;:&quot;1&quot;}\" data-image-title=\"DSC08281\" data-image-description=\"\" data-image-caption=\"\" data-large-file=\"https:\/\/cloud.alqueria.es\/wp-content\/uploads\/sites\/12\/2024\/06\/DSC08281.jpg\" \/><\/a>\n\t\t\t<\/div><\/figure><figure class='gallery-item'>\n\t\t\t<div class='gallery-icon landscape'>\n\t\t\t\t<a href='https:\/\/www.alqueria.es\/blogs\/alqueriaartistica\/2024\/06\/20\/fiesta-fin-de-curso-la-prehistoria\/dsc08282\/'><img decoding=\"async\" width=\"640\" height=\"480\" src=\"https:\/\/cloud.alqueria.es\/wp-content\/uploads\/sites\/12\/2024\/06\/DSC08282.jpg\" class=\"attachment-full size-full\" alt=\"\" srcset=\"https:\/\/cloud.alqueria.es\/wp-content\/uploads\/sites\/12\/2024\/06\/DSC08282.jpg 640w, https:\/\/cloud.alqueria.es\/wp-content\/uploads\/sites\/12\/2024\/06\/DSC08282-300x225.jpg 300w\" sizes=\"(max-width: 640px) 100vw, 640px\" data-attachment-id=\"41798\" data-permalink=\"https:\/\/www.alqueria.es\/blogs\/alqueriaartistica\/2024\/06\/20\/fiesta-fin-de-curso-la-prehistoria\/dsc08282\/\" data-orig-file=\"https:\/\/cloud.alqueria.es\/wp-content\/uploads\/sites\/12\/2024\/06\/DSC08282.jpg\" data-orig-size=\"640,480\" data-comments-opened=\"1\" data-image-meta=\"{&quot;aperture&quot;:&quot;2.8&quot;,&quot;credit&quot;:&quot;&quot;,&quot;camera&quot;:&quot;DSC-W510&quot;,&quot;caption&quot;:&quot;&quot;,&quot;created_timestamp&quot;:&quot;1717782505&quot;,&quot;copyright&quot;:&quot;Copyright 2009&quot;,&quot;focal_length&quot;:&quot;4.7&quot;,&quot;iso&quot;:&quot;200&quot;,&quot;shutter_speed&quot;:&quot;0.004&quot;,&quot;title&quot;:&quot;&quot;,&quot;orientation&quot;:&quot;1&quot;}\" data-image-title=\"DSC08282\" data-image-description=\"\" data-image-caption=\"\" data-large-file=\"https:\/\/cloud.alqueria.es\/wp-content\/uploads\/sites\/12\/2024\/06\/DSC08282.jpg\" \/><\/a>\n\t\t\t<\/div><\/figure><figure class='gallery-item'>\n\t\t\t<div class='gallery-icon landscape'>\n\t\t\t\t<a href='https:\/\/www.alqueria.es\/blogs\/alqueriaartistica\/2024\/06\/20\/fiesta-fin-de-curso-la-prehistoria\/dsc08283\/'><img decoding=\"async\" width=\"640\" height=\"480\" src=\"https:\/\/cloud.alqueria.es\/wp-content\/uploads\/sites\/12\/2024\/06\/DSC08283.jpg\" class=\"attachment-full size-full\" alt=\"\" srcset=\"https:\/\/cloud.alqueria.es\/wp-content\/uploads\/sites\/12\/2024\/06\/DSC08283.jpg 640w, https:\/\/cloud.alqueria.es\/wp-content\/uploads\/sites\/12\/2024\/06\/DSC08283-300x225.jpg 300w\" sizes=\"(max-width: 640px) 100vw, 640px\" data-attachment-id=\"41799\" data-permalink=\"https:\/\/www.alqueria.es\/blogs\/alqueriaartistica\/2024\/06\/20\/fiesta-fin-de-curso-la-prehistoria\/dsc08283\/\" data-orig-file=\"https:\/\/cloud.alqueria.es\/wp-content\/uploads\/sites\/12\/2024\/06\/DSC08283.jpg\" data-orig-size=\"640,480\" data-comments-opened=\"1\" data-image-meta=\"{&quot;aperture&quot;:&quot;2.8&quot;,&quot;credit&quot;:&quot;&quot;,&quot;camera&quot;:&quot;DSC-W510&quot;,&quot;caption&quot;:&quot;&quot;,&quot;created_timestamp&quot;:&quot;1717782519&quot;,&quot;copyright&quot;:&quot;Copyright 2009&quot;,&quot;focal_length&quot;:&quot;4.7&quot;,&quot;iso&quot;:&quot;100&quot;,&quot;shutter_speed&quot;:&quot;0.004&quot;,&quot;title&quot;:&quot;&quot;,&quot;orientation&quot;:&quot;1&quot;}\" data-image-title=\"DSC08283\" data-image-description=\"\" data-image-caption=\"\" data-large-file=\"https:\/\/cloud.alqueria.es\/wp-content\/uploads\/sites\/12\/2024\/06\/DSC08283.jpg\" \/><\/a>\n\t\t\t<\/div><\/figure><figure class='gallery-item'>\n\t\t\t<div class='gallery-icon landscape'>\n\t\t\t\t<a href='https:\/\/www.alqueria.es\/blogs\/alqueriaartistica\/2024\/06\/20\/fiesta-fin-de-curso-la-prehistoria\/dsc08284\/'><img decoding=\"async\" width=\"640\" height=\"480\" src=\"https:\/\/cloud.alqueria.es\/wp-content\/uploads\/sites\/12\/2024\/06\/DSC08284.jpg\" class=\"attachment-full size-full\" alt=\"\" srcset=\"https:\/\/cloud.alqueria.es\/wp-content\/uploads\/sites\/12\/2024\/06\/DSC08284.jpg 640w, https:\/\/cloud.alqueria.es\/wp-content\/uploads\/sites\/12\/2024\/06\/DSC08284-300x225.jpg 300w\" sizes=\"(max-width: 640px) 100vw, 640px\" data-attachment-id=\"41800\" data-permalink=\"https:\/\/www.alqueria.es\/blogs\/alqueriaartistica\/2024\/06\/20\/fiesta-fin-de-curso-la-prehistoria\/dsc08284\/\" data-orig-file=\"https:\/\/cloud.alqueria.es\/wp-content\/uploads\/sites\/12\/2024\/06\/DSC08284.jpg\" data-orig-size=\"640,480\" data-comments-opened=\"1\" data-image-meta=\"{&quot;aperture&quot;:&quot;2.8&quot;,&quot;credit&quot;:&quot;&quot;,&quot;camera&quot;:&quot;DSC-W510&quot;,&quot;caption&quot;:&quot;&quot;,&quot;created_timestamp&quot;:&quot;1717782541&quot;,&quot;copyright&quot;:&quot;Copyright 2009&quot;,&quot;focal_length&quot;:&quot;4.7&quot;,&quot;iso&quot;:&quot;200&quot;,&quot;shutter_speed&quot;:&quot;0.004&quot;,&quot;title&quot;:&quot;&quot;,&quot;orientation&quot;:&quot;1&quot;}\" data-image-title=\"DSC08284\" data-image-description=\"\" data-image-caption=\"\" data-large-file=\"https:\/\/cloud.alqueria.es\/wp-content\/uploads\/sites\/12\/2024\/06\/DSC08284.jpg\" \/><\/a>\n\t\t\t<\/div><\/figure><figure class='gallery-item'>\n\t\t\t<div class='gallery-icon landscape'>\n\t\t\t\t<a href='https:\/\/www.alqueria.es\/blogs\/alqueriaartistica\/2024\/06\/20\/fiesta-fin-de-curso-la-prehistoria\/dsc08285\/'><img decoding=\"async\" width=\"580\" height=\"417\" src=\"https:\/\/cloud.alqueria.es\/wp-content\/uploads\/sites\/12\/2024\/06\/DSC08285.jpg\" class=\"attachment-full size-full\" alt=\"\" srcset=\"https:\/\/cloud.alqueria.es\/wp-content\/uploads\/sites\/12\/2024\/06\/DSC08285.jpg 580w, https:\/\/cloud.alqueria.es\/wp-content\/uploads\/sites\/12\/2024\/06\/DSC08285-300x216.jpg 300w\" sizes=\"(max-width: 580px) 100vw, 580px\" data-attachment-id=\"41801\" data-permalink=\"https:\/\/www.alqueria.es\/blogs\/alqueriaartistica\/2024\/06\/20\/fiesta-fin-de-curso-la-prehistoria\/dsc08285\/\" data-orig-file=\"https:\/\/cloud.alqueria.es\/wp-content\/uploads\/sites\/12\/2024\/06\/DSC08285.jpg\" data-orig-size=\"580,417\" data-comments-opened=\"1\" data-image-meta=\"{&quot;aperture&quot;:&quot;2.8&quot;,&quot;credit&quot;:&quot;&quot;,&quot;camera&quot;:&quot;DSC-W510&quot;,&quot;caption&quot;:&quot;&quot;,&quot;created_timestamp&quot;:&quot;1717782565&quot;,&quot;copyright&quot;:&quot;Copyright 2009&quot;,&quot;focal_length&quot;:&quot;4.7&quot;,&quot;iso&quot;:&quot;100&quot;,&quot;shutter_speed&quot;:&quot;0.004&quot;,&quot;title&quot;:&quot;&quot;,&quot;orientation&quot;:&quot;1&quot;}\" data-image-title=\"DSC08285\" data-image-description=\"\" data-image-caption=\"\" data-large-file=\"https:\/\/cloud.alqueria.es\/wp-content\/uploads\/sites\/12\/2024\/06\/DSC08285.jpg\" \/><\/a>\n\t\t\t<\/div><\/figure><figure class='gallery-item'>\n\t\t\t<div class='gallery-icon landscape'>\n\t\t\t\t<a href='https:\/\/www.alqueria.es\/blogs\/alqueriaartistica\/2024\/06\/20\/fiesta-fin-de-curso-la-prehistoria\/dsc08291\/'><img decoding=\"async\" width=\"581\" height=\"459\" src=\"https:\/\/cloud.alqueria.es\/wp-content\/uploads\/sites\/12\/2024\/06\/DSC08291.jpg\" class=\"attachment-full size-full\" alt=\"\" srcset=\"https:\/\/cloud.alqueria.es\/wp-content\/uploads\/sites\/12\/2024\/06\/DSC08291.jpg 581w, https:\/\/cloud.alqueria.es\/wp-content\/uploads\/sites\/12\/2024\/06\/DSC08291-300x237.jpg 300w\" sizes=\"(max-width: 581px) 100vw, 581px\" data-attachment-id=\"41803\" data-permalink=\"https:\/\/www.alqueria.es\/blogs\/alqueriaartistica\/2024\/06\/20\/fiesta-fin-de-curso-la-prehistoria\/dsc08291\/\" data-orig-file=\"https:\/\/cloud.alqueria.es\/wp-content\/uploads\/sites\/12\/2024\/06\/DSC08291.jpg\" data-orig-size=\"581,459\" data-comments-opened=\"1\" data-image-meta=\"{&quot;aperture&quot;:&quot;2.8&quot;,&quot;credit&quot;:&quot;&quot;,&quot;camera&quot;:&quot;DSC-W510&quot;,&quot;caption&quot;:&quot;&quot;,&quot;created_timestamp&quot;:&quot;1717783090&quot;,&quot;copyright&quot;:&quot;Copyright 2009&quot;,&quot;focal_length&quot;:&quot;4.7&quot;,&quot;iso&quot;:&quot;100&quot;,&quot;shutter_speed&quot;:&quot;0.004&quot;,&quot;title&quot;:&quot;&quot;,&quot;orientation&quot;:&quot;1&quot;}\" data-image-title=\"DSC08291\" data-image-description=\"\" data-image-caption=\"\" data-large-file=\"https:\/\/cloud.alqueria.es\/wp-content\/uploads\/sites\/12\/2024\/06\/DSC08291.jpg\" \/><\/a>\n\t\t\t<\/div><\/figure>\n\t\t<\/div>\n\n<div data-carousel-extra='{&quot;blog_id&quot;:12,&quot;permalink&quot;:&quot;https:\/\/www.alqueria.es\/blogs\/alqueriaartistica\/2024\/06\/20\/fiesta-fin-de-curso-la-prehistoria\/&quot;}' id='gallery-2' class='gallery galleryid-41796 gallery-columns-1 gallery-size-full'><figure class='gallery-item'>\n\t\t\t<div class='gallery-icon landscape'>\n\t\t\t\t<a href='https:\/\/www.alqueria.es\/blogs\/alqueriaartistica\/2024\/06\/20\/fiesta-fin-de-curso-la-prehistoria\/dsc08286\/'><img decoding=\"async\" width=\"594\" height=\"408\" src=\"https:\/\/cloud.alqueria.es\/wp-content\/uploads\/sites\/12\/2024\/06\/DSC08286.jpg\" class=\"attachment-full size-full\" alt=\"\" srcset=\"https:\/\/cloud.alqueria.es\/wp-content\/uploads\/sites\/12\/2024\/06\/DSC08286.jpg 594w, https:\/\/cloud.alqueria.es\/wp-content\/uploads\/sites\/12\/2024\/06\/DSC08286-300x206.jpg 300w\" sizes=\"(max-width: 594px) 100vw, 594px\" data-attachment-id=\"41802\" data-permalink=\"https:\/\/www.alqueria.es\/blogs\/alqueriaartistica\/2024\/06\/20\/fiesta-fin-de-curso-la-prehistoria\/dsc08286\/\" data-orig-file=\"https:\/\/cloud.alqueria.es\/wp-content\/uploads\/sites\/12\/2024\/06\/DSC08286.jpg\" data-orig-size=\"594,408\" data-comments-opened=\"1\" data-image-meta=\"{&quot;aperture&quot;:&quot;2.8&quot;,&quot;credit&quot;:&quot;&quot;,&quot;camera&quot;:&quot;DSC-W510&quot;,&quot;caption&quot;:&quot;&quot;,&quot;created_timestamp&quot;:&quot;1717782579&quot;,&quot;copyright&quot;:&quot;Copyright 2009&quot;,&quot;focal_length&quot;:&quot;4.7&quot;,&quot;iso&quot;:&quot;400&quot;,&quot;shutter_speed&quot;:&quot;0.005&quot;,&quot;title&quot;:&quot;&quot;,&quot;orientation&quot;:&quot;1&quot;}\" data-image-title=\"DSC08286\" data-image-description=\"\" data-image-caption=\"\" data-large-file=\"https:\/\/cloud.alqueria.es\/wp-content\/uploads\/sites\/12\/2024\/06\/DSC08286.jpg\" \/><\/a>\n\t\t\t<\/div><\/figure>\n\t\t<\/div>\n\n<p>Durante el mes de mayo, en la etapa de primaria, hemos estado haciendo actividades y proyectos relacionados con la tem\u00e1tica de la fiesta fin de curso que este a\u00f1o ha estado dedicado a la prehistoria.<\/p>\n<p class=\"jetpack-slideshow-noscript robots-nocontent\">El pase de diapositivas requiere JavaScript.<\/p><div id=\"gallery-41796-1-slideshow\" class=\"jetpack-slideshow-window jetpack-slideshow jetpack-slideshow-black\" data-trans=\"fade\" data-autostart=\"1\" data-gallery=\"[{&quot;src&quot;:&quot;https:\\\/\\\/cloud.alqueria.es\\\/wp-content\\\/uploads\\\/sites\\\/12\\\/2024\\\/06\\\/DSC08097.jpg&quot;,&quot;id&quot;:&quot;41804&quot;,&quot;title&quot;:&quot;DSC08097&quot;,&quot;alt&quot;:&quot;&quot;,&quot;caption&quot;:&quot;&quot;,&quot;itemprop&quot;:&quot;image&quot;},{&quot;src&quot;:&quot;https:\\\/\\\/cloud.alqueria.es\\\/wp-content\\\/uploads\\\/sites\\\/12\\\/2024\\\/06\\\/DSC08104.jpg&quot;,&quot;id&quot;:&quot;41805&quot;,&quot;title&quot;:&quot;DSC08104&quot;,&quot;alt&quot;:&quot;&quot;,&quot;caption&quot;:&quot;&quot;,&quot;itemprop&quot;:&quot;image&quot;},{&quot;src&quot;:&quot;https:\\\/\\\/cloud.alqueria.es\\\/wp-content\\\/uploads\\\/sites\\\/12\\\/2024\\\/06\\\/DSC08175.jpg&quot;,&quot;id&quot;:&quot;41806&quot;,&quot;title&quot;:&quot;DSC08175&quot;,&quot;alt&quot;:&quot;&quot;,&quot;caption&quot;:&quot;&quot;,&quot;itemprop&quot;:&quot;image&quot;},{&quot;src&quot;:&quot;https:\\\/\\\/cloud.alqueria.es\\\/wp-content\\\/uploads\\\/sites\\\/12\\\/2024\\\/06\\\/DSC08177.jpg&quot;,&quot;id&quot;:&quot;41807&quot;,&quot;title&quot;:&quot;DSC08177&quot;,&quot;alt&quot;:&quot;&quot;,&quot;caption&quot;:&quot;&quot;,&quot;itemprop&quot;:&quot;image&quot;},{&quot;src&quot;:&quot;https:\\\/\\\/cloud.alqueria.es\\\/wp-content\\\/uploads\\\/sites\\\/12\\\/2024\\\/06\\\/DSC08203.jpg&quot;,&quot;id&quot;:&quot;41808&quot;,&quot;title&quot;:&quot;DSC08203&quot;,&quot;alt&quot;:&quot;&quot;,&quot;caption&quot;:&quot;&quot;,&quot;itemprop&quot;:&quot;image&quot;},{&quot;src&quot;:&quot;https:\\\/\\\/cloud.alqueria.es\\\/wp-content\\\/uploads\\\/sites\\\/12\\\/2024\\\/06\\\/DSC08204.jpg&quot;,&quot;id&quot;:&quot;41809&quot;,&quot;title&quot;:&quot;DSC08204&quot;,&quot;alt&quot;:&quot;&quot;,&quot;caption&quot;:&quot;&quot;,&quot;itemprop&quot;:&quot;image&quot;},{&quot;src&quot;:&quot;https:\\\/\\\/cloud.alqueria.es\\\/wp-content\\\/uploads\\\/sites\\\/12\\\/2024\\\/06\\\/DSC08207.jpg&quot;,&quot;id&quot;:&quot;41810&quot;,&quot;title&quot;:&quot;DSC08207&quot;,&quot;alt&quot;:&quot;&quot;,&quot;caption&quot;:&quot;&quot;,&quot;itemprop&quot;:&quot;image&quot;},{&quot;src&quot;:&quot;https:\\\/\\\/cloud.alqueria.es\\\/wp-content\\\/uploads\\\/sites\\\/12\\\/2024\\\/06\\\/DSC08208.jpg&quot;,&quot;id&quot;:&quot;41811&quot;,&quot;title&quot;:&quot;DSC08208&quot;,&quot;alt&quot;:&quot;&quot;,&quot;caption&quot;:&quot;&quot;,&quot;itemprop&quot;:&quot;image&quot;},{&quot;src&quot;:&quot;https:\\\/\\\/cloud.alqueria.es\\\/wp-content\\\/uploads\\\/sites\\\/12\\\/2024\\\/06\\\/DSC08209.jpg&quot;,&quot;id&quot;:&quot;41812&quot;,&quot;title&quot;:&quot;DSC08209&quot;,&quot;alt&quot;:&quot;&quot;,&quot;caption&quot;:&quot;&quot;,&quot;itemprop&quot;:&quot;image&quot;},{&quot;src&quot;:&quot;https:\\\/\\\/cloud.alqueria.es\\\/wp-content\\\/uploads\\\/sites\\\/12\\\/2024\\\/06\\\/DSC08210.jpg&quot;,&quot;id&quot;:&quot;41813&quot;,&quot;title&quot;:&quot;DSC08210&quot;,&quot;alt&quot;:&quot;&quot;,&quot;caption&quot;:&quot;&quot;,&quot;itemprop&quot;:&quot;image&quot;},{&quot;src&quot;:&quot;https:\\\/\\\/cloud.alqueria.es\\\/wp-content\\\/uploads\\\/sites\\\/12\\\/2024\\\/06\\\/DSC08212.jpg&quot;,&quot;id&quot;:&quot;41814&quot;,&quot;title&quot;:&quot;DSC08212&quot;,&quot;alt&quot;:&quot;&quot;,&quot;caption&quot;:&quot;&quot;,&quot;itemprop&quot;:&quot;image&quot;},{&quot;src&quot;:&quot;https:\\\/\\\/cloud.alqueria.es\\\/wp-content\\\/uploads\\\/sites\\\/12\\\/2024\\\/06\\\/DSC08213.jpg&quot;,&quot;id&quot;:&quot;41815&quot;,&quot;title&quot;:&quot;DSC08213&quot;,&quot;alt&quot;:&quot;&quot;,&quot;caption&quot;:&quot;&quot;,&quot;itemprop&quot;:&quot;image&quot;},{&quot;src&quot;:&quot;https:\\\/\\\/cloud.alqueria.es\\\/wp-content\\\/uploads\\\/sites\\\/12\\\/2024\\\/06\\\/DSC08214.jpg&quot;,&quot;id&quot;:&quot;41816&quot;,&quot;title&quot;:&quot;DSC08214&quot;,&quot;alt&quot;:&quot;&quot;,&quot;caption&quot;:&quot;&quot;,&quot;itemprop&quot;:&quot;image&quot;},{&quot;src&quot;:&quot;https:\\\/\\\/cloud.alqueria.es\\\/wp-content\\\/uploads\\\/sites\\\/12\\\/2024\\\/06\\\/DSC08215.jpg&quot;,&quot;id&quot;:&quot;41817&quot;,&quot;title&quot;:&quot;DSC08215&quot;,&quot;alt&quot;:&quot;&quot;,&quot;caption&quot;:&quot;&quot;,&quot;itemprop&quot;:&quot;image&quot;},{&quot;src&quot;:&quot;https:\\\/\\\/cloud.alqueria.es\\\/wp-content\\\/uploads\\\/sites\\\/12\\\/2024\\\/06\\\/DSC08216.jpg&quot;,&quot;id&quot;:&quot;41818&quot;,&quot;title&quot;:&quot;DSC08216&quot;,&quot;alt&quot;:&quot;&quot;,&quot;caption&quot;:&quot;&quot;,&quot;itemprop&quot;:&quot;image&quot;},{&quot;src&quot;:&quot;https:\\\/\\\/cloud.alqueria.es\\\/wp-content\\\/uploads\\\/sites\\\/12\\\/2024\\\/06\\\/DSC08217.jpg&quot;,&quot;id&quot;:&quot;41819&quot;,&quot;title&quot;:&quot;DSC08217&quot;,&quot;alt&quot;:&quot;&quot;,&quot;caption&quot;:&quot;&quot;,&quot;itemprop&quot;:&quot;image&quot;},{&quot;src&quot;:&quot;https:\\\/\\\/cloud.alqueria.es\\\/wp-content\\\/uploads\\\/sites\\\/12\\\/2024\\\/06\\\/DSC08218.jpg&quot;,&quot;id&quot;:&quot;41820&quot;,&quot;title&quot;:&quot;DSC08218&quot;,&quot;alt&quot;:&quot;&quot;,&quot;caption&quot;:&quot;&quot;,&quot;itemprop&quot;:&quot;image&quot;},{&quot;src&quot;:&quot;https:\\\/\\\/cloud.alqueria.es\\\/wp-content\\\/uploads\\\/sites\\\/12\\\/2024\\\/06\\\/DSC08220.jpg&quot;,&quot;id&quot;:&quot;41821&quot;,&quot;title&quot;:&quot;DSC08220&quot;,&quot;alt&quot;:&quot;&quot;,&quot;caption&quot;:&quot;&quot;,&quot;itemprop&quot;:&quot;image&quot;},{&quot;src&quot;:&quot;https:\\\/\\\/cloud.alqueria.es\\\/wp-content\\\/uploads\\\/sites\\\/12\\\/2024\\\/06\\\/DSC08237.jpg&quot;,&quot;id&quot;:&quot;41822&quot;,&quot;title&quot;:&quot;DSC08237&quot;,&quot;alt&quot;:&quot;&quot;,&quot;caption&quot;:&quot;&quot;,&quot;itemprop&quot;:&quot;image&quot;},{&quot;src&quot;:&quot;https:\\\/\\\/cloud.alqueria.es\\\/wp-content\\\/uploads\\\/sites\\\/12\\\/2024\\\/06\\\/DSC08243.jpg&quot;,&quot;id&quot;:&quot;41823&quot;,&quot;title&quot;:&quot;DSC08243&quot;,&quot;alt&quot;:&quot;&quot;,&quot;caption&quot;:&quot;&quot;,&quot;itemprop&quot;:&quot;image&quot;},{&quot;src&quot;:&quot;https:\\\/\\\/cloud.alqueria.es\\\/wp-content\\\/uploads\\\/sites\\\/12\\\/2024\\\/06\\\/DSC08245.jpg&quot;,&quot;id&quot;:&quot;41824&quot;,&quot;title&quot;:&quot;DSC08245&quot;,&quot;alt&quot;:&quot;&quot;,&quot;caption&quot;:&quot;&quot;,&quot;itemprop&quot;:&quot;image&quot;},{&quot;src&quot;:&quot;https:\\\/\\\/cloud.alqueria.es\\\/wp-content\\\/uploads\\\/sites\\\/12\\\/2024\\\/06\\\/DSC08246.jpg&quot;,&quot;id&quot;:&quot;41825&quot;,&quot;title&quot;:&quot;DSC08246&quot;,&quot;alt&quot;:&quot;&quot;,&quot;caption&quot;:&quot;&quot;,&quot;itemprop&quot;:&quot;image&quot;},{&quot;src&quot;:&quot;https:\\\/\\\/cloud.alqueria.es\\\/wp-content\\\/uploads\\\/sites\\\/12\\\/2024\\\/06\\\/DSC08248.jpg&quot;,&quot;id&quot;:&quot;41826&quot;,&quot;title&quot;:&quot;DSC08248&quot;,&quot;alt&quot;:&quot;&quot;,&quot;caption&quot;:&quot;&quot;,&quot;itemprop&quot;:&quot;image&quot;},{&quot;src&quot;:&quot;https:\\\/\\\/cloud.alqueria.es\\\/wp-content\\\/uploads\\\/sites\\\/12\\\/2024\\\/06\\\/DSC08254.jpg&quot;,&quot;id&quot;:&quot;41827&quot;,&quot;title&quot;:&quot;DSC08254&quot;,&quot;alt&quot;:&quot;&quot;,&quot;caption&quot;:&quot;&quot;,&quot;itemprop&quot;:&quot;image&quot;},{&quot;src&quot;:&quot;https:\\\/\\\/cloud.alqueria.es\\\/wp-content\\\/uploads\\\/sites\\\/12\\\/2024\\\/06\\\/DSC08255.jpg&quot;,&quot;id&quot;:&quot;41828&quot;,&quot;title&quot;:&quot;DSC08255&quot;,&quot;alt&quot;:&quot;&quot;,&quot;caption&quot;:&quot;&quot;,&quot;itemprop&quot;:&quot;image&quot;},{&quot;src&quot;:&quot;https:\\\/\\\/cloud.alqueria.es\\\/wp-content\\\/uploads\\\/sites\\\/12\\\/2024\\\/06\\\/DSC08256.jpg&quot;,&quot;id&quot;:&quot;41829&quot;,&quot;title&quot;:&quot;DSC08256&quot;,&quot;alt&quot;:&quot;&quot;,&quot;caption&quot;:&quot;&quot;,&quot;itemprop&quot;:&quot;image&quot;},{&quot;src&quot;:&quot;https:\\\/\\\/cloud.alqueria.es\\\/wp-content\\\/uploads\\\/sites\\\/12\\\/2024\\\/06\\\/DSC08258.jpg&quot;,&quot;id&quot;:&quot;41830&quot;,&quot;title&quot;:&quot;DSC08258&quot;,&quot;alt&quot;:&quot;&quot;,&quot;caption&quot;:&quot;&quot;,&quot;itemprop&quot;:&quot;image&quot;},{&quot;src&quot;:&quot;https:\\\/\\\/cloud.alqueria.es\\\/wp-content\\\/uploads\\\/sites\\\/12\\\/2024\\\/06\\\/DSC08259.jpg&quot;,&quot;id&quot;:&quot;41831&quot;,&quot;title&quot;:&quot;DSC08259&quot;,&quot;alt&quot;:&quot;&quot;,&quot;caption&quot;:&quot;&quot;,&quot;itemprop&quot;:&quot;image&quot;},{&quot;src&quot;:&quot;https:\\\/\\\/cloud.alqueria.es\\\/wp-content\\\/uploads\\\/sites\\\/12\\\/2024\\\/06\\\/DSC08260.jpg&quot;,&quot;id&quot;:&quot;41832&quot;,&quot;title&quot;:&quot;DSC08260&quot;,&quot;alt&quot;:&quot;&quot;,&quot;caption&quot;:&quot;&quot;,&quot;itemprop&quot;:&quot;image&quot;},{&quot;src&quot;:&quot;https:\\\/\\\/cloud.alqueria.es\\\/wp-content\\\/uploads\\\/sites\\\/12\\\/2024\\\/06\\\/DSC08261.jpg&quot;,&quot;id&quot;:&quot;41833&quot;,&quot;title&quot;:&quot;DSC08261&quot;,&quot;alt&quot;:&quot;&quot;,&quot;caption&quot;:&quot;&quot;,&quot;itemprop&quot;:&quot;image&quot;},{&quot;src&quot;:&quot;https:\\\/\\\/cloud.alqueria.es\\\/wp-content\\\/uploads\\\/sites\\\/12\\\/2024\\\/06\\\/DSC08263.jpg&quot;,&quot;id&quot;:&quot;41834&quot;,&quot;title&quot;:&quot;DSC08263&quot;,&quot;alt&quot;:&quot;&quot;,&quot;caption&quot;:&quot;&quot;,&quot;itemprop&quot;:&quot;image&quot;},{&quot;src&quot;:&quot;https:\\\/\\\/cloud.alqueria.es\\\/wp-content\\\/uploads\\\/sites\\\/12\\\/2024\\\/06\\\/DSC08265.jpg&quot;,&quot;id&quot;:&quot;41835&quot;,&quot;title&quot;:&quot;DSC08265&quot;,&quot;alt&quot;:&quot;&quot;,&quot;caption&quot;:&quot;&quot;,&quot;itemprop&quot;:&quot;image&quot;},{&quot;src&quot;:&quot;https:\\\/\\\/cloud.alqueria.es\\\/wp-content\\\/uploads\\\/sites\\\/12\\\/2024\\\/06\\\/DSC08266.jpg&quot;,&quot;id&quot;:&quot;41836&quot;,&quot;title&quot;:&quot;DSC08266&quot;,&quot;alt&quot;:&quot;&quot;,&quot;caption&quot;:&quot;&quot;,&quot;itemprop&quot;:&quot;image&quot;},{&quot;src&quot;:&quot;https:\\\/\\\/cloud.alqueria.es\\\/wp-content\\\/uploads\\\/sites\\\/12\\\/2024\\\/06\\\/DSC08267.jpg&quot;,&quot;id&quot;:&quot;41837&quot;,&quot;title&quot;:&quot;DSC08267&quot;,&quot;alt&quot;:&quot;&quot;,&quot;caption&quot;:&quot;&quot;,&quot;itemprop&quot;:&quot;image&quot;},{&quot;src&quot;:&quot;https:\\\/\\\/cloud.alqueria.es\\\/wp-content\\\/uploads\\\/sites\\\/12\\\/2024\\\/06\\\/DSC08269.jpg&quot;,&quot;id&quot;:&quot;41838&quot;,&quot;title&quot;:&quot;DSC08269&quot;,&quot;alt&quot;:&quot;&quot;,&quot;caption&quot;:&quot;&quot;,&quot;itemprop&quot;:&quot;image&quot;},{&quot;src&quot;:&quot;https:\\\/\\\/cloud.alqueria.es\\\/wp-content\\\/uploads\\\/sites\\\/12\\\/2024\\\/06\\\/DSC08270.jpg&quot;,&quot;id&quot;:&quot;41839&quot;,&quot;title&quot;:&quot;DSC08270&quot;,&quot;alt&quot;:&quot;&quot;,&quot;caption&quot;:&quot;&quot;,&quot;itemprop&quot;:&quot;image&quot;},{&quot;src&quot;:&quot;https:\\\/\\\/cloud.alqueria.es\\\/wp-content\\\/uploads\\\/sites\\\/12\\\/2024\\\/06\\\/DSC08273.jpg&quot;,&quot;id&quot;:&quot;41840&quot;,&quot;title&quot;:&quot;DSC08273&quot;,&quot;alt&quot;:&quot;&quot;,&quot;caption&quot;:&quot;&quot;,&quot;itemprop&quot;:&quot;image&quot;},{&quot;src&quot;:&quot;https:\\\/\\\/cloud.alqueria.es\\\/wp-content\\\/uploads\\\/sites\\\/12\\\/2024\\\/06\\\/DSC08274.jpg&quot;,&quot;id&quot;:&quot;41841&quot;,&quot;title&quot;:&quot;DSC08274&quot;,&quot;alt&quot;:&quot;&quot;,&quot;caption&quot;:&quot;&quot;,&quot;itemprop&quot;:&quot;image&quot;},{&quot;src&quot;:&quot;https:\\\/\\\/cloud.alqueria.es\\\/wp-content\\\/uploads\\\/sites\\\/12\\\/2024\\\/06\\\/DSC08275.jpg&quot;,&quot;id&quot;:&quot;41842&quot;,&quot;title&quot;:&quot;DSC08275&quot;,&quot;alt&quot;:&quot;&quot;,&quot;caption&quot;:&quot;&quot;,&quot;itemprop&quot;:&quot;image&quot;},{&quot;src&quot;:&quot;https:\\\/\\\/cloud.alqueria.es\\\/wp-content\\\/uploads\\\/sites\\\/12\\\/2024\\\/06\\\/DSC08276.jpg&quot;,&quot;id&quot;:&quot;41843&quot;,&quot;title&quot;:&quot;DSC08276&quot;,&quot;alt&quot;:&quot;&quot;,&quot;caption&quot;:&quot;&quot;,&quot;itemprop&quot;:&quot;image&quot;},{&quot;src&quot;:&quot;https:\\\/\\\/cloud.alqueria.es\\\/wp-content\\\/uploads\\\/sites\\\/12\\\/2024\\\/06\\\/DSC08277.jpg&quot;,&quot;id&quot;:&quot;41844&quot;,&quot;title&quot;:&quot;DSC08277&quot;,&quot;alt&quot;:&quot;&quot;,&quot;caption&quot;:&quot;&quot;,&quot;itemprop&quot;:&quot;image&quot;},{&quot;src&quot;:&quot;https:\\\/\\\/cloud.alqueria.es\\\/wp-content\\\/uploads\\\/sites\\\/12\\\/2024\\\/06\\\/DSC08278.jpg&quot;,&quot;id&quot;:&quot;41845&quot;,&quot;title&quot;:&quot;DSC08278&quot;,&quot;alt&quot;:&quot;&quot;,&quot;caption&quot;:&quot;&quot;,&quot;itemprop&quot;:&quot;image&quot;},{&quot;src&quot;:&quot;https:\\\/\\\/cloud.alqueria.es\\\/wp-content\\\/uploads\\\/sites\\\/12\\\/2024\\\/06\\\/DSC08045.jpg&quot;,&quot;id&quot;:&quot;41846&quot;,&quot;title&quot;:&quot;DSC08045&quot;,&quot;alt&quot;:&quot;&quot;,&quot;caption&quot;:&quot;&quot;,&quot;itemprop&quot;:&quot;image&quot;},{&quot;src&quot;:&quot;https:\\\/\\\/cloud.alqueria.es\\\/wp-content\\\/uploads\\\/sites\\\/12\\\/2024\\\/06\\\/DSC08046.jpg&quot;,&quot;id&quot;:&quot;41847&quot;,&quot;title&quot;:&quot;DSC08046&quot;,&quot;alt&quot;:&quot;&quot;,&quot;caption&quot;:&quot;&quot;,&quot;itemprop&quot;:&quot;image&quot;},{&quot;src&quot;:&quot;https:\\\/\\\/cloud.alqueria.es\\\/wp-content\\\/uploads\\\/sites\\\/12\\\/2024\\\/06\\\/DSC08047.jpg&quot;,&quot;id&quot;:&quot;41848&quot;,&quot;title&quot;:&quot;DSC08047&quot;,&quot;alt&quot;:&quot;&quot;,&quot;caption&quot;:&quot;&quot;,&quot;itemprop&quot;:&quot;image&quot;},{&quot;src&quot;:&quot;https:\\\/\\\/cloud.alqueria.es\\\/wp-content\\\/uploads\\\/sites\\\/12\\\/2024\\\/06\\\/DSC08053.jpg&quot;,&quot;id&quot;:&quot;41849&quot;,&quot;title&quot;:&quot;DSC08053&quot;,&quot;alt&quot;:&quot;&quot;,&quot;caption&quot;:&quot;&quot;,&quot;itemprop&quot;:&quot;image&quot;},{&quot;src&quot;:&quot;https:\\\/\\\/cloud.alqueria.es\\\/wp-content\\\/uploads\\\/sites\\\/12\\\/2024\\\/06\\\/DSC08054.jpg&quot;,&quot;id&quot;:&quot;41850&quot;,&quot;title&quot;:&quot;DSC08054&quot;,&quot;alt&quot;:&quot;&quot;,&quot;caption&quot;:&quot;&quot;,&quot;itemprop&quot;:&quot;image&quot;},{&quot;src&quot;:&quot;https:\\\/\\\/cloud.alqueria.es\\\/wp-content\\\/uploads\\\/sites\\\/12\\\/2024\\\/06\\\/DSC08091.jpg&quot;,&quot;id&quot;:&quot;41851&quot;,&quot;title&quot;:&quot;DSC08091&quot;,&quot;alt&quot;:&quot;&quot;,&quot;caption&quot;:&quot;&quot;,&quot;itemprop&quot;:&quot;image&quot;},{&quot;src&quot;:&quot;https:\\\/\\\/cloud.alqueria.es\\\/wp-content\\\/uploads\\\/sites\\\/12\\\/2024\\\/06\\\/DSC08097-1.jpg&quot;,&quot;id&quot;:&quot;41852&quot;,&quot;title&quot;:&quot;DSC08097&quot;,&quot;alt&quot;:&quot;&quot;,&quot;caption&quot;:&quot;&quot;,&quot;itemprop&quot;:&quot;image&quot;},{&quot;src&quot;:&quot;https:\\\/\\\/cloud.alqueria.es\\\/wp-content\\\/uploads\\\/sites\\\/12\\\/2024\\\/06\\\/DSC08132.jpg&quot;,&quot;id&quot;:&quot;41853&quot;,&quot;title&quot;:&quot;DSC08132&quot;,&quot;alt&quot;:&quot;&quot;,&quot;caption&quot;:&quot;&quot;,&quot;itemprop&quot;:&quot;image&quot;},{&quot;src&quot;:&quot;https:\\\/\\\/cloud.alqueria.es\\\/wp-content\\\/uploads\\\/sites\\\/12\\\/2024\\\/06\\\/DSC08133.jpg&quot;,&quot;id&quot;:&quot;41854&quot;,&quot;title&quot;:&quot;DSC08133&quot;,&quot;alt&quot;:&quot;&quot;,&quot;caption&quot;:&quot;&quot;,&quot;itemprop&quot;:&quot;image&quot;},{&quot;src&quot;:&quot;https:\\\/\\\/cloud.alqueria.es\\\/wp-content\\\/uploads\\\/sites\\\/12\\\/2024\\\/06\\\/DSC08139.jpg&quot;,&quot;id&quot;:&quot;41855&quot;,&quot;title&quot;:&quot;DSC08139&quot;,&quot;alt&quot;:&quot;&quot;,&quot;caption&quot;:&quot;&quot;,&quot;itemprop&quot;:&quot;image&quot;},{&quot;src&quot;:&quot;https:\\\/\\\/cloud.alqueria.es\\\/wp-content\\\/uploads\\\/sites\\\/12\\\/2024\\\/06\\\/DSC08141.jpg&quot;,&quot;id&quot;:&quot;41856&quot;,&quot;title&quot;:&quot;DSC08141&quot;,&quot;alt&quot;:&quot;&quot;,&quot;caption&quot;:&quot;&quot;,&quot;itemprop&quot;:&quot;image&quot;},{&quot;src&quot;:&quot;https:\\\/\\\/cloud.alqueria.es\\\/wp-content\\\/uploads\\\/sites\\\/12\\\/2024\\\/06\\\/DSC08143.jpg&quot;,&quot;id&quot;:&quot;41857&quot;,&quot;title&quot;:&quot;DSC08143&quot;,&quot;alt&quot;:&quot;&quot;,&quot;caption&quot;:&quot;&quot;,&quot;itemprop&quot;:&quot;image&quot;}]\" itemscope itemtype=\"https:\/\/schema.org\/ImageGallery\"><\/div>\n<p>Hemos aprovechado la tem\u00e1tica para hacer dibujos de animales en casi todos los cursos. Las escenas de la vida de los prehist\u00f3ricos tambi\u00e9n han inspirado diversos murales. La realizaci\u00f3n de los diversos carteles ha enfocado la actividad de los pr\u00e1cticos\u00a0 y de los alumnos del \u00faltimo ciclo.<\/p>\n<div data-carousel-extra='{&quot;blog_id&quot;:12,&quot;permalink&quot;:&quot;https:\/\/www.alqueria.es\/blogs\/alqueriaartistica\/2024\/06\/20\/fiesta-fin-de-curso-la-prehistoria\/&quot;}' id='gallery-4' class='gallery galleryid-41796 gallery-columns-3 gallery-size-large'><figure class='gallery-item'>\n\t\t\t<div class='gallery-icon portrait'>\n\t\t\t\t<a href='https:\/\/www.alqueria.es\/blogs\/alqueriaartistica\/2024\/06\/20\/fiesta-fin-de-curso-la-prehistoria\/dsc08351\/'><img decoding=\"async\" width=\"474\" height=\"632\" src=\"https:\/\/cloud.alqueria.es\/wp-content\/uploads\/sites\/12\/2024\/06\/DSC08351.jpg\" class=\"attachment-large size-large\" alt=\"\" srcset=\"https:\/\/cloud.alqueria.es\/wp-content\/uploads\/sites\/12\/2024\/06\/DSC08351.jpg 480w, https:\/\/cloud.alqueria.es\/wp-content\/uploads\/sites\/12\/2024\/06\/DSC08351-225x300.jpg 225w\" sizes=\"(max-width: 474px) 100vw, 474px\" data-attachment-id=\"41860\" data-permalink=\"https:\/\/www.alqueria.es\/blogs\/alqueriaartistica\/2024\/06\/20\/fiesta-fin-de-curso-la-prehistoria\/dsc08351\/\" data-orig-file=\"https:\/\/cloud.alqueria.es\/wp-content\/uploads\/sites\/12\/2024\/06\/DSC08351.jpg\" data-orig-size=\"480,640\" data-comments-opened=\"1\" data-image-meta=\"{&quot;aperture&quot;:&quot;2.8&quot;,&quot;credit&quot;:&quot;&quot;,&quot;camera&quot;:&quot;DSC-W510&quot;,&quot;caption&quot;:&quot;&quot;,&quot;created_timestamp&quot;:&quot;1718789193&quot;,&quot;copyright&quot;:&quot;Copyright 2009&quot;,&quot;focal_length&quot;:&quot;4.7&quot;,&quot;iso&quot;:&quot;100&quot;,&quot;shutter_speed&quot;:&quot;0.004&quot;,&quot;title&quot;:&quot;&quot;,&quot;orientation&quot;:&quot;1&quot;}\" data-image-title=\"DSC08351\" data-image-description=\"\" data-image-caption=\"\" data-large-file=\"https:\/\/cloud.alqueria.es\/wp-content\/uploads\/sites\/12\/2024\/06\/DSC08351.jpg\" \/><\/a>\n\t\t\t<\/div><\/figure><figure class='gallery-item'>\n\t\t\t<div class='gallery-icon portrait'>\n\t\t\t\t<a href='https:\/\/www.alqueria.es\/blogs\/alqueriaartistica\/2024\/06\/20\/fiesta-fin-de-curso-la-prehistoria\/dsc08352\/'><img decoding=\"async\" width=\"474\" height=\"632\" src=\"https:\/\/cloud.alqueria.es\/wp-content\/uploads\/sites\/12\/2024\/06\/DSC08352.jpg\" class=\"attachment-large size-large\" alt=\"\" srcset=\"https:\/\/cloud.alqueria.es\/wp-content\/uploads\/sites\/12\/2024\/06\/DSC08352.jpg 480w, https:\/\/cloud.alqueria.es\/wp-content\/uploads\/sites\/12\/2024\/06\/DSC08352-225x300.jpg 225w\" sizes=\"(max-width: 474px) 100vw, 474px\" data-attachment-id=\"41861\" data-permalink=\"https:\/\/www.alqueria.es\/blogs\/alqueriaartistica\/2024\/06\/20\/fiesta-fin-de-curso-la-prehistoria\/dsc08352\/\" data-orig-file=\"https:\/\/cloud.alqueria.es\/wp-content\/uploads\/sites\/12\/2024\/06\/DSC08352.jpg\" data-orig-size=\"480,640\" data-comments-opened=\"1\" data-image-meta=\"{&quot;aperture&quot;:&quot;2.8&quot;,&quot;credit&quot;:&quot;&quot;,&quot;camera&quot;:&quot;DSC-W510&quot;,&quot;caption&quot;:&quot;&quot;,&quot;created_timestamp&quot;:&quot;1718789199&quot;,&quot;copyright&quot;:&quot;Copyright 2009&quot;,&quot;focal_length&quot;:&quot;4.7&quot;,&quot;iso&quot;:&quot;100&quot;,&quot;shutter_speed&quot;:&quot;0.004&quot;,&quot;title&quot;:&quot;&quot;,&quot;orientation&quot;:&quot;1&quot;}\" data-image-title=\"DSC08352\" data-image-description=\"\" data-image-caption=\"\" data-large-file=\"https:\/\/cloud.alqueria.es\/wp-content\/uploads\/sites\/12\/2024\/06\/DSC08352.jpg\" \/><\/a>\n\t\t\t<\/div><\/figure><figure class='gallery-item'>\n\t\t\t<div class='gallery-icon portrait'>\n\t\t\t\t<a href='https:\/\/www.alqueria.es\/blogs\/alqueriaartistica\/2024\/06\/20\/fiesta-fin-de-curso-la-prehistoria\/dsc08354\/'><img decoding=\"async\" width=\"376\" height=\"609\" src=\"https:\/\/cloud.alqueria.es\/wp-content\/uploads\/sites\/12\/2024\/06\/DSC08354.jpg\" class=\"attachment-large size-large\" alt=\"\" srcset=\"https:\/\/cloud.alqueria.es\/wp-content\/uploads\/sites\/12\/2024\/06\/DSC08354.jpg 376w, https:\/\/cloud.alqueria.es\/wp-content\/uploads\/sites\/12\/2024\/06\/DSC08354-185x300.jpg 185w\" sizes=\"(max-width: 376px) 100vw, 376px\" data-attachment-id=\"41863\" data-permalink=\"https:\/\/www.alqueria.es\/blogs\/alqueriaartistica\/2024\/06\/20\/fiesta-fin-de-curso-la-prehistoria\/dsc08354\/\" data-orig-file=\"https:\/\/cloud.alqueria.es\/wp-content\/uploads\/sites\/12\/2024\/06\/DSC08354.jpg\" data-orig-size=\"376,609\" data-comments-opened=\"1\" data-image-meta=\"{&quot;aperture&quot;:&quot;2.8&quot;,&quot;credit&quot;:&quot;&quot;,&quot;camera&quot;:&quot;DSC-W510&quot;,&quot;caption&quot;:&quot;&quot;,&quot;created_timestamp&quot;:&quot;1718789214&quot;,&quot;copyright&quot;:&quot;Copyright 2009&quot;,&quot;focal_length&quot;:&quot;4.7&quot;,&quot;iso&quot;:&quot;100&quot;,&quot;shutter_speed&quot;:&quot;0.004&quot;,&quot;title&quot;:&quot;&quot;,&quot;orientation&quot;:&quot;1&quot;}\" data-image-title=\"DSC08354\" data-image-description=\"\" data-image-caption=\"\" data-large-file=\"https:\/\/cloud.alqueria.es\/wp-content\/uploads\/sites\/12\/2024\/06\/DSC08354.jpg\" \/><\/a>\n\t\t\t<\/div><\/figure><figure class='gallery-item'>\n\t\t\t<div class='gallery-icon portrait'>\n\t\t\t\t<a href='https:\/\/www.alqueria.es\/blogs\/alqueriaartistica\/2024\/06\/20\/fiesta-fin-de-curso-la-prehistoria\/dsc08355\/'><img decoding=\"async\" width=\"474\" height=\"632\" src=\"https:\/\/cloud.alqueria.es\/wp-content\/uploads\/sites\/12\/2024\/06\/DSC08355.jpg\" class=\"attachment-large size-large\" alt=\"\" srcset=\"https:\/\/cloud.alqueria.es\/wp-content\/uploads\/sites\/12\/2024\/06\/DSC08355.jpg 480w, https:\/\/cloud.alqueria.es\/wp-content\/uploads\/sites\/12\/2024\/06\/DSC08355-225x300.jpg 225w\" sizes=\"(max-width: 474px) 100vw, 474px\" data-attachment-id=\"41864\" data-permalink=\"https:\/\/www.alqueria.es\/blogs\/alqueriaartistica\/2024\/06\/20\/fiesta-fin-de-curso-la-prehistoria\/dsc08355\/\" data-orig-file=\"https:\/\/cloud.alqueria.es\/wp-content\/uploads\/sites\/12\/2024\/06\/DSC08355.jpg\" data-orig-size=\"480,640\" data-comments-opened=\"1\" data-image-meta=\"{&quot;aperture&quot;:&quot;3&quot;,&quot;credit&quot;:&quot;&quot;,&quot;camera&quot;:&quot;DSC-W510&quot;,&quot;caption&quot;:&quot;&quot;,&quot;created_timestamp&quot;:&quot;1718789233&quot;,&quot;copyright&quot;:&quot;Copyright 2009&quot;,&quot;focal_length&quot;:&quot;5.6&quot;,&quot;iso&quot;:&quot;100&quot;,&quot;shutter_speed&quot;:&quot;0.004&quot;,&quot;title&quot;:&quot;&quot;,&quot;orientation&quot;:&quot;1&quot;}\" data-image-title=\"DSC08355\" data-image-description=\"\" data-image-caption=\"\" data-large-file=\"https:\/\/cloud.alqueria.es\/wp-content\/uploads\/sites\/12\/2024\/06\/DSC08355.jpg\" \/><\/a>\n\t\t\t<\/div><\/figure><figure class='gallery-item'>\n\t\t\t<div class='gallery-icon portrait'>\n\t\t\t\t<a href='https:\/\/www.alqueria.es\/blogs\/alqueriaartistica\/2024\/06\/20\/fiesta-fin-de-curso-la-prehistoria\/dsc08356\/'><img decoding=\"async\" width=\"474\" height=\"632\" src=\"https:\/\/cloud.alqueria.es\/wp-content\/uploads\/sites\/12\/2024\/06\/DSC08356.jpg\" class=\"attachment-large size-large\" alt=\"\" srcset=\"https:\/\/cloud.alqueria.es\/wp-content\/uploads\/sites\/12\/2024\/06\/DSC08356.jpg 480w, https:\/\/cloud.alqueria.es\/wp-content\/uploads\/sites\/12\/2024\/06\/DSC08356-225x300.jpg 225w\" sizes=\"(max-width: 474px) 100vw, 474px\" data-attachment-id=\"41865\" data-permalink=\"https:\/\/www.alqueria.es\/blogs\/alqueriaartistica\/2024\/06\/20\/fiesta-fin-de-curso-la-prehistoria\/dsc08356\/\" data-orig-file=\"https:\/\/cloud.alqueria.es\/wp-content\/uploads\/sites\/12\/2024\/06\/DSC08356.jpg\" data-orig-size=\"480,640\" data-comments-opened=\"1\" data-image-meta=\"{&quot;aperture&quot;:&quot;3&quot;,&quot;credit&quot;:&quot;&quot;,&quot;camera&quot;:&quot;DSC-W510&quot;,&quot;caption&quot;:&quot;&quot;,&quot;created_timestamp&quot;:&quot;1718789238&quot;,&quot;copyright&quot;:&quot;Copyright 2009&quot;,&quot;focal_length&quot;:&quot;5.6&quot;,&quot;iso&quot;:&quot;100&quot;,&quot;shutter_speed&quot;:&quot;0.004&quot;,&quot;title&quot;:&quot;&quot;,&quot;orientation&quot;:&quot;1&quot;}\" data-image-title=\"DSC08356\" data-image-description=\"\" data-image-caption=\"\" data-large-file=\"https:\/\/cloud.alqueria.es\/wp-content\/uploads\/sites\/12\/2024\/06\/DSC08356.jpg\" \/><\/a>\n\t\t\t<\/div><\/figure><figure class='gallery-item'>\n\t\t\t<div class='gallery-icon portrait'>\n\t\t\t\t<a href='https:\/\/www.alqueria.es\/blogs\/alqueriaartistica\/2024\/06\/20\/fiesta-fin-de-curso-la-prehistoria\/dsc08357\/'><img decoding=\"async\" width=\"474\" height=\"632\" src=\"https:\/\/cloud.alqueria.es\/wp-content\/uploads\/sites\/12\/2024\/06\/DSC08357.jpg\" class=\"attachment-large size-large\" alt=\"\" srcset=\"https:\/\/cloud.alqueria.es\/wp-content\/uploads\/sites\/12\/2024\/06\/DSC08357.jpg 480w, https:\/\/cloud.alqueria.es\/wp-content\/uploads\/sites\/12\/2024\/06\/DSC08357-225x300.jpg 225w\" sizes=\"(max-width: 474px) 100vw, 474px\" data-attachment-id=\"41866\" data-permalink=\"https:\/\/www.alqueria.es\/blogs\/alqueriaartistica\/2024\/06\/20\/fiesta-fin-de-curso-la-prehistoria\/dsc08357\/\" data-orig-file=\"https:\/\/cloud.alqueria.es\/wp-content\/uploads\/sites\/12\/2024\/06\/DSC08357.jpg\" data-orig-size=\"480,640\" data-comments-opened=\"1\" data-image-meta=\"{&quot;aperture&quot;:&quot;3&quot;,&quot;credit&quot;:&quot;&quot;,&quot;camera&quot;:&quot;DSC-W510&quot;,&quot;caption&quot;:&quot;&quot;,&quot;created_timestamp&quot;:&quot;1718789256&quot;,&quot;copyright&quot;:&quot;Copyright 2009&quot;,&quot;focal_length&quot;:&quot;5.6&quot;,&quot;iso&quot;:&quot;100&quot;,&quot;shutter_speed&quot;:&quot;0.004&quot;,&quot;title&quot;:&quot;&quot;,&quot;orientation&quot;:&quot;1&quot;}\" data-image-title=\"DSC08357\" data-image-description=\"\" data-image-caption=\"\" data-large-file=\"https:\/\/cloud.alqueria.es\/wp-content\/uploads\/sites\/12\/2024\/06\/DSC08357.jpg\" \/><\/a>\n\t\t\t<\/div><\/figure><figure class='gallery-item'>\n\t\t\t<div class='gallery-icon portrait'>\n\t\t\t\t<a href='https:\/\/www.alqueria.es\/blogs\/alqueriaartistica\/2024\/06\/20\/fiesta-fin-de-curso-la-prehistoria\/dsc08358\/'><img decoding=\"async\" width=\"474\" height=\"632\" src=\"https:\/\/cloud.alqueria.es\/wp-content\/uploads\/sites\/12\/2024\/06\/DSC08358.jpg\" class=\"attachment-large size-large\" alt=\"\" srcset=\"https:\/\/cloud.alqueria.es\/wp-content\/uploads\/sites\/12\/2024\/06\/DSC08358.jpg 480w, https:\/\/cloud.alqueria.es\/wp-content\/uploads\/sites\/12\/2024\/06\/DSC08358-225x300.jpg 225w\" sizes=\"(max-width: 474px) 100vw, 474px\" data-attachment-id=\"41867\" data-permalink=\"https:\/\/www.alqueria.es\/blogs\/alqueriaartistica\/2024\/06\/20\/fiesta-fin-de-curso-la-prehistoria\/dsc08358\/\" data-orig-file=\"https:\/\/cloud.alqueria.es\/wp-content\/uploads\/sites\/12\/2024\/06\/DSC08358.jpg\" data-orig-size=\"480,640\" data-comments-opened=\"1\" data-image-meta=\"{&quot;aperture&quot;:&quot;3&quot;,&quot;credit&quot;:&quot;&quot;,&quot;camera&quot;:&quot;DSC-W510&quot;,&quot;caption&quot;:&quot;&quot;,&quot;created_timestamp&quot;:&quot;1718789262&quot;,&quot;copyright&quot;:&quot;Copyright 2009&quot;,&quot;focal_length&quot;:&quot;5.6&quot;,&quot;iso&quot;:&quot;100&quot;,&quot;shutter_speed&quot;:&quot;0.004&quot;,&quot;title&quot;:&quot;&quot;,&quot;orientation&quot;:&quot;1&quot;}\" data-image-title=\"DSC08358\" data-image-description=\"\" data-image-caption=\"\" data-large-file=\"https:\/\/cloud.alqueria.es\/wp-content\/uploads\/sites\/12\/2024\/06\/DSC08358.jpg\" \/><\/a>\n\t\t\t<\/div><\/figure><figure class='gallery-item'>\n\t\t\t<div class='gallery-icon portrait'>\n\t\t\t\t<a href='https:\/\/www.alqueria.es\/blogs\/alqueriaartistica\/2024\/06\/20\/fiesta-fin-de-curso-la-prehistoria\/dsc08359\/'><img decoding=\"async\" width=\"458\" height=\"600\" src=\"https:\/\/cloud.alqueria.es\/wp-content\/uploads\/sites\/12\/2024\/06\/DSC08359.jpg\" class=\"attachment-large size-large\" alt=\"\" srcset=\"https:\/\/cloud.alqueria.es\/wp-content\/uploads\/sites\/12\/2024\/06\/DSC08359.jpg 458w, https:\/\/cloud.alqueria.es\/wp-content\/uploads\/sites\/12\/2024\/06\/DSC08359-229x300.jpg 229w\" sizes=\"(max-width: 458px) 100vw, 458px\" data-attachment-id=\"41868\" data-permalink=\"https:\/\/www.alqueria.es\/blogs\/alqueriaartistica\/2024\/06\/20\/fiesta-fin-de-curso-la-prehistoria\/dsc08359\/\" data-orig-file=\"https:\/\/cloud.alqueria.es\/wp-content\/uploads\/sites\/12\/2024\/06\/DSC08359.jpg\" data-orig-size=\"458,600\" data-comments-opened=\"1\" data-image-meta=\"{&quot;aperture&quot;:&quot;3&quot;,&quot;credit&quot;:&quot;&quot;,&quot;camera&quot;:&quot;DSC-W510&quot;,&quot;caption&quot;:&quot;&quot;,&quot;created_timestamp&quot;:&quot;1718789272&quot;,&quot;copyright&quot;:&quot;Copyright 2009&quot;,&quot;focal_length&quot;:&quot;5.6&quot;,&quot;iso&quot;:&quot;100&quot;,&quot;shutter_speed&quot;:&quot;0.004&quot;,&quot;title&quot;:&quot;&quot;,&quot;orientation&quot;:&quot;1&quot;}\" data-image-title=\"DSC08359\" data-image-description=\"\" data-image-caption=\"\" data-large-file=\"https:\/\/cloud.alqueria.es\/wp-content\/uploads\/sites\/12\/2024\/06\/DSC08359.jpg\" \/><\/a>\n\t\t\t<\/div><\/figure><figure class='gallery-item'>\n\t\t\t<div class='gallery-icon portrait'>\n\t\t\t\t<a href='https:\/\/www.alqueria.es\/blogs\/alqueriaartistica\/2024\/06\/20\/fiesta-fin-de-curso-la-prehistoria\/dsc08361\/'><img decoding=\"async\" width=\"474\" height=\"632\" src=\"https:\/\/cloud.alqueria.es\/wp-content\/uploads\/sites\/12\/2024\/06\/DSC08361.jpg\" class=\"attachment-large size-large\" alt=\"\" srcset=\"https:\/\/cloud.alqueria.es\/wp-content\/uploads\/sites\/12\/2024\/06\/DSC08361.jpg 480w, https:\/\/cloud.alqueria.es\/wp-content\/uploads\/sites\/12\/2024\/06\/DSC08361-225x300.jpg 225w\" sizes=\"(max-width: 474px) 100vw, 474px\" data-attachment-id=\"41870\" data-permalink=\"https:\/\/www.alqueria.es\/blogs\/alqueriaartistica\/2024\/06\/20\/fiesta-fin-de-curso-la-prehistoria\/dsc08361\/\" data-orig-file=\"https:\/\/cloud.alqueria.es\/wp-content\/uploads\/sites\/12\/2024\/06\/DSC08361.jpg\" data-orig-size=\"480,640\" data-comments-opened=\"1\" data-image-meta=\"{&quot;aperture&quot;:&quot;3&quot;,&quot;credit&quot;:&quot;&quot;,&quot;camera&quot;:&quot;DSC-W510&quot;,&quot;caption&quot;:&quot;&quot;,&quot;created_timestamp&quot;:&quot;1718789290&quot;,&quot;copyright&quot;:&quot;Copyright 2009&quot;,&quot;focal_length&quot;:&quot;5.6&quot;,&quot;iso&quot;:&quot;100&quot;,&quot;shutter_speed&quot;:&quot;0.004&quot;,&quot;title&quot;:&quot;&quot;,&quot;orientation&quot;:&quot;1&quot;}\" data-image-title=\"DSC08361\" data-image-description=\"\" data-image-caption=\"\" data-large-file=\"https:\/\/cloud.alqueria.es\/wp-content\/uploads\/sites\/12\/2024\/06\/DSC08361.jpg\" \/><\/a>\n\t\t\t<\/div><\/figure><figure class='gallery-item'>\n\t\t\t<div class='gallery-icon portrait'>\n\t\t\t\t<a href='https:\/\/www.alqueria.es\/blogs\/alqueriaartistica\/2024\/06\/20\/fiesta-fin-de-curso-la-prehistoria\/dsc08353\/'><img decoding=\"async\" width=\"474\" height=\"632\" src=\"https:\/\/cloud.alqueria.es\/wp-content\/uploads\/sites\/12\/2024\/06\/DSC08353.jpg\" class=\"attachment-large size-large\" alt=\"\" srcset=\"https:\/\/cloud.alqueria.es\/wp-content\/uploads\/sites\/12\/2024\/06\/DSC08353.jpg 480w, https:\/\/cloud.alqueria.es\/wp-content\/uploads\/sites\/12\/2024\/06\/DSC08353-225x300.jpg 225w\" sizes=\"(max-width: 474px) 100vw, 474px\" data-attachment-id=\"41862\" data-permalink=\"https:\/\/www.alqueria.es\/blogs\/alqueriaartistica\/2024\/06\/20\/fiesta-fin-de-curso-la-prehistoria\/dsc08353\/\" data-orig-file=\"https:\/\/cloud.alqueria.es\/wp-content\/uploads\/sites\/12\/2024\/06\/DSC08353.jpg\" data-orig-size=\"480,640\" data-comments-opened=\"1\" data-image-meta=\"{&quot;aperture&quot;:&quot;2.8&quot;,&quot;credit&quot;:&quot;&quot;,&quot;camera&quot;:&quot;DSC-W510&quot;,&quot;caption&quot;:&quot;&quot;,&quot;created_timestamp&quot;:&quot;1718789208&quot;,&quot;copyright&quot;:&quot;Copyright 2009&quot;,&quot;focal_length&quot;:&quot;4.7&quot;,&quot;iso&quot;:&quot;100&quot;,&quot;shutter_speed&quot;:&quot;0.004&quot;,&quot;title&quot;:&quot;&quot;,&quot;orientation&quot;:&quot;1&quot;}\" data-image-title=\"DSC08353\" data-image-description=\"\" data-image-caption=\"\" data-large-file=\"https:\/\/cloud.alqueria.es\/wp-content\/uploads\/sites\/12\/2024\/06\/DSC08353.jpg\" \/><\/a>\n\t\t\t<\/div><\/figure><figure class='gallery-item'>\n\t\t\t<div class='gallery-icon portrait'>\n\t\t\t\t<a href='https:\/\/www.alqueria.es\/blogs\/alqueriaartistica\/2024\/06\/20\/fiesta-fin-de-curso-la-prehistoria\/dsc08360\/'><img decoding=\"async\" width=\"474\" height=\"632\" src=\"https:\/\/cloud.alqueria.es\/wp-content\/uploads\/sites\/12\/2024\/06\/DSC08360.jpg\" class=\"attachment-large size-large\" alt=\"\" srcset=\"https:\/\/cloud.alqueria.es\/wp-content\/uploads\/sites\/12\/2024\/06\/DSC08360.jpg 480w, https:\/\/cloud.alqueria.es\/wp-content\/uploads\/sites\/12\/2024\/06\/DSC08360-225x300.jpg 225w\" sizes=\"(max-width: 474px) 100vw, 474px\" data-attachment-id=\"41869\" data-permalink=\"https:\/\/www.alqueria.es\/blogs\/alqueriaartistica\/2024\/06\/20\/fiesta-fin-de-curso-la-prehistoria\/dsc08360\/\" data-orig-file=\"https:\/\/cloud.alqueria.es\/wp-content\/uploads\/sites\/12\/2024\/06\/DSC08360.jpg\" data-orig-size=\"480,640\" data-comments-opened=\"1\" data-image-meta=\"{&quot;aperture&quot;:&quot;3&quot;,&quot;credit&quot;:&quot;&quot;,&quot;camera&quot;:&quot;DSC-W510&quot;,&quot;caption&quot;:&quot;&quot;,&quot;created_timestamp&quot;:&quot;1718789284&quot;,&quot;copyright&quot;:&quot;Copyright 2009&quot;,&quot;focal_length&quot;:&quot;5.6&quot;,&quot;iso&quot;:&quot;100&quot;,&quot;shutter_speed&quot;:&quot;0.004&quot;,&quot;title&quot;:&quot;&quot;,&quot;orientation&quot;:&quot;1&quot;}\" data-image-title=\"DSC08360\" data-image-description=\"\" data-image-caption=\"\" data-large-file=\"https:\/\/cloud.alqueria.es\/wp-content\/uploads\/sites\/12\/2024\/06\/DSC08360.jpg\" \/><\/a>\n\t\t\t<\/div><\/figure><figure class='gallery-item'>\n\t\t\t<div class='gallery-icon portrait'>\n\t\t\t\t<a href='https:\/\/www.alqueria.es\/blogs\/alqueriaartistica\/2024\/06\/20\/fiesta-fin-de-curso-la-prehistoria\/dsc08362\/'><img decoding=\"async\" width=\"474\" height=\"632\" src=\"https:\/\/cloud.alqueria.es\/wp-content\/uploads\/sites\/12\/2024\/06\/DSC08362.jpg\" class=\"attachment-large size-large\" alt=\"\" srcset=\"https:\/\/cloud.alqueria.es\/wp-content\/uploads\/sites\/12\/2024\/06\/DSC08362.jpg 480w, https:\/\/cloud.alqueria.es\/wp-content\/uploads\/sites\/12\/2024\/06\/DSC08362-225x300.jpg 225w\" sizes=\"(max-width: 474px) 100vw, 474px\" data-attachment-id=\"41871\" data-permalink=\"https:\/\/www.alqueria.es\/blogs\/alqueriaartistica\/2024\/06\/20\/fiesta-fin-de-curso-la-prehistoria\/dsc08362\/\" data-orig-file=\"https:\/\/cloud.alqueria.es\/wp-content\/uploads\/sites\/12\/2024\/06\/DSC08362.jpg\" data-orig-size=\"480,640\" data-comments-opened=\"1\" data-image-meta=\"{&quot;aperture&quot;:&quot;3&quot;,&quot;credit&quot;:&quot;&quot;,&quot;camera&quot;:&quot;DSC-W510&quot;,&quot;caption&quot;:&quot;&quot;,&quot;created_timestamp&quot;:&quot;1718789295&quot;,&quot;copyright&quot;:&quot;Copyright 2009&quot;,&quot;focal_length&quot;:&quot;5.6&quot;,&quot;iso&quot;:&quot;100&quot;,&quot;shutter_speed&quot;:&quot;0.004&quot;,&quot;title&quot;:&quot;&quot;,&quot;orientation&quot;:&quot;1&quot;}\" data-image-title=\"DSC08362\" data-image-description=\"\" data-image-caption=\"\" data-large-file=\"https:\/\/cloud.alqueria.es\/wp-content\/uploads\/sites\/12\/2024\/06\/DSC08362.jpg\" \/><\/a>\n\t\t\t<\/div><\/figure>\n\t\t<\/div>\n\n<div data-carousel-extra='{&quot;blog_id&quot;:12,&quot;permalink&quot;:&quot;https:\/\/www.alqueria.es\/blogs\/alqueriaartistica\/2024\/06\/20\/fiesta-fin-de-curso-la-prehistoria\/&quot;}' id='gallery-5' class='gallery galleryid-41796 gallery-columns-3 gallery-size-full'><figure class='gallery-item'>\n\t\t\t<div class='gallery-icon landscape'>\n\t\t\t\t<a href='https:\/\/www.alqueria.es\/blogs\/alqueriaartistica\/2024\/06\/20\/fiesta-fin-de-curso-la-prehistoria\/dsc08363\/'><img decoding=\"async\" width=\"640\" height=\"480\" src=\"https:\/\/cloud.alqueria.es\/wp-content\/uploads\/sites\/12\/2024\/06\/DSC08363.jpg\" class=\"attachment-full size-full\" alt=\"\" srcset=\"https:\/\/cloud.alqueria.es\/wp-content\/uploads\/sites\/12\/2024\/06\/DSC08363.jpg 640w, https:\/\/cloud.alqueria.es\/wp-content\/uploads\/sites\/12\/2024\/06\/DSC08363-300x225.jpg 300w\" sizes=\"(max-width: 640px) 100vw, 640px\" data-attachment-id=\"41872\" data-permalink=\"https:\/\/www.alqueria.es\/blogs\/alqueriaartistica\/2024\/06\/20\/fiesta-fin-de-curso-la-prehistoria\/dsc08363\/\" data-orig-file=\"https:\/\/cloud.alqueria.es\/wp-content\/uploads\/sites\/12\/2024\/06\/DSC08363.jpg\" data-orig-size=\"640,480\" data-comments-opened=\"1\" data-image-meta=\"{&quot;aperture&quot;:&quot;3&quot;,&quot;credit&quot;:&quot;&quot;,&quot;camera&quot;:&quot;DSC-W510&quot;,&quot;caption&quot;:&quot;&quot;,&quot;created_timestamp&quot;:&quot;1718789334&quot;,&quot;copyright&quot;:&quot;Copyright 2009&quot;,&quot;focal_length&quot;:&quot;5.6&quot;,&quot;iso&quot;:&quot;100&quot;,&quot;shutter_speed&quot;:&quot;0.004&quot;,&quot;title&quot;:&quot;&quot;,&quot;orientation&quot;:&quot;1&quot;}\" data-image-title=\"DSC08363\" data-image-description=\"\" data-image-caption=\"\" data-large-file=\"https:\/\/cloud.alqueria.es\/wp-content\/uploads\/sites\/12\/2024\/06\/DSC08363.jpg\" \/><\/a>\n\t\t\t<\/div><\/figure><figure class='gallery-item'>\n\t\t\t<div class='gallery-icon landscape'>\n\t\t\t\t<a href='https:\/\/www.alqueria.es\/blogs\/alqueriaartistica\/2024\/06\/20\/fiesta-fin-de-curso-la-prehistoria\/dsc08364\/'><img decoding=\"async\" width=\"610\" height=\"448\" src=\"https:\/\/cloud.alqueria.es\/wp-content\/uploads\/sites\/12\/2024\/06\/DSC08364.jpg\" class=\"attachment-full size-full\" alt=\"\" srcset=\"https:\/\/cloud.alqueria.es\/wp-content\/uploads\/sites\/12\/2024\/06\/DSC08364.jpg 610w, https:\/\/cloud.alqueria.es\/wp-content\/uploads\/sites\/12\/2024\/06\/DSC08364-300x220.jpg 300w\" sizes=\"(max-width: 610px) 100vw, 610px\" data-attachment-id=\"41873\" data-permalink=\"https:\/\/www.alqueria.es\/blogs\/alqueriaartistica\/2024\/06\/20\/fiesta-fin-de-curso-la-prehistoria\/dsc08364\/\" data-orig-file=\"https:\/\/cloud.alqueria.es\/wp-content\/uploads\/sites\/12\/2024\/06\/DSC08364.jpg\" data-orig-size=\"610,448\" data-comments-opened=\"1\" data-image-meta=\"{&quot;aperture&quot;:&quot;2.8&quot;,&quot;credit&quot;:&quot;&quot;,&quot;camera&quot;:&quot;DSC-W510&quot;,&quot;caption&quot;:&quot;&quot;,&quot;created_timestamp&quot;:&quot;1718789360&quot;,&quot;copyright&quot;:&quot;Copyright 2009&quot;,&quot;focal_length&quot;:&quot;4.7&quot;,&quot;iso&quot;:&quot;100&quot;,&quot;shutter_speed&quot;:&quot;0.004&quot;,&quot;title&quot;:&quot;&quot;,&quot;orientation&quot;:&quot;1&quot;}\" data-image-title=\"DSC08364\" data-image-description=\"\" data-image-caption=\"\" data-large-file=\"https:\/\/cloud.alqueria.es\/wp-content\/uploads\/sites\/12\/2024\/06\/DSC08364.jpg\" \/><\/a>\n\t\t\t<\/div><\/figure><figure class='gallery-item'>\n\t\t\t<div class='gallery-icon landscape'>\n\t\t\t\t<a href='https:\/\/www.alqueria.es\/blogs\/alqueriaartistica\/2024\/06\/20\/fiesta-fin-de-curso-la-prehistoria\/dsc08365\/'><img decoding=\"async\" width=\"640\" height=\"480\" src=\"https:\/\/cloud.alqueria.es\/wp-content\/uploads\/sites\/12\/2024\/06\/DSC08365.jpg\" class=\"attachment-full size-full\" alt=\"\" srcset=\"https:\/\/cloud.alqueria.es\/wp-content\/uploads\/sites\/12\/2024\/06\/DSC08365.jpg 640w, https:\/\/cloud.alqueria.es\/wp-content\/uploads\/sites\/12\/2024\/06\/DSC08365-300x225.jpg 300w\" sizes=\"(max-width: 640px) 100vw, 640px\" data-attachment-id=\"41874\" data-permalink=\"https:\/\/www.alqueria.es\/blogs\/alqueriaartistica\/2024\/06\/20\/fiesta-fin-de-curso-la-prehistoria\/dsc08365\/\" data-orig-file=\"https:\/\/cloud.alqueria.es\/wp-content\/uploads\/sites\/12\/2024\/06\/DSC08365.jpg\" data-orig-size=\"640,480\" data-comments-opened=\"1\" data-image-meta=\"{&quot;aperture&quot;:&quot;2.8&quot;,&quot;credit&quot;:&quot;&quot;,&quot;camera&quot;:&quot;DSC-W510&quot;,&quot;caption&quot;:&quot;&quot;,&quot;created_timestamp&quot;:&quot;1718789369&quot;,&quot;copyright&quot;:&quot;Copyright 2009&quot;,&quot;focal_length&quot;:&quot;4.7&quot;,&quot;iso&quot;:&quot;80&quot;,&quot;shutter_speed&quot;:&quot;0.004&quot;,&quot;title&quot;:&quot;&quot;,&quot;orientation&quot;:&quot;1&quot;}\" data-image-title=\"DSC08365\" data-image-description=\"\" data-image-caption=\"\" data-large-file=\"https:\/\/cloud.alqueria.es\/wp-content\/uploads\/sites\/12\/2024\/06\/DSC08365.jpg\" \/><\/a>\n\t\t\t<\/div><\/figure><figure class='gallery-item'>\n\t\t\t<div class='gallery-icon landscape'>\n\t\t\t\t<a href='https:\/\/www.alqueria.es\/blogs\/alqueriaartistica\/2024\/06\/20\/fiesta-fin-de-curso-la-prehistoria\/dsc08366\/'><img decoding=\"async\" width=\"622\" height=\"458\" src=\"https:\/\/cloud.alqueria.es\/wp-content\/uploads\/sites\/12\/2024\/06\/DSC08366.jpg\" class=\"attachment-full size-full\" alt=\"\" srcset=\"https:\/\/cloud.alqueria.es\/wp-content\/uploads\/sites\/12\/2024\/06\/DSC08366.jpg 622w, https:\/\/cloud.alqueria.es\/wp-content\/uploads\/sites\/12\/2024\/06\/DSC08366-300x221.jpg 300w\" sizes=\"(max-width: 622px) 100vw, 622px\" data-attachment-id=\"41875\" data-permalink=\"https:\/\/www.alqueria.es\/blogs\/alqueriaartistica\/2024\/06\/20\/fiesta-fin-de-curso-la-prehistoria\/dsc08366\/\" data-orig-file=\"https:\/\/cloud.alqueria.es\/wp-content\/uploads\/sites\/12\/2024\/06\/DSC08366.jpg\" data-orig-size=\"622,458\" data-comments-opened=\"1\" data-image-meta=\"{&quot;aperture&quot;:&quot;2.8&quot;,&quot;credit&quot;:&quot;&quot;,&quot;camera&quot;:&quot;DSC-W510&quot;,&quot;caption&quot;:&quot;&quot;,&quot;created_timestamp&quot;:&quot;1718789378&quot;,&quot;copyright&quot;:&quot;Copyright 2009&quot;,&quot;focal_length&quot;:&quot;4.7&quot;,&quot;iso&quot;:&quot;100&quot;,&quot;shutter_speed&quot;:&quot;0.004&quot;,&quot;title&quot;:&quot;&quot;,&quot;orientation&quot;:&quot;1&quot;}\" data-image-title=\"DSC08366\" data-image-description=\"\" data-image-caption=\"\" data-large-file=\"https:\/\/cloud.alqueria.es\/wp-content\/uploads\/sites\/12\/2024\/06\/DSC08366.jpg\" \/><\/a>\n\t\t\t<\/div><\/figure><figure class='gallery-item'>\n\t\t\t<div class='gallery-icon landscape'>\n\t\t\t\t<a href='https:\/\/www.alqueria.es\/blogs\/alqueriaartistica\/2024\/06\/20\/fiesta-fin-de-curso-la-prehistoria\/dsc08367\/'><img decoding=\"async\" width=\"640\" height=\"480\" src=\"https:\/\/cloud.alqueria.es\/wp-content\/uploads\/sites\/12\/2024\/06\/DSC08367.jpg\" class=\"attachment-full size-full\" alt=\"\" srcset=\"https:\/\/cloud.alqueria.es\/wp-content\/uploads\/sites\/12\/2024\/06\/DSC08367.jpg 640w, https:\/\/cloud.alqueria.es\/wp-content\/uploads\/sites\/12\/2024\/06\/DSC08367-300x225.jpg 300w\" sizes=\"(max-width: 640px) 100vw, 640px\" data-attachment-id=\"41876\" data-permalink=\"https:\/\/www.alqueria.es\/blogs\/alqueriaartistica\/2024\/06\/20\/fiesta-fin-de-curso-la-prehistoria\/dsc08367\/\" data-orig-file=\"https:\/\/cloud.alqueria.es\/wp-content\/uploads\/sites\/12\/2024\/06\/DSC08367.jpg\" data-orig-size=\"640,480\" data-comments-opened=\"1\" data-image-meta=\"{&quot;aperture&quot;:&quot;2.8&quot;,&quot;credit&quot;:&quot;&quot;,&quot;camera&quot;:&quot;DSC-W510&quot;,&quot;caption&quot;:&quot;&quot;,&quot;created_timestamp&quot;:&quot;1718789389&quot;,&quot;copyright&quot;:&quot;Copyright 2009&quot;,&quot;focal_length&quot;:&quot;4.7&quot;,&quot;iso&quot;:&quot;100&quot;,&quot;shutter_speed&quot;:&quot;0.004&quot;,&quot;title&quot;:&quot;&quot;,&quot;orientation&quot;:&quot;1&quot;}\" data-image-title=\"DSC08367\" data-image-description=\"\" data-image-caption=\"\" data-large-file=\"https:\/\/cloud.alqueria.es\/wp-content\/uploads\/sites\/12\/2024\/06\/DSC08367.jpg\" \/><\/a>\n\t\t\t<\/div><\/figure><figure class='gallery-item'>\n\t\t\t<div class='gallery-icon landscape'>\n\t\t\t\t<a href='https:\/\/www.alqueria.es\/blogs\/alqueriaartistica\/2024\/06\/20\/fiesta-fin-de-curso-la-prehistoria\/dsc08368\/'><img decoding=\"async\" width=\"640\" height=\"480\" src=\"https:\/\/cloud.alqueria.es\/wp-content\/uploads\/sites\/12\/2024\/06\/DSC08368.jpg\" class=\"attachment-full size-full\" alt=\"\" srcset=\"https:\/\/cloud.alqueria.es\/wp-content\/uploads\/sites\/12\/2024\/06\/DSC08368.jpg 640w, https:\/\/cloud.alqueria.es\/wp-content\/uploads\/sites\/12\/2024\/06\/DSC08368-300x225.jpg 300w\" sizes=\"(max-width: 640px) 100vw, 640px\" data-attachment-id=\"41877\" data-permalink=\"https:\/\/www.alqueria.es\/blogs\/alqueriaartistica\/2024\/06\/20\/fiesta-fin-de-curso-la-prehistoria\/dsc08368\/\" data-orig-file=\"https:\/\/cloud.alqueria.es\/wp-content\/uploads\/sites\/12\/2024\/06\/DSC08368.jpg\" data-orig-size=\"640,480\" data-comments-opened=\"1\" data-image-meta=\"{&quot;aperture&quot;:&quot;2.8&quot;,&quot;credit&quot;:&quot;&quot;,&quot;camera&quot;:&quot;DSC-W510&quot;,&quot;caption&quot;:&quot;&quot;,&quot;created_timestamp&quot;:&quot;1718789396&quot;,&quot;copyright&quot;:&quot;Copyright 2009&quot;,&quot;focal_length&quot;:&quot;4.7&quot;,&quot;iso&quot;:&quot;80&quot;,&quot;shutter_speed&quot;:&quot;0.004&quot;,&quot;title&quot;:&quot;&quot;,&quot;orientation&quot;:&quot;1&quot;}\" data-image-title=\"DSC08368\" data-image-description=\"\" data-image-caption=\"\" data-large-file=\"https:\/\/cloud.alqueria.es\/wp-content\/uploads\/sites\/12\/2024\/06\/DSC08368.jpg\" \/><\/a>\n\t\t\t<\/div><\/figure><figure class='gallery-item'>\n\t\t\t<div class='gallery-icon landscape'>\n\t\t\t\t<a href='https:\/\/www.alqueria.es\/blogs\/alqueriaartistica\/2024\/06\/20\/fiesta-fin-de-curso-la-prehistoria\/dsc08369\/'><img decoding=\"async\" width=\"627\" height=\"439\" src=\"https:\/\/cloud.alqueria.es\/wp-content\/uploads\/sites\/12\/2024\/06\/DSC08369.jpg\" class=\"attachment-full size-full\" alt=\"\" srcset=\"https:\/\/cloud.alqueria.es\/wp-content\/uploads\/sites\/12\/2024\/06\/DSC08369.jpg 627w, https:\/\/cloud.alqueria.es\/wp-content\/uploads\/sites\/12\/2024\/06\/DSC08369-300x210.jpg 300w\" sizes=\"(max-width: 627px) 100vw, 627px\" data-attachment-id=\"41878\" data-permalink=\"https:\/\/www.alqueria.es\/blogs\/alqueriaartistica\/2024\/06\/20\/fiesta-fin-de-curso-la-prehistoria\/dsc08369\/\" data-orig-file=\"https:\/\/cloud.alqueria.es\/wp-content\/uploads\/sites\/12\/2024\/06\/DSC08369.jpg\" data-orig-size=\"627,439\" data-comments-opened=\"1\" data-image-meta=\"{&quot;aperture&quot;:&quot;2.8&quot;,&quot;credit&quot;:&quot;&quot;,&quot;camera&quot;:&quot;DSC-W510&quot;,&quot;caption&quot;:&quot;&quot;,&quot;created_timestamp&quot;:&quot;1718789407&quot;,&quot;copyright&quot;:&quot;Copyright 2009&quot;,&quot;focal_length&quot;:&quot;4.7&quot;,&quot;iso&quot;:&quot;80&quot;,&quot;shutter_speed&quot;:&quot;0.004&quot;,&quot;title&quot;:&quot;&quot;,&quot;orientation&quot;:&quot;1&quot;}\" data-image-title=\"DSC08369\" data-image-description=\"\" data-image-caption=\"\" data-large-file=\"https:\/\/cloud.alqueria.es\/wp-content\/uploads\/sites\/12\/2024\/06\/DSC08369.jpg\" \/><\/a>\n\t\t\t<\/div><\/figure><figure class='gallery-item'>\n\t\t\t<div class='gallery-icon landscape'>\n\t\t\t\t<a href='https:\/\/www.alqueria.es\/blogs\/alqueriaartistica\/2024\/06\/20\/fiesta-fin-de-curso-la-prehistoria\/dsc08370\/'><img decoding=\"async\" width=\"634\" height=\"455\" src=\"https:\/\/cloud.alqueria.es\/wp-content\/uploads\/sites\/12\/2024\/06\/DSC08370.jpg\" class=\"attachment-full size-full\" alt=\"\" srcset=\"https:\/\/cloud.alqueria.es\/wp-content\/uploads\/sites\/12\/2024\/06\/DSC08370.jpg 634w, https:\/\/cloud.alqueria.es\/wp-content\/uploads\/sites\/12\/2024\/06\/DSC08370-300x215.jpg 300w\" sizes=\"(max-width: 634px) 100vw, 634px\" data-attachment-id=\"41879\" data-permalink=\"https:\/\/www.alqueria.es\/blogs\/alqueriaartistica\/2024\/06\/20\/fiesta-fin-de-curso-la-prehistoria\/dsc08370\/\" data-orig-file=\"https:\/\/cloud.alqueria.es\/wp-content\/uploads\/sites\/12\/2024\/06\/DSC08370.jpg\" data-orig-size=\"634,455\" data-comments-opened=\"1\" data-image-meta=\"{&quot;aperture&quot;:&quot;2.8&quot;,&quot;credit&quot;:&quot;&quot;,&quot;camera&quot;:&quot;DSC-W510&quot;,&quot;caption&quot;:&quot;&quot;,&quot;created_timestamp&quot;:&quot;1718789419&quot;,&quot;copyright&quot;:&quot;Copyright 2009&quot;,&quot;focal_length&quot;:&quot;4.7&quot;,&quot;iso&quot;:&quot;100&quot;,&quot;shutter_speed&quot;:&quot;0.004&quot;,&quot;title&quot;:&quot;&quot;,&quot;orientation&quot;:&quot;1&quot;}\" data-image-title=\"DSC08370\" data-image-description=\"\" data-image-caption=\"\" data-large-file=\"https:\/\/cloud.alqueria.es\/wp-content\/uploads\/sites\/12\/2024\/06\/DSC08370.jpg\" \/><\/a>\n\t\t\t<\/div><\/figure><figure class='gallery-item'>\n\t\t\t<div class='gallery-icon landscape'>\n\t\t\t\t<a href='https:\/\/www.alqueria.es\/blogs\/alqueriaartistica\/2024\/06\/20\/fiesta-fin-de-curso-la-prehistoria\/dsc08371\/'><img decoding=\"async\" width=\"634\" height=\"454\" src=\"https:\/\/cloud.alqueria.es\/wp-content\/uploads\/sites\/12\/2024\/06\/DSC08371.jpg\" class=\"attachment-full size-full\" alt=\"\" srcset=\"https:\/\/cloud.alqueria.es\/wp-content\/uploads\/sites\/12\/2024\/06\/DSC08371.jpg 634w, https:\/\/cloud.alqueria.es\/wp-content\/uploads\/sites\/12\/2024\/06\/DSC08371-300x215.jpg 300w\" sizes=\"(max-width: 634px) 100vw, 634px\" data-attachment-id=\"41880\" data-permalink=\"https:\/\/www.alqueria.es\/blogs\/alqueriaartistica\/2024\/06\/20\/fiesta-fin-de-curso-la-prehistoria\/dsc08371\/\" data-orig-file=\"https:\/\/cloud.alqueria.es\/wp-content\/uploads\/sites\/12\/2024\/06\/DSC08371.jpg\" data-orig-size=\"634,454\" data-comments-opened=\"1\" data-image-meta=\"{&quot;aperture&quot;:&quot;2.8&quot;,&quot;credit&quot;:&quot;&quot;,&quot;camera&quot;:&quot;DSC-W510&quot;,&quot;caption&quot;:&quot;&quot;,&quot;created_timestamp&quot;:&quot;1718789428&quot;,&quot;copyright&quot;:&quot;Copyright 2009&quot;,&quot;focal_length&quot;:&quot;4.7&quot;,&quot;iso&quot;:&quot;100&quot;,&quot;shutter_speed&quot;:&quot;0.004&quot;,&quot;title&quot;:&quot;&quot;,&quot;orientation&quot;:&quot;1&quot;}\" data-image-title=\"DSC08371\" data-image-description=\"\" data-image-caption=\"\" data-large-file=\"https:\/\/cloud.alqueria.es\/wp-content\/uploads\/sites\/12\/2024\/06\/DSC08371.jpg\" \/><\/a>\n\t\t\t<\/div><\/figure><figure class='gallery-item'>\n\t\t\t<div class='gallery-icon landscape'>\n\t\t\t\t<a href='https:\/\/www.alqueria.es\/blogs\/alqueriaartistica\/2024\/06\/20\/fiesta-fin-de-curso-la-prehistoria\/dsc08372\/'><img decoding=\"async\" width=\"633\" height=\"452\" src=\"https:\/\/cloud.alqueria.es\/wp-content\/uploads\/sites\/12\/2024\/06\/DSC08372.jpg\" class=\"attachment-full size-full\" alt=\"\" srcset=\"https:\/\/cloud.alqueria.es\/wp-content\/uploads\/sites\/12\/2024\/06\/DSC08372.jpg 633w, https:\/\/cloud.alqueria.es\/wp-content\/uploads\/sites\/12\/2024\/06\/DSC08372-300x214.jpg 300w\" sizes=\"(max-width: 633px) 100vw, 633px\" data-attachment-id=\"41881\" data-permalink=\"https:\/\/www.alqueria.es\/blogs\/alqueriaartistica\/2024\/06\/20\/fiesta-fin-de-curso-la-prehistoria\/dsc08372\/\" data-orig-file=\"https:\/\/cloud.alqueria.es\/wp-content\/uploads\/sites\/12\/2024\/06\/DSC08372.jpg\" data-orig-size=\"633,452\" data-comments-opened=\"1\" data-image-meta=\"{&quot;aperture&quot;:&quot;2.8&quot;,&quot;credit&quot;:&quot;&quot;,&quot;camera&quot;:&quot;DSC-W510&quot;,&quot;caption&quot;:&quot;&quot;,&quot;created_timestamp&quot;:&quot;1718789435&quot;,&quot;copyright&quot;:&quot;Copyright 2009&quot;,&quot;focal_length&quot;:&quot;4.7&quot;,&quot;iso&quot;:&quot;80&quot;,&quot;shutter_speed&quot;:&quot;0.004&quot;,&quot;title&quot;:&quot;&quot;,&quot;orientation&quot;:&quot;1&quot;}\" data-image-title=\"DSC08372\" data-image-description=\"\" data-image-caption=\"\" data-large-file=\"https:\/\/cloud.alqueria.es\/wp-content\/uploads\/sites\/12\/2024\/06\/DSC08372.jpg\" \/><\/a>\n\t\t\t<\/div><\/figure><figure class='gallery-item'>\n\t\t\t<div class='gallery-icon landscape'>\n\t\t\t\t<a href='https:\/\/www.alqueria.es\/blogs\/alqueriaartistica\/2024\/06\/20\/fiesta-fin-de-curso-la-prehistoria\/dsc08374\/'><img decoding=\"async\" width=\"630\" height=\"444\" src=\"https:\/\/cloud.alqueria.es\/wp-content\/uploads\/sites\/12\/2024\/06\/DSC08374.jpg\" class=\"attachment-full size-full\" alt=\"\" srcset=\"https:\/\/cloud.alqueria.es\/wp-content\/uploads\/sites\/12\/2024\/06\/DSC08374.jpg 630w, https:\/\/cloud.alqueria.es\/wp-content\/uploads\/sites\/12\/2024\/06\/DSC08374-300x211.jpg 300w\" sizes=\"(max-width: 630px) 100vw, 630px\" data-attachment-id=\"41883\" data-permalink=\"https:\/\/www.alqueria.es\/blogs\/alqueriaartistica\/2024\/06\/20\/fiesta-fin-de-curso-la-prehistoria\/dsc08374\/\" data-orig-file=\"https:\/\/cloud.alqueria.es\/wp-content\/uploads\/sites\/12\/2024\/06\/DSC08374.jpg\" data-orig-size=\"630,444\" data-comments-opened=\"1\" data-image-meta=\"{&quot;aperture&quot;:&quot;2.8&quot;,&quot;credit&quot;:&quot;&quot;,&quot;camera&quot;:&quot;DSC-W510&quot;,&quot;caption&quot;:&quot;&quot;,&quot;created_timestamp&quot;:&quot;1718789452&quot;,&quot;copyright&quot;:&quot;Copyright 2009&quot;,&quot;focal_length&quot;:&quot;4.7&quot;,&quot;iso&quot;:&quot;80&quot;,&quot;shutter_speed&quot;:&quot;0.004&quot;,&quot;title&quot;:&quot;&quot;,&quot;orientation&quot;:&quot;1&quot;}\" data-image-title=\"DSC08374\" data-image-description=\"\" data-image-caption=\"\" data-large-file=\"https:\/\/cloud.alqueria.es\/wp-content\/uploads\/sites\/12\/2024\/06\/DSC08374.jpg\" \/><\/a>\n\t\t\t<\/div><\/figure><figure class='gallery-item'>\n\t\t\t<div class='gallery-icon landscape'>\n\t\t\t\t<a href='https:\/\/www.alqueria.es\/blogs\/alqueriaartistica\/2024\/06\/20\/fiesta-fin-de-curso-la-prehistoria\/dsc08375\/'><img decoding=\"async\" width=\"640\" height=\"480\" src=\"https:\/\/cloud.alqueria.es\/wp-content\/uploads\/sites\/12\/2024\/06\/DSC08375.jpg\" class=\"attachment-full size-full\" alt=\"\" srcset=\"https:\/\/cloud.alqueria.es\/wp-content\/uploads\/sites\/12\/2024\/06\/DSC08375.jpg 640w, https:\/\/cloud.alqueria.es\/wp-content\/uploads\/sites\/12\/2024\/06\/DSC08375-300x225.jpg 300w\" sizes=\"(max-width: 640px) 100vw, 640px\" data-attachment-id=\"41884\" data-permalink=\"https:\/\/www.alqueria.es\/blogs\/alqueriaartistica\/2024\/06\/20\/fiesta-fin-de-curso-la-prehistoria\/dsc08375\/\" data-orig-file=\"https:\/\/cloud.alqueria.es\/wp-content\/uploads\/sites\/12\/2024\/06\/DSC08375.jpg\" data-orig-size=\"640,480\" data-comments-opened=\"1\" data-image-meta=\"{&quot;aperture&quot;:&quot;2.8&quot;,&quot;credit&quot;:&quot;&quot;,&quot;camera&quot;:&quot;DSC-W510&quot;,&quot;caption&quot;:&quot;&quot;,&quot;created_timestamp&quot;:&quot;1718789466&quot;,&quot;copyright&quot;:&quot;Copyright 2009&quot;,&quot;focal_length&quot;:&quot;4.7&quot;,&quot;iso&quot;:&quot;80&quot;,&quot;shutter_speed&quot;:&quot;0.004&quot;,&quot;title&quot;:&quot;&quot;,&quot;orientation&quot;:&quot;1&quot;}\" data-image-title=\"DSC08375\" data-image-description=\"\" data-image-caption=\"\" data-large-file=\"https:\/\/cloud.alqueria.es\/wp-content\/uploads\/sites\/12\/2024\/06\/DSC08375.jpg\" \/><\/a>\n\t\t\t<\/div><\/figure><figure class='gallery-item'>\n\t\t\t<div class='gallery-icon landscape'>\n\t\t\t\t<a href='https:\/\/www.alqueria.es\/blogs\/alqueriaartistica\/2024\/06\/20\/fiesta-fin-de-curso-la-prehistoria\/dsc08376\/'><img decoding=\"async\" width=\"640\" height=\"480\" src=\"https:\/\/cloud.alqueria.es\/wp-content\/uploads\/sites\/12\/2024\/06\/DSC08376.jpg\" class=\"attachment-full size-full\" alt=\"\" srcset=\"https:\/\/cloud.alqueria.es\/wp-content\/uploads\/sites\/12\/2024\/06\/DSC08376.jpg 640w, https:\/\/cloud.alqueria.es\/wp-content\/uploads\/sites\/12\/2024\/06\/DSC08376-300x225.jpg 300w\" sizes=\"(max-width: 640px) 100vw, 640px\" data-attachment-id=\"41885\" data-permalink=\"https:\/\/www.alqueria.es\/blogs\/alqueriaartistica\/2024\/06\/20\/fiesta-fin-de-curso-la-prehistoria\/dsc08376\/\" data-orig-file=\"https:\/\/cloud.alqueria.es\/wp-content\/uploads\/sites\/12\/2024\/06\/DSC08376.jpg\" data-orig-size=\"640,480\" data-comments-opened=\"1\" data-image-meta=\"{&quot;aperture&quot;:&quot;3&quot;,&quot;credit&quot;:&quot;&quot;,&quot;camera&quot;:&quot;DSC-W510&quot;,&quot;caption&quot;:&quot;&quot;,&quot;created_timestamp&quot;:&quot;1718789473&quot;,&quot;copyright&quot;:&quot;Copyright 2009&quot;,&quot;focal_length&quot;:&quot;5.6&quot;,&quot;iso&quot;:&quot;100&quot;,&quot;shutter_speed&quot;:&quot;0.004&quot;,&quot;title&quot;:&quot;&quot;,&quot;orientation&quot;:&quot;1&quot;}\" data-image-title=\"DSC08376\" data-image-description=\"\" data-image-caption=\"\" data-large-file=\"https:\/\/cloud.alqueria.es\/wp-content\/uploads\/sites\/12\/2024\/06\/DSC08376.jpg\" \/><\/a>\n\t\t\t<\/div><\/figure><figure class='gallery-item'>\n\t\t\t<div class='gallery-icon landscape'>\n\t\t\t\t<a href='https:\/\/www.alqueria.es\/blogs\/alqueriaartistica\/2024\/06\/20\/fiesta-fin-de-curso-la-prehistoria\/dsc08377\/'><img decoding=\"async\" width=\"640\" height=\"480\" src=\"https:\/\/cloud.alqueria.es\/wp-content\/uploads\/sites\/12\/2024\/06\/DSC08377.jpg\" class=\"attachment-full size-full\" alt=\"\" srcset=\"https:\/\/cloud.alqueria.es\/wp-content\/uploads\/sites\/12\/2024\/06\/DSC08377.jpg 640w, https:\/\/cloud.alqueria.es\/wp-content\/uploads\/sites\/12\/2024\/06\/DSC08377-300x225.jpg 300w\" sizes=\"(max-width: 640px) 100vw, 640px\" data-attachment-id=\"41886\" data-permalink=\"https:\/\/www.alqueria.es\/blogs\/alqueriaartistica\/2024\/06\/20\/fiesta-fin-de-curso-la-prehistoria\/dsc08377\/\" data-orig-file=\"https:\/\/cloud.alqueria.es\/wp-content\/uploads\/sites\/12\/2024\/06\/DSC08377.jpg\" data-orig-size=\"640,480\" data-comments-opened=\"1\" data-image-meta=\"{&quot;aperture&quot;:&quot;3&quot;,&quot;credit&quot;:&quot;&quot;,&quot;camera&quot;:&quot;DSC-W510&quot;,&quot;caption&quot;:&quot;&quot;,&quot;created_timestamp&quot;:&quot;1718789479&quot;,&quot;copyright&quot;:&quot;Copyright 2009&quot;,&quot;focal_length&quot;:&quot;5.6&quot;,&quot;iso&quot;:&quot;100&quot;,&quot;shutter_speed&quot;:&quot;0.004&quot;,&quot;title&quot;:&quot;&quot;,&quot;orientation&quot;:&quot;1&quot;}\" data-image-title=\"DSC08377\" data-image-description=\"\" data-image-caption=\"\" data-large-file=\"https:\/\/cloud.alqueria.es\/wp-content\/uploads\/sites\/12\/2024\/06\/DSC08377.jpg\" \/><\/a>\n\t\t\t<\/div><\/figure><figure class='gallery-item'>\n\t\t\t<div class='gallery-icon landscape'>\n\t\t\t\t<a href='https:\/\/www.alqueria.es\/blogs\/alqueriaartistica\/2024\/06\/20\/fiesta-fin-de-curso-la-prehistoria\/dsc08378\/'><img decoding=\"async\" width=\"640\" height=\"480\" src=\"https:\/\/cloud.alqueria.es\/wp-content\/uploads\/sites\/12\/2024\/06\/DSC08378.jpg\" class=\"attachment-full size-full\" alt=\"\" srcset=\"https:\/\/cloud.alqueria.es\/wp-content\/uploads\/sites\/12\/2024\/06\/DSC08378.jpg 640w, https:\/\/cloud.alqueria.es\/wp-content\/uploads\/sites\/12\/2024\/06\/DSC08378-300x225.jpg 300w\" sizes=\"(max-width: 640px) 100vw, 640px\" data-attachment-id=\"41887\" data-permalink=\"https:\/\/www.alqueria.es\/blogs\/alqueriaartistica\/2024\/06\/20\/fiesta-fin-de-curso-la-prehistoria\/dsc08378\/\" data-orig-file=\"https:\/\/cloud.alqueria.es\/wp-content\/uploads\/sites\/12\/2024\/06\/DSC08378.jpg\" data-orig-size=\"640,480\" data-comments-opened=\"1\" data-image-meta=\"{&quot;aperture&quot;:&quot;3&quot;,&quot;credit&quot;:&quot;&quot;,&quot;camera&quot;:&quot;DSC-W510&quot;,&quot;caption&quot;:&quot;&quot;,&quot;created_timestamp&quot;:&quot;1718789489&quot;,&quot;copyright&quot;:&quot;Copyright 2009&quot;,&quot;focal_length&quot;:&quot;5.6&quot;,&quot;iso&quot;:&quot;100&quot;,&quot;shutter_speed&quot;:&quot;0.004&quot;,&quot;title&quot;:&quot;&quot;,&quot;orientation&quot;:&quot;1&quot;}\" data-image-title=\"DSC08378\" data-image-description=\"\" data-image-caption=\"\" data-large-file=\"https:\/\/cloud.alqueria.es\/wp-content\/uploads\/sites\/12\/2024\/06\/DSC08378.jpg\" \/><\/a>\n\t\t\t<\/div><\/figure>\n\t\t<\/div>\n\n<div data-carousel-extra='{&quot;blog_id&quot;:12,&quot;permalink&quot;:&quot;https:\/\/www.alqueria.es\/blogs\/alqueriaartistica\/2024\/06\/20\/fiesta-fin-de-curso-la-prehistoria\/&quot;}' id='gallery-6' class='gallery galleryid-41796 gallery-columns-1 gallery-size-full'><figure class='gallery-item'>\n\t\t\t<div class='gallery-icon portrait'>\n\t\t\t\t<a href='https:\/\/www.alqueria.es\/blogs\/alqueriaartistica\/2024\/06\/20\/fiesta-fin-de-curso-la-prehistoria\/dsc08350\/'><img decoding=\"async\" width=\"480\" height=\"640\" src=\"https:\/\/cloud.alqueria.es\/wp-content\/uploads\/sites\/12\/2024\/06\/DSC08350.jpg\" class=\"attachment-full size-full\" alt=\"\" srcset=\"https:\/\/cloud.alqueria.es\/wp-content\/uploads\/sites\/12\/2024\/06\/DSC08350.jpg 480w, https:\/\/cloud.alqueria.es\/wp-content\/uploads\/sites\/12\/2024\/06\/DSC08350-225x300.jpg 225w\" sizes=\"(max-width: 480px) 100vw, 480px\" data-attachment-id=\"41859\" data-permalink=\"https:\/\/www.alqueria.es\/blogs\/alqueriaartistica\/2024\/06\/20\/fiesta-fin-de-curso-la-prehistoria\/dsc08350\/\" data-orig-file=\"https:\/\/cloud.alqueria.es\/wp-content\/uploads\/sites\/12\/2024\/06\/DSC08350.jpg\" data-orig-size=\"480,640\" data-comments-opened=\"1\" data-image-meta=\"{&quot;aperture&quot;:&quot;2.8&quot;,&quot;credit&quot;:&quot;&quot;,&quot;camera&quot;:&quot;DSC-W510&quot;,&quot;caption&quot;:&quot;&quot;,&quot;created_timestamp&quot;:&quot;1718789188&quot;,&quot;copyright&quot;:&quot;Copyright 2009&quot;,&quot;focal_length&quot;:&quot;4.7&quot;,&quot;iso&quot;:&quot;160&quot;,&quot;shutter_speed&quot;:&quot;0.004&quot;,&quot;title&quot;:&quot;&quot;,&quot;orientation&quot;:&quot;1&quot;}\" data-image-title=\"DSC08350\" data-image-description=\"\" data-image-caption=\"\" data-large-file=\"https:\/\/cloud.alqueria.es\/wp-content\/uploads\/sites\/12\/2024\/06\/DSC08350.jpg\" \/><\/a>\n\t\t\t<\/div><\/figure>\n\t\t<\/div>\n\n<p>Con estas actividades potenciamos el trabajo cooperativo, la creaci\u00f3n en grupo y en muchas ocasiones el divertimento de usar pinturas, pintar con las manos y compartir ideas con los compa\u00f1eros.<\/p>\n<p>Desde el grupo de primero al grupo de sexto han trabajado con entusiasmo. Gracias a todos por vuestra colaboraci\u00f3n.<\/p>\n<p>\u00a1Os deseo a todos que pas\u00e9is un buen verano!<\/p>\n<p>Ana Mart\u00edn<\/p>\n","protected":false},"excerpt":{"rendered":"<p>Durante el mes de mayo, en la etapa de primaria, hemos estado haciendo actividades y proyectos relacionados con la tem\u00e1tica de la fiesta fin de curso que este a\u00f1o ha estado dedicado a la prehistoria. Hemos aprovechado la tem\u00e1tica para hacer dibujos de animales en casi todos los cursos. Las escenas de la vida de &hellip; <a href=\"https:\/\/www.alqueria.es\/blogs\/alqueriaartistica\/2024\/06\/20\/fiesta-fin-de-curso-la-prehistoria\/\" class=\"more-link\">Seguir leyendo <span class=\"screen-reader-text\">FIESTA FIN DE CURSO. LA PREHISTORIA<\/span> <span class=\"meta-nav\">&rarr;<\/span><\/a><\/p>\n","protected":false},"author":34,"featured_media":0,"comment_status":"open","ping_status":"open","sticky":false,"template":"","format":"standard","meta":{"jetpack_post_was_ever_published":false,"_jetpack_newsletter_access":"","_jetpack_dont_email_post_to_subs":false,"_jetpack_newsletter_tier_id":0,"_jetpack_memberships_contains_paywalled_content":false,"_jetpack_memberships_contains_paid_content":false,"footnotes":"","jetpack_publicize_message":"","jetpack_publicize_feature_enabled":true,"jetpack_social_post_already_shared":true,"jetpack_social_options":{"image_generator_settings":{"template":"highway","default_image_id":0,"font":"","enabled":false},"version":2}},"categories":[9,10,11,12,13,14],"tags":[279,31,91,164,272,333],"class_list":["post-41796","post","type-post","status-publish","format-standard","hentry","category-1o-epo","category-2o-epo","category-3o-epo","category-4o-epo","category-5o-epo","category-6o-epo","tag-carteles","tag-dibujo","tag-educacion-artistica-y-visual","tag-fiesta-fin-de-curso","tag-la-prehistoria","tag-trabajos-cooperativos-de-etapa"],"jetpack_publicize_connections":[],"jetpack_featured_media_url":"","jetpack_sharing_enabled":true,"jetpack_shortlink":"https:\/\/wp.me\/p4mcJu-aS8","_links":{"self":[{"href":"https:\/\/www.alqueria.es\/blogs\/alqueriaartistica\/wp-json\/wp\/v2\/posts\/41796","targetHints":{"allow":["GET"]}}],"collection":[{"href":"https:\/\/www.alqueria.es\/blogs\/alqueriaartistica\/wp-json\/wp\/v2\/posts"}],"about":[{"href":"https:\/\/www.alqueria.es\/blogs\/alqueriaartistica\/wp-json\/wp\/v2\/types\/post"}],"author":[{"embeddable":true,"href":"https:\/\/www.alqueria.es\/blogs\/alqueriaartistica\/wp-json\/wp\/v2\/users\/34"}],"replies":[{"embeddable":true,"href":"https:\/\/www.alqueria.es\/blogs\/alqueriaartistica\/wp-json\/wp\/v2\/comments?post=41796"}],"version-history":[{"count":2,"href":"https:\/\/www.alqueria.es\/blogs\/alqueriaartistica\/wp-json\/wp\/v2\/posts\/41796\/revisions"}],"predecessor-version":[{"id":41890,"href":"https:\/\/www.alqueria.es\/blogs\/alqueriaartistica\/wp-json\/wp\/v2\/posts\/41796\/revisions\/41890"}],"wp:attachment":[{"href":"https:\/\/www.alqueria.es\/blogs\/alqueriaartistica\/wp-json\/wp\/v2\/media?parent=41796"}],"wp:term":[{"taxonomy":"category","embeddable":true,"href":"https:\/\/www.alqueria.es\/blogs\/alqueriaartistica\/wp-json\/wp\/v2\/categories?post=41796"},{"taxonomy":"post_tag","embeddable":true,"href":"https:\/\/www.alqueria.es\/blogs\/alqueriaartistica\/wp-json\/wp\/v2\/tags?post=41796"}],"curies":[{"name":"wp","href":"https:\/\/api.w.org\/{rel}","templated":true}]}}