{"id":42473,"date":"2024-12-18T11:54:46","date_gmt":"2024-12-18T10:54:46","guid":{"rendered":"https:\/\/www.alqueria.es\/blogs\/alqueriaartistica\/?p=42473"},"modified":"2024-12-18T11:56:56","modified_gmt":"2024-12-18T10:56:56","slug":"el-color-las-formas-la-composicion-6","status":"publish","type":"post","link":"https:\/\/www.alqueria.es\/blogs\/alqueriaartistica\/2024\/12\/18\/el-color-las-formas-la-composicion-6\/","title":{"rendered":"EL COLOR, LAS FORMAS, LA COMPOSICI\u00d3N"},"content":{"rendered":"<div data-carousel-extra='{&quot;blog_id&quot;:12,&quot;permalink&quot;:&quot;https:\/\/www.alqueria.es\/blogs\/alqueriaartistica\/2024\/12\/18\/el-color-las-formas-la-composicion-6\/&quot;}' id='gallery-1' class='gallery galleryid-42473 gallery-columns-3 gallery-size-full'><figure class='gallery-item'>\n\t\t\t<div class='gallery-icon portrait'>\n\t\t\t\t<a href='https:\/\/www.alqueria.es\/blogs\/alqueriaartistica\/2024\/12\/18\/el-color-las-formas-la-composicion-6\/dsc09740\/'><img decoding=\"async\" width=\"340\" height=\"399\" src=\"https:\/\/cloud.alqueria.es\/wp-content\/uploads\/sites\/12\/2024\/12\/DSC09740.jpg\" class=\"attachment-full size-full\" alt=\"\" srcset=\"https:\/\/cloud.alqueria.es\/wp-content\/uploads\/sites\/12\/2024\/12\/DSC09740.jpg 340w, https:\/\/cloud.alqueria.es\/wp-content\/uploads\/sites\/12\/2024\/12\/DSC09740-256x300.jpg 256w\" sizes=\"(max-width: 340px) 100vw, 340px\" data-attachment-id=\"42483\" data-permalink=\"https:\/\/www.alqueria.es\/blogs\/alqueriaartistica\/2024\/12\/18\/el-color-las-formas-la-composicion-6\/dsc09740\/\" data-orig-file=\"https:\/\/cloud.alqueria.es\/wp-content\/uploads\/sites\/12\/2024\/12\/DSC09740.jpg\" data-orig-size=\"340,399\" data-comments-opened=\"1\" data-image-meta=\"{&quot;aperture&quot;:&quot;2.8&quot;,&quot;credit&quot;:&quot;&quot;,&quot;camera&quot;:&quot;DSC-W510&quot;,&quot;caption&quot;:&quot;&quot;,&quot;created_timestamp&quot;:&quot;1732269480&quot;,&quot;copyright&quot;:&quot;Copyright 2009&quot;,&quot;focal_length&quot;:&quot;4.7&quot;,&quot;iso&quot;:&quot;400&quot;,&quot;shutter_speed&quot;:&quot;0.008&quot;,&quot;title&quot;:&quot;&quot;,&quot;orientation&quot;:&quot;1&quot;}\" data-image-title=\"DSC09740\" data-image-description=\"\" data-image-caption=\"\" data-large-file=\"https:\/\/cloud.alqueria.es\/wp-content\/uploads\/sites\/12\/2024\/12\/DSC09740.jpg\" \/><\/a>\n\t\t\t<\/div><\/figure><figure class='gallery-item'>\n\t\t\t<div class='gallery-icon portrait'>\n\t\t\t\t<a href='https:\/\/www.alqueria.es\/blogs\/alqueriaartistica\/2024\/12\/18\/el-color-las-formas-la-composicion-6\/dsc09752\/'><img decoding=\"async\" width=\"412\" height=\"634\" src=\"https:\/\/cloud.alqueria.es\/wp-content\/uploads\/sites\/12\/2024\/12\/DSC09752.jpg\" class=\"attachment-full size-full\" alt=\"\" srcset=\"https:\/\/cloud.alqueria.es\/wp-content\/uploads\/sites\/12\/2024\/12\/DSC09752.jpg 412w, https:\/\/cloud.alqueria.es\/wp-content\/uploads\/sites\/12\/2024\/12\/DSC09752-195x300.jpg 195w\" sizes=\"(max-width: 412px) 100vw, 412px\" data-attachment-id=\"42484\" data-permalink=\"https:\/\/www.alqueria.es\/blogs\/alqueriaartistica\/2024\/12\/18\/el-color-las-formas-la-composicion-6\/dsc09752\/\" data-orig-file=\"https:\/\/cloud.alqueria.es\/wp-content\/uploads\/sites\/12\/2024\/12\/DSC09752.jpg\" data-orig-size=\"412,634\" data-comments-opened=\"1\" data-image-meta=\"{&quot;aperture&quot;:&quot;2.8&quot;,&quot;credit&quot;:&quot;&quot;,&quot;camera&quot;:&quot;DSC-W510&quot;,&quot;caption&quot;:&quot;&quot;,&quot;created_timestamp&quot;:&quot;1732270045&quot;,&quot;copyright&quot;:&quot;Copyright 2009&quot;,&quot;focal_length&quot;:&quot;4.7&quot;,&quot;iso&quot;:&quot;400&quot;,&quot;shutter_speed&quot;:&quot;0.008&quot;,&quot;title&quot;:&quot;&quot;,&quot;orientation&quot;:&quot;1&quot;}\" data-image-title=\"DSC09752\" data-image-description=\"\" data-image-caption=\"\" data-large-file=\"https:\/\/cloud.alqueria.es\/wp-content\/uploads\/sites\/12\/2024\/12\/DSC09752.jpg\" \/><\/a>\n\t\t\t<\/div><\/figure><figure class='gallery-item'>\n\t\t\t<div class='gallery-icon portrait'>\n\t\t\t\t<a href='https:\/\/www.alqueria.es\/blogs\/alqueriaartistica\/2024\/12\/18\/el-color-las-formas-la-composicion-6\/dsc09730\/'><img decoding=\"async\" width=\"443\" height=\"480\" src=\"https:\/\/cloud.alqueria.es\/wp-content\/uploads\/sites\/12\/2024\/12\/DSC09730.jpg\" class=\"attachment-full size-full\" alt=\"\" srcset=\"https:\/\/cloud.alqueria.es\/wp-content\/uploads\/sites\/12\/2024\/12\/DSC09730.jpg 443w, https:\/\/cloud.alqueria.es\/wp-content\/uploads\/sites\/12\/2024\/12\/DSC09730-277x300.jpg 277w\" sizes=\"(max-width: 443px) 100vw, 443px\" data-attachment-id=\"42486\" data-permalink=\"https:\/\/www.alqueria.es\/blogs\/alqueriaartistica\/2024\/12\/18\/el-color-las-formas-la-composicion-6\/dsc09730\/\" data-orig-file=\"https:\/\/cloud.alqueria.es\/wp-content\/uploads\/sites\/12\/2024\/12\/DSC09730.jpg\" data-orig-size=\"443,480\" data-comments-opened=\"1\" data-image-meta=\"{&quot;aperture&quot;:&quot;2.8&quot;,&quot;credit&quot;:&quot;&quot;,&quot;camera&quot;:&quot;DSC-W510&quot;,&quot;caption&quot;:&quot;&quot;,&quot;created_timestamp&quot;:&quot;1732269174&quot;,&quot;copyright&quot;:&quot;Copyright 2009&quot;,&quot;focal_length&quot;:&quot;4.7&quot;,&quot;iso&quot;:&quot;800&quot;,&quot;shutter_speed&quot;:&quot;0.008&quot;,&quot;title&quot;:&quot;&quot;,&quot;orientation&quot;:&quot;1&quot;}\" data-image-title=\"DSC09730\" data-image-description=\"\" data-image-caption=\"\" data-large-file=\"https:\/\/cloud.alqueria.es\/wp-content\/uploads\/sites\/12\/2024\/12\/DSC09730.jpg\" \/><\/a>\n\t\t\t<\/div><\/figure><figure class='gallery-item'>\n\t\t\t<div class='gallery-icon portrait'>\n\t\t\t\t<a href='https:\/\/www.alqueria.es\/blogs\/alqueriaartistica\/2024\/12\/18\/el-color-las-formas-la-composicion-6\/dsc09728\/'><img decoding=\"async\" width=\"434\" height=\"529\" src=\"https:\/\/cloud.alqueria.es\/wp-content\/uploads\/sites\/12\/2024\/12\/DSC09728.jpg\" class=\"attachment-full size-full\" alt=\"\" srcset=\"https:\/\/cloud.alqueria.es\/wp-content\/uploads\/sites\/12\/2024\/12\/DSC09728.jpg 434w, https:\/\/cloud.alqueria.es\/wp-content\/uploads\/sites\/12\/2024\/12\/DSC09728-246x300.jpg 246w\" sizes=\"(max-width: 434px) 100vw, 434px\" data-attachment-id=\"42487\" data-permalink=\"https:\/\/www.alqueria.es\/blogs\/alqueriaartistica\/2024\/12\/18\/el-color-las-formas-la-composicion-6\/dsc09728\/\" data-orig-file=\"https:\/\/cloud.alqueria.es\/wp-content\/uploads\/sites\/12\/2024\/12\/DSC09728.jpg\" data-orig-size=\"434,529\" data-comments-opened=\"1\" data-image-meta=\"{&quot;aperture&quot;:&quot;2.8&quot;,&quot;credit&quot;:&quot;&quot;,&quot;camera&quot;:&quot;DSC-W510&quot;,&quot;caption&quot;:&quot;&quot;,&quot;created_timestamp&quot;:&quot;1732269139&quot;,&quot;copyright&quot;:&quot;Copyright 2009&quot;,&quot;focal_length&quot;:&quot;4.7&quot;,&quot;iso&quot;:&quot;800&quot;,&quot;shutter_speed&quot;:&quot;0.008&quot;,&quot;title&quot;:&quot;&quot;,&quot;orientation&quot;:&quot;1&quot;}\" data-image-title=\"DSC09728\" data-image-description=\"\" data-image-caption=\"\" data-large-file=\"https:\/\/cloud.alqueria.es\/wp-content\/uploads\/sites\/12\/2024\/12\/DSC09728.jpg\" \/><\/a>\n\t\t\t<\/div><\/figure><figure class='gallery-item'>\n\t\t\t<div class='gallery-icon portrait'>\n\t\t\t\t<a href='https:\/\/www.alqueria.es\/blogs\/alqueriaartistica\/2024\/12\/18\/el-color-las-formas-la-composicion-6\/dsc09726\/'><img decoding=\"async\" width=\"461\" height=\"586\" src=\"https:\/\/cloud.alqueria.es\/wp-content\/uploads\/sites\/12\/2024\/12\/DSC09726.jpg\" class=\"attachment-full size-full\" alt=\"\" srcset=\"https:\/\/cloud.alqueria.es\/wp-content\/uploads\/sites\/12\/2024\/12\/DSC09726.jpg 461w, https:\/\/cloud.alqueria.es\/wp-content\/uploads\/sites\/12\/2024\/12\/DSC09726-236x300.jpg 236w\" sizes=\"(max-width: 461px) 100vw, 461px\" data-attachment-id=\"42488\" data-permalink=\"https:\/\/www.alqueria.es\/blogs\/alqueriaartistica\/2024\/12\/18\/el-color-las-formas-la-composicion-6\/dsc09726\/\" data-orig-file=\"https:\/\/cloud.alqueria.es\/wp-content\/uploads\/sites\/12\/2024\/12\/DSC09726.jpg\" data-orig-size=\"461,586\" data-comments-opened=\"1\" data-image-meta=\"{&quot;aperture&quot;:&quot;2.8&quot;,&quot;credit&quot;:&quot;&quot;,&quot;camera&quot;:&quot;DSC-W510&quot;,&quot;caption&quot;:&quot;&quot;,&quot;created_timestamp&quot;:&quot;1732269089&quot;,&quot;copyright&quot;:&quot;Copyright 2009&quot;,&quot;focal_length&quot;:&quot;4.7&quot;,&quot;iso&quot;:&quot;800&quot;,&quot;shutter_speed&quot;:&quot;0.008&quot;,&quot;title&quot;:&quot;&quot;,&quot;orientation&quot;:&quot;1&quot;}\" data-image-title=\"DSC09726\" data-image-description=\"\" data-image-caption=\"\" data-large-file=\"https:\/\/cloud.alqueria.es\/wp-content\/uploads\/sites\/12\/2024\/12\/DSC09726.jpg\" \/><\/a>\n\t\t\t<\/div><\/figure><figure class='gallery-item'>\n\t\t\t<div class='gallery-icon portrait'>\n\t\t\t\t<a href='https:\/\/www.alqueria.es\/blogs\/alqueriaartistica\/2024\/12\/18\/el-color-las-formas-la-composicion-6\/dsc09716\/'><img decoding=\"async\" width=\"480\" height=\"640\" src=\"https:\/\/cloud.alqueria.es\/wp-content\/uploads\/sites\/12\/2024\/12\/DSC09716.jpg\" class=\"attachment-full size-full\" alt=\"\" srcset=\"https:\/\/cloud.alqueria.es\/wp-content\/uploads\/sites\/12\/2024\/12\/DSC09716.jpg 480w, https:\/\/cloud.alqueria.es\/wp-content\/uploads\/sites\/12\/2024\/12\/DSC09716-225x300.jpg 225w\" sizes=\"(max-width: 480px) 100vw, 480px\" data-attachment-id=\"42489\" data-permalink=\"https:\/\/www.alqueria.es\/blogs\/alqueriaartistica\/2024\/12\/18\/el-color-las-formas-la-composicion-6\/dsc09716\/\" data-orig-file=\"https:\/\/cloud.alqueria.es\/wp-content\/uploads\/sites\/12\/2024\/12\/DSC09716.jpg\" data-orig-size=\"480,640\" data-comments-opened=\"1\" data-image-meta=\"{&quot;aperture&quot;:&quot;2.8&quot;,&quot;credit&quot;:&quot;&quot;,&quot;camera&quot;:&quot;DSC-W510&quot;,&quot;caption&quot;:&quot;&quot;,&quot;created_timestamp&quot;:&quot;1732268793&quot;,&quot;copyright&quot;:&quot;Copyright 2009&quot;,&quot;focal_length&quot;:&quot;4.7&quot;,&quot;iso&quot;:&quot;800&quot;,&quot;shutter_speed&quot;:&quot;0.005&quot;,&quot;title&quot;:&quot;&quot;,&quot;orientation&quot;:&quot;1&quot;}\" data-image-title=\"DSC09716\" data-image-description=\"\" data-image-caption=\"\" data-large-file=\"https:\/\/cloud.alqueria.es\/wp-content\/uploads\/sites\/12\/2024\/12\/DSC09716.jpg\" \/><\/a>\n\t\t\t<\/div><\/figure><figure class='gallery-item'>\n\t\t\t<div class='gallery-icon portrait'>\n\t\t\t\t<a href='https:\/\/www.alqueria.es\/blogs\/alqueriaartistica\/2024\/12\/18\/el-color-las-formas-la-composicion-6\/dsc09713\/'><img decoding=\"async\" width=\"454\" height=\"640\" src=\"https:\/\/cloud.alqueria.es\/wp-content\/uploads\/sites\/12\/2024\/12\/DSC09713.jpg\" class=\"attachment-full size-full\" alt=\"\" srcset=\"https:\/\/cloud.alqueria.es\/wp-content\/uploads\/sites\/12\/2024\/12\/DSC09713.jpg 454w, https:\/\/cloud.alqueria.es\/wp-content\/uploads\/sites\/12\/2024\/12\/DSC09713-213x300.jpg 213w\" sizes=\"(max-width: 454px) 100vw, 454px\" data-attachment-id=\"42490\" data-permalink=\"https:\/\/www.alqueria.es\/blogs\/alqueriaartistica\/2024\/12\/18\/el-color-las-formas-la-composicion-6\/dsc09713\/\" data-orig-file=\"https:\/\/cloud.alqueria.es\/wp-content\/uploads\/sites\/12\/2024\/12\/DSC09713.jpg\" data-orig-size=\"454,640\" data-comments-opened=\"1\" data-image-meta=\"{&quot;aperture&quot;:&quot;2.8&quot;,&quot;credit&quot;:&quot;&quot;,&quot;camera&quot;:&quot;DSC-W510&quot;,&quot;caption&quot;:&quot;&quot;,&quot;created_timestamp&quot;:&quot;1732268732&quot;,&quot;copyright&quot;:&quot;Copyright 2009&quot;,&quot;focal_length&quot;:&quot;4.7&quot;,&quot;iso&quot;:&quot;800&quot;,&quot;shutter_speed&quot;:&quot;0.008&quot;,&quot;title&quot;:&quot;&quot;,&quot;orientation&quot;:&quot;1&quot;}\" data-image-title=\"DSC09713\" data-image-description=\"\" data-image-caption=\"\" data-large-file=\"https:\/\/cloud.alqueria.es\/wp-content\/uploads\/sites\/12\/2024\/12\/DSC09713.jpg\" \/><\/a>\n\t\t\t<\/div><\/figure><figure class='gallery-item'>\n\t\t\t<div class='gallery-icon portrait'>\n\t\t\t\t<a href='https:\/\/www.alqueria.es\/blogs\/alqueriaartistica\/2024\/12\/18\/el-color-las-formas-la-composicion-6\/dsc09715\/'><img decoding=\"async\" width=\"460\" height=\"566\" src=\"https:\/\/cloud.alqueria.es\/wp-content\/uploads\/sites\/12\/2024\/12\/DSC09715.jpg\" class=\"attachment-full size-full\" alt=\"\" srcset=\"https:\/\/cloud.alqueria.es\/wp-content\/uploads\/sites\/12\/2024\/12\/DSC09715.jpg 460w, https:\/\/cloud.alqueria.es\/wp-content\/uploads\/sites\/12\/2024\/12\/DSC09715-244x300.jpg 244w\" sizes=\"(max-width: 460px) 100vw, 460px\" data-attachment-id=\"42491\" data-permalink=\"https:\/\/www.alqueria.es\/blogs\/alqueriaartistica\/2024\/12\/18\/el-color-las-formas-la-composicion-6\/dsc09715\/\" data-orig-file=\"https:\/\/cloud.alqueria.es\/wp-content\/uploads\/sites\/12\/2024\/12\/DSC09715.jpg\" data-orig-size=\"460,566\" data-comments-opened=\"1\" data-image-meta=\"{&quot;aperture&quot;:&quot;2.8&quot;,&quot;credit&quot;:&quot;&quot;,&quot;camera&quot;:&quot;DSC-W510&quot;,&quot;caption&quot;:&quot;&quot;,&quot;created_timestamp&quot;:&quot;1732268764&quot;,&quot;copyright&quot;:&quot;Copyright 2009&quot;,&quot;focal_length&quot;:&quot;4.7&quot;,&quot;iso&quot;:&quot;1600&quot;,&quot;shutter_speed&quot;:&quot;0.004&quot;,&quot;title&quot;:&quot;&quot;,&quot;orientation&quot;:&quot;1&quot;}\" data-image-title=\"DSC09715\" data-image-description=\"\" data-image-caption=\"\" data-large-file=\"https:\/\/cloud.alqueria.es\/wp-content\/uploads\/sites\/12\/2024\/12\/DSC09715.jpg\" \/><\/a>\n\t\t\t<\/div><\/figure><figure class='gallery-item'>\n\t\t\t<div class='gallery-icon portrait'>\n\t\t\t\t<a href='https:\/\/www.alqueria.es\/blogs\/alqueriaartistica\/2024\/12\/18\/el-color-las-formas-la-composicion-6\/dsc09735\/'><img decoding=\"async\" width=\"459\" height=\"613\" src=\"https:\/\/cloud.alqueria.es\/wp-content\/uploads\/sites\/12\/2024\/12\/DSC09735.jpg\" class=\"attachment-full size-full\" alt=\"\" srcset=\"https:\/\/cloud.alqueria.es\/wp-content\/uploads\/sites\/12\/2024\/12\/DSC09735.jpg 459w, https:\/\/cloud.alqueria.es\/wp-content\/uploads\/sites\/12\/2024\/12\/DSC09735-225x300.jpg 225w\" sizes=\"(max-width: 459px) 100vw, 459px\" data-attachment-id=\"42485\" data-permalink=\"https:\/\/www.alqueria.es\/blogs\/alqueriaartistica\/2024\/12\/18\/el-color-las-formas-la-composicion-6\/dsc09735\/\" data-orig-file=\"https:\/\/cloud.alqueria.es\/wp-content\/uploads\/sites\/12\/2024\/12\/DSC09735.jpg\" data-orig-size=\"459,613\" data-comments-opened=\"1\" data-image-meta=\"{&quot;aperture&quot;:&quot;2.8&quot;,&quot;credit&quot;:&quot;&quot;,&quot;camera&quot;:&quot;DSC-W510&quot;,&quot;caption&quot;:&quot;&quot;,&quot;created_timestamp&quot;:&quot;1732269318&quot;,&quot;copyright&quot;:&quot;Copyright 2009&quot;,&quot;focal_length&quot;:&quot;4.7&quot;,&quot;iso&quot;:&quot;800&quot;,&quot;shutter_speed&quot;:&quot;0.008&quot;,&quot;title&quot;:&quot;&quot;,&quot;orientation&quot;:&quot;1&quot;}\" data-image-title=\"DSC09735\" data-image-description=\"\" data-image-caption=\"\" data-large-file=\"https:\/\/cloud.alqueria.es\/wp-content\/uploads\/sites\/12\/2024\/12\/DSC09735.jpg\" \/><\/a>\n\t\t\t<\/div><\/figure>\n\t\t<\/div>\n\n<div data-carousel-extra='{&quot;blog_id&quot;:12,&quot;permalink&quot;:&quot;https:\/\/www.alqueria.es\/blogs\/alqueriaartistica\/2024\/12\/18\/el-color-las-formas-la-composicion-6\/&quot;}' id='gallery-2' class='gallery galleryid-42473 gallery-columns-3 gallery-size-full'><figure class='gallery-item'>\n\t\t\t<div class='gallery-icon landscape'>\n\t\t\t\t<a href='https:\/\/www.alqueria.es\/blogs\/alqueriaartistica\/2024\/12\/18\/el-color-las-formas-la-composicion-6\/dsc09714\/'><img decoding=\"async\" width=\"604\" height=\"424\" src=\"https:\/\/cloud.alqueria.es\/wp-content\/uploads\/sites\/12\/2024\/12\/DSC09714.jpg\" class=\"attachment-full size-full\" alt=\"\" srcset=\"https:\/\/cloud.alqueria.es\/wp-content\/uploads\/sites\/12\/2024\/12\/DSC09714.jpg 604w, https:\/\/cloud.alqueria.es\/wp-content\/uploads\/sites\/12\/2024\/12\/DSC09714-300x211.jpg 300w\" sizes=\"(max-width: 604px) 100vw, 604px\" data-attachment-id=\"42521\" data-permalink=\"https:\/\/www.alqueria.es\/blogs\/alqueriaartistica\/2024\/12\/18\/el-color-las-formas-la-composicion-6\/dsc09714\/\" data-orig-file=\"https:\/\/cloud.alqueria.es\/wp-content\/uploads\/sites\/12\/2024\/12\/DSC09714.jpg\" data-orig-size=\"604,424\" data-comments-opened=\"1\" data-image-meta=\"{&quot;aperture&quot;:&quot;2.8&quot;,&quot;credit&quot;:&quot;&quot;,&quot;camera&quot;:&quot;DSC-W510&quot;,&quot;caption&quot;:&quot;&quot;,&quot;created_timestamp&quot;:&quot;1732268750&quot;,&quot;copyright&quot;:&quot;Copyright 2009&quot;,&quot;focal_length&quot;:&quot;4.7&quot;,&quot;iso&quot;:&quot;800&quot;,&quot;shutter_speed&quot;:&quot;0.008&quot;,&quot;title&quot;:&quot;&quot;,&quot;orientation&quot;:&quot;1&quot;}\" data-image-title=\"DSC09714\" data-image-description=\"\" data-image-caption=\"\" data-large-file=\"https:\/\/cloud.alqueria.es\/wp-content\/uploads\/sites\/12\/2024\/12\/DSC09714.jpg\" \/><\/a>\n\t\t\t<\/div><\/figure><figure class='gallery-item'>\n\t\t\t<div class='gallery-icon portrait'>\n\t\t\t\t<a href='https:\/\/www.alqueria.es\/blogs\/alqueriaartistica\/2024\/12\/18\/el-color-las-formas-la-composicion-6\/dsc09721\/'><img decoding=\"async\" width=\"480\" height=\"640\" src=\"https:\/\/cloud.alqueria.es\/wp-content\/uploads\/sites\/12\/2024\/12\/DSC09721.jpg\" class=\"attachment-full size-full\" alt=\"\" srcset=\"https:\/\/cloud.alqueria.es\/wp-content\/uploads\/sites\/12\/2024\/12\/DSC09721.jpg 480w, https:\/\/cloud.alqueria.es\/wp-content\/uploads\/sites\/12\/2024\/12\/DSC09721-225x300.jpg 225w\" sizes=\"(max-width: 480px) 100vw, 480px\" data-attachment-id=\"42519\" data-permalink=\"https:\/\/www.alqueria.es\/blogs\/alqueriaartistica\/2024\/12\/18\/el-color-las-formas-la-composicion-6\/dsc09721\/\" data-orig-file=\"https:\/\/cloud.alqueria.es\/wp-content\/uploads\/sites\/12\/2024\/12\/DSC09721.jpg\" data-orig-size=\"480,640\" data-comments-opened=\"1\" data-image-meta=\"{&quot;aperture&quot;:&quot;2.8&quot;,&quot;credit&quot;:&quot;&quot;,&quot;camera&quot;:&quot;DSC-W510&quot;,&quot;caption&quot;:&quot;&quot;,&quot;created_timestamp&quot;:&quot;1732268950&quot;,&quot;copyright&quot;:&quot;Copyright 2009&quot;,&quot;focal_length&quot;:&quot;4.7&quot;,&quot;iso&quot;:&quot;800&quot;,&quot;shutter_speed&quot;:&quot;0.008&quot;,&quot;title&quot;:&quot;&quot;,&quot;orientation&quot;:&quot;1&quot;}\" data-image-title=\"DSC09721\" data-image-description=\"\" data-image-caption=\"\" data-large-file=\"https:\/\/cloud.alqueria.es\/wp-content\/uploads\/sites\/12\/2024\/12\/DSC09721.jpg\" \/><\/a>\n\t\t\t<\/div><\/figure><figure class='gallery-item'>\n\t\t\t<div class='gallery-icon landscape'>\n\t\t\t\t<a href='https:\/\/www.alqueria.es\/blogs\/alqueriaartistica\/2024\/12\/18\/el-color-las-formas-la-composicion-6\/dsc09719\/'><img decoding=\"async\" width=\"605\" height=\"450\" src=\"https:\/\/cloud.alqueria.es\/wp-content\/uploads\/sites\/12\/2024\/12\/DSC09719.jpg\" class=\"attachment-full size-full\" alt=\"\" srcset=\"https:\/\/cloud.alqueria.es\/wp-content\/uploads\/sites\/12\/2024\/12\/DSC09719.jpg 605w, https:\/\/cloud.alqueria.es\/wp-content\/uploads\/sites\/12\/2024\/12\/DSC09719-300x223.jpg 300w\" sizes=\"(max-width: 605px) 100vw, 605px\" data-attachment-id=\"42520\" data-permalink=\"https:\/\/www.alqueria.es\/blogs\/alqueriaartistica\/2024\/12\/18\/el-color-las-formas-la-composicion-6\/dsc09719\/\" data-orig-file=\"https:\/\/cloud.alqueria.es\/wp-content\/uploads\/sites\/12\/2024\/12\/DSC09719.jpg\" data-orig-size=\"605,450\" data-comments-opened=\"1\" data-image-meta=\"{&quot;aperture&quot;:&quot;2.8&quot;,&quot;credit&quot;:&quot;&quot;,&quot;camera&quot;:&quot;DSC-W510&quot;,&quot;caption&quot;:&quot;&quot;,&quot;created_timestamp&quot;:&quot;1732268877&quot;,&quot;copyright&quot;:&quot;Copyright 2009&quot;,&quot;focal_length&quot;:&quot;4.7&quot;,&quot;iso&quot;:&quot;800&quot;,&quot;shutter_speed&quot;:&quot;0.008&quot;,&quot;title&quot;:&quot;&quot;,&quot;orientation&quot;:&quot;1&quot;}\" data-image-title=\"DSC09719\" data-image-description=\"\" data-image-caption=\"\" data-large-file=\"https:\/\/cloud.alqueria.es\/wp-content\/uploads\/sites\/12\/2024\/12\/DSC09719.jpg\" \/><\/a>\n\t\t\t<\/div><\/figure><figure class='gallery-item'>\n\t\t\t<div class='gallery-icon landscape'>\n\t\t\t\t<a href='https:\/\/www.alqueria.es\/blogs\/alqueriaartistica\/2024\/12\/18\/el-color-las-formas-la-composicion-6\/dsc09722\/'><img decoding=\"async\" width=\"640\" height=\"480\" src=\"https:\/\/cloud.alqueria.es\/wp-content\/uploads\/sites\/12\/2024\/12\/DSC09722.jpg\" class=\"attachment-full size-full\" alt=\"\" srcset=\"https:\/\/cloud.alqueria.es\/wp-content\/uploads\/sites\/12\/2024\/12\/DSC09722.jpg 640w, https:\/\/cloud.alqueria.es\/wp-content\/uploads\/sites\/12\/2024\/12\/DSC09722-300x225.jpg 300w\" sizes=\"(max-width: 640px) 100vw, 640px\" data-attachment-id=\"42518\" data-permalink=\"https:\/\/www.alqueria.es\/blogs\/alqueriaartistica\/2024\/12\/18\/el-color-las-formas-la-composicion-6\/dsc09722\/\" data-orig-file=\"https:\/\/cloud.alqueria.es\/wp-content\/uploads\/sites\/12\/2024\/12\/DSC09722.jpg\" data-orig-size=\"640,480\" data-comments-opened=\"1\" data-image-meta=\"{&quot;aperture&quot;:&quot;2.8&quot;,&quot;credit&quot;:&quot;&quot;,&quot;camera&quot;:&quot;DSC-W510&quot;,&quot;caption&quot;:&quot;&quot;,&quot;created_timestamp&quot;:&quot;1732269038&quot;,&quot;copyright&quot;:&quot;Copyright 2009&quot;,&quot;focal_length&quot;:&quot;4.7&quot;,&quot;iso&quot;:&quot;800&quot;,&quot;shutter_speed&quot;:&quot;0.008&quot;,&quot;title&quot;:&quot;&quot;,&quot;orientation&quot;:&quot;1&quot;}\" data-image-title=\"DSC09722\" data-image-description=\"\" data-image-caption=\"\" data-large-file=\"https:\/\/cloud.alqueria.es\/wp-content\/uploads\/sites\/12\/2024\/12\/DSC09722.jpg\" \/><\/a>\n\t\t\t<\/div><\/figure><figure class='gallery-item'>\n\t\t\t<div class='gallery-icon landscape'>\n\t\t\t\t<a href='https:\/\/www.alqueria.es\/blogs\/alqueriaartistica\/2024\/12\/18\/el-color-las-formas-la-composicion-6\/dsc09742\/'><img decoding=\"async\" width=\"578\" height=\"367\" src=\"https:\/\/cloud.alqueria.es\/wp-content\/uploads\/sites\/12\/2024\/12\/DSC09742.jpg\" class=\"attachment-full size-full\" alt=\"\" srcset=\"https:\/\/cloud.alqueria.es\/wp-content\/uploads\/sites\/12\/2024\/12\/DSC09742.jpg 578w, https:\/\/cloud.alqueria.es\/wp-content\/uploads\/sites\/12\/2024\/12\/DSC09742-300x190.jpg 300w\" sizes=\"(max-width: 578px) 100vw, 578px\" data-attachment-id=\"42516\" data-permalink=\"https:\/\/www.alqueria.es\/blogs\/alqueriaartistica\/2024\/12\/18\/el-color-las-formas-la-composicion-6\/dsc09742\/\" data-orig-file=\"https:\/\/cloud.alqueria.es\/wp-content\/uploads\/sites\/12\/2024\/12\/DSC09742.jpg\" data-orig-size=\"578,367\" data-comments-opened=\"1\" data-image-meta=\"{&quot;aperture&quot;:&quot;2.8&quot;,&quot;credit&quot;:&quot;&quot;,&quot;camera&quot;:&quot;DSC-W510&quot;,&quot;caption&quot;:&quot;&quot;,&quot;created_timestamp&quot;:&quot;1732269497&quot;,&quot;copyright&quot;:&quot;Copyright 2009&quot;,&quot;focal_length&quot;:&quot;4.7&quot;,&quot;iso&quot;:&quot;400&quot;,&quot;shutter_speed&quot;:&quot;0.008&quot;,&quot;title&quot;:&quot;&quot;,&quot;orientation&quot;:&quot;1&quot;}\" data-image-title=\"DSC09742\" data-image-description=\"\" data-image-caption=\"\" data-large-file=\"https:\/\/cloud.alqueria.es\/wp-content\/uploads\/sites\/12\/2024\/12\/DSC09742.jpg\" \/><\/a>\n\t\t\t<\/div><\/figure><figure class='gallery-item'>\n\t\t\t<div class='gallery-icon landscape'>\n\t\t\t\t<a href='https:\/\/www.alqueria.es\/blogs\/alqueriaartistica\/2024\/12\/18\/el-color-las-formas-la-composicion-6\/dsc09749\/'><img decoding=\"async\" width=\"567\" height=\"381\" src=\"https:\/\/cloud.alqueria.es\/wp-content\/uploads\/sites\/12\/2024\/12\/DSC09749.jpg\" class=\"attachment-full size-full\" alt=\"\" srcset=\"https:\/\/cloud.alqueria.es\/wp-content\/uploads\/sites\/12\/2024\/12\/DSC09749.jpg 567w, https:\/\/cloud.alqueria.es\/wp-content\/uploads\/sites\/12\/2024\/12\/DSC09749-300x202.jpg 300w\" sizes=\"(max-width: 567px) 100vw, 567px\" data-attachment-id=\"42517\" data-permalink=\"https:\/\/www.alqueria.es\/blogs\/alqueriaartistica\/2024\/12\/18\/el-color-las-formas-la-composicion-6\/dsc09749\/\" data-orig-file=\"https:\/\/cloud.alqueria.es\/wp-content\/uploads\/sites\/12\/2024\/12\/DSC09749.jpg\" data-orig-size=\"567,381\" data-comments-opened=\"1\" data-image-meta=\"{&quot;aperture&quot;:&quot;2.8&quot;,&quot;credit&quot;:&quot;&quot;,&quot;camera&quot;:&quot;DSC-W510&quot;,&quot;caption&quot;:&quot;&quot;,&quot;created_timestamp&quot;:&quot;1732269785&quot;,&quot;copyright&quot;:&quot;Copyright 2009&quot;,&quot;focal_length&quot;:&quot;4.7&quot;,&quot;iso&quot;:&quot;800&quot;,&quot;shutter_speed&quot;:&quot;0.01&quot;,&quot;title&quot;:&quot;&quot;,&quot;orientation&quot;:&quot;1&quot;}\" data-image-title=\"DSC09749\" data-image-description=\"\" data-image-caption=\"\" data-large-file=\"https:\/\/cloud.alqueria.es\/wp-content\/uploads\/sites\/12\/2024\/12\/DSC09749.jpg\" \/><\/a>\n\t\t\t<\/div><\/figure>\n\t\t<\/div>\n\n<p>En el grupo de primero nos planteamos una actividad que incluye varios objetivos. Secuenciamos\u00a0 la tarea en varias sesiones de manera que en cada una de ellas los alumnos experimenten los diferentes procesos que van a vivenciar en relaci\u00f3n a las formas geom\u00e9tricas, el estudio del color y la composici\u00f3n art\u00edstica.<\/p>\n<p>Comenzamos aplicando el color a diferentes formas geom\u00e9tricas. Las formas son espacios cerrados que se crean cuando las l\u00edneas se cierran, se encuentran. L\u00edneas\u00a0 rectas configuran cuadrados, rect\u00e1ngulos o tri\u00e1ngulos y l\u00edneas curvas constituyen la base de c\u00edrculos y semic\u00edrculos. Las formas resultantes de juntar estas l\u00edneas son formas geom\u00e9tricas. Posteriormente imitaremos las formas org\u00e1nicas en la composici\u00f3n.<\/p>\n<p>Recordamos la clasificaci\u00f3n de los colores, comenzamos aplicando los primarios. Mezclamos los primarios para conseguir los colores secundarios y los aplicamos con mucho cuidado sobre las superficies. Recordamos la manera correcta de sujetar el pincel y la carga que debemos distribuir sobre la superficie de la forma, sin rebosar las l\u00edneas. Trabajamos de esta manera la atenci\u00f3n y la concentraci\u00f3n para poder ser precisos con el pincel.<\/p>\n<div data-carousel-extra='{&quot;blog_id&quot;:12,&quot;permalink&quot;:&quot;https:\/\/www.alqueria.es\/blogs\/alqueriaartistica\/2024\/12\/18\/el-color-las-formas-la-composicion-6\/&quot;}' id='gallery-3' class='gallery galleryid-42473 gallery-columns-3 gallery-size-full'><figure class='gallery-item'>\n\t\t\t<div class='gallery-icon landscape'>\n\t\t\t\t<a href='https:\/\/www.alqueria.es\/blogs\/alqueriaartistica\/2024\/12\/18\/el-color-las-formas-la-composicion-6\/dsc09518\/'><img decoding=\"async\" width=\"640\" height=\"480\" src=\"https:\/\/cloud.alqueria.es\/wp-content\/uploads\/sites\/12\/2024\/12\/DSC09518.jpg\" class=\"attachment-full size-full\" alt=\"\" srcset=\"https:\/\/cloud.alqueria.es\/wp-content\/uploads\/sites\/12\/2024\/12\/DSC09518.jpg 640w, https:\/\/cloud.alqueria.es\/wp-content\/uploads\/sites\/12\/2024\/12\/DSC09518-300x225.jpg 300w\" sizes=\"(max-width: 640px) 100vw, 640px\" data-attachment-id=\"42497\" data-permalink=\"https:\/\/www.alqueria.es\/blogs\/alqueriaartistica\/2024\/12\/18\/el-color-las-formas-la-composicion-6\/dsc09518\/\" data-orig-file=\"https:\/\/cloud.alqueria.es\/wp-content\/uploads\/sites\/12\/2024\/12\/DSC09518.jpg\" data-orig-size=\"640,480\" data-comments-opened=\"1\" data-image-meta=\"{&quot;aperture&quot;:&quot;2.8&quot;,&quot;credit&quot;:&quot;&quot;,&quot;camera&quot;:&quot;DSC-W510&quot;,&quot;caption&quot;:&quot;&quot;,&quot;created_timestamp&quot;:&quot;1731664343&quot;,&quot;copyright&quot;:&quot;Copyright 2009&quot;,&quot;focal_length&quot;:&quot;4.7&quot;,&quot;iso&quot;:&quot;400&quot;,&quot;shutter_speed&quot;:&quot;0.00625&quot;,&quot;title&quot;:&quot;&quot;,&quot;orientation&quot;:&quot;1&quot;}\" data-image-title=\"DSC09518\" data-image-description=\"\" data-image-caption=\"\" data-large-file=\"https:\/\/cloud.alqueria.es\/wp-content\/uploads\/sites\/12\/2024\/12\/DSC09518.jpg\" \/><\/a>\n\t\t\t<\/div><\/figure><figure class='gallery-item'>\n\t\t\t<div class='gallery-icon landscape'>\n\t\t\t\t<a href='https:\/\/www.alqueria.es\/blogs\/alqueriaartistica\/2024\/12\/18\/el-color-las-formas-la-composicion-6\/dsc09519\/'><img decoding=\"async\" width=\"640\" height=\"480\" src=\"https:\/\/cloud.alqueria.es\/wp-content\/uploads\/sites\/12\/2024\/12\/DSC09519.jpg\" class=\"attachment-full size-full\" alt=\"\" srcset=\"https:\/\/cloud.alqueria.es\/wp-content\/uploads\/sites\/12\/2024\/12\/DSC09519.jpg 640w, https:\/\/cloud.alqueria.es\/wp-content\/uploads\/sites\/12\/2024\/12\/DSC09519-300x225.jpg 300w\" sizes=\"(max-width: 640px) 100vw, 640px\" data-attachment-id=\"42496\" data-permalink=\"https:\/\/www.alqueria.es\/blogs\/alqueriaartistica\/2024\/12\/18\/el-color-las-formas-la-composicion-6\/dsc09519\/\" data-orig-file=\"https:\/\/cloud.alqueria.es\/wp-content\/uploads\/sites\/12\/2024\/12\/DSC09519.jpg\" data-orig-size=\"640,480\" data-comments-opened=\"1\" data-image-meta=\"{&quot;aperture&quot;:&quot;2.8&quot;,&quot;credit&quot;:&quot;&quot;,&quot;camera&quot;:&quot;DSC-W510&quot;,&quot;caption&quot;:&quot;&quot;,&quot;created_timestamp&quot;:&quot;1731664373&quot;,&quot;copyright&quot;:&quot;Copyright 2009&quot;,&quot;focal_length&quot;:&quot;4.7&quot;,&quot;iso&quot;:&quot;800&quot;,&quot;shutter_speed&quot;:&quot;0.004&quot;,&quot;title&quot;:&quot;&quot;,&quot;orientation&quot;:&quot;1&quot;}\" data-image-title=\"DSC09519\" data-image-description=\"\" data-image-caption=\"\" data-large-file=\"https:\/\/cloud.alqueria.es\/wp-content\/uploads\/sites\/12\/2024\/12\/DSC09519.jpg\" \/><\/a>\n\t\t\t<\/div><\/figure><figure class='gallery-item'>\n\t\t\t<div class='gallery-icon landscape'>\n\t\t\t\t<a href='https:\/\/www.alqueria.es\/blogs\/alqueriaartistica\/2024\/12\/18\/el-color-las-formas-la-composicion-6\/dsc09521\/'><img decoding=\"async\" width=\"640\" height=\"480\" src=\"https:\/\/cloud.alqueria.es\/wp-content\/uploads\/sites\/12\/2024\/12\/DSC09521.jpg\" class=\"attachment-full size-full\" alt=\"\" srcset=\"https:\/\/cloud.alqueria.es\/wp-content\/uploads\/sites\/12\/2024\/12\/DSC09521.jpg 640w, https:\/\/cloud.alqueria.es\/wp-content\/uploads\/sites\/12\/2024\/12\/DSC09521-300x225.jpg 300w\" sizes=\"(max-width: 640px) 100vw, 640px\" data-attachment-id=\"42495\" data-permalink=\"https:\/\/www.alqueria.es\/blogs\/alqueriaartistica\/2024\/12\/18\/el-color-las-formas-la-composicion-6\/dsc09521\/\" data-orig-file=\"https:\/\/cloud.alqueria.es\/wp-content\/uploads\/sites\/12\/2024\/12\/DSC09521.jpg\" data-orig-size=\"640,480\" data-comments-opened=\"1\" data-image-meta=\"{&quot;aperture&quot;:&quot;2.8&quot;,&quot;credit&quot;:&quot;&quot;,&quot;camera&quot;:&quot;DSC-W510&quot;,&quot;caption&quot;:&quot;&quot;,&quot;created_timestamp&quot;:&quot;1731664458&quot;,&quot;copyright&quot;:&quot;Copyright 2009&quot;,&quot;focal_length&quot;:&quot;4.7&quot;,&quot;iso&quot;:&quot;400&quot;,&quot;shutter_speed&quot;:&quot;0.008&quot;,&quot;title&quot;:&quot;&quot;,&quot;orientation&quot;:&quot;1&quot;}\" data-image-title=\"DSC09521\" data-image-description=\"\" data-image-caption=\"\" data-large-file=\"https:\/\/cloud.alqueria.es\/wp-content\/uploads\/sites\/12\/2024\/12\/DSC09521.jpg\" \/><\/a>\n\t\t\t<\/div><\/figure><figure class='gallery-item'>\n\t\t\t<div class='gallery-icon landscape'>\n\t\t\t\t<a href='https:\/\/www.alqueria.es\/blogs\/alqueriaartistica\/2024\/12\/18\/el-color-las-formas-la-composicion-6\/dsc09526\/'><img decoding=\"async\" width=\"640\" height=\"480\" src=\"https:\/\/cloud.alqueria.es\/wp-content\/uploads\/sites\/12\/2024\/12\/DSC09526.jpg\" class=\"attachment-full size-full\" alt=\"\" srcset=\"https:\/\/cloud.alqueria.es\/wp-content\/uploads\/sites\/12\/2024\/12\/DSC09526.jpg 640w, https:\/\/cloud.alqueria.es\/wp-content\/uploads\/sites\/12\/2024\/12\/DSC09526-300x225.jpg 300w\" sizes=\"(max-width: 640px) 100vw, 640px\" data-attachment-id=\"42494\" data-permalink=\"https:\/\/www.alqueria.es\/blogs\/alqueriaartistica\/2024\/12\/18\/el-color-las-formas-la-composicion-6\/dsc09526\/\" data-orig-file=\"https:\/\/cloud.alqueria.es\/wp-content\/uploads\/sites\/12\/2024\/12\/DSC09526.jpg\" data-orig-size=\"640,480\" data-comments-opened=\"1\" data-image-meta=\"{&quot;aperture&quot;:&quot;2.8&quot;,&quot;credit&quot;:&quot;&quot;,&quot;camera&quot;:&quot;DSC-W510&quot;,&quot;caption&quot;:&quot;&quot;,&quot;created_timestamp&quot;:&quot;1731664970&quot;,&quot;copyright&quot;:&quot;Copyright 2009&quot;,&quot;focal_length&quot;:&quot;4.7&quot;,&quot;iso&quot;:&quot;400&quot;,&quot;shutter_speed&quot;:&quot;0.008&quot;,&quot;title&quot;:&quot;&quot;,&quot;orientation&quot;:&quot;1&quot;}\" data-image-title=\"DSC09526\" data-image-description=\"\" data-image-caption=\"\" data-large-file=\"https:\/\/cloud.alqueria.es\/wp-content\/uploads\/sites\/12\/2024\/12\/DSC09526.jpg\" \/><\/a>\n\t\t\t<\/div><\/figure><figure class='gallery-item'>\n\t\t\t<div class='gallery-icon landscape'>\n\t\t\t\t<a href='https:\/\/www.alqueria.es\/blogs\/alqueriaartistica\/2024\/12\/18\/el-color-las-formas-la-composicion-6\/dsc09529\/'><img decoding=\"async\" width=\"640\" height=\"480\" src=\"https:\/\/cloud.alqueria.es\/wp-content\/uploads\/sites\/12\/2024\/12\/DSC09529.jpg\" class=\"attachment-full size-full\" alt=\"\" srcset=\"https:\/\/cloud.alqueria.es\/wp-content\/uploads\/sites\/12\/2024\/12\/DSC09529.jpg 640w, https:\/\/cloud.alqueria.es\/wp-content\/uploads\/sites\/12\/2024\/12\/DSC09529-300x225.jpg 300w\" sizes=\"(max-width: 640px) 100vw, 640px\" data-attachment-id=\"42493\" data-permalink=\"https:\/\/www.alqueria.es\/blogs\/alqueriaartistica\/2024\/12\/18\/el-color-las-formas-la-composicion-6\/dsc09529\/\" data-orig-file=\"https:\/\/cloud.alqueria.es\/wp-content\/uploads\/sites\/12\/2024\/12\/DSC09529.jpg\" data-orig-size=\"640,480\" data-comments-opened=\"1\" data-image-meta=\"{&quot;aperture&quot;:&quot;2.8&quot;,&quot;credit&quot;:&quot;&quot;,&quot;camera&quot;:&quot;DSC-W510&quot;,&quot;caption&quot;:&quot;&quot;,&quot;created_timestamp&quot;:&quot;1731666411&quot;,&quot;copyright&quot;:&quot;Copyright 2009&quot;,&quot;focal_length&quot;:&quot;4.7&quot;,&quot;iso&quot;:&quot;800&quot;,&quot;shutter_speed&quot;:&quot;0.004&quot;,&quot;title&quot;:&quot;&quot;,&quot;orientation&quot;:&quot;1&quot;}\" data-image-title=\"DSC09529\" data-image-description=\"\" data-image-caption=\"\" data-large-file=\"https:\/\/cloud.alqueria.es\/wp-content\/uploads\/sites\/12\/2024\/12\/DSC09529.jpg\" \/><\/a>\n\t\t\t<\/div><\/figure><figure class='gallery-item'>\n\t\t\t<div class='gallery-icon landscape'>\n\t\t\t\t<a href='https:\/\/www.alqueria.es\/blogs\/alqueriaartistica\/2024\/12\/18\/el-color-las-formas-la-composicion-6\/dsc09531\/'><img decoding=\"async\" width=\"640\" height=\"480\" src=\"https:\/\/cloud.alqueria.es\/wp-content\/uploads\/sites\/12\/2024\/12\/DSC09531.jpg\" class=\"attachment-full size-full\" alt=\"\" srcset=\"https:\/\/cloud.alqueria.es\/wp-content\/uploads\/sites\/12\/2024\/12\/DSC09531.jpg 640w, https:\/\/cloud.alqueria.es\/wp-content\/uploads\/sites\/12\/2024\/12\/DSC09531-300x225.jpg 300w\" sizes=\"(max-width: 640px) 100vw, 640px\" data-attachment-id=\"42492\" data-permalink=\"https:\/\/www.alqueria.es\/blogs\/alqueriaartistica\/2024\/12\/18\/el-color-las-formas-la-composicion-6\/dsc09531\/\" data-orig-file=\"https:\/\/cloud.alqueria.es\/wp-content\/uploads\/sites\/12\/2024\/12\/DSC09531.jpg\" data-orig-size=\"640,480\" data-comments-opened=\"1\" data-image-meta=\"{&quot;aperture&quot;:&quot;2.8&quot;,&quot;credit&quot;:&quot;&quot;,&quot;camera&quot;:&quot;DSC-W510&quot;,&quot;caption&quot;:&quot;&quot;,&quot;created_timestamp&quot;:&quot;1731666486&quot;,&quot;copyright&quot;:&quot;Copyright 2009&quot;,&quot;focal_length&quot;:&quot;4.7&quot;,&quot;iso&quot;:&quot;400&quot;,&quot;shutter_speed&quot;:&quot;0.004&quot;,&quot;title&quot;:&quot;&quot;,&quot;orientation&quot;:&quot;1&quot;}\" data-image-title=\"DSC09531\" data-image-description=\"\" data-image-caption=\"\" data-large-file=\"https:\/\/cloud.alqueria.es\/wp-content\/uploads\/sites\/12\/2024\/12\/DSC09531.jpg\" \/><\/a>\n\t\t\t<\/div><\/figure>\n\t\t<\/div>\n\n<p>En otra sesi\u00f3n, cuando los colores se han secado, pasamos al recortado, otro momento en el que hay que concentrarse y practicar el uso de las tijeras.\u00a0 Las formas dejan de serlo si nos salimos del recorrido de la l\u00ednea. El c\u00edrculo es el que presenta m\u00e1s dificultades.<\/p>\n<div data-carousel-extra='{&quot;blog_id&quot;:12,&quot;permalink&quot;:&quot;https:\/\/www.alqueria.es\/blogs\/alqueriaartistica\/2024\/12\/18\/el-color-las-formas-la-composicion-6\/&quot;}' id='gallery-4' class='gallery galleryid-42473 gallery-columns-3 gallery-size-full'><figure class='gallery-item'>\n\t\t\t<div class='gallery-icon landscape'>\n\t\t\t\t<a href='https:\/\/www.alqueria.es\/blogs\/alqueriaartistica\/2024\/12\/18\/el-color-las-formas-la-composicion-6\/dsc09704\/'><img decoding=\"async\" width=\"640\" height=\"480\" src=\"https:\/\/cloud.alqueria.es\/wp-content\/uploads\/sites\/12\/2024\/12\/DSC09704.jpg\" class=\"attachment-full size-full\" alt=\"\" srcset=\"https:\/\/cloud.alqueria.es\/wp-content\/uploads\/sites\/12\/2024\/12\/DSC09704.jpg 640w, https:\/\/cloud.alqueria.es\/wp-content\/uploads\/sites\/12\/2024\/12\/DSC09704-300x225.jpg 300w\" sizes=\"(max-width: 640px) 100vw, 640px\" data-attachment-id=\"42515\" data-permalink=\"https:\/\/www.alqueria.es\/blogs\/alqueriaartistica\/2024\/12\/18\/el-color-las-formas-la-composicion-6\/dsc09704\/\" data-orig-file=\"https:\/\/cloud.alqueria.es\/wp-content\/uploads\/sites\/12\/2024\/12\/DSC09704.jpg\" data-orig-size=\"640,480\" data-comments-opened=\"1\" data-image-meta=\"{&quot;aperture&quot;:&quot;2.8&quot;,&quot;credit&quot;:&quot;&quot;,&quot;camera&quot;:&quot;DSC-W510&quot;,&quot;caption&quot;:&quot;&quot;,&quot;created_timestamp&quot;:&quot;1732268301&quot;,&quot;copyright&quot;:&quot;Copyright 2009&quot;,&quot;focal_length&quot;:&quot;4.7&quot;,&quot;iso&quot;:&quot;800&quot;,&quot;shutter_speed&quot;:&quot;0.01&quot;,&quot;title&quot;:&quot;&quot;,&quot;orientation&quot;:&quot;1&quot;}\" data-image-title=\"DSC09704\" data-image-description=\"\" data-image-caption=\"\" data-large-file=\"https:\/\/cloud.alqueria.es\/wp-content\/uploads\/sites\/12\/2024\/12\/DSC09704.jpg\" \/><\/a>\n\t\t\t<\/div><\/figure><figure class='gallery-item'>\n\t\t\t<div class='gallery-icon landscape'>\n\t\t\t\t<a href='https:\/\/www.alqueria.es\/blogs\/alqueriaartistica\/2024\/12\/18\/el-color-las-formas-la-composicion-6\/dsc09705\/'><img decoding=\"async\" width=\"640\" height=\"480\" src=\"https:\/\/cloud.alqueria.es\/wp-content\/uploads\/sites\/12\/2024\/12\/DSC09705.jpg\" class=\"attachment-full size-full\" alt=\"\" srcset=\"https:\/\/cloud.alqueria.es\/wp-content\/uploads\/sites\/12\/2024\/12\/DSC09705.jpg 640w, https:\/\/cloud.alqueria.es\/wp-content\/uploads\/sites\/12\/2024\/12\/DSC09705-300x225.jpg 300w\" sizes=\"(max-width: 640px) 100vw, 640px\" data-attachment-id=\"42514\" data-permalink=\"https:\/\/www.alqueria.es\/blogs\/alqueriaartistica\/2024\/12\/18\/el-color-las-formas-la-composicion-6\/dsc09705\/\" data-orig-file=\"https:\/\/cloud.alqueria.es\/wp-content\/uploads\/sites\/12\/2024\/12\/DSC09705.jpg\" data-orig-size=\"640,480\" data-comments-opened=\"1\" data-image-meta=\"{&quot;aperture&quot;:&quot;2.8&quot;,&quot;credit&quot;:&quot;&quot;,&quot;camera&quot;:&quot;DSC-W510&quot;,&quot;caption&quot;:&quot;&quot;,&quot;created_timestamp&quot;:&quot;1732268308&quot;,&quot;copyright&quot;:&quot;Copyright 2009&quot;,&quot;focal_length&quot;:&quot;4.7&quot;,&quot;iso&quot;:&quot;800&quot;,&quot;shutter_speed&quot;:&quot;0.008&quot;,&quot;title&quot;:&quot;&quot;,&quot;orientation&quot;:&quot;1&quot;}\" data-image-title=\"DSC09705\" data-image-description=\"\" data-image-caption=\"\" data-large-file=\"https:\/\/cloud.alqueria.es\/wp-content\/uploads\/sites\/12\/2024\/12\/DSC09705.jpg\" \/><\/a>\n\t\t\t<\/div><\/figure><figure class='gallery-item'>\n\t\t\t<div class='gallery-icon landscape'>\n\t\t\t\t<a href='https:\/\/www.alqueria.es\/blogs\/alqueriaartistica\/2024\/12\/18\/el-color-las-formas-la-composicion-6\/dsc09708\/'><img decoding=\"async\" width=\"640\" height=\"480\" src=\"https:\/\/cloud.alqueria.es\/wp-content\/uploads\/sites\/12\/2024\/12\/DSC09708.jpg\" class=\"attachment-full size-full\" alt=\"\" srcset=\"https:\/\/cloud.alqueria.es\/wp-content\/uploads\/sites\/12\/2024\/12\/DSC09708.jpg 640w, https:\/\/cloud.alqueria.es\/wp-content\/uploads\/sites\/12\/2024\/12\/DSC09708-300x225.jpg 300w\" sizes=\"(max-width: 640px) 100vw, 640px\" data-attachment-id=\"42511\" data-permalink=\"https:\/\/www.alqueria.es\/blogs\/alqueriaartistica\/2024\/12\/18\/el-color-las-formas-la-composicion-6\/dsc09708\/\" data-orig-file=\"https:\/\/cloud.alqueria.es\/wp-content\/uploads\/sites\/12\/2024\/12\/DSC09708.jpg\" data-orig-size=\"640,480\" data-comments-opened=\"1\" data-image-meta=\"{&quot;aperture&quot;:&quot;2.8&quot;,&quot;credit&quot;:&quot;&quot;,&quot;camera&quot;:&quot;DSC-W510&quot;,&quot;caption&quot;:&quot;&quot;,&quot;created_timestamp&quot;:&quot;1732268322&quot;,&quot;copyright&quot;:&quot;Copyright 2009&quot;,&quot;focal_length&quot;:&quot;4.7&quot;,&quot;iso&quot;:&quot;800&quot;,&quot;shutter_speed&quot;:&quot;0.0125&quot;,&quot;title&quot;:&quot;&quot;,&quot;orientation&quot;:&quot;1&quot;}\" data-image-title=\"DSC09708\" data-image-description=\"\" data-image-caption=\"\" data-large-file=\"https:\/\/cloud.alqueria.es\/wp-content\/uploads\/sites\/12\/2024\/12\/DSC09708.jpg\" \/><\/a>\n\t\t\t<\/div><\/figure><figure class='gallery-item'>\n\t\t\t<div class='gallery-icon landscape'>\n\t\t\t\t<a href='https:\/\/www.alqueria.es\/blogs\/alqueriaartistica\/2024\/12\/18\/el-color-las-formas-la-composicion-6\/dsc09710\/'><img decoding=\"async\" width=\"640\" height=\"480\" src=\"https:\/\/cloud.alqueria.es\/wp-content\/uploads\/sites\/12\/2024\/12\/DSC09710.jpg\" class=\"attachment-full size-full\" alt=\"\" srcset=\"https:\/\/cloud.alqueria.es\/wp-content\/uploads\/sites\/12\/2024\/12\/DSC09710.jpg 640w, https:\/\/cloud.alqueria.es\/wp-content\/uploads\/sites\/12\/2024\/12\/DSC09710-300x225.jpg 300w\" sizes=\"(max-width: 640px) 100vw, 640px\" data-attachment-id=\"42509\" data-permalink=\"https:\/\/www.alqueria.es\/blogs\/alqueriaartistica\/2024\/12\/18\/el-color-las-formas-la-composicion-6\/dsc09710\/\" data-orig-file=\"https:\/\/cloud.alqueria.es\/wp-content\/uploads\/sites\/12\/2024\/12\/DSC09710.jpg\" data-orig-size=\"640,480\" data-comments-opened=\"1\" data-image-meta=\"{&quot;aperture&quot;:&quot;2.8&quot;,&quot;credit&quot;:&quot;&quot;,&quot;camera&quot;:&quot;DSC-W510&quot;,&quot;caption&quot;:&quot;&quot;,&quot;created_timestamp&quot;:&quot;1732268332&quot;,&quot;copyright&quot;:&quot;Copyright 2009&quot;,&quot;focal_length&quot;:&quot;4.7&quot;,&quot;iso&quot;:&quot;800&quot;,&quot;shutter_speed&quot;:&quot;0.008&quot;,&quot;title&quot;:&quot;&quot;,&quot;orientation&quot;:&quot;1&quot;}\" data-image-title=\"DSC09710\" data-image-description=\"\" data-image-caption=\"\" data-large-file=\"https:\/\/cloud.alqueria.es\/wp-content\/uploads\/sites\/12\/2024\/12\/DSC09710.jpg\" \/><\/a>\n\t\t\t<\/div><\/figure><figure class='gallery-item'>\n\t\t\t<div class='gallery-icon landscape'>\n\t\t\t\t<a href='https:\/\/www.alqueria.es\/blogs\/alqueriaartistica\/2024\/12\/18\/el-color-las-formas-la-composicion-6\/dsc09709\/'><img decoding=\"async\" width=\"640\" height=\"480\" src=\"https:\/\/cloud.alqueria.es\/wp-content\/uploads\/sites\/12\/2024\/12\/DSC09709.jpg\" class=\"attachment-full size-full\" alt=\"\" srcset=\"https:\/\/cloud.alqueria.es\/wp-content\/uploads\/sites\/12\/2024\/12\/DSC09709.jpg 640w, https:\/\/cloud.alqueria.es\/wp-content\/uploads\/sites\/12\/2024\/12\/DSC09709-300x225.jpg 300w\" sizes=\"(max-width: 640px) 100vw, 640px\" data-attachment-id=\"42510\" data-permalink=\"https:\/\/www.alqueria.es\/blogs\/alqueriaartistica\/2024\/12\/18\/el-color-las-formas-la-composicion-6\/dsc09709\/\" data-orig-file=\"https:\/\/cloud.alqueria.es\/wp-content\/uploads\/sites\/12\/2024\/12\/DSC09709.jpg\" data-orig-size=\"640,480\" data-comments-opened=\"1\" data-image-meta=\"{&quot;aperture&quot;:&quot;2.8&quot;,&quot;credit&quot;:&quot;&quot;,&quot;camera&quot;:&quot;DSC-W510&quot;,&quot;caption&quot;:&quot;&quot;,&quot;created_timestamp&quot;:&quot;1732268325&quot;,&quot;copyright&quot;:&quot;Copyright 2009&quot;,&quot;focal_length&quot;:&quot;4.7&quot;,&quot;iso&quot;:&quot;800&quot;,&quot;shutter_speed&quot;:&quot;0.00625&quot;,&quot;title&quot;:&quot;&quot;,&quot;orientation&quot;:&quot;1&quot;}\" data-image-title=\"DSC09709\" data-image-description=\"\" data-image-caption=\"\" data-large-file=\"https:\/\/cloud.alqueria.es\/wp-content\/uploads\/sites\/12\/2024\/12\/DSC09709.jpg\" \/><\/a>\n\t\t\t<\/div><\/figure><figure class='gallery-item'>\n\t\t\t<div class='gallery-icon landscape'>\n\t\t\t\t<a href='https:\/\/www.alqueria.es\/blogs\/alqueriaartistica\/2024\/12\/18\/el-color-las-formas-la-composicion-6\/dsc09711\/'><img decoding=\"async\" width=\"640\" height=\"480\" src=\"https:\/\/cloud.alqueria.es\/wp-content\/uploads\/sites\/12\/2024\/12\/DSC09711.jpg\" class=\"attachment-full size-full\" alt=\"\" srcset=\"https:\/\/cloud.alqueria.es\/wp-content\/uploads\/sites\/12\/2024\/12\/DSC09711.jpg 640w, https:\/\/cloud.alqueria.es\/wp-content\/uploads\/sites\/12\/2024\/12\/DSC09711-300x225.jpg 300w\" sizes=\"(max-width: 640px) 100vw, 640px\" data-attachment-id=\"42508\" data-permalink=\"https:\/\/www.alqueria.es\/blogs\/alqueriaartistica\/2024\/12\/18\/el-color-las-formas-la-composicion-6\/dsc09711\/\" data-orig-file=\"https:\/\/cloud.alqueria.es\/wp-content\/uploads\/sites\/12\/2024\/12\/DSC09711.jpg\" data-orig-size=\"640,480\" data-comments-opened=\"1\" data-image-meta=\"{&quot;aperture&quot;:&quot;2.8&quot;,&quot;credit&quot;:&quot;&quot;,&quot;camera&quot;:&quot;DSC-W510&quot;,&quot;caption&quot;:&quot;&quot;,&quot;created_timestamp&quot;:&quot;1732268363&quot;,&quot;copyright&quot;:&quot;Copyright 2009&quot;,&quot;focal_length&quot;:&quot;4.7&quot;,&quot;iso&quot;:&quot;800&quot;,&quot;shutter_speed&quot;:&quot;0.00625&quot;,&quot;title&quot;:&quot;&quot;,&quot;orientation&quot;:&quot;1&quot;}\" data-image-title=\"DSC09711\" data-image-description=\"\" data-image-caption=\"\" data-large-file=\"https:\/\/cloud.alqueria.es\/wp-content\/uploads\/sites\/12\/2024\/12\/DSC09711.jpg\" \/><\/a>\n\t\t\t<\/div><\/figure>\n\t\t<\/div>\n\n<p>En este momento es donde se produce la magia. Las formas recortadas van apareciendo sobre sus mesas. El acto de composici\u00f3n espont\u00e1nea es inmediato. Cada alumno comienza a crear diferentes formas, les sugerimos que pueden compartirlas para crear figuras m\u00e1s grandes. De forma instintiva est\u00e1n entrando en la composici\u00f3n,\u00a0 distribuyendo de manera equilibrada los diferentes elementos que forman parte de lo que est\u00e1n representando.<\/p>\n<div data-carousel-extra='{&quot;blog_id&quot;:12,&quot;permalink&quot;:&quot;https:\/\/www.alqueria.es\/blogs\/alqueriaartistica\/2024\/12\/18\/el-color-las-formas-la-composicion-6\/&quot;}' id='gallery-5' class='gallery galleryid-42473 gallery-columns-2 gallery-size-full'><figure class='gallery-item'>\n\t\t\t<div class='gallery-icon landscape'>\n\t\t\t\t<a href='https:\/\/www.alqueria.es\/blogs\/alqueriaartistica\/2024\/12\/18\/el-color-las-formas-la-composicion-6\/dsc09707\/'><img decoding=\"async\" width=\"640\" height=\"480\" src=\"https:\/\/cloud.alqueria.es\/wp-content\/uploads\/sites\/12\/2024\/12\/DSC09707.jpg\" class=\"attachment-full size-full\" alt=\"\" srcset=\"https:\/\/cloud.alqueria.es\/wp-content\/uploads\/sites\/12\/2024\/12\/DSC09707.jpg 640w, https:\/\/cloud.alqueria.es\/wp-content\/uploads\/sites\/12\/2024\/12\/DSC09707-300x225.jpg 300w\" sizes=\"(max-width: 640px) 100vw, 640px\" data-attachment-id=\"42512\" data-permalink=\"https:\/\/www.alqueria.es\/blogs\/alqueriaartistica\/2024\/12\/18\/el-color-las-formas-la-composicion-6\/dsc09707\/\" data-orig-file=\"https:\/\/cloud.alqueria.es\/wp-content\/uploads\/sites\/12\/2024\/12\/DSC09707.jpg\" data-orig-size=\"640,480\" data-comments-opened=\"1\" data-image-meta=\"{&quot;aperture&quot;:&quot;2.8&quot;,&quot;credit&quot;:&quot;&quot;,&quot;camera&quot;:&quot;DSC-W510&quot;,&quot;caption&quot;:&quot;&quot;,&quot;created_timestamp&quot;:&quot;1732268316&quot;,&quot;copyright&quot;:&quot;Copyright 2009&quot;,&quot;focal_length&quot;:&quot;4.7&quot;,&quot;iso&quot;:&quot;800&quot;,&quot;shutter_speed&quot;:&quot;0.008&quot;,&quot;title&quot;:&quot;&quot;,&quot;orientation&quot;:&quot;1&quot;}\" data-image-title=\"DSC09707\" data-image-description=\"\" data-image-caption=\"\" data-large-file=\"https:\/\/cloud.alqueria.es\/wp-content\/uploads\/sites\/12\/2024\/12\/DSC09707.jpg\" \/><\/a>\n\t\t\t<\/div><\/figure><figure class='gallery-item'>\n\t\t\t<div class='gallery-icon landscape'>\n\t\t\t\t<a href='https:\/\/www.alqueria.es\/blogs\/alqueriaartistica\/2024\/12\/18\/el-color-las-formas-la-composicion-6\/dsc09750\/'><img decoding=\"async\" width=\"640\" height=\"480\" src=\"https:\/\/cloud.alqueria.es\/wp-content\/uploads\/sites\/12\/2024\/12\/DSC09750.jpg\" class=\"attachment-full size-full\" alt=\"\" srcset=\"https:\/\/cloud.alqueria.es\/wp-content\/uploads\/sites\/12\/2024\/12\/DSC09750.jpg 640w, https:\/\/cloud.alqueria.es\/wp-content\/uploads\/sites\/12\/2024\/12\/DSC09750-300x225.jpg 300w\" sizes=\"(max-width: 640px) 100vw, 640px\" data-attachment-id=\"42507\" data-permalink=\"https:\/\/www.alqueria.es\/blogs\/alqueriaartistica\/2024\/12\/18\/el-color-las-formas-la-composicion-6\/dsc09750\/\" data-orig-file=\"https:\/\/cloud.alqueria.es\/wp-content\/uploads\/sites\/12\/2024\/12\/DSC09750.jpg\" data-orig-size=\"640,480\" data-comments-opened=\"1\" data-image-meta=\"{&quot;aperture&quot;:&quot;2.8&quot;,&quot;credit&quot;:&quot;&quot;,&quot;camera&quot;:&quot;DSC-W510&quot;,&quot;caption&quot;:&quot;&quot;,&quot;created_timestamp&quot;:&quot;1732269812&quot;,&quot;copyright&quot;:&quot;Copyright 2009&quot;,&quot;focal_length&quot;:&quot;4.7&quot;,&quot;iso&quot;:&quot;800&quot;,&quot;shutter_speed&quot;:&quot;0.01&quot;,&quot;title&quot;:&quot;&quot;,&quot;orientation&quot;:&quot;1&quot;}\" data-image-title=\"DSC09750\" data-image-description=\"\" data-image-caption=\"\" data-large-file=\"https:\/\/cloud.alqueria.es\/wp-content\/uploads\/sites\/12\/2024\/12\/DSC09750.jpg\" \/><\/a>\n\t\t\t<\/div><\/figure><figure class='gallery-item'>\n\t\t\t<div class='gallery-icon landscape'>\n\t\t\t\t<a href='https:\/\/www.alqueria.es\/blogs\/alqueriaartistica\/2024\/12\/18\/el-color-las-formas-la-composicion-6\/dsc09758\/'><img decoding=\"async\" width=\"640\" height=\"480\" src=\"https:\/\/cloud.alqueria.es\/wp-content\/uploads\/sites\/12\/2024\/12\/DSC09758.jpg\" class=\"attachment-full size-full\" alt=\"\" srcset=\"https:\/\/cloud.alqueria.es\/wp-content\/uploads\/sites\/12\/2024\/12\/DSC09758.jpg 640w, https:\/\/cloud.alqueria.es\/wp-content\/uploads\/sites\/12\/2024\/12\/DSC09758-300x225.jpg 300w\" sizes=\"(max-width: 640px) 100vw, 640px\" data-attachment-id=\"42506\" data-permalink=\"https:\/\/www.alqueria.es\/blogs\/alqueriaartistica\/2024\/12\/18\/el-color-las-formas-la-composicion-6\/dsc09758\/\" data-orig-file=\"https:\/\/cloud.alqueria.es\/wp-content\/uploads\/sites\/12\/2024\/12\/DSC09758.jpg\" data-orig-size=\"640,480\" data-comments-opened=\"1\" data-image-meta=\"{&quot;aperture&quot;:&quot;2.8&quot;,&quot;credit&quot;:&quot;&quot;,&quot;camera&quot;:&quot;DSC-W510&quot;,&quot;caption&quot;:&quot;&quot;,&quot;created_timestamp&quot;:&quot;1732270475&quot;,&quot;copyright&quot;:&quot;Copyright 2009&quot;,&quot;focal_length&quot;:&quot;4.7&quot;,&quot;iso&quot;:&quot;3200&quot;,&quot;shutter_speed&quot;:&quot;0.004&quot;,&quot;title&quot;:&quot;&quot;,&quot;orientation&quot;:&quot;1&quot;}\" data-image-title=\"DSC09758\" data-image-description=\"\" data-image-caption=\"\" data-large-file=\"https:\/\/cloud.alqueria.es\/wp-content\/uploads\/sites\/12\/2024\/12\/DSC09758.jpg\" \/><\/a>\n\t\t\t<\/div><\/figure><figure class='gallery-item'>\n\t\t\t<div class='gallery-icon landscape'>\n\t\t\t\t<a href='https:\/\/www.alqueria.es\/blogs\/alqueriaartistica\/2024\/12\/18\/el-color-las-formas-la-composicion-6\/dsc09760\/'><img decoding=\"async\" width=\"640\" height=\"480\" src=\"https:\/\/cloud.alqueria.es\/wp-content\/uploads\/sites\/12\/2024\/12\/DSC09760.jpg\" class=\"attachment-full size-full\" alt=\"\" srcset=\"https:\/\/cloud.alqueria.es\/wp-content\/uploads\/sites\/12\/2024\/12\/DSC09760.jpg 640w, https:\/\/cloud.alqueria.es\/wp-content\/uploads\/sites\/12\/2024\/12\/DSC09760-300x225.jpg 300w\" sizes=\"(max-width: 640px) 100vw, 640px\" data-attachment-id=\"42504\" data-permalink=\"https:\/\/www.alqueria.es\/blogs\/alqueriaartistica\/2024\/12\/18\/el-color-las-formas-la-composicion-6\/dsc09760\/\" data-orig-file=\"https:\/\/cloud.alqueria.es\/wp-content\/uploads\/sites\/12\/2024\/12\/DSC09760.jpg\" data-orig-size=\"640,480\" data-comments-opened=\"1\" data-image-meta=\"{&quot;aperture&quot;:&quot;2.8&quot;,&quot;credit&quot;:&quot;&quot;,&quot;camera&quot;:&quot;DSC-W510&quot;,&quot;caption&quot;:&quot;&quot;,&quot;created_timestamp&quot;:&quot;1732270505&quot;,&quot;copyright&quot;:&quot;Copyright 2009&quot;,&quot;focal_length&quot;:&quot;4.7&quot;,&quot;iso&quot;:&quot;800&quot;,&quot;shutter_speed&quot;:&quot;0.008&quot;,&quot;title&quot;:&quot;&quot;,&quot;orientation&quot;:&quot;1&quot;}\" data-image-title=\"DSC09760\" data-image-description=\"\" data-image-caption=\"\" data-large-file=\"https:\/\/cloud.alqueria.es\/wp-content\/uploads\/sites\/12\/2024\/12\/DSC09760.jpg\" \/><\/a>\n\t\t\t<\/div><\/figure><figure class='gallery-item'>\n\t\t\t<div class='gallery-icon landscape'>\n\t\t\t\t<a href='https:\/\/www.alqueria.es\/blogs\/alqueriaartistica\/2024\/12\/18\/el-color-las-formas-la-composicion-6\/dsc09765\/'><img decoding=\"async\" width=\"640\" height=\"480\" src=\"https:\/\/cloud.alqueria.es\/wp-content\/uploads\/sites\/12\/2024\/12\/DSC09765.jpg\" class=\"attachment-full size-full\" alt=\"\" srcset=\"https:\/\/cloud.alqueria.es\/wp-content\/uploads\/sites\/12\/2024\/12\/DSC09765.jpg 640w, https:\/\/cloud.alqueria.es\/wp-content\/uploads\/sites\/12\/2024\/12\/DSC09765-300x225.jpg 300w\" sizes=\"(max-width: 640px) 100vw, 640px\" data-attachment-id=\"42503\" data-permalink=\"https:\/\/www.alqueria.es\/blogs\/alqueriaartistica\/2024\/12\/18\/el-color-las-formas-la-composicion-6\/dsc09765\/\" data-orig-file=\"https:\/\/cloud.alqueria.es\/wp-content\/uploads\/sites\/12\/2024\/12\/DSC09765.jpg\" data-orig-size=\"640,480\" data-comments-opened=\"1\" data-image-meta=\"{&quot;aperture&quot;:&quot;2.8&quot;,&quot;credit&quot;:&quot;&quot;,&quot;camera&quot;:&quot;DSC-W510&quot;,&quot;caption&quot;:&quot;&quot;,&quot;created_timestamp&quot;:&quot;1732270583&quot;,&quot;copyright&quot;:&quot;Copyright 2009&quot;,&quot;focal_length&quot;:&quot;4.7&quot;,&quot;iso&quot;:&quot;800&quot;,&quot;shutter_speed&quot;:&quot;0.008&quot;,&quot;title&quot;:&quot;&quot;,&quot;orientation&quot;:&quot;1&quot;}\" data-image-title=\"DSC09765\" data-image-description=\"\" data-image-caption=\"\" data-large-file=\"https:\/\/cloud.alqueria.es\/wp-content\/uploads\/sites\/12\/2024\/12\/DSC09765.jpg\" \/><\/a>\n\t\t\t<\/div><\/figure><figure class='gallery-item'>\n\t\t\t<div class='gallery-icon landscape'>\n\t\t\t\t<a href='https:\/\/www.alqueria.es\/blogs\/alqueriaartistica\/2024\/12\/18\/el-color-las-formas-la-composicion-6\/dsc09766\/'><img decoding=\"async\" width=\"640\" height=\"480\" src=\"https:\/\/cloud.alqueria.es\/wp-content\/uploads\/sites\/12\/2024\/12\/DSC09766.jpg\" class=\"attachment-full size-full\" alt=\"\" srcset=\"https:\/\/cloud.alqueria.es\/wp-content\/uploads\/sites\/12\/2024\/12\/DSC09766.jpg 640w, https:\/\/cloud.alqueria.es\/wp-content\/uploads\/sites\/12\/2024\/12\/DSC09766-300x225.jpg 300w\" sizes=\"(max-width: 640px) 100vw, 640px\" data-attachment-id=\"42502\" data-permalink=\"https:\/\/www.alqueria.es\/blogs\/alqueriaartistica\/2024\/12\/18\/el-color-las-formas-la-composicion-6\/dsc09766\/\" data-orig-file=\"https:\/\/cloud.alqueria.es\/wp-content\/uploads\/sites\/12\/2024\/12\/DSC09766.jpg\" data-orig-size=\"640,480\" data-comments-opened=\"1\" data-image-meta=\"{&quot;aperture&quot;:&quot;2.8&quot;,&quot;credit&quot;:&quot;&quot;,&quot;camera&quot;:&quot;DSC-W510&quot;,&quot;caption&quot;:&quot;&quot;,&quot;created_timestamp&quot;:&quot;1732270584&quot;,&quot;copyright&quot;:&quot;Copyright 2009&quot;,&quot;focal_length&quot;:&quot;4.7&quot;,&quot;iso&quot;:&quot;400&quot;,&quot;shutter_speed&quot;:&quot;0.008&quot;,&quot;title&quot;:&quot;&quot;,&quot;orientation&quot;:&quot;1&quot;}\" data-image-title=\"DSC09766\" data-image-description=\"\" data-image-caption=\"\" data-large-file=\"https:\/\/cloud.alqueria.es\/wp-content\/uploads\/sites\/12\/2024\/12\/DSC09766.jpg\" \/><\/a>\n\t\t\t<\/div><\/figure><figure class='gallery-item'>\n\t\t\t<div class='gallery-icon landscape'>\n\t\t\t\t<a href='https:\/\/www.alqueria.es\/blogs\/alqueriaartistica\/2024\/12\/18\/el-color-las-formas-la-composicion-6\/dsc09767\/'><img decoding=\"async\" width=\"640\" height=\"480\" src=\"https:\/\/cloud.alqueria.es\/wp-content\/uploads\/sites\/12\/2024\/12\/DSC09767.jpg\" class=\"attachment-full size-full\" alt=\"\" srcset=\"https:\/\/cloud.alqueria.es\/wp-content\/uploads\/sites\/12\/2024\/12\/DSC09767.jpg 640w, https:\/\/cloud.alqueria.es\/wp-content\/uploads\/sites\/12\/2024\/12\/DSC09767-300x225.jpg 300w\" sizes=\"(max-width: 640px) 100vw, 640px\" data-attachment-id=\"42501\" data-permalink=\"https:\/\/www.alqueria.es\/blogs\/alqueriaartistica\/2024\/12\/18\/el-color-las-formas-la-composicion-6\/dsc09767\/\" data-orig-file=\"https:\/\/cloud.alqueria.es\/wp-content\/uploads\/sites\/12\/2024\/12\/DSC09767.jpg\" data-orig-size=\"640,480\" data-comments-opened=\"1\" data-image-meta=\"{&quot;aperture&quot;:&quot;2.8&quot;,&quot;credit&quot;:&quot;&quot;,&quot;camera&quot;:&quot;DSC-W510&quot;,&quot;caption&quot;:&quot;&quot;,&quot;created_timestamp&quot;:&quot;1732270976&quot;,&quot;copyright&quot;:&quot;Copyright 2009&quot;,&quot;focal_length&quot;:&quot;4.7&quot;,&quot;iso&quot;:&quot;800&quot;,&quot;shutter_speed&quot;:&quot;0.005&quot;,&quot;title&quot;:&quot;&quot;,&quot;orientation&quot;:&quot;1&quot;}\" data-image-title=\"DSC09767\" data-image-description=\"\" data-image-caption=\"\" data-large-file=\"https:\/\/cloud.alqueria.es\/wp-content\/uploads\/sites\/12\/2024\/12\/DSC09767.jpg\" \/><\/a>\n\t\t\t<\/div><\/figure><figure class='gallery-item'>\n\t\t\t<div class='gallery-icon portrait'>\n\t\t\t\t<a href='https:\/\/www.alqueria.es\/blogs\/alqueriaartistica\/2024\/12\/18\/el-color-las-formas-la-composicion-6\/dsc09763\/'><img decoding=\"async\" width=\"480\" height=\"640\" src=\"https:\/\/cloud.alqueria.es\/wp-content\/uploads\/sites\/12\/2024\/12\/DSC09763.jpg\" class=\"attachment-full size-full\" alt=\"\" srcset=\"https:\/\/cloud.alqueria.es\/wp-content\/uploads\/sites\/12\/2024\/12\/DSC09763.jpg 480w, https:\/\/cloud.alqueria.es\/wp-content\/uploads\/sites\/12\/2024\/12\/DSC09763-225x300.jpg 225w\" sizes=\"(max-width: 480px) 100vw, 480px\" data-attachment-id=\"42500\" data-permalink=\"https:\/\/www.alqueria.es\/blogs\/alqueriaartistica\/2024\/12\/18\/el-color-las-formas-la-composicion-6\/dsc09763\/\" data-orig-file=\"https:\/\/cloud.alqueria.es\/wp-content\/uploads\/sites\/12\/2024\/12\/DSC09763.jpg\" data-orig-size=\"480,640\" data-comments-opened=\"1\" data-image-meta=\"{&quot;aperture&quot;:&quot;2.8&quot;,&quot;credit&quot;:&quot;&quot;,&quot;camera&quot;:&quot;DSC-W510&quot;,&quot;caption&quot;:&quot;&quot;,&quot;created_timestamp&quot;:&quot;1732270562&quot;,&quot;copyright&quot;:&quot;Copyright 2009&quot;,&quot;focal_length&quot;:&quot;4.7&quot;,&quot;iso&quot;:&quot;1600&quot;,&quot;shutter_speed&quot;:&quot;0.005&quot;,&quot;title&quot;:&quot;&quot;,&quot;orientation&quot;:&quot;1&quot;}\" data-image-title=\"DSC09763\" data-image-description=\"\" data-image-caption=\"\" data-large-file=\"https:\/\/cloud.alqueria.es\/wp-content\/uploads\/sites\/12\/2024\/12\/DSC09763.jpg\" \/><\/a>\n\t\t\t<\/div><\/figure><figure class='gallery-item'>\n\t\t\t<div class='gallery-icon landscape'>\n\t\t\t\t<a href='https:\/\/www.alqueria.es\/blogs\/alqueriaartistica\/2024\/12\/18\/el-color-las-formas-la-composicion-6\/dsc09753\/'><img decoding=\"async\" width=\"640\" height=\"480\" src=\"https:\/\/cloud.alqueria.es\/wp-content\/uploads\/sites\/12\/2024\/12\/DSC09753.jpg\" class=\"attachment-full size-full\" alt=\"\" srcset=\"https:\/\/cloud.alqueria.es\/wp-content\/uploads\/sites\/12\/2024\/12\/DSC09753.jpg 640w, https:\/\/cloud.alqueria.es\/wp-content\/uploads\/sites\/12\/2024\/12\/DSC09753-300x225.jpg 300w\" sizes=\"(max-width: 640px) 100vw, 640px\" data-attachment-id=\"42499\" data-permalink=\"https:\/\/www.alqueria.es\/blogs\/alqueriaartistica\/2024\/12\/18\/el-color-las-formas-la-composicion-6\/dsc09753\/\" data-orig-file=\"https:\/\/cloud.alqueria.es\/wp-content\/uploads\/sites\/12\/2024\/12\/DSC09753.jpg\" data-orig-size=\"640,480\" data-comments-opened=\"1\" data-image-meta=\"{&quot;aperture&quot;:&quot;2.8&quot;,&quot;credit&quot;:&quot;&quot;,&quot;camera&quot;:&quot;DSC-W510&quot;,&quot;caption&quot;:&quot;&quot;,&quot;created_timestamp&quot;:&quot;1732270198&quot;,&quot;copyright&quot;:&quot;Copyright 2009&quot;,&quot;focal_length&quot;:&quot;4.7&quot;,&quot;iso&quot;:&quot;1600&quot;,&quot;shutter_speed&quot;:&quot;0.016666666666667&quot;,&quot;title&quot;:&quot;&quot;,&quot;orientation&quot;:&quot;1&quot;}\" data-image-title=\"DSC09753\" data-image-description=\"\" data-image-caption=\"\" data-large-file=\"https:\/\/cloud.alqueria.es\/wp-content\/uploads\/sites\/12\/2024\/12\/DSC09753.jpg\" \/><\/a>\n\t\t\t<\/div><\/figure><figure class='gallery-item'>\n\t\t\t<div class='gallery-icon portrait'>\n\t\t\t\t<a href='https:\/\/www.alqueria.es\/blogs\/alqueriaartistica\/2024\/12\/18\/el-color-las-formas-la-composicion-6\/dsc09751\/'><img decoding=\"async\" width=\"480\" height=\"640\" src=\"https:\/\/cloud.alqueria.es\/wp-content\/uploads\/sites\/12\/2024\/12\/DSC09751.jpg\" class=\"attachment-full size-full\" alt=\"\" srcset=\"https:\/\/cloud.alqueria.es\/wp-content\/uploads\/sites\/12\/2024\/12\/DSC09751.jpg 480w, https:\/\/cloud.alqueria.es\/wp-content\/uploads\/sites\/12\/2024\/12\/DSC09751-225x300.jpg 225w\" sizes=\"(max-width: 480px) 100vw, 480px\" data-attachment-id=\"42498\" data-permalink=\"https:\/\/www.alqueria.es\/blogs\/alqueriaartistica\/2024\/12\/18\/el-color-las-formas-la-composicion-6\/dsc09751\/\" data-orig-file=\"https:\/\/cloud.alqueria.es\/wp-content\/uploads\/sites\/12\/2024\/12\/DSC09751.jpg\" data-orig-size=\"480,640\" data-comments-opened=\"1\" data-image-meta=\"{&quot;aperture&quot;:&quot;2.8&quot;,&quot;credit&quot;:&quot;&quot;,&quot;camera&quot;:&quot;DSC-W510&quot;,&quot;caption&quot;:&quot;&quot;,&quot;created_timestamp&quot;:&quot;1732269896&quot;,&quot;copyright&quot;:&quot;Copyright 2009&quot;,&quot;focal_length&quot;:&quot;4.7&quot;,&quot;iso&quot;:&quot;800&quot;,&quot;shutter_speed&quot;:&quot;0.008&quot;,&quot;title&quot;:&quot;&quot;,&quot;orientation&quot;:&quot;1&quot;}\" data-image-title=\"DSC09751\" data-image-description=\"\" data-image-caption=\"\" data-large-file=\"https:\/\/cloud.alqueria.es\/wp-content\/uploads\/sites\/12\/2024\/12\/DSC09751.jpg\" \/><\/a>\n\t\t\t<\/div><\/figure>\n\t\t<\/div>\n\n<p>Para finalizar la actividad les animamos a que realicen una \u00faltima composici\u00f3n sobre cartulinas blancas o negras. De esta forma jugamos con el espacio creando contrastes de color de las formas con los fondos.<\/p>\n<p>Cada grupo pega sus formas en la cartulina y crean un t\u00edtulo para sus trabajos: El sue\u00f1o de Vega, P\u00e1jaro, El Nevada, Nave espacial, Coche 4&#215;4, Casa Happy, Las excavadoras, La casa , El tren arco iris.<\/p>\n<div data-carousel-extra='{&quot;blog_id&quot;:12,&quot;permalink&quot;:&quot;https:\/\/www.alqueria.es\/blogs\/alqueriaartistica\/2024\/12\/18\/el-color-las-formas-la-composicion-6\/&quot;}' id='gallery-6' class='gallery galleryid-42473 gallery-columns-2 gallery-size-full'><figure class='gallery-item'>\n\t\t\t<div class='gallery-icon landscape'>\n\t\t\t\t<a href='https:\/\/www.alqueria.es\/blogs\/alqueriaartistica\/2024\/12\/18\/el-color-las-formas-la-composicion-6\/dsc00122\/'><img decoding=\"async\" width=\"640\" height=\"480\" src=\"https:\/\/cloud.alqueria.es\/wp-content\/uploads\/sites\/12\/2024\/12\/DSC00122.jpg\" class=\"attachment-full size-full\" alt=\"\" srcset=\"https:\/\/cloud.alqueria.es\/wp-content\/uploads\/sites\/12\/2024\/12\/DSC00122.jpg 640w, https:\/\/cloud.alqueria.es\/wp-content\/uploads\/sites\/12\/2024\/12\/DSC00122-300x225.jpg 300w\" sizes=\"(max-width: 640px) 100vw, 640px\" data-attachment-id=\"42480\" data-permalink=\"https:\/\/www.alqueria.es\/blogs\/alqueriaartistica\/2024\/12\/18\/el-color-las-formas-la-composicion-6\/dsc00122\/\" data-orig-file=\"https:\/\/cloud.alqueria.es\/wp-content\/uploads\/sites\/12\/2024\/12\/DSC00122.jpg\" data-orig-size=\"640,480\" data-comments-opened=\"1\" data-image-meta=\"{&quot;aperture&quot;:&quot;2.8&quot;,&quot;credit&quot;:&quot;&quot;,&quot;camera&quot;:&quot;DSC-W510&quot;,&quot;caption&quot;:&quot;&quot;,&quot;created_timestamp&quot;:&quot;1734107294&quot;,&quot;copyright&quot;:&quot;Copyright 2009&quot;,&quot;focal_length&quot;:&quot;4.7&quot;,&quot;iso&quot;:&quot;1600&quot;,&quot;shutter_speed&quot;:&quot;0.02&quot;,&quot;title&quot;:&quot;&quot;,&quot;orientation&quot;:&quot;1&quot;}\" data-image-title=\"DSC00122\" data-image-description=\"\" data-image-caption=\"\" data-large-file=\"https:\/\/cloud.alqueria.es\/wp-content\/uploads\/sites\/12\/2024\/12\/DSC00122.jpg\" \/><\/a>\n\t\t\t<\/div><\/figure><figure class='gallery-item'>\n\t\t\t<div class='gallery-icon landscape'>\n\t\t\t\t<a href='https:\/\/www.alqueria.es\/blogs\/alqueriaartistica\/2024\/12\/18\/el-color-las-formas-la-composicion-6\/dsc00130\/'><img decoding=\"async\" width=\"571\" height=\"430\" src=\"https:\/\/cloud.alqueria.es\/wp-content\/uploads\/sites\/12\/2024\/12\/DSC00130.jpg\" class=\"attachment-full size-full\" alt=\"\" srcset=\"https:\/\/cloud.alqueria.es\/wp-content\/uploads\/sites\/12\/2024\/12\/DSC00130.jpg 571w, https:\/\/cloud.alqueria.es\/wp-content\/uploads\/sites\/12\/2024\/12\/DSC00130-300x226.jpg 300w\" sizes=\"(max-width: 571px) 100vw, 571px\" data-attachment-id=\"42479\" data-permalink=\"https:\/\/www.alqueria.es\/blogs\/alqueriaartistica\/2024\/12\/18\/el-color-las-formas-la-composicion-6\/dsc00130\/\" data-orig-file=\"https:\/\/cloud.alqueria.es\/wp-content\/uploads\/sites\/12\/2024\/12\/DSC00130.jpg\" data-orig-size=\"571,430\" data-comments-opened=\"1\" data-image-meta=\"{&quot;aperture&quot;:&quot;2.8&quot;,&quot;credit&quot;:&quot;&quot;,&quot;camera&quot;:&quot;DSC-W510&quot;,&quot;caption&quot;:&quot;&quot;,&quot;created_timestamp&quot;:&quot;1734107335&quot;,&quot;copyright&quot;:&quot;Copyright 2009&quot;,&quot;focal_length&quot;:&quot;4.7&quot;,&quot;iso&quot;:&quot;800&quot;,&quot;shutter_speed&quot;:&quot;0.008&quot;,&quot;title&quot;:&quot;&quot;,&quot;orientation&quot;:&quot;1&quot;}\" data-image-title=\"DSC00130\" data-image-description=\"\" data-image-caption=\"\" data-large-file=\"https:\/\/cloud.alqueria.es\/wp-content\/uploads\/sites\/12\/2024\/12\/DSC00130.jpg\" \/><\/a>\n\t\t\t<\/div><\/figure><figure class='gallery-item'>\n\t\t\t<div class='gallery-icon landscape'>\n\t\t\t\t<a href='https:\/\/www.alqueria.es\/blogs\/alqueriaartistica\/2024\/12\/18\/el-color-las-formas-la-composicion-6\/dsc00129\/'><img decoding=\"async\" width=\"590\" height=\"477\" src=\"https:\/\/cloud.alqueria.es\/wp-content\/uploads\/sites\/12\/2024\/12\/DSC00129.jpg\" class=\"attachment-full size-full\" alt=\"\" srcset=\"https:\/\/cloud.alqueria.es\/wp-content\/uploads\/sites\/12\/2024\/12\/DSC00129.jpg 590w, https:\/\/cloud.alqueria.es\/wp-content\/uploads\/sites\/12\/2024\/12\/DSC00129-300x243.jpg 300w\" sizes=\"(max-width: 590px) 100vw, 590px\" data-attachment-id=\"42478\" data-permalink=\"https:\/\/www.alqueria.es\/blogs\/alqueriaartistica\/2024\/12\/18\/el-color-las-formas-la-composicion-6\/dsc00129\/\" data-orig-file=\"https:\/\/cloud.alqueria.es\/wp-content\/uploads\/sites\/12\/2024\/12\/DSC00129.jpg\" data-orig-size=\"590,477\" data-comments-opened=\"1\" data-image-meta=\"{&quot;aperture&quot;:&quot;2.8&quot;,&quot;credit&quot;:&quot;&quot;,&quot;camera&quot;:&quot;DSC-W510&quot;,&quot;caption&quot;:&quot;&quot;,&quot;created_timestamp&quot;:&quot;1734107331&quot;,&quot;copyright&quot;:&quot;Copyright 2009&quot;,&quot;focal_length&quot;:&quot;4.7&quot;,&quot;iso&quot;:&quot;800&quot;,&quot;shutter_speed&quot;:&quot;0.016666666666667&quot;,&quot;title&quot;:&quot;&quot;,&quot;orientation&quot;:&quot;1&quot;}\" data-image-title=\"DSC00129\" data-image-description=\"\" data-image-caption=\"\" data-large-file=\"https:\/\/cloud.alqueria.es\/wp-content\/uploads\/sites\/12\/2024\/12\/DSC00129.jpg\" \/><\/a>\n\t\t\t<\/div><\/figure><figure class='gallery-item'>\n\t\t\t<div class='gallery-icon landscape'>\n\t\t\t\t<a href='https:\/\/www.alqueria.es\/blogs\/alqueriaartistica\/2024\/12\/18\/el-color-las-formas-la-composicion-6\/dsc00128\/'><img decoding=\"async\" width=\"640\" height=\"480\" src=\"https:\/\/cloud.alqueria.es\/wp-content\/uploads\/sites\/12\/2024\/12\/DSC00128.jpg\" class=\"attachment-full size-full\" alt=\"\" srcset=\"https:\/\/cloud.alqueria.es\/wp-content\/uploads\/sites\/12\/2024\/12\/DSC00128.jpg 640w, https:\/\/cloud.alqueria.es\/wp-content\/uploads\/sites\/12\/2024\/12\/DSC00128-300x225.jpg 300w\" sizes=\"(max-width: 640px) 100vw, 640px\" data-attachment-id=\"42477\" data-permalink=\"https:\/\/www.alqueria.es\/blogs\/alqueriaartistica\/2024\/12\/18\/el-color-las-formas-la-composicion-6\/dsc00128\/\" data-orig-file=\"https:\/\/cloud.alqueria.es\/wp-content\/uploads\/sites\/12\/2024\/12\/DSC00128.jpg\" data-orig-size=\"640,480\" data-comments-opened=\"1\" data-image-meta=\"{&quot;aperture&quot;:&quot;2.8&quot;,&quot;credit&quot;:&quot;&quot;,&quot;camera&quot;:&quot;DSC-W510&quot;,&quot;caption&quot;:&quot;&quot;,&quot;created_timestamp&quot;:&quot;1734107327&quot;,&quot;copyright&quot;:&quot;Copyright 2009&quot;,&quot;focal_length&quot;:&quot;4.7&quot;,&quot;iso&quot;:&quot;800&quot;,&quot;shutter_speed&quot;:&quot;0.008&quot;,&quot;title&quot;:&quot;&quot;,&quot;orientation&quot;:&quot;1&quot;}\" data-image-title=\"DSC00128\" data-image-description=\"\" data-image-caption=\"\" data-large-file=\"https:\/\/cloud.alqueria.es\/wp-content\/uploads\/sites\/12\/2024\/12\/DSC00128.jpg\" \/><\/a>\n\t\t\t<\/div><\/figure><figure class='gallery-item'>\n\t\t\t<div class='gallery-icon landscape'>\n\t\t\t\t<a href='https:\/\/www.alqueria.es\/blogs\/alqueriaartistica\/2024\/12\/18\/el-color-las-formas-la-composicion-6\/dsc00127\/'><img decoding=\"async\" width=\"640\" height=\"480\" src=\"https:\/\/cloud.alqueria.es\/wp-content\/uploads\/sites\/12\/2024\/12\/DSC00127.jpg\" class=\"attachment-full size-full\" alt=\"\" srcset=\"https:\/\/cloud.alqueria.es\/wp-content\/uploads\/sites\/12\/2024\/12\/DSC00127.jpg 640w, https:\/\/cloud.alqueria.es\/wp-content\/uploads\/sites\/12\/2024\/12\/DSC00127-300x225.jpg 300w\" sizes=\"(max-width: 640px) 100vw, 640px\" data-attachment-id=\"42476\" data-permalink=\"https:\/\/www.alqueria.es\/blogs\/alqueriaartistica\/2024\/12\/18\/el-color-las-formas-la-composicion-6\/dsc00127\/\" data-orig-file=\"https:\/\/cloud.alqueria.es\/wp-content\/uploads\/sites\/12\/2024\/12\/DSC00127.jpg\" data-orig-size=\"640,480\" data-comments-opened=\"1\" data-image-meta=\"{&quot;aperture&quot;:&quot;2.8&quot;,&quot;credit&quot;:&quot;&quot;,&quot;camera&quot;:&quot;DSC-W510&quot;,&quot;caption&quot;:&quot;&quot;,&quot;created_timestamp&quot;:&quot;1734107318&quot;,&quot;copyright&quot;:&quot;Copyright 2009&quot;,&quot;focal_length&quot;:&quot;4.7&quot;,&quot;iso&quot;:&quot;1600&quot;,&quot;shutter_speed&quot;:&quot;0.00625&quot;,&quot;title&quot;:&quot;&quot;,&quot;orientation&quot;:&quot;1&quot;}\" data-image-title=\"DSC00127\" data-image-description=\"\" data-image-caption=\"\" data-large-file=\"https:\/\/cloud.alqueria.es\/wp-content\/uploads\/sites\/12\/2024\/12\/DSC00127.jpg\" \/><\/a>\n\t\t\t<\/div><\/figure><figure class='gallery-item'>\n\t\t\t<div class='gallery-icon landscape'>\n\t\t\t\t<a href='https:\/\/www.alqueria.es\/blogs\/alqueriaartistica\/2024\/12\/18\/el-color-las-formas-la-composicion-6\/dsc00126\/'><img decoding=\"async\" width=\"640\" height=\"480\" src=\"https:\/\/cloud.alqueria.es\/wp-content\/uploads\/sites\/12\/2024\/12\/DSC00126.jpg\" class=\"attachment-full size-full\" alt=\"\" srcset=\"https:\/\/cloud.alqueria.es\/wp-content\/uploads\/sites\/12\/2024\/12\/DSC00126.jpg 640w, https:\/\/cloud.alqueria.es\/wp-content\/uploads\/sites\/12\/2024\/12\/DSC00126-300x225.jpg 300w\" sizes=\"(max-width: 640px) 100vw, 640px\" data-attachment-id=\"42475\" data-permalink=\"https:\/\/www.alqueria.es\/blogs\/alqueriaartistica\/2024\/12\/18\/el-color-las-formas-la-composicion-6\/dsc00126\/\" data-orig-file=\"https:\/\/cloud.alqueria.es\/wp-content\/uploads\/sites\/12\/2024\/12\/DSC00126.jpg\" data-orig-size=\"640,480\" data-comments-opened=\"1\" data-image-meta=\"{&quot;aperture&quot;:&quot;2.8&quot;,&quot;credit&quot;:&quot;&quot;,&quot;camera&quot;:&quot;DSC-W510&quot;,&quot;caption&quot;:&quot;&quot;,&quot;created_timestamp&quot;:&quot;1734107313&quot;,&quot;copyright&quot;:&quot;Copyright 2009&quot;,&quot;focal_length&quot;:&quot;4.7&quot;,&quot;iso&quot;:&quot;800&quot;,&quot;shutter_speed&quot;:&quot;0.0125&quot;,&quot;title&quot;:&quot;&quot;,&quot;orientation&quot;:&quot;1&quot;}\" data-image-title=\"DSC00126\" data-image-description=\"\" data-image-caption=\"\" data-large-file=\"https:\/\/cloud.alqueria.es\/wp-content\/uploads\/sites\/12\/2024\/12\/DSC00126.jpg\" \/><\/a>\n\t\t\t<\/div><\/figure><figure class='gallery-item'>\n\t\t\t<div class='gallery-icon landscape'>\n\t\t\t\t<a href='https:\/\/www.alqueria.es\/blogs\/alqueriaartistica\/2024\/12\/18\/el-color-las-formas-la-composicion-6\/dsc00124\/'><img decoding=\"async\" width=\"630\" height=\"469\" src=\"https:\/\/cloud.alqueria.es\/wp-content\/uploads\/sites\/12\/2024\/12\/DSC00124.jpg\" class=\"attachment-full size-full\" alt=\"\" srcset=\"https:\/\/cloud.alqueria.es\/wp-content\/uploads\/sites\/12\/2024\/12\/DSC00124.jpg 630w, https:\/\/cloud.alqueria.es\/wp-content\/uploads\/sites\/12\/2024\/12\/DSC00124-300x223.jpg 300w\" sizes=\"(max-width: 630px) 100vw, 630px\" data-attachment-id=\"42474\" data-permalink=\"https:\/\/www.alqueria.es\/blogs\/alqueriaartistica\/2024\/12\/18\/el-color-las-formas-la-composicion-6\/dsc00124\/\" data-orig-file=\"https:\/\/cloud.alqueria.es\/wp-content\/uploads\/sites\/12\/2024\/12\/DSC00124.jpg\" data-orig-size=\"630,469\" data-comments-opened=\"1\" data-image-meta=\"{&quot;aperture&quot;:&quot;2.8&quot;,&quot;credit&quot;:&quot;&quot;,&quot;camera&quot;:&quot;DSC-W510&quot;,&quot;caption&quot;:&quot;&quot;,&quot;created_timestamp&quot;:&quot;1734107304&quot;,&quot;copyright&quot;:&quot;Copyright 2009&quot;,&quot;focal_length&quot;:&quot;4.7&quot;,&quot;iso&quot;:&quot;800&quot;,&quot;shutter_speed&quot;:&quot;0.016666666666667&quot;,&quot;title&quot;:&quot;&quot;,&quot;orientation&quot;:&quot;1&quot;}\" data-image-title=\"DSC00124\" data-image-description=\"\" data-image-caption=\"\" data-large-file=\"https:\/\/cloud.alqueria.es\/wp-content\/uploads\/sites\/12\/2024\/12\/DSC00124.jpg\" \/><\/a>\n\t\t\t<\/div><\/figure><figure class='gallery-item'>\n\t\t\t<div class='gallery-icon landscape'>\n\t\t\t\t<a href='https:\/\/www.alqueria.es\/blogs\/alqueriaartistica\/2024\/12\/18\/el-color-las-formas-la-composicion-6\/dsc00123\/'><img decoding=\"async\" width=\"607\" height=\"470\" src=\"https:\/\/cloud.alqueria.es\/wp-content\/uploads\/sites\/12\/2024\/12\/DSC00123.jpg\" class=\"attachment-full size-full\" alt=\"\" srcset=\"https:\/\/cloud.alqueria.es\/wp-content\/uploads\/sites\/12\/2024\/12\/DSC00123.jpg 607w, https:\/\/cloud.alqueria.es\/wp-content\/uploads\/sites\/12\/2024\/12\/DSC00123-300x232.jpg 300w\" sizes=\"(max-width: 607px) 100vw, 607px\" data-attachment-id=\"42481\" data-permalink=\"https:\/\/www.alqueria.es\/blogs\/alqueriaartistica\/2024\/12\/18\/el-color-las-formas-la-composicion-6\/dsc00123\/\" data-orig-file=\"https:\/\/cloud.alqueria.es\/wp-content\/uploads\/sites\/12\/2024\/12\/DSC00123.jpg\" data-orig-size=\"607,470\" data-comments-opened=\"1\" data-image-meta=\"{&quot;aperture&quot;:&quot;2.8&quot;,&quot;credit&quot;:&quot;&quot;,&quot;camera&quot;:&quot;DSC-W510&quot;,&quot;caption&quot;:&quot;&quot;,&quot;created_timestamp&quot;:&quot;1734107297&quot;,&quot;copyright&quot;:&quot;Copyright 2009&quot;,&quot;focal_length&quot;:&quot;4.7&quot;,&quot;iso&quot;:&quot;800&quot;,&quot;shutter_speed&quot;:&quot;0.008&quot;,&quot;title&quot;:&quot;&quot;,&quot;orientation&quot;:&quot;1&quot;}\" data-image-title=\"DSC00123\" data-image-description=\"\" data-image-caption=\"\" data-large-file=\"https:\/\/cloud.alqueria.es\/wp-content\/uploads\/sites\/12\/2024\/12\/DSC00123.jpg\" \/><\/a>\n\t\t\t<\/div><\/figure>\n\t\t<\/div>\n\n<p>Ana Mart\u00edn<\/p>\n","protected":false},"excerpt":{"rendered":"<p>En el grupo de primero nos planteamos una actividad que incluye varios objetivos. Secuenciamos\u00a0 la tarea en varias sesiones de manera que en cada una de ellas los alumnos experimenten los diferentes procesos que van a vivenciar en relaci\u00f3n a las formas geom\u00e9tricas, el estudio del color y la composici\u00f3n art\u00edstica. Comenzamos aplicando el color &hellip; <a href=\"https:\/\/www.alqueria.es\/blogs\/alqueriaartistica\/2024\/12\/18\/el-color-las-formas-la-composicion-6\/\" class=\"more-link\">Seguir leyendo <span class=\"screen-reader-text\">EL COLOR, LAS FORMAS, LA COMPOSICI\u00d3N<\/span> <span class=\"meta-nav\">&rarr;<\/span><\/a><\/p>\n","protected":false},"author":34,"featured_media":0,"comment_status":"open","ping_status":"open","sticky":false,"template":"","format":"standard","meta":{"jetpack_post_was_ever_published":false,"_jetpack_newsletter_access":"","_jetpack_dont_email_post_to_subs":false,"_jetpack_newsletter_tier_id":0,"_jetpack_memberships_contains_paywalled_content":false,"_jetpack_memberships_contains_paid_content":false,"footnotes":"","jetpack_publicize_message":"","jetpack_publicize_feature_enabled":true,"jetpack_social_post_already_shared":true,"jetpack_social_options":{"image_generator_settings":{"template":"highway","default_image_id":0,"font":"","enabled":false},"version":2}},"categories":[9],"tags":[230,91,395,105],"class_list":["post-42473","post","type-post","status-publish","format-standard","hentry","category-1o-epo","tag-colores-primarios-y-secundarios","tag-educacion-artistica-y-visual","tag-el-color-y-las-formas","tag-la-composicion"],"jetpack_publicize_connections":[],"jetpack_featured_media_url":"","jetpack_sharing_enabled":true,"jetpack_shortlink":"https:\/\/wp.me\/p4mcJu-b33","_links":{"self":[{"href":"https:\/\/www.alqueria.es\/blogs\/alqueriaartistica\/wp-json\/wp\/v2\/posts\/42473","targetHints":{"allow":["GET"]}}],"collection":[{"href":"https:\/\/www.alqueria.es\/blogs\/alqueriaartistica\/wp-json\/wp\/v2\/posts"}],"about":[{"href":"https:\/\/www.alqueria.es\/blogs\/alqueriaartistica\/wp-json\/wp\/v2\/types\/post"}],"author":[{"embeddable":true,"href":"https:\/\/www.alqueria.es\/blogs\/alqueriaartistica\/wp-json\/wp\/v2\/users\/34"}],"replies":[{"embeddable":true,"href":"https:\/\/www.alqueria.es\/blogs\/alqueriaartistica\/wp-json\/wp\/v2\/comments?post=42473"}],"version-history":[{"count":4,"href":"https:\/\/www.alqueria.es\/blogs\/alqueriaartistica\/wp-json\/wp\/v2\/posts\/42473\/revisions"}],"predecessor-version":[{"id":42662,"href":"https:\/\/www.alqueria.es\/blogs\/alqueriaartistica\/wp-json\/wp\/v2\/posts\/42473\/revisions\/42662"}],"wp:attachment":[{"href":"https:\/\/www.alqueria.es\/blogs\/alqueriaartistica\/wp-json\/wp\/v2\/media?parent=42473"}],"wp:term":[{"taxonomy":"category","embeddable":true,"href":"https:\/\/www.alqueria.es\/blogs\/alqueriaartistica\/wp-json\/wp\/v2\/categories?post=42473"},{"taxonomy":"post_tag","embeddable":true,"href":"https:\/\/www.alqueria.es\/blogs\/alqueriaartistica\/wp-json\/wp\/v2\/tags?post=42473"}],"curies":[{"name":"wp","href":"https:\/\/api.w.org\/{rel}","templated":true}]}}