{"id":8708,"date":"2015-06-09T21:14:06","date_gmt":"2015-06-09T19:14:06","guid":{"rendered":"https:\/\/www.alqueria.es\/blogs\/alqueriaartistica\/?p=8708"},"modified":"2015-06-12T00:22:22","modified_gmt":"2015-06-11T22:22:22","slug":"tejidos","status":"publish","type":"post","link":"https:\/\/www.alqueria.es\/blogs\/alqueriaartistica\/2015\/06\/09\/tejidos\/","title":{"rendered":"TEJIDOS"},"content":{"rendered":"<div data-carousel-extra='{&quot;blog_id&quot;:12,&quot;permalink&quot;:&quot;https:\/\/www.alqueria.es\/blogs\/alqueriaartistica\/2015\/06\/09\/tejidos\/&quot;}' id='gallery-1' class='gallery galleryid-8708 gallery-columns-3 gallery-size-thumbnail'><figure class='gallery-item'>\n\t\t\t<div class='gallery-icon landscape'>\n\t\t\t\t<a href='https:\/\/www.alqueria.es\/blogs\/alqueriaartistica\/2015\/06\/09\/tejidos\/img_7165-2\/'><img decoding=\"async\" width=\"150\" height=\"150\" src=\"https:\/\/www.alqueria.es\/blogs\/alqueriaartistica\/wp-content\/uploads\/sites\/12\/2015\/06\/IMG_7165-150x150.jpg\" class=\"attachment-thumbnail size-thumbnail\" alt=\"\" data-attachment-id=\"8731\" data-permalink=\"https:\/\/www.alqueria.es\/blogs\/alqueriaartistica\/2015\/06\/09\/tejidos\/img_7165-2\/\" data-orig-file=\"https:\/\/www.alqueria.es\/blogs\/alqueriaartistica\/wp-content\/uploads\/sites\/12\/2015\/06\/IMG_7165.jpg\" data-orig-size=\"1024,768\" data-comments-opened=\"1\" data-image-meta=\"{&quot;aperture&quot;:&quot;0&quot;,&quot;credit&quot;:&quot;&quot;,&quot;camera&quot;:&quot;&quot;,&quot;caption&quot;:&quot;&quot;,&quot;created_timestamp&quot;:&quot;0&quot;,&quot;copyright&quot;:&quot;&quot;,&quot;focal_length&quot;:&quot;0&quot;,&quot;iso&quot;:&quot;0&quot;,&quot;shutter_speed&quot;:&quot;0&quot;,&quot;title&quot;:&quot;&quot;,&quot;orientation&quot;:&quot;0&quot;}\" data-image-title=\"IMG_7165\" data-image-description=\"\" data-image-caption=\"\" data-large-file=\"https:\/\/www.alqueria.es\/blogs\/alqueriaartistica\/wp-content\/uploads\/sites\/12\/2015\/06\/IMG_7165-1024x768.jpg\" \/><\/a>\n\t\t\t<\/div><\/figure>\n\t\t<\/div>\n\n<p style=\"text-align: justify\">Seg\u00fan su definici\u00f3n, tejer consiste en entrelazar hilos, o nudos o anillos de un solo hilo para formar telas, trencillas, esparto, etc..<\/p>\n<div data-carousel-extra='{&quot;blog_id&quot;:12,&quot;permalink&quot;:&quot;https:\/\/www.alqueria.es\/blogs\/alqueriaartistica\/2015\/06\/09\/tejidos\/&quot;}' id='gallery-2' class='gallery galleryid-8708 gallery-columns-3 gallery-size-thumbnail'><figure class='gallery-item'>\n\t\t\t<div class='gallery-icon portrait'>\n\t\t\t\t<a href='https:\/\/www.alqueria.es\/blogs\/alqueriaartistica\/2015\/06\/09\/tejidos\/img_7152\/'><img decoding=\"async\" width=\"150\" height=\"150\" src=\"https:\/\/www.alqueria.es\/blogs\/alqueriaartistica\/wp-content\/uploads\/sites\/12\/2015\/06\/IMG_7152-150x150.jpg\" class=\"attachment-thumbnail size-thumbnail\" alt=\"\" data-attachment-id=\"8737\" data-permalink=\"https:\/\/www.alqueria.es\/blogs\/alqueriaartistica\/2015\/06\/09\/tejidos\/img_7152\/\" data-orig-file=\"https:\/\/www.alqueria.es\/blogs\/alqueriaartistica\/wp-content\/uploads\/sites\/12\/2015\/06\/IMG_7152.jpg\" data-orig-size=\"768,1024\" data-comments-opened=\"1\" data-image-meta=\"{&quot;aperture&quot;:&quot;0&quot;,&quot;credit&quot;:&quot;&quot;,&quot;camera&quot;:&quot;&quot;,&quot;caption&quot;:&quot;&quot;,&quot;created_timestamp&quot;:&quot;0&quot;,&quot;copyright&quot;:&quot;&quot;,&quot;focal_length&quot;:&quot;0&quot;,&quot;iso&quot;:&quot;0&quot;,&quot;shutter_speed&quot;:&quot;0&quot;,&quot;title&quot;:&quot;&quot;,&quot;orientation&quot;:&quot;0&quot;}\" data-image-title=\"IMG_7152\" data-image-description=\"\" data-image-caption=\"\" data-large-file=\"https:\/\/www.alqueria.es\/blogs\/alqueriaartistica\/wp-content\/uploads\/sites\/12\/2015\/06\/IMG_7152-768x1024.jpg\" \/><\/a>\n\t\t\t<\/div><\/figure><figure class='gallery-item'>\n\t\t\t<div class='gallery-icon landscape'>\n\t\t\t\t<a href='https:\/\/www.alqueria.es\/blogs\/alqueriaartistica\/2015\/06\/09\/tejidos\/img_6874\/'><img decoding=\"async\" width=\"150\" height=\"150\" src=\"https:\/\/www.alqueria.es\/blogs\/alqueriaartistica\/wp-content\/uploads\/sites\/12\/2015\/06\/IMG_6874-150x150.jpg\" class=\"attachment-thumbnail size-thumbnail\" alt=\"\" data-attachment-id=\"8735\" data-permalink=\"https:\/\/www.alqueria.es\/blogs\/alqueriaartistica\/2015\/06\/09\/tejidos\/img_6874\/\" data-orig-file=\"https:\/\/www.alqueria.es\/blogs\/alqueriaartistica\/wp-content\/uploads\/sites\/12\/2015\/06\/IMG_6874.jpg\" data-orig-size=\"1024,768\" data-comments-opened=\"1\" data-image-meta=\"{&quot;aperture&quot;:&quot;0&quot;,&quot;credit&quot;:&quot;&quot;,&quot;camera&quot;:&quot;&quot;,&quot;caption&quot;:&quot;&quot;,&quot;created_timestamp&quot;:&quot;0&quot;,&quot;copyright&quot;:&quot;&quot;,&quot;focal_length&quot;:&quot;0&quot;,&quot;iso&quot;:&quot;0&quot;,&quot;shutter_speed&quot;:&quot;0&quot;,&quot;title&quot;:&quot;&quot;,&quot;orientation&quot;:&quot;0&quot;}\" data-image-title=\"IMG_6874\" data-image-description=\"\" data-image-caption=\"\" data-large-file=\"https:\/\/www.alqueria.es\/blogs\/alqueriaartistica\/wp-content\/uploads\/sites\/12\/2015\/06\/IMG_6874-1024x768.jpg\" \/><\/a>\n\t\t\t<\/div><\/figure><figure class='gallery-item'>\n\t\t\t<div class='gallery-icon landscape'>\n\t\t\t\t<a href='https:\/\/www.alqueria.es\/blogs\/alqueriaartistica\/2015\/06\/09\/tejidos\/img_6873\/'><img decoding=\"async\" width=\"150\" height=\"150\" src=\"https:\/\/www.alqueria.es\/blogs\/alqueriaartistica\/wp-content\/uploads\/sites\/12\/2015\/06\/IMG_6873-150x150.jpg\" class=\"attachment-thumbnail size-thumbnail\" alt=\"\" data-attachment-id=\"8734\" data-permalink=\"https:\/\/www.alqueria.es\/blogs\/alqueriaartistica\/2015\/06\/09\/tejidos\/img_6873\/\" data-orig-file=\"https:\/\/www.alqueria.es\/blogs\/alqueriaartistica\/wp-content\/uploads\/sites\/12\/2015\/06\/IMG_6873.jpg\" data-orig-size=\"1024,768\" data-comments-opened=\"1\" data-image-meta=\"{&quot;aperture&quot;:&quot;0&quot;,&quot;credit&quot;:&quot;&quot;,&quot;camera&quot;:&quot;&quot;,&quot;caption&quot;:&quot;&quot;,&quot;created_timestamp&quot;:&quot;0&quot;,&quot;copyright&quot;:&quot;&quot;,&quot;focal_length&quot;:&quot;0&quot;,&quot;iso&quot;:&quot;0&quot;,&quot;shutter_speed&quot;:&quot;0&quot;,&quot;title&quot;:&quot;&quot;,&quot;orientation&quot;:&quot;0&quot;}\" data-image-title=\"IMG_6873\" data-image-description=\"\" data-image-caption=\"\" data-large-file=\"https:\/\/www.alqueria.es\/blogs\/alqueriaartistica\/wp-content\/uploads\/sites\/12\/2015\/06\/IMG_6873-1024x768.jpg\" \/><\/a>\n\t\t\t<\/div><\/figure>\n\t\t<\/div>\n\n<p style=\"text-align: justify\">Tambi\u00e9n entrelazar, cruz\u00e1ndolos en el telar, los hilos de las dos series llamadas la trama y la urdimbre.<\/p>\n<div data-carousel-extra='{&quot;blog_id&quot;:12,&quot;permalink&quot;:&quot;https:\/\/www.alqueria.es\/blogs\/alqueriaartistica\/2015\/06\/09\/tejidos\/&quot;}' id='gallery-3' class='gallery galleryid-8708 gallery-columns-3 gallery-size-thumbnail'><figure class='gallery-item'>\n\t\t\t<div class='gallery-icon portrait'>\n\t\t\t\t<a href='https:\/\/www.alqueria.es\/blogs\/alqueriaartistica\/2015\/06\/09\/tejidos\/img_6876\/'><img decoding=\"async\" width=\"150\" height=\"150\" src=\"https:\/\/www.alqueria.es\/blogs\/alqueriaartistica\/wp-content\/uploads\/sites\/12\/2015\/06\/IMG_6876-150x150.jpg\" class=\"attachment-thumbnail size-thumbnail\" alt=\"\" data-attachment-id=\"8738\" data-permalink=\"https:\/\/www.alqueria.es\/blogs\/alqueriaartistica\/2015\/06\/09\/tejidos\/img_6876\/\" data-orig-file=\"https:\/\/www.alqueria.es\/blogs\/alqueriaartistica\/wp-content\/uploads\/sites\/12\/2015\/06\/IMG_6876.jpg\" data-orig-size=\"768,1024\" data-comments-opened=\"1\" data-image-meta=\"{&quot;aperture&quot;:&quot;0&quot;,&quot;credit&quot;:&quot;&quot;,&quot;camera&quot;:&quot;&quot;,&quot;caption&quot;:&quot;&quot;,&quot;created_timestamp&quot;:&quot;0&quot;,&quot;copyright&quot;:&quot;&quot;,&quot;focal_length&quot;:&quot;0&quot;,&quot;iso&quot;:&quot;0&quot;,&quot;shutter_speed&quot;:&quot;0&quot;,&quot;title&quot;:&quot;&quot;,&quot;orientation&quot;:&quot;0&quot;}\" data-image-title=\"IMG_6876\" data-image-description=\"\" data-image-caption=\"\" data-large-file=\"https:\/\/www.alqueria.es\/blogs\/alqueriaartistica\/wp-content\/uploads\/sites\/12\/2015\/06\/IMG_6876-768x1024.jpg\" \/><\/a>\n\t\t\t<\/div><\/figure><figure class='gallery-item'>\n\t\t\t<div class='gallery-icon landscape'>\n\t\t\t\t<a href='https:\/\/www.alqueria.es\/blogs\/alqueriaartistica\/2015\/06\/09\/tejidos\/img_6872\/'><img decoding=\"async\" width=\"150\" height=\"150\" src=\"https:\/\/www.alqueria.es\/blogs\/alqueriaartistica\/wp-content\/uploads\/sites\/12\/2015\/06\/IMG_6872-150x150.jpg\" class=\"attachment-thumbnail size-thumbnail\" alt=\"\" data-attachment-id=\"8733\" data-permalink=\"https:\/\/www.alqueria.es\/blogs\/alqueriaartistica\/2015\/06\/09\/tejidos\/img_6872\/\" data-orig-file=\"https:\/\/www.alqueria.es\/blogs\/alqueriaartistica\/wp-content\/uploads\/sites\/12\/2015\/06\/IMG_6872.jpg\" data-orig-size=\"1024,768\" data-comments-opened=\"1\" data-image-meta=\"{&quot;aperture&quot;:&quot;0&quot;,&quot;credit&quot;:&quot;&quot;,&quot;camera&quot;:&quot;&quot;,&quot;caption&quot;:&quot;&quot;,&quot;created_timestamp&quot;:&quot;0&quot;,&quot;copyright&quot;:&quot;&quot;,&quot;focal_length&quot;:&quot;0&quot;,&quot;iso&quot;:&quot;0&quot;,&quot;shutter_speed&quot;:&quot;0&quot;,&quot;title&quot;:&quot;&quot;,&quot;orientation&quot;:&quot;0&quot;}\" data-image-title=\"IMG_6872\" data-image-description=\"\" data-image-caption=\"\" data-large-file=\"https:\/\/www.alqueria.es\/blogs\/alqueriaartistica\/wp-content\/uploads\/sites\/12\/2015\/06\/IMG_6872-1024x768.jpg\" \/><\/a>\n\t\t\t<\/div><\/figure><figure class='gallery-item'>\n\t\t\t<div class='gallery-icon portrait'>\n\t\t\t\t<a href='https:\/\/www.alqueria.es\/blogs\/alqueriaartistica\/2015\/06\/09\/tejidos\/img_6880\/'><img decoding=\"async\" width=\"150\" height=\"150\" src=\"https:\/\/www.alqueria.es\/blogs\/alqueriaartistica\/wp-content\/uploads\/sites\/12\/2015\/06\/IMG_6880-150x150.jpg\" class=\"attachment-thumbnail size-thumbnail\" alt=\"\" data-attachment-id=\"8736\" data-permalink=\"https:\/\/www.alqueria.es\/blogs\/alqueriaartistica\/2015\/06\/09\/tejidos\/img_6880\/\" data-orig-file=\"https:\/\/www.alqueria.es\/blogs\/alqueriaartistica\/wp-content\/uploads\/sites\/12\/2015\/06\/IMG_6880.jpg\" data-orig-size=\"768,1024\" data-comments-opened=\"1\" data-image-meta=\"{&quot;aperture&quot;:&quot;0&quot;,&quot;credit&quot;:&quot;&quot;,&quot;camera&quot;:&quot;&quot;,&quot;caption&quot;:&quot;&quot;,&quot;created_timestamp&quot;:&quot;0&quot;,&quot;copyright&quot;:&quot;&quot;,&quot;focal_length&quot;:&quot;0&quot;,&quot;iso&quot;:&quot;0&quot;,&quot;shutter_speed&quot;:&quot;0&quot;,&quot;title&quot;:&quot;&quot;,&quot;orientation&quot;:&quot;0&quot;}\" data-image-title=\"IMG_6880\" data-image-description=\"\" data-image-caption=\"\" data-large-file=\"https:\/\/www.alqueria.es\/blogs\/alqueriaartistica\/wp-content\/uploads\/sites\/12\/2015\/06\/IMG_6880-768x1024.jpg\" \/><\/a>\n\t\t\t<\/div><\/figure>\n\t\t<\/div>\n\n<p style=\"text-align: justify\">En esta ocasi\u00f3n realizamos la urdimbre sobre CDs reciclados. Cuando plante\u00e9 este trabajo a los alumnos de tercero pensaba que tendr\u00edan m\u00e1s dificultades de las que plantearon. La mayor\u00eda sab\u00edan hacer nudos o bien practicaron c\u00f3mo hacerlos.<\/p>\n<div data-carousel-extra='{&quot;blog_id&quot;:12,&quot;permalink&quot;:&quot;https:\/\/www.alqueria.es\/blogs\/alqueriaartistica\/2015\/06\/09\/tejidos\/&quot;}' id='gallery-4' class='gallery galleryid-8708 gallery-columns-3 gallery-size-thumbnail'><figure class='gallery-item'>\n\t\t\t<div class='gallery-icon landscape'>\n\t\t\t\t<a href='https:\/\/www.alqueria.es\/blogs\/alqueriaartistica\/2015\/06\/09\/tejidos\/img_7153\/'><img decoding=\"async\" width=\"150\" height=\"150\" src=\"https:\/\/www.alqueria.es\/blogs\/alqueriaartistica\/wp-content\/uploads\/sites\/12\/2015\/06\/IMG_7153-150x150.jpg\" class=\"attachment-thumbnail size-thumbnail\" alt=\"\" data-attachment-id=\"8743\" data-permalink=\"https:\/\/www.alqueria.es\/blogs\/alqueriaartistica\/2015\/06\/09\/tejidos\/img_7153\/\" data-orig-file=\"https:\/\/www.alqueria.es\/blogs\/alqueriaartistica\/wp-content\/uploads\/sites\/12\/2015\/06\/IMG_7153.jpg\" data-orig-size=\"1024,768\" data-comments-opened=\"1\" data-image-meta=\"{&quot;aperture&quot;:&quot;0&quot;,&quot;credit&quot;:&quot;&quot;,&quot;camera&quot;:&quot;&quot;,&quot;caption&quot;:&quot;&quot;,&quot;created_timestamp&quot;:&quot;0&quot;,&quot;copyright&quot;:&quot;&quot;,&quot;focal_length&quot;:&quot;0&quot;,&quot;iso&quot;:&quot;0&quot;,&quot;shutter_speed&quot;:&quot;0&quot;,&quot;title&quot;:&quot;&quot;,&quot;orientation&quot;:&quot;0&quot;}\" data-image-title=\"IMG_7153\" data-image-description=\"\" data-image-caption=\"\" data-large-file=\"https:\/\/www.alqueria.es\/blogs\/alqueriaartistica\/wp-content\/uploads\/sites\/12\/2015\/06\/IMG_7153-1024x768.jpg\" \/><\/a>\n\t\t\t<\/div><\/figure><figure class='gallery-item'>\n\t\t\t<div class='gallery-icon landscape'>\n\t\t\t\t<a href='https:\/\/www.alqueria.es\/blogs\/alqueriaartistica\/2015\/06\/09\/tejidos\/img_7159-2\/'><img decoding=\"async\" width=\"150\" height=\"150\" src=\"https:\/\/www.alqueria.es\/blogs\/alqueriaartistica\/wp-content\/uploads\/sites\/12\/2015\/06\/IMG_7159-150x150.jpg\" class=\"attachment-thumbnail size-thumbnail\" alt=\"\" data-attachment-id=\"8749\" data-permalink=\"https:\/\/www.alqueria.es\/blogs\/alqueriaartistica\/2015\/06\/09\/tejidos\/img_7159-2\/\" data-orig-file=\"https:\/\/www.alqueria.es\/blogs\/alqueriaartistica\/wp-content\/uploads\/sites\/12\/2015\/06\/IMG_7159.jpg\" data-orig-size=\"1024,768\" data-comments-opened=\"1\" data-image-meta=\"{&quot;aperture&quot;:&quot;0&quot;,&quot;credit&quot;:&quot;&quot;,&quot;camera&quot;:&quot;&quot;,&quot;caption&quot;:&quot;&quot;,&quot;created_timestamp&quot;:&quot;0&quot;,&quot;copyright&quot;:&quot;&quot;,&quot;focal_length&quot;:&quot;0&quot;,&quot;iso&quot;:&quot;0&quot;,&quot;shutter_speed&quot;:&quot;0&quot;,&quot;title&quot;:&quot;&quot;,&quot;orientation&quot;:&quot;0&quot;}\" data-image-title=\"IMG_7159\" data-image-description=\"\" data-image-caption=\"\" data-large-file=\"https:\/\/www.alqueria.es\/blogs\/alqueriaartistica\/wp-content\/uploads\/sites\/12\/2015\/06\/IMG_7159-1024x768.jpg\" \/><\/a>\n\t\t\t<\/div><\/figure><figure class='gallery-item'>\n\t\t\t<div class='gallery-icon portrait'>\n\t\t\t\t<a href='https:\/\/www.alqueria.es\/blogs\/alqueriaartistica\/2015\/06\/09\/tejidos\/img_7158-2\/'><img decoding=\"async\" width=\"150\" height=\"150\" src=\"https:\/\/www.alqueria.es\/blogs\/alqueriaartistica\/wp-content\/uploads\/sites\/12\/2015\/06\/IMG_7158-150x150.jpg\" class=\"attachment-thumbnail size-thumbnail\" alt=\"\" data-attachment-id=\"8748\" data-permalink=\"https:\/\/www.alqueria.es\/blogs\/alqueriaartistica\/2015\/06\/09\/tejidos\/img_7158-2\/\" data-orig-file=\"https:\/\/www.alqueria.es\/blogs\/alqueriaartistica\/wp-content\/uploads\/sites\/12\/2015\/06\/IMG_7158.jpg\" data-orig-size=\"768,1024\" data-comments-opened=\"1\" data-image-meta=\"{&quot;aperture&quot;:&quot;0&quot;,&quot;credit&quot;:&quot;&quot;,&quot;camera&quot;:&quot;&quot;,&quot;caption&quot;:&quot;&quot;,&quot;created_timestamp&quot;:&quot;0&quot;,&quot;copyright&quot;:&quot;&quot;,&quot;focal_length&quot;:&quot;0&quot;,&quot;iso&quot;:&quot;0&quot;,&quot;shutter_speed&quot;:&quot;0&quot;,&quot;title&quot;:&quot;&quot;,&quot;orientation&quot;:&quot;0&quot;}\" data-image-title=\"IMG_7158\" data-image-description=\"\" data-image-caption=\"\" data-large-file=\"https:\/\/www.alqueria.es\/blogs\/alqueriaartistica\/wp-content\/uploads\/sites\/12\/2015\/06\/IMG_7158-768x1024.jpg\" \/><\/a>\n\t\t\t<\/div><\/figure>\n\t\t<\/div>\n\n<p style=\"text-align: justify\"><span style=\"text-align: justify\">Figuradamente tejer implica el hecho de componer, ordenar y colocar con m\u00e9todo y disposici\u00f3n una cosa.<\/span><\/p>\n<p style=\"text-align: justify\">Hay actividades a las que no le damos la importancia que tienen, parecen tareas simples y pensando con fundamentos art\u00edsticos, no las catalogamos como actividades creativas.<\/p>\n<p style=\"text-align: justify\">Recortar, enhebrar, anudar, atar, trenzar, tejer, punzar, amasar&#8230; son actividades que requieren una gran precisi\u00f3n y un alto nivel de \u00a0coordinaci\u00f3n \u00a0y a trav\u00e9s de ellas contribuimos al desarrollo de la psicomotricidad fina,\u00a0logrando una perfecta sinergia de diferentes \u00f3rganos de nuestro cuerpo.<\/p>\n<p style=\"text-align: justify\">Contribuimos, adem\u00e1s, al desarrollo de habilidades que son la base para que otro tipo de aprendizajes se produzcan. Aumenta la seguridad personal de los alumnos al poder dominar diferentes t\u00e9cnicas y profundizar en la experimentaci\u00f3n de procesos diversos.<\/p>\n<p style=\"text-align: justify\">Nuestro trabajo requiri\u00f3 varias sesiones y una gran dosis de paciencia. Como material que adorn\u00f3 en la fiesta fin de curso, parec\u00eda un trabajo insignificante.<\/p>\n<div data-carousel-extra='{&quot;blog_id&quot;:12,&quot;permalink&quot;:&quot;https:\/\/www.alqueria.es\/blogs\/alqueriaartistica\/2015\/06\/09\/tejidos\/&quot;}' id='gallery-5' class='gallery galleryid-8708 gallery-columns-3 gallery-size-thumbnail'><figure class='gallery-item'>\n\t\t\t<div class='gallery-icon portrait'>\n\t\t\t\t<a href='https:\/\/www.alqueria.es\/blogs\/alqueriaartistica\/2015\/06\/09\/tejidos\/img_2351\/'><img decoding=\"async\" width=\"150\" height=\"150\" src=\"https:\/\/www.alqueria.es\/blogs\/alqueriaartistica\/wp-content\/uploads\/sites\/12\/2015\/06\/IMG_2351-150x150.jpg\" class=\"attachment-thumbnail size-thumbnail\" alt=\"\" data-attachment-id=\"8740\" data-permalink=\"https:\/\/www.alqueria.es\/blogs\/alqueriaartistica\/2015\/06\/09\/tejidos\/img_2351\/\" data-orig-file=\"https:\/\/www.alqueria.es\/blogs\/alqueriaartistica\/wp-content\/uploads\/sites\/12\/2015\/06\/IMG_2351.jpg\" data-orig-size=\"768,1024\" data-comments-opened=\"1\" data-image-meta=\"{&quot;aperture&quot;:&quot;0&quot;,&quot;credit&quot;:&quot;&quot;,&quot;camera&quot;:&quot;&quot;,&quot;caption&quot;:&quot;&quot;,&quot;created_timestamp&quot;:&quot;0&quot;,&quot;copyright&quot;:&quot;&quot;,&quot;focal_length&quot;:&quot;0&quot;,&quot;iso&quot;:&quot;0&quot;,&quot;shutter_speed&quot;:&quot;0&quot;,&quot;title&quot;:&quot;&quot;,&quot;orientation&quot;:&quot;0&quot;}\" data-image-title=\"IMG_2351\" data-image-description=\"\" data-image-caption=\"\" data-large-file=\"https:\/\/www.alqueria.es\/blogs\/alqueriaartistica\/wp-content\/uploads\/sites\/12\/2015\/06\/IMG_2351-768x1024.jpg\" \/><\/a>\n\t\t\t<\/div><\/figure><figure class='gallery-item'>\n\t\t\t<div class='gallery-icon landscape'>\n\t\t\t\t<a href='https:\/\/www.alqueria.es\/blogs\/alqueriaartistica\/2015\/06\/12\/pespuntes-y-trenzados\/img_2379-2\/'><img decoding=\"async\" width=\"150\" height=\"150\" src=\"https:\/\/www.alqueria.es\/blogs\/alqueriaartistica\/wp-content\/uploads\/sites\/12\/2015\/06\/IMG_2379-150x150.jpg\" class=\"attachment-thumbnail size-thumbnail\" alt=\"\" data-attachment-id=\"8720\" data-permalink=\"https:\/\/www.alqueria.es\/blogs\/alqueriaartistica\/2015\/06\/12\/pespuntes-y-trenzados\/img_2379-2\/\" data-orig-file=\"https:\/\/www.alqueria.es\/blogs\/alqueriaartistica\/wp-content\/uploads\/sites\/12\/2015\/06\/IMG_2379.jpg\" data-orig-size=\"1024,768\" data-comments-opened=\"1\" data-image-meta=\"{&quot;aperture&quot;:&quot;0&quot;,&quot;credit&quot;:&quot;&quot;,&quot;camera&quot;:&quot;&quot;,&quot;caption&quot;:&quot;&quot;,&quot;created_timestamp&quot;:&quot;0&quot;,&quot;copyright&quot;:&quot;&quot;,&quot;focal_length&quot;:&quot;0&quot;,&quot;iso&quot;:&quot;0&quot;,&quot;shutter_speed&quot;:&quot;0&quot;,&quot;title&quot;:&quot;&quot;,&quot;orientation&quot;:&quot;0&quot;}\" data-image-title=\"IMG_2379\" data-image-description=\"\" data-image-caption=\"\" data-large-file=\"https:\/\/www.alqueria.es\/blogs\/alqueriaartistica\/wp-content\/uploads\/sites\/12\/2015\/06\/IMG_2379-1024x768.jpg\" \/><\/a>\n\t\t\t<\/div><\/figure>\n\t\t<\/div>\n\n<p style=\"text-align: justify\">Reflexionando sobre el tema aprendemos que el trabajo laborioso, aunque no ocupe un gran espacio f\u00edsico, s\u00ed llena un gran espacio de sabidur\u00eda dentro de nosotros.<\/p>\n<p style=\"text-align: justify\">Qued\u00e9 gratamente sorprendida, el grupo de tercero trabaj\u00f3 con esmero, se ayudaron, fueron pacientes, en definitiva crecieron un poco m\u00e1s, prepar\u00e1ndose para nuevos retos que les esperan en el curso pr\u00f3ximo.<\/p>\n<div data-carousel-extra='{&quot;blog_id&quot;:12,&quot;permalink&quot;:&quot;https:\/\/www.alqueria.es\/blogs\/alqueriaartistica\/2015\/06\/09\/tejidos\/&quot;}' id='gallery-6' class='gallery galleryid-8708 gallery-columns-3 gallery-size-thumbnail'><figure class='gallery-item'>\n\t\t\t<div class='gallery-icon portrait'>\n\t\t\t\t<a href='https:\/\/www.alqueria.es\/blogs\/alqueriaartistica\/2015\/06\/09\/tejidos\/img_7155\/'><img decoding=\"async\" width=\"150\" height=\"150\" src=\"https:\/\/www.alqueria.es\/blogs\/alqueriaartistica\/wp-content\/uploads\/sites\/12\/2015\/06\/IMG_7155-150x150.jpg\" class=\"attachment-thumbnail size-thumbnail\" alt=\"\" data-attachment-id=\"8745\" data-permalink=\"https:\/\/www.alqueria.es\/blogs\/alqueriaartistica\/2015\/06\/09\/tejidos\/img_7155\/\" data-orig-file=\"https:\/\/www.alqueria.es\/blogs\/alqueriaartistica\/wp-content\/uploads\/sites\/12\/2015\/06\/IMG_7155.jpg\" data-orig-size=\"768,1024\" data-comments-opened=\"1\" data-image-meta=\"{&quot;aperture&quot;:&quot;0&quot;,&quot;credit&quot;:&quot;&quot;,&quot;camera&quot;:&quot;&quot;,&quot;caption&quot;:&quot;&quot;,&quot;created_timestamp&quot;:&quot;0&quot;,&quot;copyright&quot;:&quot;&quot;,&quot;focal_length&quot;:&quot;0&quot;,&quot;iso&quot;:&quot;0&quot;,&quot;shutter_speed&quot;:&quot;0&quot;,&quot;title&quot;:&quot;&quot;,&quot;orientation&quot;:&quot;0&quot;}\" data-image-title=\"IMG_7155\" data-image-description=\"\" data-image-caption=\"\" data-large-file=\"https:\/\/www.alqueria.es\/blogs\/alqueriaartistica\/wp-content\/uploads\/sites\/12\/2015\/06\/IMG_7155-768x1024.jpg\" \/><\/a>\n\t\t\t<\/div><\/figure><figure class='gallery-item'>\n\t\t\t<div class='gallery-icon landscape'>\n\t\t\t\t<a href='https:\/\/www.alqueria.es\/blogs\/alqueriaartistica\/2015\/06\/09\/tejidos\/img_7164\/'><img decoding=\"async\" width=\"150\" height=\"150\" src=\"https:\/\/www.alqueria.es\/blogs\/alqueriaartistica\/wp-content\/uploads\/sites\/12\/2015\/06\/IMG_7164-150x150.jpg\" class=\"attachment-thumbnail size-thumbnail\" alt=\"\" data-attachment-id=\"8750\" data-permalink=\"https:\/\/www.alqueria.es\/blogs\/alqueriaartistica\/2015\/06\/09\/tejidos\/img_7164\/\" data-orig-file=\"https:\/\/www.alqueria.es\/blogs\/alqueriaartistica\/wp-content\/uploads\/sites\/12\/2015\/06\/IMG_7164.jpg\" data-orig-size=\"1024,768\" data-comments-opened=\"1\" data-image-meta=\"{&quot;aperture&quot;:&quot;0&quot;,&quot;credit&quot;:&quot;&quot;,&quot;camera&quot;:&quot;&quot;,&quot;caption&quot;:&quot;&quot;,&quot;created_timestamp&quot;:&quot;0&quot;,&quot;copyright&quot;:&quot;&quot;,&quot;focal_length&quot;:&quot;0&quot;,&quot;iso&quot;:&quot;0&quot;,&quot;shutter_speed&quot;:&quot;0&quot;,&quot;title&quot;:&quot;&quot;,&quot;orientation&quot;:&quot;0&quot;}\" data-image-title=\"IMG_7164\" data-image-description=\"\" data-image-caption=\"\" data-large-file=\"https:\/\/www.alqueria.es\/blogs\/alqueriaartistica\/wp-content\/uploads\/sites\/12\/2015\/06\/IMG_7164-1024x768.jpg\" \/><\/a>\n\t\t\t<\/div><\/figure><figure class='gallery-item'>\n\t\t\t<div class='gallery-icon landscape'>\n\t\t\t\t<a href='https:\/\/www.alqueria.es\/blogs\/alqueriaartistica\/2015\/06\/09\/tejidos\/img_7157-2\/'><img decoding=\"async\" width=\"150\" height=\"150\" src=\"https:\/\/www.alqueria.es\/blogs\/alqueriaartistica\/wp-content\/uploads\/sites\/12\/2015\/06\/IMG_7157-150x150.jpg\" class=\"attachment-thumbnail size-thumbnail\" alt=\"\" data-attachment-id=\"8747\" data-permalink=\"https:\/\/www.alqueria.es\/blogs\/alqueriaartistica\/2015\/06\/09\/tejidos\/img_7157-2\/\" data-orig-file=\"https:\/\/www.alqueria.es\/blogs\/alqueriaartistica\/wp-content\/uploads\/sites\/12\/2015\/06\/IMG_7157.jpg\" data-orig-size=\"1024,768\" data-comments-opened=\"1\" data-image-meta=\"{&quot;aperture&quot;:&quot;0&quot;,&quot;credit&quot;:&quot;&quot;,&quot;camera&quot;:&quot;&quot;,&quot;caption&quot;:&quot;&quot;,&quot;created_timestamp&quot;:&quot;0&quot;,&quot;copyright&quot;:&quot;&quot;,&quot;focal_length&quot;:&quot;0&quot;,&quot;iso&quot;:&quot;0&quot;,&quot;shutter_speed&quot;:&quot;0&quot;,&quot;title&quot;:&quot;&quot;,&quot;orientation&quot;:&quot;0&quot;}\" data-image-title=\"IMG_7157\" data-image-description=\"\" data-image-caption=\"\" data-large-file=\"https:\/\/www.alqueria.es\/blogs\/alqueriaartistica\/wp-content\/uploads\/sites\/12\/2015\/06\/IMG_7157-1024x768.jpg\" \/><\/a>\n\t\t\t<\/div><\/figure><figure class='gallery-item'>\n\t\t\t<div class='gallery-icon portrait'>\n\t\t\t\t<a href='https:\/\/www.alqueria.es\/blogs\/alqueriaartistica\/2015\/06\/09\/tejidos\/img_7156-2\/'><img decoding=\"async\" width=\"150\" height=\"150\" src=\"https:\/\/www.alqueria.es\/blogs\/alqueriaartistica\/wp-content\/uploads\/sites\/12\/2015\/06\/IMG_7156-150x150.jpg\" class=\"attachment-thumbnail size-thumbnail\" alt=\"\" data-attachment-id=\"8746\" data-permalink=\"https:\/\/www.alqueria.es\/blogs\/alqueriaartistica\/2015\/06\/09\/tejidos\/img_7156-2\/\" data-orig-file=\"https:\/\/www.alqueria.es\/blogs\/alqueriaartistica\/wp-content\/uploads\/sites\/12\/2015\/06\/IMG_7156.jpg\" data-orig-size=\"768,1024\" data-comments-opened=\"1\" data-image-meta=\"{&quot;aperture&quot;:&quot;0&quot;,&quot;credit&quot;:&quot;&quot;,&quot;camera&quot;:&quot;&quot;,&quot;caption&quot;:&quot;&quot;,&quot;created_timestamp&quot;:&quot;0&quot;,&quot;copyright&quot;:&quot;&quot;,&quot;focal_length&quot;:&quot;0&quot;,&quot;iso&quot;:&quot;0&quot;,&quot;shutter_speed&quot;:&quot;0&quot;,&quot;title&quot;:&quot;&quot;,&quot;orientation&quot;:&quot;0&quot;}\" data-image-title=\"IMG_7156\" data-image-description=\"\" data-image-caption=\"\" data-large-file=\"https:\/\/www.alqueria.es\/blogs\/alqueriaartistica\/wp-content\/uploads\/sites\/12\/2015\/06\/IMG_7156-768x1024.jpg\" \/><\/a>\n\t\t\t<\/div><\/figure><figure class='gallery-item'>\n\t\t\t<div class='gallery-icon landscape'>\n\t\t\t\t<a href='https:\/\/www.alqueria.es\/blogs\/alqueriaartistica\/2015\/06\/09\/tejidos\/img_7154-2\/'><img decoding=\"async\" width=\"150\" height=\"150\" src=\"https:\/\/www.alqueria.es\/blogs\/alqueriaartistica\/wp-content\/uploads\/sites\/12\/2015\/06\/IMG_7154-150x150.jpg\" class=\"attachment-thumbnail size-thumbnail\" alt=\"\" data-attachment-id=\"8744\" data-permalink=\"https:\/\/www.alqueria.es\/blogs\/alqueriaartistica\/2015\/06\/09\/tejidos\/img_7154-2\/\" data-orig-file=\"https:\/\/www.alqueria.es\/blogs\/alqueriaartistica\/wp-content\/uploads\/sites\/12\/2015\/06\/IMG_7154.jpg\" data-orig-size=\"1024,768\" data-comments-opened=\"1\" data-image-meta=\"{&quot;aperture&quot;:&quot;0&quot;,&quot;credit&quot;:&quot;&quot;,&quot;camera&quot;:&quot;&quot;,&quot;caption&quot;:&quot;&quot;,&quot;created_timestamp&quot;:&quot;0&quot;,&quot;copyright&quot;:&quot;&quot;,&quot;focal_length&quot;:&quot;0&quot;,&quot;iso&quot;:&quot;0&quot;,&quot;shutter_speed&quot;:&quot;0&quot;,&quot;title&quot;:&quot;&quot;,&quot;orientation&quot;:&quot;0&quot;}\" data-image-title=\"IMG_7154\" data-image-description=\"\" data-image-caption=\"\" data-large-file=\"https:\/\/www.alqueria.es\/blogs\/alqueriaartistica\/wp-content\/uploads\/sites\/12\/2015\/06\/IMG_7154-1024x768.jpg\" \/><\/a>\n\t\t\t<\/div><\/figure><figure class='gallery-item'>\n\t\t\t<div class='gallery-icon portrait'>\n\t\t\t\t<a href='https:\/\/www.alqueria.es\/blogs\/alqueriaartistica\/2015\/06\/09\/tejidos\/img_7151-2\/'><img decoding=\"async\" width=\"150\" height=\"150\" src=\"https:\/\/www.alqueria.es\/blogs\/alqueriaartistica\/wp-content\/uploads\/sites\/12\/2015\/06\/IMG_7151-150x150.jpg\" class=\"attachment-thumbnail size-thumbnail\" alt=\"\" data-attachment-id=\"8742\" data-permalink=\"https:\/\/www.alqueria.es\/blogs\/alqueriaartistica\/2015\/06\/09\/tejidos\/img_7151-2\/\" data-orig-file=\"https:\/\/www.alqueria.es\/blogs\/alqueriaartistica\/wp-content\/uploads\/sites\/12\/2015\/06\/IMG_7151.jpg\" data-orig-size=\"768,1024\" data-comments-opened=\"1\" data-image-meta=\"{&quot;aperture&quot;:&quot;0&quot;,&quot;credit&quot;:&quot;&quot;,&quot;camera&quot;:&quot;&quot;,&quot;caption&quot;:&quot;&quot;,&quot;created_timestamp&quot;:&quot;0&quot;,&quot;copyright&quot;:&quot;&quot;,&quot;focal_length&quot;:&quot;0&quot;,&quot;iso&quot;:&quot;0&quot;,&quot;shutter_speed&quot;:&quot;0&quot;,&quot;title&quot;:&quot;&quot;,&quot;orientation&quot;:&quot;0&quot;}\" data-image-title=\"IMG_7151\" data-image-description=\"\" data-image-caption=\"\" data-large-file=\"https:\/\/www.alqueria.es\/blogs\/alqueriaartistica\/wp-content\/uploads\/sites\/12\/2015\/06\/IMG_7151-768x1024.jpg\" \/><\/a>\n\t\t\t<\/div><\/figure><figure class='gallery-item'>\n\t\t\t<div class='gallery-icon portrait'>\n\t\t\t\t<a href='https:\/\/www.alqueria.es\/blogs\/alqueriaartistica\/2015\/06\/09\/tejidos\/img_6879\/'><img decoding=\"async\" width=\"150\" height=\"150\" src=\"https:\/\/www.alqueria.es\/blogs\/alqueriaartistica\/wp-content\/uploads\/sites\/12\/2015\/06\/IMG_6879-150x150.jpg\" class=\"attachment-thumbnail size-thumbnail\" alt=\"\" data-attachment-id=\"8741\" data-permalink=\"https:\/\/www.alqueria.es\/blogs\/alqueriaartistica\/2015\/06\/09\/tejidos\/img_6879\/\" data-orig-file=\"https:\/\/www.alqueria.es\/blogs\/alqueriaartistica\/wp-content\/uploads\/sites\/12\/2015\/06\/IMG_6879.jpg\" data-orig-size=\"768,1024\" data-comments-opened=\"1\" data-image-meta=\"{&quot;aperture&quot;:&quot;0&quot;,&quot;credit&quot;:&quot;&quot;,&quot;camera&quot;:&quot;&quot;,&quot;caption&quot;:&quot;&quot;,&quot;created_timestamp&quot;:&quot;0&quot;,&quot;copyright&quot;:&quot;&quot;,&quot;focal_length&quot;:&quot;0&quot;,&quot;iso&quot;:&quot;0&quot;,&quot;shutter_speed&quot;:&quot;0&quot;,&quot;title&quot;:&quot;&quot;,&quot;orientation&quot;:&quot;0&quot;}\" data-image-title=\"IMG_6879\" data-image-description=\"\" data-image-caption=\"\" data-large-file=\"https:\/\/www.alqueria.es\/blogs\/alqueriaartistica\/wp-content\/uploads\/sites\/12\/2015\/06\/IMG_6879-768x1024.jpg\" \/><\/a>\n\t\t\t<\/div><\/figure>\n\t\t<\/div>\n\n<p>\u00a1Buen trabajo! Seguid practicando este verano.<\/p>\n<p>Espero que pas\u00e9is buen verano<\/p>\n<p>Ana Mart\u00edn<\/p>\n","protected":false},"excerpt":{"rendered":"<p>Seg\u00fan su definici\u00f3n, tejer consiste en entrelazar hilos, o nudos o anillos de un solo hilo para formar telas, trencillas, esparto, etc.. Tambi\u00e9n entrelazar, cruz\u00e1ndolos en el telar, los hilos de las dos series llamadas la trama y la urdimbre. En esta ocasi\u00f3n realizamos la urdimbre sobre CDs reciclados. Cuando plante\u00e9 este trabajo a los &hellip; <a href=\"https:\/\/www.alqueria.es\/blogs\/alqueriaartistica\/2015\/06\/09\/tejidos\/\" class=\"more-link\">Seguir leyendo <span class=\"screen-reader-text\">TEJIDOS<\/span> <span class=\"meta-nav\">&rarr;<\/span><\/a><\/p>\n","protected":false},"author":34,"featured_media":0,"comment_status":"open","ping_status":"open","sticky":false,"template":"","format":"standard","meta":{"jetpack_post_was_ever_published":false,"_jetpack_newsletter_access":"","_jetpack_dont_email_post_to_subs":false,"_jetpack_newsletter_tier_id":0,"_jetpack_memberships_contains_paywalled_content":false,"_jetpack_memberships_contains_paid_content":false,"footnotes":"","jetpack_publicize_message":"","jetpack_publicize_feature_enabled":true,"jetpack_social_post_already_shared":true,"jetpack_social_options":{"image_generator_settings":{"template":"highway","default_image_id":0,"font":"","enabled":false},"version":2}},"categories":[11],"tags":[91,165,164,167],"class_list":["post-8708","post","type-post","status-publish","format-standard","hentry","category-3o-epo","tag-educacion-artistica-y-visual","tag-elementos-decorativos","tag-fiesta-fin-de-curso","tag-tejidos"],"jetpack_publicize_connections":[],"jetpack_featured_media_url":"","jetpack_sharing_enabled":true,"jetpack_shortlink":"https:\/\/wp.me\/s4mcJu-tejidos","_links":{"self":[{"href":"https:\/\/www.alqueria.es\/blogs\/alqueriaartistica\/wp-json\/wp\/v2\/posts\/8708","targetHints":{"allow":["GET"]}}],"collection":[{"href":"https:\/\/www.alqueria.es\/blogs\/alqueriaartistica\/wp-json\/wp\/v2\/posts"}],"about":[{"href":"https:\/\/www.alqueria.es\/blogs\/alqueriaartistica\/wp-json\/wp\/v2\/types\/post"}],"author":[{"embeddable":true,"href":"https:\/\/www.alqueria.es\/blogs\/alqueriaartistica\/wp-json\/wp\/v2\/users\/34"}],"replies":[{"embeddable":true,"href":"https:\/\/www.alqueria.es\/blogs\/alqueriaartistica\/wp-json\/wp\/v2\/comments?post=8708"}],"version-history":[{"count":0,"href":"https:\/\/www.alqueria.es\/blogs\/alqueriaartistica\/wp-json\/wp\/v2\/posts\/8708\/revisions"}],"wp:attachment":[{"href":"https:\/\/www.alqueria.es\/blogs\/alqueriaartistica\/wp-json\/wp\/v2\/media?parent=8708"}],"wp:term":[{"taxonomy":"category","embeddable":true,"href":"https:\/\/www.alqueria.es\/blogs\/alqueriaartistica\/wp-json\/wp\/v2\/categories?post=8708"},{"taxonomy":"post_tag","embeddable":true,"href":"https:\/\/www.alqueria.es\/blogs\/alqueriaartistica\/wp-json\/wp\/v2\/tags?post=8708"}],"curies":[{"name":"wp","href":"https:\/\/api.w.org\/{rel}","templated":true}]}}