{"id":8952,"date":"2015-06-26T00:28:43","date_gmt":"2015-06-25T22:28:43","guid":{"rendered":"https:\/\/www.alqueria.es\/blogs\/alqueriaartistica\/?p=8952"},"modified":"2015-06-26T00:28:43","modified_gmt":"2015-06-25T22:28:43","slug":"centro-nacional-de-arte-reina-sofia","status":"publish","type":"post","link":"https:\/\/www.alqueria.es\/blogs\/alqueriaartistica\/2015\/06\/26\/centro-nacional-de-arte-reina-sofia\/","title":{"rendered":"CENTRO NACIONAL DE ARTE REINA SOF\u00cdA"},"content":{"rendered":"<div data-carousel-extra='{&quot;blog_id&quot;:12,&quot;permalink&quot;:&quot;https:\/\/www.alqueria.es\/blogs\/alqueriaartistica\/2015\/06\/26\/centro-nacional-de-arte-reina-sofia\/&quot;}' id='gallery-1' class='gallery galleryid-8952 gallery-columns-3 gallery-size-thumbnail'><figure class='gallery-item'>\n\t\t\t<div class='gallery-icon portrait'>\n\t\t\t\t<a href='https:\/\/www.alqueria.es\/blogs\/alqueriaartistica\/2015\/06\/26\/centro-nacional-de-arte-reina-sofia\/img_2368-2\/'><img decoding=\"async\" width=\"150\" height=\"150\" src=\"https:\/\/www.alqueria.es\/blogs\/alqueriaartistica\/wp-content\/uploads\/sites\/12\/2015\/06\/IMG_2368-150x150.jpg\" class=\"attachment-thumbnail size-thumbnail\" alt=\"\" data-attachment-id=\"8953\" data-permalink=\"https:\/\/www.alqueria.es\/blogs\/alqueriaartistica\/2015\/06\/26\/centro-nacional-de-arte-reina-sofia\/img_2368-2\/\" data-orig-file=\"https:\/\/www.alqueria.es\/blogs\/alqueriaartistica\/wp-content\/uploads\/sites\/12\/2015\/06\/IMG_2368.jpg\" data-orig-size=\"768,1024\" data-comments-opened=\"1\" data-image-meta=\"{&quot;aperture&quot;:&quot;0&quot;,&quot;credit&quot;:&quot;&quot;,&quot;camera&quot;:&quot;&quot;,&quot;caption&quot;:&quot;&quot;,&quot;created_timestamp&quot;:&quot;0&quot;,&quot;copyright&quot;:&quot;&quot;,&quot;focal_length&quot;:&quot;0&quot;,&quot;iso&quot;:&quot;0&quot;,&quot;shutter_speed&quot;:&quot;0&quot;,&quot;title&quot;:&quot;&quot;,&quot;orientation&quot;:&quot;0&quot;}\" data-image-title=\"IMG_2368\" data-image-description=\"\" data-image-caption=\"\" data-large-file=\"https:\/\/www.alqueria.es\/blogs\/alqueriaartistica\/wp-content\/uploads\/sites\/12\/2015\/06\/IMG_2368-768x1024.jpg\" \/><\/a>\n\t\t\t<\/div><\/figure>\n\t\t<\/div>\n\n<p style=\"text-align: justify\">El Museo Nacional Centro de Arte Reina Sof\u00eda (MNCARS) en Madrid, cuenta con una extraordinaria colecci\u00f3n \u00a0de arte del siglo XX\u00a0y contempor\u00e1neo.<\/p>\n<div data-carousel-extra='{&quot;blog_id&quot;:12,&quot;permalink&quot;:&quot;https:\/\/www.alqueria.es\/blogs\/alqueriaartistica\/2015\/06\/26\/centro-nacional-de-arte-reina-sofia\/&quot;}' id='gallery-2' class='gallery galleryid-8952 gallery-columns-3 gallery-size-thumbnail'><figure class='gallery-item'>\n\t\t\t<div class='gallery-icon landscape'>\n\t\t\t\t<a href='https:\/\/www.alqueria.es\/blogs\/alqueriaartistica\/2015\/06\/26\/centro-nacional-de-arte-reina-sofia\/img_8319\/'><img decoding=\"async\" width=\"150\" height=\"150\" src=\"https:\/\/www.alqueria.es\/blogs\/alqueriaartistica\/wp-content\/uploads\/sites\/12\/2015\/06\/IMG_8319-150x150.jpg\" class=\"attachment-thumbnail size-thumbnail\" alt=\"\" data-attachment-id=\"8956\" data-permalink=\"https:\/\/www.alqueria.es\/blogs\/alqueriaartistica\/2015\/06\/26\/centro-nacional-de-arte-reina-sofia\/img_8319\/\" data-orig-file=\"https:\/\/www.alqueria.es\/blogs\/alqueriaartistica\/wp-content\/uploads\/sites\/12\/2015\/06\/IMG_8319.jpg\" data-orig-size=\"1024,768\" data-comments-opened=\"1\" data-image-meta=\"{&quot;aperture&quot;:&quot;0&quot;,&quot;credit&quot;:&quot;&quot;,&quot;camera&quot;:&quot;&quot;,&quot;caption&quot;:&quot;&quot;,&quot;created_timestamp&quot;:&quot;0&quot;,&quot;copyright&quot;:&quot;&quot;,&quot;focal_length&quot;:&quot;0&quot;,&quot;iso&quot;:&quot;0&quot;,&quot;shutter_speed&quot;:&quot;0&quot;,&quot;title&quot;:&quot;&quot;,&quot;orientation&quot;:&quot;0&quot;}\" data-image-title=\"IMG_8319\" data-image-description=\"\" data-image-caption=\"\" data-large-file=\"https:\/\/www.alqueria.es\/blogs\/alqueriaartistica\/wp-content\/uploads\/sites\/12\/2015\/06\/IMG_8319-1024x768.jpg\" \/><\/a>\n\t\t\t<\/div><\/figure><figure class='gallery-item'>\n\t\t\t<div class='gallery-icon landscape'>\n\t\t\t\t<a href='https:\/\/www.alqueria.es\/blogs\/alqueriaartistica\/2015\/06\/26\/centro-nacional-de-arte-reina-sofia\/img_7836\/'><img decoding=\"async\" width=\"150\" height=\"150\" src=\"https:\/\/www.alqueria.es\/blogs\/alqueriaartistica\/wp-content\/uploads\/sites\/12\/2015\/06\/IMG_7836-150x150.jpg\" class=\"attachment-thumbnail size-thumbnail\" alt=\"\" data-attachment-id=\"8962\" data-permalink=\"https:\/\/www.alqueria.es\/blogs\/alqueriaartistica\/2015\/06\/26\/centro-nacional-de-arte-reina-sofia\/img_7836\/\" data-orig-file=\"https:\/\/www.alqueria.es\/blogs\/alqueriaartistica\/wp-content\/uploads\/sites\/12\/2015\/06\/IMG_7836.jpg\" data-orig-size=\"1024,768\" data-comments-opened=\"1\" data-image-meta=\"{&quot;aperture&quot;:&quot;0&quot;,&quot;credit&quot;:&quot;&quot;,&quot;camera&quot;:&quot;&quot;,&quot;caption&quot;:&quot;&quot;,&quot;created_timestamp&quot;:&quot;0&quot;,&quot;copyright&quot;:&quot;&quot;,&quot;focal_length&quot;:&quot;0&quot;,&quot;iso&quot;:&quot;0&quot;,&quot;shutter_speed&quot;:&quot;0&quot;,&quot;title&quot;:&quot;&quot;,&quot;orientation&quot;:&quot;0&quot;}\" data-image-title=\"IMG_7836\" data-image-description=\"\" data-image-caption=\"\" data-large-file=\"https:\/\/www.alqueria.es\/blogs\/alqueriaartistica\/wp-content\/uploads\/sites\/12\/2015\/06\/IMG_7836-1024x768.jpg\" \/><\/a>\n\t\t\t<\/div><\/figure><figure class='gallery-item'>\n\t\t\t<div class='gallery-icon portrait'>\n\t\t\t\t<a href='https:\/\/www.alqueria.es\/blogs\/alqueriaartistica\/2015\/06\/26\/centro-nacional-de-arte-reina-sofia\/img_7176\/'><img decoding=\"async\" width=\"150\" height=\"150\" src=\"https:\/\/www.alqueria.es\/blogs\/alqueriaartistica\/wp-content\/uploads\/sites\/12\/2015\/06\/IMG_7176-150x150.jpg\" class=\"attachment-thumbnail size-thumbnail\" alt=\"\" data-attachment-id=\"8959\" data-permalink=\"https:\/\/www.alqueria.es\/blogs\/alqueriaartistica\/2015\/06\/26\/centro-nacional-de-arte-reina-sofia\/img_7176\/\" data-orig-file=\"https:\/\/www.alqueria.es\/blogs\/alqueriaartistica\/wp-content\/uploads\/sites\/12\/2015\/06\/IMG_7176.jpg\" data-orig-size=\"768,1024\" data-comments-opened=\"1\" data-image-meta=\"{&quot;aperture&quot;:&quot;0&quot;,&quot;credit&quot;:&quot;&quot;,&quot;camera&quot;:&quot;&quot;,&quot;caption&quot;:&quot;&quot;,&quot;created_timestamp&quot;:&quot;0&quot;,&quot;copyright&quot;:&quot;&quot;,&quot;focal_length&quot;:&quot;0&quot;,&quot;iso&quot;:&quot;0&quot;,&quot;shutter_speed&quot;:&quot;0&quot;,&quot;title&quot;:&quot;&quot;,&quot;orientation&quot;:&quot;0&quot;}\" data-image-title=\"IMG_7176\" data-image-description=\"\" data-image-caption=\"\" data-large-file=\"https:\/\/www.alqueria.es\/blogs\/alqueriaartistica\/wp-content\/uploads\/sites\/12\/2015\/06\/IMG_7176-768x1024.jpg\" \/><\/a>\n\t\t\t<\/div><\/figure>\n\t\t<\/div>\n\n<p style=\"text-align: justify\">El museo fue inaugurado en 1992\u00a0y est\u00e1 considerado, por sus colecciones, como un centro privilegiado a nivel internacional. El Reina Sof\u00eda es el v\u00e9rtice sur del conocido como <i>Tri\u00e1ngulo<\/i>\u00a0de Madrid, que incluye a otros dos c\u00e9lebres museos: el Prado\u00a0y el Thyssen-Bornemisza.<\/p>\n<p style=\"text-align: justify\">En la colecci\u00f3n permanente del museo destacan obras de grandes artistas espa\u00f1oles del siglo XX, especialmente Pablo Picasso, Salvador Dal\u00ed\u00a0y Joan Mir\u00f3, representados ampliamente y con algunas de sus mejores obras.\u00a0La colecci\u00f3n toma como n\u00facleo el arte espa\u00f1ol contempor\u00e1neo y lo contextualiza en las corrientes internacionales con ejemplos de autores extranjeros. Son muy relevantes tambi\u00e9n las colecciones de <i>arte surrealista<\/i>\u00a0(con obras de Francis Picabia, Ren\u00e9 Magritte, \u00d3scar Dom\u00ednguez\u00a0o Yves Tanguy, adem\u00e1s de los ya citados Mir\u00f3 y Dal\u00ed), del <i>cubismo<\/i>\u00a0(que a la colecci\u00f3n Picasso a\u00f1ade nombres como Juan Gris, Georges Braque, Robert Delaunay, Fernand L\u00e9ger\u00a0o Albert Gleizes), y la presencia de artistas <i>expresionistas<\/i>, como Francis Bacon\u00a0o Antonio Saura.<\/p>\n<p style=\"text-align: justify\">Junto a estos autores hay muchos otros de diversas tendencias tan destacados como Lucio Fontana, Yves Klein, Diego Ribera, Alexander Calder, Roberto Matta, Mark Rotho, Antonio L\u00f3pez Garc\u00eda, Antoni T\u00e0pies, Miquel Barcel\u00f3 o Sam \u00a0Francis.<\/p>\n<p style=\"text-align: justify\">La obra m\u00e1s conocida del museo es sin duda el <em>Guernica<\/em>\u00a0de Picasso, una de las pinturas m\u00e1s relevantes del arte contempor\u00e1neo, que se expone junto a m\u00faltiples bocetos\u00a0preparatorios y fotograf\u00edas originales que documentan su realizaci\u00f3n.<\/p>\n<div data-carousel-extra='{&quot;blog_id&quot;:12,&quot;permalink&quot;:&quot;https:\/\/www.alqueria.es\/blogs\/alqueriaartistica\/2015\/06\/26\/centro-nacional-de-arte-reina-sofia\/&quot;}' id='gallery-3' class='gallery galleryid-8952 gallery-columns-3 gallery-size-thumbnail'><figure class='gallery-item'>\n\t\t\t<div class='gallery-icon landscape'>\n\t\t\t\t<a href='https:\/\/www.alqueria.es\/blogs\/alqueriaartistica\/2015\/06\/26\/centro-nacional-de-arte-reina-sofia\/img_8321-2\/'><img decoding=\"async\" width=\"150\" height=\"150\" src=\"https:\/\/www.alqueria.es\/blogs\/alqueriaartistica\/wp-content\/uploads\/sites\/12\/2015\/06\/IMG_8321-e1435170762153-150x150.jpg\" class=\"attachment-thumbnail size-thumbnail\" alt=\"\" data-attachment-id=\"8971\" data-permalink=\"https:\/\/www.alqueria.es\/blogs\/alqueriaartistica\/2015\/06\/26\/centro-nacional-de-arte-reina-sofia\/img_8321-2\/\" data-orig-file=\"https:\/\/www.alqueria.es\/blogs\/alqueriaartistica\/wp-content\/uploads\/sites\/12\/2015\/06\/IMG_8321-e1435170762153.jpg\" data-orig-size=\"1024,768\" data-comments-opened=\"1\" data-image-meta=\"{&quot;aperture&quot;:&quot;0&quot;,&quot;credit&quot;:&quot;&quot;,&quot;camera&quot;:&quot;&quot;,&quot;caption&quot;:&quot;&quot;,&quot;created_timestamp&quot;:&quot;0&quot;,&quot;copyright&quot;:&quot;&quot;,&quot;focal_length&quot;:&quot;0&quot;,&quot;iso&quot;:&quot;0&quot;,&quot;shutter_speed&quot;:&quot;0&quot;,&quot;title&quot;:&quot;&quot;,&quot;orientation&quot;:&quot;0&quot;}\" data-image-title=\"IMG_8321\" data-image-description=\"\" data-image-caption=\"\" data-large-file=\"https:\/\/www.alqueria.es\/blogs\/alqueriaartistica\/wp-content\/uploads\/sites\/12\/2015\/06\/IMG_8321-e1435170762153-1024x768.jpg\" \/><\/a>\n\t\t\t<\/div><\/figure><figure class='gallery-item'>\n\t\t\t<div class='gallery-icon landscape'>\n\t\t\t\t<a href='https:\/\/www.alqueria.es\/blogs\/alqueriaartistica\/2015\/06\/26\/centro-nacional-de-arte-reina-sofia\/img_7844\/'><img decoding=\"async\" width=\"150\" height=\"150\" src=\"https:\/\/www.alqueria.es\/blogs\/alqueriaartistica\/wp-content\/uploads\/sites\/12\/2015\/06\/IMG_7844-150x150.jpg\" class=\"attachment-thumbnail size-thumbnail\" alt=\"\" data-attachment-id=\"8970\" data-permalink=\"https:\/\/www.alqueria.es\/blogs\/alqueriaartistica\/2015\/06\/26\/centro-nacional-de-arte-reina-sofia\/img_7844\/\" data-orig-file=\"https:\/\/www.alqueria.es\/blogs\/alqueriaartistica\/wp-content\/uploads\/sites\/12\/2015\/06\/IMG_7844.jpg\" data-orig-size=\"1024,768\" data-comments-opened=\"1\" data-image-meta=\"{&quot;aperture&quot;:&quot;0&quot;,&quot;credit&quot;:&quot;&quot;,&quot;camera&quot;:&quot;&quot;,&quot;caption&quot;:&quot;&quot;,&quot;created_timestamp&quot;:&quot;0&quot;,&quot;copyright&quot;:&quot;&quot;,&quot;focal_length&quot;:&quot;0&quot;,&quot;iso&quot;:&quot;0&quot;,&quot;shutter_speed&quot;:&quot;0&quot;,&quot;title&quot;:&quot;&quot;,&quot;orientation&quot;:&quot;0&quot;}\" data-image-title=\"IMG_7844\" data-image-description=\"\" data-image-caption=\"\" data-large-file=\"https:\/\/www.alqueria.es\/blogs\/alqueriaartistica\/wp-content\/uploads\/sites\/12\/2015\/06\/IMG_7844-1024x768.jpg\" \/><\/a>\n\t\t\t<\/div><\/figure><figure class='gallery-item'>\n\t\t\t<div class='gallery-icon portrait'>\n\t\t\t\t<a href='https:\/\/www.alqueria.es\/blogs\/alqueriaartistica\/2015\/06\/26\/centro-nacional-de-arte-reina-sofia\/img_7839\/'><img decoding=\"async\" width=\"150\" height=\"150\" src=\"https:\/\/www.alqueria.es\/blogs\/alqueriaartistica\/wp-content\/uploads\/sites\/12\/2015\/06\/IMG_7839-150x150.jpg\" class=\"attachment-thumbnail size-thumbnail\" alt=\"\" data-attachment-id=\"8965\" data-permalink=\"https:\/\/www.alqueria.es\/blogs\/alqueriaartistica\/2015\/06\/26\/centro-nacional-de-arte-reina-sofia\/img_7839\/\" data-orig-file=\"https:\/\/www.alqueria.es\/blogs\/alqueriaartistica\/wp-content\/uploads\/sites\/12\/2015\/06\/IMG_7839.jpg\" data-orig-size=\"768,1024\" data-comments-opened=\"1\" data-image-meta=\"{&quot;aperture&quot;:&quot;0&quot;,&quot;credit&quot;:&quot;&quot;,&quot;camera&quot;:&quot;&quot;,&quot;caption&quot;:&quot;&quot;,&quot;created_timestamp&quot;:&quot;0&quot;,&quot;copyright&quot;:&quot;&quot;,&quot;focal_length&quot;:&quot;0&quot;,&quot;iso&quot;:&quot;0&quot;,&quot;shutter_speed&quot;:&quot;0&quot;,&quot;title&quot;:&quot;&quot;,&quot;orientation&quot;:&quot;0&quot;}\" data-image-title=\"IMG_7839\" data-image-description=\"\" data-image-caption=\"\" data-large-file=\"https:\/\/www.alqueria.es\/blogs\/alqueriaartistica\/wp-content\/uploads\/sites\/12\/2015\/06\/IMG_7839-768x1024.jpg\" \/><\/a>\n\t\t\t<\/div><\/figure><figure class='gallery-item'>\n\t\t\t<div class='gallery-icon portrait'>\n\t\t\t\t<a href='https:\/\/www.alqueria.es\/blogs\/alqueriaartistica\/2015\/06\/26\/centro-nacional-de-arte-reina-sofia\/img_7843-3\/'><img decoding=\"async\" width=\"150\" height=\"150\" src=\"https:\/\/www.alqueria.es\/blogs\/alqueriaartistica\/wp-content\/uploads\/sites\/12\/2015\/06\/IMG_78431-150x150.jpg\" class=\"attachment-thumbnail size-thumbnail\" alt=\"\" data-attachment-id=\"8969\" data-permalink=\"https:\/\/www.alqueria.es\/blogs\/alqueriaartistica\/2015\/06\/26\/centro-nacional-de-arte-reina-sofia\/img_7843-3\/\" data-orig-file=\"https:\/\/www.alqueria.es\/blogs\/alqueriaartistica\/wp-content\/uploads\/sites\/12\/2015\/06\/IMG_78431.jpg\" data-orig-size=\"768,1024\" data-comments-opened=\"1\" data-image-meta=\"{&quot;aperture&quot;:&quot;0&quot;,&quot;credit&quot;:&quot;&quot;,&quot;camera&quot;:&quot;&quot;,&quot;caption&quot;:&quot;&quot;,&quot;created_timestamp&quot;:&quot;0&quot;,&quot;copyright&quot;:&quot;&quot;,&quot;focal_length&quot;:&quot;0&quot;,&quot;iso&quot;:&quot;0&quot;,&quot;shutter_speed&quot;:&quot;0&quot;,&quot;title&quot;:&quot;&quot;,&quot;orientation&quot;:&quot;0&quot;}\" data-image-title=\"IMG_7843\" data-image-description=\"\" data-image-caption=\"\" data-large-file=\"https:\/\/www.alqueria.es\/blogs\/alqueriaartistica\/wp-content\/uploads\/sites\/12\/2015\/06\/IMG_78431-768x1024.jpg\" \/><\/a>\n\t\t\t<\/div><\/figure><figure class='gallery-item'>\n\t\t\t<div class='gallery-icon portrait'>\n\t\t\t\t<a href='https:\/\/www.alqueria.es\/blogs\/alqueriaartistica\/2015\/06\/26\/centro-nacional-de-arte-reina-sofia\/img_7842\/'><img decoding=\"async\" width=\"150\" height=\"150\" src=\"https:\/\/www.alqueria.es\/blogs\/alqueriaartistica\/wp-content\/uploads\/sites\/12\/2015\/06\/IMG_7842-150x150.jpg\" class=\"attachment-thumbnail size-thumbnail\" alt=\"\" data-attachment-id=\"8968\" data-permalink=\"https:\/\/www.alqueria.es\/blogs\/alqueriaartistica\/2015\/06\/26\/centro-nacional-de-arte-reina-sofia\/img_7842\/\" data-orig-file=\"https:\/\/www.alqueria.es\/blogs\/alqueriaartistica\/wp-content\/uploads\/sites\/12\/2015\/06\/IMG_7842.jpg\" data-orig-size=\"768,1024\" data-comments-opened=\"1\" data-image-meta=\"{&quot;aperture&quot;:&quot;0&quot;,&quot;credit&quot;:&quot;&quot;,&quot;camera&quot;:&quot;&quot;,&quot;caption&quot;:&quot;&quot;,&quot;created_timestamp&quot;:&quot;0&quot;,&quot;copyright&quot;:&quot;&quot;,&quot;focal_length&quot;:&quot;0&quot;,&quot;iso&quot;:&quot;0&quot;,&quot;shutter_speed&quot;:&quot;0&quot;,&quot;title&quot;:&quot;&quot;,&quot;orientation&quot;:&quot;0&quot;}\" data-image-title=\"IMG_7842\" data-image-description=\"\" data-image-caption=\"\" data-large-file=\"https:\/\/www.alqueria.es\/blogs\/alqueriaartistica\/wp-content\/uploads\/sites\/12\/2015\/06\/IMG_7842-768x1024.jpg\" \/><\/a>\n\t\t\t<\/div><\/figure><figure class='gallery-item'>\n\t\t\t<div class='gallery-icon landscape'>\n\t\t\t\t<a href='https:\/\/www.alqueria.es\/blogs\/alqueriaartistica\/2015\/06\/26\/centro-nacional-de-arte-reina-sofia\/img_7841-2\/'><img decoding=\"async\" width=\"150\" height=\"150\" src=\"https:\/\/www.alqueria.es\/blogs\/alqueriaartistica\/wp-content\/uploads\/sites\/12\/2015\/06\/IMG_78411-150x150.jpg\" class=\"attachment-thumbnail size-thumbnail\" alt=\"\" data-attachment-id=\"8967\" data-permalink=\"https:\/\/www.alqueria.es\/blogs\/alqueriaartistica\/2015\/06\/26\/centro-nacional-de-arte-reina-sofia\/img_7841-2\/\" data-orig-file=\"https:\/\/www.alqueria.es\/blogs\/alqueriaartistica\/wp-content\/uploads\/sites\/12\/2015\/06\/IMG_78411.jpg\" data-orig-size=\"1024,768\" data-comments-opened=\"1\" data-image-meta=\"{&quot;aperture&quot;:&quot;0&quot;,&quot;credit&quot;:&quot;&quot;,&quot;camera&quot;:&quot;&quot;,&quot;caption&quot;:&quot;&quot;,&quot;created_timestamp&quot;:&quot;0&quot;,&quot;copyright&quot;:&quot;&quot;,&quot;focal_length&quot;:&quot;0&quot;,&quot;iso&quot;:&quot;0&quot;,&quot;shutter_speed&quot;:&quot;0&quot;,&quot;title&quot;:&quot;&quot;,&quot;orientation&quot;:&quot;0&quot;}\" data-image-title=\"IMG_7841\" data-image-description=\"\" data-image-caption=\"\" data-large-file=\"https:\/\/www.alqueria.es\/blogs\/alqueriaartistica\/wp-content\/uploads\/sites\/12\/2015\/06\/IMG_78411-1024x768.jpg\" \/><\/a>\n\t\t\t<\/div><\/figure><figure class='gallery-item'>\n\t\t\t<div class='gallery-icon portrait'>\n\t\t\t\t<a href='https:\/\/www.alqueria.es\/blogs\/alqueriaartistica\/2015\/06\/26\/centro-nacional-de-arte-reina-sofia\/img_7840\/'><img decoding=\"async\" width=\"150\" height=\"150\" src=\"https:\/\/www.alqueria.es\/blogs\/alqueriaartistica\/wp-content\/uploads\/sites\/12\/2015\/06\/IMG_7840-150x150.jpg\" class=\"attachment-thumbnail size-thumbnail\" alt=\"\" data-attachment-id=\"8966\" data-permalink=\"https:\/\/www.alqueria.es\/blogs\/alqueriaartistica\/2015\/06\/26\/centro-nacional-de-arte-reina-sofia\/img_7840\/\" data-orig-file=\"https:\/\/www.alqueria.es\/blogs\/alqueriaartistica\/wp-content\/uploads\/sites\/12\/2015\/06\/IMG_7840.jpg\" data-orig-size=\"768,1024\" data-comments-opened=\"1\" data-image-meta=\"{&quot;aperture&quot;:&quot;0&quot;,&quot;credit&quot;:&quot;&quot;,&quot;camera&quot;:&quot;&quot;,&quot;caption&quot;:&quot;&quot;,&quot;created_timestamp&quot;:&quot;0&quot;,&quot;copyright&quot;:&quot;&quot;,&quot;focal_length&quot;:&quot;0&quot;,&quot;iso&quot;:&quot;0&quot;,&quot;shutter_speed&quot;:&quot;0&quot;,&quot;title&quot;:&quot;&quot;,&quot;orientation&quot;:&quot;0&quot;}\" data-image-title=\"IMG_7840\" data-image-description=\"\" data-image-caption=\"\" data-large-file=\"https:\/\/www.alqueria.es\/blogs\/alqueriaartistica\/wp-content\/uploads\/sites\/12\/2015\/06\/IMG_7840-768x1024.jpg\" \/><\/a>\n\t\t\t<\/div><\/figure><figure class='gallery-item'>\n\t\t\t<div class='gallery-icon landscape'>\n\t\t\t\t<a href='https:\/\/www.alqueria.es\/blogs\/alqueriaartistica\/2015\/06\/26\/centro-nacional-de-arte-reina-sofia\/img_7838\/'><img decoding=\"async\" width=\"150\" height=\"150\" src=\"https:\/\/www.alqueria.es\/blogs\/alqueriaartistica\/wp-content\/uploads\/sites\/12\/2015\/06\/IMG_7838-150x150.jpg\" class=\"attachment-thumbnail size-thumbnail\" alt=\"\" data-attachment-id=\"8964\" data-permalink=\"https:\/\/www.alqueria.es\/blogs\/alqueriaartistica\/2015\/06\/26\/centro-nacional-de-arte-reina-sofia\/img_7838\/\" data-orig-file=\"https:\/\/www.alqueria.es\/blogs\/alqueriaartistica\/wp-content\/uploads\/sites\/12\/2015\/06\/IMG_7838.jpg\" data-orig-size=\"1024,768\" data-comments-opened=\"1\" data-image-meta=\"{&quot;aperture&quot;:&quot;0&quot;,&quot;credit&quot;:&quot;&quot;,&quot;camera&quot;:&quot;&quot;,&quot;caption&quot;:&quot;&quot;,&quot;created_timestamp&quot;:&quot;0&quot;,&quot;copyright&quot;:&quot;&quot;,&quot;focal_length&quot;:&quot;0&quot;,&quot;iso&quot;:&quot;0&quot;,&quot;shutter_speed&quot;:&quot;0&quot;,&quot;title&quot;:&quot;&quot;,&quot;orientation&quot;:&quot;0&quot;}\" data-image-title=\"IMG_7838\" data-image-description=\"\" data-image-caption=\"\" data-large-file=\"https:\/\/www.alqueria.es\/blogs\/alqueriaartistica\/wp-content\/uploads\/sites\/12\/2015\/06\/IMG_7838-1024x768.jpg\" \/><\/a>\n\t\t\t<\/div><\/figure>\n\t\t<\/div>\n\n<p style=\"text-align: justify\">Algunos alumnos de quinto y sexto colaboran en la realizaci\u00f3n de estos dibujos inspirados en el Guernica. Eligen aquellos motivos que, para ellos representan el miedo, la destrucci\u00f3n. Buscamos \u00a0fracturar los elementos elegidos simbolizando la propia fragmentaci\u00f3n de la guerra.<\/p>\n<p style=\"text-align: justify\">Hacemos un homenaje al malague\u00f1o Pablo Picasso y al mencionado mural \u00abGuernica\u00bb que fue adquirido a Picasso por el Estado espa\u00f1ol en 1937. Debido al estallido de la Segunda Guerra Mundial, el artista decidi\u00f3 que la pintura quedara bajo la custodia del Museum of Modern Art de Nueva York. En 1958 Picasso renov\u00f3 el pr\u00e9stamo del cuadro al MoMA, hasta que en Espa\u00f1a se restablecieron las libertades democr\u00e1ticas, regresando a nuestro pa\u00eds en 1981.<\/p>\n<p style=\"text-align: justify\">Ana Mart\u00edn<\/p>\n","protected":false},"excerpt":{"rendered":"<p>El Museo Nacional Centro de Arte Reina Sof\u00eda (MNCARS) en Madrid, cuenta con una extraordinaria colecci\u00f3n \u00a0de arte del siglo XX\u00a0y contempor\u00e1neo. El museo fue inaugurado en 1992\u00a0y est\u00e1 considerado, por sus colecciones, como un centro privilegiado a nivel internacional. El Reina Sof\u00eda es el v\u00e9rtice sur del conocido como Tri\u00e1ngulo\u00a0de Madrid, que incluye a &hellip; <a href=\"https:\/\/www.alqueria.es\/blogs\/alqueriaartistica\/2015\/06\/26\/centro-nacional-de-arte-reina-sofia\/\" class=\"more-link\">Seguir leyendo <span class=\"screen-reader-text\">CENTRO NACIONAL DE ARTE REINA SOF\u00cdA<\/span> <span class=\"meta-nav\">&rarr;<\/span><\/a><\/p>\n","protected":false},"author":34,"featured_media":0,"comment_status":"open","ping_status":"open","sticky":false,"template":"","format":"standard","meta":{"jetpack_post_was_ever_published":false,"_jetpack_newsletter_access":"","_jetpack_dont_email_post_to_subs":false,"_jetpack_newsletter_tier_id":0,"_jetpack_memberships_contains_paywalled_content":false,"_jetpack_memberships_contains_paid_content":false,"footnotes":"","jetpack_publicize_message":"","jetpack_publicize_feature_enabled":true,"jetpack_social_post_already_shared":true,"jetpack_social_options":{"image_generator_settings":{"template":"highway","default_image_id":0,"font":"","enabled":false},"version":2}},"categories":[15],"tags":[91,169],"class_list":["post-8952","post","type-post","status-publish","format-standard","hentry","category-comunicaciones","tag-educacion-artistica-y-visual","tag-museos"],"jetpack_publicize_connections":[],"jetpack_featured_media_url":"","jetpack_sharing_enabled":true,"jetpack_shortlink":"https:\/\/wp.me\/p4mcJu-2ko","_links":{"self":[{"href":"https:\/\/www.alqueria.es\/blogs\/alqueriaartistica\/wp-json\/wp\/v2\/posts\/8952","targetHints":{"allow":["GET"]}}],"collection":[{"href":"https:\/\/www.alqueria.es\/blogs\/alqueriaartistica\/wp-json\/wp\/v2\/posts"}],"about":[{"href":"https:\/\/www.alqueria.es\/blogs\/alqueriaartistica\/wp-json\/wp\/v2\/types\/post"}],"author":[{"embeddable":true,"href":"https:\/\/www.alqueria.es\/blogs\/alqueriaartistica\/wp-json\/wp\/v2\/users\/34"}],"replies":[{"embeddable":true,"href":"https:\/\/www.alqueria.es\/blogs\/alqueriaartistica\/wp-json\/wp\/v2\/comments?post=8952"}],"version-history":[{"count":0,"href":"https:\/\/www.alqueria.es\/blogs\/alqueriaartistica\/wp-json\/wp\/v2\/posts\/8952\/revisions"}],"wp:attachment":[{"href":"https:\/\/www.alqueria.es\/blogs\/alqueriaartistica\/wp-json\/wp\/v2\/media?parent=8952"}],"wp:term":[{"taxonomy":"category","embeddable":true,"href":"https:\/\/www.alqueria.es\/blogs\/alqueriaartistica\/wp-json\/wp\/v2\/categories?post=8952"},{"taxonomy":"post_tag","embeddable":true,"href":"https:\/\/www.alqueria.es\/blogs\/alqueriaartistica\/wp-json\/wp\/v2\/tags?post=8952"}],"curies":[{"name":"wp","href":"https:\/\/api.w.org\/{rel}","templated":true}]}}