{"id":8987,"date":"2015-06-28T22:21:22","date_gmt":"2015-06-28T20:21:22","guid":{"rendered":"https:\/\/www.alqueria.es\/blogs\/alqueriaartistica\/?p=8987"},"modified":"2015-06-28T22:21:22","modified_gmt":"2015-06-28T20:21:22","slug":"parque-de-las-ciencias-de-granada","status":"publish","type":"post","link":"https:\/\/www.alqueria.es\/blogs\/alqueriaartistica\/2015\/06\/28\/parque-de-las-ciencias-de-granada\/","title":{"rendered":"PARQUE DE LAS CIENCIAS DE GRANADA"},"content":{"rendered":"<div data-carousel-extra='{&quot;blog_id&quot;:12,&quot;permalink&quot;:&quot;https:\/\/www.alqueria.es\/blogs\/alqueriaartistica\/2015\/06\/28\/parque-de-las-ciencias-de-granada\/&quot;}' id='gallery-1' class='gallery galleryid-8987 gallery-columns-3 gallery-size-thumbnail'><figure class='gallery-item'>\n\t\t\t<div class='gallery-icon portrait'>\n\t\t\t\t<a href='https:\/\/www.alqueria.es\/blogs\/alqueriaartistica\/2015\/06\/28\/parque-de-las-ciencias-de-granada\/img_8050\/'><img decoding=\"async\" width=\"150\" height=\"150\" src=\"https:\/\/www.alqueria.es\/blogs\/alqueriaartistica\/wp-content\/uploads\/sites\/12\/2015\/06\/IMG_8050-150x150.jpg\" class=\"attachment-thumbnail size-thumbnail\" alt=\"\" data-attachment-id=\"8988\" data-permalink=\"https:\/\/www.alqueria.es\/blogs\/alqueriaartistica\/2015\/06\/28\/parque-de-las-ciencias-de-granada\/img_8050\/\" data-orig-file=\"https:\/\/www.alqueria.es\/blogs\/alqueriaartistica\/wp-content\/uploads\/sites\/12\/2015\/06\/IMG_8050.jpg\" data-orig-size=\"768,1024\" data-comments-opened=\"1\" data-image-meta=\"{&quot;aperture&quot;:&quot;0&quot;,&quot;credit&quot;:&quot;&quot;,&quot;camera&quot;:&quot;&quot;,&quot;caption&quot;:&quot;&quot;,&quot;created_timestamp&quot;:&quot;0&quot;,&quot;copyright&quot;:&quot;&quot;,&quot;focal_length&quot;:&quot;0&quot;,&quot;iso&quot;:&quot;0&quot;,&quot;shutter_speed&quot;:&quot;0&quot;,&quot;title&quot;:&quot;&quot;,&quot;orientation&quot;:&quot;0&quot;}\" data-image-title=\"IMG_8050\" data-image-description=\"\" data-image-caption=\"\" data-large-file=\"https:\/\/www.alqueria.es\/blogs\/alqueriaartistica\/wp-content\/uploads\/sites\/12\/2015\/06\/IMG_8050-768x1024.jpg\" \/><\/a>\n\t\t\t<\/div><\/figure>\n\t\t<\/div>\n\n<p style=\"text-align: justify\"><span style=\"text-align: justify\">El <\/span><strong style=\"text-align: justify\">Parque de las Ciencias de Andaluc\u00eda-Granada<\/strong><span style=\"text-align: justify\"> es el primer museo interactivo de ciencia<\/span><span style=\"text-align: justify\">\u00a0de Andaluc\u00eda.\u00a0<\/span><span style=\"text-align: justify\">Fue inaugurado en mayo de 1995 ocupando en la actualidad 70\u00a0000\u00a0m\u00b2. Est\u00e1 situado en una zona c\u00e9ntrica de Granada\u00a0<\/span><span style=\"text-align: justify\">y se ha convertido en uno de los principales reclamos tur\u00edsticos de la ciudad. Su construcci\u00f3n fue dirigida por el\u00a0<\/span><span style=\"text-align: justify\">arquitecto Carlos Ferrater.<\/span><\/p>\n<p>Las salas y espacios que lo integran son:<\/p>\n<p style=\"text-align: justify\"><strong>Sala Eureka<\/strong>: dedicada a la F\u00edsica\u00a0y la Mec\u00e1nica. En ella se puede manejar un giroscopio, pedalear en una bicicleta\u00a0<span style=\"text-align: justify\">para medir la potencia que tiene cada uno o comprobar el principio de Arqu\u00edmedes<\/span><span style=\"text-align: justify\">.<\/span><\/p>\n<p style=\"text-align: justify\"><strong>Sala Percepci\u00f3n<\/strong>: dedicada a la luz, los espejos y el sonido. En ella se puede jugar con lentes y espejos, ver fibra \u00f3ptica\u00a0o experimentar distintas ilusiones \u00f3pticas.<\/p>\n<p style=\"text-align: justify\"><strong>Sala Biosfera<\/strong>: gira en torno a la vida en la Tierra y en ella hay experiencias para ver c\u00f3mo se formaron los continentes, c\u00f3mo es el interior de un volc\u00e1n, de qu\u00e9 forma se origina un tornado.<\/p>\n<p style=\"text-align: justify\"><strong>Explora<\/strong>:\u00a0es una sala pensada para ni\u00f1os y ni\u00f1as, entre 3 y 7 a\u00f1os. Las experiencias, los juegos y las actividades de Explora introducen a los peque\u00f1os desde las primeras edades en el mundo de la ciencia y de la tecnolog\u00eda, haciendo de los museos de ciencia espacios donde disfrutar.<br \/>\n<strong>Pabell\u00f3n de exposiciones temporales<\/strong>: dispone de 1.000 metros cuadrados para las exposiciones temporales del museo.<\/p>\n<p style=\"text-align: justify\"><strong>Observatorio Astron\u00f3mico<\/strong>: ofrece actividades como el programa \u00abNoches de Astronom\u00eda\u00bb. En este espacio el visitante tiene acceso a un telescopio\u00a0profesional cedido por el Instituto de Astrof\u00edsica de Andaluc\u00eda.<\/p>\n<p style=\"text-align: justify\"><strong>Planetario<\/strong>: el planetario cuenta con el sistema de v\u00eddeo fulldome, la \u00faltima tecnolog\u00eda de proyecci\u00f3n de v\u00eddeo digital que sustituye las diapositivas y permite proyectar una \u00fanica imagen de v\u00eddeo a c\u00fapula completa. Permite el control simult\u00e1neo de los sistemas de proyecci\u00f3n optomec\u00e1nico y digital para ofrecer una imagen del cielo muy real.<\/p>\n<p><strong>El Macroscopio<\/strong><\/p>\n<p><strong>\u00a0<\/strong>Se trata del \u00faltimo edificio a\u00f1adido al complejo. Dispone de las siguientes salas:<\/p>\n<ul>\n<li><strong>Pabell\u00f3n Viaje al Cuerpo Humano<\/strong>: abarca desde el origen de la vida hasta la anatom\u00eda humana.<\/li>\n<li><strong>Pabell\u00f3n Al-Andalus y la Ciencia<\/strong>: sobre el legado cient\u00edfico y tecnol\u00f3gico de al-Andalus.<\/li>\n<li><strong>Pabell\u00f3n Cultura de la Prevenci\u00f3n<\/strong>: aborda los riesgos en el trabajo y en la vida cotidiana.<\/li>\n<li style=\"text-align: justify\"><strong>Pabell\u00f3n Tecno-Foro<\/strong>: nuevas tecnolog\u00edas, la innovaci\u00f3n y el arte.<\/li>\n<li><strong>Sala Explora el Desv\u00e1n del Museo<\/strong>: dedicado a ni\u00f1os.<\/li>\n<li><strong>Pabell\u00f3n de exposiciones temporales<\/strong>.<\/li>\n<\/ul>\n<p style=\"text-align: justify\">Cada a\u00f1o alguno de los cursos de primaria o infantil visitan el Parque.\u00a0Este a\u00f1o los alumnos de sexto del nuestro colegio han participado en la Feria de la Ciencia que el Parque ha celebrado con motivo de su vig\u00e9simo aniversario.<\/p>\n<div data-carousel-extra='{&quot;blog_id&quot;:12,&quot;permalink&quot;:&quot;https:\/\/www.alqueria.es\/blogs\/alqueriaartistica\/2015\/06\/28\/parque-de-las-ciencias-de-granada\/&quot;}' id='gallery-2' class='gallery galleryid-8987 gallery-columns-3 gallery-size-thumbnail'><figure class='gallery-item'>\n\t\t\t<div class='gallery-icon landscape'>\n\t\t\t\t<a href='https:\/\/www.alqueria.es\/blogs\/alqueriaartistica\/2015\/06\/28\/parque-de-las-ciencias-de-granada\/img_6889-2\/'><img decoding=\"async\" width=\"150\" height=\"150\" src=\"https:\/\/www.alqueria.es\/blogs\/alqueriaartistica\/wp-content\/uploads\/sites\/12\/2015\/06\/IMG_6889-150x150.jpg\" class=\"attachment-thumbnail size-thumbnail\" alt=\"\" data-attachment-id=\"8992\" data-permalink=\"https:\/\/www.alqueria.es\/blogs\/alqueriaartistica\/2015\/06\/28\/parque-de-las-ciencias-de-granada\/img_6889-2\/\" data-orig-file=\"https:\/\/www.alqueria.es\/blogs\/alqueriaartistica\/wp-content\/uploads\/sites\/12\/2015\/06\/IMG_6889.jpg\" data-orig-size=\"1024,768\" data-comments-opened=\"1\" data-image-meta=\"{&quot;aperture&quot;:&quot;0&quot;,&quot;credit&quot;:&quot;&quot;,&quot;camera&quot;:&quot;&quot;,&quot;caption&quot;:&quot;&quot;,&quot;created_timestamp&quot;:&quot;0&quot;,&quot;copyright&quot;:&quot;&quot;,&quot;focal_length&quot;:&quot;0&quot;,&quot;iso&quot;:&quot;0&quot;,&quot;shutter_speed&quot;:&quot;0&quot;,&quot;title&quot;:&quot;&quot;,&quot;orientation&quot;:&quot;0&quot;}\" data-image-title=\"IMG_6889\" data-image-description=\"\" data-image-caption=\"\" data-large-file=\"https:\/\/www.alqueria.es\/blogs\/alqueriaartistica\/wp-content\/uploads\/sites\/12\/2015\/06\/IMG_6889-1024x768.jpg\" \/><\/a>\n\t\t\t<\/div><\/figure><figure class='gallery-item'>\n\t\t\t<div class='gallery-icon landscape'>\n\t\t\t\t<a href='https:\/\/www.alqueria.es\/blogs\/alqueriaartistica\/2015\/06\/28\/parque-de-las-ciencias-de-granada\/img_6935-3\/'><img decoding=\"async\" width=\"150\" height=\"150\" src=\"https:\/\/www.alqueria.es\/blogs\/alqueriaartistica\/wp-content\/uploads\/sites\/12\/2015\/06\/IMG_6935-150x150.jpg\" class=\"attachment-thumbnail size-thumbnail\" alt=\"\" data-attachment-id=\"8993\" data-permalink=\"https:\/\/www.alqueria.es\/blogs\/alqueriaartistica\/2015\/06\/28\/parque-de-las-ciencias-de-granada\/img_6935-3\/\" data-orig-file=\"https:\/\/www.alqueria.es\/blogs\/alqueriaartistica\/wp-content\/uploads\/sites\/12\/2015\/06\/IMG_6935.jpg\" data-orig-size=\"1024,768\" data-comments-opened=\"1\" data-image-meta=\"{&quot;aperture&quot;:&quot;0&quot;,&quot;credit&quot;:&quot;&quot;,&quot;camera&quot;:&quot;&quot;,&quot;caption&quot;:&quot;&quot;,&quot;created_timestamp&quot;:&quot;0&quot;,&quot;copyright&quot;:&quot;&quot;,&quot;focal_length&quot;:&quot;0&quot;,&quot;iso&quot;:&quot;0&quot;,&quot;shutter_speed&quot;:&quot;0&quot;,&quot;title&quot;:&quot;&quot;,&quot;orientation&quot;:&quot;0&quot;}\" data-image-title=\"IMG_6935\" data-image-description=\"\" data-image-caption=\"\" data-large-file=\"https:\/\/www.alqueria.es\/blogs\/alqueriaartistica\/wp-content\/uploads\/sites\/12\/2015\/06\/IMG_6935-1024x768.jpg\" \/><\/a>\n\t\t\t<\/div><\/figure><figure class='gallery-item'>\n\t\t\t<div class='gallery-icon portrait'>\n\t\t\t\t<a href='https:\/\/www.alqueria.es\/blogs\/alqueriaartistica\/2015\/06\/28\/parque-de-las-ciencias-de-granada\/img_6884\/'><img decoding=\"async\" width=\"150\" height=\"150\" src=\"https:\/\/www.alqueria.es\/blogs\/alqueriaartistica\/wp-content\/uploads\/sites\/12\/2015\/06\/IMG_6884-150x150.jpg\" class=\"attachment-thumbnail size-thumbnail\" alt=\"\" data-attachment-id=\"8994\" data-permalink=\"https:\/\/www.alqueria.es\/blogs\/alqueriaartistica\/2015\/06\/28\/parque-de-las-ciencias-de-granada\/img_6884\/\" data-orig-file=\"https:\/\/www.alqueria.es\/blogs\/alqueriaartistica\/wp-content\/uploads\/sites\/12\/2015\/06\/IMG_6884.jpg\" data-orig-size=\"768,1024\" data-comments-opened=\"1\" data-image-meta=\"{&quot;aperture&quot;:&quot;0&quot;,&quot;credit&quot;:&quot;&quot;,&quot;camera&quot;:&quot;&quot;,&quot;caption&quot;:&quot;&quot;,&quot;created_timestamp&quot;:&quot;0&quot;,&quot;copyright&quot;:&quot;&quot;,&quot;focal_length&quot;:&quot;0&quot;,&quot;iso&quot;:&quot;0&quot;,&quot;shutter_speed&quot;:&quot;0&quot;,&quot;title&quot;:&quot;&quot;,&quot;orientation&quot;:&quot;0&quot;}\" data-image-title=\"IMG_6884\" data-image-description=\"\" data-image-caption=\"\" data-large-file=\"https:\/\/www.alqueria.es\/blogs\/alqueriaartistica\/wp-content\/uploads\/sites\/12\/2015\/06\/IMG_6884-768x1024.jpg\" \/><\/a>\n\t\t\t<\/div><\/figure>\n\t\t<\/div>\n\n<p style=\"text-align: justify\"><span style=\"text-align: justify\">El trabajo \u201cLOS ALICATADOS DE LA ALHAMBRA\u201d, que hemos presentado en la Feria, es el resultado final de un proyecto de geometr\u00eda que integra las \u00e1reas de matem\u00e1ticas y art\u00edstica. Los proyectos han tenido un proceso de investigaci\u00f3n t\u00e9cnica y de innovaci\u00f3n en el dise\u00f1o empleando arcilla en tres colores sin esmaltar.<\/span><\/p>\n<p style=\"text-align: justify\">En el post sobre los alicatados nazar\u00edes del grupo de sexto hay informaci\u00f3n ampliada sobre el tema.<\/p>\n<p style=\"text-align: justify\">Ana Mart\u00edn<\/p>\n","protected":false},"excerpt":{"rendered":"<p>El Parque de las Ciencias de Andaluc\u00eda-Granada es el primer museo interactivo de ciencia\u00a0de Andaluc\u00eda.\u00a0Fue inaugurado en mayo de 1995 ocupando en la actualidad 70\u00a0000\u00a0m\u00b2. Est\u00e1 situado en una zona c\u00e9ntrica de Granada\u00a0y se ha convertido en uno de los principales reclamos tur\u00edsticos de la ciudad. Su construcci\u00f3n fue dirigida por el\u00a0arquitecto Carlos Ferrater. Las &hellip; <a href=\"https:\/\/www.alqueria.es\/blogs\/alqueriaartistica\/2015\/06\/28\/parque-de-las-ciencias-de-granada\/\" class=\"more-link\">Seguir leyendo <span class=\"screen-reader-text\">PARQUE DE LAS CIENCIAS DE GRANADA<\/span> <span class=\"meta-nav\">&rarr;<\/span><\/a><\/p>\n","protected":false},"author":34,"featured_media":0,"comment_status":"open","ping_status":"open","sticky":false,"template":"","format":"standard","meta":{"jetpack_post_was_ever_published":false,"_jetpack_newsletter_access":"","_jetpack_dont_email_post_to_subs":false,"_jetpack_newsletter_tier_id":0,"_jetpack_memberships_contains_paywalled_content":false,"_jetpack_memberships_contains_paid_content":false,"footnotes":"","jetpack_publicize_message":"","jetpack_publicize_feature_enabled":true,"jetpack_social_post_already_shared":true,"jetpack_social_options":{"image_generator_settings":{"template":"highway","default_image_id":0,"font":"","enabled":false},"version":2}},"categories":[15],"tags":[91,169],"class_list":["post-8987","post","type-post","status-publish","format-standard","hentry","category-comunicaciones","tag-educacion-artistica-y-visual","tag-museos"],"jetpack_publicize_connections":[],"jetpack_featured_media_url":"","jetpack_sharing_enabled":true,"jetpack_shortlink":"https:\/\/wp.me\/p4mcJu-2kX","_links":{"self":[{"href":"https:\/\/www.alqueria.es\/blogs\/alqueriaartistica\/wp-json\/wp\/v2\/posts\/8987","targetHints":{"allow":["GET"]}}],"collection":[{"href":"https:\/\/www.alqueria.es\/blogs\/alqueriaartistica\/wp-json\/wp\/v2\/posts"}],"about":[{"href":"https:\/\/www.alqueria.es\/blogs\/alqueriaartistica\/wp-json\/wp\/v2\/types\/post"}],"author":[{"embeddable":true,"href":"https:\/\/www.alqueria.es\/blogs\/alqueriaartistica\/wp-json\/wp\/v2\/users\/34"}],"replies":[{"embeddable":true,"href":"https:\/\/www.alqueria.es\/blogs\/alqueriaartistica\/wp-json\/wp\/v2\/comments?post=8987"}],"version-history":[{"count":0,"href":"https:\/\/www.alqueria.es\/blogs\/alqueriaartistica\/wp-json\/wp\/v2\/posts\/8987\/revisions"}],"wp:attachment":[{"href":"https:\/\/www.alqueria.es\/blogs\/alqueriaartistica\/wp-json\/wp\/v2\/media?parent=8987"}],"wp:term":[{"taxonomy":"category","embeddable":true,"href":"https:\/\/www.alqueria.es\/blogs\/alqueriaartistica\/wp-json\/wp\/v2\/categories?post=8987"},{"taxonomy":"post_tag","embeddable":true,"href":"https:\/\/www.alqueria.es\/blogs\/alqueriaartistica\/wp-json\/wp\/v2\/tags?post=8987"}],"curies":[{"name":"wp","href":"https:\/\/api.w.org\/{rel}","templated":true}]}}