{"id":9269,"date":"2015-10-13T23:41:04","date_gmt":"2015-10-13T21:41:04","guid":{"rendered":"https:\/\/www.alqueria.es\/blogs\/alqueriaartistica\/?p=9269"},"modified":"2015-10-13T23:41:04","modified_gmt":"2015-10-13T21:41:04","slug":"la-estetica-de-las-palabras-2","status":"publish","type":"post","link":"https:\/\/www.alqueria.es\/blogs\/alqueriaartistica\/2015\/10\/13\/la-estetica-de-las-palabras-2\/","title":{"rendered":"LA EST\u00c9TICA DE LAS PALABRAS"},"content":{"rendered":"<p style=\"text-align: justify\">Con las palabras nos comunicamos.<\/p>\n<div data-carousel-extra='{&quot;blog_id&quot;:12,&quot;permalink&quot;:&quot;https:\/\/www.alqueria.es\/blogs\/alqueriaartistica\/2015\/10\/13\/la-estetica-de-las-palabras-2\/&quot;}' id='gallery-1' class='gallery galleryid-9269 gallery-columns-3 gallery-size-thumbnail'><figure class='gallery-item'>\n\t\t\t<div class='gallery-icon landscape'>\n\t\t\t\t<a href='https:\/\/www.alqueria.es\/blogs\/alqueriaartistica\/2015\/10\/13\/la-estetica-de-las-palabras-2\/img_0556-2\/'><img decoding=\"async\" width=\"150\" height=\"150\" src=\"https:\/\/www.alqueria.es\/blogs\/alqueriaartistica\/wp-content\/uploads\/sites\/12\/2015\/10\/IMG_0556-150x150.jpg\" class=\"attachment-thumbnail size-thumbnail\" alt=\"\" data-attachment-id=\"9270\" data-permalink=\"https:\/\/www.alqueria.es\/blogs\/alqueriaartistica\/2015\/10\/13\/la-estetica-de-las-palabras-2\/img_0556-2\/\" data-orig-file=\"https:\/\/www.alqueria.es\/blogs\/alqueriaartistica\/wp-content\/uploads\/sites\/12\/2015\/10\/IMG_0556.jpg\" data-orig-size=\"1024,768\" data-comments-opened=\"1\" data-image-meta=\"{&quot;aperture&quot;:&quot;0&quot;,&quot;credit&quot;:&quot;&quot;,&quot;camera&quot;:&quot;&quot;,&quot;caption&quot;:&quot;&quot;,&quot;created_timestamp&quot;:&quot;0&quot;,&quot;copyright&quot;:&quot;&quot;,&quot;focal_length&quot;:&quot;0&quot;,&quot;iso&quot;:&quot;0&quot;,&quot;shutter_speed&quot;:&quot;0&quot;,&quot;title&quot;:&quot;&quot;,&quot;orientation&quot;:&quot;0&quot;}\" data-image-title=\"IMG_0556\" data-image-description=\"\" data-image-caption=\"\" data-large-file=\"https:\/\/www.alqueria.es\/blogs\/alqueriaartistica\/wp-content\/uploads\/sites\/12\/2015\/10\/IMG_0556-1024x768.jpg\" \/><\/a>\n\t\t\t<\/div><\/figure><figure class='gallery-item'>\n\t\t\t<div class='gallery-icon portrait'>\n\t\t\t\t<a href='https:\/\/www.alqueria.es\/blogs\/alqueriaartistica\/2015\/10\/13\/la-estetica-de-las-palabras-2\/img_0559\/'><img decoding=\"async\" width=\"150\" height=\"150\" src=\"https:\/\/www.alqueria.es\/blogs\/alqueriaartistica\/wp-content\/uploads\/sites\/12\/2015\/10\/IMG_0559-150x150.jpg\" class=\"attachment-thumbnail size-thumbnail\" alt=\"\" data-attachment-id=\"9271\" data-permalink=\"https:\/\/www.alqueria.es\/blogs\/alqueriaartistica\/2015\/10\/13\/la-estetica-de-las-palabras-2\/img_0559\/\" data-orig-file=\"https:\/\/www.alqueria.es\/blogs\/alqueriaartistica\/wp-content\/uploads\/sites\/12\/2015\/10\/IMG_0559.jpg\" data-orig-size=\"768,1024\" data-comments-opened=\"1\" data-image-meta=\"{&quot;aperture&quot;:&quot;0&quot;,&quot;credit&quot;:&quot;&quot;,&quot;camera&quot;:&quot;&quot;,&quot;caption&quot;:&quot;&quot;,&quot;created_timestamp&quot;:&quot;0&quot;,&quot;copyright&quot;:&quot;&quot;,&quot;focal_length&quot;:&quot;0&quot;,&quot;iso&quot;:&quot;0&quot;,&quot;shutter_speed&quot;:&quot;0&quot;,&quot;title&quot;:&quot;&quot;,&quot;orientation&quot;:&quot;0&quot;}\" data-image-title=\"IMG_0559\" data-image-description=\"\" data-image-caption=\"\" data-large-file=\"https:\/\/www.alqueria.es\/blogs\/alqueriaartistica\/wp-content\/uploads\/sites\/12\/2015\/10\/IMG_0559-768x1024.jpg\" \/><\/a>\n\t\t\t<\/div><\/figure><figure class='gallery-item'>\n\t\t\t<div class='gallery-icon landscape'>\n\t\t\t\t<a href='https:\/\/www.alqueria.es\/blogs\/alqueriaartistica\/2015\/10\/13\/la-estetica-de-las-palabras-2\/img_0562-2\/'><img decoding=\"async\" width=\"150\" height=\"150\" src=\"https:\/\/www.alqueria.es\/blogs\/alqueriaartistica\/wp-content\/uploads\/sites\/12\/2015\/10\/IMG_0562-150x150.jpg\" class=\"attachment-thumbnail size-thumbnail\" alt=\"\" data-attachment-id=\"9272\" data-permalink=\"https:\/\/www.alqueria.es\/blogs\/alqueriaartistica\/2015\/10\/13\/la-estetica-de-las-palabras-2\/img_0562-2\/\" data-orig-file=\"https:\/\/www.alqueria.es\/blogs\/alqueriaartistica\/wp-content\/uploads\/sites\/12\/2015\/10\/IMG_0562.jpg\" data-orig-size=\"1024,768\" data-comments-opened=\"1\" data-image-meta=\"{&quot;aperture&quot;:&quot;0&quot;,&quot;credit&quot;:&quot;&quot;,&quot;camera&quot;:&quot;&quot;,&quot;caption&quot;:&quot;&quot;,&quot;created_timestamp&quot;:&quot;0&quot;,&quot;copyright&quot;:&quot;&quot;,&quot;focal_length&quot;:&quot;0&quot;,&quot;iso&quot;:&quot;0&quot;,&quot;shutter_speed&quot;:&quot;0&quot;,&quot;title&quot;:&quot;&quot;,&quot;orientation&quot;:&quot;0&quot;}\" data-image-title=\"IMG_0562\" data-image-description=\"\" data-image-caption=\"\" data-large-file=\"https:\/\/www.alqueria.es\/blogs\/alqueriaartistica\/wp-content\/uploads\/sites\/12\/2015\/10\/IMG_0562-1024x768.jpg\" \/><\/a>\n\t\t\t<\/div><\/figure><figure class='gallery-item'>\n\t\t\t<div class='gallery-icon landscape'>\n\t\t\t\t<a href='https:\/\/www.alqueria.es\/blogs\/alqueriaartistica\/2015\/10\/13\/la-estetica-de-las-palabras-2\/img_0569-2\/'><img decoding=\"async\" width=\"150\" height=\"150\" src=\"https:\/\/www.alqueria.es\/blogs\/alqueriaartistica\/wp-content\/uploads\/sites\/12\/2015\/10\/IMG_0569-150x150.jpg\" class=\"attachment-thumbnail size-thumbnail\" alt=\"\" data-attachment-id=\"9273\" data-permalink=\"https:\/\/www.alqueria.es\/blogs\/alqueriaartistica\/2015\/10\/13\/la-estetica-de-las-palabras-2\/img_0569-2\/\" data-orig-file=\"https:\/\/www.alqueria.es\/blogs\/alqueriaartistica\/wp-content\/uploads\/sites\/12\/2015\/10\/IMG_0569.jpg\" data-orig-size=\"1024,768\" data-comments-opened=\"1\" data-image-meta=\"{&quot;aperture&quot;:&quot;0&quot;,&quot;credit&quot;:&quot;&quot;,&quot;camera&quot;:&quot;&quot;,&quot;caption&quot;:&quot;&quot;,&quot;created_timestamp&quot;:&quot;0&quot;,&quot;copyright&quot;:&quot;&quot;,&quot;focal_length&quot;:&quot;0&quot;,&quot;iso&quot;:&quot;0&quot;,&quot;shutter_speed&quot;:&quot;0&quot;,&quot;title&quot;:&quot;&quot;,&quot;orientation&quot;:&quot;0&quot;}\" data-image-title=\"IMG_0569\" data-image-description=\"\" data-image-caption=\"\" data-large-file=\"https:\/\/www.alqueria.es\/blogs\/alqueriaartistica\/wp-content\/uploads\/sites\/12\/2015\/10\/IMG_0569-1024x768.jpg\" \/><\/a>\n\t\t\t<\/div><\/figure><figure class='gallery-item'>\n\t\t\t<div class='gallery-icon landscape'>\n\t\t\t\t<a href='https:\/\/www.alqueria.es\/blogs\/alqueriaartistica\/2015\/10\/13\/la-estetica-de-las-palabras-2\/img_0571-2\/'><img decoding=\"async\" width=\"150\" height=\"150\" src=\"https:\/\/www.alqueria.es\/blogs\/alqueriaartistica\/wp-content\/uploads\/sites\/12\/2015\/10\/IMG_0571-150x150.jpg\" class=\"attachment-thumbnail size-thumbnail\" alt=\"\" data-attachment-id=\"9274\" data-permalink=\"https:\/\/www.alqueria.es\/blogs\/alqueriaartistica\/2015\/10\/13\/la-estetica-de-las-palabras-2\/img_0571-2\/\" data-orig-file=\"https:\/\/www.alqueria.es\/blogs\/alqueriaartistica\/wp-content\/uploads\/sites\/12\/2015\/10\/IMG_0571.jpg\" data-orig-size=\"1024,768\" data-comments-opened=\"1\" data-image-meta=\"{&quot;aperture&quot;:&quot;0&quot;,&quot;credit&quot;:&quot;&quot;,&quot;camera&quot;:&quot;&quot;,&quot;caption&quot;:&quot;&quot;,&quot;created_timestamp&quot;:&quot;0&quot;,&quot;copyright&quot;:&quot;&quot;,&quot;focal_length&quot;:&quot;0&quot;,&quot;iso&quot;:&quot;0&quot;,&quot;shutter_speed&quot;:&quot;0&quot;,&quot;title&quot;:&quot;&quot;,&quot;orientation&quot;:&quot;0&quot;}\" data-image-title=\"IMG_0571\" data-image-description=\"\" data-image-caption=\"\" data-large-file=\"https:\/\/www.alqueria.es\/blogs\/alqueriaartistica\/wp-content\/uploads\/sites\/12\/2015\/10\/IMG_0571-1024x768.jpg\" \/><\/a>\n\t\t\t<\/div><\/figure><figure class='gallery-item'>\n\t\t\t<div class='gallery-icon landscape'>\n\t\t\t\t<a href='https:\/\/www.alqueria.es\/blogs\/alqueriaartistica\/2015\/10\/13\/la-estetica-de-las-palabras-2\/img_0572-2\/'><img decoding=\"async\" width=\"150\" height=\"150\" src=\"https:\/\/www.alqueria.es\/blogs\/alqueriaartistica\/wp-content\/uploads\/sites\/12\/2015\/10\/IMG_0572-150x150.jpg\" class=\"attachment-thumbnail size-thumbnail\" alt=\"\" data-attachment-id=\"9275\" data-permalink=\"https:\/\/www.alqueria.es\/blogs\/alqueriaartistica\/2015\/10\/13\/la-estetica-de-las-palabras-2\/img_0572-2\/\" data-orig-file=\"https:\/\/www.alqueria.es\/blogs\/alqueriaartistica\/wp-content\/uploads\/sites\/12\/2015\/10\/IMG_0572.jpg\" data-orig-size=\"1024,768\" data-comments-opened=\"1\" data-image-meta=\"{&quot;aperture&quot;:&quot;0&quot;,&quot;credit&quot;:&quot;&quot;,&quot;camera&quot;:&quot;&quot;,&quot;caption&quot;:&quot;&quot;,&quot;created_timestamp&quot;:&quot;0&quot;,&quot;copyright&quot;:&quot;&quot;,&quot;focal_length&quot;:&quot;0&quot;,&quot;iso&quot;:&quot;0&quot;,&quot;shutter_speed&quot;:&quot;0&quot;,&quot;title&quot;:&quot;&quot;,&quot;orientation&quot;:&quot;0&quot;}\" data-image-title=\"IMG_0572\" data-image-description=\"\" data-image-caption=\"\" data-large-file=\"https:\/\/www.alqueria.es\/blogs\/alqueriaartistica\/wp-content\/uploads\/sites\/12\/2015\/10\/IMG_0572-1024x768.jpg\" \/><\/a>\n\t\t\t<\/div><\/figure>\n\t\t<\/div>\n\n<p style=\"text-align: justify\">\u00abPara m\u00ed soy muy trabajador. Soy Rodrigo juguet\u00f3n. Me gusta la alegr\u00eda. Soy chistoso. Me gusta la m\u00fasica. Yo no soy tonto. Estoy contenta. Me gusta el oto\u00f1o. Me encanta la noche. Un rap es para m\u00ed m\u00fasica. Soy feliz. Me gusta el color verde. Soy hermana de Guille. Me gusta la amistad. Yo soy listo. Me gustan los bosques. Tengo una perrita juguetona. Me gusta el rock. Me emociona Irlanda. Me gusta el arte\u2026\u00bb<\/p>\n<div data-carousel-extra='{&quot;blog_id&quot;:12,&quot;permalink&quot;:&quot;https:\/\/www.alqueria.es\/blogs\/alqueriaartistica\/2015\/10\/13\/la-estetica-de-las-palabras-2\/&quot;}' id='gallery-2' class='gallery galleryid-9269 gallery-columns-3 gallery-size-thumbnail'><figure class='gallery-item'>\n\t\t\t<div class='gallery-icon landscape'>\n\t\t\t\t<a href='https:\/\/www.alqueria.es\/blogs\/alqueriaartistica\/2015\/10\/13\/la-estetica-de-las-palabras-2\/img_0433-2\/'><img decoding=\"async\" width=\"150\" height=\"150\" src=\"https:\/\/www.alqueria.es\/blogs\/alqueriaartistica\/wp-content\/uploads\/sites\/12\/2015\/10\/IMG_0433-150x150.jpg\" class=\"attachment-thumbnail size-thumbnail\" alt=\"\" data-attachment-id=\"9277\" data-permalink=\"https:\/\/www.alqueria.es\/blogs\/alqueriaartistica\/2015\/10\/13\/la-estetica-de-las-palabras-2\/img_0433-2\/\" data-orig-file=\"https:\/\/www.alqueria.es\/blogs\/alqueriaartistica\/wp-content\/uploads\/sites\/12\/2015\/10\/IMG_0433.jpg\" data-orig-size=\"1024,768\" data-comments-opened=\"1\" data-image-meta=\"{&quot;aperture&quot;:&quot;0&quot;,&quot;credit&quot;:&quot;&quot;,&quot;camera&quot;:&quot;&quot;,&quot;caption&quot;:&quot;&quot;,&quot;created_timestamp&quot;:&quot;0&quot;,&quot;copyright&quot;:&quot;&quot;,&quot;focal_length&quot;:&quot;0&quot;,&quot;iso&quot;:&quot;0&quot;,&quot;shutter_speed&quot;:&quot;0&quot;,&quot;title&quot;:&quot;&quot;,&quot;orientation&quot;:&quot;0&quot;}\" data-image-title=\"IMG_0433\" data-image-description=\"\" data-image-caption=\"\" data-large-file=\"https:\/\/www.alqueria.es\/blogs\/alqueriaartistica\/wp-content\/uploads\/sites\/12\/2015\/10\/IMG_0433-1024x768.jpg\" \/><\/a>\n\t\t\t<\/div><\/figure><figure class='gallery-item'>\n\t\t\t<div class='gallery-icon landscape'>\n\t\t\t\t<a href='https:\/\/www.alqueria.es\/blogs\/alqueriaartistica\/2015\/10\/13\/la-estetica-de-las-palabras-2\/img_0439-2\/'><img decoding=\"async\" width=\"150\" height=\"150\" src=\"https:\/\/www.alqueria.es\/blogs\/alqueriaartistica\/wp-content\/uploads\/sites\/12\/2015\/10\/IMG_0439-150x150.jpg\" class=\"attachment-thumbnail size-thumbnail\" alt=\"\" data-attachment-id=\"9278\" data-permalink=\"https:\/\/www.alqueria.es\/blogs\/alqueriaartistica\/2015\/10\/13\/la-estetica-de-las-palabras-2\/img_0439-2\/\" data-orig-file=\"https:\/\/www.alqueria.es\/blogs\/alqueriaartistica\/wp-content\/uploads\/sites\/12\/2015\/10\/IMG_0439.jpg\" data-orig-size=\"1024,768\" data-comments-opened=\"1\" data-image-meta=\"{&quot;aperture&quot;:&quot;0&quot;,&quot;credit&quot;:&quot;&quot;,&quot;camera&quot;:&quot;&quot;,&quot;caption&quot;:&quot;&quot;,&quot;created_timestamp&quot;:&quot;0&quot;,&quot;copyright&quot;:&quot;&quot;,&quot;focal_length&quot;:&quot;0&quot;,&quot;iso&quot;:&quot;0&quot;,&quot;shutter_speed&quot;:&quot;0&quot;,&quot;title&quot;:&quot;&quot;,&quot;orientation&quot;:&quot;0&quot;}\" data-image-title=\"IMG_0439\" data-image-description=\"\" data-image-caption=\"\" data-large-file=\"https:\/\/www.alqueria.es\/blogs\/alqueriaartistica\/wp-content\/uploads\/sites\/12\/2015\/10\/IMG_0439-1024x768.jpg\" \/><\/a>\n\t\t\t<\/div><\/figure><figure class='gallery-item'>\n\t\t\t<div class='gallery-icon landscape'>\n\t\t\t\t<a href='https:\/\/www.alqueria.es\/blogs\/alqueriaartistica\/2015\/10\/13\/la-estetica-de-las-palabras-2\/img_0440-2\/'><img decoding=\"async\" width=\"150\" height=\"150\" src=\"https:\/\/www.alqueria.es\/blogs\/alqueriaartistica\/wp-content\/uploads\/sites\/12\/2015\/10\/IMG_0440-150x150.jpg\" class=\"attachment-thumbnail size-thumbnail\" alt=\"\" data-attachment-id=\"9279\" data-permalink=\"https:\/\/www.alqueria.es\/blogs\/alqueriaartistica\/2015\/10\/13\/la-estetica-de-las-palabras-2\/img_0440-2\/\" data-orig-file=\"https:\/\/www.alqueria.es\/blogs\/alqueriaartistica\/wp-content\/uploads\/sites\/12\/2015\/10\/IMG_0440.jpg\" data-orig-size=\"1024,768\" data-comments-opened=\"1\" data-image-meta=\"{&quot;aperture&quot;:&quot;0&quot;,&quot;credit&quot;:&quot;&quot;,&quot;camera&quot;:&quot;&quot;,&quot;caption&quot;:&quot;&quot;,&quot;created_timestamp&quot;:&quot;0&quot;,&quot;copyright&quot;:&quot;&quot;,&quot;focal_length&quot;:&quot;0&quot;,&quot;iso&quot;:&quot;0&quot;,&quot;shutter_speed&quot;:&quot;0&quot;,&quot;title&quot;:&quot;&quot;,&quot;orientation&quot;:&quot;0&quot;}\" data-image-title=\"IMG_0440\" data-image-description=\"\" data-image-caption=\"\" data-large-file=\"https:\/\/www.alqueria.es\/blogs\/alqueriaartistica\/wp-content\/uploads\/sites\/12\/2015\/10\/IMG_0440-1024x768.jpg\" \/><\/a>\n\t\t\t<\/div><\/figure>\n\t\t<\/div>\n\n<p style=\"text-align: justify\">Como r\u00e1fagas de comunicaci\u00f3n, como peque\u00f1as burbujas de expresi\u00f3n, los alumnos de segundo, comparten con nosotros una peque\u00f1a informaci\u00f3n sobre ellos, nos trasmiten un gusto, una emoci\u00f3n, un sentimiento.<\/p>\n<div data-carousel-extra='{&quot;blog_id&quot;:12,&quot;permalink&quot;:&quot;https:\/\/www.alqueria.es\/blogs\/alqueriaartistica\/2015\/10\/13\/la-estetica-de-las-palabras-2\/&quot;}' id='gallery-3' class='gallery galleryid-9269 gallery-columns-2 gallery-size-medium'><figure class='gallery-item'>\n\t\t\t<div class='gallery-icon landscape'>\n\t\t\t\t<a href='https:\/\/www.alqueria.es\/blogs\/alqueriaartistica\/2015\/10\/13\/la-estetica-de-las-palabras-2\/img_0444\/'><img decoding=\"async\" width=\"300\" height=\"225\" src=\"https:\/\/www.alqueria.es\/blogs\/alqueriaartistica\/wp-content\/uploads\/sites\/12\/2015\/10\/IMG_0444-300x225.jpg\" class=\"attachment-medium size-medium\" alt=\"\" srcset=\"https:\/\/www.alqueria.es\/blogs\/alqueriaartistica\/wp-content\/uploads\/sites\/12\/2015\/10\/IMG_0444-300x225.jpg 300w, https:\/\/www.alqueria.es\/blogs\/alqueriaartistica\/wp-content\/uploads\/sites\/12\/2015\/10\/IMG_0444.jpg 1024w\" sizes=\"(max-width: 300px) 100vw, 300px\" data-attachment-id=\"9280\" data-permalink=\"https:\/\/www.alqueria.es\/blogs\/alqueriaartistica\/2015\/10\/13\/la-estetica-de-las-palabras-2\/img_0444\/\" data-orig-file=\"https:\/\/www.alqueria.es\/blogs\/alqueriaartistica\/wp-content\/uploads\/sites\/12\/2015\/10\/IMG_0444.jpg\" data-orig-size=\"1024,768\" data-comments-opened=\"1\" data-image-meta=\"{&quot;aperture&quot;:&quot;0&quot;,&quot;credit&quot;:&quot;&quot;,&quot;camera&quot;:&quot;&quot;,&quot;caption&quot;:&quot;&quot;,&quot;created_timestamp&quot;:&quot;0&quot;,&quot;copyright&quot;:&quot;&quot;,&quot;focal_length&quot;:&quot;0&quot;,&quot;iso&quot;:&quot;0&quot;,&quot;shutter_speed&quot;:&quot;0&quot;,&quot;title&quot;:&quot;&quot;,&quot;orientation&quot;:&quot;0&quot;}\" data-image-title=\"IMG_0444\" data-image-description=\"\" data-image-caption=\"\" data-large-file=\"https:\/\/www.alqueria.es\/blogs\/alqueriaartistica\/wp-content\/uploads\/sites\/12\/2015\/10\/IMG_0444-1024x768.jpg\" \/><\/a>\n\t\t\t<\/div><\/figure><figure class='gallery-item'>\n\t\t\t<div class='gallery-icon landscape'>\n\t\t\t\t<a href='https:\/\/www.alqueria.es\/blogs\/alqueriaartistica\/2015\/10\/13\/la-estetica-de-las-palabras-2\/img_0446-2\/'><img decoding=\"async\" width=\"300\" height=\"225\" src=\"https:\/\/www.alqueria.es\/blogs\/alqueriaartistica\/wp-content\/uploads\/sites\/12\/2015\/10\/IMG_0446-300x225.jpg\" class=\"attachment-medium size-medium\" alt=\"\" srcset=\"https:\/\/www.alqueria.es\/blogs\/alqueriaartistica\/wp-content\/uploads\/sites\/12\/2015\/10\/IMG_0446-300x225.jpg 300w, https:\/\/www.alqueria.es\/blogs\/alqueriaartistica\/wp-content\/uploads\/sites\/12\/2015\/10\/IMG_0446.jpg 1024w\" sizes=\"(max-width: 300px) 100vw, 300px\" data-attachment-id=\"9281\" data-permalink=\"https:\/\/www.alqueria.es\/blogs\/alqueriaartistica\/2015\/10\/13\/la-estetica-de-las-palabras-2\/img_0446-2\/\" data-orig-file=\"https:\/\/www.alqueria.es\/blogs\/alqueriaartistica\/wp-content\/uploads\/sites\/12\/2015\/10\/IMG_0446.jpg\" data-orig-size=\"1024,768\" data-comments-opened=\"1\" data-image-meta=\"{&quot;aperture&quot;:&quot;0&quot;,&quot;credit&quot;:&quot;&quot;,&quot;camera&quot;:&quot;&quot;,&quot;caption&quot;:&quot;&quot;,&quot;created_timestamp&quot;:&quot;0&quot;,&quot;copyright&quot;:&quot;&quot;,&quot;focal_length&quot;:&quot;0&quot;,&quot;iso&quot;:&quot;0&quot;,&quot;shutter_speed&quot;:&quot;0&quot;,&quot;title&quot;:&quot;&quot;,&quot;orientation&quot;:&quot;0&quot;}\" data-image-title=\"IMG_0446\" data-image-description=\"\" data-image-caption=\"\" data-large-file=\"https:\/\/www.alqueria.es\/blogs\/alqueriaartistica\/wp-content\/uploads\/sites\/12\/2015\/10\/IMG_0446-1024x768.jpg\" \/><\/a>\n\t\t\t<\/div><\/figure><figure class='gallery-item'>\n\t\t\t<div class='gallery-icon landscape'>\n\t\t\t\t<a href='https:\/\/www.alqueria.es\/blogs\/alqueriaartistica\/2015\/10\/13\/la-estetica-de-las-palabras-2\/img_0447-2\/'><img decoding=\"async\" width=\"300\" height=\"225\" src=\"https:\/\/www.alqueria.es\/blogs\/alqueriaartistica\/wp-content\/uploads\/sites\/12\/2015\/10\/IMG_0447-300x225.jpg\" class=\"attachment-medium size-medium\" alt=\"\" srcset=\"https:\/\/www.alqueria.es\/blogs\/alqueriaartistica\/wp-content\/uploads\/sites\/12\/2015\/10\/IMG_0447-300x225.jpg 300w, https:\/\/www.alqueria.es\/blogs\/alqueriaartistica\/wp-content\/uploads\/sites\/12\/2015\/10\/IMG_0447.jpg 1024w\" sizes=\"(max-width: 300px) 100vw, 300px\" data-attachment-id=\"9282\" data-permalink=\"https:\/\/www.alqueria.es\/blogs\/alqueriaartistica\/2015\/10\/13\/la-estetica-de-las-palabras-2\/img_0447-2\/\" data-orig-file=\"https:\/\/www.alqueria.es\/blogs\/alqueriaartistica\/wp-content\/uploads\/sites\/12\/2015\/10\/IMG_0447.jpg\" data-orig-size=\"1024,768\" data-comments-opened=\"1\" data-image-meta=\"{&quot;aperture&quot;:&quot;0&quot;,&quot;credit&quot;:&quot;&quot;,&quot;camera&quot;:&quot;&quot;,&quot;caption&quot;:&quot;&quot;,&quot;created_timestamp&quot;:&quot;0&quot;,&quot;copyright&quot;:&quot;&quot;,&quot;focal_length&quot;:&quot;0&quot;,&quot;iso&quot;:&quot;0&quot;,&quot;shutter_speed&quot;:&quot;0&quot;,&quot;title&quot;:&quot;&quot;,&quot;orientation&quot;:&quot;0&quot;}\" data-image-title=\"IMG_0447\" data-image-description=\"\" data-image-caption=\"\" data-large-file=\"https:\/\/www.alqueria.es\/blogs\/alqueriaartistica\/wp-content\/uploads\/sites\/12\/2015\/10\/IMG_0447-1024x768.jpg\" \/><\/a>\n\t\t\t<\/div><\/figure><figure class='gallery-item'>\n\t\t\t<div class='gallery-icon landscape'>\n\t\t\t\t<a href='https:\/\/www.alqueria.es\/blogs\/alqueriaartistica\/2015\/10\/13\/la-estetica-de-las-palabras-2\/img_0451\/'><img decoding=\"async\" width=\"300\" height=\"225\" src=\"https:\/\/www.alqueria.es\/blogs\/alqueriaartistica\/wp-content\/uploads\/sites\/12\/2015\/10\/IMG_0451-300x225.jpg\" class=\"attachment-medium size-medium\" alt=\"\" srcset=\"https:\/\/www.alqueria.es\/blogs\/alqueriaartistica\/wp-content\/uploads\/sites\/12\/2015\/10\/IMG_0451-300x225.jpg 300w, https:\/\/www.alqueria.es\/blogs\/alqueriaartistica\/wp-content\/uploads\/sites\/12\/2015\/10\/IMG_0451.jpg 1024w\" sizes=\"(max-width: 300px) 100vw, 300px\" data-attachment-id=\"9283\" data-permalink=\"https:\/\/www.alqueria.es\/blogs\/alqueriaartistica\/2015\/10\/13\/la-estetica-de-las-palabras-2\/img_0451\/\" data-orig-file=\"https:\/\/www.alqueria.es\/blogs\/alqueriaartistica\/wp-content\/uploads\/sites\/12\/2015\/10\/IMG_0451.jpg\" data-orig-size=\"1024,768\" data-comments-opened=\"1\" data-image-meta=\"{&quot;aperture&quot;:&quot;0&quot;,&quot;credit&quot;:&quot;&quot;,&quot;camera&quot;:&quot;&quot;,&quot;caption&quot;:&quot;&quot;,&quot;created_timestamp&quot;:&quot;0&quot;,&quot;copyright&quot;:&quot;&quot;,&quot;focal_length&quot;:&quot;0&quot;,&quot;iso&quot;:&quot;0&quot;,&quot;shutter_speed&quot;:&quot;0&quot;,&quot;title&quot;:&quot;&quot;,&quot;orientation&quot;:&quot;0&quot;}\" data-image-title=\"IMG_0451\" data-image-description=\"\" data-image-caption=\"\" data-large-file=\"https:\/\/www.alqueria.es\/blogs\/alqueriaartistica\/wp-content\/uploads\/sites\/12\/2015\/10\/IMG_0451-1024x768.jpg\" \/><\/a>\n\t\t\t<\/div><\/figure><figure class='gallery-item'>\n\t\t\t<div class='gallery-icon landscape'>\n\t\t\t\t<a href='https:\/\/www.alqueria.es\/blogs\/alqueriaartistica\/2015\/10\/13\/la-estetica-de-las-palabras-2\/img_0457-2\/'><img decoding=\"async\" width=\"300\" height=\"225\" src=\"https:\/\/www.alqueria.es\/blogs\/alqueriaartistica\/wp-content\/uploads\/sites\/12\/2015\/10\/IMG_0457-300x225.jpg\" class=\"attachment-medium size-medium\" alt=\"\" srcset=\"https:\/\/www.alqueria.es\/blogs\/alqueriaartistica\/wp-content\/uploads\/sites\/12\/2015\/10\/IMG_0457-300x225.jpg 300w, https:\/\/www.alqueria.es\/blogs\/alqueriaartistica\/wp-content\/uploads\/sites\/12\/2015\/10\/IMG_0457.jpg 1024w\" sizes=\"(max-width: 300px) 100vw, 300px\" data-attachment-id=\"9284\" data-permalink=\"https:\/\/www.alqueria.es\/blogs\/alqueriaartistica\/2015\/10\/13\/la-estetica-de-las-palabras-2\/img_0457-2\/\" data-orig-file=\"https:\/\/www.alqueria.es\/blogs\/alqueriaartistica\/wp-content\/uploads\/sites\/12\/2015\/10\/IMG_0457.jpg\" data-orig-size=\"1024,768\" data-comments-opened=\"1\" data-image-meta=\"{&quot;aperture&quot;:&quot;0&quot;,&quot;credit&quot;:&quot;&quot;,&quot;camera&quot;:&quot;&quot;,&quot;caption&quot;:&quot;&quot;,&quot;created_timestamp&quot;:&quot;0&quot;,&quot;copyright&quot;:&quot;&quot;,&quot;focal_length&quot;:&quot;0&quot;,&quot;iso&quot;:&quot;0&quot;,&quot;shutter_speed&quot;:&quot;0&quot;,&quot;title&quot;:&quot;&quot;,&quot;orientation&quot;:&quot;0&quot;}\" data-image-title=\"IMG_0457\" data-image-description=\"\" data-image-caption=\"\" data-large-file=\"https:\/\/www.alqueria.es\/blogs\/alqueriaartistica\/wp-content\/uploads\/sites\/12\/2015\/10\/IMG_0457-1024x768.jpg\" \/><\/a>\n\t\t\t<\/div><\/figure><figure class='gallery-item'>\n\t\t\t<div class='gallery-icon landscape'>\n\t\t\t\t<a href='https:\/\/www.alqueria.es\/blogs\/alqueriaartistica\/2015\/10\/13\/la-estetica-de-las-palabras-2\/img_0458-2\/'><img decoding=\"async\" width=\"300\" height=\"225\" src=\"https:\/\/www.alqueria.es\/blogs\/alqueriaartistica\/wp-content\/uploads\/sites\/12\/2015\/10\/IMG_0458-300x225.jpg\" class=\"attachment-medium size-medium\" alt=\"\" srcset=\"https:\/\/www.alqueria.es\/blogs\/alqueriaartistica\/wp-content\/uploads\/sites\/12\/2015\/10\/IMG_0458-300x225.jpg 300w, https:\/\/www.alqueria.es\/blogs\/alqueriaartistica\/wp-content\/uploads\/sites\/12\/2015\/10\/IMG_0458.jpg 1024w\" sizes=\"(max-width: 300px) 100vw, 300px\" data-attachment-id=\"9285\" data-permalink=\"https:\/\/www.alqueria.es\/blogs\/alqueriaartistica\/2015\/10\/13\/la-estetica-de-las-palabras-2\/img_0458-2\/\" data-orig-file=\"https:\/\/www.alqueria.es\/blogs\/alqueriaartistica\/wp-content\/uploads\/sites\/12\/2015\/10\/IMG_0458.jpg\" data-orig-size=\"1024,768\" data-comments-opened=\"1\" data-image-meta=\"{&quot;aperture&quot;:&quot;0&quot;,&quot;credit&quot;:&quot;&quot;,&quot;camera&quot;:&quot;&quot;,&quot;caption&quot;:&quot;&quot;,&quot;created_timestamp&quot;:&quot;0&quot;,&quot;copyright&quot;:&quot;&quot;,&quot;focal_length&quot;:&quot;0&quot;,&quot;iso&quot;:&quot;0&quot;,&quot;shutter_speed&quot;:&quot;0&quot;,&quot;title&quot;:&quot;&quot;,&quot;orientation&quot;:&quot;0&quot;}\" data-image-title=\"IMG_0458\" data-image-description=\"\" data-image-caption=\"\" data-large-file=\"https:\/\/www.alqueria.es\/blogs\/alqueriaartistica\/wp-content\/uploads\/sites\/12\/2015\/10\/IMG_0458-1024x768.jpg\" \/><\/a>\n\t\t\t<\/div><\/figure><figure class='gallery-item'>\n\t\t\t<div class='gallery-icon landscape'>\n\t\t\t\t<a href='https:\/\/www.alqueria.es\/blogs\/alqueriaartistica\/2015\/10\/13\/la-estetica-de-las-palabras-2\/img_0461\/'><img decoding=\"async\" width=\"300\" height=\"225\" src=\"https:\/\/www.alqueria.es\/blogs\/alqueriaartistica\/wp-content\/uploads\/sites\/12\/2015\/10\/IMG_0461-300x225.jpg\" class=\"attachment-medium size-medium\" alt=\"\" srcset=\"https:\/\/www.alqueria.es\/blogs\/alqueriaartistica\/wp-content\/uploads\/sites\/12\/2015\/10\/IMG_0461-300x225.jpg 300w, https:\/\/www.alqueria.es\/blogs\/alqueriaartistica\/wp-content\/uploads\/sites\/12\/2015\/10\/IMG_0461.jpg 1024w\" sizes=\"(max-width: 300px) 100vw, 300px\" data-attachment-id=\"9286\" data-permalink=\"https:\/\/www.alqueria.es\/blogs\/alqueriaartistica\/2015\/10\/13\/la-estetica-de-las-palabras-2\/img_0461\/\" data-orig-file=\"https:\/\/www.alqueria.es\/blogs\/alqueriaartistica\/wp-content\/uploads\/sites\/12\/2015\/10\/IMG_0461.jpg\" data-orig-size=\"1024,768\" data-comments-opened=\"1\" data-image-meta=\"{&quot;aperture&quot;:&quot;0&quot;,&quot;credit&quot;:&quot;&quot;,&quot;camera&quot;:&quot;&quot;,&quot;caption&quot;:&quot;&quot;,&quot;created_timestamp&quot;:&quot;0&quot;,&quot;copyright&quot;:&quot;&quot;,&quot;focal_length&quot;:&quot;0&quot;,&quot;iso&quot;:&quot;0&quot;,&quot;shutter_speed&quot;:&quot;0&quot;,&quot;title&quot;:&quot;&quot;,&quot;orientation&quot;:&quot;0&quot;}\" data-image-title=\"IMG_0461\" data-image-description=\"\" data-image-caption=\"\" data-large-file=\"https:\/\/www.alqueria.es\/blogs\/alqueriaartistica\/wp-content\/uploads\/sites\/12\/2015\/10\/IMG_0461-1024x768.jpg\" \/><\/a>\n\t\t\t<\/div><\/figure><figure class='gallery-item'>\n\t\t\t<div class='gallery-icon landscape'>\n\t\t\t\t<a href='https:\/\/www.alqueria.es\/blogs\/alqueriaartistica\/2015\/10\/13\/la-estetica-de-las-palabras-2\/img_0462\/'><img decoding=\"async\" width=\"300\" height=\"225\" src=\"https:\/\/www.alqueria.es\/blogs\/alqueriaartistica\/wp-content\/uploads\/sites\/12\/2015\/10\/IMG_0462-300x225.jpg\" class=\"attachment-medium size-medium\" alt=\"\" srcset=\"https:\/\/www.alqueria.es\/blogs\/alqueriaartistica\/wp-content\/uploads\/sites\/12\/2015\/10\/IMG_0462-300x225.jpg 300w, https:\/\/www.alqueria.es\/blogs\/alqueriaartistica\/wp-content\/uploads\/sites\/12\/2015\/10\/IMG_0462.jpg 1024w\" sizes=\"(max-width: 300px) 100vw, 300px\" data-attachment-id=\"9287\" data-permalink=\"https:\/\/www.alqueria.es\/blogs\/alqueriaartistica\/2015\/10\/13\/la-estetica-de-las-palabras-2\/img_0462\/\" data-orig-file=\"https:\/\/www.alqueria.es\/blogs\/alqueriaartistica\/wp-content\/uploads\/sites\/12\/2015\/10\/IMG_0462.jpg\" data-orig-size=\"1024,768\" data-comments-opened=\"1\" data-image-meta=\"{&quot;aperture&quot;:&quot;0&quot;,&quot;credit&quot;:&quot;&quot;,&quot;camera&quot;:&quot;&quot;,&quot;caption&quot;:&quot;&quot;,&quot;created_timestamp&quot;:&quot;0&quot;,&quot;copyright&quot;:&quot;&quot;,&quot;focal_length&quot;:&quot;0&quot;,&quot;iso&quot;:&quot;0&quot;,&quot;shutter_speed&quot;:&quot;0&quot;,&quot;title&quot;:&quot;&quot;,&quot;orientation&quot;:&quot;0&quot;}\" data-image-title=\"IMG_0462\" data-image-description=\"\" data-image-caption=\"\" data-large-file=\"https:\/\/www.alqueria.es\/blogs\/alqueriaartistica\/wp-content\/uploads\/sites\/12\/2015\/10\/IMG_0462-1024x768.jpg\" \/><\/a>\n\t\t\t<\/div><\/figure><figure class='gallery-item'>\n\t\t\t<div class='gallery-icon landscape'>\n\t\t\t\t<a href='https:\/\/www.alqueria.es\/blogs\/alqueriaartistica\/2015\/10\/13\/la-estetica-de-las-palabras-2\/img_0464-2\/'><img decoding=\"async\" width=\"300\" height=\"225\" src=\"https:\/\/www.alqueria.es\/blogs\/alqueriaartistica\/wp-content\/uploads\/sites\/12\/2015\/10\/IMG_0464-300x225.jpg\" class=\"attachment-medium size-medium\" alt=\"\" srcset=\"https:\/\/www.alqueria.es\/blogs\/alqueriaartistica\/wp-content\/uploads\/sites\/12\/2015\/10\/IMG_0464-300x225.jpg 300w, https:\/\/www.alqueria.es\/blogs\/alqueriaartistica\/wp-content\/uploads\/sites\/12\/2015\/10\/IMG_0464.jpg 1024w\" sizes=\"(max-width: 300px) 100vw, 300px\" data-attachment-id=\"9288\" data-permalink=\"https:\/\/www.alqueria.es\/blogs\/alqueriaartistica\/2015\/10\/13\/la-estetica-de-las-palabras-2\/img_0464-2\/\" data-orig-file=\"https:\/\/www.alqueria.es\/blogs\/alqueriaartistica\/wp-content\/uploads\/sites\/12\/2015\/10\/IMG_0464.jpg\" data-orig-size=\"1024,768\" data-comments-opened=\"1\" data-image-meta=\"{&quot;aperture&quot;:&quot;0&quot;,&quot;credit&quot;:&quot;&quot;,&quot;camera&quot;:&quot;&quot;,&quot;caption&quot;:&quot;&quot;,&quot;created_timestamp&quot;:&quot;0&quot;,&quot;copyright&quot;:&quot;&quot;,&quot;focal_length&quot;:&quot;0&quot;,&quot;iso&quot;:&quot;0&quot;,&quot;shutter_speed&quot;:&quot;0&quot;,&quot;title&quot;:&quot;&quot;,&quot;orientation&quot;:&quot;0&quot;}\" data-image-title=\"IMG_0464\" data-image-description=\"\" data-image-caption=\"\" data-large-file=\"https:\/\/www.alqueria.es\/blogs\/alqueriaartistica\/wp-content\/uploads\/sites\/12\/2015\/10\/IMG_0464-1024x768.jpg\" \/><\/a>\n\t\t\t<\/div><\/figure><figure class='gallery-item'>\n\t\t\t<div class='gallery-icon landscape'>\n\t\t\t\t<a href='https:\/\/www.alqueria.es\/blogs\/alqueriaartistica\/2015\/10\/13\/la-estetica-de-las-palabras-2\/img_0577-2\/'><img decoding=\"async\" width=\"300\" height=\"225\" src=\"https:\/\/www.alqueria.es\/blogs\/alqueriaartistica\/wp-content\/uploads\/sites\/12\/2015\/10\/IMG_0577-300x225.jpg\" class=\"attachment-medium size-medium\" alt=\"\" srcset=\"https:\/\/www.alqueria.es\/blogs\/alqueriaartistica\/wp-content\/uploads\/sites\/12\/2015\/10\/IMG_0577-300x225.jpg 300w, https:\/\/www.alqueria.es\/blogs\/alqueriaartistica\/wp-content\/uploads\/sites\/12\/2015\/10\/IMG_0577.jpg 1024w\" sizes=\"(max-width: 300px) 100vw, 300px\" data-attachment-id=\"9289\" data-permalink=\"https:\/\/www.alqueria.es\/blogs\/alqueriaartistica\/2015\/10\/13\/la-estetica-de-las-palabras-2\/img_0577-2\/\" data-orig-file=\"https:\/\/www.alqueria.es\/blogs\/alqueriaartistica\/wp-content\/uploads\/sites\/12\/2015\/10\/IMG_0577.jpg\" data-orig-size=\"1024,768\" data-comments-opened=\"1\" data-image-meta=\"{&quot;aperture&quot;:&quot;0&quot;,&quot;credit&quot;:&quot;&quot;,&quot;camera&quot;:&quot;&quot;,&quot;caption&quot;:&quot;&quot;,&quot;created_timestamp&quot;:&quot;0&quot;,&quot;copyright&quot;:&quot;&quot;,&quot;focal_length&quot;:&quot;0&quot;,&quot;iso&quot;:&quot;0&quot;,&quot;shutter_speed&quot;:&quot;0&quot;,&quot;title&quot;:&quot;&quot;,&quot;orientation&quot;:&quot;0&quot;}\" data-image-title=\"IMG_0577\" data-image-description=\"\" data-image-caption=\"\" data-large-file=\"https:\/\/www.alqueria.es\/blogs\/alqueriaartistica\/wp-content\/uploads\/sites\/12\/2015\/10\/IMG_0577-1024x768.jpg\" \/><\/a>\n\t\t\t<\/div><\/figure>\n\t\t<\/div>\n\n<p style=\"text-align: justify\">Para la composici\u00f3n, usamos diversas tipolog\u00edas y letras dise\u00f1adas por ellos mismos. Centramos la atenci\u00f3n en la variedad de tipos de letras y en los colores de las mismas. Pretendemos crear un efecto visual al colocarlas y combinarlas en la misma palabra.<\/p>\n<div data-carousel-extra='{&quot;blog_id&quot;:12,&quot;permalink&quot;:&quot;https:\/\/www.alqueria.es\/blogs\/alqueriaartistica\/2015\/10\/13\/la-estetica-de-las-palabras-2\/&quot;}' id='gallery-4' class='gallery galleryid-9269 gallery-columns-3 gallery-size-thumbnail'><figure class='gallery-item'>\n\t\t\t<div class='gallery-icon landscape'>\n\t\t\t\t<a href='https:\/\/www.alqueria.es\/blogs\/alqueriaartistica\/2015\/10\/13\/la-estetica-de-las-palabras-2\/img_0378-3\/'><img decoding=\"async\" width=\"150\" height=\"150\" src=\"https:\/\/www.alqueria.es\/blogs\/alqueriaartistica\/wp-content\/uploads\/sites\/12\/2015\/10\/IMG_0378-150x150.jpg\" class=\"attachment-thumbnail size-thumbnail\" alt=\"\" data-attachment-id=\"9292\" data-permalink=\"https:\/\/www.alqueria.es\/blogs\/alqueriaartistica\/2015\/10\/13\/la-estetica-de-las-palabras-2\/img_0378-3\/\" data-orig-file=\"https:\/\/www.alqueria.es\/blogs\/alqueriaartistica\/wp-content\/uploads\/sites\/12\/2015\/10\/IMG_0378.jpg\" data-orig-size=\"1024,768\" data-comments-opened=\"1\" data-image-meta=\"{&quot;aperture&quot;:&quot;0&quot;,&quot;credit&quot;:&quot;&quot;,&quot;camera&quot;:&quot;&quot;,&quot;caption&quot;:&quot;&quot;,&quot;created_timestamp&quot;:&quot;0&quot;,&quot;copyright&quot;:&quot;&quot;,&quot;focal_length&quot;:&quot;0&quot;,&quot;iso&quot;:&quot;0&quot;,&quot;shutter_speed&quot;:&quot;0&quot;,&quot;title&quot;:&quot;&quot;,&quot;orientation&quot;:&quot;0&quot;}\" data-image-title=\"IMG_0378\" data-image-description=\"\" data-image-caption=\"\" data-large-file=\"https:\/\/www.alqueria.es\/blogs\/alqueriaartistica\/wp-content\/uploads\/sites\/12\/2015\/10\/IMG_0378-1024x768.jpg\" \/><\/a>\n\t\t\t<\/div><\/figure><figure class='gallery-item'>\n\t\t\t<div class='gallery-icon landscape'>\n\t\t\t\t<a href='https:\/\/www.alqueria.es\/blogs\/alqueriaartistica\/2015\/10\/13\/la-estetica-de-las-palabras-2\/img_0380-3\/'><img decoding=\"async\" width=\"150\" height=\"150\" src=\"https:\/\/www.alqueria.es\/blogs\/alqueriaartistica\/wp-content\/uploads\/sites\/12\/2015\/10\/IMG_0380-150x150.jpg\" class=\"attachment-thumbnail size-thumbnail\" alt=\"\" data-attachment-id=\"9293\" data-permalink=\"https:\/\/www.alqueria.es\/blogs\/alqueriaartistica\/2015\/10\/13\/la-estetica-de-las-palabras-2\/img_0380-3\/\" data-orig-file=\"https:\/\/www.alqueria.es\/blogs\/alqueriaartistica\/wp-content\/uploads\/sites\/12\/2015\/10\/IMG_0380.jpg\" data-orig-size=\"1024,768\" data-comments-opened=\"1\" data-image-meta=\"{&quot;aperture&quot;:&quot;0&quot;,&quot;credit&quot;:&quot;&quot;,&quot;camera&quot;:&quot;&quot;,&quot;caption&quot;:&quot;&quot;,&quot;created_timestamp&quot;:&quot;0&quot;,&quot;copyright&quot;:&quot;&quot;,&quot;focal_length&quot;:&quot;0&quot;,&quot;iso&quot;:&quot;0&quot;,&quot;shutter_speed&quot;:&quot;0&quot;,&quot;title&quot;:&quot;&quot;,&quot;orientation&quot;:&quot;0&quot;}\" data-image-title=\"IMG_0380\" data-image-description=\"\" data-image-caption=\"\" data-large-file=\"https:\/\/www.alqueria.es\/blogs\/alqueriaartistica\/wp-content\/uploads\/sites\/12\/2015\/10\/IMG_0380-1024x768.jpg\" \/><\/a>\n\t\t\t<\/div><\/figure><figure class='gallery-item'>\n\t\t\t<div class='gallery-icon landscape'>\n\t\t\t\t<a href='https:\/\/www.alqueria.es\/blogs\/alqueriaartistica\/2015\/10\/13\/la-estetica-de-las-palabras-2\/img_0377-4\/'><img decoding=\"async\" width=\"150\" height=\"150\" src=\"https:\/\/www.alqueria.es\/blogs\/alqueriaartistica\/wp-content\/uploads\/sites\/12\/2015\/10\/IMG_0377-150x150.jpg\" class=\"attachment-thumbnail size-thumbnail\" alt=\"\" data-attachment-id=\"9295\" data-permalink=\"https:\/\/www.alqueria.es\/blogs\/alqueriaartistica\/2015\/10\/13\/la-estetica-de-las-palabras-2\/img_0377-4\/\" data-orig-file=\"https:\/\/www.alqueria.es\/blogs\/alqueriaartistica\/wp-content\/uploads\/sites\/12\/2015\/10\/IMG_0377.jpg\" data-orig-size=\"1024,768\" data-comments-opened=\"1\" data-image-meta=\"{&quot;aperture&quot;:&quot;0&quot;,&quot;credit&quot;:&quot;&quot;,&quot;camera&quot;:&quot;&quot;,&quot;caption&quot;:&quot;&quot;,&quot;created_timestamp&quot;:&quot;0&quot;,&quot;copyright&quot;:&quot;&quot;,&quot;focal_length&quot;:&quot;0&quot;,&quot;iso&quot;:&quot;0&quot;,&quot;shutter_speed&quot;:&quot;0&quot;,&quot;title&quot;:&quot;&quot;,&quot;orientation&quot;:&quot;0&quot;}\" data-image-title=\"IMG_0377\" data-image-description=\"\" data-image-caption=\"\" data-large-file=\"https:\/\/www.alqueria.es\/blogs\/alqueriaartistica\/wp-content\/uploads\/sites\/12\/2015\/10\/IMG_0377-1024x768.jpg\" \/><\/a>\n\t\t\t<\/div><\/figure>\n\t\t<\/div>\n\n<p style=\"text-align: justify\">Las palabras hablan de nosotros mismos, adem\u00e1s, tienen la capacidad \u00a0de ayudar o entorpecer la comunicaci\u00f3n. Para que nuestros pensamientos sean positivos es fundamental acostumbrarnos a usar palabras que trasmitan buenas energ\u00edas, palabras positivas que nos hagan sentir bien. A nuestro alrededor todo cambia cuando las empleamos.<\/p>\n<p style=\"text-align: justify\">Ana Mart\u00edn<\/p>\n","protected":false},"excerpt":{"rendered":"<p>Con las palabras nos comunicamos. \u00abPara m\u00ed soy muy trabajador. Soy Rodrigo juguet\u00f3n. Me gusta la alegr\u00eda. Soy chistoso. Me gusta la m\u00fasica. Yo no soy tonto. Estoy contenta. Me gusta el oto\u00f1o. Me encanta la noche. Un rap es para m\u00ed m\u00fasica. Soy feliz. Me gusta el color verde. Soy hermana de Guille. Me &hellip; <a href=\"https:\/\/www.alqueria.es\/blogs\/alqueriaartistica\/2015\/10\/13\/la-estetica-de-las-palabras-2\/\" class=\"more-link\">Seguir leyendo <span class=\"screen-reader-text\">LA EST\u00c9TICA DE LAS PALABRAS<\/span> <span class=\"meta-nav\">&rarr;<\/span><\/a><\/p>\n","protected":false},"author":34,"featured_media":0,"comment_status":"open","ping_status":"open","sticky":false,"template":"","format":"standard","meta":{"jetpack_post_was_ever_published":false,"_jetpack_newsletter_access":"","_jetpack_dont_email_post_to_subs":false,"_jetpack_newsletter_tier_id":0,"_jetpack_memberships_contains_paywalled_content":false,"_jetpack_memberships_contains_paid_content":false,"footnotes":"","jetpack_publicize_message":"","jetpack_publicize_feature_enabled":true,"jetpack_social_post_already_shared":true,"jetpack_social_options":{"image_generator_settings":{"template":"highway","default_image_id":0,"font":"","enabled":false},"version":2}},"categories":[10],"tags":[174,91,175],"class_list":["post-9269","post","type-post","status-publish","format-standard","hentry","category-2o-epo","tag-composicion-tipografica","tag-educacion-artistica-y-visual","tag-rotulacion"],"jetpack_publicize_connections":[],"jetpack_featured_media_url":"","jetpack_sharing_enabled":true,"jetpack_shortlink":"https:\/\/wp.me\/p4mcJu-2pv","_links":{"self":[{"href":"https:\/\/www.alqueria.es\/blogs\/alqueriaartistica\/wp-json\/wp\/v2\/posts\/9269","targetHints":{"allow":["GET"]}}],"collection":[{"href":"https:\/\/www.alqueria.es\/blogs\/alqueriaartistica\/wp-json\/wp\/v2\/posts"}],"about":[{"href":"https:\/\/www.alqueria.es\/blogs\/alqueriaartistica\/wp-json\/wp\/v2\/types\/post"}],"author":[{"embeddable":true,"href":"https:\/\/www.alqueria.es\/blogs\/alqueriaartistica\/wp-json\/wp\/v2\/users\/34"}],"replies":[{"embeddable":true,"href":"https:\/\/www.alqueria.es\/blogs\/alqueriaartistica\/wp-json\/wp\/v2\/comments?post=9269"}],"version-history":[{"count":0,"href":"https:\/\/www.alqueria.es\/blogs\/alqueriaartistica\/wp-json\/wp\/v2\/posts\/9269\/revisions"}],"wp:attachment":[{"href":"https:\/\/www.alqueria.es\/blogs\/alqueriaartistica\/wp-json\/wp\/v2\/media?parent=9269"}],"wp:term":[{"taxonomy":"category","embeddable":true,"href":"https:\/\/www.alqueria.es\/blogs\/alqueriaartistica\/wp-json\/wp\/v2\/categories?post=9269"},{"taxonomy":"post_tag","embeddable":true,"href":"https:\/\/www.alqueria.es\/blogs\/alqueriaartistica\/wp-json\/wp\/v2\/tags?post=9269"}],"curies":[{"name":"wp","href":"https:\/\/api.w.org\/{rel}","templated":true}]}}