{"id":9302,"date":"2015-10-16T21:40:09","date_gmt":"2015-10-16T19:40:09","guid":{"rendered":"https:\/\/www.alqueria.es\/blogs\/alqueriaartistica\/?p=9302"},"modified":"2015-10-16T21:43:59","modified_gmt":"2015-10-16T19:43:59","slug":"recorridos-personales","status":"publish","type":"post","link":"https:\/\/www.alqueria.es\/blogs\/alqueriaartistica\/2015\/10\/16\/recorridos-personales\/","title":{"rendered":"RECORRIDOS PERSONALES"},"content":{"rendered":"<div data-carousel-extra='{&quot;blog_id&quot;:12,&quot;permalink&quot;:&quot;https:\/\/www.alqueria.es\/blogs\/alqueriaartistica\/2015\/10\/16\/recorridos-personales\/&quot;}' id='gallery-1' class='gallery galleryid-9302 gallery-columns-3 gallery-size-thumbnail'><figure class='gallery-item'>\n\t\t\t<div class='gallery-icon landscape'>\n\t\t\t\t<a href='https:\/\/www.alqueria.es\/blogs\/alqueriaartistica\/2015\/10\/16\/recorridos-personales\/img_0522-2\/'><img decoding=\"async\" width=\"150\" height=\"150\" src=\"https:\/\/www.alqueria.es\/blogs\/alqueriaartistica\/wp-content\/uploads\/sites\/12\/2015\/10\/IMG_0522-150x150.jpg\" class=\"attachment-thumbnail size-thumbnail\" alt=\"\" data-attachment-id=\"9303\" data-permalink=\"https:\/\/www.alqueria.es\/blogs\/alqueriaartistica\/2015\/10\/16\/recorridos-personales\/img_0522-2\/\" data-orig-file=\"https:\/\/www.alqueria.es\/blogs\/alqueriaartistica\/wp-content\/uploads\/sites\/12\/2015\/10\/IMG_0522.jpg\" data-orig-size=\"1024,768\" data-comments-opened=\"1\" data-image-meta=\"{&quot;aperture&quot;:&quot;0&quot;,&quot;credit&quot;:&quot;&quot;,&quot;camera&quot;:&quot;&quot;,&quot;caption&quot;:&quot;&quot;,&quot;created_timestamp&quot;:&quot;0&quot;,&quot;copyright&quot;:&quot;&quot;,&quot;focal_length&quot;:&quot;0&quot;,&quot;iso&quot;:&quot;0&quot;,&quot;shutter_speed&quot;:&quot;0&quot;,&quot;title&quot;:&quot;&quot;,&quot;orientation&quot;:&quot;0&quot;}\" data-image-title=\"IMG_0522\" data-image-description=\"\" data-image-caption=\"\" data-large-file=\"https:\/\/www.alqueria.es\/blogs\/alqueriaartistica\/wp-content\/uploads\/sites\/12\/2015\/10\/IMG_0522-1024x768.jpg\" \/><\/a>\n\t\t\t<\/div><\/figure><figure class='gallery-item'>\n\t\t\t<div class='gallery-icon landscape'>\n\t\t\t\t<a href='https:\/\/www.alqueria.es\/blogs\/alqueriaartistica\/2015\/10\/16\/recorridos-personales\/img_0523-3\/'><img decoding=\"async\" width=\"150\" height=\"150\" src=\"https:\/\/www.alqueria.es\/blogs\/alqueriaartistica\/wp-content\/uploads\/sites\/12\/2015\/10\/IMG_0523-150x150.jpg\" class=\"attachment-thumbnail size-thumbnail\" alt=\"\" data-attachment-id=\"9304\" data-permalink=\"https:\/\/www.alqueria.es\/blogs\/alqueriaartistica\/2015\/10\/16\/recorridos-personales\/img_0523-3\/\" data-orig-file=\"https:\/\/www.alqueria.es\/blogs\/alqueriaartistica\/wp-content\/uploads\/sites\/12\/2015\/10\/IMG_0523.jpg\" data-orig-size=\"1024,768\" data-comments-opened=\"1\" data-image-meta=\"{&quot;aperture&quot;:&quot;0&quot;,&quot;credit&quot;:&quot;&quot;,&quot;camera&quot;:&quot;&quot;,&quot;caption&quot;:&quot;&quot;,&quot;created_timestamp&quot;:&quot;0&quot;,&quot;copyright&quot;:&quot;&quot;,&quot;focal_length&quot;:&quot;0&quot;,&quot;iso&quot;:&quot;0&quot;,&quot;shutter_speed&quot;:&quot;0&quot;,&quot;title&quot;:&quot;&quot;,&quot;orientation&quot;:&quot;0&quot;}\" data-image-title=\"IMG_0523\" data-image-description=\"\" data-image-caption=\"\" data-large-file=\"https:\/\/www.alqueria.es\/blogs\/alqueriaartistica\/wp-content\/uploads\/sites\/12\/2015\/10\/IMG_0523-1024x768.jpg\" \/><\/a>\n\t\t\t<\/div><\/figure><figure class='gallery-item'>\n\t\t\t<div class='gallery-icon portrait'>\n\t\t\t\t<a href='https:\/\/www.alqueria.es\/blogs\/alqueriaartistica\/2015\/10\/16\/recorridos-personales\/img_0524\/'><img decoding=\"async\" width=\"150\" height=\"150\" src=\"https:\/\/www.alqueria.es\/blogs\/alqueriaartistica\/wp-content\/uploads\/sites\/12\/2015\/10\/IMG_0524-150x150.jpg\" class=\"attachment-thumbnail size-thumbnail\" alt=\"\" data-attachment-id=\"9305\" data-permalink=\"https:\/\/www.alqueria.es\/blogs\/alqueriaartistica\/2015\/10\/16\/recorridos-personales\/img_0524\/\" data-orig-file=\"https:\/\/www.alqueria.es\/blogs\/alqueriaartistica\/wp-content\/uploads\/sites\/12\/2015\/10\/IMG_0524.jpg\" data-orig-size=\"768,1024\" data-comments-opened=\"1\" data-image-meta=\"{&quot;aperture&quot;:&quot;0&quot;,&quot;credit&quot;:&quot;&quot;,&quot;camera&quot;:&quot;&quot;,&quot;caption&quot;:&quot;&quot;,&quot;created_timestamp&quot;:&quot;0&quot;,&quot;copyright&quot;:&quot;&quot;,&quot;focal_length&quot;:&quot;0&quot;,&quot;iso&quot;:&quot;0&quot;,&quot;shutter_speed&quot;:&quot;0&quot;,&quot;title&quot;:&quot;&quot;,&quot;orientation&quot;:&quot;0&quot;}\" data-image-title=\"IMG_0524\" data-image-description=\"\" data-image-caption=\"\" data-large-file=\"https:\/\/www.alqueria.es\/blogs\/alqueriaartistica\/wp-content\/uploads\/sites\/12\/2015\/10\/IMG_0524-768x1024.jpg\" \/><\/a>\n\t\t\t<\/div><\/figure><figure class='gallery-item'>\n\t\t\t<div class='gallery-icon portrait'>\n\t\t\t\t<a href='https:\/\/www.alqueria.es\/blogs\/alqueriaartistica\/2015\/10\/16\/recorridos-personales\/img_0525-2\/'><img decoding=\"async\" width=\"150\" height=\"150\" src=\"https:\/\/www.alqueria.es\/blogs\/alqueriaartistica\/wp-content\/uploads\/sites\/12\/2015\/10\/IMG_0525-150x150.jpg\" class=\"attachment-thumbnail size-thumbnail\" alt=\"\" data-attachment-id=\"9306\" data-permalink=\"https:\/\/www.alqueria.es\/blogs\/alqueriaartistica\/2015\/10\/16\/recorridos-personales\/img_0525-2\/\" data-orig-file=\"https:\/\/www.alqueria.es\/blogs\/alqueriaartistica\/wp-content\/uploads\/sites\/12\/2015\/10\/IMG_0525.jpg\" data-orig-size=\"768,1024\" data-comments-opened=\"1\" data-image-meta=\"{&quot;aperture&quot;:&quot;0&quot;,&quot;credit&quot;:&quot;&quot;,&quot;camera&quot;:&quot;&quot;,&quot;caption&quot;:&quot;&quot;,&quot;created_timestamp&quot;:&quot;0&quot;,&quot;copyright&quot;:&quot;&quot;,&quot;focal_length&quot;:&quot;0&quot;,&quot;iso&quot;:&quot;0&quot;,&quot;shutter_speed&quot;:&quot;0&quot;,&quot;title&quot;:&quot;&quot;,&quot;orientation&quot;:&quot;0&quot;}\" data-image-title=\"IMG_0525\" data-image-description=\"\" data-image-caption=\"\" data-large-file=\"https:\/\/www.alqueria.es\/blogs\/alqueriaartistica\/wp-content\/uploads\/sites\/12\/2015\/10\/IMG_0525-768x1024.jpg\" \/><\/a>\n\t\t\t<\/div><\/figure><figure class='gallery-item'>\n\t\t\t<div class='gallery-icon landscape'>\n\t\t\t\t<a href='https:\/\/www.alqueria.es\/blogs\/alqueriaartistica\/2015\/10\/16\/recorridos-personales\/img_0526-3\/'><img decoding=\"async\" width=\"150\" height=\"150\" src=\"https:\/\/www.alqueria.es\/blogs\/alqueriaartistica\/wp-content\/uploads\/sites\/12\/2015\/10\/IMG_0526-150x150.jpg\" class=\"attachment-thumbnail size-thumbnail\" alt=\"\" data-attachment-id=\"9307\" data-permalink=\"https:\/\/www.alqueria.es\/blogs\/alqueriaartistica\/2015\/10\/16\/recorridos-personales\/img_0526-3\/\" data-orig-file=\"https:\/\/www.alqueria.es\/blogs\/alqueriaartistica\/wp-content\/uploads\/sites\/12\/2015\/10\/IMG_0526.jpg\" data-orig-size=\"1024,768\" data-comments-opened=\"1\" data-image-meta=\"{&quot;aperture&quot;:&quot;0&quot;,&quot;credit&quot;:&quot;&quot;,&quot;camera&quot;:&quot;&quot;,&quot;caption&quot;:&quot;&quot;,&quot;created_timestamp&quot;:&quot;0&quot;,&quot;copyright&quot;:&quot;&quot;,&quot;focal_length&quot;:&quot;0&quot;,&quot;iso&quot;:&quot;0&quot;,&quot;shutter_speed&quot;:&quot;0&quot;,&quot;title&quot;:&quot;&quot;,&quot;orientation&quot;:&quot;0&quot;}\" data-image-title=\"IMG_0526\" data-image-description=\"\" data-image-caption=\"\" data-large-file=\"https:\/\/www.alqueria.es\/blogs\/alqueriaartistica\/wp-content\/uploads\/sites\/12\/2015\/10\/IMG_0526-1024x768.jpg\" \/><\/a>\n\t\t\t<\/div><\/figure><figure class='gallery-item'>\n\t\t\t<div class='gallery-icon portrait'>\n\t\t\t\t<a href='https:\/\/www.alqueria.es\/blogs\/alqueriaartistica\/2015\/10\/16\/recorridos-personales\/img_0527-3\/'><img decoding=\"async\" width=\"150\" height=\"150\" src=\"https:\/\/www.alqueria.es\/blogs\/alqueriaartistica\/wp-content\/uploads\/sites\/12\/2015\/10\/IMG_0527-150x150.jpg\" class=\"attachment-thumbnail size-thumbnail\" alt=\"\" data-attachment-id=\"9308\" data-permalink=\"https:\/\/www.alqueria.es\/blogs\/alqueriaartistica\/2015\/10\/16\/recorridos-personales\/img_0527-3\/\" data-orig-file=\"https:\/\/www.alqueria.es\/blogs\/alqueriaartistica\/wp-content\/uploads\/sites\/12\/2015\/10\/IMG_0527.jpg\" data-orig-size=\"768,1024\" data-comments-opened=\"1\" data-image-meta=\"{&quot;aperture&quot;:&quot;0&quot;,&quot;credit&quot;:&quot;&quot;,&quot;camera&quot;:&quot;&quot;,&quot;caption&quot;:&quot;&quot;,&quot;created_timestamp&quot;:&quot;0&quot;,&quot;copyright&quot;:&quot;&quot;,&quot;focal_length&quot;:&quot;0&quot;,&quot;iso&quot;:&quot;0&quot;,&quot;shutter_speed&quot;:&quot;0&quot;,&quot;title&quot;:&quot;&quot;,&quot;orientation&quot;:&quot;0&quot;}\" data-image-title=\"IMG_0527\" data-image-description=\"\" data-image-caption=\"\" data-large-file=\"https:\/\/www.alqueria.es\/blogs\/alqueriaartistica\/wp-content\/uploads\/sites\/12\/2015\/10\/IMG_0527-768x1024.jpg\" \/><\/a>\n\t\t\t<\/div><\/figure><figure class='gallery-item'>\n\t\t\t<div class='gallery-icon portrait'>\n\t\t\t\t<a href='https:\/\/www.alqueria.es\/blogs\/alqueriaartistica\/2015\/10\/16\/recorridos-personales\/img_0528-3\/'><img decoding=\"async\" width=\"150\" height=\"150\" src=\"https:\/\/www.alqueria.es\/blogs\/alqueriaartistica\/wp-content\/uploads\/sites\/12\/2015\/10\/IMG_0528-150x150.jpg\" class=\"attachment-thumbnail size-thumbnail\" alt=\"\" data-attachment-id=\"9309\" data-permalink=\"https:\/\/www.alqueria.es\/blogs\/alqueriaartistica\/2015\/10\/16\/recorridos-personales\/img_0528-3\/\" data-orig-file=\"https:\/\/www.alqueria.es\/blogs\/alqueriaartistica\/wp-content\/uploads\/sites\/12\/2015\/10\/IMG_0528.jpg\" data-orig-size=\"768,1024\" data-comments-opened=\"1\" data-image-meta=\"{&quot;aperture&quot;:&quot;0&quot;,&quot;credit&quot;:&quot;&quot;,&quot;camera&quot;:&quot;&quot;,&quot;caption&quot;:&quot;&quot;,&quot;created_timestamp&quot;:&quot;0&quot;,&quot;copyright&quot;:&quot;&quot;,&quot;focal_length&quot;:&quot;0&quot;,&quot;iso&quot;:&quot;0&quot;,&quot;shutter_speed&quot;:&quot;0&quot;,&quot;title&quot;:&quot;&quot;,&quot;orientation&quot;:&quot;0&quot;}\" data-image-title=\"IMG_0528\" data-image-description=\"\" data-image-caption=\"\" data-large-file=\"https:\/\/www.alqueria.es\/blogs\/alqueriaartistica\/wp-content\/uploads\/sites\/12\/2015\/10\/IMG_0528-768x1024.jpg\" \/><\/a>\n\t\t\t<\/div><\/figure><figure class='gallery-item'>\n\t\t\t<div class='gallery-icon portrait'>\n\t\t\t\t<a href='https:\/\/www.alqueria.es\/blogs\/alqueriaartistica\/2015\/10\/16\/recorridos-personales\/img_0529-3\/'><img decoding=\"async\" width=\"150\" height=\"150\" src=\"https:\/\/www.alqueria.es\/blogs\/alqueriaartistica\/wp-content\/uploads\/sites\/12\/2015\/10\/IMG_0529-150x150.jpg\" class=\"attachment-thumbnail size-thumbnail\" alt=\"\" data-attachment-id=\"9310\" data-permalink=\"https:\/\/www.alqueria.es\/blogs\/alqueriaartistica\/2015\/10\/16\/recorridos-personales\/img_0529-3\/\" data-orig-file=\"https:\/\/www.alqueria.es\/blogs\/alqueriaartistica\/wp-content\/uploads\/sites\/12\/2015\/10\/IMG_0529.jpg\" data-orig-size=\"768,1024\" data-comments-opened=\"1\" data-image-meta=\"{&quot;aperture&quot;:&quot;0&quot;,&quot;credit&quot;:&quot;&quot;,&quot;camera&quot;:&quot;&quot;,&quot;caption&quot;:&quot;&quot;,&quot;created_timestamp&quot;:&quot;0&quot;,&quot;copyright&quot;:&quot;&quot;,&quot;focal_length&quot;:&quot;0&quot;,&quot;iso&quot;:&quot;0&quot;,&quot;shutter_speed&quot;:&quot;0&quot;,&quot;title&quot;:&quot;&quot;,&quot;orientation&quot;:&quot;0&quot;}\" data-image-title=\"IMG_0529\" data-image-description=\"\" data-image-caption=\"\" data-large-file=\"https:\/\/www.alqueria.es\/blogs\/alqueriaartistica\/wp-content\/uploads\/sites\/12\/2015\/10\/IMG_0529-768x1024.jpg\" \/><\/a>\n\t\t\t<\/div><\/figure><figure class='gallery-item'>\n\t\t\t<div class='gallery-icon portrait'>\n\t\t\t\t<a href='https:\/\/www.alqueria.es\/blogs\/alqueriaartistica\/2015\/10\/16\/recorridos-personales\/img_0530-3\/'><img decoding=\"async\" width=\"150\" height=\"150\" src=\"https:\/\/www.alqueria.es\/blogs\/alqueriaartistica\/wp-content\/uploads\/sites\/12\/2015\/10\/IMG_0530-150x150.jpg\" class=\"attachment-thumbnail size-thumbnail\" alt=\"\" data-attachment-id=\"9311\" data-permalink=\"https:\/\/www.alqueria.es\/blogs\/alqueriaartistica\/2015\/10\/16\/recorridos-personales\/img_0530-3\/\" data-orig-file=\"https:\/\/www.alqueria.es\/blogs\/alqueriaartistica\/wp-content\/uploads\/sites\/12\/2015\/10\/IMG_0530.jpg\" data-orig-size=\"768,1024\" data-comments-opened=\"1\" data-image-meta=\"{&quot;aperture&quot;:&quot;0&quot;,&quot;credit&quot;:&quot;&quot;,&quot;camera&quot;:&quot;&quot;,&quot;caption&quot;:&quot;&quot;,&quot;created_timestamp&quot;:&quot;0&quot;,&quot;copyright&quot;:&quot;&quot;,&quot;focal_length&quot;:&quot;0&quot;,&quot;iso&quot;:&quot;0&quot;,&quot;shutter_speed&quot;:&quot;0&quot;,&quot;title&quot;:&quot;&quot;,&quot;orientation&quot;:&quot;0&quot;}\" data-image-title=\"IMG_0530\" data-image-description=\"\" data-image-caption=\"\" data-large-file=\"https:\/\/www.alqueria.es\/blogs\/alqueriaartistica\/wp-content\/uploads\/sites\/12\/2015\/10\/IMG_0530-768x1024.jpg\" \/><\/a>\n\t\t\t<\/div><\/figure><figure class='gallery-item'>\n\t\t\t<div class='gallery-icon landscape'>\n\t\t\t\t<a href='https:\/\/www.alqueria.es\/blogs\/alqueriaartistica\/2015\/10\/16\/recorridos-personales\/img_0531-3\/'><img decoding=\"async\" width=\"150\" height=\"150\" src=\"https:\/\/www.alqueria.es\/blogs\/alqueriaartistica\/wp-content\/uploads\/sites\/12\/2015\/10\/IMG_0531-150x150.jpg\" class=\"attachment-thumbnail size-thumbnail\" alt=\"\" data-attachment-id=\"9312\" data-permalink=\"https:\/\/www.alqueria.es\/blogs\/alqueriaartistica\/2015\/10\/16\/recorridos-personales\/img_0531-3\/\" data-orig-file=\"https:\/\/www.alqueria.es\/blogs\/alqueriaartistica\/wp-content\/uploads\/sites\/12\/2015\/10\/IMG_0531.jpg\" data-orig-size=\"1024,768\" data-comments-opened=\"1\" data-image-meta=\"{&quot;aperture&quot;:&quot;0&quot;,&quot;credit&quot;:&quot;&quot;,&quot;camera&quot;:&quot;&quot;,&quot;caption&quot;:&quot;&quot;,&quot;created_timestamp&quot;:&quot;0&quot;,&quot;copyright&quot;:&quot;&quot;,&quot;focal_length&quot;:&quot;0&quot;,&quot;iso&quot;:&quot;0&quot;,&quot;shutter_speed&quot;:&quot;0&quot;,&quot;title&quot;:&quot;&quot;,&quot;orientation&quot;:&quot;0&quot;}\" data-image-title=\"IMG_0531\" data-image-description=\"\" data-image-caption=\"\" data-large-file=\"https:\/\/www.alqueria.es\/blogs\/alqueriaartistica\/wp-content\/uploads\/sites\/12\/2015\/10\/IMG_0531-1024x768.jpg\" \/><\/a>\n\t\t\t<\/div><\/figure><figure class='gallery-item'>\n\t\t\t<div class='gallery-icon portrait'>\n\t\t\t\t<a href='https:\/\/www.alqueria.es\/blogs\/alqueriaartistica\/2015\/10\/16\/recorridos-personales\/img_0532-2\/'><img decoding=\"async\" width=\"150\" height=\"150\" src=\"https:\/\/www.alqueria.es\/blogs\/alqueriaartistica\/wp-content\/uploads\/sites\/12\/2015\/10\/IMG_0532-150x150.jpg\" class=\"attachment-thumbnail size-thumbnail\" alt=\"\" data-attachment-id=\"9313\" data-permalink=\"https:\/\/www.alqueria.es\/blogs\/alqueriaartistica\/2015\/10\/16\/recorridos-personales\/img_0532-2\/\" data-orig-file=\"https:\/\/www.alqueria.es\/blogs\/alqueriaartistica\/wp-content\/uploads\/sites\/12\/2015\/10\/IMG_0532.jpg\" data-orig-size=\"768,1024\" data-comments-opened=\"1\" data-image-meta=\"{&quot;aperture&quot;:&quot;0&quot;,&quot;credit&quot;:&quot;&quot;,&quot;camera&quot;:&quot;&quot;,&quot;caption&quot;:&quot;&quot;,&quot;created_timestamp&quot;:&quot;0&quot;,&quot;copyright&quot;:&quot;&quot;,&quot;focal_length&quot;:&quot;0&quot;,&quot;iso&quot;:&quot;0&quot;,&quot;shutter_speed&quot;:&quot;0&quot;,&quot;title&quot;:&quot;&quot;,&quot;orientation&quot;:&quot;0&quot;}\" data-image-title=\"IMG_0532\" data-image-description=\"\" data-image-caption=\"\" data-large-file=\"https:\/\/www.alqueria.es\/blogs\/alqueriaartistica\/wp-content\/uploads\/sites\/12\/2015\/10\/IMG_0532-768x1024.jpg\" \/><\/a>\n\t\t\t<\/div><\/figure><figure class='gallery-item'>\n\t\t\t<div class='gallery-icon portrait'>\n\t\t\t\t<a href='https:\/\/www.alqueria.es\/blogs\/alqueriaartistica\/2015\/10\/16\/recorridos-personales\/img_0533\/'><img decoding=\"async\" width=\"150\" height=\"150\" src=\"https:\/\/www.alqueria.es\/blogs\/alqueriaartistica\/wp-content\/uploads\/sites\/12\/2015\/10\/IMG_0533-150x150.jpg\" class=\"attachment-thumbnail size-thumbnail\" alt=\"\" data-attachment-id=\"9314\" data-permalink=\"https:\/\/www.alqueria.es\/blogs\/alqueriaartistica\/2015\/10\/16\/recorridos-personales\/img_0533\/\" data-orig-file=\"https:\/\/www.alqueria.es\/blogs\/alqueriaartistica\/wp-content\/uploads\/sites\/12\/2015\/10\/IMG_0533.jpg\" data-orig-size=\"768,1024\" data-comments-opened=\"1\" data-image-meta=\"{&quot;aperture&quot;:&quot;0&quot;,&quot;credit&quot;:&quot;&quot;,&quot;camera&quot;:&quot;&quot;,&quot;caption&quot;:&quot;&quot;,&quot;created_timestamp&quot;:&quot;0&quot;,&quot;copyright&quot;:&quot;&quot;,&quot;focal_length&quot;:&quot;0&quot;,&quot;iso&quot;:&quot;0&quot;,&quot;shutter_speed&quot;:&quot;0&quot;,&quot;title&quot;:&quot;&quot;,&quot;orientation&quot;:&quot;0&quot;}\" data-image-title=\"IMG_0533\" data-image-description=\"\" data-image-caption=\"\" data-large-file=\"https:\/\/www.alqueria.es\/blogs\/alqueriaartistica\/wp-content\/uploads\/sites\/12\/2015\/10\/IMG_0533-768x1024.jpg\" \/><\/a>\n\t\t\t<\/div><\/figure><figure class='gallery-item'>\n\t\t\t<div class='gallery-icon portrait'>\n\t\t\t\t<a href='https:\/\/www.alqueria.es\/blogs\/alqueriaartistica\/2015\/10\/16\/recorridos-personales\/img_0534-2\/'><img decoding=\"async\" width=\"150\" height=\"150\" src=\"https:\/\/www.alqueria.es\/blogs\/alqueriaartistica\/wp-content\/uploads\/sites\/12\/2015\/10\/IMG_0534-150x150.jpg\" class=\"attachment-thumbnail size-thumbnail\" alt=\"\" data-attachment-id=\"9315\" data-permalink=\"https:\/\/www.alqueria.es\/blogs\/alqueriaartistica\/2015\/10\/16\/recorridos-personales\/img_0534-2\/\" data-orig-file=\"https:\/\/www.alqueria.es\/blogs\/alqueriaartistica\/wp-content\/uploads\/sites\/12\/2015\/10\/IMG_0534.jpg\" data-orig-size=\"768,1024\" data-comments-opened=\"1\" data-image-meta=\"{&quot;aperture&quot;:&quot;0&quot;,&quot;credit&quot;:&quot;&quot;,&quot;camera&quot;:&quot;&quot;,&quot;caption&quot;:&quot;&quot;,&quot;created_timestamp&quot;:&quot;0&quot;,&quot;copyright&quot;:&quot;&quot;,&quot;focal_length&quot;:&quot;0&quot;,&quot;iso&quot;:&quot;0&quot;,&quot;shutter_speed&quot;:&quot;0&quot;,&quot;title&quot;:&quot;&quot;,&quot;orientation&quot;:&quot;0&quot;}\" data-image-title=\"IMG_0534\" data-image-description=\"\" data-image-caption=\"\" data-large-file=\"https:\/\/www.alqueria.es\/blogs\/alqueriaartistica\/wp-content\/uploads\/sites\/12\/2015\/10\/IMG_0534-768x1024.jpg\" \/><\/a>\n\t\t\t<\/div><\/figure><figure class='gallery-item'>\n\t\t\t<div class='gallery-icon portrait'>\n\t\t\t\t<a href='https:\/\/www.alqueria.es\/blogs\/alqueriaartistica\/2015\/10\/16\/recorridos-personales\/img_0535-2\/'><img decoding=\"async\" width=\"150\" height=\"150\" src=\"https:\/\/www.alqueria.es\/blogs\/alqueriaartistica\/wp-content\/uploads\/sites\/12\/2015\/10\/IMG_0535-150x150.jpg\" class=\"attachment-thumbnail size-thumbnail\" alt=\"\" data-attachment-id=\"9316\" data-permalink=\"https:\/\/www.alqueria.es\/blogs\/alqueriaartistica\/2015\/10\/16\/recorridos-personales\/img_0535-2\/\" data-orig-file=\"https:\/\/www.alqueria.es\/blogs\/alqueriaartistica\/wp-content\/uploads\/sites\/12\/2015\/10\/IMG_0535.jpg\" data-orig-size=\"768,1024\" data-comments-opened=\"1\" data-image-meta=\"{&quot;aperture&quot;:&quot;0&quot;,&quot;credit&quot;:&quot;&quot;,&quot;camera&quot;:&quot;&quot;,&quot;caption&quot;:&quot;&quot;,&quot;created_timestamp&quot;:&quot;0&quot;,&quot;copyright&quot;:&quot;&quot;,&quot;focal_length&quot;:&quot;0&quot;,&quot;iso&quot;:&quot;0&quot;,&quot;shutter_speed&quot;:&quot;0&quot;,&quot;title&quot;:&quot;&quot;,&quot;orientation&quot;:&quot;0&quot;}\" data-image-title=\"IMG_0535\" data-image-description=\"\" data-image-caption=\"\" data-large-file=\"https:\/\/www.alqueria.es\/blogs\/alqueriaartistica\/wp-content\/uploads\/sites\/12\/2015\/10\/IMG_0535-768x1024.jpg\" \/><\/a>\n\t\t\t<\/div><\/figure><figure class='gallery-item'>\n\t\t\t<div class='gallery-icon portrait'>\n\t\t\t\t<a href='https:\/\/www.alqueria.es\/blogs\/alqueriaartistica\/2015\/10\/16\/recorridos-personales\/img_0536-2\/'><img decoding=\"async\" width=\"150\" height=\"150\" src=\"https:\/\/www.alqueria.es\/blogs\/alqueriaartistica\/wp-content\/uploads\/sites\/12\/2015\/10\/IMG_0536-150x150.jpg\" class=\"attachment-thumbnail size-thumbnail\" alt=\"\" data-attachment-id=\"9317\" data-permalink=\"https:\/\/www.alqueria.es\/blogs\/alqueriaartistica\/2015\/10\/16\/recorridos-personales\/img_0536-2\/\" data-orig-file=\"https:\/\/www.alqueria.es\/blogs\/alqueriaartistica\/wp-content\/uploads\/sites\/12\/2015\/10\/IMG_0536.jpg\" data-orig-size=\"768,1024\" data-comments-opened=\"1\" data-image-meta=\"{&quot;aperture&quot;:&quot;0&quot;,&quot;credit&quot;:&quot;&quot;,&quot;camera&quot;:&quot;&quot;,&quot;caption&quot;:&quot;&quot;,&quot;created_timestamp&quot;:&quot;0&quot;,&quot;copyright&quot;:&quot;&quot;,&quot;focal_length&quot;:&quot;0&quot;,&quot;iso&quot;:&quot;0&quot;,&quot;shutter_speed&quot;:&quot;0&quot;,&quot;title&quot;:&quot;&quot;,&quot;orientation&quot;:&quot;0&quot;}\" data-image-title=\"IMG_0536\" data-image-description=\"\" data-image-caption=\"\" data-large-file=\"https:\/\/www.alqueria.es\/blogs\/alqueriaartistica\/wp-content\/uploads\/sites\/12\/2015\/10\/IMG_0536-768x1024.jpg\" \/><\/a>\n\t\t\t<\/div><\/figure><figure class='gallery-item'>\n\t\t\t<div class='gallery-icon landscape'>\n\t\t\t\t<a href='https:\/\/www.alqueria.es\/blogs\/alqueriaartistica\/2015\/10\/16\/recorridos-personales\/img_0537-2\/'><img decoding=\"async\" width=\"150\" height=\"150\" src=\"https:\/\/www.alqueria.es\/blogs\/alqueriaartistica\/wp-content\/uploads\/sites\/12\/2015\/10\/IMG_0537-150x150.jpg\" class=\"attachment-thumbnail size-thumbnail\" alt=\"\" data-attachment-id=\"9318\" data-permalink=\"https:\/\/www.alqueria.es\/blogs\/alqueriaartistica\/2015\/10\/16\/recorridos-personales\/img_0537-2\/\" data-orig-file=\"https:\/\/www.alqueria.es\/blogs\/alqueriaartistica\/wp-content\/uploads\/sites\/12\/2015\/10\/IMG_0537.jpg\" data-orig-size=\"1024,768\" data-comments-opened=\"1\" data-image-meta=\"{&quot;aperture&quot;:&quot;0&quot;,&quot;credit&quot;:&quot;&quot;,&quot;camera&quot;:&quot;&quot;,&quot;caption&quot;:&quot;&quot;,&quot;created_timestamp&quot;:&quot;0&quot;,&quot;copyright&quot;:&quot;&quot;,&quot;focal_length&quot;:&quot;0&quot;,&quot;iso&quot;:&quot;0&quot;,&quot;shutter_speed&quot;:&quot;0&quot;,&quot;title&quot;:&quot;&quot;,&quot;orientation&quot;:&quot;0&quot;}\" data-image-title=\"IMG_0537\" data-image-description=\"\" data-image-caption=\"\" data-large-file=\"https:\/\/www.alqueria.es\/blogs\/alqueriaartistica\/wp-content\/uploads\/sites\/12\/2015\/10\/IMG_0537-1024x768.jpg\" \/><\/a>\n\t\t\t<\/div><\/figure><figure class='gallery-item'>\n\t\t\t<div class='gallery-icon portrait'>\n\t\t\t\t<a href='https:\/\/www.alqueria.es\/blogs\/alqueriaartistica\/2015\/10\/16\/recorridos-personales\/img_0538-2\/'><img decoding=\"async\" width=\"150\" height=\"150\" src=\"https:\/\/www.alqueria.es\/blogs\/alqueriaartistica\/wp-content\/uploads\/sites\/12\/2015\/10\/IMG_0538-150x150.jpg\" class=\"attachment-thumbnail size-thumbnail\" alt=\"\" data-attachment-id=\"9319\" data-permalink=\"https:\/\/www.alqueria.es\/blogs\/alqueriaartistica\/2015\/10\/16\/recorridos-personales\/img_0538-2\/\" data-orig-file=\"https:\/\/www.alqueria.es\/blogs\/alqueriaartistica\/wp-content\/uploads\/sites\/12\/2015\/10\/IMG_0538.jpg\" data-orig-size=\"768,1024\" data-comments-opened=\"1\" data-image-meta=\"{&quot;aperture&quot;:&quot;0&quot;,&quot;credit&quot;:&quot;&quot;,&quot;camera&quot;:&quot;&quot;,&quot;caption&quot;:&quot;&quot;,&quot;created_timestamp&quot;:&quot;0&quot;,&quot;copyright&quot;:&quot;&quot;,&quot;focal_length&quot;:&quot;0&quot;,&quot;iso&quot;:&quot;0&quot;,&quot;shutter_speed&quot;:&quot;0&quot;,&quot;title&quot;:&quot;&quot;,&quot;orientation&quot;:&quot;0&quot;}\" data-image-title=\"IMG_0538\" data-image-description=\"\" data-image-caption=\"\" data-large-file=\"https:\/\/www.alqueria.es\/blogs\/alqueriaartistica\/wp-content\/uploads\/sites\/12\/2015\/10\/IMG_0538-768x1024.jpg\" \/><\/a>\n\t\t\t<\/div><\/figure><figure class='gallery-item'>\n\t\t\t<div class='gallery-icon landscape'>\n\t\t\t\t<a href='https:\/\/www.alqueria.es\/blogs\/alqueriaartistica\/2015\/10\/16\/recorridos-personales\/img_0539-2\/'><img decoding=\"async\" width=\"150\" height=\"150\" src=\"https:\/\/www.alqueria.es\/blogs\/alqueriaartistica\/wp-content\/uploads\/sites\/12\/2015\/10\/IMG_0539-150x150.jpg\" class=\"attachment-thumbnail size-thumbnail\" alt=\"\" data-attachment-id=\"9320\" data-permalink=\"https:\/\/www.alqueria.es\/blogs\/alqueriaartistica\/2015\/10\/16\/recorridos-personales\/img_0539-2\/\" data-orig-file=\"https:\/\/www.alqueria.es\/blogs\/alqueriaartistica\/wp-content\/uploads\/sites\/12\/2015\/10\/IMG_0539.jpg\" data-orig-size=\"1024,768\" data-comments-opened=\"1\" data-image-meta=\"{&quot;aperture&quot;:&quot;0&quot;,&quot;credit&quot;:&quot;&quot;,&quot;camera&quot;:&quot;&quot;,&quot;caption&quot;:&quot;&quot;,&quot;created_timestamp&quot;:&quot;0&quot;,&quot;copyright&quot;:&quot;&quot;,&quot;focal_length&quot;:&quot;0&quot;,&quot;iso&quot;:&quot;0&quot;,&quot;shutter_speed&quot;:&quot;0&quot;,&quot;title&quot;:&quot;&quot;,&quot;orientation&quot;:&quot;0&quot;}\" data-image-title=\"IMG_0539\" data-image-description=\"\" data-image-caption=\"\" data-large-file=\"https:\/\/www.alqueria.es\/blogs\/alqueriaartistica\/wp-content\/uploads\/sites\/12\/2015\/10\/IMG_0539-1024x768.jpg\" \/><\/a>\n\t\t\t<\/div><\/figure><figure class='gallery-item'>\n\t\t\t<div class='gallery-icon portrait'>\n\t\t\t\t<a href='https:\/\/www.alqueria.es\/blogs\/alqueriaartistica\/2015\/10\/16\/recorridos-personales\/img_0542-2\/'><img decoding=\"async\" width=\"150\" height=\"150\" src=\"https:\/\/www.alqueria.es\/blogs\/alqueriaartistica\/wp-content\/uploads\/sites\/12\/2015\/10\/IMG_0542-150x150.jpg\" class=\"attachment-thumbnail size-thumbnail\" alt=\"\" data-attachment-id=\"9322\" data-permalink=\"https:\/\/www.alqueria.es\/blogs\/alqueriaartistica\/2015\/10\/16\/recorridos-personales\/img_0542-2\/\" data-orig-file=\"https:\/\/www.alqueria.es\/blogs\/alqueriaartistica\/wp-content\/uploads\/sites\/12\/2015\/10\/IMG_0542.jpg\" data-orig-size=\"768,1024\" data-comments-opened=\"1\" data-image-meta=\"{&quot;aperture&quot;:&quot;0&quot;,&quot;credit&quot;:&quot;&quot;,&quot;camera&quot;:&quot;&quot;,&quot;caption&quot;:&quot;&quot;,&quot;created_timestamp&quot;:&quot;0&quot;,&quot;copyright&quot;:&quot;&quot;,&quot;focal_length&quot;:&quot;0&quot;,&quot;iso&quot;:&quot;0&quot;,&quot;shutter_speed&quot;:&quot;0&quot;,&quot;title&quot;:&quot;&quot;,&quot;orientation&quot;:&quot;0&quot;}\" data-image-title=\"IMG_0542\" data-image-description=\"\" data-image-caption=\"\" data-large-file=\"https:\/\/www.alqueria.es\/blogs\/alqueriaartistica\/wp-content\/uploads\/sites\/12\/2015\/10\/IMG_0542-768x1024.jpg\" \/><\/a>\n\t\t\t<\/div><\/figure><figure class='gallery-item'>\n\t\t\t<div class='gallery-icon portrait'>\n\t\t\t\t<a href='https:\/\/www.alqueria.es\/blogs\/alqueriaartistica\/2015\/10\/16\/recorridos-personales\/img_0543-2\/'><img decoding=\"async\" width=\"150\" height=\"150\" src=\"https:\/\/www.alqueria.es\/blogs\/alqueriaartistica\/wp-content\/uploads\/sites\/12\/2015\/10\/IMG_0543-150x150.jpg\" class=\"attachment-thumbnail size-thumbnail\" alt=\"\" data-attachment-id=\"9323\" data-permalink=\"https:\/\/www.alqueria.es\/blogs\/alqueriaartistica\/2015\/10\/16\/recorridos-personales\/img_0543-2\/\" data-orig-file=\"https:\/\/www.alqueria.es\/blogs\/alqueriaartistica\/wp-content\/uploads\/sites\/12\/2015\/10\/IMG_0543.jpg\" data-orig-size=\"768,1024\" data-comments-opened=\"1\" data-image-meta=\"{&quot;aperture&quot;:&quot;0&quot;,&quot;credit&quot;:&quot;&quot;,&quot;camera&quot;:&quot;&quot;,&quot;caption&quot;:&quot;&quot;,&quot;created_timestamp&quot;:&quot;0&quot;,&quot;copyright&quot;:&quot;&quot;,&quot;focal_length&quot;:&quot;0&quot;,&quot;iso&quot;:&quot;0&quot;,&quot;shutter_speed&quot;:&quot;0&quot;,&quot;title&quot;:&quot;&quot;,&quot;orientation&quot;:&quot;0&quot;}\" data-image-title=\"IMG_0543\" data-image-description=\"\" data-image-caption=\"\" data-large-file=\"https:\/\/www.alqueria.es\/blogs\/alqueriaartistica\/wp-content\/uploads\/sites\/12\/2015\/10\/IMG_0543-768x1024.jpg\" \/><\/a>\n\t\t\t<\/div><\/figure><figure class='gallery-item'>\n\t\t\t<div class='gallery-icon portrait'>\n\t\t\t\t<a href='https:\/\/www.alqueria.es\/blogs\/alqueriaartistica\/2015\/10\/16\/recorridos-personales\/img_0544-3\/'><img decoding=\"async\" width=\"150\" height=\"150\" src=\"https:\/\/www.alqueria.es\/blogs\/alqueriaartistica\/wp-content\/uploads\/sites\/12\/2015\/10\/IMG_0544-150x150.jpg\" class=\"attachment-thumbnail size-thumbnail\" alt=\"\" data-attachment-id=\"9324\" data-permalink=\"https:\/\/www.alqueria.es\/blogs\/alqueriaartistica\/2015\/10\/16\/recorridos-personales\/img_0544-3\/\" data-orig-file=\"https:\/\/www.alqueria.es\/blogs\/alqueriaartistica\/wp-content\/uploads\/sites\/12\/2015\/10\/IMG_0544.jpg\" data-orig-size=\"768,1024\" data-comments-opened=\"1\" data-image-meta=\"{&quot;aperture&quot;:&quot;0&quot;,&quot;credit&quot;:&quot;&quot;,&quot;camera&quot;:&quot;&quot;,&quot;caption&quot;:&quot;&quot;,&quot;created_timestamp&quot;:&quot;0&quot;,&quot;copyright&quot;:&quot;&quot;,&quot;focal_length&quot;:&quot;0&quot;,&quot;iso&quot;:&quot;0&quot;,&quot;shutter_speed&quot;:&quot;0&quot;,&quot;title&quot;:&quot;&quot;,&quot;orientation&quot;:&quot;0&quot;}\" data-image-title=\"IMG_0544\" data-image-description=\"\" data-image-caption=\"\" data-large-file=\"https:\/\/www.alqueria.es\/blogs\/alqueriaartistica\/wp-content\/uploads\/sites\/12\/2015\/10\/IMG_0544-768x1024.jpg\" \/><\/a>\n\t\t\t<\/div><\/figure><figure class='gallery-item'>\n\t\t\t<div class='gallery-icon portrait'>\n\t\t\t\t<a href='https:\/\/www.alqueria.es\/blogs\/alqueriaartistica\/2015\/10\/16\/recorridos-personales\/img_0545-2\/'><img decoding=\"async\" width=\"150\" height=\"150\" src=\"https:\/\/www.alqueria.es\/blogs\/alqueriaartistica\/wp-content\/uploads\/sites\/12\/2015\/10\/IMG_0545-150x150.jpg\" class=\"attachment-thumbnail size-thumbnail\" alt=\"\" data-attachment-id=\"9325\" data-permalink=\"https:\/\/www.alqueria.es\/blogs\/alqueriaartistica\/2015\/10\/16\/recorridos-personales\/img_0545-2\/\" data-orig-file=\"https:\/\/www.alqueria.es\/blogs\/alqueriaartistica\/wp-content\/uploads\/sites\/12\/2015\/10\/IMG_0545.jpg\" data-orig-size=\"768,1024\" data-comments-opened=\"1\" data-image-meta=\"{&quot;aperture&quot;:&quot;0&quot;,&quot;credit&quot;:&quot;&quot;,&quot;camera&quot;:&quot;&quot;,&quot;caption&quot;:&quot;&quot;,&quot;created_timestamp&quot;:&quot;0&quot;,&quot;copyright&quot;:&quot;&quot;,&quot;focal_length&quot;:&quot;0&quot;,&quot;iso&quot;:&quot;0&quot;,&quot;shutter_speed&quot;:&quot;0&quot;,&quot;title&quot;:&quot;&quot;,&quot;orientation&quot;:&quot;0&quot;}\" data-image-title=\"IMG_0545\" data-image-description=\"\" data-image-caption=\"\" data-large-file=\"https:\/\/www.alqueria.es\/blogs\/alqueriaartistica\/wp-content\/uploads\/sites\/12\/2015\/10\/IMG_0545-768x1024.jpg\" \/><\/a>\n\t\t\t<\/div><\/figure><figure class='gallery-item'>\n\t\t\t<div class='gallery-icon portrait'>\n\t\t\t\t<a href='https:\/\/www.alqueria.es\/blogs\/alqueriaartistica\/2015\/10\/16\/recorridos-personales\/img_0546-2\/'><img decoding=\"async\" width=\"150\" height=\"150\" src=\"https:\/\/www.alqueria.es\/blogs\/alqueriaartistica\/wp-content\/uploads\/sites\/12\/2015\/10\/IMG_0546-150x150.jpg\" class=\"attachment-thumbnail size-thumbnail\" alt=\"\" data-attachment-id=\"9326\" data-permalink=\"https:\/\/www.alqueria.es\/blogs\/alqueriaartistica\/2015\/10\/16\/recorridos-personales\/img_0546-2\/\" data-orig-file=\"https:\/\/www.alqueria.es\/blogs\/alqueriaartistica\/wp-content\/uploads\/sites\/12\/2015\/10\/IMG_0546.jpg\" data-orig-size=\"768,1024\" data-comments-opened=\"1\" data-image-meta=\"{&quot;aperture&quot;:&quot;0&quot;,&quot;credit&quot;:&quot;&quot;,&quot;camera&quot;:&quot;&quot;,&quot;caption&quot;:&quot;&quot;,&quot;created_timestamp&quot;:&quot;0&quot;,&quot;copyright&quot;:&quot;&quot;,&quot;focal_length&quot;:&quot;0&quot;,&quot;iso&quot;:&quot;0&quot;,&quot;shutter_speed&quot;:&quot;0&quot;,&quot;title&quot;:&quot;&quot;,&quot;orientation&quot;:&quot;0&quot;}\" data-image-title=\"IMG_0546\" data-image-description=\"\" data-image-caption=\"\" data-large-file=\"https:\/\/www.alqueria.es\/blogs\/alqueriaartistica\/wp-content\/uploads\/sites\/12\/2015\/10\/IMG_0546-768x1024.jpg\" \/><\/a>\n\t\t\t<\/div><\/figure><figure class='gallery-item'>\n\t\t\t<div class='gallery-icon portrait'>\n\t\t\t\t<a href='https:\/\/www.alqueria.es\/blogs\/alqueriaartistica\/2015\/10\/16\/recorridos-personales\/img_0540-3\/'><img decoding=\"async\" width=\"150\" height=\"150\" src=\"https:\/\/www.alqueria.es\/blogs\/alqueriaartistica\/wp-content\/uploads\/sites\/12\/2015\/10\/IMG_05401-150x150.jpg\" class=\"attachment-thumbnail size-thumbnail\" alt=\"\" data-attachment-id=\"9327\" data-permalink=\"https:\/\/www.alqueria.es\/blogs\/alqueriaartistica\/2015\/10\/16\/recorridos-personales\/img_0540-3\/\" data-orig-file=\"https:\/\/www.alqueria.es\/blogs\/alqueriaartistica\/wp-content\/uploads\/sites\/12\/2015\/10\/IMG_05401.jpg\" data-orig-size=\"768,1024\" data-comments-opened=\"1\" data-image-meta=\"{&quot;aperture&quot;:&quot;0&quot;,&quot;credit&quot;:&quot;&quot;,&quot;camera&quot;:&quot;&quot;,&quot;caption&quot;:&quot;&quot;,&quot;created_timestamp&quot;:&quot;0&quot;,&quot;copyright&quot;:&quot;&quot;,&quot;focal_length&quot;:&quot;0&quot;,&quot;iso&quot;:&quot;0&quot;,&quot;shutter_speed&quot;:&quot;0&quot;,&quot;title&quot;:&quot;&quot;,&quot;orientation&quot;:&quot;0&quot;}\" data-image-title=\"IMG_0540\" data-image-description=\"\" data-image-caption=\"\" data-large-file=\"https:\/\/www.alqueria.es\/blogs\/alqueriaartistica\/wp-content\/uploads\/sites\/12\/2015\/10\/IMG_05401-768x1024.jpg\" \/><\/a>\n\t\t\t<\/div><\/figure><figure class='gallery-item'>\n\t\t\t<div class='gallery-icon portrait'>\n\t\t\t\t<a href='https:\/\/www.alqueria.es\/blogs\/alqueriaartistica\/2015\/10\/16\/recorridos-personales\/img_0541-2\/'><img decoding=\"async\" width=\"150\" height=\"150\" src=\"https:\/\/www.alqueria.es\/blogs\/alqueriaartistica\/wp-content\/uploads\/sites\/12\/2015\/10\/IMG_0541-150x150.jpg\" class=\"attachment-thumbnail size-thumbnail\" alt=\"\" data-attachment-id=\"9328\" data-permalink=\"https:\/\/www.alqueria.es\/blogs\/alqueriaartistica\/2015\/10\/16\/recorridos-personales\/img_0541-2\/\" data-orig-file=\"https:\/\/www.alqueria.es\/blogs\/alqueriaartistica\/wp-content\/uploads\/sites\/12\/2015\/10\/IMG_0541.jpg\" data-orig-size=\"768,1024\" data-comments-opened=\"1\" data-image-meta=\"{&quot;aperture&quot;:&quot;0&quot;,&quot;credit&quot;:&quot;&quot;,&quot;camera&quot;:&quot;&quot;,&quot;caption&quot;:&quot;&quot;,&quot;created_timestamp&quot;:&quot;0&quot;,&quot;copyright&quot;:&quot;&quot;,&quot;focal_length&quot;:&quot;0&quot;,&quot;iso&quot;:&quot;0&quot;,&quot;shutter_speed&quot;:&quot;0&quot;,&quot;title&quot;:&quot;&quot;,&quot;orientation&quot;:&quot;0&quot;}\" data-image-title=\"IMG_0541\" data-image-description=\"\" data-image-caption=\"\" data-large-file=\"https:\/\/www.alqueria.es\/blogs\/alqueriaartistica\/wp-content\/uploads\/sites\/12\/2015\/10\/IMG_0541-768x1024.jpg\" \/><\/a>\n\t\t\t<\/div><\/figure>\n\t\t<\/div>\n\n<p style=\"text-align: justify\">Pedimos a los alumnos de tercero que representen en un plano el recorrido diario que hacen de su casa hasta el colegio. Esos recorridos cotidianos suelen estar asociados a miradas cargadas de rutina. Queremos que los alumnos desarrollen el trazado del mapa mental e incluso sentimental de su trayecto hasta el colegio. No es una reproducci\u00f3n exacta, mas bien imaginaria, evocadora de aquellos lugares que a ellos les llaman la atenci\u00f3n durante el recorrido.<\/p>\n<div data-carousel-extra='{&quot;blog_id&quot;:12,&quot;permalink&quot;:&quot;https:\/\/www.alqueria.es\/blogs\/alqueriaartistica\/2015\/10\/16\/recorridos-personales\/&quot;}' id='gallery-2' class='gallery galleryid-9302 gallery-columns-3 gallery-size-thumbnail'><figure class='gallery-item'>\n\t\t\t<div class='gallery-icon landscape'>\n\t\t\t\t<a href='https:\/\/www.alqueria.es\/blogs\/alqueriaartistica\/2015\/10\/16\/recorridos-personales\/img_0149-3\/'><img decoding=\"async\" width=\"150\" height=\"150\" src=\"https:\/\/www.alqueria.es\/blogs\/alqueriaartistica\/wp-content\/uploads\/sites\/12\/2015\/10\/IMG_0149-150x150.jpg\" class=\"attachment-thumbnail size-thumbnail\" alt=\"\" data-attachment-id=\"9329\" data-permalink=\"https:\/\/www.alqueria.es\/blogs\/alqueriaartistica\/2015\/10\/16\/recorridos-personales\/img_0149-3\/\" data-orig-file=\"https:\/\/www.alqueria.es\/blogs\/alqueriaartistica\/wp-content\/uploads\/sites\/12\/2015\/10\/IMG_0149.jpg\" data-orig-size=\"1024,768\" data-comments-opened=\"1\" data-image-meta=\"{&quot;aperture&quot;:&quot;0&quot;,&quot;credit&quot;:&quot;&quot;,&quot;camera&quot;:&quot;&quot;,&quot;caption&quot;:&quot;&quot;,&quot;created_timestamp&quot;:&quot;0&quot;,&quot;copyright&quot;:&quot;&quot;,&quot;focal_length&quot;:&quot;0&quot;,&quot;iso&quot;:&quot;0&quot;,&quot;shutter_speed&quot;:&quot;0&quot;,&quot;title&quot;:&quot;&quot;,&quot;orientation&quot;:&quot;0&quot;}\" data-image-title=\"IMG_0149\" data-image-description=\"\" data-image-caption=\"\" data-large-file=\"https:\/\/www.alqueria.es\/blogs\/alqueriaartistica\/wp-content\/uploads\/sites\/12\/2015\/10\/IMG_0149-1024x768.jpg\" \/><\/a>\n\t\t\t<\/div><\/figure><figure class='gallery-item'>\n\t\t\t<div class='gallery-icon portrait'>\n\t\t\t\t<a href='https:\/\/www.alqueria.es\/blogs\/alqueriaartistica\/2015\/10\/16\/recorridos-personales\/img_0156\/'><img decoding=\"async\" width=\"150\" height=\"150\" src=\"https:\/\/www.alqueria.es\/blogs\/alqueriaartistica\/wp-content\/uploads\/sites\/12\/2015\/10\/IMG_0156-150x150.jpg\" class=\"attachment-thumbnail size-thumbnail\" alt=\"\" data-attachment-id=\"9331\" data-permalink=\"https:\/\/www.alqueria.es\/blogs\/alqueriaartistica\/2015\/10\/16\/recorridos-personales\/img_0156\/\" data-orig-file=\"https:\/\/www.alqueria.es\/blogs\/alqueriaartistica\/wp-content\/uploads\/sites\/12\/2015\/10\/IMG_0156.jpg\" data-orig-size=\"768,1024\" data-comments-opened=\"1\" data-image-meta=\"{&quot;aperture&quot;:&quot;0&quot;,&quot;credit&quot;:&quot;&quot;,&quot;camera&quot;:&quot;&quot;,&quot;caption&quot;:&quot;&quot;,&quot;created_timestamp&quot;:&quot;0&quot;,&quot;copyright&quot;:&quot;&quot;,&quot;focal_length&quot;:&quot;0&quot;,&quot;iso&quot;:&quot;0&quot;,&quot;shutter_speed&quot;:&quot;0&quot;,&quot;title&quot;:&quot;&quot;,&quot;orientation&quot;:&quot;0&quot;}\" data-image-title=\"IMG_0156\" data-image-description=\"\" data-image-caption=\"\" data-large-file=\"https:\/\/www.alqueria.es\/blogs\/alqueriaartistica\/wp-content\/uploads\/sites\/12\/2015\/10\/IMG_0156-768x1024.jpg\" \/><\/a>\n\t\t\t<\/div><\/figure><figure class='gallery-item'>\n\t\t\t<div class='gallery-icon landscape'>\n\t\t\t\t<a href='https:\/\/www.alqueria.es\/blogs\/alqueriaartistica\/2015\/10\/16\/recorridos-personales\/img_0497-4\/'><img decoding=\"async\" width=\"150\" height=\"150\" src=\"https:\/\/www.alqueria.es\/blogs\/alqueriaartistica\/wp-content\/uploads\/sites\/12\/2015\/10\/IMG_04972-150x150.jpg\" class=\"attachment-thumbnail size-thumbnail\" alt=\"\" data-attachment-id=\"9333\" data-permalink=\"https:\/\/www.alqueria.es\/blogs\/alqueriaartistica\/2015\/10\/16\/recorridos-personales\/img_0497-4\/\" data-orig-file=\"https:\/\/www.alqueria.es\/blogs\/alqueriaartistica\/wp-content\/uploads\/sites\/12\/2015\/10\/IMG_04972.jpg\" data-orig-size=\"1024,768\" data-comments-opened=\"1\" data-image-meta=\"{&quot;aperture&quot;:&quot;0&quot;,&quot;credit&quot;:&quot;&quot;,&quot;camera&quot;:&quot;&quot;,&quot;caption&quot;:&quot;&quot;,&quot;created_timestamp&quot;:&quot;0&quot;,&quot;copyright&quot;:&quot;&quot;,&quot;focal_length&quot;:&quot;0&quot;,&quot;iso&quot;:&quot;0&quot;,&quot;shutter_speed&quot;:&quot;0&quot;,&quot;title&quot;:&quot;&quot;,&quot;orientation&quot;:&quot;0&quot;}\" data-image-title=\"IMG_0497\" data-image-description=\"\" data-image-caption=\"\" data-large-file=\"https:\/\/www.alqueria.es\/blogs\/alqueriaartistica\/wp-content\/uploads\/sites\/12\/2015\/10\/IMG_04972-1024x768.jpg\" \/><\/a>\n\t\t\t<\/div><\/figure>\n\t\t<\/div>\n\n<p style=\"text-align: justify\">Caminos, carreteras, cultivos, edificios\u2026 todos ellos emergen inundando el espacio dibujado: \u00abtienda de canicas, Universidad de Granada, panader\u00eda, tienda de deportes, autov\u00eda, el Corte Ingl\u00e9s, t\u00fanel, r\u00edo, Mercadona, cuesta, camino de vuelta, la vega, rotonda de la muerte, Bellas Artes, Serrallo Plaza, Al Sur, campo, restaurante, Parque de la Ciencias, sierra, piscina, los Carmenes, huerto, f\u00e1brica de az\u00facar, Puleva, We, Lidl, camino de Sevilla, biblioteca, la ciudad, aparcamientos, acequia, parque, huerto, cortijo\u00bb.<\/p>\n<div data-carousel-extra='{&quot;blog_id&quot;:12,&quot;permalink&quot;:&quot;https:\/\/www.alqueria.es\/blogs\/alqueriaartistica\/2015\/10\/16\/recorridos-personales\/&quot;}' id='gallery-3' class='gallery galleryid-9302 gallery-columns-3 gallery-size-thumbnail'><figure class='gallery-item'>\n\t\t\t<div class='gallery-icon landscape'>\n\t\t\t\t<a href='https:\/\/www.alqueria.es\/blogs\/alqueriaartistica\/2015\/10\/16\/recorridos-personales\/img_0137\/'><img decoding=\"async\" width=\"150\" height=\"150\" src=\"https:\/\/www.alqueria.es\/blogs\/alqueriaartistica\/wp-content\/uploads\/sites\/12\/2015\/10\/IMG_0137-150x150.jpg\" class=\"attachment-thumbnail size-thumbnail\" alt=\"\" data-attachment-id=\"9340\" data-permalink=\"https:\/\/www.alqueria.es\/blogs\/alqueriaartistica\/2015\/10\/16\/recorridos-personales\/img_0137\/\" data-orig-file=\"https:\/\/www.alqueria.es\/blogs\/alqueriaartistica\/wp-content\/uploads\/sites\/12\/2015\/10\/IMG_0137.jpg\" data-orig-size=\"1024,768\" data-comments-opened=\"1\" data-image-meta=\"{&quot;aperture&quot;:&quot;0&quot;,&quot;credit&quot;:&quot;&quot;,&quot;camera&quot;:&quot;&quot;,&quot;caption&quot;:&quot;&quot;,&quot;created_timestamp&quot;:&quot;0&quot;,&quot;copyright&quot;:&quot;&quot;,&quot;focal_length&quot;:&quot;0&quot;,&quot;iso&quot;:&quot;0&quot;,&quot;shutter_speed&quot;:&quot;0&quot;,&quot;title&quot;:&quot;&quot;,&quot;orientation&quot;:&quot;0&quot;}\" data-image-title=\"IMG_0137\" data-image-description=\"\" data-image-caption=\"\" data-large-file=\"https:\/\/www.alqueria.es\/blogs\/alqueriaartistica\/wp-content\/uploads\/sites\/12\/2015\/10\/IMG_0137-1024x768.jpg\" \/><\/a>\n\t\t\t<\/div><\/figure><figure class='gallery-item'>\n\t\t\t<div class='gallery-icon portrait'>\n\t\t\t\t<a href='https:\/\/www.alqueria.es\/blogs\/alqueriaartistica\/2015\/10\/16\/recorridos-personales\/img_0498\/'><img decoding=\"async\" width=\"150\" height=\"150\" src=\"https:\/\/www.alqueria.es\/blogs\/alqueriaartistica\/wp-content\/uploads\/sites\/12\/2015\/10\/IMG_0498-150x150.jpg\" class=\"attachment-thumbnail size-thumbnail\" alt=\"\" data-attachment-id=\"9341\" data-permalink=\"https:\/\/www.alqueria.es\/blogs\/alqueriaartistica\/2015\/10\/16\/recorridos-personales\/img_0498\/\" data-orig-file=\"https:\/\/www.alqueria.es\/blogs\/alqueriaartistica\/wp-content\/uploads\/sites\/12\/2015\/10\/IMG_0498.jpg\" data-orig-size=\"768,1024\" data-comments-opened=\"1\" data-image-meta=\"{&quot;aperture&quot;:&quot;0&quot;,&quot;credit&quot;:&quot;&quot;,&quot;camera&quot;:&quot;&quot;,&quot;caption&quot;:&quot;&quot;,&quot;created_timestamp&quot;:&quot;0&quot;,&quot;copyright&quot;:&quot;&quot;,&quot;focal_length&quot;:&quot;0&quot;,&quot;iso&quot;:&quot;0&quot;,&quot;shutter_speed&quot;:&quot;0&quot;,&quot;title&quot;:&quot;&quot;,&quot;orientation&quot;:&quot;0&quot;}\" data-image-title=\"IMG_0498\" data-image-description=\"\" data-image-caption=\"\" data-large-file=\"https:\/\/www.alqueria.es\/blogs\/alqueriaartistica\/wp-content\/uploads\/sites\/12\/2015\/10\/IMG_0498-768x1024.jpg\" \/><\/a>\n\t\t\t<\/div><\/figure>\n\t\t<\/div>\n\n<p style=\"text-align: justify\">La percepci\u00f3n espacial conlleva la toma de conciencia y el conocimiento del medio en el que se desarrollan. Esa toma de conciencia de su situaci\u00f3n en el espacio, su entorno y los objetos o elementos que en \u00e9l se encuentran, supone un desarrollo de la memoria y de la abstracci\u00f3n. La orientaci\u00f3n espacial capacita para el reconocimiento topogr\u00e1fico. La memorizaci\u00f3n de rutas y trayectos, la interpretaci\u00f3n de los signos y elementos del entorno desarrollan su inteligencia espacial.<\/p>\n<p style=\"text-align: justify\">Ana Mart\u00edn<\/p>\n","protected":false},"excerpt":{"rendered":"<p>Pedimos a los alumnos de tercero que representen en un plano el recorrido diario que hacen de su casa hasta el colegio. Esos recorridos cotidianos suelen estar asociados a miradas cargadas de rutina. Queremos que los alumnos desarrollen el trazado del mapa mental e incluso sentimental de su trayecto hasta el colegio. No es una &hellip; <a href=\"https:\/\/www.alqueria.es\/blogs\/alqueriaartistica\/2015\/10\/16\/recorridos-personales\/\" class=\"more-link\">Seguir leyendo <span class=\"screen-reader-text\">RECORRIDOS PERSONALES<\/span> <span class=\"meta-nav\">&rarr;<\/span><\/a><\/p>\n","protected":false},"author":34,"featured_media":0,"comment_status":"open","ping_status":"open","sticky":false,"template":"","format":"standard","meta":{"jetpack_post_was_ever_published":false,"_jetpack_newsletter_access":"","_jetpack_dont_email_post_to_subs":false,"_jetpack_newsletter_tier_id":0,"_jetpack_memberships_contains_paywalled_content":false,"_jetpack_memberships_contains_paid_content":false,"footnotes":"","jetpack_publicize_message":"","jetpack_publicize_feature_enabled":true,"jetpack_social_post_already_shared":true,"jetpack_social_options":{"image_generator_settings":{"template":"highway","default_image_id":0,"font":"","enabled":false},"version":2}},"categories":[11],"tags":[31,91,176],"class_list":["post-9302","post","type-post","status-publish","format-standard","hentry","category-3o-epo","tag-dibujo","tag-educacion-artistica-y-visual","tag-planos-y-recorridos"],"jetpack_publicize_connections":[],"jetpack_featured_media_url":"","jetpack_sharing_enabled":true,"jetpack_shortlink":"https:\/\/wp.me\/p4mcJu-2q2","_links":{"self":[{"href":"https:\/\/www.alqueria.es\/blogs\/alqueriaartistica\/wp-json\/wp\/v2\/posts\/9302","targetHints":{"allow":["GET"]}}],"collection":[{"href":"https:\/\/www.alqueria.es\/blogs\/alqueriaartistica\/wp-json\/wp\/v2\/posts"}],"about":[{"href":"https:\/\/www.alqueria.es\/blogs\/alqueriaartistica\/wp-json\/wp\/v2\/types\/post"}],"author":[{"embeddable":true,"href":"https:\/\/www.alqueria.es\/blogs\/alqueriaartistica\/wp-json\/wp\/v2\/users\/34"}],"replies":[{"embeddable":true,"href":"https:\/\/www.alqueria.es\/blogs\/alqueriaartistica\/wp-json\/wp\/v2\/comments?post=9302"}],"version-history":[{"count":0,"href":"https:\/\/www.alqueria.es\/blogs\/alqueriaartistica\/wp-json\/wp\/v2\/posts\/9302\/revisions"}],"wp:attachment":[{"href":"https:\/\/www.alqueria.es\/blogs\/alqueriaartistica\/wp-json\/wp\/v2\/media?parent=9302"}],"wp:term":[{"taxonomy":"category","embeddable":true,"href":"https:\/\/www.alqueria.es\/blogs\/alqueriaartistica\/wp-json\/wp\/v2\/categories?post=9302"},{"taxonomy":"post_tag","embeddable":true,"href":"https:\/\/www.alqueria.es\/blogs\/alqueriaartistica\/wp-json\/wp\/v2\/tags?post=9302"}],"curies":[{"name":"wp","href":"https:\/\/api.w.org\/{rel}","templated":true}]}}