{"id":2369,"date":"2017-09-26T22:38:13","date_gmt":"2017-09-26T20:38:13","guid":{"rendered":"https:\/\/www.alqueria.es\/blogs\/alqueriaenglish\/?p=2369"},"modified":"2017-09-26T22:38:13","modified_gmt":"2017-09-26T20:38:13","slug":"speaking-in-tongues","status":"publish","type":"post","link":"https:\/\/www.alqueria.es\/blogs\/alqueriaenglish\/2017\/09\/26\/speaking-in-tongues\/","title":{"rendered":"Speaking in Tongues!"},"content":{"rendered":"<p>This special day arrives every year with autumn! We celebrated The European Day of Languages today in Alquer\u00eda.<\/p>\n<p><span class=\"embed-youtube\" style=\"text-align:center; display: block;\"><div class=\"a25-CTUOC-hidding-box\" data-original-content=\"&lt;iframe loading=&quot;lazy&quot; class=&quot;youtube-player&quot; width=&quot;474&quot; height=&quot;267&quot; src=&quot;https:\/\/www.youtube.com\/embed\/Fy7JjJMnKEg?version=3&amp;#038;rel=1&amp;#038;showsearch=0&amp;#038;showinfo=1&amp;#038;iv_load_policy=1&amp;#038;fs=1&amp;#038;hl=es-ES&amp;#038;autohide=2&amp;#038;wmode=transparent&quot; allowfullscreen=&quot;true&quot; style=&quot;border:0;&quot; sandbox=&quot;allow-scripts allow-same-origin allow-popups allow-presentation allow-popups-to-escape-sandbox&quot;&gt;&lt;\/iframe&gt;\">Esta p\u00e1gina incluye contenido multimedia que requiere aceptar todas las cookies. Pulse aqu\u00ed para abrir la configuraci\u00f3n de cookies.<\/div><\/span><\/p>\n<p>We are so lucky to count on the participation of\u00a0 special people who volunteer their time, in some cases, year after year.\u00a0 Our deepest thanks to this year&#8217;s participants: Wouter, Mikel, James, Shane,\u00a0\u017diva, Cynthia, and our own Teacher Manolo!\u00a0 We thoroughly enjoyed your workshops and appreciate you sharing your time and knowledge with us!<\/p>\n<p style=\"text-align: center\"><img decoding=\"async\" data-attachment-id=\"2380\" data-permalink=\"https:\/\/www.alqueria.es\/blogs\/alqueriaenglish\/2017\/09\/26\/speaking-in-tongues\/our-teachers\/\" data-orig-file=\"https:\/\/cloud.alqueria.es\/wp-content\/uploads\/sites\/11\/2017\/09\/our-teachers.jpg\" data-orig-size=\"1024,818\" data-comments-opened=\"1\" data-image-meta=\"{&quot;aperture&quot;:&quot;0&quot;,&quot;credit&quot;:&quot;&quot;,&quot;camera&quot;:&quot;&quot;,&quot;caption&quot;:&quot;&quot;,&quot;created_timestamp&quot;:&quot;0&quot;,&quot;copyright&quot;:&quot;&quot;,&quot;focal_length&quot;:&quot;0&quot;,&quot;iso&quot;:&quot;0&quot;,&quot;shutter_speed&quot;:&quot;0&quot;,&quot;title&quot;:&quot;&quot;,&quot;orientation&quot;:&quot;0&quot;}\" data-image-title=\"our-teachers\" data-image-description=\"\" data-image-caption=\"\" data-large-file=\"https:\/\/cloud.alqueria.es\/wp-content\/uploads\/sites\/11\/2017\/09\/our-teachers-1024x818.jpg\" class=\"alignnone size-medium wp-image-2380\" src=\"https:\/\/cloud.alqueria.es\/wp-content\/uploads\/sites\/11\/2017\/09\/our-teachers.jpg\" alt=\"\" width=\"300\" height=\"240\" srcset=\"https:\/\/cloud.alqueria.es\/wp-content\/uploads\/sites\/11\/2017\/09\/our-teachers.jpg 1024w, https:\/\/cloud.alqueria.es\/wp-content\/uploads\/sites\/11\/2017\/09\/our-teachers.jpg 300w, https:\/\/cloud.alqueria.es\/wp-content\/uploads\/sites\/11\/2017\/09\/our-teachers.jpg 768w\" sizes=\"(max-width: 300px) 100vw, 300px\" \/><\/p>\n<p>&nbsp;<\/p>\n<p>Our language workshops today were an experience in<em><strong> language immersion<\/strong><\/em>, albeit for a short period of time.\u00a0 Our volunteers spoke about famous people in a foreign language, and explained their biographies a bit in Spanish, too.<\/p>\n<p>Today we\u00a0 learned about:<\/p>\n<h3 style=\"text-align: center\"><span style=\"color: #ff9900\">Vincent Van Gogh in Dutch,<\/span> <span style=\"color: #ff00ff\">J.K. Rowling in English<\/span>,\u00a0 <span style=\"color: #0000ff\">G\u00e9rard D\u00e9pardieu in French, <span style=\"color: #008000\">Jua<\/span><\/span><span style=\"color: #008000\">n Sebastian Elcano in Basque (Euskera),<\/span> <span style=\"color: #ff6600\"><span style=\"color: #ff0000\">Eros Ramazzotti and Laura Pausisni in Italian<\/span>,<\/span> <span style=\"color: #00ccff\">Tina Maze, Melania Trump and\u00a0<b>Luka Don\u010di\u0107<\/b>\u00a0in Slovenian<\/span>, and <span style=\"color: #ff6600\">Oscar Wilde and U2 in English.<\/span><\/h3>\n<p>We look forward to our celebration again next year, and we welcome any suggestions for our celebration, and family collaboration as well.<\/p>\n<p><strong>Again, our deepest thanks to all our participants for making our celebration today a success!<\/strong><\/p>\n<p class=\"jetpack-slideshow-noscript robots-nocontent\">El pase de diapositivas requiere JavaScript.<\/p><div id=\"gallery-2369-1-slideshow\" class=\"jetpack-slideshow-window jetpack-slideshow jetpack-slideshow-black\" data-trans=\"fade\" data-autostart=\"1\" data-gallery=\"[{&quot;src&quot;:&quot;https:\\\/\\\/cloud.alqueria.es\\\/wp-content\\\/uploads\\\/sites\\\/11\\\/2017\\\/09\\\/mikel.jpg&quot;,&quot;id&quot;:&quot;2375&quot;,&quot;title&quot;:&quot;mikel&quot;,&quot;alt&quot;:&quot;&quot;,&quot;caption&quot;:&quot;&quot;,&quot;itemprop&quot;:&quot;image&quot;},{&quot;src&quot;:&quot;https:\\\/\\\/cloud.alqueria.es\\\/wp-content\\\/uploads\\\/sites\\\/11\\\/2017\\\/09\\\/teacher-french.png&quot;,&quot;id&quot;:&quot;2381&quot;,&quot;title&quot;:&quot;teacher-french&quot;,&quot;alt&quot;:&quot;&quot;,&quot;caption&quot;:&quot;&quot;,&quot;itemprop&quot;:&quot;image&quot;},{&quot;src&quot;:&quot;https:\\\/\\\/cloud.alqueria.es\\\/wp-content\\\/uploads\\\/sites\\\/11\\\/2017\\\/09\\\/wouter.jpg&quot;,&quot;id&quot;:&quot;2379&quot;,&quot;title&quot;:&quot;wouter&quot;,&quot;alt&quot;:&quot;&quot;,&quot;caption&quot;:&quot;&quot;,&quot;itemprop&quot;:&quot;image&quot;},{&quot;src&quot;:&quot;https:\\\/\\\/cloud.alqueria.es\\\/wp-content\\\/uploads\\\/sites\\\/11\\\/2017\\\/09\\\/wouter-2.jpg&quot;,&quot;id&quot;:&quot;2378&quot;,&quot;title&quot;:&quot;wouter-2&quot;,&quot;alt&quot;:&quot;&quot;,&quot;caption&quot;:&quot;&quot;,&quot;itemprop&quot;:&quot;image&quot;},{&quot;src&quot;:&quot;https:\\\/\\\/cloud.alqueria.es\\\/wp-content\\\/uploads\\\/sites\\\/11\\\/2017\\\/09\\\/shane.jpg&quot;,&quot;id&quot;:&quot;2377&quot;,&quot;title&quot;:&quot;shane&quot;,&quot;alt&quot;:&quot;&quot;,&quot;caption&quot;:&quot;&quot;,&quot;itemprop&quot;:&quot;image&quot;},{&quot;src&quot;:&quot;https:\\\/\\\/cloud.alqueria.es\\\/wp-content\\\/uploads\\\/sites\\\/11\\\/2017\\\/09\\\/musical-chairs.jpg&quot;,&quot;id&quot;:&quot;2376&quot;,&quot;title&quot;:&quot;musical-chairs&quot;,&quot;alt&quot;:&quot;&quot;,&quot;caption&quot;:&quot;&quot;,&quot;itemprop&quot;:&quot;image&quot;},{&quot;src&quot;:&quot;https:\\\/\\\/cloud.alqueria.es\\\/wp-content\\\/uploads\\\/sites\\\/11\\\/2017\\\/09\\\/map-italy.jpg&quot;,&quot;id&quot;:&quot;2374&quot;,&quot;title&quot;:&quot;map-italy&quot;,&quot;alt&quot;:&quot;&quot;,&quot;caption&quot;:&quot;&quot;,&quot;itemprop&quot;:&quot;image&quot;},{&quot;src&quot;:&quot;https:\\\/\\\/cloud.alqueria.es\\\/wp-content\\\/uploads\\\/sites\\\/11\\\/2017\\\/09\\\/IMG-6790.jpg&quot;,&quot;id&quot;:&quot;2372&quot;,&quot;title&quot;:&quot;IMG-6790&quot;,&quot;alt&quot;:&quot;&quot;,&quot;caption&quot;:&quot;&quot;,&quot;itemprop&quot;:&quot;image&quot;},{&quot;src&quot;:&quot;https:\\\/\\\/cloud.alqueria.es\\\/wp-content\\\/uploads\\\/sites\\\/11\\\/2017\\\/09\\\/james.jpg&quot;,&quot;id&quot;:&quot;2373&quot;,&quot;title&quot;:&quot;james&quot;,&quot;alt&quot;:&quot;&quot;,&quot;caption&quot;:&quot;&quot;,&quot;itemprop&quot;:&quot;image&quot;},{&quot;src&quot;:&quot;https:\\\/\\\/cloud.alqueria.es\\\/wp-content\\\/uploads\\\/sites\\\/11\\\/2017\\\/09\\\/jiva-jump.jpg&quot;,&quot;id&quot;:&quot;2371&quot;,&quot;title&quot;:&quot;jiva-jump&quot;,&quot;alt&quot;:&quot;&quot;,&quot;caption&quot;:&quot;&quot;,&quot;itemprop&quot;:&quot;image&quot;}]\" itemscope itemtype=\"https:\/\/schema.org\/ImageGallery\"><\/div>\n<p><em>Este d\u00eda especial llega cada a\u00f1o con el oto\u00f1o.\u00a0 Hemos celebrado el d\u00eda de las Lenguas Europeas en Alquer\u00eda hoy. Hemos disfrutado mucho de vuestros talleres y apreciamos el tiempo que le hab\u00e9is dedicado y vuestro conocimiento que hab\u00e9is compartido con nosotros.\u00a0<\/em><\/p>\n<p><em>Estamos muy contentos de contar con la participaci\u00f3n de personas muy especiales quienes de manera voluntaria nos regala su tiempo, y en algunos casos, a\u00f1o tras a\u00f1o.\u00a0 Sinceramente muchas gracias a los participantes de este a\u00f1o:\u00a0 Wouter, Mikel, James, Shane,\u00a0\u017diva, Cynthia, y\u00a0 nuestro propio Teacher Manolo!<\/em><\/p>\n<p><em>Nuestro taller de Lenguas Europeas consist\u00eda en tres sesiones en varios idiomas tratando de personas famosas en un idioma extranjero y se explicaba la biograf\u00eda un poquito en Espa\u00f1ol tambi\u00e9n.\u00a0 El resultado ha sido una experiencia de inmersi\u00f3n completa en otro idioma aunque durante un corto tiempo.<\/em><\/p>\n<p><em>Hemos aprendido de los siguientes personas famosas en distintos pa\u00edses.<\/em><\/p>\n<p><em>Vincent Van Gogh en holand\u00e9s, J,K. Rowling en ingl\u00e9s,\u00a0 G\u00e9rard D\u00e9pardieu en franc\u00e9s, Juan Sebastian Elcano en euskera, Eros Ramazzotti and Laura Pausisni en italiano, Tina Maze, Melania Trump and\u00a0Luka Don\u010di\u0107\u00a0en esloveno, and Oscar Wilde and U2 en ingl\u00e9s.<\/em><\/p>\n<p><em>Estamos deseando celebrar este d\u00eda el curso que viene y agradecemos cualquier sugerencia , propuesta y\/o colaboracion familiar.\u00a0<\/em><\/p>\n<p><em>Muchas gracias de nuevo a todos nuestros participantes por hacer de este d\u00eda un d\u00eda especial.\u00a0<\/em><\/p>\n","protected":false},"excerpt":{"rendered":"<p>This special day arrives every year with autumn! We celebrated The European Day of Languages today in Alquer\u00eda. Esta p\u00e1gina incluye contenido multimedia que requiere aceptar todas las cookies. Pulse aqu\u00ed para abrir la configuraci\u00f3n de cookies. We are so lucky to count on the participation of\u00a0 special people who volunteer their time, in some &hellip; <a href=\"https:\/\/www.alqueria.es\/blogs\/alqueriaenglish\/2017\/09\/26\/speaking-in-tongues\/\" class=\"more-link\">Seguir leyendo <span class=\"screen-reader-text\">Speaking in Tongues!<\/span> <span class=\"meta-nav\">&rarr;<\/span><\/a><\/p>\n","protected":false},"author":26,"featured_media":0,"comment_status":"open","ping_status":"open","sticky":false,"template":"","format":"standard","meta":{"jetpack_post_was_ever_published":false,"_jetpack_newsletter_access":"","_jetpack_dont_email_post_to_subs":false,"_jetpack_newsletter_tier_id":0,"_jetpack_memberships_contains_paywalled_content":false,"_jetpack_memberships_contains_paid_content":false,"footnotes":"","jetpack_publicize_message":"","jetpack_publicize_feature_enabled":true,"jetpack_social_post_already_shared":true,"jetpack_social_options":{"image_generator_settings":{"template":"highway","default_image_id":0,"font":"","enabled":false},"version":2}},"categories":[189],"tags":[193,192,60,132,190,194,191],"class_list":["post-2369","post","type-post","status-publish","format-standard","hentry","category-european-day-of-languages","tag-basque","tag-dutch","tag-english","tag-european-day-of-languages","tag-french","tag-italian","tag-slovenian"],"jetpack_publicize_connections":[],"jetpack_featured_media_url":"","jetpack_sharing_enabled":true,"jetpack_shortlink":"https:\/\/wp.me\/p4mcWu-Cd","jetpack-related-posts":[],"_links":{"self":[{"href":"https:\/\/www.alqueria.es\/blogs\/alqueriaenglish\/wp-json\/wp\/v2\/posts\/2369","targetHints":{"allow":["GET"]}}],"collection":[{"href":"https:\/\/www.alqueria.es\/blogs\/alqueriaenglish\/wp-json\/wp\/v2\/posts"}],"about":[{"href":"https:\/\/www.alqueria.es\/blogs\/alqueriaenglish\/wp-json\/wp\/v2\/types\/post"}],"author":[{"embeddable":true,"href":"https:\/\/www.alqueria.es\/blogs\/alqueriaenglish\/wp-json\/wp\/v2\/users\/26"}],"replies":[{"embeddable":true,"href":"https:\/\/www.alqueria.es\/blogs\/alqueriaenglish\/wp-json\/wp\/v2\/comments?post=2369"}],"version-history":[{"count":0,"href":"https:\/\/www.alqueria.es\/blogs\/alqueriaenglish\/wp-json\/wp\/v2\/posts\/2369\/revisions"}],"wp:attachment":[{"href":"https:\/\/www.alqueria.es\/blogs\/alqueriaenglish\/wp-json\/wp\/v2\/media?parent=2369"}],"wp:term":[{"taxonomy":"category","embeddable":true,"href":"https:\/\/www.alqueria.es\/blogs\/alqueriaenglish\/wp-json\/wp\/v2\/categories?post=2369"},{"taxonomy":"post_tag","embeddable":true,"href":"https:\/\/www.alqueria.es\/blogs\/alqueriaenglish\/wp-json\/wp\/v2\/tags?post=2369"}],"curies":[{"name":"wp","href":"https:\/\/api.w.org\/{rel}","templated":true}]}}