{"id":441,"date":"2016-01-20T14:45:12","date_gmt":"2016-01-20T13:45:12","guid":{"rendered":"https:\/\/www.alqueria.es\/blogs\/alqueriamusica\/?p=441"},"modified":"2016-01-20T14:45:12","modified_gmt":"2016-01-20T13:45:12","slug":"fiesta-del-otono","status":"publish","type":"post","link":"https:\/\/www.alqueria.es\/blogs\/alqueriamusica\/2016\/01\/20\/fiesta-del-otono\/","title":{"rendered":"FIESTA DEL OTO\u00d1O"},"content":{"rendered":"<p>El pasado trimestre disfrutamos de un esplendido d\u00eda de oto\u00f1o adornado de m\u00fasica, poes\u00eda, danzas y unos riqu\u00edsimos bizcochos, dulces y casta\u00f1as que tan bien sientan en esta \u00e9poca, regados con ese sabroso chocolate que les sale tan rico a nuestras cocineras. <\/p>\n<p>El \u00c0rea de M\u00fasica particip\u00f3 en colaboraci\u00f3n con el grupo de sexto ofreciendo dos canciones tribales en agradecimiento a la Madre Naturaleza, una popular de Indonesia llamada <strong>Ghilli Ghio<\/strong><strong><\/strong>, que rinde tributo a las cosechas, y otra popular de Africa llamada <strong>Ye, Ye, Solmaye<\/strong> utilizada tradicionalmente para invocar a los seres y elementos de la naturaleza. Adem\u00e1s interpretamos un romance, para los m\u00e1s nost\u00e1lgicos, el del Conde Olinos, pero lo hicimos en dos versiones, la tradicional y en versi\u00f3n rap, dando una visi\u00f3n contemporanea a la conocida historia de estos dos amantes.<\/p>\n<p>Para los que no pudisteis verlo dejo aqu\u00ed un video que espero sea de vuestro agrado:<br \/>\n<div class=\"a25-CTUOC-hidding-box\" data-original-content=\"&lt;iframe loading=&quot;lazy&quot; title=&quot;FIESTA DEL OTON\u0303O 2015&quot; src=&quot;https:\/\/player.vimeo.com\/video\/152395834?dnt=1&amp;amp;app_id=122963&quot; width=&quot;474&quot; height=&quot;267&quot; frameborder=&quot;0&quot; allow=&quot;autoplay; fullscreen; picture-in-picture; clipboard-write&quot;&gt;&lt;\/iframe&gt;\">Esta p\u00e1gina incluye contenido multimedia que requiere aceptar todas las cookies. Pulse aqu\u00ed para abrir la configuraci\u00f3n de cookies.<\/div><br \/>\nElena.<\/p>\n","protected":false},"excerpt":{"rendered":"<p>El pasado trimestre disfrutamos de un esplendido d\u00eda de oto\u00f1o adornado de m\u00fasica, poes\u00eda, danzas y unos riqu\u00edsimos bizcochos, dulces y casta\u00f1as que tan bien sientan en esta \u00e9poca, regados con ese sabroso chocolate que les sale tan rico a nuestras cocineras. El \u00c0rea de M\u00fasica particip\u00f3 en colaboraci\u00f3n con el grupo de sexto ofreciendo &hellip; <a href=\"https:\/\/www.alqueria.es\/blogs\/alqueriamusica\/2016\/01\/20\/fiesta-del-otono\/\" class=\"more-link\">Seguir leyendo <span class=\"screen-reader-text\">FIESTA DEL OTO\u00d1O<\/span> <span class=\"meta-nav\">&rarr;<\/span><\/a><\/p>\n","protected":false},"author":32,"featured_media":0,"comment_status":"open","ping_status":"open","sticky":false,"template":"","format":"standard","meta":{"jetpack_post_was_ever_published":false,"_jetpack_newsletter_access":"","_jetpack_dont_email_post_to_subs":false,"_jetpack_newsletter_tier_id":0,"_jetpack_memberships_contains_paywalled_content":false,"_jetpack_memberships_contains_paid_content":false,"footnotes":"","jetpack_publicize_message":"","jetpack_publicize_feature_enabled":true,"jetpack_social_post_already_shared":true,"jetpack_social_options":{"image_generator_settings":{"template":"highway","default_image_id":0,"font":"","enabled":false},"version":2}},"categories":[2,3,4,5,6,7,8],"tags":[],"class_list":["post-441","post","type-post","status-publish","format-standard","hentry","category-1o-epo","category-2o-epo","category-3o-epo","category-4o-epo","category-5o-epo","category-6o-epo","category-infantil"],"jetpack_publicize_connections":[],"jetpack_featured_media_url":"","jetpack_sharing_enabled":true,"jetpack_shortlink":"https:\/\/wp.me\/p4l36P-77","_links":{"self":[{"href":"https:\/\/www.alqueria.es\/blogs\/alqueriamusica\/wp-json\/wp\/v2\/posts\/441","targetHints":{"allow":["GET"]}}],"collection":[{"href":"https:\/\/www.alqueria.es\/blogs\/alqueriamusica\/wp-json\/wp\/v2\/posts"}],"about":[{"href":"https:\/\/www.alqueria.es\/blogs\/alqueriamusica\/wp-json\/wp\/v2\/types\/post"}],"author":[{"embeddable":true,"href":"https:\/\/www.alqueria.es\/blogs\/alqueriamusica\/wp-json\/wp\/v2\/users\/32"}],"replies":[{"embeddable":true,"href":"https:\/\/www.alqueria.es\/blogs\/alqueriamusica\/wp-json\/wp\/v2\/comments?post=441"}],"version-history":[{"count":0,"href":"https:\/\/www.alqueria.es\/blogs\/alqueriamusica\/wp-json\/wp\/v2\/posts\/441\/revisions"}],"wp:attachment":[{"href":"https:\/\/www.alqueria.es\/blogs\/alqueriamusica\/wp-json\/wp\/v2\/media?parent=441"}],"wp:term":[{"taxonomy":"category","embeddable":true,"href":"https:\/\/www.alqueria.es\/blogs\/alqueriamusica\/wp-json\/wp\/v2\/categories?post=441"},{"taxonomy":"post_tag","embeddable":true,"href":"https:\/\/www.alqueria.es\/blogs\/alqueriamusica\/wp-json\/wp\/v2\/tags?post=441"}],"curies":[{"name":"wp","href":"https:\/\/api.w.org\/{rel}","templated":true}]}}