{"id":458,"date":"2016-06-30T03:03:23","date_gmt":"2016-06-30T01:03:23","guid":{"rendered":"https:\/\/www.alqueria.es\/blogs\/alqueriamusica\/?p=458"},"modified":"2016-06-30T03:24:20","modified_gmt":"2016-06-30T01:24:20","slug":"alqueria-band-en-concierto","status":"publish","type":"post","link":"https:\/\/www.alqueria.es\/blogs\/alqueriamusica\/2016\/06\/30\/alqueria-band-en-concierto\/","title":{"rendered":"ALQUER\u00edA BAND EN CONCIERTO!"},"content":{"rendered":"<p>Hola  tod@s, es para m\u00ed un placer y un orgullo presentaros a nuestra <strong>Alquer\u00eda Band<\/strong>, una agrupaci\u00f3n de rock que naci\u00f3 a raiz de un proyecto de investigaci\u00f3n en el aula relacionado con las ondas y la f\u00edsica del sonido, llamado <strong>\u00abM\u00fasica: La Ciencia hecha Arte\u00bb<\/strong> que m\u00e1s tarde se expuso en el <strong>Parque de las Ciencias<\/strong> el pasado 23 de Junio, donde tuvimos la oportunidad de tocar y experimentar con el sonido, y que en breve podreis ver en la pr\u00f3xima publicaci\u00f3n en la que dejar\u00e9 documento gr\u00e1fico para los que no pudisteis asistir al Parque ese d\u00eda. <\/p>\n<p>El d\u00eda 22 de Junio, justo antes de ir al Parque de las Ciencias, dimos un peque\u00f1o concierto en el colegio para estrenar la banda y que tod@s los alumnos y alumnas pudieran disfrutar de sus canciones y del estupendo trabajo que han hecho todos los componentes del grupo en las \u00faltimas semanas. Quiero agradecerles a mis artistas desde aqu\u00ed una vez m\u00e1s su esfuerzo y la ilusi\u00f3n que han puesto en este proyecto desde el principio!<\/p>\n<p>Aqu\u00ed os dejo una peque\u00f1a muestra, espero que la disfrut\u00e9is:<\/p>\n<p><div class=\"a25-CTUOC-hidding-box\" data-original-content=\"&lt;iframe loading=&quot;lazy&quot; title=&quot;ALQUER\u00edA BAND. CONCIERTO ROCK FIN DE CURSO 2016&quot; src=&quot;https:\/\/player.vimeo.com\/video\/172821665?dnt=1&amp;amp;app_id=122963&quot; width=&quot;474&quot; height=&quot;267&quot; frameborder=&quot;0&quot; allow=&quot;autoplay; fullscreen; picture-in-picture; clipboard-write&quot;&gt;&lt;\/iframe&gt;\">Esta p\u00e1gina incluye contenido multimedia que requiere aceptar todas las cookies. Pulse aqu\u00ed para abrir la configuraci\u00f3n de cookies.<\/div><\/p>\n<p>Un saludo<br \/>\nElena<\/p>\n","protected":false},"excerpt":{"rendered":"<p>Hola tod@s, es para m\u00ed un placer y un orgullo presentaros a nuestra Alquer\u00eda Band, una agrupaci\u00f3n de rock que naci\u00f3 a raiz de un proyecto de investigaci\u00f3n en el aula relacionado con las ondas y la f\u00edsica del sonido, llamado \u00abM\u00fasica: La Ciencia hecha Arte\u00bb que m\u00e1s tarde se expuso en el Parque de &hellip; <a href=\"https:\/\/www.alqueria.es\/blogs\/alqueriamusica\/2016\/06\/30\/alqueria-band-en-concierto\/\" class=\"more-link\">Seguir leyendo <span class=\"screen-reader-text\">ALQUER\u00edA BAND EN CONCIERTO!<\/span> <span class=\"meta-nav\">&rarr;<\/span><\/a><\/p>\n","protected":false},"author":32,"featured_media":0,"comment_status":"open","ping_status":"open","sticky":false,"template":"","format":"standard","meta":{"jetpack_post_was_ever_published":false,"_jetpack_newsletter_access":"","_jetpack_dont_email_post_to_subs":false,"_jetpack_newsletter_tier_id":0,"_jetpack_memberships_contains_paywalled_content":false,"_jetpack_memberships_contains_paid_content":false,"footnotes":"","jetpack_publicize_message":"","jetpack_publicize_feature_enabled":true,"jetpack_social_post_already_shared":true,"jetpack_social_options":{"image_generator_settings":{"template":"highway","default_image_id":0,"font":"","enabled":false},"version":2}},"categories":[2,3,4,5,6,7,8],"tags":[],"class_list":["post-458","post","type-post","status-publish","format-standard","hentry","category-1o-epo","category-2o-epo","category-3o-epo","category-4o-epo","category-5o-epo","category-6o-epo","category-infantil"],"jetpack_publicize_connections":[],"jetpack_featured_media_url":"","jetpack_sharing_enabled":true,"jetpack_shortlink":"https:\/\/wp.me\/p4l36P-7o","_links":{"self":[{"href":"https:\/\/www.alqueria.es\/blogs\/alqueriamusica\/wp-json\/wp\/v2\/posts\/458","targetHints":{"allow":["GET"]}}],"collection":[{"href":"https:\/\/www.alqueria.es\/blogs\/alqueriamusica\/wp-json\/wp\/v2\/posts"}],"about":[{"href":"https:\/\/www.alqueria.es\/blogs\/alqueriamusica\/wp-json\/wp\/v2\/types\/post"}],"author":[{"embeddable":true,"href":"https:\/\/www.alqueria.es\/blogs\/alqueriamusica\/wp-json\/wp\/v2\/users\/32"}],"replies":[{"embeddable":true,"href":"https:\/\/www.alqueria.es\/blogs\/alqueriamusica\/wp-json\/wp\/v2\/comments?post=458"}],"version-history":[{"count":0,"href":"https:\/\/www.alqueria.es\/blogs\/alqueriamusica\/wp-json\/wp\/v2\/posts\/458\/revisions"}],"wp:attachment":[{"href":"https:\/\/www.alqueria.es\/blogs\/alqueriamusica\/wp-json\/wp\/v2\/media?parent=458"}],"wp:term":[{"taxonomy":"category","embeddable":true,"href":"https:\/\/www.alqueria.es\/blogs\/alqueriamusica\/wp-json\/wp\/v2\/categories?post=458"},{"taxonomy":"post_tag","embeddable":true,"href":"https:\/\/www.alqueria.es\/blogs\/alqueriamusica\/wp-json\/wp\/v2\/tags?post=458"}],"curies":[{"name":"wp","href":"https:\/\/api.w.org\/{rel}","templated":true}]}}