{"id":540,"date":"2019-02-27T09:27:25","date_gmt":"2019-02-27T08:27:25","guid":{"rendered":"https:\/\/www.alqueria.es\/blogs\/alqueriamusica\/?p=540"},"modified":"2019-02-27T09:27:25","modified_gmt":"2019-02-27T08:27:25","slug":"tormenta-en-alqueria-parte-ii","status":"publish","type":"post","link":"https:\/\/www.alqueria.es\/blogs\/alqueriamusica\/2019\/02\/27\/tormenta-en-alqueria-parte-ii\/","title":{"rendered":"TORMENTA EN ALQUER\u00ccA. PARTE II"},"content":{"rendered":"<p>El lunes os adelantamos informaci\u00f3n en un audio sobre la tormenta que nos imposibilit\u00f3 el pasado jueves la realizaci\u00f3n de la clausura de la Semana Cultural. Pues tal y como nos comprometimos, recopilando informaci\u00f3n entre todos los que presenciamos la repentina tormenta, ha aparecido un video in\u00e9dito del sorprendente fen\u00f3meno meteorol\u00f3gico que queremos compartir con vosotros. Despu\u00e9s de analizarlo minuciosamente hemos llegado a la conclusi\u00f3n, como dir\u00eda el famoso acertijo, de que \u00aboro parece, plata no es\u00bb. No se nos ocurre mejor forma de describirlo, Y es que las cosas no son siempre lo que parecen y nuestra percepci\u00f3n a trav\u00e9s de los sentidos es facil de enga\u00f1ar. Y si no, vean el video y juzguen por ustedes mismos! <\/p>\n<p><div class=\"a25-CTUOC-hidding-box\" data-original-content=\"&lt;iframe loading=&quot;lazy&quot; title=&quot;TORMENTA V.&quot; src=&quot;https:\/\/player.vimeo.com\/video\/319315658?dnt=1&amp;amp;app_id=122963&quot; width=&quot;474&quot; height=&quot;267&quot; frameborder=&quot;0&quot; allow=&quot;autoplay; fullscreen; picture-in-picture; clipboard-write&quot;&gt;&lt;\/iframe&gt;\">Esta p\u00e1gina incluye contenido multimedia que requiere aceptar todas las cookies. Pulse aqu\u00ed para abrir la configuraci\u00f3n de cookies.<\/div><\/p>\n<p>Espero que os haya divertido la experiencia de este experimento\/broma. Y c\u00f3mo dec\u00eda la chirigota, para la pr\u00f3xima borrasca&#8230; \u00abOjal\u00e1 que lluevan ni\u00f1os en la Vega..\u00bb, jajaj&#8230; Muchas gracias por las visitas, vuestras opiniones y comentarios ser\u00e1n de gran valor para nosotros!!!<\/p>\n<p>Un saludo<br \/>\nElena<\/p>\n","protected":false},"excerpt":{"rendered":"<p>El lunes os adelantamos informaci\u00f3n en un audio sobre la tormenta que nos imposibilit\u00f3 el pasado jueves la realizaci\u00f3n de la clausura de la Semana Cultural. Pues tal y como nos comprometimos, recopilando informaci\u00f3n entre todos los que presenciamos la repentina tormenta, ha aparecido un video in\u00e9dito del sorprendente fen\u00f3meno meteorol\u00f3gico que queremos compartir con &hellip; <a href=\"https:\/\/www.alqueria.es\/blogs\/alqueriamusica\/2019\/02\/27\/tormenta-en-alqueria-parte-ii\/\" class=\"more-link\">Seguir leyendo <span class=\"screen-reader-text\">TORMENTA EN ALQUER\u00ccA. PARTE II<\/span> <span class=\"meta-nav\">&rarr;<\/span><\/a><\/p>\n","protected":false},"author":32,"featured_media":0,"comment_status":"open","ping_status":"open","sticky":false,"template":"","format":"standard","meta":{"jetpack_post_was_ever_published":false,"_jetpack_newsletter_access":"","_jetpack_dont_email_post_to_subs":false,"_jetpack_newsletter_tier_id":0,"_jetpack_memberships_contains_paywalled_content":false,"_jetpack_memberships_contains_paid_content":false,"footnotes":"","jetpack_publicize_message":"","jetpack_publicize_feature_enabled":true,"jetpack_social_post_already_shared":true,"jetpack_social_options":{"image_generator_settings":{"template":"highway","default_image_id":0,"font":"","enabled":false},"version":2}},"categories":[2,3,4,5,6,7,8],"tags":[],"class_list":["post-540","post","type-post","status-publish","format-standard","hentry","category-1o-epo","category-2o-epo","category-3o-epo","category-4o-epo","category-5o-epo","category-6o-epo","category-infantil"],"jetpack_publicize_connections":[],"jetpack_featured_media_url":"","jetpack_sharing_enabled":true,"jetpack_shortlink":"https:\/\/wp.me\/p4l36P-8I","_links":{"self":[{"href":"https:\/\/www.alqueria.es\/blogs\/alqueriamusica\/wp-json\/wp\/v2\/posts\/540","targetHints":{"allow":["GET"]}}],"collection":[{"href":"https:\/\/www.alqueria.es\/blogs\/alqueriamusica\/wp-json\/wp\/v2\/posts"}],"about":[{"href":"https:\/\/www.alqueria.es\/blogs\/alqueriamusica\/wp-json\/wp\/v2\/types\/post"}],"author":[{"embeddable":true,"href":"https:\/\/www.alqueria.es\/blogs\/alqueriamusica\/wp-json\/wp\/v2\/users\/32"}],"replies":[{"embeddable":true,"href":"https:\/\/www.alqueria.es\/blogs\/alqueriamusica\/wp-json\/wp\/v2\/comments?post=540"}],"version-history":[{"count":0,"href":"https:\/\/www.alqueria.es\/blogs\/alqueriamusica\/wp-json\/wp\/v2\/posts\/540\/revisions"}],"wp:attachment":[{"href":"https:\/\/www.alqueria.es\/blogs\/alqueriamusica\/wp-json\/wp\/v2\/media?parent=540"}],"wp:term":[{"taxonomy":"category","embeddable":true,"href":"https:\/\/www.alqueria.es\/blogs\/alqueriamusica\/wp-json\/wp\/v2\/categories?post=540"},{"taxonomy":"post_tag","embeddable":true,"href":"https:\/\/www.alqueria.es\/blogs\/alqueriamusica\/wp-json\/wp\/v2\/tags?post=540"}],"curies":[{"name":"wp","href":"https:\/\/api.w.org\/{rel}","templated":true}]}}