{"id":13452,"date":"2017-05-08T16:22:45","date_gmt":"2017-05-08T14:22:45","guid":{"rendered":"https:\/\/www.alqueria.es\/blogs\/alqueriaprimerciclo\/?p=13452"},"modified":"2017-05-08T16:22:45","modified_gmt":"2017-05-08T14:22:45","slug":"viaje-a-nuestra-historia","status":"publish","type":"post","link":"https:\/\/www.alqueria.es\/blogs\/alqueriaprimerciclo\/2017\/05\/08\/viaje-a-nuestra-historia\/","title":{"rendered":"Viaje a nuestra historia"},"content":{"rendered":"<p>El mes de MAYO \u00a0est\u00e1 cargado de actividades especiales que requieren de preparaci\u00f3n y un proceso de esfuerzo para lograr realizarlas de manera gratificante.<\/p>\n<p>Continua nuestro viaje a trav\u00e9s del tiempo.<br \/>\nEstamos investigando las principales caracter\u00edsticas de los per\u00edodos en que se divide nuestra Historia, desde la Prehistoria a la Edad Contempor\u00e1nea.<\/p>\n<p>En esta \u00a0ocasi\u00f3n nos acercamos al origen de la vida humana en nuestro planeta.<\/p>\n<p>En peque\u00f1os equipos realizamos las investigaciones necesarias para conocer como viv\u00edan en la prehistoria.<\/p>\n<p>Se acerca nuestro viaje a Pi\u00f1ar, es adecuado informarse sobre la historia de este pueblo que nos recibe cada a\u00f1o con los brazos abiertos .<\/p>\n<p><img decoding=\"async\" src=\"https:\/\/s-media-cache-ak0.pinimg.com\/236x\/e2\/32\/1a\/e2321a3a0bfb8dd9d6259b864afe70f6.jpg\" alt=\"Resultado de imagen de prehistoria para ni\u00f1os\" \/><\/p>\n<p>LOS MINERALES<\/p>\n<p>Francis nos ha ofrecido una magn\u00edfica conferencia sobre los minerales y sus beneficios. Nos ha explicado d\u00f3nde se encuentran y c\u00f3mo, su\u00a0\u00a0clasificaci\u00f3n \u00a0y cuales son sus propiedades. Sobre todo les ha interesado las propiedades beneficiosas para la salud. Nos lo ha mostrado de forma directa, cada uno ha elegido el tratamiento que quer\u00eda recibir, con gran maestr\u00eda Francis se lo ha proporcionado. Muchas gracias por tu generosidad.<\/p>\n<p><img decoding=\"async\" data-attachment-id=\"13456\" data-permalink=\"https:\/\/www.alqueria.es\/blogs\/alqueriaprimerciclo\/2017\/05\/08\/viaje-a-nuestra-historia\/dsc07115\/\" data-orig-file=\"https:\/\/cloud.alqueria.es\/wp-content\/uploads\/sites\/6\/2017\/05\/DSC07115.jpg\" data-orig-size=\"575,1024\" data-comments-opened=\"1\" data-image-meta=\"{&quot;aperture&quot;:&quot;0&quot;,&quot;credit&quot;:&quot;&quot;,&quot;camera&quot;:&quot;&quot;,&quot;caption&quot;:&quot;&quot;,&quot;created_timestamp&quot;:&quot;0&quot;,&quot;copyright&quot;:&quot;&quot;,&quot;focal_length&quot;:&quot;0&quot;,&quot;iso&quot;:&quot;0&quot;,&quot;shutter_speed&quot;:&quot;0&quot;,&quot;title&quot;:&quot;&quot;,&quot;orientation&quot;:&quot;0&quot;}\" data-image-title=\"DSC07115\" data-image-description=\"\" data-image-caption=\"\" data-large-file=\"https:\/\/cloud.alqueria.es\/wp-content\/uploads\/sites\/6\/2017\/05\/DSC07115-575x1024.jpg\" class=\"wp-image-13456 size-medium alignleft\" src=\"https:\/\/cloud.alqueria.es\/wp-content\/uploads\/sites\/6\/2017\/05\/DSC07115-168x300.jpg\" alt=\"\" width=\"168\" height=\"300\" srcset=\"https:\/\/cloud.alqueria.es\/wp-content\/uploads\/sites\/6\/2017\/05\/DSC07115-168x300.jpg 168w, https:\/\/cloud.alqueria.es\/wp-content\/uploads\/sites\/6\/2017\/05\/DSC07115.jpg 575w\" sizes=\"(max-width: 168px) 100vw, 168px\" \/><img decoding=\"async\" data-attachment-id=\"13457\" data-permalink=\"https:\/\/www.alqueria.es\/blogs\/alqueriaprimerciclo\/2017\/05\/08\/viaje-a-nuestra-historia\/dsc07114\/\" data-orig-file=\"https:\/\/cloud.alqueria.es\/wp-content\/uploads\/sites\/6\/2017\/05\/DSC07114.jpg\" data-orig-size=\"575,1024\" data-comments-opened=\"1\" data-image-meta=\"{&quot;aperture&quot;:&quot;0&quot;,&quot;credit&quot;:&quot;&quot;,&quot;camera&quot;:&quot;&quot;,&quot;caption&quot;:&quot;&quot;,&quot;created_timestamp&quot;:&quot;0&quot;,&quot;copyright&quot;:&quot;&quot;,&quot;focal_length&quot;:&quot;0&quot;,&quot;iso&quot;:&quot;0&quot;,&quot;shutter_speed&quot;:&quot;0&quot;,&quot;title&quot;:&quot;&quot;,&quot;orientation&quot;:&quot;0&quot;}\" data-image-title=\"DSC07114\" data-image-description=\"\" data-image-caption=\"\" data-large-file=\"https:\/\/cloud.alqueria.es\/wp-content\/uploads\/sites\/6\/2017\/05\/DSC07114-575x1024.jpg\" class=\"wp-image-13457 size-medium alignright\" src=\"https:\/\/cloud.alqueria.es\/wp-content\/uploads\/sites\/6\/2017\/05\/DSC07114-168x300.jpg\" alt=\"\" width=\"168\" height=\"300\" srcset=\"https:\/\/cloud.alqueria.es\/wp-content\/uploads\/sites\/6\/2017\/05\/DSC07114-168x300.jpg 168w, https:\/\/cloud.alqueria.es\/wp-content\/uploads\/sites\/6\/2017\/05\/DSC07114.jpg 575w\" sizes=\"(max-width: 168px) 100vw, 168px\" \/><img decoding=\"async\" data-attachment-id=\"13460\" data-permalink=\"https:\/\/www.alqueria.es\/blogs\/alqueriaprimerciclo\/2017\/05\/08\/viaje-a-nuestra-historia\/dsc07111\/\" data-orig-file=\"https:\/\/cloud.alqueria.es\/wp-content\/uploads\/sites\/6\/2017\/05\/DSC07111.jpg\" data-orig-size=\"1024,575\" data-comments-opened=\"1\" data-image-meta=\"{&quot;aperture&quot;:&quot;0&quot;,&quot;credit&quot;:&quot;&quot;,&quot;camera&quot;:&quot;&quot;,&quot;caption&quot;:&quot;&quot;,&quot;created_timestamp&quot;:&quot;0&quot;,&quot;copyright&quot;:&quot;&quot;,&quot;focal_length&quot;:&quot;0&quot;,&quot;iso&quot;:&quot;0&quot;,&quot;shutter_speed&quot;:&quot;0&quot;,&quot;title&quot;:&quot;&quot;,&quot;orientation&quot;:&quot;0&quot;}\" data-image-title=\"DSC07111\" data-image-description=\"\" data-image-caption=\"\" data-large-file=\"https:\/\/cloud.alqueria.es\/wp-content\/uploads\/sites\/6\/2017\/05\/DSC07111-1024x575.jpg\" class=\"aligncenter wp-image-13460 size-medium\" src=\"https:\/\/cloud.alqueria.es\/wp-content\/uploads\/sites\/6\/2017\/05\/DSC07111-300x168.jpg\" alt=\"\" width=\"300\" height=\"168\" srcset=\"https:\/\/cloud.alqueria.es\/wp-content\/uploads\/sites\/6\/2017\/05\/DSC07111-300x168.jpg 300w, https:\/\/cloud.alqueria.es\/wp-content\/uploads\/sites\/6\/2017\/05\/DSC07111-768x431.jpg 768w, https:\/\/cloud.alqueria.es\/wp-content\/uploads\/sites\/6\/2017\/05\/DSC07111.jpg 1024w\" sizes=\"(max-width: 300px) 100vw, 300px\" \/><img decoding=\"async\" data-attachment-id=\"13459\" data-permalink=\"https:\/\/www.alqueria.es\/blogs\/alqueriaprimerciclo\/2017\/05\/08\/viaje-a-nuestra-historia\/dsc07112\/\" data-orig-file=\"https:\/\/cloud.alqueria.es\/wp-content\/uploads\/sites\/6\/2017\/05\/DSC07112.jpg\" data-orig-size=\"1024,575\" data-comments-opened=\"1\" data-image-meta=\"{&quot;aperture&quot;:&quot;0&quot;,&quot;credit&quot;:&quot;&quot;,&quot;camera&quot;:&quot;&quot;,&quot;caption&quot;:&quot;&quot;,&quot;created_timestamp&quot;:&quot;0&quot;,&quot;copyright&quot;:&quot;&quot;,&quot;focal_length&quot;:&quot;0&quot;,&quot;iso&quot;:&quot;0&quot;,&quot;shutter_speed&quot;:&quot;0&quot;,&quot;title&quot;:&quot;&quot;,&quot;orientation&quot;:&quot;0&quot;}\" data-image-title=\"DSC07112\" data-image-description=\"\" data-image-caption=\"\" data-large-file=\"https:\/\/cloud.alqueria.es\/wp-content\/uploads\/sites\/6\/2017\/05\/DSC07112-1024x575.jpg\" class=\"aligncenter wp-image-13459 size-large\" src=\"https:\/\/cloud.alqueria.es\/wp-content\/uploads\/sites\/6\/2017\/05\/DSC07112-1024x575.jpg\" alt=\"\" width=\"474\" height=\"266\" srcset=\"https:\/\/cloud.alqueria.es\/wp-content\/uploads\/sites\/6\/2017\/05\/DSC07112.jpg 1024w, https:\/\/cloud.alqueria.es\/wp-content\/uploads\/sites\/6\/2017\/05\/DSC07112-300x168.jpg 300w, https:\/\/cloud.alqueria.es\/wp-content\/uploads\/sites\/6\/2017\/05\/DSC07112-768x431.jpg 768w\" sizes=\"(max-width: 474px) 100vw, 474px\" \/><img decoding=\"async\" data-attachment-id=\"13458\" data-permalink=\"https:\/\/www.alqueria.es\/blogs\/alqueriaprimerciclo\/2017\/05\/08\/viaje-a-nuestra-historia\/dsc07113\/\" data-orig-file=\"https:\/\/cloud.alqueria.es\/wp-content\/uploads\/sites\/6\/2017\/05\/DSC07113.jpg\" data-orig-size=\"1024,575\" data-comments-opened=\"1\" data-image-meta=\"{&quot;aperture&quot;:&quot;0&quot;,&quot;credit&quot;:&quot;&quot;,&quot;camera&quot;:&quot;&quot;,&quot;caption&quot;:&quot;&quot;,&quot;created_timestamp&quot;:&quot;0&quot;,&quot;copyright&quot;:&quot;&quot;,&quot;focal_length&quot;:&quot;0&quot;,&quot;iso&quot;:&quot;0&quot;,&quot;shutter_speed&quot;:&quot;0&quot;,&quot;title&quot;:&quot;&quot;,&quot;orientation&quot;:&quot;0&quot;}\" data-image-title=\"DSC07113\" data-image-description=\"\" data-image-caption=\"\" data-large-file=\"https:\/\/cloud.alqueria.es\/wp-content\/uploads\/sites\/6\/2017\/05\/DSC07113-1024x575.jpg\" class=\"aligncenter wp-image-13458 size-medium\" src=\"https:\/\/cloud.alqueria.es\/wp-content\/uploads\/sites\/6\/2017\/05\/DSC07113-300x168.jpg\" alt=\"\" width=\"300\" height=\"168\" srcset=\"https:\/\/cloud.alqueria.es\/wp-content\/uploads\/sites\/6\/2017\/05\/DSC07113-300x168.jpg 300w, https:\/\/cloud.alqueria.es\/wp-content\/uploads\/sites\/6\/2017\/05\/DSC07113-768x431.jpg 768w, https:\/\/cloud.alqueria.es\/wp-content\/uploads\/sites\/6\/2017\/05\/DSC07113.jpg 1024w\" sizes=\"(max-width: 300px) 100vw, 300px\" \/> <img decoding=\"async\" data-attachment-id=\"13461\" data-permalink=\"https:\/\/www.alqueria.es\/blogs\/alqueriaprimerciclo\/2017\/05\/08\/viaje-a-nuestra-historia\/dsc07109\/\" data-orig-file=\"https:\/\/cloud.alqueria.es\/wp-content\/uploads\/sites\/6\/2017\/05\/DSC07109.jpg\" data-orig-size=\"1024,575\" data-comments-opened=\"1\" data-image-meta=\"{&quot;aperture&quot;:&quot;0&quot;,&quot;credit&quot;:&quot;&quot;,&quot;camera&quot;:&quot;&quot;,&quot;caption&quot;:&quot;&quot;,&quot;created_timestamp&quot;:&quot;0&quot;,&quot;copyright&quot;:&quot;&quot;,&quot;focal_length&quot;:&quot;0&quot;,&quot;iso&quot;:&quot;0&quot;,&quot;shutter_speed&quot;:&quot;0&quot;,&quot;title&quot;:&quot;&quot;,&quot;orientation&quot;:&quot;0&quot;}\" data-image-title=\"DSC07109\" data-image-description=\"\" data-image-caption=\"\" data-large-file=\"https:\/\/cloud.alqueria.es\/wp-content\/uploads\/sites\/6\/2017\/05\/DSC07109-1024x575.jpg\" class=\"aligncenter wp-image-13461 size-medium\" src=\"https:\/\/cloud.alqueria.es\/wp-content\/uploads\/sites\/6\/2017\/05\/DSC07109-300x168.jpg\" alt=\"\" width=\"300\" height=\"168\" srcset=\"https:\/\/cloud.alqueria.es\/wp-content\/uploads\/sites\/6\/2017\/05\/DSC07109-300x168.jpg 300w, https:\/\/cloud.alqueria.es\/wp-content\/uploads\/sites\/6\/2017\/05\/DSC07109-768x431.jpg 768w, https:\/\/cloud.alqueria.es\/wp-content\/uploads\/sites\/6\/2017\/05\/DSC07109.jpg 1024w\" sizes=\"(max-width: 300px) 100vw, 300px\" \/><img decoding=\"async\" data-attachment-id=\"13453\" data-permalink=\"https:\/\/www.alqueria.es\/blogs\/alqueriaprimerciclo\/2017\/05\/08\/viaje-a-nuestra-historia\/dsc07118\/\" data-orig-file=\"https:\/\/cloud.alqueria.es\/wp-content\/uploads\/sites\/6\/2017\/05\/DSC07118.jpg\" data-orig-size=\"1024,575\" data-comments-opened=\"1\" data-image-meta=\"{&quot;aperture&quot;:&quot;0&quot;,&quot;credit&quot;:&quot;&quot;,&quot;camera&quot;:&quot;&quot;,&quot;caption&quot;:&quot;&quot;,&quot;created_timestamp&quot;:&quot;0&quot;,&quot;copyright&quot;:&quot;&quot;,&quot;focal_length&quot;:&quot;0&quot;,&quot;iso&quot;:&quot;0&quot;,&quot;shutter_speed&quot;:&quot;0&quot;,&quot;title&quot;:&quot;&quot;,&quot;orientation&quot;:&quot;0&quot;}\" data-image-title=\"DSC07118\" data-image-description=\"\" data-image-caption=\"\" data-large-file=\"https:\/\/cloud.alqueria.es\/wp-content\/uploads\/sites\/6\/2017\/05\/DSC07118-1024x575.jpg\" class=\"wp-image-13453 alignright\" src=\"https:\/\/cloud.alqueria.es\/wp-content\/uploads\/sites\/6\/2017\/05\/DSC07118-300x168.jpg\" alt=\"\" width=\"223\" height=\"125\" srcset=\"https:\/\/cloud.alqueria.es\/wp-content\/uploads\/sites\/6\/2017\/05\/DSC07118-300x168.jpg 300w, https:\/\/cloud.alqueria.es\/wp-content\/uploads\/sites\/6\/2017\/05\/DSC07118-768x431.jpg 768w, https:\/\/cloud.alqueria.es\/wp-content\/uploads\/sites\/6\/2017\/05\/DSC07118.jpg 1024w\" sizes=\"(max-width: 223px) 100vw, 223px\" \/><img decoding=\"async\" data-attachment-id=\"13454\" data-permalink=\"https:\/\/www.alqueria.es\/blogs\/alqueriaprimerciclo\/2017\/05\/08\/viaje-a-nuestra-historia\/dsc07117\/\" data-orig-file=\"https:\/\/cloud.alqueria.es\/wp-content\/uploads\/sites\/6\/2017\/05\/DSC07117.jpg\" data-orig-size=\"1024,575\" data-comments-opened=\"1\" data-image-meta=\"{&quot;aperture&quot;:&quot;0&quot;,&quot;credit&quot;:&quot;&quot;,&quot;camera&quot;:&quot;&quot;,&quot;caption&quot;:&quot;&quot;,&quot;created_timestamp&quot;:&quot;0&quot;,&quot;copyright&quot;:&quot;&quot;,&quot;focal_length&quot;:&quot;0&quot;,&quot;iso&quot;:&quot;0&quot;,&quot;shutter_speed&quot;:&quot;0&quot;,&quot;title&quot;:&quot;&quot;,&quot;orientation&quot;:&quot;0&quot;}\" data-image-title=\"DSC07117\" data-image-description=\"\" data-image-caption=\"\" data-large-file=\"https:\/\/cloud.alqueria.es\/wp-content\/uploads\/sites\/6\/2017\/05\/DSC07117-1024x575.jpg\" class=\"wp-image-13454 alignleft\" src=\"https:\/\/cloud.alqueria.es\/wp-content\/uploads\/sites\/6\/2017\/05\/DSC07117-300x168.jpg\" alt=\"\" width=\"229\" height=\"129\" srcset=\"https:\/\/cloud.alqueria.es\/wp-content\/uploads\/sites\/6\/2017\/05\/DSC07117-300x168.jpg 300w, https:\/\/cloud.alqueria.es\/wp-content\/uploads\/sites\/6\/2017\/05\/DSC07117-768x431.jpg 768w, https:\/\/cloud.alqueria.es\/wp-content\/uploads\/sites\/6\/2017\/05\/DSC07117.jpg 1024w\" sizes=\"(max-width: 229px) 100vw, 229px\" \/><\/p>\n<p>&nbsp;<\/p>\n<p>&nbsp;<\/p>\n<p>&nbsp;<\/p>\n<p>&nbsp;<\/p>\n<p>&nbsp;<\/p>\n<p>&nbsp;<\/p>\n<p>Estudiamos la GEOMETR\u00cdA, MILA, alumna en practicas de magisterio, nos prepara una actividad en la que podemos conocer y practicar con los pol\u00edgonos.<\/p>\n<p class=\"jetpack-slideshow-noscript robots-nocontent\">El pase de diapositivas requiere JavaScript.<\/p><div id=\"gallery-13452-1-slideshow\" class=\"jetpack-slideshow-window jetpack-slideshow jetpack-slideshow-black\" data-trans=\"fade\" data-autostart=\"1\" data-gallery=\"[{&quot;src&quot;:&quot;https:\\\/\\\/cloud.alqueria.es\\\/wp-content\\\/uploads\\\/sites\\\/6\\\/2017\\\/05\\\/DSC07144-300x168.jpg&quot;,&quot;id&quot;:&quot;13472&quot;,&quot;title&quot;:&quot;DSC07144&quot;,&quot;alt&quot;:&quot;&quot;,&quot;caption&quot;:&quot;&quot;,&quot;itemprop&quot;:&quot;image&quot;},{&quot;src&quot;:&quot;https:\\\/\\\/cloud.alqueria.es\\\/wp-content\\\/uploads\\\/sites\\\/6\\\/2017\\\/05\\\/DSC07140-300x168.jpg&quot;,&quot;id&quot;:&quot;13474&quot;,&quot;title&quot;:&quot;DSC07140&quot;,&quot;alt&quot;:&quot;&quot;,&quot;caption&quot;:&quot;&quot;,&quot;itemprop&quot;:&quot;image&quot;},{&quot;src&quot;:&quot;https:\\\/\\\/cloud.alqueria.es\\\/wp-content\\\/uploads\\\/sites\\\/6\\\/2017\\\/05\\\/DSC07139-300x168.jpg&quot;,&quot;id&quot;:&quot;13475&quot;,&quot;title&quot;:&quot;DSC07139&quot;,&quot;alt&quot;:&quot;&quot;,&quot;caption&quot;:&quot;&quot;,&quot;itemprop&quot;:&quot;image&quot;},{&quot;src&quot;:&quot;https:\\\/\\\/cloud.alqueria.es\\\/wp-content\\\/uploads\\\/sites\\\/6\\\/2017\\\/05\\\/DSC07138-300x168.jpg&quot;,&quot;id&quot;:&quot;13476&quot;,&quot;title&quot;:&quot;DSC07138&quot;,&quot;alt&quot;:&quot;&quot;,&quot;caption&quot;:&quot;&quot;,&quot;itemprop&quot;:&quot;image&quot;},{&quot;src&quot;:&quot;https:\\\/\\\/cloud.alqueria.es\\\/wp-content\\\/uploads\\\/sites\\\/6\\\/2017\\\/05\\\/DSC07137-300x168.jpg&quot;,&quot;id&quot;:&quot;13477&quot;,&quot;title&quot;:&quot;DSC07137&quot;,&quot;alt&quot;:&quot;&quot;,&quot;caption&quot;:&quot;&quot;,&quot;itemprop&quot;:&quot;image&quot;},{&quot;src&quot;:&quot;https:\\\/\\\/cloud.alqueria.es\\\/wp-content\\\/uploads\\\/sites\\\/6\\\/2017\\\/05\\\/DSC07136-300x168.jpg&quot;,&quot;id&quot;:&quot;13478&quot;,&quot;title&quot;:&quot;DSC07136&quot;,&quot;alt&quot;:&quot;&quot;,&quot;caption&quot;:&quot;&quot;,&quot;itemprop&quot;:&quot;image&quot;},{&quot;src&quot;:&quot;https:\\\/\\\/cloud.alqueria.es\\\/wp-content\\\/uploads\\\/sites\\\/6\\\/2017\\\/05\\\/DSC07135-300x168.jpg&quot;,&quot;id&quot;:&quot;13479&quot;,&quot;title&quot;:&quot;DSC07135&quot;,&quot;alt&quot;:&quot;&quot;,&quot;caption&quot;:&quot;&quot;,&quot;itemprop&quot;:&quot;image&quot;},{&quot;src&quot;:&quot;https:\\\/\\\/cloud.alqueria.es\\\/wp-content\\\/uploads\\\/sites\\\/6\\\/2017\\\/05\\\/DSC07134-300x168.jpg&quot;,&quot;id&quot;:&quot;13480&quot;,&quot;title&quot;:&quot;DSC07134&quot;,&quot;alt&quot;:&quot;&quot;,&quot;caption&quot;:&quot;&quot;,&quot;itemprop&quot;:&quot;image&quot;},{&quot;src&quot;:&quot;https:\\\/\\\/cloud.alqueria.es\\\/wp-content\\\/uploads\\\/sites\\\/6\\\/2017\\\/05\\\/DSC07133-300x168.jpg&quot;,&quot;id&quot;:&quot;13481&quot;,&quot;title&quot;:&quot;DSC07133&quot;,&quot;alt&quot;:&quot;&quot;,&quot;caption&quot;:&quot;&quot;,&quot;itemprop&quot;:&quot;image&quot;},{&quot;src&quot;:&quot;https:\\\/\\\/cloud.alqueria.es\\\/wp-content\\\/uploads\\\/sites\\\/6\\\/2017\\\/05\\\/DSC07132-300x168.jpg&quot;,&quot;id&quot;:&quot;13482&quot;,&quot;title&quot;:&quot;DSC07132&quot;,&quot;alt&quot;:&quot;&quot;,&quot;caption&quot;:&quot;&quot;,&quot;itemprop&quot;:&quot;image&quot;},{&quot;src&quot;:&quot;https:\\\/\\\/cloud.alqueria.es\\\/wp-content\\\/uploads\\\/sites\\\/6\\\/2017\\\/05\\\/DSC07131-300x168.jpg&quot;,&quot;id&quot;:&quot;13483&quot;,&quot;title&quot;:&quot;DSC07131&quot;,&quot;alt&quot;:&quot;&quot;,&quot;caption&quot;:&quot;&quot;,&quot;itemprop&quot;:&quot;image&quot;},{&quot;src&quot;:&quot;https:\\\/\\\/cloud.alqueria.es\\\/wp-content\\\/uploads\\\/sites\\\/6\\\/2017\\\/05\\\/DSC07130-300x168.jpg&quot;,&quot;id&quot;:&quot;13484&quot;,&quot;title&quot;:&quot;DSC07130&quot;,&quot;alt&quot;:&quot;&quot;,&quot;caption&quot;:&quot;&quot;,&quot;itemprop&quot;:&quot;image&quot;},{&quot;src&quot;:&quot;https:\\\/\\\/cloud.alqueria.es\\\/wp-content\\\/uploads\\\/sites\\\/6\\\/2017\\\/05\\\/DSC07129-300x168.jpg&quot;,&quot;id&quot;:&quot;13486&quot;,&quot;title&quot;:&quot;DSC07129&quot;,&quot;alt&quot;:&quot;&quot;,&quot;caption&quot;:&quot;&quot;,&quot;itemprop&quot;:&quot;image&quot;},{&quot;src&quot;:&quot;https:\\\/\\\/cloud.alqueria.es\\\/wp-content\\\/uploads\\\/sites\\\/6\\\/2017\\\/05\\\/DSC07128-300x168.jpg&quot;,&quot;id&quot;:&quot;13487&quot;,&quot;title&quot;:&quot;DSC07128&quot;,&quot;alt&quot;:&quot;&quot;,&quot;caption&quot;:&quot;&quot;,&quot;itemprop&quot;:&quot;image&quot;},{&quot;src&quot;:&quot;https:\\\/\\\/cloud.alqueria.es\\\/wp-content\\\/uploads\\\/sites\\\/6\\\/2017\\\/05\\\/DSC07127-300x168.jpg&quot;,&quot;id&quot;:&quot;13488&quot;,&quot;title&quot;:&quot;DSC07127&quot;,&quot;alt&quot;:&quot;&quot;,&quot;caption&quot;:&quot;&quot;,&quot;itemprop&quot;:&quot;image&quot;},{&quot;src&quot;:&quot;https:\\\/\\\/cloud.alqueria.es\\\/wp-content\\\/uploads\\\/sites\\\/6\\\/2017\\\/05\\\/DSC07126-300x168.jpg&quot;,&quot;id&quot;:&quot;13489&quot;,&quot;title&quot;:&quot;DSC07126&quot;,&quot;alt&quot;:&quot;&quot;,&quot;caption&quot;:&quot;&quot;,&quot;itemprop&quot;:&quot;image&quot;},{&quot;src&quot;:&quot;https:\\\/\\\/cloud.alqueria.es\\\/wp-content\\\/uploads\\\/sites\\\/6\\\/2017\\\/05\\\/DSC07125-300x168.jpg&quot;,&quot;id&quot;:&quot;13490&quot;,&quot;title&quot;:&quot;DSC07125&quot;,&quot;alt&quot;:&quot;&quot;,&quot;caption&quot;:&quot;&quot;,&quot;itemprop&quot;:&quot;image&quot;},{&quot;src&quot;:&quot;https:\\\/\\\/cloud.alqueria.es\\\/wp-content\\\/uploads\\\/sites\\\/6\\\/2017\\\/05\\\/DSC07124-300x168.jpg&quot;,&quot;id&quot;:&quot;13491&quot;,&quot;title&quot;:&quot;DSC07124&quot;,&quot;alt&quot;:&quot;&quot;,&quot;caption&quot;:&quot;&quot;,&quot;itemprop&quot;:&quot;image&quot;},{&quot;src&quot;:&quot;https:\\\/\\\/cloud.alqueria.es\\\/wp-content\\\/uploads\\\/sites\\\/6\\\/2017\\\/05\\\/DSC07123-300x168.jpg&quot;,&quot;id&quot;:&quot;13492&quot;,&quot;title&quot;:&quot;DSC07123&quot;,&quot;alt&quot;:&quot;&quot;,&quot;caption&quot;:&quot;&quot;,&quot;itemprop&quot;:&quot;image&quot;},{&quot;src&quot;:&quot;https:\\\/\\\/cloud.alqueria.es\\\/wp-content\\\/uploads\\\/sites\\\/6\\\/2017\\\/05\\\/DSC07122-300x168.jpg&quot;,&quot;id&quot;:&quot;13493&quot;,&quot;title&quot;:&quot;DSC07122&quot;,&quot;alt&quot;:&quot;&quot;,&quot;caption&quot;:&quot;&quot;,&quot;itemprop&quot;:&quot;image&quot;},{&quot;src&quot;:&quot;https:\\\/\\\/cloud.alqueria.es\\\/wp-content\\\/uploads\\\/sites\\\/6\\\/2017\\\/05\\\/DSC07121-300x168.jpg&quot;,&quot;id&quot;:&quot;13494&quot;,&quot;title&quot;:&quot;DSC07121&quot;,&quot;alt&quot;:&quot;&quot;,&quot;caption&quot;:&quot;&quot;,&quot;itemprop&quot;:&quot;image&quot;},{&quot;src&quot;:&quot;https:\\\/\\\/cloud.alqueria.es\\\/wp-content\\\/uploads\\\/sites\\\/6\\\/2017\\\/05\\\/DSC07120-300x168.jpg&quot;,&quot;id&quot;:&quot;13495&quot;,&quot;title&quot;:&quot;DSC07120&quot;,&quot;alt&quot;:&quot;&quot;,&quot;caption&quot;:&quot;&quot;,&quot;itemprop&quot;:&quot;image&quot;}]\" itemscope itemtype=\"https:\/\/schema.org\/ImageGallery\"><\/div>\n<p>&nbsp;<\/p>\n<h6><span style=\"color: #ff0000\">Vacunas: Programa de salud escolar<\/span><\/h6>\n<p><img decoding=\"async\" class=\"\" src=\"http:\/\/1.bp.blogspot.com\/-8A0ZwJXPZc8\/T80U2Hi1ZNI\/AAAAAAAAAwE\/wzlm-qmLvAY\/s1600\/vacunas.jpg\" alt=\"Resultado de imagen de vacunas infantiles dibujos\" width=\"249\" height=\"119\" \/><\/p>\n<p>El pr\u00f3ximo d\u00eda 9 de mayo se proceder\u00e1 a la vacunaci\u00f3n, de los ni\u00f1os y ni\u00f1as que a\u00fan no se hayan vacunado, previa entrega de autorizaci\u00f3n y cartilla de vacunas original.<\/p>\n<h6><span style=\"color: #0000ff\">Prueba escala<\/span><\/h6>\n<p>Los pr\u00f3ximos d\u00edas 16 y 17 de mayo se va a realizar la prueba escala<img decoding=\"async\" data-attachment-id=\"13470\" data-permalink=\"https:\/\/www.alqueria.es\/blogs\/alqueriaprimerciclo\/2017\/05\/08\/viaje-a-nuestra-historia\/captura-105\/\" data-orig-file=\"https:\/\/cloud.alqueria.es\/wp-content\/uploads\/sites\/6\/2017\/05\/Captura.jpg\" data-orig-size=\"481,219\" data-comments-opened=\"1\" data-image-meta=\"{&quot;aperture&quot;:&quot;0&quot;,&quot;credit&quot;:&quot;&quot;,&quot;camera&quot;:&quot;&quot;,&quot;caption&quot;:&quot;&quot;,&quot;created_timestamp&quot;:&quot;0&quot;,&quot;copyright&quot;:&quot;&quot;,&quot;focal_length&quot;:&quot;0&quot;,&quot;iso&quot;:&quot;0&quot;,&quot;shutter_speed&quot;:&quot;0&quot;,&quot;title&quot;:&quot;&quot;,&quot;orientation&quot;:&quot;0&quot;}\" data-image-title=\"Captura\" data-image-description=\"\" data-image-caption=\"\" data-large-file=\"https:\/\/cloud.alqueria.es\/wp-content\/uploads\/sites\/6\/2017\/05\/Captura.jpg\" class=\"aligncenter size-full wp-image-13470\" src=\"https:\/\/cloud.alqueria.es\/wp-content\/uploads\/sites\/6\/2017\/05\/Captura.jpg\" alt=\"\" width=\"481\" height=\"219\" srcset=\"https:\/\/cloud.alqueria.es\/wp-content\/uploads\/sites\/6\/2017\/05\/Captura.jpg 481w, https:\/\/cloud.alqueria.es\/wp-content\/uploads\/sites\/6\/2017\/05\/Captura-300x137.jpg 300w\" sizes=\"(max-width: 481px) 100vw, 481px\" \/><\/p>\n<p><img decoding=\"async\" class=\"\" src=\"http:\/\/2.bp.blogspot.com\/-8LAHpNBQXyo\/VUZaiPWbqBI\/AAAAAAAAAB8\/JfIJY_-qUqc\/w1200-h630-p-k-no-nu\/PRUEBAS%2BESCALA.jpg\" alt=\"Resultado de imagen de prueba evaluacion escala\" width=\"191\" height=\"100\" \/><\/p>\n<p>Agencia Andaluza de Evaluaci\u00f3n Educativa<br \/>\nCONSEJER\u00cdA DE EDUCACI\u00d3N<br \/>\nInstrucciones de 24 de abril de 2017, de la Agencia Andaluza de Evaluaci\u00f3n Educativa,<br \/>\npor las que se concretan determinados aspectos relacionados con la realizaci\u00f3n de la prueba de evaluaci\u00f3n ESCALA para el curso 2016-2017.<br \/>\nLa Orden de 18 de mayo de 2011 de la Consejer\u00eda de Educaci\u00f3n, por la que se regula la prueba de evaluaci\u00f3n ESCALA y su procedimiento de aplicaci\u00f3n en los centros docentes de Andaluc\u00eda (B.O.J.A.<br \/>\nn\u00fam. 101 de 25 de mayo de 2011), organiza dicho proceso, en el que participa todo el alumnado de segundo curso de educaci\u00f3n primaria. Asimismo, la Resoluci\u00f3n de 6 de abril de 2017, de la Agencia<br \/>\nAndaluza de Evaluaci\u00f3n Educativa (B.O.J.A. n\u00fam. 71 de 17 de abril de 2017) establece el calendario y horario previstos para su realizaci\u00f3n en el curso 2016-2017.<\/p>\n<p>Los cuestionarios de contexto ser\u00e1n cumplimentados por las familias del alumnado del centro matriculado en 2\u00ba de educaci\u00f3n primaria.<\/p>\n<p>A nuestros ni\u00f1os y ni\u00f1as no les implica nada mas que realizarlas como si de otra tarea escolares se tratara, normalizando la actividad.<\/p>\n<p>Preparamos la fiesta de la primavera desde el \u00e1rea de art\u00edstica dando comienzo al dise\u00f1o de personajes muy <span style=\"color: #0000ff\"><em>espaciales<\/em><\/span><\/p>\n<p>Viaje espacial<\/p>\n<p><img decoding=\"async\" class=\"\" src=\"https:\/\/i.ytimg.com\/vi\/-LomheD9IsQ\/maxresdefault.jpg\" alt=\"Resultado de imagen de viaje espacial para ni\u00f1os\" width=\"272\" height=\"204\" \/><\/p>\n<p>Continuaremos informando desde la tierra.<\/p>\n<p>Un saludo<\/p>\n<p>Dar\u00eda<\/p>\n","protected":false},"excerpt":{"rendered":"<p>El mes de MAYO \u00a0est\u00e1 cargado de actividades especiales que requieren de preparaci\u00f3n y un proceso de esfuerzo para lograr realizarlas de manera gratificante. Continua nuestro viaje a trav\u00e9s del tiempo. Estamos investigando las principales caracter\u00edsticas de los per\u00edodos en que se divide nuestra Historia, desde la Prehistoria a la Edad Contempor\u00e1nea. En esta \u00a0ocasi\u00f3n &hellip; <a href=\"https:\/\/www.alqueria.es\/blogs\/alqueriaprimerciclo\/2017\/05\/08\/viaje-a-nuestra-historia\/\" class=\"more-link\">Seguir leyendo <span class=\"screen-reader-text\">Viaje a nuestra historia<\/span> <span class=\"meta-nav\">&rarr;<\/span><\/a><\/p>\n","protected":false},"author":12,"featured_media":0,"comment_status":"open","ping_status":"open","sticky":false,"template":"","format":"standard","meta":{"jetpack_post_was_ever_published":false,"_jetpack_newsletter_access":"","_jetpack_dont_email_post_to_subs":false,"_jetpack_newsletter_tier_id":0,"_jetpack_memberships_contains_paywalled_content":false,"_jetpack_memberships_contains_paid_content":false,"footnotes":"","jetpack_publicize_message":"","jetpack_publicize_feature_enabled":true,"jetpack_social_post_already_shared":true,"jetpack_social_options":{"image_generator_settings":{"template":"highway","default_image_id":0,"font":"","enabled":false},"version":2}},"categories":[3,9,1],"tags":[],"class_list":["post-13452","post","type-post","status-publish","format-standard","hentry","category-2o-epo","category-diario-de-clase-2o","category-sin-categoria"],"jetpack_publicize_connections":[],"jetpack_featured_media_url":"","jetpack_sharing_enabled":true,"jetpack_shortlink":"https:\/\/wp.me\/p4lvS0-3uY","_links":{"self":[{"href":"https:\/\/www.alqueria.es\/blogs\/alqueriaprimerciclo\/wp-json\/wp\/v2\/posts\/13452","targetHints":{"allow":["GET"]}}],"collection":[{"href":"https:\/\/www.alqueria.es\/blogs\/alqueriaprimerciclo\/wp-json\/wp\/v2\/posts"}],"about":[{"href":"https:\/\/www.alqueria.es\/blogs\/alqueriaprimerciclo\/wp-json\/wp\/v2\/types\/post"}],"author":[{"embeddable":true,"href":"https:\/\/www.alqueria.es\/blogs\/alqueriaprimerciclo\/wp-json\/wp\/v2\/users\/12"}],"replies":[{"embeddable":true,"href":"https:\/\/www.alqueria.es\/blogs\/alqueriaprimerciclo\/wp-json\/wp\/v2\/comments?post=13452"}],"version-history":[{"count":0,"href":"https:\/\/www.alqueria.es\/blogs\/alqueriaprimerciclo\/wp-json\/wp\/v2\/posts\/13452\/revisions"}],"wp:attachment":[{"href":"https:\/\/www.alqueria.es\/blogs\/alqueriaprimerciclo\/wp-json\/wp\/v2\/media?parent=13452"}],"wp:term":[{"taxonomy":"category","embeddable":true,"href":"https:\/\/www.alqueria.es\/blogs\/alqueriaprimerciclo\/wp-json\/wp\/v2\/categories?post=13452"},{"taxonomy":"post_tag","embeddable":true,"href":"https:\/\/www.alqueria.es\/blogs\/alqueriaprimerciclo\/wp-json\/wp\/v2\/tags?post=13452"}],"curies":[{"name":"wp","href":"https:\/\/api.w.org\/{rel}","templated":true}]}}