{"id":13704,"date":"2017-06-02T14:22:08","date_gmt":"2017-06-02T12:22:08","guid":{"rendered":"https:\/\/www.alqueria.es\/blogs\/alqueriaprimerciclo\/?p=13704"},"modified":"2017-06-02T14:22:08","modified_gmt":"2017-06-02T12:22:08","slug":"medimos-el-tiempo-en-1o","status":"publish","type":"post","link":"https:\/\/www.alqueria.es\/blogs\/alqueriaprimerciclo\/2017\/06\/02\/medimos-el-tiempo-en-1o\/","title":{"rendered":"Medimos el tiempo en 1\u00ba"},"content":{"rendered":"<h5><img decoding=\"async\" class=\"alignright\" src=\"http:\/\/www.tutunca.es\/blog\/wp-content\/uploads\/2012\/04\/reloj-solar-2.jpg\" alt=\"Resultado de imagen de relojes\" width=\"116\" height=\"95\" \/>El reloj<\/h5>\n<p><em>\u00abAntiguamente, lo \u00fanico que pod\u00eda hacer la gente era mirar el Sol y la Luna para tratar de <b>medir el tiempo<\/b>. Transcurrieron los siglos y los egipcios idearon los primeros relojes, los relojes solares. Conforme ha ido pasando el <b>tiempo<\/b>, se han ido descubriendo m\u00e9todos para medirlo\u00bb. <\/em>Esto es lo que casi hemos encontrado al investigar este tema.<\/p>\n<p>Pero para nosotros el tiempo no existe, nada m\u00e1s que cuando los adultos lo nombran en comentarios como: <em>\u00bfqu\u00e9 hora es?, llevo prisa, es tarde, no me da tiempo, \u00bfa esta hora llegas?&#8230;,<\/em> y cosas as\u00ed. Y parece que es interesante que sepamos su importancia.<\/p>\n<h5><img decoding=\"async\" class=\"alignleft\" src=\"http:\/\/3.bp.blogspot.com\/-URgBZTF1L1M\/VolyoT3OP4I\/AAAAAAAAOtc\/HcJy4u5rAiI\/s1600\/reloj-de-arena.jpg\" alt=\"Resultado de imagen de relojes de arena\" width=\"69\" height=\"124\" \/><\/h5>\n<p>Cuando jugamos el tiempo nos parece que pasa muy r\u00e1pido, cuando nos duele algo, muy lento. Pero nos dicen que pasa siempre a la misma velocidad.<\/p>\n<p>Hemos investigado c\u00f3mo puede ser y hemos descubierto que la medida del tiempo en el reloj \u00a0est\u00e1 relacionada con lo que tarda en pasar un d\u00eda. Pero no por eso lo entendemos.<\/p>\n<ul>\n<li>Si \u00a0un d\u00eda dura 24 horas, por qu\u00e9 el reloj \u00a0de la clase solo tiene 12 n\u00fameros.<\/li>\n<li>\u00a0No nos cabe en la cabeza que la aguja peque\u00f1a indique las horas y la grande los minutos. Si las horas son m\u00e1s importantes que los minutos&#8230;<\/li>\n<\/ul>\n<p>\u00bfC\u00f3mo algo peque\u00f1o se\u00f1ala algo grande y viceversa?<\/p>\n<p><img decoding=\"async\" class=\"alignright\" src=\"https:\/\/image.freepik.com\/vector-gratis\/relojes-de-vectores_624689.jpg\" alt=\"Resultado de imagen de relojes\" width=\"143\" height=\"71\" \/>Nos gustan m\u00e1s \u00a0los relojes digitales, pues ponen el tiempo real que ha pasado desde que \u00a0empez\u00f3 un nuevo d\u00eda, con sus minutos y segundos.<\/p>\n<p><img decoding=\"async\" class=\"alignleft\" src=\"https:\/\/encrypted-tbn0.gstatic.com\/shopping?q=tbn:ANd9GcSRS9HlopVczG8MfHhfB9ge7vgc7JSNesl539KnGDwAiqABTXLGhk_8ySdcREDU6gJnAIUfkgk&amp;usqp=CAE\" width=\"124\" height=\"124\" \/>Esta informaci\u00f3n est\u00e1 en muchas pantallas que es lo que a nosotros nos gusta.<\/p>\n<p>Pues a aprenderlo le dedicamos la semana haciendo muchos juegos y ejercicios.<\/p>\n<p>En recursos tic tenemos :<\/p>\n<p><a href=\"http:\/\/concurso.cnice.mec.es\/cnice2005\/115_el_reloj\/index.html\"><img decoding=\"async\" data-attachment-id=\"13551\" data-permalink=\"https:\/\/www.alqueria.es\/blogs\/alqueriaprimerciclo\/2017\/05\/12\/construimos-nuestra-historia\/captura1-10\/\" data-orig-file=\"https:\/\/cloud.alqueria.es\/wp-content\/uploads\/sites\/6\/2017\/05\/Captura1.jpg\" data-orig-size=\"816,402\" data-comments-opened=\"1\" data-image-meta=\"{&quot;aperture&quot;:&quot;0&quot;,&quot;credit&quot;:&quot;&quot;,&quot;camera&quot;:&quot;&quot;,&quot;caption&quot;:&quot;&quot;,&quot;created_timestamp&quot;:&quot;0&quot;,&quot;copyright&quot;:&quot;&quot;,&quot;focal_length&quot;:&quot;0&quot;,&quot;iso&quot;:&quot;0&quot;,&quot;shutter_speed&quot;:&quot;0&quot;,&quot;title&quot;:&quot;&quot;,&quot;orientation&quot;:&quot;0&quot;}\" data-image-title=\"Captura1\" data-image-description=\"\" data-image-caption=\"\" data-large-file=\"https:\/\/cloud.alqueria.es\/wp-content\/uploads\/sites\/6\/2017\/05\/Captura1.jpg\" class=\"aligncenter wp-image-13551\" src=\"https:\/\/cloud.alqueria.es\/wp-content\/uploads\/sites\/6\/2017\/05\/Captura1.jpg\" alt=\"\" width=\"350\" height=\"173\" srcset=\"https:\/\/cloud.alqueria.es\/wp-content\/uploads\/sites\/6\/2017\/05\/Captura1.jpg 816w, https:\/\/cloud.alqueria.es\/wp-content\/uploads\/sites\/6\/2017\/05\/Captura1-300x148.jpg 300w, https:\/\/cloud.alqueria.es\/wp-content\/uploads\/sites\/6\/2017\/05\/Captura1-768x378.jpg 768w\" sizes=\"(max-width: 350px) 100vw, 350px\" \/><\/a><\/p>\n<p><a href=\"http:\/\/www.polavide.es\/rec_polavide0708\/edilim\/medir_tiempo\/Medir%20el%20tiempo.html\"><img decoding=\"async\" data-attachment-id=\"13705\" data-permalink=\"https:\/\/www.alqueria.es\/blogs\/alqueriaprimerciclo\/2017\/06\/02\/medimos-el-tiempo-en-1o\/reloj-4\/\" data-orig-file=\"https:\/\/cloud.alqueria.es\/wp-content\/uploads\/sites\/6\/2017\/05\/reloj.jpg\" data-orig-size=\"750,627\" data-comments-opened=\"1\" data-image-meta=\"{&quot;aperture&quot;:&quot;0&quot;,&quot;credit&quot;:&quot;&quot;,&quot;camera&quot;:&quot;&quot;,&quot;caption&quot;:&quot;&quot;,&quot;created_timestamp&quot;:&quot;0&quot;,&quot;copyright&quot;:&quot;&quot;,&quot;focal_length&quot;:&quot;0&quot;,&quot;iso&quot;:&quot;0&quot;,&quot;shutter_speed&quot;:&quot;0&quot;,&quot;title&quot;:&quot;&quot;,&quot;orientation&quot;:&quot;0&quot;}\" data-image-title=\"reloj\" data-image-description=\"\" data-image-caption=\"\" data-large-file=\"https:\/\/cloud.alqueria.es\/wp-content\/uploads\/sites\/6\/2017\/05\/reloj.jpg\" class=\"wp-image-13705 aligncenter\" src=\"https:\/\/cloud.alqueria.es\/wp-content\/uploads\/sites\/6\/2017\/05\/reloj.jpg\" alt=\"\" width=\"230\" height=\"192\" srcset=\"https:\/\/cloud.alqueria.es\/wp-content\/uploads\/sites\/6\/2017\/05\/reloj.jpg 750w, https:\/\/cloud.alqueria.es\/wp-content\/uploads\/sites\/6\/2017\/05\/reloj-300x251.jpg 300w\" sizes=\"(max-width: 230px) 100vw, 230px\" \/><\/a><\/p>\n<p>Hacemos un esfuerzo por entender las horas en punto, los cuartos, las medias y las menos cuarto.<\/p>\n<p><img decoding=\"async\" src=\"http:\/\/4.bp.blogspot.com\/-z24Qqt8o8DE\/UL48Sj1F4II\/AAAAAAAAE24\/1hiGTYXPEZw\/s1600\/Step+4a.jpg\" alt=\"Resultado de imagen de Circulos con mitad y cuartos\" \/><\/p>\n<p>Invitamos a Daniel, hermano de Giulia, \u00a0Aitor, hermano de Julen y Guillermo, alumnos ya de 3\u00ba, para que nos den su conferencia sobre los relojes y la medida del tiempo, que hicieron en 2\u00ba.<\/p>\n<div class=\"a25-CTUOC-hidding-box\" data-original-content=\"&lt;iframe src=&quot;https:\/\/www.slideshare.net\/slideshow\/embed_code\/76589067&quot; width=&quot;474&quot; height=&quot;389&quot; sandbox=&quot;allow-popups allow-scripts allow-same-origin allow-presentation&quot; allowfullscreen webkitallowfullscreen mozallowfullscreen&gt;&lt;\/iframe&gt;\">Esta p\u00e1gina incluye contenido multimedia que requiere aceptar todas las cookies. Pulse aqu\u00ed para abrir la configuraci\u00f3n de cookies.<\/div>\n<p class=\"jetpack-slideshow-noscript robots-nocontent\">El pase de diapositivas requiere JavaScript.<\/p><div id=\"gallery-13704-1-slideshow\" class=\"jetpack-slideshow-window jetpack-slideshow jetpack-slideshow-black\" data-trans=\"fade\" data-autostart=\"1\" data-gallery=\"[{&quot;src&quot;:&quot;https:\\\/\\\/cloud.alqueria.es\\\/wp-content\\\/uploads\\\/sites\\\/6\\\/2017\\\/05\\\/DSC07413.jpg&quot;,&quot;id&quot;:&quot;13780&quot;,&quot;title&quot;:&quot;DSC07413&quot;,&quot;alt&quot;:&quot;&quot;,&quot;caption&quot;:&quot;&quot;,&quot;itemprop&quot;:&quot;image&quot;},{&quot;src&quot;:&quot;https:\\\/\\\/cloud.alqueria.es\\\/wp-content\\\/uploads\\\/sites\\\/6\\\/2017\\\/05\\\/DSC07414.jpg&quot;,&quot;id&quot;:&quot;13781&quot;,&quot;title&quot;:&quot;DSC07414&quot;,&quot;alt&quot;:&quot;&quot;,&quot;caption&quot;:&quot;&quot;,&quot;itemprop&quot;:&quot;image&quot;},{&quot;src&quot;:&quot;https:\\\/\\\/cloud.alqueria.es\\\/wp-content\\\/uploads\\\/sites\\\/6\\\/2017\\\/05\\\/DSC07416.jpg&quot;,&quot;id&quot;:&quot;13783&quot;,&quot;title&quot;:&quot;DSC07416&quot;,&quot;alt&quot;:&quot;&quot;,&quot;caption&quot;:&quot;&quot;,&quot;itemprop&quot;:&quot;image&quot;},{&quot;src&quot;:&quot;https:\\\/\\\/cloud.alqueria.es\\\/wp-content\\\/uploads\\\/sites\\\/6\\\/2017\\\/05\\\/DSC07418.jpg&quot;,&quot;id&quot;:&quot;13784&quot;,&quot;title&quot;:&quot;DSC07418&quot;,&quot;alt&quot;:&quot;&quot;,&quot;caption&quot;:&quot;&quot;,&quot;itemprop&quot;:&quot;image&quot;},{&quot;src&quot;:&quot;https:\\\/\\\/cloud.alqueria.es\\\/wp-content\\\/uploads\\\/sites\\\/6\\\/2017\\\/05\\\/DSC07419.jpg&quot;,&quot;id&quot;:&quot;13785&quot;,&quot;title&quot;:&quot;DSC07419&quot;,&quot;alt&quot;:&quot;&quot;,&quot;caption&quot;:&quot;&quot;,&quot;itemprop&quot;:&quot;image&quot;},{&quot;src&quot;:&quot;https:\\\/\\\/cloud.alqueria.es\\\/wp-content\\\/uploads\\\/sites\\\/6\\\/2017\\\/05\\\/DSC07420.jpg&quot;,&quot;id&quot;:&quot;13786&quot;,&quot;title&quot;:&quot;DSC07420&quot;,&quot;alt&quot;:&quot;&quot;,&quot;caption&quot;:&quot;&quot;,&quot;itemprop&quot;:&quot;image&quot;}]\" itemscope itemtype=\"https:\/\/schema.org\/ImageGallery\"><\/div>\n<p>Ha sido un broche perfecto para la actividad estrella de esta semana.<\/p>\n<p><em>\u00abCuando un ni\u00f1o le explica a otro algo, que sabe y adem\u00e1s le gusta, se hacen innecesarias todas las pedagog\u00edas\u00bb.<\/em><\/p>\n<h5>Sugerencia para el repaso del c\u00e1lculo en casa<\/h5>\n<p>Nos gusta mucho jugar con las matem\u00e1ticas y proponemos a nuestras familias que nos ayuden a construir un calendario de c\u00e1lculo,<\/p>\n<p><img decoding=\"async\" data-attachment-id=\"13716\" data-permalink=\"https:\/\/www.alqueria.es\/blogs\/alqueriaprimerciclo\/2017\/06\/02\/medimos-el-tiempo-en-1o\/calculamos-lunes\/\" data-orig-file=\"https:\/\/cloud.alqueria.es\/wp-content\/uploads\/sites\/6\/2017\/05\/calculamos-lunes.jpg\" data-orig-size=\"572,147\" data-comments-opened=\"1\" data-image-meta=\"{&quot;aperture&quot;:&quot;0&quot;,&quot;credit&quot;:&quot;&quot;,&quot;camera&quot;:&quot;&quot;,&quot;caption&quot;:&quot;&quot;,&quot;created_timestamp&quot;:&quot;0&quot;,&quot;copyright&quot;:&quot;&quot;,&quot;focal_length&quot;:&quot;0&quot;,&quot;iso&quot;:&quot;0&quot;,&quot;shutter_speed&quot;:&quot;0&quot;,&quot;title&quot;:&quot;&quot;,&quot;orientation&quot;:&quot;0&quot;}\" data-image-title=\"calculamos-lunes\" data-image-description=\"\" data-image-caption=\"\" data-large-file=\"https:\/\/cloud.alqueria.es\/wp-content\/uploads\/sites\/6\/2017\/05\/calculamos-lunes.jpg\" class=\"aligncenter wp-image-13716\" src=\"https:\/\/cloud.alqueria.es\/wp-content\/uploads\/sites\/6\/2017\/05\/calculamos-lunes.jpg\" alt=\"\" width=\"552\" height=\"142\" srcset=\"https:\/\/cloud.alqueria.es\/wp-content\/uploads\/sites\/6\/2017\/05\/calculamos-lunes.jpg 572w, https:\/\/cloud.alqueria.es\/wp-content\/uploads\/sites\/6\/2017\/05\/calculamos-lunes-300x77.jpg 300w\" sizes=\"(max-width: 552px) 100vw, 552px\" \/><\/p>\n<p>durante las vacaciones para no olvidar \u00a0los contenidos que hemos estado aprendiendo. La imagen es a modo de ejemplo, pues pueden ser personalizados.<\/p>\n<h5>El circo<\/h5>\n<p>Durante un mes un grupo de la clase de primero, durante todos los patios hemos \u00a0trabajado \u00a0El circo, por propia iniciativa, bajo la direcci\u00f3n \u00a0de Sof\u00eda como jefa de pista. Hemos tenido verdaderas dificultades del organizaci\u00f3n, que hemos superado por nosotros mismos; hasta dimisiones moment\u00e1neas, que hemos superado por la ilusi\u00f3n que ten\u00eda nuestra maestra por ver el espect\u00e1culo, en el que ella no ha intervenido para nada.<\/p>\n<p>Y ha llegado el d\u00eda de la representaci\u00f3n :<\/p>\n<p class=\"jetpack-slideshow-noscript robots-nocontent\">El pase de diapositivas requiere JavaScript.<\/p><div id=\"gallery-13704-2-slideshow\" class=\"jetpack-slideshow-window jetpack-slideshow jetpack-slideshow-black\" data-trans=\"fade\" data-autostart=\"1\" data-gallery=\"[{&quot;src&quot;:&quot;https:\\\/\\\/cloud.alqueria.es\\\/wp-content\\\/uploads\\\/sites\\\/6\\\/2017\\\/06\\\/DSC07422.jpg&quot;,&quot;id&quot;:&quot;13788&quot;,&quot;title&quot;:&quot;DSC07422&quot;,&quot;alt&quot;:&quot;&quot;,&quot;caption&quot;:&quot;&quot;,&quot;itemprop&quot;:&quot;image&quot;},{&quot;src&quot;:&quot;https:\\\/\\\/cloud.alqueria.es\\\/wp-content\\\/uploads\\\/sites\\\/6\\\/2017\\\/06\\\/DSC07424.jpg&quot;,&quot;id&quot;:&quot;13789&quot;,&quot;title&quot;:&quot;DSC07424&quot;,&quot;alt&quot;:&quot;&quot;,&quot;caption&quot;:&quot;&quot;,&quot;itemprop&quot;:&quot;image&quot;},{&quot;src&quot;:&quot;https:\\\/\\\/cloud.alqueria.es\\\/wp-content\\\/uploads\\\/sites\\\/6\\\/2017\\\/06\\\/DSC07425.jpg&quot;,&quot;id&quot;:&quot;13790&quot;,&quot;title&quot;:&quot;DSC07425&quot;,&quot;alt&quot;:&quot;&quot;,&quot;caption&quot;:&quot;&quot;,&quot;itemprop&quot;:&quot;image&quot;},{&quot;src&quot;:&quot;https:\\\/\\\/cloud.alqueria.es\\\/wp-content\\\/uploads\\\/sites\\\/6\\\/2017\\\/06\\\/DSC07426.jpg&quot;,&quot;id&quot;:&quot;13791&quot;,&quot;title&quot;:&quot;DSC07426&quot;,&quot;alt&quot;:&quot;&quot;,&quot;caption&quot;:&quot;&quot;,&quot;itemprop&quot;:&quot;image&quot;},{&quot;src&quot;:&quot;https:\\\/\\\/cloud.alqueria.es\\\/wp-content\\\/uploads\\\/sites\\\/6\\\/2017\\\/06\\\/DSC07428.jpg&quot;,&quot;id&quot;:&quot;13792&quot;,&quot;title&quot;:&quot;DSC07428&quot;,&quot;alt&quot;:&quot;&quot;,&quot;caption&quot;:&quot;&quot;,&quot;itemprop&quot;:&quot;image&quot;},{&quot;src&quot;:&quot;https:\\\/\\\/cloud.alqueria.es\\\/wp-content\\\/uploads\\\/sites\\\/6\\\/2017\\\/06\\\/DSC07430.jpg&quot;,&quot;id&quot;:&quot;13793&quot;,&quot;title&quot;:&quot;DSC07430&quot;,&quot;alt&quot;:&quot;&quot;,&quot;caption&quot;:&quot;&quot;,&quot;itemprop&quot;:&quot;image&quot;},{&quot;src&quot;:&quot;https:\\\/\\\/cloud.alqueria.es\\\/wp-content\\\/uploads\\\/sites\\\/6\\\/2017\\\/06\\\/DSC07431.jpg&quot;,&quot;id&quot;:&quot;13794&quot;,&quot;title&quot;:&quot;DSC07431&quot;,&quot;alt&quot;:&quot;&quot;,&quot;caption&quot;:&quot;&quot;,&quot;itemprop&quot;:&quot;image&quot;},{&quot;src&quot;:&quot;https:\\\/\\\/cloud.alqueria.es\\\/wp-content\\\/uploads\\\/sites\\\/6\\\/2017\\\/06\\\/DSC07432.jpg&quot;,&quot;id&quot;:&quot;13795&quot;,&quot;title&quot;:&quot;DSC07432&quot;,&quot;alt&quot;:&quot;&quot;,&quot;caption&quot;:&quot;&quot;,&quot;itemprop&quot;:&quot;image&quot;},{&quot;src&quot;:&quot;https:\\\/\\\/cloud.alqueria.es\\\/wp-content\\\/uploads\\\/sites\\\/6\\\/2017\\\/06\\\/DSC07433.jpg&quot;,&quot;id&quot;:&quot;13796&quot;,&quot;title&quot;:&quot;DSC07433&quot;,&quot;alt&quot;:&quot;&quot;,&quot;caption&quot;:&quot;&quot;,&quot;itemprop&quot;:&quot;image&quot;},{&quot;src&quot;:&quot;https:\\\/\\\/cloud.alqueria.es\\\/wp-content\\\/uploads\\\/sites\\\/6\\\/2017\\\/06\\\/DSC07434.jpg&quot;,&quot;id&quot;:&quot;13797&quot;,&quot;title&quot;:&quot;DSC07434&quot;,&quot;alt&quot;:&quot;&quot;,&quot;caption&quot;:&quot;&quot;,&quot;itemprop&quot;:&quot;image&quot;},{&quot;src&quot;:&quot;https:\\\/\\\/cloud.alqueria.es\\\/wp-content\\\/uploads\\\/sites\\\/6\\\/2017\\\/06\\\/DSC07435.jpg&quot;,&quot;id&quot;:&quot;13798&quot;,&quot;title&quot;:&quot;DSC07435&quot;,&quot;alt&quot;:&quot;&quot;,&quot;caption&quot;:&quot;&quot;,&quot;itemprop&quot;:&quot;image&quot;}]\" itemscope itemtype=\"https:\/\/schema.org\/ImageGallery\"><\/div>\n<p>Los n\u00fameros han sido muy variados: mimo, equilibrio, funambulismo, Stars Wars, magia y payasa.<\/p>\n<p><em>\u00abCuando jugamos de verdad, no necesitamos m\u00e1s que nuestra imaginaci\u00f3n y unos cuantos amigos.\u00bb<\/em><\/p>\n<p>Otros compa\u00f1eros han sido el p\u00fablico, recibiendo un fuerte impacto, hasta tal punto, que a continuaci\u00f3n se han puesto ellos a organizar otro.<\/p>\n<h5>Fiesta Final de curso<\/h5>\n<p><img decoding=\"async\" data-attachment-id=\"13718\" data-permalink=\"https:\/\/www.alqueria.es\/blogs\/alqueriaprimerciclo\/2017\/06\/02\/medimos-el-tiempo-en-1o\/invitacion\/\" data-orig-file=\"https:\/\/cloud.alqueria.es\/wp-content\/uploads\/sites\/6\/2017\/05\/invitaci%C3%B3n.jpg\" data-orig-size=\"601,456\" data-comments-opened=\"1\" data-image-meta=\"{&quot;aperture&quot;:&quot;0&quot;,&quot;credit&quot;:&quot;&quot;,&quot;camera&quot;:&quot;&quot;,&quot;caption&quot;:&quot;&quot;,&quot;created_timestamp&quot;:&quot;0&quot;,&quot;copyright&quot;:&quot;&quot;,&quot;focal_length&quot;:&quot;0&quot;,&quot;iso&quot;:&quot;0&quot;,&quot;shutter_speed&quot;:&quot;0&quot;,&quot;title&quot;:&quot;&quot;,&quot;orientation&quot;:&quot;0&quot;}\" data-image-title=\"invitaci\u00f3n\" data-image-description=\"\" data-image-caption=\"\" data-large-file=\"https:\/\/cloud.alqueria.es\/wp-content\/uploads\/sites\/6\/2017\/05\/invitaci%C3%B3n.jpg\" class=\"aligncenter size-full wp-image-13718\" src=\"https:\/\/cloud.alqueria.es\/wp-content\/uploads\/sites\/6\/2017\/05\/invitaci%C3%B3n.jpg\" alt=\"\" width=\"601\" height=\"456\" srcset=\"https:\/\/cloud.alqueria.es\/wp-content\/uploads\/sites\/6\/2017\/05\/invitaci%C3%B3n.jpg 601w, https:\/\/cloud.alqueria.es\/wp-content\/uploads\/sites\/6\/2017\/05\/invitaci%C3%B3n-300x228.jpg 300w\" sizes=\"(max-width: 601px) 100vw, 601px\" \/><\/p>\n<p>Este s\u00e1bado celebramos que hemos conseguido disfrutar nuestro primer curso en primaria . Estamos muy contentos por los logros que hemos alcanzado y queremos compartirlos con nuestras familias. Despediremos a nuestros compa\u00f1eros de 6\u00ba que han finalizado la etapa.<\/p>\n<p><img decoding=\"async\" src=\"http:\/\/www.dimelaneta.com\/wp-content\/uploads\/2013\/07\/la-escala-del-universo-3.jpg\" \/>La cita es \u00a0intergal\u00e1ctica, por lo tanto prepararemos nuestras naves, para llegar puntuales. Podemos vestirnos como m\u00e1s nos guste. Y debemos recordar las normas imprescindibles de seguridad, para que el encuentro sea muy agradable.<\/p>\n<p>Hasta ma\u00f1ana,.<\/p>\n<p>Rosi<\/p>\n<p>&nbsp;<\/p>\n","protected":false},"excerpt":{"rendered":"<p>El reloj \u00abAntiguamente, lo \u00fanico que pod\u00eda hacer la gente era mirar el Sol y la Luna para tratar de medir el tiempo. Transcurrieron los siglos y los egipcios idearon los primeros relojes, los relojes solares. Conforme ha ido pasando el tiempo, se han ido descubriendo m\u00e9todos para medirlo\u00bb. Esto es lo que casi hemos &hellip; <a href=\"https:\/\/www.alqueria.es\/blogs\/alqueriaprimerciclo\/2017\/06\/02\/medimos-el-tiempo-en-1o\/\" class=\"more-link\">Seguir leyendo <span class=\"screen-reader-text\">Medimos el tiempo en 1\u00ba<\/span> <span class=\"meta-nav\">&rarr;<\/span><\/a><\/p>\n","protected":false},"author":12,"featured_media":0,"comment_status":"open","ping_status":"open","sticky":false,"template":"","format":"standard","meta":{"jetpack_post_was_ever_published":false,"_jetpack_newsletter_access":"","_jetpack_dont_email_post_to_subs":false,"_jetpack_newsletter_tier_id":0,"_jetpack_memberships_contains_paywalled_content":false,"_jetpack_memberships_contains_paid_content":false,"footnotes":"","jetpack_publicize_message":"","jetpack_publicize_feature_enabled":true,"jetpack_social_post_already_shared":true,"jetpack_social_options":{"image_generator_settings":{"template":"highway","default_image_id":0,"font":"","enabled":false},"version":2}},"categories":[2,8],"tags":[],"class_list":["post-13704","post","type-post","status-publish","format-standard","hentry","category-1o-epo","category-diario-de-clase-1o"],"jetpack_publicize_connections":[],"jetpack_featured_media_url":"","jetpack_sharing_enabled":true,"jetpack_shortlink":"https:\/\/wp.me\/p4lvS0-3z2","_links":{"self":[{"href":"https:\/\/www.alqueria.es\/blogs\/alqueriaprimerciclo\/wp-json\/wp\/v2\/posts\/13704","targetHints":{"allow":["GET"]}}],"collection":[{"href":"https:\/\/www.alqueria.es\/blogs\/alqueriaprimerciclo\/wp-json\/wp\/v2\/posts"}],"about":[{"href":"https:\/\/www.alqueria.es\/blogs\/alqueriaprimerciclo\/wp-json\/wp\/v2\/types\/post"}],"author":[{"embeddable":true,"href":"https:\/\/www.alqueria.es\/blogs\/alqueriaprimerciclo\/wp-json\/wp\/v2\/users\/12"}],"replies":[{"embeddable":true,"href":"https:\/\/www.alqueria.es\/blogs\/alqueriaprimerciclo\/wp-json\/wp\/v2\/comments?post=13704"}],"version-history":[{"count":0,"href":"https:\/\/www.alqueria.es\/blogs\/alqueriaprimerciclo\/wp-json\/wp\/v2\/posts\/13704\/revisions"}],"wp:attachment":[{"href":"https:\/\/www.alqueria.es\/blogs\/alqueriaprimerciclo\/wp-json\/wp\/v2\/media?parent=13704"}],"wp:term":[{"taxonomy":"category","embeddable":true,"href":"https:\/\/www.alqueria.es\/blogs\/alqueriaprimerciclo\/wp-json\/wp\/v2\/categories?post=13704"},{"taxonomy":"post_tag","embeddable":true,"href":"https:\/\/www.alqueria.es\/blogs\/alqueriaprimerciclo\/wp-json\/wp\/v2\/tags?post=13704"}],"curies":[{"name":"wp","href":"https:\/\/api.w.org\/{rel}","templated":true}]}}