{"id":13889,"date":"2017-06-09T15:42:10","date_gmt":"2017-06-09T13:42:10","guid":{"rendered":"https:\/\/www.alqueria.es\/blogs\/alqueriaprimerciclo\/?p=13889"},"modified":"2017-06-09T15:42:10","modified_gmt":"2017-06-09T13:42:10","slug":"cuidamos-el-medio-y-el-ambiente","status":"publish","type":"post","link":"https:\/\/www.alqueria.es\/blogs\/alqueriaprimerciclo\/2017\/06\/09\/cuidamos-el-medio-y-el-ambiente\/","title":{"rendered":"Cuidamos el medio y el ambiente"},"content":{"rendered":"<h5>D\u00eda del Medio Ambiente<\/h5>\n<p>Pero&#8230;, \u00bfc\u00f3mo vamos a comprender esto?<\/p>\n<p>Lo usamos todos, pero tendr\u00edamos que ver qu\u00e9 entendemos cada uno.<\/p>\n<p><img decoding=\"async\" src=\"http:\/\/www.chiledesarrollosustentable.cl\/wp-content\/uploads\/2017\/05\/d%C3%ADa-del-medioambiente-6-17-1.jpg\" alt=\"Resultado de imagen de d\u00eda mundial del medio ambiente\" \/><\/p>\n<p>Somos personas con poca experiencia, ya que tenemos 6 y 7 a\u00f1os nada m\u00e1s, para aceptar que el planeta est\u00e1 seriamente perjudicado.<br \/>\nEn nuestra clase hemos descifrado algunos significados. En una asamblea hemos compartido los conocimientos que tenemos y podemos decir que:<\/p>\n<p><em>\u00abCaptamos r\u00e1pidamente si nuestro entorno es agradable y nos permite vivir tranquilos.\u00a0Comprobamos que est\u00e1 relacionado con nuestro comportamiento \u00ab.<\/em><\/p>\n<h5>Colaboramos a mejorar el medio :<\/h5>\n<p><img decoding=\"async\" class=\"alignleft\" src=\"http:\/\/www.ecoticias.com\/userfiles\/extra\/OEWS_24.jpg\" alt=\"Resultado de imagen de d\u00eda mundial del medio ambiente\" width=\"277\" height=\"212\" \/>Ensayando \u00a0actitudes de respeto hacia todos los seres vivos que nos rodean. En este colegio, os aseguramos que, son muchos, desde las hormigas, que est\u00e1n por todas partes, hasta las personas con las que convivimos.<\/p>\n<ul>\n<li>Con el mantenimiento adecuado de todas las plantas, que nos rodean.<\/li>\n<\/ul>\n<p><img decoding=\"async\" class=\"aligncenter\" src=\"https:\/\/cloud.alqueria.es\/wp-content\/uploads\/sites\/6\/2014\/10\/DSC09520-300x225.jpg\" alt=\"Resultado de imagen de Conferencias de 1\u00ba alqueria\" \/><\/p>\n<ul>\n<li>Intentamos llevar un consumo razonable de los bienes de que disponemos.<img decoding=\"async\" class=\"aligncenter\" src=\"http:\/\/static3.elblogverde.com\/wp-content\/uploads\/2008\/06\/dia-mundial-del-medio-ambiente-en-espana-fruta-600x338.jpg\" alt=\"Resultado de imagen de d\u00eda mundial del medio ambiente\" width=\"365\" height=\"206\" \/><\/li>\n<li>Y los residuos que producimos los tratamos de tal forma que no generen m\u00e1s contaminaci\u00f3n.<\/li>\n<\/ul>\n<p><img decoding=\"async\" class=\"aligncenter\" src=\"https:\/\/i.ytimg.com\/vi\/Lbl08e963jg\/maxresdefault.jpg\" alt=\"Resultado de imagen de residuos\" width=\"390\" height=\"219\" \/><\/p>\n<p>De momento ponemos ya un granito de arena \u00a0en el cuidado del medio, que debe ir creciendo \u00a0a la par que lo hacemos nosotros.<\/p>\n<h5>Colaboramos a mejorar el ambiente:<\/h5>\n<p>Trabajando nuestras emociones, para hacer posible la convivencia, y lo que sigue a continuaci\u00f3n es una muestra.<\/p>\n<p>\u00abSomos dos ni\u00f1os de la clase que nos sentamos juntos este trimestre (un ni\u00f1o y una ni\u00f1a). No ha habido una comunicaci\u00f3n adecuada en los trabajos de equipo, pero s\u00ed trabaj\u00e1bamos muy bien de forma individual. Pero un d\u00eda en art\u00edstica, cuando hab\u00edamos terminado una nariz que ten\u00edamos que hacer juntos , en el resto del papel sobrante hicimos esto:<\/p>\n<p><img decoding=\"async\" data-attachment-id=\"13897\" data-permalink=\"https:\/\/www.alqueria.es\/blogs\/alqueriaprimerciclo\/2017\/06\/09\/cuidamos-el-medio-y-el-ambiente\/dsc07552\/\" data-orig-file=\"https:\/\/cloud.alqueria.es\/wp-content\/uploads\/sites\/6\/2017\/06\/DSC07552.jpg\" data-orig-size=\"575,1024\" data-comments-opened=\"1\" data-image-meta=\"{&quot;aperture&quot;:&quot;0&quot;,&quot;credit&quot;:&quot;&quot;,&quot;camera&quot;:&quot;&quot;,&quot;caption&quot;:&quot;&quot;,&quot;created_timestamp&quot;:&quot;0&quot;,&quot;copyright&quot;:&quot;&quot;,&quot;focal_length&quot;:&quot;0&quot;,&quot;iso&quot;:&quot;0&quot;,&quot;shutter_speed&quot;:&quot;0&quot;,&quot;title&quot;:&quot;&quot;,&quot;orientation&quot;:&quot;0&quot;}\" data-image-title=\"DSC07552\" data-image-description=\"\" data-image-caption=\"\" data-large-file=\"https:\/\/cloud.alqueria.es\/wp-content\/uploads\/sites\/6\/2017\/06\/DSC07552-575x1024.jpg\" class=\"aligncenter size-full wp-image-13897\" src=\"https:\/\/cloud.alqueria.es\/wp-content\/uploads\/sites\/6\/2017\/06\/DSC07552.jpg\" alt=\"\" width=\"575\" height=\"1024\" srcset=\"https:\/\/cloud.alqueria.es\/wp-content\/uploads\/sites\/6\/2017\/06\/DSC07552.jpg 575w, https:\/\/cloud.alqueria.es\/wp-content\/uploads\/sites\/6\/2017\/06\/DSC07552-168x300.jpg 168w\" sizes=\"(max-width: 575px) 100vw, 575px\" \/>Cada uno fue poniendo una emoci\u00f3n, en el mismo papel y sin que nadie nos lo encargara. Cuando Rosi lo vio nos abraz\u00f3 . No solo hab\u00edamos aprendido a compartir el trabajo en estos d\u00edas sino tambi\u00e9n c\u00f3mo nos sentimos.<\/p>\n<h5>Ordenamos las carpetas<\/h5>\n<p><img decoding=\"async\" class=\"alignleft\" src=\"https:\/\/cloud.alqueria.es\/wp-content\/uploads\/sites\/6\/2013\/10\/mi-diccionario1.jpg\" alt=\"Resultado de imagen de Mi primer diccionario alqueria\" \/>Revisamos todo el diccionario de las palabras que hemos hecho a lo largo del curso y las conferencias que hemos tenido. Tomamos consciencia de que si lo hacemos bien cada d\u00eda, despu\u00e9s tardamos muy poco en terminar este trabajo.<\/p>\n<p><img decoding=\"async\" class=\"aligncenter\" src=\"https:\/\/i2.wp.com\/www.10puntos.com\/wp-content\/uploads\/2011\/03\/cerebro-3.png\" alt=\"Resultado de imagen de Conferencias de 1\u00ba alqueria\" width=\"327\" height=\"245\" \/><\/p>\n<p>Es agradable ver pasar estos trabajos que hemos tardado todo un curso en hacer, porque comprobamos c\u00f3mo hemos mejorado con el esfuerzo realizado.<\/p>\n<h5>Repaso de matem\u00e1ticas<\/h5>\n<p>Hacemos concursos de c\u00e1lculo en grupos peque\u00f1os, con los contenidos del curso.<\/p>\n<h5>Despedida de Juan<\/h5>\n<p><img decoding=\"async\" data-attachment-id=\"13903\" data-permalink=\"https:\/\/www.alqueria.es\/blogs\/alqueriaprimerciclo\/2017\/06\/09\/cuidamos-el-medio-y-el-ambiente\/dsc07545\/\" data-orig-file=\"https:\/\/cloud.alqueria.es\/wp-content\/uploads\/sites\/6\/2017\/06\/DSC07545.jpg\" data-orig-size=\"1024,575\" data-comments-opened=\"1\" data-image-meta=\"{&quot;aperture&quot;:&quot;0&quot;,&quot;credit&quot;:&quot;&quot;,&quot;camera&quot;:&quot;&quot;,&quot;caption&quot;:&quot;&quot;,&quot;created_timestamp&quot;:&quot;0&quot;,&quot;copyright&quot;:&quot;&quot;,&quot;focal_length&quot;:&quot;0&quot;,&quot;iso&quot;:&quot;0&quot;,&quot;shutter_speed&quot;:&quot;0&quot;,&quot;title&quot;:&quot;&quot;,&quot;orientation&quot;:&quot;0&quot;}\" data-image-title=\"DSC07545\" data-image-description=\"\" data-image-caption=\"\" data-large-file=\"https:\/\/cloud.alqueria.es\/wp-content\/uploads\/sites\/6\/2017\/06\/DSC07545-1024x575.jpg\" class=\"aligncenter size-full wp-image-13903\" src=\"https:\/\/cloud.alqueria.es\/wp-content\/uploads\/sites\/6\/2017\/06\/DSC07545.jpg\" alt=\"\" width=\"1024\" height=\"575\" srcset=\"https:\/\/cloud.alqueria.es\/wp-content\/uploads\/sites\/6\/2017\/06\/DSC07545.jpg 1024w, https:\/\/cloud.alqueria.es\/wp-content\/uploads\/sites\/6\/2017\/06\/DSC07545-300x168.jpg 300w, https:\/\/cloud.alqueria.es\/wp-content\/uploads\/sites\/6\/2017\/06\/DSC07545-768x431.jpg 768w\" sizes=\"(max-width: 1024px) 100vw, 1024px\" \/><\/p>\n<p>Juan, ha sido el maestro que nos ha ayudado durante cuatro meses en clase. Hemos estado muy bien con \u00e9l, porque es muy cari\u00f1oso.<\/p>\n<p>Le deseamos mucha suerte.<\/p>\n<p style=\"text-align: center\">\u00a1Hasta siempre Juan!<\/p>\n<h5><span style=\"color: #000000\"><a style=\"color: #000000\" href=\"http:\/\/espiraledublogs.org\/comunidad\/Edublogs\/recurso\/ganadores-xi-edicion-premio-espiral-edublogs\/357a74b2-6ded-49bb-abfc-14fc0239e055\">XI Premio Espiral Edublogs<\/a> <\/span><\/h5>\n<p>Una representaci\u00f3n del alumnado del tercer ciclo de Primaria, asiste al <span style=\"color: #0000ff\"><a style=\"color: #0000ff\" href=\"http:\/\/espiraledublogs.org\/comunidad\/Edublogs\/recurso\/ganadores-xi-edicion-premio-espiral-edublogs\/357a74b2-6ded-49bb-abfc-14fc0239e055\">XI Premio Espiral Edublogs<\/a><\/span> que se celebra el 10 de junio en Madrid. All\u00ed recoger\u00e1n el premio que han obtenido por su trabajo en el <span style=\"color: #0000ff\"><a style=\"color: #0000ff\" href=\"https:\/\/www.alqueria.es\/blogs\/alqueriatercerciclo\/\">blog de alumnos<\/a><\/span> siendo finalistas en la categor\u00eda de \u00abAlumnos que construyen\u00bb.<\/p>\n<p>El s\u00e1bado desvelar\u00e1n en directo la posici\u00f3n en la que ha quedado el blog y el trabajo de su alumnado. Averiguar\u00e1n si la peonza recibida ser\u00e1 de bronce, plata u oro.<\/p>\n<p><a href=\"http:\/\/espiraledublogs.org\/comunidad\/Edublogs\/recurso\/ganadores-xi-edicion-premio-espiral-edublogs\/357a74b2-6ded-49bb-abfc-14fc0239e055\"><img decoding=\"async\" class=\"aligncenter size-full wp-image-16826\" src=\"https:\/\/cloud.alqueria.es\/wp-content\/uploads\/sites\/7\/2017\/06\/headerEdublogs_cast.png\" alt=\"\" width=\"992\" height=\"250\" \/><\/a><\/p>\n<h5>Concierto coral de 1\u00ba y 2\u00ba<\/h5>\n<p>Durante todo el curso hemos tenido una clase de canto con Elena. Formamos un peque\u00f1o coro junto con el grupo de 2\u00ba.<\/p>\n<p><img decoding=\"async\" data-attachment-id=\"13905\" data-permalink=\"https:\/\/www.alqueria.es\/blogs\/alqueriaprimerciclo\/2017\/06\/09\/cuidamos-el-medio-y-el-ambiente\/dsc07554\/\" data-orig-file=\"https:\/\/cloud.alqueria.es\/wp-content\/uploads\/sites\/6\/2017\/06\/DSC07554.jpg\" data-orig-size=\"1024,575\" data-comments-opened=\"1\" data-image-meta=\"{&quot;aperture&quot;:&quot;0&quot;,&quot;credit&quot;:&quot;&quot;,&quot;camera&quot;:&quot;&quot;,&quot;caption&quot;:&quot;&quot;,&quot;created_timestamp&quot;:&quot;0&quot;,&quot;copyright&quot;:&quot;&quot;,&quot;focal_length&quot;:&quot;0&quot;,&quot;iso&quot;:&quot;0&quot;,&quot;shutter_speed&quot;:&quot;0&quot;,&quot;title&quot;:&quot;&quot;,&quot;orientation&quot;:&quot;0&quot;}\" data-image-title=\"DSC07554\" data-image-description=\"\" data-image-caption=\"\" data-large-file=\"https:\/\/cloud.alqueria.es\/wp-content\/uploads\/sites\/6\/2017\/06\/DSC07554-1024x575.jpg\" class=\"aligncenter size-full wp-image-13905\" src=\"https:\/\/cloud.alqueria.es\/wp-content\/uploads\/sites\/6\/2017\/06\/DSC07554.jpg\" alt=\"\" width=\"1024\" height=\"575\" srcset=\"https:\/\/cloud.alqueria.es\/wp-content\/uploads\/sites\/6\/2017\/06\/DSC07554.jpg 1024w, https:\/\/cloud.alqueria.es\/wp-content\/uploads\/sites\/6\/2017\/06\/DSC07554-300x168.jpg 300w, https:\/\/cloud.alqueria.es\/wp-content\/uploads\/sites\/6\/2017\/06\/DSC07554-768x431.jpg 768w\" sizes=\"(max-width: 1024px) 100vw, 1024px\" \/><\/p>\n<p style=\"text-align: center\">Hemos ensayado juntos varios d\u00edas.<\/p>\n<p><img decoding=\"async\" data-attachment-id=\"13906\" data-permalink=\"https:\/\/www.alqueria.es\/blogs\/alqueriaprimerciclo\/2017\/06\/09\/cuidamos-el-medio-y-el-ambiente\/dsc07555\/\" data-orig-file=\"https:\/\/cloud.alqueria.es\/wp-content\/uploads\/sites\/6\/2017\/06\/DSC07555.jpg\" data-orig-size=\"1024,575\" data-comments-opened=\"1\" data-image-meta=\"{&quot;aperture&quot;:&quot;0&quot;,&quot;credit&quot;:&quot;&quot;,&quot;camera&quot;:&quot;&quot;,&quot;caption&quot;:&quot;&quot;,&quot;created_timestamp&quot;:&quot;0&quot;,&quot;copyright&quot;:&quot;&quot;,&quot;focal_length&quot;:&quot;0&quot;,&quot;iso&quot;:&quot;0&quot;,&quot;shutter_speed&quot;:&quot;0&quot;,&quot;title&quot;:&quot;&quot;,&quot;orientation&quot;:&quot;0&quot;}\" data-image-title=\"DSC07555\" data-image-description=\"\" data-image-caption=\"\" data-large-file=\"https:\/\/cloud.alqueria.es\/wp-content\/uploads\/sites\/6\/2017\/06\/DSC07555-1024x575.jpg\" class=\"aligncenter size-full wp-image-13906\" src=\"https:\/\/cloud.alqueria.es\/wp-content\/uploads\/sites\/6\/2017\/06\/DSC07555.jpg\" alt=\"\" width=\"1024\" height=\"575\" srcset=\"https:\/\/cloud.alqueria.es\/wp-content\/uploads\/sites\/6\/2017\/06\/DSC07555.jpg 1024w, https:\/\/cloud.alqueria.es\/wp-content\/uploads\/sites\/6\/2017\/06\/DSC07555-300x168.jpg 300w, https:\/\/cloud.alqueria.es\/wp-content\/uploads\/sites\/6\/2017\/06\/DSC07555-768x431.jpg 768w\" sizes=\"(max-width: 1024px) 100vw, 1024px\" \/><\/p>\n<p>Para finalizar el curso ofrecemos una audici\u00f3n a nuestros compa\u00f1eros y compa\u00f1eras de primaria el martes por la ma\u00f1ana.<\/p>\n<p>Buen fin de semana a todos<\/p>\n<p>Rosi<\/p>\n","protected":false},"excerpt":{"rendered":"<p>D\u00eda del Medio Ambiente Pero&#8230;, \u00bfc\u00f3mo vamos a comprender esto? Lo usamos todos, pero tendr\u00edamos que ver qu\u00e9 entendemos cada uno. Somos personas con poca experiencia, ya que tenemos 6 y 7 a\u00f1os nada m\u00e1s, para aceptar que el planeta est\u00e1 seriamente perjudicado. En nuestra clase hemos descifrado algunos significados. En una asamblea hemos compartido &hellip; <a href=\"https:\/\/www.alqueria.es\/blogs\/alqueriaprimerciclo\/2017\/06\/09\/cuidamos-el-medio-y-el-ambiente\/\" class=\"more-link\">Seguir leyendo <span class=\"screen-reader-text\">Cuidamos el medio y el ambiente<\/span> <span class=\"meta-nav\">&rarr;<\/span><\/a><\/p>\n","protected":false},"author":12,"featured_media":0,"comment_status":"open","ping_status":"open","sticky":false,"template":"","format":"standard","meta":{"jetpack_post_was_ever_published":false,"_jetpack_newsletter_access":"","_jetpack_dont_email_post_to_subs":false,"_jetpack_newsletter_tier_id":0,"_jetpack_memberships_contains_paywalled_content":false,"_jetpack_memberships_contains_paid_content":false,"footnotes":"","jetpack_publicize_message":"","jetpack_publicize_feature_enabled":true,"jetpack_social_post_already_shared":true,"jetpack_social_options":{"image_generator_settings":{"template":"highway","default_image_id":0,"font":"","enabled":false},"version":2}},"categories":[2,8],"tags":[],"class_list":["post-13889","post","type-post","status-publish","format-standard","hentry","category-1o-epo","category-diario-de-clase-1o"],"jetpack_publicize_connections":[],"jetpack_featured_media_url":"","jetpack_sharing_enabled":true,"jetpack_shortlink":"https:\/\/wp.me\/p4lvS0-3C1","_links":{"self":[{"href":"https:\/\/www.alqueria.es\/blogs\/alqueriaprimerciclo\/wp-json\/wp\/v2\/posts\/13889","targetHints":{"allow":["GET"]}}],"collection":[{"href":"https:\/\/www.alqueria.es\/blogs\/alqueriaprimerciclo\/wp-json\/wp\/v2\/posts"}],"about":[{"href":"https:\/\/www.alqueria.es\/blogs\/alqueriaprimerciclo\/wp-json\/wp\/v2\/types\/post"}],"author":[{"embeddable":true,"href":"https:\/\/www.alqueria.es\/blogs\/alqueriaprimerciclo\/wp-json\/wp\/v2\/users\/12"}],"replies":[{"embeddable":true,"href":"https:\/\/www.alqueria.es\/blogs\/alqueriaprimerciclo\/wp-json\/wp\/v2\/comments?post=13889"}],"version-history":[{"count":0,"href":"https:\/\/www.alqueria.es\/blogs\/alqueriaprimerciclo\/wp-json\/wp\/v2\/posts\/13889\/revisions"}],"wp:attachment":[{"href":"https:\/\/www.alqueria.es\/blogs\/alqueriaprimerciclo\/wp-json\/wp\/v2\/media?parent=13889"}],"wp:term":[{"taxonomy":"category","embeddable":true,"href":"https:\/\/www.alqueria.es\/blogs\/alqueriaprimerciclo\/wp-json\/wp\/v2\/categories?post=13889"},{"taxonomy":"post_tag","embeddable":true,"href":"https:\/\/www.alqueria.es\/blogs\/alqueriaprimerciclo\/wp-json\/wp\/v2\/tags?post=13889"}],"curies":[{"name":"wp","href":"https:\/\/api.w.org\/{rel}","templated":true}]}}