{"id":15499,"date":"2018-02-02T15:25:05","date_gmt":"2018-02-02T14:25:05","guid":{"rendered":"https:\/\/www.alqueria.es\/blogs\/alqueriaprimerciclo\/?p=15499"},"modified":"2018-02-02T15:25:05","modified_gmt":"2018-02-02T14:25:05","slug":"la-geometria-en-la-artes-plasticas","status":"publish","type":"post","link":"https:\/\/www.alqueria.es\/blogs\/alqueriaprimerciclo\/2018\/02\/02\/la-geometria-en-la-artes-plasticas\/","title":{"rendered":"La Geometr\u00eda en la Artes Pl\u00e1sticas"},"content":{"rendered":"<p>Esta semana hemos empezado con la\u00a0 b\u00fasqueda de artistas pl\u00e1sticos que utilizan la Geometr\u00eda en sus obras.<\/p>\n<p>Los hemos ordenado de la siguiente forma, con parte del material que hemos aportado:<\/p>\n<h5>Pintores<\/h5>\n<ul>\n<li><img decoding=\"async\" class=\"alignright\" src=\"http:\/\/recuerdosdepandora.com\/wp-content\/uploads\/2010\/04\/leonardo-da-vinci-300x300.jpg\" alt=\"Resultado de imagen de leonardo da vinci\" width=\"119\" height=\"119\" \/>Realistas, los elementos de la obra se parecen mucho a\u00a0 los objetos que nos rodean.<\/li>\n<li><img decoding=\"async\" class=\"alignright\" src=\"https:\/\/thumbs-prod.si-cdn.com\/B9m3Q3g22EFpkc3iXOpyP_CChrY=\/1072x720\/filters:no_upscale()\/https:\/\/public-media.smithsonianmag.com\/filer\/Vincent-van-Gogh-The-Starry-Night-631.jpg\" alt=\"Resultado de imagen de van gogh\" width=\"175\" height=\"83\" \/>Impresionistas,sus pinceladas son manchas de color que\u00a0 configuran las formas.<\/li>\n<\/ul>\n<p><img decoding=\"async\" class=\"alignright\" src=\"https:\/\/i.pinimg.com\/736x\/56\/bd\/4a\/56bd4a7c26beccf4a4b2c54d6aa13ca5--cat-art-illustrations.jpg\" alt=\"Resultado de imagen de klimt\" width=\"127\" height=\"158\" \/><\/p>\n<ul>\n<li><img decoding=\"async\" class=\"alignright\" src=\"http:\/\/www.arteespana.com\/imagenes\/juangris3.jpg\" alt=\"Resultado de imagen de Juan Gris\" width=\"99\" height=\"127\" \/>Cubistas , desaparecen las formas curvas en los objetos.<img decoding=\"async\" class=\"alignleft\" src=\"http:\/\/3.bp.blogspot.com\/-fKnBn75H5Pw\/VWd8aLDbisI\/AAAAAAAAJO4\/5jqStRUqPqc\/s1600\/fc3a1brica-de-horta-de-ebro1.jpg\" alt=\"Resultado de imagen de Horta Picasso\" width=\"121\" height=\"95\" \/><\/li>\n<\/ul>\n<p>&nbsp;<\/p>\n<p>&nbsp;<\/p>\n<ul>\n<li>Abstractos, las formas geom\u00e9tricas protagonizan los temas de las obras, sin ning\u00fan elemento figurativo<img decoding=\"async\" class=\"alignright\" src=\"http:\/\/www.todocuadros.es\/media\/catalog\/product\/cache\/10\/image\/d7e334e937074b0c9e4540c5d6ff7b5f\/c\/o\/composicion-8-kandinsky.jpg\" alt=\"Resultado de imagen de kandinsky\" width=\"197\" height=\"138\" \/>.<\/li>\n<\/ul>\n<p><img decoding=\"async\" class=\"\" src=\"http:\/\/www.revistanueva.com.ar\/\/images\/nueva\/notas\/nueva_1368817523_12698.jpg\" alt=\"Resultado de imagen de Espinosa pintor\" width=\"211\" height=\"133\" \/><\/p>\n<p><img decoding=\"async\" class=\"aligncenter\" src=\"https:\/\/www.wallsauce.com\/uploads\/wallsauce-com\/images\/products\/web\/fotolia\/large\/39000238repeating-mondrian-background.jpg\" alt=\"Resultado de imagen de Mondrian\" width=\"141\" height=\"141\" \/><\/p>\n<h5>Grafiteros<\/h5>\n<p><img decoding=\"async\" class=\"aligncenter\" src=\"https:\/\/s-media-cache-ak0.pinimg.com\/originals\/7e\/06\/67\/7e0667d122742a41706c46fb024ac9e8.jpg\" alt=\"Resultado de imagen de graffiti Felipe Pantone\" width=\"320\" height=\"220\" \/><\/p>\n<h5>Ingenieros<\/h5>\n<p><img decoding=\"async\" class=\"aligncenter\" src=\"https:\/\/espacio.fundaciontelefonica.com\/wp-content\/uploads\/2015\/05\/Animaris-Currens.jpg\" alt=\"Resultado de imagen de Jansen esculturas\" width=\"378\" height=\"181\" \/><\/p>\n<p style=\"text-align: right\">Arte cin\u00e9tico.- Theo Jansen<\/p>\n<h5>Escultores<\/h5>\n<p>Alejandro Otero<\/p>\n<p><img decoding=\"async\" class=\"aligncenter\" src=\"https:\/\/canaldenoticia.com\/wp-content\/uploads\/2015\/08\/Alejandro-Otero-2-para-portal.jpg\" alt=\"Resultado de imagen de alejandro otero\" width=\"363\" height=\"272\" \/><\/p>\n<h5>Fot\u00f3grafos<\/h5>\n<p>Nuestra maestra nos ha regalado este power point.<\/p>\n<div class=\"a25-CTUOC-hidding-box\" data-original-content=\"&lt;iframe src=&quot;https:\/\/www.slideshare.net\/slideshow\/embed_code\/86855823&quot; width=&quot;474&quot; height=&quot;389&quot; sandbox=&quot;allow-popups allow-scripts allow-same-origin allow-presentation&quot; allowfullscreen webkitallowfullscreen mozallowfullscreen&gt;&lt;\/iframe&gt;\">Esta p\u00e1gina incluye contenido multimedia que requiere aceptar todas las cookies. Pulse aqu\u00ed para abrir la configuraci\u00f3n de cookies.<\/div>\n<h5>D\u00eda de la Paz<\/h5>\n<p>Es un d\u00eda de reflexi\u00f3n,\u00a0 para que todos nos\u00a0 detengamos a pensar sobre\u00a0\u00a0nuestra convivencia.<\/p>\n<ul>\n<li>\u00bfSomos conscientes de la diversidad de personas que nos rodean?<\/li>\n<li>\u00bf Todos tenemos las mismas oportunidades?<\/li>\n<li>\u00bfC\u00f3mo reaccionamos ante las dificultades propias y de los dem\u00e1s?<\/li>\n<\/ul>\n<p>Lorenzo nos ayuda a pensar:<\/p>\n<p><span class=\"embed-youtube\" style=\"text-align:center; display: block;\"><div class=\"a25-CTUOC-hidding-box\" data-original-content=\"&lt;iframe loading=&quot;lazy&quot; class=&quot;youtube-player&quot; width=&quot;474&quot; height=&quot;267&quot; src=&quot;https:\/\/www.youtube.com\/embed\/upDli7rcGoI?version=3&amp;#038;rel=1&amp;#038;showsearch=0&amp;#038;showinfo=1&amp;#038;iv_load_policy=1&amp;#038;fs=1&amp;#038;hl=es-ES&amp;#038;autohide=2&amp;#038;wmode=transparent&quot; allowfullscreen=&quot;true&quot; style=&quot;border:0;&quot; sandbox=&quot;allow-scripts allow-same-origin allow-popups allow-presentation allow-popups-to-escape-sandbox&quot;&gt;&lt;\/iframe&gt;\">Esta p\u00e1gina incluye contenido multimedia que requiere aceptar todas las cookies. Pulse aqu\u00ed para abrir la configuraci\u00f3n de cookies.<\/div><\/span><\/p>\n<p>Se organizan\u00a0 grupos formados por tres alumnos de cada edad, desde 3 a\u00f1os hasta 12 , se distribuyen por la clases y comentan los cuentos que se le presentan.<br \/>\nEstas son las conclusiones de los nueve equipos:<\/p>\n<p><img decoding=\"async\" data-attachment-id=\"15526\" data-permalink=\"https:\/\/www.alqueria.es\/blogs\/alqueriaprimerciclo\/2018\/02\/04\/lectura-y-musica-para-la-paz\/dsc08989-2\/\" data-orig-file=\"https:\/\/cloud.alqueria.es\/wp-content\/uploads\/sites\/6\/2018\/01\/DSC08989.jpg\" data-orig-size=\"1024,576\" data-comments-opened=\"1\" data-image-meta=\"{&quot;aperture&quot;:&quot;0&quot;,&quot;credit&quot;:&quot;&quot;,&quot;camera&quot;:&quot;&quot;,&quot;caption&quot;:&quot;&quot;,&quot;created_timestamp&quot;:&quot;0&quot;,&quot;copyright&quot;:&quot;&quot;,&quot;focal_length&quot;:&quot;0&quot;,&quot;iso&quot;:&quot;0&quot;,&quot;shutter_speed&quot;:&quot;0&quot;,&quot;title&quot;:&quot;&quot;,&quot;orientation&quot;:&quot;0&quot;}\" data-image-title=\"DSC08989\" data-image-description=\"\" data-image-caption=\"\" data-large-file=\"https:\/\/cloud.alqueria.es\/wp-content\/uploads\/sites\/6\/2018\/01\/DSC08989-1024x576.jpg\" class=\"aligncenter size-full wp-image-15526\" src=\"https:\/\/cloud.alqueria.es\/wp-content\/uploads\/sites\/6\/2018\/01\/DSC08989.jpg\" alt=\"\" width=\"1024\" height=\"576\" srcset=\"https:\/\/cloud.alqueria.es\/wp-content\/uploads\/sites\/6\/2018\/01\/DSC08989.jpg 1024w, https:\/\/cloud.alqueria.es\/wp-content\/uploads\/sites\/6\/2018\/01\/DSC08989.jpg 300w, https:\/\/cloud.alqueria.es\/wp-content\/uploads\/sites\/6\/2018\/01\/DSC08989.jpg 768w\" sizes=\"(max-width: 1024px) 100vw, 1024px\" \/><\/p>\n<h6>El Cant dels Ocells de Pau Casals<\/h6>\n<p>Esta composici\u00f3n es para muchas personas el himno de la Paz. Casals empu\u00f1\u00f3\u00a0 su mejor arma, la m\u00fasica, a favor de la Paz, y nos invit\u00f3 con su ejemplo a usarla para frenar los enfrentamientos b\u00e9licos.<\/p>\n<p><span class=\"embed-youtube\" style=\"text-align:center; display: block;\"><div class=\"a25-CTUOC-hidding-box\" data-original-content=\"&lt;iframe loading=&quot;lazy&quot; class=&quot;youtube-player&quot; width=&quot;474&quot; height=&quot;267&quot; src=&quot;https:\/\/www.youtube.com\/embed\/COR3lMXKAfg?version=3&amp;#038;rel=1&amp;#038;showsearch=0&amp;#038;showinfo=1&amp;#038;iv_load_policy=1&amp;#038;fs=1&amp;#038;hl=es-ES&amp;#038;autohide=2&amp;#038;wmode=transparent&quot; allowfullscreen=&quot;true&quot; style=&quot;border:0;&quot; sandbox=&quot;allow-scripts allow-same-origin allow-popups allow-presentation allow-popups-to-escape-sandbox&quot;&gt;&lt;\/iframe&gt;\">Esta p\u00e1gina incluye contenido multimedia que requiere aceptar todas las cookies. Pulse aqu\u00ed para abrir la configuraci\u00f3n de cookies.<\/div><\/span><\/p>\n<p>En nuestra escuela hemos querido cerrar el acto para la Paz con una audici\u00f3n de esta bella composici\u00f3n, a cargo de algunas de nuestras\u00a0 compa\u00f1eras.<\/p>\n<p class=\"jetpack-slideshow-noscript robots-nocontent\">El pase de diapositivas requiere JavaScript.<\/p><div id=\"gallery-15499-1-slideshow\" class=\"jetpack-slideshow-window jetpack-slideshow jetpack-slideshow-black\" data-trans=\"fade\" data-autostart=\"1\" data-gallery=\"[{&quot;src&quot;:&quot;https:\\\/\\\/cloud.alqueria.es\\\/wp-content\\\/uploads\\\/sites\\\/6\\\/2018\\\/01\\\/DSC08975.jpg&quot;,&quot;id&quot;:&quot;15525&quot;,&quot;title&quot;:&quot;DSC08975&quot;,&quot;alt&quot;:&quot;&quot;,&quot;caption&quot;:&quot;&quot;,&quot;itemprop&quot;:&quot;image&quot;},{&quot;src&quot;:&quot;https:\\\/\\\/cloud.alqueria.es\\\/wp-content\\\/uploads\\\/sites\\\/6\\\/2018\\\/01\\\/DSC08974.jpg&quot;,&quot;id&quot;:&quot;15524&quot;,&quot;title&quot;:&quot;DSC08974&quot;,&quot;alt&quot;:&quot;&quot;,&quot;caption&quot;:&quot;&quot;,&quot;itemprop&quot;:&quot;image&quot;},{&quot;src&quot;:&quot;https:\\\/\\\/cloud.alqueria.es\\\/wp-content\\\/uploads\\\/sites\\\/6\\\/2018\\\/01\\\/DSC08973.jpg&quot;,&quot;id&quot;:&quot;15523&quot;,&quot;title&quot;:&quot;DSC08973&quot;,&quot;alt&quot;:&quot;&quot;,&quot;caption&quot;:&quot;&quot;,&quot;itemprop&quot;:&quot;image&quot;}]\" itemscope itemtype=\"https:\/\/schema.org\/ImageGallery\"><\/div>\n<p>Nos ha emocionado su interpretaci\u00f3n.<\/p>\n<h5>Taller de Geometr\u00eda<\/h5>\n<p>En el taller de Geometr\u00eda hemos trabajado en grupos peque\u00f1os.<\/p>\n<p>La consigna era hacer una composici\u00f3n, lo m\u00e1s plana posible, por lo tanto en posici\u00f3n horizontal. intentando que\u00a0 el color de los legos formaran figuras\u00a0 geom\u00e9tricas.<\/p>\n<p class=\"jetpack-slideshow-noscript robots-nocontent\">El pase de diapositivas requiere JavaScript.<\/p><div id=\"gallery-15499-2-slideshow\" class=\"jetpack-slideshow-window jetpack-slideshow jetpack-slideshow-black\" data-trans=\"fade\" data-autostart=\"1\" data-gallery=\"[{&quot;src&quot;:&quot;https:\\\/\\\/cloud.alqueria.es\\\/wp-content\\\/uploads\\\/sites\\\/6\\\/2018\\\/01\\\/DSC08991.jpg&quot;,&quot;id&quot;:&quot;15535&quot;,&quot;title&quot;:&quot;DSC08991&quot;,&quot;alt&quot;:&quot;&quot;,&quot;caption&quot;:&quot;&quot;,&quot;itemprop&quot;:&quot;image&quot;},{&quot;src&quot;:&quot;https:\\\/\\\/cloud.alqueria.es\\\/wp-content\\\/uploads\\\/sites\\\/6\\\/2018\\\/01\\\/DSC08992.jpg&quot;,&quot;id&quot;:&quot;15536&quot;,&quot;title&quot;:&quot;DSC08992&quot;,&quot;alt&quot;:&quot;&quot;,&quot;caption&quot;:&quot;&quot;,&quot;itemprop&quot;:&quot;image&quot;},{&quot;src&quot;:&quot;https:\\\/\\\/cloud.alqueria.es\\\/wp-content\\\/uploads\\\/sites\\\/6\\\/2018\\\/01\\\/DSC08993.jpg&quot;,&quot;id&quot;:&quot;15537&quot;,&quot;title&quot;:&quot;DSC08993&quot;,&quot;alt&quot;:&quot;&quot;,&quot;caption&quot;:&quot;&quot;,&quot;itemprop&quot;:&quot;image&quot;},{&quot;src&quot;:&quot;https:\\\/\\\/cloud.alqueria.es\\\/wp-content\\\/uploads\\\/sites\\\/6\\\/2018\\\/01\\\/DSC08995.jpg&quot;,&quot;id&quot;:&quot;15538&quot;,&quot;title&quot;:&quot;DSC08995&quot;,&quot;alt&quot;:&quot;&quot;,&quot;caption&quot;:&quot;&quot;,&quot;itemprop&quot;:&quot;image&quot;},{&quot;src&quot;:&quot;https:\\\/\\\/cloud.alqueria.es\\\/wp-content\\\/uploads\\\/sites\\\/6\\\/2018\\\/01\\\/DSC08996.jpg&quot;,&quot;id&quot;:&quot;15539&quot;,&quot;title&quot;:&quot;DSC08996&quot;,&quot;alt&quot;:&quot;&quot;,&quot;caption&quot;:&quot;&quot;,&quot;itemprop&quot;:&quot;image&quot;},{&quot;src&quot;:&quot;https:\\\/\\\/cloud.alqueria.es\\\/wp-content\\\/uploads\\\/sites\\\/6\\\/2018\\\/01\\\/DSC08997.jpg&quot;,&quot;id&quot;:&quot;15540&quot;,&quot;title&quot;:&quot;DSC08997&quot;,&quot;alt&quot;:&quot;&quot;,&quot;caption&quot;:&quot;&quot;,&quot;itemprop&quot;:&quot;image&quot;},{&quot;src&quot;:&quot;https:\\\/\\\/cloud.alqueria.es\\\/wp-content\\\/uploads\\\/sites\\\/6\\\/2018\\\/01\\\/DSC08998.jpg&quot;,&quot;id&quot;:&quot;15541&quot;,&quot;title&quot;:&quot;DSC08998&quot;,&quot;alt&quot;:&quot;&quot;,&quot;caption&quot;:&quot;&quot;,&quot;itemprop&quot;:&quot;image&quot;}]\" itemscope itemtype=\"https:\/\/schema.org\/ImageGallery\"><\/div>\n<p>No ha sido una tarea f\u00e1cil para nosotros, acostumbrados a jugar con los legos por descubrimiento y de forma individual.\u00a0 Esta vez hab\u00eda que hacerlo en equipo ( hab\u00eda que ponerse de acuerdo) y que la construcci\u00f3n\u00a0 no creciera hacia arriba, que es como nosotros siempre tendemos a realizarla. Estos peque\u00f1os retos nos hacen dialogar y pensar.<\/p>\n<h5>Geometr\u00eda en movimiento: Calidoscopios<\/h5>\n<p><img decoding=\"async\" class=\"alignleft\" src=\"https:\/\/c1.staticflickr.com\/4\/3101\/3150389665_098316ef25_b.jpg\" alt=\"Resultado de imagen de caleidoscopios\" width=\"192\" height=\"192\" \/><\/p>\n<p>Guillermo y Giulia nos han invitado a ver sus calidoscopios, donde las figuras geom\u00e9tricas cambian con un breve movimiento del artilugio. No por ser un objeto con base de construcci\u00f3n cient\u00edfica deja de tener un sentido m\u00e1gico para nosotros.<\/p>\n<p><span class=\"embed-youtube\" style=\"text-align:center; display: block;\"><div class=\"a25-CTUOC-hidding-box\" data-original-content=\"&lt;iframe loading=&quot;lazy&quot; class=&quot;youtube-player&quot; width=&quot;474&quot; height=&quot;267&quot; src=&quot;https:\/\/www.youtube.com\/embed\/_I6UPp8zQZo?version=3&amp;#038;rel=1&amp;#038;showsearch=0&amp;#038;showinfo=1&amp;#038;iv_load_policy=1&amp;#038;fs=1&amp;#038;hl=es-ES&amp;#038;autohide=2&amp;#038;wmode=transparent&quot; allowfullscreen=&quot;true&quot; style=&quot;border:0;&quot; sandbox=&quot;allow-scripts allow-same-origin allow-popups allow-presentation allow-popups-to-escape-sandbox&quot;&gt;&lt;\/iframe&gt;\">Esta p\u00e1gina incluye contenido multimedia que requiere aceptar todas las cookies. Pulse aqu\u00ed para abrir la configuraci\u00f3n de cookies.<\/div><\/span><\/p>\n<h5>Conferencia: Irlanda<\/h5>\n<p>Ricardo\u00a0 ha fletado un avi\u00f3n para llevarnos a Irlanda.<\/p>\n<p>Con sus explicaciones hemos aprendido cosas muy interesantes de esta isla.<\/p>\n<p>Un pa\u00eds con dos idiomas, con grandes praderas y castillos, casas de colores, como ya hemos visto en casi todos los viajes que hemos hecho por el norte de Europa. Elisabeth dice\u00a0<em>: las pintan as\u00ed, porque hay mucha niebla y si no tienen colores no las pueden ver.\u00a0<\/em>Hemos visitado las casitas de hadas.<\/p>\n<div class=\"a25-CTUOC-hidding-box\" data-original-content=\"&lt;iframe src=&quot;https:\/\/www.slideshare.net\/slideshow\/embed_code\/87103783&quot; width=&quot;474&quot; height=&quot;389&quot; sandbox=&quot;allow-popups allow-scripts allow-same-origin allow-presentation&quot; allowfullscreen webkitallowfullscreen mozallowfullscreen&gt;&lt;\/iframe&gt;\">Esta p\u00e1gina incluye contenido multimedia que requiere aceptar todas las cookies. Pulse aqu\u00ed para abrir la configuraci\u00f3n de cookies.<\/div>\n<p>Nos ha entusiasmado la m\u00fasica\u00a0 y el baile . Hemos tomado un excelente estofado de patata.<\/p>\n<p>Nos ha llamado la atenci\u00f3n que en los trajes tradicionales los hombres usan una falda.<\/p>\n<p>Hemos aprendido el origen de la celebraci\u00f3n\u00a0 de Hallowen. Es una fiesta para alegrar a las hadas que est\u00e1n tristes; organizan un baile con los muertos para recuperar la alegr\u00eda.<\/p>\n<p>Hemos conocido al autor de Dr\u00e1cula, Bram Stoker.<\/p>\n<p>Y ahora sabemos que\u00a0 Guillermo en irland\u00e9s se llama Liam.<\/p>\n<p>Buen fin de semana<br \/>\nRosi<\/p>\n<p>&nbsp;<\/p>\n","protected":false},"excerpt":{"rendered":"<p>Esta semana hemos empezado con la\u00a0 b\u00fasqueda de artistas pl\u00e1sticos que utilizan la Geometr\u00eda en sus obras. Los hemos ordenado de la siguiente forma, con parte del material que hemos aportado: Pintores Realistas, los elementos de la obra se parecen mucho a\u00a0 los objetos que nos rodean. Impresionistas,sus pinceladas son manchas de color que\u00a0 configuran &hellip; <a href=\"https:\/\/www.alqueria.es\/blogs\/alqueriaprimerciclo\/2018\/02\/02\/la-geometria-en-la-artes-plasticas\/\" class=\"more-link\">Seguir leyendo <span class=\"screen-reader-text\">La Geometr\u00eda en la Artes Pl\u00e1sticas<\/span> <span class=\"meta-nav\">&rarr;<\/span><\/a><\/p>\n","protected":false},"author":12,"featured_media":0,"comment_status":"open","ping_status":"open","sticky":false,"template":"","format":"standard","meta":{"jetpack_post_was_ever_published":false,"_jetpack_newsletter_access":"","_jetpack_dont_email_post_to_subs":false,"_jetpack_newsletter_tier_id":0,"_jetpack_memberships_contains_paywalled_content":false,"_jetpack_memberships_contains_paid_content":false,"footnotes":"","jetpack_publicize_message":"","jetpack_publicize_feature_enabled":true,"jetpack_social_post_already_shared":true,"jetpack_social_options":{"image_generator_settings":{"template":"highway","default_image_id":0,"font":"","enabled":false},"version":2}},"categories":[1],"tags":[],"class_list":["post-15499","post","type-post","status-publish","format-standard","hentry","category-sin-categoria"],"jetpack_publicize_connections":[],"jetpack_featured_media_url":"","jetpack_sharing_enabled":true,"jetpack_shortlink":"https:\/\/wp.me\/p4lvS0-41Z","_links":{"self":[{"href":"https:\/\/www.alqueria.es\/blogs\/alqueriaprimerciclo\/wp-json\/wp\/v2\/posts\/15499","targetHints":{"allow":["GET"]}}],"collection":[{"href":"https:\/\/www.alqueria.es\/blogs\/alqueriaprimerciclo\/wp-json\/wp\/v2\/posts"}],"about":[{"href":"https:\/\/www.alqueria.es\/blogs\/alqueriaprimerciclo\/wp-json\/wp\/v2\/types\/post"}],"author":[{"embeddable":true,"href":"https:\/\/www.alqueria.es\/blogs\/alqueriaprimerciclo\/wp-json\/wp\/v2\/users\/12"}],"replies":[{"embeddable":true,"href":"https:\/\/www.alqueria.es\/blogs\/alqueriaprimerciclo\/wp-json\/wp\/v2\/comments?post=15499"}],"version-history":[{"count":0,"href":"https:\/\/www.alqueria.es\/blogs\/alqueriaprimerciclo\/wp-json\/wp\/v2\/posts\/15499\/revisions"}],"wp:attachment":[{"href":"https:\/\/www.alqueria.es\/blogs\/alqueriaprimerciclo\/wp-json\/wp\/v2\/media?parent=15499"}],"wp:term":[{"taxonomy":"category","embeddable":true,"href":"https:\/\/www.alqueria.es\/blogs\/alqueriaprimerciclo\/wp-json\/wp\/v2\/categories?post=15499"},{"taxonomy":"post_tag","embeddable":true,"href":"https:\/\/www.alqueria.es\/blogs\/alqueriaprimerciclo\/wp-json\/wp\/v2\/tags?post=15499"}],"curies":[{"name":"wp","href":"https:\/\/api.w.org\/{rel}","templated":true}]}}