{"id":17426,"date":"2018-09-10T08:41:47","date_gmt":"2018-09-10T06:41:47","guid":{"rendered":"https:\/\/www.alqueria.es\/blogs\/alqueriaprimerciclo\/?p=17426"},"modified":"2018-09-10T08:42:50","modified_gmt":"2018-09-10T06:42:50","slug":"bienvenida-al-grupo-de-1o","status":"publish","type":"post","link":"https:\/\/www.alqueria.es\/blogs\/alqueriaprimerciclo\/2018\/09\/10\/bienvenida-al-grupo-de-1o\/","title":{"rendered":"Bienvenida al grupo de 1\u00ba"},"content":{"rendered":"<p>Abrimos de nuevo este blog para\u00a0 dar la bienvenida a todas las personas que componen un equipo muy especial,encargado de\u00a0 una apasionante misi\u00f3n: crear y mantener el entusiasmo por el aprendizaje durante todo el curso de las ni\u00f1as y ni\u00f1os que se incorporan a 1\u00ba.<\/p>\n<p><img decoding=\"async\" src=\"https:\/\/www.canval.es\/wp-content\/uploads\/2016\/02\/imagen-empresas-bienvenida-750x410.jpg\" alt=\"Resultado de imagen de bienvenida\" \/><\/p>\n<h3 style=\"text-align: center\">Familias sed bienvenidas<\/h3>\n<p><img decoding=\"async\" src=\"https:\/\/www.uc3m.es\/ss\/Satellite?blobcol=urldata&amp;blobkey=id&amp;blobtable=MungoBlobs&amp;blobwhere=1371554749493&amp;ssbinary=true\" alt=\"Resultado de imagen de bienvenida\" \/><\/p>\n<p>Contamos, adem\u00e1s, con la colaboraci\u00f3n de un equipo docente de larga experiencia profesional ( cumplimos 40 a\u00f1os), que nos va ayudar a crear un ambiente id\u00f3neo, con personal cualificado y\u00a0 actividades que\u00a0favorecer\u00e1n la convivencia entre todos nosotros.<\/p>\n<p><img decoding=\"async\" data-attachment-id=\"17428\" data-permalink=\"https:\/\/www.alqueria.es\/blogs\/alqueriaprimerciclo\/2018\/09\/10\/bienvenida-al-grupo-de-1o\/img_1512b-2\/\" data-orig-file=\"https:\/\/cloud.alqueria.es\/wp-content\/uploads\/sites\/6\/2018\/09\/IMG_1512b.jpg\" data-orig-size=\"1024,683\" data-comments-opened=\"1\" data-image-meta=\"{&quot;aperture&quot;:&quot;0&quot;,&quot;credit&quot;:&quot;&quot;,&quot;camera&quot;:&quot;&quot;,&quot;caption&quot;:&quot;&quot;,&quot;created_timestamp&quot;:&quot;0&quot;,&quot;copyright&quot;:&quot;&quot;,&quot;focal_length&quot;:&quot;0&quot;,&quot;iso&quot;:&quot;0&quot;,&quot;shutter_speed&quot;:&quot;0&quot;,&quot;title&quot;:&quot;&quot;,&quot;orientation&quot;:&quot;0&quot;}\" data-image-title=\"IMG_1512b\" data-image-description=\"\" data-image-caption=\"\" data-large-file=\"https:\/\/cloud.alqueria.es\/wp-content\/uploads\/sites\/6\/2018\/09\/IMG_1512b.jpg\" class=\"aligncenter size-full wp-image-17428\" src=\"https:\/\/cloud.alqueria.es\/wp-content\/uploads\/sites\/6\/2018\/09\/IMG_1512b.jpg\" alt=\"\" width=\"6000\" height=\"4000\" \/><\/p>\n<p>Para tener un primer contacto como grupo, os invitamos a participar en la reuni\u00f3n que celebraremos el lunes d\u00eda 17 de septiembre, a las 16 h, en el aula de 1\u00ba.<\/p>\n<p><img decoding=\"async\" src=\"http:\/\/iessantabrigida.es\/wp-content\/uploads\/2018\/02\/REUNION-FAMILIAS.jpg\" alt=\"Resultado de imagen de reuni\u00c3\u00b3n familias\" \/><\/p>\n<p>En ella tendremos la oportunidad de dar una afectuosa acogida a las familias de nueva incorporaci\u00f3n, dibujar las principales l\u00edneas de actuaci\u00f3n para iniciar la misi\u00f3n y\u00a0conocer la disposici\u00f3n de cada uno para posibles colaboraciones.<\/p>\n<p><img decoding=\"async\" src=\"http:\/\/aulas.colegionewlands.com.ar\/sexto1to1\/wp-content\/uploads\/sites\/7\/2018\/03\/blog-720.jpg\" alt=\"Resultado de imagen de blogs\" \/><\/p>\n<p>Este blog se ofrece a informaros semanalmente de la vida de 1\u00ba, a cambio desea fervientemente ser le\u00eddo y comentado, para enriquecerse con vuestras opiniones y sugerencias.<\/p>\n<p><img decoding=\"async\" data-attachment-id=\"17430\" data-permalink=\"https:\/\/www.alqueria.es\/blogs\/alqueriaprimerciclo\/2018\/09\/10\/bienvenida-al-grupo-de-1o\/img_1527\/\" data-orig-file=\"https:\/\/cloud.alqueria.es\/wp-content\/uploads\/sites\/6\/2018\/09\/IMG_1527.jpg\" data-orig-size=\"1024,683\" data-comments-opened=\"1\" data-image-meta=\"{&quot;aperture&quot;:&quot;0&quot;,&quot;credit&quot;:&quot;&quot;,&quot;camera&quot;:&quot;&quot;,&quot;caption&quot;:&quot;&quot;,&quot;created_timestamp&quot;:&quot;0&quot;,&quot;copyright&quot;:&quot;&quot;,&quot;focal_length&quot;:&quot;0&quot;,&quot;iso&quot;:&quot;0&quot;,&quot;shutter_speed&quot;:&quot;0&quot;,&quot;title&quot;:&quot;&quot;,&quot;orientation&quot;:&quot;0&quot;}\" data-image-title=\"IMG_1527\" data-image-description=\"\" data-image-caption=\"\" data-large-file=\"https:\/\/cloud.alqueria.es\/wp-content\/uploads\/sites\/6\/2018\/09\/IMG_1527.jpg\" class=\"aligncenter wp-image-17430 size-full\" src=\"https:\/\/cloud.alqueria.es\/wp-content\/uploads\/sites\/6\/2018\/09\/IMG_1527.jpg\" alt=\"\" width=\"6000\" height=\"4000\" \/><\/p>\n<p>Muchas gracias por confiar en nosotros para colaborar en la educaci\u00f3n de vuestras hijas e hijos, nietos y nietas, sobrinos y sobrinas y dem\u00e1s parentescos, pues todos form\u00e1is parte de la tribu educativa.<\/p>\n<p>En nombre\u00a0 del equipo Alquer\u00eda Educaci\u00f3n.<\/p>\n<p>Rosi R\u00e0fols, tutora de 1\u00ba.<\/p>\n<p>&nbsp;<\/p>\n","protected":false},"excerpt":{"rendered":"<p>Abrimos de nuevo este blog para\u00a0 dar la bienvenida a todas las personas que componen un equipo muy especial,encargado de\u00a0 una apasionante misi\u00f3n: crear y mantener el entusiasmo por el aprendizaje durante todo el curso de las ni\u00f1as y ni\u00f1os que se incorporan a 1\u00ba. Familias sed bienvenidas Contamos, adem\u00e1s, con la colaboraci\u00f3n de un &hellip; <a href=\"https:\/\/www.alqueria.es\/blogs\/alqueriaprimerciclo\/2018\/09\/10\/bienvenida-al-grupo-de-1o\/\" class=\"more-link\">Seguir leyendo <span class=\"screen-reader-text\">Bienvenida al grupo de 1\u00ba<\/span> <span class=\"meta-nav\">&rarr;<\/span><\/a><\/p>\n","protected":false},"author":12,"featured_media":0,"comment_status":"open","ping_status":"open","sticky":false,"template":"","format":"standard","meta":{"jetpack_post_was_ever_published":false,"_jetpack_newsletter_access":"","_jetpack_dont_email_post_to_subs":false,"_jetpack_newsletter_tier_id":0,"_jetpack_memberships_contains_paywalled_content":false,"_jetpack_memberships_contains_paid_content":false,"footnotes":"","jetpack_publicize_message":"","jetpack_publicize_feature_enabled":true,"jetpack_social_post_already_shared":true,"jetpack_social_options":{"image_generator_settings":{"template":"highway","default_image_id":0,"font":"","enabled":false},"version":2}},"categories":[2,8],"tags":[],"class_list":["post-17426","post","type-post","status-publish","format-standard","hentry","category-1o-epo","category-diario-de-clase-1o"],"jetpack_publicize_connections":[],"jetpack_featured_media_url":"","jetpack_sharing_enabled":true,"jetpack_shortlink":"https:\/\/wp.me\/p4lvS0-4x4","_links":{"self":[{"href":"https:\/\/www.alqueria.es\/blogs\/alqueriaprimerciclo\/wp-json\/wp\/v2\/posts\/17426","targetHints":{"allow":["GET"]}}],"collection":[{"href":"https:\/\/www.alqueria.es\/blogs\/alqueriaprimerciclo\/wp-json\/wp\/v2\/posts"}],"about":[{"href":"https:\/\/www.alqueria.es\/blogs\/alqueriaprimerciclo\/wp-json\/wp\/v2\/types\/post"}],"author":[{"embeddable":true,"href":"https:\/\/www.alqueria.es\/blogs\/alqueriaprimerciclo\/wp-json\/wp\/v2\/users\/12"}],"replies":[{"embeddable":true,"href":"https:\/\/www.alqueria.es\/blogs\/alqueriaprimerciclo\/wp-json\/wp\/v2\/comments?post=17426"}],"version-history":[{"count":0,"href":"https:\/\/www.alqueria.es\/blogs\/alqueriaprimerciclo\/wp-json\/wp\/v2\/posts\/17426\/revisions"}],"wp:attachment":[{"href":"https:\/\/www.alqueria.es\/blogs\/alqueriaprimerciclo\/wp-json\/wp\/v2\/media?parent=17426"}],"wp:term":[{"taxonomy":"category","embeddable":true,"href":"https:\/\/www.alqueria.es\/blogs\/alqueriaprimerciclo\/wp-json\/wp\/v2\/categories?post=17426"},{"taxonomy":"post_tag","embeddable":true,"href":"https:\/\/www.alqueria.es\/blogs\/alqueriaprimerciclo\/wp-json\/wp\/v2\/tags?post=17426"}],"curies":[{"name":"wp","href":"https:\/\/api.w.org\/{rel}","templated":true}]}}