{"id":17621,"date":"2018-10-05T13:21:30","date_gmt":"2018-10-05T11:21:30","guid":{"rendered":"https:\/\/www.alqueria.es\/blogs\/alqueriaprimerciclo\/?p=17621"},"modified":"2018-10-05T13:21:30","modified_gmt":"2018-10-05T11:21:30","slug":"leer-en-1o","status":"publish","type":"post","link":"https:\/\/www.alqueria.es\/blogs\/alqueriaprimerciclo\/2018\/10\/05\/leer-en-1o\/","title":{"rendered":"Leer en 1\u00ba"},"content":{"rendered":"<h5>Los cuentos<\/h5>\n<p>Nos siguen gustando.<\/p>\n<p><img decoding=\"async\" class=\"alignleft\" src=\"https:\/\/i1.wp.com\/hotbook.com.mx\/wp-content\/uploads\/2014\/08\/30-cuentos-cortos-para-leer-en-tu-tiempo-libre.jpg?fit=1024%2C588&amp;ssl=1\" alt=\"R\u00c3\u00a9sultat de recherche d'images pour &quot;cuentos&quot;\" width=\"324\" height=\"186\" \/>No hay mayor placer que escuchar sus narraciones. Pero tambi\u00e9n nos fascina que se nos lean en voz alta.<\/p>\n<p>Estas historias nos parecen estupendas, por eso, pueden ser un buen aliciente para nosotros\u00a0utilizarlos en el aprendizaje de la lectura.<\/p>\n<h5>Libros de naturaleza, descubrimientos, geograf\u00eda, historia&#8230;<\/h5>\n<p><img decoding=\"async\" class=\"alignright\" src=\"http:\/\/2.bp.blogspot.com\/-QDb5ayDXWwo\/UblN2rM0TdI\/AAAAAAABDio\/W_XQ1cufJSg\/s1600\/arte-organico-inusual-1.jpg\" alt=\"R\u00c3\u00a9sultat de recherche d'images pour &quot;Libros de Naturaleza&quot;\" width=\"309\" height=\"198\" \/>Nos encantan tambi\u00e9n. Pero con ellos nos detenemos m\u00e1s en las im\u00e1genes que en los textos. Aun as\u00ed, hay que aprovechar el inter\u00e9s que nos provocan para practicar la lectura.<\/p>\n<h5>La biblioteca<\/h5>\n<p>Esta semana iniciamos el servicio de pr\u00e9stamo de la biblioteca.<\/p>\n<p><img decoding=\"async\" class=\"alignleft\" src=\"https:\/\/www.eea.csic.es\/wp-content\/uploads\/2017\/04\/alquer%C3%ADa_visita_2017_1-1024x500.jpg\" alt=\"R\u00c3\u00a9sultat de recherche d'images pour &quot;Biblioteca colegio Alqueria&quot;\" width=\"237\" height=\"116\" \/>Los martes por la tarde escogemos un libro con el que queremos disfrutar. El pr\u00e9stamo tiene un plazo de una semana. Es decir, que cada martes podremos cambiarlo. Naturalmente, si no se trae el prestado no podremos coger otro diferente. En algunas ocasiones querremos qued\u00e1rnoslo m\u00e1s tiempo, entonces hay que traerlo tambi\u00e9n para renovar el pr\u00e9stamo.<\/p>\n<p>El ejemplar que hemos escogido es una herramienta de uso diario. Lo llevamos cada d\u00eda a casa para leer. Y lo traemos al cole todos los d\u00edas, tambi\u00e9n para practicar . Forma parte de los materiales de la carpeta, que no debemos olvidar.<\/p>\n<h5>Tiempo de lectura aconsejable para principiantes<\/h5>\n<p>Si estamos empezando a leer con cinco minutos de concentraci\u00f3n diaria sobre las palabras es suficiente, si somos capaces de hacerlo siete veces a la semana. La constancia es la mejor amiga para\u00a0 comprender las palabras.<\/p>\n<p>Teniendo en cuenta que tambi\u00e9n practicamos en la escuela, se suman muchos minutos de trabajo atento al final del mes.<\/p>\n<p>Nuestra maestra se emociona cuando nos ve hacer este esfuerzo tan grande, con gran concentraci\u00f3n , pensando c\u00f3mo leer lo que nos se\u00f1ala sobre el libro , retorci\u00e9ndonos la punta de la camiseta entre los dedos , intentado por todos los medio acordarnos de c\u00f3mo\u00a0 suenan las letras cuando est\u00e1n unas al lado de las otras, formando las palabras. El resto de la clase, mientras tanto, por parejas nos ayudamos las unas a los otros, para cuando Rosi nos llame, tengamos algunas palabras entrenadas. Estamos pendientes de los comentarios de est\u00edmulo que ofrece al que termina, deseando que, tambi\u00e9n, nos las diga a los que escuchamos .<\/p>\n<h5>El agua es un tesoro<\/h5>\n<p>Iniciamos el trabajo de investigaci\u00f3n\u00a0 sobre el agua.<\/p>\n<p>Hemos escogido este tema de inter\u00e9s, entre much\u00edsimos, porque a lo largo del curso va a ser un eje de estudio .<img decoding=\"async\" class=\"alignright\" src=\"http:\/\/cadenaser00.epimg.net\/ser\/imagenes\/2018\/03\/14\/ciencia\/1521041305_960472_1521042027_noticia_normal.jpg\" alt=\"R\u00c3\u00a9sultat de recherche d'images pour &quot;El agua&quot;\" width=\"269\" height=\"157\" \/><\/p>\n<p>Empezamos por compartir nuestros conocimientos previos:<\/p>\n<ul>\n<li>No debemos echar pl\u00e1sticos al mar, porque puede pasar algo malo.<\/li>\n<li>Nos morimos si no bebemos.<\/li>\n<li>Hay tres tipos de agua: la del mar, la de los r\u00edos y la que nos bebemos.<\/li>\n<li>El agua sirve para lavarnos.<\/li>\n<li>El agua limpia la comida.<\/li>\n<li>Tambi\u00e9n lava los platos.<\/li>\n<li>La lluvia es agua. Viene de las tormentas, de las nubes.<\/li>\n<li>Las plantas necesitan agua.<\/li>\n<li>Todos los seres vivos beben agua.<\/li>\n<\/ul>\n<p><img decoding=\"async\" class=\"alignleft\" src=\"http:\/\/gaceta.facmed.unam.mx\/wp-content\/uploads\/2018\/05\/Agua-de-vida-1080x675.jpg\" alt=\"R\u00c3\u00a9sultat de recherche d'images pour &quot;El agua&quot;\" width=\"265\" height=\"165\" \/>Nos preguntamos :<\/p>\n<p>\u00bfDe d\u00f3nde viene el agua del grifo?<\/p>\n<p>Queremos comprender por qu\u00e9 se nos repite constantemente que no desperdiciemos el agua que sale del grifo.<\/p>\n<p>Investigamos en casa para volver a tratar el tema el pr\u00f3ximo lunes en clase.<\/p>\n<h5>Frutas de oto\u00f1o<\/h5>\n<p><img decoding=\"async\" data-attachment-id=\"17627\" data-permalink=\"https:\/\/www.alqueria.es\/blogs\/alqueriaprimerciclo\/2018\/10\/05\/leer-en-1o\/dsc00325-3\/\" data-orig-file=\"https:\/\/cloud.alqueria.es\/wp-content\/uploads\/sites\/6\/2018\/10\/DSC00325.jpg\" data-orig-size=\"640,480\" data-comments-opened=\"1\" data-image-meta=\"{&quot;aperture&quot;:&quot;2.8&quot;,&quot;credit&quot;:&quot;&quot;,&quot;camera&quot;:&quot;DSC-W510&quot;,&quot;caption&quot;:&quot;&quot;,&quot;created_timestamp&quot;:&quot;1538346486&quot;,&quot;copyright&quot;:&quot;Copyright 2009&quot;,&quot;focal_length&quot;:&quot;4.7&quot;,&quot;iso&quot;:&quot;100&quot;,&quot;shutter_speed&quot;:&quot;0.033333333333333&quot;,&quot;title&quot;:&quot;&quot;,&quot;orientation&quot;:&quot;1&quot;}\" data-image-title=\"DSC00325\" data-image-description=\"\" data-image-caption=\"\" data-large-file=\"https:\/\/cloud.alqueria.es\/wp-content\/uploads\/sites\/6\/2018\/10\/DSC00325.jpg\" class=\"wp-image-17627 alignleft\" src=\"https:\/\/cloud.alqueria.es\/wp-content\/uploads\/sites\/6\/2018\/10\/DSC00325.jpg\" alt=\"\" width=\"281\" height=\"211\" srcset=\"https:\/\/cloud.alqueria.es\/wp-content\/uploads\/sites\/6\/2018\/10\/DSC00325.jpg 640w, https:\/\/cloud.alqueria.es\/wp-content\/uploads\/sites\/6\/2018\/10\/DSC00325.jpg 300w\" sizes=\"(max-width: 281px) 100vw, 281px\" \/>Marina nos invita a comer frutas de oto\u00f1o: acerolas, azofaifas y majuletas. Pero, a nuestra maestra lo que le sugieren\u00a0 es hacer matem\u00e1ticas con ellas.\u00a0 \u00a0 ( <em>Es que esta mujer es un poco rara<\/em>)<\/p>\n<p>Contamos cu\u00e1ntas hay de cada clase.\u00a0 Nos damos cuenta que hay que ordenarlas primero, si queremos hacerlo\u00a0 bien.<\/p>\n<p>Y aprendemos a comparar cantidades.<\/p>\n<p><img decoding=\"async\" class=\"aligncenter\" src=\"http:\/\/www.educando.edu.do\/portal\/wp-content\/uploads\/2016\/01\/Relac.png\" alt=\"R\u00c3\u00a9sultat de recherche d'images pour &quot;signos mayor que menor que&quot;\" width=\"307\" height=\"176\" \/><\/p>\n<h4 style=\"text-align: center\">Azofaifas&lt; acerolas&lt; majuletas<\/h4>\n<h4 style=\"text-align: center\">8\u00a0 &lt; 16 &lt; 37<\/h4>\n<h5>Iniciamos las sesiones de yoga<\/h5>\n<p><img decoding=\"async\" class=\"irc_mi alignleft\" src=\"https:\/\/cloud.alqueria.es\/wp-content\/uploads\/sites\/8\/2016\/12\/IMG_4534.jpg\" alt=\"Resultado de imagen de colegio alqueria yoga\" width=\"315\" height=\"236\" \/><\/p>\n<p>Con el nuevo mes, vuelve Sonia, para guiarnos en la sesiones de yoga. El grupo se divide en dos para una atenci\u00f3n m\u00e1s individualizada.<\/p>\n<h5>Inform\u00e1tica<\/h5>\n<p>Mientras unos est\u00e1n con ella, los otros vamos\u00a0a la clase de inform\u00e1tica a jugar con los amigos de 10 en el Rinc\u00f3n de Luca.<\/p>\n<p><img decoding=\"async\" src=\"https:\/\/lescolamola.files.wordpress.com\/2017\/02\/el-rincon-de-luca.png?w=636\" alt=\"Resultado de imagen de Rinc\u00c3\u00b3n de Luca\" \/><\/p>\n<h5>Cuaderno de escritura<\/h5>\n<p>Inauguramos el cuaderno de escritura.<\/p>\n<p><img decoding=\"async\" class=\"alignleft\" src=\"https:\/\/www.20milproductos.com\/blog\/wp-content\/uploads\/2017\/07\/oie_V5j9tD2023Ut.jpg\" alt=\"Resultado de imagen de cuadernos\" width=\"201\" height=\"161\" \/>Esta libreta nos invita a escribir a nuestra manera. Pero poco a poco, nos va a ayudar a contar historias que est\u00e1n en nuestra cabeza, tan bien que todo el mundo lo va a entender.<img decoding=\"async\" class=\"alignright\" src=\"https:\/\/sites.google.com\/site\/alfabetizacioninicial4006\/_\/rsrc\/1467897166378\/home\/sintesis-de-contenidos\/prefone.jpg?height=320&amp;width=195\" alt=\"Resultado de imagen de escritura psicog\u00c3\u00a9nesis\" width=\"96\" height=\"157\" \/><\/p>\n<p>Pronunciar las palabras necesarias es sencillo, pero poner los sonidos adecuados con el l\u00e1piz en el papel es otra historia.<\/p>\n<p>Aun as\u00ed, nos atrevemos, porque tenemos cosas que decir y vamos a aprender despacito, disfrutando de nuestros logros.<\/p>\n<h5>C\u00e1lculo<\/h5>\n<p>Calentamiento: Hacemos respiraci\u00f3n consciente en grupo (inhalaci\u00f3n- exhalaci\u00f3n, por la nariz), para oxigenar nuestro cerebro, \u00a0nos relajamos como deportistas del c\u00e1lculo, que calientan para hacer correctamente el ejercicio.<\/p>\n<p>Entrenamiento: todav\u00eda es posible\u00a0 usar la calculadora humana digital, hasta que\u00a0 la estrategia de c\u00e1lculo la veamos mentalmente.<\/p>\n<p>Nos iniciamos con:<\/p>\n<p><img decoding=\"async\" src=\"http:\/\/p.calameoassets.com\/171117132601-fd928c71189b7c0f4a6abb02c63c32f3\/p1.jpg\" alt=\"Resultado de imagen de quinzet problemas c\u00c3\u00a1lculo series\" \/><\/p>\n<h5>Salidas culturales y viajes del curso 2018-19 para 1\u00ba de primaria.<\/h5>\n<p>Son los destinos\u00a0 especiales donde vamos a llevar nuestra curiosidad.<\/p>\n<p>16 octubre .Recorrido por la Vega.<\/p>\n<p>27 noviembre. Visita a Puleva.<\/p>\n<p>9 de enero.\u00a0 Exposici\u00f3n Sergio Garc\u00eda en el Jos\u00e9 Guerrero.<img decoding=\"async\" class=\"alignright\" src=\"http:\/\/3.bp.blogspot.com\/-MHH3w35-PS8\/T13xs142w1I\/AAAAAAAAEjU\/TE8x3HZHUHI\/s400\/autobus+excursion.jpg\" alt=\"R\u00c3\u00a9sultat de recherche d'images pour &quot;salidas culturales&quot;\" width=\"220\" height=\"169\" \/><\/p>\n<p>Fecha solicitada sin confirmar . Visita a la Alhambra.<\/p>\n<p>23 y 24 de mayo. Viaje cultural. P\u00ed\u00f1ar<\/p>\n<p>&nbsp;<\/p>\n<h5>Historias cooperativas<\/h5>\n<p>En la clase de art\u00edstica esta semana hemos dibujado nuestros personajes favoritos. A continuaci\u00f3n,\u00a0 hemos construido un mural que relata una historia, teniendo que ponernos de acuerdo por grupos, sobre c\u00f3mo se relacionan estos personajes\u00a0 en una trama.<\/p>\n<p class=\"jetpack-slideshow-noscript robots-nocontent\">El pase de diapositivas requiere JavaScript.<\/p><div id=\"gallery-17621-1-slideshow\" class=\"jetpack-slideshow-window jetpack-slideshow jetpack-slideshow-black\" data-trans=\"fade\" data-autostart=\"1\" data-gallery=\"[{&quot;src&quot;:&quot;https:\\\/\\\/cloud.alqueria.es\\\/wp-content\\\/uploads\\\/sites\\\/6\\\/2018\\\/10\\\/DSC00326.jpg&quot;,&quot;id&quot;:&quot;17685&quot;,&quot;title&quot;:&quot;DSC00326&quot;,&quot;alt&quot;:&quot;&quot;,&quot;caption&quot;:&quot;&quot;,&quot;itemprop&quot;:&quot;image&quot;},{&quot;src&quot;:&quot;https:\\\/\\\/cloud.alqueria.es\\\/wp-content\\\/uploads\\\/sites\\\/6\\\/2018\\\/10\\\/DSC00327.jpg&quot;,&quot;id&quot;:&quot;17686&quot;,&quot;title&quot;:&quot;DSC00327&quot;,&quot;alt&quot;:&quot;&quot;,&quot;caption&quot;:&quot;&quot;,&quot;itemprop&quot;:&quot;image&quot;},{&quot;src&quot;:&quot;https:\\\/\\\/cloud.alqueria.es\\\/wp-content\\\/uploads\\\/sites\\\/6\\\/2018\\\/10\\\/DSC00328.jpg&quot;,&quot;id&quot;:&quot;17687&quot;,&quot;title&quot;:&quot;DSC00328&quot;,&quot;alt&quot;:&quot;&quot;,&quot;caption&quot;:&quot;&quot;,&quot;itemprop&quot;:&quot;image&quot;},{&quot;src&quot;:&quot;https:\\\/\\\/cloud.alqueria.es\\\/wp-content\\\/uploads\\\/sites\\\/6\\\/2018\\\/10\\\/DSC00329.jpg&quot;,&quot;id&quot;:&quot;17688&quot;,&quot;title&quot;:&quot;DSC00329&quot;,&quot;alt&quot;:&quot;&quot;,&quot;caption&quot;:&quot;&quot;,&quot;itemprop&quot;:&quot;image&quot;},{&quot;src&quot;:&quot;https:\\\/\\\/cloud.alqueria.es\\\/wp-content\\\/uploads\\\/sites\\\/6\\\/2018\\\/10\\\/DSC00330.jpg&quot;,&quot;id&quot;:&quot;17689&quot;,&quot;title&quot;:&quot;DSC00330&quot;,&quot;alt&quot;:&quot;&quot;,&quot;caption&quot;:&quot;&quot;,&quot;itemprop&quot;:&quot;image&quot;}]\" itemscope itemtype=\"https:\/\/schema.org\/ImageGallery\"><\/div>\n<p>Despu\u00e9s cada equipo la ha explicado al resto de la clase.<\/p>\n<p class=\"jetpack-slideshow-noscript robots-nocontent\">El pase de diapositivas requiere JavaScript.<\/p><div id=\"gallery-17621-2-slideshow\" class=\"jetpack-slideshow-window jetpack-slideshow jetpack-slideshow-black\" data-trans=\"fade\" data-autostart=\"1\" data-gallery=\"[{&quot;src&quot;:&quot;https:\\\/\\\/cloud.alqueria.es\\\/wp-content\\\/uploads\\\/sites\\\/6\\\/2018\\\/10\\\/DSC00332.jpg&quot;,&quot;id&quot;:&quot;17690&quot;,&quot;title&quot;:&quot;DSC00332&quot;,&quot;alt&quot;:&quot;&quot;,&quot;caption&quot;:&quot;&quot;,&quot;itemprop&quot;:&quot;image&quot;},{&quot;src&quot;:&quot;https:\\\/\\\/cloud.alqueria.es\\\/wp-content\\\/uploads\\\/sites\\\/6\\\/2018\\\/10\\\/DSC00334.jpg&quot;,&quot;id&quot;:&quot;17691&quot;,&quot;title&quot;:&quot;DSC00334&quot;,&quot;alt&quot;:&quot;&quot;,&quot;caption&quot;:&quot;&quot;,&quot;itemprop&quot;:&quot;image&quot;},{&quot;src&quot;:&quot;https:\\\/\\\/cloud.alqueria.es\\\/wp-content\\\/uploads\\\/sites\\\/6\\\/2018\\\/10\\\/DSC00335.jpg&quot;,&quot;id&quot;:&quot;17692&quot;,&quot;title&quot;:&quot;DSC00335&quot;,&quot;alt&quot;:&quot;&quot;,&quot;caption&quot;:&quot;&quot;,&quot;itemprop&quot;:&quot;image&quot;},{&quot;src&quot;:&quot;https:\\\/\\\/cloud.alqueria.es\\\/wp-content\\\/uploads\\\/sites\\\/6\\\/2018\\\/10\\\/DSC00337.jpg&quot;,&quot;id&quot;:&quot;17693&quot;,&quot;title&quot;:&quot;DSC00337&quot;,&quot;alt&quot;:&quot;&quot;,&quot;caption&quot;:&quot;&quot;,&quot;itemprop&quot;:&quot;image&quot;}]\" itemscope itemtype=\"https:\/\/schema.org\/ImageGallery\"><\/div>\n<p>\u00a1Cu\u00e1nto hemos disfrutado!<\/p>\n<p>Lo mismo os deseamos a vosotros para este fin de semana.<\/p>\n<p>Rosi<\/p>\n","protected":false},"excerpt":{"rendered":"<p>Los cuentos Nos siguen gustando. No hay mayor placer que escuchar sus narraciones. Pero tambi\u00e9n nos fascina que se nos lean en voz alta. Estas historias nos parecen estupendas, por eso, pueden ser un buen aliciente para nosotros\u00a0utilizarlos en el aprendizaje de la lectura. Libros de naturaleza, descubrimientos, geograf\u00eda, historia&#8230; Nos encantan tambi\u00e9n. Pero con &hellip; <a href=\"https:\/\/www.alqueria.es\/blogs\/alqueriaprimerciclo\/2018\/10\/05\/leer-en-1o\/\" class=\"more-link\">Seguir leyendo <span class=\"screen-reader-text\">Leer en 1\u00ba<\/span> <span class=\"meta-nav\">&rarr;<\/span><\/a><\/p>\n","protected":false},"author":12,"featured_media":0,"comment_status":"open","ping_status":"open","sticky":false,"template":"","format":"standard","meta":{"jetpack_post_was_ever_published":false,"_jetpack_newsletter_access":"","_jetpack_dont_email_post_to_subs":false,"_jetpack_newsletter_tier_id":0,"_jetpack_memberships_contains_paywalled_content":false,"_jetpack_memberships_contains_paid_content":false,"footnotes":"","jetpack_publicize_message":"","jetpack_publicize_feature_enabled":true,"jetpack_social_post_already_shared":true,"jetpack_social_options":{"image_generator_settings":{"template":"highway","default_image_id":0,"font":"","enabled":false},"version":2}},"categories":[2,8],"tags":[],"class_list":["post-17621","post","type-post","status-publish","format-standard","hentry","category-1o-epo","category-diario-de-clase-1o"],"jetpack_publicize_connections":[],"jetpack_featured_media_url":"","jetpack_sharing_enabled":true,"jetpack_shortlink":"https:\/\/wp.me\/p4lvS0-4Ad","_links":{"self":[{"href":"https:\/\/www.alqueria.es\/blogs\/alqueriaprimerciclo\/wp-json\/wp\/v2\/posts\/17621","targetHints":{"allow":["GET"]}}],"collection":[{"href":"https:\/\/www.alqueria.es\/blogs\/alqueriaprimerciclo\/wp-json\/wp\/v2\/posts"}],"about":[{"href":"https:\/\/www.alqueria.es\/blogs\/alqueriaprimerciclo\/wp-json\/wp\/v2\/types\/post"}],"author":[{"embeddable":true,"href":"https:\/\/www.alqueria.es\/blogs\/alqueriaprimerciclo\/wp-json\/wp\/v2\/users\/12"}],"replies":[{"embeddable":true,"href":"https:\/\/www.alqueria.es\/blogs\/alqueriaprimerciclo\/wp-json\/wp\/v2\/comments?post=17621"}],"version-history":[{"count":0,"href":"https:\/\/www.alqueria.es\/blogs\/alqueriaprimerciclo\/wp-json\/wp\/v2\/posts\/17621\/revisions"}],"wp:attachment":[{"href":"https:\/\/www.alqueria.es\/blogs\/alqueriaprimerciclo\/wp-json\/wp\/v2\/media?parent=17621"}],"wp:term":[{"taxonomy":"category","embeddable":true,"href":"https:\/\/www.alqueria.es\/blogs\/alqueriaprimerciclo\/wp-json\/wp\/v2\/categories?post=17621"},{"taxonomy":"post_tag","embeddable":true,"href":"https:\/\/www.alqueria.es\/blogs\/alqueriaprimerciclo\/wp-json\/wp\/v2\/tags?post=17621"}],"curies":[{"name":"wp","href":"https:\/\/api.w.org\/{rel}","templated":true}]}}