{"id":17710,"date":"2018-10-11T14:13:26","date_gmt":"2018-10-11T12:13:26","guid":{"rendered":"https:\/\/www.alqueria.es\/blogs\/alqueriaprimerciclo\/?p=17710"},"modified":"2018-10-11T14:13:26","modified_gmt":"2018-10-11T12:13:26","slug":"la-vega-de-granada-investigamos-en-1o","status":"publish","type":"post","link":"https:\/\/www.alqueria.es\/blogs\/alqueriaprimerciclo\/2018\/10\/11\/la-vega-de-granada-investigamos-en-1o\/","title":{"rendered":"La Vega de Granada, investigamos en 1\u00ba"},"content":{"rendered":"<h5>Investigamos la Vega<\/h5>\n<p>La pr\u00f3xima semana, d\u00eda 16 de octubre, martes, vamos a ir ( si el tiempo lo permite) a reconocer la Vega, porque es el espacio donde est\u00e1 nuestro colegio.<\/p>\n<p>Trabajamos ya desde hace una semana temas interesantes sobre ella, que conocemos por las excursiones que hemos hecho en infantil y porque cada d\u00eda al llegar y marcharnos de la escuela podemos\u00a0 observar su entorno.<\/p>\n<p><img decoding=\"async\" data-attachment-id=\"17730\" data-permalink=\"https:\/\/www.alqueria.es\/blogs\/alqueriaprimerciclo\/2018\/10\/11\/la-vega-de-granada-investigamos-en-1o\/dsc00384\/\" data-orig-file=\"https:\/\/cloud.alqueria.es\/wp-content\/uploads\/sites\/6\/2018\/10\/DSC00384.jpg\" data-orig-size=\"640,480\" data-comments-opened=\"1\" data-image-meta=\"{&quot;aperture&quot;:&quot;2.8&quot;,&quot;credit&quot;:&quot;&quot;,&quot;camera&quot;:&quot;DSC-W510&quot;,&quot;caption&quot;:&quot;&quot;,&quot;created_timestamp&quot;:&quot;1538968156&quot;,&quot;copyright&quot;:&quot;Copyright 2009&quot;,&quot;focal_length&quot;:&quot;4.7&quot;,&quot;iso&quot;:&quot;200&quot;,&quot;shutter_speed&quot;:&quot;0.033333333333333&quot;,&quot;title&quot;:&quot;&quot;,&quot;orientation&quot;:&quot;1&quot;}\" data-image-title=\"DSC00384\" data-image-description=\"\" data-image-caption=\"\" data-large-file=\"https:\/\/cloud.alqueria.es\/wp-content\/uploads\/sites\/6\/2018\/10\/DSC00384.jpg\" class=\"aligncenter size-full wp-image-17730\" src=\"https:\/\/cloud.alqueria.es\/wp-content\/uploads\/sites\/6\/2018\/10\/DSC00384.jpg\" alt=\"\" width=\"640\" height=\"480\" srcset=\"https:\/\/cloud.alqueria.es\/wp-content\/uploads\/sites\/6\/2018\/10\/DSC00384.jpg 640w, https:\/\/cloud.alqueria.es\/wp-content\/uploads\/sites\/6\/2018\/10\/DSC00384.jpg 300w\" sizes=\"(max-width: 640px) 100vw, 640px\" \/><\/p>\n<p>Explicamos las plantas\u00a0 y los cultivos desde la memoria. Y despu\u00e9s entre todos distinguimos entre vegetaci\u00f3n silvestre,\u00a0 plantada y\u00a0 cultivada.<\/p>\n<p><img decoding=\"async\" data-attachment-id=\"17731\" data-permalink=\"https:\/\/www.alqueria.es\/blogs\/alqueriaprimerciclo\/2018\/10\/11\/la-vega-de-granada-investigamos-en-1o\/dsc00386\/\" data-orig-file=\"https:\/\/cloud.alqueria.es\/wp-content\/uploads\/sites\/6\/2018\/10\/DSC00386.jpg\" data-orig-size=\"640,480\" data-comments-opened=\"1\" data-image-meta=\"{&quot;aperture&quot;:&quot;2.8&quot;,&quot;credit&quot;:&quot;&quot;,&quot;camera&quot;:&quot;DSC-W510&quot;,&quot;caption&quot;:&quot;&quot;,&quot;created_timestamp&quot;:&quot;1538968203&quot;,&quot;copyright&quot;:&quot;Copyright 2009&quot;,&quot;focal_length&quot;:&quot;4.7&quot;,&quot;iso&quot;:&quot;200&quot;,&quot;shutter_speed&quot;:&quot;0.033333333333333&quot;,&quot;title&quot;:&quot;&quot;,&quot;orientation&quot;:&quot;1&quot;}\" data-image-title=\"DSC00386\" data-image-description=\"\" data-image-caption=\"\" data-large-file=\"https:\/\/cloud.alqueria.es\/wp-content\/uploads\/sites\/6\/2018\/10\/DSC00386.jpg\" class=\"aligncenter size-full wp-image-17731\" src=\"https:\/\/cloud.alqueria.es\/wp-content\/uploads\/sites\/6\/2018\/10\/DSC00386.jpg\" alt=\"\" width=\"640\" height=\"480\" srcset=\"https:\/\/cloud.alqueria.es\/wp-content\/uploads\/sites\/6\/2018\/10\/DSC00386.jpg 640w, https:\/\/cloud.alqueria.es\/wp-content\/uploads\/sites\/6\/2018\/10\/DSC00386.jpg 300w\" sizes=\"(max-width: 640px) 100vw, 640px\" \/><\/p>\n<p>Anunciamos esta actividad a nuestras familias con una carta escrita a nuestra manera, explicando qu\u00e9 necesitamos.<\/p>\n<p>Tenemos un cuadernillo con informaci\u00f3n, que podemos consultar antes de hacer la salida para profundizar, si queremos.<\/p>\n<p><img decoding=\"async\" data-attachment-id=\"17796\" data-permalink=\"https:\/\/www.alqueria.es\/blogs\/alqueriaprimerciclo\/2018\/10\/11\/la-vega-de-granada-investigamos-en-1o\/cuaderno\/\" data-orig-file=\"https:\/\/cloud.alqueria.es\/wp-content\/uploads\/sites\/6\/2018\/10\/cuaderno.jpg\" data-orig-size=\"457,522\" data-comments-opened=\"1\" data-image-meta=\"{&quot;aperture&quot;:&quot;0&quot;,&quot;credit&quot;:&quot;usuario&quot;,&quot;camera&quot;:&quot;&quot;,&quot;caption&quot;:&quot;&quot;,&quot;created_timestamp&quot;:&quot;1539177329&quot;,&quot;copyright&quot;:&quot;&quot;,&quot;focal_length&quot;:&quot;0&quot;,&quot;iso&quot;:&quot;0&quot;,&quot;shutter_speed&quot;:&quot;0&quot;,&quot;title&quot;:&quot;&quot;,&quot;orientation&quot;:&quot;0&quot;}\" data-image-title=\"cuaderno\" data-image-description=\"\" data-image-caption=\"\" data-large-file=\"https:\/\/cloud.alqueria.es\/wp-content\/uploads\/sites\/6\/2018\/10\/cuaderno.jpg\" class=\"aligncenter size-full wp-image-17796\" src=\"https:\/\/cloud.alqueria.es\/wp-content\/uploads\/sites\/6\/2018\/10\/cuaderno.jpg\" alt=\"\" width=\"457\" height=\"522\" srcset=\"https:\/\/cloud.alqueria.es\/wp-content\/uploads\/sites\/6\/2018\/10\/cuaderno.jpg 457w, https:\/\/cloud.alqueria.es\/wp-content\/uploads\/sites\/6\/2018\/10\/cuaderno.jpg 263w\" sizes=\"(max-width: 457px) 100vw, 457px\" \/><\/p>\n<h5>De d\u00f3nde viene el agua del grifo<\/h5>\n<p>Nos ha tenido muy ocupados poderlo averiguar. Pero cu\u00e1l ha sido nuestra sorpresa cuando entre todos hemos descubierto el ciclo del agua.<\/p>\n<p><img decoding=\"async\" src=\"https:\/\/www.imateriales.com\/wp-content\/uploads\/2018\/02\/Esquema-del-ciclo-del-agua.jpg\" \/><\/p>\n<p>Hemos tenido que utilizar palabras que no conoc\u00edamos, como vaporizaci\u00f3n, condensaci\u00f3n, gaseoso&#8230; Para entenderlo, hemos hervido agua y hemos sacado del congelador cubitos de hielo.<\/p>\n<p><img decoding=\"async\" src=\"https:\/\/4.bp.blogspot.com\/-NcRErU_cz08\/VtbJIiN_DYI\/AAAAAAAAJPs\/DRCNViAoGOI\/s1600\/estados%2Bdel%2Bagua%2B2.png\" alt=\"Resultado de imagen de estados del agua agua esquema\" \/><\/p>\n<p>Finalmente hemos tenido que luchar bastante para poder escribir POTABILIZADORA. La palabra secreta, con la que hemos entendido\u00a0 c\u00f3mo se trata el agua para poder llenar los grifos y beberla.<\/p>\n<p><img decoding=\"async\" src=\"http:\/\/www.poceriasinzanja.es\/wp-content\/uploads\/2016\/04\/c934.jpg\" \/><\/p>\n<h5>El agua en la Vega<\/h5>\n<p>En una asamblea ponemos en com\u00fan c\u00f3mo llega a la Vega. Entre todos aprendemos que son los r\u00edos, D\u00edlar, Genil y Beiro quienes la proporcionan.<\/p>\n<p>A partir de aqu\u00ed, nuestra maestra nos da una conferencia adaptada para nuestra edad, usando algunas im\u00e1genes de este power point .<\/p>\n<div class=\"a25-CTUOC-hidding-box\" data-original-content=\"&lt;iframe src=&quot;https:\/\/www.slideshare.net\/slideshow\/embed_code\/118695112&quot; width=&quot;474&quot; height=&quot;389&quot; sandbox=&quot;allow-popups allow-scripts allow-same-origin allow-presentation&quot; allowfullscreen webkitallowfullscreen mozallowfullscreen&gt;&lt;\/iframe&gt;\">Esta p\u00e1gina incluye contenido multimedia que requiere aceptar todas las cookies. Pulse aqu\u00ed para abrir la configuraci\u00f3n de cookies.<\/div>\n<p>Hacemos la representaci\u00f3n gr\u00e1fica de lo que ya sab\u00edamos y hemos entendido despu\u00e9s.<img decoding=\"async\" data-attachment-id=\"17756\" data-permalink=\"https:\/\/www.alqueria.es\/blogs\/alqueriaprimerciclo\/2018\/10\/11\/la-vega-de-granada-investigamos-en-1o\/dsc00403\/\" data-orig-file=\"https:\/\/cloud.alqueria.es\/wp-content\/uploads\/sites\/6\/2018\/10\/DSC00403.jpg\" data-orig-size=\"640,480\" data-comments-opened=\"1\" data-image-meta=\"{&quot;aperture&quot;:&quot;2.8&quot;,&quot;credit&quot;:&quot;&quot;,&quot;camera&quot;:&quot;DSC-W510&quot;,&quot;caption&quot;:&quot;&quot;,&quot;created_timestamp&quot;:&quot;1539037972&quot;,&quot;copyright&quot;:&quot;Copyright 2009&quot;,&quot;focal_length&quot;:&quot;4.7&quot;,&quot;iso&quot;:&quot;160&quot;,&quot;shutter_speed&quot;:&quot;0.033333333333333&quot;,&quot;title&quot;:&quot;&quot;,&quot;orientation&quot;:&quot;1&quot;}\" data-image-title=\"DSC00403\" data-image-description=\"\" data-image-caption=\"\" data-large-file=\"https:\/\/cloud.alqueria.es\/wp-content\/uploads\/sites\/6\/2018\/10\/DSC00403.jpg\" class=\"aligncenter size-full wp-image-17756\" src=\"https:\/\/cloud.alqueria.es\/wp-content\/uploads\/sites\/6\/2018\/10\/DSC00403.jpg\" alt=\"\" width=\"640\" height=\"480\" srcset=\"https:\/\/cloud.alqueria.es\/wp-content\/uploads\/sites\/6\/2018\/10\/DSC00403.jpg 640w, https:\/\/cloud.alqueria.es\/wp-content\/uploads\/sites\/6\/2018\/10\/DSC00403.jpg 300w\" sizes=\"(max-width: 640px) 100vw, 640px\" \/><\/p>\n<h5>Experimento:Semillero de grama<\/h5>\n<p>Hacemos un peque\u00f1o laboratorio en\u00a0 clase para observar como nace una planta despu\u00e9s de enterrar la semilla. De esta forma, unimos los dos temas que hemos trabajado: Las plantas y el agua.<\/p>\n<p>Materiales:<\/p>\n<div data-carousel-extra='{&quot;blog_id&quot;:6,&quot;permalink&quot;:&quot;https:\/\/www.alqueria.es\/blogs\/alqueriaprimerciclo\/2018\/10\/11\/la-vega-de-granada-investigamos-en-1o\/&quot;}' id='gallery-1' class='gallery galleryid-17710 gallery-columns-3 gallery-size-thumbnail'><figure class='gallery-item'>\n\t\t\t<div class='gallery-icon portrait'>\n\t\t\t\t<a href='https:\/\/www.alqueria.es\/blogs\/alqueriaprimerciclo\/2018\/10\/11\/la-vega-de-granada-investigamos-en-1o\/dsc003901\/'><img decoding=\"async\" width=\"150\" height=\"150\" src=\"https:\/\/cloud.alqueria.es\/wp-content\/uploads\/sites\/6\/2018\/10\/DSC003901.jpg\" class=\"attachment-thumbnail size-thumbnail\" alt=\"\" data-attachment-id=\"17737\" data-permalink=\"https:\/\/www.alqueria.es\/blogs\/alqueriaprimerciclo\/2018\/10\/11\/la-vega-de-granada-investigamos-en-1o\/dsc003901\/\" data-orig-file=\"https:\/\/cloud.alqueria.es\/wp-content\/uploads\/sites\/6\/2018\/10\/DSC003901.jpg\" data-orig-size=\"480,640\" data-comments-opened=\"1\" data-image-meta=\"{&quot;aperture&quot;:&quot;2.8&quot;,&quot;credit&quot;:&quot;&quot;,&quot;camera&quot;:&quot;DSC-W510&quot;,&quot;caption&quot;:&quot;&quot;,&quot;created_timestamp&quot;:&quot;1538968636&quot;,&quot;copyright&quot;:&quot;Copyright 2009&quot;,&quot;focal_length&quot;:&quot;4.7&quot;,&quot;iso&quot;:&quot;200&quot;,&quot;shutter_speed&quot;:&quot;0.033333333333333&quot;,&quot;title&quot;:&quot;&quot;,&quot;orientation&quot;:&quot;1&quot;}\" data-image-title=\"DSC003901\" data-image-description=\"\" data-image-caption=\"\" data-large-file=\"https:\/\/cloud.alqueria.es\/wp-content\/uploads\/sites\/6\/2018\/10\/DSC003901.jpg\" \/><\/a>\n\t\t\t<\/div><\/figure><figure class='gallery-item'>\n\t\t\t<div class='gallery-icon landscape'>\n\t\t\t\t<a href='https:\/\/www.alqueria.es\/blogs\/alqueriaprimerciclo\/2018\/10\/11\/la-vega-de-granada-investigamos-en-1o\/dsc00389-2\/'><img decoding=\"async\" width=\"150\" height=\"150\" src=\"https:\/\/cloud.alqueria.es\/wp-content\/uploads\/sites\/6\/2018\/10\/DSC00389.jpg\" class=\"attachment-thumbnail size-thumbnail\" alt=\"\" data-attachment-id=\"17735\" data-permalink=\"https:\/\/www.alqueria.es\/blogs\/alqueriaprimerciclo\/2018\/10\/11\/la-vega-de-granada-investigamos-en-1o\/dsc00389-2\/\" data-orig-file=\"https:\/\/cloud.alqueria.es\/wp-content\/uploads\/sites\/6\/2018\/10\/DSC00389.jpg\" data-orig-size=\"640,480\" data-comments-opened=\"1\" data-image-meta=\"{&quot;aperture&quot;:&quot;2.8&quot;,&quot;credit&quot;:&quot;&quot;,&quot;camera&quot;:&quot;DSC-W510&quot;,&quot;caption&quot;:&quot;&quot;,&quot;created_timestamp&quot;:&quot;1538968598&quot;,&quot;copyright&quot;:&quot;Copyright 2009&quot;,&quot;focal_length&quot;:&quot;4.7&quot;,&quot;iso&quot;:&quot;200&quot;,&quot;shutter_speed&quot;:&quot;0.033333333333333&quot;,&quot;title&quot;:&quot;&quot;,&quot;orientation&quot;:&quot;1&quot;}\" data-image-title=\"DSC00389\" data-image-description=\"\" data-image-caption=\"\" data-large-file=\"https:\/\/cloud.alqueria.es\/wp-content\/uploads\/sites\/6\/2018\/10\/DSC00389.jpg\" \/><\/a>\n\t\t\t<\/div><\/figure><figure class='gallery-item'>\n\t\t\t<div class='gallery-icon landscape'>\n\t\t\t\t<a href='https:\/\/www.alqueria.es\/blogs\/alqueriaprimerciclo\/2018\/10\/11\/la-vega-de-granada-investigamos-en-1o\/dsc00388-2\/'><img decoding=\"async\" width=\"150\" height=\"150\" src=\"https:\/\/cloud.alqueria.es\/wp-content\/uploads\/sites\/6\/2018\/10\/DSC00388.jpg\" class=\"attachment-thumbnail size-thumbnail\" alt=\"\" data-attachment-id=\"17734\" data-permalink=\"https:\/\/www.alqueria.es\/blogs\/alqueriaprimerciclo\/2018\/10\/11\/la-vega-de-granada-investigamos-en-1o\/dsc00388-2\/\" data-orig-file=\"https:\/\/cloud.alqueria.es\/wp-content\/uploads\/sites\/6\/2018\/10\/DSC00388.jpg\" data-orig-size=\"640,480\" data-comments-opened=\"1\" data-image-meta=\"{&quot;aperture&quot;:&quot;8&quot;,&quot;credit&quot;:&quot;&quot;,&quot;camera&quot;:&quot;DSC-W510&quot;,&quot;caption&quot;:&quot;&quot;,&quot;created_timestamp&quot;:&quot;1538968574&quot;,&quot;copyright&quot;:&quot;Copyright 2009&quot;,&quot;focal_length&quot;:&quot;4.7&quot;,&quot;iso&quot;:&quot;100&quot;,&quot;shutter_speed&quot;:&quot;0.033333333333333&quot;,&quot;title&quot;:&quot;&quot;,&quot;orientation&quot;:&quot;1&quot;}\" data-image-title=\"DSC00388\" data-image-description=\"\" data-image-caption=\"\" data-large-file=\"https:\/\/cloud.alqueria.es\/wp-content\/uploads\/sites\/6\/2018\/10\/DSC00388.jpg\" \/><\/a>\n\t\t\t<\/div><\/figure><figure class='gallery-item'>\n\t\t\t<div class='gallery-icon landscape'>\n\t\t\t\t<a href='https:\/\/www.alqueria.es\/blogs\/alqueriaprimerciclo\/2018\/10\/11\/la-vega-de-granada-investigamos-en-1o\/dsc00387-2\/'><img decoding=\"async\" width=\"150\" height=\"150\" src=\"https:\/\/cloud.alqueria.es\/wp-content\/uploads\/sites\/6\/2018\/10\/DSC00387.jpg\" class=\"attachment-thumbnail size-thumbnail\" alt=\"\" data-attachment-id=\"17733\" data-permalink=\"https:\/\/www.alqueria.es\/blogs\/alqueriaprimerciclo\/2018\/10\/11\/la-vega-de-granada-investigamos-en-1o\/dsc00387-2\/\" data-orig-file=\"https:\/\/cloud.alqueria.es\/wp-content\/uploads\/sites\/6\/2018\/10\/DSC00387.jpg\" data-orig-size=\"640,480\" data-comments-opened=\"1\" data-image-meta=\"{&quot;aperture&quot;:&quot;2.8&quot;,&quot;credit&quot;:&quot;&quot;,&quot;camera&quot;:&quot;DSC-W510&quot;,&quot;caption&quot;:&quot;&quot;,&quot;created_timestamp&quot;:&quot;1538968567&quot;,&quot;copyright&quot;:&quot;Copyright 2009&quot;,&quot;focal_length&quot;:&quot;4.7&quot;,&quot;iso&quot;:&quot;400&quot;,&quot;shutter_speed&quot;:&quot;0.033333333333333&quot;,&quot;title&quot;:&quot;&quot;,&quot;orientation&quot;:&quot;1&quot;}\" data-image-title=\"DSC00387\" data-image-description=\"\" data-image-caption=\"\" data-large-file=\"https:\/\/cloud.alqueria.es\/wp-content\/uploads\/sites\/6\/2018\/10\/DSC00387.jpg\" \/><\/a>\n\t\t\t<\/div><\/figure>\n\t\t<\/div>\n\n<p>Cada uno tenemos un recipiente de c\u00e1scara de huevo. Lo rellenamos con tierra del huerto. Hundimos las semillas de grama . Y regamos.<\/p>\n<p class=\"jetpack-slideshow-noscript robots-nocontent\">El pase de diapositivas requiere JavaScript.<\/p><div id=\"gallery-17710-1-slideshow\" class=\"jetpack-slideshow-window jetpack-slideshow jetpack-slideshow-black\" data-trans=\"fade\" data-autostart=\"1\" data-gallery=\"[{&quot;src&quot;:&quot;https:\\\/\\\/cloud.alqueria.es\\\/wp-content\\\/uploads\\\/sites\\\/6\\\/2018\\\/10\\\/DSC00391.jpg&quot;,&quot;id&quot;:&quot;17748&quot;,&quot;title&quot;:&quot;DSC00391&quot;,&quot;alt&quot;:&quot;&quot;,&quot;caption&quot;:&quot;&quot;,&quot;itemprop&quot;:&quot;image&quot;},{&quot;src&quot;:&quot;https:\\\/\\\/cloud.alqueria.es\\\/wp-content\\\/uploads\\\/sites\\\/6\\\/2018\\\/10\\\/DSC00396.jpg&quot;,&quot;id&quot;:&quot;17749&quot;,&quot;title&quot;:&quot;DSC00396&quot;,&quot;alt&quot;:&quot;&quot;,&quot;caption&quot;:&quot;&quot;,&quot;itemprop&quot;:&quot;image&quot;},{&quot;src&quot;:&quot;https:\\\/\\\/cloud.alqueria.es\\\/wp-content\\\/uploads\\\/sites\\\/6\\\/2018\\\/10\\\/DSC00397.jpg&quot;,&quot;id&quot;:&quot;17750&quot;,&quot;title&quot;:&quot;DSC00397&quot;,&quot;alt&quot;:&quot;&quot;,&quot;caption&quot;:&quot;&quot;,&quot;itemprop&quot;:&quot;image&quot;},{&quot;src&quot;:&quot;https:\\\/\\\/cloud.alqueria.es\\\/wp-content\\\/uploads\\\/sites\\\/6\\\/2018\\\/10\\\/DSC00398.jpg&quot;,&quot;id&quot;:&quot;17751&quot;,&quot;title&quot;:&quot;DSC00398&quot;,&quot;alt&quot;:&quot;&quot;,&quot;caption&quot;:&quot;&quot;,&quot;itemprop&quot;:&quot;image&quot;},{&quot;src&quot;:&quot;https:\\\/\\\/cloud.alqueria.es\\\/wp-content\\\/uploads\\\/sites\\\/6\\\/2018\\\/10\\\/DSC00399.jpg&quot;,&quot;id&quot;:&quot;17752&quot;,&quot;title&quot;:&quot;DSC00399&quot;,&quot;alt&quot;:&quot;&quot;,&quot;caption&quot;:&quot;&quot;,&quot;itemprop&quot;:&quot;image&quot;},{&quot;src&quot;:&quot;https:\\\/\\\/cloud.alqueria.es\\\/wp-content\\\/uploads\\\/sites\\\/6\\\/2018\\\/10\\\/DSC00400.jpg&quot;,&quot;id&quot;:&quot;17753&quot;,&quot;title&quot;:&quot;DSC00400&quot;,&quot;alt&quot;:&quot;&quot;,&quot;caption&quot;:&quot;&quot;,&quot;itemprop&quot;:&quot;image&quot;},{&quot;src&quot;:&quot;https:\\\/\\\/cloud.alqueria.es\\\/wp-content\\\/uploads\\\/sites\\\/6\\\/2018\\\/10\\\/DSC00401.jpg&quot;,&quot;id&quot;:&quot;17754&quot;,&quot;title&quot;:&quot;DSC00401&quot;,&quot;alt&quot;:&quot;&quot;,&quot;caption&quot;:&quot;&quot;,&quot;itemprop&quot;:&quot;image&quot;},{&quot;src&quot;:&quot;https:\\\/\\\/cloud.alqueria.es\\\/wp-content\\\/uploads\\\/sites\\\/6\\\/2018\\\/10\\\/DSC00402.jpg&quot;,&quot;id&quot;:&quot;17755&quot;,&quot;title&quot;:&quot;DSC00402&quot;,&quot;alt&quot;:&quot;&quot;,&quot;caption&quot;:&quot;&quot;,&quot;itemprop&quot;:&quot;image&quot;},{&quot;src&quot;:&quot;https:\\\/\\\/cloud.alqueria.es\\\/wp-content\\\/uploads\\\/sites\\\/6\\\/2018\\\/10\\\/DSC00404.jpg&quot;,&quot;id&quot;:&quot;17757&quot;,&quot;title&quot;:&quot;DSC00404&quot;,&quot;alt&quot;:&quot;&quot;,&quot;caption&quot;:&quot;&quot;,&quot;itemprop&quot;:&quot;image&quot;}]\" itemscope itemtype=\"https:\/\/schema.org\/ImageGallery\"><\/div>\n<p>Y ahora, a esperar qu\u00e9 pasa.<\/p>\n<h5>Preparamos el huerto<\/h5>\n<p>Hay que preparar el huerto para sembrar las habas, por eso ya debemos cortar lo que va quedando y arrancar las matas de tomates, calabacines, calabazas y ma\u00edz.<\/p>\n<p class=\"jetpack-slideshow-noscript robots-nocontent\">El pase de diapositivas requiere JavaScript.<\/p><div id=\"gallery-17710-2-slideshow\" class=\"jetpack-slideshow-window jetpack-slideshow jetpack-slideshow-black\" data-trans=\"fade\" data-autostart=\"1\" data-gallery=\"[{&quot;src&quot;:&quot;https:\\\/\\\/cloud.alqueria.es\\\/wp-content\\\/uploads\\\/sites\\\/6\\\/2018\\\/10\\\/DSC00405.jpg&quot;,&quot;id&quot;:&quot;17758&quot;,&quot;title&quot;:&quot;DSC00405&quot;,&quot;alt&quot;:&quot;&quot;,&quot;caption&quot;:&quot;&quot;,&quot;itemprop&quot;:&quot;image&quot;},{&quot;src&quot;:&quot;https:\\\/\\\/cloud.alqueria.es\\\/wp-content\\\/uploads\\\/sites\\\/6\\\/2018\\\/10\\\/DSC00406.jpg&quot;,&quot;id&quot;:&quot;17759&quot;,&quot;title&quot;:&quot;DSC00406&quot;,&quot;alt&quot;:&quot;&quot;,&quot;caption&quot;:&quot;&quot;,&quot;itemprop&quot;:&quot;image&quot;},{&quot;src&quot;:&quot;https:\\\/\\\/cloud.alqueria.es\\\/wp-content\\\/uploads\\\/sites\\\/6\\\/2018\\\/10\\\/DSC00407.jpg&quot;,&quot;id&quot;:&quot;17760&quot;,&quot;title&quot;:&quot;DSC00407&quot;,&quot;alt&quot;:&quot;&quot;,&quot;caption&quot;:&quot;&quot;,&quot;itemprop&quot;:&quot;image&quot;},{&quot;src&quot;:&quot;https:\\\/\\\/cloud.alqueria.es\\\/wp-content\\\/uploads\\\/sites\\\/6\\\/2018\\\/10\\\/DSC00408.jpg&quot;,&quot;id&quot;:&quot;17761&quot;,&quot;title&quot;:&quot;DSC00408&quot;,&quot;alt&quot;:&quot;&quot;,&quot;caption&quot;:&quot;&quot;,&quot;itemprop&quot;:&quot;image&quot;},{&quot;src&quot;:&quot;https:\\\/\\\/cloud.alqueria.es\\\/wp-content\\\/uploads\\\/sites\\\/6\\\/2018\\\/10\\\/DSC00409.jpg&quot;,&quot;id&quot;:&quot;17762&quot;,&quot;title&quot;:&quot;DSC00409&quot;,&quot;alt&quot;:&quot;&quot;,&quot;caption&quot;:&quot;&quot;,&quot;itemprop&quot;:&quot;image&quot;},{&quot;src&quot;:&quot;https:\\\/\\\/cloud.alqueria.es\\\/wp-content\\\/uploads\\\/sites\\\/6\\\/2018\\\/10\\\/DSC00410.jpg&quot;,&quot;id&quot;:&quot;17763&quot;,&quot;title&quot;:&quot;DSC00410&quot;,&quot;alt&quot;:&quot;&quot;,&quot;caption&quot;:&quot;&quot;,&quot;itemprop&quot;:&quot;image&quot;},{&quot;src&quot;:&quot;https:\\\/\\\/cloud.alqueria.es\\\/wp-content\\\/uploads\\\/sites\\\/6\\\/2018\\\/10\\\/DSC00411.jpg&quot;,&quot;id&quot;:&quot;17764&quot;,&quot;title&quot;:&quot;DSC00411&quot;,&quot;alt&quot;:&quot;&quot;,&quot;caption&quot;:&quot;&quot;,&quot;itemprop&quot;:&quot;image&quot;},{&quot;src&quot;:&quot;https:\\\/\\\/cloud.alqueria.es\\\/wp-content\\\/uploads\\\/sites\\\/6\\\/2018\\\/10\\\/DSC00412.jpg&quot;,&quot;id&quot;:&quot;17765&quot;,&quot;title&quot;:&quot;DSC00412&quot;,&quot;alt&quot;:&quot;&quot;,&quot;caption&quot;:&quot;&quot;,&quot;itemprop&quot;:&quot;image&quot;},{&quot;src&quot;:&quot;https:\\\/\\\/cloud.alqueria.es\\\/wp-content\\\/uploads\\\/sites\\\/6\\\/2018\\\/10\\\/DSC00413.jpg&quot;,&quot;id&quot;:&quot;17766&quot;,&quot;title&quot;:&quot;DSC00413&quot;,&quot;alt&quot;:&quot;&quot;,&quot;caption&quot;:&quot;&quot;,&quot;itemprop&quot;:&quot;image&quot;}]\" itemscope itemtype=\"https:\/\/schema.org\/ImageGallery\"><\/div>\n<p>En el caso de los tomates han crecido mucho , pero no han madurado.<\/p>\n<p><img decoding=\"async\" data-attachment-id=\"17821\" data-permalink=\"https:\/\/www.alqueria.es\/blogs\/alqueriaprimerciclo\/2018\/10\/11\/la-vega-de-granada-investigamos-en-1o\/dsc00462\/\" data-orig-file=\"https:\/\/cloud.alqueria.es\/wp-content\/uploads\/sites\/6\/2018\/10\/DSC00462.jpg\" data-orig-size=\"640,480\" data-comments-opened=\"1\" data-image-meta=\"{&quot;aperture&quot;:&quot;2.8&quot;,&quot;credit&quot;:&quot;&quot;,&quot;camera&quot;:&quot;DSC-W510&quot;,&quot;caption&quot;:&quot;&quot;,&quot;created_timestamp&quot;:&quot;1539142004&quot;,&quot;copyright&quot;:&quot;Copyright 2009&quot;,&quot;focal_length&quot;:&quot;4.7&quot;,&quot;iso&quot;:&quot;160&quot;,&quot;shutter_speed&quot;:&quot;0.033333333333333&quot;,&quot;title&quot;:&quot;&quot;,&quot;orientation&quot;:&quot;1&quot;}\" data-image-title=\"DSC00462\" data-image-description=\"\" data-image-caption=\"\" data-large-file=\"https:\/\/cloud.alqueria.es\/wp-content\/uploads\/sites\/6\/2018\/10\/DSC00462.jpg\" class=\"aligncenter size-full wp-image-17821\" src=\"https:\/\/cloud.alqueria.es\/wp-content\/uploads\/sites\/6\/2018\/10\/DSC00462.jpg\" alt=\"\" width=\"640\" height=\"480\" srcset=\"https:\/\/cloud.alqueria.es\/wp-content\/uploads\/sites\/6\/2018\/10\/DSC00462.jpg 640w, https:\/\/cloud.alqueria.es\/wp-content\/uploads\/sites\/6\/2018\/10\/DSC00462.jpg 300w\" sizes=\"(max-width: 640px) 100vw, 640px\" \/><\/p>\n<h5>Yoga<\/h5>\n<p>Practicamos yoga en nuestro cole porque mejora nuestra formaci\u00f3n como personas.<\/p>\n<ol>\n<li><strong>Mejora su fuerza y flexibilidad<\/strong>: las posturas y equilibrios propios del yoga les ayuda a fortalecer su cuerpo y a hacerlos m\u00e1s flexibles, es decir, favorece su desarrollo f\u00edsico.<\/li>\n<li><strong>Mejora de los h\u00e1bitos posturales<\/strong>: las posturas, estiramientos y movimientos del yoga para ni\u00f1os fortalecer\u00e1n tambi\u00e9n los m\u00fasculos de su espalda, lo que les ayudar\u00e1 a mantenerse m\u00e1s erguidos y con una buena postura.<\/li>\n<li><strong>Mejora la coordinaci\u00f3n y el equilibrio<\/strong>: Es otro de los beneficios f\u00edsicos. En las actividades se ejercitan varias partes del cuerpo, lo que, con la pr\u00e1ctica, les ayuda a mejorar su habilidad para la coordinaci\u00f3n de movimientos y el equilibrio.<\/li>\n<li><strong>Mejora y fortalece todos los sistemas corporales<\/strong>: Ya no solo los motores, tambi\u00e9n el nervioso, circulatorio, digestivo\u2026 Es consecuencia de aprender a respirar y estar calmado.<\/li>\n<li><strong>No es competitivo<\/strong>: A diferencia de otras actividades, el yoga no es una competici\u00f3n. Los ni\u00f1os no tienen que medirse ni compararse con otros, no se les presiona.<\/li>\n<\/ol>\n<p class=\"jetpack-slideshow-noscript robots-nocontent\">El pase de diapositivas requiere JavaScript.<\/p><div id=\"gallery-17710-3-slideshow\" class=\"jetpack-slideshow-window jetpack-slideshow jetpack-slideshow-black\" data-trans=\"fade\" data-autostart=\"1\" data-gallery=\"[{&quot;src&quot;:&quot;https:\\\/\\\/cloud.alqueria.es\\\/wp-content\\\/uploads\\\/sites\\\/6\\\/2018\\\/10\\\/DSC00416.jpg&quot;,&quot;id&quot;:&quot;17769&quot;,&quot;title&quot;:&quot;DSC00416&quot;,&quot;alt&quot;:&quot;&quot;,&quot;caption&quot;:&quot;&quot;,&quot;itemprop&quot;:&quot;image&quot;},{&quot;src&quot;:&quot;https:\\\/\\\/cloud.alqueria.es\\\/wp-content\\\/uploads\\\/sites\\\/6\\\/2018\\\/10\\\/DSC00417.jpg&quot;,&quot;id&quot;:&quot;17770&quot;,&quot;title&quot;:&quot;DSC00417&quot;,&quot;alt&quot;:&quot;&quot;,&quot;caption&quot;:&quot;&quot;,&quot;itemprop&quot;:&quot;image&quot;},{&quot;src&quot;:&quot;https:\\\/\\\/cloud.alqueria.es\\\/wp-content\\\/uploads\\\/sites\\\/6\\\/2018\\\/10\\\/DSC00418.jpg&quot;,&quot;id&quot;:&quot;17771&quot;,&quot;title&quot;:&quot;DSC00418&quot;,&quot;alt&quot;:&quot;&quot;,&quot;caption&quot;:&quot;&quot;,&quot;itemprop&quot;:&quot;image&quot;},{&quot;src&quot;:&quot;https:\\\/\\\/cloud.alqueria.es\\\/wp-content\\\/uploads\\\/sites\\\/6\\\/2018\\\/10\\\/DSC00419.jpg&quot;,&quot;id&quot;:&quot;17772&quot;,&quot;title&quot;:&quot;DSC00419&quot;,&quot;alt&quot;:&quot;&quot;,&quot;caption&quot;:&quot;&quot;,&quot;itemprop&quot;:&quot;image&quot;},{&quot;src&quot;:&quot;https:\\\/\\\/cloud.alqueria.es\\\/wp-content\\\/uploads\\\/sites\\\/6\\\/2018\\\/10\\\/DSC00420.jpg&quot;,&quot;id&quot;:&quot;17773&quot;,&quot;title&quot;:&quot;DSC00420&quot;,&quot;alt&quot;:&quot;&quot;,&quot;caption&quot;:&quot;&quot;,&quot;itemprop&quot;:&quot;image&quot;},{&quot;src&quot;:&quot;https:\\\/\\\/cloud.alqueria.es\\\/wp-content\\\/uploads\\\/sites\\\/6\\\/2018\\\/10\\\/DSC00421.jpg&quot;,&quot;id&quot;:&quot;17774&quot;,&quot;title&quot;:&quot;DSC00421&quot;,&quot;alt&quot;:&quot;&quot;,&quot;caption&quot;:&quot;&quot;,&quot;itemprop&quot;:&quot;image&quot;},{&quot;src&quot;:&quot;https:\\\/\\\/cloud.alqueria.es\\\/wp-content\\\/uploads\\\/sites\\\/6\\\/2018\\\/10\\\/DSC00422.jpg&quot;,&quot;id&quot;:&quot;17775&quot;,&quot;title&quot;:&quot;DSC00422&quot;,&quot;alt&quot;:&quot;&quot;,&quot;caption&quot;:&quot;&quot;,&quot;itemprop&quot;:&quot;image&quot;},{&quot;src&quot;:&quot;https:\\\/\\\/cloud.alqueria.es\\\/wp-content\\\/uploads\\\/sites\\\/6\\\/2018\\\/10\\\/DSC00423.jpg&quot;,&quot;id&quot;:&quot;17776&quot;,&quot;title&quot;:&quot;DSC00423&quot;,&quot;alt&quot;:&quot;&quot;,&quot;caption&quot;:&quot;&quot;,&quot;itemprop&quot;:&quot;image&quot;},{&quot;src&quot;:&quot;https:\\\/\\\/cloud.alqueria.es\\\/wp-content\\\/uploads\\\/sites\\\/6\\\/2018\\\/10\\\/DSC00424.jpg&quot;,&quot;id&quot;:&quot;17777&quot;,&quot;title&quot;:&quot;DSC00424&quot;,&quot;alt&quot;:&quot;&quot;,&quot;caption&quot;:&quot;&quot;,&quot;itemprop&quot;:&quot;image&quot;},{&quot;src&quot;:&quot;https:\\\/\\\/cloud.alqueria.es\\\/wp-content\\\/uploads\\\/sites\\\/6\\\/2018\\\/10\\\/DSC00425.jpg&quot;,&quot;id&quot;:&quot;17778&quot;,&quot;title&quot;:&quot;DSC00425&quot;,&quot;alt&quot;:&quot;&quot;,&quot;caption&quot;:&quot;&quot;,&quot;itemprop&quot;:&quot;image&quot;},{&quot;src&quot;:&quot;https:\\\/\\\/cloud.alqueria.es\\\/wp-content\\\/uploads\\\/sites\\\/6\\\/2018\\\/10\\\/DSC00426.jpg&quot;,&quot;id&quot;:&quot;17779&quot;,&quot;title&quot;:&quot;DSC00426&quot;,&quot;alt&quot;:&quot;&quot;,&quot;caption&quot;:&quot;&quot;,&quot;itemprop&quot;:&quot;image&quot;},{&quot;src&quot;:&quot;https:\\\/\\\/cloud.alqueria.es\\\/wp-content\\\/uploads\\\/sites\\\/6\\\/2018\\\/10\\\/DSC00427.jpg&quot;,&quot;id&quot;:&quot;17780&quot;,&quot;title&quot;:&quot;DSC00427&quot;,&quot;alt&quot;:&quot;&quot;,&quot;caption&quot;:&quot;&quot;,&quot;itemprop&quot;:&quot;image&quot;},{&quot;src&quot;:&quot;https:\\\/\\\/cloud.alqueria.es\\\/wp-content\\\/uploads\\\/sites\\\/6\\\/2018\\\/10\\\/DSC00429.jpg&quot;,&quot;id&quot;:&quot;17781&quot;,&quot;title&quot;:&quot;DSC00429&quot;,&quot;alt&quot;:&quot;&quot;,&quot;caption&quot;:&quot;&quot;,&quot;itemprop&quot;:&quot;image&quot;},{&quot;src&quot;:&quot;https:\\\/\\\/cloud.alqueria.es\\\/wp-content\\\/uploads\\\/sites\\\/6\\\/2018\\\/10\\\/DSC00430.jpg&quot;,&quot;id&quot;:&quot;17782&quot;,&quot;title&quot;:&quot;DSC00430&quot;,&quot;alt&quot;:&quot;&quot;,&quot;caption&quot;:&quot;&quot;,&quot;itemprop&quot;:&quot;image&quot;},{&quot;src&quot;:&quot;https:\\\/\\\/cloud.alqueria.es\\\/wp-content\\\/uploads\\\/sites\\\/6\\\/2018\\\/10\\\/DSC00431.jpg&quot;,&quot;id&quot;:&quot;17783&quot;,&quot;title&quot;:&quot;DSC00431&quot;,&quot;alt&quot;:&quot;&quot;,&quot;caption&quot;:&quot;&quot;,&quot;itemprop&quot;:&quot;image&quot;},{&quot;src&quot;:&quot;https:\\\/\\\/cloud.alqueria.es\\\/wp-content\\\/uploads\\\/sites\\\/6\\\/2018\\\/10\\\/DSC00433.jpg&quot;,&quot;id&quot;:&quot;17784&quot;,&quot;title&quot;:&quot;DSC00433&quot;,&quot;alt&quot;:&quot;&quot;,&quot;caption&quot;:&quot;&quot;,&quot;itemprop&quot;:&quot;image&quot;},{&quot;src&quot;:&quot;https:\\\/\\\/cloud.alqueria.es\\\/wp-content\\\/uploads\\\/sites\\\/6\\\/2018\\\/10\\\/DSC00434.jpg&quot;,&quot;id&quot;:&quot;17785&quot;,&quot;title&quot;:&quot;DSC00434&quot;,&quot;alt&quot;:&quot;&quot;,&quot;caption&quot;:&quot;&quot;,&quot;itemprop&quot;:&quot;image&quot;},{&quot;src&quot;:&quot;https:\\\/\\\/cloud.alqueria.es\\\/wp-content\\\/uploads\\\/sites\\\/6\\\/2018\\\/10\\\/DSC00435.jpg&quot;,&quot;id&quot;:&quot;17786&quot;,&quot;title&quot;:&quot;DSC00435&quot;,&quot;alt&quot;:&quot;&quot;,&quot;caption&quot;:&quot;&quot;,&quot;itemprop&quot;:&quot;image&quot;},{&quot;src&quot;:&quot;https:\\\/\\\/cloud.alqueria.es\\\/wp-content\\\/uploads\\\/sites\\\/6\\\/2018\\\/10\\\/DSC00436.jpg&quot;,&quot;id&quot;:&quot;17787&quot;,&quot;title&quot;:&quot;DSC00436&quot;,&quot;alt&quot;:&quot;&quot;,&quot;caption&quot;:&quot;&quot;,&quot;itemprop&quot;:&quot;image&quot;},{&quot;src&quot;:&quot;https:\\\/\\\/cloud.alqueria.es\\\/wp-content\\\/uploads\\\/sites\\\/6\\\/2018\\\/10\\\/DSC00437.jpg&quot;,&quot;id&quot;:&quot;17788&quot;,&quot;title&quot;:&quot;DSC00437&quot;,&quot;alt&quot;:&quot;&quot;,&quot;caption&quot;:&quot;&quot;,&quot;itemprop&quot;:&quot;image&quot;},{&quot;src&quot;:&quot;https:\\\/\\\/cloud.alqueria.es\\\/wp-content\\\/uploads\\\/sites\\\/6\\\/2018\\\/10\\\/DSC00438.jpg&quot;,&quot;id&quot;:&quot;17789&quot;,&quot;title&quot;:&quot;DSC00438&quot;,&quot;alt&quot;:&quot;&quot;,&quot;caption&quot;:&quot;&quot;,&quot;itemprop&quot;:&quot;image&quot;},{&quot;src&quot;:&quot;https:\\\/\\\/cloud.alqueria.es\\\/wp-content\\\/uploads\\\/sites\\\/6\\\/2018\\\/10\\\/DSC00439.jpg&quot;,&quot;id&quot;:&quot;17790&quot;,&quot;title&quot;:&quot;DSC00439&quot;,&quot;alt&quot;:&quot;&quot;,&quot;caption&quot;:&quot;&quot;,&quot;itemprop&quot;:&quot;image&quot;},{&quot;src&quot;:&quot;https:\\\/\\\/cloud.alqueria.es\\\/wp-content\\\/uploads\\\/sites\\\/6\\\/2018\\\/10\\\/DSC00440.jpg&quot;,&quot;id&quot;:&quot;17791&quot;,&quot;title&quot;:&quot;DSC00440&quot;,&quot;alt&quot;:&quot;&quot;,&quot;caption&quot;:&quot;&quot;,&quot;itemprop&quot;:&quot;image&quot;},{&quot;src&quot;:&quot;https:\\\/\\\/cloud.alqueria.es\\\/wp-content\\\/uploads\\\/sites\\\/6\\\/2018\\\/10\\\/DSC00443.jpg&quot;,&quot;id&quot;:&quot;17792&quot;,&quot;title&quot;:&quot;DSC00443&quot;,&quot;alt&quot;:&quot;&quot;,&quot;caption&quot;:&quot;&quot;,&quot;itemprop&quot;:&quot;image&quot;},{&quot;src&quot;:&quot;https:\\\/\\\/cloud.alqueria.es\\\/wp-content\\\/uploads\\\/sites\\\/6\\\/2018\\\/10\\\/DSC00444.jpg&quot;,&quot;id&quot;:&quot;17793&quot;,&quot;title&quot;:&quot;DSC00444&quot;,&quot;alt&quot;:&quot;&quot;,&quot;caption&quot;:&quot;&quot;,&quot;itemprop&quot;:&quot;image&quot;}]\" itemscope itemtype=\"https:\/\/schema.org\/ImageGallery\"><\/div>\n<p><strong>6. Aumenta la autoestima y la conciencia corporal<\/strong>: Y al no ser competitivo ayuda a mejorar la confianza en s\u00ed mismos, reafirmar su autoestima y, desde esa seguridad, poder centrarse en conocer su cuerpo y sus habilidades. Evita las comparaciones, la frustraci\u00f3n y el miedo al fracaso.<\/p>\n<p><strong>7.Mejora la concentraci\u00f3n y la capacidad para relajarse, reduce el estr\u00e9s<\/strong>: La calma y el equilibrio son las bases del yoga. A trav\u00e9s de ejercicios de respiraci\u00f3n y relajaci\u00f3n los ni\u00f1os aprender\u00e1n a usar estas habilidades durante la actividad, aplicarlo en su vida cotidiana y evitar el estr\u00e9s. Un ni\u00f1o tranquilo es capaz de concentrarse mejor.<\/p>\n<p>8.<strong>Fomenta el autocontrol<\/strong>: otro de los beneficios y gestionar las emociones, entre ellas, la frustraci\u00f3n o la ira. Ser\u00e1n m\u00e1s pacientes y sabr\u00e1n canalizar y controlar las emociones.<\/p>\n<p><strong>9.Estimula el autoconocimiento<\/strong>: Los ni\u00f1os dedicar\u00e1n un tiempo y juegos de sus clases de yoga a escuchar y reflexionar, les ayudar\u00e1 a identificar emociones y pensamientos.<\/p>\n<h5>Lectura compartida<\/h5>\n<p>Tenemos unos compa\u00f1eros y compa\u00f1eras en 4\u00ba, que nos van ayudar a leer durante todo el curso, una vez a la semana.<\/p>\n<p class=\"jetpack-slideshow-noscript robots-nocontent\">El pase de diapositivas requiere JavaScript.<\/p><div id=\"gallery-17710-4-slideshow\" class=\"jetpack-slideshow-window jetpack-slideshow jetpack-slideshow-black\" data-trans=\"fade\" data-autostart=\"1\" data-gallery=\"[{&quot;src&quot;:&quot;https:\\\/\\\/cloud.alqueria.es\\\/wp-content\\\/uploads\\\/sites\\\/6\\\/2018\\\/10\\\/DSC00342.jpg&quot;,&quot;id&quot;:&quot;17711&quot;,&quot;title&quot;:&quot;DSC00342&quot;,&quot;alt&quot;:&quot;&quot;,&quot;caption&quot;:&quot;&quot;,&quot;itemprop&quot;:&quot;image&quot;},{&quot;src&quot;:&quot;https:\\\/\\\/cloud.alqueria.es\\\/wp-content\\\/uploads\\\/sites\\\/6\\\/2018\\\/10\\\/DSC00344.jpg&quot;,&quot;id&quot;:&quot;17712&quot;,&quot;title&quot;:&quot;DSC00344&quot;,&quot;alt&quot;:&quot;&quot;,&quot;caption&quot;:&quot;&quot;,&quot;itemprop&quot;:&quot;image&quot;},{&quot;src&quot;:&quot;https:\\\/\\\/cloud.alqueria.es\\\/wp-content\\\/uploads\\\/sites\\\/6\\\/2018\\\/10\\\/DSC00345.jpg&quot;,&quot;id&quot;:&quot;17713&quot;,&quot;title&quot;:&quot;DSC00345&quot;,&quot;alt&quot;:&quot;&quot;,&quot;caption&quot;:&quot;&quot;,&quot;itemprop&quot;:&quot;image&quot;},{&quot;src&quot;:&quot;https:\\\/\\\/cloud.alqueria.es\\\/wp-content\\\/uploads\\\/sites\\\/6\\\/2018\\\/10\\\/DSC00346.jpg&quot;,&quot;id&quot;:&quot;17714&quot;,&quot;title&quot;:&quot;DSC00346&quot;,&quot;alt&quot;:&quot;&quot;,&quot;caption&quot;:&quot;&quot;,&quot;itemprop&quot;:&quot;image&quot;},{&quot;src&quot;:&quot;https:\\\/\\\/cloud.alqueria.es\\\/wp-content\\\/uploads\\\/sites\\\/6\\\/2018\\\/10\\\/DSC00347.jpg&quot;,&quot;id&quot;:&quot;17715&quot;,&quot;title&quot;:&quot;DSC00347&quot;,&quot;alt&quot;:&quot;&quot;,&quot;caption&quot;:&quot;&quot;,&quot;itemprop&quot;:&quot;image&quot;},{&quot;src&quot;:&quot;https:\\\/\\\/cloud.alqueria.es\\\/wp-content\\\/uploads\\\/sites\\\/6\\\/2018\\\/10\\\/DSC00348.jpg&quot;,&quot;id&quot;:&quot;17716&quot;,&quot;title&quot;:&quot;DSC00348&quot;,&quot;alt&quot;:&quot;&quot;,&quot;caption&quot;:&quot;&quot;,&quot;itemprop&quot;:&quot;image&quot;},{&quot;src&quot;:&quot;https:\\\/\\\/cloud.alqueria.es\\\/wp-content\\\/uploads\\\/sites\\\/6\\\/2018\\\/10\\\/DSC00349.jpg&quot;,&quot;id&quot;:&quot;17717&quot;,&quot;title&quot;:&quot;DSC00349&quot;,&quot;alt&quot;:&quot;&quot;,&quot;caption&quot;:&quot;&quot;,&quot;itemprop&quot;:&quot;image&quot;},{&quot;src&quot;:&quot;https:\\\/\\\/cloud.alqueria.es\\\/wp-content\\\/uploads\\\/sites\\\/6\\\/2018\\\/10\\\/DSC00350.jpg&quot;,&quot;id&quot;:&quot;17718&quot;,&quot;title&quot;:&quot;DSC00350&quot;,&quot;alt&quot;:&quot;&quot;,&quot;caption&quot;:&quot;&quot;,&quot;itemprop&quot;:&quot;image&quot;},{&quot;src&quot;:&quot;https:\\\/\\\/cloud.alqueria.es\\\/wp-content\\\/uploads\\\/sites\\\/6\\\/2018\\\/10\\\/DSC00353.jpg&quot;,&quot;id&quot;:&quot;17719&quot;,&quot;title&quot;:&quot;DSC00353&quot;,&quot;alt&quot;:&quot;&quot;,&quot;caption&quot;:&quot;&quot;,&quot;itemprop&quot;:&quot;image&quot;},{&quot;src&quot;:&quot;https:\\\/\\\/cloud.alqueria.es\\\/wp-content\\\/uploads\\\/sites\\\/6\\\/2018\\\/10\\\/DSC00355.jpg&quot;,&quot;id&quot;:&quot;17720&quot;,&quot;title&quot;:&quot;DSC00355&quot;,&quot;alt&quot;:&quot;&quot;,&quot;caption&quot;:&quot;&quot;,&quot;itemprop&quot;:&quot;image&quot;},{&quot;src&quot;:&quot;https:\\\/\\\/cloud.alqueria.es\\\/wp-content\\\/uploads\\\/sites\\\/6\\\/2018\\\/10\\\/DSC00356.jpg&quot;,&quot;id&quot;:&quot;17721&quot;,&quot;title&quot;:&quot;DSC00356&quot;,&quot;alt&quot;:&quot;&quot;,&quot;caption&quot;:&quot;&quot;,&quot;itemprop&quot;:&quot;image&quot;},{&quot;src&quot;:&quot;https:\\\/\\\/cloud.alqueria.es\\\/wp-content\\\/uploads\\\/sites\\\/6\\\/2018\\\/10\\\/DSC00357.jpg&quot;,&quot;id&quot;:&quot;17722&quot;,&quot;title&quot;:&quot;DSC00357&quot;,&quot;alt&quot;:&quot;&quot;,&quot;caption&quot;:&quot;&quot;,&quot;itemprop&quot;:&quot;image&quot;},{&quot;src&quot;:&quot;https:\\\/\\\/cloud.alqueria.es\\\/wp-content\\\/uploads\\\/sites\\\/6\\\/2018\\\/10\\\/DSC00358.jpg&quot;,&quot;id&quot;:&quot;17723&quot;,&quot;title&quot;:&quot;DSC00358&quot;,&quot;alt&quot;:&quot;&quot;,&quot;caption&quot;:&quot;&quot;,&quot;itemprop&quot;:&quot;image&quot;},{&quot;src&quot;:&quot;https:\\\/\\\/cloud.alqueria.es\\\/wp-content\\\/uploads\\\/sites\\\/6\\\/2018\\\/10\\\/DSC00359.jpg&quot;,&quot;id&quot;:&quot;17724&quot;,&quot;title&quot;:&quot;DSC00359&quot;,&quot;alt&quot;:&quot;&quot;,&quot;caption&quot;:&quot;&quot;,&quot;itemprop&quot;:&quot;image&quot;},{&quot;src&quot;:&quot;https:\\\/\\\/cloud.alqueria.es\\\/wp-content\\\/uploads\\\/sites\\\/6\\\/2018\\\/10\\\/DSC00360.jpg&quot;,&quot;id&quot;:&quot;17725&quot;,&quot;title&quot;:&quot;DSC00360&quot;,&quot;alt&quot;:&quot;&quot;,&quot;caption&quot;:&quot;&quot;,&quot;itemprop&quot;:&quot;image&quot;}]\" itemscope itemtype=\"https:\/\/schema.org\/ImageGallery\"><\/div>\n<p>El\u00a0 viernes a las 16h. nos repartimos entre las dos clases y les leemos en voz alta.<\/p>\n<p>Est\u00e1n muy contentos por poder orientarnos , ya que no hace mucho eran ellos los que intentaban leer, ayudados por otros compa\u00f1eros. Son pacientes y nos dan trucos para conseguir hacerlo lo mejor posible.<\/p>\n<h5>Amigos de 10<\/h5>\n<p>Ordenamos las barajas para preparar el juego.<\/p>\n<p class=\"jetpack-slideshow-noscript robots-nocontent\">El pase de diapositivas requiere JavaScript.<\/p><div id=\"gallery-17710-5-slideshow\" class=\"jetpack-slideshow-window jetpack-slideshow jetpack-slideshow-black\" data-trans=\"fade\" data-autostart=\"1\" data-gallery=\"[{&quot;src&quot;:&quot;https:\\\/\\\/cloud.alqueria.es\\\/wp-content\\\/uploads\\\/sites\\\/6\\\/2018\\\/10\\\/DSC00380.jpg&quot;,&quot;id&quot;:&quot;17726&quot;,&quot;title&quot;:&quot;DSC00380&quot;,&quot;alt&quot;:&quot;&quot;,&quot;caption&quot;:&quot;&quot;,&quot;itemprop&quot;:&quot;image&quot;},{&quot;src&quot;:&quot;https:\\\/\\\/cloud.alqueria.es\\\/wp-content\\\/uploads\\\/sites\\\/6\\\/2018\\\/10\\\/DSC00381.jpg&quot;,&quot;id&quot;:&quot;17727&quot;,&quot;title&quot;:&quot;DSC00381&quot;,&quot;alt&quot;:&quot;&quot;,&quot;caption&quot;:&quot;&quot;,&quot;itemprop&quot;:&quot;image&quot;},{&quot;src&quot;:&quot;https:\\\/\\\/cloud.alqueria.es\\\/wp-content\\\/uploads\\\/sites\\\/6\\\/2018\\\/10\\\/DSC00382.jpg&quot;,&quot;id&quot;:&quot;17728&quot;,&quot;title&quot;:&quot;DSC00382&quot;,&quot;alt&quot;:&quot;&quot;,&quot;caption&quot;:&quot;&quot;,&quot;itemprop&quot;:&quot;image&quot;},{&quot;src&quot;:&quot;https:\\\/\\\/cloud.alqueria.es\\\/wp-content\\\/uploads\\\/sites\\\/6\\\/2018\\\/10\\\/DSC00383.jpg&quot;,&quot;id&quot;:&quot;17729&quot;,&quot;title&quot;:&quot;DSC00383&quot;,&quot;alt&quot;:&quot;&quot;,&quot;caption&quot;:&quot;&quot;,&quot;itemprop&quot;:&quot;image&quot;}]\" itemscope itemtype=\"https:\/\/schema.org\/ImageGallery\"><\/div>\n<p>Esta semana ya con\u00a0 los amigos del diez. Este n\u00famero va a ser el gran protagonista de nuestro c\u00e1lculo durante alg\u00fan tiempo .<\/p>\n<h5>La arcilla, la cer\u00e1mica y el esmalte (1\u00ba parte)<\/h5>\n<p class=\"jetpack-slideshow-noscript robots-nocontent\">El pase de diapositivas requiere JavaScript.<\/p><div id=\"gallery-17710-6-slideshow\" class=\"jetpack-slideshow-window jetpack-slideshow jetpack-slideshow-black\" data-trans=\"fade\" data-autostart=\"1\" data-gallery=\"[{&quot;src&quot;:&quot;https:\\\/\\\/cloud.alqueria.es\\\/wp-content\\\/uploads\\\/sites\\\/6\\\/2018\\\/10\\\/DSC00445.jpg&quot;,&quot;id&quot;:&quot;17800&quot;,&quot;title&quot;:&quot;DSC00445&quot;,&quot;alt&quot;:&quot;&quot;,&quot;caption&quot;:&quot;&quot;,&quot;itemprop&quot;:&quot;image&quot;},{&quot;src&quot;:&quot;https:\\\/\\\/cloud.alqueria.es\\\/wp-content\\\/uploads\\\/sites\\\/6\\\/2018\\\/10\\\/DSC00446.jpg&quot;,&quot;id&quot;:&quot;17801&quot;,&quot;title&quot;:&quot;DSC00446&quot;,&quot;alt&quot;:&quot;&quot;,&quot;caption&quot;:&quot;&quot;,&quot;itemprop&quot;:&quot;image&quot;},{&quot;src&quot;:&quot;https:\\\/\\\/cloud.alqueria.es\\\/wp-content\\\/uploads\\\/sites\\\/6\\\/2018\\\/10\\\/DSC00447.jpg&quot;,&quot;id&quot;:&quot;17802&quot;,&quot;title&quot;:&quot;DSC00447&quot;,&quot;alt&quot;:&quot;&quot;,&quot;caption&quot;:&quot;&quot;,&quot;itemprop&quot;:&quot;image&quot;},{&quot;src&quot;:&quot;https:\\\/\\\/cloud.alqueria.es\\\/wp-content\\\/uploads\\\/sites\\\/6\\\/2018\\\/10\\\/DSC00448.jpg&quot;,&quot;id&quot;:&quot;17803&quot;,&quot;title&quot;:&quot;DSC00448&quot;,&quot;alt&quot;:&quot;&quot;,&quot;caption&quot;:&quot;&quot;,&quot;itemprop&quot;:&quot;image&quot;},{&quot;src&quot;:&quot;https:\\\/\\\/cloud.alqueria.es\\\/wp-content\\\/uploads\\\/sites\\\/6\\\/2018\\\/10\\\/DSC00449.jpg&quot;,&quot;id&quot;:&quot;17804&quot;,&quot;title&quot;:&quot;DSC00449&quot;,&quot;alt&quot;:&quot;&quot;,&quot;caption&quot;:&quot;&quot;,&quot;itemprop&quot;:&quot;image&quot;},{&quot;src&quot;:&quot;https:\\\/\\\/cloud.alqueria.es\\\/wp-content\\\/uploads\\\/sites\\\/6\\\/2018\\\/10\\\/DSC00450.jpg&quot;,&quot;id&quot;:&quot;17805&quot;,&quot;title&quot;:&quot;DSC00450&quot;,&quot;alt&quot;:&quot;&quot;,&quot;caption&quot;:&quot;&quot;,&quot;itemprop&quot;:&quot;image&quot;},{&quot;src&quot;:&quot;https:\\\/\\\/cloud.alqueria.es\\\/wp-content\\\/uploads\\\/sites\\\/6\\\/2018\\\/10\\\/DSC00451.jpg&quot;,&quot;id&quot;:&quot;17806&quot;,&quot;title&quot;:&quot;DSC00451&quot;,&quot;alt&quot;:&quot;&quot;,&quot;caption&quot;:&quot;&quot;,&quot;itemprop&quot;:&quot;image&quot;},{&quot;src&quot;:&quot;https:\\\/\\\/cloud.alqueria.es\\\/wp-content\\\/uploads\\\/sites\\\/6\\\/2018\\\/10\\\/DSC00452.jpg&quot;,&quot;id&quot;:&quot;17807&quot;,&quot;title&quot;:&quot;DSC00452&quot;,&quot;alt&quot;:&quot;&quot;,&quot;caption&quot;:&quot;&quot;,&quot;itemprop&quot;:&quot;image&quot;},{&quot;src&quot;:&quot;https:\\\/\\\/cloud.alqueria.es\\\/wp-content\\\/uploads\\\/sites\\\/6\\\/2018\\\/10\\\/DSC00453.jpg&quot;,&quot;id&quot;:&quot;17808&quot;,&quot;title&quot;:&quot;DSC00453&quot;,&quot;alt&quot;:&quot;&quot;,&quot;caption&quot;:&quot;&quot;,&quot;itemprop&quot;:&quot;image&quot;},{&quot;src&quot;:&quot;https:\\\/\\\/cloud.alqueria.es\\\/wp-content\\\/uploads\\\/sites\\\/6\\\/2018\\\/10\\\/DSC00454.jpg&quot;,&quot;id&quot;:&quot;17809&quot;,&quot;title&quot;:&quot;DSC00454&quot;,&quot;alt&quot;:&quot;&quot;,&quot;caption&quot;:&quot;&quot;,&quot;itemprop&quot;:&quot;image&quot;},{&quot;src&quot;:&quot;https:\\\/\\\/cloud.alqueria.es\\\/wp-content\\\/uploads\\\/sites\\\/6\\\/2018\\\/10\\\/DSC00455.jpg&quot;,&quot;id&quot;:&quot;17810&quot;,&quot;title&quot;:&quot;DSC00455&quot;,&quot;alt&quot;:&quot;&quot;,&quot;caption&quot;:&quot;&quot;,&quot;itemprop&quot;:&quot;image&quot;},{&quot;src&quot;:&quot;https:\\\/\\\/cloud.alqueria.es\\\/wp-content\\\/uploads\\\/sites\\\/6\\\/2018\\\/10\\\/DSC00456.jpg&quot;,&quot;id&quot;:&quot;17811&quot;,&quot;title&quot;:&quot;DSC00456&quot;,&quot;alt&quot;:&quot;&quot;,&quot;caption&quot;:&quot;&quot;,&quot;itemprop&quot;:&quot;image&quot;},{&quot;src&quot;:&quot;https:\\\/\\\/cloud.alqueria.es\\\/wp-content\\\/uploads\\\/sites\\\/6\\\/2018\\\/10\\\/DSC00459.jpg&quot;,&quot;id&quot;:&quot;17812&quot;,&quot;title&quot;:&quot;DSC00459&quot;,&quot;alt&quot;:&quot;&quot;,&quot;caption&quot;:&quot;&quot;,&quot;itemprop&quot;:&quot;image&quot;},{&quot;src&quot;:&quot;https:\\\/\\\/cloud.alqueria.es\\\/wp-content\\\/uploads\\\/sites\\\/6\\\/2018\\\/10\\\/DSC00460.jpg&quot;,&quot;id&quot;:&quot;17813&quot;,&quot;title&quot;:&quot;DSC00460&quot;,&quot;alt&quot;:&quot;&quot;,&quot;caption&quot;:&quot;&quot;,&quot;itemprop&quot;:&quot;image&quot;},{&quot;src&quot;:&quot;https:\\\/\\\/cloud.alqueria.es\\\/wp-content\\\/uploads\\\/sites\\\/6\\\/2018\\\/10\\\/DSC00461.jpg&quot;,&quot;id&quot;:&quot;17814&quot;,&quot;title&quot;:&quot;DSC00461&quot;,&quot;alt&quot;:&quot;&quot;,&quot;caption&quot;:&quot;&quot;,&quot;itemprop&quot;:&quot;image&quot;},{&quot;src&quot;:&quot;https:\\\/\\\/cloud.alqueria.es\\\/wp-content\\\/uploads\\\/sites\\\/6\\\/2018\\\/10\\\/DSC00463.jpg&quot;,&quot;id&quot;:&quot;17815&quot;,&quot;title&quot;:&quot;DSC00463&quot;,&quot;alt&quot;:&quot;&quot;,&quot;caption&quot;:&quot;&quot;,&quot;itemprop&quot;:&quot;image&quot;}]\" itemscope itemtype=\"https:\/\/schema.org\/ImageGallery\"><\/div>\n<p>Despu\u00e9s de cocer los trabajos de arcilla que hicimos hace quince d\u00edas, los esmaltamos.<\/p>\n<p><img decoding=\"async\" data-attachment-id=\"17818\" data-permalink=\"https:\/\/www.alqueria.es\/blogs\/alqueriaprimerciclo\/2018\/10\/11\/la-vega-de-granada-investigamos-en-1o\/dsc00464-2\/\" data-orig-file=\"https:\/\/cloud.alqueria.es\/wp-content\/uploads\/sites\/6\/2018\/10\/DSC00464.jpg\" data-orig-size=\"640,480\" data-comments-opened=\"1\" data-image-meta=\"{&quot;aperture&quot;:&quot;2.8&quot;,&quot;credit&quot;:&quot;&quot;,&quot;camera&quot;:&quot;DSC-W510&quot;,&quot;caption&quot;:&quot;&quot;,&quot;created_timestamp&quot;:&quot;1539144447&quot;,&quot;copyright&quot;:&quot;Copyright 2009&quot;,&quot;focal_length&quot;:&quot;4.7&quot;,&quot;iso&quot;:&quot;200&quot;,&quot;shutter_speed&quot;:&quot;0.033333333333333&quot;,&quot;title&quot;:&quot;&quot;,&quot;orientation&quot;:&quot;1&quot;}\" data-image-title=\"DSC00464\" data-image-description=\"\" data-image-caption=\"\" data-large-file=\"https:\/\/cloud.alqueria.es\/wp-content\/uploads\/sites\/6\/2018\/10\/DSC00464.jpg\" class=\"aligncenter size-full wp-image-17818\" src=\"https:\/\/cloud.alqueria.es\/wp-content\/uploads\/sites\/6\/2018\/10\/DSC00464.jpg\" alt=\"\" width=\"640\" height=\"480\" srcset=\"https:\/\/cloud.alqueria.es\/wp-content\/uploads\/sites\/6\/2018\/10\/DSC00464.jpg 640w, https:\/\/cloud.alqueria.es\/wp-content\/uploads\/sites\/6\/2018\/10\/DSC00464.jpg 300w\" sizes=\"(max-width: 640px) 100vw, 640px\" \/><\/p>\n<p style=\"text-align: center\">\u00bfQu\u00e9 nos devolver\u00e1 el horno despu\u00e9s de la cochura?<\/p>\n<h5 style=\"line-height: 1.33333\">El aprendizaje: Es algo muy personal<\/h5>\n<p>Si te interesa, pincha sobre la foto.<\/p>\n<p><a href=\"https:\/\/elpais.com\/elpais\/2018\/01\/09\/mamas_papas\/1515498503_813605.html\"><img decoding=\"async\" data-attachment-id=\"17745\" data-permalink=\"https:\/\/www.alqueria.es\/blogs\/alqueriaprimerciclo\/2018\/10\/11\/la-vega-de-granada-investigamos-en-1o\/sistema-educativo\/\" data-orig-file=\"https:\/\/cloud.alqueria.es\/wp-content\/uploads\/sites\/6\/2018\/10\/SISTEMA-EDUCATIVO.jpg\" data-orig-size=\"426,343\" data-comments-opened=\"1\" data-image-meta=\"{&quot;aperture&quot;:&quot;0&quot;,&quot;credit&quot;:&quot;usuario&quot;,&quot;camera&quot;:&quot;&quot;,&quot;caption&quot;:&quot;&quot;,&quot;created_timestamp&quot;:&quot;1539074844&quot;,&quot;copyright&quot;:&quot;&quot;,&quot;focal_length&quot;:&quot;0&quot;,&quot;iso&quot;:&quot;0&quot;,&quot;shutter_speed&quot;:&quot;0&quot;,&quot;title&quot;:&quot;&quot;,&quot;orientation&quot;:&quot;0&quot;}\" data-image-title=\"SISTEMA-EDUCATIVO\" data-image-description=\"\" data-image-caption=\"\" data-large-file=\"https:\/\/cloud.alqueria.es\/wp-content\/uploads\/sites\/6\/2018\/10\/SISTEMA-EDUCATIVO.jpg\" class=\"aligncenter size-full wp-image-17745\" src=\"https:\/\/cloud.alqueria.es\/wp-content\/uploads\/sites\/6\/2018\/10\/SISTEMA-EDUCATIVO.jpg\" alt=\"\" width=\"426\" height=\"343\" srcset=\"https:\/\/cloud.alqueria.es\/wp-content\/uploads\/sites\/6\/2018\/10\/SISTEMA-EDUCATIVO.jpg 426w, https:\/\/cloud.alqueria.es\/wp-content\/uploads\/sites\/6\/2018\/10\/SISTEMA-EDUCATIVO.jpg 300w\" sizes=\"(max-width: 426px) 100vw, 426px\" \/><\/a><\/p>\n<p>Buen fin de semana a todos.<\/p>\n<p>Rosi<\/p>\n","protected":false},"excerpt":{"rendered":"<p>Investigamos la Vega La pr\u00f3xima semana, d\u00eda 16 de octubre, martes, vamos a ir ( si el tiempo lo permite) a reconocer la Vega, porque es el espacio donde est\u00e1 nuestro colegio. Trabajamos ya desde hace una semana temas interesantes sobre ella, que conocemos por las excursiones que hemos hecho en infantil y porque cada &hellip; <a href=\"https:\/\/www.alqueria.es\/blogs\/alqueriaprimerciclo\/2018\/10\/11\/la-vega-de-granada-investigamos-en-1o\/\" class=\"more-link\">Seguir leyendo <span class=\"screen-reader-text\">La Vega de Granada, investigamos en 1\u00ba<\/span> <span class=\"meta-nav\">&rarr;<\/span><\/a><\/p>\n","protected":false},"author":12,"featured_media":0,"comment_status":"open","ping_status":"open","sticky":false,"template":"","format":"standard","meta":{"jetpack_post_was_ever_published":false,"_jetpack_newsletter_access":"","_jetpack_dont_email_post_to_subs":false,"_jetpack_newsletter_tier_id":0,"_jetpack_memberships_contains_paywalled_content":false,"_jetpack_memberships_contains_paid_content":false,"footnotes":"","jetpack_publicize_message":"","jetpack_publicize_feature_enabled":true,"jetpack_social_post_already_shared":true,"jetpack_social_options":{"image_generator_settings":{"template":"highway","default_image_id":0,"font":"","enabled":false},"version":2}},"categories":[2,6,8,19],"tags":[48,109,114],"class_list":["post-17710","post","type-post","status-publish","format-standard","hentry","category-1o-epo","category-conocimiento-del-medio-1o","category-diario-de-clase-1o","category-salidas-1o","tag-experimentos","tag-huerto","tag-salida-a-la-vega-1o-ciclo-alqueria-educacion"],"jetpack_publicize_connections":[],"jetpack_featured_media_url":"","jetpack_sharing_enabled":true,"jetpack_shortlink":"https:\/\/wp.me\/p4lvS0-4BE","_links":{"self":[{"href":"https:\/\/www.alqueria.es\/blogs\/alqueriaprimerciclo\/wp-json\/wp\/v2\/posts\/17710","targetHints":{"allow":["GET"]}}],"collection":[{"href":"https:\/\/www.alqueria.es\/blogs\/alqueriaprimerciclo\/wp-json\/wp\/v2\/posts"}],"about":[{"href":"https:\/\/www.alqueria.es\/blogs\/alqueriaprimerciclo\/wp-json\/wp\/v2\/types\/post"}],"author":[{"embeddable":true,"href":"https:\/\/www.alqueria.es\/blogs\/alqueriaprimerciclo\/wp-json\/wp\/v2\/users\/12"}],"replies":[{"embeddable":true,"href":"https:\/\/www.alqueria.es\/blogs\/alqueriaprimerciclo\/wp-json\/wp\/v2\/comments?post=17710"}],"version-history":[{"count":0,"href":"https:\/\/www.alqueria.es\/blogs\/alqueriaprimerciclo\/wp-json\/wp\/v2\/posts\/17710\/revisions"}],"wp:attachment":[{"href":"https:\/\/www.alqueria.es\/blogs\/alqueriaprimerciclo\/wp-json\/wp\/v2\/media?parent=17710"}],"wp:term":[{"taxonomy":"category","embeddable":true,"href":"https:\/\/www.alqueria.es\/blogs\/alqueriaprimerciclo\/wp-json\/wp\/v2\/categories?post=17710"},{"taxonomy":"post_tag","embeddable":true,"href":"https:\/\/www.alqueria.es\/blogs\/alqueriaprimerciclo\/wp-json\/wp\/v2\/tags?post=17710"}],"curies":[{"name":"wp","href":"https:\/\/api.w.org\/{rel}","templated":true}]}}