{"id":17827,"date":"2018-10-14T21:25:40","date_gmt":"2018-10-14T19:25:40","guid":{"rendered":"https:\/\/www.alqueria.es\/blogs\/alqueriaprimerciclo\/?p=17827"},"modified":"2018-10-14T21:25:40","modified_gmt":"2018-10-14T19:25:40","slug":"la-vega-de-granada-mi-entorno","status":"publish","type":"post","link":"https:\/\/www.alqueria.es\/blogs\/alqueriaprimerciclo\/2018\/10\/14\/la-vega-de-granada-mi-entorno\/","title":{"rendered":"La vega de Granada, mi entorno."},"content":{"rendered":"<p>El Medio ambiental\u00a0 cobra un valor especial dentro de nuestro proyecto . Desarrollamos actividades de forma peri\u00f3dica que hacen estar presentes los valores de conocer nuestro entorno, para valorarlo y respetarlo. Participamos, en todas ellas de forma directa,\u00a0 \u00a0la mayor\u00eda en colaboraci\u00f3n con los compa\u00f1eros de otros grupos.<\/p>\n<p>La Patrulla Medio Ambiental<\/p>\n<p>Reciclado del papel quincenal<\/p>\n<p>La granja,\u00a0 El huerto y\u00a0 El jard\u00edn.<\/p>\n<p>La Vega , nuestro entorno.<\/p>\n<p>El reciclado de materiales.<\/p>\n<p>La separaci\u00f3n de residuos.<\/p>\n<p>Estos d\u00edas nos ocupamos en profundizar sobre nuestro entorno, estamos en la vega de Granada , un privilegio que debemos conocer de cerca.<img decoding=\"async\" data-attachment-id=\"17796\" data-permalink=\"https:\/\/www.alqueria.es\/blogs\/alqueriaprimerciclo\/2018\/10\/11\/la-vega-de-granada-investigamos-en-1o\/cuaderno\/\" data-orig-file=\"https:\/\/cloud.alqueria.es\/wp-content\/uploads\/sites\/6\/2018\/10\/cuaderno.jpg\" data-orig-size=\"457,522\" data-comments-opened=\"1\" data-image-meta=\"{&quot;aperture&quot;:&quot;0&quot;,&quot;credit&quot;:&quot;usuario&quot;,&quot;camera&quot;:&quot;&quot;,&quot;caption&quot;:&quot;&quot;,&quot;created_timestamp&quot;:&quot;1539177329&quot;,&quot;copyright&quot;:&quot;&quot;,&quot;focal_length&quot;:&quot;0&quot;,&quot;iso&quot;:&quot;0&quot;,&quot;shutter_speed&quot;:&quot;0&quot;,&quot;title&quot;:&quot;&quot;,&quot;orientation&quot;:&quot;0&quot;}\" data-image-title=\"cuaderno\" data-image-description=\"\" data-image-caption=\"\" data-large-file=\"https:\/\/cloud.alqueria.es\/wp-content\/uploads\/sites\/6\/2018\/10\/cuaderno.jpg\" class=\"aligncenter wp-image-17796 size-medium\" src=\"https:\/\/cloud.alqueria.es\/wp-content\/uploads\/sites\/6\/2018\/10\/cuaderno.jpg\" alt=\"\" width=\"263\" height=\"300\" srcset=\"https:\/\/cloud.alqueria.es\/wp-content\/uploads\/sites\/6\/2018\/10\/cuaderno.jpg 457w, https:\/\/cloud.alqueria.es\/wp-content\/uploads\/sites\/6\/2018\/10\/cuaderno.jpg 263w\" sizes=\"(max-width: 263px) 100vw, 263px\" \/><\/p>\n<p>Lo investigamos en grupos de trabajo divididos por tem\u00e1ticas:<\/p>\n<p>Las monta\u00f1as que nos rodean: Sierra Nevada, Alfaguara, Sierra Elvira y el mas cercano Monte Vives.<\/p>\n<p>El agua en la vega: Los r\u00edos: Genil y Beiro. Las acequias.<\/p>\n<p>Las plantas y cosechas: esparrages, ma\u00edz, alamedas,&#8230;<\/p>\n<p>Los animales: Las vaquer\u00edas, ganado de ovejas, caballos, aves como las garcillas, variedad de insectos,&#8230;<\/p>\n<p>Las construcciones : cortijos, granjas, secaderos.<\/p>\n<p>El\u00a0 pr\u00f3ximo martes ,16 de octubre, salimos al terreno para vivenciar lo investigado y seguir ampliando conocimientos sobre nuestra vega. Lo hemos anotado en la agenda para no olvidar avisar a la familia y pedir su autorizaci\u00f3n.<\/p>\n<p><img decoding=\"async\" data-attachment-id=\"17850\" data-permalink=\"https:\/\/www.alqueria.es\/blogs\/alqueriaprimerciclo\/2018\/10\/14\/la-vega-de-granada-mi-entorno\/img_20181014_212151\/\" data-orig-file=\"https:\/\/cloud.alqueria.es\/wp-content\/uploads\/sites\/6\/2018\/10\/IMG_20181014_212151.jpg\" data-orig-size=\"619,470\" data-comments-opened=\"1\" data-image-meta=\"{&quot;aperture&quot;:&quot;0&quot;,&quot;credit&quot;:&quot;&quot;,&quot;camera&quot;:&quot;&quot;,&quot;caption&quot;:&quot;&quot;,&quot;created_timestamp&quot;:&quot;0&quot;,&quot;copyright&quot;:&quot;&quot;,&quot;focal_length&quot;:&quot;0&quot;,&quot;iso&quot;:&quot;0&quot;,&quot;shutter_speed&quot;:&quot;0&quot;,&quot;title&quot;:&quot;&quot;,&quot;orientation&quot;:&quot;1&quot;}\" data-image-title=\"IMG_20181014_212151\" data-image-description=\"\" data-image-caption=\"\" data-large-file=\"https:\/\/cloud.alqueria.es\/wp-content\/uploads\/sites\/6\/2018\/10\/IMG_20181014_212151.jpg\" class=\"aligncenter wp-image-17850 size-medium\" src=\"https:\/\/cloud.alqueria.es\/wp-content\/uploads\/sites\/6\/2018\/10\/IMG_20181014_212151.jpg\" alt=\"\" width=\"300\" height=\"228\" srcset=\"https:\/\/cloud.alqueria.es\/wp-content\/uploads\/sites\/6\/2018\/10\/IMG_20181014_212151.jpg 619w, https:\/\/cloud.alqueria.es\/wp-content\/uploads\/sites\/6\/2018\/10\/IMG_20181014_212151.jpg 300w\" sizes=\"(max-width: 300px) 100vw, 300px\" \/><\/p>\n<p>Nuestro cole es un punto de investigaci\u00f3n de los\u00a0 seres vivos : plantas y\u00a0 animales caracter\u00edsticas de la zona.<\/p>\n<p>El huerto esta en un momento de cambio, recogemos los \u00faltimos frutos de la temporada como fresas, calabac\u00edn, calabazas, semillas de cal\u00e9ndula.\u00a0 Toca\u00a0remover la tierra y prepararla para sembrar las habas.<\/p>\n<p>Los \u00e1rboles del jardin comienzan a darnos\u00a0 nueces, membrillos, caquis y granadas . Ya se respira a oto\u00f1o, las hojas se dejan ver amarillear y comienzan a caerse. Hemos profundizado en su estudio, ahora sabemos que el color amarillo estaba esperando bajo el verde .<\/p>\n<p>Toca remover la tierra y prepararla para sembrar las habas<\/p>\n<p>En esta ocasi\u00f3n contamos con nuestro fotografo oficial, para dejar constancia de ellos: codornices, gallinas y gallo, conejos y escarabajos , conviven en el gallinero, Los alimentamos y recogemos los huevos.<\/p>\n<p class=\"jetpack-slideshow-noscript robots-nocontent\">El pase de diapositivas requiere JavaScript.<\/p><div id=\"gallery-17827-1-slideshow\" class=\"jetpack-slideshow-window jetpack-slideshow jetpack-slideshow-black\" data-trans=\"fade\" data-autostart=\"1\" data-gallery=\"[{&quot;src&quot;:&quot;https:\\\/\\\/cloud.alqueria.es\\\/wp-content\\\/uploads\\\/sites\\\/6\\\/2018\\\/10\\\/DSC00377.jpg&quot;,&quot;id&quot;:&quot;17828&quot;,&quot;title&quot;:&quot;DSC00377&quot;,&quot;alt&quot;:&quot;&quot;,&quot;caption&quot;:&quot;&quot;,&quot;itemprop&quot;:&quot;image&quot;},{&quot;src&quot;:&quot;https:\\\/\\\/cloud.alqueria.es\\\/wp-content\\\/uploads\\\/sites\\\/6\\\/2018\\\/10\\\/DSC00361.jpg&quot;,&quot;id&quot;:&quot;17829&quot;,&quot;title&quot;:&quot;DSC00361&quot;,&quot;alt&quot;:&quot;&quot;,&quot;caption&quot;:&quot;&quot;,&quot;itemprop&quot;:&quot;image&quot;},{&quot;src&quot;:&quot;https:\\\/\\\/cloud.alqueria.es\\\/wp-content\\\/uploads\\\/sites\\\/6\\\/2018\\\/10\\\/DSC00362.jpg&quot;,&quot;id&quot;:&quot;17830&quot;,&quot;title&quot;:&quot;DSC00362&quot;,&quot;alt&quot;:&quot;&quot;,&quot;caption&quot;:&quot;&quot;,&quot;itemprop&quot;:&quot;image&quot;},{&quot;src&quot;:&quot;https:\\\/\\\/cloud.alqueria.es\\\/wp-content\\\/uploads\\\/sites\\\/6\\\/2018\\\/10\\\/DSC00363.jpg&quot;,&quot;id&quot;:&quot;17831&quot;,&quot;title&quot;:&quot;DSC00363&quot;,&quot;alt&quot;:&quot;&quot;,&quot;caption&quot;:&quot;&quot;,&quot;itemprop&quot;:&quot;image&quot;},{&quot;src&quot;:&quot;https:\\\/\\\/cloud.alqueria.es\\\/wp-content\\\/uploads\\\/sites\\\/6\\\/2018\\\/10\\\/DSC00364.jpg&quot;,&quot;id&quot;:&quot;17832&quot;,&quot;title&quot;:&quot;DSC00364&quot;,&quot;alt&quot;:&quot;&quot;,&quot;caption&quot;:&quot;&quot;,&quot;itemprop&quot;:&quot;image&quot;},{&quot;src&quot;:&quot;https:\\\/\\\/cloud.alqueria.es\\\/wp-content\\\/uploads\\\/sites\\\/6\\\/2018\\\/10\\\/DSC00365.jpg&quot;,&quot;id&quot;:&quot;17833&quot;,&quot;title&quot;:&quot;DSC00365&quot;,&quot;alt&quot;:&quot;&quot;,&quot;caption&quot;:&quot;&quot;,&quot;itemprop&quot;:&quot;image&quot;},{&quot;src&quot;:&quot;https:\\\/\\\/cloud.alqueria.es\\\/wp-content\\\/uploads\\\/sites\\\/6\\\/2018\\\/10\\\/DSC00367.jpg&quot;,&quot;id&quot;:&quot;17834&quot;,&quot;title&quot;:&quot;DSC00367&quot;,&quot;alt&quot;:&quot;&quot;,&quot;caption&quot;:&quot;&quot;,&quot;itemprop&quot;:&quot;image&quot;},{&quot;src&quot;:&quot;https:\\\/\\\/cloud.alqueria.es\\\/wp-content\\\/uploads\\\/sites\\\/6\\\/2018\\\/10\\\/DSC00368.jpg&quot;,&quot;id&quot;:&quot;17835&quot;,&quot;title&quot;:&quot;DSC00368&quot;,&quot;alt&quot;:&quot;&quot;,&quot;caption&quot;:&quot;&quot;,&quot;itemprop&quot;:&quot;image&quot;},{&quot;src&quot;:&quot;https:\\\/\\\/cloud.alqueria.es\\\/wp-content\\\/uploads\\\/sites\\\/6\\\/2018\\\/10\\\/DSC00370.jpg&quot;,&quot;id&quot;:&quot;17836&quot;,&quot;title&quot;:&quot;DSC00370&quot;,&quot;alt&quot;:&quot;&quot;,&quot;caption&quot;:&quot;&quot;,&quot;itemprop&quot;:&quot;image&quot;},{&quot;src&quot;:&quot;https:\\\/\\\/cloud.alqueria.es\\\/wp-content\\\/uploads\\\/sites\\\/6\\\/2018\\\/10\\\/DSC00371.jpg&quot;,&quot;id&quot;:&quot;17837&quot;,&quot;title&quot;:&quot;DSC00371&quot;,&quot;alt&quot;:&quot;&quot;,&quot;caption&quot;:&quot;&quot;,&quot;itemprop&quot;:&quot;image&quot;},{&quot;src&quot;:&quot;https:\\\/\\\/cloud.alqueria.es\\\/wp-content\\\/uploads\\\/sites\\\/6\\\/2018\\\/10\\\/DSC00372.jpg&quot;,&quot;id&quot;:&quot;17838&quot;,&quot;title&quot;:&quot;DSC00372&quot;,&quot;alt&quot;:&quot;&quot;,&quot;caption&quot;:&quot;&quot;,&quot;itemprop&quot;:&quot;image&quot;},{&quot;src&quot;:&quot;https:\\\/\\\/cloud.alqueria.es\\\/wp-content\\\/uploads\\\/sites\\\/6\\\/2018\\\/10\\\/DSC00373.jpg&quot;,&quot;id&quot;:&quot;17839&quot;,&quot;title&quot;:&quot;DSC00373&quot;,&quot;alt&quot;:&quot;&quot;,&quot;caption&quot;:&quot;&quot;,&quot;itemprop&quot;:&quot;image&quot;},{&quot;src&quot;:&quot;https:\\\/\\\/cloud.alqueria.es\\\/wp-content\\\/uploads\\\/sites\\\/6\\\/2018\\\/10\\\/DSC00374.jpg&quot;,&quot;id&quot;:&quot;17840&quot;,&quot;title&quot;:&quot;DSC00374&quot;,&quot;alt&quot;:&quot;&quot;,&quot;caption&quot;:&quot;&quot;,&quot;itemprop&quot;:&quot;image&quot;},{&quot;src&quot;:&quot;https:\\\/\\\/cloud.alqueria.es\\\/wp-content\\\/uploads\\\/sites\\\/6\\\/2018\\\/10\\\/DSC00375.jpg&quot;,&quot;id&quot;:&quot;17841&quot;,&quot;title&quot;:&quot;DSC00375&quot;,&quot;alt&quot;:&quot;&quot;,&quot;caption&quot;:&quot;&quot;,&quot;itemprop&quot;:&quot;image&quot;},{&quot;src&quot;:&quot;https:\\\/\\\/cloud.alqueria.es\\\/wp-content\\\/uploads\\\/sites\\\/6\\\/2018\\\/10\\\/DSC00376.jpg&quot;,&quot;id&quot;:&quot;17842&quot;,&quot;title&quot;:&quot;DSC00376&quot;,&quot;alt&quot;:&quot;&quot;,&quot;caption&quot;:&quot;&quot;,&quot;itemprop&quot;:&quot;image&quot;}]\" itemscope itemtype=\"https:\/\/schema.org\/ImageGallery\"><\/div>\n<p>\u00a1Ya tenemos un cuadernillo de mates!<\/p>\n<p>Repasamos las operaciones de suma y resta . Ponemos en pr\u00e1ctica los contenidos trabajados el curso anterior, para realizarlas. La descomposici\u00f3n de n\u00fameros, las parejas de diez, como complemento de la decena, nos ayudamos con los palillos, como material que me ayuda a ver el traspaso de la cantidad .<\/p>\n<p>Cada uno realiza los pasos necesarios para sentirse seguro hasta poder llegar\u00a0 al c\u00e1lculo mental.<\/p>\n<p>Esto mismo lo reforzamos realiz\u00e1ndolo en\u00a0 las sesiones de inform\u00e1tica ,con\u00a0 el rinc\u00f3n de Luca, adem\u00e1s vemos el problema que nos plantea para resolver. Tenemos que leer de forma comprensiva y resolver seg\u00fan requiera nuestro nivel.<\/p>\n<p><img decoding=\"async\" data-attachment-id=\"17846\" data-permalink=\"https:\/\/www.alqueria.es\/blogs\/alqueriaprimerciclo\/2018\/10\/14\/la-vega-de-granada-mi-entorno\/img_20181014_202153\/\" data-orig-file=\"https:\/\/cloud.alqueria.es\/wp-content\/uploads\/sites\/6\/2018\/10\/IMG_20181014_202153.jpg\" data-orig-size=\"945,684\" data-comments-opened=\"1\" data-image-meta=\"{&quot;aperture&quot;:&quot;0&quot;,&quot;credit&quot;:&quot;&quot;,&quot;camera&quot;:&quot;&quot;,&quot;caption&quot;:&quot;&quot;,&quot;created_timestamp&quot;:&quot;0&quot;,&quot;copyright&quot;:&quot;&quot;,&quot;focal_length&quot;:&quot;0&quot;,&quot;iso&quot;:&quot;0&quot;,&quot;shutter_speed&quot;:&quot;0&quot;,&quot;title&quot;:&quot;&quot;,&quot;orientation&quot;:&quot;1&quot;}\" data-image-title=\"IMG_20181014_202153\" data-image-description=\"\" data-image-caption=\"\" data-large-file=\"https:\/\/cloud.alqueria.es\/wp-content\/uploads\/sites\/6\/2018\/10\/IMG_20181014_202153.jpg\" class=\"aligncenter wp-image-17846 size-medium\" src=\"https:\/\/cloud.alqueria.es\/wp-content\/uploads\/sites\/6\/2018\/10\/IMG_20181014_202153.jpg\" alt=\"\" width=\"300\" height=\"217\" srcset=\"https:\/\/cloud.alqueria.es\/wp-content\/uploads\/sites\/6\/2018\/10\/IMG_20181014_202153.jpg 945w, https:\/\/cloud.alqueria.es\/wp-content\/uploads\/sites\/6\/2018\/10\/IMG_20181014_202153.jpg 300w, https:\/\/cloud.alqueria.es\/wp-content\/uploads\/sites\/6\/2018\/10\/IMG_20181014_202153.jpg 768w\" sizes=\"(max-width: 300px) 100vw, 300px\" \/><\/p>\n<p>&nbsp;<\/p>\n<p>Descomponemos 100 con las regletas, en esta ocasi\u00f3n tenemos que anotar , de tres maneras posibles los resultados.He necesitado tres piezas del 10, dos de 9 , una de 8, cuatro piezas de 2,&#8230;.. Comprobamos que en total hay cien unidades. Descomposici\u00f3n con variadas posibilidades.<img decoding=\"async\" data-attachment-id=\"17848\" data-permalink=\"https:\/\/www.alqueria.es\/blogs\/alqueriaprimerciclo\/2018\/10\/14\/la-vega-de-granada-mi-entorno\/img_20181014_203637\/\" data-orig-file=\"https:\/\/cloud.alqueria.es\/wp-content\/uploads\/sites\/6\/2018\/10\/IMG_20181014_203637.jpg\" data-orig-size=\"491,694\" data-comments-opened=\"1\" data-image-meta=\"{&quot;aperture&quot;:&quot;0&quot;,&quot;credit&quot;:&quot;&quot;,&quot;camera&quot;:&quot;&quot;,&quot;caption&quot;:&quot;&quot;,&quot;created_timestamp&quot;:&quot;0&quot;,&quot;copyright&quot;:&quot;&quot;,&quot;focal_length&quot;:&quot;0&quot;,&quot;iso&quot;:&quot;0&quot;,&quot;shutter_speed&quot;:&quot;0&quot;,&quot;title&quot;:&quot;&quot;,&quot;orientation&quot;:&quot;1&quot;}\" data-image-title=\"IMG_20181014_203637\" data-image-description=\"\" data-image-caption=\"\" data-large-file=\"https:\/\/cloud.alqueria.es\/wp-content\/uploads\/sites\/6\/2018\/10\/IMG_20181014_203637.jpg\" class=\"aligncenter wp-image-17848 size-thumbnail\" src=\"https:\/\/cloud.alqueria.es\/wp-content\/uploads\/sites\/6\/2018\/10\/IMG_20181014_203637.jpg\" alt=\"\" width=\"150\" height=\"150\" \/><\/p>\n<p><span style=\"color: #3366ff\">Texto creativo<\/span>.<\/p>\n<p>\u00bf Qu\u00e9 pasar\u00eda si todos los d\u00edas fuera fin de semana?<\/p>\n<p>La entrada de escritura ha sido muy reflexiva, algunos ven lo positivo de tener todo el tiempo libre , pero sale la necesidad de aprender y\u00a0 ven el cole como el\u00a0 lugar donde eso es posible. Pod\u00e9is leer los textos en sus diarios, eso si , con\u00a0 su autorizaci\u00f3n.<\/p>\n<p>Continuamos la pr\u00f3xima semana.<\/p>\n<p>Un saludo<\/p>\n<p>Dar\u00eda<\/p>\n","protected":false},"excerpt":{"rendered":"<p>El Medio ambiental\u00a0 cobra un valor especial dentro de nuestro proyecto . Desarrollamos actividades de forma peri\u00f3dica que hacen estar presentes los valores de conocer nuestro entorno, para valorarlo y respetarlo. Participamos, en todas ellas de forma directa,\u00a0 \u00a0la mayor\u00eda en colaboraci\u00f3n con los compa\u00f1eros de otros grupos. La Patrulla Medio Ambiental Reciclado del papel &hellip; <a href=\"https:\/\/www.alqueria.es\/blogs\/alqueriaprimerciclo\/2018\/10\/14\/la-vega-de-granada-mi-entorno\/\" class=\"more-link\">Seguir leyendo <span class=\"screen-reader-text\">La vega de Granada, mi entorno.<\/span> <span class=\"meta-nav\">&rarr;<\/span><\/a><\/p>\n","protected":false},"author":12,"featured_media":0,"comment_status":"open","ping_status":"open","sticky":false,"template":"","format":"standard","meta":{"jetpack_post_was_ever_published":false,"_jetpack_newsletter_access":"","_jetpack_dont_email_post_to_subs":false,"_jetpack_newsletter_tier_id":0,"_jetpack_memberships_contains_paywalled_content":false,"_jetpack_memberships_contains_paid_content":false,"footnotes":"","jetpack_publicize_message":"","jetpack_publicize_feature_enabled":true,"jetpack_social_post_already_shared":true,"jetpack_social_options":{"image_generator_settings":{"template":"highway","default_image_id":0,"font":"","enabled":false},"version":2}},"categories":[3,7,9,110],"tags":[],"class_list":["post-17827","post","type-post","status-publish","format-standard","hentry","category-2o-epo","category-conocimiento-del-medio-2o","category-diario-de-clase-2o","category-medio-ambiente"],"jetpack_publicize_connections":[],"jetpack_featured_media_url":"","jetpack_sharing_enabled":true,"jetpack_shortlink":"https:\/\/wp.me\/p4lvS0-4Dx","_links":{"self":[{"href":"https:\/\/www.alqueria.es\/blogs\/alqueriaprimerciclo\/wp-json\/wp\/v2\/posts\/17827","targetHints":{"allow":["GET"]}}],"collection":[{"href":"https:\/\/www.alqueria.es\/blogs\/alqueriaprimerciclo\/wp-json\/wp\/v2\/posts"}],"about":[{"href":"https:\/\/www.alqueria.es\/blogs\/alqueriaprimerciclo\/wp-json\/wp\/v2\/types\/post"}],"author":[{"embeddable":true,"href":"https:\/\/www.alqueria.es\/blogs\/alqueriaprimerciclo\/wp-json\/wp\/v2\/users\/12"}],"replies":[{"embeddable":true,"href":"https:\/\/www.alqueria.es\/blogs\/alqueriaprimerciclo\/wp-json\/wp\/v2\/comments?post=17827"}],"version-history":[{"count":0,"href":"https:\/\/www.alqueria.es\/blogs\/alqueriaprimerciclo\/wp-json\/wp\/v2\/posts\/17827\/revisions"}],"wp:attachment":[{"href":"https:\/\/www.alqueria.es\/blogs\/alqueriaprimerciclo\/wp-json\/wp\/v2\/media?parent=17827"}],"wp:term":[{"taxonomy":"category","embeddable":true,"href":"https:\/\/www.alqueria.es\/blogs\/alqueriaprimerciclo\/wp-json\/wp\/v2\/categories?post=17827"},{"taxonomy":"post_tag","embeddable":true,"href":"https:\/\/www.alqueria.es\/blogs\/alqueriaprimerciclo\/wp-json\/wp\/v2\/tags?post=17827"}],"curies":[{"name":"wp","href":"https:\/\/api.w.org\/{rel}","templated":true}]}}