{"id":18113,"date":"2018-10-31T15:35:01","date_gmt":"2018-10-31T14:35:01","guid":{"rendered":"https:\/\/www.alqueria.es\/blogs\/alqueriaprimerciclo\/?p=18113"},"modified":"2018-10-31T15:35:01","modified_gmt":"2018-10-31T14:35:01","slug":"escritura-en-1o-2o-parte","status":"publish","type":"post","link":"https:\/\/www.alqueria.es\/blogs\/alqueriaprimerciclo\/2018\/10\/31\/escritura-en-1o-2o-parte\/","title":{"rendered":"Escritura en 1\u00ba (2\u00ba parte)"},"content":{"rendered":"<h5><strong>Proceso de escritura en las conferencias<\/strong><\/h5>\n<p>Cuando empezamos a escribir un texto informativo (conferencias), no sabemos c\u00f3mo empezar.<\/p>\n<p><img decoding=\"async\" class=\"alignleft\" src=\"https:\/\/image.freepik.com\/foto-gratis\/joven-frustrado-sobre-tarea-escribiendo-casa-muchacho-que-estudia-tabla-nino-dibujo-lapiz_1212-903.jpg\" alt=\"Imagen relacionada\" width=\"287\" height=\"191\" \/><\/p>\n<ul>\n<li>El primer esfuerzo es recordar lo que hemos escuchado. Pero no estamos acostumbrados, por lo tanto, tenemos que hacer ejercicios de memoria. Entonces, nos viene un aluvi\u00f3n de informaci\u00f3n.<\/li>\n<li>Se nos orienta a escoger lo que m\u00e1s nos ha impactado. De ah\u00ed que nuestros textos no tengan el orden l\u00f3gico en la exposici\u00f3n.<\/li>\n<li>Pero para poder hacer esta selecci\u00f3n , tenemos que construir un mensaje. Esto es muy dif\u00edcil , porque lo que se nos ocurre es escribir literalmente lo que hemos o\u00eddo.<br \/>\nAqu\u00ed viene el des\u00e1nimo, pues en nuestra mente hemos retenido frases muy largas imposibles de transcribir, con nuestros incipientes conocimientos sobre la escritura.<\/li>\n<li>Se nos invita a simplificar lo que queremos decir.<\/li>\n<li>Posteriormente hay que buscar las palabras que lo van a expresar.<\/li>\n<li>Y por \u00faltimo escoger las letras que lo van a representar.<\/li>\n<\/ul>\n<p style=\"text-align: center\"><em>\u00bfOs vamos convenciendo de lo dif\u00edcil que nos resulta\u00a0 escribir?<\/em><\/p>\n<p>Para que no cunda el des\u00e1nimo, sino todo lo contrario, el hecho de querer comunicar por escrito se nos valora mucho.<\/p>\n<p>Pues este es el objetivo de la escritura.<\/p>\n<p>Por lo tanto, todas estas fases las vamos a llevar con paciencia, intentando avanzar \u00ab<em>de a poquito\u00bb<\/em><\/p>\n<h5><strong>Diccionario<\/strong><\/h5>\n<p>Cada semana tenemos una letra protagonista.<\/p>\n<p><img decoding=\"async\" class=\"aligncenter\" src=\"https:\/\/cloud.alqueria.es\/wp-content\/uploads\/sites\/6\/2013\/10\/mi-diccionario1.jpg\" alt=\"Resultado de imagen de cuaderno diccionario alquer\u00c3\u00ada\" \/><\/p>\n<p>Todo el grupo ya conocemos el abecedario. Lo que necesitamos es poder diferenciar<em> el nombre de las letras del sonido<\/em> con el que se pronuncian\u00a0 dentro de las palabras.<\/p>\n<p>Por eso, encontramos una ayuda\u00a0 en el jugar con las palabras. Primero las escribimos como \u201c nos suenan\u201d y despu\u00e9s intentamos entender c\u00f3mo debe hacerse correctamente, dependiendo de que letras tengan que formarlas.<\/p>\n<h5><strong>Autoprotecci\u00f3n<\/strong><\/h5>\n<p>Loli, responsable de Emergencias, nos visita para recordarnos que significa esta palabra .<\/p>\n<p class=\"jetpack-slideshow-noscript robots-nocontent\">El pase de diapositivas requiere JavaScript.<\/p><div id=\"gallery-18113-1-slideshow\" class=\"jetpack-slideshow-window jetpack-slideshow jetpack-slideshow-black\" data-trans=\"fade\" data-autostart=\"1\" data-gallery=\"[{&quot;src&quot;:&quot;https:\\\/\\\/cloud.alqueria.es\\\/wp-content\\\/uploads\\\/sites\\\/6\\\/2018\\\/10\\\/DSC00563.jpg&quot;,&quot;id&quot;:&quot;18114&quot;,&quot;title&quot;:&quot;DSC00563&quot;,&quot;alt&quot;:&quot;&quot;,&quot;caption&quot;:&quot;&quot;,&quot;itemprop&quot;:&quot;image&quot;},{&quot;src&quot;:&quot;https:\\\/\\\/cloud.alqueria.es\\\/wp-content\\\/uploads\\\/sites\\\/6\\\/2018\\\/10\\\/DSC00564.jpg&quot;,&quot;id&quot;:&quot;18115&quot;,&quot;title&quot;:&quot;DSC00564&quot;,&quot;alt&quot;:&quot;&quot;,&quot;caption&quot;:&quot;&quot;,&quot;itemprop&quot;:&quot;image&quot;},{&quot;src&quot;:&quot;https:\\\/\\\/cloud.alqueria.es\\\/wp-content\\\/uploads\\\/sites\\\/6\\\/2018\\\/10\\\/DSC00565.jpg&quot;,&quot;id&quot;:&quot;18116&quot;,&quot;title&quot;:&quot;DSC00565&quot;,&quot;alt&quot;:&quot;&quot;,&quot;caption&quot;:&quot;&quot;,&quot;itemprop&quot;:&quot;image&quot;}]\" itemscope itemtype=\"https:\/\/schema.org\/ImageGallery\"><\/div>\n<p>En caso que se pueda producir una, es importante que sepamos de antemano como actuar.<\/p>\n<p><img decoding=\"async\" data-attachment-id=\"18117\" data-permalink=\"https:\/\/www.alqueria.es\/blogs\/alqueriaprimerciclo\/2018\/10\/31\/escritura-en-1o-2o-parte\/dsc00676-2\/\" data-orig-file=\"https:\/\/cloud.alqueria.es\/wp-content\/uploads\/sites\/6\/2018\/10\/DSC00676.jpg\" data-orig-size=\"480,640\" data-comments-opened=\"1\" data-image-meta=\"{&quot;aperture&quot;:&quot;2.8&quot;,&quot;credit&quot;:&quot;&quot;,&quot;camera&quot;:&quot;DSC-W510&quot;,&quot;caption&quot;:&quot;&quot;,&quot;created_timestamp&quot;:&quot;1540787527&quot;,&quot;copyright&quot;:&quot;Copyright 2009&quot;,&quot;focal_length&quot;:&quot;4.7&quot;,&quot;iso&quot;:&quot;800&quot;,&quot;shutter_speed&quot;:&quot;0.0125&quot;,&quot;title&quot;:&quot;&quot;,&quot;orientation&quot;:&quot;1&quot;}\" data-image-title=\"DSC00676\" data-image-description=\"\" data-image-caption=\"\" data-large-file=\"https:\/\/cloud.alqueria.es\/wp-content\/uploads\/sites\/6\/2018\/10\/DSC00676.jpg\" class=\"aligncenter size-full wp-image-18117\" src=\"https:\/\/cloud.alqueria.es\/wp-content\/uploads\/sites\/6\/2018\/10\/DSC00676.jpg\" alt=\"\" width=\"480\" height=\"640\" srcset=\"https:\/\/cloud.alqueria.es\/wp-content\/uploads\/sites\/6\/2018\/10\/DSC00676.jpg 480w, https:\/\/cloud.alqueria.es\/wp-content\/uploads\/sites\/6\/2018\/10\/DSC00676.jpg 225w\" sizes=\"(max-width: 480px) 100vw, 480px\" \/><\/p>\n<p>Repasamos el protocolo ( aprendemos que significa esa palabra).<\/p>\n<h5><strong>Preparamos la Fiesta de oto\u00f1o: \u201cPoes\u00eda de colores\u201d.<\/strong><\/h5>\n<p>El viernes, d\u00eda 9 noviembre, es la fiesta de oto\u00f1o.<\/p>\n<p>Uno de los actos consiste en participar , por la ma\u00f1ana, en el Encuentro Literario de primaria. Para lo que estamos preparando unas poes\u00edas.<\/p>\n<p>Las leemos en la clase y debemos hacerlo en casa tambi\u00e9n, hasta aprenderlas de memoria. La declamaremos en grupo.<\/p>\n<p>A esta actividad la hemos llamado \u201cPoes\u00eda en colores\u201d.<\/p>\n<p>Salimos al jard\u00edn a media ma\u00f1ana para recoger hojas y decorar la clase.<\/p>\n<p class=\"jetpack-slideshow-noscript robots-nocontent\">El pase de diapositivas requiere JavaScript.<\/p><div id=\"gallery-18113-2-slideshow\" class=\"jetpack-slideshow-window jetpack-slideshow jetpack-slideshow-black\" data-trans=\"fade\" data-autostart=\"1\" data-gallery=\"[{&quot;src&quot;:&quot;https:\\\/\\\/cloud.alqueria.es\\\/wp-content\\\/uploads\\\/sites\\\/6\\\/2018\\\/10\\\/DSC00668.jpg&quot;,&quot;id&quot;:&quot;18118&quot;,&quot;title&quot;:&quot;DSC00668&quot;,&quot;alt&quot;:&quot;&quot;,&quot;caption&quot;:&quot;&quot;,&quot;itemprop&quot;:&quot;image&quot;},{&quot;src&quot;:&quot;https:\\\/\\\/cloud.alqueria.es\\\/wp-content\\\/uploads\\\/sites\\\/6\\\/2018\\\/10\\\/DSC00669.jpg&quot;,&quot;id&quot;:&quot;18119&quot;,&quot;title&quot;:&quot;DSC00669&quot;,&quot;alt&quot;:&quot;&quot;,&quot;caption&quot;:&quot;&quot;,&quot;itemprop&quot;:&quot;image&quot;},{&quot;src&quot;:&quot;https:\\\/\\\/cloud.alqueria.es\\\/wp-content\\\/uploads\\\/sites\\\/6\\\/2018\\\/10\\\/DSC00670.jpg&quot;,&quot;id&quot;:&quot;18120&quot;,&quot;title&quot;:&quot;DSC00670&quot;,&quot;alt&quot;:&quot;&quot;,&quot;caption&quot;:&quot;&quot;,&quot;itemprop&quot;:&quot;image&quot;},{&quot;src&quot;:&quot;https:\\\/\\\/cloud.alqueria.es\\\/wp-content\\\/uploads\\\/sites\\\/6\\\/2018\\\/10\\\/DSC00672.jpg&quot;,&quot;id&quot;:&quot;18121&quot;,&quot;title&quot;:&quot;DSC00672&quot;,&quot;alt&quot;:&quot;&quot;,&quot;caption&quot;:&quot;&quot;,&quot;itemprop&quot;:&quot;image&quot;},{&quot;src&quot;:&quot;https:\\\/\\\/cloud.alqueria.es\\\/wp-content\\\/uploads\\\/sites\\\/6\\\/2018\\\/10\\\/DSC00673.jpg&quot;,&quot;id&quot;:&quot;18122&quot;,&quot;title&quot;:&quot;DSC00673&quot;,&quot;alt&quot;:&quot;&quot;,&quot;caption&quot;:&quot;&quot;,&quot;itemprop&quot;:&quot;image&quot;},{&quot;src&quot;:&quot;https:\\\/\\\/cloud.alqueria.es\\\/wp-content\\\/uploads\\\/sites\\\/6\\\/2018\\\/10\\\/DSC00674.jpg&quot;,&quot;id&quot;:&quot;18123&quot;,&quot;title&quot;:&quot;DSC00674&quot;,&quot;alt&quot;:&quot;&quot;,&quot;caption&quot;:&quot;&quot;,&quot;itemprop&quot;:&quot;image&quot;},{&quot;src&quot;:&quot;https:\\\/\\\/cloud.alqueria.es\\\/wp-content\\\/uploads\\\/sites\\\/6\\\/2018\\\/10\\\/DSC00675.jpg&quot;,&quot;id&quot;:&quot;18124&quot;,&quot;title&quot;:&quot;DSC00675&quot;,&quot;alt&quot;:&quot;&quot;,&quot;caption&quot;:&quot;&quot;,&quot;itemprop&quot;:&quot;image&quot;}]\" itemscope itemtype=\"https:\/\/schema.org\/ImageGallery\"><\/div>\n<p>Coincidimos con la clase azul, que est\u00e1n haciendo lo mismo. Le ofrecemos nuestra ayuda. Lo que nos hace sentirnos verdaderamente mayores.<\/p>\n<h5>Nuestro primer cuaderno de matem\u00e1ticas<\/h5>\n<p>Representamos nuestros conocimientos de matem\u00e1ticas de forma gr\u00e1fica en un cuaderno de Siete y medio de Lluis Segarra, n\u00ba 1.<\/p>\n<p>Su contenido repasa los conceptos de cantidad y signos que hemos usado en el primer mes de curso.<\/p>\n<p><img decoding=\"async\" class=\"alignleft\" src=\"https:\/\/www.breapaper.com\/imagenes\/9788430\/978843071357.JPG\" alt=\"Resultado de imagen de cuadernos Siete y Medio 1\" \/>En el ejemplar n\u00ba 1, el contenido num\u00e9rico es hasta el 5, pero aun as\u00ed ,resolver las cuestiones que plantea entra\u00f1a gran dificultad. Las razones son las siguientes:<\/p>\n<ul>\n<li>El cuaderno no tiene ning\u00fan mensaje escrito.<\/li>\n<li>Hay que descubrir por l\u00f3gica qu\u00e9 nos pide que hagamos.<\/li>\n<li>Tomamos consciencia de que nuestra forma de resolverlo es completamente intuitiva.<\/li>\n<\/ul>\n<p>Por lo que tenemos que tener en cuenta los principios del manual de investigadores de 1\u00ba:<\/p>\n<ul>\n<li><strong>Empezar a mirar<\/strong> desde el principio de la hoja, parte superior izquierda, <strong>para ver<\/strong> el ejemplo que se nos indica. Y en su defecto , buscar pistas , que nos lleven a encontrarlo para entender.<\/li>\n<li>Paciencia, si nuestra b\u00fasqueda no tiene \u00e9xito\u00a0 a la primera.<\/li>\n<li>Usar el dedo \u00edndice, para seguir un orden de rastreo, de arriba hacia abajo.<\/li>\n<li>No ponernos nerviosos ante el primer error.<\/li>\n<li>El \u00faltimo recurso, pedir ayuda, si despu\u00e9s del esfuerzo no lo conseguimos.<\/li>\n<\/ul>\n<p>M\u00e1s que matem\u00e1ticas lo que estamos ejercitando es una actitud, paciente, observadora y\u00a0 de razonamiento.<\/p>\n<p><strong>Recta num\u00e9rica<\/strong><\/p>\n<p>Iniciamos el estudio de la recta num\u00e9rica.<\/p>\n<p>Conceptos como el n\u00famero anterior y posterior es parte de la investigaci\u00f3n que queremos iniciar\u00a0 con ella.<\/p>\n<p>De momento la estamos construyendo, recortando las tiras de las dos primeras decenas.<\/p>\n<p><img decoding=\"async\" src=\"https:\/\/i1.wp.com\/www.actiludis.com\/wp-content\/uploads\/2010\/10\/Recta-num%C3%A9rica-en-horizontal-01.png?resize=424%2C300\" alt=\"Resultado de imagen de recta num\u00c3\u00a9rica abn\" \/><\/p>\n<p>De paso ejercitamos la psicomotricidad fina con las tijeras.<\/p>\n<h5>En la biblioteca<\/h5>\n<p>Leemos estos dos maravillosos cuentos de Ainhoa y Adelina, respectivamente.<\/p>\n<p><img decoding=\"async\" class=\"alignleft\" src=\"https:\/\/imagessl5.casadellibro.com\/a\/l\/t0\/35\/9788424179335.jpg\" alt=\"Resultado de imagen de La pena de Jon\u00c3\u00a1s\" width=\"257\" height=\"288\" \/><\/p>\n<p>&nbsp;<\/p>\n<p>Este\u00a0 personaje plantea emociones de los ni\u00f1os y las ni\u00f1as, con un <img decoding=\"async\" class=\"alignleft\" src=\"https:\/\/images-na.ssl-images-amazon.com\/images\/I\/51AI0OgtgyL._SX361_BO1,204,203,200_.jpg\" alt=\"Resultado de imagen de los tres bandidos\" width=\"255\" height=\"351\" \/>gran sentido del humor.<\/p>\n<p>&nbsp;<\/p>\n<p>&nbsp;<\/p>\n<p>&nbsp;<\/p>\n<p>&nbsp;<\/p>\n<p>Los Tres Bandidos , es un cl\u00e1sico en la biblioteca de este centro, que hace las delicias\u00a0 de quienes lo hemos le\u00eddo y es un placer presentarlo a los compa\u00f1eros que no lo conocen.<\/p>\n<p>&nbsp;<\/p>\n<p>&nbsp;<\/p>\n<h5><strong>Recordamos a las personas queridas, que ya no est\u00e1n.<\/strong><\/h5>\n<p>La fecha del 31 de octubre nos anuncia una fiesta entra\u00f1able, desdibujada por otras celebraciones diferentes, que coinciden con ella. El D\u00eda de Todos los Santos, d\u00eda\u00a0 que hemos convenido socialmente para recordar a las personas a las que hemos querido y ya no est\u00e1n con nosotros, porque han fallecido. Este recuerdo queda representado por las flores, generalmente.<\/p>\n<p>En clase hablamos sobre el tema, porque forma parte del ciclo de la vida y tenemos que ir comprendiendo que todos nosotros formamos parte de el.<\/p>\n<p>Para iniciarnos hablamos de los dem\u00e1s. Ya que a nuestra edad es inconcebible ni necesario que pensemos en nuestra propia muerte. Pero si podemos empezar a pensar que como todo lo que nace muere.<\/p>\n<p><img decoding=\"async\" data-attachment-id=\"18138\" data-permalink=\"https:\/\/www.alqueria.es\/blogs\/alqueriaprimerciclo\/2018\/10\/31\/escritura-en-1o-2o-parte\/dsc00677\/\" data-orig-file=\"https:\/\/cloud.alqueria.es\/wp-content\/uploads\/sites\/6\/2018\/10\/DSC00677.jpg\" data-orig-size=\"480,640\" data-comments-opened=\"1\" data-image-meta=\"{&quot;aperture&quot;:&quot;2.8&quot;,&quot;credit&quot;:&quot;&quot;,&quot;camera&quot;:&quot;DSC-W510&quot;,&quot;caption&quot;:&quot;&quot;,&quot;created_timestamp&quot;:&quot;1540944290&quot;,&quot;copyright&quot;:&quot;Copyright 2009&quot;,&quot;focal_length&quot;:&quot;4.7&quot;,&quot;iso&quot;:&quot;800&quot;,&quot;shutter_speed&quot;:&quot;0.016666666666667&quot;,&quot;title&quot;:&quot;&quot;,&quot;orientation&quot;:&quot;1&quot;}\" data-image-title=\"DSC00677\" data-image-description=\"\" data-image-caption=\"\" data-large-file=\"https:\/\/cloud.alqueria.es\/wp-content\/uploads\/sites\/6\/2018\/10\/DSC00677.jpg\" class=\"aligncenter size-full wp-image-18138\" src=\"https:\/\/cloud.alqueria.es\/wp-content\/uploads\/sites\/6\/2018\/10\/DSC00677.jpg\" alt=\"\" width=\"480\" height=\"640\" srcset=\"https:\/\/cloud.alqueria.es\/wp-content\/uploads\/sites\/6\/2018\/10\/DSC00677.jpg 480w, https:\/\/cloud.alqueria.es\/wp-content\/uploads\/sites\/6\/2018\/10\/DSC00677.jpg 225w\" sizes=\"(max-width: 480px) 100vw, 480px\" \/><\/p>\n<p>De ah\u00ed que hemos investigado en casa sobre el tema y hemos escrito en nuestro cuadernos ese recuerdo.<\/p>\n<p><img decoding=\"async\" data-attachment-id=\"18139\" data-permalink=\"https:\/\/www.alqueria.es\/blogs\/alqueriaprimerciclo\/2018\/10\/31\/escritura-en-1o-2o-parte\/dsc00678\/\" data-orig-file=\"https:\/\/cloud.alqueria.es\/wp-content\/uploads\/sites\/6\/2018\/10\/DSC00678.jpg\" data-orig-size=\"480,640\" data-comments-opened=\"1\" data-image-meta=\"{&quot;aperture&quot;:&quot;2.8&quot;,&quot;credit&quot;:&quot;&quot;,&quot;camera&quot;:&quot;DSC-W510&quot;,&quot;caption&quot;:&quot;&quot;,&quot;created_timestamp&quot;:&quot;1540944401&quot;,&quot;copyright&quot;:&quot;Copyright 2009&quot;,&quot;focal_length&quot;:&quot;4.7&quot;,&quot;iso&quot;:&quot;800&quot;,&quot;shutter_speed&quot;:&quot;0.016666666666667&quot;,&quot;title&quot;:&quot;&quot;,&quot;orientation&quot;:&quot;1&quot;}\" data-image-title=\"DSC00678\" data-image-description=\"\" data-image-caption=\"\" data-large-file=\"https:\/\/cloud.alqueria.es\/wp-content\/uploads\/sites\/6\/2018\/10\/DSC00678.jpg\" class=\"aligncenter size-full wp-image-18139\" src=\"https:\/\/cloud.alqueria.es\/wp-content\/uploads\/sites\/6\/2018\/10\/DSC00678.jpg\" alt=\"\" width=\"480\" height=\"640\" srcset=\"https:\/\/cloud.alqueria.es\/wp-content\/uploads\/sites\/6\/2018\/10\/DSC00678.jpg 480w, https:\/\/cloud.alqueria.es\/wp-content\/uploads\/sites\/6\/2018\/10\/DSC00678.jpg 225w\" sizes=\"(max-width: 480px) 100vw, 480px\" \/><\/p>\n<h6 style=\"text-align: center\"><em>Solo morimos si se nos olvida<\/em>.<\/h6>\n<p>Es la idea con la que nos quedamos.<\/p>\n<p>Hemos hecho unos trabajos entra\u00f1ables.<\/p>\n<p>Para pensar juntos:<\/p>\n<p><a href=\"http:\/\/blog.tiching.com\/mjesus-comellas-ensenar-manejar-riesgo\/?utm_content=CMPMariaJesusComellas&amp;utm_medium=referral&amp;utm_campaign=cm&amp;utm_source=facebook.com&amp;fbclid=IwAR2-lhhlc3G-x1SKjUhznveSnbflIJwPMiEHkMM0rvvScwFu0RNBbNgIJYw\"><img decoding=\"async\" data-attachment-id=\"18126\" data-permalink=\"https:\/\/www.alqueria.es\/blogs\/alqueriaprimerciclo\/2018\/10\/31\/escritura-en-1o-2o-parte\/captura-120\/\" data-orig-file=\"https:\/\/cloud.alqueria.es\/wp-content\/uploads\/sites\/6\/2018\/10\/Captura.jpg\" data-orig-size=\"978,615\" data-comments-opened=\"1\" data-image-meta=\"{&quot;aperture&quot;:&quot;0&quot;,&quot;credit&quot;:&quot;zagal_002&quot;,&quot;camera&quot;:&quot;&quot;,&quot;caption&quot;:&quot;&quot;,&quot;created_timestamp&quot;:&quot;1540902391&quot;,&quot;copyright&quot;:&quot;&quot;,&quot;focal_length&quot;:&quot;0&quot;,&quot;iso&quot;:&quot;0&quot;,&quot;shutter_speed&quot;:&quot;0&quot;,&quot;title&quot;:&quot;&quot;,&quot;orientation&quot;:&quot;0&quot;}\" data-image-title=\"Captura\" data-image-description=\"\" data-image-caption=\"\" data-large-file=\"https:\/\/cloud.alqueria.es\/wp-content\/uploads\/sites\/6\/2018\/10\/Captura.jpg\" class=\"aligncenter size-full wp-image-18126\" src=\"https:\/\/cloud.alqueria.es\/wp-content\/uploads\/sites\/6\/2018\/10\/Captura.jpg\" alt=\"\" width=\"978\" height=\"615\" srcset=\"https:\/\/cloud.alqueria.es\/wp-content\/uploads\/sites\/6\/2018\/10\/Captura.jpg 978w, https:\/\/cloud.alqueria.es\/wp-content\/uploads\/sites\/6\/2018\/10\/Captura.jpg 300w, https:\/\/cloud.alqueria.es\/wp-content\/uploads\/sites\/6\/2018\/10\/Captura.jpg 768w\" sizes=\"(max-width: 978px) 100vw, 978px\" \/><\/a><\/p>\n<p>Que descans\u00e9is, si es posible, estos d\u00edas.<\/p>\n<p>Rosi<\/p>\n","protected":false},"excerpt":{"rendered":"<p>Proceso de escritura en las conferencias Cuando empezamos a escribir un texto informativo (conferencias), no sabemos c\u00f3mo empezar. El primer esfuerzo es recordar lo que hemos escuchado. Pero no estamos acostumbrados, por lo tanto, tenemos que hacer ejercicios de memoria. Entonces, nos viene un aluvi\u00f3n de informaci\u00f3n. Se nos orienta a escoger lo que m\u00e1s &hellip; <a href=\"https:\/\/www.alqueria.es\/blogs\/alqueriaprimerciclo\/2018\/10\/31\/escritura-en-1o-2o-parte\/\" class=\"more-link\">Seguir leyendo <span class=\"screen-reader-text\">Escritura en 1\u00ba (2\u00ba parte)<\/span> <span class=\"meta-nav\">&rarr;<\/span><\/a><\/p>\n","protected":false},"author":12,"featured_media":0,"comment_status":"open","ping_status":"open","sticky":false,"template":"","format":"standard","meta":{"jetpack_post_was_ever_published":false,"_jetpack_newsletter_access":"","_jetpack_dont_email_post_to_subs":false,"_jetpack_newsletter_tier_id":0,"_jetpack_memberships_contains_paywalled_content":false,"_jetpack_memberships_contains_paid_content":false,"footnotes":"","jetpack_publicize_message":"","jetpack_publicize_feature_enabled":true,"jetpack_social_post_already_shared":true,"jetpack_social_options":{"image_generator_settings":{"template":"highway","default_image_id":0,"font":"","enabled":false},"version":2}},"categories":[1],"tags":[],"class_list":["post-18113","post","type-post","status-publish","format-standard","hentry","category-sin-categoria"],"jetpack_publicize_connections":[],"jetpack_featured_media_url":"","jetpack_sharing_enabled":true,"jetpack_shortlink":"https:\/\/wp.me\/p4lvS0-4I9","_links":{"self":[{"href":"https:\/\/www.alqueria.es\/blogs\/alqueriaprimerciclo\/wp-json\/wp\/v2\/posts\/18113","targetHints":{"allow":["GET"]}}],"collection":[{"href":"https:\/\/www.alqueria.es\/blogs\/alqueriaprimerciclo\/wp-json\/wp\/v2\/posts"}],"about":[{"href":"https:\/\/www.alqueria.es\/blogs\/alqueriaprimerciclo\/wp-json\/wp\/v2\/types\/post"}],"author":[{"embeddable":true,"href":"https:\/\/www.alqueria.es\/blogs\/alqueriaprimerciclo\/wp-json\/wp\/v2\/users\/12"}],"replies":[{"embeddable":true,"href":"https:\/\/www.alqueria.es\/blogs\/alqueriaprimerciclo\/wp-json\/wp\/v2\/comments?post=18113"}],"version-history":[{"count":0,"href":"https:\/\/www.alqueria.es\/blogs\/alqueriaprimerciclo\/wp-json\/wp\/v2\/posts\/18113\/revisions"}],"wp:attachment":[{"href":"https:\/\/www.alqueria.es\/blogs\/alqueriaprimerciclo\/wp-json\/wp\/v2\/media?parent=18113"}],"wp:term":[{"taxonomy":"category","embeddable":true,"href":"https:\/\/www.alqueria.es\/blogs\/alqueriaprimerciclo\/wp-json\/wp\/v2\/categories?post=18113"},{"taxonomy":"post_tag","embeddable":true,"href":"https:\/\/www.alqueria.es\/blogs\/alqueriaprimerciclo\/wp-json\/wp\/v2\/tags?post=18113"}],"curies":[{"name":"wp","href":"https:\/\/api.w.org\/{rel}","templated":true}]}}