{"id":18133,"date":"2018-11-05T16:03:05","date_gmt":"2018-11-05T15:03:05","guid":{"rendered":"https:\/\/www.alqueria.es\/blogs\/alqueriaprimerciclo\/?p=18133"},"modified":"2018-11-05T16:06:14","modified_gmt":"2018-11-05T15:06:14","slug":"literatura-en-2o","status":"publish","type":"post","link":"https:\/\/www.alqueria.es\/blogs\/alqueriaprimerciclo\/2018\/11\/05\/literatura-en-2o\/","title":{"rendered":"Literatura en 2\u00ba"},"content":{"rendered":"<p><span style=\"color: #008000\">Conferencias<\/span><\/p>\n<p>Esta semana hemos tenido\u00a0 la conferencia de Claudia sobre los gatos.<\/p>\n<p>Hemos disfrutado de una magn\u00edfica lecci\u00f3n\u00a0 sobre estos f\u00e9lidos,\u00a0 tan conocidos por la proximidad de relaci\u00f3n\u00a0 con ellos.<\/p>\n<p>Nos ha interesado , sobre todo ,saber sus habilidades a trav\u00e9s de la visi\u00f3n, olfato\u00a0 y o\u00eddo.La forma de comunicarse y expresar como est\u00e1n con la posici\u00f3n del rabo, orejas o cuerpo.<\/p>\n<p>Claudia\u00a0 nos ha ido contando\u00a0 con gran maestr\u00eda\u00a0 cada uno de los temas preparados, utilizando t\u00e9rminos t\u00e9cnicos que vamos aprendiendo con inter\u00e9s .<\/p>\n<p>Despu\u00e9s del turno de preguntas y comentarios, con los que se amplia el tema o se abren nuevos interrogantes, pasamos a reflexionar sobre lo aprendido. Organizamos la informaci\u00f3n a la hora de contarla seg\u00fan el \u00edndice que ha planteado la exposici\u00f3n.<\/p>\n<div class=\"a25-CTUOC-hidding-box\" data-original-content=\"&lt;iframe title=&quot;Los gatos&quot; src=&quot;https:\/\/www.slideshare.net\/slideshow\/embed_code\/key\/clxzsYxuvjtyN4&quot; width=&quot;427&quot; height=&quot;356&quot; frameborder=&quot;0&quot; marginwidth=&quot;0&quot; marginheight=&quot;0&quot; scrolling=&quot;no&quot; style=&quot;border:1px solid #CCC; border-width:1px; margin-bottom:5px; max-width: 100%;&quot; allowfullscreen&gt; &lt;\/iframe&gt;\">Esta p\u00e1gina incluye contenido multimedia que requiere aceptar todas las cookies. Pulse aqu\u00ed para abrir la configuraci\u00f3n de cookies.<\/div>\n<div style=\"margin-bottom:5px\"> <strong> <a href=\"https:\/\/es.slideshare.net\/primercicloalqueria\/los-gatos-121299182\" title=\"Los gatos\" target=\"_blank\">Los gatos<\/a> <\/strong> from <strong><a href=\"https:\/\/www.slideshare.net\/primercicloalqueria\" target=\"_blank\">primercicloalqueria<\/a><\/strong> <\/div>\n<div class=\"ff7\"><span class=\"a\">La conferencia cubre distintos aspectos que trabajan la escritura y lectura\u00a0 desde el punto ling\u00fc\u00edstico, pero lo mas importante es que les permite escribir desde la necesidad de hacerlo, para cubrir una intenci\u00f3n, y eso es lo verdaderamente importante de aprender\u00a0 a escribir.\u00a0<\/span><\/div>\n<div class=\"ff3\"><span class=\"a\">. Escogen un tema de su inter\u00e9s, investigan al\u00a0<\/span><span class=\"a\">respecto, escriben sus notas , lo explican a su grupo, reciben\u00a0<\/span><span class=\"a\">opiniones y sugerencias.\u00a0<\/span><span class=\"a\"> Aqu\u00ed el proceso de lectura y escritura obedece a un deseo de<\/span><span class=\"a\">\u00a0compartir con sus compa\u00f1eros la informaci\u00f3n que recoge, procesa y\u00a0<\/span><span class=\"a\">analiza.<\/span><\/div>\n<div class=\"ff3\"><span class=\"a\"> Se favorece, adem\u00e1s, el esp\u00edritu investigador.<\/span><\/div>\n<div class=\"ff3\"><span class=\"a\">\u00a0<\/span><span class=\"a\">Utilizadas continuadamente\u00a0<\/span><span class=\"a\">, las propuestas,\u00a0<\/span><span class=\"a\">\u00a0favorecen el deseo e inter\u00e9s por escribir. Adem\u00e1s, engloban varios\u00a0<\/span><span class=\"a\">aspectos de la escritura y la lectura y contribuyen a la toma de conciencia de la\u00a0<\/span><span class=\"a\">importancia de la reflexi\u00f3n de los textos, desde distintos puntos: contenido,<\/span><span class=\"a\">claridad de la ideas, aspectos normativos, etc, para producir ideas m\u00e1s\u00a0<\/span><span class=\"a\">claras, acordes a su prop\u00f3sito.<\/span><\/div>\n<div class=\"ff3\"><span class=\"a\"> Finalmente, responden a <\/span><span class=\"a\">\u00a0que la lectura y la escritura sean algo que\u00a0 necesitamos.<\/span><\/div>\n<div><\/div>\n<p>Gracias Claudia por compartir tu trabajo y hacer que parezca f\u00e1cil.<\/p>\n<h5><span style=\"color: #993300\">El oto\u00f1o<\/span><\/h5>\n<p>Preparamos la fiesta de oto\u00f1o para el viernes 9 de noviembre.<\/p>\n<p><img decoding=\"async\" class=\"aligncenter\" src=\"https:\/\/academiahiperbreves.files.wordpress.com\/2015\/07\/gregueria41.jpg\" width=\"333\" height=\"211\" \/><\/p>\n<h6><span style=\"color: #ff00ff\">La literatura en Oto\u00f1o<\/span><\/h6>\n<p>Preparamos el encuentro literario para celebrar ,con los compa\u00f1eros de primaria , la fiesta de oto\u00f1o est\u00e1 cerca, el ambiente huele a tierra h\u00fameda.<\/p>\n<p>Hemos elegido Las Greguer\u00edas, como g\u00e9nero literario breve , por su toque de humor y met\u00e1fora que tanto nos permiten jugar e\u00a0 \u00a0imaginar con las palabras.<img decoding=\"async\" data-attachment-id=\"18135\" data-permalink=\"https:\/\/www.alqueria.es\/blogs\/alqueriaprimerciclo\/2018\/11\/05\/literatura-en-2o\/tt\/\" data-orig-file=\"https:\/\/cloud.alqueria.es\/wp-content\/uploads\/sites\/6\/2018\/10\/tt.jpg\" data-orig-size=\"638,370\" data-comments-opened=\"1\" data-image-meta=\"{&quot;aperture&quot;:&quot;0&quot;,&quot;credit&quot;:&quot;zagal_003&quot;,&quot;camera&quot;:&quot;&quot;,&quot;caption&quot;:&quot;&quot;,&quot;created_timestamp&quot;:&quot;1540988041&quot;,&quot;copyright&quot;:&quot;&quot;,&quot;focal_length&quot;:&quot;0&quot;,&quot;iso&quot;:&quot;0&quot;,&quot;shutter_speed&quot;:&quot;0&quot;,&quot;title&quot;:&quot;&quot;,&quot;orientation&quot;:&quot;0&quot;}\" data-image-title=\"tt\" data-image-description=\"\" data-image-caption=\"\" data-large-file=\"https:\/\/cloud.alqueria.es\/wp-content\/uploads\/sites\/6\/2018\/10\/tt.jpg\" class=\"aligncenter size-full wp-image-18135\" src=\"https:\/\/cloud.alqueria.es\/wp-content\/uploads\/sites\/6\/2018\/10\/tt.jpg\" alt=\"\" width=\"638\" height=\"370\" srcset=\"https:\/\/cloud.alqueria.es\/wp-content\/uploads\/sites\/6\/2018\/10\/tt.jpg 638w, https:\/\/cloud.alqueria.es\/wp-content\/uploads\/sites\/6\/2018\/10\/tt.jpg 300w\" sizes=\"(max-width: 638px) 100vw, 638px\" \/><\/p>\n<p>Greguer\u00edas de Ram\u00f3n G\u00f3mez de la Serna (1888&#8211;1963). Microg\u00e9nero literario cercano al haiku, al epigrama y al microcuento.<\/p>\n<p><img decoding=\"async\" data-attachment-id=\"18134\" data-permalink=\"https:\/\/www.alqueria.es\/blogs\/alqueriaprimerciclo\/2018\/11\/05\/literatura-en-2o\/tr\/\" data-orig-file=\"https:\/\/cloud.alqueria.es\/wp-content\/uploads\/sites\/6\/2018\/10\/tr.jpg\" data-orig-size=\"435,321\" data-comments-opened=\"1\" data-image-meta=\"{&quot;aperture&quot;:&quot;0&quot;,&quot;credit&quot;:&quot;zagal_003&quot;,&quot;camera&quot;:&quot;&quot;,&quot;caption&quot;:&quot;&quot;,&quot;created_timestamp&quot;:&quot;1540988422&quot;,&quot;copyright&quot;:&quot;&quot;,&quot;focal_length&quot;:&quot;0&quot;,&quot;iso&quot;:&quot;0&quot;,&quot;shutter_speed&quot;:&quot;0&quot;,&quot;title&quot;:&quot;&quot;,&quot;orientation&quot;:&quot;0&quot;}\" data-image-title=\"tr\" data-image-description=\"\" data-image-caption=\"\" data-large-file=\"https:\/\/cloud.alqueria.es\/wp-content\/uploads\/sites\/6\/2018\/10\/tr.jpg\" class=\"aligncenter size-full wp-image-18134\" src=\"https:\/\/cloud.alqueria.es\/wp-content\/uploads\/sites\/6\/2018\/10\/tr.jpg\" alt=\"\" width=\"435\" height=\"321\" srcset=\"https:\/\/cloud.alqueria.es\/wp-content\/uploads\/sites\/6\/2018\/10\/tr.jpg 435w, https:\/\/cloud.alqueria.es\/wp-content\/uploads\/sites\/6\/2018\/10\/tr.jpg 300w\" sizes=\"(max-width: 435px) 100vw, 435px\" \/><\/p>\n<ul>\n<li>Proceso de creaci\u00f3n:<\/li>\n<\/ul>\n<p>El desarrollo de un fuerte inter\u00e9s hacia la vida que los rodea, les facilita\u00a0 escribir mejor acerca de lo que les interesa, sobre todo si lo conocen bien.\u00a0 Habituarles a escribir sobre lo que le sea de gran inter\u00e9s, sobre algo que hayan pensado mucho y con profundidad, que conozcan bien y que sea de su dominio.<\/p>\n<p>As\u00ed que nos ponemos a crear seg\u00fan nuestros intereses , creamos nuestras propias Greguer\u00edas y las ilustraremos para presentar al p\u00fablico.<\/p>\n<p>No os las pod\u00e9is perder.<\/p>\n<p>Aqu\u00ed os dejo algunas para escuchar<\/p>\n<p><span class=\"embed-youtube\" style=\"text-align:center; display: block;\"><div class=\"a25-CTUOC-hidding-box\" data-original-content=\"&lt;iframe loading=&quot;lazy&quot; class=&quot;youtube-player&quot; width=&quot;474&quot; height=&quot;267&quot; src=&quot;https:\/\/www.youtube.com\/embed\/a6YFYuTXlm8?version=3&amp;#038;rel=1&amp;#038;showsearch=0&amp;#038;showinfo=1&amp;#038;iv_load_policy=1&amp;#038;fs=1&amp;#038;hl=es-ES&amp;#038;autohide=2&amp;#038;wmode=transparent&quot; allowfullscreen=&quot;true&quot; style=&quot;border:0;&quot; sandbox=&quot;allow-scripts allow-same-origin allow-popups allow-presentation allow-popups-to-escape-sandbox&quot;&gt;&lt;\/iframe&gt;\">Esta p\u00e1gina incluye contenido multimedia que requiere aceptar todas las cookies. Pulse aqu\u00ed para abrir la configuraci\u00f3n de cookies.<\/div><\/span><\/p>\n<p>&nbsp;<\/p>\n<p><span class=\"embed-youtube\" style=\"text-align:center; display: block;\"><div class=\"a25-CTUOC-hidding-box\" data-original-content=\"&lt;iframe loading=&quot;lazy&quot; class=&quot;youtube-player&quot; width=&quot;474&quot; height=&quot;267&quot; src=&quot;https:\/\/www.youtube.com\/embed\/8zq7JpbNhXo?version=3&amp;#038;rel=1&amp;#038;showsearch=0&amp;#038;showinfo=1&amp;#038;iv_load_policy=1&amp;#038;fs=1&amp;#038;hl=es-ES&amp;#038;autohide=2&amp;#038;wmode=transparent&quot; allowfullscreen=&quot;true&quot; style=&quot;border:0;&quot; sandbox=&quot;allow-scripts allow-same-origin allow-popups allow-presentation allow-popups-to-escape-sandbox&quot;&gt;&lt;\/iframe&gt;\">Esta p\u00e1gina incluye contenido multimedia que requiere aceptar todas las cookies. Pulse aqu\u00ed para abrir la configuraci\u00f3n de cookies.<\/div><\/span><\/p>\n<h6>\u00a0<span style=\"color: #ff9900\">Las setas<\/span><\/h6>\n<p>Guillermo nos ha sorprendido con una muestra de diferentes tipos de setas recogidas en el bosque.<\/p>\n<p>Nos muestra sus diferencias y buscamos las caracter\u00edsticas de algunas de ellas ,en un libro que nos presta la clase de primero.<\/p>\n<p>Nos sorprende el tama\u00f1o tan diferente y como se reproducen por esporas. Pero sobre todo el conocer que son seres vivos pero no son ni animales ni plantas , entonces que son,\u00a0 porque no se mueven para buscar su alimento como los animales y no tienen ra\u00edces, ni flores ni hojas, y por si no bastase, no poseen siquiera clorofila. Lo que aflora a la superficie y nosotros vemos no es la propia seta, sino solamente el fruto del\u00a0<strong>hongo.<\/strong><\/p>\n<p><img decoding=\"async\" data-attachment-id=\"18144\" data-permalink=\"https:\/\/www.alqueria.es\/blogs\/alqueriaprimerciclo\/2018\/11\/05\/literatura-en-2o\/p81029-100301\/\" data-orig-file=\"https:\/\/cloud.alqueria.es\/wp-content\/uploads\/sites\/6\/2018\/11\/P81029-100301.jpg\" data-orig-size=\"312,416\" data-comments-opened=\"1\" data-image-meta=\"{&quot;aperture&quot;:&quot;0&quot;,&quot;credit&quot;:&quot;&quot;,&quot;camera&quot;:&quot;MEIZU_M5&quot;,&quot;caption&quot;:&quot;&quot;,&quot;created_timestamp&quot;:&quot;0&quot;,&quot;copyright&quot;:&quot;&quot;,&quot;focal_length&quot;:&quot;3.5&quot;,&quot;iso&quot;:&quot;0&quot;,&quot;shutter_speed&quot;:&quot;0.0299&quot;,&quot;title&quot;:&quot;&quot;,&quot;orientation&quot;:&quot;0&quot;}\" data-image-title=\"P81029-100301\" data-image-description=\"\" data-image-caption=\"\" data-large-file=\"https:\/\/cloud.alqueria.es\/wp-content\/uploads\/sites\/6\/2018\/11\/P81029-100301.jpg\" class=\"aligncenter size-full wp-image-18144\" src=\"https:\/\/cloud.alqueria.es\/wp-content\/uploads\/sites\/6\/2018\/11\/P81029-100301.jpg\" alt=\"\" width=\"312\" height=\"416\" srcset=\"https:\/\/cloud.alqueria.es\/wp-content\/uploads\/sites\/6\/2018\/11\/P81029-100301.jpg 312w, https:\/\/cloud.alqueria.es\/wp-content\/uploads\/sites\/6\/2018\/11\/P81029-100301.jpg 225w\" sizes=\"(max-width: 312px) 100vw, 312px\" \/><\/p>\n<p><img decoding=\"async\" data-attachment-id=\"18145\" data-permalink=\"https:\/\/www.alqueria.es\/blogs\/alqueriaprimerciclo\/2018\/11\/05\/literatura-en-2o\/p81029-100256\/\" data-orig-file=\"https:\/\/cloud.alqueria.es\/wp-content\/uploads\/sites\/6\/2018\/11\/P81029-100256.jpg\" data-orig-size=\"390,520\" data-comments-opened=\"1\" data-image-meta=\"{&quot;aperture&quot;:&quot;0&quot;,&quot;credit&quot;:&quot;&quot;,&quot;camera&quot;:&quot;MEIZU_M5&quot;,&quot;caption&quot;:&quot;&quot;,&quot;created_timestamp&quot;:&quot;0&quot;,&quot;copyright&quot;:&quot;&quot;,&quot;focal_length&quot;:&quot;3.5&quot;,&quot;iso&quot;:&quot;0&quot;,&quot;shutter_speed&quot;:&quot;0.0299&quot;,&quot;title&quot;:&quot;&quot;,&quot;orientation&quot;:&quot;0&quot;}\" data-image-title=\"P81029-100256\" data-image-description=\"\" data-image-caption=\"\" data-large-file=\"https:\/\/cloud.alqueria.es\/wp-content\/uploads\/sites\/6\/2018\/11\/P81029-100256.jpg\" class=\"aligncenter size-full wp-image-18145\" src=\"https:\/\/cloud.alqueria.es\/wp-content\/uploads\/sites\/6\/2018\/11\/P81029-100256.jpg\" alt=\"\" width=\"390\" height=\"520\" srcset=\"https:\/\/cloud.alqueria.es\/wp-content\/uploads\/sites\/6\/2018\/11\/P81029-100256.jpg 390w, https:\/\/cloud.alqueria.es\/wp-content\/uploads\/sites\/6\/2018\/11\/P81029-100256.jpg 225w\" sizes=\"(max-width: 390px) 100vw, 390px\" \/><\/p>\n<p>Que mundo tan interesante, han surgido necesidades de miniconferencias sobre el tema, ya os contar\u00e1n.<\/p>\n<h6><span style=\"color: #ff6600\">Receta de oto\u00f1o<\/span><\/h6>\n<p>Prepararemos la receta para la celebraci\u00f3n de la merienda a la que est\u00e1is invitados.<\/p>\n<p>Hay muchos conceptos matem\u00e1ticos para aprovechar durante la realizaci\u00f3n . Ser\u00e1 el mi\u00e9rcoles, ver la agenda.<\/p>\n<p><img decoding=\"async\" data-attachment-id=\"18143\" data-permalink=\"https:\/\/www.alqueria.es\/blogs\/alqueriaprimerciclo\/2018\/11\/05\/literatura-en-2o\/p81029-115516\/\" data-orig-file=\"https:\/\/cloud.alqueria.es\/wp-content\/uploads\/sites\/6\/2018\/11\/P81029-115516.jpg\" data-orig-size=\"364,273\" data-comments-opened=\"1\" data-image-meta=\"{&quot;aperture&quot;:&quot;0&quot;,&quot;credit&quot;:&quot;&quot;,&quot;camera&quot;:&quot;MEIZU_M5&quot;,&quot;caption&quot;:&quot;&quot;,&quot;created_timestamp&quot;:&quot;0&quot;,&quot;copyright&quot;:&quot;&quot;,&quot;focal_length&quot;:&quot;3.5&quot;,&quot;iso&quot;:&quot;0&quot;,&quot;shutter_speed&quot;:&quot;0.0019&quot;,&quot;title&quot;:&quot;&quot;,&quot;orientation&quot;:&quot;0&quot;}\" data-image-title=\"P81029-115516\" data-image-description=\"\" data-image-caption=\"\" data-large-file=\"https:\/\/cloud.alqueria.es\/wp-content\/uploads\/sites\/6\/2018\/11\/P81029-115516.jpg\" class=\"aligncenter size-full wp-image-18143\" src=\"https:\/\/cloud.alqueria.es\/wp-content\/uploads\/sites\/6\/2018\/11\/P81029-115516.jpg\" alt=\"\" width=\"364\" height=\"273\" srcset=\"https:\/\/cloud.alqueria.es\/wp-content\/uploads\/sites\/6\/2018\/11\/P81029-115516.jpg 364w, https:\/\/cloud.alqueria.es\/wp-content\/uploads\/sites\/6\/2018\/11\/P81029-115516.jpg 300w\" sizes=\"(max-width: 364px) 100vw, 364px\" \/><\/p>\n<p>Un abrazo<\/p>\n<p>Dar\u00eda<\/p>\n","protected":false},"excerpt":{"rendered":"<p>Conferencias Esta semana hemos tenido\u00a0 la conferencia de Claudia sobre los gatos. Hemos disfrutado de una magn\u00edfica lecci\u00f3n\u00a0 sobre estos f\u00e9lidos,\u00a0 tan conocidos por la proximidad de relaci\u00f3n\u00a0 con ellos. Nos ha interesado , sobre todo ,saber sus habilidades a trav\u00e9s de la visi\u00f3n, olfato\u00a0 y o\u00eddo.La forma de comunicarse y expresar como est\u00e1n con &hellip; <a href=\"https:\/\/www.alqueria.es\/blogs\/alqueriaprimerciclo\/2018\/11\/05\/literatura-en-2o\/\" class=\"more-link\">Seguir leyendo <span class=\"screen-reader-text\">Literatura en 2\u00ba<\/span> <span class=\"meta-nav\">&rarr;<\/span><\/a><\/p>\n","protected":false},"author":12,"featured_media":0,"comment_status":"open","ping_status":"open","sticky":false,"template":"","format":"standard","meta":{"jetpack_post_was_ever_published":false,"_jetpack_newsletter_access":"","_jetpack_dont_email_post_to_subs":false,"_jetpack_newsletter_tier_id":0,"_jetpack_memberships_contains_paywalled_content":false,"_jetpack_memberships_contains_paid_content":false,"footnotes":"","jetpack_publicize_message":"","jetpack_publicize_feature_enabled":true,"jetpack_social_post_already_shared":true,"jetpack_social_options":{"image_generator_settings":{"template":"highway","default_image_id":0,"font":"","enabled":false},"version":2}},"categories":[3,9],"tags":[32,37,104,92],"class_list":["post-18133","post","type-post","status-publish","format-standard","hentry","category-2o-epo","category-diario-de-clase-2o","tag-alqueria","tag-conferencias","tag-escritura-en-el-primer-ciclo-de-primaria","tag-semanario"],"jetpack_publicize_connections":[],"jetpack_featured_media_url":"","jetpack_sharing_enabled":true,"jetpack_shortlink":"https:\/\/wp.me\/p4lvS0-4It","_links":{"self":[{"href":"https:\/\/www.alqueria.es\/blogs\/alqueriaprimerciclo\/wp-json\/wp\/v2\/posts\/18133","targetHints":{"allow":["GET"]}}],"collection":[{"href":"https:\/\/www.alqueria.es\/blogs\/alqueriaprimerciclo\/wp-json\/wp\/v2\/posts"}],"about":[{"href":"https:\/\/www.alqueria.es\/blogs\/alqueriaprimerciclo\/wp-json\/wp\/v2\/types\/post"}],"author":[{"embeddable":true,"href":"https:\/\/www.alqueria.es\/blogs\/alqueriaprimerciclo\/wp-json\/wp\/v2\/users\/12"}],"replies":[{"embeddable":true,"href":"https:\/\/www.alqueria.es\/blogs\/alqueriaprimerciclo\/wp-json\/wp\/v2\/comments?post=18133"}],"version-history":[{"count":0,"href":"https:\/\/www.alqueria.es\/blogs\/alqueriaprimerciclo\/wp-json\/wp\/v2\/posts\/18133\/revisions"}],"wp:attachment":[{"href":"https:\/\/www.alqueria.es\/blogs\/alqueriaprimerciclo\/wp-json\/wp\/v2\/media?parent=18133"}],"wp:term":[{"taxonomy":"category","embeddable":true,"href":"https:\/\/www.alqueria.es\/blogs\/alqueriaprimerciclo\/wp-json\/wp\/v2\/categories?post=18133"},{"taxonomy":"post_tag","embeddable":true,"href":"https:\/\/www.alqueria.es\/blogs\/alqueriaprimerciclo\/wp-json\/wp\/v2\/tags?post=18133"}],"curies":[{"name":"wp","href":"https:\/\/api.w.org\/{rel}","templated":true}]}}