{"id":18148,"date":"2018-11-08T16:52:25","date_gmt":"2018-11-08T15:52:25","guid":{"rendered":"https:\/\/www.alqueria.es\/blogs\/alqueriaprimerciclo\/?p=18148"},"modified":"2018-11-08T16:52:25","modified_gmt":"2018-11-08T15:52:25","slug":"aprendizaje-globalizado-fiesta-de-otono-en-1o","status":"publish","type":"post","link":"https:\/\/www.alqueria.es\/blogs\/alqueriaprimerciclo\/2018\/11\/08\/aprendizaje-globalizado-fiesta-de-otono-en-1o\/","title":{"rendered":"Aprendizaje globalizado: Fiesta de Oto\u00f1o en 1\u00ba"},"content":{"rendered":"<p><img decoding=\"async\" data-attachment-id=\"18196\" data-permalink=\"https:\/\/www.alqueria.es\/blogs\/alqueriaprimerciclo\/2018\/11\/08\/aprendizaje-globalizado-fiesta-de-otono-en-1o\/otono18\/\" data-orig-file=\"https:\/\/cloud.alqueria.es\/wp-content\/uploads\/sites\/6\/2018\/11\/OTO%C3%91O18.jpg\" data-orig-size=\"742,562\" data-comments-opened=\"1\" data-image-meta=\"{&quot;aperture&quot;:&quot;0&quot;,&quot;credit&quot;:&quot;usuario&quot;,&quot;camera&quot;:&quot;&quot;,&quot;caption&quot;:&quot;&quot;,&quot;created_timestamp&quot;:&quot;1541666162&quot;,&quot;copyright&quot;:&quot;&quot;,&quot;focal_length&quot;:&quot;0&quot;,&quot;iso&quot;:&quot;0&quot;,&quot;shutter_speed&quot;:&quot;0&quot;,&quot;title&quot;:&quot;&quot;,&quot;orientation&quot;:&quot;0&quot;}\" data-image-title=\"OTO\u00d1O18\" data-image-description=\"\" data-image-caption=\"\" data-large-file=\"https:\/\/cloud.alqueria.es\/wp-content\/uploads\/sites\/6\/2018\/11\/OTO%C3%91O18.jpg\" class=\"aligncenter size-full wp-image-18196\" src=\"https:\/\/cloud.alqueria.es\/wp-content\/uploads\/sites\/6\/2018\/11\/OTO%C3%91O18.jpg\" alt=\"\" width=\"742\" height=\"562\" srcset=\"https:\/\/cloud.alqueria.es\/wp-content\/uploads\/sites\/6\/2018\/11\/OTO%C3%91O18.jpg 742w, https:\/\/cloud.alqueria.es\/wp-content\/uploads\/sites\/6\/2018\/11\/OTO%C3%91O18.jpg 300w\" sizes=\"(max-width: 742px) 100vw, 742px\" \/><\/p>\n<p>Toda la semana la dedicamos a preparar la celebraci\u00f3n de esta estaci\u00f3n tan especial . Ya se ha acabado la adaptaci\u00f3n y\u00a0 nos\u00a0 sentimos un grupo\u00a0 unido, con nuestras nuevas compa\u00f1eras y maestra.<\/p>\n<p>El cole est\u00e1 ya en marcha con muchos proyectos y es hora de agradecer a nuestras familias que formen parte de la comunidad de aprendizaje, que constituimos entre todos.<\/p>\n<p>Por estas razones damos una fiesta.<\/p>\n<p>Este evento nos permite trabajar toda la semana distintas \u00e1reas de aprendizaje de una forma global :<\/p>\n<h5>Lectura , expresi\u00f3n\u00a0 oral y art\u00edstica: Poes\u00edas en colores<\/h5>\n<p>Trabajamos diariamente la declamaci\u00f3n de un peque\u00f1o poema, que ofrecemos al resto de los compa\u00f1eros en el Encuentro Literario , que se celebra el d\u00eda de la fiesta.<\/p>\n<p>Para conseguirlo hemos tenido que leer repetidas veces el texto. Hemos hecho un esfuerzo de memoria y de expresi\u00f3n importante. Y nos hemos divertido mucho ensayando en grupo la puesta en escena.<\/p>\n<p class=\"jetpack-slideshow-noscript robots-nocontent\">El pase de diapositivas requiere JavaScript.<\/p><div id=\"gallery-18148-1-slideshow\" class=\"jetpack-slideshow-window jetpack-slideshow jetpack-slideshow-black\" data-trans=\"fade\" data-autostart=\"1\" data-gallery=\"[{&quot;src&quot;:&quot;https:\\\/\\\/cloud.alqueria.es\\\/wp-content\\\/uploads\\\/sites\\\/6\\\/2018\\\/11\\\/DSC00710.jpg&quot;,&quot;id&quot;:&quot;18191&quot;,&quot;title&quot;:&quot;DSC00710&quot;,&quot;alt&quot;:&quot;&quot;,&quot;caption&quot;:&quot;&quot;,&quot;itemprop&quot;:&quot;image&quot;},{&quot;src&quot;:&quot;https:\\\/\\\/cloud.alqueria.es\\\/wp-content\\\/uploads\\\/sites\\\/6\\\/2018\\\/11\\\/DSC00711.jpg&quot;,&quot;id&quot;:&quot;18192&quot;,&quot;title&quot;:&quot;DSC00711&quot;,&quot;alt&quot;:&quot;&quot;,&quot;caption&quot;:&quot;&quot;,&quot;itemprop&quot;:&quot;image&quot;},{&quot;src&quot;:&quot;https:\\\/\\\/cloud.alqueria.es\\\/wp-content\\\/uploads\\\/sites\\\/6\\\/2018\\\/11\\\/DSC00712.jpg&quot;,&quot;id&quot;:&quot;18193&quot;,&quot;title&quot;:&quot;DSC00712&quot;,&quot;alt&quot;:&quot;&quot;,&quot;caption&quot;:&quot;&quot;,&quot;itemprop&quot;:&quot;image&quot;},{&quot;src&quot;:&quot;https:\\\/\\\/cloud.alqueria.es\\\/wp-content\\\/uploads\\\/sites\\\/6\\\/2018\\\/11\\\/DSC00713.jpg&quot;,&quot;id&quot;:&quot;18194&quot;,&quot;title&quot;:&quot;DSC00713&quot;,&quot;alt&quot;:&quot;&quot;,&quot;caption&quot;:&quot;&quot;,&quot;itemprop&quot;:&quot;image&quot;}]\" itemscope itemtype=\"https:\/\/schema.org\/ImageGallery\"><\/div>\n<p>Como pod\u00e9is ver, los hemos representado con im\u00e1genes en murales art\u00edsticos.<\/p>\n<h5>C\u00e1lculo mental, estimaciones, conteo y estrategias en el\u00a0 taller de cocina<\/h5>\n<p>Vamos a ofrecer a nuestros invitados con galletas de coco, chocolate calentito y casta\u00f1as asadas.<\/p>\n<p>Hemos tenido que calcular cu\u00e1ntas galletas necesit\u00e1bamos para preparar la merienda, que es nuestra colaboraci\u00f3n . No pod\u00edamos imaginar lo dif\u00edcil que es prever la cantidad de\u00a0 ingredientes.<\/p>\n<p>Trabajamos :<\/p>\n<ul>\n<li>Estimaci\u00f3n de cantidad aproximada.<\/li>\n<li>An\u00e1lisis del problema para un c\u00e1lculo exacto.<\/li>\n<\/ul>\n<p><em>Empezamos por las que necesitamos nosotros. Si somos 16 personas, necesitamos 16 galletas. Pero es que las galletas de coco llevan otra de tapadera. Entonces necesitamos\u00a0 cada uno dos galletas.<\/em><\/p>\n<p><em>\u00bfCu\u00e1ntas galletas necesitamos en total? dos veces 16<\/em><\/p>\n<ul>\n<li>El doble de un n\u00famero:<\/li>\n<\/ul>\n<p><em>Tardamos mucho rato en resolver esto.<\/em><em>\u00a1Qu\u00e9 agobio!.<\/em><\/p>\n<ul>\n<li>Estrategia para calcularlo, descomposici\u00f3n del n\u00famero:<\/li>\n<\/ul>\n<p style=\"text-align: center\"><em>2 veces 10 y 2 veces 6 = 16 X 2\u00a0<\/em><\/p>\n<ul>\n<li>Representaci\u00f3n de la cantidad con nuestras manos.<\/li>\n<\/ul>\n<p><img decoding=\"async\" data-attachment-id=\"18169\" data-permalink=\"https:\/\/www.alqueria.es\/blogs\/alqueriaprimerciclo\/2018\/11\/08\/aprendizaje-globalizado-fiesta-de-otono-en-1o\/dsc00689\/\" data-orig-file=\"https:\/\/cloud.alqueria.es\/wp-content\/uploads\/sites\/6\/2018\/11\/DSC00689.jpg\" data-orig-size=\"640,480\" data-comments-opened=\"1\" data-image-meta=\"{&quot;aperture&quot;:&quot;2.8&quot;,&quot;credit&quot;:&quot;&quot;,&quot;camera&quot;:&quot;DSC-W510&quot;,&quot;caption&quot;:&quot;&quot;,&quot;created_timestamp&quot;:&quot;1541457998&quot;,&quot;copyright&quot;:&quot;Copyright 2009&quot;,&quot;focal_length&quot;:&quot;4.7&quot;,&quot;iso&quot;:&quot;1600&quot;,&quot;shutter_speed&quot;:&quot;0.033333333333333&quot;,&quot;title&quot;:&quot;&quot;,&quot;orientation&quot;:&quot;1&quot;}\" data-image-title=\"DSC00689\" data-image-description=\"\" data-image-caption=\"\" data-large-file=\"https:\/\/cloud.alqueria.es\/wp-content\/uploads\/sites\/6\/2018\/11\/DSC00689.jpg\" class=\"aligncenter size-full wp-image-18169\" src=\"https:\/\/cloud.alqueria.es\/wp-content\/uploads\/sites\/6\/2018\/11\/DSC00689.jpg\" alt=\"\" width=\"640\" height=\"480\" srcset=\"https:\/\/cloud.alqueria.es\/wp-content\/uploads\/sites\/6\/2018\/11\/DSC00689.jpg 640w, https:\/\/cloud.alqueria.es\/wp-content\/uploads\/sites\/6\/2018\/11\/DSC00689.jpg 300w\" sizes=\"(max-width: 640px) 100vw, 640px\" \/><\/p>\n<ul>\n<li>Representaci\u00f3n gr\u00e1fica y num\u00e9rica de las cantidades. Teniendo en cuanta que hemos a\u00f1adido las que comer\u00e1n las familias y dem\u00e1s invitados.<\/li>\n<\/ul>\n<p class=\"jetpack-slideshow-noscript robots-nocontent\">El pase de diapositivas requiere JavaScript.<\/p><div id=\"gallery-18148-2-slideshow\" class=\"jetpack-slideshow-window jetpack-slideshow jetpack-slideshow-black\" data-trans=\"fade\" data-autostart=\"1\" data-gallery=\"[{&quot;src&quot;:&quot;https:\\\/\\\/cloud.alqueria.es\\\/wp-content\\\/uploads\\\/sites\\\/6\\\/2018\\\/11\\\/DSC00692.jpg&quot;,&quot;id&quot;:&quot;18165&quot;,&quot;title&quot;:&quot;DSC00692&quot;,&quot;alt&quot;:&quot;&quot;,&quot;caption&quot;:&quot;&quot;,&quot;itemprop&quot;:&quot;image&quot;},{&quot;src&quot;:&quot;https:\\\/\\\/cloud.alqueria.es\\\/wp-content\\\/uploads\\\/sites\\\/6\\\/2018\\\/11\\\/DSC00693.jpg&quot;,&quot;id&quot;:&quot;18166&quot;,&quot;title&quot;:&quot;DSC00693&quot;,&quot;alt&quot;:&quot;&quot;,&quot;caption&quot;:&quot;&quot;,&quot;itemprop&quot;:&quot;image&quot;},{&quot;src&quot;:&quot;https:\\\/\\\/cloud.alqueria.es\\\/wp-content\\\/uploads\\\/sites\\\/6\\\/2018\\\/11\\\/DSC00694.jpg&quot;,&quot;id&quot;:&quot;18167&quot;,&quot;title&quot;:&quot;DSC00694&quot;,&quot;alt&quot;:&quot;&quot;,&quot;caption&quot;:&quot;&quot;,&quot;itemprop&quot;:&quot;image&quot;}]\" itemscope itemtype=\"https:\/\/schema.org\/ImageGallery\"><\/div>\n<p>Y conseguimos saber cu\u00e1ntas galletas en total deben salir\u00a0 en la merienda.<\/p>\n<ul>\n<li>Manipulaci\u00f3n de alimentos.<\/li>\n<\/ul>\n<p>Nos explican todas las precauciones sanitarias que debemos tener en cuenta.<\/p>\n<p class=\"jetpack-slideshow-noscript robots-nocontent\">El pase de diapositivas requiere JavaScript.<\/p><div id=\"gallery-18148-3-slideshow\" class=\"jetpack-slideshow-window jetpack-slideshow jetpack-slideshow-black\" data-trans=\"fade\" data-autostart=\"1\" data-gallery=\"[{&quot;src&quot;:&quot;https:\\\/\\\/cloud.alqueria.es\\\/wp-content\\\/uploads\\\/sites\\\/6\\\/2018\\\/11\\\/DSC00699.jpg&quot;,&quot;id&quot;:&quot;18176&quot;,&quot;title&quot;:&quot;DSC00699&quot;,&quot;alt&quot;:&quot;&quot;,&quot;caption&quot;:&quot;&quot;,&quot;itemprop&quot;:&quot;image&quot;},{&quot;src&quot;:&quot;https:\\\/\\\/cloud.alqueria.es\\\/wp-content\\\/uploads\\\/sites\\\/6\\\/2018\\\/11\\\/DSC00700.jpg&quot;,&quot;id&quot;:&quot;18177&quot;,&quot;title&quot;:&quot;DSC00700&quot;,&quot;alt&quot;:&quot;&quot;,&quot;caption&quot;:&quot;&quot;,&quot;itemprop&quot;:&quot;image&quot;},{&quot;src&quot;:&quot;https:\\\/\\\/cloud.alqueria.es\\\/wp-content\\\/uploads\\\/sites\\\/6\\\/2018\\\/11\\\/DSC00702.jpg&quot;,&quot;id&quot;:&quot;18178&quot;,&quot;title&quot;:&quot;DSC00702&quot;,&quot;alt&quot;:&quot;&quot;,&quot;caption&quot;:&quot;&quot;,&quot;itemprop&quot;:&quot;image&quot;},{&quot;src&quot;:&quot;https:\\\/\\\/cloud.alqueria.es\\\/wp-content\\\/uploads\\\/sites\\\/6\\\/2018\\\/11\\\/DSC00703.jpg&quot;,&quot;id&quot;:&quot;18179&quot;,&quot;title&quot;:&quot;DSC00703&quot;,&quot;alt&quot;:&quot;&quot;,&quot;caption&quot;:&quot;&quot;,&quot;itemprop&quot;:&quot;image&quot;},{&quot;src&quot;:&quot;https:\\\/\\\/cloud.alqueria.es\\\/wp-content\\\/uploads\\\/sites\\\/6\\\/2018\\\/11\\\/DSC00704.jpg&quot;,&quot;id&quot;:&quot;18180&quot;,&quot;title&quot;:&quot;DSC00704&quot;,&quot;alt&quot;:&quot;&quot;,&quot;caption&quot;:&quot;&quot;,&quot;itemprop&quot;:&quot;image&quot;},{&quot;src&quot;:&quot;https:\\\/\\\/cloud.alqueria.es\\\/wp-content\\\/uploads\\\/sites\\\/6\\\/2018\\\/11\\\/DSC00705.jpg&quot;,&quot;id&quot;:&quot;18181&quot;,&quot;title&quot;:&quot;DSC00705&quot;,&quot;alt&quot;:&quot;&quot;,&quot;caption&quot;:&quot;&quot;,&quot;itemprop&quot;:&quot;image&quot;},{&quot;src&quot;:&quot;https:\\\/\\\/cloud.alqueria.es\\\/wp-content\\\/uploads\\\/sites\\\/6\\\/2018\\\/11\\\/DSC00706.jpg&quot;,&quot;id&quot;:&quot;18182&quot;,&quot;title&quot;:&quot;DSC00706&quot;,&quot;alt&quot;:&quot;&quot;,&quot;caption&quot;:&quot;&quot;,&quot;itemprop&quot;:&quot;image&quot;},{&quot;src&quot;:&quot;https:\\\/\\\/cloud.alqueria.es\\\/wp-content\\\/uploads\\\/sites\\\/6\\\/2018\\\/11\\\/DSC00707.jpg&quot;,&quot;id&quot;:&quot;18183&quot;,&quot;title&quot;:&quot;DSC00707&quot;,&quot;alt&quot;:&quot;&quot;,&quot;caption&quot;:&quot;&quot;,&quot;itemprop&quot;:&quot;image&quot;}]\" itemscope itemtype=\"https:\/\/schema.org\/ImageGallery\"><\/div>\n<p>Trabajamos por equipos de responsabilidad.<\/p>\n<p>Durante la elaboraci\u00f3n salen infinidad de temas , que no podemos enumerar, pero lo que s\u00ed os podemos decir es que hemos hecho 97 galletas de coco.<\/p>\n<p>Nunca en la historia de la reposter\u00eda se ha recontado tanto la producci\u00f3n elaborada.<\/p>\n<h5><img decoding=\"async\" class=\"alignleft\" src=\"https:\/\/st2.depositphotos.com\/1318242\/6770\/v\/950\/depositphotos_67707345-stock-illustration-little-chef-boy.jpg\" alt=\"Resultado de imagen de dibujos ni\u00c3\u00b1os cocineros\" width=\"65\" height=\"72\" \/>Escritura de oto\u00f1o: Receta de cocina y Carta de invitaci\u00f3n<\/h5>\n<h5>Receta de cocina<\/h5>\n<p>Hemos hecho un gran esfuerzo por dejar\u00a0 registro escrito del proceso de elaboraci\u00f3n.<\/p>\n<p>Escuchamos el dictado de cada uno de los ingredientes y de la elaboraci\u00f3n\u00a0 y lo interpretamos alfab\u00e9ticamente.<\/p>\n<p><img decoding=\"async\" data-attachment-id=\"18188\" data-permalink=\"https:\/\/www.alqueria.es\/blogs\/alqueriaprimerciclo\/2018\/11\/08\/aprendizaje-globalizado-fiesta-de-otono-en-1o\/dsc00708\/\" data-orig-file=\"https:\/\/cloud.alqueria.es\/wp-content\/uploads\/sites\/6\/2018\/11\/DSC00708.jpg\" data-orig-size=\"480,640\" data-comments-opened=\"1\" data-image-meta=\"{&quot;aperture&quot;:&quot;2.8&quot;,&quot;credit&quot;:&quot;&quot;,&quot;camera&quot;:&quot;DSC-W510&quot;,&quot;caption&quot;:&quot;&quot;,&quot;created_timestamp&quot;:&quot;1541563528&quot;,&quot;copyright&quot;:&quot;Copyright 2009&quot;,&quot;focal_length&quot;:&quot;4.7&quot;,&quot;iso&quot;:&quot;800&quot;,&quot;shutter_speed&quot;:&quot;0.01&quot;,&quot;title&quot;:&quot;&quot;,&quot;orientation&quot;:&quot;1&quot;}\" data-image-title=\"DSC00708\" data-image-description=\"\" data-image-caption=\"\" data-large-file=\"https:\/\/cloud.alqueria.es\/wp-content\/uploads\/sites\/6\/2018\/11\/DSC00708.jpg\" class=\"aligncenter size-full wp-image-18188\" src=\"https:\/\/cloud.alqueria.es\/wp-content\/uploads\/sites\/6\/2018\/11\/DSC00708.jpg\" alt=\"\" width=\"480\" height=\"640\" srcset=\"https:\/\/cloud.alqueria.es\/wp-content\/uploads\/sites\/6\/2018\/11\/DSC00708.jpg 480w, https:\/\/cloud.alqueria.es\/wp-content\/uploads\/sites\/6\/2018\/11\/DSC00708.jpg 225w\" sizes=\"(max-width: 480px) 100vw, 480px\" \/><\/p>\n<h6>Carta de invitaci\u00f3n<\/h6>\n<p>Escribimos una invitaci\u00f3n personalizada y a nuestra manera a nuestra familia, para que no olvide\u00a0 la hora de inicio.<\/p>\n<h5>El ciclo de la vida ( continuaci\u00f3n)<\/h5>\n<ul>\n<li>\n<h6>Resucitamos la grama.<\/h6>\n<\/li>\n<\/ul>\n<p>Nos hacemos una cr\u00edtica por el descuido que hemos tenido con nuestro primer semillero. Despu\u00e9s del puente las briznas de hierba est\u00e1n casi secas. Recordamos qu\u00e9 da la vida a las plantas, el agua. Y reconocemos que les ha faltado riego.<\/p>\n<p>Nos proponemos recuperarlo.<\/p>\n<p><img decoding=\"async\" data-attachment-id=\"18157\" data-permalink=\"https:\/\/www.alqueria.es\/blogs\/alqueriaprimerciclo\/2018\/11\/08\/aprendizaje-globalizado-fiesta-de-otono-en-1o\/dsc00682-2\/\" data-orig-file=\"https:\/\/cloud.alqueria.es\/wp-content\/uploads\/sites\/6\/2018\/11\/DSC00682.jpg\" data-orig-size=\"640,480\" data-comments-opened=\"1\" data-image-meta=\"{&quot;aperture&quot;:&quot;2.8&quot;,&quot;credit&quot;:&quot;&quot;,&quot;camera&quot;:&quot;DSC-W510&quot;,&quot;caption&quot;:&quot;&quot;,&quot;created_timestamp&quot;:&quot;1541374145&quot;,&quot;copyright&quot;:&quot;Copyright 2009&quot;,&quot;focal_length&quot;:&quot;4.7&quot;,&quot;iso&quot;:&quot;1600&quot;,&quot;shutter_speed&quot;:&quot;0.016666666666667&quot;,&quot;title&quot;:&quot;&quot;,&quot;orientation&quot;:&quot;1&quot;}\" data-image-title=\"DSC00682\" data-image-description=\"\" data-image-caption=\"\" data-large-file=\"https:\/\/cloud.alqueria.es\/wp-content\/uploads\/sites\/6\/2018\/11\/DSC00682.jpg\" class=\"aligncenter size-full wp-image-18157\" src=\"https:\/\/cloud.alqueria.es\/wp-content\/uploads\/sites\/6\/2018\/11\/DSC00682.jpg\" alt=\"\" width=\"640\" height=\"480\" srcset=\"https:\/\/cloud.alqueria.es\/wp-content\/uploads\/sites\/6\/2018\/11\/DSC00682.jpg 640w, https:\/\/cloud.alqueria.es\/wp-content\/uploads\/sites\/6\/2018\/11\/DSC00682.jpg 300w\" sizes=\"(max-width: 640px) 100vw, 640px\" \/><\/p>\n<ul>\n<li>\n<h6>Las semillas de trigo<\/h6>\n<\/li>\n<\/ul>\n<p>Hacemos un\u00a0 nuevo semillero , esta vez con trigo, para observar qu\u00e9 pasa cuando la semilla no se entierra. El riego de este experimento ser\u00e1 por aspersi\u00f3n .<\/p>\n<ul>\n<li>\n<h6>\u00bfQu\u00e9 son los bulbos?<\/h6>\n<\/li>\n<\/ul>\n<p>Rosi trae estas dos bolas blancas que pone en agua. En un primer momento las\u00a0 identificamos con los ajos, la mayor\u00eda de la clase. Por lo tanto, nos proponemos la misi\u00f3n de investigar qu\u00e9 son, d\u00f3nde nacen y para qu\u00e9 sirven.<\/p>\n<p><img decoding=\"async\" data-attachment-id=\"18158\" data-permalink=\"https:\/\/www.alqueria.es\/blogs\/alqueriaprimerciclo\/2018\/11\/08\/aprendizaje-globalizado-fiesta-de-otono-en-1o\/dsc00688\/\" data-orig-file=\"https:\/\/cloud.alqueria.es\/wp-content\/uploads\/sites\/6\/2018\/11\/DSC00688.jpg\" data-orig-size=\"640,480\" data-comments-opened=\"1\" data-image-meta=\"{&quot;aperture&quot;:&quot;2.8&quot;,&quot;credit&quot;:&quot;&quot;,&quot;camera&quot;:&quot;DSC-W510&quot;,&quot;caption&quot;:&quot;&quot;,&quot;created_timestamp&quot;:&quot;1541374735&quot;,&quot;copyright&quot;:&quot;Copyright 2009&quot;,&quot;focal_length&quot;:&quot;4.7&quot;,&quot;iso&quot;:&quot;800&quot;,&quot;shutter_speed&quot;:&quot;0.0125&quot;,&quot;title&quot;:&quot;&quot;,&quot;orientation&quot;:&quot;1&quot;}\" data-image-title=\"DSC00688\" data-image-description=\"\" data-image-caption=\"\" data-large-file=\"https:\/\/cloud.alqueria.es\/wp-content\/uploads\/sites\/6\/2018\/11\/DSC00688.jpg\" class=\"aligncenter size-full wp-image-18158\" src=\"https:\/\/cloud.alqueria.es\/wp-content\/uploads\/sites\/6\/2018\/11\/DSC00688.jpg\" alt=\"\" width=\"640\" height=\"480\" srcset=\"https:\/\/cloud.alqueria.es\/wp-content\/uploads\/sites\/6\/2018\/11\/DSC00688.jpg 640w, https:\/\/cloud.alqueria.es\/wp-content\/uploads\/sites\/6\/2018\/11\/DSC00688.jpg 300w\" sizes=\"(max-width: 640px) 100vw, 640px\" \/><\/p>\n<p>Lo descubrimos con la informaci\u00f3n que entre todos aportamos al d\u00eda siguiente, aprendizaje cooperativo:<\/p>\n<ul>\n<li>Es un tallo.<\/li>\n<li>Est\u00e1 debajo de la tierra.<\/li>\n<li>Contiene los nutrientes.<\/li>\n<li>Vive en oto\u00f1o e invierno.<\/li>\n<li>Florecer\u00e1 en primavera.<\/li>\n<li>Es como las cebollas y los puerros.<\/li>\n<\/ul>\n<h5>Recta num\u00e9rica<\/h5>\n<p>Jugamos con los n\u00fameros, anterior y posterior.<\/p>\n<ul>\n<li>Nos colocamos en fila.<\/li>\n<li>Cada uno de nosotros es un n\u00famero, del 1 al 16.<\/li>\n<li>Nos ordenamos.<\/li>\n<li>Debemos contestar cuando nombran el anterior o posterior de un n\u00famero, si es que nos corresponde.<\/li>\n<\/ul>\n<h4>No olvid\u00e9is:<\/h4>\n<p>Os esperamos a las 16 h, ma\u00f1ana ,9 de noviembre, con las casta\u00f1as calentitas.<\/p>\n<p><img decoding=\"async\" src=\"https:\/\/estaticos.elperiodico.com\/resources\/jpg\/1\/2\/web-del-ayuntamiento-situa-por-distritos-los-puestos-ambulantes-venta-castanas-boniatos-1446111803421.jpg\" alt=\"Resultado de imagen de casta\u00c3\u00b1eras\" \/>Haremos\u00a0que la fiesta sea un tiempo de convivencia muy agradable para todos. La seguridad de la comunidad, es responsabilidad de todos y cada uno de nosotros, cumpliendo las normas lo mejor posible.<\/p>\n<p>Gracias anticipadas\u00a0 a nuestras familias, por su colaboraci\u00f3n\u00a0 y\u00a0 asistencia.<\/p>\n<p>Y buen fin de semana.<\/p>\n<p>Rosi<\/p>\n","protected":false},"excerpt":{"rendered":"<p>Toda la semana la dedicamos a preparar la celebraci\u00f3n de esta estaci\u00f3n tan especial . Ya se ha acabado la adaptaci\u00f3n y\u00a0 nos\u00a0 sentimos un grupo\u00a0 unido, con nuestras nuevas compa\u00f1eras y maestra. El cole est\u00e1 ya en marcha con muchos proyectos y es hora de agradecer a nuestras familias que formen parte de la &hellip; <a href=\"https:\/\/www.alqueria.es\/blogs\/alqueriaprimerciclo\/2018\/11\/08\/aprendizaje-globalizado-fiesta-de-otono-en-1o\/\" class=\"more-link\">Seguir leyendo <span class=\"screen-reader-text\">Aprendizaje globalizado: Fiesta de Oto\u00f1o en 1\u00ba<\/span> <span class=\"meta-nav\">&rarr;<\/span><\/a><\/p>\n","protected":false},"author":12,"featured_media":0,"comment_status":"open","ping_status":"open","sticky":false,"template":"","format":"standard","meta":{"jetpack_post_was_ever_published":false,"_jetpack_newsletter_access":"","_jetpack_dont_email_post_to_subs":false,"_jetpack_newsletter_tier_id":0,"_jetpack_memberships_contains_paywalled_content":false,"_jetpack_memberships_contains_paid_content":false,"footnotes":"","jetpack_publicize_message":"","jetpack_publicize_feature_enabled":true,"jetpack_social_post_already_shared":true,"jetpack_social_options":{"image_generator_settings":{"template":"highway","default_image_id":0,"font":"","enabled":false},"version":2}},"categories":[2,6,8],"tags":[],"class_list":["post-18148","post","type-post","status-publish","format-standard","hentry","category-1o-epo","category-conocimiento-del-medio-1o","category-diario-de-clase-1o"],"jetpack_publicize_connections":[],"jetpack_featured_media_url":"","jetpack_sharing_enabled":true,"jetpack_shortlink":"https:\/\/wp.me\/p4lvS0-4II","_links":{"self":[{"href":"https:\/\/www.alqueria.es\/blogs\/alqueriaprimerciclo\/wp-json\/wp\/v2\/posts\/18148","targetHints":{"allow":["GET"]}}],"collection":[{"href":"https:\/\/www.alqueria.es\/blogs\/alqueriaprimerciclo\/wp-json\/wp\/v2\/posts"}],"about":[{"href":"https:\/\/www.alqueria.es\/blogs\/alqueriaprimerciclo\/wp-json\/wp\/v2\/types\/post"}],"author":[{"embeddable":true,"href":"https:\/\/www.alqueria.es\/blogs\/alqueriaprimerciclo\/wp-json\/wp\/v2\/users\/12"}],"replies":[{"embeddable":true,"href":"https:\/\/www.alqueria.es\/blogs\/alqueriaprimerciclo\/wp-json\/wp\/v2\/comments?post=18148"}],"version-history":[{"count":0,"href":"https:\/\/www.alqueria.es\/blogs\/alqueriaprimerciclo\/wp-json\/wp\/v2\/posts\/18148\/revisions"}],"wp:attachment":[{"href":"https:\/\/www.alqueria.es\/blogs\/alqueriaprimerciclo\/wp-json\/wp\/v2\/media?parent=18148"}],"wp:term":[{"taxonomy":"category","embeddable":true,"href":"https:\/\/www.alqueria.es\/blogs\/alqueriaprimerciclo\/wp-json\/wp\/v2\/categories?post=18148"},{"taxonomy":"post_tag","embeddable":true,"href":"https:\/\/www.alqueria.es\/blogs\/alqueriaprimerciclo\/wp-json\/wp\/v2\/tags?post=18148"}],"curies":[{"name":"wp","href":"https:\/\/api.w.org\/{rel}","templated":true}]}}