{"id":18239,"date":"2018-11-12T16:19:07","date_gmt":"2018-11-12T15:19:07","guid":{"rendered":"https:\/\/www.alqueria.es\/blogs\/alqueriaprimerciclo\/?p=18239"},"modified":"2018-11-12T16:19:07","modified_gmt":"2018-11-12T15:19:07","slug":"fiesta-de-otono-en-el-1o-ciclo","status":"publish","type":"post","link":"https:\/\/www.alqueria.es\/blogs\/alqueriaprimerciclo\/2018\/11\/12\/fiesta-de-otono-en-el-1o-ciclo\/","title":{"rendered":"Fiesta de oto\u00f1o en el 1\u00ba ciclo"},"content":{"rendered":"<h5>Celebramos la fiesta del oto\u00f1o<\/h5>\n<p>Estamos muy satisfechos de nuestra primera celebraci\u00f3n del curso.<\/p>\n<h5>Encuentro literario<\/h5>\n<p>Por la ma\u00f1ana en el jard\u00edn asistimos al Encuentro Literario.<\/p>\n<p><img decoding=\"async\" data-attachment-id=\"18294\" data-permalink=\"https:\/\/www.alqueria.es\/blogs\/alqueriaprimerciclo\/2018\/11\/11\/greguerias-para-celebrar-el-otono\/img-20181109-wa0004\/\" data-orig-file=\"https:\/\/cloud.alqueria.es\/wp-content\/uploads\/sites\/6\/2018\/11\/IMG-20181109-WA0004.jpg\" data-orig-size=\"512,384\" data-comments-opened=\"1\" data-image-meta=\"{&quot;aperture&quot;:&quot;0&quot;,&quot;credit&quot;:&quot;&quot;,&quot;camera&quot;:&quot;&quot;,&quot;caption&quot;:&quot;&quot;,&quot;created_timestamp&quot;:&quot;0&quot;,&quot;copyright&quot;:&quot;&quot;,&quot;focal_length&quot;:&quot;0&quot;,&quot;iso&quot;:&quot;0&quot;,&quot;shutter_speed&quot;:&quot;0&quot;,&quot;title&quot;:&quot;&quot;,&quot;orientation&quot;:&quot;0&quot;}\" data-image-title=\"IMG-20181109-WA0004\" data-image-description=\"\" data-image-caption=\"\" data-large-file=\"https:\/\/cloud.alqueria.es\/wp-content\/uploads\/sites\/6\/2018\/11\/IMG-20181109-WA0004.jpg\" class=\"aligncenter size-full wp-image-18294\" src=\"https:\/\/cloud.alqueria.es\/wp-content\/uploads\/sites\/6\/2018\/11\/IMG-20181109-WA0004.jpg\" alt=\"\" width=\"512\" height=\"384\" srcset=\"https:\/\/cloud.alqueria.es\/wp-content\/uploads\/sites\/6\/2018\/11\/IMG-20181109-WA0004.jpg 512w, https:\/\/cloud.alqueria.es\/wp-content\/uploads\/sites\/6\/2018\/11\/IMG-20181109-WA0004.jpg 300w\" sizes=\"(max-width: 512px) 100vw, 512px\" \/><\/p>\n<h5><img decoding=\"async\" data-attachment-id=\"18257\" data-permalink=\"https:\/\/www.alqueria.es\/blogs\/alqueriaprimerciclo\/2018\/11\/12\/fiesta-de-otono-en-el-1o-ciclo\/dsc00734\/\" data-orig-file=\"https:\/\/cloud.alqueria.es\/wp-content\/uploads\/sites\/6\/2018\/11\/DSC00734.jpg\" data-orig-size=\"640,480\" data-comments-opened=\"1\" data-image-meta=\"{&quot;aperture&quot;:&quot;2.8&quot;,&quot;credit&quot;:&quot;&quot;,&quot;camera&quot;:&quot;DSC-W510&quot;,&quot;caption&quot;:&quot;&quot;,&quot;created_timestamp&quot;:&quot;1541733065&quot;,&quot;copyright&quot;:&quot;Copyright 2009&quot;,&quot;focal_length&quot;:&quot;4.7&quot;,&quot;iso&quot;:&quot;1600&quot;,&quot;shutter_speed&quot;:&quot;0.02&quot;,&quot;title&quot;:&quot;&quot;,&quot;orientation&quot;:&quot;1&quot;}\" data-image-title=\"DSC00734\" data-image-description=\"\" data-image-caption=\"\" data-large-file=\"https:\/\/cloud.alqueria.es\/wp-content\/uploads\/sites\/6\/2018\/11\/DSC00734.jpg\" class=\"aligncenter size-full wp-image-18257\" src=\"https:\/\/cloud.alqueria.es\/wp-content\/uploads\/sites\/6\/2018\/11\/DSC00734.jpg\" alt=\"\" width=\"640\" height=\"480\" srcset=\"https:\/\/cloud.alqueria.es\/wp-content\/uploads\/sites\/6\/2018\/11\/DSC00734.jpg 640w, https:\/\/cloud.alqueria.es\/wp-content\/uploads\/sites\/6\/2018\/11\/DSC00734.jpg 300w\" sizes=\"(max-width: 640px) 100vw, 640px\" \/><\/h5>\n<p>El grupo de primero, saludamos al Sr. Oto\u00f1o, que como cada a\u00f1o hace el esfuerzo de visitarnos.<\/p>\n<h5>Poes\u00eda en colores<\/h5>\n<p>Despu\u00e9s, recitamos poes\u00edas de Federico G\u00aa Lorca, Juan Ram\u00f3n Jim\u00e9nez y Gloria Fuertes.<\/p>\n<p class=\"jetpack-slideshow-noscript robots-nocontent\">El pase de diapositivas requiere JavaScript.<\/p><div id=\"gallery-18239-1-slideshow\" class=\"jetpack-slideshow-window jetpack-slideshow jetpack-slideshow-black\" data-trans=\"fade\" data-autostart=\"1\" data-gallery=\"[{&quot;src&quot;:&quot;https:\\\/\\\/cloud.alqueria.es\\\/wp-content\\\/uploads\\\/sites\\\/6\\\/2018\\\/11\\\/DSC00714.jpg&quot;,&quot;id&quot;:&quot;18240&quot;,&quot;title&quot;:&quot;DSC00714&quot;,&quot;alt&quot;:&quot;&quot;,&quot;caption&quot;:&quot;&quot;,&quot;itemprop&quot;:&quot;image&quot;},{&quot;src&quot;:&quot;https:\\\/\\\/cloud.alqueria.es\\\/wp-content\\\/uploads\\\/sites\\\/6\\\/2018\\\/11\\\/DSC00715.jpg&quot;,&quot;id&quot;:&quot;18241&quot;,&quot;title&quot;:&quot;DSC00715&quot;,&quot;alt&quot;:&quot;&quot;,&quot;caption&quot;:&quot;&quot;,&quot;itemprop&quot;:&quot;image&quot;},{&quot;src&quot;:&quot;https:\\\/\\\/cloud.alqueria.es\\\/wp-content\\\/uploads\\\/sites\\\/6\\\/2018\\\/11\\\/DSC00716.jpg&quot;,&quot;id&quot;:&quot;18242&quot;,&quot;title&quot;:&quot;DSC00716&quot;,&quot;alt&quot;:&quot;&quot;,&quot;caption&quot;:&quot;&quot;,&quot;itemprop&quot;:&quot;image&quot;},{&quot;src&quot;:&quot;https:\\\/\\\/cloud.alqueria.es\\\/wp-content\\\/uploads\\\/sites\\\/6\\\/2018\\\/11\\\/DSC00717.jpg&quot;,&quot;id&quot;:&quot;18243&quot;,&quot;title&quot;:&quot;DSC00717&quot;,&quot;alt&quot;:&quot;&quot;,&quot;caption&quot;:&quot;&quot;,&quot;itemprop&quot;:&quot;image&quot;},{&quot;src&quot;:&quot;https:\\\/\\\/cloud.alqueria.es\\\/wp-content\\\/uploads\\\/sites\\\/6\\\/2018\\\/11\\\/DSC00719.jpg&quot;,&quot;id&quot;:&quot;18245&quot;,&quot;title&quot;:&quot;DSC00719&quot;,&quot;alt&quot;:&quot;&quot;,&quot;caption&quot;:&quot;&quot;,&quot;itemprop&quot;:&quot;image&quot;},{&quot;src&quot;:&quot;https:\\\/\\\/cloud.alqueria.es\\\/wp-content\\\/uploads\\\/sites\\\/6\\\/2018\\\/11\\\/DSC00720.jpg&quot;,&quot;id&quot;:&quot;18246&quot;,&quot;title&quot;:&quot;DSC00720&quot;,&quot;alt&quot;:&quot;&quot;,&quot;caption&quot;:&quot;&quot;,&quot;itemprop&quot;:&quot;image&quot;},{&quot;src&quot;:&quot;https:\\\/\\\/cloud.alqueria.es\\\/wp-content\\\/uploads\\\/sites\\\/6\\\/2018\\\/11\\\/DSC00721.jpg&quot;,&quot;id&quot;:&quot;18247&quot;,&quot;title&quot;:&quot;DSC00721&quot;,&quot;alt&quot;:&quot;&quot;,&quot;caption&quot;:&quot;&quot;,&quot;itemprop&quot;:&quot;image&quot;},{&quot;src&quot;:&quot;https:\\\/\\\/cloud.alqueria.es\\\/wp-content\\\/uploads\\\/sites\\\/6\\\/2018\\\/11\\\/DSC00722.jpg&quot;,&quot;id&quot;:&quot;18248&quot;,&quot;title&quot;:&quot;DSC00722&quot;,&quot;alt&quot;:&quot;&quot;,&quot;caption&quot;:&quot;&quot;,&quot;itemprop&quot;:&quot;image&quot;}]\" itemscope itemtype=\"https:\/\/schema.org\/ImageGallery\"><\/div>\n<p>Tambi\u00e9n, segundo hacemos los honores a nuestro invitado\u00a0 m\u00e1s especial.<img decoding=\"async\" data-attachment-id=\"18295\" data-permalink=\"https:\/\/www.alqueria.es\/blogs\/alqueriaprimerciclo\/2018\/11\/11\/greguerias-para-celebrar-el-otono\/p81109-114748\/\" data-orig-file=\"https:\/\/cloud.alqueria.es\/wp-content\/uploads\/sites\/6\/2018\/11\/P81109-114748.jpg\" data-orig-size=\"1024,768\" data-comments-opened=\"1\" data-image-meta=\"{&quot;aperture&quot;:&quot;0&quot;,&quot;credit&quot;:&quot;&quot;,&quot;camera&quot;:&quot;&quot;,&quot;caption&quot;:&quot;&quot;,&quot;created_timestamp&quot;:&quot;0&quot;,&quot;copyright&quot;:&quot;&quot;,&quot;focal_length&quot;:&quot;0&quot;,&quot;iso&quot;:&quot;0&quot;,&quot;shutter_speed&quot;:&quot;0&quot;,&quot;title&quot;:&quot;&quot;,&quot;orientation&quot;:&quot;0&quot;}\" data-image-title=\"P81109-114748\" data-image-description=\"\" data-image-caption=\"\" data-large-file=\"https:\/\/cloud.alqueria.es\/wp-content\/uploads\/sites\/6\/2018\/11\/P81109-114748.jpg\" class=\"aligncenter size-full wp-image-18295\" src=\"https:\/\/cloud.alqueria.es\/wp-content\/uploads\/sites\/6\/2018\/11\/P81109-114748.jpg\" alt=\"\" width=\"1024\" height=\"768\" srcset=\"https:\/\/cloud.alqueria.es\/wp-content\/uploads\/sites\/6\/2018\/11\/P81109-114748.jpg 1024w, https:\/\/cloud.alqueria.es\/wp-content\/uploads\/sites\/6\/2018\/11\/P81109-114748.jpg 300w, https:\/\/cloud.alqueria.es\/wp-content\/uploads\/sites\/6\/2018\/11\/P81109-114748.jpg 768w\" sizes=\"(max-width: 1024px) 100vw, 1024px\" \/><\/p>\n<p>Y presentamos un trabajo muy original, de creaci\u00f3n propia y con gran sentido del humor:<\/p>\n<h5>Greguer\u00edas<\/h5>\n<p class=\"jetpack-slideshow-noscript robots-nocontent\">El pase de diapositivas requiere JavaScript.<\/p><div id=\"gallery-18239-2-slideshow\" class=\"jetpack-slideshow-window jetpack-slideshow jetpack-slideshow-black\" data-trans=\"fade\" data-autostart=\"1\" data-gallery=\"[{&quot;src&quot;:&quot;https:\\\/\\\/cloud.alqueria.es\\\/wp-content\\\/uploads\\\/sites\\\/6\\\/2018\\\/11\\\/DSC00723.jpg&quot;,&quot;id&quot;:&quot;18249&quot;,&quot;title&quot;:&quot;DSC00723&quot;,&quot;alt&quot;:&quot;&quot;,&quot;caption&quot;:&quot;&quot;,&quot;itemprop&quot;:&quot;image&quot;},{&quot;src&quot;:&quot;https:\\\/\\\/cloud.alqueria.es\\\/wp-content\\\/uploads\\\/sites\\\/6\\\/2018\\\/11\\\/DSC00724.jpg&quot;,&quot;id&quot;:&quot;18250&quot;,&quot;title&quot;:&quot;DSC00724&quot;,&quot;alt&quot;:&quot;&quot;,&quot;caption&quot;:&quot;&quot;,&quot;itemprop&quot;:&quot;image&quot;},{&quot;src&quot;:&quot;https:\\\/\\\/cloud.alqueria.es\\\/wp-content\\\/uploads\\\/sites\\\/6\\\/2018\\\/11\\\/DSC00725.jpg&quot;,&quot;id&quot;:&quot;18251&quot;,&quot;title&quot;:&quot;DSC00725&quot;,&quot;alt&quot;:&quot;&quot;,&quot;caption&quot;:&quot;&quot;,&quot;itemprop&quot;:&quot;image&quot;},{&quot;src&quot;:&quot;https:\\\/\\\/cloud.alqueria.es\\\/wp-content\\\/uploads\\\/sites\\\/6\\\/2018\\\/11\\\/DSC00726.jpg&quot;,&quot;id&quot;:&quot;18252&quot;,&quot;title&quot;:&quot;DSC00726&quot;,&quot;alt&quot;:&quot;&quot;,&quot;caption&quot;:&quot;&quot;,&quot;itemprop&quot;:&quot;image&quot;},{&quot;src&quot;:&quot;https:\\\/\\\/cloud.alqueria.es\\\/wp-content\\\/uploads\\\/sites\\\/6\\\/2018\\\/11\\\/DSC00727.jpg&quot;,&quot;id&quot;:&quot;18253&quot;,&quot;title&quot;:&quot;DSC00727&quot;,&quot;alt&quot;:&quot;&quot;,&quot;caption&quot;:&quot;&quot;,&quot;itemprop&quot;:&quot;image&quot;},{&quot;src&quot;:&quot;https:\\\/\\\/cloud.alqueria.es\\\/wp-content\\\/uploads\\\/sites\\\/6\\\/2018\\\/11\\\/DSC00728.jpg&quot;,&quot;id&quot;:&quot;18254&quot;,&quot;title&quot;:&quot;DSC00728&quot;,&quot;alt&quot;:&quot;&quot;,&quot;caption&quot;:&quot;&quot;,&quot;itemprop&quot;:&quot;image&quot;},{&quot;src&quot;:&quot;https:\\\/\\\/cloud.alqueria.es\\\/wp-content\\\/uploads\\\/sites\\\/6\\\/2018\\\/11\\\/DSC00730.jpg&quot;,&quot;id&quot;:&quot;18255&quot;,&quot;title&quot;:&quot;DSC00730&quot;,&quot;alt&quot;:&quot;&quot;,&quot;caption&quot;:&quot;&quot;,&quot;itemprop&quot;:&quot;image&quot;}]\" itemscope itemtype=\"https:\/\/schema.org\/ImageGallery\"><\/div>\n<p>El segundo y el tercer ciclo, trabajaron enconadamente para presentar : retah\u00edlas, relatos, sonetos, romances y rap.( consultar sus blogs)<\/p>\n<h5>Teatro<\/h5>\n<p>Por la tarde asistimos a una representaci\u00f3n del grupo verde \u00abEl \u00e1rbol triste\u00bb del grupo Verde, 5-6 a\u00f1os.<\/p>\n<p><img decoding=\"async\" data-attachment-id=\"18298\" data-permalink=\"https:\/\/www.alqueria.es\/blogs\/alqueriaprimerciclo\/2018\/11\/12\/fiesta-de-otono-en-el-1o-ciclo\/dsc00736\/\" data-orig-file=\"https:\/\/cloud.alqueria.es\/wp-content\/uploads\/sites\/6\/2018\/11\/DSC00736.jpg\" data-orig-size=\"640,480\" data-comments-opened=\"1\" data-image-meta=\"{&quot;aperture&quot;:&quot;3.5&quot;,&quot;credit&quot;:&quot;&quot;,&quot;camera&quot;:&quot;DSC-W510&quot;,&quot;caption&quot;:&quot;&quot;,&quot;created_timestamp&quot;:&quot;1541736750&quot;,&quot;copyright&quot;:&quot;Copyright 2009&quot;,&quot;focal_length&quot;:&quot;7.9&quot;,&quot;iso&quot;:&quot;800&quot;,&quot;shutter_speed&quot;:&quot;0.016666666666667&quot;,&quot;title&quot;:&quot;&quot;,&quot;orientation&quot;:&quot;1&quot;}\" data-image-title=\"DSC00736\" data-image-description=\"\" data-image-caption=\"\" data-large-file=\"https:\/\/cloud.alqueria.es\/wp-content\/uploads\/sites\/6\/2018\/11\/DSC00736.jpg\" class=\"aligncenter size-full wp-image-18298\" src=\"https:\/\/cloud.alqueria.es\/wp-content\/uploads\/sites\/6\/2018\/11\/DSC00736.jpg\" alt=\"\" width=\"640\" height=\"480\" srcset=\"https:\/\/cloud.alqueria.es\/wp-content\/uploads\/sites\/6\/2018\/11\/DSC00736.jpg 640w, https:\/\/cloud.alqueria.es\/wp-content\/uploads\/sites\/6\/2018\/11\/DSC00736.jpg 300w\" sizes=\"(max-width: 640px) 100vw, 640px\" \/><\/p>\n<p><img decoding=\"async\" data-attachment-id=\"18296\" data-permalink=\"https:\/\/www.alqueria.es\/blogs\/alqueriaprimerciclo\/2018\/11\/12\/fiesta-de-otono-en-el-1o-ciclo\/p81109-153102\/\" data-orig-file=\"https:\/\/cloud.alqueria.es\/wp-content\/uploads\/sites\/6\/2018\/11\/P81109-153102.jpg\" data-orig-size=\"1024,768\" data-comments-opened=\"1\" data-image-meta=\"{&quot;aperture&quot;:&quot;0&quot;,&quot;credit&quot;:&quot;&quot;,&quot;camera&quot;:&quot;&quot;,&quot;caption&quot;:&quot;&quot;,&quot;created_timestamp&quot;:&quot;0&quot;,&quot;copyright&quot;:&quot;&quot;,&quot;focal_length&quot;:&quot;0&quot;,&quot;iso&quot;:&quot;0&quot;,&quot;shutter_speed&quot;:&quot;0&quot;,&quot;title&quot;:&quot;&quot;,&quot;orientation&quot;:&quot;0&quot;}\" data-image-title=\"P81109-153102\" data-image-description=\"\" data-image-caption=\"\" data-large-file=\"https:\/\/cloud.alqueria.es\/wp-content\/uploads\/sites\/6\/2018\/11\/P81109-153102.jpg\" class=\"aligncenter size-full wp-image-18296\" src=\"https:\/\/cloud.alqueria.es\/wp-content\/uploads\/sites\/6\/2018\/11\/P81109-153102.jpg\" alt=\"\" width=\"1024\" height=\"768\" srcset=\"https:\/\/cloud.alqueria.es\/wp-content\/uploads\/sites\/6\/2018\/11\/P81109-153102.jpg 1024w, https:\/\/cloud.alqueria.es\/wp-content\/uploads\/sites\/6\/2018\/11\/P81109-153102.jpg 300w, https:\/\/cloud.alqueria.es\/wp-content\/uploads\/sites\/6\/2018\/11\/P81109-153102.jpg 768w\" sizes=\"(max-width: 1024px) 100vw, 1024px\" \/><\/p>\n<p>Nos ha encantado el cuento,<\/p>\n<p>Nuestros compa\u00f1eros han\u00a0 hecho un trabajo excelente que nos ha emocionado.<\/p>\n<h5>Merienda con las familias<\/h5>\n<p>El broche a esta jornada\u00a0 tan\u00a0 especial fue la merienda, que hizo las delicias de todos nosotros, gracias\u00a0 a la creatividad y generosidad de nuestras familias, que es extraordinaria.<\/p>\n<p class=\"jetpack-slideshow-noscript robots-nocontent\">El pase de diapositivas requiere JavaScript.<\/p><div id=\"gallery-18239-3-slideshow\" class=\"jetpack-slideshow-window jetpack-slideshow jetpack-slideshow-black\" data-trans=\"fade\" data-autostart=\"1\" data-gallery=\"[{&quot;src&quot;:&quot;https:\\\/\\\/cloud.alqueria.es\\\/wp-content\\\/uploads\\\/sites\\\/6\\\/2018\\\/11\\\/DSC00738.jpg&quot;,&quot;id&quot;:&quot;18299&quot;,&quot;title&quot;:&quot;DSC00738&quot;,&quot;alt&quot;:&quot;&quot;,&quot;caption&quot;:&quot;&quot;,&quot;itemprop&quot;:&quot;image&quot;},{&quot;src&quot;:&quot;https:\\\/\\\/cloud.alqueria.es\\\/wp-content\\\/uploads\\\/sites\\\/6\\\/2018\\\/11\\\/DSC00739.jpg&quot;,&quot;id&quot;:&quot;18300&quot;,&quot;title&quot;:&quot;DSC00739&quot;,&quot;alt&quot;:&quot;&quot;,&quot;caption&quot;:&quot;&quot;,&quot;itemprop&quot;:&quot;image&quot;},{&quot;src&quot;:&quot;https:\\\/\\\/cloud.alqueria.es\\\/wp-content\\\/uploads\\\/sites\\\/6\\\/2018\\\/11\\\/DSC00740.jpg&quot;,&quot;id&quot;:&quot;18301&quot;,&quot;title&quot;:&quot;DSC00740&quot;,&quot;alt&quot;:&quot;&quot;,&quot;caption&quot;:&quot;&quot;,&quot;itemprop&quot;:&quot;image&quot;},{&quot;src&quot;:&quot;https:\\\/\\\/cloud.alqueria.es\\\/wp-content\\\/uploads\\\/sites\\\/6\\\/2018\\\/11\\\/DSC00741.jpg&quot;,&quot;id&quot;:&quot;18302&quot;,&quot;title&quot;:&quot;DSC00741&quot;,&quot;alt&quot;:&quot;&quot;,&quot;caption&quot;:&quot;&quot;,&quot;itemprop&quot;:&quot;image&quot;},{&quot;src&quot;:&quot;https:\\\/\\\/cloud.alqueria.es\\\/wp-content\\\/uploads\\\/sites\\\/6\\\/2018\\\/11\\\/DSC00742.jpg&quot;,&quot;id&quot;:&quot;18303&quot;,&quot;title&quot;:&quot;DSC00742&quot;,&quot;alt&quot;:&quot;&quot;,&quot;caption&quot;:&quot;&quot;,&quot;itemprop&quot;:&quot;image&quot;},{&quot;src&quot;:&quot;https:\\\/\\\/cloud.alqueria.es\\\/wp-content\\\/uploads\\\/sites\\\/6\\\/2018\\\/11\\\/DSC00743.jpg&quot;,&quot;id&quot;:&quot;18304&quot;,&quot;title&quot;:&quot;DSC00743&quot;,&quot;alt&quot;:&quot;&quot;,&quot;caption&quot;:&quot;&quot;,&quot;itemprop&quot;:&quot;image&quot;},{&quot;src&quot;:&quot;https:\\\/\\\/cloud.alqueria.es\\\/wp-content\\\/uploads\\\/sites\\\/6\\\/2018\\\/11\\\/DSC00744.jpg&quot;,&quot;id&quot;:&quot;18305&quot;,&quot;title&quot;:&quot;DSC00744&quot;,&quot;alt&quot;:&quot;&quot;,&quot;caption&quot;:&quot;&quot;,&quot;itemprop&quot;:&quot;image&quot;},{&quot;src&quot;:&quot;https:\\\/\\\/cloud.alqueria.es\\\/wp-content\\\/uploads\\\/sites\\\/6\\\/2018\\\/11\\\/DSC00745.jpg&quot;,&quot;id&quot;:&quot;18306&quot;,&quot;title&quot;:&quot;DSC00745&quot;,&quot;alt&quot;:&quot;&quot;,&quot;caption&quot;:&quot;&quot;,&quot;itemprop&quot;:&quot;image&quot;},{&quot;src&quot;:&quot;https:\\\/\\\/cloud.alqueria.es\\\/wp-content\\\/uploads\\\/sites\\\/6\\\/2018\\\/11\\\/DSC00746.jpg&quot;,&quot;id&quot;:&quot;18307&quot;,&quot;title&quot;:&quot;DSC00746&quot;,&quot;alt&quot;:&quot;&quot;,&quot;caption&quot;:&quot;&quot;,&quot;itemprop&quot;:&quot;image&quot;},{&quot;src&quot;:&quot;https:\\\/\\\/cloud.alqueria.es\\\/wp-content\\\/uploads\\\/sites\\\/6\\\/2018\\\/11\\\/DSC00747.jpg&quot;,&quot;id&quot;:&quot;18308&quot;,&quot;title&quot;:&quot;DSC00747&quot;,&quot;alt&quot;:&quot;&quot;,&quot;caption&quot;:&quot;&quot;,&quot;itemprop&quot;:&quot;image&quot;},{&quot;src&quot;:&quot;https:\\\/\\\/cloud.alqueria.es\\\/wp-content\\\/uploads\\\/sites\\\/6\\\/2018\\\/11\\\/DSC00748.jpg&quot;,&quot;id&quot;:&quot;18309&quot;,&quot;title&quot;:&quot;DSC00748&quot;,&quot;alt&quot;:&quot;&quot;,&quot;caption&quot;:&quot;&quot;,&quot;itemprop&quot;:&quot;image&quot;},{&quot;src&quot;:&quot;https:\\\/\\\/cloud.alqueria.es\\\/wp-content\\\/uploads\\\/sites\\\/6\\\/2018\\\/11\\\/DSC00749.jpg&quot;,&quot;id&quot;:&quot;18310&quot;,&quot;title&quot;:&quot;DSC00749&quot;,&quot;alt&quot;:&quot;&quot;,&quot;caption&quot;:&quot;&quot;,&quot;itemprop&quot;:&quot;image&quot;}]\" itemscope itemtype=\"https:\/\/schema.org\/ImageGallery\"><\/div>\n<p>Muchas gracias a todas, en nombre del equipo Alquer\u00eda Educaci\u00f3n.<\/p>\n<p>Dar\u00eda y Rosi.<\/p>\n","protected":false},"excerpt":{"rendered":"<p>Celebramos la fiesta del oto\u00f1o Estamos muy satisfechos de nuestra primera celebraci\u00f3n del curso. Encuentro literario Por la ma\u00f1ana en el jard\u00edn asistimos al Encuentro Literario. El grupo de primero, saludamos al Sr. Oto\u00f1o, que como cada a\u00f1o hace el esfuerzo de visitarnos. Poes\u00eda en colores Despu\u00e9s, recitamos poes\u00edas de Federico G\u00aa Lorca, Juan Ram\u00f3n &hellip; <a href=\"https:\/\/www.alqueria.es\/blogs\/alqueriaprimerciclo\/2018\/11\/12\/fiesta-de-otono-en-el-1o-ciclo\/\" class=\"more-link\">Seguir leyendo <span class=\"screen-reader-text\">Fiesta de oto\u00f1o en el 1\u00ba ciclo<\/span> <span class=\"meta-nav\">&rarr;<\/span><\/a><\/p>\n","protected":false},"author":12,"featured_media":0,"comment_status":"open","ping_status":"open","sticky":false,"template":"","format":"standard","meta":{"jetpack_post_was_ever_published":false,"_jetpack_newsletter_access":"","_jetpack_dont_email_post_to_subs":false,"_jetpack_newsletter_tier_id":0,"_jetpack_memberships_contains_paywalled_content":false,"_jetpack_memberships_contains_paid_content":false,"footnotes":"","jetpack_publicize_message":"","jetpack_publicize_feature_enabled":true,"jetpack_social_post_already_shared":true,"jetpack_social_options":{"image_generator_settings":{"template":"highway","default_image_id":0,"font":"","enabled":false},"version":2}},"categories":[2,3,8,9,78],"tags":[],"class_list":["post-18239","post","type-post","status-publish","format-standard","hentry","category-1o-epo","category-2o-epo","category-diario-de-clase-1o","category-diario-de-clase-2o","category-fiestas"],"jetpack_publicize_connections":[],"jetpack_featured_media_url":"","jetpack_sharing_enabled":true,"jetpack_shortlink":"https:\/\/wp.me\/p4lvS0-4Kb","_links":{"self":[{"href":"https:\/\/www.alqueria.es\/blogs\/alqueriaprimerciclo\/wp-json\/wp\/v2\/posts\/18239","targetHints":{"allow":["GET"]}}],"collection":[{"href":"https:\/\/www.alqueria.es\/blogs\/alqueriaprimerciclo\/wp-json\/wp\/v2\/posts"}],"about":[{"href":"https:\/\/www.alqueria.es\/blogs\/alqueriaprimerciclo\/wp-json\/wp\/v2\/types\/post"}],"author":[{"embeddable":true,"href":"https:\/\/www.alqueria.es\/blogs\/alqueriaprimerciclo\/wp-json\/wp\/v2\/users\/12"}],"replies":[{"embeddable":true,"href":"https:\/\/www.alqueria.es\/blogs\/alqueriaprimerciclo\/wp-json\/wp\/v2\/comments?post=18239"}],"version-history":[{"count":0,"href":"https:\/\/www.alqueria.es\/blogs\/alqueriaprimerciclo\/wp-json\/wp\/v2\/posts\/18239\/revisions"}],"wp:attachment":[{"href":"https:\/\/www.alqueria.es\/blogs\/alqueriaprimerciclo\/wp-json\/wp\/v2\/media?parent=18239"}],"wp:term":[{"taxonomy":"category","embeddable":true,"href":"https:\/\/www.alqueria.es\/blogs\/alqueriaprimerciclo\/wp-json\/wp\/v2\/categories?post=18239"},{"taxonomy":"post_tag","embeddable":true,"href":"https:\/\/www.alqueria.es\/blogs\/alqueriaprimerciclo\/wp-json\/wp\/v2\/tags?post=18239"}],"curies":[{"name":"wp","href":"https:\/\/api.w.org\/{rel}","templated":true}]}}