{"id":18259,"date":"2018-11-16T15:32:36","date_gmt":"2018-11-16T14:32:36","guid":{"rendered":"https:\/\/www.alqueria.es\/blogs\/alqueriaprimerciclo\/?p=18259"},"modified":"2018-11-16T15:32:36","modified_gmt":"2018-11-16T14:32:36","slug":"fortaleza-mental","status":"publish","type":"post","link":"https:\/\/www.alqueria.es\/blogs\/alqueriaprimerciclo\/2018\/11\/16\/fortaleza-mental\/","title":{"rendered":"Fortaleza mental"},"content":{"rendered":"<h5>\u00bfQu\u00e9 cosas nos emocionan en 1\u00ba?<\/h5>\n<p>Entramos esta semana en clase con una gran emoci\u00f3n al ver que nuestros bulbos han despertado. Una ra\u00edces largas y blancas flotan en el agua.<\/p>\n<p><img decoding=\"async\" data-attachment-id=\"18320\" data-permalink=\"https:\/\/www.alqueria.es\/blogs\/alqueriaprimerciclo\/2018\/11\/16\/fortaleza-mental\/dsc00754\/\" data-orig-file=\"https:\/\/cloud.alqueria.es\/wp-content\/uploads\/sites\/6\/2018\/11\/DSC00754.jpg\" data-orig-size=\"640,480\" data-comments-opened=\"1\" data-image-meta=\"{&quot;aperture&quot;:&quot;2.8&quot;,&quot;credit&quot;:&quot;&quot;,&quot;camera&quot;:&quot;DSC-W510&quot;,&quot;caption&quot;:&quot;&quot;,&quot;created_timestamp&quot;:&quot;1542058143&quot;,&quot;copyright&quot;:&quot;Copyright 2009&quot;,&quot;focal_length&quot;:&quot;4.7&quot;,&quot;iso&quot;:&quot;800&quot;,&quot;shutter_speed&quot;:&quot;0.016666666666667&quot;,&quot;title&quot;:&quot;&quot;,&quot;orientation&quot;:&quot;1&quot;}\" data-image-title=\"DSC00754\" data-image-description=\"\" data-image-caption=\"\" data-large-file=\"https:\/\/cloud.alqueria.es\/wp-content\/uploads\/sites\/6\/2018\/11\/DSC00754.jpg\" class=\"aligncenter size-full wp-image-18320\" src=\"https:\/\/cloud.alqueria.es\/wp-content\/uploads\/sites\/6\/2018\/11\/DSC00754.jpg\" alt=\"\" width=\"640\" height=\"480\" srcset=\"https:\/\/cloud.alqueria.es\/wp-content\/uploads\/sites\/6\/2018\/11\/DSC00754.jpg 640w, https:\/\/cloud.alqueria.es\/wp-content\/uploads\/sites\/6\/2018\/11\/DSC00754.jpg 300w\" sizes=\"(max-width: 640px) 100vw, 640px\" \/><\/p>\n<p>A nuestra maestra esto le parece extraordinario, no lo de las ra\u00edces, sino la explosi\u00f3n de alegr\u00eda que demostramos al descubrirlo;\u00a0 ni\u00f1os como nosotros, que a veces no parecemos sorprendernos de nada, un acontecimiento as\u00ed, nos saque algo tan bonito.<\/p>\n<p><img decoding=\"async\" data-attachment-id=\"18319\" data-permalink=\"https:\/\/www.alqueria.es\/blogs\/alqueriaprimerciclo\/2018\/11\/16\/fortaleza-mental\/dsc00752-2\/\" data-orig-file=\"https:\/\/cloud.alqueria.es\/wp-content\/uploads\/sites\/6\/2018\/11\/DSC00752.jpg\" data-orig-size=\"640,480\" data-comments-opened=\"1\" data-image-meta=\"{&quot;aperture&quot;:&quot;2.8&quot;,&quot;credit&quot;:&quot;&quot;,&quot;camera&quot;:&quot;DSC-W510&quot;,&quot;caption&quot;:&quot;&quot;,&quot;created_timestamp&quot;:&quot;1542058113&quot;,&quot;copyright&quot;:&quot;Copyright 2009&quot;,&quot;focal_length&quot;:&quot;4.7&quot;,&quot;iso&quot;:&quot;800&quot;,&quot;shutter_speed&quot;:&quot;0.0125&quot;,&quot;title&quot;:&quot;&quot;,&quot;orientation&quot;:&quot;1&quot;}\" data-image-title=\"DSC00752\" data-image-description=\"\" data-image-caption=\"\" data-large-file=\"https:\/\/cloud.alqueria.es\/wp-content\/uploads\/sites\/6\/2018\/11\/DSC00752.jpg\" class=\"aligncenter size-full wp-image-18319\" src=\"https:\/\/cloud.alqueria.es\/wp-content\/uploads\/sites\/6\/2018\/11\/DSC00752.jpg\" alt=\"\" width=\"640\" height=\"480\" srcset=\"https:\/\/cloud.alqueria.es\/wp-content\/uploads\/sites\/6\/2018\/11\/DSC00752.jpg 640w, https:\/\/cloud.alqueria.es\/wp-content\/uploads\/sites\/6\/2018\/11\/DSC00752.jpg 300w\" sizes=\"(max-width: 640px) 100vw, 640px\" \/><\/p>\n<p>Pero ah\u00ed no queda todo, el nivel de adrenalina sube al encontrar una mantis religiosa, con el abdomen hinchad\u00edsimo, detr\u00e1s de la papelera del patio. Juanjo nos presta un terrario y lo acondicionamos con una ramas en su interior, para tener la posibilidad, de acompa\u00f1arle en el alumbramiento de la ooteca, si es que llega .<\/p>\n<h5>La familia de 10<\/h5>\n<p><img decoding=\"async\" class=\"\" src=\"http:\/\/4.bp.blogspot.com\/_-LlI3XjibEc\/TM5jtY1-S8I\/AAAAAAAAAls\/S4y2UlIyzpg\/s1600\/Nueva+imagen.png\" alt=\"Resultado de imagen de familia del 10\" \/><\/p>\n<p>Trabajamos el n\u00famero 16.Este curso esta cantidad es especial para nosotros, porque representa a nuestro grupo.<\/p>\n<p>Saltamos el n\u00famero 10, que hemos estado trabajando con todo tipo de objetos y composiciones matem\u00e1ticas, y nos vamos al 16.<\/p>\n<p><img decoding=\"async\" class=\"alignleft\" src=\"https:\/\/4.bp.blogspot.com\/-62R60IRoLJ0\/Um0Fj_98-KI\/AAAAAAAAgWc\/ZfpPE9gqOy8\/s1600\/series8.jpg\" alt=\"Imagen relacionada\" width=\"195\" height=\"85\" \/><\/p>\n<p>Estos son los n\u00fameros m\u00e1s complicados que hay dentro de los 100 primeros para nosotros. No por su composici\u00f3n , sino por su denominaci\u00f3n. Vamos sumando unidades al diez, pero no se nos permite llamarles: \u00abdieciuno, diecid\u00f3s,..\u00bb, sino once, doce, trece, catorce y quince. Con el diecis\u00e9is y siguientes, recobramos\u00bbel sentido com\u00fan.\u00bb<img decoding=\"async\" class=\"alignright\" src=\"https:\/\/1.bp.blogspot.com\/-zc4fbxTBS6c\/Um0FjIf9ofI\/AAAAAAAAgWI\/5SfZX3fPuJI\/s1600\/series6.jpg\" alt=\"Imagen relacionada\" width=\"192\" height=\"83\" \/><\/p>\n<p>A estos inconvenientes se le a\u00f1ade el valor que tiene ahora la cifra 1, cuando va delante de otra, ya no es uno, sino diez.<\/p>\n<p>Y eso no nos lo creemos tan f\u00e1cilmente, aunque sepamos reconocer la numeraci\u00f3n al cantar sus nombres.<\/p>\n<p>En la casita del 10, practicamos la escritura de los n\u00fameros comprendidos entre el 10 y el 19, con cifras y palabras.<\/p>\n<p><img decoding=\"async\" src=\"https:\/\/i.pinimg.com\/originals\/05\/15\/95\/0515950b8ee83ae842a0466caa1c224a.jpg\" alt=\"Imagen relacionada\" \/><\/p>\n<h5>Sumamos<\/h5>\n<p>Este juego est\u00e1 en <em>Recursos de primaria de nuestra web.<\/em><br \/>\nCon el nivel suma 1, nos iniciamos en las estrategias de c\u00e1lculo.<\/p>\n<p><a href=\"http:\/\/www.mothmatic.com\/Juegos.htm\"><img decoding=\"async\" data-attachment-id=\"18345\" data-permalink=\"https:\/\/www.alqueria.es\/blogs\/alqueriaprimerciclo\/2018\/11\/16\/fortaleza-mental\/sumas\/\" data-orig-file=\"https:\/\/cloud.alqueria.es\/wp-content\/uploads\/sites\/6\/2018\/11\/sumas.jpg\" data-orig-size=\"990,609\" data-comments-opened=\"1\" data-image-meta=\"{&quot;aperture&quot;:&quot;0&quot;,&quot;credit&quot;:&quot;usuario&quot;,&quot;camera&quot;:&quot;&quot;,&quot;caption&quot;:&quot;&quot;,&quot;created_timestamp&quot;:&quot;1542205007&quot;,&quot;copyright&quot;:&quot;&quot;,&quot;focal_length&quot;:&quot;0&quot;,&quot;iso&quot;:&quot;0&quot;,&quot;shutter_speed&quot;:&quot;0&quot;,&quot;title&quot;:&quot;&quot;,&quot;orientation&quot;:&quot;0&quot;}\" data-image-title=\"sumas\" data-image-description=\"\" data-image-caption=\"\" data-large-file=\"https:\/\/cloud.alqueria.es\/wp-content\/uploads\/sites\/6\/2018\/11\/sumas.jpg\" class=\"aligncenter size-full wp-image-18345\" src=\"https:\/\/cloud.alqueria.es\/wp-content\/uploads\/sites\/6\/2018\/11\/sumas.jpg\" alt=\"\" width=\"990\" height=\"609\" srcset=\"https:\/\/cloud.alqueria.es\/wp-content\/uploads\/sites\/6\/2018\/11\/sumas.jpg 990w, https:\/\/cloud.alqueria.es\/wp-content\/uploads\/sites\/6\/2018\/11\/sumas.jpg 300w, https:\/\/cloud.alqueria.es\/wp-content\/uploads\/sites\/6\/2018\/11\/sumas.jpg 768w\" sizes=\"(max-width: 990px) 100vw, 990px\" \/><\/a><\/p>\n<p>Cada persona descubre su propia estrategia, todas v\u00e1lidas: desde contar con dedos y objetos, a descomponer mentalmente las cantidades y agruparlas a nuestra conveniencia.<\/p>\n<h5>El tren R que R<\/h5>\n<p>El martes\u00a0 nos acompa\u00f1a Cora, que viene de parte del Ayuntamiento de\u00a0 Granada a explicarnos el cuento: \u00abEl tren R que R.\u00bb<\/p>\n<p>Con esta m\u00e1gica historia recordamos como debemos tratar los materiales que desechamos, despu\u00e9s de usarlos.En la historia el protagonista acaba entendiendo que son estos tres conceptos.<\/p>\n<p><img decoding=\"async\" src=\"https:\/\/2.bp.blogspot.com\/-pPueuRiueCc\/WQZFkHxEaSI\/AAAAAAAAAMM\/x4gyruJH-q4XOE5-kb7xpWlOOaty7fVbwCLcB\/s1600\/reduce-reultiliza-y-recicla1.jpg\" alt=\"Resultado de imagen de rrr\" \/><\/p>\n<p>Nosotros los clasificamos en sus respectivos contenedores.\u00a0 Para demostrar que sabemos qu\u00e9 es reutilizar, ponemos varios ejemplos con materiales que hay en la clase y ,adem\u00e1s, construimos entre todos un robot con algunos de ellos. Reducir nos resulta\u00a0 m\u00e1s complicado de explicar, pero lo entenderemos conforme nuestra vida vaya teniendo m\u00e1s experiencias.<\/p>\n<p class=\"jetpack-slideshow-noscript robots-nocontent\">El pase de diapositivas requiere JavaScript.<\/p><div id=\"gallery-18259-1-slideshow\" class=\"jetpack-slideshow-window jetpack-slideshow jetpack-slideshow-black\" data-trans=\"fade\" data-autostart=\"1\" data-gallery=\"[{&quot;src&quot;:&quot;https:\\\/\\\/cloud.alqueria.es\\\/wp-content\\\/uploads\\\/sites\\\/6\\\/2018\\\/11\\\/DSC00756.jpg&quot;,&quot;id&quot;:&quot;18322&quot;,&quot;title&quot;:&quot;DSC00756&quot;,&quot;alt&quot;:&quot;&quot;,&quot;caption&quot;:&quot;&quot;,&quot;itemprop&quot;:&quot;image&quot;},{&quot;src&quot;:&quot;https:\\\/\\\/cloud.alqueria.es\\\/wp-content\\\/uploads\\\/sites\\\/6\\\/2018\\\/11\\\/DSC00758.jpg&quot;,&quot;id&quot;:&quot;18323&quot;,&quot;title&quot;:&quot;DSC00758&quot;,&quot;alt&quot;:&quot;&quot;,&quot;caption&quot;:&quot;&quot;,&quot;itemprop&quot;:&quot;image&quot;},{&quot;src&quot;:&quot;https:\\\/\\\/cloud.alqueria.es\\\/wp-content\\\/uploads\\\/sites\\\/6\\\/2018\\\/11\\\/DSC00761.jpg&quot;,&quot;id&quot;:&quot;18324&quot;,&quot;title&quot;:&quot;DSC00761&quot;,&quot;alt&quot;:&quot;&quot;,&quot;caption&quot;:&quot;&quot;,&quot;itemprop&quot;:&quot;image&quot;},{&quot;src&quot;:&quot;https:\\\/\\\/cloud.alqueria.es\\\/wp-content\\\/uploads\\\/sites\\\/6\\\/2018\\\/11\\\/DSC00762.jpg&quot;,&quot;id&quot;:&quot;18325&quot;,&quot;title&quot;:&quot;DSC00762&quot;,&quot;alt&quot;:&quot;&quot;,&quot;caption&quot;:&quot;&quot;,&quot;itemprop&quot;:&quot;image&quot;},{&quot;src&quot;:&quot;https:\\\/\\\/cloud.alqueria.es\\\/wp-content\\\/uploads\\\/sites\\\/6\\\/2018\\\/11\\\/DSC00763.jpg&quot;,&quot;id&quot;:&quot;18326&quot;,&quot;title&quot;:&quot;DSC00763&quot;,&quot;alt&quot;:&quot;&quot;,&quot;caption&quot;:&quot;&quot;,&quot;itemprop&quot;:&quot;image&quot;},{&quot;src&quot;:&quot;https:\\\/\\\/cloud.alqueria.es\\\/wp-content\\\/uploads\\\/sites\\\/6\\\/2018\\\/11\\\/DSC00764.jpg&quot;,&quot;id&quot;:&quot;18327&quot;,&quot;title&quot;:&quot;DSC00764&quot;,&quot;alt&quot;:&quot;&quot;,&quot;caption&quot;:&quot;&quot;,&quot;itemprop&quot;:&quot;image&quot;},{&quot;src&quot;:&quot;https:\\\/\\\/cloud.alqueria.es\\\/wp-content\\\/uploads\\\/sites\\\/6\\\/2018\\\/11\\\/DSC00765.jpg&quot;,&quot;id&quot;:&quot;18328&quot;,&quot;title&quot;:&quot;DSC00765&quot;,&quot;alt&quot;:&quot;&quot;,&quot;caption&quot;:&quot;&quot;,&quot;itemprop&quot;:&quot;image&quot;},{&quot;src&quot;:&quot;https:\\\/\\\/cloud.alqueria.es\\\/wp-content\\\/uploads\\\/sites\\\/6\\\/2018\\\/11\\\/DSC00768.jpg&quot;,&quot;id&quot;:&quot;18329&quot;,&quot;title&quot;:&quot;DSC00768&quot;,&quot;alt&quot;:&quot;&quot;,&quot;caption&quot;:&quot;&quot;,&quot;itemprop&quot;:&quot;image&quot;},{&quot;src&quot;:&quot;https:\\\/\\\/cloud.alqueria.es\\\/wp-content\\\/uploads\\\/sites\\\/6\\\/2018\\\/11\\\/DSC00770.jpg&quot;,&quot;id&quot;:&quot;18330&quot;,&quot;title&quot;:&quot;DSC00770&quot;,&quot;alt&quot;:&quot;&quot;,&quot;caption&quot;:&quot;&quot;,&quot;itemprop&quot;:&quot;image&quot;}]\" itemscope itemtype=\"https:\/\/schema.org\/ImageGallery\"><\/div>\n<p>Nos ha encantado colaborar en este cuento.<\/p>\n<h5>Conferencia. Los tiburones<\/h5>\n<p>Adri\u00e1n se anticipa a su fecha y el martes nos sorprende presentando su\u00a0 conferencia. Adaptamos las actividades para que tenga tiempo de exponerla. Por esa raz\u00f3n, esta semana no vamos a la biblioteca.<\/p>\n<p><img decoding=\"async\" data-attachment-id=\"18332\" data-permalink=\"https:\/\/www.alqueria.es\/blogs\/alqueriaprimerciclo\/2018\/11\/16\/fortaleza-mental\/dsc00771\/\" data-orig-file=\"https:\/\/cloud.alqueria.es\/wp-content\/uploads\/sites\/6\/2018\/11\/DSC00771.jpg\" data-orig-size=\"640,480\" data-comments-opened=\"1\" data-image-meta=\"{&quot;aperture&quot;:&quot;2.8&quot;,&quot;credit&quot;:&quot;&quot;,&quot;camera&quot;:&quot;DSC-W510&quot;,&quot;caption&quot;:&quot;&quot;,&quot;created_timestamp&quot;:&quot;1542064031&quot;,&quot;copyright&quot;:&quot;Copyright 2009&quot;,&quot;focal_length&quot;:&quot;4.7&quot;,&quot;iso&quot;:&quot;800&quot;,&quot;shutter_speed&quot;:&quot;0.008&quot;,&quot;title&quot;:&quot;&quot;,&quot;orientation&quot;:&quot;1&quot;}\" data-image-title=\"DSC00771\" data-image-description=\"\" data-image-caption=\"\" data-large-file=\"https:\/\/cloud.alqueria.es\/wp-content\/uploads\/sites\/6\/2018\/11\/DSC00771.jpg\" class=\"aligncenter size-full wp-image-18332\" src=\"https:\/\/cloud.alqueria.es\/wp-content\/uploads\/sites\/6\/2018\/11\/DSC00771.jpg\" alt=\"\" width=\"640\" height=\"480\" srcset=\"https:\/\/cloud.alqueria.es\/wp-content\/uploads\/sites\/6\/2018\/11\/DSC00771.jpg 640w, https:\/\/cloud.alqueria.es\/wp-content\/uploads\/sites\/6\/2018\/11\/DSC00771.jpg 300w\" sizes=\"(max-width: 640px) 100vw, 640px\" \/><\/p>\n<p>Nos explica infinidad de cosas:<\/p>\n<ul>\n<li>\u00bfQu\u00e9 son? Peces carn\u00edvoros, menos el tibur\u00f3n ballena y el peregrino, que comen plancton.<\/li>\n<li>\u00bfC\u00f3mo nacen? De muchas formas: Son ovoviv\u00edparos, los huevos est\u00e1n en la barriga de la madre . Otros ov\u00edparos,los huevos quedan en el agua, Y por \u00faltimo, viv\u00edparos, que nacen\u00a0 directamente de la barriga.<\/li>\n<li>Partes de su cuerpo: ojos, narina (nariz), la mand\u00edbulas y los dientes, espina, tipos de aletas,\u00a0 las branquias, que sirven para respirar y la l\u00ednea lateral, que sirve para escuchar los efectos de las olas. La piel de un tibur\u00f3n es \u00e1spera como una lija.<\/li>\n<li>D\u00f3nde viven: en los r\u00edos como el tibur\u00f3n toro, el tibur\u00f3n boreal que vive en Groenlandia, tibur\u00f3n blando que viven en los oc\u00e9anos.<img decoding=\"async\" data-attachment-id=\"18333\" data-permalink=\"https:\/\/www.alqueria.es\/blogs\/alqueriaprimerciclo\/2018\/11\/16\/fortaleza-mental\/dsc00772\/\" data-orig-file=\"https:\/\/cloud.alqueria.es\/wp-content\/uploads\/sites\/6\/2018\/11\/DSC00772.jpg\" data-orig-size=\"640,480\" data-comments-opened=\"1\" data-image-meta=\"{&quot;aperture&quot;:&quot;2.8&quot;,&quot;credit&quot;:&quot;&quot;,&quot;camera&quot;:&quot;DSC-W510&quot;,&quot;caption&quot;:&quot;&quot;,&quot;created_timestamp&quot;:&quot;1542064162&quot;,&quot;copyright&quot;:&quot;Copyright 2009&quot;,&quot;focal_length&quot;:&quot;4.7&quot;,&quot;iso&quot;:&quot;1600&quot;,&quot;shutter_speed&quot;:&quot;0.016666666666667&quot;,&quot;title&quot;:&quot;&quot;,&quot;orientation&quot;:&quot;1&quot;}\" data-image-title=\"DSC00772\" data-image-description=\"\" data-image-caption=\"\" data-large-file=\"https:\/\/cloud.alqueria.es\/wp-content\/uploads\/sites\/6\/2018\/11\/DSC00772.jpg\" class=\"aligncenter size-full wp-image-18333\" src=\"https:\/\/cloud.alqueria.es\/wp-content\/uploads\/sites\/6\/2018\/11\/DSC00772.jpg\" alt=\"\" width=\"640\" height=\"480\" srcset=\"https:\/\/cloud.alqueria.es\/wp-content\/uploads\/sites\/6\/2018\/11\/DSC00772.jpg 640w, https:\/\/cloud.alqueria.es\/wp-content\/uploads\/sites\/6\/2018\/11\/DSC00772.jpg 300w\" sizes=\"(max-width: 640px) 100vw, 640px\" \/><\/li>\n<li>Los sentidos: Huelen con la narina; pueden oler grandes distancias.El o\u00eddo con el que escuchan a sus presas. En el ojo pueden reflejar la luz en los lugares oscuros.<\/li>\n<li>Curiosidades: Nunca se pueden estar quietos, siempre est\u00e1n nadando en zig-zag y no duermen.<\/li>\n<li>Por \u00faltimo nos ha enumerado, ayudado de su libro, infinidad de tipos de tibur\u00f3n.<\/li>\n<\/ul>\n<p style=\"text-align: center\"><em>\u00abEl animal m\u00e1s temido por el tibur\u00f3n es hombre\u00bb.<\/em><\/p>\n<p>&nbsp;<\/p>\n<h6><img decoding=\"async\" class=\"alignleft\" src=\"https:\/\/st.depositphotos.com\/1043756\/4427\/i\/950\/depositphotos_44272873-stock-photo-children-of-different-races-reading.jpg\" alt=\"Resultado de imagen de leer ni\u00c3\u00b1os juntos\" width=\"225\" height=\"193\" \/>Lectura en parejas, ayuda mutua.<\/h6>\n<p>Los jueves, despu\u00e9s del recreo, Rosi nos llama para que le leamos\u00a0 en voz alta. Y nos gusta mucho que nos nombre sus ayudantes en esta tarea. Nos organizamos por parejas, que\u00a0 se forman fuera del grupo habitual con el que trabajamos cada d\u00eda. Y guiamos a nuestro lector en las dudas que se le van planteando. As\u00ed cuando ella los llama, han hecho un breve entrenamiento, para ganar confianza.<\/p>\n<h5>Leemos el mito del Minotauro<\/h5>\n<p><img decoding=\"async\" class=\"alignleft\" src=\"https:\/\/www.editorialsusaeta.com\/6097-large_default\/monstruos-miticos-las-criaturas-mas-terrorificas-de-todos-los-tiempos.jpg\" alt=\"Resultado de imagen de Cuentos de mitos y monstruos susaeta\" width=\"175\" height=\"129\" \/><\/p>\n<p>Nos interesamos por la historia del Minotauro, que est\u00e1 dibujado en el patio. Tom\u00e1s nos presta este libro para conocerla mejor.<\/p>\n<p><img decoding=\"async\" class=\"alignleft\" src=\"https:\/\/images-na.ssl-images-amazon.com\/images\/I\/51bU29s0dOL._SX258_BO1,204,203,200_.jpg\" alt=\"Resultado de imagen de El gran libro de los mitos susaeta\" width=\"132\" height=\"164\" \/><\/p>\n<p>Manel nos proporciona otra versi\u00f3n .Podemos ver que pr\u00e1cticamente lo explican de una misma forma.<\/p>\n<p><img decoding=\"async\" src=\"https:\/\/kidshealth.org\/ES\/images\/headers\/P-alimentacion-esHD-AR1.jpg\" alt=\"Resultado de imagen de Alimentaci\u00c3\u00b3n saludable\" \/><\/p>\n<p>Iniciamos un nuevo campo de investigaci\u00f3n.<\/p>\n<p>A partir de nuestro inter\u00e9s por lo seres vivos , animales y plantas, hemos llegado con el oto\u00f1o a conocer muchos frutos, que estamos degustando en el colegio. Estamos tomando conciencia de la importancia de probar y comer algunos que no conoc\u00edamos.<\/p>\n<p>Tenemos la posibilidad de investigar la preparaci\u00f3n\u00a0 y conservaci\u00f3n\u00a0 de otros, con los talleres de cocina familiares que hemos hecho para la fiesta y con el que hemos empezado en clase con las aceitunas.<\/p>\n<h5>Recogemos aceitunas<\/h5>\n<p>El olivo de nuestro cole nos permite recoger aceitunas, para seguir aprendiendo c\u00f3mo conservar algunos alimentos.<\/p>\n<p class=\"jetpack-slideshow-noscript robots-nocontent\">El pase de diapositivas requiere JavaScript.<\/p><div id=\"gallery-18259-2-slideshow\" class=\"jetpack-slideshow-window jetpack-slideshow jetpack-slideshow-black\" data-trans=\"fade\" data-autostart=\"1\" data-gallery=\"[{&quot;src&quot;:&quot;https:\\\/\\\/cloud.alqueria.es\\\/wp-content\\\/uploads\\\/sites\\\/6\\\/2018\\\/11\\\/DSC00776.jpg&quot;,&quot;id&quot;:&quot;18355&quot;,&quot;title&quot;:&quot;DSC00776&quot;,&quot;alt&quot;:&quot;&quot;,&quot;caption&quot;:&quot;&quot;,&quot;itemprop&quot;:&quot;image&quot;},{&quot;src&quot;:&quot;https:\\\/\\\/cloud.alqueria.es\\\/wp-content\\\/uploads\\\/sites\\\/6\\\/2018\\\/11\\\/DSC00777.jpg&quot;,&quot;id&quot;:&quot;18356&quot;,&quot;title&quot;:&quot;DSC00777&quot;,&quot;alt&quot;:&quot;&quot;,&quot;caption&quot;:&quot;&quot;,&quot;itemprop&quot;:&quot;image&quot;},{&quot;src&quot;:&quot;https:\\\/\\\/cloud.alqueria.es\\\/wp-content\\\/uploads\\\/sites\\\/6\\\/2018\\\/11\\\/DSC00778.jpg&quot;,&quot;id&quot;:&quot;18357&quot;,&quot;title&quot;:&quot;DSC00778&quot;,&quot;alt&quot;:&quot;&quot;,&quot;caption&quot;:&quot;&quot;,&quot;itemprop&quot;:&quot;image&quot;},{&quot;src&quot;:&quot;https:\\\/\\\/cloud.alqueria.es\\\/wp-content\\\/uploads\\\/sites\\\/6\\\/2018\\\/11\\\/DSC00779.jpg&quot;,&quot;id&quot;:&quot;18358&quot;,&quot;title&quot;:&quot;DSC00779&quot;,&quot;alt&quot;:&quot;&quot;,&quot;caption&quot;:&quot;&quot;,&quot;itemprop&quot;:&quot;image&quot;},{&quot;src&quot;:&quot;https:\\\/\\\/cloud.alqueria.es\\\/wp-content\\\/uploads\\\/sites\\\/6\\\/2018\\\/11\\\/DSC00780.jpg&quot;,&quot;id&quot;:&quot;18359&quot;,&quot;title&quot;:&quot;DSC00780&quot;,&quot;alt&quot;:&quot;&quot;,&quot;caption&quot;:&quot;&quot;,&quot;itemprop&quot;:&quot;image&quot;}]\" itemscope itemtype=\"https:\/\/schema.org\/ImageGallery\"><\/div>\n<p>Ayudados por Juanjo, alcanzamos las que est\u00e1n m\u00e1s altas, pues nuestros compa\u00f1eros m\u00e1s peque\u00f1os se han encargado de las que estaban m\u00e1s bajas, ya que las compartimos con el resto de los grupos.<\/p>\n<p>El paso siguiente\u00a0 ha sido rajarlas con una m\u00e1quina extraordinaria que, tambi\u00e9n nos presta Juanjo.<\/p>\n<p><img decoding=\"async\" data-attachment-id=\"18362\" data-permalink=\"https:\/\/www.alqueria.es\/blogs\/alqueriaprimerciclo\/2018\/11\/16\/fortaleza-mental\/dsc00781\/\" data-orig-file=\"https:\/\/cloud.alqueria.es\/wp-content\/uploads\/sites\/6\/2018\/11\/DSC00781.jpg\" data-orig-size=\"640,480\" data-comments-opened=\"1\" data-image-meta=\"{&quot;aperture&quot;:&quot;2.8&quot;,&quot;credit&quot;:&quot;&quot;,&quot;camera&quot;:&quot;DSC-W510&quot;,&quot;caption&quot;:&quot;&quot;,&quot;created_timestamp&quot;:&quot;1542318786&quot;,&quot;copyright&quot;:&quot;Copyright 2009&quot;,&quot;focal_length&quot;:&quot;4.7&quot;,&quot;iso&quot;:&quot;800&quot;,&quot;shutter_speed&quot;:&quot;0.016666666666667&quot;,&quot;title&quot;:&quot;&quot;,&quot;orientation&quot;:&quot;1&quot;}\" data-image-title=\"DSC00781\" data-image-description=\"\" data-image-caption=\"\" data-large-file=\"https:\/\/cloud.alqueria.es\/wp-content\/uploads\/sites\/6\/2018\/11\/DSC00781.jpg\" class=\"aligncenter size-full wp-image-18362\" src=\"https:\/\/cloud.alqueria.es\/wp-content\/uploads\/sites\/6\/2018\/11\/DSC00781.jpg\" alt=\"\" width=\"640\" height=\"480\" srcset=\"https:\/\/cloud.alqueria.es\/wp-content\/uploads\/sites\/6\/2018\/11\/DSC00781.jpg 640w, https:\/\/cloud.alqueria.es\/wp-content\/uploads\/sites\/6\/2018\/11\/DSC00781.jpg 300w\" sizes=\"(max-width: 640px) 100vw, 640px\" \/><\/p>\n<p>Despu\u00e9s las ponemos en agua con sal gorda. Cada dos d\u00edas tenemos renovar esta disoluci\u00f3n.<\/p>\n<h5>Visita a Puleva<\/h5>\n<p>Esta actividad forma parte del trabajo sobre la alimentaci\u00f3n saludable.<\/p>\n<p>Iniciamos la investigaci\u00f3n con una puesta en com\u00fan de nuestras ideas previas sobre este lugar.<\/p>\n<ul>\n<li>Por lo pronto, algunos de nosotros pensamos que hay vacas, a las que se las orde\u00f1a tirando de la pezu\u00f1as ( despu\u00e9s descubrimos que no se llaman as\u00ed, sino pezones).<\/li>\n<li>Otros, decimos que es el lugar donde \u00bb lavan la leche\u00bb. Esta opini\u00f3n es muy controvertida.<\/li>\n<li>Tambi\u00e9n se comenta que se envasa la leche.<\/li>\n<li>Se hacen batidos de leche con chocolate, fresa y vainilla.<\/li>\n<\/ul>\n<p>El viernes el 70% de los compa\u00f1eros, de forma individual, nos hemos preocupado de\u00a0 investigar y aportar informaci\u00f3n, muy interesante, que\u00a0 compartimos en la asamblea.<\/p>\n<p>Seguimos estudiando, ya en grupo,\u00a0 la informaci\u00f3n que hay en los envases, a ver qu\u00e9 m\u00e1s podemos deducir.<\/p>\n<p class=\"jetpack-slideshow-noscript robots-nocontent\">El pase de diapositivas requiere JavaScript.<\/p><div id=\"gallery-18259-3-slideshow\" class=\"jetpack-slideshow-window jetpack-slideshow jetpack-slideshow-black\" data-trans=\"fade\" data-autostart=\"1\" data-gallery=\"[{&quot;src&quot;:&quot;https:\\\/\\\/cloud.alqueria.es\\\/wp-content\\\/uploads\\\/sites\\\/6\\\/2018\\\/11\\\/DSC00782.jpg&quot;,&quot;id&quot;:&quot;18365&quot;,&quot;title&quot;:&quot;DSC00782&quot;,&quot;alt&quot;:&quot;&quot;,&quot;caption&quot;:&quot;&quot;,&quot;itemprop&quot;:&quot;image&quot;},{&quot;src&quot;:&quot;https:\\\/\\\/cloud.alqueria.es\\\/wp-content\\\/uploads\\\/sites\\\/6\\\/2018\\\/11\\\/DSC00783.jpg&quot;,&quot;id&quot;:&quot;18366&quot;,&quot;title&quot;:&quot;DSC00783&quot;,&quot;alt&quot;:&quot;&quot;,&quot;caption&quot;:&quot;&quot;,&quot;itemprop&quot;:&quot;image&quot;},{&quot;src&quot;:&quot;https:\\\/\\\/cloud.alqueria.es\\\/wp-content\\\/uploads\\\/sites\\\/6\\\/2018\\\/11\\\/DSC00784.jpg&quot;,&quot;id&quot;:&quot;18367&quot;,&quot;title&quot;:&quot;DSC00784&quot;,&quot;alt&quot;:&quot;&quot;,&quot;caption&quot;:&quot;&quot;,&quot;itemprop&quot;:&quot;image&quot;},{&quot;src&quot;:&quot;https:\\\/\\\/cloud.alqueria.es\\\/wp-content\\\/uploads\\\/sites\\\/6\\\/2018\\\/11\\\/DSC00785.jpg&quot;,&quot;id&quot;:&quot;18368&quot;,&quot;title&quot;:&quot;DSC00785&quot;,&quot;alt&quot;:&quot;&quot;,&quot;caption&quot;:&quot;&quot;,&quot;itemprop&quot;:&quot;image&quot;}]\" itemscope itemtype=\"https:\/\/schema.org\/ImageGallery\"><\/div>\n<p>Escribimos una carta a nuestras familias para anunciar que el d\u00eda 27 de noviembre visitamos Puleva.<\/p>\n<p>Necesitamos ir bien identificados, por lo que tenemos que llevar la fotocopia de un documento de identidad ( D.N.I. o Libro de familia).<\/p>\n<p>Seguiremos nuestra investigaciones la pr\u00f3xima semana.<\/p>\n<h5><a href=\"https:\/\/elpais.com\/elpais\/2018\/11\/08\/mamas_papas\/1541689386_885630.html?id_externo_rsoc=FB_CC&amp;fbclid=IwAR0Mlg7eKKeAjgCnMhqJ0blvNdmLKJRXjP3sXqnODLUmlZtpRuPBkJadDBY\">Para reflexionar juntos.<br \/>\n<img decoding=\"async\" data-attachment-id=\"18260\" data-permalink=\"https:\/\/www.alqueria.es\/blogs\/alqueriaprimerciclo\/2018\/11\/16\/fortaleza-mental\/mentalmente-fuerte\/\" data-orig-file=\"https:\/\/cloud.alqueria.es\/wp-content\/uploads\/sites\/6\/2018\/11\/mentalmente-fuerte.png\" data-orig-size=\"975,880\" data-comments-opened=\"1\" data-image-meta=\"{&quot;aperture&quot;:&quot;0&quot;,&quot;credit&quot;:&quot;&quot;,&quot;camera&quot;:&quot;&quot;,&quot;caption&quot;:&quot;&quot;,&quot;created_timestamp&quot;:&quot;0&quot;,&quot;copyright&quot;:&quot;&quot;,&quot;focal_length&quot;:&quot;0&quot;,&quot;iso&quot;:&quot;0&quot;,&quot;shutter_speed&quot;:&quot;0&quot;,&quot;title&quot;:&quot;&quot;,&quot;orientation&quot;:&quot;0&quot;}\" data-image-title=\"mentalmente-fuerte\" data-image-description=\"\" data-image-caption=\"\" data-large-file=\"https:\/\/cloud.alqueria.es\/wp-content\/uploads\/sites\/6\/2018\/11\/mentalmente-fuerte.png\" class=\"aligncenter size-full wp-image-18260\" src=\"https:\/\/cloud.alqueria.es\/wp-content\/uploads\/sites\/6\/2018\/11\/mentalmente-fuerte.png\" alt=\"\" width=\"975\" height=\"880\" srcset=\"https:\/\/cloud.alqueria.es\/wp-content\/uploads\/sites\/6\/2018\/11\/mentalmente-fuerte.png 975w, https:\/\/cloud.alqueria.es\/wp-content\/uploads\/sites\/6\/2018\/11\/mentalmente-fuerte.png 300w, https:\/\/cloud.alqueria.es\/wp-content\/uploads\/sites\/6\/2018\/11\/mentalmente-fuerte.png 768w\" sizes=\"(max-width: 975px) 100vw, 975px\" \/><\/a><\/h5>\n<p>Buen fin de semana a todos.<\/p>\n<p>Rosi<\/p>\n","protected":false},"excerpt":{"rendered":"<p>\u00bfQu\u00e9 cosas nos emocionan en 1\u00ba? Entramos esta semana en clase con una gran emoci\u00f3n al ver que nuestros bulbos han despertado. Una ra\u00edces largas y blancas flotan en el agua. A nuestra maestra esto le parece extraordinario, no lo de las ra\u00edces, sino la explosi\u00f3n de alegr\u00eda que demostramos al descubrirlo;\u00a0 ni\u00f1os como nosotros, &hellip; <a href=\"https:\/\/www.alqueria.es\/blogs\/alqueriaprimerciclo\/2018\/11\/16\/fortaleza-mental\/\" class=\"more-link\">Seguir leyendo <span class=\"screen-reader-text\">Fortaleza mental<\/span> <span class=\"meta-nav\">&rarr;<\/span><\/a><\/p>\n","protected":false},"author":12,"featured_media":0,"comment_status":"open","ping_status":"open","sticky":false,"template":"","format":"standard","meta":{"jetpack_post_was_ever_published":false,"_jetpack_newsletter_access":"","_jetpack_dont_email_post_to_subs":false,"_jetpack_newsletter_tier_id":0,"_jetpack_memberships_contains_paywalled_content":false,"_jetpack_memberships_contains_paid_content":false,"footnotes":"","jetpack_publicize_message":"","jetpack_publicize_feature_enabled":true,"jetpack_social_post_already_shared":true,"jetpack_social_options":{"image_generator_settings":{"template":"highway","default_image_id":0,"font":"","enabled":false},"version":2}},"categories":[2,8],"tags":[],"class_list":["post-18259","post","type-post","status-publish","format-standard","hentry","category-1o-epo","category-diario-de-clase-1o"],"jetpack_publicize_connections":[],"jetpack_featured_media_url":"","jetpack_sharing_enabled":true,"jetpack_shortlink":"https:\/\/wp.me\/p4lvS0-4Kv","_links":{"self":[{"href":"https:\/\/www.alqueria.es\/blogs\/alqueriaprimerciclo\/wp-json\/wp\/v2\/posts\/18259","targetHints":{"allow":["GET"]}}],"collection":[{"href":"https:\/\/www.alqueria.es\/blogs\/alqueriaprimerciclo\/wp-json\/wp\/v2\/posts"}],"about":[{"href":"https:\/\/www.alqueria.es\/blogs\/alqueriaprimerciclo\/wp-json\/wp\/v2\/types\/post"}],"author":[{"embeddable":true,"href":"https:\/\/www.alqueria.es\/blogs\/alqueriaprimerciclo\/wp-json\/wp\/v2\/users\/12"}],"replies":[{"embeddable":true,"href":"https:\/\/www.alqueria.es\/blogs\/alqueriaprimerciclo\/wp-json\/wp\/v2\/comments?post=18259"}],"version-history":[{"count":0,"href":"https:\/\/www.alqueria.es\/blogs\/alqueriaprimerciclo\/wp-json\/wp\/v2\/posts\/18259\/revisions"}],"wp:attachment":[{"href":"https:\/\/www.alqueria.es\/blogs\/alqueriaprimerciclo\/wp-json\/wp\/v2\/media?parent=18259"}],"wp:term":[{"taxonomy":"category","embeddable":true,"href":"https:\/\/www.alqueria.es\/blogs\/alqueriaprimerciclo\/wp-json\/wp\/v2\/categories?post=18259"},{"taxonomy":"post_tag","embeddable":true,"href":"https:\/\/www.alqueria.es\/blogs\/alqueriaprimerciclo\/wp-json\/wp\/v2\/tags?post=18259"}],"curies":[{"name":"wp","href":"https:\/\/api.w.org\/{rel}","templated":true}]}}