{"id":18381,"date":"2018-11-25T21:35:06","date_gmt":"2018-11-25T20:35:06","guid":{"rendered":"https:\/\/www.alqueria.es\/blogs\/alqueriaprimerciclo\/?p=18381"},"modified":"2018-11-25T21:35:06","modified_gmt":"2018-11-25T20:35:06","slug":"razonamos-nuestras-ideas-en-2o","status":"publish","type":"post","link":"https:\/\/www.alqueria.es\/blogs\/alqueriaprimerciclo\/2018\/11\/25\/razonamos-nuestras-ideas-en-2o\/","title":{"rendered":"Razonamos  nuestras ideas en 2\u00ba"},"content":{"rendered":"<p>El color y la abstracci\u00f3n.<\/p>\n<p>La pr\u00f3xima semana, el martes 27, visitamos el centro Jos\u00e9 Guerrero,<\/p>\n<p><img decoding=\"async\" class=\"alignnone\" src=\"http:\/\/www.descubrirelarte.es\/wp-content\/uploads\/bfi_thumb\/unnamed-12-m0gr3sone3mhlci96w7swjz3y62x84scu0avnxi8t0.jpg\" alt=\"unnamed-12.jpg\" width=\"525\" height=\"328\" \/><\/p>\n<p>Conocer la obra gr\u00e1fica de Jos\u00e9 Guerrero es uno de los objetivos de la visita.<\/p>\n<p>Poder experimentar el placer visual y dejarnos sorprender por la expresi\u00f3n del color.<\/p>\n<p>Conocer la abstracci\u00f3n pict\u00f3rica\u00a0 que fue alcanzada por\u00a0<em>el artista.<\/em><\/p>\n<p><strong>Jos\u00e9 Guerrero .<\/strong>\u00a0Uno de los\u00a0<strong>efectos que produce el pintor en <\/strong>es el contagio inmediato de sus investigaciones pl\u00e1sticas a otros pintores , a este fen\u00f3meno lo ha denominado<strong>\u00a0 como \u201cel efecto\u00a0<em>Guerrero\u201d.<\/em><\/strong><\/p>\n<p><strong>Investigaci\u00f3n con el color,\u00a0 que es esa idea suya,\u00a0 de que \u00abel color se extiende, no para nunca\u00bb<\/strong>. Un color sin\u00a0 edad. Nos<span style=\"text-align: center\">\u00a0ponemos manos a la obra , contagiados por el efecto Guerrrero nos\u00a0 dejamos llevar donde el color nos pida.<\/span><\/p>\n<p><img decoding=\"async\" class=\"\" src=\"https:\/\/imgprivate2.artprice.com\/get\/classifieds\/6c7a\/4891\/096c\/fcbf\/d134\/72f1\/2d9f\/739f\/6c5b\/08a9\/800\/800\/Jose-GUERRERO-Untitled-1381825912.jpg\" alt=\"Jos\u00c3\u00a9 GUERRERO - Print-Multiple - Untitled\" width=\"362\" height=\"486\" \/><\/p>\n<p>Pod\u00e9is ver expuestas nuestras obras en el tabl\u00f3n de la entrada.<\/p>\n<p>CONFERENCIA SOBRE ESTRELLAS DE MAR POR BEATRIZ<\/p>\n<p>La particularidad de estos seres vivos que viven en el mar, es que no son peces, son equinodermos, no tienen cerebro, ni cabeza, ni sangre.<\/p>\n<p>Muy emocionada Beatriz ha comenzado su conferencia con esta informaci\u00f3n que nos ha dejado a todos expectantes para conocer como viven.<\/p>\n<p>Nos sorprende que la mas peque\u00f1a pueda medir s\u00f3lo 1 cent\u00edmetro.<\/p>\n<p>Su forma de alimentarse no es menos curiosa, as\u00ed como su capacidad de regenerarse o de reproducci\u00f3n asexual a partir de un brazo.<\/p>\n<p>Gracias a los sensores de sus brazos pueden\u00a0 reconocer que hay a su alrededor, hacen la funci\u00f3n de nuestros sentidos.<\/p>\n<p>Ah, y son radialmente sim\u00e9tricas.<\/p>\n<p>Las hay de diversas formas y colores , lo hemos podido ver con las que ha traido Beatriz ,que gererosamente ha conseguido una para cada uno.<\/p>\n<p>Gracias Bea, siempre es un placer aprender compartiendo lo investigado.<\/p>\n<p><img decoding=\"async\" data-attachment-id=\"18398\" data-permalink=\"https:\/\/www.alqueria.es\/blogs\/alqueriaprimerciclo\/2018\/11\/25\/razonamos-nuestras-ideas-en-2o\/dsc00803-2\/\" data-orig-file=\"https:\/\/cloud.alqueria.es\/wp-content\/uploads\/sites\/6\/2018\/11\/DSC00803.jpg\" data-orig-size=\"640,480\" data-comments-opened=\"1\" data-image-meta=\"{&quot;aperture&quot;:&quot;2.8&quot;,&quot;credit&quot;:&quot;&quot;,&quot;camera&quot;:&quot;DSC-W510&quot;,&quot;caption&quot;:&quot;&quot;,&quot;created_timestamp&quot;:&quot;1542928685&quot;,&quot;copyright&quot;:&quot;Copyright 2009&quot;,&quot;focal_length&quot;:&quot;4.7&quot;,&quot;iso&quot;:&quot;800&quot;,&quot;shutter_speed&quot;:&quot;0.016666666666667&quot;,&quot;title&quot;:&quot;&quot;,&quot;orientation&quot;:&quot;1&quot;}\" data-image-title=\"DSC00803\" data-image-description=\"\" data-image-caption=\"\" data-large-file=\"https:\/\/cloud.alqueria.es\/wp-content\/uploads\/sites\/6\/2018\/11\/DSC00803.jpg\" class=\"aligncenter size-full wp-image-18398\" src=\"https:\/\/cloud.alqueria.es\/wp-content\/uploads\/sites\/6\/2018\/11\/DSC00803.jpg\" alt=\"\" width=\"640\" height=\"480\" srcset=\"https:\/\/cloud.alqueria.es\/wp-content\/uploads\/sites\/6\/2018\/11\/DSC00803.jpg 640w, https:\/\/cloud.alqueria.es\/wp-content\/uploads\/sites\/6\/2018\/11\/DSC00803.jpg 300w\" sizes=\"(max-width: 640px) 100vw, 640px\" \/><\/p>\n<p><img decoding=\"async\" data-attachment-id=\"18402\" data-permalink=\"https:\/\/www.alqueria.es\/blogs\/alqueriaprimerciclo\/2018\/11\/25\/razonamos-nuestras-ideas-en-2o\/dsc00797-2\/\" data-orig-file=\"https:\/\/cloud.alqueria.es\/wp-content\/uploads\/sites\/6\/2018\/11\/DSC00797.jpg\" data-orig-size=\"640,480\" data-comments-opened=\"1\" data-image-meta=\"{&quot;aperture&quot;:&quot;2.8&quot;,&quot;credit&quot;:&quot;&quot;,&quot;camera&quot;:&quot;DSC-W510&quot;,&quot;caption&quot;:&quot;&quot;,&quot;created_timestamp&quot;:&quot;1542924307&quot;,&quot;copyright&quot;:&quot;Copyright 2009&quot;,&quot;focal_length&quot;:&quot;4.7&quot;,&quot;iso&quot;:&quot;800&quot;,&quot;shutter_speed&quot;:&quot;0.008&quot;,&quot;title&quot;:&quot;&quot;,&quot;orientation&quot;:&quot;1&quot;}\" data-image-title=\"DSC00797\" data-image-description=\"\" data-image-caption=\"\" data-large-file=\"https:\/\/cloud.alqueria.es\/wp-content\/uploads\/sites\/6\/2018\/11\/DSC00797.jpg\" class=\"aligncenter size-full wp-image-18402\" src=\"https:\/\/cloud.alqueria.es\/wp-content\/uploads\/sites\/6\/2018\/11\/DSC00797.jpg\" alt=\"\" width=\"640\" height=\"480\" srcset=\"https:\/\/cloud.alqueria.es\/wp-content\/uploads\/sites\/6\/2018\/11\/DSC00797.jpg 640w, https:\/\/cloud.alqueria.es\/wp-content\/uploads\/sites\/6\/2018\/11\/DSC00797.jpg 300w\" sizes=\"(max-width: 640px) 100vw, 640px\" \/><\/p>\n<p><img decoding=\"async\" data-attachment-id=\"18399\" data-permalink=\"https:\/\/www.alqueria.es\/blogs\/alqueriaprimerciclo\/2018\/11\/25\/razonamos-nuestras-ideas-en-2o\/dsc00800\/\" data-orig-file=\"https:\/\/cloud.alqueria.es\/wp-content\/uploads\/sites\/6\/2018\/11\/DSC00800.jpg\" data-orig-size=\"640,480\" data-comments-opened=\"1\" data-image-meta=\"{&quot;aperture&quot;:&quot;2.8&quot;,&quot;credit&quot;:&quot;&quot;,&quot;camera&quot;:&quot;DSC-W510&quot;,&quot;caption&quot;:&quot;&quot;,&quot;created_timestamp&quot;:&quot;1542924327&quot;,&quot;copyright&quot;:&quot;Copyright 2009&quot;,&quot;focal_length&quot;:&quot;4.7&quot;,&quot;iso&quot;:&quot;800&quot;,&quot;shutter_speed&quot;:&quot;0.01&quot;,&quot;title&quot;:&quot;&quot;,&quot;orientation&quot;:&quot;1&quot;}\" data-image-title=\"DSC00800\" data-image-description=\"\" data-image-caption=\"\" data-large-file=\"https:\/\/cloud.alqueria.es\/wp-content\/uploads\/sites\/6\/2018\/11\/DSC00800.jpg\" class=\"aligncenter size-full wp-image-18399\" src=\"https:\/\/cloud.alqueria.es\/wp-content\/uploads\/sites\/6\/2018\/11\/DSC00800.jpg\" alt=\"\" width=\"640\" height=\"480\" srcset=\"https:\/\/cloud.alqueria.es\/wp-content\/uploads\/sites\/6\/2018\/11\/DSC00800.jpg 640w, https:\/\/cloud.alqueria.es\/wp-content\/uploads\/sites\/6\/2018\/11\/DSC00800.jpg 300w\" sizes=\"(max-width: 640px) 100vw, 640px\" \/> <img decoding=\"async\" data-attachment-id=\"18400\" data-permalink=\"https:\/\/www.alqueria.es\/blogs\/alqueriaprimerciclo\/2018\/11\/25\/razonamos-nuestras-ideas-en-2o\/dsc00799-2\/\" data-orig-file=\"https:\/\/cloud.alqueria.es\/wp-content\/uploads\/sites\/6\/2018\/11\/DSC00799.jpg\" data-orig-size=\"640,480\" data-comments-opened=\"1\" data-image-meta=\"{&quot;aperture&quot;:&quot;2.8&quot;,&quot;credit&quot;:&quot;&quot;,&quot;camera&quot;:&quot;DSC-W510&quot;,&quot;caption&quot;:&quot;&quot;,&quot;created_timestamp&quot;:&quot;1542924320&quot;,&quot;copyright&quot;:&quot;Copyright 2009&quot;,&quot;focal_length&quot;:&quot;4.7&quot;,&quot;iso&quot;:&quot;1600&quot;,&quot;shutter_speed&quot;:&quot;0.016666666666667&quot;,&quot;title&quot;:&quot;&quot;,&quot;orientation&quot;:&quot;1&quot;}\" data-image-title=\"DSC00799\" data-image-description=\"\" data-image-caption=\"\" data-large-file=\"https:\/\/cloud.alqueria.es\/wp-content\/uploads\/sites\/6\/2018\/11\/DSC00799.jpg\" class=\"aligncenter size-full wp-image-18400\" src=\"https:\/\/cloud.alqueria.es\/wp-content\/uploads\/sites\/6\/2018\/11\/DSC00799.jpg\" alt=\"\" width=\"640\" height=\"480\" srcset=\"https:\/\/cloud.alqueria.es\/wp-content\/uploads\/sites\/6\/2018\/11\/DSC00799.jpg 640w, https:\/\/cloud.alqueria.es\/wp-content\/uploads\/sites\/6\/2018\/11\/DSC00799.jpg 300w\" sizes=\"(max-width: 640px) 100vw, 640px\" \/> <img decoding=\"async\" data-attachment-id=\"18401\" data-permalink=\"https:\/\/www.alqueria.es\/blogs\/alqueriaprimerciclo\/2018\/11\/25\/razonamos-nuestras-ideas-en-2o\/dsc00798-2\/\" data-orig-file=\"https:\/\/cloud.alqueria.es\/wp-content\/uploads\/sites\/6\/2018\/11\/DSC00798.jpg\" data-orig-size=\"640,480\" data-comments-opened=\"1\" data-image-meta=\"{&quot;aperture&quot;:&quot;2.8&quot;,&quot;credit&quot;:&quot;&quot;,&quot;camera&quot;:&quot;DSC-W510&quot;,&quot;caption&quot;:&quot;&quot;,&quot;created_timestamp&quot;:&quot;1542924314&quot;,&quot;copyright&quot;:&quot;Copyright 2009&quot;,&quot;focal_length&quot;:&quot;4.7&quot;,&quot;iso&quot;:&quot;800&quot;,&quot;shutter_speed&quot;:&quot;0.016666666666667&quot;,&quot;title&quot;:&quot;&quot;,&quot;orientation&quot;:&quot;1&quot;}\" data-image-title=\"DSC00798\" data-image-description=\"\" data-image-caption=\"\" data-large-file=\"https:\/\/cloud.alqueria.es\/wp-content\/uploads\/sites\/6\/2018\/11\/DSC00798.jpg\" class=\"aligncenter size-full wp-image-18401\" src=\"https:\/\/cloud.alqueria.es\/wp-content\/uploads\/sites\/6\/2018\/11\/DSC00798.jpg\" alt=\"\" width=\"640\" height=\"480\" srcset=\"https:\/\/cloud.alqueria.es\/wp-content\/uploads\/sites\/6\/2018\/11\/DSC00798.jpg 640w, https:\/\/cloud.alqueria.es\/wp-content\/uploads\/sites\/6\/2018\/11\/DSC00798.jpg 300w\" sizes=\"(max-width: 640px) 100vw, 640px\" \/> <img decoding=\"async\" data-attachment-id=\"18403\" data-permalink=\"https:\/\/www.alqueria.es\/blogs\/alqueriaprimerciclo\/2018\/11\/25\/razonamos-nuestras-ideas-en-2o\/dsc00795-2\/\" data-orig-file=\"https:\/\/cloud.alqueria.es\/wp-content\/uploads\/sites\/6\/2018\/11\/DSC00795.jpg\" data-orig-size=\"640,480\" data-comments-opened=\"1\" data-image-meta=\"{&quot;aperture&quot;:&quot;2.8&quot;,&quot;credit&quot;:&quot;&quot;,&quot;camera&quot;:&quot;DSC-W510&quot;,&quot;caption&quot;:&quot;&quot;,&quot;created_timestamp&quot;:&quot;1542924286&quot;,&quot;copyright&quot;:&quot;Copyright 2009&quot;,&quot;focal_length&quot;:&quot;4.7&quot;,&quot;iso&quot;:&quot;1600&quot;,&quot;shutter_speed&quot;:&quot;0.016666666666667&quot;,&quot;title&quot;:&quot;&quot;,&quot;orientation&quot;:&quot;1&quot;}\" data-image-title=\"DSC00795\" data-image-description=\"\" data-image-caption=\"\" data-large-file=\"https:\/\/cloud.alqueria.es\/wp-content\/uploads\/sites\/6\/2018\/11\/DSC00795.jpg\" class=\"aligncenter size-full wp-image-18403\" src=\"https:\/\/cloud.alqueria.es\/wp-content\/uploads\/sites\/6\/2018\/11\/DSC00795.jpg\" alt=\"\" width=\"640\" height=\"480\" srcset=\"https:\/\/cloud.alqueria.es\/wp-content\/uploads\/sites\/6\/2018\/11\/DSC00795.jpg 640w, https:\/\/cloud.alqueria.es\/wp-content\/uploads\/sites\/6\/2018\/11\/DSC00795.jpg 300w\" sizes=\"(max-width: 640px) 100vw, 640px\" \/><\/p>\n<p>&nbsp;<\/p>\n<h6><span style=\"color: #339966\">Investigaci\u00f3n y exposici\u00f3n en peque\u00f1o grupo<\/span><\/h6>\n<p>Nos paramos a razonar\u00a0 las ideas sobre el tema de investigaci\u00f3n que nos ocupa desde hace algunas semanas, los seres vivos.<\/p>\n<p>Valoramos la idoneidad de clasificar las investigaciones que se vienen realizando , hay diversas formas de verlo, seg\u00fan donde viven, animales acu\u00e1ticos , insectos, reptiles, anfibios, mam\u00edferos. Los \u00e1rboles las plantas con flores y frutos.<\/p>\n<p>Son distintos los puntos de vista para clasificarlos, as\u00ed que nos reunimos , seg\u00fan los intereses, para realizar un poster que refleje\u00a0 c\u00f3mo son.<\/p>\n<p>Trabajar en equipo no es tarea f\u00e1cil, hay que ponerse de acuerdo para realizar las acciones necesarias, repartir las funciones\u00a0 y llevarlas a cabo con responsabilidad para que el resultado del equipo sea satisfactorio.<\/p>\n<p>Para finalizar, en otra sesi\u00f3n, exponemos al resto de los equipos lo que hemos logrado , este es un momento que nos permite valorar el proceso y ver los objetivos que se han cubierto y los que no.<\/p>\n<p><img decoding=\"async\" data-attachment-id=\"18410\" data-permalink=\"https:\/\/www.alqueria.es\/blogs\/alqueriaprimerciclo\/2018\/11\/25\/razonamos-nuestras-ideas-en-2o\/dsc00807-2\/\" data-orig-file=\"https:\/\/cloud.alqueria.es\/wp-content\/uploads\/sites\/6\/2018\/11\/DSC00807.jpg\" data-orig-size=\"640,480\" data-comments-opened=\"1\" data-image-meta=\"{&quot;aperture&quot;:&quot;2.8&quot;,&quot;credit&quot;:&quot;&quot;,&quot;camera&quot;:&quot;DSC-W510&quot;,&quot;caption&quot;:&quot;&quot;,&quot;created_timestamp&quot;:&quot;1542939282&quot;,&quot;copyright&quot;:&quot;Copyright 2009&quot;,&quot;focal_length&quot;:&quot;4.7&quot;,&quot;iso&quot;:&quot;400&quot;,&quot;shutter_speed&quot;:&quot;0.008&quot;,&quot;title&quot;:&quot;&quot;,&quot;orientation&quot;:&quot;1&quot;}\" data-image-title=\"DSC00807\" data-image-description=\"\" data-image-caption=\"\" data-large-file=\"https:\/\/cloud.alqueria.es\/wp-content\/uploads\/sites\/6\/2018\/11\/DSC00807.jpg\" class=\"aligncenter size-full wp-image-18410\" src=\"https:\/\/cloud.alqueria.es\/wp-content\/uploads\/sites\/6\/2018\/11\/DSC00807.jpg\" alt=\"\" width=\"640\" height=\"480\" srcset=\"https:\/\/cloud.alqueria.es\/wp-content\/uploads\/sites\/6\/2018\/11\/DSC00807.jpg 640w, https:\/\/cloud.alqueria.es\/wp-content\/uploads\/sites\/6\/2018\/11\/DSC00807.jpg 300w\" sizes=\"(max-width: 640px) 100vw, 640px\" \/> <img decoding=\"async\" data-attachment-id=\"18411\" data-permalink=\"https:\/\/www.alqueria.es\/blogs\/alqueriaprimerciclo\/2018\/11\/25\/razonamos-nuestras-ideas-en-2o\/dsc00806-2\/\" data-orig-file=\"https:\/\/cloud.alqueria.es\/wp-content\/uploads\/sites\/6\/2018\/11\/DSC00806.jpg\" data-orig-size=\"640,480\" data-comments-opened=\"1\" data-image-meta=\"{&quot;aperture&quot;:&quot;2.8&quot;,&quot;credit&quot;:&quot;&quot;,&quot;camera&quot;:&quot;DSC-W510&quot;,&quot;caption&quot;:&quot;&quot;,&quot;created_timestamp&quot;:&quot;1542939269&quot;,&quot;copyright&quot;:&quot;Copyright 2009&quot;,&quot;focal_length&quot;:&quot;4.7&quot;,&quot;iso&quot;:&quot;400&quot;,&quot;shutter_speed&quot;:&quot;0.008&quot;,&quot;title&quot;:&quot;&quot;,&quot;orientation&quot;:&quot;1&quot;}\" data-image-title=\"DSC00806\" data-image-description=\"\" data-image-caption=\"\" data-large-file=\"https:\/\/cloud.alqueria.es\/wp-content\/uploads\/sites\/6\/2018\/11\/DSC00806.jpg\" class=\"aligncenter size-full wp-image-18411\" src=\"https:\/\/cloud.alqueria.es\/wp-content\/uploads\/sites\/6\/2018\/11\/DSC00806.jpg\" alt=\"\" width=\"640\" height=\"480\" srcset=\"https:\/\/cloud.alqueria.es\/wp-content\/uploads\/sites\/6\/2018\/11\/DSC00806.jpg 640w, https:\/\/cloud.alqueria.es\/wp-content\/uploads\/sites\/6\/2018\/11\/DSC00806.jpg 300w\" sizes=\"(max-width: 640px) 100vw, 640px\" \/> <img decoding=\"async\" data-attachment-id=\"18412\" data-permalink=\"https:\/\/www.alqueria.es\/blogs\/alqueriaprimerciclo\/2018\/11\/25\/razonamos-nuestras-ideas-en-2o\/dsc00805\/\" data-orig-file=\"https:\/\/cloud.alqueria.es\/wp-content\/uploads\/sites\/6\/2018\/11\/DSC00805.jpg\" data-orig-size=\"640,480\" data-comments-opened=\"1\" data-image-meta=\"{&quot;aperture&quot;:&quot;2.8&quot;,&quot;credit&quot;:&quot;&quot;,&quot;camera&quot;:&quot;DSC-W510&quot;,&quot;caption&quot;:&quot;&quot;,&quot;created_timestamp&quot;:&quot;1542939241&quot;,&quot;copyright&quot;:&quot;Copyright 2009&quot;,&quot;focal_length&quot;:&quot;4.7&quot;,&quot;iso&quot;:&quot;800&quot;,&quot;shutter_speed&quot;:&quot;0.004&quot;,&quot;title&quot;:&quot;&quot;,&quot;orientation&quot;:&quot;1&quot;}\" data-image-title=\"DSC00805\" data-image-description=\"\" data-image-caption=\"\" data-large-file=\"https:\/\/cloud.alqueria.es\/wp-content\/uploads\/sites\/6\/2018\/11\/DSC00805.jpg\" class=\"aligncenter size-full wp-image-18412\" src=\"https:\/\/cloud.alqueria.es\/wp-content\/uploads\/sites\/6\/2018\/11\/DSC00805.jpg\" alt=\"\" width=\"640\" height=\"480\" srcset=\"https:\/\/cloud.alqueria.es\/wp-content\/uploads\/sites\/6\/2018\/11\/DSC00805.jpg 640w, https:\/\/cloud.alqueria.es\/wp-content\/uploads\/sites\/6\/2018\/11\/DSC00805.jpg 300w\" sizes=\"(max-width: 640px) 100vw, 640px\" \/> <img decoding=\"async\" data-attachment-id=\"18413\" data-permalink=\"https:\/\/www.alqueria.es\/blogs\/alqueriaprimerciclo\/2018\/11\/25\/razonamos-nuestras-ideas-en-2o\/dsc00804\/\" data-orig-file=\"https:\/\/cloud.alqueria.es\/wp-content\/uploads\/sites\/6\/2018\/11\/DSC00804.jpg\" data-orig-size=\"640,480\" data-comments-opened=\"1\" data-image-meta=\"{&quot;aperture&quot;:&quot;2.8&quot;,&quot;credit&quot;:&quot;&quot;,&quot;camera&quot;:&quot;DSC-W510&quot;,&quot;caption&quot;:&quot;&quot;,&quot;created_timestamp&quot;:&quot;1542939217&quot;,&quot;copyright&quot;:&quot;Copyright 2009&quot;,&quot;focal_length&quot;:&quot;4.7&quot;,&quot;iso&quot;:&quot;800&quot;,&quot;shutter_speed&quot;:&quot;0.004&quot;,&quot;title&quot;:&quot;&quot;,&quot;orientation&quot;:&quot;1&quot;}\" data-image-title=\"DSC00804\" data-image-description=\"\" data-image-caption=\"\" data-large-file=\"https:\/\/cloud.alqueria.es\/wp-content\/uploads\/sites\/6\/2018\/11\/DSC00804.jpg\" class=\"aligncenter size-full wp-image-18413\" src=\"https:\/\/cloud.alqueria.es\/wp-content\/uploads\/sites\/6\/2018\/11\/DSC00804.jpg\" alt=\"\" width=\"640\" height=\"480\" srcset=\"https:\/\/cloud.alqueria.es\/wp-content\/uploads\/sites\/6\/2018\/11\/DSC00804.jpg 640w, https:\/\/cloud.alqueria.es\/wp-content\/uploads\/sites\/6\/2018\/11\/DSC00804.jpg 300w\" sizes=\"(max-width: 640px) 100vw, 640px\" \/><\/p>\n<h6><span style=\"color: #ff00ff\">MATEM\u00c1TICAS<\/span><\/h6>\n<p>Estamos trabajando los n\u00fameros con centenas, su descomposici\u00f3n<\/p>\n<p>137=100+30+7<\/p>\n<p>Lo practicamos en este juego d\u00f3nde podemos ver la cantidad con los bloques de base diez,\u00a0 escrito el nombre del n\u00famero y su descomposici\u00f3n.<img decoding=\"async\" data-attachment-id=\"18419\" data-permalink=\"https:\/\/www.alqueria.es\/blogs\/alqueriaprimerciclo\/2018\/11\/25\/razonamos-nuestras-ideas-en-2o\/menu-ppal-2\/\" data-orig-file=\"https:\/\/cloud.alqueria.es\/wp-content\/uploads\/sites\/6\/2018\/11\/menu-ppal.jpg\" data-orig-size=\"320,241\" data-comments-opened=\"1\" data-image-meta=\"{&quot;aperture&quot;:&quot;0&quot;,&quot;credit&quot;:&quot;&quot;,&quot;camera&quot;:&quot;&quot;,&quot;caption&quot;:&quot;&quot;,&quot;created_timestamp&quot;:&quot;0&quot;,&quot;copyright&quot;:&quot;&quot;,&quot;focal_length&quot;:&quot;0&quot;,&quot;iso&quot;:&quot;0&quot;,&quot;shutter_speed&quot;:&quot;0&quot;,&quot;title&quot;:&quot;&quot;,&quot;orientation&quot;:&quot;0&quot;}\" data-image-title=\"menu-ppal\" data-image-description=\"\" data-image-caption=\"\" data-large-file=\"https:\/\/cloud.alqueria.es\/wp-content\/uploads\/sites\/6\/2018\/11\/menu-ppal.jpg\" class=\"aligncenter size-full wp-image-18419\" src=\"https:\/\/cloud.alqueria.es\/wp-content\/uploads\/sites\/6\/2018\/11\/menu-ppal.jpg\" alt=\"\" width=\"320\" height=\"241\" srcset=\"https:\/\/cloud.alqueria.es\/wp-content\/uploads\/sites\/6\/2018\/11\/menu-ppal.jpg 320w, https:\/\/cloud.alqueria.es\/wp-content\/uploads\/sites\/6\/2018\/11\/menu-ppal-300x226.jpg 300w\" sizes=\"(max-width: 320px) 100vw, 320px\" \/><\/p>\n<p><a href=\"http:\/\/ntic.educacion.es\/w3\/\/eos\/MaterialesEducativos\/mem2008\/matematicas_primaria\/menuppal.html\">http:\/\/ntic.educacion.es\/w3\/\/eos\/MaterialesEducativos\/mem2008\/matematicas_primaria\/menuppal.html<\/a><\/p>\n<p>Recordamos las tres herramientas\u00a0 que nos ayudan a hacer las operaciones b\u00e1sicas.<\/p>\n<p>Las parejas de n\u00fameros que suman diez.<img decoding=\"async\" data-attachment-id=\"18420\" data-permalink=\"https:\/\/www.alqueria.es\/blogs\/alqueriaprimerciclo\/2018\/11\/25\/razonamos-nuestras-ideas-en-2o\/1d3a1023bae85e71673af1852c6552d9\/\" data-orig-file=\"https:\/\/cloud.alqueria.es\/wp-content\/uploads\/sites\/6\/2018\/11\/1d3a1023bae85e71673af1852c6552d9.jpg\" data-orig-size=\"453,640\" data-comments-opened=\"1\" data-image-meta=\"{&quot;aperture&quot;:&quot;0&quot;,&quot;credit&quot;:&quot;&quot;,&quot;camera&quot;:&quot;&quot;,&quot;caption&quot;:&quot;&quot;,&quot;created_timestamp&quot;:&quot;0&quot;,&quot;copyright&quot;:&quot;&quot;,&quot;focal_length&quot;:&quot;0&quot;,&quot;iso&quot;:&quot;0&quot;,&quot;shutter_speed&quot;:&quot;0&quot;,&quot;title&quot;:&quot;&quot;,&quot;orientation&quot;:&quot;0&quot;}\" data-image-title=\"1d3a1023bae85e71673af1852c6552d9\" data-image-description=\"\" data-image-caption=\"\" data-large-file=\"https:\/\/cloud.alqueria.es\/wp-content\/uploads\/sites\/6\/2018\/11\/1d3a1023bae85e71673af1852c6552d9.jpg\" class=\"aligncenter wp-image-18420 size-thumbnail\" src=\"https:\/\/cloud.alqueria.es\/wp-content\/uploads\/sites\/6\/2018\/11\/1d3a1023bae85e71673af1852c6552d9.jpg\" alt=\"\" width=\"150\" height=\"150\" \/><\/p>\n<p>Saber movernos en la tabla de cien ,de diez en diez arriba y abajo y de uno en uno\u00a0 hacia delante o atr\u00e1s.<\/p>\n<p>El dominio espacia que requiere algunas\u00a0 veces nos hace tener que comprobar el resultado.<img decoding=\"async\" data-attachment-id=\"18421\" data-permalink=\"https:\/\/www.alqueria.es\/blogs\/alqueriaprimerciclo\/2018\/11\/25\/razonamos-nuestras-ideas-en-2o\/captura-de-pantalla-2016-12-03-a-las-21-11-04\/\" data-orig-file=\"https:\/\/cloud.alqueria.es\/wp-content\/uploads\/sites\/6\/2018\/11\/Captura-de-pantalla-2016-12-03-a-las-21.11.04.png\" data-orig-size=\"772,753\" data-comments-opened=\"1\" data-image-meta=\"{&quot;aperture&quot;:&quot;0&quot;,&quot;credit&quot;:&quot;&quot;,&quot;camera&quot;:&quot;&quot;,&quot;caption&quot;:&quot;&quot;,&quot;created_timestamp&quot;:&quot;0&quot;,&quot;copyright&quot;:&quot;&quot;,&quot;focal_length&quot;:&quot;0&quot;,&quot;iso&quot;:&quot;0&quot;,&quot;shutter_speed&quot;:&quot;0&quot;,&quot;title&quot;:&quot;&quot;,&quot;orientation&quot;:&quot;0&quot;}\" data-image-title=\"Captura-de-pantalla-2016-12-03-a-las-21.11.04\" data-image-description=\"\" data-image-caption=\"\" data-large-file=\"https:\/\/cloud.alqueria.es\/wp-content\/uploads\/sites\/6\/2018\/11\/Captura-de-pantalla-2016-12-03-a-las-21.11.04.png\" class=\"aligncenter size-thumbnail wp-image-18421\" src=\"https:\/\/cloud.alqueria.es\/wp-content\/uploads\/sites\/6\/2018\/11\/Captura-de-pantalla-2016-12-03-a-las-21.11.04.png\" alt=\"\" width=\"150\" height=\"150\" \/><\/p>\n<p>Descomponer el n\u00famero en unidades y decenas .<\/p>\n<p>Las unidades pueden ser tantas como el n\u00famero que queremos descomponer. Por ejemplo el n\u00famero 48 puede estar formado por 4 decenas y 8 unidades, por 3 decenas y 18 unidades y, por supuesto, por 0 decenas y 48 unidades. Este mismo procedimiento que se puede aplicar para descomponer un n\u00famero de dos cifras , lo emplearemos para descomponer todos los n\u00fameros que nos encontremos.<\/p>\n<p><img decoding=\"async\" data-attachment-id=\"12449\" data-permalink=\"https:\/\/www.alqueria.es\/blogs\/alqueriaprimerciclo\/2017\/02\/17\/escribir-en-1o\/casita-descomposicion\/\" data-orig-file=\"https:\/\/cloud.alqueria.es\/wp-content\/uploads\/sites\/6\/2017\/02\/casita-descomposicion.png\" data-orig-size=\"414,602\" data-comments-opened=\"1\" data-image-meta=\"{&quot;aperture&quot;:&quot;0&quot;,&quot;credit&quot;:&quot;&quot;,&quot;camera&quot;:&quot;&quot;,&quot;caption&quot;:&quot;&quot;,&quot;created_timestamp&quot;:&quot;0&quot;,&quot;copyright&quot;:&quot;&quot;,&quot;focal_length&quot;:&quot;0&quot;,&quot;iso&quot;:&quot;0&quot;,&quot;shutter_speed&quot;:&quot;0&quot;,&quot;title&quot;:&quot;&quot;,&quot;orientation&quot;:&quot;0&quot;}\" data-image-title=\"casita descomposicion\" data-image-description=\"\" data-image-caption=\"\" data-large-file=\"https:\/\/cloud.alqueria.es\/wp-content\/uploads\/sites\/6\/2017\/02\/casita-descomposicion.png\" class=\"aligncenter size-thumbnail wp-image-12449\" src=\"https:\/\/cloud.alqueria.es\/wp-content\/uploads\/sites\/6\/2017\/02\/casita-descomposicion-150x150.png\" alt=\"\" width=\"150\" height=\"150\" \/><\/p>\n<p>&nbsp;<\/p>\n<h6><span style=\"color: #0000ff\">20 DE NOVIEMBRE : D\u00cdA INTERNACIONAL\u00a0 \u00a0DE LOS DERECHOS DEL NI\u00d1O<\/span><img decoding=\"async\" src=\"http:\/\/www.pequelandia.org\/derechos\/tudia\/nino_image1.jpg\" alt=\"Resultado de imagen de derechos del ni\u00c3\u00b1o de save of children\" \/><\/h6>\n<p>Bruno nos ha invitado a conocer nuestros derechos como ni\u00f1os y \u00f1inas, ya que se celebra el d\u00eda internacional ,20 de noviembre, esta semana . Aprovechamos la sesi\u00f3n de \u00e9tica de esta semana para reflexionar sobre ellos y la idoneidad de\u00a0 que se cumplan con\u00a0 todos los ni\u00f1os del mundo.<\/p>\n<h1 class=\"DocFull-title\">Convenci\u00f3n sobre los derechos del ni\u00f1o. Versi\u00f3n adaptada para ni\u00f1os y ni\u00f1as de 6 a 8 a\u00f1os<\/h1>\n<p><a href=\"https:\/\/www.alqueria.es\/blogs\/alqueriaprimerciclo\/?attachment_id=18404\"><img decoding=\"async\" data-attachment-id=\"18404\" data-permalink=\"https:\/\/www.alqueria.es\/blogs\/alqueriaprimerciclo\/2018\/11\/25\/razonamos-nuestras-ideas-en-2o\/captura-121\/\" data-orig-file=\"https:\/\/cloud.alqueria.es\/wp-content\/uploads\/sites\/6\/2018\/11\/Captura.jpg\" data-orig-size=\"576,526\" data-comments-opened=\"1\" data-image-meta=\"{&quot;aperture&quot;:&quot;0&quot;,&quot;credit&quot;:&quot;zagal_003&quot;,&quot;camera&quot;:&quot;&quot;,&quot;caption&quot;:&quot;&quot;,&quot;created_timestamp&quot;:&quot;1542979398&quot;,&quot;copyright&quot;:&quot;&quot;,&quot;focal_length&quot;:&quot;0&quot;,&quot;iso&quot;:&quot;0&quot;,&quot;shutter_speed&quot;:&quot;0&quot;,&quot;title&quot;:&quot;&quot;,&quot;orientation&quot;:&quot;0&quot;}\" data-image-title=\"Captura\" data-image-description=\"\" data-image-caption=\"\" data-large-file=\"https:\/\/cloud.alqueria.es\/wp-content\/uploads\/sites\/6\/2018\/11\/Captura.jpg\" class=\"aligncenter wp-image-18404 size-thumbnail\" src=\"https:\/\/cloud.alqueria.es\/wp-content\/uploads\/sites\/6\/2018\/11\/Captura.jpg\" alt=\"\" width=\"150\" height=\"150\" \/><\/a><\/p>\n<p><a href=\"https:\/\/resourcecentre.savethechildren.net\/node\/3634\/pdf\/3634.pdf\">https:\/\/resourcecentre.savethechildren.net\/node\/3634\/pdf\/3634.pdf<\/a><\/p>\n<p><a href=\"https:\/\/resourcecentre.savethechildren.net\/node\/3634\/pdf\/3634.pdf\"><img decoding=\"async\" data-attachment-id=\"18405\" data-permalink=\"https:\/\/www.alqueria.es\/blogs\/alqueriaprimerciclo\/2018\/11\/25\/razonamos-nuestras-ideas-en-2o\/unnamed-file-3\/\" data-orig-file=\"https:\/\/cloud.alqueria.es\/wp-content\/uploads\/sites\/6\/2018\/11\/unnamed-file.jpg\" data-orig-size=\"556,555\" data-comments-opened=\"1\" data-image-meta=\"{&quot;aperture&quot;:&quot;0&quot;,&quot;credit&quot;:&quot;zagal_003&quot;,&quot;camera&quot;:&quot;&quot;,&quot;caption&quot;:&quot;&quot;,&quot;created_timestamp&quot;:&quot;1542979532&quot;,&quot;copyright&quot;:&quot;&quot;,&quot;focal_length&quot;:&quot;0&quot;,&quot;iso&quot;:&quot;0&quot;,&quot;shutter_speed&quot;:&quot;0&quot;,&quot;title&quot;:&quot;&quot;,&quot;orientation&quot;:&quot;0&quot;}\" data-image-title=\"unnamed-file\" data-image-description=\"\" data-image-caption=\"\" data-large-file=\"https:\/\/cloud.alqueria.es\/wp-content\/uploads\/sites\/6\/2018\/11\/unnamed-file.jpg\" class=\"aligncenter wp-image-18405 size-medium\" src=\"https:\/\/cloud.alqueria.es\/wp-content\/uploads\/sites\/6\/2018\/11\/unnamed-file.jpg\" alt=\"\" width=\"300\" height=\"300\" srcset=\"https:\/\/cloud.alqueria.es\/wp-content\/uploads\/sites\/6\/2018\/11\/unnamed-file.jpg 556w, https:\/\/cloud.alqueria.es\/wp-content\/uploads\/sites\/6\/2018\/11\/unnamed-file.jpg 150w, https:\/\/cloud.alqueria.es\/wp-content\/uploads\/sites\/6\/2018\/11\/unnamed-file.jpg 300w\" sizes=\"(max-width: 300px) 100vw, 300px\" \/><\/a><\/p>\n<p>Un saludo<\/p>\n<p>Dar\u00eda<\/p>\n","protected":false},"excerpt":{"rendered":"<p>El color y la abstracci\u00f3n. La pr\u00f3xima semana, el martes 27, visitamos el centro Jos\u00e9 Guerrero, Conocer la obra gr\u00e1fica de Jos\u00e9 Guerrero es uno de los objetivos de la visita. Poder experimentar el placer visual y dejarnos sorprender por la expresi\u00f3n del color. Conocer la abstracci\u00f3n pict\u00f3rica\u00a0 que fue alcanzada por\u00a0el artista. Jos\u00e9 Guerrero &hellip; <a href=\"https:\/\/www.alqueria.es\/blogs\/alqueriaprimerciclo\/2018\/11\/25\/razonamos-nuestras-ideas-en-2o\/\" class=\"more-link\">Seguir leyendo <span class=\"screen-reader-text\">Razonamos  nuestras ideas en 2\u00ba<\/span> <span class=\"meta-nav\">&rarr;<\/span><\/a><\/p>\n","protected":false},"author":12,"featured_media":0,"comment_status":"open","ping_status":"open","sticky":false,"template":"","format":"standard","meta":{"jetpack_post_was_ever_published":false,"_jetpack_newsletter_access":"","_jetpack_dont_email_post_to_subs":false,"_jetpack_newsletter_tier_id":0,"_jetpack_memberships_contains_paywalled_content":false,"_jetpack_memberships_contains_paid_content":false,"footnotes":"","jetpack_publicize_message":"","jetpack_publicize_feature_enabled":true,"jetpack_social_post_already_shared":true,"jetpack_social_options":{"image_generator_settings":{"template":"highway","default_image_id":0,"font":"","enabled":false},"version":2}},"categories":[3,7,9,20],"tags":[32,37,60],"class_list":["post-18381","post","type-post","status-publish","format-standard","hentry","category-2o-epo","category-conocimiento-del-medio-2o","category-diario-de-clase-2o","category-salidas-2o","tag-alqueria","tag-conferencias","tag-primaria"],"jetpack_publicize_connections":[],"jetpack_featured_media_url":"","jetpack_sharing_enabled":true,"jetpack_shortlink":"https:\/\/wp.me\/p4lvS0-4Mt","_links":{"self":[{"href":"https:\/\/www.alqueria.es\/blogs\/alqueriaprimerciclo\/wp-json\/wp\/v2\/posts\/18381","targetHints":{"allow":["GET"]}}],"collection":[{"href":"https:\/\/www.alqueria.es\/blogs\/alqueriaprimerciclo\/wp-json\/wp\/v2\/posts"}],"about":[{"href":"https:\/\/www.alqueria.es\/blogs\/alqueriaprimerciclo\/wp-json\/wp\/v2\/types\/post"}],"author":[{"embeddable":true,"href":"https:\/\/www.alqueria.es\/blogs\/alqueriaprimerciclo\/wp-json\/wp\/v2\/users\/12"}],"replies":[{"embeddable":true,"href":"https:\/\/www.alqueria.es\/blogs\/alqueriaprimerciclo\/wp-json\/wp\/v2\/comments?post=18381"}],"version-history":[{"count":0,"href":"https:\/\/www.alqueria.es\/blogs\/alqueriaprimerciclo\/wp-json\/wp\/v2\/posts\/18381\/revisions"}],"wp:attachment":[{"href":"https:\/\/www.alqueria.es\/blogs\/alqueriaprimerciclo\/wp-json\/wp\/v2\/media?parent=18381"}],"wp:term":[{"taxonomy":"category","embeddable":true,"href":"https:\/\/www.alqueria.es\/blogs\/alqueriaprimerciclo\/wp-json\/wp\/v2\/categories?post=18381"},{"taxonomy":"post_tag","embeddable":true,"href":"https:\/\/www.alqueria.es\/blogs\/alqueriaprimerciclo\/wp-json\/wp\/v2\/tags?post=18381"}],"curies":[{"name":"wp","href":"https:\/\/api.w.org\/{rel}","templated":true}]}}