{"id":18416,"date":"2018-11-30T14:14:10","date_gmt":"2018-11-30T13:14:10","guid":{"rendered":"https:\/\/www.alqueria.es\/blogs\/alqueriaprimerciclo\/?p=18416"},"modified":"2018-11-30T14:14:10","modified_gmt":"2018-11-30T13:14:10","slug":"el-proceso-de-evaluacion","status":"publish","type":"post","link":"https:\/\/www.alqueria.es\/blogs\/alqueriaprimerciclo\/2018\/11\/30\/el-proceso-de-evaluacion\/","title":{"rendered":"El proceso de evaluaci\u00f3n"},"content":{"rendered":"<h5>El proceso de evaluaci\u00f3n<\/h5>\n<p>Desde que iniciamos el curso, este blog ha querido difundir las vivencias del grupo. Es el\u00a0\u00a0relato de las actividades cotidianas que\u00a0 realiza durante la semana. Unas surgen de la curiosidad\u00a0 e intereses de sus miembros y otras las planea la maestra, a partir de lo que sabe que les va a llamar la atenci\u00f3n y, sin apenas insistir, va a conseguir entusiasmarles y comprometerles .<\/p>\n<p>\u00bfQu\u00e9 papel juegan estos temas , a los que en los centros educativos llamamos contenidos?<\/p>\n<p><img decoding=\"async\" src=\"https:\/\/www.editorial-bruno.es\/imagenes\/mcomplementario\/mcompl15_1.png\" alt=\"Resultado de imagen de contenidos de 1\u00c2\u00ba primaria\" \/><\/p>\n<p>La mayor\u00eda de las personas, que hemos ido al colegio, pensamos que\u00a0 es lo que hay que aprender en esta etapa de la vida .<\/p>\n<p>Y que por lo tanto, inmediatamente, los organizamos en\u00a0 una clasificaci\u00f3n , ordenados por importancia , respecto a la utilidad que en un futuro van a tener. <img decoding=\"async\" class=\"alignleft\" src=\"https:\/\/i.ytimg.com\/vi\/eZn8GvgDlRw\/hqdefault.jpg\" alt=\"Imagen relacionada\" width=\"284\" height=\"213\" \/>En primer lugar, que les prepare para los pr\u00f3ximos contenidos venideros dentro de la propia etapa de primaria, despu\u00e9s\u00a0 para los de secundaria, despu\u00e9s&#8230;<\/p>\n<p>Y al tratarlos as\u00ed\u00a0 entramos en una espiral, que m\u00e1s se parece a la construcci\u00f3n de una enciclopedia, que al\u00a0 desarrollo de\u00a0 las capacidades y competencias de una persona.<\/p>\n<p>Aparecen en un segundo plano : la curiosidad, la experimentaci\u00f3n, la emoci\u00f3n del descubrimiento,\u00a0 la vivencia del error,\u00a0 la capacidad de afrontarlo,\u00a0 la adquisici\u00f3n de las herramientas personales\u00a0 para superarlo, el aprendizaje de entender\u00a0 su importancia, el esfuerzo personal, la paciencia,\u00a0 la satisfacci\u00f3n de aprender de los dem\u00e1s,\u00a0 la reafirmaci\u00f3n que supone ense\u00f1ar a los dem\u00e1s,\u00a0 la acumulaci\u00f3n de experiencias personales , que nos devuelven una imagen positiva , que nos ayudan a descubrir una parte de nuestra identidad y a sentir la autoestima suficiente, como para avanzar en la construcci\u00f3n de la\u00a0 personalidad.<\/p>\n<p>Para nosotros son las partes fundamentales del aprendizaje.<\/p>\n<p>Y por tanto, los contenidos son un medio y no un fin.<\/p>\n<p>Evaluar la consecuci\u00f3n de los contenidos, es quedarse en una parte muy superficial de la evaluaci\u00f3n.<\/p>\n<p><img decoding=\"async\" class=\"alignleft\" src=\"https:\/\/gesvin.files.wordpress.com\/2015\/04\/rc3babricaevaluarproyectosincluyeblog-presentacic3b3n-bloggesvin.jpg\" alt=\"Resultado de imagen de Evaluar\" width=\"201\" height=\"204\" \/>Sin embargo, para\u00a0 \u00a0la familia y la maestra, valorar c\u00f3mo cada uno ha sido capaz de proponer los temas , los vive, los organiza, los utiliza, los comprende o los rechaza es c\u00f3mo se puede entender el proceso personal de cada ni\u00f1o y cada ni\u00f1a.<\/p>\n<p><strong>Vamos a encontrar\u00a0 trayectorias diferentes, pues no se aprende las mismas cosas, en los mismos tiempos y, lo m\u00e1s complejo, ni de la misma manera. Por lo tanto, evaluar un proceso es algo muy personal y no se puede comparar trayectorias, ni resultados entre los alumnos de un mismo grupo.<\/strong><\/p>\n<p>Ahora es el momento de mirar hacia atr\u00e1s, y ver el camino recorrido desde que empez\u00f3 el curso y analizar la situaci\u00f3n en conjunto, incluiremos en la evaluaci\u00f3n:<\/p>\n<ul>\n<li>La adaptaci\u00f3n y las competencias, que est\u00e1n adquiriendo,\u00a0 nuestros protagonistas.<\/li>\n<li>M\u00e1s el propio proceso de\u00a0 adaptaci\u00f3n del equipo y las familias.<\/li>\n<li>\u00a0Y las sinergias que ha promovido toda<em>\u00a0\u00abla tribu\u00bb.<\/em><\/li>\n<\/ul>\n<p><img decoding=\"async\" class=\"alignleft\" src=\"https:\/\/encrypted-tbn0.gstatic.com\/images?q=tbn:ANd9GcRrfX98k095v_zS0L1Ytpe-Op6A0wn6w-nJ9vTKrCFn3-ceRJpR\" alt=\"Imagen relacionada\" \/>Ser\u00e1 entonces cuando podremos dise\u00f1ar las siguientes l\u00edneas de actuaci\u00f3n, prever mejoras en la forma en que hemos venido trabajando y\u00a0 comunicarnos los puntos donde podemos mostrar las pr\u00f3ximas colaboraciones.<\/p>\n<p>Por \u00faltimo, estaremos atentos para\u00a0 percibir\u00a0 los\u00a0 contenidos y actividades motivadoras para seguir entusiasm\u00e1ndoles.<\/p>\n<h5>Visita a PULEVA<\/h5>\n<p>Hemos tenido la oportunidad de visitar a nuestros vecinos.<\/p>\n<p>Muchos de nosotros pasamos habitualmente por delante de esta f\u00e1brica y adem\u00e1s consumimos sus productos.<\/p>\n<p>Al llegar nos han recibido Max y Raquel, anfitriones de la visita, que nos han acompa\u00f1ado por las dependencias y\u00a0 dado una charla sobre la leche y el proceso que sigue dentro de la f\u00e1brica.<\/p>\n<p class=\"jetpack-slideshow-noscript robots-nocontent\">El pase de diapositivas requiere JavaScript.<\/p><div id=\"gallery-18416-1-slideshow\" class=\"jetpack-slideshow-window jetpack-slideshow jetpack-slideshow-black\" data-trans=\"fade\" data-autostart=\"1\" data-gallery=\"[{&quot;src&quot;:&quot;https:\\\/\\\/cloud.alqueria.es\\\/wp-content\\\/uploads\\\/sites\\\/6\\\/2018\\\/11\\\/DSC00809.jpg&quot;,&quot;id&quot;:&quot;18430&quot;,&quot;title&quot;:&quot;DSC00809&quot;,&quot;alt&quot;:&quot;&quot;,&quot;caption&quot;:&quot;&quot;,&quot;itemprop&quot;:&quot;image&quot;},{&quot;src&quot;:&quot;https:\\\/\\\/cloud.alqueria.es\\\/wp-content\\\/uploads\\\/sites\\\/6\\\/2018\\\/11\\\/DSC00811.jpg&quot;,&quot;id&quot;:&quot;18431&quot;,&quot;title&quot;:&quot;DSC00811&quot;,&quot;alt&quot;:&quot;&quot;,&quot;caption&quot;:&quot;&quot;,&quot;itemprop&quot;:&quot;image&quot;},{&quot;src&quot;:&quot;https:\\\/\\\/cloud.alqueria.es\\\/wp-content\\\/uploads\\\/sites\\\/6\\\/2018\\\/11\\\/DSC00812.jpg&quot;,&quot;id&quot;:&quot;18432&quot;,&quot;title&quot;:&quot;DSC00812&quot;,&quot;alt&quot;:&quot;&quot;,&quot;caption&quot;:&quot;&quot;,&quot;itemprop&quot;:&quot;image&quot;},{&quot;src&quot;:&quot;https:\\\/\\\/cloud.alqueria.es\\\/wp-content\\\/uploads\\\/sites\\\/6\\\/2018\\\/11\\\/DSC00814.jpg&quot;,&quot;id&quot;:&quot;18433&quot;,&quot;title&quot;:&quot;DSC00814&quot;,&quot;alt&quot;:&quot;&quot;,&quot;caption&quot;:&quot;&quot;,&quot;itemprop&quot;:&quot;image&quot;},{&quot;src&quot;:&quot;https:\\\/\\\/cloud.alqueria.es\\\/wp-content\\\/uploads\\\/sites\\\/6\\\/2018\\\/11\\\/DSC00815.jpg&quot;,&quot;id&quot;:&quot;18434&quot;,&quot;title&quot;:&quot;DSC00815&quot;,&quot;alt&quot;:&quot;&quot;,&quot;caption&quot;:&quot;&quot;,&quot;itemprop&quot;:&quot;image&quot;},{&quot;src&quot;:&quot;https:\\\/\\\/cloud.alqueria.es\\\/wp-content\\\/uploads\\\/sites\\\/6\\\/2018\\\/11\\\/DSC00816.jpg&quot;,&quot;id&quot;:&quot;18435&quot;,&quot;title&quot;:&quot;DSC00816&quot;,&quot;alt&quot;:&quot;&quot;,&quot;caption&quot;:&quot;&quot;,&quot;itemprop&quot;:&quot;image&quot;},{&quot;src&quot;:&quot;https:\\\/\\\/cloud.alqueria.es\\\/wp-content\\\/uploads\\\/sites\\\/6\\\/2018\\\/11\\\/DSC00817.jpg&quot;,&quot;id&quot;:&quot;18436&quot;,&quot;title&quot;:&quot;DSC00817&quot;,&quot;alt&quot;:&quot;&quot;,&quot;caption&quot;:&quot;&quot;,&quot;itemprop&quot;:&quot;image&quot;},{&quot;src&quot;:&quot;https:\\\/\\\/cloud.alqueria.es\\\/wp-content\\\/uploads\\\/sites\\\/6\\\/2018\\\/11\\\/DSC00818.jpg&quot;,&quot;id&quot;:&quot;18437&quot;,&quot;title&quot;:&quot;DSC00818&quot;,&quot;alt&quot;:&quot;&quot;,&quot;caption&quot;:&quot;&quot;,&quot;itemprop&quot;:&quot;image&quot;},{&quot;src&quot;:&quot;https:\\\/\\\/cloud.alqueria.es\\\/wp-content\\\/uploads\\\/sites\\\/6\\\/2018\\\/11\\\/DSC00819.jpg&quot;,&quot;id&quot;:&quot;18438&quot;,&quot;title&quot;:&quot;DSC00819&quot;,&quot;alt&quot;:&quot;&quot;,&quot;caption&quot;:&quot;&quot;,&quot;itemprop&quot;:&quot;image&quot;},{&quot;src&quot;:&quot;https:\\\/\\\/cloud.alqueria.es\\\/wp-content\\\/uploads\\\/sites\\\/6\\\/2018\\\/11\\\/DSC00820.jpg&quot;,&quot;id&quot;:&quot;18439&quot;,&quot;title&quot;:&quot;DSC00820&quot;,&quot;alt&quot;:&quot;&quot;,&quot;caption&quot;:&quot;&quot;,&quot;itemprop&quot;:&quot;image&quot;},{&quot;src&quot;:&quot;https:\\\/\\\/cloud.alqueria.es\\\/wp-content\\\/uploads\\\/sites\\\/6\\\/2018\\\/11\\\/DSC00821.jpg&quot;,&quot;id&quot;:&quot;18440&quot;,&quot;title&quot;:&quot;DSC00821&quot;,&quot;alt&quot;:&quot;&quot;,&quot;caption&quot;:&quot;&quot;,&quot;itemprop&quot;:&quot;image&quot;},{&quot;src&quot;:&quot;https:\\\/\\\/cloud.alqueria.es\\\/wp-content\\\/uploads\\\/sites\\\/6\\\/2018\\\/11\\\/DSC00823.jpg&quot;,&quot;id&quot;:&quot;18441&quot;,&quot;title&quot;:&quot;DSC00823&quot;,&quot;alt&quot;:&quot;&quot;,&quot;caption&quot;:&quot;&quot;,&quot;itemprop&quot;:&quot;image&quot;},{&quot;src&quot;:&quot;https:\\\/\\\/cloud.alqueria.es\\\/wp-content\\\/uploads\\\/sites\\\/6\\\/2018\\\/11\\\/DSC00824.jpg&quot;,&quot;id&quot;:&quot;18442&quot;,&quot;title&quot;:&quot;DSC00824&quot;,&quot;alt&quot;:&quot;&quot;,&quot;caption&quot;:&quot;&quot;,&quot;itemprop&quot;:&quot;image&quot;},{&quot;src&quot;:&quot;https:\\\/\\\/cloud.alqueria.es\\\/wp-content\\\/uploads\\\/sites\\\/6\\\/2018\\\/11\\\/DSC00826.jpg&quot;,&quot;id&quot;:&quot;18443&quot;,&quot;title&quot;:&quot;DSC00826&quot;,&quot;alt&quot;:&quot;&quot;,&quot;caption&quot;:&quot;&quot;,&quot;itemprop&quot;:&quot;image&quot;},{&quot;src&quot;:&quot;https:\\\/\\\/cloud.alqueria.es\\\/wp-content\\\/uploads\\\/sites\\\/6\\\/2018\\\/11\\\/DSC00827.jpg&quot;,&quot;id&quot;:&quot;18444&quot;,&quot;title&quot;:&quot;DSC00827&quot;,&quot;alt&quot;:&quot;&quot;,&quot;caption&quot;:&quot;&quot;,&quot;itemprop&quot;:&quot;image&quot;}]\" itemscope itemtype=\"https:\/\/schema.org\/ImageGallery\"><\/div>\n<p>Como nos hab\u00edamos preparado d\u00edas antes sobre lo qu\u00e9 \u00edbamos a ver, nos ha resultado muy clara todo la informaci\u00f3n.<\/p>\n<p>Hemos visitado la cadena de envasado de los batidos y el laboratorio. Hemos visto los camiones cisterna.<\/p>\n<p>En un v\u00eddeo se nos explicaba como\u00a0 en una nave , mediante robots, ordenan toda la producci\u00f3n.<\/p>\n<p>Y al marcharnos nos han obsequiado con batidos y una mochila.<\/p>\n<p>Muchas gracias, PULEVA.<\/p>\n<h5>Pez espada y tibur\u00f3n<\/h5>\n<p class=\"jetpack-slideshow-noscript robots-nocontent\">El pase de diapositivas requiere JavaScript.<\/p><div id=\"gallery-18416-2-slideshow\" class=\"jetpack-slideshow-window jetpack-slideshow jetpack-slideshow-black\" data-trans=\"fade\" data-autostart=\"1\" data-gallery=\"[{&quot;src&quot;:&quot;https:\\\/\\\/cloud.alqueria.es\\\/wp-content\\\/uploads\\\/sites\\\/6\\\/2018\\\/11\\\/DSC00833.jpg&quot;,&quot;id&quot;:&quot;18471&quot;,&quot;title&quot;:&quot;DSC00833&quot;,&quot;alt&quot;:&quot;&quot;,&quot;caption&quot;:&quot;&quot;,&quot;itemprop&quot;:&quot;image&quot;},{&quot;src&quot;:&quot;https:\\\/\\\/cloud.alqueria.es\\\/wp-content\\\/uploads\\\/sites\\\/6\\\/2018\\\/11\\\/DSC00832.jpg&quot;,&quot;id&quot;:&quot;18470&quot;,&quot;title&quot;:&quot;DSC00832&quot;,&quot;alt&quot;:&quot;&quot;,&quot;caption&quot;:&quot;&quot;,&quot;itemprop&quot;:&quot;image&quot;},{&quot;src&quot;:&quot;https:\\\/\\\/cloud.alqueria.es\\\/wp-content\\\/uploads\\\/sites\\\/6\\\/2018\\\/11\\\/DSC00829.jpg&quot;,&quot;id&quot;:&quot;18468&quot;,&quot;title&quot;:&quot;DSC00829&quot;,&quot;alt&quot;:&quot;&quot;,&quot;caption&quot;:&quot;&quot;,&quot;itemprop&quot;:&quot;image&quot;}]\" itemscope itemtype=\"https:\/\/schema.org\/ImageGallery\"><\/div>\n<p>Nos visita Isa, para ense\u00f1arnos una cabeza de pez espada y otra de tibur\u00f3n.<\/p>\n<p>Nuestro pescatero las ha tra\u00eddo\u00a0 para estudiarlas en 5\u00ba, pero nosotros no queremos perder la oportunidad de verlas de cerca.<\/p>\n<h5>Juego dram\u00e1tico<\/h5>\n<p>En art\u00edstica esta vez los materiales son nuestro propio cuerpo.<\/p>\n<p>Jugamos a reconocerlo, al hacer figuras geom\u00e9tricas con el\u00a0 y a darle expresi\u00f3n imitando a nuestro animal favorito.<\/p>\n<p>( m\u00e1s informaci\u00f3n, en breve ,en el blog de art\u00edstica).<\/p>\n<p class=\"jetpack-slideshow-noscript robots-nocontent\">El pase de diapositivas requiere JavaScript.<\/p><div id=\"gallery-18416-3-slideshow\" class=\"jetpack-slideshow-window jetpack-slideshow jetpack-slideshow-black\" data-trans=\"fade\" data-autostart=\"1\" data-gallery=\"[{&quot;src&quot;:&quot;https:\\\/\\\/cloud.alqueria.es\\\/wp-content\\\/uploads\\\/sites\\\/6\\\/2018\\\/11\\\/DSC00836.jpg&quot;,&quot;id&quot;:&quot;18472&quot;,&quot;title&quot;:&quot;DSC00836&quot;,&quot;alt&quot;:&quot;&quot;,&quot;caption&quot;:&quot;&quot;,&quot;itemprop&quot;:&quot;image&quot;},{&quot;src&quot;:&quot;https:\\\/\\\/cloud.alqueria.es\\\/wp-content\\\/uploads\\\/sites\\\/6\\\/2018\\\/11\\\/DSC00837.jpg&quot;,&quot;id&quot;:&quot;18473&quot;,&quot;title&quot;:&quot;DSC00837&quot;,&quot;alt&quot;:&quot;&quot;,&quot;caption&quot;:&quot;&quot;,&quot;itemprop&quot;:&quot;image&quot;},{&quot;src&quot;:&quot;https:\\\/\\\/cloud.alqueria.es\\\/wp-content\\\/uploads\\\/sites\\\/6\\\/2018\\\/11\\\/DSC00838.jpg&quot;,&quot;id&quot;:&quot;18474&quot;,&quot;title&quot;:&quot;DSC00838&quot;,&quot;alt&quot;:&quot;&quot;,&quot;caption&quot;:&quot;&quot;,&quot;itemprop&quot;:&quot;image&quot;},{&quot;src&quot;:&quot;https:\\\/\\\/cloud.alqueria.es\\\/wp-content\\\/uploads\\\/sites\\\/6\\\/2018\\\/11\\\/DSC00839.jpg&quot;,&quot;id&quot;:&quot;18475&quot;,&quot;title&quot;:&quot;DSC00839&quot;,&quot;alt&quot;:&quot;&quot;,&quot;caption&quot;:&quot;&quot;,&quot;itemprop&quot;:&quot;image&quot;},{&quot;src&quot;:&quot;https:\\\/\\\/cloud.alqueria.es\\\/wp-content\\\/uploads\\\/sites\\\/6\\\/2018\\\/11\\\/DSC00840.jpg&quot;,&quot;id&quot;:&quot;18476&quot;,&quot;title&quot;:&quot;DSC00840&quot;,&quot;alt&quot;:&quot;&quot;,&quot;caption&quot;:&quot;&quot;,&quot;itemprop&quot;:&quot;image&quot;},{&quot;src&quot;:&quot;https:\\\/\\\/cloud.alqueria.es\\\/wp-content\\\/uploads\\\/sites\\\/6\\\/2018\\\/11\\\/DSC00841.jpg&quot;,&quot;id&quot;:&quot;18477&quot;,&quot;title&quot;:&quot;DSC00841&quot;,&quot;alt&quot;:&quot;&quot;,&quot;caption&quot;:&quot;&quot;,&quot;itemprop&quot;:&quot;image&quot;}]\" itemscope itemtype=\"https:\/\/schema.org\/ImageGallery\"><\/div>\n<h5>Conferencia: Los conejos<\/h5>\n<p><img decoding=\"async\" data-attachment-id=\"18481\" data-permalink=\"https:\/\/www.alqueria.es\/blogs\/alqueriaprimerciclo\/2018\/11\/30\/el-proceso-de-evaluacion\/dsc00842-2\/\" data-orig-file=\"https:\/\/cloud.alqueria.es\/wp-content\/uploads\/sites\/6\/2018\/11\/DSC00842.jpg\" data-orig-size=\"640,480\" data-comments-opened=\"1\" data-image-meta=\"{&quot;aperture&quot;:&quot;2.8&quot;,&quot;credit&quot;:&quot;&quot;,&quot;camera&quot;:&quot;DSC-W510&quot;,&quot;caption&quot;:&quot;&quot;,&quot;created_timestamp&quot;:&quot;1543527761&quot;,&quot;copyright&quot;:&quot;Copyright 2009&quot;,&quot;focal_length&quot;:&quot;4.7&quot;,&quot;iso&quot;:&quot;3200&quot;,&quot;shutter_speed&quot;:&quot;0.02&quot;,&quot;title&quot;:&quot;&quot;,&quot;orientation&quot;:&quot;1&quot;}\" data-image-title=\"DSC00842\" data-image-description=\"\" data-image-caption=\"\" data-large-file=\"https:\/\/cloud.alqueria.es\/wp-content\/uploads\/sites\/6\/2018\/11\/DSC00842.jpg\" class=\"aligncenter size-full wp-image-18481\" src=\"https:\/\/cloud.alqueria.es\/wp-content\/uploads\/sites\/6\/2018\/11\/DSC00842.jpg\" alt=\"\" width=\"640\" height=\"480\" srcset=\"https:\/\/cloud.alqueria.es\/wp-content\/uploads\/sites\/6\/2018\/11\/DSC00842.jpg 640w, https:\/\/cloud.alqueria.es\/wp-content\/uploads\/sites\/6\/2018\/11\/DSC00842.jpg 300w\" sizes=\"(max-width: 640px) 100vw, 640px\" \/><\/p>\n<p>Hoy Julia P. nos ha ofrecido una estupenda conferencia sobre los conejos. Ella , cuando viv\u00eda en otra ciudad, frecuentaba un parque en el que hab\u00eda muchas madrigueras de conejo. Y desde entonces le ha interesado este animal.<br \/>\nNos explica c\u00f3mo nacen mam\u00edferos, maman, tienen pelo y nacen de la barriga, y su madre se arranca el pelo para hacerles su primera cuna, la forma de sus patas para correr, las orejas para prevenir peligros, comen zanahorias y ra\u00edces, son roedores, c\u00f3mo son las madrigueras, c\u00f3mo viven y c\u00f3mo mueren. Nos comenta que el libro que ha utilizado, \u00bb Conejos y conejares\u00bb, era de su bisabuelo.<\/p>\n<p>Hemos disfrutado mucho.<\/p>\n<p>Buen fin de semana a todos.<\/p>\n<p>Rosi<\/p>\n","protected":false},"excerpt":{"rendered":"<p>El proceso de evaluaci\u00f3n Desde que iniciamos el curso, este blog ha querido difundir las vivencias del grupo. Es el\u00a0\u00a0relato de las actividades cotidianas que\u00a0 realiza durante la semana. Unas surgen de la curiosidad\u00a0 e intereses de sus miembros y otras las planea la maestra, a partir de lo que sabe que les va a &hellip; <a href=\"https:\/\/www.alqueria.es\/blogs\/alqueriaprimerciclo\/2018\/11\/30\/el-proceso-de-evaluacion\/\" class=\"more-link\">Seguir leyendo <span class=\"screen-reader-text\">El proceso de evaluaci\u00f3n<\/span> <span class=\"meta-nav\">&rarr;<\/span><\/a><\/p>\n","protected":false},"author":12,"featured_media":0,"comment_status":"open","ping_status":"open","sticky":false,"template":"","format":"standard","meta":{"jetpack_post_was_ever_published":false,"_jetpack_newsletter_access":"","_jetpack_dont_email_post_to_subs":false,"_jetpack_newsletter_tier_id":0,"_jetpack_memberships_contains_paywalled_content":false,"_jetpack_memberships_contains_paid_content":false,"footnotes":"","jetpack_publicize_message":"","jetpack_publicize_feature_enabled":true,"jetpack_social_post_already_shared":true,"jetpack_social_options":{"image_generator_settings":{"template":"highway","default_image_id":0,"font":"","enabled":false},"version":2}},"categories":[2,8],"tags":[],"class_list":["post-18416","post","type-post","status-publish","format-standard","hentry","category-1o-epo","category-diario-de-clase-1o"],"jetpack_publicize_connections":[],"jetpack_featured_media_url":"","jetpack_sharing_enabled":true,"jetpack_shortlink":"https:\/\/wp.me\/p4lvS0-4N2","_links":{"self":[{"href":"https:\/\/www.alqueria.es\/blogs\/alqueriaprimerciclo\/wp-json\/wp\/v2\/posts\/18416","targetHints":{"allow":["GET"]}}],"collection":[{"href":"https:\/\/www.alqueria.es\/blogs\/alqueriaprimerciclo\/wp-json\/wp\/v2\/posts"}],"about":[{"href":"https:\/\/www.alqueria.es\/blogs\/alqueriaprimerciclo\/wp-json\/wp\/v2\/types\/post"}],"author":[{"embeddable":true,"href":"https:\/\/www.alqueria.es\/blogs\/alqueriaprimerciclo\/wp-json\/wp\/v2\/users\/12"}],"replies":[{"embeddable":true,"href":"https:\/\/www.alqueria.es\/blogs\/alqueriaprimerciclo\/wp-json\/wp\/v2\/comments?post=18416"}],"version-history":[{"count":0,"href":"https:\/\/www.alqueria.es\/blogs\/alqueriaprimerciclo\/wp-json\/wp\/v2\/posts\/18416\/revisions"}],"wp:attachment":[{"href":"https:\/\/www.alqueria.es\/blogs\/alqueriaprimerciclo\/wp-json\/wp\/v2\/media?parent=18416"}],"wp:term":[{"taxonomy":"category","embeddable":true,"href":"https:\/\/www.alqueria.es\/blogs\/alqueriaprimerciclo\/wp-json\/wp\/v2\/categories?post=18416"},{"taxonomy":"post_tag","embeddable":true,"href":"https:\/\/www.alqueria.es\/blogs\/alqueriaprimerciclo\/wp-json\/wp\/v2\/tags?post=18416"}],"curies":[{"name":"wp","href":"https:\/\/api.w.org\/{rel}","templated":true}]}}