{"id":18446,"date":"2018-12-02T20:56:09","date_gmt":"2018-12-02T19:56:09","guid":{"rendered":"https:\/\/www.alqueria.es\/blogs\/alqueriaprimerciclo\/?p=18446"},"modified":"2018-12-02T20:56:09","modified_gmt":"2018-12-02T19:56:09","slug":"arte-en-2","status":"publish","type":"post","link":"https:\/\/www.alqueria.es\/blogs\/alqueriaprimerciclo\/2018\/12\/02\/arte-en-2\/","title":{"rendered":"Arte en 2\u00b0"},"content":{"rendered":"<h6><span style=\"color: #ff00ff\">Salimos al museo Jos\u00e9\u00a0 Guerrero<\/span><\/h6>\n<p>La visita ha sido un magnifico acercamiento al arte y al artista.<\/p>\n<p>Nos recibe Pablo con el prop\u00f3sito de hacer cercano el arte abstracto . Parece una tarea dif\u00edcil , pero con gran maestr\u00eda nos va llevando al interior del cuadro, tanto en su t\u00e9cnica como en su expresi\u00f3n.Durante toda la visita no dejan de participar, de forma ordenada ,para transmitir lo que les cuenta la obra.<\/p>\n<p>Los adultos nos sorprendemos con la facilidad que ven en esta propuesta, porque\u00a0 su capacidad de imaginar y su creatividad, hacen que parezca sencillo. Las formas y los colores transmiten por si mismos. Hay que estar abiertos a ver y sentir y su predisposici\u00f3n para ello es total.<\/p>\n<p class=\"jetpack-slideshow-noscript robots-nocontent\">El pase de diapositivas requiere JavaScript.<\/p><div id=\"gallery-18446-1-slideshow\" class=\"jetpack-slideshow-window jetpack-slideshow jetpack-slideshow-black\" data-trans=\"fade\" data-autostart=\"1\" data-gallery=\"[{&quot;src&quot;:&quot;https:\\\/\\\/cloud.alqueria.es\\\/wp-content\\\/uploads\\\/sites\\\/6\\\/2018\\\/11\\\/P81127-105505.jpg&quot;,&quot;id&quot;:&quot;18452&quot;,&quot;title&quot;:&quot;P81127-105505&quot;,&quot;alt&quot;:&quot;&quot;,&quot;caption&quot;:&quot;&quot;,&quot;itemprop&quot;:&quot;image&quot;},{&quot;src&quot;:&quot;https:\\\/\\\/cloud.alqueria.es\\\/wp-content\\\/uploads\\\/sites\\\/6\\\/2018\\\/11\\\/P81127-105415.jpg&quot;,&quot;id&quot;:&quot;18453&quot;,&quot;title&quot;:&quot;P81127-105415&quot;,&quot;alt&quot;:&quot;&quot;,&quot;caption&quot;:&quot;&quot;,&quot;itemprop&quot;:&quot;image&quot;},{&quot;src&quot;:&quot;https:\\\/\\\/cloud.alqueria.es\\\/wp-content\\\/uploads\\\/sites\\\/6\\\/2018\\\/11\\\/P81127-113458.jpg&quot;,&quot;id&quot;:&quot;18457&quot;,&quot;title&quot;:&quot;P81127-113458&quot;,&quot;alt&quot;:&quot;&quot;,&quot;caption&quot;:&quot;&quot;,&quot;itemprop&quot;:&quot;image&quot;},{&quot;src&quot;:&quot;https:\\\/\\\/cloud.alqueria.es\\\/wp-content\\\/uploads\\\/sites\\\/6\\\/2018\\\/11\\\/P81127-110800.jpg&quot;,&quot;id&quot;:&quot;18455&quot;,&quot;title&quot;:&quot;P81127-110800&quot;,&quot;alt&quot;:&quot;&quot;,&quot;caption&quot;:&quot;&quot;,&quot;itemprop&quot;:&quot;image&quot;},{&quot;src&quot;:&quot;https:\\\/\\\/cloud.alqueria.es\\\/wp-content\\\/uploads\\\/sites\\\/6\\\/2018\\\/11\\\/P81127-113452.jpg&quot;,&quot;id&quot;:&quot;18458&quot;,&quot;title&quot;:&quot;P81127-113452&quot;,&quot;alt&quot;:&quot;&quot;,&quot;caption&quot;:&quot;&quot;,&quot;itemprop&quot;:&quot;image&quot;},{&quot;src&quot;:&quot;https:\\\/\\\/cloud.alqueria.es\\\/wp-content\\\/uploads\\\/sites\\\/6\\\/2018\\\/11\\\/P81127-113243.jpg&quot;,&quot;id&quot;:&quot;18448&quot;,&quot;title&quot;:&quot;P81127-113243&quot;,&quot;alt&quot;:&quot;&quot;,&quot;caption&quot;:&quot;&quot;,&quot;itemprop&quot;:&quot;image&quot;},{&quot;src&quot;:&quot;https:\\\/\\\/cloud.alqueria.es\\\/wp-content\\\/uploads\\\/sites\\\/6\\\/2018\\\/11\\\/P81127-115313.jpg&quot;,&quot;id&quot;:&quot;18450&quot;,&quot;title&quot;:&quot;P81127-115313&quot;,&quot;alt&quot;:&quot;&quot;,&quot;caption&quot;:&quot;&quot;,&quot;itemprop&quot;:&quot;image&quot;},{&quot;src&quot;:&quot;https:\\\/\\\/cloud.alqueria.es\\\/wp-content\\\/uploads\\\/sites\\\/6\\\/2018\\\/11\\\/P81127-120816.jpg&quot;,&quot;id&quot;:&quot;18449&quot;,&quot;title&quot;:&quot;P81127-120816&quot;,&quot;alt&quot;:&quot;&quot;,&quot;caption&quot;:&quot;&quot;,&quot;itemprop&quot;:&quot;image&quot;},{&quot;src&quot;:&quot;https:\\\/\\\/cloud.alqueria.es\\\/wp-content\\\/uploads\\\/sites\\\/6\\\/2018\\\/11\\\/P81127-115140.jpg&quot;,&quot;id&quot;:&quot;18451&quot;,&quot;title&quot;:&quot;P81127-115140&quot;,&quot;alt&quot;:&quot;&quot;,&quot;caption&quot;:&quot;&quot;,&quot;itemprop&quot;:&quot;image&quot;},{&quot;src&quot;:&quot;https:\\\/\\\/cloud.alqueria.es\\\/wp-content\\\/uploads\\\/sites\\\/6\\\/2018\\\/11\\\/P81127-103719.jpg&quot;,&quot;id&quot;:&quot;18447&quot;,&quot;title&quot;:&quot;P81127-103719&quot;,&quot;alt&quot;:&quot;&quot;,&quot;caption&quot;:&quot;&quot;,&quot;itemprop&quot;:&quot;image&quot;},{&quot;src&quot;:&quot;https:\\\/\\\/cloud.alqueria.es\\\/wp-content\\\/uploads\\\/sites\\\/6\\\/2018\\\/11\\\/P81127-122850.jpg&quot;,&quot;id&quot;:&quot;18456&quot;,&quot;title&quot;:&quot;P81127-122850&quot;,&quot;alt&quot;:&quot;&quot;,&quot;caption&quot;:&quot;&quot;,&quot;itemprop&quot;:&quot;image&quot;}]\" itemscope itemtype=\"https:\/\/schema.org\/ImageGallery\"><\/div>\n<p>Ahora est\u00e1n dispuestos a ser gu\u00edas para vosotros. Pod\u00e9is visitar la exposici\u00f3n de Carlos Leon y Jos\u00e9 Guerrero y disfrutar juntos\u00a0 de ella.<\/p>\n<h6><span style=\"color: #666699\"><em>Conferencia de NACHO : LA SELVA DE COSTA RICA<\/em><\/span><\/h6>\n<p>Nacho nos invita a viajar con \u00e9l a Costa Rica . Por supuesto embarcamos todos rumbo a\u00a0 Am\u00e9rica con \u00e9l a visitar este lugar del mundo que tanto le atrae y del que ha investigado ,sobre todo para conocer sus selvas en particular.<\/p>\n<p><img decoding=\"async\" data-attachment-id=\"18491\" data-permalink=\"https:\/\/www.alqueria.es\/blogs\/alqueriaprimerciclo\/2018\/12\/02\/arte-en-2\/p81130-0921221\/\" data-orig-file=\"https:\/\/cloud.alqueria.es\/wp-content\/uploads\/sites\/6\/2018\/12\/P81130-0921221.jpg\" data-orig-size=\"1024,768\" data-comments-opened=\"1\" data-image-meta=\"{&quot;aperture&quot;:&quot;0&quot;,&quot;credit&quot;:&quot;&quot;,&quot;camera&quot;:&quot;&quot;,&quot;caption&quot;:&quot;&quot;,&quot;created_timestamp&quot;:&quot;0&quot;,&quot;copyright&quot;:&quot;&quot;,&quot;focal_length&quot;:&quot;0&quot;,&quot;iso&quot;:&quot;0&quot;,&quot;shutter_speed&quot;:&quot;0&quot;,&quot;title&quot;:&quot;&quot;,&quot;orientation&quot;:&quot;0&quot;}\" data-image-title=\"P81130-0921221\" data-image-description=\"\" data-image-caption=\"\" data-large-file=\"https:\/\/cloud.alqueria.es\/wp-content\/uploads\/sites\/6\/2018\/12\/P81130-0921221.jpg\" class=\"aligncenter size-full wp-image-18491\" src=\"https:\/\/cloud.alqueria.es\/wp-content\/uploads\/sites\/6\/2018\/12\/P81130-0921221.jpg\" alt=\"\" width=\"1024\" height=\"768\" srcset=\"https:\/\/cloud.alqueria.es\/wp-content\/uploads\/sites\/6\/2018\/12\/P81130-0921221.jpg 1024w, https:\/\/cloud.alqueria.es\/wp-content\/uploads\/sites\/6\/2018\/12\/P81130-0921221-300x225.jpg 300w, https:\/\/cloud.alqueria.es\/wp-content\/uploads\/sites\/6\/2018\/12\/P81130-0921221-768x576.jpg 768w\" sizes=\"(max-width: 1024px) 100vw, 1024px\" \/><img decoding=\"async\" data-attachment-id=\"18492\" data-permalink=\"https:\/\/www.alqueria.es\/blogs\/alqueriaprimerciclo\/2018\/12\/02\/arte-en-2\/p81130-092240\/\" data-orig-file=\"https:\/\/cloud.alqueria.es\/wp-content\/uploads\/sites\/6\/2018\/12\/P81130-092240.jpg\" data-orig-size=\"1024,768\" data-comments-opened=\"1\" data-image-meta=\"{&quot;aperture&quot;:&quot;0&quot;,&quot;credit&quot;:&quot;&quot;,&quot;camera&quot;:&quot;&quot;,&quot;caption&quot;:&quot;&quot;,&quot;created_timestamp&quot;:&quot;0&quot;,&quot;copyright&quot;:&quot;&quot;,&quot;focal_length&quot;:&quot;0&quot;,&quot;iso&quot;:&quot;0&quot;,&quot;shutter_speed&quot;:&quot;0&quot;,&quot;title&quot;:&quot;&quot;,&quot;orientation&quot;:&quot;0&quot;}\" data-image-title=\"P81130-092240\" data-image-description=\"\" data-image-caption=\"\" data-large-file=\"https:\/\/cloud.alqueria.es\/wp-content\/uploads\/sites\/6\/2018\/12\/P81130-092240.jpg\" class=\"aligncenter size-full wp-image-18492\" src=\"https:\/\/cloud.alqueria.es\/wp-content\/uploads\/sites\/6\/2018\/12\/P81130-092240.jpg\" alt=\"\" width=\"1024\" height=\"768\" srcset=\"https:\/\/cloud.alqueria.es\/wp-content\/uploads\/sites\/6\/2018\/12\/P81130-092240.jpg 1024w, https:\/\/cloud.alqueria.es\/wp-content\/uploads\/sites\/6\/2018\/12\/P81130-092240.jpg 300w, https:\/\/cloud.alqueria.es\/wp-content\/uploads\/sites\/6\/2018\/12\/P81130-092240.jpg 768w\" sizes=\"(max-width: 1024px) 100vw, 1024px\" \/><br \/>\n<!--more--><\/p>\n<div class=\"a25-CTUOC-hidding-box\" data-original-content=\"&lt;iframe title=&quot;Selvas de Costa rica&quot; src=&quot;https:\/\/www.slideshare.net\/slideshow\/embed_code\/key\/5LKqtp7wKNNpFh&quot; width=&quot;427&quot; height=&quot;356&quot; frameborder=&quot;0&quot; marginwidth=&quot;0&quot; marginheight=&quot;0&quot; scrolling=&quot;no&quot; style=&quot;border:1px solid #CCC; border-width:1px; margin-bottom:5px; max-width: 100%;&quot; allowfullscreen&gt; &lt;\/iframe&gt;\">Esta p\u00e1gina incluye contenido multimedia que requiere aceptar todas las cookies. Pulse aqu\u00ed para abrir la configuraci\u00f3n de cookies.<\/div>\n<div style=\"margin-bottom:5px\"> <strong> <a href=\"https:\/\/es.slideshare.net\/primercicloalqueria\/selvas-de-costa-rica\" title=\"Selvas de Costa rica\" target=\"_blank\">Selvas de Costa rica<\/a> <\/strong> from <strong><a href=\"https:\/\/www.slideshare.net\/primercicloalqueria\" target=\"_blank\">primercicloalqueria<\/a><\/strong> <\/div>\n<p>Nacho nos explica durante este viaje:<\/p>\n<p>&#8211; \u00bf Por qu\u00e9 nos interesa costa Rica?<\/p>\n<p>.- \u00bf Por qu\u00e9 tiene tanta biodiversidad?<\/p>\n<p>.- Para\u00edsos de Costa Rica: Tortuguero, volc\u00e0n Poas, cascadas o la reserva de la biosfera Monte Verde. Hemos podido ver\u00a0 caiman, tortuga baula, basilisco verde.<\/p>\n<p>.- Ecosistemas de Costa Rica: son muy ricos en flora y fauna muy diversa y numerosa.<\/p>\n<p>&#8211; Playas y Dunas: Donde vemos a la tortuga Laud la mas grabde del mundo , en peligro de extinci\u00f3n. Serpiente marina y ballena jorobada. Como plantas mas caracter\u00edsticas las palmeras.<\/p>\n<p>&#8211; Manglar &#8211; Los \u00e1rboles aqu\u00ed crecen con las raices en el agua salada gracias a que filtran la sal .Son una incubadora de los peces peque\u00f1os. All\u00ed podemos ver distintos monos y el perezoso de 3 dedos.<\/p>\n<p>-Bosque seco: \u00e1rboles como el \u00e8bano y la iguana negra.<\/p>\n<p>&#8211; Bosque h\u00famedo:lagartijas ,escorpiones ,helechos, palmas. Rana verde de ojos rojos, rana flecha roja y azul, rana flecha verde y negra.<\/p>\n<p>&#8212; Bosque h\u00famedo de monta\u00f1a: musgo , bamb\u00fa, y las orqu\u00eddeas y algunas aves ex\u00f3ticas. QUETZAL que solo pone 2 huevos azules que cuida el macho.<\/p>\n<p>&#8211; Bosque subalpino: aqu\u00ed no llueve tanto y hay poca vegetaci\u00f3n. Hay conejos , zorros, coyotes, loros y perezosos de 2 dedos.<\/p>\n<p>Ha sido un viaje muy ex\u00f3tico , cargado de una gran riqueza biol\u00f3gica en sus distintos ecosistemas, tan importantes de conservar para el cuidado del planeta.<\/p>\n<p>Gracias Nacho por el viaje\u00a0 tan enriquecedor.<\/p>\n<p>&nbsp;<\/p>\n<h6><span style=\"color: #0000ff\">DRAMATIZACI\u00d3N EN ART\u00cdSTICA<\/span>:<\/h6>\n<p>Ana nos propone un juego de dramatizaci\u00f3n donde nos ponemos en el lugar de un personaje elegido al azar.<\/p>\n<p>\u00bf Qui\u00e9n soy?<\/p>\n<p>Debemos deducir quien es segun la carteristicas que se describen.<\/p>\n<p><img decoding=\"async\" data-attachment-id=\"18493\" data-permalink=\"https:\/\/www.alqueria.es\/blogs\/alqueriaprimerciclo\/2018\/12\/02\/arte-en-2\/p81129-121913\/\" data-orig-file=\"https:\/\/cloud.alqueria.es\/wp-content\/uploads\/sites\/6\/2018\/12\/P81129-121913.jpg\" data-orig-size=\"1024,768\" data-comments-opened=\"1\" data-image-meta=\"{&quot;aperture&quot;:&quot;0&quot;,&quot;credit&quot;:&quot;&quot;,&quot;camera&quot;:&quot;&quot;,&quot;caption&quot;:&quot;&quot;,&quot;created_timestamp&quot;:&quot;0&quot;,&quot;copyright&quot;:&quot;&quot;,&quot;focal_length&quot;:&quot;0&quot;,&quot;iso&quot;:&quot;0&quot;,&quot;shutter_speed&quot;:&quot;0&quot;,&quot;title&quot;:&quot;&quot;,&quot;orientation&quot;:&quot;0&quot;}\" data-image-title=\"P81129-121913\" data-image-description=\"\" data-image-caption=\"\" data-large-file=\"https:\/\/cloud.alqueria.es\/wp-content\/uploads\/sites\/6\/2018\/12\/P81129-121913.jpg\" class=\"aligncenter size-full wp-image-18493\" src=\"https:\/\/cloud.alqueria.es\/wp-content\/uploads\/sites\/6\/2018\/12\/P81129-121913.jpg\" alt=\"\" width=\"1024\" height=\"768\" srcset=\"https:\/\/cloud.alqueria.es\/wp-content\/uploads\/sites\/6\/2018\/12\/P81129-121913.jpg 1024w, https:\/\/cloud.alqueria.es\/wp-content\/uploads\/sites\/6\/2018\/12\/P81129-121913.jpg 300w, https:\/\/cloud.alqueria.es\/wp-content\/uploads\/sites\/6\/2018\/12\/P81129-121913.jpg 768w\" sizes=\"(max-width: 1024px) 100vw, 1024px\" \/><\/p>\n<p>Pronto nos contar\u00e0 mas Ana en el blog de art\u00edstica.<\/p>\n<h6><span style=\"color: #339966\">Nuestro jard\u00edn, trabajo colaborativo<\/span><\/h6>\n<h6>Semanalmente nos reunimos en el jard\u00edn para disfrutar de este espacio en nuestro tiempo libre compartido con los dmas grupos de primaria. Nos gusta escondernos tras los riates ,su distribuci\u00f3n nos permite no ser vistos.<\/h6>\n<p>En alguna ocasi\u00f3n es necesario cuidarlo y recoger hojas secas, ramas, ,colaboramos entre todos y nos encanta.<\/p>\n<p><img decoding=\"async\" data-attachment-id=\"18461\" data-permalink=\"https:\/\/www.alqueria.es\/blogs\/alqueriaprimerciclo\/2018\/12\/02\/arte-en-2\/p81126-115145\/\" data-orig-file=\"https:\/\/cloud.alqueria.es\/wp-content\/uploads\/sites\/6\/2018\/11\/P81126-115145.jpg\" data-orig-size=\"1024,1024\" data-comments-opened=\"1\" data-image-meta=\"{&quot;aperture&quot;:&quot;0&quot;,&quot;credit&quot;:&quot;&quot;,&quot;camera&quot;:&quot;&quot;,&quot;caption&quot;:&quot;&quot;,&quot;created_timestamp&quot;:&quot;0&quot;,&quot;copyright&quot;:&quot;&quot;,&quot;focal_length&quot;:&quot;0&quot;,&quot;iso&quot;:&quot;0&quot;,&quot;shutter_speed&quot;:&quot;0&quot;,&quot;title&quot;:&quot;&quot;,&quot;orientation&quot;:&quot;0&quot;}\" data-image-title=\"P81126-115145\" data-image-description=\"\" data-image-caption=\"\" data-large-file=\"https:\/\/cloud.alqueria.es\/wp-content\/uploads\/sites\/6\/2018\/11\/P81126-115145.jpg\" class=\"aligncenter wp-image-18461 size-full\" src=\"https:\/\/cloud.alqueria.es\/wp-content\/uploads\/sites\/6\/2018\/11\/P81126-115145.jpg\" alt=\"\" width=\"1024\" height=\"1024\" srcset=\"https:\/\/cloud.alqueria.es\/wp-content\/uploads\/sites\/6\/2018\/11\/P81126-115145.jpg 1024w, https:\/\/cloud.alqueria.es\/wp-content\/uploads\/sites\/6\/2018\/11\/P81126-115145.jpg 150w, https:\/\/cloud.alqueria.es\/wp-content\/uploads\/sites\/6\/2018\/11\/P81126-115145.jpg 300w, https:\/\/cloud.alqueria.es\/wp-content\/uploads\/sites\/6\/2018\/11\/P81126-115145.jpg 768w\" sizes=\"(max-width: 1024px) 100vw, 1024px\" \/><\/p>\n<p><img decoding=\"async\" data-attachment-id=\"18459\" data-permalink=\"https:\/\/www.alqueria.es\/blogs\/alqueriaprimerciclo\/2018\/12\/02\/arte-en-2\/p81126-114903\/\" data-orig-file=\"https:\/\/cloud.alqueria.es\/wp-content\/uploads\/sites\/6\/2018\/11\/P81126-114903.jpg\" data-orig-size=\"768,1024\" data-comments-opened=\"1\" data-image-meta=\"{&quot;aperture&quot;:&quot;0&quot;,&quot;credit&quot;:&quot;&quot;,&quot;camera&quot;:&quot;&quot;,&quot;caption&quot;:&quot;&quot;,&quot;created_timestamp&quot;:&quot;0&quot;,&quot;copyright&quot;:&quot;&quot;,&quot;focal_length&quot;:&quot;0&quot;,&quot;iso&quot;:&quot;0&quot;,&quot;shutter_speed&quot;:&quot;0&quot;,&quot;title&quot;:&quot;&quot;,&quot;orientation&quot;:&quot;0&quot;}\" data-image-title=\"P81126-114903\" data-image-description=\"\" data-image-caption=\"\" data-large-file=\"https:\/\/cloud.alqueria.es\/wp-content\/uploads\/sites\/6\/2018\/11\/P81126-114903.jpg\" class=\"aligncenter wp-image-18459 size-full\" src=\"https:\/\/cloud.alqueria.es\/wp-content\/uploads\/sites\/6\/2018\/11\/P81126-114903.jpg\" alt=\"\" width=\"768\" height=\"1024\" srcset=\"https:\/\/cloud.alqueria.es\/wp-content\/uploads\/sites\/6\/2018\/11\/P81126-114903.jpg 768w, https:\/\/cloud.alqueria.es\/wp-content\/uploads\/sites\/6\/2018\/11\/P81126-114903.jpg 225w\" sizes=\"(max-width: 768px) 100vw, 768px\" \/><\/p>\n<p><img decoding=\"async\" data-attachment-id=\"18460\" data-permalink=\"https:\/\/www.alqueria.es\/blogs\/alqueriaprimerciclo\/2018\/12\/02\/arte-en-2\/p81126-113409\/\" data-orig-file=\"https:\/\/cloud.alqueria.es\/wp-content\/uploads\/sites\/6\/2018\/11\/P81126-113409.jpg\" data-orig-size=\"768,1024\" data-comments-opened=\"1\" data-image-meta=\"{&quot;aperture&quot;:&quot;0&quot;,&quot;credit&quot;:&quot;&quot;,&quot;camera&quot;:&quot;&quot;,&quot;caption&quot;:&quot;&quot;,&quot;created_timestamp&quot;:&quot;0&quot;,&quot;copyright&quot;:&quot;&quot;,&quot;focal_length&quot;:&quot;0&quot;,&quot;iso&quot;:&quot;0&quot;,&quot;shutter_speed&quot;:&quot;0&quot;,&quot;title&quot;:&quot;&quot;,&quot;orientation&quot;:&quot;0&quot;}\" data-image-title=\"P81126-113409\" data-image-description=\"\" data-image-caption=\"\" data-large-file=\"https:\/\/cloud.alqueria.es\/wp-content\/uploads\/sites\/6\/2018\/11\/P81126-113409.jpg\" class=\"aligncenter wp-image-18460 size-full\" src=\"https:\/\/cloud.alqueria.es\/wp-content\/uploads\/sites\/6\/2018\/11\/P81126-113409.jpg\" alt=\"\" width=\"768\" height=\"1024\" srcset=\"https:\/\/cloud.alqueria.es\/wp-content\/uploads\/sites\/6\/2018\/11\/P81126-113409.jpg 768w, https:\/\/cloud.alqueria.es\/wp-content\/uploads\/sites\/6\/2018\/11\/P81126-113409.jpg 225w\" sizes=\"(max-width: 768px) 100vw, 768px\" \/><\/p>\n<h6><span style=\"color: #0000ff\">En informatica practicamos con la p\u00e1gina de recursos :menuppal<\/span>.<\/h6>\n<p>La descomposici\u00f3n de n\u00fameros en centenas , decenas y unidades o el c\u00e1lculo r\u00e1pido, nos retan a conseguir el mayor n\u00famero de operaciones .<\/p>\n<p><img decoding=\"async\" data-attachment-id=\"18494\" data-permalink=\"https:\/\/www.alqueria.es\/blogs\/alqueriaprimerciclo\/2018\/12\/02\/arte-en-2\/p81129-153634\/\" data-orig-file=\"https:\/\/cloud.alqueria.es\/wp-content\/uploads\/sites\/6\/2018\/12\/P81129-153634.jpg\" data-orig-size=\"768,1024\" data-comments-opened=\"1\" data-image-meta=\"{&quot;aperture&quot;:&quot;0&quot;,&quot;credit&quot;:&quot;&quot;,&quot;camera&quot;:&quot;&quot;,&quot;caption&quot;:&quot;&quot;,&quot;created_timestamp&quot;:&quot;0&quot;,&quot;copyright&quot;:&quot;&quot;,&quot;focal_length&quot;:&quot;0&quot;,&quot;iso&quot;:&quot;0&quot;,&quot;shutter_speed&quot;:&quot;0&quot;,&quot;title&quot;:&quot;&quot;,&quot;orientation&quot;:&quot;0&quot;}\" data-image-title=\"P81129-153634\" data-image-description=\"\" data-image-caption=\"\" data-large-file=\"https:\/\/cloud.alqueria.es\/wp-content\/uploads\/sites\/6\/2018\/12\/P81129-153634.jpg\" class=\"aligncenter size-full wp-image-18494\" src=\"https:\/\/cloud.alqueria.es\/wp-content\/uploads\/sites\/6\/2018\/12\/P81129-153634.jpg\" alt=\"\" width=\"768\" height=\"1024\" srcset=\"https:\/\/cloud.alqueria.es\/wp-content\/uploads\/sites\/6\/2018\/12\/P81129-153634.jpg 768w, https:\/\/cloud.alqueria.es\/wp-content\/uploads\/sites\/6\/2018\/12\/P81129-153634.jpg 225w\" sizes=\"(max-width: 768px) 100vw, 768px\" \/><\/p>\n<p>Termina el mes y nos adentramos en el \u00faltimo del a\u00f1o:<\/p>\n<p>Visita el blog de idiomas y\u00a0 art\u00edstica, revisa el calendario mensual en la p\u00e1gina web.<\/p>\n<p>Un saludo<\/p>\n<p>Dar\u00eda<\/p>\n","protected":false},"excerpt":{"rendered":"<p>Salimos al museo Jos\u00e9\u00a0 Guerrero La visita ha sido un magnifico acercamiento al arte y al artista. Nos recibe Pablo con el prop\u00f3sito de hacer cercano el arte abstracto . Parece una tarea dif\u00edcil , pero con gran maestr\u00eda nos va llevando al interior del cuadro, tanto en su t\u00e9cnica como en su expresi\u00f3n.Durante toda &hellip; <a href=\"https:\/\/www.alqueria.es\/blogs\/alqueriaprimerciclo\/2018\/12\/02\/arte-en-2\/\" class=\"more-link\">Seguir leyendo <span class=\"screen-reader-text\">Arte en 2\u00b0<\/span> <span class=\"meta-nav\">&rarr;<\/span><\/a><\/p>\n","protected":false},"author":12,"featured_media":0,"comment_status":"open","ping_status":"open","sticky":false,"template":"","format":"standard","meta":{"jetpack_post_was_ever_published":false,"_jetpack_newsletter_access":"","_jetpack_dont_email_post_to_subs":false,"_jetpack_newsletter_tier_id":0,"_jetpack_memberships_contains_paywalled_content":false,"_jetpack_memberships_contains_paid_content":false,"footnotes":"","jetpack_publicize_message":"","jetpack_publicize_feature_enabled":true,"jetpack_social_post_already_shared":true,"jetpack_social_options":{"image_generator_settings":{"template":"highway","default_image_id":0,"font":"","enabled":false},"version":2}},"categories":[3,7,9,26,20],"tags":[32,116,37,60],"class_list":["post-18446","post","type-post","status-publish","format-standard","hentry","category-2o-epo","category-conocimiento-del-medio-2o","category-diario-de-clase-2o","category-educacion-artistica-2o","category-salidas-2o","tag-alqueria","tag-artistica","tag-conferencias","tag-primaria"],"jetpack_publicize_connections":[],"jetpack_featured_media_url":"","jetpack_sharing_enabled":true,"jetpack_shortlink":"https:\/\/wp.me\/p4lvS0-4Nw","_links":{"self":[{"href":"https:\/\/www.alqueria.es\/blogs\/alqueriaprimerciclo\/wp-json\/wp\/v2\/posts\/18446","targetHints":{"allow":["GET"]}}],"collection":[{"href":"https:\/\/www.alqueria.es\/blogs\/alqueriaprimerciclo\/wp-json\/wp\/v2\/posts"}],"about":[{"href":"https:\/\/www.alqueria.es\/blogs\/alqueriaprimerciclo\/wp-json\/wp\/v2\/types\/post"}],"author":[{"embeddable":true,"href":"https:\/\/www.alqueria.es\/blogs\/alqueriaprimerciclo\/wp-json\/wp\/v2\/users\/12"}],"replies":[{"embeddable":true,"href":"https:\/\/www.alqueria.es\/blogs\/alqueriaprimerciclo\/wp-json\/wp\/v2\/comments?post=18446"}],"version-history":[{"count":0,"href":"https:\/\/www.alqueria.es\/blogs\/alqueriaprimerciclo\/wp-json\/wp\/v2\/posts\/18446\/revisions"}],"wp:attachment":[{"href":"https:\/\/www.alqueria.es\/blogs\/alqueriaprimerciclo\/wp-json\/wp\/v2\/media?parent=18446"}],"wp:term":[{"taxonomy":"category","embeddable":true,"href":"https:\/\/www.alqueria.es\/blogs\/alqueriaprimerciclo\/wp-json\/wp\/v2\/categories?post=18446"},{"taxonomy":"post_tag","embeddable":true,"href":"https:\/\/www.alqueria.es\/blogs\/alqueriaprimerciclo\/wp-json\/wp\/v2\/tags?post=18446"}],"curies":[{"name":"wp","href":"https:\/\/api.w.org\/{rel}","templated":true}]}}