{"id":18548,"date":"2018-12-14T13:23:55","date_gmt":"2018-12-14T12:23:55","guid":{"rendered":"https:\/\/www.alqueria.es\/blogs\/alqueriaprimerciclo\/?p=18548"},"modified":"2018-12-14T13:23:55","modified_gmt":"2018-12-14T12:23:55","slug":"enriquecimiento-o-rendimiento","status":"publish","type":"post","link":"https:\/\/www.alqueria.es\/blogs\/alqueriaprimerciclo\/2018\/12\/14\/enriquecimiento-o-rendimiento\/","title":{"rendered":"Enriquecimiento o rendimiento"},"content":{"rendered":"<p><a href=\"https:\/\/www.educaciontrespuntocero.com\/entrevistas\/anna-carpena-regulacion-emociones\/74707.html\"><img decoding=\"async\" data-attachment-id=\"18549\" data-permalink=\"https:\/\/www.alqueria.es\/blogs\/alqueriaprimerciclo\/2018\/12\/14\/enriquecimiento-o-rendimiento\/educacion-emocional\/\" data-orig-file=\"https:\/\/cloud.alqueria.es\/wp-content\/uploads\/sites\/6\/2018\/12\/Educaci%C3%B3n-emocional.jpg\" data-orig-size=\"463,450\" data-comments-opened=\"1\" data-image-meta=\"{&quot;aperture&quot;:&quot;0&quot;,&quot;credit&quot;:&quot;usuario&quot;,&quot;camera&quot;:&quot;&quot;,&quot;caption&quot;:&quot;&quot;,&quot;created_timestamp&quot;:&quot;1544431877&quot;,&quot;copyright&quot;:&quot;&quot;,&quot;focal_length&quot;:&quot;0&quot;,&quot;iso&quot;:&quot;0&quot;,&quot;shutter_speed&quot;:&quot;0&quot;,&quot;title&quot;:&quot;&quot;,&quot;orientation&quot;:&quot;0&quot;}\" data-image-title=\"Educaci\u00f3n-emocional\" data-image-description=\"\" data-image-caption=\"\" data-large-file=\"https:\/\/cloud.alqueria.es\/wp-content\/uploads\/sites\/6\/2018\/12\/Educaci%C3%B3n-emocional.jpg\" class=\"aligncenter size-full wp-image-18549\" src=\"https:\/\/cloud.alqueria.es\/wp-content\/uploads\/sites\/6\/2018\/12\/Educaci%C3%B3n-emocional.jpg\" alt=\"\" width=\"463\" height=\"450\" srcset=\"https:\/\/cloud.alqueria.es\/wp-content\/uploads\/sites\/6\/2018\/12\/Educaci%C3%B3n-emocional.jpg 463w, https:\/\/cloud.alqueria.es\/wp-content\/uploads\/sites\/6\/2018\/12\/Educaci%C3%B3n-emocional.jpg 300w\" sizes=\"(max-width: 463px) 100vw, 463px\" \/><\/a><\/p>\n<p>Esta semana nos han pedido que averig\u00fcemos qu\u00e9 son los microbios.<\/p>\n<p>Cuando recibimos un encargo como este, nos importa mucho cumplir; en parte, porque no queremos que se nos llame la atenci\u00f3n, por no colaborar en el estudio y, por otra , por querer aprender cosas que nos interesan.<\/p>\n<p>Este segundo argumento es el\u00a0 verdaderamente\u00a0 importante. Pero claro, somos tan j\u00f3venes, que la trascendencia del aprendizaje a\u00fan no llega a nuestras entendederas.<\/p>\n<p>Cada uno hacemos el trabajo a nuestra manera. Por lo general, nos gusta traer escrito algo. El problema es que, si no leemos el texto, no podemos explicarlo, en algunos casos. En cambio, si\u00a0 lo traemos \u00bb en la cabeza\u00bb , aunque damos menos informaci\u00f3n, lo explicamos\u00a0 al haberlo\u00a0 entendido. Y por \u00faltimo un gran n\u00famero de nosotros escribimos lo que entendemos, recordamos y explicamos hasta m\u00e1s cosas de las que hay en el papel.<\/p>\n<p>Gracias a todos los que realizamos estos esfuerzos se produce el estudio cooperativo. Es una de las formas que tenemos de aprender en nuestra clase y que nos viene de f\u00e1bula a los que olvidamos los compromisos.<\/p>\n<p>Claro que ahora viene muy bien el dicho de:<\/p>\n<p><img decoding=\"async\" class=\"aligncenter\" src=\"http:\/\/3.bp.blogspot.com\/-j14zPdjaTuI\/VRR5xoxe1XI\/AAAAAAAAImU\/k6ZHCHtaJd8\/s1600\/images%2B(1).jpg\" alt=\"Resultado de imagen de Proverbio: Lo o\u00c3\u00ad y lo olvid\u00c3\u00a9\" \/><\/p>\n<p>Y nos preguntamos, \u00bfen el colegio hay que promocionar\u00a0 el rendimiento o el enriquecimiento?<\/p>\n<p>Aplicado a nuestras incipientes vidas lo del rendir suena algo fuerte, en tanto que parece significar<em>\u00a0\u00abproducir mucho\u00bb<\/em>. Sin embargo, enriquecimiento tiene una connotaci\u00f3n m\u00e1s constructiva, da \u00e1nimos para sentirnos m\u00e1s capaces.<\/p>\n<p><strong><img decoding=\"async\" class=\"alignleft\" src=\"http:\/\/www.fundacioncadah.org\/j289eghfd7511986_uploads\/TDAH%20DIFICULTAD%20EXPRESION%20EMOCIONAL.jpg\" alt=\"Resultado de imagen de emociones\" width=\"263\" height=\"241\" \/><\/strong>En todo este proceso nos afloran muchas emociones:<strong>\u00a0inseguridad<\/strong> al ver que no podemos hablar de lo que hemos escrito , <strong>intranquilidad<\/strong> por no habernos acordado del encargo,\u00a0<strong>satisfacci\u00f3n<\/strong>\u00a0y <strong>entusiasmo\u00a0<\/strong>al o\u00edr la enhorabuena por lo escrito, entendido y comunicado.<\/p>\n<p>Poder experimentar todas esas emociones son experiencias positivas, que nuestras maestras deben valorar como imprescindibles, para ir modelando nuestra personalidad.<\/p>\n<p><strong><img decoding=\"async\" class=\"alignleft\" src=\"https:\/\/images-na.ssl-images-amazon.com\/images\/I\/5108VsREZlL._SX356_BO1,204,203,200_.jpg\" width=\"197\" height=\"275\" \/>Lo bueno\u00a0 ha sido que hemos acabado todos teniendo un gran inter\u00e9s por los microbios<\/strong>, despu\u00e9s de escuchar las averiguaciones hechas por los compa\u00f1eros, ver un v\u00eddeo y leer un cuento sobre el t\u00e9tanos (clostridium tetani), <strong>que es de lo que se trataba.<\/strong><strong>\u00a0<\/strong><\/p>\n<p><strong>Y finalmente todos nos hemos enriquecido, pero no tenemos ni idea si hemos rendido.<\/strong><\/p>\n<h5>Las vacunas<\/h5>\n<p>El encargo de los microbios ten\u00eda una intenci\u00f3n muy clara, ayudarnos a soportar el pinchazo, que realidad de este tema era lo que m\u00e1s nos preocupaba.<\/p>\n<p><img decoding=\"async\" class=\"alignleft\" src=\"https:\/\/blume.net\/9282-large_default\/virus-bacterias-plagas-y-otras-pestes.jpg\" alt=\"Resultado de imagen de virus, bacteria , plagas\" width=\"176\" height=\"197\" \/>Saber que vamos a estar protegidos, de ciertas enfermedades que en otro tiempo se convirtieron en plagas, nos hace sentirnos muy valientes para soportar el mal rato.<\/p>\n<p>Para informarnos tenemos el libro de nuestra biblioteca, que aqu\u00ed presentamos.<\/p>\n<p>Por lo tanto, deducir\u00e9is\u00a0que hemos tenido un comportamiento heroico ante nuestra cruzada contra los microbios nocivos.<\/p>\n<h5>Matem\u00e1ticas:<\/h5>\n<p>Llevamos varios d\u00edas trabajando los conceptos de decena y unidad.<\/p>\n<p>Lo hacemos especialmente con objetos, para entender este t\u00e9rmino tan abstracto, que hasta ahora se llamaba diez y ahora le damos un segundo nombre \u00bb decena\u00bb.<\/p>\n<p><img decoding=\"async\" class=\"\" src=\"http:\/\/primeroprimariavedruna.files.wordpress.com\/2011\/10\/decena.png?w=593\" alt=\"Resultado de imagen de decena\" width=\"319\" height=\"241\" \/><\/p>\n<p>Esta imagen, a todos los que nos est\u00e1is leyendo, os puede parecer muy clarividente. Pero a los seis a\u00f1os es una abstracci\u00f3n muy compleja. Aceptamos como un acto de fe, que el cero si va despu\u00e9s de la cifra 1, la convierte en el n\u00famero 10 y que a eso se le puede llamar una decena.<\/p>\n<p>Trabajamos\u00a0 en peque\u00f1o grupo con:\u00a0<a href=\"http:\/\/ntic.educacion.es\/w3\/eos\/MaterialesEducativos\/mem2008\/matematicas_primaria\/menuppal.html\">\u00c1BACO CONTADOR<\/a><\/p>\n<p><a href=\"http:\/\/ntic.educacion.es\/w3\/eos\/MaterialesEducativos\/mem2008\/matematicas_primaria\/menuppal.html\">Si pinchas sobre esta imagen y despu\u00e9s en el \u00e1baco de la pantalla general, tienes que buscar \u00c1BACO CONTADOR, <span style=\"color: #800080\">en comprende:<\/span><img decoding=\"async\" data-attachment-id=\"18557\" data-permalink=\"https:\/\/www.alqueria.es\/blogs\/alqueriaprimerciclo\/2018\/12\/14\/enriquecimiento-o-rendimiento\/captura-123\/\" data-orig-file=\"https:\/\/cloud.alqueria.es\/wp-content\/uploads\/sites\/6\/2018\/12\/Captura.jpg\" data-orig-size=\"499,299\" data-comments-opened=\"1\" data-image-meta=\"{&quot;aperture&quot;:&quot;0&quot;,&quot;credit&quot;:&quot;usuario&quot;,&quot;camera&quot;:&quot;&quot;,&quot;caption&quot;:&quot;&quot;,&quot;created_timestamp&quot;:&quot;1544690516&quot;,&quot;copyright&quot;:&quot;&quot;,&quot;focal_length&quot;:&quot;0&quot;,&quot;iso&quot;:&quot;0&quot;,&quot;shutter_speed&quot;:&quot;0&quot;,&quot;title&quot;:&quot;&quot;,&quot;orientation&quot;:&quot;0&quot;}\" data-image-title=\"Captura\" data-image-description=\"\" data-image-caption=\"\" data-large-file=\"https:\/\/cloud.alqueria.es\/wp-content\/uploads\/sites\/6\/2018\/12\/Captura.jpg\" class=\"aligncenter size-full wp-image-18557\" src=\"https:\/\/cloud.alqueria.es\/wp-content\/uploads\/sites\/6\/2018\/12\/Captura.jpg\" alt=\"\" width=\"499\" height=\"299\" srcset=\"https:\/\/cloud.alqueria.es\/wp-content\/uploads\/sites\/6\/2018\/12\/Captura.jpg 499w, https:\/\/cloud.alqueria.es\/wp-content\/uploads\/sites\/6\/2018\/12\/Captura.jpg 300w\" sizes=\"(max-width: 499px) 100vw, 499px\" \/>Hacemos ejercicios moviendo decenas y contando de 10 en 10.<\/a><\/p>\n<h5>Conferencia : Las plantas<\/h5>\n<p>Sergio con gran seguridad hace un recorrido por el ciclo de la vida de las plantas. Durante su exposici\u00f3n intentamos entender que las plantas no comen, sino que se nutren, porque no tienen boca.<\/p>\n<p><img decoding=\"async\" data-attachment-id=\"18564\" data-permalink=\"https:\/\/www.alqueria.es\/blogs\/alqueriaprimerciclo\/2018\/12\/14\/enriquecimiento-o-rendimiento\/dsc00853\/\" data-orig-file=\"https:\/\/cloud.alqueria.es\/wp-content\/uploads\/sites\/6\/2018\/12\/DSC00853.jpg\" data-orig-size=\"640,480\" data-comments-opened=\"1\" data-image-meta=\"{&quot;aperture&quot;:&quot;2.8&quot;,&quot;credit&quot;:&quot;&quot;,&quot;camera&quot;:&quot;DSC-W510&quot;,&quot;caption&quot;:&quot;&quot;,&quot;created_timestamp&quot;:&quot;1544737689&quot;,&quot;copyright&quot;:&quot;Copyright 2009&quot;,&quot;focal_length&quot;:&quot;4.7&quot;,&quot;iso&quot;:&quot;400&quot;,&quot;shutter_speed&quot;:&quot;0.008&quot;,&quot;title&quot;:&quot;&quot;,&quot;orientation&quot;:&quot;1&quot;}\" data-image-title=\"DSC00853\" data-image-description=\"\" data-image-caption=\"\" data-large-file=\"https:\/\/cloud.alqueria.es\/wp-content\/uploads\/sites\/6\/2018\/12\/DSC00853.jpg\" class=\"aligncenter size-full wp-image-18564\" src=\"https:\/\/cloud.alqueria.es\/wp-content\/uploads\/sites\/6\/2018\/12\/DSC00853.jpg\" alt=\"\" width=\"640\" height=\"480\" srcset=\"https:\/\/cloud.alqueria.es\/wp-content\/uploads\/sites\/6\/2018\/12\/DSC00853.jpg 640w, https:\/\/cloud.alqueria.es\/wp-content\/uploads\/sites\/6\/2018\/12\/DSC00853.jpg 300w\" sizes=\"(max-width: 640px) 100vw, 640px\" \/><\/p>\n<p>Entendemos que hay plantas que solo duran un a\u00f1o y otras viven muchos, adem\u00e1s de explicarnos de forma muy graciosa c\u00f3mo se adaptan a cada espacio y condiciones, como las alga, los captus, plantas en los polos&#8230;<\/p>\n<p><img decoding=\"async\" data-attachment-id=\"18563\" data-permalink=\"https:\/\/www.alqueria.es\/blogs\/alqueriaprimerciclo\/2018\/12\/14\/enriquecimiento-o-rendimiento\/dsc00852\/\" data-orig-file=\"https:\/\/cloud.alqueria.es\/wp-content\/uploads\/sites\/6\/2018\/12\/DSC00852.jpg\" data-orig-size=\"640,480\" data-comments-opened=\"1\" data-image-meta=\"{&quot;aperture&quot;:&quot;2.8&quot;,&quot;credit&quot;:&quot;&quot;,&quot;camera&quot;:&quot;DSC-W510&quot;,&quot;caption&quot;:&quot;&quot;,&quot;created_timestamp&quot;:&quot;1544737652&quot;,&quot;copyright&quot;:&quot;Copyright 2009&quot;,&quot;focal_length&quot;:&quot;4.7&quot;,&quot;iso&quot;:&quot;800&quot;,&quot;shutter_speed&quot;:&quot;0.004&quot;,&quot;title&quot;:&quot;&quot;,&quot;orientation&quot;:&quot;1&quot;}\" data-image-title=\"DSC00852\" data-image-description=\"\" data-image-caption=\"\" data-large-file=\"https:\/\/cloud.alqueria.es\/wp-content\/uploads\/sites\/6\/2018\/12\/DSC00852.jpg\" class=\"aligncenter size-full wp-image-18563\" src=\"https:\/\/cloud.alqueria.es\/wp-content\/uploads\/sites\/6\/2018\/12\/DSC00852.jpg\" alt=\"\" width=\"640\" height=\"480\" srcset=\"https:\/\/cloud.alqueria.es\/wp-content\/uploads\/sites\/6\/2018\/12\/DSC00852.jpg 640w, https:\/\/cloud.alqueria.es\/wp-content\/uploads\/sites\/6\/2018\/12\/DSC00852.jpg 300w\" sizes=\"(max-width: 640px) 100vw, 640px\" \/><\/p>\n<p>De una forma muy expresiva explica qu\u00e9 funci\u00f3n tiene la clorofila, como radar que capta la energ\u00eda del sol.<\/p>\n<p>Llegamos a la conclusi\u00f3n de que debemos cuidar las plantas porque son las benefactoras de nuestra propia vida por todo lo que nos proporcionan.<\/p>\n<p>Ahora tenemos un semillero de mango , una semilla germinada de este mismo fruto y semillas voladoras porque Sergio nos las ha regalado.<\/p>\n<h5>Autoevaluaci\u00f3n<\/h5>\n<p><img decoding=\"async\" class=\"alignleft\" src=\"https:\/\/sandraguerrero01.files.wordpress.com\/2015\/06\/autoevaluacion-color.jpg?w=229&amp;h=220&amp;crop=1\" alt=\"Resultado de imagen de Autoevaluaci\u00c3\u00b3n\" \/>Dedicamos dos sesiones a reflexionar sobre la actitud, la convivencia y el nivel de implicaci\u00f3n que hemos tenido a lo largo del trimestre.<br \/>\nSi estamos satisfechos lo marcamos con verde y si consideramos que tenemos que mejorar con el color amarillo.<\/p>\n<p>Estas son nuestras notas, que nos servir\u00e1n para tener en cuenta el punto de partida cuando empiece el nuevo trimestre.<\/p>\n<h5>Actividades de final de trimestre<\/h5>\n<p>La semana que viene ser\u00e1 una semana especial:<\/p>\n<p><img decoding=\"async\" class=\"aligncenter\" src=\"https:\/\/cloud.alqueria.es\/wp-content\/uploads\/sites\/6\/2017\/12\/DSC08681.jpg\" alt=\"Resultado de imagen de Almendrados de Z\u00c3\u00bajar\" width=\"310\" height=\"174\" \/><\/p>\n<ul>\n<li>Martes; Taller de dulces de invierno. \u00bb Almendrados de Z\u00fajar\u00bb<\/li>\n<li>Jueves: Comida especial de despedida\u00a0 a 2018 y de bienvenida\u00a0 a 2019.<img decoding=\"async\" class=\"alignleft\" src=\"https:\/\/buenavibra.es\/wp-content\/uploads\/2018\/09\/Webp.net-resizeimage-8.jpg\" alt=\"Resultado de imagen de 2019\" width=\"279\" height=\"186\" \/>\u00a0Entrega de carpetas y autoevaluaciones.<\/li>\n<li>Viernes:<br \/>\nEncuentro musical de los grupos de primaria: Canciones tradicionales. Juegos cooperativos, organizados por el equipo de maestros en pr\u00e1cticas.<\/li>\n<\/ul>\n<p>Despediremos con alegr\u00eda esta primera parte del curso, que nos ha permitido conocernos y aprender muchas cosas juntos.<\/p>\n<p>Buen fin de semana a todos.<\/p>\n<p>Rosi<\/p>\n","protected":false},"excerpt":{"rendered":"<p>Esta semana nos han pedido que averig\u00fcemos qu\u00e9 son los microbios. Cuando recibimos un encargo como este, nos importa mucho cumplir; en parte, porque no queremos que se nos llame la atenci\u00f3n, por no colaborar en el estudio y, por otra , por querer aprender cosas que nos interesan. Este segundo argumento es el\u00a0 verdaderamente\u00a0 &hellip; <a href=\"https:\/\/www.alqueria.es\/blogs\/alqueriaprimerciclo\/2018\/12\/14\/enriquecimiento-o-rendimiento\/\" class=\"more-link\">Seguir leyendo <span class=\"screen-reader-text\">Enriquecimiento o rendimiento<\/span> <span class=\"meta-nav\">&rarr;<\/span><\/a><\/p>\n","protected":false},"author":12,"featured_media":0,"comment_status":"open","ping_status":"open","sticky":false,"template":"","format":"standard","meta":{"jetpack_post_was_ever_published":false,"_jetpack_newsletter_access":"","_jetpack_dont_email_post_to_subs":false,"_jetpack_newsletter_tier_id":0,"_jetpack_memberships_contains_paywalled_content":false,"_jetpack_memberships_contains_paid_content":false,"footnotes":"","jetpack_publicize_message":"","jetpack_publicize_feature_enabled":true,"jetpack_social_post_already_shared":true,"jetpack_social_options":{"image_generator_settings":{"template":"highway","default_image_id":0,"font":"","enabled":false},"version":2}},"categories":[2,8],"tags":[],"class_list":["post-18548","post","type-post","status-publish","format-standard","hentry","category-1o-epo","category-diario-de-clase-1o"],"jetpack_publicize_connections":[],"jetpack_featured_media_url":"","jetpack_sharing_enabled":true,"jetpack_shortlink":"https:\/\/wp.me\/p4lvS0-4Pa","_links":{"self":[{"href":"https:\/\/www.alqueria.es\/blogs\/alqueriaprimerciclo\/wp-json\/wp\/v2\/posts\/18548","targetHints":{"allow":["GET"]}}],"collection":[{"href":"https:\/\/www.alqueria.es\/blogs\/alqueriaprimerciclo\/wp-json\/wp\/v2\/posts"}],"about":[{"href":"https:\/\/www.alqueria.es\/blogs\/alqueriaprimerciclo\/wp-json\/wp\/v2\/types\/post"}],"author":[{"embeddable":true,"href":"https:\/\/www.alqueria.es\/blogs\/alqueriaprimerciclo\/wp-json\/wp\/v2\/users\/12"}],"replies":[{"embeddable":true,"href":"https:\/\/www.alqueria.es\/blogs\/alqueriaprimerciclo\/wp-json\/wp\/v2\/comments?post=18548"}],"version-history":[{"count":0,"href":"https:\/\/www.alqueria.es\/blogs\/alqueriaprimerciclo\/wp-json\/wp\/v2\/posts\/18548\/revisions"}],"wp:attachment":[{"href":"https:\/\/www.alqueria.es\/blogs\/alqueriaprimerciclo\/wp-json\/wp\/v2\/media?parent=18548"}],"wp:term":[{"taxonomy":"category","embeddable":true,"href":"https:\/\/www.alqueria.es\/blogs\/alqueriaprimerciclo\/wp-json\/wp\/v2\/categories?post=18548"},{"taxonomy":"post_tag","embeddable":true,"href":"https:\/\/www.alqueria.es\/blogs\/alqueriaprimerciclo\/wp-json\/wp\/v2\/tags?post=18548"}],"curies":[{"name":"wp","href":"https:\/\/api.w.org\/{rel}","templated":true}]}}