{"id":18627,"date":"2018-12-20T16:43:07","date_gmt":"2018-12-20T15:43:07","guid":{"rendered":"https:\/\/www.alqueria.es\/blogs\/alqueriaprimerciclo\/?p=18627"},"modified":"2018-12-20T16:43:07","modified_gmt":"2018-12-20T15:43:07","slug":"cerramos-trimestre","status":"publish","type":"post","link":"https:\/\/www.alqueria.es\/blogs\/alqueriaprimerciclo\/2018\/12\/20\/cerramos-trimestre\/","title":{"rendered":"Cerramos trimestre"},"content":{"rendered":"<h5>Lectura compartida<\/h5>\n<p>Hemos disfrutado durante esta primera parte del curso del apoyo y la ayuda de nuestros compa\u00f1eros de cuarto para seguir aprendiendo a leer.<\/p>\n<p>Durante las sesiones se han vivido situaciones entra\u00f1ables, que han permitido conocernos mejor.<\/p>\n<p>Nos despedimos, hasta despu\u00e9s de las vacaciones, renovando el compromiso de seguir trabajando juntos.<\/p>\n<p><img decoding=\"async\" data-attachment-id=\"18628\" data-permalink=\"https:\/\/www.alqueria.es\/blogs\/alqueriaprimerciclo\/2018\/12\/20\/cerramos-trimestre\/dsc00854\/\" data-orig-file=\"https:\/\/cloud.alqueria.es\/wp-content\/uploads\/sites\/6\/2018\/12\/DSC00854.jpg\" data-orig-size=\"640,480\" data-comments-opened=\"1\" data-image-meta=\"{&quot;aperture&quot;:&quot;2.8&quot;,&quot;credit&quot;:&quot;&quot;,&quot;camera&quot;:&quot;DSC-W510&quot;,&quot;caption&quot;:&quot;&quot;,&quot;created_timestamp&quot;:&quot;1544764818&quot;,&quot;copyright&quot;:&quot;Copyright 2009&quot;,&quot;focal_length&quot;:&quot;4.7&quot;,&quot;iso&quot;:&quot;400&quot;,&quot;shutter_speed&quot;:&quot;0.008&quot;,&quot;title&quot;:&quot;&quot;,&quot;orientation&quot;:&quot;1&quot;}\" data-image-title=\"DSC00854\" data-image-description=\"\" data-image-caption=\"\" data-large-file=\"https:\/\/cloud.alqueria.es\/wp-content\/uploads\/sites\/6\/2018\/12\/DSC00854.jpg\" class=\"aligncenter size-full wp-image-18628\" src=\"https:\/\/cloud.alqueria.es\/wp-content\/uploads\/sites\/6\/2018\/12\/DSC00854.jpg\" alt=\"\" width=\"640\" height=\"480\" srcset=\"https:\/\/cloud.alqueria.es\/wp-content\/uploads\/sites\/6\/2018\/12\/DSC00854.jpg 640w, https:\/\/cloud.alqueria.es\/wp-content\/uploads\/sites\/6\/2018\/12\/DSC00854.jpg 300w\" sizes=\"(max-width: 640px) 100vw, 640px\" \/><\/p>\n<p>Para animarnos nos han hecho un regalo precioso. Unos puntos de libro con mensajes cari\u00f1osos, que nos estimulan a seguir practicando.<\/p>\n<h5>Una grata sorpresa<\/h5>\n<p><img decoding=\"async\" class=\"alignleft\" src=\"https:\/\/www.lindoro.es\/wp-content\/uploads\/2015\/09\/NL-3019-Yo-te-quiere-matare.jpg\" alt=\"Resultado de imagen de Yo te quiere matare\" width=\"253\" height=\"253\" \/><\/p>\n<p>Esta m\u00fasica maravillosa, la hemos disfrutado durante toda la semana, interpretada, entre otros, por Juan Alberto,\u00a0 pap\u00e1 de Julia P.<\/p>\n<p>Es un trabajo extraordinario, al que hemos tenido la suerte de acceder gracias a su familia. Esperamos poder seguir descubriendo\u00a0 la m\u00fasica del Renacimiento, junto a ellos.<\/p>\n<h5>Ensayo musical<\/h5>\n<p>Muchas semanas llevamos ensayando\u00a0 una canci\u00f3n tradicional de estas fechas\u00a0\u00a0con\u00a0 voces e instrumentos, para el encuentro musical del viernes 21, en el acto de despedida.<\/p>\n<p class=\"jetpack-slideshow-noscript robots-nocontent\">El pase de diapositivas requiere JavaScript.<\/p><div id=\"gallery-18627-1-slideshow\" class=\"jetpack-slideshow-window jetpack-slideshow jetpack-slideshow-black\" data-trans=\"fade\" data-autostart=\"1\" data-gallery=\"[{&quot;src&quot;:&quot;https:\\\/\\\/cloud.alqueria.es\\\/wp-content\\\/uploads\\\/sites\\\/6\\\/2018\\\/12\\\/DSC00901.jpg&quot;,&quot;id&quot;:&quot;18637&quot;,&quot;title&quot;:&quot;DSC00901&quot;,&quot;alt&quot;:&quot;&quot;,&quot;caption&quot;:&quot;&quot;,&quot;itemprop&quot;:&quot;image&quot;},{&quot;src&quot;:&quot;https:\\\/\\\/cloud.alqueria.es\\\/wp-content\\\/uploads\\\/sites\\\/6\\\/2018\\\/12\\\/DSC00902.jpg&quot;,&quot;id&quot;:&quot;18638&quot;,&quot;title&quot;:&quot;DSC00902&quot;,&quot;alt&quot;:&quot;&quot;,&quot;caption&quot;:&quot;&quot;,&quot;itemprop&quot;:&quot;image&quot;},{&quot;src&quot;:&quot;https:\\\/\\\/cloud.alqueria.es\\\/wp-content\\\/uploads\\\/sites\\\/6\\\/2018\\\/12\\\/DSC00903.jpg&quot;,&quot;id&quot;:&quot;18639&quot;,&quot;title&quot;:&quot;DSC00903&quot;,&quot;alt&quot;:&quot;&quot;,&quot;caption&quot;:&quot;&quot;,&quot;itemprop&quot;:&quot;image&quot;},{&quot;src&quot;:&quot;https:\\\/\\\/cloud.alqueria.es\\\/wp-content\\\/uploads\\\/sites\\\/6\\\/2018\\\/12\\\/DSC00904.jpg&quot;,&quot;id&quot;:&quot;18640&quot;,&quot;title&quot;:&quot;DSC00904&quot;,&quot;alt&quot;:&quot;&quot;,&quot;caption&quot;:&quot;&quot;,&quot;itemprop&quot;:&quot;image&quot;},{&quot;src&quot;:&quot;https:\\\/\\\/cloud.alqueria.es\\\/wp-content\\\/uploads\\\/sites\\\/6\\\/2018\\\/12\\\/DSC00905.jpg&quot;,&quot;id&quot;:&quot;18641&quot;,&quot;title&quot;:&quot;DSC00905&quot;,&quot;alt&quot;:&quot;&quot;,&quot;caption&quot;:&quot;&quot;,&quot;itemprop&quot;:&quot;image&quot;},{&quot;src&quot;:&quot;https:\\\/\\\/cloud.alqueria.es\\\/wp-content\\\/uploads\\\/sites\\\/6\\\/2018\\\/12\\\/DSC00909.jpg&quot;,&quot;id&quot;:&quot;18642&quot;,&quot;title&quot;:&quot;DSC00909&quot;,&quot;alt&quot;:&quot;&quot;,&quot;caption&quot;:&quot;&quot;,&quot;itemprop&quot;:&quot;image&quot;},{&quot;src&quot;:&quot;https:\\\/\\\/cloud.alqueria.es\\\/wp-content\\\/uploads\\\/sites\\\/6\\\/2018\\\/12\\\/DSC00911.jpg&quot;,&quot;id&quot;:&quot;18643&quot;,&quot;title&quot;:&quot;DSC00911&quot;,&quot;alt&quot;:&quot;&quot;,&quot;caption&quot;:&quot;&quot;,&quot;itemprop&quot;:&quot;image&quot;},{&quot;src&quot;:&quot;https:\\\/\\\/cloud.alqueria.es\\\/wp-content\\\/uploads\\\/sites\\\/6\\\/2018\\\/12\\\/DSC00912.jpg&quot;,&quot;id&quot;:&quot;18644&quot;,&quot;title&quot;:&quot;DSC00912&quot;,&quot;alt&quot;:&quot;&quot;,&quot;caption&quot;:&quot;&quot;,&quot;itemprop&quot;:&quot;image&quot;},{&quot;src&quot;:&quot;https:\\\/\\\/cloud.alqueria.es\\\/wp-content\\\/uploads\\\/sites\\\/6\\\/2018\\\/12\\\/DSC00914.jpg&quot;,&quot;id&quot;:&quot;18645&quot;,&quot;title&quot;:&quot;DSC00914&quot;,&quot;alt&quot;:&quot;&quot;,&quot;caption&quot;:&quot;&quot;,&quot;itemprop&quot;:&quot;image&quot;}]\" itemscope itemtype=\"https:\/\/schema.org\/ImageGallery\"><\/div>\n<p>En este grupo contamos\u00a0 con seis voces y diez instrumentos.<\/p>\n<p>Suena maravillosamente, gracias a ayuda de nuestra profesora Elena.<\/p>\n<p>No sabemos como ir\u00e1 el d\u00eda de la actuaci\u00f3n ante nuestros compa\u00f1eros, pero si estamos seguros de haber disfrutado y aprendido mucho en el proceso de preparaci\u00f3n.<\/p>\n<h5>M\u00e1quinas matem\u00e1ticas<\/h5>\n<p><img decoding=\"async\" class=\"aligncenter\" src=\"https:\/\/natureduca.com\/images_tecno\/sistema_decimal01.jpg\" alt=\"Resultado de imagen de Manos para contar\" \/><\/p>\n<p><strong>Palillos:<\/strong> una m\u00e1quina matem\u00e1tica son los palillos, con los que construimos los n\u00fameros.<img decoding=\"async\" class=\"alignleft\" src=\"https:\/\/3.bp.blogspot.com\/-OVJTi2x-r50\/WQIsJF_7kTI\/AAAAAAAAF8I\/Pbgfhpb41rkvbagWiU9gKkLWNfrFZ6XnQCLcB\/w1200-h630-p-k-no-nu\/Imagen%2B3.jpg\" alt=\"Imagen relacionada\" width=\"158\" height=\"82\" \/> Cada uno de nosotros va a disponer de una cajita (palilleros) en la que almacenaremos decenas y unidades, para comprender qu\u00e9 cantidades representan .<\/p>\n<p><img decoding=\"async\" class=\"aligncenter\" src=\"https:\/\/i.pinimg.com\/originals\/c8\/3d\/1c\/c83d1ca96c3285865d7ad9e0f49b26a6.png\" alt=\"Resultado de imagen de decenas\" width=\"319\" height=\"226\" \/><\/p>\n<p><strong>Recta num\u00e9rica:<\/strong> hemos construido nuestra propia recta num\u00e9rica, sobre la que tenemos que investigar estas vacaciones.<\/p>\n<p class=\"jetpack-slideshow-noscript robots-nocontent\">El pase de diapositivas requiere JavaScript.<\/p><div id=\"gallery-18627-2-slideshow\" class=\"jetpack-slideshow-window jetpack-slideshow jetpack-slideshow-black\" data-trans=\"fade\" data-autostart=\"1\" data-gallery=\"[{&quot;src&quot;:&quot;https:\\\/\\\/cloud.alqueria.es\\\/wp-content\\\/uploads\\\/sites\\\/6\\\/2018\\\/12\\\/DSC00896.jpg&quot;,&quot;id&quot;:&quot;18630&quot;,&quot;title&quot;:&quot;DSC00896&quot;,&quot;alt&quot;:&quot;&quot;,&quot;caption&quot;:&quot;&quot;,&quot;itemprop&quot;:&quot;image&quot;},{&quot;src&quot;:&quot;https:\\\/\\\/cloud.alqueria.es\\\/wp-content\\\/uploads\\\/sites\\\/6\\\/2018\\\/12\\\/DSC00897.jpg&quot;,&quot;id&quot;:&quot;18631&quot;,&quot;title&quot;:&quot;DSC00897&quot;,&quot;alt&quot;:&quot;&quot;,&quot;caption&quot;:&quot;&quot;,&quot;itemprop&quot;:&quot;image&quot;},{&quot;src&quot;:&quot;https:\\\/\\\/cloud.alqueria.es\\\/wp-content\\\/uploads\\\/sites\\\/6\\\/2018\\\/12\\\/DSC00898.jpg&quot;,&quot;id&quot;:&quot;18632&quot;,&quot;title&quot;:&quot;DSC00898&quot;,&quot;alt&quot;:&quot;&quot;,&quot;caption&quot;:&quot;&quot;,&quot;itemprop&quot;:&quot;image&quot;},{&quot;src&quot;:&quot;https:\\\/\\\/cloud.alqueria.es\\\/wp-content\\\/uploads\\\/sites\\\/6\\\/2018\\\/12\\\/DSC00899.jpg&quot;,&quot;id&quot;:&quot;18633&quot;,&quot;title&quot;:&quot;DSC00899&quot;,&quot;alt&quot;:&quot;&quot;,&quot;caption&quot;:&quot;&quot;,&quot;itemprop&quot;:&quot;image&quot;},{&quot;src&quot;:&quot;https:\\\/\\\/cloud.alqueria.es\\\/wp-content\\\/uploads\\\/sites\\\/6\\\/2018\\\/12\\\/DSC00900.jpg&quot;,&quot;id&quot;:&quot;18634&quot;,&quot;title&quot;:&quot;DSC00900&quot;,&quot;alt&quot;:&quot;&quot;,&quot;caption&quot;:&quot;&quot;,&quot;itemprop&quot;:&quot;image&quot;}]\" itemscope itemtype=\"https:\/\/schema.org\/ImageGallery\"><\/div>\n<p>Descubrimos pistas con las que podemos entender las familias de los n\u00fameros.<\/p>\n<p><img decoding=\"async\" src=\"https:\/\/2.bp.blogspot.com\/-w60tLzi-atg\/Wj902bP2LJI\/AAAAAAAACkI\/3pvNps0tvuETkEHazBewWPdVFx8SSeGZACLcBGAs\/s1600\/TablaRecta100.png\" alt=\"Resultado de imagen de recta num\u00c3\u00a9rica abn\" \/><\/p>\n<p><strong>Tabla de 100:<\/strong>\u00a0la usaremos para entender las familias , aunque aqu\u00ed, localizarlas, cuesta m\u00e1s, por tener que buscarlas en diagonal. Situados en el 10, localizar el 11 ,12,13,&#8230;pasa por dirigir la mirada\u00a0 al extremo izquierdo de la fila siguiente en el papel. Encontrarla es todo un reto .<\/p>\n<p>Nos interesa conocer los n\u00fameros para poder jugar al bingo el pr\u00f3ximo trimestre.<\/p>\n<p><strong>Taller de reposter\u00eda de invierno: Almendrados de Z\u00fajar<\/strong><\/p>\n<p>Sin propon\u00e9rnoslo, hacemos 100 almendrados, n\u00famero redondo, que nos permite seguir trabajando esta cantidad.<\/p>\n<p class=\"jetpack-slideshow-noscript robots-nocontent\">El pase de diapositivas requiere JavaScript.<\/p><div id=\"gallery-18627-3-slideshow\" class=\"jetpack-slideshow-window jetpack-slideshow jetpack-slideshow-black\" data-trans=\"fade\" data-autostart=\"1\" data-gallery=\"[{&quot;src&quot;:&quot;https:\\\/\\\/cloud.alqueria.es\\\/wp-content\\\/uploads\\\/sites\\\/6\\\/2018\\\/12\\\/DSC00915.jpg&quot;,&quot;id&quot;:&quot;18649&quot;,&quot;title&quot;:&quot;DSC00915&quot;,&quot;alt&quot;:&quot;&quot;,&quot;caption&quot;:&quot;&quot;,&quot;itemprop&quot;:&quot;image&quot;},{&quot;src&quot;:&quot;https:\\\/\\\/cloud.alqueria.es\\\/wp-content\\\/uploads\\\/sites\\\/6\\\/2018\\\/12\\\/DSC00916.jpg&quot;,&quot;id&quot;:&quot;18650&quot;,&quot;title&quot;:&quot;DSC00916&quot;,&quot;alt&quot;:&quot;&quot;,&quot;caption&quot;:&quot;&quot;,&quot;itemprop&quot;:&quot;image&quot;},{&quot;src&quot;:&quot;https:\\\/\\\/cloud.alqueria.es\\\/wp-content\\\/uploads\\\/sites\\\/6\\\/2018\\\/12\\\/DSC00918.jpg&quot;,&quot;id&quot;:&quot;18651&quot;,&quot;title&quot;:&quot;DSC00918&quot;,&quot;alt&quot;:&quot;&quot;,&quot;caption&quot;:&quot;&quot;,&quot;itemprop&quot;:&quot;image&quot;},{&quot;src&quot;:&quot;https:\\\/\\\/cloud.alqueria.es\\\/wp-content\\\/uploads\\\/sites\\\/6\\\/2018\\\/12\\\/DSC00919.jpg&quot;,&quot;id&quot;:&quot;18652&quot;,&quot;title&quot;:&quot;DSC00919&quot;,&quot;alt&quot;:&quot;&quot;,&quot;caption&quot;:&quot;&quot;,&quot;itemprop&quot;:&quot;image&quot;},{&quot;src&quot;:&quot;https:\\\/\\\/cloud.alqueria.es\\\/wp-content\\\/uploads\\\/sites\\\/6\\\/2018\\\/12\\\/DSC00920.jpg&quot;,&quot;id&quot;:&quot;18653&quot;,&quot;title&quot;:&quot;DSC00920&quot;,&quot;alt&quot;:&quot;&quot;,&quot;caption&quot;:&quot;&quot;,&quot;itemprop&quot;:&quot;image&quot;},{&quot;src&quot;:&quot;https:\\\/\\\/cloud.alqueria.es\\\/wp-content\\\/uploads\\\/sites\\\/6\\\/2018\\\/12\\\/DSC00921.jpg&quot;,&quot;id&quot;:&quot;18654&quot;,&quot;title&quot;:&quot;DSC00921&quot;,&quot;alt&quot;:&quot;&quot;,&quot;caption&quot;:&quot;&quot;,&quot;itemprop&quot;:&quot;image&quot;},{&quot;src&quot;:&quot;https:\\\/\\\/cloud.alqueria.es\\\/wp-content\\\/uploads\\\/sites\\\/6\\\/2018\\\/12\\\/DSC00922.jpg&quot;,&quot;id&quot;:&quot;18655&quot;,&quot;title&quot;:&quot;DSC00922&quot;,&quot;alt&quot;:&quot;&quot;,&quot;caption&quot;:&quot;&quot;,&quot;itemprop&quot;:&quot;image&quot;},{&quot;src&quot;:&quot;https:\\\/\\\/cloud.alqueria.es\\\/wp-content\\\/uploads\\\/sites\\\/6\\\/2018\\\/12\\\/DSC00923.jpg&quot;,&quot;id&quot;:&quot;18656&quot;,&quot;title&quot;:&quot;DSC00923&quot;,&quot;alt&quot;:&quot;&quot;,&quot;caption&quot;:&quot;&quot;,&quot;itemprop&quot;:&quot;image&quot;},{&quot;src&quot;:&quot;https:\\\/\\\/cloud.alqueria.es\\\/wp-content\\\/uploads\\\/sites\\\/6\\\/2018\\\/12\\\/DSC00924.jpg&quot;,&quot;id&quot;:&quot;18657&quot;,&quot;title&quot;:&quot;DSC00924&quot;,&quot;alt&quot;:&quot;&quot;,&quot;caption&quot;:&quot;&quot;,&quot;itemprop&quot;:&quot;image&quot;}]\" itemscope itemtype=\"https:\/\/schema.org\/ImageGallery\"><\/div>\n<h5>Receta:<\/h5>\n<p>Patatas cocidas, peladas y chafadas, se mezclan con dos claras de huevo a punto de nieve, almendra molida, ralladura de lim\u00f3n y az\u00facar. Se hacen bolitas. Se pinta con yema de\u00a0 huevo. Se decora con una almendra entera. Se doran en el horno.<\/p>\n<p><img decoding=\"async\" data-attachment-id=\"18712\" data-permalink=\"https:\/\/www.alqueria.es\/blogs\/alqueriaprimerciclo\/2018\/12\/20\/cerramos-trimestre\/dsc00971-2\/\" data-orig-file=\"https:\/\/cloud.alqueria.es\/wp-content\/uploads\/sites\/6\/2018\/12\/DSC00971.jpg\" data-orig-size=\"640,480\" data-comments-opened=\"1\" data-image-meta=\"{&quot;aperture&quot;:&quot;2.8&quot;,&quot;credit&quot;:&quot;&quot;,&quot;camera&quot;:&quot;DSC-W510&quot;,&quot;caption&quot;:&quot;&quot;,&quot;created_timestamp&quot;:&quot;1545176268&quot;,&quot;copyright&quot;:&quot;Copyright 2009&quot;,&quot;focal_length&quot;:&quot;4.7&quot;,&quot;iso&quot;:&quot;800&quot;,&quot;shutter_speed&quot;:&quot;0.004&quot;,&quot;title&quot;:&quot;&quot;,&quot;orientation&quot;:&quot;1&quot;}\" data-image-title=\"DSC00971\" data-image-description=\"\" data-image-caption=\"\" data-large-file=\"https:\/\/cloud.alqueria.es\/wp-content\/uploads\/sites\/6\/2018\/12\/DSC00971.jpg\" class=\"aligncenter size-full wp-image-18712\" src=\"https:\/\/cloud.alqueria.es\/wp-content\/uploads\/sites\/6\/2018\/12\/DSC00971.jpg\" alt=\"\" width=\"640\" height=\"480\" srcset=\"https:\/\/cloud.alqueria.es\/wp-content\/uploads\/sites\/6\/2018\/12\/DSC00971.jpg 640w, https:\/\/cloud.alqueria.es\/wp-content\/uploads\/sites\/6\/2018\/12\/DSC00971.jpg 300w\" sizes=\"(max-width: 640px) 100vw, 640px\" \/><\/p>\n<p>Para envolverlos,\u00a0 repartimos cinco envoltorios a cada uno , lo que permite contar de cinco en cinco. Repetimos este conteo con los dulces. Volvemos a contar as\u00ed al ponerlos en la bandeja. Y finalmente visualizamos los n\u00fameros escritos de cinco en cinco en la tabla de 100. \u00bb Las matem\u00e1ticas en la vida.\u00bb<\/p>\n<h5><strong>Comida de final de trimestre<\/strong><\/h5>\n<p>El jueves 20 de diciembre hemos tenido una comida especial.<\/p>\n<p><img decoding=\"async\" data-attachment-id=\"18746\" data-permalink=\"https:\/\/www.alqueria.es\/blogs\/alqueriaprimerciclo\/2018\/12\/20\/cerramos-trimestre\/dsc00985-2\/\" data-orig-file=\"https:\/\/cloud.alqueria.es\/wp-content\/uploads\/sites\/6\/2018\/12\/DSC00985.jpg\" data-orig-size=\"640,480\" data-comments-opened=\"1\" data-image-meta=\"{&quot;aperture&quot;:&quot;2.8&quot;,&quot;credit&quot;:&quot;&quot;,&quot;camera&quot;:&quot;DSC-W510&quot;,&quot;caption&quot;:&quot;&quot;,&quot;created_timestamp&quot;:&quot;1545272314&quot;,&quot;copyright&quot;:&quot;Copyright 2009&quot;,&quot;focal_length&quot;:&quot;4.7&quot;,&quot;iso&quot;:&quot;800&quot;,&quot;shutter_speed&quot;:&quot;0.0125&quot;,&quot;title&quot;:&quot;&quot;,&quot;orientation&quot;:&quot;1&quot;}\" data-image-title=\"DSC00985\" data-image-description=\"\" data-image-caption=\"\" data-large-file=\"https:\/\/cloud.alqueria.es\/wp-content\/uploads\/sites\/6\/2018\/12\/DSC00985.jpg\" class=\"aligncenter wp-image-18746\" src=\"https:\/\/cloud.alqueria.es\/wp-content\/uploads\/sites\/6\/2018\/12\/DSC00985.jpg\" alt=\"\" width=\"347\" height=\"260\" srcset=\"https:\/\/cloud.alqueria.es\/wp-content\/uploads\/sites\/6\/2018\/12\/DSC00985.jpg 640w, https:\/\/cloud.alqueria.es\/wp-content\/uploads\/sites\/6\/2018\/12\/DSC00985.jpg 300w\" sizes=\"(max-width: 347px) 100vw, 347px\" \/><\/p>\n<p><img decoding=\"async\" data-attachment-id=\"18731\" data-permalink=\"https:\/\/www.alqueria.es\/blogs\/alqueriaprimerciclo\/2018\/12\/20\/cerramos-trimestre\/dsc00984-2\/\" data-orig-file=\"https:\/\/cloud.alqueria.es\/wp-content\/uploads\/sites\/6\/2018\/12\/DSC00984.jpg\" data-orig-size=\"640,480\" data-comments-opened=\"1\" data-image-meta=\"{&quot;aperture&quot;:&quot;2.8&quot;,&quot;credit&quot;:&quot;&quot;,&quot;camera&quot;:&quot;DSC-W510&quot;,&quot;caption&quot;:&quot;&quot;,&quot;created_timestamp&quot;:&quot;1545271064&quot;,&quot;copyright&quot;:&quot;Copyright 2009&quot;,&quot;focal_length&quot;:&quot;4.7&quot;,&quot;iso&quot;:&quot;800&quot;,&quot;shutter_speed&quot;:&quot;0.016666666666667&quot;,&quot;title&quot;:&quot;&quot;,&quot;orientation&quot;:&quot;1&quot;}\" data-image-title=\"DSC00984\" data-image-description=\"\" data-image-caption=\"\" data-large-file=\"https:\/\/cloud.alqueria.es\/wp-content\/uploads\/sites\/6\/2018\/12\/DSC00984.jpg\" class=\"aligncenter wp-image-18731\" src=\"https:\/\/cloud.alqueria.es\/wp-content\/uploads\/sites\/6\/2018\/12\/DSC00984.jpg\" alt=\"\" width=\"322\" height=\"241\" srcset=\"https:\/\/cloud.alqueria.es\/wp-content\/uploads\/sites\/6\/2018\/12\/DSC00984.jpg 640w, https:\/\/cloud.alqueria.es\/wp-content\/uploads\/sites\/6\/2018\/12\/DSC00984.jpg 300w\" sizes=\"(max-width: 322px) 100vw, 322px\" \/><\/p>\n<p style=\"text-align: center\">\u00a1Estaba todo riqu\u00edsimo!<\/p>\n<h5>Fiesta de despedida, 21 de diciembre<\/h5>\n<p>10h. Concierto m\u00fasico-vocal de canciones tradicionales.<img decoding=\"async\" class=\"alignright\" src=\"https:\/\/pindongas.com\/wp-content\/uploads\/2016\/12\/Zambomba-grande-web.jpg\" alt=\"Resultado de imagen de zambomba\" width=\"111\" height=\"111\" \/><\/p>\n<p>12h. Juegos cooperativos.<\/p>\n<p><img decoding=\"async\" class=\"alignleft\" src=\"https:\/\/pbs.twimg.com\/media\/CWnEEjGWwAAm3bF.jpg\" width=\"111\" height=\"83\" \/> -15h. Despedida de las familias con mantecados y polvorones.<\/p>\n<h5><strong>Recomendaciones para las vacaciones: <\/strong><\/h5>\n<p><strong><img decoding=\"async\" class=\"alignleft\" src=\"https:\/\/estaticos.serpadres.es\/media\/cache\/760x570_thumb\/uploads\/images\/article\/591d91345cafe870aec0031b\/lectura-c_0.jpg\" alt=\"Resultado de imagen de lectura\" width=\"292\" height=\"219\" \/>Leer :\u00a0<\/strong>El placer de leer\u00a0 est\u00e1 por llegar, pero ya hemos saboreado\u00a0 el placer de escuchar la lectura muchas veces. Ahora mismo es un esfuerzo muy grande seguir un texto correctamente y comprenderlo\u00a0 es una ilusi\u00f3n Por eso, debemos practicar cinco minutos diarios durante las vacaciones, para seguir avanzando y no depender de que nos lean, sino poder ser nosotros mismos lo que leamos solos.<\/p>\n<p style=\"text-align: center\"><strong><em>\u00abQuien lee vive dos veces\u00bb<\/em><\/strong><\/p>\n<p><strong>Colaborar: <\/strong>en todas las tareas que sepamos hacer y podamos aprender en casa.<\/p>\n<p><strong>Disfrutar:<\/strong>\u00a0de la compa\u00f1\u00eda de nuestro seres queridos, buscando formas de diversi\u00f3n que incluyan a todos los que apreciamos.<\/p>\n<p><img decoding=\"async\" class=\"alignleft\" src=\"https:\/\/previews.123rf.com\/images\/lchumpitaz\/lchumpitaz1505\/lchumpitaz150500044\/40342753-feliz-a%C3%B1o-nuevo-2019.jpg\" alt=\"Resultado de imagen de imagenes a\u00c3\u00b1o 2019\" width=\"224\" height=\"149\" \/>Os deseamos que teng\u00e1is unos d\u00edas agradables y celebr\u00e9is la entrada de nuevo a\u00f1o con salud y proyectos, que os animen a seguir adelante. Nosotros ya los estamos preparando.<\/p>\n<p>En nombre de todo el equipo del grupo de primero un abrazo cari\u00f1oso.<\/p>\n<p>Rosi<\/p>\n","protected":false},"excerpt":{"rendered":"<p>Lectura compartida Hemos disfrutado durante esta primera parte del curso del apoyo y la ayuda de nuestros compa\u00f1eros de cuarto para seguir aprendiendo a leer. Durante las sesiones se han vivido situaciones entra\u00f1ables, que han permitido conocernos mejor. Nos despedimos, hasta despu\u00e9s de las vacaciones, renovando el compromiso de seguir trabajando juntos. Para animarnos nos &hellip; <a href=\"https:\/\/www.alqueria.es\/blogs\/alqueriaprimerciclo\/2018\/12\/20\/cerramos-trimestre\/\" class=\"more-link\">Seguir leyendo <span class=\"screen-reader-text\">Cerramos trimestre<\/span> <span class=\"meta-nav\">&rarr;<\/span><\/a><\/p>\n","protected":false},"author":12,"featured_media":0,"comment_status":"open","ping_status":"open","sticky":false,"template":"","format":"standard","meta":{"jetpack_post_was_ever_published":false,"_jetpack_newsletter_access":"","_jetpack_dont_email_post_to_subs":false,"_jetpack_newsletter_tier_id":0,"_jetpack_memberships_contains_paywalled_content":false,"_jetpack_memberships_contains_paid_content":false,"footnotes":"","jetpack_publicize_message":"","jetpack_publicize_feature_enabled":true,"jetpack_social_post_already_shared":true,"jetpack_social_options":{"image_generator_settings":{"template":"highway","default_image_id":0,"font":"","enabled":false},"version":2}},"categories":[2,8],"tags":[],"class_list":["post-18627","post","type-post","status-publish","format-standard","hentry","category-1o-epo","category-diario-de-clase-1o"],"jetpack_publicize_connections":[],"jetpack_featured_media_url":"","jetpack_sharing_enabled":true,"jetpack_shortlink":"https:\/\/wp.me\/p4lvS0-4Qr","_links":{"self":[{"href":"https:\/\/www.alqueria.es\/blogs\/alqueriaprimerciclo\/wp-json\/wp\/v2\/posts\/18627","targetHints":{"allow":["GET"]}}],"collection":[{"href":"https:\/\/www.alqueria.es\/blogs\/alqueriaprimerciclo\/wp-json\/wp\/v2\/posts"}],"about":[{"href":"https:\/\/www.alqueria.es\/blogs\/alqueriaprimerciclo\/wp-json\/wp\/v2\/types\/post"}],"author":[{"embeddable":true,"href":"https:\/\/www.alqueria.es\/blogs\/alqueriaprimerciclo\/wp-json\/wp\/v2\/users\/12"}],"replies":[{"embeddable":true,"href":"https:\/\/www.alqueria.es\/blogs\/alqueriaprimerciclo\/wp-json\/wp\/v2\/comments?post=18627"}],"version-history":[{"count":0,"href":"https:\/\/www.alqueria.es\/blogs\/alqueriaprimerciclo\/wp-json\/wp\/v2\/posts\/18627\/revisions"}],"wp:attachment":[{"href":"https:\/\/www.alqueria.es\/blogs\/alqueriaprimerciclo\/wp-json\/wp\/v2\/media?parent=18627"}],"wp:term":[{"taxonomy":"category","embeddable":true,"href":"https:\/\/www.alqueria.es\/blogs\/alqueriaprimerciclo\/wp-json\/wp\/v2\/categories?post=18627"},{"taxonomy":"post_tag","embeddable":true,"href":"https:\/\/www.alqueria.es\/blogs\/alqueriaprimerciclo\/wp-json\/wp\/v2\/tags?post=18627"}],"curies":[{"name":"wp","href":"https:\/\/api.w.org\/{rel}","templated":true}]}}