{"id":18797,"date":"2019-01-13T20:58:47","date_gmt":"2019-01-13T19:58:47","guid":{"rendered":"https:\/\/www.alqueria.es\/blogs\/alqueriaprimerciclo\/?p=18797"},"modified":"2019-01-13T20:58:47","modified_gmt":"2019-01-13T19:58:47","slug":"segundo-trimestre","status":"publish","type":"post","link":"https:\/\/www.alqueria.es\/blogs\/alqueriaprimerciclo\/2019\/01\/13\/segundo-trimestre\/","title":{"rendered":"SEGUNDO trimestre"},"content":{"rendered":"<p>En la clase de 2\u00ba comenzamos el a\u00f1o deseando que sea un nuevo viaje cargado de fascinantes experiencias, estamos deseando compartirlas con vosotros a trav\u00e9s de esta bit\u00e1cora.<\/p>\n<p><img decoding=\"async\" src=\"https:\/\/encrypted-tbn0.gstatic.com\/images?q=tbn:ANd9GcSJ5t8lo2MCBs72yLR1TNgzvULHHDpUlewt6pL5_DYycDw67cgS\" alt=\"Imagen relacionada\" \/><\/p>\n<p>Organizamos el trimestre<\/p>\n<p>Este segundo trimestre viene cargado de actividades especiales, organizamos nuestro calendario y la agenda personal , asi sabremos en cada momento que responsabilidades debemos tener en cuenta.<\/p>\n<p>Nos adentraremos en el estudio de nuestro cuerpo, conocerlo para saber como cuidarlo, ser\u00e0 nuestra prioridad.<\/p>\n<h6><img decoding=\"async\" data-attachment-id=\"18804\" data-permalink=\"https:\/\/www.alqueria.es\/blogs\/alqueriaprimerciclo\/2019\/01\/13\/segundo-trimestre\/p90111-153916\/\" data-orig-file=\"https:\/\/cloud.alqueria.es\/wp-content\/uploads\/sites\/6\/2019\/01\/P90111-153916.jpg\" data-orig-size=\"1024,768\" data-comments-opened=\"1\" data-image-meta=\"{&quot;aperture&quot;:&quot;0&quot;,&quot;credit&quot;:&quot;&quot;,&quot;camera&quot;:&quot;&quot;,&quot;caption&quot;:&quot;&quot;,&quot;created_timestamp&quot;:&quot;0&quot;,&quot;copyright&quot;:&quot;&quot;,&quot;focal_length&quot;:&quot;0&quot;,&quot;iso&quot;:&quot;0&quot;,&quot;shutter_speed&quot;:&quot;0&quot;,&quot;title&quot;:&quot;&quot;,&quot;orientation&quot;:&quot;0&quot;}\" data-image-title=\"P90111-153916\" data-image-description=\"\" data-image-caption=\"\" data-large-file=\"https:\/\/cloud.alqueria.es\/wp-content\/uploads\/sites\/6\/2019\/01\/P90111-153916.jpg\" class=\"size-full wp-image-18804 alignright\" src=\"https:\/\/cloud.alqueria.es\/wp-content\/uploads\/sites\/6\/2019\/01\/P90111-153916.jpg\" alt=\"\" width=\"1024\" height=\"768\" srcset=\"https:\/\/cloud.alqueria.es\/wp-content\/uploads\/sites\/6\/2019\/01\/P90111-153916.jpg 1024w, https:\/\/cloud.alqueria.es\/wp-content\/uploads\/sites\/6\/2019\/01\/P90111-153916.jpg 300w, https:\/\/cloud.alqueria.es\/wp-content\/uploads\/sites\/6\/2019\/01\/P90111-153916.jpg 768w\" sizes=\"(max-width: 1024px) 100vw, 1024px\" \/><\/h6>\n<ul>\n<li><strong>Distintas conferencias\u00a0 llevadas acabo por los compa\u00f1eros, aportar\u00e1n oportunidades de\u00a0 conocimiento .<\/strong><\/li>\n<li>\n<h6><strong>Algunas charlas- taller , impartidas\u00a0 por especialistas en salud e investigaci\u00f3n, nos dar\u00e1n la oportunidad de aprender a trav\u00e9s de la experiencia y experimentaci\u00f3n.<\/strong><\/h6>\n<\/li>\n<li>\n<h6>Visitaremos la facultad de ciencias.<\/h6>\n<\/li>\n<li>\n<h6><strong>Experimentos cient\u00edficos relacionados con el tema de la semana cultural: el agua.<\/strong><\/h6>\n<\/li>\n<li>\n<h6>Conocer la\u00a0 historia de nuestra, visitaremos\u00a0 El Albayc\u00edn<\/h6>\n<\/li>\n<\/ul>\n<p>Comenzamos con el ciclo de investigaci\u00f3n sobre el cuerpo: salud y alimentaci\u00f3n.<\/p>\n<p><img decoding=\"async\" class=\"\" src=\"http:\/\/3.bp.blogspot.com\/-7RN5VnMaOR8\/VqTDTruFhLI\/AAAAAAAAEFA\/BAuzCqbNPuw\/s1600\/vida%2Bsana%2Bcon%2Bsusana%2Bbody%2Bdance%2Bmush%2Bmurcia%2B2%2Bdanza%2Btanta%255B1%255D.png\" alt=\"Imagen relacionada\" width=\"163\" height=\"125\" \/><\/p>\n<h6>Conferencia de los deportes<\/h6>\n<p>Alicia nos informa sobre la importancia del deporte para nuestra salud y cuidado del cuerpo y la mente. Algunos deportes individuales y otros de equipo, como el atletismo, golf, motociclismo, waterpolo.<\/p>\n<p>Nos ha mostrado un video sobre la importancia de la deportividad frente a la antideportividad, donde entendemos el deporte como una pr\u00e1ctica beneficiosa para nuestro cuerpo .<\/p>\n<p><img decoding=\"async\" data-attachment-id=\"18802\" data-permalink=\"https:\/\/www.alqueria.es\/blogs\/alqueriaprimerciclo\/2019\/01\/13\/segundo-trimestre\/p90111-173420\/\" data-orig-file=\"https:\/\/cloud.alqueria.es\/wp-content\/uploads\/sites\/6\/2019\/01\/P90111-173420.jpg\" data-orig-size=\"1024,768\" data-comments-opened=\"1\" data-image-meta=\"{&quot;aperture&quot;:&quot;0&quot;,&quot;credit&quot;:&quot;&quot;,&quot;camera&quot;:&quot;&quot;,&quot;caption&quot;:&quot;&quot;,&quot;created_timestamp&quot;:&quot;0&quot;,&quot;copyright&quot;:&quot;&quot;,&quot;focal_length&quot;:&quot;0&quot;,&quot;iso&quot;:&quot;0&quot;,&quot;shutter_speed&quot;:&quot;0&quot;,&quot;title&quot;:&quot;&quot;,&quot;orientation&quot;:&quot;0&quot;}\" data-image-title=\"P90111-173420\" data-image-description=\"\" data-image-caption=\"\" data-large-file=\"https:\/\/cloud.alqueria.es\/wp-content\/uploads\/sites\/6\/2019\/01\/P90111-173420.jpg\" class=\"aligncenter size-full wp-image-18802\" src=\"https:\/\/cloud.alqueria.es\/wp-content\/uploads\/sites\/6\/2019\/01\/P90111-173420.jpg\" alt=\"\" width=\"1024\" height=\"768\" srcset=\"https:\/\/cloud.alqueria.es\/wp-content\/uploads\/sites\/6\/2019\/01\/P90111-173420.jpg 1024w, https:\/\/cloud.alqueria.es\/wp-content\/uploads\/sites\/6\/2019\/01\/P90111-173420.jpg 300w, https:\/\/cloud.alqueria.es\/wp-content\/uploads\/sites\/6\/2019\/01\/P90111-173420.jpg 768w\" sizes=\"(max-width: 1024px) 100vw, 1024px\" \/><\/p>\n<div class=\"a25-CTUOC-hidding-box\" data-original-content=\"&lt;iframe title=&quot;Deportes Alicia&quot; src=&quot;https:\/\/www.slideshare.net\/slideshow\/embed_code\/key\/DCKRIFpKUXQjTD&quot; width=&quot;427&quot; height=&quot;356&quot; frameborder=&quot;0&quot; marginwidth=&quot;0&quot; marginheight=&quot;0&quot; scrolling=&quot;no&quot; style=&quot;border:1px solid #CCC; border-width:1px; margin-bottom:5px; max-width: 100%;&quot; allowfullscreen&gt; &lt;\/iframe&gt;\">Esta p\u00e1gina incluye contenido multimedia que requiere aceptar todas las cookies. Pulse aqu\u00ed para abrir la configuraci\u00f3n de cookies.<\/div>\n<div style=\"margin-bottom:5px\"> <strong> <a href=\"https:\/\/es.slideshare.net\/primercicloalqueria\/deportes-alicia\" title=\"Deportes Alicia\" target=\"_blank\">Deportes Alicia<\/a> <\/strong> from <strong><a href=\"https:\/\/www.slideshare.net\/primercicloalqueria\" target=\"_blank\">primercicloalqueria<\/a><\/strong> <\/div>\n<p>En<strong> art\u00edstica<\/strong> estudiamos\u00a0 los huesos principales que componen nuestro esqueleto y permiten el movimiento del cuerpo.\u00a0 Observando las posibilidades de las articulaciones lo relacionamos con la pr\u00e1ctica de algunos deportes para llevarlo a la expresi\u00f3n gr\u00e1fica. Comenzamos dibujando la percepci\u00f3n que cada uno tiene del esqueleto , pod\u00e9is verlo expuesto.<\/p>\n<p><img decoding=\"async\" data-attachment-id=\"18807\" data-permalink=\"https:\/\/www.alqueria.es\/blogs\/alqueriaprimerciclo\/2019\/01\/13\/segundo-trimestre\/images-21\/\" data-orig-file=\"https:\/\/cloud.alqueria.es\/wp-content\/uploads\/sites\/6\/2019\/01\/images.jpeg\" data-orig-size=\"208,243\" data-comments-opened=\"1\" data-image-meta=\"{&quot;aperture&quot;:&quot;0&quot;,&quot;credit&quot;:&quot;&quot;,&quot;camera&quot;:&quot;&quot;,&quot;caption&quot;:&quot;&quot;,&quot;created_timestamp&quot;:&quot;0&quot;,&quot;copyright&quot;:&quot;&quot;,&quot;focal_length&quot;:&quot;0&quot;,&quot;iso&quot;:&quot;0&quot;,&quot;shutter_speed&quot;:&quot;0&quot;,&quot;title&quot;:&quot;&quot;,&quot;orientation&quot;:&quot;0&quot;}\" data-image-title=\"images\" data-image-description=\"\" data-image-caption=\"\" data-large-file=\"https:\/\/cloud.alqueria.es\/wp-content\/uploads\/sites\/6\/2019\/01\/images.jpeg\" class=\"aligncenter size-full wp-image-18807\" src=\"https:\/\/cloud.alqueria.es\/wp-content\/uploads\/sites\/6\/2019\/01\/images.jpeg\" alt=\"\" width=\"208\" height=\"243\" \/><\/p>\n<h6>Carta de agradecimiento<\/h6>\n<p>Bruno comparte con nosotros la carta recibida tras su iniciativa solidaria con medicos sin frontreras.<\/p>\n<p><img decoding=\"async\" data-attachment-id=\"18803\" data-permalink=\"https:\/\/www.alqueria.es\/blogs\/alqueriaprimerciclo\/2019\/01\/13\/segundo-trimestre\/p90111-152844\/\" data-orig-file=\"https:\/\/cloud.alqueria.es\/wp-content\/uploads\/sites\/6\/2019\/01\/P90111-152844.jpg\" data-orig-size=\"768,1024\" data-comments-opened=\"1\" data-image-meta=\"{&quot;aperture&quot;:&quot;0&quot;,&quot;credit&quot;:&quot;&quot;,&quot;camera&quot;:&quot;&quot;,&quot;caption&quot;:&quot;&quot;,&quot;created_timestamp&quot;:&quot;0&quot;,&quot;copyright&quot;:&quot;&quot;,&quot;focal_length&quot;:&quot;0&quot;,&quot;iso&quot;:&quot;0&quot;,&quot;shutter_speed&quot;:&quot;0&quot;,&quot;title&quot;:&quot;&quot;,&quot;orientation&quot;:&quot;0&quot;}\" data-image-title=\"P90111-152844\" data-image-description=\"\" data-image-caption=\"\" data-large-file=\"https:\/\/cloud.alqueria.es\/wp-content\/uploads\/sites\/6\/2019\/01\/P90111-152844.jpg\" class=\"aligncenter size-full wp-image-18803\" src=\"https:\/\/cloud.alqueria.es\/wp-content\/uploads\/sites\/6\/2019\/01\/P90111-152844.jpg\" alt=\"\" width=\"768\" height=\"1024\" srcset=\"https:\/\/cloud.alqueria.es\/wp-content\/uploads\/sites\/6\/2019\/01\/P90111-152844.jpg 768w, https:\/\/cloud.alqueria.es\/wp-content\/uploads\/sites\/6\/2019\/01\/P90111-152844.jpg 225w\" sizes=\"(max-width: 768px) 100vw, 768px\" \/><\/p>\n<p>Nos emocionamos con\u00a0 ella y con ellos.<\/p>\n<p>Un saludo<\/p>\n<p>Dar\u00eda<\/p>\n<p>&nbsp;<\/p>\n<p>&nbsp;<\/p>\n<p>&nbsp;<\/p>\n","protected":false},"excerpt":{"rendered":"<p>En la clase de 2\u00ba comenzamos el a\u00f1o deseando que sea un nuevo viaje cargado de fascinantes experiencias, estamos deseando compartirlas con vosotros a trav\u00e9s de esta bit\u00e1cora. Organizamos el trimestre Este segundo trimestre viene cargado de actividades especiales, organizamos nuestro calendario y la agenda personal , asi sabremos en cada momento que responsabilidades debemos &hellip; <a href=\"https:\/\/www.alqueria.es\/blogs\/alqueriaprimerciclo\/2019\/01\/13\/segundo-trimestre\/\" class=\"more-link\">Seguir leyendo <span class=\"screen-reader-text\">SEGUNDO trimestre<\/span> <span class=\"meta-nav\">&rarr;<\/span><\/a><\/p>\n","protected":false},"author":12,"featured_media":0,"comment_status":"open","ping_status":"open","sticky":false,"template":"","format":"standard","meta":{"jetpack_post_was_ever_published":false,"_jetpack_newsletter_access":"","_jetpack_dont_email_post_to_subs":false,"_jetpack_newsletter_tier_id":0,"_jetpack_memberships_contains_paywalled_content":false,"_jetpack_memberships_contains_paid_content":false,"footnotes":"","jetpack_publicize_message":"","jetpack_publicize_feature_enabled":true,"jetpack_social_post_already_shared":true,"jetpack_social_options":{"image_generator_settings":{"template":"highway","default_image_id":0,"font":"","enabled":false},"version":2}},"categories":[3,9],"tags":[32,37],"class_list":["post-18797","post","type-post","status-publish","format-standard","hentry","category-2o-epo","category-diario-de-clase-2o","tag-alqueria","tag-conferencias"],"jetpack_publicize_connections":[],"jetpack_featured_media_url":"","jetpack_sharing_enabled":true,"jetpack_shortlink":"https:\/\/wp.me\/p4lvS0-4Tb","_links":{"self":[{"href":"https:\/\/www.alqueria.es\/blogs\/alqueriaprimerciclo\/wp-json\/wp\/v2\/posts\/18797","targetHints":{"allow":["GET"]}}],"collection":[{"href":"https:\/\/www.alqueria.es\/blogs\/alqueriaprimerciclo\/wp-json\/wp\/v2\/posts"}],"about":[{"href":"https:\/\/www.alqueria.es\/blogs\/alqueriaprimerciclo\/wp-json\/wp\/v2\/types\/post"}],"author":[{"embeddable":true,"href":"https:\/\/www.alqueria.es\/blogs\/alqueriaprimerciclo\/wp-json\/wp\/v2\/users\/12"}],"replies":[{"embeddable":true,"href":"https:\/\/www.alqueria.es\/blogs\/alqueriaprimerciclo\/wp-json\/wp\/v2\/comments?post=18797"}],"version-history":[{"count":0,"href":"https:\/\/www.alqueria.es\/blogs\/alqueriaprimerciclo\/wp-json\/wp\/v2\/posts\/18797\/revisions"}],"wp:attachment":[{"href":"https:\/\/www.alqueria.es\/blogs\/alqueriaprimerciclo\/wp-json\/wp\/v2\/media?parent=18797"}],"wp:term":[{"taxonomy":"category","embeddable":true,"href":"https:\/\/www.alqueria.es\/blogs\/alqueriaprimerciclo\/wp-json\/wp\/v2\/categories?post=18797"},{"taxonomy":"post_tag","embeddable":true,"href":"https:\/\/www.alqueria.es\/blogs\/alqueriaprimerciclo\/wp-json\/wp\/v2\/tags?post=18797"}],"curies":[{"name":"wp","href":"https:\/\/api.w.org\/{rel}","templated":true}]}}