{"id":18810,"date":"2019-01-18T15:42:57","date_gmt":"2019-01-18T14:42:57","guid":{"rendered":"https:\/\/www.alqueria.es\/blogs\/alqueriaprimerciclo\/?p=18810"},"modified":"2019-01-18T15:42:57","modified_gmt":"2019-01-18T14:42:57","slug":"trabajo-colaborativo","status":"publish","type":"post","link":"https:\/\/www.alqueria.es\/blogs\/alqueriaprimerciclo\/2019\/01\/18\/trabajo-colaborativo\/","title":{"rendered":"Trabajo colaborativo"},"content":{"rendered":"<h5>Las Fuentes y Pilares de Granada<\/h5>\n<p>La Semana Cultural\u00a0 de este curso tiene como tema \u00abEl agua\u00bb. Se celebra entre el 18 y\u00a0 22 de febrero.<\/p>\n<p><img decoding=\"async\" class=\"alignleft\" src=\"https:\/\/www.alhambra.org\/fototeca\/fototeca.png\" alt=\"Imagen relacionada\" width=\"194\" height=\"165\" \/>En el grupo de 1\u00ba de primaria hemos decidido que, como es un tema muy amplio, vamos a interesarnos por las fuentes y los pilares de nuestra ciudad,\u00a0 que precisamente han favorecido la vida de sus ciudadanos en otros tiempos. Se nos ha presentado una selecci\u00f3n y se ha sorteado entre nosotros.<\/p>\n<p>Previamente hab\u00edamos trabajado\u00a0 los temas: \u00abEl agua y los seres vivos\u00bb, \u00abDe d\u00f3nde viene el agua de los grifos\u00bb y \u00abEl agua en la Vega\u00bb. En esta ocasi\u00f3n,\u00bb Fuentes y Pilares en Granada\u00bb.<\/p>\n<p>Hemos empezado por localizar la que\u00a0 nos ha tocado a cada uno. La hemos visitado con nuestras familias este fin de semana pasado. El lunes presentamos un boceto en clase.<\/p>\n<p class=\"jetpack-slideshow-noscript robots-nocontent\">El pase de diapositivas requiere JavaScript.<\/p><div id=\"gallery-18810-1-slideshow\" class=\"jetpack-slideshow-window jetpack-slideshow jetpack-slideshow-black\" data-trans=\"fade\" data-autostart=\"1\" data-gallery=\"[{&quot;src&quot;:&quot;https:\\\/\\\/cloud.alqueria.es\\\/wp-content\\\/uploads\\\/sites\\\/6\\\/2019\\\/01\\\/DSC01043.jpg&quot;,&quot;id&quot;:&quot;18811&quot;,&quot;title&quot;:&quot;DSC01043&quot;,&quot;alt&quot;:&quot;&quot;,&quot;caption&quot;:&quot;&quot;,&quot;itemprop&quot;:&quot;image&quot;},{&quot;src&quot;:&quot;https:\\\/\\\/cloud.alqueria.es\\\/wp-content\\\/uploads\\\/sites\\\/6\\\/2019\\\/01\\\/DSC01045.jpg&quot;,&quot;id&quot;:&quot;18812&quot;,&quot;title&quot;:&quot;DSC01045&quot;,&quot;alt&quot;:&quot;&quot;,&quot;caption&quot;:&quot;&quot;,&quot;itemprop&quot;:&quot;image&quot;},{&quot;src&quot;:&quot;https:\\\/\\\/cloud.alqueria.es\\\/wp-content\\\/uploads\\\/sites\\\/6\\\/2019\\\/01\\\/DSC01046.jpg&quot;,&quot;id&quot;:&quot;18813&quot;,&quot;title&quot;:&quot;DSC01046&quot;,&quot;alt&quot;:&quot;&quot;,&quot;caption&quot;:&quot;&quot;,&quot;itemprop&quot;:&quot;image&quot;},{&quot;src&quot;:&quot;https:\\\/\\\/cloud.alqueria.es\\\/wp-content\\\/uploads\\\/sites\\\/6\\\/2019\\\/01\\\/DSC01047.jpg&quot;,&quot;id&quot;:&quot;18814&quot;,&quot;title&quot;:&quot;DSC01047&quot;,&quot;alt&quot;:&quot;&quot;,&quot;caption&quot;:&quot;&quot;,&quot;itemprop&quot;:&quot;image&quot;},{&quot;src&quot;:&quot;https:\\\/\\\/cloud.alqueria.es\\\/wp-content\\\/uploads\\\/sites\\\/6\\\/2019\\\/01\\\/DSC01049.jpg&quot;,&quot;id&quot;:&quot;18815&quot;,&quot;title&quot;:&quot;DSC01049&quot;,&quot;alt&quot;:&quot;&quot;,&quot;caption&quot;:&quot;&quot;,&quot;itemprop&quot;:&quot;image&quot;},{&quot;src&quot;:&quot;https:\\\/\\\/cloud.alqueria.es\\\/wp-content\\\/uploads\\\/sites\\\/6\\\/2019\\\/01\\\/DSC01050.jpg&quot;,&quot;id&quot;:&quot;18816&quot;,&quot;title&quot;:&quot;DSC01050&quot;,&quot;alt&quot;:&quot;&quot;,&quot;caption&quot;:&quot;&quot;,&quot;itemprop&quot;:&quot;image&quot;},{&quot;src&quot;:&quot;https:\\\/\\\/cloud.alqueria.es\\\/wp-content\\\/uploads\\\/sites\\\/6\\\/2019\\\/01\\\/DSC01052.jpg&quot;,&quot;id&quot;:&quot;18817&quot;,&quot;title&quot;:&quot;DSC01052&quot;,&quot;alt&quot;:&quot;&quot;,&quot;caption&quot;:&quot;&quot;,&quot;itemprop&quot;:&quot;image&quot;},{&quot;src&quot;:&quot;https:\\\/\\\/cloud.alqueria.es\\\/wp-content\\\/uploads\\\/sites\\\/6\\\/2019\\\/01\\\/DSC01055.jpg&quot;,&quot;id&quot;:&quot;18818&quot;,&quot;title&quot;:&quot;DSC01055&quot;,&quot;alt&quot;:&quot;&quot;,&quot;caption&quot;:&quot;&quot;,&quot;itemprop&quot;:&quot;image&quot;},{&quot;src&quot;:&quot;https:\\\/\\\/cloud.alqueria.es\\\/wp-content\\\/uploads\\\/sites\\\/6\\\/2019\\\/01\\\/DSC01056.jpg&quot;,&quot;id&quot;:&quot;18819&quot;,&quot;title&quot;:&quot;DSC01056&quot;,&quot;alt&quot;:&quot;&quot;,&quot;caption&quot;:&quot;&quot;,&quot;itemprop&quot;:&quot;image&quot;},{&quot;src&quot;:&quot;https:\\\/\\\/cloud.alqueria.es\\\/wp-content\\\/uploads\\\/sites\\\/6\\\/2019\\\/01\\\/DSC01057.jpg&quot;,&quot;id&quot;:&quot;18820&quot;,&quot;title&quot;:&quot;DSC01057&quot;,&quot;alt&quot;:&quot;&quot;,&quot;caption&quot;:&quot;&quot;,&quot;itemprop&quot;:&quot;image&quot;},{&quot;src&quot;:&quot;https:\\\/\\\/cloud.alqueria.es\\\/wp-content\\\/uploads\\\/sites\\\/6\\\/2019\\\/01\\\/DSC01058.jpg&quot;,&quot;id&quot;:&quot;18821&quot;,&quot;title&quot;:&quot;DSC01058&quot;,&quot;alt&quot;:&quot;&quot;,&quot;caption&quot;:&quot;&quot;,&quot;itemprop&quot;:&quot;image&quot;},{&quot;src&quot;:&quot;https:\\\/\\\/cloud.alqueria.es\\\/wp-content\\\/uploads\\\/sites\\\/6\\\/2019\\\/01\\\/DSC01059.jpg&quot;,&quot;id&quot;:&quot;18822&quot;,&quot;title&quot;:&quot;DSC01059&quot;,&quot;alt&quot;:&quot;&quot;,&quot;caption&quot;:&quot;&quot;,&quot;itemprop&quot;:&quot;image&quot;},{&quot;src&quot;:&quot;https:\\\/\\\/cloud.alqueria.es\\\/wp-content\\\/uploads\\\/sites\\\/6\\\/2019\\\/01\\\/DSC01060.jpg&quot;,&quot;id&quot;:&quot;18823&quot;,&quot;title&quot;:&quot;DSC01060&quot;,&quot;alt&quot;:&quot;&quot;,&quot;caption&quot;:&quot;&quot;,&quot;itemprop&quot;:&quot;image&quot;},{&quot;src&quot;:&quot;https:\\\/\\\/cloud.alqueria.es\\\/wp-content\\\/uploads\\\/sites\\\/6\\\/2019\\\/01\\\/DSC01061.jpg&quot;,&quot;id&quot;:&quot;18824&quot;,&quot;title&quot;:&quot;DSC01061&quot;,&quot;alt&quot;:&quot;&quot;,&quot;caption&quot;:&quot;&quot;,&quot;itemprop&quot;:&quot;image&quot;},{&quot;src&quot;:&quot;https:\\\/\\\/cloud.alqueria.es\\\/wp-content\\\/uploads\\\/sites\\\/6\\\/2019\\\/01\\\/DSC01062.jpg&quot;,&quot;id&quot;:&quot;18825&quot;,&quot;title&quot;:&quot;DSC01062&quot;,&quot;alt&quot;:&quot;&quot;,&quot;caption&quot;:&quot;&quot;,&quot;itemprop&quot;:&quot;image&quot;}]\" itemscope itemtype=\"https:\/\/schema.org\/ImageGallery\"><\/div>\n<p>Explicamos, uno por uno, qu\u00e9 hemos apreciado\u00a0 durante la visita\u00a0 y qu\u00e9 recordamos a partir del dibujo.<\/p>\n<p>Terminada esta presentaci\u00f3n, se nos ha dado una informaci\u00f3n breve\u00a0 por escrito, junto con una fotograf\u00eda.<\/p>\n<p>La leemos en clase. Nos damos cuenta que hay t\u00e9rminos que no entendemos. Descubrimos que al final de\u00a0 la hoja hay escrito : \u00abVocabulario\u00bb. Le sigue una peque\u00f1a lista de palabras que coinciden con lo que no comprendemos.<\/p>\n<p>La siguiente misi\u00f3n es averiguar el significado de estas palabras.<\/p>\n<p><img decoding=\"async\" class=\"alignleft\" src=\"https:\/\/4.bp.blogspot.com\/-8nNJ-nmQXlM\/Ve_0odFBYLI\/AAAAAAAABoM\/1SFTkXzs77I\/s1600\/20150908_233524.jpg\" alt=\"Imagen relacionada\" width=\"151\" height=\"85\" \/>En este proyecto vamos a trabajar, de forma individual, diferentes \u00e1reas de aprendizaje : Expresi\u00f3n oral, escrita, art\u00edstica, lectura, formas geom\u00e9tricas, elementos ornamentales, simbolog\u00eda de los mismos, localizaciones en la ciudad, historia, usos, conservaci\u00f3n&#8230;<img decoding=\"async\" class=\"alignright\" src=\"http:\/\/4.bp.blogspot.com\/_ZpNvjbr6VVs\/TTGP-x3OIiI\/AAAAAAAAAOE\/DI_qZstPoiA\/s1600\/Detalle_Pilar3_s.jpg\" alt=\"Resultado de imagen de mascarones con surtidor\" width=\"128\" height=\"171\" \/><\/p>\n<p>En grupo, vamos hacer un trabajo colaborativo, de intercambio de conocimientos, con\u00a0 el que todos, gracias a la constante comunicaci\u00f3n entre nosotros, aprenderemos los del resto de los compa\u00f1eros.<\/p>\n<p>El objetivo es poder ofrecer las\u00a0 comunicaciones a las dem\u00e1s\u00a0 clases durante la Semana Cultural, ilustradas por una exposici\u00f3n de acuarelas sobre ellas.<\/p>\n<h5>Disfrutamos<\/h5>\n<p>Entre tantos temas que trabajamos, no nos olvidamos de<strong><em> disfrutar<\/em> <\/strong>nuestro espacio m\u00e1s cercano, que es la Vega<strong>.\u00a0<\/strong>Y por tanto, la situaci\u00f3n de nuestro colegio y lo que contiene.<\/p>\n<p>Como dice Heike Freire, \u00ab<em>para proteger el medio ambiente primero hay que aprender a amarlo\u00bb.<\/em><\/p>\n<p><a href=\"https:\/\/www.elmundo.es\/ciencia-y-salud\/ciencia\/2018\/09\/28\/5bad1b0aca4741c7728b45ed.html\"><img decoding=\"async\" data-attachment-id=\"18835\" data-permalink=\"https:\/\/www.alqueria.es\/blogs\/alqueriaprimerciclo\/2019\/01\/18\/trabajo-colaborativo\/educar-en-verde\/\" data-orig-file=\"https:\/\/cloud.alqueria.es\/wp-content\/uploads\/sites\/6\/2019\/01\/EDUCAR-EN-VERDE.jpg\" data-orig-size=\"1024,617\" data-comments-opened=\"1\" data-image-meta=\"{&quot;aperture&quot;:&quot;0&quot;,&quot;credit&quot;:&quot;&quot;,&quot;camera&quot;:&quot;&quot;,&quot;caption&quot;:&quot;&quot;,&quot;created_timestamp&quot;:&quot;0&quot;,&quot;copyright&quot;:&quot;&quot;,&quot;focal_length&quot;:&quot;0&quot;,&quot;iso&quot;:&quot;0&quot;,&quot;shutter_speed&quot;:&quot;0&quot;,&quot;title&quot;:&quot;&quot;,&quot;orientation&quot;:&quot;0&quot;}\" data-image-title=\"EDUCAR-EN-VERDE\" data-image-description=\"\" data-image-caption=\"\" data-large-file=\"https:\/\/cloud.alqueria.es\/wp-content\/uploads\/sites\/6\/2019\/01\/EDUCAR-EN-VERDE.jpg\" class=\"aligncenter size-full wp-image-18835\" src=\"https:\/\/cloud.alqueria.es\/wp-content\/uploads\/sites\/6\/2019\/01\/EDUCAR-EN-VERDE.jpg\" alt=\"\" width=\"1024\" height=\"617\" srcset=\"https:\/\/cloud.alqueria.es\/wp-content\/uploads\/sites\/6\/2019\/01\/EDUCAR-EN-VERDE.jpg 1024w, https:\/\/cloud.alqueria.es\/wp-content\/uploads\/sites\/6\/2019\/01\/EDUCAR-EN-VERDE.jpg 300w, https:\/\/cloud.alqueria.es\/wp-content\/uploads\/sites\/6\/2019\/01\/EDUCAR-EN-VERDE.jpg 768w\" sizes=\"(max-width: 1024px) 100vw, 1024px\" \/><\/a><\/p>\n<p>En esta ocasi\u00f3n lo hacemos estos d\u00edas en el jard\u00edn. Ahora en invierno, con las hojas ca\u00eddas y la poda, nos ofrece un espect\u00e1culo, del que pocas veces se habla, pero que a nosotros nos encanta, como\u00a0 el del resto de las estaciones.<\/p>\n<p class=\"jetpack-slideshow-noscript robots-nocontent\">El pase de diapositivas requiere JavaScript.<\/p><div id=\"gallery-18810-2-slideshow\" class=\"jetpack-slideshow-window jetpack-slideshow jetpack-slideshow-black\" data-trans=\"fade\" data-autostart=\"1\" data-gallery=\"[{&quot;src&quot;:&quot;https:\\\/\\\/cloud.alqueria.es\\\/wp-content\\\/uploads\\\/sites\\\/6\\\/2019\\\/01\\\/DSC01066.jpg&quot;,&quot;id&quot;:&quot;18837&quot;,&quot;title&quot;:&quot;DSC01066&quot;,&quot;alt&quot;:&quot;&quot;,&quot;caption&quot;:&quot;&quot;,&quot;itemprop&quot;:&quot;image&quot;},{&quot;src&quot;:&quot;https:\\\/\\\/cloud.alqueria.es\\\/wp-content\\\/uploads\\\/sites\\\/6\\\/2019\\\/01\\\/DSC01067.jpg&quot;,&quot;id&quot;:&quot;18838&quot;,&quot;title&quot;:&quot;DSC01067&quot;,&quot;alt&quot;:&quot;&quot;,&quot;caption&quot;:&quot;&quot;,&quot;itemprop&quot;:&quot;image&quot;},{&quot;src&quot;:&quot;https:\\\/\\\/cloud.alqueria.es\\\/wp-content\\\/uploads\\\/sites\\\/6\\\/2019\\\/01\\\/DSC01068.jpg&quot;,&quot;id&quot;:&quot;18839&quot;,&quot;title&quot;:&quot;DSC01068&quot;,&quot;alt&quot;:&quot;&quot;,&quot;caption&quot;:&quot;&quot;,&quot;itemprop&quot;:&quot;image&quot;},{&quot;src&quot;:&quot;https:\\\/\\\/cloud.alqueria.es\\\/wp-content\\\/uploads\\\/sites\\\/6\\\/2019\\\/01\\\/DSC01069.jpg&quot;,&quot;id&quot;:&quot;18840&quot;,&quot;title&quot;:&quot;DSC01069&quot;,&quot;alt&quot;:&quot;&quot;,&quot;caption&quot;:&quot;&quot;,&quot;itemprop&quot;:&quot;image&quot;},{&quot;src&quot;:&quot;https:\\\/\\\/cloud.alqueria.es\\\/wp-content\\\/uploads\\\/sites\\\/6\\\/2019\\\/01\\\/DSC01070.jpg&quot;,&quot;id&quot;:&quot;18841&quot;,&quot;title&quot;:&quot;DSC01070&quot;,&quot;alt&quot;:&quot;&quot;,&quot;caption&quot;:&quot;&quot;,&quot;itemprop&quot;:&quot;image&quot;},{&quot;src&quot;:&quot;https:\\\/\\\/cloud.alqueria.es\\\/wp-content\\\/uploads\\\/sites\\\/6\\\/2019\\\/01\\\/DSC01071.jpg&quot;,&quot;id&quot;:&quot;18842&quot;,&quot;title&quot;:&quot;DSC01071&quot;,&quot;alt&quot;:&quot;&quot;,&quot;caption&quot;:&quot;&quot;,&quot;itemprop&quot;:&quot;image&quot;},{&quot;src&quot;:&quot;https:\\\/\\\/cloud.alqueria.es\\\/wp-content\\\/uploads\\\/sites\\\/6\\\/2019\\\/01\\\/DSC01072.jpg&quot;,&quot;id&quot;:&quot;18843&quot;,&quot;title&quot;:&quot;DSC01072&quot;,&quot;alt&quot;:&quot;&quot;,&quot;caption&quot;:&quot;&quot;,&quot;itemprop&quot;:&quot;image&quot;},{&quot;src&quot;:&quot;https:\\\/\\\/cloud.alqueria.es\\\/wp-content\\\/uploads\\\/sites\\\/6\\\/2019\\\/01\\\/DSC01073.jpg&quot;,&quot;id&quot;:&quot;18844&quot;,&quot;title&quot;:&quot;DSC01073&quot;,&quot;alt&quot;:&quot;&quot;,&quot;caption&quot;:&quot;&quot;,&quot;itemprop&quot;:&quot;image&quot;},{&quot;src&quot;:&quot;https:\\\/\\\/cloud.alqueria.es\\\/wp-content\\\/uploads\\\/sites\\\/6\\\/2019\\\/01\\\/DSC01074.jpg&quot;,&quot;id&quot;:&quot;18845&quot;,&quot;title&quot;:&quot;DSC01074&quot;,&quot;alt&quot;:&quot;&quot;,&quot;caption&quot;:&quot;&quot;,&quot;itemprop&quot;:&quot;image&quot;}]\" itemscope itemtype=\"https:\/\/schema.org\/ImageGallery\"><\/div>\n<p>Hemos descubierto que el agua del estanque se hiela. Vamos algunos d\u00edas todos juntos. porque solos no debemos, a investigar esa masa de agua helada, bajo la supervisi\u00f3n de nuestra maestra. Es un verdadero observatorio natural. Simplemente nos hacemos preguntas y hacemos comprobaciones del espesor, dureza, fragilidad de algunas zonas&#8230; Nos preguntamos qu\u00e9 har\u00e1n las tortugas y los peces en esas condiciones.<\/p>\n<p><img decoding=\"async\" data-attachment-id=\"18847\" data-permalink=\"https:\/\/www.alqueria.es\/blogs\/alqueriaprimerciclo\/2019\/01\/18\/trabajo-colaborativo\/dsc01064-2\/\" data-orig-file=\"https:\/\/cloud.alqueria.es\/wp-content\/uploads\/sites\/6\/2019\/01\/DSC01064.jpg\" data-orig-size=\"640,480\" data-comments-opened=\"1\" data-image-meta=\"{&quot;aperture&quot;:&quot;2.8&quot;,&quot;credit&quot;:&quot;&quot;,&quot;camera&quot;:&quot;DSC-W510&quot;,&quot;caption&quot;:&quot;&quot;,&quot;created_timestamp&quot;:&quot;1547598807&quot;,&quot;copyright&quot;:&quot;Copyright 2009&quot;,&quot;focal_length&quot;:&quot;4.7&quot;,&quot;iso&quot;:&quot;200&quot;,&quot;shutter_speed&quot;:&quot;0.004&quot;,&quot;title&quot;:&quot;&quot;,&quot;orientation&quot;:&quot;1&quot;}\" data-image-title=\"DSC01064\" data-image-description=\"\" data-image-caption=\"\" data-large-file=\"https:\/\/cloud.alqueria.es\/wp-content\/uploads\/sites\/6\/2019\/01\/DSC01064.jpg\" class=\"aligncenter size-full wp-image-18847\" src=\"https:\/\/cloud.alqueria.es\/wp-content\/uploads\/sites\/6\/2019\/01\/DSC01064.jpg\" alt=\"\" width=\"640\" height=\"480\" srcset=\"https:\/\/cloud.alqueria.es\/wp-content\/uploads\/sites\/6\/2019\/01\/DSC01064.jpg 640w, https:\/\/cloud.alqueria.es\/wp-content\/uploads\/sites\/6\/2019\/01\/DSC01064.jpg 300w\" sizes=\"(max-width: 640px) 100vw, 640px\" \/> <img decoding=\"async\" data-attachment-id=\"18848\" data-permalink=\"https:\/\/www.alqueria.es\/blogs\/alqueriaprimerciclo\/2019\/01\/18\/trabajo-colaborativo\/dsc01065-2\/\" data-orig-file=\"https:\/\/cloud.alqueria.es\/wp-content\/uploads\/sites\/6\/2019\/01\/DSC01065.jpg\" data-orig-size=\"640,480\" data-comments-opened=\"1\" data-image-meta=\"{&quot;aperture&quot;:&quot;2.8&quot;,&quot;credit&quot;:&quot;&quot;,&quot;camera&quot;:&quot;DSC-W510&quot;,&quot;caption&quot;:&quot;&quot;,&quot;created_timestamp&quot;:&quot;1547598855&quot;,&quot;copyright&quot;:&quot;Copyright 2009&quot;,&quot;focal_length&quot;:&quot;4.7&quot;,&quot;iso&quot;:&quot;200&quot;,&quot;shutter_speed&quot;:&quot;0.004&quot;,&quot;title&quot;:&quot;&quot;,&quot;orientation&quot;:&quot;1&quot;}\" data-image-title=\"DSC01065\" data-image-description=\"\" data-image-caption=\"\" data-large-file=\"https:\/\/cloud.alqueria.es\/wp-content\/uploads\/sites\/6\/2019\/01\/DSC01065.jpg\" class=\"aligncenter size-full wp-image-18848\" src=\"https:\/\/cloud.alqueria.es\/wp-content\/uploads\/sites\/6\/2019\/01\/DSC01065.jpg\" alt=\"\" width=\"640\" height=\"480\" srcset=\"https:\/\/cloud.alqueria.es\/wp-content\/uploads\/sites\/6\/2019\/01\/DSC01065.jpg 640w, https:\/\/cloud.alqueria.es\/wp-content\/uploads\/sites\/6\/2019\/01\/DSC01065.jpg 300w\" sizes=\"(max-width: 640px) 100vw, 640px\" \/><\/p>\n<p>Aprendiendo a mirar, como estamos ahora, descubrimos que nuestro estanque , lo es, porque no corre el agua actualmente, pero en realidad es una fuente. Comprobamos que tiene las partes que estamos estudiando. Nombramos las formas geom\u00e9tricas que contiene. Y adem\u00e1s, identificamos otra fuente , en el c\u00edrculo del laurel, con una forma geom\u00e9trica muy rara, \u00ab<em>cuadrilobulada\u00bb,<\/em> como la que le ha tocado a Julia P.<\/p>\n<p><img decoding=\"async\" data-attachment-id=\"18853\" data-permalink=\"https:\/\/www.alqueria.es\/blogs\/alqueriaprimerciclo\/2019\/01\/18\/trabajo-colaborativo\/dsc01075\/\" data-orig-file=\"https:\/\/cloud.alqueria.es\/wp-content\/uploads\/sites\/6\/2019\/01\/DSC01075.jpg\" data-orig-size=\"640,480\" data-comments-opened=\"1\" data-image-meta=\"{&quot;aperture&quot;:&quot;2.8&quot;,&quot;credit&quot;:&quot;&quot;,&quot;camera&quot;:&quot;DSC-W510&quot;,&quot;caption&quot;:&quot;&quot;,&quot;created_timestamp&quot;:&quot;1547685154&quot;,&quot;copyright&quot;:&quot;Copyright 2009&quot;,&quot;focal_length&quot;:&quot;4.7&quot;,&quot;iso&quot;:&quot;80&quot;,&quot;shutter_speed&quot;:&quot;0.002&quot;,&quot;title&quot;:&quot;&quot;,&quot;orientation&quot;:&quot;1&quot;}\" data-image-title=\"DSC01075\" data-image-description=\"\" data-image-caption=\"\" data-large-file=\"https:\/\/cloud.alqueria.es\/wp-content\/uploads\/sites\/6\/2019\/01\/DSC01075.jpg\" class=\"aligncenter size-full wp-image-18853\" src=\"https:\/\/cloud.alqueria.es\/wp-content\/uploads\/sites\/6\/2019\/01\/DSC01075.jpg\" alt=\"\" width=\"640\" height=\"480\" srcset=\"https:\/\/cloud.alqueria.es\/wp-content\/uploads\/sites\/6\/2019\/01\/DSC01075.jpg 640w, https:\/\/cloud.alqueria.es\/wp-content\/uploads\/sites\/6\/2019\/01\/DSC01075.jpg 300w\" sizes=\"(max-width: 640px) 100vw, 640px\" \/><\/p>\n<p style=\"text-align: center\">Y por \u00faltimo reconocemos el pilar que hay en la entrada principal.<\/p>\n<p>Hasta ahora no eran m\u00e1s que otros espacios para jugar.<\/p>\n<h5>Descomposici\u00f3n 20 y 30<\/h5>\n<p><img decoding=\"async\" class=\"alignleft\" src=\"https:\/\/i.pinimg.com\/originals\/1b\/e0\/f8\/1be0f86588b3091c101eb8fb9b256310.jpg\" alt=\"Resultado de imagen de descomposicion numerica\" width=\"235\" height=\"330\" \/><\/p>\n<p>Seguimos investigando qu\u00e9 n\u00fameros hay dentro de la familia de los 20 y los 30. En esta ocasi\u00f3n vamos a descomponer, a su vez, los amigos de ambas cantidades.Es fundamental que a esta edad entendamos que el n\u00famero no es m\u00e1s que la representaci\u00f3n de una cantidad, para poder potenciar el c\u00e1lculo mental real que necesitamos en la vida cotidiana.<\/p>\n<p>Es un ejercicio mental , que nos motiva como si de un juego se tratara.<\/p>\n<h5>Juego de la escoba<\/h5>\n<p><img decoding=\"async\" class=\"alignleft\" src=\"https:\/\/gonzalezdelviejo.com\/786-large_default\/escoba-mijo-5-cordones.jpg\" alt=\"Resultado de imagen de escoba\" width=\"102\" height=\"102\" \/>Descomponemos un n\u00famero mayor que la 1\u00aa decena pero menor que 20, el n\u00famero 15, gracias al juego de cartas de\u00a0<strong>La escoba.<\/strong><\/p>\n<p>Nos cuesta algunos de nosotros identificar el 11,12,13,14,15, por eso\u00a0 practicamos este juego.<\/p>\n<p>Para jugar de acuerdo a las reglas consultar\u00a0http:\/\/www.ludoteka.com\/escoa.html<\/p>\n<p>Pero nosotros no\u00a0 seguimos las reglas oficiales, para facilitar el c\u00e1lculo, que es realmente lo que nos interesa.<\/p>\n<p>Nuestra forma es:<\/p>\n<ul>\n<li>Cada jugador sale con tres cartas y hay cuatro en la mesa.<\/li>\n<li>A una de las tres cartas debemos sumarle \u00a0una o m\u00e1s de la mesa \u00a0para conseguir 15.<\/li>\n<li>Si no tengo para sumar 15, tiro una de las que me pertenecen y doy paso al jugador siguiente.<\/li>\n<li>Se tira por turnos.<\/li>\n<li>Cuando se acaban las cartas en las manos de los jugadores se volvemos a repartir tres cartas.<\/li>\n<li>As\u00ed hasta que se acabe la baraja.<\/li>\n<\/ul>\n<p><img decoding=\"async\" class=\"alignleft\" src=\"https:\/\/previews.123rf.com\/images\/kostiuchenko\/kostiuchenko1612\/kostiuchenko161200295\/68485561-metal-el-n%C3%BAmero-15-quince-aislado-en-fondo-blanco.jpg\" alt=\"Resultado de imagen de n\u00c3\u00bamero 15\" width=\"121\" height=\"111\" \/>El que tenga m\u00e1s cartas acumuladas, por sumar 15, gana la escoba.<\/p>\n<p>A fuerza de practicarlo tenemos que conseguir automatizar que \u00a0:<\/p>\n<p>15 = 11+4\/12+3\/10+5 \/ 9+6\/ 8+7,&#8230;<\/p>\n<p>Mas dif\u00edcil es:<\/p>\n<p>15 = 11+2+2\/ 12+1+2\/10+3+2\/4+4+1+6\/\u2026<\/p>\n<h5>El cuerpo humano<\/h5>\n<p>En art\u00edstica vamos a trabajar la representaci\u00f3n del cuerpo. Hacemos juegos de reconocimiento de huesos y articulaciones. La idea es estudiar las posibilidades de movimiento y qu\u00e9 partes del cuerpo las posibilitan en un dibujo. Estos son los pre\u00e1mbulos para preparar el tema del c\u00f3mic, de la\u00a0 visita al Centro Jos\u00e9 Guerrero.<\/p>\n<p>Las dos pr\u00f3ximas semanas vamos a tener\u00a0 conferencias de Adelina y M\u00eda\u00a0 sobre el cuerpo humano.<\/p>\n<p>Hemos encontrado este recurso para curiosear.<\/p>\n<p><a href=\"https:\/\/www.youtube.com\/watch?v=HrMrg0NBrM0\"><img decoding=\"async\" data-attachment-id=\"18832\" data-permalink=\"https:\/\/www.alqueria.es\/blogs\/alqueriaprimerciclo\/2019\/01\/18\/trabajo-colaborativo\/cuerpo-humano\/\" data-orig-file=\"https:\/\/cloud.alqueria.es\/wp-content\/uploads\/sites\/6\/2019\/01\/CUERPO-HUMANO.jpg\" data-orig-size=\"740,464\" data-comments-opened=\"1\" data-image-meta=\"{&quot;aperture&quot;:&quot;0&quot;,&quot;credit&quot;:&quot;usuario&quot;,&quot;camera&quot;:&quot;&quot;,&quot;caption&quot;:&quot;&quot;,&quot;created_timestamp&quot;:&quot;1547566865&quot;,&quot;copyright&quot;:&quot;&quot;,&quot;focal_length&quot;:&quot;0&quot;,&quot;iso&quot;:&quot;0&quot;,&quot;shutter_speed&quot;:&quot;0&quot;,&quot;title&quot;:&quot;&quot;,&quot;orientation&quot;:&quot;0&quot;}\" data-image-title=\"CUERPO-HUMANO\" data-image-description=\"\" data-image-caption=\"\" data-large-file=\"https:\/\/cloud.alqueria.es\/wp-content\/uploads\/sites\/6\/2019\/01\/CUERPO-HUMANO.jpg\" class=\"aligncenter size-full wp-image-18832\" src=\"https:\/\/cloud.alqueria.es\/wp-content\/uploads\/sites\/6\/2019\/01\/CUERPO-HUMANO.jpg\" alt=\"\" width=\"740\" height=\"464\" srcset=\"https:\/\/cloud.alqueria.es\/wp-content\/uploads\/sites\/6\/2019\/01\/CUERPO-HUMANO.jpg 740w, https:\/\/cloud.alqueria.es\/wp-content\/uploads\/sites\/6\/2019\/01\/CUERPO-HUMANO.jpg 300w\" sizes=\"(max-width: 740px) 100vw, 740px\" \/><\/a><\/p>\n<h5>Conferencia: Las bacterias<\/h5>\n<p class=\"jetpack-slideshow-noscript robots-nocontent\">El pase de diapositivas requiere JavaScript.<\/p><div id=\"gallery-18810-3-slideshow\" class=\"jetpack-slideshow-window jetpack-slideshow jetpack-slideshow-black\" data-trans=\"fade\" data-autostart=\"1\" data-gallery=\"[{&quot;src&quot;:&quot;https:\\\/\\\/cloud.alqueria.es\\\/wp-content\\\/uploads\\\/sites\\\/6\\\/2019\\\/01\\\/DSC01077.jpg&quot;,&quot;id&quot;:&quot;18861&quot;,&quot;title&quot;:&quot;DSC01077&quot;,&quot;alt&quot;:&quot;&quot;,&quot;caption&quot;:&quot;&quot;,&quot;itemprop&quot;:&quot;image&quot;},{&quot;src&quot;:&quot;https:\\\/\\\/cloud.alqueria.es\\\/wp-content\\\/uploads\\\/sites\\\/6\\\/2019\\\/01\\\/DSC01078.jpg&quot;,&quot;id&quot;:&quot;18862&quot;,&quot;title&quot;:&quot;DSC01078&quot;,&quot;alt&quot;:&quot;&quot;,&quot;caption&quot;:&quot;&quot;,&quot;itemprop&quot;:&quot;image&quot;},{&quot;src&quot;:&quot;https:\\\/\\\/cloud.alqueria.es\\\/wp-content\\\/uploads\\\/sites\\\/6\\\/2019\\\/01\\\/DSC01079.jpg&quot;,&quot;id&quot;:&quot;18863&quot;,&quot;title&quot;:&quot;DSC01079&quot;,&quot;alt&quot;:&quot;&quot;,&quot;caption&quot;:&quot;&quot;,&quot;itemprop&quot;:&quot;image&quot;}]\" itemscope itemtype=\"https:\/\/schema.org\/ImageGallery\"><\/div>\n<p>Marina con la ayuda de su abuela, Eva, microbi\u00f3loga, ha preparado la conferencia de las bacterias.<\/p>\n<p>Son seres vivos invisibles para nuestros ojos, microbios de una sola c\u00e9lula, que se estudian con el microscopio \u00f3ptico o electr\u00f3nico. Nos habla de los cocos y los bacilos. Los cocos son como canicas , los bacilos en forma de croqueta.Nos explica c\u00f3mo se alimentan , reproducen y viven. Nos da una gran alegr\u00eda saber que la mayor\u00eda son beneficiosas.<\/p>\n<p>Observamos muchas placas de Petri con colonias de bacterias y hongos, que\u00a0 Marina ha tra\u00eddo, pero de forma precavida, para que no se abran, como ella no deja de advertirnos.<\/p>\n<p class=\"jetpack-slideshow-noscript robots-nocontent\">El pase de diapositivas requiere JavaScript.<\/p><div id=\"gallery-18810-4-slideshow\" class=\"jetpack-slideshow-window jetpack-slideshow jetpack-slideshow-black\" data-trans=\"fade\" data-autostart=\"1\" data-gallery=\"[{&quot;src&quot;:&quot;https:\\\/\\\/cloud.alqueria.es\\\/wp-content\\\/uploads\\\/sites\\\/6\\\/2019\\\/01\\\/DSC01080.jpg&quot;,&quot;id&quot;:&quot;18866&quot;,&quot;title&quot;:&quot;DSC01080&quot;,&quot;alt&quot;:&quot;&quot;,&quot;caption&quot;:&quot;&quot;,&quot;itemprop&quot;:&quot;image&quot;},{&quot;src&quot;:&quot;https:\\\/\\\/cloud.alqueria.es\\\/wp-content\\\/uploads\\\/sites\\\/6\\\/2019\\\/01\\\/DSC01081.jpg&quot;,&quot;id&quot;:&quot;18867&quot;,&quot;title&quot;:&quot;DSC01081&quot;,&quot;alt&quot;:&quot;&quot;,&quot;caption&quot;:&quot;&quot;,&quot;itemprop&quot;:&quot;image&quot;},{&quot;src&quot;:&quot;https:\\\/\\\/cloud.alqueria.es\\\/wp-content\\\/uploads\\\/sites\\\/6\\\/2019\\\/01\\\/DSC01082.jpg&quot;,&quot;id&quot;:&quot;18868&quot;,&quot;title&quot;:&quot;DSC01082&quot;,&quot;alt&quot;:&quot;&quot;,&quot;caption&quot;:&quot;&quot;,&quot;itemprop&quot;:&quot;image&quot;},{&quot;src&quot;:&quot;https:\\\/\\\/cloud.alqueria.es\\\/wp-content\\\/uploads\\\/sites\\\/6\\\/2019\\\/01\\\/DSC01084.jpg&quot;,&quot;id&quot;:&quot;18869&quot;,&quot;title&quot;:&quot;DSC01084&quot;,&quot;alt&quot;:&quot;&quot;,&quot;caption&quot;:&quot;&quot;,&quot;itemprop&quot;:&quot;image&quot;},{&quot;src&quot;:&quot;https:\\\/\\\/cloud.alqueria.es\\\/wp-content\\\/uploads\\\/sites\\\/6\\\/2019\\\/01\\\/DSC01086.jpg&quot;,&quot;id&quot;:&quot;18870&quot;,&quot;title&quot;:&quot;DSC01086&quot;,&quot;alt&quot;:&quot;&quot;,&quot;caption&quot;:&quot;&quot;,&quot;itemprop&quot;:&quot;image&quot;},{&quot;src&quot;:&quot;https:\\\/\\\/cloud.alqueria.es\\\/wp-content\\\/uploads\\\/sites\\\/6\\\/2019\\\/01\\\/DSC01087.jpg&quot;,&quot;id&quot;:&quot;18871&quot;,&quot;title&quot;:&quot;DSC01087&quot;,&quot;alt&quot;:&quot;&quot;,&quot;caption&quot;:&quot;&quot;,&quot;itemprop&quot;:&quot;image&quot;},{&quot;src&quot;:&quot;https:\\\/\\\/cloud.alqueria.es\\\/wp-content\\\/uploads\\\/sites\\\/6\\\/2019\\\/01\\\/DSC01088.jpg&quot;,&quot;id&quot;:&quot;18872&quot;,&quot;title&quot;:&quot;DSC01088&quot;,&quot;alt&quot;:&quot;&quot;,&quot;caption&quot;:&quot;&quot;,&quot;itemprop&quot;:&quot;image&quot;},{&quot;src&quot;:&quot;https:\\\/\\\/cloud.alqueria.es\\\/wp-content\\\/uploads\\\/sites\\\/6\\\/2019\\\/01\\\/DSC01089.jpg&quot;,&quot;id&quot;:&quot;18873&quot;,&quot;title&quot;:&quot;DSC01089&quot;,&quot;alt&quot;:&quot;&quot;,&quot;caption&quot;:&quot;&quot;,&quot;itemprop&quot;:&quot;image&quot;}]\" itemscope itemtype=\"https:\/\/schema.org\/ImageGallery\"><\/div>\n<p>Capturamos bacterias del suelo , en el zapato, del aire, de la boca, oreja y nariz. En\u00a0 placas limpias, especialmente preparadas para esta misi\u00f3n, las cerramos y sellamos.\u00a0 Se recogen, para que nuestra experta se las d\u00e9 a su abuela, para calentarlas y\u00a0 ver qu\u00e9 ocurre.<\/p>\n<p>Os deseamos un agradable fin de semana.<\/p>\n<p>Rosi<\/p>\n","protected":false},"excerpt":{"rendered":"<p>Las Fuentes y Pilares de Granada La Semana Cultural\u00a0 de este curso tiene como tema \u00abEl agua\u00bb. Se celebra entre el 18 y\u00a0 22 de febrero. En el grupo de 1\u00ba de primaria hemos decidido que, como es un tema muy amplio, vamos a interesarnos por las fuentes y los pilares de nuestra ciudad,\u00a0 que &hellip; <a href=\"https:\/\/www.alqueria.es\/blogs\/alqueriaprimerciclo\/2019\/01\/18\/trabajo-colaborativo\/\" class=\"more-link\">Seguir leyendo <span class=\"screen-reader-text\">Trabajo colaborativo<\/span> <span class=\"meta-nav\">&rarr;<\/span><\/a><\/p>\n","protected":false},"author":12,"featured_media":0,"comment_status":"open","ping_status":"open","sticky":false,"template":"","format":"standard","meta":{"jetpack_post_was_ever_published":false,"_jetpack_newsletter_access":"","_jetpack_dont_email_post_to_subs":false,"_jetpack_newsletter_tier_id":0,"_jetpack_memberships_contains_paywalled_content":false,"_jetpack_memberships_contains_paid_content":false,"footnotes":"","jetpack_publicize_message":"","jetpack_publicize_feature_enabled":true,"jetpack_social_post_already_shared":true,"jetpack_social_options":{"image_generator_settings":{"template":"highway","default_image_id":0,"font":"","enabled":false},"version":2}},"categories":[2,6,8],"tags":[],"class_list":["post-18810","post","type-post","status-publish","format-standard","hentry","category-1o-epo","category-conocimiento-del-medio-1o","category-diario-de-clase-1o"],"jetpack_publicize_connections":[],"jetpack_featured_media_url":"","jetpack_sharing_enabled":true,"jetpack_shortlink":"https:\/\/wp.me\/p4lvS0-4To","_links":{"self":[{"href":"https:\/\/www.alqueria.es\/blogs\/alqueriaprimerciclo\/wp-json\/wp\/v2\/posts\/18810","targetHints":{"allow":["GET"]}}],"collection":[{"href":"https:\/\/www.alqueria.es\/blogs\/alqueriaprimerciclo\/wp-json\/wp\/v2\/posts"}],"about":[{"href":"https:\/\/www.alqueria.es\/blogs\/alqueriaprimerciclo\/wp-json\/wp\/v2\/types\/post"}],"author":[{"embeddable":true,"href":"https:\/\/www.alqueria.es\/blogs\/alqueriaprimerciclo\/wp-json\/wp\/v2\/users\/12"}],"replies":[{"embeddable":true,"href":"https:\/\/www.alqueria.es\/blogs\/alqueriaprimerciclo\/wp-json\/wp\/v2\/comments?post=18810"}],"version-history":[{"count":0,"href":"https:\/\/www.alqueria.es\/blogs\/alqueriaprimerciclo\/wp-json\/wp\/v2\/posts\/18810\/revisions"}],"wp:attachment":[{"href":"https:\/\/www.alqueria.es\/blogs\/alqueriaprimerciclo\/wp-json\/wp\/v2\/media?parent=18810"}],"wp:term":[{"taxonomy":"category","embeddable":true,"href":"https:\/\/www.alqueria.es\/blogs\/alqueriaprimerciclo\/wp-json\/wp\/v2\/categories?post=18810"},{"taxonomy":"post_tag","embeddable":true,"href":"https:\/\/www.alqueria.es\/blogs\/alqueriaprimerciclo\/wp-json\/wp\/v2\/tags?post=18810"}],"curies":[{"name":"wp","href":"https:\/\/api.w.org\/{rel}","templated":true}]}}