{"id":20277,"date":"2019-06-07T12:18:51","date_gmt":"2019-06-07T10:18:51","guid":{"rendered":"http:\/\/www.alqueria.es\/blogs\/alqueriaprimerciclo\/?p=20277"},"modified":"2019-06-07T12:18:53","modified_gmt":"2019-06-07T10:18:53","slug":"federico-ga-lorca-en-la-clase-de-1o","status":"publish","type":"post","link":"https:\/\/www.alqueria.es\/blogs\/alqueriaprimerciclo\/2019\/06\/07\/federico-ga-lorca-en-la-clase-de-1o\/","title":{"rendered":"Federico  G\u00aa Lorca en la clase de 1\u00ba"},"content":{"rendered":"<h5>Terminamos el diccionario<\/h5>\n<p>Esta semana hemos dado por finalizado nuestro primer diccionario. A lo largo del curso, a primera hora del lunes, hemos buscado palabras con la letra inicial que nos ped\u00eda el alfabeto.<\/p>\n<p><img decoding=\"async\" src=\"https:\/\/cloud.alqueria.es\/wp-content\/uploads\/sites\/6\/2013\/10\/mi-diccionario1.jpg\" alt=\"Resultado de imagen de mi primer diccionario alqueria\" \/><\/p>\n<p>Cada uno hacemos el esfuerzo de pensar la palabra y cuando necesitamos ayuda entre nosotros mismos nos las\u00bb regalamos\u00bb para completar la p\u00e1gina.<\/p>\n<h5><img decoding=\"async\" class=\"alignleft\" src=\"https:\/\/cdn.20m.es\/img2\/recortes\/2019\/02\/03\/877488-600-338.jpg\" alt=\"Resultado de imagen de mary poppins\" width=\"217\" height=\"122\" \/>Concierto de voces en el colegio<\/h5>\n<p>Durante este trimestre en la clase de m\u00fasica hemos preparado una audici\u00f3n de canciones interpretadas por todos los compa\u00f1eros del centro.<\/p>\n<p>La nuestra pertenece a la pel\u00edcula de Mary Poppins.<\/p>\n<p><img decoding=\"async\" data-attachment-id=\"20284\" data-permalink=\"https:\/\/www.alqueria.es\/blogs\/alqueriaprimerciclo\/2019\/06\/07\/federico-ga-lorca-en-la-clase-de-1o\/dsc02505\/\" data-orig-file=\"https:\/\/cloud.alqueria.es\/wp-content\/uploads\/sites\/6\/2019\/06\/DSC02505.jpg.jpg\" data-orig-size=\"640,480\" data-comments-opened=\"1\" data-image-meta=\"{&quot;aperture&quot;:&quot;2.8&quot;,&quot;credit&quot;:&quot;&quot;,&quot;camera&quot;:&quot;DSC-W510&quot;,&quot;caption&quot;:&quot;&quot;,&quot;created_timestamp&quot;:&quot;1559600929&quot;,&quot;copyright&quot;:&quot;Copyright 2009&quot;,&quot;focal_length&quot;:&quot;4.7&quot;,&quot;iso&quot;:&quot;80&quot;,&quot;shutter_speed&quot;:&quot;0.002&quot;,&quot;title&quot;:&quot;&quot;,&quot;orientation&quot;:&quot;1&quot;}\" data-image-title=\"DSC02505\" data-image-description=\"\" data-image-caption=\"\" data-large-file=\"https:\/\/cloud.alqueria.es\/wp-content\/uploads\/sites\/6\/2019\/06\/DSC02505.jpg.jpg\" class=\"aligncenter size-full wp-image-20284\" src=\"https:\/\/cloud.alqueria.es\/wp-content\/uploads\/sites\/6\/2019\/06\/DSC02505.jpg.jpg\" alt=\"\" width=\"640\" height=\"480\" srcset=\"https:\/\/cloud.alqueria.es\/wp-content\/uploads\/sites\/6\/2019\/06\/DSC02505.jpg.jpg 640w, https:\/\/cloud.alqueria.es\/wp-content\/uploads\/sites\/6\/2019\/06\/DSC02505.jpg.jpg 300w\" sizes=\"(max-width: 640px) 100vw, 640px\" \/><\/p>\n<p style=\"text-align: center\"><strong><em>\u00abSupercalifragilisticoespiralidoso\u00bb.<\/em><\/strong><\/p>\n<p><img decoding=\"async\" data-attachment-id=\"20286\" data-permalink=\"https:\/\/www.alqueria.es\/blogs\/alqueriaprimerciclo\/2019\/06\/07\/federico-ga-lorca-en-la-clase-de-1o\/dsc02529\/\" data-orig-file=\"https:\/\/cloud.alqueria.es\/wp-content\/uploads\/sites\/6\/2019\/06\/DSC02529.jpg.jpg\" data-orig-size=\"640,480\" data-comments-opened=\"1\" data-image-meta=\"{&quot;aperture&quot;:&quot;2.8&quot;,&quot;credit&quot;:&quot;&quot;,&quot;camera&quot;:&quot;DSC-W510&quot;,&quot;caption&quot;:&quot;&quot;,&quot;created_timestamp&quot;:&quot;1559608886&quot;,&quot;copyright&quot;:&quot;Copyright 2009&quot;,&quot;focal_length&quot;:&quot;4.7&quot;,&quot;iso&quot;:&quot;80&quot;,&quot;shutter_speed&quot;:&quot;0.003125&quot;,&quot;title&quot;:&quot;&quot;,&quot;orientation&quot;:&quot;1&quot;}\" data-image-title=\"DSC02529\" data-image-description=\"\" data-image-caption=\"\" data-large-file=\"https:\/\/cloud.alqueria.es\/wp-content\/uploads\/sites\/6\/2019\/06\/DSC02529.jpg.jpg\" class=\"aligncenter size-full wp-image-20286\" src=\"https:\/\/cloud.alqueria.es\/wp-content\/uploads\/sites\/6\/2019\/06\/DSC02529.jpg.jpg\" alt=\"\" width=\"640\" height=\"480\" srcset=\"https:\/\/cloud.alqueria.es\/wp-content\/uploads\/sites\/6\/2019\/06\/DSC02529.jpg.jpg 640w, https:\/\/cloud.alqueria.es\/wp-content\/uploads\/sites\/6\/2019\/06\/DSC02529.jpg.jpg 300w\" sizes=\"(max-width: 640px) 100vw, 640px\" \/><\/p>\n<p>La grabaci\u00f3n de la actuaci\u00f3n se publicar\u00e1 en el blog de M\u00fasica.<\/p>\n<p>Muchas gracias Elena por tu paciencia y amor a la m\u00fasica. La audici\u00f3n ha sido estupenda por parte de todos los grupos.<\/p>\n<h5><img decoding=\"async\" class=\"alignleft\" src=\"https:\/\/www.poetica2puntocero.com\/web\/wp-content\/uploads\/2018\/12\/Lorca-Federico.jpg\" alt=\"Resultado de imagen de federico garc\u00c3\u00ada lorca\" \/>Recitamos a Federico<\/h5>\n<p>En conmemoraci\u00f3n del nacimiento de Federico Garc\u00eda Lorca, cada uno de nosotros estudiamos un poema , que recitamos\u00a0 para celebrar sus 110 a\u00f1os.<\/p>\n<p>De forma espont\u00e1nea vamos saliendo a compartirlos:<\/p>\n<ul>\n<li>David: \u00bb El agua.\u00bb<\/li>\n<li>Pablo y Tom\u00e1s: \u00bb El lagarto est\u00e1 llorando.\u00bb<\/li>\n<li>Ainhoa: \u00bb Poes\u00eda tonta.\u00bb<\/li>\n<li>Manel:\u00bb El diamante.\u00bb<\/li>\n<li>Adri\u00e1n: \u00bb El conjuro\u00bb<\/li>\n<li>Irene: \u00bb La rosa.\u00bb<\/li>\n<li>Marina, Isabella y Julia P.: \u00abRomance son\u00e1mbulo.\u00bb<\/li>\n<li>Adelina: \u00bb Adelina de paseo.\u00bb<\/li>\n<li>Cayetana y Sergio: \u00bb La mariposa del aire.\u00bb<\/li>\n<li>Julia\u00a0 A. : \u00abEl ni\u00f1o que come naranjas\u00bb<\/li>\n<li>M\u00eda: \u00bb Una china en Europa\u00bb<\/li>\n<\/ul>\n<p>Pablo nos cuenta que su abuela Mercedes y su madre son de Valderrubio. Conocen la casa y a la familia de Bernarda Alba, lo que nos da pie a hablar tambi\u00e9n del teatro para mayores que escribi\u00f3 Federico.<\/p>\n<p>Hemos le\u00eddo que ten\u00eda gran\u00a0 afici\u00f3n por la m\u00fasica y el teatro de marionetas.<\/p>\n<p><img decoding=\"async\" src=\"https:\/\/4.bp.blogspot.com\/-r3voe2zZ17A\/XFR8N2HOIoI\/AAAAAAAAGuA\/hwoC1ZtdUBk0b_3wSTrhScNhefLfefuhACLcBGAs\/s1600\/20190201_165818.jpg\" alt=\"Resultado de imagen de Marionetas de Federico Garc\u00c3\u00ada Lorca\" \/><\/p>\n<p>Y hemos terminado relatando c\u00f3mo y cu\u00e1ndo muri\u00f3.<\/p>\n<p>Aunque no se han encontrado sus restos , Federico est\u00e1 vivo entre nosotros, como pod\u00e9is ver.<\/p>\n<h5>Celebramos el D\u00eda de Medio Ambiente<\/h5>\n<p style=\"text-align: center\">Con \u00ab<em> Ensemble La Danserye<\/em>\u00ab<\/p>\n<p><img decoding=\"async\" src=\"https:\/\/static1.elnortedecastilla.es\/www\/multimedia\/201708\/23\/media\/Danserye.jpg\" alt=\"Imagen relacionada\" \/><\/p>\n<p>(reportaje en la entrada anterior 6-6-2019)<\/p>\n<h5>Recogida de tapones<\/h5>\n<p><img decoding=\"async\" class=\"alignleft\" src=\"https:\/\/image.slidesharecdn.com\/proyectotapones18-19-190129080056\/95\/proyecto-tapones-18-19-1-638.jpg?cb=1548748878\" alt=\"Resultado de imagen de Recogida tapones Daniel Motril\" width=\"175\" height=\"131\" \/><\/p>\n<p>Finalizamos el curso con el encuentro de todos los participantes en esta campa\u00f1a para ayudar a Daniel.<\/p>\n<p>Hacemos una asamblea en primaria, durante la que se hace entrga de la recaudaci\u00f3n de tapones.<\/p>\n<h5>Preparamos la Fiesta de Final de Curso<\/h5>\n<p>El primer ciclo somos la cultura \u00cdbera, que existi\u00f3 500 a\u00f1os antes de Cristo.<\/p>\n<p><img decoding=\"async\" class=\"alignright\" src=\"https:\/\/static.docsity.com\/documents_pages\/apuntes\/2015\/02\/08\/6c05ac37307b957290113be762241ac0.png\" alt=\"Imagen relacionada\" width=\"253\" height=\"365\" \/><\/p>\n<p>Est\u00e1bamos localizados en el valle del Guadalquivir y todo el Mediterr\u00e1neo.<\/p>\n<p><img decoding=\"async\" class=\"alignleft\" src=\"http:\/\/2.bp.blogspot.com\/-11s_6-En0_w\/UJDt2HeIPrI\/AAAAAAAAObs\/yp0jNB-qh9I\/s1600\/Vaso_Campaniforme_Ciempozuelos.jpg\" alt=\"Resultado de imagen de Vaso campaniforme \u00c3\u00adberas\" width=\"167\" height=\"169\" \/><\/p>\n<p>Los iberos, desde un punto de vista tecnol\u00f3gico y econ\u00f3mico, hicimos el instrumental agrario y las armas en hierro, fabricamos cer\u00e1mica a torno, y dimos un fuerte impulso a la agricultura cerealista incorporando el molino rotatorio. Tambi\u00e9n desarrollamos la arboricultura (almendro, vid, el olivo y los frutales) como nueva estrategia agraria.<\/p>\n<p>Fuimos los impulsores del vaso campaniforme y a nuestra cultura pertenece al Tesorillo de Carambolo.<\/p>\n<p><img decoding=\"async\" class=\"alignright\" src=\"https:\/\/2.bp.blogspot.com\/-mf_RwggdzOs\/WJLfrnaRXzI\/AAAAAAAAZIw\/-QFq8IiSCUcDld-tK_5BDjB0Ci1vYADfQCLcB\/s1600\/Carambolo.jpg\" alt=\"Resultado de imagen de tesoro del carambolo brazalete\" width=\"337\" height=\"224\" \/><\/p>\n<p>As\u00ed que en nuestro poblado, durante la fiesta, podr\u00e9is comprobar y hasta conseguir parte de nuestro legado.<\/p>\n<p>Saber m\u00e1s:<\/p>\n<p>&nbsp;<\/p>\n<p><a href=\"https:\/\/elpais.com\/cultura\/2017\/12\/06\/actualidad\/1512560694_835429.html\" target=\"_blank\" rel=\"noopener noreferrer\"><img decoding=\"async\" data-attachment-id=\"20326\" data-permalink=\"https:\/\/www.alqueria.es\/blogs\/alqueriaprimerciclo\/2019\/06\/07\/federico-ga-lorca-en-la-clase-de-1o\/legado-ibero\/\" data-orig-file=\"https:\/\/cloud.alqueria.es\/wp-content\/uploads\/sites\/6\/2019\/06\/LEGADO-%C3%8DBERO.jpg.jpg\" data-orig-size=\"512,632\" data-comments-opened=\"1\" data-image-meta=\"{&quot;aperture&quot;:&quot;0&quot;,&quot;credit&quot;:&quot;usuario&quot;,&quot;camera&quot;:&quot;&quot;,&quot;caption&quot;:&quot;&quot;,&quot;created_timestamp&quot;:&quot;1559813340&quot;,&quot;copyright&quot;:&quot;&quot;,&quot;focal_length&quot;:&quot;0&quot;,&quot;iso&quot;:&quot;0&quot;,&quot;shutter_speed&quot;:&quot;0&quot;,&quot;title&quot;:&quot;&quot;,&quot;orientation&quot;:&quot;0&quot;}\" data-image-title=\"LEGADO \u00cdBERO\" data-image-description=\"\" data-image-caption=\"\" data-large-file=\"https:\/\/cloud.alqueria.es\/wp-content\/uploads\/sites\/6\/2019\/06\/LEGADO-%C3%8DBERO.jpg.jpg\" class=\"aligncenter wp-image-20326 size-full\" src=\"https:\/\/cloud.alqueria.es\/wp-content\/uploads\/sites\/6\/2019\/06\/LEGADO-%C3%8DBERO.jpg.jpg\" alt=\"\" width=\"512\" height=\"632\" srcset=\"https:\/\/cloud.alqueria.es\/wp-content\/uploads\/sites\/6\/2019\/06\/LEGADO-%C3%8DBERO.jpg.jpg 512w, https:\/\/cloud.alqueria.es\/wp-content\/uploads\/sites\/6\/2019\/06\/LEGADO-%C3%8DBERO.jpg.jpg 243w\" sizes=\"(max-width: 512px) 100vw, 512px\" \/><\/a><\/p>\n<h5>Matem\u00e1ticas en juegos de mesa<\/h5>\n<p><img decoding=\"async\" data-attachment-id=\"20280\" data-permalink=\"https:\/\/www.alqueria.es\/blogs\/alqueriaprimerciclo\/2019\/06\/07\/federico-ga-lorca-en-la-clase-de-1o\/dsc02503\/\" data-orig-file=\"https:\/\/cloud.alqueria.es\/wp-content\/uploads\/sites\/6\/2019\/06\/DSC02503.jpg.jpg\" data-orig-size=\"640,480\" data-comments-opened=\"1\" data-image-meta=\"{&quot;aperture&quot;:&quot;2.8&quot;,&quot;credit&quot;:&quot;&quot;,&quot;camera&quot;:&quot;DSC-W510&quot;,&quot;caption&quot;:&quot;&quot;,&quot;created_timestamp&quot;:&quot;1559522962&quot;,&quot;copyright&quot;:&quot;Copyright 2009&quot;,&quot;focal_length&quot;:&quot;4.7&quot;,&quot;iso&quot;:&quot;800&quot;,&quot;shutter_speed&quot;:&quot;0.008&quot;,&quot;title&quot;:&quot;&quot;,&quot;orientation&quot;:&quot;1&quot;}\" data-image-title=\"DSC02503\" data-image-description=\"\" data-image-caption=\"\" data-large-file=\"https:\/\/cloud.alqueria.es\/wp-content\/uploads\/sites\/6\/2019\/06\/DSC02503.jpg.jpg\" class=\"aligncenter size-full wp-image-20280\" src=\"https:\/\/cloud.alqueria.es\/wp-content\/uploads\/sites\/6\/2019\/06\/DSC02503.jpg.jpg\" alt=\"\" width=\"640\" height=\"480\" srcset=\"https:\/\/cloud.alqueria.es\/wp-content\/uploads\/sites\/6\/2019\/06\/DSC02503.jpg.jpg 640w, https:\/\/cloud.alqueria.es\/wp-content\/uploads\/sites\/6\/2019\/06\/DSC02503.jpg.jpg 300w\" sizes=\"(max-width: 640px) 100vw, 640px\" \/><img decoding=\"async\" data-attachment-id=\"20281\" data-permalink=\"https:\/\/www.alqueria.es\/blogs\/alqueriaprimerciclo\/2019\/06\/07\/federico-ga-lorca-en-la-clase-de-1o\/dsc02504\/\" data-orig-file=\"https:\/\/cloud.alqueria.es\/wp-content\/uploads\/sites\/6\/2019\/06\/DSC02504.jpg.jpg\" data-orig-size=\"640,480\" data-comments-opened=\"1\" data-image-meta=\"{&quot;aperture&quot;:&quot;2.8&quot;,&quot;credit&quot;:&quot;&quot;,&quot;camera&quot;:&quot;DSC-W510&quot;,&quot;caption&quot;:&quot;&quot;,&quot;created_timestamp&quot;:&quot;1559522977&quot;,&quot;copyright&quot;:&quot;Copyright 2009&quot;,&quot;focal_length&quot;:&quot;4.7&quot;,&quot;iso&quot;:&quot;800&quot;,&quot;shutter_speed&quot;:&quot;0.008&quot;,&quot;title&quot;:&quot;&quot;,&quot;orientation&quot;:&quot;1&quot;}\" data-image-title=\"DSC02504\" data-image-description=\"\" data-image-caption=\"\" data-large-file=\"https:\/\/cloud.alqueria.es\/wp-content\/uploads\/sites\/6\/2019\/06\/DSC02504.jpg.jpg\" class=\"aligncenter size-full wp-image-20281\" src=\"https:\/\/cloud.alqueria.es\/wp-content\/uploads\/sites\/6\/2019\/06\/DSC02504.jpg.jpg\" alt=\"\" width=\"640\" height=\"480\" srcset=\"https:\/\/cloud.alqueria.es\/wp-content\/uploads\/sites\/6\/2019\/06\/DSC02504.jpg.jpg 640w, https:\/\/cloud.alqueria.es\/wp-content\/uploads\/sites\/6\/2019\/06\/DSC02504.jpg.jpg 300w\" sizes=\"(max-width: 640px) 100vw, 640px\" \/><\/p>\n<h5>Semana de Nataci\u00f3n<\/h5>\n<p>El departamento de Educaci\u00f3n F\u00edsica, como todos los finales de curso ha organizado una semana especial en la piscina de Churriana.<br \/>\nLa actividad deportiva se har\u00e1 con juegos en el\u00a0 agua, dirigida por monitores de este centro deportivo.<\/p>\n<p><img decoding=\"async\" class=\"aligncenter\" src=\"https:\/\/www.ahoragranada.com\/web\/wp-content\/uploads\/2014\/03\/Piscina-Hu%C3%A9tor-Vega.jpg\" alt=\"Imagen relacionada\" width=\"381\" height=\"254\" \/><\/p>\n<p><strong>Qu\u00e9 necesitamos:<\/strong><\/p>\n<ul>\n<li>Ba\u00f1ador ( bolsita para cuando est\u00e9 mojado).<\/li>\n<li>Sandalias de goma.<\/li>\n<li>Toalla.<\/li>\n<li>Gorro de ba\u00f1o.<\/li>\n<\/ul>\n<p><img decoding=\"async\" src=\"https:\/\/cloud.alqueria.es\/wp-content\/uploads\/sites\/6\/2017\/06\/DSC07572-1024x575.jpg\" alt=\"Imagen relacionada\" \/><\/p>\n<p><strong>Qu\u00e9 debemos tener en cuenta:<\/strong><\/p>\n<ul>\n<li>El ba\u00f1ador lo traeremos puesto, llevando en la bolsa una muda de ropa interior.<\/li>\n<li>No est\u00e1 permitido ba\u00f1arse sin el gorro reglamentario.<\/li>\n<li>Es imprescindible para entrar en el recinto llevar sandalias de goma.<\/li>\n<\/ul>\n<p><img decoding=\"async\" class=\"aligncenter\" src=\"https:\/\/cloud.alqueria.es\/wp-content\/uploads\/sites\/8\/2016\/06\/piscina-4.jpg\" alt=\"Resultado de imagen de Alqueria Piscina Churriana\" width=\"402\" height=\"301\" \/><\/p>\n<p>Despu\u00e9s de la fiesta tenemos que pensar en hacer nuestra bolsa completa cada d\u00eda.<\/p>\n<h5 style=\"text-align: center\">Os esperamos a todos a la Fiesta de Final de Curso a las 18,30h.<\/h5>\n<p><img decoding=\"async\" data-attachment-id=\"20333\" data-permalink=\"https:\/\/www.alqueria.es\/blogs\/alqueriaprimerciclo\/2019\/06\/07\/federico-ga-lorca-en-la-clase-de-1o\/fiesta-medieval\/\" data-orig-file=\"https:\/\/cloud.alqueria.es\/wp-content\/uploads\/sites\/6\/2019\/06\/FIESTA-MEDIEVAL.jpg.jpg\" data-orig-size=\"852,566\" data-comments-opened=\"1\" data-image-meta=\"{&quot;aperture&quot;:&quot;0&quot;,&quot;credit&quot;:&quot;usuario&quot;,&quot;camera&quot;:&quot;&quot;,&quot;caption&quot;:&quot;&quot;,&quot;created_timestamp&quot;:&quot;1559896801&quot;,&quot;copyright&quot;:&quot;&quot;,&quot;focal_length&quot;:&quot;0&quot;,&quot;iso&quot;:&quot;0&quot;,&quot;shutter_speed&quot;:&quot;0&quot;,&quot;title&quot;:&quot;&quot;,&quot;orientation&quot;:&quot;0&quot;}\" data-image-title=\"FIESTA MEDIEVAL\" data-image-description=\"\" data-image-caption=\"\" data-large-file=\"https:\/\/cloud.alqueria.es\/wp-content\/uploads\/sites\/6\/2019\/06\/FIESTA-MEDIEVAL.jpg.jpg\" class=\"aligncenter size-full wp-image-20333\" src=\"https:\/\/cloud.alqueria.es\/wp-content\/uploads\/sites\/6\/2019\/06\/FIESTA-MEDIEVAL.jpg.jpg\" alt=\"\" width=\"852\" height=\"566\" srcset=\"https:\/\/cloud.alqueria.es\/wp-content\/uploads\/sites\/6\/2019\/06\/FIESTA-MEDIEVAL.jpg.jpg 852w, https:\/\/cloud.alqueria.es\/wp-content\/uploads\/sites\/6\/2019\/06\/FIESTA-MEDIEVAL.jpg.jpg 300w, https:\/\/cloud.alqueria.es\/wp-content\/uploads\/sites\/6\/2019\/06\/FIESTA-MEDIEVAL.jpg.jpg 768w\" sizes=\"(max-width: 852px) 100vw, 852px\" \/><\/p>\n<p>No olvid\u00e9is pedir vuestras invitaciones.<\/p>\n<p>Hasta ma\u00f1ana.<\/p>\n<p>Rosi<\/p>\n","protected":false},"excerpt":{"rendered":"<p>Terminamos el diccionario Esta semana hemos dado por finalizado nuestro primer diccionario. A lo largo del curso, a primera hora del lunes, hemos buscado palabras con la letra inicial que nos ped\u00eda el alfabeto. Cada uno hacemos el esfuerzo de pensar la palabra y cuando necesitamos ayuda entre nosotros mismos nos las\u00bb regalamos\u00bb para completar &hellip; <a href=\"https:\/\/www.alqueria.es\/blogs\/alqueriaprimerciclo\/2019\/06\/07\/federico-ga-lorca-en-la-clase-de-1o\/\" class=\"more-link\">Seguir leyendo <span class=\"screen-reader-text\">Federico  G\u00aa Lorca en la clase de 1\u00ba<\/span> <span class=\"meta-nav\">&rarr;<\/span><\/a><\/p>\n","protected":false},"author":12,"featured_media":0,"comment_status":"open","ping_status":"open","sticky":false,"template":"","format":"standard","meta":{"jetpack_post_was_ever_published":false,"_jetpack_newsletter_access":"","_jetpack_dont_email_post_to_subs":false,"_jetpack_newsletter_tier_id":0,"_jetpack_memberships_contains_paywalled_content":false,"_jetpack_memberships_contains_paid_content":false,"footnotes":"","jetpack_publicize_message":"","jetpack_publicize_feature_enabled":true,"jetpack_social_post_already_shared":true,"jetpack_social_options":{"image_generator_settings":{"template":"highway","default_image_id":0,"font":"","enabled":false},"version":2}},"categories":[2,6,8,25,27,110],"tags":[],"class_list":["post-20277","post","type-post","status-publish","format-standard","hentry","category-1o-epo","category-conocimiento-del-medio-1o","category-diario-de-clase-1o","category-educacion-artistica-1o","category-educacion-musical-1o","category-medio-ambiente"],"jetpack_publicize_connections":[],"jetpack_featured_media_url":"","jetpack_sharing_enabled":true,"jetpack_shortlink":"https:\/\/wp.me\/p4lvS0-5h3","_links":{"self":[{"href":"https:\/\/www.alqueria.es\/blogs\/alqueriaprimerciclo\/wp-json\/wp\/v2\/posts\/20277","targetHints":{"allow":["GET"]}}],"collection":[{"href":"https:\/\/www.alqueria.es\/blogs\/alqueriaprimerciclo\/wp-json\/wp\/v2\/posts"}],"about":[{"href":"https:\/\/www.alqueria.es\/blogs\/alqueriaprimerciclo\/wp-json\/wp\/v2\/types\/post"}],"author":[{"embeddable":true,"href":"https:\/\/www.alqueria.es\/blogs\/alqueriaprimerciclo\/wp-json\/wp\/v2\/users\/12"}],"replies":[{"embeddable":true,"href":"https:\/\/www.alqueria.es\/blogs\/alqueriaprimerciclo\/wp-json\/wp\/v2\/comments?post=20277"}],"version-history":[{"count":0,"href":"https:\/\/www.alqueria.es\/blogs\/alqueriaprimerciclo\/wp-json\/wp\/v2\/posts\/20277\/revisions"}],"wp:attachment":[{"href":"https:\/\/www.alqueria.es\/blogs\/alqueriaprimerciclo\/wp-json\/wp\/v2\/media?parent=20277"}],"wp:term":[{"taxonomy":"category","embeddable":true,"href":"https:\/\/www.alqueria.es\/blogs\/alqueriaprimerciclo\/wp-json\/wp\/v2\/categories?post=20277"},{"taxonomy":"post_tag","embeddable":true,"href":"https:\/\/www.alqueria.es\/blogs\/alqueriaprimerciclo\/wp-json\/wp\/v2\/tags?post=20277"}],"curies":[{"name":"wp","href":"https:\/\/api.w.org\/{rel}","templated":true}]}}