{"id":2117,"date":"2013-02-22T12:51:11","date_gmt":"2013-02-22T12:51:11","guid":{"rendered":"http:\/\/alqueriaprimerciclo.wordpress.com\/?p=2117"},"modified":"2014-02-24T09:49:09","modified_gmt":"2014-02-24T09:49:09","slug":"el-cuerpo-humano-continuacion","status":"publish","type":"post","link":"https:\/\/www.alqueria.es\/blogs\/alqueriaprimerciclo\/2013\/02\/22\/el-cuerpo-humano-continuacion\/","title":{"rendered":"El cuerpo humano ( continuaci\u00f3n)"},"content":{"rendered":"<p>Despu\u00e9s de la Semana Cultural hemos retomado nuestras maravillosas rutinas, que lo mejor que tienen es que nunca son iguales. Seguimos unos tiempos y unas actividades en un marco de contenidos a aprender, pero cada d\u00eda tiene un aliciente diferente que nos estimula.<\/p>\n<p>A los ni\u00f1os les encanta saber de antemano qu\u00e9 vamos hacer. Les gusta que los invite a averiguar informaci\u00f3n previa del tema propuesto antes de trabajarlo en clase. Suele pasar que por los pasillos antes de entrar en clase ya est\u00e1n contando lo que han descubierto, siempre\u00a0averiguan datos e informaciones que van m\u00e1s all\u00e1 de los previstos.<\/p>\n<p>Precisamente eso ha pasado con <em>El cuerpo humano<\/em>, que les encanta.<\/p>\n<p><a href=\"http:\/\/alqueriaprimerciclo.files.wordpress.com\/2013\/02\/dsc04216.jpg\"><img decoding=\"async\" data-attachment-id=\"2128\" data-permalink=\"https:\/\/www.alqueria.es\/blogs\/alqueriaprimerciclo\/dsc04216\/\" data-orig-file=\"https:\/\/www.alqueria.es\/blogs\/alqueriaprimerciclo\/wp-content\/uploads\/sites\/6\/2013\/02\/dsc04216.jpg\" data-orig-size=\"1024,768\" data-comments-opened=\"1\" data-image-meta=\"{&quot;aperture&quot;:&quot;0&quot;,&quot;credit&quot;:&quot;&quot;,&quot;camera&quot;:&quot;&quot;,&quot;caption&quot;:&quot;&quot;,&quot;created_timestamp&quot;:&quot;0&quot;,&quot;copyright&quot;:&quot;&quot;,&quot;focal_length&quot;:&quot;0&quot;,&quot;iso&quot;:&quot;0&quot;,&quot;shutter_speed&quot;:&quot;0&quot;,&quot;title&quot;:&quot;&quot;}\" data-image-title=\"DSC04216\" data-image-description=\"\" data-image-caption=\"\" data-large-file=\"https:\/\/www.alqueria.es\/blogs\/alqueriaprimerciclo\/wp-content\/uploads\/sites\/6\/2013\/02\/dsc04216-1024x768.jpg\" class=\"size-medium wp-image-2128 alignleft\" alt=\"DSC04216\" src=\"https:\/\/cloud.alqueria.es\/wp-content\/uploads\/sites\/6\/2013\/02\/dsc042161.jpg\" width=\"300\" height=\"225\" \/><\/a>Hemos tenido una magn\u00edfica conferencia sobre <em>Los m\u00e9dicos, <\/em>su funci\u00f3n, su trabajo, los estudios que realizan, las especialidades que tienen, sus herramientas y su relaci\u00f3n con los pacientes que atienden<em>.<\/em> Muy significativo result\u00f3 el tema del comportamiento de los ni\u00f1os en la consulta donde se trat\u00f3 la importancia de tener una actitud tranquila y de confianza, ya que un m\u00e9dico est\u00e1 para ayudar siempre. Su trabajo es prevenir, examinar diagnosticar y tratar la enfermedad.Todo esto fue lo que nos ense\u00f1\u00f3 nuestra compa\u00f1era C. del A., adem\u00e1s incluy\u00f3 en su exposici\u00f3n el sistema nervioso, para que pudi\u00e9ramos comprender mejor la funci\u00f3n del cerebro.<\/p>\n<p style=\"text-align:left\">En matem\u00e1ticas gracias al trabajo del Milenio, se nos qued\u00f3 muy claro la importancia del n\u00famero diez o decena. Lo que nos ha permitido introducir el t\u00e9rmino unidad y su relaci\u00f3n con la decena. En inform\u00e1tica utilizamos este juego:<\/p>\n<p style=\"text-align:center\"><a href=\"http:\/\/ntic.educacion.es\/w3\/\/eos\/MaterialesEducativos\/mem2008\/matematicas_primaria\/menuppal.html\"><img decoding=\"async\" data-attachment-id=\"2119\" data-permalink=\"https:\/\/www.alqueria.es\/blogs\/alqueriaprimerciclo\/2013\/03\/22\/despedimos-el-2o-trimestre\/captura-12\/\" data-orig-file=\"https:\/\/www.alqueria.es\/blogs\/alqueriaprimerciclo\/wp-content\/uploads\/sites\/6\/2013\/02\/captura2.jpg\" data-orig-size=\"800,588\" data-comments-opened=\"1\" data-image-meta=\"{&quot;aperture&quot;:&quot;0&quot;,&quot;credit&quot;:&quot;&quot;,&quot;camera&quot;:&quot;&quot;,&quot;caption&quot;:&quot;&quot;,&quot;created_timestamp&quot;:&quot;0&quot;,&quot;copyright&quot;:&quot;&quot;,&quot;focal_length&quot;:&quot;0&quot;,&quot;iso&quot;:&quot;0&quot;,&quot;shutter_speed&quot;:&quot;0&quot;,&quot;title&quot;:&quot;&quot;}\" data-image-title=\"Menuppal\" data-image-description=\"\" data-image-caption=\"\" data-large-file=\"https:\/\/www.alqueria.es\/blogs\/alqueriaprimerciclo\/wp-content\/uploads\/sites\/6\/2013\/02\/captura2.jpg\" class=\"aligncenter size-medium wp-image-2119\" alt=\"Menuppal\" src=\"https:\/\/cloud.alqueria.es\/wp-content\/uploads\/sites\/6\/2013\/02\/captura21.jpg\" width=\"300\" height=\"220\" \/><\/a><\/p>\n<p style=\"text-align:left\">Entramos en el \u00c1baco y seleccionamos Contar y Agrupar. Contamos de diez en diez los objetos y los agrupamos por decenas . Si nos sobran objetos son las unidades. Y finalmente escribimos el n\u00famero que lo representa. Hay otras opciones para practicar que iremos ensayando pr\u00f3ximamente.<\/p>\n<p style=\"text-align:left\">Estamos haciendo algunos problemas que necesitan del razonamiento para poder resolverlos. Cada uno piensa c\u00f3mo \u00a0y explica a los dem\u00e1s su idea para llegar a lo que cree que es la soluci\u00f3n.<\/p>\n<p style=\"text-align:left\">No olvidamos el c\u00e1lculo r\u00e1pido de n\u00fameros menores de 10, que se componen y descomponen constantemente.<\/p>\n<p style=\"text-align:left\">La lectura y la escritura es una tarea muy principal en 1\u00ba, por eso estamos haciendo las siguientes actividades:<\/p>\n<p style=\"text-align:left\"><img decoding=\"async\" class=\"alignleft\" id=\"irc_mi\" alt=\"\" src=\"https:\/\/cloud.alqueria.es\/wp-content\/uploads\/sites\/6\/2013\/02\/ninos-leyendo.jpg\" width=\"258\" height=\"217\" \/><\/p>\n<p style=\"text-align:left\">Cada d\u00eda el s\u00faper ayudante lee en voz alta un texto, que previamente ha preparado en casa.<\/p>\n<p style=\"text-align:left\">Estamos trabajando el cuento de <em>Cardito Caracol<\/em>, de Inmaculada Diaz. Leemos cooperativamente el cuento, en el que hemos repartido los personajes y trabajamos la expresi\u00f3n oral y corporal en su representaci\u00f3n.<\/p>\n<p style=\"text-align:left\">El diario, que en realidad se tendr\u00eda que llamar semanario, donde se recogen vivencias, an\u00e9cdotas y temas personales. Para poder hacerlo nos estamos acostumbrando a pensar y ordenar las ideas de lo que queremos decir antes de empezar a escribir. Lo m\u00e1s dif\u00edcil es que esas ideas hay que se pararlas con puntos y siempre nos sobran o nos faltan los dichosos puntos.<\/p>\n<p style=\"text-align:left\">El diccionario de Bosque de los Sonidos. Buscamos palabras que empiecen por la letra que el cuento nos va indicando.<\/p>\n<p style=\"text-align:left\">El resumen de la conferencia que escuchamos , generalmente los viernes.<\/p>\n<p style=\"text-align:left\">En conocimiento del Medio tambi\u00e9n llevamos anotaciones o peque\u00f1os cuadernos donde recogemos la informaci\u00f3n.<img decoding=\"async\" class=\"alignright\" alt=\"\" src=\"https:\/\/cloud.alqueria.es\/wp-content\/uploads\/sites\/6\/2013\/02\/l.cardito-caracol-editorial-everest_1299057520.jpg\" width=\"195\" height=\"216\" \/><\/p>\n<p style=\"text-align:left\">En art\u00edstica vamos a trabajar los decorados y complementos para los personajes de la representaci\u00f3n , a partir de esta semana. En el vest\u00edbulo pod\u00e9is ver los bocetos que hemos hecho sobre los personajes.<\/p>\n<p style=\"text-align:left\">El objetivo es hacer una representaci\u00f3n que estimule el inter\u00e9s por la lectura y que acoja al grupo en un trabajo cooperativo divertido. Nos exige mucho autocontrol personal y ejercitar la \u00a0imaginaci\u00f3n.<\/p>\n<p style=\"text-align:left\">Cuando lo tengamos bien trabajado se lo ofreceremos a nuestros compa\u00f1eros de infantil en una representaci\u00f3n.<\/p>\n<p style=\"text-align:left\">\n<div class=\"a25-CTUOC-hidding-box\" data-original-content=\"&lt;iframe title=&quot;Gimnasia r\u00edtmica&quot; src=&quot;https:\/\/www.slideshare.net\/slideshow\/embed_code\/key\/93QQMGw8Fcf2g8&quot; width=&quot;427&quot; height=&quot;356&quot; frameborder=&quot;0&quot; marginwidth=&quot;0&quot; marginheight=&quot;0&quot; scrolling=&quot;no&quot; style=&quot;border:1px solid #CCC; border-width:1px; margin-bottom:5px; max-width: 100%;&quot; allowfullscreen&gt; &lt;\/iframe&gt;\">Esta p\u00e1gina incluye contenido multimedia que requiere aceptar todas las cookies. Pulse aqu\u00ed para abrir la configuraci\u00f3n de cookies.<\/div>\n<div style=\"margin-bottom:5px\"> <strong> <a href=\"https:\/\/es.slideshare.net\/rosialqueria\/gimnasia-rtmica-16693766\" title=\"Gimnasia r\u00edtmica\" target=\"_blank\">Gimnasia r\u00edtmica<\/a> <\/strong> from <strong><a href=\"https:\/\/www.slideshare.net\/rosialqueria\" target=\"_blank\">rosialqueria<\/a><\/strong> <\/div>\n<\/p>\n<p style=\"text-align:left\">El \u00faltimo d\u00eda de la semana hemos tenido otra conferencia. Esta vez y para cerrar<em> El cuerpo humano<\/em> sobre <em>La gimnasia r\u00edtmica.<\/em>\u00a0Nuestra compa\u00f1era<em> M.A.A. <\/em>la ha trabajado a partir de sus propias vivencias. Es alumna de esta disciplina y ha presentado la historia, un desarrollo sobre en qu\u00e9 consiste, los materiales, el trabajo corporal que requiere y qu\u00e9 m\u00fasculos ejercita, para terminar con una demostraci\u00f3n de algunos ejercicios. Su presentaci\u00f3n en power point ha sido posible porque ella se ha empe\u00f1ado en aprender hacerla sola para la ocasi\u00f3n.<\/p>\n<p style=\"text-align:left\">Buen fin de semana<\/p>\n<p style=\"text-align:left\">Rosi<\/p>\n","protected":false},"excerpt":{"rendered":"<p>Despu\u00e9s de la Semana Cultural hemos retomado nuestras maravillosas rutinas, que lo mejor que tienen es que nunca son iguales. Seguimos unos tiempos y unas actividades en un marco de contenidos a aprender, pero cada d\u00eda tiene un aliciente diferente que nos estimula. A los ni\u00f1os les encanta saber de antemano qu\u00e9 vamos hacer. Les &hellip; <a href=\"https:\/\/www.alqueria.es\/blogs\/alqueriaprimerciclo\/2013\/02\/22\/el-cuerpo-humano-continuacion\/\" class=\"more-link\">Seguir leyendo <span class=\"screen-reader-text\">El cuerpo humano ( continuaci\u00f3n)<\/span> <span class=\"meta-nav\">&rarr;<\/span><\/a><\/p>\n","protected":false},"author":12,"featured_media":0,"comment_status":"open","ping_status":"open","sticky":false,"template":"","format":"standard","meta":{"jetpack_post_was_ever_published":false,"_jetpack_newsletter_access":"","_jetpack_dont_email_post_to_subs":false,"_jetpack_newsletter_tier_id":0,"_jetpack_memberships_contains_paywalled_content":false,"_jetpack_memberships_contains_paid_content":false,"footnotes":"","jetpack_publicize_message":"","jetpack_publicize_feature_enabled":true,"jetpack_social_post_already_shared":false,"jetpack_social_options":{"image_generator_settings":{"template":"highway","default_image_id":0,"font":"","enabled":false},"version":2}},"categories":[2,8],"tags":[],"class_list":["post-2117","post","type-post","status-publish","format-standard","hentry","category-1o-epo","category-diario-de-clase-1o"],"jetpack_publicize_connections":[],"jetpack_featured_media_url":"","jetpack_sharing_enabled":true,"jetpack_shortlink":"https:\/\/wp.me\/p4lvS0-y9","_links":{"self":[{"href":"https:\/\/www.alqueria.es\/blogs\/alqueriaprimerciclo\/wp-json\/wp\/v2\/posts\/2117","targetHints":{"allow":["GET"]}}],"collection":[{"href":"https:\/\/www.alqueria.es\/blogs\/alqueriaprimerciclo\/wp-json\/wp\/v2\/posts"}],"about":[{"href":"https:\/\/www.alqueria.es\/blogs\/alqueriaprimerciclo\/wp-json\/wp\/v2\/types\/post"}],"author":[{"embeddable":true,"href":"https:\/\/www.alqueria.es\/blogs\/alqueriaprimerciclo\/wp-json\/wp\/v2\/users\/12"}],"replies":[{"embeddable":true,"href":"https:\/\/www.alqueria.es\/blogs\/alqueriaprimerciclo\/wp-json\/wp\/v2\/comments?post=2117"}],"version-history":[{"count":0,"href":"https:\/\/www.alqueria.es\/blogs\/alqueriaprimerciclo\/wp-json\/wp\/v2\/posts\/2117\/revisions"}],"wp:attachment":[{"href":"https:\/\/www.alqueria.es\/blogs\/alqueriaprimerciclo\/wp-json\/wp\/v2\/media?parent=2117"}],"wp:term":[{"taxonomy":"category","embeddable":true,"href":"https:\/\/www.alqueria.es\/blogs\/alqueriaprimerciclo\/wp-json\/wp\/v2\/categories?post=2117"},{"taxonomy":"post_tag","embeddable":true,"href":"https:\/\/www.alqueria.es\/blogs\/alqueriaprimerciclo\/wp-json\/wp\/v2\/tags?post=2117"}],"curies":[{"name":"wp","href":"https:\/\/api.w.org\/{rel}","templated":true}]}}