{"id":21772,"date":"2020-01-27T00:50:21","date_gmt":"2020-01-26T23:50:21","guid":{"rendered":"http:\/\/www.alqueria.es\/blogs\/alqueriaprimerciclo\/?p=21772"},"modified":"2020-01-29T20:33:14","modified_gmt":"2020-01-29T19:33:14","slug":"somos-agua","status":"publish","type":"post","link":"https:\/\/www.alqueria.es\/blogs\/alqueriaprimerciclo\/2020\/01\/27\/somos-agua\/","title":{"rendered":"Somos agua"},"content":{"rendered":"<p>Esta semana\u00a0 damos por cerrado el tema de estudio sobre\u00a0 nuestro cuerpo, pendientes de\u00a0 exponer las investigaciones realizadas y\u00a0 la salida a la f\u00e1brica de puleva el pr\u00f3ximo martes.<\/p>\n<p>La salud de nuestro cuerpo ha sido una parte importante de debate , conocer que necesitamos para crecer\u00a0 sanos\u00a0 y fuertes nos da confianza en poder contribuir a ello.<\/p>\n<p>La pr\u00f3xima semana, el martes, visitamos la f\u00e1brica de Puleva para ver c\u00f3mo se prepara la leche desde que llega de la vaquer\u00eda hasta que la tomamos en casa.<\/p>\n<p>El aporte alimenticio de los productos l\u00e1cteos nos interesa en especial.<\/p>\n<p>La cadena de envasado, la higiene en el tratamiento\u00a0 y manipulaci\u00f3n de los alimentos, son elementos muy importantes que podremos comprobar durante la visita.<\/p>\n<p>Continuamos con la investigaci\u00f3n cient\u00edfica, comenzarrmos el estudio sobre nuestro planeta, la tierra. Este ser\u00e1 el tema que nos ocupe las siguientes semanas .\u00a0 Prepararemos\u00a0 un trabajo individual, sobre el inter\u00e9s\u00a0 particular mostrado por cada uno, tras investigarlo.<\/p>\n<p><img decoding=\"async\" class=\"\" src=\"http:\/\/pedaleandonuestratierra.weebly.com\/uploads\/1\/0\/9\/0\/10907569\/929052565.jpg\" width=\"162\" height=\"171\" \/><\/p>\n<p>Comenzamos el ciclo de conferencias que nos permiten conocer acerca del planeta que habitamos .<\/p>\n<h5><span style=\"color: #0000ff\">Conferencia de\u00a0 Sof\u00eda\u00a0 sobre el agua\u00a0<\/span><\/h5>\n<p>Sof\u00eda nos ha explicado todos los lugares donde podemos encontrar agua, incluido nuestro cuerpo; en los\u00a0 estados que la podemos encontrar; el viaje del agua y algunas curiosidades muy interesantes, sin olvidar el arte del agua en la m\u00fasica y la literatura.<\/p>\n<p><img decoding=\"async\" data-attachment-id=\"21785\" data-permalink=\"https:\/\/www.alqueria.es\/blogs\/alqueriaprimerciclo\/2020\/01\/27\/somos-agua\/p00124-121530\/\" data-orig-file=\"https:\/\/cloud.alqueria.es\/wp-content\/uploads\/sites\/6\/2020\/01\/P00124-121530.jpg\" data-orig-size=\"1024,768\" data-comments-opened=\"1\" data-image-meta=\"{&quot;aperture&quot;:&quot;0&quot;,&quot;credit&quot;:&quot;&quot;,&quot;camera&quot;:&quot;MEIZU_M5&quot;,&quot;caption&quot;:&quot;&quot;,&quot;created_timestamp&quot;:&quot;0&quot;,&quot;copyright&quot;:&quot;&quot;,&quot;focal_length&quot;:&quot;3.5&quot;,&quot;iso&quot;:&quot;0&quot;,&quot;shutter_speed&quot;:&quot;0.0299&quot;,&quot;title&quot;:&quot;&quot;,&quot;orientation&quot;:&quot;0&quot;}\" data-image-title=\"P00124-121530\" data-image-description=\"\" data-image-caption=\"\" data-large-file=\"https:\/\/cloud.alqueria.es\/wp-content\/uploads\/sites\/6\/2020\/01\/P00124-121530-1024x768.jpg\" class=\"alignnone size-full wp-image-21785\" src=\"https:\/\/cloud.alqueria.es\/wp-content\/uploads\/sites\/6\/2020\/01\/P00124-121530.jpg\" alt=\"\" width=\"1024\" height=\"768\" srcset=\"https:\/\/cloud.alqueria.es\/wp-content\/uploads\/sites\/6\/2020\/01\/P00124-121530.jpg 1024w, https:\/\/cloud.alqueria.es\/wp-content\/uploads\/sites\/6\/2020\/01\/P00124-121530.jpg 300w, https:\/\/cloud.alqueria.es\/wp-content\/uploads\/sites\/6\/2020\/01\/P00124-121530.jpg 768w\" sizes=\"(max-width: 1024px) 100vw, 1024px\" \/><\/p>\n<p>Comienza explicando que el agua son mol\u00e9culas, en una gota hay millones, claro son microsc\u00f3picas.<\/p>\n<p><img decoding=\"async\" data-attachment-id=\"21782\" data-permalink=\"https:\/\/www.alqueria.es\/blogs\/alqueriaprimerciclo\/2020\/01\/27\/somos-agua\/p00124-093240\/\" data-orig-file=\"https:\/\/cloud.alqueria.es\/wp-content\/uploads\/sites\/6\/2020\/01\/P00124-093240.jpg\" data-orig-size=\"1024,768\" data-comments-opened=\"1\" data-image-meta=\"{&quot;aperture&quot;:&quot;0&quot;,&quot;credit&quot;:&quot;&quot;,&quot;camera&quot;:&quot;MEIZU_M5&quot;,&quot;caption&quot;:&quot;&quot;,&quot;created_timestamp&quot;:&quot;0&quot;,&quot;copyright&quot;:&quot;&quot;,&quot;focal_length&quot;:&quot;3.5&quot;,&quot;iso&quot;:&quot;0&quot;,&quot;shutter_speed&quot;:&quot;0.0299&quot;,&quot;title&quot;:&quot;&quot;,&quot;orientation&quot;:&quot;0&quot;}\" data-image-title=\"P00124-093240\" data-image-description=\"\" data-image-caption=\"\" data-large-file=\"https:\/\/cloud.alqueria.es\/wp-content\/uploads\/sites\/6\/2020\/01\/P00124-093240-1024x768.jpg\" class=\"alignnone size-full wp-image-21782\" src=\"https:\/\/cloud.alqueria.es\/wp-content\/uploads\/sites\/6\/2020\/01\/P00124-093240.jpg\" alt=\"\" width=\"1024\" height=\"768\" srcset=\"https:\/\/cloud.alqueria.es\/wp-content\/uploads\/sites\/6\/2020\/01\/P00124-093240.jpg 1024w, https:\/\/cloud.alqueria.es\/wp-content\/uploads\/sites\/6\/2020\/01\/P00124-093240.jpg 300w, https:\/\/cloud.alqueria.es\/wp-content\/uploads\/sites\/6\/2020\/01\/P00124-093240.jpg 768w\" sizes=\"(max-width: 1024px) 100vw, 1024px\" \/><\/p>\n<p>Nos explica sus propiedades, en qu\u00e9 estados podemos encontrarla y su ciclo. Aparecen\u00a0 conceptos que es necesario aclarar como condensar, precipitar, evaporar, ciclo.\u00a0 Nos lo ha ejemplificado con una rueda , sin principio ni fin.<\/p>\n<p><img decoding=\"async\" data-attachment-id=\"21786\" data-permalink=\"https:\/\/www.alqueria.es\/blogs\/alqueriaprimerciclo\/2020\/01\/27\/somos-agua\/p00124-121535\/\" data-orig-file=\"https:\/\/cloud.alqueria.es\/wp-content\/uploads\/sites\/6\/2020\/01\/P00124-121535.jpg\" data-orig-size=\"1024,768\" data-comments-opened=\"1\" data-image-meta=\"{&quot;aperture&quot;:&quot;0&quot;,&quot;credit&quot;:&quot;&quot;,&quot;camera&quot;:&quot;MEIZU_M5&quot;,&quot;caption&quot;:&quot;&quot;,&quot;created_timestamp&quot;:&quot;0&quot;,&quot;copyright&quot;:&quot;&quot;,&quot;focal_length&quot;:&quot;3.5&quot;,&quot;iso&quot;:&quot;0&quot;,&quot;shutter_speed&quot;:&quot;0.0299&quot;,&quot;title&quot;:&quot;&quot;,&quot;orientation&quot;:&quot;0&quot;}\" data-image-title=\"P00124-121535\" data-image-description=\"\" data-image-caption=\"\" data-large-file=\"https:\/\/cloud.alqueria.es\/wp-content\/uploads\/sites\/6\/2020\/01\/P00124-121535-1024x768.jpg\" class=\"alignnone size-full wp-image-21786\" src=\"https:\/\/cloud.alqueria.es\/wp-content\/uploads\/sites\/6\/2020\/01\/P00124-121535.jpg\" alt=\"\" width=\"1024\" height=\"768\" srcset=\"https:\/\/cloud.alqueria.es\/wp-content\/uploads\/sites\/6\/2020\/01\/P00124-121535.jpg 1024w, https:\/\/cloud.alqueria.es\/wp-content\/uploads\/sites\/6\/2020\/01\/P00124-121535.jpg 300w, https:\/\/cloud.alqueria.es\/wp-content\/uploads\/sites\/6\/2020\/01\/P00124-121535.jpg 768w\" sizes=\"(max-width: 1024px) 100vw, 1024px\" \/><\/p>\n<p>No s\u00f3lo la encontramos en mares , r\u00edos , oc\u00e9anos, tambi\u00e9n en nuestro cuerpo y en grandes cantidades.<\/p>\n<p><img decoding=\"async\" data-attachment-id=\"21780\" data-permalink=\"https:\/\/www.alqueria.es\/blogs\/alqueriaprimerciclo\/2020\/01\/27\/somos-agua\/p00124-121525\/\" data-orig-file=\"https:\/\/cloud.alqueria.es\/wp-content\/uploads\/sites\/6\/2020\/01\/P00124-121525.jpg\" data-orig-size=\"1024,768\" data-comments-opened=\"1\" data-image-meta=\"{&quot;aperture&quot;:&quot;0&quot;,&quot;credit&quot;:&quot;&quot;,&quot;camera&quot;:&quot;MEIZU_M5&quot;,&quot;caption&quot;:&quot;&quot;,&quot;created_timestamp&quot;:&quot;0&quot;,&quot;copyright&quot;:&quot;&quot;,&quot;focal_length&quot;:&quot;3.5&quot;,&quot;iso&quot;:&quot;0&quot;,&quot;shutter_speed&quot;:&quot;0.0299&quot;,&quot;title&quot;:&quot;&quot;,&quot;orientation&quot;:&quot;0&quot;}\" data-image-title=\"P00124-121525\" data-image-description=\"\" data-image-caption=\"\" data-large-file=\"https:\/\/cloud.alqueria.es\/wp-content\/uploads\/sites\/6\/2020\/01\/P00124-121525-1024x768.jpg\" class=\"alignnone size-full wp-image-21780\" src=\"https:\/\/cloud.alqueria.es\/wp-content\/uploads\/sites\/6\/2020\/01\/P00124-121525.jpg\" alt=\"\" width=\"1024\" height=\"768\" srcset=\"https:\/\/cloud.alqueria.es\/wp-content\/uploads\/sites\/6\/2020\/01\/P00124-121525.jpg 1024w, https:\/\/cloud.alqueria.es\/wp-content\/uploads\/sites\/6\/2020\/01\/P00124-121525.jpg 300w, https:\/\/cloud.alqueria.es\/wp-content\/uploads\/sites\/6\/2020\/01\/P00124-121525.jpg 768w\" sizes=\"(max-width: 1024px) 100vw, 1024px\" \/><\/p>\n<p>Debajo de nuestros pies est\u00e1n las aguas subterr\u00e1neas , los acu\u00edferos de la vega de Granada son enormes. Su visita a las cuevas de Nerja ha servido para conocer la fuerza del agua y la paciencia de miles de a\u00f1os\u00a0 para formar las estalactitas y estalagmitas.<\/p>\n<p>Visit\u00f3 un jard\u00edn Nazar\u00ed donde pudo ver ,acequias, albercas, fuentes, cascadas&#8230; Todo un estudio de campo para comprobar las maravillas del agua.<\/p>\n<p>Algunas preguntas para saber m\u00e1s, \u00bfQui\u00e9n provoca las olas y las mareas?, \u00bfPorqu\u00e9 el mar se ve azul?, \u00bfCu\u00e1nta agua se usa para fabricar un folio?<\/p>\n<p>Termina con una poes\u00eda de Lorca: Agua d\u00f3nde vas.<\/p>\n<p><img decoding=\"async\" data-attachment-id=\"21779\" data-permalink=\"https:\/\/www.alqueria.es\/blogs\/alqueriaprimerciclo\/2020\/01\/27\/somos-agua\/p00124-121521\/\" data-orig-file=\"https:\/\/cloud.alqueria.es\/wp-content\/uploads\/sites\/6\/2020\/01\/P00124-121521.jpg\" data-orig-size=\"1024,768\" data-comments-opened=\"1\" data-image-meta=\"{&quot;aperture&quot;:&quot;0&quot;,&quot;credit&quot;:&quot;&quot;,&quot;camera&quot;:&quot;MEIZU_M5&quot;,&quot;caption&quot;:&quot;&quot;,&quot;created_timestamp&quot;:&quot;0&quot;,&quot;copyright&quot;:&quot;&quot;,&quot;focal_length&quot;:&quot;3.5&quot;,&quot;iso&quot;:&quot;0&quot;,&quot;shutter_speed&quot;:&quot;0.0299&quot;,&quot;title&quot;:&quot;&quot;,&quot;orientation&quot;:&quot;0&quot;}\" data-image-title=\"P00124-121521\" data-image-description=\"\" data-image-caption=\"\" data-large-file=\"https:\/\/cloud.alqueria.es\/wp-content\/uploads\/sites\/6\/2020\/01\/P00124-121521-1024x768.jpg\" class=\"size-full wp-image-21779 alignleft\" src=\"https:\/\/cloud.alqueria.es\/wp-content\/uploads\/sites\/6\/2020\/01\/P00124-121521.jpg\" alt=\"\" width=\"1024\" height=\"768\" srcset=\"https:\/\/cloud.alqueria.es\/wp-content\/uploads\/sites\/6\/2020\/01\/P00124-121521.jpg 1024w, https:\/\/cloud.alqueria.es\/wp-content\/uploads\/sites\/6\/2020\/01\/P00124-121521.jpg 300w, https:\/\/cloud.alqueria.es\/wp-content\/uploads\/sites\/6\/2020\/01\/P00124-121521.jpg 768w\" sizes=\"(max-width: 1024px) 100vw, 1024px\" \/><\/p>\n<p>&nbsp;<\/p>\n<p><img decoding=\"async\" data-attachment-id=\"21783\" data-permalink=\"https:\/\/www.alqueria.es\/blogs\/alqueriaprimerciclo\/2020\/01\/27\/somos-agua\/p00124-112134\/\" data-orig-file=\"https:\/\/cloud.alqueria.es\/wp-content\/uploads\/sites\/6\/2020\/01\/P00124-112134.jpg\" data-orig-size=\"1024,1024\" data-comments-opened=\"1\" data-image-meta=\"{&quot;aperture&quot;:&quot;0&quot;,&quot;credit&quot;:&quot;&quot;,&quot;camera&quot;:&quot;MEIZU_M5&quot;,&quot;caption&quot;:&quot;&quot;,&quot;created_timestamp&quot;:&quot;0&quot;,&quot;copyright&quot;:&quot;&quot;,&quot;focal_length&quot;:&quot;3.5&quot;,&quot;iso&quot;:&quot;0&quot;,&quot;shutter_speed&quot;:&quot;0.0299&quot;,&quot;title&quot;:&quot;&quot;,&quot;orientation&quot;:&quot;0&quot;}\" data-image-title=\"P00124-112134\" data-image-description=\"\" data-image-caption=\"\" data-large-file=\"https:\/\/cloud.alqueria.es\/wp-content\/uploads\/sites\/6\/2020\/01\/P00124-112134.jpg\" class=\"alignnone size-full wp-image-21783\" src=\"https:\/\/cloud.alqueria.es\/wp-content\/uploads\/sites\/6\/2020\/01\/P00124-112134.jpg\" alt=\"\" width=\"1024\" height=\"1024\" srcset=\"https:\/\/cloud.alqueria.es\/wp-content\/uploads\/sites\/6\/2020\/01\/P00124-112134.jpg 1024w, https:\/\/cloud.alqueria.es\/wp-content\/uploads\/sites\/6\/2020\/01\/P00124-112134.jpg 150w, https:\/\/cloud.alqueria.es\/wp-content\/uploads\/sites\/6\/2020\/01\/P00124-112134.jpg 300w, https:\/\/cloud.alqueria.es\/wp-content\/uploads\/sites\/6\/2020\/01\/P00124-112134.jpg 768w\" sizes=\"(max-width: 1024px) 100vw, 1024px\" \/><\/p>\n<blockquote><p>Dejamos un experimento\u00a0 , sobre la formaci\u00f3n\u00a0 de estalagtitas ,durante el fin\u00a0 \u00a0de semana, para\u00a0 ver como evoluciona.<\/p>\n<p>Nuestras rutinas diarias dejan tiempo para escribir y reflexionar sobre lo que queremos contar. Leer a diario en diversas ocasiones y con distintos prop\u00f3sitos. Calcular y conocer los n\u00fameros en cuadernos, juegos como el bingo , el rinc\u00f3n de Luca, palilleando o con la tabla del cien.<\/p>\n<p>El arte del falso grabado y el estudio de nuestro esqueleto.<\/p>\n<p>Hay tiempo para todo y el que\u00a0 pasamos en el patio es de lo mas aprovechado, en ocasiones nos gusta ir a la biblioteca , al jard\u00edn , al huerto, en la casita, con el barro que deja la lluvia, saltamos a la cuerda. Un nuevo inter\u00e9s surge , volar aviones, se van perfeccinando las t\u00e9cnicas de doblar papel para conseguir el mejor vuelo.<\/p>\n<p><img decoding=\"async\" data-attachment-id=\"21787\" data-permalink=\"https:\/\/www.alqueria.es\/blogs\/alqueriaprimerciclo\/2020\/01\/27\/somos-agua\/p00123-145208\/\" data-orig-file=\"https:\/\/cloud.alqueria.es\/wp-content\/uploads\/sites\/6\/2020\/01\/P00123-145208.jpg\" data-orig-size=\"1024,768\" data-comments-opened=\"1\" data-image-meta=\"{&quot;aperture&quot;:&quot;0&quot;,&quot;credit&quot;:&quot;&quot;,&quot;camera&quot;:&quot;MEIZU_M5&quot;,&quot;caption&quot;:&quot;&quot;,&quot;created_timestamp&quot;:&quot;0&quot;,&quot;copyright&quot;:&quot;&quot;,&quot;focal_length&quot;:&quot;3.5&quot;,&quot;iso&quot;:&quot;0&quot;,&quot;shutter_speed&quot;:&quot;0.0009&quot;,&quot;title&quot;:&quot;&quot;,&quot;orientation&quot;:&quot;0&quot;}\" data-image-title=\"P00123-145208\" data-image-description=\"\" data-image-caption=\"\" data-large-file=\"https:\/\/cloud.alqueria.es\/wp-content\/uploads\/sites\/6\/2020\/01\/P00123-145208-1024x768.jpg\" class=\"alignnone size-full wp-image-21787\" src=\"https:\/\/cloud.alqueria.es\/wp-content\/uploads\/sites\/6\/2020\/01\/P00123-145208.jpg\" alt=\"\" width=\"1024\" height=\"768\" srcset=\"https:\/\/cloud.alqueria.es\/wp-content\/uploads\/sites\/6\/2020\/01\/P00123-145208.jpg 1024w, https:\/\/cloud.alqueria.es\/wp-content\/uploads\/sites\/6\/2020\/01\/P00123-145208.jpg 300w, https:\/\/cloud.alqueria.es\/wp-content\/uploads\/sites\/6\/2020\/01\/P00123-145208.jpg 768w\" sizes=\"(max-width: 1024px) 100vw, 1024px\" \/><\/p><\/blockquote>\n<p>Continuamos.<\/p>\n<p>Un saludo.<\/p>\n<p>Dar\u00eda<\/p>\n","protected":false},"excerpt":{"rendered":"<p>Esta semana\u00a0 damos por cerrado el tema de estudio sobre\u00a0 nuestro cuerpo, pendientes de\u00a0 exponer las investigaciones realizadas y\u00a0 la salida a la f\u00e1brica de puleva el pr\u00f3ximo martes. La salud de nuestro cuerpo ha sido una parte importante de debate , conocer que necesitamos para crecer\u00a0 sanos\u00a0 y fuertes nos da confianza en poder &hellip; <a href=\"https:\/\/www.alqueria.es\/blogs\/alqueriaprimerciclo\/2020\/01\/27\/somos-agua\/\" class=\"more-link\">Seguir leyendo <span class=\"screen-reader-text\">Somos agua<\/span> <span class=\"meta-nav\">&rarr;<\/span><\/a><\/p>\n","protected":false},"author":12,"featured_media":0,"comment_status":"open","ping_status":"open","sticky":false,"template":"","format":"standard","meta":{"jetpack_post_was_ever_published":false,"_jetpack_newsletter_access":"","_jetpack_dont_email_post_to_subs":false,"_jetpack_newsletter_tier_id":0,"_jetpack_memberships_contains_paywalled_content":false,"_jetpack_memberships_contains_paid_content":false,"footnotes":"","jetpack_publicize_message":"","jetpack_publicize_feature_enabled":true,"jetpack_social_post_already_shared":true,"jetpack_social_options":{"image_generator_settings":{"template":"highway","default_image_id":0,"font":"","enabled":false},"version":2}},"categories":[2,8,136],"tags":[32,37,60,92],"class_list":["post-21772","post","type-post","status-publish","format-standard","hentry","category-1o-epo","category-diario-de-clase-1o","category-el-agua","tag-alqueria","tag-conferencias","tag-primaria","tag-semanario"],"jetpack_publicize_connections":[],"jetpack_featured_media_url":"","jetpack_sharing_enabled":true,"jetpack_shortlink":"https:\/\/wp.me\/p4lvS0-5Fa","_links":{"self":[{"href":"https:\/\/www.alqueria.es\/blogs\/alqueriaprimerciclo\/wp-json\/wp\/v2\/posts\/21772","targetHints":{"allow":["GET"]}}],"collection":[{"href":"https:\/\/www.alqueria.es\/blogs\/alqueriaprimerciclo\/wp-json\/wp\/v2\/posts"}],"about":[{"href":"https:\/\/www.alqueria.es\/blogs\/alqueriaprimerciclo\/wp-json\/wp\/v2\/types\/post"}],"author":[{"embeddable":true,"href":"https:\/\/www.alqueria.es\/blogs\/alqueriaprimerciclo\/wp-json\/wp\/v2\/users\/12"}],"replies":[{"embeddable":true,"href":"https:\/\/www.alqueria.es\/blogs\/alqueriaprimerciclo\/wp-json\/wp\/v2\/comments?post=21772"}],"version-history":[{"count":6,"href":"https:\/\/www.alqueria.es\/blogs\/alqueriaprimerciclo\/wp-json\/wp\/v2\/posts\/21772\/revisions"}],"predecessor-version":[{"id":21831,"href":"https:\/\/www.alqueria.es\/blogs\/alqueriaprimerciclo\/wp-json\/wp\/v2\/posts\/21772\/revisions\/21831"}],"wp:attachment":[{"href":"https:\/\/www.alqueria.es\/blogs\/alqueriaprimerciclo\/wp-json\/wp\/v2\/media?parent=21772"}],"wp:term":[{"taxonomy":"category","embeddable":true,"href":"https:\/\/www.alqueria.es\/blogs\/alqueriaprimerciclo\/wp-json\/wp\/v2\/categories?post=21772"},{"taxonomy":"post_tag","embeddable":true,"href":"https:\/\/www.alqueria.es\/blogs\/alqueriaprimerciclo\/wp-json\/wp\/v2\/tags?post=21772"}],"curies":[{"name":"wp","href":"https:\/\/api.w.org\/{rel}","templated":true}]}}