{"id":21794,"date":"2020-01-31T15:49:03","date_gmt":"2020-01-31T14:49:03","guid":{"rendered":"http:\/\/www.alqueria.es\/blogs\/alqueriaprimerciclo\/?p=21794"},"modified":"2020-01-31T15:49:03","modified_gmt":"2020-01-31T14:49:03","slug":"trabajando-la-consciencia-plena","status":"publish","type":"post","link":"https:\/\/www.alqueria.es\/blogs\/alqueriaprimerciclo\/2020\/01\/31\/trabajando-la-consciencia-plena\/","title":{"rendered":"Trabajando la consciencia plena"},"content":{"rendered":"<h5>Conferencia : Mi trabajo en la Asociaci\u00f3n S\u00eddrome de Down<\/h5>\n<p>Miguel nos presenta la asociaci\u00f3n a la que va dos d\u00edas a la semana, para seguir aprendiendo y estar con otros amigos.<\/p>\n<p>Nos cuenta que sus profesoras le animan a hablar, leer, escribir y relacionarse en grupo, junto a otras personas.<\/p>\n<p>Celebra la fiesta de Navidad cantando con sus compa\u00f1eros.<\/p>\n<p>Sus amigos en la asociaci\u00f3n son Rafa y Hugo.<\/p>\n<div class=\"a25-CTUOC-hidding-box\" data-original-content=\"&lt;iframe src=&quot;https:\/\/www.slideshare.net\/slideshow\/embed_code\/224989909&quot; width=&quot;474&quot; height=&quot;389&quot; sandbox=&quot;allow-popups allow-scripts allow-same-origin allow-presentation&quot; allowfullscreen webkitallowfullscreen mozallowfullscreen&gt;&lt;\/iframe&gt;\">Esta p\u00e1gina incluye contenido multimedia que requiere aceptar todas las cookies. Pulse aqu\u00ed para abrir la configuraci\u00f3n de cookies.<\/div>\n<p>Durante la conferencia le hacemos muchas preguntas sobre la foto de la playa, donde nos dice que come pescado, patatas y pulpo.<\/p>\n<p>Repasamos su vida en nuestra clase\u00a0 y nombra a todos sus compa\u00f1eros, explica lo que aprende y lo que come.<\/p>\n<p>Vemos que se siente muy feliz con nosotros, pero especialmente hoy, al ser durante esta jornada el protagonista absoluto.<\/p>\n<h5>Matem\u00e1ticas<\/h5>\n<p>Jugamos en Menuppal , c\u00e1lculo de sumas con cantidades de dos y tres cifras. Planeamos estrategias, para obtenerlo con m\u00e1s rapidez.<\/p>\n<p>Para conseguir esta actividad, pincha sobre la imagen, seguidamente en el dibujo de un \u00e1baco y despu\u00e9s b\u00fascala en el \u00edndice: <strong><em>C\u00e1lculo mental, sumas y restas<\/em><\/strong><\/p>\n<p><a href=\"https:\/\/www3.gobiernodecanarias.org\/medusa\/contenidosdigitales\/programasflash\/cnice\/Primaria\/Matematicas\/MatemaTICas\/menuppal.html\" target=\"_blank\" rel=\"noopener noreferrer\"><img decoding=\"async\" data-attachment-id=\"21799\" data-permalink=\"https:\/\/www.alqueria.es\/blogs\/alqueriaprimerciclo\/2020\/01\/31\/trabajando-la-consciencia-plena\/sumas-y-restas\/\" data-orig-file=\"https:\/\/cloud.alqueria.es\/wp-content\/uploads\/sites\/6\/2020\/01\/sumas-y-restas.jpg\" data-orig-size=\"735,612\" data-comments-opened=\"1\" data-image-meta=\"{&quot;aperture&quot;:&quot;0&quot;,&quot;credit&quot;:&quot;usuario&quot;,&quot;camera&quot;:&quot;&quot;,&quot;caption&quot;:&quot;&quot;,&quot;created_timestamp&quot;:&quot;1580138914&quot;,&quot;copyright&quot;:&quot;&quot;,&quot;focal_length&quot;:&quot;0&quot;,&quot;iso&quot;:&quot;0&quot;,&quot;shutter_speed&quot;:&quot;0&quot;,&quot;title&quot;:&quot;&quot;,&quot;orientation&quot;:&quot;0&quot;}\" data-image-title=\"sumas y restas\" data-image-description=\"\" data-image-caption=\"\" data-large-file=\"https:\/\/cloud.alqueria.es\/wp-content\/uploads\/sites\/6\/2020\/01\/sumas-y-restas.jpg\" class=\"alignnone wp-image-21799 size-full\" src=\"https:\/\/cloud.alqueria.es\/wp-content\/uploads\/sites\/6\/2020\/01\/sumas-y-restas.jpg\" alt=\"\" width=\"735\" height=\"612\" srcset=\"https:\/\/cloud.alqueria.es\/wp-content\/uploads\/sites\/6\/2020\/01\/sumas-y-restas.jpg 735w, https:\/\/cloud.alqueria.es\/wp-content\/uploads\/sites\/6\/2020\/01\/sumas-y-restas.jpg 300w\" sizes=\"(max-width: 735px) 100vw, 735px\" \/><\/a><\/p>\n<h5>Trabajando la Consciencia Plena<\/h5>\n<p>Hacemos unas sesiones con nuestra profesora de yoga, Isa y Rosi , previas a\u00a0 la celebraci\u00f3n del d\u00eda de La Paz, con\u00a0 ejercicios de respiraci\u00f3n, concentraci\u00f3n y conciencia plena todo el grupo junto. Cerramos con una asamblea de comunicaci\u00f3n sobre lo que sentimos durante los ejercicios.<\/p>\n<p><img decoding=\"async\" data-attachment-id=\"21806\" data-permalink=\"https:\/\/www.alqueria.es\/blogs\/alqueriaprimerciclo\/2020\/01\/31\/trabajando-la-consciencia-plena\/dsc03177-2\/\" data-orig-file=\"https:\/\/cloud.alqueria.es\/wp-content\/uploads\/sites\/6\/2020\/01\/DSC03177.jpg\" data-orig-size=\"640,480\" data-comments-opened=\"1\" data-image-meta=\"{&quot;aperture&quot;:&quot;2.8&quot;,&quot;credit&quot;:&quot;&quot;,&quot;camera&quot;:&quot;DSC-W510&quot;,&quot;caption&quot;:&quot;&quot;,&quot;created_timestamp&quot;:&quot;1580174520&quot;,&quot;copyright&quot;:&quot;Copyright 2009&quot;,&quot;focal_length&quot;:&quot;4.7&quot;,&quot;iso&quot;:&quot;400&quot;,&quot;shutter_speed&quot;:&quot;0.008&quot;,&quot;title&quot;:&quot;&quot;,&quot;orientation&quot;:&quot;1&quot;}\" data-image-title=\"DSC03177\" data-image-description=\"\" data-image-caption=\"\" data-large-file=\"https:\/\/cloud.alqueria.es\/wp-content\/uploads\/sites\/6\/2020\/01\/DSC03177.jpg\" class=\"alignnone size-full wp-image-21806\" src=\"https:\/\/cloud.alqueria.es\/wp-content\/uploads\/sites\/6\/2020\/01\/DSC03177.jpg\" alt=\"\" width=\"640\" height=\"480\" srcset=\"https:\/\/cloud.alqueria.es\/wp-content\/uploads\/sites\/6\/2020\/01\/DSC03177.jpg 640w, https:\/\/cloud.alqueria.es\/wp-content\/uploads\/sites\/6\/2020\/01\/DSC03177.jpg 300w\" sizes=\"(max-width: 640px) 100vw, 640px\" \/><\/p>\n<p>Nos resulta muy agradable y reconfortante hacerlo. Una vez vividos, compartimos voluntariamente lo que hemos sentido, generalmente\u00a0 traducido en relatos, creados por nuestra mente mientras estamos concentrados.<\/p>\n<p class=\"jetpack-slideshow-noscript robots-nocontent\">El pase de diapositivas requiere JavaScript.<\/p><div id=\"gallery-21794-1-slideshow\" class=\"jetpack-slideshow-window jetpack-slideshow jetpack-slideshow-black\" data-trans=\"fade\" data-autostart=\"1\" data-gallery=\"[{&quot;src&quot;:&quot;https:\\\/\\\/cloud.alqueria.es\\\/wp-content\\\/uploads\\\/sites\\\/6\\\/2020\\\/01\\\/DSC03174.jpg&quot;,&quot;id&quot;:&quot;21807&quot;,&quot;title&quot;:&quot;DSC03174&quot;,&quot;alt&quot;:&quot;&quot;,&quot;caption&quot;:&quot;&quot;,&quot;itemprop&quot;:&quot;image&quot;},{&quot;src&quot;:&quot;https:\\\/\\\/cloud.alqueria.es\\\/wp-content\\\/uploads\\\/sites\\\/6\\\/2020\\\/01\\\/DSC03175.jpg&quot;,&quot;id&quot;:&quot;21808&quot;,&quot;title&quot;:&quot;DSC03175&quot;,&quot;alt&quot;:&quot;&quot;,&quot;caption&quot;:&quot;&quot;,&quot;itemprop&quot;:&quot;image&quot;},{&quot;src&quot;:&quot;https:\\\/\\\/cloud.alqueria.es\\\/wp-content\\\/uploads\\\/sites\\\/6\\\/2020\\\/01\\\/DSC03176.jpg&quot;,&quot;id&quot;:&quot;21809&quot;,&quot;title&quot;:&quot;DSC03176&quot;,&quot;alt&quot;:&quot;&quot;,&quot;caption&quot;:&quot;&quot;,&quot;itemprop&quot;:&quot;image&quot;}]\" itemscope itemtype=\"https:\/\/schema.org\/ImageGallery\"><\/div>\n<p>Las palabras calma, alegr\u00eda, tranquilidad son las que m\u00e1s utilizamos para explicar nuestro estado de \u00e1nimo. Pero conforme avanza la sesi\u00f3n, describimos espacios maravillosos en los que nos encontramos en situaciones muy acogedoras.<\/p>\n<p>Los adultos se esfuerzan por explicarnos\u00a0 La Paz.\u00a0 Y en nuestro cole nos invitan a buscarla, primero, en nosotros mismos. Al principio nos parece algo ajeno, pero poco a poco descubrimos que est\u00e1 en nuestra mente, cuando le ofrecemos las condiciones necesarias para que aparezca.<img decoding=\"async\" class=\"alignright\" src=\"http:\/\/extension.uned.es\/archivos_publicos\/webex_actividades\/12272\/mindfulness_mini2.jpg\" alt=\"Imagen relacionada\" \/><\/p>\n<p>Para que este aprendizaje sea significativo debemos llevarlo a la vida cotidiana para sentirnos bien y en calma. Pero especialmente cuando nuestra mente est\u00e1 sintiendo emociones que nos intranquilizan.<\/p>\n<p>Intentamos fijar nuestra atenci\u00f3n en el presente.<\/p>\n<h5>D\u00eda de la Paz<\/h5>\n<p>Formamos grupos heterog\u00e9neos, constituidos por miembros de diferentes clases, para fomentar la convivencia y compartir esta celebraci\u00f3n.<\/p>\n<p>El objetivo es entender qu\u00e9 es la consciencia plena y tener medios para desarrollarla.<\/p>\n<p>Para una mejor informaci\u00f3n de lo que significa vemos el siguiente v\u00eddeo.<\/p>\n<p><span class=\"embed-youtube\" style=\"text-align:center; display: block;\"><div class=\"a25-CTUOC-hidding-box\" data-original-content=\"&lt;iframe loading=&quot;lazy&quot; class=&quot;youtube-player&quot; width=&quot;474&quot; height=&quot;267&quot; src=&quot;https:\/\/www.youtube.com\/embed\/LD6Zox0xshI?version=3&amp;#038;rel=1&amp;#038;showsearch=0&amp;#038;showinfo=1&amp;#038;iv_load_policy=1&amp;#038;fs=1&amp;#038;hl=es-ES&amp;#038;autohide=2&amp;#038;wmode=transparent&quot; allowfullscreen=&quot;true&quot; style=&quot;border:0;&quot; sandbox=&quot;allow-scripts allow-same-origin allow-popups allow-presentation allow-popups-to-escape-sandbox&quot;&gt;&lt;\/iframe&gt;\">Esta p\u00e1gina incluye contenido multimedia que requiere aceptar todas las cookies. Pulse aqu\u00ed para abrir la configuraci\u00f3n de cookies.<\/div><\/span><\/p>\n<p>Hacemos un ejercicio, compartiendo una concentraci\u00f3n sincronizada por parejas a trav\u00e9s de la m\u00fasica<\/p>\n<p><span class=\"embed-youtube\" style=\"text-align:center; display: block;\"><div class=\"a25-CTUOC-hidding-box\" data-original-content=\"&lt;iframe loading=&quot;lazy&quot; class=&quot;youtube-player&quot; width=&quot;474&quot; height=&quot;267&quot; src=&quot;https:\/\/www.youtube.com\/embed\/J0bBVeqlQfM?version=3&amp;#038;rel=1&amp;#038;showsearch=0&amp;#038;showinfo=1&amp;#038;iv_load_policy=1&amp;#038;fs=1&amp;#038;hl=es-ES&amp;#038;autohide=2&amp;#038;wmode=transparent&quot; allowfullscreen=&quot;true&quot; style=&quot;border:0;&quot; sandbox=&quot;allow-scripts allow-same-origin allow-popups allow-presentation allow-popups-to-escape-sandbox&quot;&gt;&lt;\/iframe&gt;\">Esta p\u00e1gina incluye contenido multimedia que requiere aceptar todas las cookies. Pulse aqu\u00ed para abrir la configuraci\u00f3n de cookies.<\/div><\/span><\/p>\n<p><img decoding=\"async\" data-attachment-id=\"21834\" data-permalink=\"https:\/\/www.alqueria.es\/blogs\/alqueriaprimerciclo\/2020\/01\/31\/trabajando-la-consciencia-plena\/dsc03180\/\" data-orig-file=\"https:\/\/cloud.alqueria.es\/wp-content\/uploads\/sites\/6\/2020\/01\/DSC03180.jpg\" data-orig-size=\"640,480\" data-comments-opened=\"1\" data-image-meta=\"{&quot;aperture&quot;:&quot;2.8&quot;,&quot;credit&quot;:&quot;&quot;,&quot;camera&quot;:&quot;DSC-W510&quot;,&quot;caption&quot;:&quot;&quot;,&quot;created_timestamp&quot;:&quot;1580337773&quot;,&quot;copyright&quot;:&quot;Copyright 2009&quot;,&quot;focal_length&quot;:&quot;4.7&quot;,&quot;iso&quot;:&quot;800&quot;,&quot;shutter_speed&quot;:&quot;0.0125&quot;,&quot;title&quot;:&quot;&quot;,&quot;orientation&quot;:&quot;1&quot;}\" data-image-title=\"DSC03180\" data-image-description=\"\" data-image-caption=\"\" data-large-file=\"https:\/\/cloud.alqueria.es\/wp-content\/uploads\/sites\/6\/2020\/01\/DSC03180.jpg\" class=\"alignnone size-full wp-image-21834\" src=\"https:\/\/cloud.alqueria.es\/wp-content\/uploads\/sites\/6\/2020\/01\/DSC03180.jpg\" alt=\"\" width=\"640\" height=\"480\" srcset=\"https:\/\/cloud.alqueria.es\/wp-content\/uploads\/sites\/6\/2020\/01\/DSC03180.jpg 640w, https:\/\/cloud.alqueria.es\/wp-content\/uploads\/sites\/6\/2020\/01\/DSC03180.jpg 300w\" sizes=\"(max-width: 640px) 100vw, 640px\" \/><\/p>\n<p>Disfrutamos de la paz que proporciona esta sesi\u00f3n.<\/p>\n<p>Volcamos nuestras emociones sobre los mandalas. Coloreamos muy concentrados en las formas y los colores, de dentro hacia afuera.<\/p>\n<p class=\"jetpack-slideshow-noscript robots-nocontent\">El pase de diapositivas requiere JavaScript.<\/p><div id=\"gallery-21794-2-slideshow\" class=\"jetpack-slideshow-window jetpack-slideshow jetpack-slideshow-black\" data-trans=\"fade\" data-autostart=\"1\" data-gallery=\"[{&quot;src&quot;:&quot;https:\\\/\\\/cloud.alqueria.es\\\/wp-content\\\/uploads\\\/sites\\\/6\\\/2020\\\/01\\\/DSC03182.jpg&quot;,&quot;id&quot;:&quot;21835&quot;,&quot;title&quot;:&quot;DSC03182&quot;,&quot;alt&quot;:&quot;&quot;,&quot;caption&quot;:&quot;&quot;,&quot;itemprop&quot;:&quot;image&quot;},{&quot;src&quot;:&quot;https:\\\/\\\/cloud.alqueria.es\\\/wp-content\\\/uploads\\\/sites\\\/6\\\/2020\\\/01\\\/DSC03183.jpg&quot;,&quot;id&quot;:&quot;21836&quot;,&quot;title&quot;:&quot;DSC03183&quot;,&quot;alt&quot;:&quot;&quot;,&quot;caption&quot;:&quot;&quot;,&quot;itemprop&quot;:&quot;image&quot;},{&quot;src&quot;:&quot;https:\\\/\\\/cloud.alqueria.es\\\/wp-content\\\/uploads\\\/sites\\\/6\\\/2020\\\/01\\\/DSC03184.jpg&quot;,&quot;id&quot;:&quot;21837&quot;,&quot;title&quot;:&quot;DSC03184&quot;,&quot;alt&quot;:&quot;&quot;,&quot;caption&quot;:&quot;&quot;,&quot;itemprop&quot;:&quot;image&quot;},{&quot;src&quot;:&quot;https:\\\/\\\/cloud.alqueria.es\\\/wp-content\\\/uploads\\\/sites\\\/6\\\/2020\\\/01\\\/DSC03185.jpg&quot;,&quot;id&quot;:&quot;21838&quot;,&quot;title&quot;:&quot;DSC03185&quot;,&quot;alt&quot;:&quot;&quot;,&quot;caption&quot;:&quot;&quot;,&quot;itemprop&quot;:&quot;image&quot;},{&quot;src&quot;:&quot;https:\\\/\\\/cloud.alqueria.es\\\/wp-content\\\/uploads\\\/sites\\\/6\\\/2020\\\/01\\\/DSC03186.jpg&quot;,&quot;id&quot;:&quot;21839&quot;,&quot;title&quot;:&quot;DSC03186&quot;,&quot;alt&quot;:&quot;&quot;,&quot;caption&quot;:&quot;&quot;,&quot;itemprop&quot;:&quot;image&quot;}]\" itemscope itemtype=\"https:\/\/schema.org\/ImageGallery\"><\/div>\n<p>Nos interesamos por el significado de los colores:<\/p>\n<ul>\n<li><strong>Blanco<\/strong>: simboliza la pureza, la inocencia, la simplicidad. El color blanco es limpio y claro. Tambi\u00e9n significa longevidad y optimismo.<\/li>\n<li><strong>Negro<\/strong>: este color tiene una simbolog\u00eda tanto negativa como positiva. El negro transmite misterio, profundidad, receptividad, independencia, silencio, poder e independencia; pero tambi\u00e9n tristeza, des\u00e1nimo y sobriedad.<\/li>\n<li><strong>Amarillo<\/strong>: el color de la alegr\u00eda y el optimismo. Transmite energ\u00eda, felicidad, diversi\u00f3n, as\u00ed como tambi\u00e9n inteligencia e innovaci\u00f3n.<\/li>\n<li><strong>Rojo<\/strong>: el color de la vida y la energ\u00eda pura. El rojo significa pasi\u00f3n, fuerza, valor, impulsividad, deseo, sexualidad. Aunque tiene una vertiente negativa, puede simbolizar tambi\u00e9n rabia, enfado, peligro y hace referencia a lo prohibido.<\/li>\n<li><strong>Naranja<\/strong>: el color de la creatividad, el optimismo, la calidez y el entusiasmo. Adem\u00e1s transmite salud, movimiento, fraternidad, vitalidad y \u00e9xito.<\/li>\n<li><strong>Azul<\/strong>: este es el color de la paz y la tranquilidad. El azul transmite serenidad, armon\u00eda, libertad, verdad, fidelidad, progreso y contemplaci\u00f3n. Aunque tiene un polo negativo, tambi\u00e9n refleja soledad, frialdad y seriedad.<\/li>\n<li><strong>Verde<\/strong>: simboliza la esperanza, el equilibrio, la naturaleza, el crecimiento, rejuvenecimiento y estabilidad.<\/li>\n<li><strong>Rosa<\/strong>: el color de la delicadeza y la dulzura. Refleja calma, exquisitez, amistad, gratitud, sensibilidad y buen humor.<\/li>\n<li><strong>Violeta<\/strong>: es el color de lo espiritual. Simboliza misticismo, poder, romanticismo y sensualidad. Pero tambi\u00e9n refleja cosas negativas como la manipulaci\u00f3n y la autoridad.<\/li>\n<li><strong>Marr\u00f3n<\/strong>: un color que refleja estabilidad y firmeza.<\/li>\n<li><strong>Gris<\/strong>: este color simboliza lo formal, la seriedad, la elegancia y el orden. Aunque tambi\u00e9n lo sombr\u00edo y la tenacidad.<\/li>\n<\/ul>\n<p><img decoding=\"async\" class=\"aligncenter\" src=\"https:\/\/encrypted-tbn0.gstatic.com\/images?q=tbn:ANd9GcSD7hs0nScnMzqUeFpdLOANQZrctIdF63wlaZjWCQQflMmmec1lxA&amp;s\" alt=\"Imagen relacionada\" \/><\/p>\n<h5>Rotulaci\u00f3n y bocetos<\/h5>\n<p>En art\u00edstica preparamos la exposici\u00f3n de las especias haciendo el cartel y los r\u00f3tulos.<\/p>\n<p><img decoding=\"async\" data-attachment-id=\"21843\" data-permalink=\"https:\/\/www.alqueria.es\/blogs\/alqueriaprimerciclo\/2020\/01\/31\/trabajando-la-consciencia-plena\/dsc03189\/\" data-orig-file=\"https:\/\/cloud.alqueria.es\/wp-content\/uploads\/sites\/6\/2020\/01\/DSC03189.jpg\" data-orig-size=\"480,640\" data-comments-opened=\"1\" data-image-meta=\"{&quot;aperture&quot;:&quot;2.8&quot;,&quot;credit&quot;:&quot;&quot;,&quot;camera&quot;:&quot;DSC-W510&quot;,&quot;caption&quot;:&quot;&quot;,&quot;created_timestamp&quot;:&quot;1580428234&quot;,&quot;copyright&quot;:&quot;Copyright 2009&quot;,&quot;focal_length&quot;:&quot;4.7&quot;,&quot;iso&quot;:&quot;400&quot;,&quot;shutter_speed&quot;:&quot;0.005&quot;,&quot;title&quot;:&quot;&quot;,&quot;orientation&quot;:&quot;1&quot;}\" data-image-title=\"DSC03189\" data-image-description=\"\" data-image-caption=\"\" data-large-file=\"https:\/\/cloud.alqueria.es\/wp-content\/uploads\/sites\/6\/2020\/01\/DSC03189.jpg\" class=\"alignnone size-full wp-image-21843\" src=\"https:\/\/cloud.alqueria.es\/wp-content\/uploads\/sites\/6\/2020\/01\/DSC03189.jpg\" alt=\"\" width=\"480\" height=\"640\" srcset=\"https:\/\/cloud.alqueria.es\/wp-content\/uploads\/sites\/6\/2020\/01\/DSC03189.jpg 480w, https:\/\/cloud.alqueria.es\/wp-content\/uploads\/sites\/6\/2020\/01\/DSC03189.jpg 225w\" sizes=\"(max-width: 480px) 100vw, 480px\" \/><\/p>\n<p>Donde m\u00e1s esfuerzo ponemos es realizar los bocetos, que preparamos para los dibujos que acompa\u00f1ar\u00e1n la muestra de especias.<\/p>\n<p><img decoding=\"async\" data-attachment-id=\"21844\" data-permalink=\"https:\/\/www.alqueria.es\/blogs\/alqueriaprimerciclo\/2020\/01\/31\/trabajando-la-consciencia-plena\/dsc03191\/\" data-orig-file=\"https:\/\/cloud.alqueria.es\/wp-content\/uploads\/sites\/6\/2020\/01\/DSC03191.jpg\" data-orig-size=\"480,640\" data-comments-opened=\"1\" data-image-meta=\"{&quot;aperture&quot;:&quot;2.8&quot;,&quot;credit&quot;:&quot;&quot;,&quot;camera&quot;:&quot;DSC-W510&quot;,&quot;caption&quot;:&quot;&quot;,&quot;created_timestamp&quot;:&quot;1580432753&quot;,&quot;copyright&quot;:&quot;Copyright 2009&quot;,&quot;focal_length&quot;:&quot;4.7&quot;,&quot;iso&quot;:&quot;800&quot;,&quot;shutter_speed&quot;:&quot;0.008&quot;,&quot;title&quot;:&quot;&quot;,&quot;orientation&quot;:&quot;1&quot;}\" data-image-title=\"DSC03191\" data-image-description=\"\" data-image-caption=\"\" data-large-file=\"https:\/\/cloud.alqueria.es\/wp-content\/uploads\/sites\/6\/2020\/01\/DSC03191.jpg\" class=\"alignnone wp-image-21844\" src=\"https:\/\/cloud.alqueria.es\/wp-content\/uploads\/sites\/6\/2020\/01\/DSC03191.jpg\" alt=\"\" width=\"227\" height=\"303\" srcset=\"https:\/\/cloud.alqueria.es\/wp-content\/uploads\/sites\/6\/2020\/01\/DSC03191.jpg 480w, https:\/\/cloud.alqueria.es\/wp-content\/uploads\/sites\/6\/2020\/01\/DSC03191.jpg 225w\" sizes=\"(max-width: 227px) 100vw, 227px\" \/><\/p>\n<p><img decoding=\"async\" data-attachment-id=\"21847\" data-permalink=\"https:\/\/www.alqueria.es\/blogs\/alqueriaprimerciclo\/2020\/01\/31\/trabajando-la-consciencia-plena\/dsc03192\/\" data-orig-file=\"https:\/\/cloud.alqueria.es\/wp-content\/uploads\/sites\/6\/2020\/01\/DSC03192.jpg\" data-orig-size=\"480,640\" data-comments-opened=\"1\" data-image-meta=\"{&quot;aperture&quot;:&quot;2.8&quot;,&quot;credit&quot;:&quot;&quot;,&quot;camera&quot;:&quot;DSC-W510&quot;,&quot;caption&quot;:&quot;&quot;,&quot;created_timestamp&quot;:&quot;1580432766&quot;,&quot;copyright&quot;:&quot;Copyright 2009&quot;,&quot;focal_length&quot;:&quot;4.7&quot;,&quot;iso&quot;:&quot;400&quot;,&quot;shutter_speed&quot;:&quot;0.005&quot;,&quot;title&quot;:&quot;&quot;,&quot;orientation&quot;:&quot;1&quot;}\" data-image-title=\"DSC03192\" data-image-description=\"\" data-image-caption=\"\" data-large-file=\"https:\/\/cloud.alqueria.es\/wp-content\/uploads\/sites\/6\/2020\/01\/DSC03192.jpg\" class=\"wp-image-21847 alignright\" src=\"https:\/\/cloud.alqueria.es\/wp-content\/uploads\/sites\/6\/2020\/01\/DSC03192.jpg\" alt=\"\" width=\"229\" height=\"305\" srcset=\"https:\/\/cloud.alqueria.es\/wp-content\/uploads\/sites\/6\/2020\/01\/DSC03192.jpg 480w, https:\/\/cloud.alqueria.es\/wp-content\/uploads\/sites\/6\/2020\/01\/DSC03192.jpg 225w\" sizes=\"(max-width: 229px) 100vw, 229px\" \/><\/p>\n<p>&nbsp;<\/p>\n<p>&nbsp;<\/p>\n<p>&nbsp;<\/p>\n<p>&nbsp;<\/p>\n<p>&nbsp;<\/p>\n<p><a href=\"https:\/\/www.educaciontrespuntocero.com\/entrevistas\/alvaro-bilbao-emociones-programa-cerebral-aprender\/105923.html?fbclid=IwAR17C47S6ITU1qQvrQsT_5sHPbbGUwqW1CWGI3JZKj4OfUJMModNYcKBKv4\" target=\"_blank\" rel=\"noopener noreferrer\"><img decoding=\"async\" data-attachment-id=\"21802\" data-permalink=\"https:\/\/www.alqueria.es\/blogs\/alqueriaprimerciclo\/2020\/01\/31\/trabajando-la-consciencia-plena\/emociones-2\/\" data-orig-file=\"https:\/\/cloud.alqueria.es\/wp-content\/uploads\/sites\/6\/2020\/01\/EMOCIONES.jpg\" data-orig-size=\"550,504\" data-comments-opened=\"1\" data-image-meta=\"{&quot;aperture&quot;:&quot;0&quot;,&quot;credit&quot;:&quot;usuario&quot;,&quot;camera&quot;:&quot;&quot;,&quot;caption&quot;:&quot;&quot;,&quot;created_timestamp&quot;:&quot;1580200931&quot;,&quot;copyright&quot;:&quot;&quot;,&quot;focal_length&quot;:&quot;0&quot;,&quot;iso&quot;:&quot;0&quot;,&quot;shutter_speed&quot;:&quot;0&quot;,&quot;title&quot;:&quot;&quot;,&quot;orientation&quot;:&quot;0&quot;}\" data-image-title=\"EMOCIONES\" data-image-description=\"\" data-image-caption=\"\" data-large-file=\"https:\/\/cloud.alqueria.es\/wp-content\/uploads\/sites\/6\/2020\/01\/EMOCIONES.jpg\" class=\"alignnone wp-image-21802 size-full\" src=\"https:\/\/cloud.alqueria.es\/wp-content\/uploads\/sites\/6\/2020\/01\/EMOCIONES.jpg\" alt=\"\" width=\"550\" height=\"504\" srcset=\"https:\/\/cloud.alqueria.es\/wp-content\/uploads\/sites\/6\/2020\/01\/EMOCIONES.jpg 550w, https:\/\/cloud.alqueria.es\/wp-content\/uploads\/sites\/6\/2020\/01\/EMOCIONES.jpg 300w\" sizes=\"(max-width: 550px) 100vw, 550px\" \/><\/a><\/p>\n<p><em>\u00abFebrerillo el loco\u00bb<\/em> os saludo y\u00a0 esperamos que sea muy agradable.<\/p>\n<p>Rosi<\/p>\n","protected":false},"excerpt":{"rendered":"<p>Conferencia : Mi trabajo en la Asociaci\u00f3n S\u00eddrome de Down Miguel nos presenta la asociaci\u00f3n a la que va dos d\u00edas a la semana, para seguir aprendiendo y estar con otros amigos. Nos cuenta que sus profesoras le animan a hablar, leer, escribir y relacionarse en grupo, junto a otras personas. Celebra la fiesta de &hellip; <a href=\"https:\/\/www.alqueria.es\/blogs\/alqueriaprimerciclo\/2020\/01\/31\/trabajando-la-consciencia-plena\/\" class=\"more-link\">Seguir leyendo <span class=\"screen-reader-text\">Trabajando la consciencia plena<\/span> <span class=\"meta-nav\">&rarr;<\/span><\/a><\/p>\n","protected":false},"author":12,"featured_media":0,"comment_status":"open","ping_status":"open","sticky":false,"template":"","format":"standard","meta":{"jetpack_post_was_ever_published":false,"_jetpack_newsletter_access":"","_jetpack_dont_email_post_to_subs":false,"_jetpack_newsletter_tier_id":0,"_jetpack_memberships_contains_paywalled_content":false,"_jetpack_memberships_contains_paid_content":false,"footnotes":"","jetpack_publicize_message":"","jetpack_publicize_feature_enabled":true,"jetpack_social_post_already_shared":true,"jetpack_social_options":{"image_generator_settings":{"template":"highway","default_image_id":0,"font":"","enabled":false},"version":2}},"categories":[3,119,9],"tags":[32,37,60],"class_list":["post-21794","post","type-post","status-publish","format-standard","hentry","category-2o-epo","category-dia-de-la-paz","category-diario-de-clase-2o","tag-alqueria","tag-conferencias","tag-primaria"],"jetpack_publicize_connections":[],"jetpack_featured_media_url":"","jetpack_sharing_enabled":true,"jetpack_shortlink":"https:\/\/wp.me\/p4lvS0-5Fw","_links":{"self":[{"href":"https:\/\/www.alqueria.es\/blogs\/alqueriaprimerciclo\/wp-json\/wp\/v2\/posts\/21794","targetHints":{"allow":["GET"]}}],"collection":[{"href":"https:\/\/www.alqueria.es\/blogs\/alqueriaprimerciclo\/wp-json\/wp\/v2\/posts"}],"about":[{"href":"https:\/\/www.alqueria.es\/blogs\/alqueriaprimerciclo\/wp-json\/wp\/v2\/types\/post"}],"author":[{"embeddable":true,"href":"https:\/\/www.alqueria.es\/blogs\/alqueriaprimerciclo\/wp-json\/wp\/v2\/users\/12"}],"replies":[{"embeddable":true,"href":"https:\/\/www.alqueria.es\/blogs\/alqueriaprimerciclo\/wp-json\/wp\/v2\/comments?post=21794"}],"version-history":[{"count":22,"href":"https:\/\/www.alqueria.es\/blogs\/alqueriaprimerciclo\/wp-json\/wp\/v2\/posts\/21794\/revisions"}],"predecessor-version":[{"id":21855,"href":"https:\/\/www.alqueria.es\/blogs\/alqueriaprimerciclo\/wp-json\/wp\/v2\/posts\/21794\/revisions\/21855"}],"wp:attachment":[{"href":"https:\/\/www.alqueria.es\/blogs\/alqueriaprimerciclo\/wp-json\/wp\/v2\/media?parent=21794"}],"wp:term":[{"taxonomy":"category","embeddable":true,"href":"https:\/\/www.alqueria.es\/blogs\/alqueriaprimerciclo\/wp-json\/wp\/v2\/categories?post=21794"},{"taxonomy":"post_tag","embeddable":true,"href":"https:\/\/www.alqueria.es\/blogs\/alqueriaprimerciclo\/wp-json\/wp\/v2\/tags?post=21794"}],"curies":[{"name":"wp","href":"https:\/\/api.w.org\/{rel}","templated":true}]}}