{"id":22098,"date":"2020-02-20T17:45:54","date_gmt":"2020-02-20T16:45:54","guid":{"rendered":"http:\/\/www.alqueria.es\/blogs\/alqueriaprimerciclo\/?p=22098"},"modified":"2020-02-20T17:45:54","modified_gmt":"2020-02-20T16:45:54","slug":"4o-jornada-semana-cultural-2020","status":"publish","type":"post","link":"https:\/\/www.alqueria.es\/blogs\/alqueriaprimerciclo\/2020\/02\/20\/4o-jornada-semana-cultural-2020\/","title":{"rendered":"4\u00ba Jornada Semana Cultural 2020"},"content":{"rendered":"<h5>Conferencia : Las especias<\/h5>\n<p>Iniciamos la \u00faltima jornada de Semana Cultural con una conferencia especial, preparada por Mar\u00eda y Silvia, madres de Sergio, que se han involucrado en las investigaciones de este tema.<\/p>\n<div class=\"a25-CTUOC-hidding-box\" data-original-content=\"&lt;iframe src=&quot;https:\/\/www.slideshare.net\/slideshow\/embed_code\/228702932&quot; width=&quot;474&quot; height=&quot;389&quot; sandbox=&quot;allow-popups allow-scripts allow-same-origin allow-presentation&quot; allowfullscreen webkitallowfullscreen mozallowfullscreen&gt;&lt;\/iframe&gt;\">Esta p\u00e1gina incluye contenido multimedia que requiere aceptar todas las cookies. Pulse aqu\u00ed para abrir la configuraci\u00f3n de cookies.<\/div>\n<p>Todo el primer ciclo de primaria asiste a esta conferencia.<\/p>\n<p class=\"jetpack-slideshow-noscript robots-nocontent\">El pase de diapositivas requiere JavaScript.<\/p><div id=\"gallery-22098-1-slideshow\" class=\"jetpack-slideshow-window jetpack-slideshow jetpack-slideshow-black\" data-trans=\"fade\" data-autostart=\"1\" data-gallery=\"[{&quot;src&quot;:&quot;https:\\\/\\\/cloud.alqueria.es\\\/wp-content\\\/uploads\\\/sites\\\/6\\\/2020\\\/02\\\/DSC03333.jpg&quot;,&quot;id&quot;:&quot;22116&quot;,&quot;title&quot;:&quot;DSC03333&quot;,&quot;alt&quot;:&quot;&quot;,&quot;caption&quot;:&quot;&quot;,&quot;itemprop&quot;:&quot;image&quot;},{&quot;src&quot;:&quot;https:\\\/\\\/cloud.alqueria.es\\\/wp-content\\\/uploads\\\/sites\\\/6\\\/2020\\\/02\\\/DSC03331.jpg&quot;,&quot;id&quot;:&quot;22115&quot;,&quot;title&quot;:&quot;DSC03331&quot;,&quot;alt&quot;:&quot;&quot;,&quot;caption&quot;:&quot;&quot;,&quot;itemprop&quot;:&quot;image&quot;},{&quot;src&quot;:&quot;https:\\\/\\\/cloud.alqueria.es\\\/wp-content\\\/uploads\\\/sites\\\/6\\\/2020\\\/02\\\/DSC03330.jpg&quot;,&quot;id&quot;:&quot;22114&quot;,&quot;title&quot;:&quot;DSC03330&quot;,&quot;alt&quot;:&quot;&quot;,&quot;caption&quot;:&quot;&quot;,&quot;itemprop&quot;:&quot;image&quot;},{&quot;src&quot;:&quot;https:\\\/\\\/cloud.alqueria.es\\\/wp-content\\\/uploads\\\/sites\\\/6\\\/2020\\\/02\\\/DSC03329.jpg&quot;,&quot;id&quot;:&quot;22113&quot;,&quot;title&quot;:&quot;DSC03329&quot;,&quot;alt&quot;:&quot;&quot;,&quot;caption&quot;:&quot;&quot;,&quot;itemprop&quot;:&quot;image&quot;},{&quot;src&quot;:&quot;https:\\\/\\\/cloud.alqueria.es\\\/wp-content\\\/uploads\\\/sites\\\/6\\\/2020\\\/02\\\/DSC03328.jpg&quot;,&quot;id&quot;:&quot;22112&quot;,&quot;title&quot;:&quot;DSC03328&quot;,&quot;alt&quot;:&quot;&quot;,&quot;caption&quot;:&quot;&quot;,&quot;itemprop&quot;:&quot;image&quot;},{&quot;src&quot;:&quot;https:\\\/\\\/cloud.alqueria.es\\\/wp-content\\\/uploads\\\/sites\\\/6\\\/2020\\\/02\\\/DSC03326.jpg&quot;,&quot;id&quot;:&quot;22110&quot;,&quot;title&quot;:&quot;DSC03326&quot;,&quot;alt&quot;:&quot;&quot;,&quot;caption&quot;:&quot;&quot;,&quot;itemprop&quot;:&quot;image&quot;},{&quot;src&quot;:&quot;https:\\\/\\\/cloud.alqueria.es\\\/wp-content\\\/uploads\\\/sites\\\/6\\\/2020\\\/02\\\/DSC03323.jpg&quot;,&quot;id&quot;:&quot;22109&quot;,&quot;title&quot;:&quot;DSC03323&quot;,&quot;alt&quot;:&quot;&quot;,&quot;caption&quot;:&quot;&quot;,&quot;itemprop&quot;:&quot;image&quot;},{&quot;src&quot;:&quot;https:\\\/\\\/cloud.alqueria.es\\\/wp-content\\\/uploads\\\/sites\\\/6\\\/2020\\\/02\\\/DSC03322.jpg&quot;,&quot;id&quot;:&quot;22108&quot;,&quot;title&quot;:&quot;DSC03322&quot;,&quot;alt&quot;:&quot;&quot;,&quot;caption&quot;:&quot;&quot;,&quot;itemprop&quot;:&quot;image&quot;},{&quot;src&quot;:&quot;https:\\\/\\\/cloud.alqueria.es\\\/wp-content\\\/uploads\\\/sites\\\/6\\\/2020\\\/02\\\/DSC03321.jpg&quot;,&quot;id&quot;:&quot;22107&quot;,&quot;title&quot;:&quot;DSC03321&quot;,&quot;alt&quot;:&quot;&quot;,&quot;caption&quot;:&quot;&quot;,&quot;itemprop&quot;:&quot;image&quot;}]\" itemscope itemtype=\"https:\/\/schema.org\/ImageGallery\"><\/div>\n<p>Mar\u00eda y Slivia ha adaptado el contenido\u00a0 a la comprensi\u00f3n del auditorio. Y ha sido tan significativo y agradable, que pr\u00e1cticamente uno por una le han dado las gracias al terminar, de una forma muy espont\u00e1nea.<\/p>\n<p>El grupo de segundo ha invitado al de primero hacer un reconocimiento sensorial de todas las especies, incluso las hemos paladeado, con cautela.<\/p>\n<p>Como cierre hemos visto c\u00f3mo se poliniza una orqu\u00eddea para entender c\u00f3mo se consigue la vainilla.<\/p>\n<p>Muchas gracias, Silvia y Mar\u00eda<\/p>\n<h5>Visita a las biograf\u00edas<\/h5>\n<p>En la segunda parte de la ma\u00f1ana, damos un paseo por el jard\u00edn, en el que nos encontramos a muchos personajes hist\u00f3ricos, que hicieron grandes descubrimientos\u00a0 y abrieron nuevas rutas en el planeta.<\/p>\n<p>Cada uno de ellos explicaba su vida, en ingl\u00e9s. Hemos reconocido algunos personajes, porque los hemos estudiado, como Crist\u00f3bal Col\u00f3n, Magallanes, Marco Polo, Elcano, Hern\u00e1n Cortes y Francisco de Orellana. Lo que nos ha ayudado a interpretar un poco lo que nos dec\u00edan. En los dem\u00e1s hemos tenido el gusto de o\u00edr hablar en este idioma al grupo de 6\u00ba.<\/p>\n<p class=\"jetpack-slideshow-noscript robots-nocontent\">El pase de diapositivas requiere JavaScript.<\/p><div id=\"gallery-22098-2-slideshow\" class=\"jetpack-slideshow-window jetpack-slideshow jetpack-slideshow-black\" data-trans=\"fade\" data-autostart=\"1\" data-gallery=\"[{&quot;src&quot;:&quot;https:\\\/\\\/cloud.alqueria.es\\\/wp-content\\\/uploads\\\/sites\\\/6\\\/2020\\\/02\\\/IMG-20200220-WA0001.jpg&quot;,&quot;id&quot;:&quot;22132&quot;,&quot;title&quot;:&quot;IMG-20200220-WA0001&quot;,&quot;alt&quot;:&quot;&quot;,&quot;caption&quot;:&quot;&quot;,&quot;itemprop&quot;:&quot;image&quot;},{&quot;src&quot;:&quot;https:\\\/\\\/cloud.alqueria.es\\\/wp-content\\\/uploads\\\/sites\\\/6\\\/2020\\\/02\\\/IMG-20200220-WA0004.jpg&quot;,&quot;id&quot;:&quot;22131&quot;,&quot;title&quot;:&quot;IMG-20200220-WA0004&quot;,&quot;alt&quot;:&quot;&quot;,&quot;caption&quot;:&quot;&quot;,&quot;itemprop&quot;:&quot;image&quot;},{&quot;src&quot;:&quot;https:\\\/\\\/cloud.alqueria.es\\\/wp-content\\\/uploads\\\/sites\\\/6\\\/2020\\\/02\\\/IMG-20200220-WA0006.jpg&quot;,&quot;id&quot;:&quot;22130&quot;,&quot;title&quot;:&quot;IMG-20200220-WA0006&quot;,&quot;alt&quot;:&quot;&quot;,&quot;caption&quot;:&quot;&quot;,&quot;itemprop&quot;:&quot;image&quot;},{&quot;src&quot;:&quot;https:\\\/\\\/cloud.alqueria.es\\\/wp-content\\\/uploads\\\/sites\\\/6\\\/2020\\\/02\\\/IMG-20200220-WA0005.jpg&quot;,&quot;id&quot;:&quot;22129&quot;,&quot;title&quot;:&quot;IMG-20200220-WA0005&quot;,&quot;alt&quot;:&quot;&quot;,&quot;caption&quot;:&quot;&quot;,&quot;itemprop&quot;:&quot;image&quot;},{&quot;src&quot;:&quot;https:\\\/\\\/cloud.alqueria.es\\\/wp-content\\\/uploads\\\/sites\\\/6\\\/2020\\\/02\\\/DSC03345.jpg&quot;,&quot;id&quot;:&quot;22123&quot;,&quot;title&quot;:&quot;DSC03345&quot;,&quot;alt&quot;:&quot;&quot;,&quot;caption&quot;:&quot;&quot;,&quot;itemprop&quot;:&quot;image&quot;},{&quot;src&quot;:&quot;https:\\\/\\\/cloud.alqueria.es\\\/wp-content\\\/uploads\\\/sites\\\/6\\\/2020\\\/02\\\/DSC03342.jpg&quot;,&quot;id&quot;:&quot;22122&quot;,&quot;title&quot;:&quot;DSC03342&quot;,&quot;alt&quot;:&quot;&quot;,&quot;caption&quot;:&quot;&quot;,&quot;itemprop&quot;:&quot;image&quot;},{&quot;src&quot;:&quot;https:\\\/\\\/cloud.alqueria.es\\\/wp-content\\\/uploads\\\/sites\\\/6\\\/2020\\\/02\\\/DSC03341.jpg&quot;,&quot;id&quot;:&quot;22121&quot;,&quot;title&quot;:&quot;DSC03341&quot;,&quot;alt&quot;:&quot;&quot;,&quot;caption&quot;:&quot;&quot;,&quot;itemprop&quot;:&quot;image&quot;},{&quot;src&quot;:&quot;https:\\\/\\\/cloud.alqueria.es\\\/wp-content\\\/uploads\\\/sites\\\/6\\\/2020\\\/02\\\/DSC03339.jpg&quot;,&quot;id&quot;:&quot;22120&quot;,&quot;title&quot;:&quot;DSC03339&quot;,&quot;alt&quot;:&quot;&quot;,&quot;caption&quot;:&quot;&quot;,&quot;itemprop&quot;:&quot;image&quot;},{&quot;src&quot;:&quot;https:\\\/\\\/cloud.alqueria.es\\\/wp-content\\\/uploads\\\/sites\\\/6\\\/2020\\\/02\\\/DSC03338.jpg&quot;,&quot;id&quot;:&quot;22119&quot;,&quot;title&quot;:&quot;DSC03338&quot;,&quot;alt&quot;:&quot;&quot;,&quot;caption&quot;:&quot;&quot;,&quot;itemprop&quot;:&quot;image&quot;},{&quot;src&quot;:&quot;https:\\\/\\\/cloud.alqueria.es\\\/wp-content\\\/uploads\\\/sites\\\/6\\\/2020\\\/02\\\/DSC03337.jpg&quot;,&quot;id&quot;:&quot;22118&quot;,&quot;title&quot;:&quot;DSC03337&quot;,&quot;alt&quot;:&quot;&quot;,&quot;caption&quot;:&quot;&quot;,&quot;itemprop&quot;:&quot;image&quot;},{&quot;src&quot;:&quot;https:\\\/\\\/cloud.alqueria.es\\\/wp-content\\\/uploads\\\/sites\\\/6\\\/2020\\\/02\\\/DSC03334.jpg&quot;,&quot;id&quot;:&quot;22117&quot;,&quot;title&quot;:&quot;DSC03334&quot;,&quot;alt&quot;:&quot;&quot;,&quot;caption&quot;:&quot;&quot;,&quot;itemprop&quot;:&quot;image&quot;}]\" itemscope itemtype=\"https:\/\/schema.org\/ImageGallery\"><\/div>\n<h5>Conferencias de 1\u00ba<\/h5>\n<p>Terminamos las conferencias sobre la Tierra con:<\/p>\n<p>\u00c1ngel, E<em>l d\u00eda y la noche.<\/em><\/p>\n<p><img decoding=\"async\" data-attachment-id=\"22134\" data-permalink=\"https:\/\/www.alqueria.es\/blogs\/alqueriaprimerciclo\/2020\/02\/20\/4o-jornada-semana-cultural-2020\/p00220-121916\/\" data-orig-file=\"https:\/\/cloud.alqueria.es\/wp-content\/uploads\/sites\/6\/2020\/02\/P00220-121916.jpg\" data-orig-size=\"1024,768\" data-comments-opened=\"1\" data-image-meta=\"{&quot;aperture&quot;:&quot;0&quot;,&quot;credit&quot;:&quot;&quot;,&quot;camera&quot;:&quot;MEIZU_M5&quot;,&quot;caption&quot;:&quot;&quot;,&quot;created_timestamp&quot;:&quot;0&quot;,&quot;copyright&quot;:&quot;&quot;,&quot;focal_length&quot;:&quot;3.5&quot;,&quot;iso&quot;:&quot;0&quot;,&quot;shutter_speed&quot;:&quot;0.04&quot;,&quot;title&quot;:&quot;&quot;,&quot;orientation&quot;:&quot;0&quot;}\" data-image-title=\"P00220-121916\" data-image-description=\"\" data-image-caption=\"\" data-large-file=\"https:\/\/cloud.alqueria.es\/wp-content\/uploads\/sites\/6\/2020\/02\/P00220-121916-1024x768.jpg\" class=\"alignnone size-full wp-image-22134\" src=\"https:\/\/cloud.alqueria.es\/wp-content\/uploads\/sites\/6\/2020\/02\/P00220-121916.jpg\" alt=\"\" width=\"1024\" height=\"768\" srcset=\"https:\/\/cloud.alqueria.es\/wp-content\/uploads\/sites\/6\/2020\/02\/P00220-121916.jpg 1024w, https:\/\/cloud.alqueria.es\/wp-content\/uploads\/sites\/6\/2020\/02\/P00220-121916.jpg 300w, https:\/\/cloud.alqueria.es\/wp-content\/uploads\/sites\/6\/2020\/02\/P00220-121916.jpg 768w\" sizes=\"(max-width: 1024px) 100vw, 1024px\" \/> <img decoding=\"async\" data-attachment-id=\"22135\" data-permalink=\"https:\/\/www.alqueria.es\/blogs\/alqueriaprimerciclo\/2020\/02\/20\/4o-jornada-semana-cultural-2020\/p00220-121853\/\" data-orig-file=\"https:\/\/cloud.alqueria.es\/wp-content\/uploads\/sites\/6\/2020\/02\/P00220-121853.jpg\" data-orig-size=\"1024,768\" data-comments-opened=\"1\" data-image-meta=\"{&quot;aperture&quot;:&quot;0&quot;,&quot;credit&quot;:&quot;&quot;,&quot;camera&quot;:&quot;MEIZU_M5&quot;,&quot;caption&quot;:&quot;&quot;,&quot;created_timestamp&quot;:&quot;0&quot;,&quot;copyright&quot;:&quot;&quot;,&quot;focal_length&quot;:&quot;3.5&quot;,&quot;iso&quot;:&quot;0&quot;,&quot;shutter_speed&quot;:&quot;0.0299&quot;,&quot;title&quot;:&quot;&quot;,&quot;orientation&quot;:&quot;0&quot;}\" data-image-title=\"P00220-121853\" data-image-description=\"\" data-image-caption=\"\" data-large-file=\"https:\/\/cloud.alqueria.es\/wp-content\/uploads\/sites\/6\/2020\/02\/P00220-121853-1024x768.jpg\" class=\"alignnone size-full wp-image-22135\" src=\"https:\/\/cloud.alqueria.es\/wp-content\/uploads\/sites\/6\/2020\/02\/P00220-121853.jpg\" alt=\"\" width=\"1024\" height=\"768\" srcset=\"https:\/\/cloud.alqueria.es\/wp-content\/uploads\/sites\/6\/2020\/02\/P00220-121853.jpg 1024w, https:\/\/cloud.alqueria.es\/wp-content\/uploads\/sites\/6\/2020\/02\/P00220-121853.jpg 300w, https:\/\/cloud.alqueria.es\/wp-content\/uploads\/sites\/6\/2020\/02\/P00220-121853.jpg 768w\" sizes=\"(max-width: 1024px) 100vw, 1024px\" \/><\/p>\n<p>Marcelo,<em> Las inundaciones.<\/em><\/p>\n<p><img decoding=\"async\" data-attachment-id=\"22136\" data-permalink=\"https:\/\/www.alqueria.es\/blogs\/alqueriaprimerciclo\/2020\/02\/20\/4o-jornada-semana-cultural-2020\/p00220-124356\/\" data-orig-file=\"https:\/\/cloud.alqueria.es\/wp-content\/uploads\/sites\/6\/2020\/02\/P00220-124356.jpg\" data-orig-size=\"1024,768\" data-comments-opened=\"1\" data-image-meta=\"{&quot;aperture&quot;:&quot;0&quot;,&quot;credit&quot;:&quot;&quot;,&quot;camera&quot;:&quot;MEIZU_M5&quot;,&quot;caption&quot;:&quot;&quot;,&quot;created_timestamp&quot;:&quot;0&quot;,&quot;copyright&quot;:&quot;&quot;,&quot;focal_length&quot;:&quot;3.5&quot;,&quot;iso&quot;:&quot;0&quot;,&quot;shutter_speed&quot;:&quot;0.0299&quot;,&quot;title&quot;:&quot;&quot;,&quot;orientation&quot;:&quot;0&quot;}\" data-image-title=\"P00220-124356\" data-image-description=\"\" data-image-caption=\"\" data-large-file=\"https:\/\/cloud.alqueria.es\/wp-content\/uploads\/sites\/6\/2020\/02\/P00220-124356-1024x768.jpg\" class=\"alignnone size-full wp-image-22136\" src=\"https:\/\/cloud.alqueria.es\/wp-content\/uploads\/sites\/6\/2020\/02\/P00220-124356.jpg\" alt=\"\" width=\"1024\" height=\"768\" srcset=\"https:\/\/cloud.alqueria.es\/wp-content\/uploads\/sites\/6\/2020\/02\/P00220-124356.jpg 1024w, https:\/\/cloud.alqueria.es\/wp-content\/uploads\/sites\/6\/2020\/02\/P00220-124356.jpg 300w, https:\/\/cloud.alqueria.es\/wp-content\/uploads\/sites\/6\/2020\/02\/P00220-124356.jpg 768w\" sizes=\"(max-width: 1024px) 100vw, 1024px\" \/><\/p>\n<p>Y finalizamos con Andrea, <em>El uso del pl\u00e1stico.<\/em><\/p>\n<p><img decoding=\"async\" data-attachment-id=\"22137\" data-permalink=\"https:\/\/www.alqueria.es\/blogs\/alqueriaprimerciclo\/2020\/02\/20\/4o-jornada-semana-cultural-2020\/p00220-125407\/\" data-orig-file=\"https:\/\/cloud.alqueria.es\/wp-content\/uploads\/sites\/6\/2020\/02\/P00220-125407.jpg\" data-orig-size=\"1024,768\" data-comments-opened=\"1\" data-image-meta=\"{&quot;aperture&quot;:&quot;0&quot;,&quot;credit&quot;:&quot;&quot;,&quot;camera&quot;:&quot;MEIZU_M5&quot;,&quot;caption&quot;:&quot;&quot;,&quot;created_timestamp&quot;:&quot;0&quot;,&quot;copyright&quot;:&quot;&quot;,&quot;focal_length&quot;:&quot;3.5&quot;,&quot;iso&quot;:&quot;0&quot;,&quot;shutter_speed&quot;:&quot;0.0299&quot;,&quot;title&quot;:&quot;&quot;,&quot;orientation&quot;:&quot;0&quot;}\" data-image-title=\"P00220-125407\" data-image-description=\"\" data-image-caption=\"\" data-large-file=\"https:\/\/cloud.alqueria.es\/wp-content\/uploads\/sites\/6\/2020\/02\/P00220-125407-1024x768.jpg\" class=\"alignnone size-full wp-image-22137\" src=\"https:\/\/cloud.alqueria.es\/wp-content\/uploads\/sites\/6\/2020\/02\/P00220-125407.jpg\" alt=\"\" width=\"1024\" height=\"768\" srcset=\"https:\/\/cloud.alqueria.es\/wp-content\/uploads\/sites\/6\/2020\/02\/P00220-125407.jpg 1024w, https:\/\/cloud.alqueria.es\/wp-content\/uploads\/sites\/6\/2020\/02\/P00220-125407.jpg 300w, https:\/\/cloud.alqueria.es\/wp-content\/uploads\/sites\/6\/2020\/02\/P00220-125407.jpg 768w\" sizes=\"(max-width: 1024px) 100vw, 1024px\" \/><\/p>\n<h5>Clausura de la Semana Cultural 2020<\/h5>\n<p>Juego de relevos para llenar el reloj de arena, organizado por Elena y Alberto, que nos han mantenido en tensi\u00f3n, por la buena participaci\u00f3n de los equipos.<\/p>\n<p class=\"jetpack-slideshow-noscript robots-nocontent\">El pase de diapositivas requiere JavaScript.<\/p><div id=\"gallery-22098-3-slideshow\" class=\"jetpack-slideshow-window jetpack-slideshow jetpack-slideshow-black\" data-trans=\"fade\" data-autostart=\"1\" data-gallery=\"[{&quot;src&quot;:&quot;https:\\\/\\\/cloud.alqueria.es\\\/wp-content\\\/uploads\\\/sites\\\/6\\\/2020\\\/02\\\/DSC03346.jpg&quot;,&quot;id&quot;:&quot;22140&quot;,&quot;title&quot;:&quot;DSC03346&quot;,&quot;alt&quot;:&quot;&quot;,&quot;caption&quot;:&quot;&quot;,&quot;itemprop&quot;:&quot;image&quot;},{&quot;src&quot;:&quot;https:\\\/\\\/cloud.alqueria.es\\\/wp-content\\\/uploads\\\/sites\\\/6\\\/2020\\\/02\\\/DSC03352.jpg&quot;,&quot;id&quot;:&quot;22141&quot;,&quot;title&quot;:&quot;DSC03352&quot;,&quot;alt&quot;:&quot;&quot;,&quot;caption&quot;:&quot;&quot;,&quot;itemprop&quot;:&quot;image&quot;},{&quot;src&quot;:&quot;https:\\\/\\\/cloud.alqueria.es\\\/wp-content\\\/uploads\\\/sites\\\/6\\\/2020\\\/02\\\/DSC03354.jpg&quot;,&quot;id&quot;:&quot;22142&quot;,&quot;title&quot;:&quot;DSC03354&quot;,&quot;alt&quot;:&quot;&quot;,&quot;caption&quot;:&quot;&quot;,&quot;itemprop&quot;:&quot;image&quot;},{&quot;src&quot;:&quot;https:\\\/\\\/cloud.alqueria.es\\\/wp-content\\\/uploads\\\/sites\\\/6\\\/2020\\\/02\\\/DSC03355.jpg&quot;,&quot;id&quot;:&quot;22143&quot;,&quot;title&quot;:&quot;DSC03355&quot;,&quot;alt&quot;:&quot;&quot;,&quot;caption&quot;:&quot;&quot;,&quot;itemprop&quot;:&quot;image&quot;},{&quot;src&quot;:&quot;https:\\\/\\\/cloud.alqueria.es\\\/wp-content\\\/uploads\\\/sites\\\/6\\\/2020\\\/02\\\/DSC03358.jpg&quot;,&quot;id&quot;:&quot;22144&quot;,&quot;title&quot;:&quot;DSC03358&quot;,&quot;alt&quot;:&quot;&quot;,&quot;caption&quot;:&quot;&quot;,&quot;itemprop&quot;:&quot;image&quot;},{&quot;src&quot;:&quot;https:\\\/\\\/cloud.alqueria.es\\\/wp-content\\\/uploads\\\/sites\\\/6\\\/2020\\\/02\\\/DSC03359.jpg&quot;,&quot;id&quot;:&quot;22145&quot;,&quot;title&quot;:&quot;DSC03359&quot;,&quot;alt&quot;:&quot;&quot;,&quot;caption&quot;:&quot;&quot;,&quot;itemprop&quot;:&quot;image&quot;},{&quot;src&quot;:&quot;https:\\\/\\\/cloud.alqueria.es\\\/wp-content\\\/uploads\\\/sites\\\/6\\\/2020\\\/02\\\/DSC03360.jpg&quot;,&quot;id&quot;:&quot;22146&quot;,&quot;title&quot;:&quot;DSC03360&quot;,&quot;alt&quot;:&quot;&quot;,&quot;caption&quot;:&quot;&quot;,&quot;itemprop&quot;:&quot;image&quot;},{&quot;src&quot;:&quot;https:\\\/\\\/cloud.alqueria.es\\\/wp-content\\\/uploads\\\/sites\\\/6\\\/2020\\\/02\\\/DSC03363.jpg&quot;,&quot;id&quot;:&quot;22147&quot;,&quot;title&quot;:&quot;DSC03363&quot;,&quot;alt&quot;:&quot;&quot;,&quot;caption&quot;:&quot;&quot;,&quot;itemprop&quot;:&quot;image&quot;},{&quot;src&quot;:&quot;https:\\\/\\\/cloud.alqueria.es\\\/wp-content\\\/uploads\\\/sites\\\/6\\\/2020\\\/02\\\/DSC03365.jpg&quot;,&quot;id&quot;:&quot;22148&quot;,&quot;title&quot;:&quot;DSC03365&quot;,&quot;alt&quot;:&quot;&quot;,&quot;caption&quot;:&quot;&quot;,&quot;itemprop&quot;:&quot;image&quot;},{&quot;src&quot;:&quot;https:\\\/\\\/cloud.alqueria.es\\\/wp-content\\\/uploads\\\/sites\\\/6\\\/2020\\\/02\\\/DSC03366.jpg&quot;,&quot;id&quot;:&quot;22149&quot;,&quot;title&quot;:&quot;DSC03366&quot;,&quot;alt&quot;:&quot;&quot;,&quot;caption&quot;:&quot;&quot;,&quot;itemprop&quot;:&quot;image&quot;}]\" itemscope itemtype=\"https:\/\/schema.org\/ImageGallery\"><\/div>\n<p style=\"text-align: center\"><strong>\u00a1Viva la Semana Cultural!<\/strong><\/p>\n<h5>Abrimos el Carnaval<\/h5>\n<p><img decoding=\"async\" data-attachment-id=\"22150\" data-permalink=\"https:\/\/www.alqueria.es\/blogs\/alqueriaprimerciclo\/2020\/02\/20\/4o-jornada-semana-cultural-2020\/dsc03369\/\" data-orig-file=\"https:\/\/cloud.alqueria.es\/wp-content\/uploads\/sites\/6\/2020\/02\/DSC03369.jpg\" data-orig-size=\"640,480\" data-comments-opened=\"1\" data-image-meta=\"{&quot;aperture&quot;:&quot;2.8&quot;,&quot;credit&quot;:&quot;&quot;,&quot;camera&quot;:&quot;DSC-W510&quot;,&quot;caption&quot;:&quot;&quot;,&quot;created_timestamp&quot;:&quot;1582175104&quot;,&quot;copyright&quot;:&quot;Copyright 2009&quot;,&quot;focal_length&quot;:&quot;4.7&quot;,&quot;iso&quot;:&quot;80&quot;,&quot;shutter_speed&quot;:&quot;0.002&quot;,&quot;title&quot;:&quot;&quot;,&quot;orientation&quot;:&quot;1&quot;}\" data-image-title=\"DSC03369\" data-image-description=\"\" data-image-caption=\"\" data-large-file=\"https:\/\/cloud.alqueria.es\/wp-content\/uploads\/sites\/6\/2020\/02\/DSC03369.jpg\" class=\"alignnone size-full wp-image-22150\" src=\"https:\/\/cloud.alqueria.es\/wp-content\/uploads\/sites\/6\/2020\/02\/DSC03369.jpg\" alt=\"\" width=\"640\" height=\"480\" srcset=\"https:\/\/cloud.alqueria.es\/wp-content\/uploads\/sites\/6\/2020\/02\/DSC03369.jpg 640w, https:\/\/cloud.alqueria.es\/wp-content\/uploads\/sites\/6\/2020\/02\/DSC03369.jpg 300w\" sizes=\"(max-width: 640px) 100vw, 640px\" \/> <img decoding=\"async\" data-attachment-id=\"22151\" data-permalink=\"https:\/\/www.alqueria.es\/blogs\/alqueriaprimerciclo\/2020\/02\/20\/4o-jornada-semana-cultural-2020\/dsc03370-2\/\" data-orig-file=\"https:\/\/cloud.alqueria.es\/wp-content\/uploads\/sites\/6\/2020\/02\/DSC03370.jpg\" data-orig-size=\"640,480\" data-comments-opened=\"1\" data-image-meta=\"{&quot;aperture&quot;:&quot;2.8&quot;,&quot;credit&quot;:&quot;&quot;,&quot;camera&quot;:&quot;DSC-W510&quot;,&quot;caption&quot;:&quot;&quot;,&quot;created_timestamp&quot;:&quot;1582175157&quot;,&quot;copyright&quot;:&quot;Copyright 2009&quot;,&quot;focal_length&quot;:&quot;4.7&quot;,&quot;iso&quot;:&quot;80&quot;,&quot;shutter_speed&quot;:&quot;0.004&quot;,&quot;title&quot;:&quot;&quot;,&quot;orientation&quot;:&quot;1&quot;}\" data-image-title=\"DSC03370\" data-image-description=\"\" data-image-caption=\"\" data-large-file=\"https:\/\/cloud.alqueria.es\/wp-content\/uploads\/sites\/6\/2020\/02\/DSC03370.jpg\" class=\"alignnone size-full wp-image-22151\" src=\"https:\/\/cloud.alqueria.es\/wp-content\/uploads\/sites\/6\/2020\/02\/DSC03370.jpg\" alt=\"\" width=\"640\" height=\"480\" srcset=\"https:\/\/cloud.alqueria.es\/wp-content\/uploads\/sites\/6\/2020\/02\/DSC03370.jpg 640w, https:\/\/cloud.alqueria.es\/wp-content\/uploads\/sites\/6\/2020\/02\/DSC03370.jpg 300w\" sizes=\"(max-width: 640px) 100vw, 640px\" \/><\/p>\n<p>Ma\u00f1ana todos disfrazados.<\/p>\n<p>Un saludo<br \/>\nDar\u00eda y Rosi<\/p>\n<p>&nbsp;<\/p>\n","protected":false},"excerpt":{"rendered":"<p>Conferencia : Las especias Iniciamos la \u00faltima jornada de Semana Cultural con una conferencia especial, preparada por Mar\u00eda y Silvia, madres de Sergio, que se han involucrado en las investigaciones de este tema. Todo el primer ciclo de primaria asiste a esta conferencia. Mar\u00eda y Slivia ha adaptado el contenido\u00a0 a la comprensi\u00f3n del auditorio. &hellip; <a href=\"https:\/\/www.alqueria.es\/blogs\/alqueriaprimerciclo\/2020\/02\/20\/4o-jornada-semana-cultural-2020\/\" class=\"more-link\">Seguir leyendo <span class=\"screen-reader-text\">4\u00ba Jornada Semana Cultural 2020<\/span> <span class=\"meta-nav\">&rarr;<\/span><\/a><\/p>\n","protected":false},"author":12,"featured_media":0,"comment_status":"open","ping_status":"open","sticky":false,"template":"","format":"standard","meta":{"jetpack_post_was_ever_published":false,"_jetpack_newsletter_access":"","_jetpack_dont_email_post_to_subs":false,"_jetpack_newsletter_tier_id":0,"_jetpack_memberships_contains_paywalled_content":false,"_jetpack_memberships_contains_paid_content":false,"footnotes":"","jetpack_publicize_message":"","jetpack_publicize_feature_enabled":true,"jetpack_social_post_already_shared":true,"jetpack_social_options":{"image_generator_settings":{"template":"highway","default_image_id":0,"font":"","enabled":false},"version":2}},"categories":[2,3,6,7,8,9,140],"tags":[32,60,137],"class_list":["post-22098","post","type-post","status-publish","format-standard","hentry","category-1o-epo","category-2o-epo","category-conocimiento-del-medio-1o","category-conocimiento-del-medio-2o","category-diario-de-clase-1o","category-diario-de-clase-2o","category-semana-cultural2020","tag-alqueria","tag-primaria","tag-semana-cultural-2020"],"jetpack_publicize_connections":[],"jetpack_featured_media_url":"","jetpack_sharing_enabled":true,"jetpack_shortlink":"https:\/\/wp.me\/p4lvS0-5Kq","_links":{"self":[{"href":"https:\/\/www.alqueria.es\/blogs\/alqueriaprimerciclo\/wp-json\/wp\/v2\/posts\/22098","targetHints":{"allow":["GET"]}}],"collection":[{"href":"https:\/\/www.alqueria.es\/blogs\/alqueriaprimerciclo\/wp-json\/wp\/v2\/posts"}],"about":[{"href":"https:\/\/www.alqueria.es\/blogs\/alqueriaprimerciclo\/wp-json\/wp\/v2\/types\/post"}],"author":[{"embeddable":true,"href":"https:\/\/www.alqueria.es\/blogs\/alqueriaprimerciclo\/wp-json\/wp\/v2\/users\/12"}],"replies":[{"embeddable":true,"href":"https:\/\/www.alqueria.es\/blogs\/alqueriaprimerciclo\/wp-json\/wp\/v2\/comments?post=22098"}],"version-history":[{"count":10,"href":"https:\/\/www.alqueria.es\/blogs\/alqueriaprimerciclo\/wp-json\/wp\/v2\/posts\/22098\/revisions"}],"predecessor-version":[{"id":22152,"href":"https:\/\/www.alqueria.es\/blogs\/alqueriaprimerciclo\/wp-json\/wp\/v2\/posts\/22098\/revisions\/22152"}],"wp:attachment":[{"href":"https:\/\/www.alqueria.es\/blogs\/alqueriaprimerciclo\/wp-json\/wp\/v2\/media?parent=22098"}],"wp:term":[{"taxonomy":"category","embeddable":true,"href":"https:\/\/www.alqueria.es\/blogs\/alqueriaprimerciclo\/wp-json\/wp\/v2\/categories?post=22098"},{"taxonomy":"post_tag","embeddable":true,"href":"https:\/\/www.alqueria.es\/blogs\/alqueriaprimerciclo\/wp-json\/wp\/v2\/tags?post=22098"}],"curies":[{"name":"wp","href":"https:\/\/api.w.org\/{rel}","templated":true}]}}