{"id":22390,"date":"2020-03-17T13:41:43","date_gmt":"2020-03-17T12:41:43","guid":{"rendered":"http:\/\/www.alqueria.es\/blogs\/alqueriaprimerciclo\/?p=22390"},"modified":"2020-03-17T13:41:43","modified_gmt":"2020-03-17T12:41:43","slug":"seguimos-juntos-unidos-por-la-poesia","status":"publish","type":"post","link":"https:\/\/www.alqueria.es\/blogs\/alqueriaprimerciclo\/2020\/03\/17\/seguimos-juntos-unidos-por-la-poesia\/","title":{"rendered":"Seguimos juntos unidos por la poes\u00eda."},"content":{"rendered":"<p>Seguimos juntos aunque no nos veamos, gracias a este invento del blog.<\/p>\n<p>Os animo a que me cont\u00e9is c\u00f3mo es vuestra vida dentro de casa. Y , por mi parte , voy a procurar daros ideas para que os sea m\u00e1s\u00a0 \u00a0 \u00a0 \u00a0 \u00a0 \u00a0 \u00a0 \u00a0 \u00a0 \u00a0 \u00abamena\u00bb (mejor y divertida) durante estos d\u00edas.<\/p>\n<p><img decoding=\"async\" src=\"https:\/\/cdn.cienradios.com\/wp-content\/uploads\/sites\/14\/2016\/03\/poesia.jpg\" alt=\"Resultado de imagen de D\u00eda internacional de la poes\u00eda\" \/><\/p>\n<p style=\"text-align: center\"><strong>\u00a0 \u00a0 El\u00a0 pr\u00f3ximo s\u00e1bado es el d\u00eda Internacional de la Poes\u00eda.<\/strong><\/p>\n<p>Os invito a que me envi\u00e9is una que os guste,o mejor todav\u00eda, que escrib\u00e1is una para mi. Estar\u00e9 encanta con recibirla, leerla y seguir comprobando lo mucho que os gustan los retos.<\/p>\n<p style=\"text-align: center\">Hoy os ofrezco una que ha escrito Ana Alonso<img decoding=\"async\" class=\"aligncenter\" src=\"https:\/\/www.cartagena.es\/gestion\/images\/0\/127724.jpg\" alt=\"Resultado de imagen de ana alonso escritora\" width=\"243\" height=\"205\" \/><\/p>\n<p style=\"text-align: center\">en \u00bb <em>Palabras para viajar\u00bb con ilustraciones de \u00c1ngeles Agrela\u00a0<\/em><\/p>\n<p><img decoding=\"async\" class=\"aligncenter\" src=\"https:\/\/images-na.ssl-images-amazon.com\/images\/I\/51983RVYGxL._SX356_BO1,204,203,200_.jpg\" alt=\"Resultado de imagen de Palabras para viajar Ana Alonso\" width=\"257\" height=\"358\" \/><\/p>\n<p style=\"text-align: center\"><em>ESTRELLAS<\/em><\/p>\n<p>\u00ab<em> No tengas miedo nunca de la noche.<\/em><\/p>\n<p><em>Yo te dir\u00e9 por qu\u00e9:<\/em><\/p>\n<p><em>Las noches<\/em><\/p>\n<p><em>Por dentro son de oro.<\/em><\/p>\n<p>&nbsp;<\/p>\n<p><em>Y las estrellas de la noche son<\/em><\/p>\n<p><em>palabras silenciosas,<\/em><\/p>\n<p><em>son palabras que brillan en lo oscuro.<\/em><\/p>\n<p>&nbsp;<\/p>\n<p><em>Cuando te asalte el miedo por la noche,<\/em><\/p>\n<p><em>piensa en esas palabras<\/em><\/p>\n<p><em>de plata y de cristal.<\/em><\/p>\n<p>&nbsp;<\/p>\n<p><em>Resplandecen<\/em><\/p>\n<p><em>como millares<\/em><\/p>\n<p><em>de sonrisas.<\/em><\/p>\n<p>&nbsp;<\/p>\n<p><em>Y hay tantas<\/em><\/p>\n<p><em>Que seguro que algunas est\u00e1n<\/em><\/p>\n<p><em>cantando tu canci\u00f3n\u00bb.<\/em><\/p>\n<p>Espero que os haya gustado. Pod\u00e9is aprenderla y recit\u00e1rosla antes de dormir.<\/p>\n<p>Seguimos en contacto desde casa.<\/p>\n<p>Un abrazo para vosotros y otro al resto de la tribu.<\/p>\n<p>Rosi<\/p>\n<p>&nbsp;<\/p>\n","protected":false},"excerpt":{"rendered":"<p>Seguimos juntos aunque no nos veamos, gracias a este invento del blog. Os animo a que me cont\u00e9is c\u00f3mo es vuestra vida dentro de casa. Y , por mi parte , voy a procurar daros ideas para que os sea m\u00e1s\u00a0 \u00a0 \u00a0 \u00a0 \u00a0 \u00a0 \u00a0 \u00a0 \u00a0 \u00a0 \u00abamena\u00bb (mejor y divertida) durante &hellip; <a href=\"https:\/\/www.alqueria.es\/blogs\/alqueriaprimerciclo\/2020\/03\/17\/seguimos-juntos-unidos-por-la-poesia\/\" class=\"more-link\">Seguir leyendo <span class=\"screen-reader-text\">Seguimos juntos unidos por la poes\u00eda.<\/span> <span class=\"meta-nav\">&rarr;<\/span><\/a><\/p>\n","protected":false},"author":12,"featured_media":0,"comment_status":"open","ping_status":"open","sticky":false,"template":"","format":"standard","meta":{"jetpack_post_was_ever_published":false,"_jetpack_newsletter_access":"","_jetpack_dont_email_post_to_subs":false,"_jetpack_newsletter_tier_id":0,"_jetpack_memberships_contains_paywalled_content":false,"_jetpack_memberships_contains_paid_content":false,"footnotes":"","jetpack_publicize_message":"","jetpack_publicize_feature_enabled":true,"jetpack_social_post_already_shared":true,"jetpack_social_options":{"image_generator_settings":{"template":"highway","default_image_id":0,"font":"","enabled":false},"version":2}},"categories":[3,144],"tags":[32,147,60],"class_list":["post-22390","post","type-post","status-publish","format-standard","hentry","category-2o-epo","category-el-cole-en-casa","tag-alqueria","tag-aprendemos-de-otra-manera","tag-primaria"],"jetpack_publicize_connections":[],"jetpack_featured_media_url":"","jetpack_sharing_enabled":true,"jetpack_shortlink":"https:\/\/wp.me\/p4lvS0-5P8","_links":{"self":[{"href":"https:\/\/www.alqueria.es\/blogs\/alqueriaprimerciclo\/wp-json\/wp\/v2\/posts\/22390","targetHints":{"allow":["GET"]}}],"collection":[{"href":"https:\/\/www.alqueria.es\/blogs\/alqueriaprimerciclo\/wp-json\/wp\/v2\/posts"}],"about":[{"href":"https:\/\/www.alqueria.es\/blogs\/alqueriaprimerciclo\/wp-json\/wp\/v2\/types\/post"}],"author":[{"embeddable":true,"href":"https:\/\/www.alqueria.es\/blogs\/alqueriaprimerciclo\/wp-json\/wp\/v2\/users\/12"}],"replies":[{"embeddable":true,"href":"https:\/\/www.alqueria.es\/blogs\/alqueriaprimerciclo\/wp-json\/wp\/v2\/comments?post=22390"}],"version-history":[{"count":2,"href":"https:\/\/www.alqueria.es\/blogs\/alqueriaprimerciclo\/wp-json\/wp\/v2\/posts\/22390\/revisions"}],"predecessor-version":[{"id":22392,"href":"https:\/\/www.alqueria.es\/blogs\/alqueriaprimerciclo\/wp-json\/wp\/v2\/posts\/22390\/revisions\/22392"}],"wp:attachment":[{"href":"https:\/\/www.alqueria.es\/blogs\/alqueriaprimerciclo\/wp-json\/wp\/v2\/media?parent=22390"}],"wp:term":[{"taxonomy":"category","embeddable":true,"href":"https:\/\/www.alqueria.es\/blogs\/alqueriaprimerciclo\/wp-json\/wp\/v2\/categories?post=22390"},{"taxonomy":"post_tag","embeddable":true,"href":"https:\/\/www.alqueria.es\/blogs\/alqueriaprimerciclo\/wp-json\/wp\/v2\/tags?post=22390"}],"curies":[{"name":"wp","href":"https:\/\/api.w.org\/{rel}","templated":true}]}}